{"id":9940,"date":"2025-02-17T15:41:51","date_gmt":"2025-02-17T14:41:51","guid":{"rendered":"https:\/\/voyage-aventure.com\/blog\/a-la-une\/decouvrez-minorque-la-perle-des-baleares-a-prix-doux-pour-vos-vacances\/"},"modified":"2025-02-17T15:41:29","modified_gmt":"2025-02-17T14:41:29","slug":"decouvrez-minorque-la-perle-des-baleares-a-prix-doux-pour-vos-vacances","status":"publish","type":"post","link":"https:\/\/voyage-aventure.com\/blog\/a-la-une\/decouvrez-minorque-la-perle-des-baleares-a-prix-doux-pour-vos-vacances\/","title":{"rendered":"D\u00e9couvrez Minorque : la perle des Bal\u00e9ares \u00e0 prix doux pour vos vacances"},"content":{"rendered":"<h2>\u00c9vasion \u00e0 petit prix vers Minorque<\/h2>\n<p>Minorque, l&rsquo;une des plus belles \u00eeles des Bal\u00e9ares, est une destination de r\u00eave pour tous ceux qui cherchent \u00e0 s&rsquo;\u00e9vader sans se ruiner. Avec des offres \u00e0 partir de 192 euros par personne, il est d\u00e9sormais possible de profiter d&rsquo;un s\u00e9jour de six jours dans un cadre idyllique. Ce prix inclut des vols aller-retour, ce qui rend cette escapade encore plus attrayante.<\/p>\n<p>Les paysages de Minorque sont \u00e0 couper le souffle, avec des criques aux eaux turquoise et des plages de sable fin. Les visiteurs peuvent s&rsquo;attendre \u00e0 d\u00e9couvrir des villages pittoresques et une ambiance m\u00e9diterran\u00e9enne authentique. La combinaison de la beaut\u00e9 naturelle et de l\u2019accessibilit\u00e9 financi\u00e8re fait de Minorque une destination \u00e0 ne pas manquer.<\/p>\n<h2>Un h\u00e9bergement de qualit\u00e9<\/h2>\n<p>Pour rendre votre s\u00e9jour encore plus agr\u00e9able, optez pour le Bimbolla Apartaments, un appart&rsquo;h\u00f4tel tr\u00e8s bien not\u00e9. Situ\u00e9 \u00e0 Punta Prima, cet \u00e9tablissement offre un acc\u00e8s facile \u00e0 la plage et dispose d&rsquo;une piscine ext\u00e9rieure pour profiter du soleil. Les chambres sont modernes et \u00e9quip\u00e9es de tout le n\u00e9cessaire pour un s\u00e9jour confortable.<\/p>\n<p>Les visiteurs appr\u00e9cient particuli\u00e8rement la propret\u00e9 des lieux ainsi que la qualit\u00e9 du service. Les avis sur les plateformes comme TripAdvisor soulignent la convivialit\u00e9 du personnel, un atout non n\u00e9gligeable pour passer des vacances inoubliables. Vous serez s\u00e9duit par le cadre charmant et la proximit\u00e9 de la mer, parfait pour se d\u00e9tendre apr\u00e8s une journ\u00e9e d&rsquo;exploration.<\/p>\n<p><iframe loading=\"lazy\" title=\"20 Hidden Mediterranean Islands You NEED to Visit in 2025 \ud83c\udfd6\ufe0f\" width=\"1200\" height=\"675\" src=\"https:\/\/www.youtube.com\/embed\/H59DSKs9q-4?feature=oembed\" frameborder=\"0\" allow=\"accelerometer; autoplay; clipboard-write; encrypted-media; gyroscope; picture-in-picture; web-share\" referrerpolicy=\"strict-origin-when-cross-origin\" allowfullscreen><\/iframe><\/p>\n<h2>Activit\u00e9s et d\u00e9couvertes<\/h2>\n<p>Minorque n&rsquo;est pas seulement une belle \u00eele, c&rsquo;est aussi un lieu riche en activit\u00e9s. Que vous soyez amateur de randonn\u00e9e, de sports nautiques ou de gastronomie locale, il y en a pour tous les go\u00fbts. Explorez les sentiers c\u00f4tiers qui offrent des panoramas spectaculaires sur la mer M\u00e9diterran\u00e9e ou partez \u00e0 la d\u00e9couverte des march\u00e9s artisanaux.<\/p>\n<p>Ne manquez pas de go\u00fbter \u00e0 la cuisine locale, qui met \u00e0 l&rsquo;honneur des produits frais et de saison. Les restaurants de l&rsquo;\u00eele proposent des plats savoureux, tels que la caldereta de langosta, une sp\u00e9cialit\u00e9 \u00e0 base de homard. Une exp\u00e9rience culinaire qui ravira vos papilles et enrichira votre s\u00e9jour.<\/p>\n<blockquote><p>\n\u00ab\u00a0La beaut\u00e9 de Minorque r\u00e9side dans ses paysages pr\u00e9serv\u00e9s et son ambiance tranquille.\u00a0\u00bb &#8211; Un voyageur passionn\u00e9\n<\/p><\/blockquote>\n<h2>Points forts de votre s\u00e9jour<\/h2>\n<p>Voici quelques points forts qui rendent votre s\u00e9jour \u00e0 Minorque exceptionnel :<\/p>\n<ul>\n<li>H\u00f4tel bien not\u00e9 par les voyageurs<\/li>\n<li>Piscine ext\u00e9rieure pour se rafra\u00eechir<\/li>\n<li>Proximit\u00e9 de la plage pour des journ\u00e9es de d\u00e9tente<\/li>\n<li>Wifi gratuit pour rester connect\u00e9<\/li>\n<li>Possibilit\u00e9 de location de v\u00e9los pour explorer l&rsquo;\u00eele<\/li>\n<\/ul>\n<p>Des offres flexibles s&rsquo;offrent \u00e9galement \u00e0 vous, vous permettant de partir de diff\u00e9rentes villes comme Paris ou Marseille. Les dates sont adaptables selon vos envies, garantissant ainsi un s\u00e9jour sur mesure. L\u2019\u00eele de Minorque est accessible \u00e0 tous, que ce soit pour un voyage en couple, en famille ou entre amis.<\/p>\n<h2>Informations pratiques pour votre voyage<\/h2>\n<p>Pour ceux qui envisagent de partir, voici quelques d\u00e9tails pratiques. Le Bimbolla Apartaments est situ\u00e9 \u00e0 quelques minutes de la plage et offre une note de 4\/5 sur TripAdvisor. Il est \u00e9quip\u00e9 d&rsquo;une vari\u00e9t\u00e9 de commodit\u00e9s pour assurer votre confort pendant votre s\u00e9jour.<\/p>\n<p>Les d\u00e9parts peuvent se faire depuis plusieurs villes, notamment Paris et Marseille, avec des options de dates vari\u00e9es. Pensez \u00e0 v\u00e9rifier la disponibilit\u00e9 et \u00e0 r\u00e9server \u00e0 l&rsquo;avance, car ces offres sont souvent limit\u00e9es et tr\u00e8s recherch\u00e9es. Minorque vous attend avec ses paysages envo\u00fbtants et son atmosph\u00e8re chaleureuse.<\/p>\n<p>En r\u00e9sum\u00e9, Minorque repr\u00e9sente une opportunit\u00e9 unique de vivre des vacances inoubliables sans exploser votre budget. R\u00e9servez d\u00e8s maintenant et laissez-vous s\u00e9duire par cette perle des Bal\u00e9ares.<br \/>\n<img decoding=\"async\" width=\"1024\" height=\"576\" src=\"https:\/\/voyage-aventure.com\/blog\/wp-content\/uploads\/2025\/02\/stability-decouvrez-minorque-la-perle-des-baleares-a-prix-doux-pour-vos-vacances-1.png\" class=\"aligncenter\" alt=\"Illustration d\u00e9taill\u00e9e sur D\u00e9couvrez Minorque : la perle des Bal\u00e9ares \u00e0 prix doux pour vos vacances\" title=\"D\u00e9couvrez Minorque : la perle des Bal\u00e9ares \u00e0 prix doux pour vos vacances\" loading=\"lazy\" \/><\/p>\n","protected":false},"excerpt":{"rendered":"","protected":false},"author":34,"featured_media":9941,"comment_status":"open","ping_status":"open","sticky":false,"template":"","format":"standard","meta":{"_acf_changed":false,"manual_indexmenow":false,"indexmenow_id_project":0,"footnotes":""},"categories":[1],"tags":[4538,4530,4535,4528,4526],"class_list":["post-9940","post","type-post","status-publish","format-standard","has-post-thumbnail","hentry","category-a-la-une","tag-activites-variees","tag-escapade-en-europe","tag-gastronomie-locale","tag-hebergement-abordable","tag-voyage-economique","generate-columns","tablet-grid-50","mobile-grid-100","grid-parent","grid-25"],"acf":[],"yoast_head":"<!-- This site is optimized with the Yoast SEO Premium plugin v21.3 (Yoast SEO v25.1) - https:\/\/yoast.com\/wordpress\/plugins\/seo\/ -->\n<title>D\u00e9couvrez Minorque : la perle des Bal\u00e9ares \u00e0 prix doux pour<\/title>\n<meta name=\"description\" content=\"Minorque, l&#039;une des plus belles \u00eeles des Bal\u00e9ares, est une destination de r\u00eave pour tous ceux qui cherchent \u00e0 s&#039;\u00e9vader sans se ruiner. Avec des offres \u00e0\" \/>\n<meta name=\"robots\" content=\"index, follow, max-snippet:-1, max-image-preview:large, max-video-preview:-1\" \/>\n<link rel=\"canonical\" href=\"https:\/\/voyage-aventure.com\/blog\/a-la-une\/decouvrez-minorque-la-perle-des-baleares-a-prix-doux-pour-vos-vacances\/\" \/>\n<meta property=\"og:locale\" content=\"fr_FR\" \/>\n<meta property=\"og:type\" content=\"article\" \/>\n<meta property=\"og:title\" content=\"D\u00e9couvrez Minorque : la perle des Bal\u00e9ares \u00e0 prix doux pour\" \/>\n<meta property=\"og:description\" content=\"Minorque, l&#039;une des plus belles \u00eeles des Bal\u00e9ares, est une destination de r\u00eave pour tous ceux qui cherchent \u00e0 s&#039;\u00e9vader sans se ruiner. Avec des offres \u00e0\" \/>\n<meta property=\"og:url\" content=\"https:\/\/voyage-aventure.com\/blog\/a-la-une\/decouvrez-minorque-la-perle-des-baleares-a-prix-doux-pour-vos-vacances\/\" \/>\n<meta property=\"og:site_name\" content=\"voyage-aventure\" \/>\n<meta property=\"og:image\" content=\"https:\/\/voyage-aventure.com\/blog\/wp-content\/uploads\/2025\/02\/stability-decouvrez-minorque-la-perle-des-baleares-a-prix-doux-pour-vos-vacances.png\" \/>\n\t<meta property=\"og:image:width\" content=\"1024\" \/>\n\t<meta property=\"og:image:height\" content=\"576\" \/>\n\t<meta property=\"og:image:type\" content=\"image\/png\" \/>\n<meta name=\"author\" content=\"Camille Rouvray\" \/>\n<meta name=\"twitter:card\" content=\"summary_large_image\" \/>\n<script type=\"application\/ld+json\" class=\"yoast-schema-graph\">{\"@context\":\"https:\/\/schema.org\",\"@graph\":[{\"@type\":\"NewsArticle\",\"@id\":\"https:\/\/voyage-aventure.com\/blog\/a-la-une\/decouvrez-minorque-la-perle-des-baleares-a-prix-doux-pour-vos-vacances\/#article\",\"isPartOf\":{\"@id\":\"https:\/\/voyage-aventure.com\/blog\/a-la-une\/decouvrez-minorque-la-perle-des-baleares-a-prix-doux-pour-vos-vacances\/\"},\"author\":{\"name\":\"Camille Rouvray\",\"@id\":\"https:\/\/voyage-aventure.com\/blog\/#\/schema\/person\/3c864cdc320801e3db34b663e7e3f816\"},\"headline\":\"D\u00e9couvrez Minorque : la perle des Bal\u00e9ares \u00e0 prix doux pour vos vacances\",\"datePublished\":\"2025-02-17T14:41:51+00:00\",\"mainEntityOfPage\":{\"@id\":\"https:\/\/voyage-aventure.com\/blog\/a-la-une\/decouvrez-minorque-la-perle-des-baleares-a-prix-doux-pour-vos-vacances\/\"},\"wordCount\":670,\"commentCount\":23,\"publisher\":{\"@id\":\"https:\/\/voyage-aventure.com\/blog\/#organization\"},\"image\":{\"@id\":\"https:\/\/voyage-aventure.com\/blog\/a-la-une\/decouvrez-minorque-la-perle-des-baleares-a-prix-doux-pour-vos-vacances\/#primaryimage\"},\"thumbnailUrl\":\"https:\/\/voyage-aventure.com\/blog\/wp-content\/uploads\/2025\/02\/stability-decouvrez-minorque-la-perle-des-baleares-a-prix-doux-pour-vos-vacances.png\",\"keywords\":[\"Activit\u00e9s Vari\u00e9es\",\"Escapade en Europe\",\"Gastronomie Locale\",\"H\u00e9bergement Abordable\",\"Voyage \u00c9conomique\"],\"articleSection\":[\"\u00c0 la une\"],\"inLanguage\":\"fr-FR\",\"potentialAction\":[{\"@type\":\"CommentAction\",\"name\":\"Comment\",\"target\":[\"https:\/\/voyage-aventure.com\/blog\/a-la-une\/decouvrez-minorque-la-perle-des-baleares-a-prix-doux-pour-vos-vacances\/#respond\"]}]},{\"@type\":\"WebPage\",\"@id\":\"https:\/\/voyage-aventure.com\/blog\/a-la-une\/decouvrez-minorque-la-perle-des-baleares-a-prix-doux-pour-vos-vacances\/\",\"url\":\"https:\/\/voyage-aventure.com\/blog\/a-la-une\/decouvrez-minorque-la-perle-des-baleares-a-prix-doux-pour-vos-vacances\/\",\"name\":\"D\u00e9couvrez Minorque : la perle des Bal\u00e9ares \u00e0 prix doux pour\",\"isPartOf\":{\"@id\":\"https:\/\/voyage-aventure.com\/blog\/#website\"},\"primaryImageOfPage\":{\"@id\":\"https:\/\/voyage-aventure.com\/blog\/a-la-une\/decouvrez-minorque-la-perle-des-baleares-a-prix-doux-pour-vos-vacances\/#primaryimage\"},\"image\":{\"@id\":\"https:\/\/voyage-aventure.com\/blog\/a-la-une\/decouvrez-minorque-la-perle-des-baleares-a-prix-doux-pour-vos-vacances\/#primaryimage\"},\"thumbnailUrl\":\"https:\/\/voyage-aventure.com\/blog\/wp-content\/uploads\/2025\/02\/stability-decouvrez-minorque-la-perle-des-baleares-a-prix-doux-pour-vos-vacances.png\",\"datePublished\":\"2025-02-17T14:41:51+00:00\",\"description\":\"Minorque, l'une des plus belles \u00eeles des Bal\u00e9ares, est une destination de r\u00eave pour tous ceux qui cherchent \u00e0 s'\u00e9vader sans se ruiner. Avec des offres \u00e0\",\"inLanguage\":\"fr-FR\",\"potentialAction\":[{\"@type\":\"ReadAction\",\"target\":[\"https:\/\/voyage-aventure.com\/blog\/a-la-une\/decouvrez-minorque-la-perle-des-baleares-a-prix-doux-pour-vos-vacances\/\"]}]},{\"@type\":\"ImageObject\",\"inLanguage\":\"fr-FR\",\"@id\":\"https:\/\/voyage-aventure.com\/blog\/a-la-une\/decouvrez-minorque-la-perle-des-baleares-a-prix-doux-pour-vos-vacances\/#primaryimage\",\"url\":\"https:\/\/voyage-aventure.com\/blog\/wp-content\/uploads\/2025\/02\/stability-decouvrez-minorque-la-perle-des-baleares-a-prix-doux-pour-vos-vacances.png\",\"contentUrl\":\"https:\/\/voyage-aventure.com\/blog\/wp-content\/uploads\/2025\/02\/stability-decouvrez-minorque-la-perle-des-baleares-a-prix-doux-pour-vos-vacances.png\",\"width\":1024,\"height\":576},{\"@type\":\"WebSite\",\"@id\":\"https:\/\/voyage-aventure.com\/blog\/#website\",\"url\":\"https:\/\/voyage-aventure.com\/blog\/\",\"name\":\"voyage-aventure.com\",\"description\":\"Votre passeport pour l\u2019inattendu.\",\"publisher\":{\"@id\":\"https:\/\/voyage-aventure.com\/blog\/#organization\"},\"alternateName\":\"Votre passeport pour l\u2019inattendu.\",\"potentialAction\":[{\"@type\":\"SearchAction\",\"target\":{\"@type\":\"EntryPoint\",\"urlTemplate\":\"https:\/\/voyage-aventure.com\/blog\/?s={search_term_string}\"},\"query-input\":{\"@type\":\"PropertyValueSpecification\",\"valueRequired\":true,\"valueName\":\"search_term_string\"}}],\"inLanguage\":\"fr-FR\"},{\"@type\":\"Organization\",\"@id\":\"https:\/\/voyage-aventure.com\/blog\/#organization\",\"name\":\"Foretsensations.fr\",\"url\":\"https:\/\/voyage-aventure.com\/blog\/\",\"logo\":{\"@type\":\"ImageObject\",\"inLanguage\":\"fr-FR\",\"@id\":\"https:\/\/voyage-aventure.com\/blog\/#\/schema\/logo\/image\/\",\"url\":\"https:\/\/voyage-aventure.com\/blog\/wp-content\/uploads\/2024\/12\/19.png\",\"contentUrl\":\"https:\/\/voyage-aventure.com\/blog\/wp-content\/uploads\/2024\/12\/19.png\",\"width\":512,\"height\":512,\"caption\":\"Foretsensations.fr\"},\"image\":{\"@id\":\"https:\/\/voyage-aventure.com\/blog\/#\/schema\/logo\/image\/\"}},{\"@type\":\"Person\",\"@id\":\"https:\/\/voyage-aventure.com\/blog\/#\/schema\/person\/3c864cdc320801e3db34b663e7e3f816\",\"name\":\"Camille Rouvray\",\"image\":{\"@type\":\"ImageObject\",\"inLanguage\":\"fr-FR\",\"@id\":\"https:\/\/voyage-aventure.com\/blog\/#\/schema\/person\/image\/\",\"url\":\"https:\/\/voyage-aventure.com\/blog\/wp-content\/uploads\/2026\/06\/persona_camille-r-96x96.jpg\",\"contentUrl\":\"https:\/\/voyage-aventure.com\/blog\/wp-content\/uploads\/2026\/06\/persona_camille-r-96x96.jpg\",\"caption\":\"Camille Rouvray\"},\"description\":\"Je voyage et j'\u00e9cris sur le voyage depuis une douzaine d'ann\u00e9es, d'abord en tant que routarde au long cours, puis comme r\u00e9dactrice sp\u00e9cialis\u00e9e. Mon terrain de pr\u00e9dilection, ce sont les circuits organis\u00e9s et l'art de bien pr\u00e9parer un itin\u00e9raire : choix de la saison, dur\u00e9e r\u00e9aliste des \u00e9tapes, budget jour par jour, logement et transport sur place. J'aime aussi raconter les p\u00e9pites urbaines, ces adresses qu'on ne trouve pas dans les guides classiques. Avant de publier un dossier destination, je croise toujours plusieurs sources, je v\u00e9rifie les tarifs et les formalit\u00e9s d'entr\u00e9e \u00e0 jour, et je teste moi-m\u00eame quand je le peux. Mon angle reste pratique avant tout : aider le lecteur \u00e0 partir l'esprit tranquille, sans mauvaise surprise une fois sur place. Je m'attache \u00e0 distinguer le coup de c\u0153ur sinc\u00e8re du simple argument marketing.\",\"sameAs\":[\"https:\/\/camillerouvray.fr\/\"],\"url\":\"https:\/\/voyage-aventure.com\/blog\/auteur\/noname\/\"}]}<\/script>\n<!-- \/ Yoast SEO Premium plugin. -->","yoast_head_json":{"title":"D\u00e9couvrez Minorque : la perle des Bal\u00e9ares \u00e0 prix doux pour","description":"Minorque, l'une des plus belles \u00eeles des Bal\u00e9ares, est une destination de r\u00eave pour tous ceux qui cherchent \u00e0 s'\u00e9vader sans se ruiner. Avec des offres \u00e0","robots":{"index":"index","follow":"follow","max-snippet":"max-snippet:-1","max-image-preview":"max-image-preview:large","max-video-preview":"max-video-preview:-1"},"canonical":"https:\/\/voyage-aventure.com\/blog\/a-la-une\/decouvrez-minorque-la-perle-des-baleares-a-prix-doux-pour-vos-vacances\/","og_locale":"fr_FR","og_type":"article","og_title":"D\u00e9couvrez Minorque : la perle des Bal\u00e9ares \u00e0 prix doux pour","og_description":"Minorque, l'une des plus belles \u00eeles des Bal\u00e9ares, est une destination de r\u00eave pour tous ceux qui cherchent \u00e0 s'\u00e9vader sans se ruiner. Avec des offres \u00e0","og_url":"https:\/\/voyage-aventure.com\/blog\/a-la-une\/decouvrez-minorque-la-perle-des-baleares-a-prix-doux-pour-vos-vacances\/","og_site_name":"voyage-aventure","og_image":[{"width":1024,"height":576,"url":"https:\/\/voyage-aventure.com\/blog\/wp-content\/uploads\/2025\/02\/stability-decouvrez-minorque-la-perle-des-baleares-a-prix-doux-pour-vos-vacances.png","type":"image\/png"}],"author":"Camille Rouvray","twitter_card":"summary_large_image","schema":{"@context":"https:\/\/schema.org","@graph":[{"@type":"NewsArticle","@id":"https:\/\/voyage-aventure.com\/blog\/a-la-une\/decouvrez-minorque-la-perle-des-baleares-a-prix-doux-pour-vos-vacances\/#article","isPartOf":{"@id":"https:\/\/voyage-aventure.com\/blog\/a-la-une\/decouvrez-minorque-la-perle-des-baleares-a-prix-doux-pour-vos-vacances\/"},"author":{"name":"Camille Rouvray","@id":"https:\/\/voyage-aventure.com\/blog\/#\/schema\/person\/3c864cdc320801e3db34b663e7e3f816"},"headline":"D\u00e9couvrez Minorque : la perle des Bal\u00e9ares \u00e0 prix doux pour vos vacances","datePublished":"2025-02-17T14:41:51+00:00","mainEntityOfPage":{"@id":"https:\/\/voyage-aventure.com\/blog\/a-la-une\/decouvrez-minorque-la-perle-des-baleares-a-prix-doux-pour-vos-vacances\/"},"wordCount":670,"commentCount":23,"publisher":{"@id":"https:\/\/voyage-aventure.com\/blog\/#organization"},"image":{"@id":"https:\/\/voyage-aventure.com\/blog\/a-la-une\/decouvrez-minorque-la-perle-des-baleares-a-prix-doux-pour-vos-vacances\/#primaryimage"},"thumbnailUrl":"https:\/\/voyage-aventure.com\/blog\/wp-content\/uploads\/2025\/02\/stability-decouvrez-minorque-la-perle-des-baleares-a-prix-doux-pour-vos-vacances.png","keywords":["Activit\u00e9s Vari\u00e9es","Escapade en Europe","Gastronomie Locale","H\u00e9bergement Abordable","Voyage \u00c9conomique"],"articleSection":["\u00c0 la une"],"inLanguage":"fr-FR","potentialAction":[{"@type":"CommentAction","name":"Comment","target":["https:\/\/voyage-aventure.com\/blog\/a-la-une\/decouvrez-minorque-la-perle-des-baleares-a-prix-doux-pour-vos-vacances\/#respond"]}]},{"@type":"WebPage","@id":"https:\/\/voyage-aventure.com\/blog\/a-la-une\/decouvrez-minorque-la-perle-des-baleares-a-prix-doux-pour-vos-vacances\/","url":"https:\/\/voyage-aventure.com\/blog\/a-la-une\/decouvrez-minorque-la-perle-des-baleares-a-prix-doux-pour-vos-vacances\/","name":"D\u00e9couvrez Minorque : la perle des Bal\u00e9ares \u00e0 prix doux pour","isPartOf":{"@id":"https:\/\/voyage-aventure.com\/blog\/#website"},"primaryImageOfPage":{"@id":"https:\/\/voyage-aventure.com\/blog\/a-la-une\/decouvrez-minorque-la-perle-des-baleares-a-prix-doux-pour-vos-vacances\/#primaryimage"},"image":{"@id":"https:\/\/voyage-aventure.com\/blog\/a-la-une\/decouvrez-minorque-la-perle-des-baleares-a-prix-doux-pour-vos-vacances\/#primaryimage"},"thumbnailUrl":"https:\/\/voyage-aventure.com\/blog\/wp-content\/uploads\/2025\/02\/stability-decouvrez-minorque-la-perle-des-baleares-a-prix-doux-pour-vos-vacances.png","datePublished":"2025-02-17T14:41:51+00:00","description":"Minorque, l'une des plus belles \u00eeles des Bal\u00e9ares, est une destination de r\u00eave pour tous ceux qui cherchent \u00e0 s'\u00e9vader sans se ruiner. Avec des offres \u00e0","inLanguage":"fr-FR","potentialAction":[{"@type":"ReadAction","target":["https:\/\/voyage-aventure.com\/blog\/a-la-une\/decouvrez-minorque-la-perle-des-baleares-a-prix-doux-pour-vos-vacances\/"]}]},{"@type":"ImageObject","inLanguage":"fr-FR","@id":"https:\/\/voyage-aventure.com\/blog\/a-la-une\/decouvrez-minorque-la-perle-des-baleares-a-prix-doux-pour-vos-vacances\/#primaryimage","url":"https:\/\/voyage-aventure.com\/blog\/wp-content\/uploads\/2025\/02\/stability-decouvrez-minorque-la-perle-des-baleares-a-prix-doux-pour-vos-vacances.png","contentUrl":"https:\/\/voyage-aventure.com\/blog\/wp-content\/uploads\/2025\/02\/stability-decouvrez-minorque-la-perle-des-baleares-a-prix-doux-pour-vos-vacances.png","width":1024,"height":576},{"@type":"WebSite","@id":"https:\/\/voyage-aventure.com\/blog\/#website","url":"https:\/\/voyage-aventure.com\/blog\/","name":"voyage-aventure.com","description":"Votre passeport pour l\u2019inattendu.","publisher":{"@id":"https:\/\/voyage-aventure.com\/blog\/#organization"},"alternateName":"Votre passeport pour l\u2019inattendu.","potentialAction":[{"@type":"SearchAction","target":{"@type":"EntryPoint","urlTemplate":"https:\/\/voyage-aventure.com\/blog\/?s={search_term_string}"},"query-input":{"@type":"PropertyValueSpecification","valueRequired":true,"valueName":"search_term_string"}}],"inLanguage":"fr-FR"},{"@type":"Organization","@id":"https:\/\/voyage-aventure.com\/blog\/#organization","name":"Foretsensations.fr","url":"https:\/\/voyage-aventure.com\/blog\/","logo":{"@type":"ImageObject","inLanguage":"fr-FR","@id":"https:\/\/voyage-aventure.com\/blog\/#\/schema\/logo\/image\/","url":"https:\/\/voyage-aventure.com\/blog\/wp-content\/uploads\/2024\/12\/19.png","contentUrl":"https:\/\/voyage-aventure.com\/blog\/wp-content\/uploads\/2024\/12\/19.png","width":512,"height":512,"caption":"Foretsensations.fr"},"image":{"@id":"https:\/\/voyage-aventure.com\/blog\/#\/schema\/logo\/image\/"}},{"@type":"Person","@id":"https:\/\/voyage-aventure.com\/blog\/#\/schema\/person\/3c864cdc320801e3db34b663e7e3f816","name":"Camille Rouvray","image":{"@type":"ImageObject","inLanguage":"fr-FR","@id":"https:\/\/voyage-aventure.com\/blog\/#\/schema\/person\/image\/","url":"https:\/\/voyage-aventure.com\/blog\/wp-content\/uploads\/2026\/06\/persona_camille-r-96x96.jpg","contentUrl":"https:\/\/voyage-aventure.com\/blog\/wp-content\/uploads\/2026\/06\/persona_camille-r-96x96.jpg","caption":"Camille Rouvray"},"description":"Je voyage et j'\u00e9cris sur le voyage depuis une douzaine d'ann\u00e9es, d'abord en tant que routarde au long cours, puis comme r\u00e9dactrice sp\u00e9cialis\u00e9e. Mon terrain de pr\u00e9dilection, ce sont les circuits organis\u00e9s et l'art de bien pr\u00e9parer un itin\u00e9raire : choix de la saison, dur\u00e9e r\u00e9aliste des \u00e9tapes, budget jour par jour, logement et transport sur place. J'aime aussi raconter les p\u00e9pites urbaines, ces adresses qu'on ne trouve pas dans les guides classiques. Avant de publier un dossier destination, je croise toujours plusieurs sources, je v\u00e9rifie les tarifs et les formalit\u00e9s d'entr\u00e9e \u00e0 jour, et je teste moi-m\u00eame quand je le peux. Mon angle reste pratique avant tout : aider le lecteur \u00e0 partir l'esprit tranquille, sans mauvaise surprise une fois sur place. Je m'attache \u00e0 distinguer le coup de c\u0153ur sinc\u00e8re du simple argument marketing.","sameAs":["https:\/\/camillerouvray.fr\/"],"url":"https:\/\/voyage-aventure.com\/blog\/auteur\/noname\/"}]}},"_links":{"self":[{"href":"https:\/\/voyage-aventure.com\/blog\/wp-json\/wp\/v2\/posts\/9940","targetHints":{"allow":["GET"]}}],"collection":[{"href":"https:\/\/voyage-aventure.com\/blog\/wp-json\/wp\/v2\/posts"}],"about":[{"href":"https:\/\/voyage-aventure.com\/blog\/wp-json\/wp\/v2\/types\/post"}],"author":[{"embeddable":true,"href":"https:\/\/voyage-aventure.com\/blog\/wp-json\/wp\/v2\/users\/34"}],"replies":[{"embeddable":true,"href":"https:\/\/voyage-aventure.com\/blog\/wp-json\/wp\/v2\/comments?post=9940"}],"version-history":[{"count":1,"href":"https:\/\/voyage-aventure.com\/blog\/wp-json\/wp\/v2\/posts\/9940\/revisions"}],"predecessor-version":[{"id":9943,"href":"https:\/\/voyage-aventure.com\/blog\/wp-json\/wp\/v2\/posts\/9940\/revisions\/9943"}],"wp:featuredmedia":[{"embeddable":true,"href":"https:\/\/voyage-aventure.com\/blog\/wp-json\/wp\/v2\/media\/9941"}],"wp:attachment":[{"href":"https:\/\/voyage-aventure.com\/blog\/wp-json\/wp\/v2\/media?parent=9940"}],"wp:term":[{"taxonomy":"category","embeddable":true,"href":"https:\/\/voyage-aventure.com\/blog\/wp-json\/wp\/v2\/categories?post=9940"},{"taxonomy":"post_tag","embeddable":true,"href":"https:\/\/voyage-aventure.com\/blog\/wp-json\/wp\/v2\/tags?post=9940"}],"curies":[{"name":"wp","href":"https:\/\/api.w.org\/{rel}","templated":true}]}}