{"id":9899,"date":"2025-02-17T14:00:44","date_gmt":"2025-02-17T13:00:44","guid":{"rendered":"https:\/\/voyage-aventure.com\/blog\/?p=9899"},"modified":"2025-02-17T13:11:39","modified_gmt":"2025-02-17T12:11:39","slug":"preparez-vous-des-chutes-de-neige-affecteront-vos-trajets-en-milieu-de-semaine","status":"publish","type":"post","link":"https:\/\/voyage-aventure.com\/blog\/a-la-une\/preparez-vous-des-chutes-de-neige-affecteront-vos-trajets-en-milieu-de-semaine\/","title":{"rendered":"Pr\u00e9parez-vous : des chutes de neige affecteront vos trajets en milieu de semaine"},"content":{"rendered":"<h2>Un retour inattendu de l&rsquo;hiver<\/h2>\n<p>La m\u00e9t\u00e9o annonce un retour du temps hivernal pour cette semaine, avec des chutes de neige pr\u00e9vues en milieu de semaine. Dans plusieurs r\u00e9gions, notamment \u00e0 Nashville et dans le Midstate, des accumulations de neige sont attendues d\u00e8s mardi soir. Cette situation pourrait cr\u00e9er des conditions difficiles pour les automobilistes, rendant les trajets particuli\u00e8rement d\u00e9licats.<\/p>\n<p>Les temp\u00e9ratures de ce d\u00e9but de semaine sont d\u00e9j\u00e0 froides, avec des matin\u00e9es o\u00f9 le mercure descend dans les 20 degr\u00e9s. La journ\u00e9e de mardi restera majoritairement s\u00e8che, mais les nuages s&rsquo;\u00e9paissiront progressivement. Les premi\u00e8res pr\u00e9cipitations neigeuses devraient faire leur apparition dans le courant de la soir\u00e9e, entra\u00eenant des risques de verglas sur certains axes routiers.<\/p>\n<p><iframe loading=\"lazy\" title=\"Combien de temps pourriez-vous rester en vie sur d&#039;autres plan\u00e8tes?\" width=\"1200\" height=\"675\" src=\"https:\/\/www.youtube.com\/embed\/6QF3wywOj64?feature=oembed\" frameborder=\"0\" allow=\"accelerometer; autoplay; clipboard-write; encrypted-media; gyroscope; picture-in-picture; web-share\" referrerpolicy=\"strict-origin-when-cross-origin\" allowfullscreen><\/iframe><\/p>\n<h2>Impact sur la circulation et les trajets<\/h2>\n<p>Les pr\u00e9visions m\u00e9t\u00e9orologiques indiquent que la neige pourrait affecter votre trajet quotidien mercredi matin. Selon les experts, on attend entre 1 et 2 pouces de neige sur la plupart des zones, tandis que certaines r\u00e9gions au nord et \u00e0 l\u2019ouest de Nashville pourraient recevoir jusqu\u2019\u00e0 4 pouces. Ce niveau de pr\u00e9cipitation augmentera consid\u00e9rablement le risque d&rsquo;accidents et de ralentissements sur les routes.<\/p>\n<p>Il est conseill\u00e9 aux conducteurs d&rsquo;anticiper ces conditions difficiles et de prendre des pr\u00e9cautions suppl\u00e9mentaires. En raison de ces pr\u00e9visions, une journ\u00e9e d&rsquo;alerte m\u00e9t\u00e9o a \u00e9t\u00e9 \u00e9mise pour mardi et mercredi. Les automobilistes doivent s&rsquo;attendre \u00e0 des retards et \u00e0 des difficult\u00e9s de circulation, notamment sur les ponts et les viaducs, qui sont souvent les premiers touch\u00e9s par le verglas.<\/p>\n<h2>Une vague de froid s&rsquo;installe<\/h2>\n<p>Apr\u00e8s le passage de la neige, une vague de froid s&rsquo;installera sur la r\u00e9gion, avec des temp\u00e9ratures qui plongeront dans les teens et m\u00eame dans les chiffres uniques. Jeudi matin, les temp\u00e9ratures seront particuli\u00e8rement basses, atteignant des niveaux proches de z\u00e9ro dans certaines zones. Les journ\u00e9es suivantes ne montreront qu&rsquo;une l\u00e9g\u00e8re am\u00e9lioration, avec des maximales peinant \u00e0 d\u00e9passer les 20 degr\u00e9s.<\/p>\n<p>Le temps restera nuageux, mais il pourrait y avoir quelques \u00e9claircies, offrant un peu de r\u00e9pit aux habitants. Les nuits seront \u00e9galement froides, les temp\u00e9ratures nocturnes chutant \u00e0 des niveaux glaciaux. La situation n\u00e9cessitera des mesures de pr\u00e9caution de la part des habitants, notamment en mati\u00e8re de chauffage et de protection contre le froid.<\/p>\n<blockquote><p>\n\u00ab\u00a0Les conditions m\u00e9t\u00e9orologiques hivernales peuvent pr\u00e9senter des d\u00e9fis importants, surtout pour les trajets quotidiens. Il est crucial de rester inform\u00e9 et de pr\u00e9parer vos d\u00e9placements.\u00a0\u00bb &#8211; M\u00e9t\u00e9orologue local\n<\/p><\/blockquote>\n<h2>Pr\u00e9visions pour le week-end \u00e0 venir<\/h2>\n<p>Le week-end prochain s&rsquo;annonce plus cl\u00e9ment, avec un retour des temp\u00e9ratures plus douces. Les pr\u00e9visions indiquent des maximales atteignant pr\u00e8s de 40 degr\u00e9s samedi et d\u00e9passant les 40 degr\u00e9s dimanche. Cela pourrait permettre aux habitants de profiter d&rsquo;activit\u00e9s en ext\u00e9rieur, apr\u00e8s une semaine marqu\u00e9e par le froid et la neige.<\/p>\n<p>Les jours de week-end devraient \u00e9galement \u00eatre plus ensoleill\u00e9s, avec un m\u00e9lange de nuages et de soleil. Cela peut offrir une belle opportunit\u00e9 pour se rassembler en famille ou entre amis pour profiter des temp\u00e9ratures plus cl\u00e9mentes. Il est donc conseill\u00e9 de planifier des sorties, tout en gardant un \u0153il sur l&rsquo;\u00e9volution des conditions m\u00e9t\u00e9orologiques.<\/p>\n<ul>\n<li>Pr\u00e9parez-vous \u00e0 des conditions de conduite difficiles mardi et mercredi.<\/li>\n<li>Anticipez les impacts de la neige sur vos trajets quotidiens.<\/li>\n<li>Prot\u00e9gez-vous contre le froid intense attendu jeudi et vendredi.<\/li>\n<li>Profitez du week-end plus doux avec des activit\u00e9s en ext\u00e9rieur.<\/li>\n<\/ul>\n<p>La vigilance est de mise alors que cette semaine s&rsquo;annonce mouvement\u00e9e sur le plan m\u00e9t\u00e9orologique. Restez inform\u00e9s et pr\u00e9parez-vous \u00e0 adapter vos plans en fonction des conditions.<img decoding=\"async\" width=\"1024\" height=\"576\" src=\"https:\/\/voyage-aventure.com\/blog\/wp-content\/uploads\/2025\/02\/stability-preparez-vous-des-chutes-de-neige-affecteront-vos-trajets-en-milieu-de-semaine-1.png\" class=\"aligncenter\" alt=\"Illustration d\u00e9taill\u00e9e sur Pr\u00e9parez-vous : des chutes de neige affecteront vos trajets en milieu de semaine\" title=\"Pr\u00e9parez-vous : des chutes de neige affecteront vos trajets en milieu de semaine\" loading=\"lazy\" \/><\/p>\n","protected":false},"excerpt":{"rendered":"","protected":false},"author":34,"featured_media":9900,"comment_status":"open","ping_status":"open","sticky":false,"template":"","format":"standard","meta":{"_acf_changed":false,"manual_indexmenow":false,"indexmenow_id_project":0,"footnotes":""},"categories":[1],"tags":[4542,3726,4713,3170,4635],"class_list":["post-9899","post","type-post","status-publish","format-standard","has-post-thumbnail","hentry","category-a-la-une","tag-activites-de-plein-air","tag-conditions-meteorologiques","tag-preparation","tag-securite","tag-voyage","generate-columns","tablet-grid-50","mobile-grid-100","grid-parent","grid-25"],"acf":[],"yoast_head":"<!-- This site is optimized with the Yoast SEO Premium plugin v21.3 (Yoast SEO v25.1) - https:\/\/yoast.com\/wordpress\/plugins\/seo\/ -->\n<title>Pr\u00e9parez-vous : des chutes de neige affecteront vos trajets<\/title>\n<meta name=\"description\" content=\"La m\u00e9t\u00e9o annonce un retour du temps hivernal pour cette semaine, avec des chutes de neige pr\u00e9vues en milieu de semaine. Dans plusieurs r\u00e9gions, notamment\" \/>\n<meta name=\"robots\" content=\"index, follow, max-snippet:-1, max-image-preview:large, max-video-preview:-1\" \/>\n<link rel=\"canonical\" href=\"https:\/\/voyage-aventure.com\/blog\/a-la-une\/preparez-vous-des-chutes-de-neige-affecteront-vos-trajets-en-milieu-de-semaine\/\" \/>\n<meta property=\"og:locale\" content=\"fr_FR\" \/>\n<meta property=\"og:type\" content=\"article\" \/>\n<meta property=\"og:title\" content=\"Pr\u00e9parez-vous : des chutes de neige affecteront vos trajets\" \/>\n<meta property=\"og:description\" content=\"La m\u00e9t\u00e9o annonce un retour du temps hivernal pour cette semaine, avec des chutes de neige pr\u00e9vues en milieu de semaine. Dans plusieurs r\u00e9gions, notamment\" \/>\n<meta property=\"og:url\" content=\"https:\/\/voyage-aventure.com\/blog\/a-la-une\/preparez-vous-des-chutes-de-neige-affecteront-vos-trajets-en-milieu-de-semaine\/\" \/>\n<meta property=\"og:site_name\" content=\"voyage-aventure\" \/>\n<meta property=\"og:image\" content=\"https:\/\/voyage-aventure.com\/blog\/wp-content\/uploads\/2025\/02\/stability-preparez-vous-des-chutes-de-neige-affecteront-vos-trajets-en-milieu-de-semaine.png\" \/>\n\t<meta property=\"og:image:width\" content=\"1024\" \/>\n\t<meta property=\"og:image:height\" content=\"576\" \/>\n\t<meta property=\"og:image:type\" content=\"image\/png\" \/>\n<meta name=\"author\" content=\"Camille Rouvray\" \/>\n<meta name=\"twitter:card\" content=\"summary_large_image\" \/>\n<script type=\"application\/ld+json\" class=\"yoast-schema-graph\">{\"@context\":\"https:\/\/schema.org\",\"@graph\":[{\"@type\":\"NewsArticle\",\"@id\":\"https:\/\/voyage-aventure.com\/blog\/a-la-une\/preparez-vous-des-chutes-de-neige-affecteront-vos-trajets-en-milieu-de-semaine\/#article\",\"isPartOf\":{\"@id\":\"https:\/\/voyage-aventure.com\/blog\/a-la-une\/preparez-vous-des-chutes-de-neige-affecteront-vos-trajets-en-milieu-de-semaine\/\"},\"author\":{\"name\":\"Camille Rouvray\",\"@id\":\"https:\/\/voyage-aventure.com\/blog\/#\/schema\/person\/3c864cdc320801e3db34b663e7e3f816\"},\"headline\":\"Pr\u00e9parez-vous : des chutes de neige affecteront vos trajets en milieu de semaine\",\"datePublished\":\"2025-02-17T13:00:44+00:00\",\"mainEntityOfPage\":{\"@id\":\"https:\/\/voyage-aventure.com\/blog\/a-la-une\/preparez-vous-des-chutes-de-neige-affecteront-vos-trajets-en-milieu-de-semaine\/\"},\"wordCount\":672,\"commentCount\":22,\"publisher\":{\"@id\":\"https:\/\/voyage-aventure.com\/blog\/#organization\"},\"image\":{\"@id\":\"https:\/\/voyage-aventure.com\/blog\/a-la-une\/preparez-vous-des-chutes-de-neige-affecteront-vos-trajets-en-milieu-de-semaine\/#primaryimage\"},\"thumbnailUrl\":\"https:\/\/voyage-aventure.com\/blog\/wp-content\/uploads\/2025\/02\/stability-preparez-vous-des-chutes-de-neige-affecteront-vos-trajets-en-milieu-de-semaine.png\",\"keywords\":[\"Activit\u00e9s de Plein Air\",\"Conditions M\u00e9t\u00e9orologiques\",\"Pr\u00e9paration\",\"S\u00e9curit\u00e9\",\"Voyage\"],\"articleSection\":[\"\u00c0 la une\"],\"inLanguage\":\"fr-FR\",\"potentialAction\":[{\"@type\":\"CommentAction\",\"name\":\"Comment\",\"target\":[\"https:\/\/voyage-aventure.com\/blog\/a-la-une\/preparez-vous-des-chutes-de-neige-affecteront-vos-trajets-en-milieu-de-semaine\/#respond\"]}]},{\"@type\":\"WebPage\",\"@id\":\"https:\/\/voyage-aventure.com\/blog\/a-la-une\/preparez-vous-des-chutes-de-neige-affecteront-vos-trajets-en-milieu-de-semaine\/\",\"url\":\"https:\/\/voyage-aventure.com\/blog\/a-la-une\/preparez-vous-des-chutes-de-neige-affecteront-vos-trajets-en-milieu-de-semaine\/\",\"name\":\"Pr\u00e9parez-vous : des chutes de neige affecteront vos trajets\",\"isPartOf\":{\"@id\":\"https:\/\/voyage-aventure.com\/blog\/#website\"},\"primaryImageOfPage\":{\"@id\":\"https:\/\/voyage-aventure.com\/blog\/a-la-une\/preparez-vous-des-chutes-de-neige-affecteront-vos-trajets-en-milieu-de-semaine\/#primaryimage\"},\"image\":{\"@id\":\"https:\/\/voyage-aventure.com\/blog\/a-la-une\/preparez-vous-des-chutes-de-neige-affecteront-vos-trajets-en-milieu-de-semaine\/#primaryimage\"},\"thumbnailUrl\":\"https:\/\/voyage-aventure.com\/blog\/wp-content\/uploads\/2025\/02\/stability-preparez-vous-des-chutes-de-neige-affecteront-vos-trajets-en-milieu-de-semaine.png\",\"datePublished\":\"2025-02-17T13:00:44+00:00\",\"description\":\"La m\u00e9t\u00e9o annonce un retour du temps hivernal pour cette semaine, avec des chutes de neige pr\u00e9vues en milieu de semaine. Dans plusieurs r\u00e9gions, notamment\",\"inLanguage\":\"fr-FR\",\"potentialAction\":[{\"@type\":\"ReadAction\",\"target\":[\"https:\/\/voyage-aventure.com\/blog\/a-la-une\/preparez-vous-des-chutes-de-neige-affecteront-vos-trajets-en-milieu-de-semaine\/\"]}]},{\"@type\":\"ImageObject\",\"inLanguage\":\"fr-FR\",\"@id\":\"https:\/\/voyage-aventure.com\/blog\/a-la-une\/preparez-vous-des-chutes-de-neige-affecteront-vos-trajets-en-milieu-de-semaine\/#primaryimage\",\"url\":\"https:\/\/voyage-aventure.com\/blog\/wp-content\/uploads\/2025\/02\/stability-preparez-vous-des-chutes-de-neige-affecteront-vos-trajets-en-milieu-de-semaine.png\",\"contentUrl\":\"https:\/\/voyage-aventure.com\/blog\/wp-content\/uploads\/2025\/02\/stability-preparez-vous-des-chutes-de-neige-affecteront-vos-trajets-en-milieu-de-semaine.png\",\"width\":1024,\"height\":576},{\"@type\":\"WebSite\",\"@id\":\"https:\/\/voyage-aventure.com\/blog\/#website\",\"url\":\"https:\/\/voyage-aventure.com\/blog\/\",\"name\":\"voyage-aventure.com\",\"description\":\"Votre passeport pour l\u2019inattendu.\",\"publisher\":{\"@id\":\"https:\/\/voyage-aventure.com\/blog\/#organization\"},\"alternateName\":\"Votre passeport pour l\u2019inattendu.\",\"potentialAction\":[{\"@type\":\"SearchAction\",\"target\":{\"@type\":\"EntryPoint\",\"urlTemplate\":\"https:\/\/voyage-aventure.com\/blog\/?s={search_term_string}\"},\"query-input\":{\"@type\":\"PropertyValueSpecification\",\"valueRequired\":true,\"valueName\":\"search_term_string\"}}],\"inLanguage\":\"fr-FR\"},{\"@type\":\"Organization\",\"@id\":\"https:\/\/voyage-aventure.com\/blog\/#organization\",\"name\":\"Foretsensations.fr\",\"url\":\"https:\/\/voyage-aventure.com\/blog\/\",\"logo\":{\"@type\":\"ImageObject\",\"inLanguage\":\"fr-FR\",\"@id\":\"https:\/\/voyage-aventure.com\/blog\/#\/schema\/logo\/image\/\",\"url\":\"https:\/\/voyage-aventure.com\/blog\/wp-content\/uploads\/2024\/12\/19.png\",\"contentUrl\":\"https:\/\/voyage-aventure.com\/blog\/wp-content\/uploads\/2024\/12\/19.png\",\"width\":512,\"height\":512,\"caption\":\"Foretsensations.fr\"},\"image\":{\"@id\":\"https:\/\/voyage-aventure.com\/blog\/#\/schema\/logo\/image\/\"}},{\"@type\":\"Person\",\"@id\":\"https:\/\/voyage-aventure.com\/blog\/#\/schema\/person\/3c864cdc320801e3db34b663e7e3f816\",\"name\":\"Camille Rouvray\",\"image\":{\"@type\":\"ImageObject\",\"inLanguage\":\"fr-FR\",\"@id\":\"https:\/\/voyage-aventure.com\/blog\/#\/schema\/person\/image\/\",\"url\":\"https:\/\/voyage-aventure.com\/blog\/wp-content\/uploads\/2026\/06\/persona_camille-r-96x96.jpg\",\"contentUrl\":\"https:\/\/voyage-aventure.com\/blog\/wp-content\/uploads\/2026\/06\/persona_camille-r-96x96.jpg\",\"caption\":\"Camille Rouvray\"},\"description\":\"Je voyage et j'\u00e9cris sur le voyage depuis une douzaine d'ann\u00e9es, d'abord en tant que routarde au long cours, puis comme r\u00e9dactrice sp\u00e9cialis\u00e9e. Mon terrain de pr\u00e9dilection, ce sont les circuits organis\u00e9s et l'art de bien pr\u00e9parer un itin\u00e9raire : choix de la saison, dur\u00e9e r\u00e9aliste des \u00e9tapes, budget jour par jour, logement et transport sur place. J'aime aussi raconter les p\u00e9pites urbaines, ces adresses qu'on ne trouve pas dans les guides classiques. Avant de publier un dossier destination, je croise toujours plusieurs sources, je v\u00e9rifie les tarifs et les formalit\u00e9s d'entr\u00e9e \u00e0 jour, et je teste moi-m\u00eame quand je le peux. Mon angle reste pratique avant tout : aider le lecteur \u00e0 partir l'esprit tranquille, sans mauvaise surprise une fois sur place. Je m'attache \u00e0 distinguer le coup de c\u0153ur sinc\u00e8re du simple argument marketing.\",\"sameAs\":[\"https:\/\/camillerouvray.fr\/\"],\"url\":\"https:\/\/voyage-aventure.com\/blog\/auteur\/noname\/\"}]}<\/script>\n<!-- \/ Yoast SEO Premium plugin. -->","yoast_head_json":{"title":"Pr\u00e9parez-vous : des chutes de neige affecteront vos trajets","description":"La m\u00e9t\u00e9o annonce un retour du temps hivernal pour cette semaine, avec des chutes de neige pr\u00e9vues en milieu de semaine. Dans plusieurs r\u00e9gions, notamment","robots":{"index":"index","follow":"follow","max-snippet":"max-snippet:-1","max-image-preview":"max-image-preview:large","max-video-preview":"max-video-preview:-1"},"canonical":"https:\/\/voyage-aventure.com\/blog\/a-la-une\/preparez-vous-des-chutes-de-neige-affecteront-vos-trajets-en-milieu-de-semaine\/","og_locale":"fr_FR","og_type":"article","og_title":"Pr\u00e9parez-vous : des chutes de neige affecteront vos trajets","og_description":"La m\u00e9t\u00e9o annonce un retour du temps hivernal pour cette semaine, avec des chutes de neige pr\u00e9vues en milieu de semaine. Dans plusieurs r\u00e9gions, notamment","og_url":"https:\/\/voyage-aventure.com\/blog\/a-la-une\/preparez-vous-des-chutes-de-neige-affecteront-vos-trajets-en-milieu-de-semaine\/","og_site_name":"voyage-aventure","og_image":[{"width":1024,"height":576,"url":"https:\/\/voyage-aventure.com\/blog\/wp-content\/uploads\/2025\/02\/stability-preparez-vous-des-chutes-de-neige-affecteront-vos-trajets-en-milieu-de-semaine.png","type":"image\/png"}],"author":"Camille Rouvray","twitter_card":"summary_large_image","schema":{"@context":"https:\/\/schema.org","@graph":[{"@type":"NewsArticle","@id":"https:\/\/voyage-aventure.com\/blog\/a-la-une\/preparez-vous-des-chutes-de-neige-affecteront-vos-trajets-en-milieu-de-semaine\/#article","isPartOf":{"@id":"https:\/\/voyage-aventure.com\/blog\/a-la-une\/preparez-vous-des-chutes-de-neige-affecteront-vos-trajets-en-milieu-de-semaine\/"},"author":{"name":"Camille Rouvray","@id":"https:\/\/voyage-aventure.com\/blog\/#\/schema\/person\/3c864cdc320801e3db34b663e7e3f816"},"headline":"Pr\u00e9parez-vous : des chutes de neige affecteront vos trajets en milieu de semaine","datePublished":"2025-02-17T13:00:44+00:00","mainEntityOfPage":{"@id":"https:\/\/voyage-aventure.com\/blog\/a-la-une\/preparez-vous-des-chutes-de-neige-affecteront-vos-trajets-en-milieu-de-semaine\/"},"wordCount":672,"commentCount":22,"publisher":{"@id":"https:\/\/voyage-aventure.com\/blog\/#organization"},"image":{"@id":"https:\/\/voyage-aventure.com\/blog\/a-la-une\/preparez-vous-des-chutes-de-neige-affecteront-vos-trajets-en-milieu-de-semaine\/#primaryimage"},"thumbnailUrl":"https:\/\/voyage-aventure.com\/blog\/wp-content\/uploads\/2025\/02\/stability-preparez-vous-des-chutes-de-neige-affecteront-vos-trajets-en-milieu-de-semaine.png","keywords":["Activit\u00e9s de Plein Air","Conditions M\u00e9t\u00e9orologiques","Pr\u00e9paration","S\u00e9curit\u00e9","Voyage"],"articleSection":["\u00c0 la une"],"inLanguage":"fr-FR","potentialAction":[{"@type":"CommentAction","name":"Comment","target":["https:\/\/voyage-aventure.com\/blog\/a-la-une\/preparez-vous-des-chutes-de-neige-affecteront-vos-trajets-en-milieu-de-semaine\/#respond"]}]},{"@type":"WebPage","@id":"https:\/\/voyage-aventure.com\/blog\/a-la-une\/preparez-vous-des-chutes-de-neige-affecteront-vos-trajets-en-milieu-de-semaine\/","url":"https:\/\/voyage-aventure.com\/blog\/a-la-une\/preparez-vous-des-chutes-de-neige-affecteront-vos-trajets-en-milieu-de-semaine\/","name":"Pr\u00e9parez-vous : des chutes de neige affecteront vos trajets","isPartOf":{"@id":"https:\/\/voyage-aventure.com\/blog\/#website"},"primaryImageOfPage":{"@id":"https:\/\/voyage-aventure.com\/blog\/a-la-une\/preparez-vous-des-chutes-de-neige-affecteront-vos-trajets-en-milieu-de-semaine\/#primaryimage"},"image":{"@id":"https:\/\/voyage-aventure.com\/blog\/a-la-une\/preparez-vous-des-chutes-de-neige-affecteront-vos-trajets-en-milieu-de-semaine\/#primaryimage"},"thumbnailUrl":"https:\/\/voyage-aventure.com\/blog\/wp-content\/uploads\/2025\/02\/stability-preparez-vous-des-chutes-de-neige-affecteront-vos-trajets-en-milieu-de-semaine.png","datePublished":"2025-02-17T13:00:44+00:00","description":"La m\u00e9t\u00e9o annonce un retour du temps hivernal pour cette semaine, avec des chutes de neige pr\u00e9vues en milieu de semaine. Dans plusieurs r\u00e9gions, notamment","inLanguage":"fr-FR","potentialAction":[{"@type":"ReadAction","target":["https:\/\/voyage-aventure.com\/blog\/a-la-une\/preparez-vous-des-chutes-de-neige-affecteront-vos-trajets-en-milieu-de-semaine\/"]}]},{"@type":"ImageObject","inLanguage":"fr-FR","@id":"https:\/\/voyage-aventure.com\/blog\/a-la-une\/preparez-vous-des-chutes-de-neige-affecteront-vos-trajets-en-milieu-de-semaine\/#primaryimage","url":"https:\/\/voyage-aventure.com\/blog\/wp-content\/uploads\/2025\/02\/stability-preparez-vous-des-chutes-de-neige-affecteront-vos-trajets-en-milieu-de-semaine.png","contentUrl":"https:\/\/voyage-aventure.com\/blog\/wp-content\/uploads\/2025\/02\/stability-preparez-vous-des-chutes-de-neige-affecteront-vos-trajets-en-milieu-de-semaine.png","width":1024,"height":576},{"@type":"WebSite","@id":"https:\/\/voyage-aventure.com\/blog\/#website","url":"https:\/\/voyage-aventure.com\/blog\/","name":"voyage-aventure.com","description":"Votre passeport pour l\u2019inattendu.","publisher":{"@id":"https:\/\/voyage-aventure.com\/blog\/#organization"},"alternateName":"Votre passeport pour l\u2019inattendu.","potentialAction":[{"@type":"SearchAction","target":{"@type":"EntryPoint","urlTemplate":"https:\/\/voyage-aventure.com\/blog\/?s={search_term_string}"},"query-input":{"@type":"PropertyValueSpecification","valueRequired":true,"valueName":"search_term_string"}}],"inLanguage":"fr-FR"},{"@type":"Organization","@id":"https:\/\/voyage-aventure.com\/blog\/#organization","name":"Foretsensations.fr","url":"https:\/\/voyage-aventure.com\/blog\/","logo":{"@type":"ImageObject","inLanguage":"fr-FR","@id":"https:\/\/voyage-aventure.com\/blog\/#\/schema\/logo\/image\/","url":"https:\/\/voyage-aventure.com\/blog\/wp-content\/uploads\/2024\/12\/19.png","contentUrl":"https:\/\/voyage-aventure.com\/blog\/wp-content\/uploads\/2024\/12\/19.png","width":512,"height":512,"caption":"Foretsensations.fr"},"image":{"@id":"https:\/\/voyage-aventure.com\/blog\/#\/schema\/logo\/image\/"}},{"@type":"Person","@id":"https:\/\/voyage-aventure.com\/blog\/#\/schema\/person\/3c864cdc320801e3db34b663e7e3f816","name":"Camille Rouvray","image":{"@type":"ImageObject","inLanguage":"fr-FR","@id":"https:\/\/voyage-aventure.com\/blog\/#\/schema\/person\/image\/","url":"https:\/\/voyage-aventure.com\/blog\/wp-content\/uploads\/2026\/06\/persona_camille-r-96x96.jpg","contentUrl":"https:\/\/voyage-aventure.com\/blog\/wp-content\/uploads\/2026\/06\/persona_camille-r-96x96.jpg","caption":"Camille Rouvray"},"description":"Je voyage et j'\u00e9cris sur le voyage depuis une douzaine d'ann\u00e9es, d'abord en tant que routarde au long cours, puis comme r\u00e9dactrice sp\u00e9cialis\u00e9e. Mon terrain de pr\u00e9dilection, ce sont les circuits organis\u00e9s et l'art de bien pr\u00e9parer un itin\u00e9raire : choix de la saison, dur\u00e9e r\u00e9aliste des \u00e9tapes, budget jour par jour, logement et transport sur place. J'aime aussi raconter les p\u00e9pites urbaines, ces adresses qu'on ne trouve pas dans les guides classiques. Avant de publier un dossier destination, je croise toujours plusieurs sources, je v\u00e9rifie les tarifs et les formalit\u00e9s d'entr\u00e9e \u00e0 jour, et je teste moi-m\u00eame quand je le peux. Mon angle reste pratique avant tout : aider le lecteur \u00e0 partir l'esprit tranquille, sans mauvaise surprise une fois sur place. Je m'attache \u00e0 distinguer le coup de c\u0153ur sinc\u00e8re du simple argument marketing.","sameAs":["https:\/\/camillerouvray.fr\/"],"url":"https:\/\/voyage-aventure.com\/blog\/auteur\/noname\/"}]}},"_links":{"self":[{"href":"https:\/\/voyage-aventure.com\/blog\/wp-json\/wp\/v2\/posts\/9899","targetHints":{"allow":["GET"]}}],"collection":[{"href":"https:\/\/voyage-aventure.com\/blog\/wp-json\/wp\/v2\/posts"}],"about":[{"href":"https:\/\/voyage-aventure.com\/blog\/wp-json\/wp\/v2\/types\/post"}],"author":[{"embeddable":true,"href":"https:\/\/voyage-aventure.com\/blog\/wp-json\/wp\/v2\/users\/34"}],"replies":[{"embeddable":true,"href":"https:\/\/voyage-aventure.com\/blog\/wp-json\/wp\/v2\/comments?post=9899"}],"version-history":[{"count":1,"href":"https:\/\/voyage-aventure.com\/blog\/wp-json\/wp\/v2\/posts\/9899\/revisions"}],"predecessor-version":[{"id":9902,"href":"https:\/\/voyage-aventure.com\/blog\/wp-json\/wp\/v2\/posts\/9899\/revisions\/9902"}],"wp:featuredmedia":[{"embeddable":true,"href":"https:\/\/voyage-aventure.com\/blog\/wp-json\/wp\/v2\/media\/9900"}],"wp:attachment":[{"href":"https:\/\/voyage-aventure.com\/blog\/wp-json\/wp\/v2\/media?parent=9899"}],"wp:term":[{"taxonomy":"category","embeddable":true,"href":"https:\/\/voyage-aventure.com\/blog\/wp-json\/wp\/v2\/categories?post=9899"},{"taxonomy":"post_tag","embeddable":true,"href":"https:\/\/voyage-aventure.com\/blog\/wp-json\/wp\/v2\/tags?post=9899"}],"curies":[{"name":"wp","href":"https:\/\/api.w.org\/{rel}","templated":true}]}}