{"id":9882,"date":"2026-06-16T16:29:47","date_gmt":"2026-06-16T14:29:47","guid":{"rendered":"https:\/\/voyage-aventure.com\/blog\/?p=9882"},"modified":"2026-06-16T16:29:47","modified_gmt":"2026-06-16T14:29:47","slug":"les-mises-a-jour-de-luniversite-de-syracuse-sur-les-conditions-hivernales-pour-le-17-fevrier-2025","status":"publish","type":"post","link":"https:\/\/voyage-aventure.com\/blog\/a-la-une\/les-mises-a-jour-de-luniversite-de-syracuse-sur-les-conditions-hivernales-pour-le-17-fevrier-2025\/","title":{"rendered":"les mises \u00e0 jour de l&rsquo;universit\u00e9 de syracuse sur les conditions hivernales pour le 17 f\u00e9vrier 2025"},"content":{"rendered":"<link rel=\"stylesheet\" href=\"https:\/\/fonts.googleapis.com\/css2?family=Newsreader:ital,opsz,wght@0,6..72,500;0,6..72,600;0,6..72,700;1,6..72,500&#038;family=Inter:wght@400;500;600&#038;family=JetBrains+Mono:wght@500&#038;display=swap\">\n<style>\n.van-actu-wrap{font-family:'Inter',-apple-system,BlinkMacSystemFont,sans-serif;color:#1c2430;line-height:1.65;font-size:17px;}\n.van-actu-wrap h2{font-family:'Newsreader','Georgia',serif;font-weight:700;font-size:clamp(24px,3.2vw,33px);letter-spacing:-0.01em;color:#13202e;margin:46px 0 14px;line-height:1.2;}\n.van-actu-wrap h3{font-family:'Newsreader','Georgia',serif;font-weight:600;font-size:21px;color:#13202e;margin:26px 0 10px;}\n.van-actu-wrap p{margin:0 0 18px;}\n.van-actu-kicker{font-family:'JetBrains Mono',monospace;font-size:12px;font-weight:500;text-transform:uppercase;letter-spacing:2.5px;color:#1d6fa5;margin:0 0 10px;display:block;}\n.van-actu-lead{font-family:'Newsreader','Georgia',serif;font-size:21px;line-height:1.5;font-weight:500;color:#2a3645;font-style:italic;margin:0 0 26px;}\n.van-actu-ess{background:#eef5fb;border-left:5px solid #1d6fa5;border-radius:0 8px 8px 0;padding:22px 26px;margin:28px 0;}\n.van-actu-ess .van-actu-essttl{font-family:'JetBrains Mono',monospace;font-size:11px;font-weight:500;text-transform:uppercase;letter-spacing:2.5px;color:#1d6fa5;margin:0 0 14px;}\n.van-actu-ess ul{margin:0;padding:0;list-style:none;display:grid;gap:10px;}\n.van-actu-ess li{display:flex;gap:12px;align-items:flex-start;font-size:15.5px;line-height:1.55;color:#22303f;}\n.van-actu-ess li span.van-actu-dot{flex:0 0 8px;width:8px;height:8px;margin-top:7px;background:#1d6fa5;border-radius:50%;}\n.van-actu-grid{display:grid;grid-template-columns:repeat(auto-fit,minmax(230px,1fr));gap:14px;margin:28px 0;}\n.van-actu-card{background:#fff;border:1px solid #e3e8ee;border-top:3px solid #1d6fa5;border-radius:8px;padding:18px 20px;transition:.25s ease;box-shadow:0 1px 2px rgba(16,24,40,.04);}\n.van-actu-card:hover{transform:translateY(-3px);box-shadow:0 12px 28px -16px rgba(16,24,40,.28);}\n.van-actu-card h3{margin:0 0 6px;font-size:17px;}\n.van-actu-card .van-actu-txt{font-size:14.5px;line-height:1.55;color:#48535f;}\n.van-actu-pull{margin:38px auto;padding:26px 24px;text-align:center;border-top:1px solid #1d6fa5;border-bottom:1px solid #1d6fa5;max-width:660px;position:relative;}\n.van-actu-pull blockquote{margin:0;padding:0;font-family:'Newsreader','Georgia',serif;font-size:24px;line-height:1.45;font-style:italic;color:#13202e;}\n.van-actu-pull .van-actu-q{position:absolute;top:-22px;left:50%;transform:translateX(-50%);background:#fff;padding:0 14px;font-size:50px;line-height:1;color:#1d6fa5;font-family:'Newsreader',serif;}\n.van-actu-channels{display:grid;grid-template-columns:repeat(auto-fit,minmax(240px,1fr));gap:12px;margin:24px 0;list-style:none;padding:0;}\n.van-actu-channels li{display:flex;gap:11px;align-items:flex-start;background:#f7f9fc;border:1px solid #e3e8ee;border-radius:7px;padding:13px 16px;font-size:14.5px;line-height:1.5;color:#2a3645;}\n.van-actu-channels li span.van-actu-ch{color:#1d6fa5;font-weight:700;flex:0 0 16px;}\n.van-actu-retenir{background:#13202e;border-radius:10px;padding:26px 28px;margin:36px 0;}\n.van-actu-retenir .van-actu-essttl{color:#7ec0ee;}\n.van-actu-retenir ul{margin:0;padding:0;list-style:none;display:grid;gap:11px;}\n.van-actu-retenir li{display:flex;gap:12px;align-items:flex-start;font-size:15px;line-height:1.55;color:#e8eef5;}\n.van-actu-retenir li span.van-actu-dot{flex:0 0 8px;width:8px;height:8px;margin-top:7px;background:#7ec0ee;border-radius:50%;}\n.van-actu-faq{margin:38px 0;}\n.van-actu-faq h2{margin-bottom:14px;}\n.van-actu-faq details{border-bottom:1px solid #dde3ea;}\n.van-actu-faq summary{cursor:pointer;padding:16px 0;font-family:'Newsreader',serif;font-size:18px;font-weight:600;color:#13202e;list-style:none;display:flex;justify-content:space-between;gap:14px;align-items:center;}\n.van-actu-faq summary::-webkit-details-marker{display:none;}\n.van-actu-faq summary span.van-actu-plus{font-size:22px;font-weight:400;color:#1d6fa5;line-height:1;}\n.van-actu-faq .van-actu-ans{padding:0 0 16px;font-size:15.5px;line-height:1.7;color:#48535f;}\n.van-actu-note{font-size:13px;color:#6a7480;font-style:italic;border-top:1px solid #e3e8ee;padding-top:16px;margin-top:30px;}\n.van-actu-wrap img{max-width:100%;height:auto;border-radius:8px;margin:24px 0;}\n\/*RENDERFIX2*\/.van-actu-ess li span.van-actu-dot{color:#eef3f9!important}.van-actu-ess li span.van-actu-dot p,.van-actu-ess li span.van-actu-dot li,.van-actu-ess li span.van-actu-dot strong,.van-actu-ess li span.van-actu-dot em,.van-actu-ess li span.van-actu-dot a,.van-actu-ess li span.van-actu-dot span,.van-actu-ess li span.van-actu-dot b,.van-actu-ess li span.van-actu-dot td,.van-actu-ess li span.van-actu-dot th,.van-actu-ess li span.van-actu-dot h2,.van-actu-ess li span.van-actu-dot h3,.van-actu-ess li span.van-actu-dot h4{color:#eef3f9!important}.van-actu-ess li span.van-actu-dot strong,.van-actu-ess li span.van-actu-dot b{color:#ffffff!important}.van-actu-retenir{color:#eef3f9!important}.van-actu-retenir p,.van-actu-retenir li,.van-actu-retenir strong,.van-actu-retenir em,.van-actu-retenir a,.van-actu-retenir span,.van-actu-retenir b,.van-actu-retenir td,.van-actu-retenir th,.van-actu-retenir h2,.van-actu-retenir h3,.van-actu-retenir h4{color:#eef3f9!important}.van-actu-retenir strong,.van-actu-retenir b{color:#ffffff!important}<\/style>\n<div class=\"van-actu-wrap\">\n<span class=\"van-actu-kicker\">M\u00e9t\u00e9o campus \u00b7 17 f\u00e9vrier 2025<\/span><\/p>\n<p class=\"van-actu-lead\">Avertissement de neige du lac et vents violents en vigueur : Syracuse University reste ouverte mais appelle chacun \u00e0 \u00e9valuer les risques de son trajet et \u00e0 garder ses alertes \u00e0 jour.<\/p>\n<div class=\"van-actu-ess\">\n<div class=\"van-actu-essttl\">L&rsquo;essentiel<\/div>\n<ul>\n<li><span class=\"van-actu-dot\"><\/span><span><strong>Quoi&nbsp;:<\/strong> un avertissement de neige du lac et un avertissement de vents violents sont en vigueur sur le campus de Syracuse University.<\/span><\/li>\n<li><span class=\"van-actu-dot\"><\/span><span><strong>Quand \/ qui&nbsp;:<\/strong> le 17 f\u00e9vrier 2025, l&rsquo;universit\u00e9 scrute les donn\u00e9es du National Weather Service et consulte des m\u00e9t\u00e9orologistes ind\u00e9pendants.<\/span><\/li>\n<li><span class=\"van-actu-dot\"><\/span><span><strong>Pourquoi \u00e7a compte&nbsp;:<\/strong> l&rsquo;universit\u00e9 reste ouverte et op\u00e9rationnelle, mais chacun doit juger lui-m\u00eame la s\u00e9curit\u00e9 de son d\u00e9placement.<\/span><\/li>\n<\/ul>\n<\/div>\n<h2>Des conditions hivernales \u00e0 surveiller<\/h2>\n<p>Syracuse University prend tr\u00e8s au s\u00e9rieux les conditions climatiques qui peuvent affecter la s\u00e9curit\u00e9 de ses \u00e9tudiants et employ\u00e9s. Actuellement, un avertissement de neige du lac et un avertissement de vents violents sont en vigueur, incitant l&rsquo;universit\u00e9 \u00e0 scruter les derni\u00e8res donn\u00e9es du National Weather Service. Des consultations avec des m\u00e9t\u00e9orologistes ind\u00e9pendants permettent d&rsquo;anticiper les \u00e9volutions m\u00e9t\u00e9orologiques.<\/p>\n<p>La gestion proactive de ces situations vise \u00e0 garantir la s\u00e9curit\u00e9 de tous sur le campus. Malgr\u00e9 les conditions difficiles, l&rsquo;universit\u00e9 pr\u00e9voit de rester ouverte et op\u00e9rationnelle. Cela dit, chaque individu doit \u00e9valuer les risques associ\u00e9s \u00e0 son voyage vers le campus.<\/p>\n<h2>Prendre des d\u00e9cisions \u00e9clair\u00e9es pour le trajet<\/h2>\n<p>Les r\u00e9sidents qui se d\u00e9placent vers Syracuse doivent faire preuve de prudence et d&rsquo;un bon jugement dans leurs d\u00e9cisions de voyage. Bien que l&rsquo;universit\u00e9 n&rsquo;ait pas pour habitude de fermer ses portes durant les intemp\u00e9ries, il est essentiel que chacun soit conscient des conditions routi\u00e8res. Les employ\u00e9s, en particulier, sont encourag\u00e9s \u00e0 prendre les mesures n\u00e9cessaires pour assurer leur s\u00e9curit\u00e9.<\/p>\n<p>Les pr\u00e9occupations li\u00e9es \u00e0 la s\u00e9curit\u00e9 des enseignants et des \u00e9tudiants dipl\u00f4m\u00e9s sont prises en compte. Ceux qui se sentent en danger lors de leurs trajets doivent contacter leur responsable ou le pr\u00e9sident de leur d\u00e9partement pour discuter de leur situation. La communication ouverte est cruciale pour maintenir un environnement de travail s\u00fbr.<\/p>\n<div class=\"van-actu-grid\">\n<div class=\"van-actu-card\">\n<h3>\u00c9valuer son trajet<\/h3>\n<div class=\"van-actu-txt\">Prudence et bon jugement sont attendus : tenez compte des conditions routi\u00e8res avant de rejoindre le campus.<\/div>\n<\/p><\/div>\n<div class=\"van-actu-card\">\n<h3>Signaler un danger<\/h3>\n<div class=\"van-actu-txt\">Enseignants et \u00e9tudiants dipl\u00f4m\u00e9s qui se sentent en danger contactent leur responsable ou le pr\u00e9sident de leur d\u00e9partement.<\/div>\n<\/p><\/div>\n<div class=\"van-actu-card\">\n<h3>Campus maintenu ouvert<\/h3>\n<div class=\"van-actu-txt\">L&rsquo;universit\u00e9 n&rsquo;a pas pour habitude de fermer durant les intemp\u00e9ries et pr\u00e9voit de rester op\u00e9rationnelle.<\/div>\n<\/p><\/div>\n<\/div>\n<h2>Canaux de communication pour les alertes<\/h2>\n<p>L&rsquo;universit\u00e9 a mis en place un syst\u00e8me d&rsquo;alerte efficace pour informer la communaut\u00e9 des changements concernant les conditions m\u00e9t\u00e9orologiques. Les notifications de l&rsquo;alerte m\u00e9t\u00e9o SU seront diffus\u00e9es via diff\u00e9rents canaux pour garantir que tout le monde soit bien inform\u00e9. Cela inclut des messages texte, des annonces sur les \u00e9crans des campus, et des mises \u00e0 jour sur les r\u00e9seaux sociaux.<\/p>\n<div class=\"van-actu-pull\">\n  <span class=\"van-actu-q\" aria-hidden=\"true\">\u00ab<\/span><\/p>\n<blockquote><p>La s\u00e9curit\u00e9 de notre communaut\u00e9 est notre priorit\u00e9. Nous encourageons tous \u00e0 rester inform\u00e9s et \u00e0 agir prudemment.<\/p><\/blockquote>\n<\/div>\n<p>Les informations concernant l&rsquo;alerte m\u00e9t\u00e9o SU seront accessibles par les cha\u00eenes suivantes&nbsp;:<\/p>\n<ul class=\"van-actu-channels\">\n<li><span class=\"van-actu-ch\">\u203a<\/span><span>par message texte&nbsp;;<\/span><\/li>\n<li><span class=\"van-actu-ch\">\u203a<\/span><span>par un \u00ab&nbsp;crawl&nbsp;\u00bb sur les \u00e9crans de t\u00e9l\u00e9vision du campus et les sites web de l&rsquo;universit\u00e9&nbsp;;<\/span><\/li>\n<li><span class=\"van-actu-ch\">\u203a<\/span><span>sur X&nbsp;: @SyracuseUNews et @SyracuseDPS&nbsp;;<\/span><\/li>\n<li><span class=\"van-actu-ch\">\u203a<\/span><span>sur Facebook&nbsp;: @SyracuseUniversityNews et @SyracuseDPS&nbsp;;<\/span><\/li>\n<li><span class=\"van-actu-ch\">\u203a<\/span><span>sur news.syr.edu et Syracuse.edu&nbsp;;<\/span><\/li>\n<li><span class=\"van-actu-ch\">\u203a<\/span><span>via la station de radio publique de Syracuse, WAER-FM\/88.3 et d&rsquo;autres m\u00e9dias locaux.<\/span><\/li>\n<\/ul>\n<p>Il est essentiel que la communaut\u00e9 universitaire garde ses param\u00e8tres d&rsquo;alerte Orange \u00e0 jour dans MySlice. Seules les \u00e9quipes de Communications internes et de Relations avec les m\u00e9dias de Syracuse University sont habilit\u00e9es \u00e0 communiquer sur les fermetures ou les changements d&rsquo;horaires de travail. Cela garantit que les informations diffus\u00e9es sont pr\u00e9cises et fiables, minimisant ainsi les risques de confusion.<\/p>\n<p>En r\u00e9sum\u00e9, Syracuse University reste vigilante face aux conditions hivernales. Tout en maintenant ses activit\u00e9s, elle encourage chacun \u00e0 prendre des d\u00e9cisions \u00e9clair\u00e9es et \u00e0 rester inform\u00e9 des mises \u00e0 jour. La s\u00e9curit\u00e9 de tous est au c\u0153ur des pr\u00e9occupations de l&rsquo;universit\u00e9, et une communication efficace est essentielle pour traverser ces p\u00e9riodes difficiles.<\/p>\n<p><img decoding=\"async\" width=\"1024\" height=\"576\" src=\"https:\/\/voyage-aventure.com\/blog\/wp-content\/uploads\/2025\/02\/stability-les-mises-a-jour-de-luniversite-de-syracuse-sur-les-conditions-hivernales-pour-le-17-fevrier-2025-1.png\" class=\"aligncenter\" alt=\"Illustration d\u00e9taill\u00e9e sur les mises \u00e0 jour de l&#039;universit\u00e9 de syracuse sur les conditions hivernales pour le 17 f\u00e9vrier 2025\" title=\"les mises \u00e0 jour de l&#039;universit\u00e9 de syracuse sur les conditions hivernales pour le 17 f\u00e9vrier 2025\" loading=\"lazy\" \/><\/p>\n<div class=\"van-actu-retenir\">\n<div class=\"van-actu-essttl\">\u00c0 retenir<\/div>\n<ul>\n<li><span class=\"van-actu-dot\"><\/span><span>Avertissement de neige du lac et de vents violents en vigueur le 17 f\u00e9vrier 2025 sur le campus.<\/span><\/li>\n<li><span class=\"van-actu-dot\"><\/span><span>L&rsquo;universit\u00e9 reste ouverte, mais chacun \u00e9value lui-m\u00eame le risque de son trajet.<\/span><\/li>\n<li><span class=\"van-actu-dot\"><\/span><span>Personnel ou \u00e9tudiant dipl\u00f4m\u00e9 en danger&nbsp;: contacter son responsable ou le pr\u00e9sident de d\u00e9partement.<\/span><\/li>\n<li><span class=\"van-actu-dot\"><\/span><span>Alertes diffus\u00e9es par SMS, \u00e9crans campus, X, Facebook, sites .edu et radio WAER-FM\/88.3.<\/span><\/li>\n<li><span class=\"van-actu-dot\"><\/span><span>Garder ses param\u00e8tres d&rsquo;alerte Orange \u00e0 jour dans MySlice&nbsp;; seules les \u00e9quipes officielles communiquent sur les fermetures.<\/span><\/li>\n<\/ul>\n<\/div>\n<section class=\"van-actu-faq\">\n<h2>Questions fr\u00e9quentes<\/h2>\n<details>\n<summary><span>L&rsquo;universit\u00e9 ferme-t-elle pendant les intemp\u00e9ries&nbsp;?<\/span><span class=\"van-actu-plus\">+<\/span><\/summary>\n<div class=\"van-actu-ans\">Non, Syracuse University n&rsquo;a pas pour habitude de fermer durant les intemp\u00e9ries et pr\u00e9voit de rester ouverte et op\u00e9rationnelle. Chaque personne reste toutefois invit\u00e9e \u00e0 \u00e9valuer la s\u00e9curit\u00e9 de son propre trajet.<\/div>\n<\/details>\n<details>\n<summary><span>O\u00f9 suivre les alertes m\u00e9t\u00e9o SU&nbsp;?<\/span><span class=\"van-actu-plus\">+<\/span><\/summary>\n<div class=\"van-actu-ans\">Par message texte, via le \u00ab&nbsp;crawl&nbsp;\u00bb sur les \u00e9crans du campus et les sites web de l&rsquo;universit\u00e9, sur X (@SyracuseUNews, @SyracuseDPS), Facebook (@SyracuseUniversityNews, @SyracuseDPS), sur news.syr.edu et Syracuse.edu, ainsi que via la radio publique WAER-FM\/88.3 et d&rsquo;autres m\u00e9dias locaux.<\/div>\n<\/details>\n<details>\n<summary><span>Que faire si je me sens en danger pour rejoindre le campus&nbsp;?<\/span><span class=\"van-actu-plus\">+<\/span><\/summary>\n<div class=\"van-actu-ans\">Les enseignants et \u00e9tudiants dipl\u00f4m\u00e9s concern\u00e9s sont invit\u00e9s \u00e0 contacter leur responsable ou le pr\u00e9sident de leur d\u00e9partement pour discuter de leur situation. La communication ouverte est encourag\u00e9e pour maintenir un environnement s\u00fbr.<\/div>\n<\/details>\n<details>\n<summary><span>Comment \u00eatre s\u00fbr de recevoir les notifications&nbsp;?<\/span><span class=\"van-actu-plus\">+<\/span><\/summary>\n<div class=\"van-actu-ans\">Il faut garder ses param\u00e8tres d&rsquo;alerte Orange \u00e0 jour dans MySlice. Seules les \u00e9quipes de Communications internes et de Relations avec les m\u00e9dias de l&rsquo;universit\u00e9 sont habilit\u00e9es \u00e0 communiquer sur les fermetures ou changements d&rsquo;horaires.<\/div>\n<\/details>\n<\/section>\n<div class=\"van-actu-note\">Information dat\u00e9e du 17 f\u00e9vrier 2025 relative au campus de Syracuse University. R\u00e9f\u00e9rez-vous toujours aux canaux officiels de l&rsquo;universit\u00e9 pour les mises \u00e0 jour en temps r\u00e9el.<\/div>\n<\/div>\n","protected":false},"excerpt":{"rendered":"","protected":false},"author":34,"featured_media":9883,"comment_status":"open","ping_status":"open","sticky":false,"template":"","format":"standard","meta":{"_acf_changed":false,"manual_indexmenow":false,"indexmenow_id_project":0,"footnotes":""},"categories":[1],"tags":[4646,3726,4713,3170,4635],"class_list":["post-9882","post","type-post","status-publish","format-standard","has-post-thumbnail","hentry","category-a-la-une","tag-assistance","tag-conditions-meteorologiques","tag-preparation","tag-securite","tag-voyage","generate-columns","tablet-grid-50","mobile-grid-100","grid-parent","grid-25"],"acf":[],"yoast_head":"<!-- This site is optimized with the Yoast SEO Premium plugin v21.3 (Yoast SEO v25.1) - https:\/\/yoast.com\/wordpress\/plugins\/seo\/ -->\n<title>les mises \u00e0 jour de l&#039;universit\u00e9 de syracuse sur les<\/title>\n<meta name=\"description\" content=\"Avertissement de neige du lac et vents violents en vigueur : Syracuse University reste ouverte mais appelle chacun \u00e0 \u00e9valuer les risques de son trajet et\" \/>\n<meta name=\"robots\" content=\"index, follow, max-snippet:-1, max-image-preview:large, max-video-preview:-1\" \/>\n<link rel=\"canonical\" href=\"https:\/\/voyage-aventure.com\/blog\/a-la-une\/les-mises-a-jour-de-luniversite-de-syracuse-sur-les-conditions-hivernales-pour-le-17-fevrier-2025\/\" \/>\n<meta property=\"og:locale\" content=\"fr_FR\" \/>\n<meta property=\"og:type\" content=\"article\" \/>\n<meta property=\"og:title\" content=\"les mises \u00e0 jour de l&#039;universit\u00e9 de syracuse sur les\" \/>\n<meta property=\"og:description\" content=\"Avertissement de neige du lac et vents violents en vigueur : Syracuse University reste ouverte mais appelle chacun \u00e0 \u00e9valuer les risques de son trajet et\" \/>\n<meta property=\"og:url\" content=\"https:\/\/voyage-aventure.com\/blog\/a-la-une\/les-mises-a-jour-de-luniversite-de-syracuse-sur-les-conditions-hivernales-pour-le-17-fevrier-2025\/\" \/>\n<meta property=\"og:site_name\" content=\"voyage-aventure\" \/>\n<meta property=\"og:image\" content=\"https:\/\/voyage-aventure.com\/blog\/wp-content\/uploads\/2025\/02\/stability-les-mises-a-jour-de-luniversite-de-syracuse-sur-les-conditions-hivernales-pour-le-17-fevrier-2025.png\" \/>\n\t<meta property=\"og:image:width\" content=\"1024\" \/>\n\t<meta property=\"og:image:height\" content=\"576\" \/>\n\t<meta property=\"og:image:type\" content=\"image\/png\" \/>\n<meta name=\"author\" content=\"Camille Rouvray\" \/>\n<meta name=\"twitter:card\" content=\"summary_large_image\" \/>\n<script type=\"application\/ld+json\" class=\"yoast-schema-graph\">{\"@context\":\"https:\/\/schema.org\",\"@graph\":[{\"@type\":\"NewsArticle\",\"@id\":\"https:\/\/voyage-aventure.com\/blog\/a-la-une\/les-mises-a-jour-de-luniversite-de-syracuse-sur-les-conditions-hivernales-pour-le-17-fevrier-2025\/#article\",\"isPartOf\":{\"@id\":\"https:\/\/voyage-aventure.com\/blog\/a-la-une\/les-mises-a-jour-de-luniversite-de-syracuse-sur-les-conditions-hivernales-pour-le-17-fevrier-2025\/\"},\"author\":{\"name\":\"Camille Rouvray\",\"@id\":\"https:\/\/voyage-aventure.com\/blog\/#\/schema\/person\/3c864cdc320801e3db34b663e7e3f816\"},\"headline\":\"les mises \u00e0 jour de l&rsquo;universit\u00e9 de syracuse sur les conditions hivernales pour le 17 f\u00e9vrier 2025\",\"datePublished\":\"2026-06-16T14:29:47+00:00\",\"mainEntityOfPage\":{\"@id\":\"https:\/\/voyage-aventure.com\/blog\/a-la-une\/les-mises-a-jour-de-luniversite-de-syracuse-sur-les-conditions-hivernales-pour-le-17-fevrier-2025\/\"},\"wordCount\":1065,\"commentCount\":20,\"publisher\":{\"@id\":\"https:\/\/voyage-aventure.com\/blog\/#organization\"},\"image\":{\"@id\":\"https:\/\/voyage-aventure.com\/blog\/a-la-une\/les-mises-a-jour-de-luniversite-de-syracuse-sur-les-conditions-hivernales-pour-le-17-fevrier-2025\/#primaryimage\"},\"thumbnailUrl\":\"https:\/\/voyage-aventure.com\/blog\/wp-content\/uploads\/2025\/02\/stability-les-mises-a-jour-de-luniversite-de-syracuse-sur-les-conditions-hivernales-pour-le-17-fevrier-2025.png\",\"keywords\":[\"Assistance\",\"Conditions M\u00e9t\u00e9orologiques\",\"Pr\u00e9paration\",\"S\u00e9curit\u00e9\",\"Voyage\"],\"articleSection\":[\"\u00c0 la une\"],\"inLanguage\":\"fr-FR\",\"potentialAction\":[{\"@type\":\"CommentAction\",\"name\":\"Comment\",\"target\":[\"https:\/\/voyage-aventure.com\/blog\/a-la-une\/les-mises-a-jour-de-luniversite-de-syracuse-sur-les-conditions-hivernales-pour-le-17-fevrier-2025\/#respond\"]}]},{\"@type\":\"WebPage\",\"@id\":\"https:\/\/voyage-aventure.com\/blog\/a-la-une\/les-mises-a-jour-de-luniversite-de-syracuse-sur-les-conditions-hivernales-pour-le-17-fevrier-2025\/\",\"url\":\"https:\/\/voyage-aventure.com\/blog\/a-la-une\/les-mises-a-jour-de-luniversite-de-syracuse-sur-les-conditions-hivernales-pour-le-17-fevrier-2025\/\",\"name\":\"les mises \u00e0 jour de l'universit\u00e9 de syracuse sur les\",\"isPartOf\":{\"@id\":\"https:\/\/voyage-aventure.com\/blog\/#website\"},\"primaryImageOfPage\":{\"@id\":\"https:\/\/voyage-aventure.com\/blog\/a-la-une\/les-mises-a-jour-de-luniversite-de-syracuse-sur-les-conditions-hivernales-pour-le-17-fevrier-2025\/#primaryimage\"},\"image\":{\"@id\":\"https:\/\/voyage-aventure.com\/blog\/a-la-une\/les-mises-a-jour-de-luniversite-de-syracuse-sur-les-conditions-hivernales-pour-le-17-fevrier-2025\/#primaryimage\"},\"thumbnailUrl\":\"https:\/\/voyage-aventure.com\/blog\/wp-content\/uploads\/2025\/02\/stability-les-mises-a-jour-de-luniversite-de-syracuse-sur-les-conditions-hivernales-pour-le-17-fevrier-2025.png\",\"datePublished\":\"2026-06-16T14:29:47+00:00\",\"description\":\"Avertissement de neige du lac et vents violents en vigueur : Syracuse University reste ouverte mais appelle chacun \u00e0 \u00e9valuer les risques de son trajet et\",\"inLanguage\":\"fr-FR\",\"potentialAction\":[{\"@type\":\"ReadAction\",\"target\":[\"https:\/\/voyage-aventure.com\/blog\/a-la-une\/les-mises-a-jour-de-luniversite-de-syracuse-sur-les-conditions-hivernales-pour-le-17-fevrier-2025\/\"]}]},{\"@type\":\"ImageObject\",\"inLanguage\":\"fr-FR\",\"@id\":\"https:\/\/voyage-aventure.com\/blog\/a-la-une\/les-mises-a-jour-de-luniversite-de-syracuse-sur-les-conditions-hivernales-pour-le-17-fevrier-2025\/#primaryimage\",\"url\":\"https:\/\/voyage-aventure.com\/blog\/wp-content\/uploads\/2025\/02\/stability-les-mises-a-jour-de-luniversite-de-syracuse-sur-les-conditions-hivernales-pour-le-17-fevrier-2025.png\",\"contentUrl\":\"https:\/\/voyage-aventure.com\/blog\/wp-content\/uploads\/2025\/02\/stability-les-mises-a-jour-de-luniversite-de-syracuse-sur-les-conditions-hivernales-pour-le-17-fevrier-2025.png\",\"width\":1024,\"height\":576},{\"@type\":\"WebSite\",\"@id\":\"https:\/\/voyage-aventure.com\/blog\/#website\",\"url\":\"https:\/\/voyage-aventure.com\/blog\/\",\"name\":\"voyage-aventure.com\",\"description\":\"Votre passeport pour l\u2019inattendu.\",\"publisher\":{\"@id\":\"https:\/\/voyage-aventure.com\/blog\/#organization\"},\"alternateName\":\"Votre passeport pour l\u2019inattendu.\",\"potentialAction\":[{\"@type\":\"SearchAction\",\"target\":{\"@type\":\"EntryPoint\",\"urlTemplate\":\"https:\/\/voyage-aventure.com\/blog\/?s={search_term_string}\"},\"query-input\":{\"@type\":\"PropertyValueSpecification\",\"valueRequired\":true,\"valueName\":\"search_term_string\"}}],\"inLanguage\":\"fr-FR\"},{\"@type\":\"Organization\",\"@id\":\"https:\/\/voyage-aventure.com\/blog\/#organization\",\"name\":\"Foretsensations.fr\",\"url\":\"https:\/\/voyage-aventure.com\/blog\/\",\"logo\":{\"@type\":\"ImageObject\",\"inLanguage\":\"fr-FR\",\"@id\":\"https:\/\/voyage-aventure.com\/blog\/#\/schema\/logo\/image\/\",\"url\":\"https:\/\/voyage-aventure.com\/blog\/wp-content\/uploads\/2024\/12\/19.png\",\"contentUrl\":\"https:\/\/voyage-aventure.com\/blog\/wp-content\/uploads\/2024\/12\/19.png\",\"width\":512,\"height\":512,\"caption\":\"Foretsensations.fr\"},\"image\":{\"@id\":\"https:\/\/voyage-aventure.com\/blog\/#\/schema\/logo\/image\/\"}},{\"@type\":\"Person\",\"@id\":\"https:\/\/voyage-aventure.com\/blog\/#\/schema\/person\/3c864cdc320801e3db34b663e7e3f816\",\"name\":\"Camille Rouvray\",\"image\":{\"@type\":\"ImageObject\",\"inLanguage\":\"fr-FR\",\"@id\":\"https:\/\/voyage-aventure.com\/blog\/#\/schema\/person\/image\/\",\"url\":\"https:\/\/voyage-aventure.com\/blog\/wp-content\/uploads\/2026\/06\/persona_camille-r-96x96.jpg\",\"contentUrl\":\"https:\/\/voyage-aventure.com\/blog\/wp-content\/uploads\/2026\/06\/persona_camille-r-96x96.jpg\",\"caption\":\"Camille Rouvray\"},\"description\":\"Je voyage et j'\u00e9cris sur le voyage depuis une douzaine d'ann\u00e9es, d'abord en tant que routarde au long cours, puis comme r\u00e9dactrice sp\u00e9cialis\u00e9e. Mon terrain de pr\u00e9dilection, ce sont les circuits organis\u00e9s et l'art de bien pr\u00e9parer un itin\u00e9raire : choix de la saison, dur\u00e9e r\u00e9aliste des \u00e9tapes, budget jour par jour, logement et transport sur place. J'aime aussi raconter les p\u00e9pites urbaines, ces adresses qu'on ne trouve pas dans les guides classiques. Avant de publier un dossier destination, je croise toujours plusieurs sources, je v\u00e9rifie les tarifs et les formalit\u00e9s d'entr\u00e9e \u00e0 jour, et je teste moi-m\u00eame quand je le peux. Mon angle reste pratique avant tout : aider le lecteur \u00e0 partir l'esprit tranquille, sans mauvaise surprise une fois sur place. Je m'attache \u00e0 distinguer le coup de c\u0153ur sinc\u00e8re du simple argument marketing.\",\"sameAs\":[\"https:\/\/camillerouvray.fr\/\"],\"url\":\"https:\/\/voyage-aventure.com\/blog\/auteur\/noname\/\"}]}<\/script>\n<!-- \/ Yoast SEO Premium plugin. -->","yoast_head_json":{"title":"les mises \u00e0 jour de l'universit\u00e9 de syracuse sur les","description":"Avertissement de neige du lac et vents violents en vigueur : Syracuse University reste ouverte mais appelle chacun \u00e0 \u00e9valuer les risques de son trajet et","robots":{"index":"index","follow":"follow","max-snippet":"max-snippet:-1","max-image-preview":"max-image-preview:large","max-video-preview":"max-video-preview:-1"},"canonical":"https:\/\/voyage-aventure.com\/blog\/a-la-une\/les-mises-a-jour-de-luniversite-de-syracuse-sur-les-conditions-hivernales-pour-le-17-fevrier-2025\/","og_locale":"fr_FR","og_type":"article","og_title":"les mises \u00e0 jour de l'universit\u00e9 de syracuse sur les","og_description":"Avertissement de neige du lac et vents violents en vigueur : Syracuse University reste ouverte mais appelle chacun \u00e0 \u00e9valuer les risques de son trajet et","og_url":"https:\/\/voyage-aventure.com\/blog\/a-la-une\/les-mises-a-jour-de-luniversite-de-syracuse-sur-les-conditions-hivernales-pour-le-17-fevrier-2025\/","og_site_name":"voyage-aventure","og_image":[{"width":1024,"height":576,"url":"https:\/\/voyage-aventure.com\/blog\/wp-content\/uploads\/2025\/02\/stability-les-mises-a-jour-de-luniversite-de-syracuse-sur-les-conditions-hivernales-pour-le-17-fevrier-2025.png","type":"image\/png"}],"author":"Camille Rouvray","twitter_card":"summary_large_image","schema":{"@context":"https:\/\/schema.org","@graph":[{"@type":"NewsArticle","@id":"https:\/\/voyage-aventure.com\/blog\/a-la-une\/les-mises-a-jour-de-luniversite-de-syracuse-sur-les-conditions-hivernales-pour-le-17-fevrier-2025\/#article","isPartOf":{"@id":"https:\/\/voyage-aventure.com\/blog\/a-la-une\/les-mises-a-jour-de-luniversite-de-syracuse-sur-les-conditions-hivernales-pour-le-17-fevrier-2025\/"},"author":{"name":"Camille Rouvray","@id":"https:\/\/voyage-aventure.com\/blog\/#\/schema\/person\/3c864cdc320801e3db34b663e7e3f816"},"headline":"les mises \u00e0 jour de l&rsquo;universit\u00e9 de syracuse sur les conditions hivernales pour le 17 f\u00e9vrier 2025","datePublished":"2026-06-16T14:29:47+00:00","mainEntityOfPage":{"@id":"https:\/\/voyage-aventure.com\/blog\/a-la-une\/les-mises-a-jour-de-luniversite-de-syracuse-sur-les-conditions-hivernales-pour-le-17-fevrier-2025\/"},"wordCount":1065,"commentCount":20,"publisher":{"@id":"https:\/\/voyage-aventure.com\/blog\/#organization"},"image":{"@id":"https:\/\/voyage-aventure.com\/blog\/a-la-une\/les-mises-a-jour-de-luniversite-de-syracuse-sur-les-conditions-hivernales-pour-le-17-fevrier-2025\/#primaryimage"},"thumbnailUrl":"https:\/\/voyage-aventure.com\/blog\/wp-content\/uploads\/2025\/02\/stability-les-mises-a-jour-de-luniversite-de-syracuse-sur-les-conditions-hivernales-pour-le-17-fevrier-2025.png","keywords":["Assistance","Conditions M\u00e9t\u00e9orologiques","Pr\u00e9paration","S\u00e9curit\u00e9","Voyage"],"articleSection":["\u00c0 la une"],"inLanguage":"fr-FR","potentialAction":[{"@type":"CommentAction","name":"Comment","target":["https:\/\/voyage-aventure.com\/blog\/a-la-une\/les-mises-a-jour-de-luniversite-de-syracuse-sur-les-conditions-hivernales-pour-le-17-fevrier-2025\/#respond"]}]},{"@type":"WebPage","@id":"https:\/\/voyage-aventure.com\/blog\/a-la-une\/les-mises-a-jour-de-luniversite-de-syracuse-sur-les-conditions-hivernales-pour-le-17-fevrier-2025\/","url":"https:\/\/voyage-aventure.com\/blog\/a-la-une\/les-mises-a-jour-de-luniversite-de-syracuse-sur-les-conditions-hivernales-pour-le-17-fevrier-2025\/","name":"les mises \u00e0 jour de l'universit\u00e9 de syracuse sur les","isPartOf":{"@id":"https:\/\/voyage-aventure.com\/blog\/#website"},"primaryImageOfPage":{"@id":"https:\/\/voyage-aventure.com\/blog\/a-la-une\/les-mises-a-jour-de-luniversite-de-syracuse-sur-les-conditions-hivernales-pour-le-17-fevrier-2025\/#primaryimage"},"image":{"@id":"https:\/\/voyage-aventure.com\/blog\/a-la-une\/les-mises-a-jour-de-luniversite-de-syracuse-sur-les-conditions-hivernales-pour-le-17-fevrier-2025\/#primaryimage"},"thumbnailUrl":"https:\/\/voyage-aventure.com\/blog\/wp-content\/uploads\/2025\/02\/stability-les-mises-a-jour-de-luniversite-de-syracuse-sur-les-conditions-hivernales-pour-le-17-fevrier-2025.png","datePublished":"2026-06-16T14:29:47+00:00","description":"Avertissement de neige du lac et vents violents en vigueur : Syracuse University reste ouverte mais appelle chacun \u00e0 \u00e9valuer les risques de son trajet et","inLanguage":"fr-FR","potentialAction":[{"@type":"ReadAction","target":["https:\/\/voyage-aventure.com\/blog\/a-la-une\/les-mises-a-jour-de-luniversite-de-syracuse-sur-les-conditions-hivernales-pour-le-17-fevrier-2025\/"]}]},{"@type":"ImageObject","inLanguage":"fr-FR","@id":"https:\/\/voyage-aventure.com\/blog\/a-la-une\/les-mises-a-jour-de-luniversite-de-syracuse-sur-les-conditions-hivernales-pour-le-17-fevrier-2025\/#primaryimage","url":"https:\/\/voyage-aventure.com\/blog\/wp-content\/uploads\/2025\/02\/stability-les-mises-a-jour-de-luniversite-de-syracuse-sur-les-conditions-hivernales-pour-le-17-fevrier-2025.png","contentUrl":"https:\/\/voyage-aventure.com\/blog\/wp-content\/uploads\/2025\/02\/stability-les-mises-a-jour-de-luniversite-de-syracuse-sur-les-conditions-hivernales-pour-le-17-fevrier-2025.png","width":1024,"height":576},{"@type":"WebSite","@id":"https:\/\/voyage-aventure.com\/blog\/#website","url":"https:\/\/voyage-aventure.com\/blog\/","name":"voyage-aventure.com","description":"Votre passeport pour l\u2019inattendu.","publisher":{"@id":"https:\/\/voyage-aventure.com\/blog\/#organization"},"alternateName":"Votre passeport pour l\u2019inattendu.","potentialAction":[{"@type":"SearchAction","target":{"@type":"EntryPoint","urlTemplate":"https:\/\/voyage-aventure.com\/blog\/?s={search_term_string}"},"query-input":{"@type":"PropertyValueSpecification","valueRequired":true,"valueName":"search_term_string"}}],"inLanguage":"fr-FR"},{"@type":"Organization","@id":"https:\/\/voyage-aventure.com\/blog\/#organization","name":"Foretsensations.fr","url":"https:\/\/voyage-aventure.com\/blog\/","logo":{"@type":"ImageObject","inLanguage":"fr-FR","@id":"https:\/\/voyage-aventure.com\/blog\/#\/schema\/logo\/image\/","url":"https:\/\/voyage-aventure.com\/blog\/wp-content\/uploads\/2024\/12\/19.png","contentUrl":"https:\/\/voyage-aventure.com\/blog\/wp-content\/uploads\/2024\/12\/19.png","width":512,"height":512,"caption":"Foretsensations.fr"},"image":{"@id":"https:\/\/voyage-aventure.com\/blog\/#\/schema\/logo\/image\/"}},{"@type":"Person","@id":"https:\/\/voyage-aventure.com\/blog\/#\/schema\/person\/3c864cdc320801e3db34b663e7e3f816","name":"Camille Rouvray","image":{"@type":"ImageObject","inLanguage":"fr-FR","@id":"https:\/\/voyage-aventure.com\/blog\/#\/schema\/person\/image\/","url":"https:\/\/voyage-aventure.com\/blog\/wp-content\/uploads\/2026\/06\/persona_camille-r-96x96.jpg","contentUrl":"https:\/\/voyage-aventure.com\/blog\/wp-content\/uploads\/2026\/06\/persona_camille-r-96x96.jpg","caption":"Camille Rouvray"},"description":"Je voyage et j'\u00e9cris sur le voyage depuis une douzaine d'ann\u00e9es, d'abord en tant que routarde au long cours, puis comme r\u00e9dactrice sp\u00e9cialis\u00e9e. Mon terrain de pr\u00e9dilection, ce sont les circuits organis\u00e9s et l'art de bien pr\u00e9parer un itin\u00e9raire : choix de la saison, dur\u00e9e r\u00e9aliste des \u00e9tapes, budget jour par jour, logement et transport sur place. J'aime aussi raconter les p\u00e9pites urbaines, ces adresses qu'on ne trouve pas dans les guides classiques. Avant de publier un dossier destination, je croise toujours plusieurs sources, je v\u00e9rifie les tarifs et les formalit\u00e9s d'entr\u00e9e \u00e0 jour, et je teste moi-m\u00eame quand je le peux. Mon angle reste pratique avant tout : aider le lecteur \u00e0 partir l'esprit tranquille, sans mauvaise surprise une fois sur place. Je m'attache \u00e0 distinguer le coup de c\u0153ur sinc\u00e8re du simple argument marketing.","sameAs":["https:\/\/camillerouvray.fr\/"],"url":"https:\/\/voyage-aventure.com\/blog\/auteur\/noname\/"}]}},"_links":{"self":[{"href":"https:\/\/voyage-aventure.com\/blog\/wp-json\/wp\/v2\/posts\/9882","targetHints":{"allow":["GET"]}}],"collection":[{"href":"https:\/\/voyage-aventure.com\/blog\/wp-json\/wp\/v2\/posts"}],"about":[{"href":"https:\/\/voyage-aventure.com\/blog\/wp-json\/wp\/v2\/types\/post"}],"author":[{"embeddable":true,"href":"https:\/\/voyage-aventure.com\/blog\/wp-json\/wp\/v2\/users\/34"}],"replies":[{"embeddable":true,"href":"https:\/\/voyage-aventure.com\/blog\/wp-json\/wp\/v2\/comments?post=9882"}],"version-history":[{"count":3,"href":"https:\/\/voyage-aventure.com\/blog\/wp-json\/wp\/v2\/posts\/9882\/revisions"}],"predecessor-version":[{"id":22537,"href":"https:\/\/voyage-aventure.com\/blog\/wp-json\/wp\/v2\/posts\/9882\/revisions\/22537"}],"wp:featuredmedia":[{"embeddable":true,"href":"https:\/\/voyage-aventure.com\/blog\/wp-json\/wp\/v2\/media\/9883"}],"wp:attachment":[{"href":"https:\/\/voyage-aventure.com\/blog\/wp-json\/wp\/v2\/media?parent=9882"}],"wp:term":[{"taxonomy":"category","embeddable":true,"href":"https:\/\/voyage-aventure.com\/blog\/wp-json\/wp\/v2\/categories?post=9882"},{"taxonomy":"post_tag","embeddable":true,"href":"https:\/\/voyage-aventure.com\/blog\/wp-json\/wp\/v2\/tags?post=9882"}],"curies":[{"name":"wp","href":"https:\/\/api.w.org\/{rel}","templated":true}]}}