{"id":9869,"date":"2025-02-17T14:33:22","date_gmt":"2025-02-17T13:33:22","guid":{"rendered":"https:\/\/voyage-aventure.com\/blog\/?p=9869"},"modified":"2025-02-17T12:10:43","modified_gmt":"2025-02-17T11:10:43","slug":"des-accusations-de-violation-de-la-politique-de-voyage-pesent-sur-le-maire-de-deltona","status":"publish","type":"post","link":"https:\/\/voyage-aventure.com\/blog\/a-la-une\/des-accusations-de-violation-de-la-politique-de-voyage-pesent-sur-le-maire-de-deltona\/","title":{"rendered":"Des accusations de violation de la politique de voyage p\u00e8sent sur le maire de Deltona"},"content":{"rendered":"<h2>Un d\u00e9bat houleux autour des voyages officiels<\/h2>\n<p>Le maire de Deltona, Santiago Avila Jr., se retrouve au c\u0153ur d&rsquo;une controverse concernant des all\u00e9gations de violation de la politique de voyage de la ville. Ce lundi soir, un audience quasi-judiciaire sera organis\u00e9e pour examiner ces accusations, soulevant des inqui\u00e9tudes quant \u00e0 la transparence et \u00e0 la confiance envers les \u00e9lus locaux. Les citoyens de Deltona, ainsi que les membres du conseil municipal, attendent des explications claires sur les voyages effectu\u00e9s par le maire.<\/p>\n<p>Lors d&rsquo;une r\u00e9union du conseil municipal le 3 f\u00e9vrier, une d\u00e9cision a \u00e9t\u00e9 prise pour tenir cette audience. Les responsables municipaux cherchent \u00e0 d\u00e9terminer si le maire avait connaissance des r\u00e8gles en mati\u00e8re de voyages avant son d\u00e9placement \u00e0 Washington, D.C., en janvier 2025. Les cons\u00e9quences potentielles de cette affaire pourraient avoir des r\u00e9percussions significatives sur la direction future de la ville.<\/p>\n<h2>Les d\u00e9tails de l&rsquo;affaire<\/h2>\n<p>La pol\u00e9mique a \u00e9t\u00e9 aliment\u00e9e par des d\u00e9clarations faites par la commissaire Dori Howington, qui a \u00e9voqu\u00e9 les co\u00fbts exorbitants li\u00e9s au voyage du maire, notamment les frais d&rsquo;h\u00e9bergement et l&rsquo;utilisation d&rsquo;un v\u00e9hicule de la ville. Les citoyens se sont de plus en plus inqui\u00e9t\u00e9s face \u00e0 la gestion des fonds publics et \u00e0 l&rsquo;application des politiques. Ces pr\u00e9occupations ont conduit \u00e0 la tenue d&rsquo;une audience o\u00f9 des preuves et t\u00e9moignages seront examin\u00e9s.<\/p>\n<p>Dans une d\u00e9claration publique, le maire Avila a fermement rejet\u00e9 les accusations, affirmant que son d\u00e9placement \u00e0 D.C. \u00e9tait principalement pour assister \u00e0 la Conf\u00e9rence des maires des \u00c9tats-Unis. Il a insist\u00e9 sur le fait qu&rsquo;il n&rsquo;avait pas enfreint la politique de voyage, qui stipule que l&rsquo;approbation du conseil est n\u00e9cessaire pour les conf\u00e9rences hors de l&rsquo;\u00c9tat. Cette d\u00e9claration a \u00e9t\u00e9 accueillie avec scepticisme par certains membres du conseil et des citoyens.<\/p>\n<h2>Quelles cons\u00e9quences pour le maire ?<\/h2>\n<p>Si les all\u00e9gations contre le maire sont confirm\u00e9es, les sanctions pourraient varier selon le Code des ordonnances de la ville de Deltona. Les infractions pourraient aller d&rsquo;une r\u00e9duction de salaire \u00e0 une possible r\u00e9vocation. Le commissaire Nick Lulli, qui a manqu\u00e9 la r\u00e9union du 3 f\u00e9vrier en raison de vacances, a exprim\u00e9 l&rsquo;importance de cette audience pour la confiance entre les \u00e9lus et les r\u00e9sidents de Deltona.<\/p>\n<blockquote><p>\n\u00ab\u00a0Nous avons longtemps eu une m\u00e9fiance dans notre ville entre les r\u00e9sidents et nos \u00e9lus. Il est crucial de maintenir cette confiance intacte,\u00a0\u00bb a d\u00e9clar\u00e9 Nick Lulli.\n<\/p><\/blockquote>\n<p>Les r\u00e9sidents de Deltona suivent ce dossier de pr\u00e8s, d\u00e9sireux de comprendre les implications de cette affaire sur la gouvernance de leur ville. La session publique pr\u00e9vue \u00e0 18 heures, suivie d&rsquo;une r\u00e9union d&rsquo;affaires, devrait attirer un nombre important de citoyens.<\/p>\n<ul>\n<li>Une r\u00e9union publique aura lieu \u00e0 18 heures.<\/li>\n<li>Les commissions examineront les preuves et les t\u00e9moignages.<\/li>\n<li>Des sanctions pourraient \u00eatre impos\u00e9es si des violations sont confirm\u00e9es.<\/li>\n<li>La confiance des citoyens envers leurs \u00e9lus est en jeu.<\/li>\n<li>Le maire insiste sur le caract\u00e8re l\u00e9gitime de son voyage \u00e0 D.C.<\/li>\n<\/ul>\n<p>Alors que l&rsquo;audience approche, les citoyens esp\u00e8rent que cette affaire contribuera \u00e0 renforcer la transparence dans la gestion municipale. La n\u00e9cessit\u00e9 d&rsquo;une gouvernance responsable et respectueuse des r\u00e8gles est plus cruciale que jamais dans le contexte actuel. Les r\u00e9sultats de cette audience pourraient marquer un tournant dans la mani\u00e8re dont les affaires publiques sont g\u00e9r\u00e9es \u00e0 Deltona, tant pour les \u00e9lus que pour les citoyens.<br \/>\n<img decoding=\"async\" width=\"1024\" height=\"576\" src=\"https:\/\/voyage-aventure.com\/blog\/wp-content\/uploads\/2025\/02\/stability-des-accusations-de-violation-de-la-politique-de-voyage-pesent-sur-le-maire-de-deltona-1.png\" class=\"aligncenter\" alt=\"Illustration d\u00e9taill\u00e9e sur Des accusations de violation de la politique de voyage p\u00e8sent sur le maire de Deltona\" title=\"Des accusations de violation de la politique de voyage p\u00e8sent sur le maire de Deltona\" loading=\"lazy\" \/><\/p>\n","protected":false},"excerpt":{"rendered":"","protected":false},"author":34,"featured_media":9870,"comment_status":"open","ping_status":"open","sticky":false,"template":"","format":"standard","meta":{"_acf_changed":false,"manual_indexmenow":false,"indexmenow_id_project":0,"footnotes":""},"categories":[1],"tags":[4636,3800,4713,3170,4526],"class_list":["post-9869","post","type-post","status-publish","format-standard","has-post-thumbnail","hentry","category-a-la-une","tag-destinations","tag-emotions","tag-preparation","tag-securite","tag-voyage-economique","generate-columns","tablet-grid-50","mobile-grid-100","grid-parent","grid-25"],"acf":[],"yoast_head":"<!-- This site is optimized with the Yoast SEO Premium plugin v21.3 (Yoast SEO v25.1) - https:\/\/yoast.com\/wordpress\/plugins\/seo\/ -->\n<title>Des accusations de violation de la politique de voyage<\/title>\n<meta name=\"description\" content=\"Le maire de Deltona, Santiago Avila Jr., se retrouve au c\u0153ur d&#039;une controverse concernant des all\u00e9gations de violation de la politique de voyage de la\" \/>\n<meta name=\"robots\" content=\"index, follow, max-snippet:-1, max-image-preview:large, max-video-preview:-1\" \/>\n<link rel=\"canonical\" href=\"https:\/\/voyage-aventure.com\/blog\/a-la-une\/des-accusations-de-violation-de-la-politique-de-voyage-pesent-sur-le-maire-de-deltona\/\" \/>\n<meta property=\"og:locale\" content=\"fr_FR\" \/>\n<meta property=\"og:type\" content=\"article\" \/>\n<meta property=\"og:title\" content=\"Des accusations de violation de la politique de voyage\" \/>\n<meta property=\"og:description\" content=\"Le maire de Deltona, Santiago Avila Jr., se retrouve au c\u0153ur d&#039;une controverse concernant des all\u00e9gations de violation de la politique de voyage de la\" \/>\n<meta property=\"og:url\" content=\"https:\/\/voyage-aventure.com\/blog\/a-la-une\/des-accusations-de-violation-de-la-politique-de-voyage-pesent-sur-le-maire-de-deltona\/\" \/>\n<meta property=\"og:site_name\" content=\"voyage-aventure\" \/>\n<meta property=\"og:image\" content=\"https:\/\/voyage-aventure.com\/blog\/wp-content\/uploads\/2025\/02\/stability-des-accusations-de-violation-de-la-politique-de-voyage-pesent-sur-le-maire-de-deltona.png\" \/>\n\t<meta property=\"og:image:width\" content=\"1024\" \/>\n\t<meta property=\"og:image:height\" content=\"576\" \/>\n\t<meta property=\"og:image:type\" content=\"image\/png\" \/>\n<meta name=\"author\" content=\"Camille Rouvray\" \/>\n<meta name=\"twitter:card\" content=\"summary_large_image\" \/>\n<script type=\"application\/ld+json\" class=\"yoast-schema-graph\">{\"@context\":\"https:\/\/schema.org\",\"@graph\":[{\"@type\":\"NewsArticle\",\"@id\":\"https:\/\/voyage-aventure.com\/blog\/a-la-une\/des-accusations-de-violation-de-la-politique-de-voyage-pesent-sur-le-maire-de-deltona\/#article\",\"isPartOf\":{\"@id\":\"https:\/\/voyage-aventure.com\/blog\/a-la-une\/des-accusations-de-violation-de-la-politique-de-voyage-pesent-sur-le-maire-de-deltona\/\"},\"author\":{\"name\":\"Camille Rouvray\",\"@id\":\"https:\/\/voyage-aventure.com\/blog\/#\/schema\/person\/3c864cdc320801e3db34b663e7e3f816\"},\"headline\":\"Des accusations de violation de la politique de voyage p\u00e8sent sur le maire de Deltona\",\"datePublished\":\"2025-02-17T13:33:22+00:00\",\"mainEntityOfPage\":{\"@id\":\"https:\/\/voyage-aventure.com\/blog\/a-la-une\/des-accusations-de-violation-de-la-politique-de-voyage-pesent-sur-le-maire-de-deltona\/\"},\"wordCount\":626,\"commentCount\":24,\"publisher\":{\"@id\":\"https:\/\/voyage-aventure.com\/blog\/#organization\"},\"image\":{\"@id\":\"https:\/\/voyage-aventure.com\/blog\/a-la-une\/des-accusations-de-violation-de-la-politique-de-voyage-pesent-sur-le-maire-de-deltona\/#primaryimage\"},\"thumbnailUrl\":\"https:\/\/voyage-aventure.com\/blog\/wp-content\/uploads\/2025\/02\/stability-des-accusations-de-violation-de-la-politique-de-voyage-pesent-sur-le-maire-de-deltona.png\",\"keywords\":[\"Destinations\",\"\u00c9motions\",\"Pr\u00e9paration\",\"S\u00e9curit\u00e9\",\"Voyage \u00c9conomique\"],\"articleSection\":[\"\u00c0 la une\"],\"inLanguage\":\"fr-FR\",\"potentialAction\":[{\"@type\":\"CommentAction\",\"name\":\"Comment\",\"target\":[\"https:\/\/voyage-aventure.com\/blog\/a-la-une\/des-accusations-de-violation-de-la-politique-de-voyage-pesent-sur-le-maire-de-deltona\/#respond\"]}]},{\"@type\":\"WebPage\",\"@id\":\"https:\/\/voyage-aventure.com\/blog\/a-la-une\/des-accusations-de-violation-de-la-politique-de-voyage-pesent-sur-le-maire-de-deltona\/\",\"url\":\"https:\/\/voyage-aventure.com\/blog\/a-la-une\/des-accusations-de-violation-de-la-politique-de-voyage-pesent-sur-le-maire-de-deltona\/\",\"name\":\"Des accusations de violation de la politique de voyage\",\"isPartOf\":{\"@id\":\"https:\/\/voyage-aventure.com\/blog\/#website\"},\"primaryImageOfPage\":{\"@id\":\"https:\/\/voyage-aventure.com\/blog\/a-la-une\/des-accusations-de-violation-de-la-politique-de-voyage-pesent-sur-le-maire-de-deltona\/#primaryimage\"},\"image\":{\"@id\":\"https:\/\/voyage-aventure.com\/blog\/a-la-une\/des-accusations-de-violation-de-la-politique-de-voyage-pesent-sur-le-maire-de-deltona\/#primaryimage\"},\"thumbnailUrl\":\"https:\/\/voyage-aventure.com\/blog\/wp-content\/uploads\/2025\/02\/stability-des-accusations-de-violation-de-la-politique-de-voyage-pesent-sur-le-maire-de-deltona.png\",\"datePublished\":\"2025-02-17T13:33:22+00:00\",\"description\":\"Le maire de Deltona, Santiago Avila Jr., se retrouve au c\u0153ur d'une controverse concernant des all\u00e9gations de violation de la politique de voyage de la\",\"inLanguage\":\"fr-FR\",\"potentialAction\":[{\"@type\":\"ReadAction\",\"target\":[\"https:\/\/voyage-aventure.com\/blog\/a-la-une\/des-accusations-de-violation-de-la-politique-de-voyage-pesent-sur-le-maire-de-deltona\/\"]}]},{\"@type\":\"ImageObject\",\"inLanguage\":\"fr-FR\",\"@id\":\"https:\/\/voyage-aventure.com\/blog\/a-la-une\/des-accusations-de-violation-de-la-politique-de-voyage-pesent-sur-le-maire-de-deltona\/#primaryimage\",\"url\":\"https:\/\/voyage-aventure.com\/blog\/wp-content\/uploads\/2025\/02\/stability-des-accusations-de-violation-de-la-politique-de-voyage-pesent-sur-le-maire-de-deltona.png\",\"contentUrl\":\"https:\/\/voyage-aventure.com\/blog\/wp-content\/uploads\/2025\/02\/stability-des-accusations-de-violation-de-la-politique-de-voyage-pesent-sur-le-maire-de-deltona.png\",\"width\":1024,\"height\":576},{\"@type\":\"WebSite\",\"@id\":\"https:\/\/voyage-aventure.com\/blog\/#website\",\"url\":\"https:\/\/voyage-aventure.com\/blog\/\",\"name\":\"voyage-aventure.com\",\"description\":\"Votre passeport pour l\u2019inattendu.\",\"publisher\":{\"@id\":\"https:\/\/voyage-aventure.com\/blog\/#organization\"},\"alternateName\":\"Votre passeport pour l\u2019inattendu.\",\"potentialAction\":[{\"@type\":\"SearchAction\",\"target\":{\"@type\":\"EntryPoint\",\"urlTemplate\":\"https:\/\/voyage-aventure.com\/blog\/?s={search_term_string}\"},\"query-input\":{\"@type\":\"PropertyValueSpecification\",\"valueRequired\":true,\"valueName\":\"search_term_string\"}}],\"inLanguage\":\"fr-FR\"},{\"@type\":\"Organization\",\"@id\":\"https:\/\/voyage-aventure.com\/blog\/#organization\",\"name\":\"Foretsensations.fr\",\"url\":\"https:\/\/voyage-aventure.com\/blog\/\",\"logo\":{\"@type\":\"ImageObject\",\"inLanguage\":\"fr-FR\",\"@id\":\"https:\/\/voyage-aventure.com\/blog\/#\/schema\/logo\/image\/\",\"url\":\"https:\/\/voyage-aventure.com\/blog\/wp-content\/uploads\/2024\/12\/19.png\",\"contentUrl\":\"https:\/\/voyage-aventure.com\/blog\/wp-content\/uploads\/2024\/12\/19.png\",\"width\":512,\"height\":512,\"caption\":\"Foretsensations.fr\"},\"image\":{\"@id\":\"https:\/\/voyage-aventure.com\/blog\/#\/schema\/logo\/image\/\"}},{\"@type\":\"Person\",\"@id\":\"https:\/\/voyage-aventure.com\/blog\/#\/schema\/person\/3c864cdc320801e3db34b663e7e3f816\",\"name\":\"Camille Rouvray\",\"image\":{\"@type\":\"ImageObject\",\"inLanguage\":\"fr-FR\",\"@id\":\"https:\/\/voyage-aventure.com\/blog\/#\/schema\/person\/image\/\",\"url\":\"https:\/\/voyage-aventure.com\/blog\/wp-content\/uploads\/2026\/06\/persona_camille-r-96x96.jpg\",\"contentUrl\":\"https:\/\/voyage-aventure.com\/blog\/wp-content\/uploads\/2026\/06\/persona_camille-r-96x96.jpg\",\"caption\":\"Camille Rouvray\"},\"description\":\"Je voyage et j'\u00e9cris sur le voyage depuis une douzaine d'ann\u00e9es, d'abord en tant que routarde au long cours, puis comme r\u00e9dactrice sp\u00e9cialis\u00e9e. Mon terrain de pr\u00e9dilection, ce sont les circuits organis\u00e9s et l'art de bien pr\u00e9parer un itin\u00e9raire : choix de la saison, dur\u00e9e r\u00e9aliste des \u00e9tapes, budget jour par jour, logement et transport sur place. J'aime aussi raconter les p\u00e9pites urbaines, ces adresses qu'on ne trouve pas dans les guides classiques. Avant de publier un dossier destination, je croise toujours plusieurs sources, je v\u00e9rifie les tarifs et les formalit\u00e9s d'entr\u00e9e \u00e0 jour, et je teste moi-m\u00eame quand je le peux. Mon angle reste pratique avant tout : aider le lecteur \u00e0 partir l'esprit tranquille, sans mauvaise surprise une fois sur place. Je m'attache \u00e0 distinguer le coup de c\u0153ur sinc\u00e8re du simple argument marketing.\",\"sameAs\":[\"https:\/\/camillerouvray.fr\/\"],\"url\":\"https:\/\/voyage-aventure.com\/blog\/auteur\/noname\/\"}]}<\/script>\n<!-- \/ Yoast SEO Premium plugin. -->","yoast_head_json":{"title":"Des accusations de violation de la politique de voyage","description":"Le maire de Deltona, Santiago Avila Jr., se retrouve au c\u0153ur d'une controverse concernant des all\u00e9gations de violation de la politique de voyage de la","robots":{"index":"index","follow":"follow","max-snippet":"max-snippet:-1","max-image-preview":"max-image-preview:large","max-video-preview":"max-video-preview:-1"},"canonical":"https:\/\/voyage-aventure.com\/blog\/a-la-une\/des-accusations-de-violation-de-la-politique-de-voyage-pesent-sur-le-maire-de-deltona\/","og_locale":"fr_FR","og_type":"article","og_title":"Des accusations de violation de la politique de voyage","og_description":"Le maire de Deltona, Santiago Avila Jr., se retrouve au c\u0153ur d'une controverse concernant des all\u00e9gations de violation de la politique de voyage de la","og_url":"https:\/\/voyage-aventure.com\/blog\/a-la-une\/des-accusations-de-violation-de-la-politique-de-voyage-pesent-sur-le-maire-de-deltona\/","og_site_name":"voyage-aventure","og_image":[{"width":1024,"height":576,"url":"https:\/\/voyage-aventure.com\/blog\/wp-content\/uploads\/2025\/02\/stability-des-accusations-de-violation-de-la-politique-de-voyage-pesent-sur-le-maire-de-deltona.png","type":"image\/png"}],"author":"Camille Rouvray","twitter_card":"summary_large_image","schema":{"@context":"https:\/\/schema.org","@graph":[{"@type":"NewsArticle","@id":"https:\/\/voyage-aventure.com\/blog\/a-la-une\/des-accusations-de-violation-de-la-politique-de-voyage-pesent-sur-le-maire-de-deltona\/#article","isPartOf":{"@id":"https:\/\/voyage-aventure.com\/blog\/a-la-une\/des-accusations-de-violation-de-la-politique-de-voyage-pesent-sur-le-maire-de-deltona\/"},"author":{"name":"Camille Rouvray","@id":"https:\/\/voyage-aventure.com\/blog\/#\/schema\/person\/3c864cdc320801e3db34b663e7e3f816"},"headline":"Des accusations de violation de la politique de voyage p\u00e8sent sur le maire de Deltona","datePublished":"2025-02-17T13:33:22+00:00","mainEntityOfPage":{"@id":"https:\/\/voyage-aventure.com\/blog\/a-la-une\/des-accusations-de-violation-de-la-politique-de-voyage-pesent-sur-le-maire-de-deltona\/"},"wordCount":626,"commentCount":24,"publisher":{"@id":"https:\/\/voyage-aventure.com\/blog\/#organization"},"image":{"@id":"https:\/\/voyage-aventure.com\/blog\/a-la-une\/des-accusations-de-violation-de-la-politique-de-voyage-pesent-sur-le-maire-de-deltona\/#primaryimage"},"thumbnailUrl":"https:\/\/voyage-aventure.com\/blog\/wp-content\/uploads\/2025\/02\/stability-des-accusations-de-violation-de-la-politique-de-voyage-pesent-sur-le-maire-de-deltona.png","keywords":["Destinations","\u00c9motions","Pr\u00e9paration","S\u00e9curit\u00e9","Voyage \u00c9conomique"],"articleSection":["\u00c0 la une"],"inLanguage":"fr-FR","potentialAction":[{"@type":"CommentAction","name":"Comment","target":["https:\/\/voyage-aventure.com\/blog\/a-la-une\/des-accusations-de-violation-de-la-politique-de-voyage-pesent-sur-le-maire-de-deltona\/#respond"]}]},{"@type":"WebPage","@id":"https:\/\/voyage-aventure.com\/blog\/a-la-une\/des-accusations-de-violation-de-la-politique-de-voyage-pesent-sur-le-maire-de-deltona\/","url":"https:\/\/voyage-aventure.com\/blog\/a-la-une\/des-accusations-de-violation-de-la-politique-de-voyage-pesent-sur-le-maire-de-deltona\/","name":"Des accusations de violation de la politique de voyage","isPartOf":{"@id":"https:\/\/voyage-aventure.com\/blog\/#website"},"primaryImageOfPage":{"@id":"https:\/\/voyage-aventure.com\/blog\/a-la-une\/des-accusations-de-violation-de-la-politique-de-voyage-pesent-sur-le-maire-de-deltona\/#primaryimage"},"image":{"@id":"https:\/\/voyage-aventure.com\/blog\/a-la-une\/des-accusations-de-violation-de-la-politique-de-voyage-pesent-sur-le-maire-de-deltona\/#primaryimage"},"thumbnailUrl":"https:\/\/voyage-aventure.com\/blog\/wp-content\/uploads\/2025\/02\/stability-des-accusations-de-violation-de-la-politique-de-voyage-pesent-sur-le-maire-de-deltona.png","datePublished":"2025-02-17T13:33:22+00:00","description":"Le maire de Deltona, Santiago Avila Jr., se retrouve au c\u0153ur d'une controverse concernant des all\u00e9gations de violation de la politique de voyage de la","inLanguage":"fr-FR","potentialAction":[{"@type":"ReadAction","target":["https:\/\/voyage-aventure.com\/blog\/a-la-une\/des-accusations-de-violation-de-la-politique-de-voyage-pesent-sur-le-maire-de-deltona\/"]}]},{"@type":"ImageObject","inLanguage":"fr-FR","@id":"https:\/\/voyage-aventure.com\/blog\/a-la-une\/des-accusations-de-violation-de-la-politique-de-voyage-pesent-sur-le-maire-de-deltona\/#primaryimage","url":"https:\/\/voyage-aventure.com\/blog\/wp-content\/uploads\/2025\/02\/stability-des-accusations-de-violation-de-la-politique-de-voyage-pesent-sur-le-maire-de-deltona.png","contentUrl":"https:\/\/voyage-aventure.com\/blog\/wp-content\/uploads\/2025\/02\/stability-des-accusations-de-violation-de-la-politique-de-voyage-pesent-sur-le-maire-de-deltona.png","width":1024,"height":576},{"@type":"WebSite","@id":"https:\/\/voyage-aventure.com\/blog\/#website","url":"https:\/\/voyage-aventure.com\/blog\/","name":"voyage-aventure.com","description":"Votre passeport pour l\u2019inattendu.","publisher":{"@id":"https:\/\/voyage-aventure.com\/blog\/#organization"},"alternateName":"Votre passeport pour l\u2019inattendu.","potentialAction":[{"@type":"SearchAction","target":{"@type":"EntryPoint","urlTemplate":"https:\/\/voyage-aventure.com\/blog\/?s={search_term_string}"},"query-input":{"@type":"PropertyValueSpecification","valueRequired":true,"valueName":"search_term_string"}}],"inLanguage":"fr-FR"},{"@type":"Organization","@id":"https:\/\/voyage-aventure.com\/blog\/#organization","name":"Foretsensations.fr","url":"https:\/\/voyage-aventure.com\/blog\/","logo":{"@type":"ImageObject","inLanguage":"fr-FR","@id":"https:\/\/voyage-aventure.com\/blog\/#\/schema\/logo\/image\/","url":"https:\/\/voyage-aventure.com\/blog\/wp-content\/uploads\/2024\/12\/19.png","contentUrl":"https:\/\/voyage-aventure.com\/blog\/wp-content\/uploads\/2024\/12\/19.png","width":512,"height":512,"caption":"Foretsensations.fr"},"image":{"@id":"https:\/\/voyage-aventure.com\/blog\/#\/schema\/logo\/image\/"}},{"@type":"Person","@id":"https:\/\/voyage-aventure.com\/blog\/#\/schema\/person\/3c864cdc320801e3db34b663e7e3f816","name":"Camille Rouvray","image":{"@type":"ImageObject","inLanguage":"fr-FR","@id":"https:\/\/voyage-aventure.com\/blog\/#\/schema\/person\/image\/","url":"https:\/\/voyage-aventure.com\/blog\/wp-content\/uploads\/2026\/06\/persona_camille-r-96x96.jpg","contentUrl":"https:\/\/voyage-aventure.com\/blog\/wp-content\/uploads\/2026\/06\/persona_camille-r-96x96.jpg","caption":"Camille Rouvray"},"description":"Je voyage et j'\u00e9cris sur le voyage depuis une douzaine d'ann\u00e9es, d'abord en tant que routarde au long cours, puis comme r\u00e9dactrice sp\u00e9cialis\u00e9e. Mon terrain de pr\u00e9dilection, ce sont les circuits organis\u00e9s et l'art de bien pr\u00e9parer un itin\u00e9raire : choix de la saison, dur\u00e9e r\u00e9aliste des \u00e9tapes, budget jour par jour, logement et transport sur place. J'aime aussi raconter les p\u00e9pites urbaines, ces adresses qu'on ne trouve pas dans les guides classiques. Avant de publier un dossier destination, je croise toujours plusieurs sources, je v\u00e9rifie les tarifs et les formalit\u00e9s d'entr\u00e9e \u00e0 jour, et je teste moi-m\u00eame quand je le peux. Mon angle reste pratique avant tout : aider le lecteur \u00e0 partir l'esprit tranquille, sans mauvaise surprise une fois sur place. Je m'attache \u00e0 distinguer le coup de c\u0153ur sinc\u00e8re du simple argument marketing.","sameAs":["https:\/\/camillerouvray.fr\/"],"url":"https:\/\/voyage-aventure.com\/blog\/auteur\/noname\/"}]}},"_links":{"self":[{"href":"https:\/\/voyage-aventure.com\/blog\/wp-json\/wp\/v2\/posts\/9869","targetHints":{"allow":["GET"]}}],"collection":[{"href":"https:\/\/voyage-aventure.com\/blog\/wp-json\/wp\/v2\/posts"}],"about":[{"href":"https:\/\/voyage-aventure.com\/blog\/wp-json\/wp\/v2\/types\/post"}],"author":[{"embeddable":true,"href":"https:\/\/voyage-aventure.com\/blog\/wp-json\/wp\/v2\/users\/34"}],"replies":[{"embeddable":true,"href":"https:\/\/voyage-aventure.com\/blog\/wp-json\/wp\/v2\/comments?post=9869"}],"version-history":[{"count":1,"href":"https:\/\/voyage-aventure.com\/blog\/wp-json\/wp\/v2\/posts\/9869\/revisions"}],"predecessor-version":[{"id":9872,"href":"https:\/\/voyage-aventure.com\/blog\/wp-json\/wp\/v2\/posts\/9869\/revisions\/9872"}],"wp:featuredmedia":[{"embeddable":true,"href":"https:\/\/voyage-aventure.com\/blog\/wp-json\/wp\/v2\/media\/9870"}],"wp:attachment":[{"href":"https:\/\/voyage-aventure.com\/blog\/wp-json\/wp\/v2\/media?parent=9869"}],"wp:term":[{"taxonomy":"category","embeddable":true,"href":"https:\/\/voyage-aventure.com\/blog\/wp-json\/wp\/v2\/categories?post=9869"},{"taxonomy":"post_tag","embeddable":true,"href":"https:\/\/voyage-aventure.com\/blog\/wp-json\/wp\/v2\/tags?post=9869"}],"curies":[{"name":"wp","href":"https:\/\/api.w.org\/{rel}","templated":true}]}}