{"id":9830,"date":"2025-02-19T06:42:45","date_gmt":"2025-02-19T05:42:45","guid":{"rendered":"https:\/\/voyage-aventure.com\/blog\/?p=9830"},"modified":"2025-02-17T05:04:46","modified_gmt":"2025-02-17T04:04:46","slug":"decouvrez-les-moments-marquants-de-la-semaine-du-2-au-14-fevrier-en-photos","status":"publish","type":"post","link":"https:\/\/voyage-aventure.com\/blog\/destinations-aventure\/decouvrez-les-moments-marquants-de-la-semaine-du-2-au-14-fevrier-en-photos\/","title":{"rendered":"D\u00e9couvrez les moments marquants de la semaine du 2 au 14 f\u00e9vrier en photos"},"content":{"rendered":"<h2>Des images qui racontent une histoire<\/h2>\n<p>Les photos ont le pouvoir de capturer des moments fugaces et de raconter des histoires qui transcendent les mots. Chaque image prise entre le 2 et le 14 f\u00e9vrier t\u00e9moigne des \u00e9v\u00e9nements marquants qui ont eu lieu \u00e0 travers le monde. Que ce soit des manifestations, des c\u00e9l\u00e9brations ou des moments de solitude, ces clich\u00e9s nous plongent dans l&rsquo;essence de la vie humaine.<\/p>\n<p>Les photographes professionnels et amateurs ont su immortaliser des instants pr\u00e9cieux, leur permettant de partager leur vision unique du monde. En parcourant cette collection d&rsquo;images, le spectateur est invit\u00e9 \u00e0 ressentir les \u00e9motions brutes qui \u00e9manent de chaque sc\u00e8ne. Les couleurs, les expressions faciales et les compositions visuelles font de chaque photo un r\u00e9cit \u00e0 part enti\u00e8re.<\/p>\n<h2>Les \u00e9v\u00e9nements marquants de la semaine<\/h2>\n<p>Durant cette p\u00e9riode, plusieurs \u00e9v\u00e9nements ont captiv\u00e9 l&rsquo;attention du public. Des rassemblements pour des causes sociales aux c\u00e9l\u00e9brations culturelles, ces moments forts sont immortalis\u00e9s par des photographies saisissantes. Les manifestations pour les droits civiques ont attir\u00e9 des milliers de personnes, unissant des voix pour un changement positif.<\/p>\n<p>D&rsquo;autres images t\u00e9moignent de la beaut\u00e9 et de la diversit\u00e9 des traditions culturelles. Par exemple, des festivals de musique ont rassembl\u00e9 des artistes de renomm\u00e9e mondiale, cr\u00e9ant une atmosph\u00e8re de joie et de partage. Chaque photo est une fen\u00eatre sur ces exp\u00e9riences collectives, nous rappelant l&rsquo;importance de l&rsquo;engagement communautaire.<\/p>\n<h2>L&rsquo;impact des r\u00e9seaux sociaux sur la photographie<\/h2>\n<p>Le r\u00f4le des r\u00e9seaux sociaux dans la diffusion de ces photos est ind\u00e9niable. Gr\u00e2ce \u00e0 des plateformes comme Instagram et Twitter, ces images atteignent un public mondial en quelques secondes. Cela permet aux artistes et photographes de se faire conna\u00eetre et d&rsquo;inspirer d&rsquo;autres cr\u00e9ateurs dans le processus.<\/p>\n<p>Cependant, cette accessibilit\u00e9 soul\u00e8ve \u00e9galement des questions sur l&rsquo;authenticit\u00e9 et la manipulation des images. Les photographes doivent naviguer entre la n\u00e9cessit\u00e9 de capter l&rsquo;attention et le besoin de rester fid\u00e8les \u00e0 la r\u00e9alit\u00e9. Comme le souligne un c\u00e9l\u00e8bre photographe : <\/p>\n<blockquote><p>\u00ab\u00a0Chaque image doit raconter la v\u00e9rit\u00e9, m\u00eame si elle est difficile \u00e0 entendre.\u00a0\u00bb <\/p><\/blockquote>\n<ul>\n<li>Manifestations pour les droits civiques<\/li>\n<li>Festivals culturels et musicaux<\/li>\n<li>Moments de solidarit\u00e9 entre communaut\u00e9s<\/li>\n<li>Expressions artistiques vari\u00e9es<\/li>\n<li>Impact des r\u00e9seaux sociaux sur la diffusion des images<\/li>\n<\/ul>\n<p>Les photos de cette p\u00e9riode nous rappellent la puissance de l&rsquo;image dans le monde moderne. Elles nous invitent \u00e0 r\u00e9fl\u00e9chir et \u00e0 ressentir, tout en c\u00e9l\u00e9brant les moments significatifs qui nous unissent. La photographie ne se limite pas \u00e0 capturer des visages, mais elle immortalise des \u00e9motions, des luttes et des triomphes qui d\u00e9finissent l&rsquo;exp\u00e9rience humaine. <\/p>\n<p>Ainsi, chaque clich\u00e9 est une invitation \u00e0 explorer plus profond\u00e9ment les histoires derri\u00e8re ces images. Que vous soyez un passionn\u00e9 de photographie ou simplement un observateur curieux, ces moments fig\u00e9s dans le temps m\u00e9ritent d&rsquo;\u00eatre c\u00e9l\u00e9br\u00e9s et partag\u00e9s. Ils nous rappellent que, malgr\u00e9 les d\u00e9fis, la beaut\u00e9 et la r\u00e9silience de l&rsquo;humanit\u00e9 brillent \u00e0 travers chaque image.<br \/>\n<img decoding=\"async\" width=\"1024\" height=\"576\" src=\"https:\/\/voyage-aventure.com\/blog\/wp-content\/uploads\/2025\/02\/stability-decouvrez-les-moments-marquants-de-la-semaine-du-2-au-14-fevrier-en-photos-1.png\" class=\"aligncenter\" alt=\"Illustration d\u00e9taill\u00e9e sur D\u00e9couvrez les moments marquants de la semaine du 2 au 14 f\u00e9vrier en photos\" title=\"D\u00e9couvrez les moments marquants de la semaine du 2 au 14 f\u00e9vrier en photos\" loading=\"lazy\" \/><\/p>\n","protected":false},"excerpt":{"rendered":"","protected":false},"author":34,"featured_media":9831,"comment_status":"open","ping_status":"open","sticky":false,"template":"","format":"standard","meta":{"_acf_changed":false,"manual_indexmenow":false,"indexmenow_id_project":0,"footnotes":""},"categories":[4520],"tags":[4538,4221,4527,3800,4625],"class_list":["post-9830","post","type-post","status-publish","format-standard","has-post-thumbnail","hentry","category-destinations-aventure","tag-activites-variees","tag-culture","tag-decouverte-culturelle","tag-emotions","tag-passion-du-voyage","generate-columns","tablet-grid-50","mobile-grid-100","grid-parent","grid-25"],"acf":[],"yoast_head":"<!-- This site is optimized with the Yoast SEO Premium plugin v21.3 (Yoast SEO v25.1) - https:\/\/yoast.com\/wordpress\/plugins\/seo\/ -->\n<title>D\u00e9couvrez les moments marquants de la semaine du 2 au 14<\/title>\n<meta name=\"description\" content=\"Les photos ont le pouvoir de capturer des moments fugaces et de raconter des histoires qui transcendent les mots. Chaque image prise entre le 2 et le 14\" \/>\n<meta name=\"robots\" content=\"index, follow, max-snippet:-1, max-image-preview:large, max-video-preview:-1\" \/>\n<link rel=\"canonical\" href=\"https:\/\/voyage-aventure.com\/blog\/destinations-aventure\/decouvrez-les-moments-marquants-de-la-semaine-du-2-au-14-fevrier-en-photos\/\" \/>\n<meta property=\"og:locale\" content=\"fr_FR\" \/>\n<meta property=\"og:type\" content=\"article\" \/>\n<meta property=\"og:title\" content=\"D\u00e9couvrez les moments marquants de la semaine du 2 au 14\" \/>\n<meta property=\"og:description\" content=\"Les photos ont le pouvoir de capturer des moments fugaces et de raconter des histoires qui transcendent les mots. Chaque image prise entre le 2 et le 14\" \/>\n<meta property=\"og:url\" content=\"https:\/\/voyage-aventure.com\/blog\/destinations-aventure\/decouvrez-les-moments-marquants-de-la-semaine-du-2-au-14-fevrier-en-photos\/\" \/>\n<meta property=\"og:site_name\" content=\"voyage-aventure\" \/>\n<meta property=\"og:image\" content=\"https:\/\/voyage-aventure.com\/blog\/wp-content\/uploads\/2025\/02\/stability-decouvrez-les-moments-marquants-de-la-semaine-du-2-au-14-fevrier-en-photos.png\" \/>\n\t<meta property=\"og:image:width\" content=\"1024\" \/>\n\t<meta property=\"og:image:height\" content=\"576\" \/>\n\t<meta property=\"og:image:type\" content=\"image\/png\" \/>\n<meta name=\"author\" content=\"Camille Rouvray\" \/>\n<meta name=\"twitter:card\" content=\"summary_large_image\" \/>\n<script type=\"application\/ld+json\" class=\"yoast-schema-graph\">{\"@context\":\"https:\/\/schema.org\",\"@graph\":[{\"@type\":\"NewsArticle\",\"@id\":\"https:\/\/voyage-aventure.com\/blog\/destinations-aventure\/decouvrez-les-moments-marquants-de-la-semaine-du-2-au-14-fevrier-en-photos\/#article\",\"isPartOf\":{\"@id\":\"https:\/\/voyage-aventure.com\/blog\/destinations-aventure\/decouvrez-les-moments-marquants-de-la-semaine-du-2-au-14-fevrier-en-photos\/\"},\"author\":{\"name\":\"Camille Rouvray\",\"@id\":\"https:\/\/voyage-aventure.com\/blog\/#\/schema\/person\/3c864cdc320801e3db34b663e7e3f816\"},\"headline\":\"D\u00e9couvrez les moments marquants de la semaine du 2 au 14 f\u00e9vrier en photos\",\"datePublished\":\"2025-02-19T05:42:45+00:00\",\"mainEntityOfPage\":{\"@id\":\"https:\/\/voyage-aventure.com\/blog\/destinations-aventure\/decouvrez-les-moments-marquants-de-la-semaine-du-2-au-14-fevrier-en-photos\/\"},\"wordCount\":546,\"commentCount\":22,\"publisher\":{\"@id\":\"https:\/\/voyage-aventure.com\/blog\/#organization\"},\"image\":{\"@id\":\"https:\/\/voyage-aventure.com\/blog\/destinations-aventure\/decouvrez-les-moments-marquants-de-la-semaine-du-2-au-14-fevrier-en-photos\/#primaryimage\"},\"thumbnailUrl\":\"https:\/\/voyage-aventure.com\/blog\/wp-content\/uploads\/2025\/02\/stability-decouvrez-les-moments-marquants-de-la-semaine-du-2-au-14-fevrier-en-photos.png\",\"keywords\":[\"Activit\u00e9s Vari\u00e9es\",\"Culture\",\"D\u00e9couverte Culturelle\",\"\u00c9motions\",\"Passion Du Voyage\"],\"articleSection\":[\"Destinations Aventure\"],\"inLanguage\":\"fr-FR\",\"potentialAction\":[{\"@type\":\"CommentAction\",\"name\":\"Comment\",\"target\":[\"https:\/\/voyage-aventure.com\/blog\/destinations-aventure\/decouvrez-les-moments-marquants-de-la-semaine-du-2-au-14-fevrier-en-photos\/#respond\"]}]},{\"@type\":\"WebPage\",\"@id\":\"https:\/\/voyage-aventure.com\/blog\/destinations-aventure\/decouvrez-les-moments-marquants-de-la-semaine-du-2-au-14-fevrier-en-photos\/\",\"url\":\"https:\/\/voyage-aventure.com\/blog\/destinations-aventure\/decouvrez-les-moments-marquants-de-la-semaine-du-2-au-14-fevrier-en-photos\/\",\"name\":\"D\u00e9couvrez les moments marquants de la semaine du 2 au 14\",\"isPartOf\":{\"@id\":\"https:\/\/voyage-aventure.com\/blog\/#website\"},\"primaryImageOfPage\":{\"@id\":\"https:\/\/voyage-aventure.com\/blog\/destinations-aventure\/decouvrez-les-moments-marquants-de-la-semaine-du-2-au-14-fevrier-en-photos\/#primaryimage\"},\"image\":{\"@id\":\"https:\/\/voyage-aventure.com\/blog\/destinations-aventure\/decouvrez-les-moments-marquants-de-la-semaine-du-2-au-14-fevrier-en-photos\/#primaryimage\"},\"thumbnailUrl\":\"https:\/\/voyage-aventure.com\/blog\/wp-content\/uploads\/2025\/02\/stability-decouvrez-les-moments-marquants-de-la-semaine-du-2-au-14-fevrier-en-photos.png\",\"datePublished\":\"2025-02-19T05:42:45+00:00\",\"description\":\"Les photos ont le pouvoir de capturer des moments fugaces et de raconter des histoires qui transcendent les mots. Chaque image prise entre le 2 et le 14\",\"inLanguage\":\"fr-FR\",\"potentialAction\":[{\"@type\":\"ReadAction\",\"target\":[\"https:\/\/voyage-aventure.com\/blog\/destinations-aventure\/decouvrez-les-moments-marquants-de-la-semaine-du-2-au-14-fevrier-en-photos\/\"]}]},{\"@type\":\"ImageObject\",\"inLanguage\":\"fr-FR\",\"@id\":\"https:\/\/voyage-aventure.com\/blog\/destinations-aventure\/decouvrez-les-moments-marquants-de-la-semaine-du-2-au-14-fevrier-en-photos\/#primaryimage\",\"url\":\"https:\/\/voyage-aventure.com\/blog\/wp-content\/uploads\/2025\/02\/stability-decouvrez-les-moments-marquants-de-la-semaine-du-2-au-14-fevrier-en-photos.png\",\"contentUrl\":\"https:\/\/voyage-aventure.com\/blog\/wp-content\/uploads\/2025\/02\/stability-decouvrez-les-moments-marquants-de-la-semaine-du-2-au-14-fevrier-en-photos.png\",\"width\":1024,\"height\":576},{\"@type\":\"WebSite\",\"@id\":\"https:\/\/voyage-aventure.com\/blog\/#website\",\"url\":\"https:\/\/voyage-aventure.com\/blog\/\",\"name\":\"voyage-aventure.com\",\"description\":\"Votre passeport pour l\u2019inattendu.\",\"publisher\":{\"@id\":\"https:\/\/voyage-aventure.com\/blog\/#organization\"},\"alternateName\":\"Votre passeport pour l\u2019inattendu.\",\"potentialAction\":[{\"@type\":\"SearchAction\",\"target\":{\"@type\":\"EntryPoint\",\"urlTemplate\":\"https:\/\/voyage-aventure.com\/blog\/?s={search_term_string}\"},\"query-input\":{\"@type\":\"PropertyValueSpecification\",\"valueRequired\":true,\"valueName\":\"search_term_string\"}}],\"inLanguage\":\"fr-FR\"},{\"@type\":\"Organization\",\"@id\":\"https:\/\/voyage-aventure.com\/blog\/#organization\",\"name\":\"Foretsensations.fr\",\"url\":\"https:\/\/voyage-aventure.com\/blog\/\",\"logo\":{\"@type\":\"ImageObject\",\"inLanguage\":\"fr-FR\",\"@id\":\"https:\/\/voyage-aventure.com\/blog\/#\/schema\/logo\/image\/\",\"url\":\"https:\/\/voyage-aventure.com\/blog\/wp-content\/uploads\/2024\/12\/19.png\",\"contentUrl\":\"https:\/\/voyage-aventure.com\/blog\/wp-content\/uploads\/2024\/12\/19.png\",\"width\":512,\"height\":512,\"caption\":\"Foretsensations.fr\"},\"image\":{\"@id\":\"https:\/\/voyage-aventure.com\/blog\/#\/schema\/logo\/image\/\"}},{\"@type\":\"Person\",\"@id\":\"https:\/\/voyage-aventure.com\/blog\/#\/schema\/person\/3c864cdc320801e3db34b663e7e3f816\",\"name\":\"Camille Rouvray\",\"image\":{\"@type\":\"ImageObject\",\"inLanguage\":\"fr-FR\",\"@id\":\"https:\/\/voyage-aventure.com\/blog\/#\/schema\/person\/image\/\",\"url\":\"https:\/\/voyage-aventure.com\/blog\/wp-content\/uploads\/2026\/06\/persona_camille-r-96x96.jpg\",\"contentUrl\":\"https:\/\/voyage-aventure.com\/blog\/wp-content\/uploads\/2026\/06\/persona_camille-r-96x96.jpg\",\"caption\":\"Camille Rouvray\"},\"description\":\"Je voyage et j'\u00e9cris sur le voyage depuis une douzaine d'ann\u00e9es, d'abord en tant que routarde au long cours, puis comme r\u00e9dactrice sp\u00e9cialis\u00e9e. Mon terrain de pr\u00e9dilection, ce sont les circuits organis\u00e9s et l'art de bien pr\u00e9parer un itin\u00e9raire : choix de la saison, dur\u00e9e r\u00e9aliste des \u00e9tapes, budget jour par jour, logement et transport sur place. J'aime aussi raconter les p\u00e9pites urbaines, ces adresses qu'on ne trouve pas dans les guides classiques. Avant de publier un dossier destination, je croise toujours plusieurs sources, je v\u00e9rifie les tarifs et les formalit\u00e9s d'entr\u00e9e \u00e0 jour, et je teste moi-m\u00eame quand je le peux. Mon angle reste pratique avant tout : aider le lecteur \u00e0 partir l'esprit tranquille, sans mauvaise surprise une fois sur place. Je m'attache \u00e0 distinguer le coup de c\u0153ur sinc\u00e8re du simple argument marketing.\",\"sameAs\":[\"https:\/\/camillerouvray.fr\/\"],\"url\":\"https:\/\/voyage-aventure.com\/blog\/auteur\/noname\/\"}]}<\/script>\n<!-- \/ Yoast SEO Premium plugin. -->","yoast_head_json":{"title":"D\u00e9couvrez les moments marquants de la semaine du 2 au 14","description":"Les photos ont le pouvoir de capturer des moments fugaces et de raconter des histoires qui transcendent les mots. Chaque image prise entre le 2 et le 14","robots":{"index":"index","follow":"follow","max-snippet":"max-snippet:-1","max-image-preview":"max-image-preview:large","max-video-preview":"max-video-preview:-1"},"canonical":"https:\/\/voyage-aventure.com\/blog\/destinations-aventure\/decouvrez-les-moments-marquants-de-la-semaine-du-2-au-14-fevrier-en-photos\/","og_locale":"fr_FR","og_type":"article","og_title":"D\u00e9couvrez les moments marquants de la semaine du 2 au 14","og_description":"Les photos ont le pouvoir de capturer des moments fugaces et de raconter des histoires qui transcendent les mots. Chaque image prise entre le 2 et le 14","og_url":"https:\/\/voyage-aventure.com\/blog\/destinations-aventure\/decouvrez-les-moments-marquants-de-la-semaine-du-2-au-14-fevrier-en-photos\/","og_site_name":"voyage-aventure","og_image":[{"width":1024,"height":576,"url":"https:\/\/voyage-aventure.com\/blog\/wp-content\/uploads\/2025\/02\/stability-decouvrez-les-moments-marquants-de-la-semaine-du-2-au-14-fevrier-en-photos.png","type":"image\/png"}],"author":"Camille Rouvray","twitter_card":"summary_large_image","schema":{"@context":"https:\/\/schema.org","@graph":[{"@type":"NewsArticle","@id":"https:\/\/voyage-aventure.com\/blog\/destinations-aventure\/decouvrez-les-moments-marquants-de-la-semaine-du-2-au-14-fevrier-en-photos\/#article","isPartOf":{"@id":"https:\/\/voyage-aventure.com\/blog\/destinations-aventure\/decouvrez-les-moments-marquants-de-la-semaine-du-2-au-14-fevrier-en-photos\/"},"author":{"name":"Camille Rouvray","@id":"https:\/\/voyage-aventure.com\/blog\/#\/schema\/person\/3c864cdc320801e3db34b663e7e3f816"},"headline":"D\u00e9couvrez les moments marquants de la semaine du 2 au 14 f\u00e9vrier en photos","datePublished":"2025-02-19T05:42:45+00:00","mainEntityOfPage":{"@id":"https:\/\/voyage-aventure.com\/blog\/destinations-aventure\/decouvrez-les-moments-marquants-de-la-semaine-du-2-au-14-fevrier-en-photos\/"},"wordCount":546,"commentCount":22,"publisher":{"@id":"https:\/\/voyage-aventure.com\/blog\/#organization"},"image":{"@id":"https:\/\/voyage-aventure.com\/blog\/destinations-aventure\/decouvrez-les-moments-marquants-de-la-semaine-du-2-au-14-fevrier-en-photos\/#primaryimage"},"thumbnailUrl":"https:\/\/voyage-aventure.com\/blog\/wp-content\/uploads\/2025\/02\/stability-decouvrez-les-moments-marquants-de-la-semaine-du-2-au-14-fevrier-en-photos.png","keywords":["Activit\u00e9s Vari\u00e9es","Culture","D\u00e9couverte Culturelle","\u00c9motions","Passion Du Voyage"],"articleSection":["Destinations Aventure"],"inLanguage":"fr-FR","potentialAction":[{"@type":"CommentAction","name":"Comment","target":["https:\/\/voyage-aventure.com\/blog\/destinations-aventure\/decouvrez-les-moments-marquants-de-la-semaine-du-2-au-14-fevrier-en-photos\/#respond"]}]},{"@type":"WebPage","@id":"https:\/\/voyage-aventure.com\/blog\/destinations-aventure\/decouvrez-les-moments-marquants-de-la-semaine-du-2-au-14-fevrier-en-photos\/","url":"https:\/\/voyage-aventure.com\/blog\/destinations-aventure\/decouvrez-les-moments-marquants-de-la-semaine-du-2-au-14-fevrier-en-photos\/","name":"D\u00e9couvrez les moments marquants de la semaine du 2 au 14","isPartOf":{"@id":"https:\/\/voyage-aventure.com\/blog\/#website"},"primaryImageOfPage":{"@id":"https:\/\/voyage-aventure.com\/blog\/destinations-aventure\/decouvrez-les-moments-marquants-de-la-semaine-du-2-au-14-fevrier-en-photos\/#primaryimage"},"image":{"@id":"https:\/\/voyage-aventure.com\/blog\/destinations-aventure\/decouvrez-les-moments-marquants-de-la-semaine-du-2-au-14-fevrier-en-photos\/#primaryimage"},"thumbnailUrl":"https:\/\/voyage-aventure.com\/blog\/wp-content\/uploads\/2025\/02\/stability-decouvrez-les-moments-marquants-de-la-semaine-du-2-au-14-fevrier-en-photos.png","datePublished":"2025-02-19T05:42:45+00:00","description":"Les photos ont le pouvoir de capturer des moments fugaces et de raconter des histoires qui transcendent les mots. Chaque image prise entre le 2 et le 14","inLanguage":"fr-FR","potentialAction":[{"@type":"ReadAction","target":["https:\/\/voyage-aventure.com\/blog\/destinations-aventure\/decouvrez-les-moments-marquants-de-la-semaine-du-2-au-14-fevrier-en-photos\/"]}]},{"@type":"ImageObject","inLanguage":"fr-FR","@id":"https:\/\/voyage-aventure.com\/blog\/destinations-aventure\/decouvrez-les-moments-marquants-de-la-semaine-du-2-au-14-fevrier-en-photos\/#primaryimage","url":"https:\/\/voyage-aventure.com\/blog\/wp-content\/uploads\/2025\/02\/stability-decouvrez-les-moments-marquants-de-la-semaine-du-2-au-14-fevrier-en-photos.png","contentUrl":"https:\/\/voyage-aventure.com\/blog\/wp-content\/uploads\/2025\/02\/stability-decouvrez-les-moments-marquants-de-la-semaine-du-2-au-14-fevrier-en-photos.png","width":1024,"height":576},{"@type":"WebSite","@id":"https:\/\/voyage-aventure.com\/blog\/#website","url":"https:\/\/voyage-aventure.com\/blog\/","name":"voyage-aventure.com","description":"Votre passeport pour l\u2019inattendu.","publisher":{"@id":"https:\/\/voyage-aventure.com\/blog\/#organization"},"alternateName":"Votre passeport pour l\u2019inattendu.","potentialAction":[{"@type":"SearchAction","target":{"@type":"EntryPoint","urlTemplate":"https:\/\/voyage-aventure.com\/blog\/?s={search_term_string}"},"query-input":{"@type":"PropertyValueSpecification","valueRequired":true,"valueName":"search_term_string"}}],"inLanguage":"fr-FR"},{"@type":"Organization","@id":"https:\/\/voyage-aventure.com\/blog\/#organization","name":"Foretsensations.fr","url":"https:\/\/voyage-aventure.com\/blog\/","logo":{"@type":"ImageObject","inLanguage":"fr-FR","@id":"https:\/\/voyage-aventure.com\/blog\/#\/schema\/logo\/image\/","url":"https:\/\/voyage-aventure.com\/blog\/wp-content\/uploads\/2024\/12\/19.png","contentUrl":"https:\/\/voyage-aventure.com\/blog\/wp-content\/uploads\/2024\/12\/19.png","width":512,"height":512,"caption":"Foretsensations.fr"},"image":{"@id":"https:\/\/voyage-aventure.com\/blog\/#\/schema\/logo\/image\/"}},{"@type":"Person","@id":"https:\/\/voyage-aventure.com\/blog\/#\/schema\/person\/3c864cdc320801e3db34b663e7e3f816","name":"Camille Rouvray","image":{"@type":"ImageObject","inLanguage":"fr-FR","@id":"https:\/\/voyage-aventure.com\/blog\/#\/schema\/person\/image\/","url":"https:\/\/voyage-aventure.com\/blog\/wp-content\/uploads\/2026\/06\/persona_camille-r-96x96.jpg","contentUrl":"https:\/\/voyage-aventure.com\/blog\/wp-content\/uploads\/2026\/06\/persona_camille-r-96x96.jpg","caption":"Camille Rouvray"},"description":"Je voyage et j'\u00e9cris sur le voyage depuis une douzaine d'ann\u00e9es, d'abord en tant que routarde au long cours, puis comme r\u00e9dactrice sp\u00e9cialis\u00e9e. Mon terrain de pr\u00e9dilection, ce sont les circuits organis\u00e9s et l'art de bien pr\u00e9parer un itin\u00e9raire : choix de la saison, dur\u00e9e r\u00e9aliste des \u00e9tapes, budget jour par jour, logement et transport sur place. J'aime aussi raconter les p\u00e9pites urbaines, ces adresses qu'on ne trouve pas dans les guides classiques. Avant de publier un dossier destination, je croise toujours plusieurs sources, je v\u00e9rifie les tarifs et les formalit\u00e9s d'entr\u00e9e \u00e0 jour, et je teste moi-m\u00eame quand je le peux. Mon angle reste pratique avant tout : aider le lecteur \u00e0 partir l'esprit tranquille, sans mauvaise surprise une fois sur place. Je m'attache \u00e0 distinguer le coup de c\u0153ur sinc\u00e8re du simple argument marketing.","sameAs":["https:\/\/camillerouvray.fr\/"],"url":"https:\/\/voyage-aventure.com\/blog\/auteur\/noname\/"}]}},"_links":{"self":[{"href":"https:\/\/voyage-aventure.com\/blog\/wp-json\/wp\/v2\/posts\/9830","targetHints":{"allow":["GET"]}}],"collection":[{"href":"https:\/\/voyage-aventure.com\/blog\/wp-json\/wp\/v2\/posts"}],"about":[{"href":"https:\/\/voyage-aventure.com\/blog\/wp-json\/wp\/v2\/types\/post"}],"author":[{"embeddable":true,"href":"https:\/\/voyage-aventure.com\/blog\/wp-json\/wp\/v2\/users\/34"}],"replies":[{"embeddable":true,"href":"https:\/\/voyage-aventure.com\/blog\/wp-json\/wp\/v2\/comments?post=9830"}],"version-history":[{"count":1,"href":"https:\/\/voyage-aventure.com\/blog\/wp-json\/wp\/v2\/posts\/9830\/revisions"}],"predecessor-version":[{"id":9833,"href":"https:\/\/voyage-aventure.com\/blog\/wp-json\/wp\/v2\/posts\/9830\/revisions\/9833"}],"wp:featuredmedia":[{"embeddable":true,"href":"https:\/\/voyage-aventure.com\/blog\/wp-json\/wp\/v2\/media\/9831"}],"wp:attachment":[{"href":"https:\/\/voyage-aventure.com\/blog\/wp-json\/wp\/v2\/media?parent=9830"}],"wp:term":[{"taxonomy":"category","embeddable":true,"href":"https:\/\/voyage-aventure.com\/blog\/wp-json\/wp\/v2\/categories?post=9830"},{"taxonomy":"post_tag","embeddable":true,"href":"https:\/\/voyage-aventure.com\/blog\/wp-json\/wp\/v2\/tags?post=9830"}],"curies":[{"name":"wp","href":"https:\/\/api.w.org\/{rel}","templated":true}]}}