{"id":9796,"date":"2026-06-16T16:29:08","date_gmt":"2026-06-16T14:29:08","guid":{"rendered":"https:\/\/voyage-aventure.com\/blog\/?p=9796"},"modified":"2026-06-16T16:29:08","modified_gmt":"2026-06-16T14:29:08","slug":"une-mere-choquee-par-un-vol-difficile-avec-son-enfant-de-2-ans-une-experience-decevante","status":"publish","type":"post","link":"https:\/\/voyage-aventure.com\/blog\/a-la-une\/une-mere-choquee-par-un-vol-difficile-avec-son-enfant-de-2-ans-une-experience-decevante\/","title":{"rendered":"Une m\u00e8re choqu\u00e9e par un vol difficile avec son enfant de 2 ans : une exp\u00e9rience d\u00e9cevante"},"content":{"rendered":"<link rel=\"stylesheet\" href=\"https:\/\/fonts.googleapis.com\/css2?family=Newsreader:ital,opsz,wght@0,6..72,500..700;1,6..72,500..600&#038;family=Inter:wght@400;500;600&#038;family=JetBrains+Mono:wght@500&#038;display=swap\">\n<style>\n.va-news-wrap{font-family:'Inter',-apple-system,sans-serif;color:#23252b;line-height:1.65;font-size:17px;}\n.va-news-wrap h2{font-family:'Newsreader',Georgia,serif;font-weight:700;font-size:clamp(24px,3.2vw,33px);letter-spacing:-0.01em;color:#181a1f;margin:46px 0 14px;line-height:1.2;}\n.va-news-wrap p{margin:0 0 18px;}\n.va-news-kicker{display:inline-block;font-family:'JetBrains Mono',monospace;font-size:11px;font-weight:500;text-transform:uppercase;letter-spacing:2.4px;color:#b4451f;margin:0 0 6px;}\n.va-news-lead{font-family:'Newsreader',Georgia,serif;font-size:21px;line-height:1.5;font-style:italic;color:#3a3d44;font-weight:500;margin:6px 0 28px;}\n.va-news-ess{background:#fbf2ee;border-left:5px solid #b4451f;border-radius:0 8px 8px 0;padding:22px 26px;margin:26px 0;}\n.va-news-ess .va-news-h{font-family:'JetBrains Mono',monospace;font-size:11px;font-weight:500;text-transform:uppercase;letter-spacing:2.2px;color:#b4451f;margin:0 0 14px;}\n.va-news-ess ul{margin:0;padding:0;list-style:none;display:grid;gap:10px;}\n.va-news-ess li{display:flex;gap:12px;align-items:flex-start;font-size:15.5px;line-height:1.55;color:#2a2d33;}\n.va-news-ess li span.k{font-family:'JetBrains Mono',monospace;font-size:11px;font-weight:500;text-transform:uppercase;letter-spacing:1px;color:#b4451f;flex:0 0 76px;padding-top:2px;}\n.va-news-pull{margin:38px auto;padding:26px 24px;text-align:center;border-top:1px solid #181a1f;border-bottom:1px solid #181a1f;max-width:660px;position:relative;}\n.va-news-pull .q{position:absolute;top:-22px;left:50%;transform:translateX(-50%);background:#fff;padding:0 14px;font-size:50px;line-height:1;color:#b4451f;font-family:'Newsreader',Georgia,serif;}\n.va-news-pull blockquote{margin:0;padding:0;font-family:'Newsreader',Georgia,serif;font-size:23px;line-height:1.45;font-style:italic;color:#181a1f;}\n.va-news-pull .cite{margin-top:14px;font-family:'JetBrains Mono',monospace;font-size:11px;text-transform:uppercase;letter-spacing:2px;color:#7a7d84;}\n.va-news-ret{background:#faf7f4;border:1px solid #ecdfd6;border-radius:10px;padding:24px 26px;margin:34px 0;}\n.va-news-ret .va-news-h{font-family:'JetBrains Mono',monospace;font-size:11px;font-weight:500;text-transform:uppercase;letter-spacing:2.2px;color:#b4451f;margin:0 0 16px;}\n.va-news-ret .grid{display:grid;grid-template-columns:repeat(auto-fit,minmax(240px,1fr));gap:10px;}\n.va-news-ret .it{display:flex;gap:12px;background:#fff;border:1px solid #ece4dc;border-radius:8px;padding:13px 15px;align-items:flex-start;transition:.25s ease;}\n.va-news-ret .it:hover{transform:translateY(-3px);box-shadow:0 10px 22px -14px rgba(40,24,16,.4);}\n.va-news-ret .it span.n{flex:0 0 26px;width:26px;height:26px;background:#b4451f;color:#fff;border-radius:50%;display:inline-flex;align-items:center;justify-content:center;font-size:12px;font-weight:700;font-family:'JetBrains Mono',monospace;}\n.va-news-ret .it span.t{font-size:14px;line-height:1.5;color:#2a2d33;}\n.va-news-faq{margin:36px 0;}\n.va-news-faq h2{margin-bottom:8px;}\n.va-news-faq .box{border-top:1px solid #e4dcd3;}\n.va-news-faq details{border-bottom:1px solid #e4dcd3;}\n.va-news-faq summary{cursor:pointer;padding:17px 0;font-family:'Newsreader',Georgia,serif;font-size:18px;font-weight:600;color:#181a1f;list-style:none;display:flex;justify-content:space-between;align-items:center;gap:14px;}\n.va-news-faq summary::-webkit-details-marker{display:none;}\n.va-news-faq summary .pm{font-size:22px;font-weight:400;color:#b4451f;line-height:1;}\n.va-news-faq .ans{padding:0 0 17px;font-size:15.5px;line-height:1.7;color:#4a4d54;}\n.va-news-wrap img{max-width:100%;height:auto;border-radius:8px;}\n.va-news-note{font-size:13.5px;color:#7a7d84;font-style:italic;border-left:3px solid #ecdfd6;padding:4px 0 4px 16px;margin:30px 0 0;}\n\/*RENDERFIX2*\/.va-news-ret .it span.n{color:#eef3f9!important}.va-news-ret .it span.n p,.va-news-ret .it span.n li,.va-news-ret .it span.n strong,.va-news-ret .it span.n em,.va-news-ret .it span.n a,.va-news-ret .it span.n span,.va-news-ret .it span.n b,.va-news-ret .it span.n td,.va-news-ret .it span.n th,.va-news-ret .it span.n h2,.va-news-ret .it span.n h3,.va-news-ret .it span.n h4{color:#eef3f9!important}.va-news-ret .it span.n strong,.va-news-ret .it span.n b{color:#ffffff!important}<\/style>\n<div class=\"va-news-wrap\">\n<span class=\"va-news-kicker\">T\u00e9moignage \u00b7 Voyage en famille<\/span><\/p>\n<p class=\"va-news-lead\">Une m\u00e8re raconte sur Reddit le vol cauchemardesque v\u00e9cu avec son fils de 2 ans : pleurs de l&rsquo;enfant, remarque blessante d&rsquo;une passag\u00e8re, puis un \u00e9lan de solidarit\u00e9 inattendu en cabine.<\/p>\n<div class=\"va-news-ess\">\n<div class=\"va-news-h\">L&rsquo;essentiel<\/div>\n<ul>\n<li><span class=\"k\">Quoi<\/span><span>Une m\u00e8re se dit en \u00e9tat de \u00ab stup\u00e9faction \u00bb apr\u00e8s un vol \u00e9prouvant avec son jeune enfant et d\u00e9clare ne plus jamais vouloir voyager avec lui.<\/span><\/li>\n<li><span class=\"k\">Qui \u00b7 o\u00f9<\/span><span>La famille rentrait d&rsquo;un voyage au Mexique ; le r\u00e9cit a \u00e9t\u00e9 partag\u00e9 sur un forum de parentalit\u00e9 de Reddit.<\/span><\/li>\n<li><span class=\"k\">Pourquoi<\/span><span>L&rsquo;\u00e9pisode illustre une r\u00e9alit\u00e9 courante : voyager avec de jeunes enfants reste un d\u00e9fi, que le manque d&#8217;empathie de certains passagers peut aggraver.<\/span><\/li>\n<\/ul>\n<\/div>\n<h2>La d\u00e9tresse d&rsquo;une m\u00e8re apr\u00e8s un vol tumultueux<\/h2>\n<p>Elle se dit dans un \u00e9tat de \u00ab stup\u00e9faction \u00bb apr\u00e8s avoir v\u00e9cu une situation particuli\u00e8rement stressante qui l&rsquo;a amen\u00e9e \u00e0 d\u00e9clarer qu&rsquo;elle ne souhaite plus jamais voyager avec lui. Ce r\u00e9cit a \u00e9t\u00e9 partag\u00e9 sur le forum de parentalit\u00e9 de Reddit, o\u00f9 elle a voulu exprimer sa frustration.<\/p>\n<p>La famille venait de rentrer d&rsquo;un voyage au Mexique et devait prendre un dernier vol pour rejoindre leur destination finale. Apr\u00e8s une longue journ\u00e9e, la situation s&rsquo;est aggrav\u00e9e lorsqu&rsquo;ils ont d\u00fb attendre sur le tarmac pendant une demi-heure en raison d&rsquo;un probl\u00e8me de maintenance, rendant le vol encore plus difficile pour le jeune enfant.<\/p>\n<h2>Un incident inattendu dans un espace confin\u00e9<\/h2>\n<p>Alors que le vol prenait une tournure difficile, le petit gar\u00e7on a commenc\u00e9 \u00e0 devenir agit\u00e9, ce qui est compr\u00e9hensible pour un enfant de cet \u00e2ge. Malgr\u00e9 les efforts de sa m\u00e8re pour le distraire avec des jouets et des chansons, il a finalement commenc\u00e9 \u00e0 pleurer pendant quelques minutes, ce qui a suscit\u00e9 l&rsquo;irritation des passagers autour d&rsquo;eux. C&rsquo;est \u00e0 ce moment-l\u00e0 qu&rsquo;une remarque offensante a \u00e9t\u00e9 entendue.<\/p>\n<p>Une femme \u00e2g\u00e9e, assise derri\u00e8re eux, a exprim\u00e9 son m\u00e9contentement en demandant : \u00ab Est-ce que quelqu&rsquo;un peut faire taire cet enfant ? \u00bb Ce commentaire a non seulement bless\u00e9 la m\u00e8re, mais a \u00e9galement transform\u00e9 une situation d\u00e9j\u00e0 difficile en une confrontation d\u00e9sagr\u00e9able.<img decoding=\"async\" width=\"1024\" height=\"576\" src=\"https:\/\/voyage-aventure.com\/blog\/wp-content\/uploads\/2025\/02\/stability-une-mere-choquee-par-un-vol-difficile-avec-son-enfant-de-2-ans-une-experience-decevante-1.png\" class=\"aligncenter\" alt=\"Illustration d\u00e9taill\u00e9e sur Une m\u00e8re choqu\u00e9e par un vol difficile avec son enfant de 2 ans : une exp\u00e9rience d\u00e9cevante\" title=\"Une m\u00e8re choqu\u00e9e par un vol difficile avec son enfant de 2 ans : une exp\u00e9rience d\u00e9cevante\" loading=\"lazy\" \/><\/p>\n<p><iframe loading=\"lazy\" title=\"Une fille a son esprit divis\u00e9 en deux, chacune avec son propre objectif\" width=\"1200\" height=\"675\" src=\"https:\/\/www.youtube.com\/embed\/eFx-PRx5BcA?feature=oembed\" frameborder=\"0\" allow=\"accelerometer; autoplay; clipboard-write; encrypted-media; gyroscope; picture-in-picture; web-share\" referrerpolicy=\"strict-origin-when-cross-origin\" allowfullscreen><\/iframe><\/p>\n<h2>Le soutien inattendu des autres passagers<\/h2>\n<p>Face \u00e0 cette agression verbale, le mari de la m\u00e8re a d\u00e9cid\u00e9 d&rsquo;intervenir, d\u00e9fendant sa femme et leur enfant. Il a r\u00e9pondu \u00e0 la femme \u00e2g\u00e9e en lui sugg\u00e9rant de se rendre aux toilettes, ce qui a conduit \u00e0 une escalade des tensions. Elle a alors r\u00e9pondu de mani\u00e8re vulgaire, ce qui a choqu\u00e9 de nombreux passagers pr\u00e9sents.<\/p>\n<p>Heureusement, plusieurs personnes autour ont pris la d\u00e9fense de la m\u00e8re, cr\u00e9ant un moment de solidarit\u00e9 face \u00e0 l&rsquo;inconduite de la passag\u00e8re. Malgr\u00e9 l&rsquo;intervention des agents de bord, l&rsquo;incident a laiss\u00e9 la m\u00e8re se sentir \u00ab d\u00e9faite \u00bb et \u00ab furieuse \u00bb, un sentiment que beaucoup de parents peuvent comprendre.<\/p>\n<div class=\"va-news-pull\">\n  <span class=\"q\">\u00ab<\/span><\/p>\n<blockquote><p>Je suis d\u00e9sol\u00e9 que vous ayez d\u00fb vivre cela. Votre b\u00e9b\u00e9 n&rsquo;a que 2 ans et n&rsquo;a pas la capacit\u00e9 de r\u00e9guler ses \u00e9motions.<\/p><\/blockquote>\n<div class=\"cite\">\u2014 Un utilisateur de Reddit, en soutien \u00e0 la m\u00e8re<\/div>\n<\/div>\n<ul>\n<li>Soutien \u00e9motionnel des autres passagers<\/li>\n<li>R\u00e9actions des membres d&rsquo;\u00e9quipage face \u00e0 l&rsquo;incident<\/li>\n<li>Importance de la compr\u00e9hension et de l&#8217;empathie dans les espaces publics<\/li>\n<\/ul>\n<p>Les commentaires des utilisateurs sur Reddit ont soulign\u00e9 que de nombreux parents ont v\u00e9cu des situations similaires. Beaucoup ont exprim\u00e9 leur empathie, affirmant que personne ne souffre plus qu&rsquo;un parent d&rsquo;un enfant en d\u00e9tresse pendant un vol. D&rsquo;autres ont \u00e9galement critiqu\u00e9 la femme \u00e2g\u00e9e pour son comportement, rappelant que la compassion est essentielle, surtout dans des espaces confin\u00e9s comme un avion.<\/p>\n<p>Cette histoire met en lumi\u00e8re une r\u00e9alit\u00e9 que de nombreux parents doivent affronter : voyager avec de jeunes enfants peut \u00eatre un d\u00e9fi, et le manque d&#8217;empathie des autres passagers peut aggraver la situation. Au lieu de juger, il serait pr\u00e9f\u00e9rable de faire preuve de compr\u00e9hension et de soutien, car chaque parent fait de son mieux pour g\u00e9rer les \u00e9motions de son enfant.<\/p>\n<div class=\"va-news-ret\">\n<div class=\"va-news-h\">\u00c0 retenir<\/div>\n<div class=\"grid\">\n<div class=\"it\"><span class=\"n\">1<\/span><span class=\"t\">Un enfant de 2 ans n&rsquo;a pas encore la capacit\u00e9 de r\u00e9guler ses \u00e9motions : ses pleurs en vol ne sont pas une question d&rsquo;\u00e9ducation.<\/span><\/div>\n<div class=\"it\"><span class=\"n\">2<\/span><span class=\"t\">La fatigue d&rsquo;une longue journ\u00e9e et l&rsquo;attente sur le tarmac ont aggrav\u00e9 un vol d\u00e9j\u00e0 \u00e9prouvant pour le jeune enfant.<\/span><\/div>\n<div class=\"it\"><span class=\"n\">3<\/span><span class=\"t\">Face \u00e0 une remarque blessante, plusieurs passagers ont pris la d\u00e9fense de la m\u00e8re \u2014 la solidarit\u00e9 existe aussi en cabine.<\/span><\/div>\n<div class=\"it\"><span class=\"n\">4<\/span><span class=\"t\">L&#8217;empathie dans les espaces confin\u00e9s vaut mieux que le jugement : chaque parent fait de son mieux.<\/span><\/div>\n<\/p><\/div>\n<\/div>\n<div class=\"va-news-faq\">\n<h2>Questions fr\u00e9quentes<\/h2>\n<div class=\"box\">\n<details>\n<summary><span>Pourquoi un enfant de 2 ans pleure-t-il autant en avion ?<\/span><span class=\"pm\">+<\/span><\/summary>\n<div class=\"ans\">\u00c0 cet \u00e2ge, un enfant n&rsquo;a pas encore la maturit\u00e9 n\u00e9cessaire pour r\u00e9guler ses \u00e9motions, comme l&rsquo;a rappel\u00e9 un internaute en soutien \u00e0 la m\u00e8re. La fatigue, l&rsquo;attente prolong\u00e9e et l&rsquo;environnement confin\u00e9 d&rsquo;un avion peuvent suffire \u00e0 le rendre agit\u00e9, malgr\u00e9 les efforts des parents pour le distraire.<\/div>\n<\/details>\n<details>\n<summary><span>Que s&rsquo;est-il pass\u00e9 pendant ce vol au retour du Mexique ?<\/span><span class=\"pm\">+<\/span><\/summary>\n<div class=\"ans\">Apr\u00e8s une longue journ\u00e9e et une demi-heure d&rsquo;attente sur le tarmac pour un probl\u00e8me de maintenance, le petit gar\u00e7on s&rsquo;est mis \u00e0 pleurer. Une passag\u00e8re \u00e2g\u00e9e a alors demand\u00e9 de \u00ab faire taire cet enfant \u00bb, ce qui a d\u00e9clench\u00e9 une confrontation avec le p\u00e8re, avant que d&rsquo;autres passagers ne prennent la d\u00e9fense de la famille.<\/div>\n<\/details>\n<details>\n<summary><span>Comment les autres passagers ont-ils r\u00e9agi ?<\/span><span class=\"pm\">+<\/span><\/summary>\n<div class=\"ans\">Si une femme \u00e2g\u00e9e s&rsquo;est montr\u00e9e hostile, plusieurs personnes autour ont soutenu la m\u00e8re, cr\u00e9ant un moment de solidarit\u00e9. Les agents de bord sont \u00e9galement intervenus. Sur Reddit, de nombreux parents ont partag\u00e9 leur empathie et racont\u00e9 des situations similaires.<\/div>\n<\/details>\n<details>\n<summary><span>Que retenir de ce t\u00e9moignage pour voyager avec un jeune enfant ?<\/span><span class=\"pm\">+<\/span><\/summary>\n<div class=\"ans\">Que la bienveillance fait la diff\u00e9rence. L&rsquo;histoire rappelle que voyager avec de jeunes enfants est d\u00e9j\u00e0 un d\u00e9fi, et que le manque d&#8217;empathie des autres passagers ne fait qu&rsquo;aggraver la situation. Faire preuve de compr\u00e9hension plut\u00f4t que de jugement aide les parents \u00e0 g\u00e9rer ces moments difficiles.<\/div>\n<\/details>\n<\/div>\n<\/div>\n<div class=\"va-news-note\">T\u00e9moignage rapport\u00e9 \u00e0 partir d&rsquo;un r\u00e9cit partag\u00e9 par une m\u00e8re sur un forum de parentalit\u00e9 de Reddit.<\/div>\n<\/div>\n","protected":false},"excerpt":{"rendered":"","protected":false},"author":34,"featured_media":9797,"comment_status":"open","ping_status":"open","sticky":false,"template":"","format":"standard","meta":{"_acf_changed":false,"manual_indexmenow":false,"indexmenow_id_project":0,"footnotes":""},"categories":[1],"tags":[4646,3928,3800,3170,4635],"class_list":["post-9796","post","type-post","status-publish","format-standard","has-post-thumbnail","hentry","category-a-la-une","tag-assistance","tag-detente","tag-emotions","tag-securite","tag-voyage","generate-columns","tablet-grid-50","mobile-grid-100","grid-parent","grid-25"],"acf":[],"yoast_head":"<!-- This site is optimized with the Yoast SEO Premium plugin v21.3 (Yoast SEO v25.1) - https:\/\/yoast.com\/wordpress\/plugins\/seo\/ -->\n<title>Une m\u00e8re choqu\u00e9e par un vol difficile avec son enfant de 2<\/title>\n<meta name=\"description\" content=\"Une m\u00e8re raconte sur Reddit le vol cauchemardesque v\u00e9cu avec son fils de 2 ans : pleurs de l&#039;enfant, remarque blessante d&#039;une passag\u00e8re, puis un \u00e9lan de\" \/>\n<meta name=\"robots\" content=\"index, follow, max-snippet:-1, max-image-preview:large, max-video-preview:-1\" \/>\n<link rel=\"canonical\" href=\"https:\/\/voyage-aventure.com\/blog\/a-la-une\/une-mere-choquee-par-un-vol-difficile-avec-son-enfant-de-2-ans-une-experience-decevante\/\" \/>\n<meta property=\"og:locale\" content=\"fr_FR\" \/>\n<meta property=\"og:type\" content=\"article\" \/>\n<meta property=\"og:title\" content=\"Une m\u00e8re choqu\u00e9e par un vol difficile avec son enfant de 2\" \/>\n<meta property=\"og:description\" content=\"Une m\u00e8re raconte sur Reddit le vol cauchemardesque v\u00e9cu avec son fils de 2 ans : pleurs de l&#039;enfant, remarque blessante d&#039;une passag\u00e8re, puis un \u00e9lan de\" \/>\n<meta property=\"og:url\" content=\"https:\/\/voyage-aventure.com\/blog\/a-la-une\/une-mere-choquee-par-un-vol-difficile-avec-son-enfant-de-2-ans-une-experience-decevante\/\" \/>\n<meta property=\"og:site_name\" content=\"voyage-aventure\" \/>\n<meta property=\"og:image\" content=\"https:\/\/voyage-aventure.com\/blog\/wp-content\/uploads\/2025\/02\/stability-une-mere-choquee-par-un-vol-difficile-avec-son-enfant-de-2-ans-une-experience-decevante.png\" \/>\n\t<meta property=\"og:image:width\" content=\"1024\" \/>\n\t<meta property=\"og:image:height\" content=\"576\" \/>\n\t<meta property=\"og:image:type\" content=\"image\/png\" \/>\n<meta name=\"author\" content=\"Camille Rouvray\" \/>\n<meta name=\"twitter:card\" content=\"summary_large_image\" \/>\n<script type=\"application\/ld+json\" class=\"yoast-schema-graph\">{\"@context\":\"https:\/\/schema.org\",\"@graph\":[{\"@type\":\"NewsArticle\",\"@id\":\"https:\/\/voyage-aventure.com\/blog\/a-la-une\/une-mere-choquee-par-un-vol-difficile-avec-son-enfant-de-2-ans-une-experience-decevante\/#article\",\"isPartOf\":{\"@id\":\"https:\/\/voyage-aventure.com\/blog\/a-la-une\/une-mere-choquee-par-un-vol-difficile-avec-son-enfant-de-2-ans-une-experience-decevante\/\"},\"author\":{\"name\":\"Camille Rouvray\",\"@id\":\"https:\/\/voyage-aventure.com\/blog\/#\/schema\/person\/3c864cdc320801e3db34b663e7e3f816\"},\"headline\":\"Une m\u00e8re choqu\u00e9e par un vol difficile avec son enfant de 2 ans : une exp\u00e9rience d\u00e9cevante\",\"datePublished\":\"2026-06-16T14:29:08+00:00\",\"mainEntityOfPage\":{\"@id\":\"https:\/\/voyage-aventure.com\/blog\/a-la-une\/une-mere-choquee-par-un-vol-difficile-avec-son-enfant-de-2-ans-une-experience-decevante\/\"},\"wordCount\":1100,\"commentCount\":18,\"publisher\":{\"@id\":\"https:\/\/voyage-aventure.com\/blog\/#organization\"},\"image\":{\"@id\":\"https:\/\/voyage-aventure.com\/blog\/a-la-une\/une-mere-choquee-par-un-vol-difficile-avec-son-enfant-de-2-ans-une-experience-decevante\/#primaryimage\"},\"thumbnailUrl\":\"https:\/\/voyage-aventure.com\/blog\/wp-content\/uploads\/2025\/02\/stability-une-mere-choquee-par-un-vol-difficile-avec-son-enfant-de-2-ans-une-experience-decevante.png\",\"keywords\":[\"Assistance\",\"D\u00e9tente\",\"\u00c9motions\",\"S\u00e9curit\u00e9\",\"Voyage\"],\"articleSection\":[\"\u00c0 la une\"],\"inLanguage\":\"fr-FR\",\"potentialAction\":[{\"@type\":\"CommentAction\",\"name\":\"Comment\",\"target\":[\"https:\/\/voyage-aventure.com\/blog\/a-la-une\/une-mere-choquee-par-un-vol-difficile-avec-son-enfant-de-2-ans-une-experience-decevante\/#respond\"]}]},{\"@type\":\"WebPage\",\"@id\":\"https:\/\/voyage-aventure.com\/blog\/a-la-une\/une-mere-choquee-par-un-vol-difficile-avec-son-enfant-de-2-ans-une-experience-decevante\/\",\"url\":\"https:\/\/voyage-aventure.com\/blog\/a-la-une\/une-mere-choquee-par-un-vol-difficile-avec-son-enfant-de-2-ans-une-experience-decevante\/\",\"name\":\"Une m\u00e8re choqu\u00e9e par un vol difficile avec son enfant de 2\",\"isPartOf\":{\"@id\":\"https:\/\/voyage-aventure.com\/blog\/#website\"},\"primaryImageOfPage\":{\"@id\":\"https:\/\/voyage-aventure.com\/blog\/a-la-une\/une-mere-choquee-par-un-vol-difficile-avec-son-enfant-de-2-ans-une-experience-decevante\/#primaryimage\"},\"image\":{\"@id\":\"https:\/\/voyage-aventure.com\/blog\/a-la-une\/une-mere-choquee-par-un-vol-difficile-avec-son-enfant-de-2-ans-une-experience-decevante\/#primaryimage\"},\"thumbnailUrl\":\"https:\/\/voyage-aventure.com\/blog\/wp-content\/uploads\/2025\/02\/stability-une-mere-choquee-par-un-vol-difficile-avec-son-enfant-de-2-ans-une-experience-decevante.png\",\"datePublished\":\"2026-06-16T14:29:08+00:00\",\"description\":\"Une m\u00e8re raconte sur Reddit le vol cauchemardesque v\u00e9cu avec son fils de 2 ans : pleurs de l'enfant, remarque blessante d'une passag\u00e8re, puis un \u00e9lan de\",\"inLanguage\":\"fr-FR\",\"potentialAction\":[{\"@type\":\"ReadAction\",\"target\":[\"https:\/\/voyage-aventure.com\/blog\/a-la-une\/une-mere-choquee-par-un-vol-difficile-avec-son-enfant-de-2-ans-une-experience-decevante\/\"]}]},{\"@type\":\"ImageObject\",\"inLanguage\":\"fr-FR\",\"@id\":\"https:\/\/voyage-aventure.com\/blog\/a-la-une\/une-mere-choquee-par-un-vol-difficile-avec-son-enfant-de-2-ans-une-experience-decevante\/#primaryimage\",\"url\":\"https:\/\/voyage-aventure.com\/blog\/wp-content\/uploads\/2025\/02\/stability-une-mere-choquee-par-un-vol-difficile-avec-son-enfant-de-2-ans-une-experience-decevante.png\",\"contentUrl\":\"https:\/\/voyage-aventure.com\/blog\/wp-content\/uploads\/2025\/02\/stability-une-mere-choquee-par-un-vol-difficile-avec-son-enfant-de-2-ans-une-experience-decevante.png\",\"width\":1024,\"height\":576},{\"@type\":\"WebSite\",\"@id\":\"https:\/\/voyage-aventure.com\/blog\/#website\",\"url\":\"https:\/\/voyage-aventure.com\/blog\/\",\"name\":\"voyage-aventure.com\",\"description\":\"Votre passeport pour l\u2019inattendu.\",\"publisher\":{\"@id\":\"https:\/\/voyage-aventure.com\/blog\/#organization\"},\"alternateName\":\"Votre passeport pour l\u2019inattendu.\",\"potentialAction\":[{\"@type\":\"SearchAction\",\"target\":{\"@type\":\"EntryPoint\",\"urlTemplate\":\"https:\/\/voyage-aventure.com\/blog\/?s={search_term_string}\"},\"query-input\":{\"@type\":\"PropertyValueSpecification\",\"valueRequired\":true,\"valueName\":\"search_term_string\"}}],\"inLanguage\":\"fr-FR\"},{\"@type\":\"Organization\",\"@id\":\"https:\/\/voyage-aventure.com\/blog\/#organization\",\"name\":\"Foretsensations.fr\",\"url\":\"https:\/\/voyage-aventure.com\/blog\/\",\"logo\":{\"@type\":\"ImageObject\",\"inLanguage\":\"fr-FR\",\"@id\":\"https:\/\/voyage-aventure.com\/blog\/#\/schema\/logo\/image\/\",\"url\":\"https:\/\/voyage-aventure.com\/blog\/wp-content\/uploads\/2024\/12\/19.png\",\"contentUrl\":\"https:\/\/voyage-aventure.com\/blog\/wp-content\/uploads\/2024\/12\/19.png\",\"width\":512,\"height\":512,\"caption\":\"Foretsensations.fr\"},\"image\":{\"@id\":\"https:\/\/voyage-aventure.com\/blog\/#\/schema\/logo\/image\/\"}},{\"@type\":\"Person\",\"@id\":\"https:\/\/voyage-aventure.com\/blog\/#\/schema\/person\/3c864cdc320801e3db34b663e7e3f816\",\"name\":\"Camille Rouvray\",\"image\":{\"@type\":\"ImageObject\",\"inLanguage\":\"fr-FR\",\"@id\":\"https:\/\/voyage-aventure.com\/blog\/#\/schema\/person\/image\/\",\"url\":\"https:\/\/voyage-aventure.com\/blog\/wp-content\/uploads\/2026\/06\/persona_camille-r-96x96.jpg\",\"contentUrl\":\"https:\/\/voyage-aventure.com\/blog\/wp-content\/uploads\/2026\/06\/persona_camille-r-96x96.jpg\",\"caption\":\"Camille Rouvray\"},\"description\":\"Je voyage et j'\u00e9cris sur le voyage depuis une douzaine d'ann\u00e9es, d'abord en tant que routarde au long cours, puis comme r\u00e9dactrice sp\u00e9cialis\u00e9e. Mon terrain de pr\u00e9dilection, ce sont les circuits organis\u00e9s et l'art de bien pr\u00e9parer un itin\u00e9raire : choix de la saison, dur\u00e9e r\u00e9aliste des \u00e9tapes, budget jour par jour, logement et transport sur place. J'aime aussi raconter les p\u00e9pites urbaines, ces adresses qu'on ne trouve pas dans les guides classiques. Avant de publier un dossier destination, je croise toujours plusieurs sources, je v\u00e9rifie les tarifs et les formalit\u00e9s d'entr\u00e9e \u00e0 jour, et je teste moi-m\u00eame quand je le peux. Mon angle reste pratique avant tout : aider le lecteur \u00e0 partir l'esprit tranquille, sans mauvaise surprise une fois sur place. Je m'attache \u00e0 distinguer le coup de c\u0153ur sinc\u00e8re du simple argument marketing.\",\"sameAs\":[\"https:\/\/camillerouvray.fr\/\"],\"url\":\"https:\/\/voyage-aventure.com\/blog\/auteur\/noname\/\"}]}<\/script>\n<!-- \/ Yoast SEO Premium plugin. -->","yoast_head_json":{"title":"Une m\u00e8re choqu\u00e9e par un vol difficile avec son enfant de 2","description":"Une m\u00e8re raconte sur Reddit le vol cauchemardesque v\u00e9cu avec son fils de 2 ans : pleurs de l'enfant, remarque blessante d'une passag\u00e8re, puis un \u00e9lan de","robots":{"index":"index","follow":"follow","max-snippet":"max-snippet:-1","max-image-preview":"max-image-preview:large","max-video-preview":"max-video-preview:-1"},"canonical":"https:\/\/voyage-aventure.com\/blog\/a-la-une\/une-mere-choquee-par-un-vol-difficile-avec-son-enfant-de-2-ans-une-experience-decevante\/","og_locale":"fr_FR","og_type":"article","og_title":"Une m\u00e8re choqu\u00e9e par un vol difficile avec son enfant de 2","og_description":"Une m\u00e8re raconte sur Reddit le vol cauchemardesque v\u00e9cu avec son fils de 2 ans : pleurs de l'enfant, remarque blessante d'une passag\u00e8re, puis un \u00e9lan de","og_url":"https:\/\/voyage-aventure.com\/blog\/a-la-une\/une-mere-choquee-par-un-vol-difficile-avec-son-enfant-de-2-ans-une-experience-decevante\/","og_site_name":"voyage-aventure","og_image":[{"width":1024,"height":576,"url":"https:\/\/voyage-aventure.com\/blog\/wp-content\/uploads\/2025\/02\/stability-une-mere-choquee-par-un-vol-difficile-avec-son-enfant-de-2-ans-une-experience-decevante.png","type":"image\/png"}],"author":"Camille Rouvray","twitter_card":"summary_large_image","schema":{"@context":"https:\/\/schema.org","@graph":[{"@type":"NewsArticle","@id":"https:\/\/voyage-aventure.com\/blog\/a-la-une\/une-mere-choquee-par-un-vol-difficile-avec-son-enfant-de-2-ans-une-experience-decevante\/#article","isPartOf":{"@id":"https:\/\/voyage-aventure.com\/blog\/a-la-une\/une-mere-choquee-par-un-vol-difficile-avec-son-enfant-de-2-ans-une-experience-decevante\/"},"author":{"name":"Camille Rouvray","@id":"https:\/\/voyage-aventure.com\/blog\/#\/schema\/person\/3c864cdc320801e3db34b663e7e3f816"},"headline":"Une m\u00e8re choqu\u00e9e par un vol difficile avec son enfant de 2 ans : une exp\u00e9rience d\u00e9cevante","datePublished":"2026-06-16T14:29:08+00:00","mainEntityOfPage":{"@id":"https:\/\/voyage-aventure.com\/blog\/a-la-une\/une-mere-choquee-par-un-vol-difficile-avec-son-enfant-de-2-ans-une-experience-decevante\/"},"wordCount":1100,"commentCount":18,"publisher":{"@id":"https:\/\/voyage-aventure.com\/blog\/#organization"},"image":{"@id":"https:\/\/voyage-aventure.com\/blog\/a-la-une\/une-mere-choquee-par-un-vol-difficile-avec-son-enfant-de-2-ans-une-experience-decevante\/#primaryimage"},"thumbnailUrl":"https:\/\/voyage-aventure.com\/blog\/wp-content\/uploads\/2025\/02\/stability-une-mere-choquee-par-un-vol-difficile-avec-son-enfant-de-2-ans-une-experience-decevante.png","keywords":["Assistance","D\u00e9tente","\u00c9motions","S\u00e9curit\u00e9","Voyage"],"articleSection":["\u00c0 la une"],"inLanguage":"fr-FR","potentialAction":[{"@type":"CommentAction","name":"Comment","target":["https:\/\/voyage-aventure.com\/blog\/a-la-une\/une-mere-choquee-par-un-vol-difficile-avec-son-enfant-de-2-ans-une-experience-decevante\/#respond"]}]},{"@type":"WebPage","@id":"https:\/\/voyage-aventure.com\/blog\/a-la-une\/une-mere-choquee-par-un-vol-difficile-avec-son-enfant-de-2-ans-une-experience-decevante\/","url":"https:\/\/voyage-aventure.com\/blog\/a-la-une\/une-mere-choquee-par-un-vol-difficile-avec-son-enfant-de-2-ans-une-experience-decevante\/","name":"Une m\u00e8re choqu\u00e9e par un vol difficile avec son enfant de 2","isPartOf":{"@id":"https:\/\/voyage-aventure.com\/blog\/#website"},"primaryImageOfPage":{"@id":"https:\/\/voyage-aventure.com\/blog\/a-la-une\/une-mere-choquee-par-un-vol-difficile-avec-son-enfant-de-2-ans-une-experience-decevante\/#primaryimage"},"image":{"@id":"https:\/\/voyage-aventure.com\/blog\/a-la-une\/une-mere-choquee-par-un-vol-difficile-avec-son-enfant-de-2-ans-une-experience-decevante\/#primaryimage"},"thumbnailUrl":"https:\/\/voyage-aventure.com\/blog\/wp-content\/uploads\/2025\/02\/stability-une-mere-choquee-par-un-vol-difficile-avec-son-enfant-de-2-ans-une-experience-decevante.png","datePublished":"2026-06-16T14:29:08+00:00","description":"Une m\u00e8re raconte sur Reddit le vol cauchemardesque v\u00e9cu avec son fils de 2 ans : pleurs de l'enfant, remarque blessante d'une passag\u00e8re, puis un \u00e9lan de","inLanguage":"fr-FR","potentialAction":[{"@type":"ReadAction","target":["https:\/\/voyage-aventure.com\/blog\/a-la-une\/une-mere-choquee-par-un-vol-difficile-avec-son-enfant-de-2-ans-une-experience-decevante\/"]}]},{"@type":"ImageObject","inLanguage":"fr-FR","@id":"https:\/\/voyage-aventure.com\/blog\/a-la-une\/une-mere-choquee-par-un-vol-difficile-avec-son-enfant-de-2-ans-une-experience-decevante\/#primaryimage","url":"https:\/\/voyage-aventure.com\/blog\/wp-content\/uploads\/2025\/02\/stability-une-mere-choquee-par-un-vol-difficile-avec-son-enfant-de-2-ans-une-experience-decevante.png","contentUrl":"https:\/\/voyage-aventure.com\/blog\/wp-content\/uploads\/2025\/02\/stability-une-mere-choquee-par-un-vol-difficile-avec-son-enfant-de-2-ans-une-experience-decevante.png","width":1024,"height":576},{"@type":"WebSite","@id":"https:\/\/voyage-aventure.com\/blog\/#website","url":"https:\/\/voyage-aventure.com\/blog\/","name":"voyage-aventure.com","description":"Votre passeport pour l\u2019inattendu.","publisher":{"@id":"https:\/\/voyage-aventure.com\/blog\/#organization"},"alternateName":"Votre passeport pour l\u2019inattendu.","potentialAction":[{"@type":"SearchAction","target":{"@type":"EntryPoint","urlTemplate":"https:\/\/voyage-aventure.com\/blog\/?s={search_term_string}"},"query-input":{"@type":"PropertyValueSpecification","valueRequired":true,"valueName":"search_term_string"}}],"inLanguage":"fr-FR"},{"@type":"Organization","@id":"https:\/\/voyage-aventure.com\/blog\/#organization","name":"Foretsensations.fr","url":"https:\/\/voyage-aventure.com\/blog\/","logo":{"@type":"ImageObject","inLanguage":"fr-FR","@id":"https:\/\/voyage-aventure.com\/blog\/#\/schema\/logo\/image\/","url":"https:\/\/voyage-aventure.com\/blog\/wp-content\/uploads\/2024\/12\/19.png","contentUrl":"https:\/\/voyage-aventure.com\/blog\/wp-content\/uploads\/2024\/12\/19.png","width":512,"height":512,"caption":"Foretsensations.fr"},"image":{"@id":"https:\/\/voyage-aventure.com\/blog\/#\/schema\/logo\/image\/"}},{"@type":"Person","@id":"https:\/\/voyage-aventure.com\/blog\/#\/schema\/person\/3c864cdc320801e3db34b663e7e3f816","name":"Camille Rouvray","image":{"@type":"ImageObject","inLanguage":"fr-FR","@id":"https:\/\/voyage-aventure.com\/blog\/#\/schema\/person\/image\/","url":"https:\/\/voyage-aventure.com\/blog\/wp-content\/uploads\/2026\/06\/persona_camille-r-96x96.jpg","contentUrl":"https:\/\/voyage-aventure.com\/blog\/wp-content\/uploads\/2026\/06\/persona_camille-r-96x96.jpg","caption":"Camille Rouvray"},"description":"Je voyage et j'\u00e9cris sur le voyage depuis une douzaine d'ann\u00e9es, d'abord en tant que routarde au long cours, puis comme r\u00e9dactrice sp\u00e9cialis\u00e9e. Mon terrain de pr\u00e9dilection, ce sont les circuits organis\u00e9s et l'art de bien pr\u00e9parer un itin\u00e9raire : choix de la saison, dur\u00e9e r\u00e9aliste des \u00e9tapes, budget jour par jour, logement et transport sur place. J'aime aussi raconter les p\u00e9pites urbaines, ces adresses qu'on ne trouve pas dans les guides classiques. Avant de publier un dossier destination, je croise toujours plusieurs sources, je v\u00e9rifie les tarifs et les formalit\u00e9s d'entr\u00e9e \u00e0 jour, et je teste moi-m\u00eame quand je le peux. Mon angle reste pratique avant tout : aider le lecteur \u00e0 partir l'esprit tranquille, sans mauvaise surprise une fois sur place. Je m'attache \u00e0 distinguer le coup de c\u0153ur sinc\u00e8re du simple argument marketing.","sameAs":["https:\/\/camillerouvray.fr\/"],"url":"https:\/\/voyage-aventure.com\/blog\/auteur\/noname\/"}]}},"_links":{"self":[{"href":"https:\/\/voyage-aventure.com\/blog\/wp-json\/wp\/v2\/posts\/9796","targetHints":{"allow":["GET"]}}],"collection":[{"href":"https:\/\/voyage-aventure.com\/blog\/wp-json\/wp\/v2\/posts"}],"about":[{"href":"https:\/\/voyage-aventure.com\/blog\/wp-json\/wp\/v2\/types\/post"}],"author":[{"embeddable":true,"href":"https:\/\/voyage-aventure.com\/blog\/wp-json\/wp\/v2\/users\/34"}],"replies":[{"embeddable":true,"href":"https:\/\/voyage-aventure.com\/blog\/wp-json\/wp\/v2\/comments?post=9796"}],"version-history":[{"count":3,"href":"https:\/\/voyage-aventure.com\/blog\/wp-json\/wp\/v2\/posts\/9796\/revisions"}],"predecessor-version":[{"id":22533,"href":"https:\/\/voyage-aventure.com\/blog\/wp-json\/wp\/v2\/posts\/9796\/revisions\/22533"}],"wp:featuredmedia":[{"embeddable":true,"href":"https:\/\/voyage-aventure.com\/blog\/wp-json\/wp\/v2\/media\/9797"}],"wp:attachment":[{"href":"https:\/\/voyage-aventure.com\/blog\/wp-json\/wp\/v2\/media?parent=9796"}],"wp:term":[{"taxonomy":"category","embeddable":true,"href":"https:\/\/voyage-aventure.com\/blog\/wp-json\/wp\/v2\/categories?post=9796"},{"taxonomy":"post_tag","embeddable":true,"href":"https:\/\/voyage-aventure.com\/blog\/wp-json\/wp\/v2\/tags?post=9796"}],"curies":[{"name":"wp","href":"https:\/\/api.w.org\/{rel}","templated":true}]}}