{"id":9732,"date":"2025-02-17T07:53:58","date_gmt":"2025-02-17T06:53:58","guid":{"rendered":"https:\/\/voyage-aventure.com\/blog\/?p=9732"},"modified":"2025-02-16T19:04:29","modified_gmt":"2025-02-16T18:04:29","slug":"missoula-restrictions-de-voyage-en-raison-de-la-degradation-des-routes","status":"publish","type":"post","link":"https:\/\/voyage-aventure.com\/blog\/a-la-une\/missoula-restrictions-de-voyage-en-raison-de-la-degradation-des-routes\/","title":{"rendered":"Missoula : restrictions de voyage en raison de la d\u00e9gradation des routes"},"content":{"rendered":"<h2>Des conditions routi\u00e8res pr\u00e9occupantes<\/h2>\n<p>Le dimanche 16 f\u00e9vrier 2025, \u00e0 10h15, le d\u00e9partement de police de Missoula a \u00e9mis une alerte de voyage d&rsquo;urgence. Cette d\u00e9cision fait suite \u00e0 une d\u00e9gradation significative des conditions routi\u00e8res dans la ville. Les autorit\u00e9s ont jug\u00e9 ces conditions suffisamment dangereuses pour justifier une restriction des d\u00e9placements.<\/p>\n<p>Les habitants de Missoula sont invit\u00e9s \u00e0 limiter leurs d\u00e9placements aux urgences uniquement. Cette mesure vise \u00e0 garantir la s\u00e9curit\u00e9 de tous et \u00e0 faciliter les interventions des services d&rsquo;urgence. Il est essentiel que chacun prenne conscience des risques associ\u00e9s \u00e0 la conduite dans de telles conditions.<\/p>\n<h2>Cons\u00e9quences des routes ferm\u00e9es<\/h2>\n<p>La d\u00e9gradation des routes a conduit \u00e0 plusieurs fermetures \u00e0 travers la ville. Ces fermetures rendent la circulation difficile et augmentent le risque d&rsquo;accidents. Les autorit\u00e9s locales travaillent dur pour \u00e9valuer les dommages et r\u00e9tablir la s\u00e9curit\u00e9 sur les voies.<\/p>\n<p>Les automobilistes doivent faire preuve de prudence et rester inform\u00e9s des derni\u00e8res mises \u00e0 jour concernant les conditions routi\u00e8res. En respectant les restrictions en place, chacun contribue \u00e0 la s\u00e9curit\u00e9 de la communaut\u00e9. Il est crucial de s&rsquo;adapter \u00e0 cette situation impr\u00e9vue et de rester vigilant.<\/p>\n<h2>Comment rester inform\u00e9 et en s\u00e9curit\u00e9<\/h2>\n<p>Pour ceux qui doivent imp\u00e9rativement voyager, il est recommand\u00e9 de consulter les informations sur les conditions routi\u00e8res. Les mises \u00e0 jour fr\u00e9quentes peuvent \u00eatre trouv\u00e9es sur le site officiel de la ville ou via le d\u00e9partement de police local. <\/p>\n<ul>\n<li>V\u00e9rifiez r\u00e9guli\u00e8rement les mises \u00e0 jour des conditions routi\u00e8res<\/li>\n<li>Limitez les d\u00e9placements aux urgences<\/li>\n<li>Pr\u00e9voyez des alternatives de transport si n\u00e9cessaire<\/li>\n<li>Restez en contact avec les autorit\u00e9s locales<\/li>\n<\/ul>\n<blockquote><p>\u00ab La s\u00e9curit\u00e9 de nos citoyens est notre priorit\u00e9 absolue. Nous demandons \u00e0 tous de suivre ces directives pour \u00e9viter des accidents. \u00bb &#8211; D\u00e9partement de police de Missoula<\/p><\/blockquote>\n<p>Il est important que chaque r\u00e9sident comprenne l&rsquo;importance de ces restrictions. En suivant les consignes, vous prot\u00e9gez non seulement votre s\u00e9curit\u00e9, mais aussi celle des autres. La communaut\u00e9 de Missoula doit faire front commun face \u00e0 ces d\u00e9fis et travailler ensemble pour surmonter cette situation difficile. Les efforts de chacun seront d\u00e9terminants pour r\u00e9tablir la normalit\u00e9 et assurer la s\u00e9curit\u00e9 de tous.<img decoding=\"async\" width=\"1024\" height=\"576\" src=\"https:\/\/voyage-aventure.com\/blog\/wp-content\/uploads\/2025\/02\/stability-missoula-restrictions-de-voyage-en-raison-de-la-degradation-des-routes-1.png\" class=\"aligncenter\" alt=\"Illustration d\u00e9taill\u00e9e sur Missoula : restrictions de voyage en raison de la d\u00e9gradation des routes\" title=\"Missoula : restrictions de voyage en raison de la d\u00e9gradation des routes\" loading=\"lazy\" \/><\/p>\n","protected":false},"excerpt":{"rendered":"","protected":false},"author":34,"featured_media":9733,"comment_status":"open","ping_status":"open","sticky":false,"template":"","format":"standard","meta":{"_acf_changed":false,"manual_indexmenow":false,"indexmenow_id_project":0,"footnotes":""},"categories":[1],"tags":[4646,3726,4713,3170,4635],"class_list":["post-9732","post","type-post","status-publish","format-standard","has-post-thumbnail","hentry","category-a-la-une","tag-assistance","tag-conditions-meteorologiques","tag-preparation","tag-securite","tag-voyage","generate-columns","tablet-grid-50","mobile-grid-100","grid-parent","grid-25"],"acf":[],"yoast_head":"<!-- This site is optimized with the Yoast SEO Premium plugin v21.3 (Yoast SEO v25.1) - https:\/\/yoast.com\/wordpress\/plugins\/seo\/ -->\n<title>Missoula : restrictions de voyage en raison de la<\/title>\n<meta name=\"description\" content=\"Le dimanche 16 f\u00e9vrier 2025, \u00e0 10h15, le d\u00e9partement de police de Missoula a \u00e9mis une alerte de voyage d&#039;urgence. Cette d\u00e9cision fait suite \u00e0 une\" \/>\n<meta name=\"robots\" content=\"index, follow, max-snippet:-1, max-image-preview:large, max-video-preview:-1\" \/>\n<link rel=\"canonical\" href=\"https:\/\/voyage-aventure.com\/blog\/a-la-une\/missoula-restrictions-de-voyage-en-raison-de-la-degradation-des-routes\/\" \/>\n<meta property=\"og:locale\" content=\"fr_FR\" \/>\n<meta property=\"og:type\" content=\"article\" \/>\n<meta property=\"og:title\" content=\"Missoula : restrictions de voyage en raison de la\" \/>\n<meta property=\"og:description\" content=\"Le dimanche 16 f\u00e9vrier 2025, \u00e0 10h15, le d\u00e9partement de police de Missoula a \u00e9mis une alerte de voyage d&#039;urgence. Cette d\u00e9cision fait suite \u00e0 une\" \/>\n<meta property=\"og:url\" content=\"https:\/\/voyage-aventure.com\/blog\/a-la-une\/missoula-restrictions-de-voyage-en-raison-de-la-degradation-des-routes\/\" \/>\n<meta property=\"og:site_name\" content=\"voyage-aventure\" \/>\n<meta property=\"og:image\" content=\"https:\/\/voyage-aventure.com\/blog\/wp-content\/uploads\/2025\/02\/stability-missoula-restrictions-de-voyage-en-raison-de-la-degradation-des-routes.png\" \/>\n\t<meta property=\"og:image:width\" content=\"1024\" \/>\n\t<meta property=\"og:image:height\" content=\"576\" \/>\n\t<meta property=\"og:image:type\" content=\"image\/png\" \/>\n<meta name=\"author\" content=\"Camille Rouvray\" \/>\n<meta name=\"twitter:card\" content=\"summary_large_image\" \/>\n<script type=\"application\/ld+json\" class=\"yoast-schema-graph\">{\"@context\":\"https:\/\/schema.org\",\"@graph\":[{\"@type\":\"NewsArticle\",\"@id\":\"https:\/\/voyage-aventure.com\/blog\/a-la-une\/missoula-restrictions-de-voyage-en-raison-de-la-degradation-des-routes\/#article\",\"isPartOf\":{\"@id\":\"https:\/\/voyage-aventure.com\/blog\/a-la-une\/missoula-restrictions-de-voyage-en-raison-de-la-degradation-des-routes\/\"},\"author\":{\"name\":\"Camille Rouvray\",\"@id\":\"https:\/\/voyage-aventure.com\/blog\/#\/schema\/person\/3c864cdc320801e3db34b663e7e3f816\"},\"headline\":\"Missoula : restrictions de voyage en raison de la d\u00e9gradation des routes\",\"datePublished\":\"2025-02-17T06:53:58+00:00\",\"mainEntityOfPage\":{\"@id\":\"https:\/\/voyage-aventure.com\/blog\/a-la-une\/missoula-restrictions-de-voyage-en-raison-de-la-degradation-des-routes\/\"},\"wordCount\":398,\"commentCount\":23,\"publisher\":{\"@id\":\"https:\/\/voyage-aventure.com\/blog\/#organization\"},\"image\":{\"@id\":\"https:\/\/voyage-aventure.com\/blog\/a-la-une\/missoula-restrictions-de-voyage-en-raison-de-la-degradation-des-routes\/#primaryimage\"},\"thumbnailUrl\":\"https:\/\/voyage-aventure.com\/blog\/wp-content\/uploads\/2025\/02\/stability-missoula-restrictions-de-voyage-en-raison-de-la-degradation-des-routes.png\",\"keywords\":[\"Assistance\",\"Conditions M\u00e9t\u00e9orologiques\",\"Pr\u00e9paration\",\"S\u00e9curit\u00e9\",\"Voyage\"],\"articleSection\":[\"\u00c0 la une\"],\"inLanguage\":\"fr-FR\",\"potentialAction\":[{\"@type\":\"CommentAction\",\"name\":\"Comment\",\"target\":[\"https:\/\/voyage-aventure.com\/blog\/a-la-une\/missoula-restrictions-de-voyage-en-raison-de-la-degradation-des-routes\/#respond\"]}]},{\"@type\":\"WebPage\",\"@id\":\"https:\/\/voyage-aventure.com\/blog\/a-la-une\/missoula-restrictions-de-voyage-en-raison-de-la-degradation-des-routes\/\",\"url\":\"https:\/\/voyage-aventure.com\/blog\/a-la-une\/missoula-restrictions-de-voyage-en-raison-de-la-degradation-des-routes\/\",\"name\":\"Missoula : restrictions de voyage en raison de la\",\"isPartOf\":{\"@id\":\"https:\/\/voyage-aventure.com\/blog\/#website\"},\"primaryImageOfPage\":{\"@id\":\"https:\/\/voyage-aventure.com\/blog\/a-la-une\/missoula-restrictions-de-voyage-en-raison-de-la-degradation-des-routes\/#primaryimage\"},\"image\":{\"@id\":\"https:\/\/voyage-aventure.com\/blog\/a-la-une\/missoula-restrictions-de-voyage-en-raison-de-la-degradation-des-routes\/#primaryimage\"},\"thumbnailUrl\":\"https:\/\/voyage-aventure.com\/blog\/wp-content\/uploads\/2025\/02\/stability-missoula-restrictions-de-voyage-en-raison-de-la-degradation-des-routes.png\",\"datePublished\":\"2025-02-17T06:53:58+00:00\",\"description\":\"Le dimanche 16 f\u00e9vrier 2025, \u00e0 10h15, le d\u00e9partement de police de Missoula a \u00e9mis une alerte de voyage d'urgence. Cette d\u00e9cision fait suite \u00e0 une\",\"inLanguage\":\"fr-FR\",\"potentialAction\":[{\"@type\":\"ReadAction\",\"target\":[\"https:\/\/voyage-aventure.com\/blog\/a-la-une\/missoula-restrictions-de-voyage-en-raison-de-la-degradation-des-routes\/\"]}]},{\"@type\":\"ImageObject\",\"inLanguage\":\"fr-FR\",\"@id\":\"https:\/\/voyage-aventure.com\/blog\/a-la-une\/missoula-restrictions-de-voyage-en-raison-de-la-degradation-des-routes\/#primaryimage\",\"url\":\"https:\/\/voyage-aventure.com\/blog\/wp-content\/uploads\/2025\/02\/stability-missoula-restrictions-de-voyage-en-raison-de-la-degradation-des-routes.png\",\"contentUrl\":\"https:\/\/voyage-aventure.com\/blog\/wp-content\/uploads\/2025\/02\/stability-missoula-restrictions-de-voyage-en-raison-de-la-degradation-des-routes.png\",\"width\":1024,\"height\":576},{\"@type\":\"WebSite\",\"@id\":\"https:\/\/voyage-aventure.com\/blog\/#website\",\"url\":\"https:\/\/voyage-aventure.com\/blog\/\",\"name\":\"voyage-aventure.com\",\"description\":\"Votre passeport pour l\u2019inattendu.\",\"publisher\":{\"@id\":\"https:\/\/voyage-aventure.com\/blog\/#organization\"},\"alternateName\":\"Votre passeport pour l\u2019inattendu.\",\"potentialAction\":[{\"@type\":\"SearchAction\",\"target\":{\"@type\":\"EntryPoint\",\"urlTemplate\":\"https:\/\/voyage-aventure.com\/blog\/?s={search_term_string}\"},\"query-input\":{\"@type\":\"PropertyValueSpecification\",\"valueRequired\":true,\"valueName\":\"search_term_string\"}}],\"inLanguage\":\"fr-FR\"},{\"@type\":\"Organization\",\"@id\":\"https:\/\/voyage-aventure.com\/blog\/#organization\",\"name\":\"Foretsensations.fr\",\"url\":\"https:\/\/voyage-aventure.com\/blog\/\",\"logo\":{\"@type\":\"ImageObject\",\"inLanguage\":\"fr-FR\",\"@id\":\"https:\/\/voyage-aventure.com\/blog\/#\/schema\/logo\/image\/\",\"url\":\"https:\/\/voyage-aventure.com\/blog\/wp-content\/uploads\/2024\/12\/19.png\",\"contentUrl\":\"https:\/\/voyage-aventure.com\/blog\/wp-content\/uploads\/2024\/12\/19.png\",\"width\":512,\"height\":512,\"caption\":\"Foretsensations.fr\"},\"image\":{\"@id\":\"https:\/\/voyage-aventure.com\/blog\/#\/schema\/logo\/image\/\"}},{\"@type\":\"Person\",\"@id\":\"https:\/\/voyage-aventure.com\/blog\/#\/schema\/person\/3c864cdc320801e3db34b663e7e3f816\",\"name\":\"Camille Rouvray\",\"image\":{\"@type\":\"ImageObject\",\"inLanguage\":\"fr-FR\",\"@id\":\"https:\/\/voyage-aventure.com\/blog\/#\/schema\/person\/image\/\",\"url\":\"https:\/\/voyage-aventure.com\/blog\/wp-content\/uploads\/2026\/06\/persona_camille-r-96x96.jpg\",\"contentUrl\":\"https:\/\/voyage-aventure.com\/blog\/wp-content\/uploads\/2026\/06\/persona_camille-r-96x96.jpg\",\"caption\":\"Camille Rouvray\"},\"description\":\"Je voyage et j'\u00e9cris sur le voyage depuis une douzaine d'ann\u00e9es, d'abord en tant que routarde au long cours, puis comme r\u00e9dactrice sp\u00e9cialis\u00e9e. Mon terrain de pr\u00e9dilection, ce sont les circuits organis\u00e9s et l'art de bien pr\u00e9parer un itin\u00e9raire : choix de la saison, dur\u00e9e r\u00e9aliste des \u00e9tapes, budget jour par jour, logement et transport sur place. J'aime aussi raconter les p\u00e9pites urbaines, ces adresses qu'on ne trouve pas dans les guides classiques. Avant de publier un dossier destination, je croise toujours plusieurs sources, je v\u00e9rifie les tarifs et les formalit\u00e9s d'entr\u00e9e \u00e0 jour, et je teste moi-m\u00eame quand je le peux. Mon angle reste pratique avant tout : aider le lecteur \u00e0 partir l'esprit tranquille, sans mauvaise surprise une fois sur place. Je m'attache \u00e0 distinguer le coup de c\u0153ur sinc\u00e8re du simple argument marketing.\",\"sameAs\":[\"https:\/\/camillerouvray.fr\/\"],\"url\":\"https:\/\/voyage-aventure.com\/blog\/auteur\/noname\/\"}]}<\/script>\n<!-- \/ Yoast SEO Premium plugin. -->","yoast_head_json":{"title":"Missoula : restrictions de voyage en raison de la","description":"Le dimanche 16 f\u00e9vrier 2025, \u00e0 10h15, le d\u00e9partement de police de Missoula a \u00e9mis une alerte de voyage d'urgence. Cette d\u00e9cision fait suite \u00e0 une","robots":{"index":"index","follow":"follow","max-snippet":"max-snippet:-1","max-image-preview":"max-image-preview:large","max-video-preview":"max-video-preview:-1"},"canonical":"https:\/\/voyage-aventure.com\/blog\/a-la-une\/missoula-restrictions-de-voyage-en-raison-de-la-degradation-des-routes\/","og_locale":"fr_FR","og_type":"article","og_title":"Missoula : restrictions de voyage en raison de la","og_description":"Le dimanche 16 f\u00e9vrier 2025, \u00e0 10h15, le d\u00e9partement de police de Missoula a \u00e9mis une alerte de voyage d'urgence. Cette d\u00e9cision fait suite \u00e0 une","og_url":"https:\/\/voyage-aventure.com\/blog\/a-la-une\/missoula-restrictions-de-voyage-en-raison-de-la-degradation-des-routes\/","og_site_name":"voyage-aventure","og_image":[{"width":1024,"height":576,"url":"https:\/\/voyage-aventure.com\/blog\/wp-content\/uploads\/2025\/02\/stability-missoula-restrictions-de-voyage-en-raison-de-la-degradation-des-routes.png","type":"image\/png"}],"author":"Camille Rouvray","twitter_card":"summary_large_image","schema":{"@context":"https:\/\/schema.org","@graph":[{"@type":"NewsArticle","@id":"https:\/\/voyage-aventure.com\/blog\/a-la-une\/missoula-restrictions-de-voyage-en-raison-de-la-degradation-des-routes\/#article","isPartOf":{"@id":"https:\/\/voyage-aventure.com\/blog\/a-la-une\/missoula-restrictions-de-voyage-en-raison-de-la-degradation-des-routes\/"},"author":{"name":"Camille Rouvray","@id":"https:\/\/voyage-aventure.com\/blog\/#\/schema\/person\/3c864cdc320801e3db34b663e7e3f816"},"headline":"Missoula : restrictions de voyage en raison de la d\u00e9gradation des routes","datePublished":"2025-02-17T06:53:58+00:00","mainEntityOfPage":{"@id":"https:\/\/voyage-aventure.com\/blog\/a-la-une\/missoula-restrictions-de-voyage-en-raison-de-la-degradation-des-routes\/"},"wordCount":398,"commentCount":23,"publisher":{"@id":"https:\/\/voyage-aventure.com\/blog\/#organization"},"image":{"@id":"https:\/\/voyage-aventure.com\/blog\/a-la-une\/missoula-restrictions-de-voyage-en-raison-de-la-degradation-des-routes\/#primaryimage"},"thumbnailUrl":"https:\/\/voyage-aventure.com\/blog\/wp-content\/uploads\/2025\/02\/stability-missoula-restrictions-de-voyage-en-raison-de-la-degradation-des-routes.png","keywords":["Assistance","Conditions M\u00e9t\u00e9orologiques","Pr\u00e9paration","S\u00e9curit\u00e9","Voyage"],"articleSection":["\u00c0 la une"],"inLanguage":"fr-FR","potentialAction":[{"@type":"CommentAction","name":"Comment","target":["https:\/\/voyage-aventure.com\/blog\/a-la-une\/missoula-restrictions-de-voyage-en-raison-de-la-degradation-des-routes\/#respond"]}]},{"@type":"WebPage","@id":"https:\/\/voyage-aventure.com\/blog\/a-la-une\/missoula-restrictions-de-voyage-en-raison-de-la-degradation-des-routes\/","url":"https:\/\/voyage-aventure.com\/blog\/a-la-une\/missoula-restrictions-de-voyage-en-raison-de-la-degradation-des-routes\/","name":"Missoula : restrictions de voyage en raison de la","isPartOf":{"@id":"https:\/\/voyage-aventure.com\/blog\/#website"},"primaryImageOfPage":{"@id":"https:\/\/voyage-aventure.com\/blog\/a-la-une\/missoula-restrictions-de-voyage-en-raison-de-la-degradation-des-routes\/#primaryimage"},"image":{"@id":"https:\/\/voyage-aventure.com\/blog\/a-la-une\/missoula-restrictions-de-voyage-en-raison-de-la-degradation-des-routes\/#primaryimage"},"thumbnailUrl":"https:\/\/voyage-aventure.com\/blog\/wp-content\/uploads\/2025\/02\/stability-missoula-restrictions-de-voyage-en-raison-de-la-degradation-des-routes.png","datePublished":"2025-02-17T06:53:58+00:00","description":"Le dimanche 16 f\u00e9vrier 2025, \u00e0 10h15, le d\u00e9partement de police de Missoula a \u00e9mis une alerte de voyage d'urgence. Cette d\u00e9cision fait suite \u00e0 une","inLanguage":"fr-FR","potentialAction":[{"@type":"ReadAction","target":["https:\/\/voyage-aventure.com\/blog\/a-la-une\/missoula-restrictions-de-voyage-en-raison-de-la-degradation-des-routes\/"]}]},{"@type":"ImageObject","inLanguage":"fr-FR","@id":"https:\/\/voyage-aventure.com\/blog\/a-la-une\/missoula-restrictions-de-voyage-en-raison-de-la-degradation-des-routes\/#primaryimage","url":"https:\/\/voyage-aventure.com\/blog\/wp-content\/uploads\/2025\/02\/stability-missoula-restrictions-de-voyage-en-raison-de-la-degradation-des-routes.png","contentUrl":"https:\/\/voyage-aventure.com\/blog\/wp-content\/uploads\/2025\/02\/stability-missoula-restrictions-de-voyage-en-raison-de-la-degradation-des-routes.png","width":1024,"height":576},{"@type":"WebSite","@id":"https:\/\/voyage-aventure.com\/blog\/#website","url":"https:\/\/voyage-aventure.com\/blog\/","name":"voyage-aventure.com","description":"Votre passeport pour l\u2019inattendu.","publisher":{"@id":"https:\/\/voyage-aventure.com\/blog\/#organization"},"alternateName":"Votre passeport pour l\u2019inattendu.","potentialAction":[{"@type":"SearchAction","target":{"@type":"EntryPoint","urlTemplate":"https:\/\/voyage-aventure.com\/blog\/?s={search_term_string}"},"query-input":{"@type":"PropertyValueSpecification","valueRequired":true,"valueName":"search_term_string"}}],"inLanguage":"fr-FR"},{"@type":"Organization","@id":"https:\/\/voyage-aventure.com\/blog\/#organization","name":"Foretsensations.fr","url":"https:\/\/voyage-aventure.com\/blog\/","logo":{"@type":"ImageObject","inLanguage":"fr-FR","@id":"https:\/\/voyage-aventure.com\/blog\/#\/schema\/logo\/image\/","url":"https:\/\/voyage-aventure.com\/blog\/wp-content\/uploads\/2024\/12\/19.png","contentUrl":"https:\/\/voyage-aventure.com\/blog\/wp-content\/uploads\/2024\/12\/19.png","width":512,"height":512,"caption":"Foretsensations.fr"},"image":{"@id":"https:\/\/voyage-aventure.com\/blog\/#\/schema\/logo\/image\/"}},{"@type":"Person","@id":"https:\/\/voyage-aventure.com\/blog\/#\/schema\/person\/3c864cdc320801e3db34b663e7e3f816","name":"Camille Rouvray","image":{"@type":"ImageObject","inLanguage":"fr-FR","@id":"https:\/\/voyage-aventure.com\/blog\/#\/schema\/person\/image\/","url":"https:\/\/voyage-aventure.com\/blog\/wp-content\/uploads\/2026\/06\/persona_camille-r-96x96.jpg","contentUrl":"https:\/\/voyage-aventure.com\/blog\/wp-content\/uploads\/2026\/06\/persona_camille-r-96x96.jpg","caption":"Camille Rouvray"},"description":"Je voyage et j'\u00e9cris sur le voyage depuis une douzaine d'ann\u00e9es, d'abord en tant que routarde au long cours, puis comme r\u00e9dactrice sp\u00e9cialis\u00e9e. Mon terrain de pr\u00e9dilection, ce sont les circuits organis\u00e9s et l'art de bien pr\u00e9parer un itin\u00e9raire : choix de la saison, dur\u00e9e r\u00e9aliste des \u00e9tapes, budget jour par jour, logement et transport sur place. J'aime aussi raconter les p\u00e9pites urbaines, ces adresses qu'on ne trouve pas dans les guides classiques. Avant de publier un dossier destination, je croise toujours plusieurs sources, je v\u00e9rifie les tarifs et les formalit\u00e9s d'entr\u00e9e \u00e0 jour, et je teste moi-m\u00eame quand je le peux. Mon angle reste pratique avant tout : aider le lecteur \u00e0 partir l'esprit tranquille, sans mauvaise surprise une fois sur place. Je m'attache \u00e0 distinguer le coup de c\u0153ur sinc\u00e8re du simple argument marketing.","sameAs":["https:\/\/camillerouvray.fr\/"],"url":"https:\/\/voyage-aventure.com\/blog\/auteur\/noname\/"}]}},"_links":{"self":[{"href":"https:\/\/voyage-aventure.com\/blog\/wp-json\/wp\/v2\/posts\/9732","targetHints":{"allow":["GET"]}}],"collection":[{"href":"https:\/\/voyage-aventure.com\/blog\/wp-json\/wp\/v2\/posts"}],"about":[{"href":"https:\/\/voyage-aventure.com\/blog\/wp-json\/wp\/v2\/types\/post"}],"author":[{"embeddable":true,"href":"https:\/\/voyage-aventure.com\/blog\/wp-json\/wp\/v2\/users\/34"}],"replies":[{"embeddable":true,"href":"https:\/\/voyage-aventure.com\/blog\/wp-json\/wp\/v2\/comments?post=9732"}],"version-history":[{"count":1,"href":"https:\/\/voyage-aventure.com\/blog\/wp-json\/wp\/v2\/posts\/9732\/revisions"}],"predecessor-version":[{"id":9735,"href":"https:\/\/voyage-aventure.com\/blog\/wp-json\/wp\/v2\/posts\/9732\/revisions\/9735"}],"wp:featuredmedia":[{"embeddable":true,"href":"https:\/\/voyage-aventure.com\/blog\/wp-json\/wp\/v2\/media\/9733"}],"wp:attachment":[{"href":"https:\/\/voyage-aventure.com\/blog\/wp-json\/wp\/v2\/media?parent=9732"}],"wp:term":[{"taxonomy":"category","embeddable":true,"href":"https:\/\/voyage-aventure.com\/blog\/wp-json\/wp\/v2\/categories?post=9732"},{"taxonomy":"post_tag","embeddable":true,"href":"https:\/\/voyage-aventure.com\/blog\/wp-json\/wp\/v2\/tags?post=9732"}],"curies":[{"name":"wp","href":"https:\/\/api.w.org\/{rel}","templated":true}]}}