{"id":9690,"date":"2025-02-17T00:38:25","date_gmt":"2025-02-16T23:38:25","guid":{"rendered":"https:\/\/voyage-aventure.com\/blog\/?p=9690"},"modified":"2025-02-16T15:51:32","modified_gmt":"2025-02-16T14:51:32","slug":"preparez-vous-la-neige-du-lac-et-des-vents-violents-compliqueront-vos-voyages-ce-dimanche","status":"publish","type":"post","link":"https:\/\/voyage-aventure.com\/blog\/a-la-une\/preparez-vous-la-neige-du-lac-et-des-vents-violents-compliqueront-vos-voyages-ce-dimanche\/","title":{"rendered":"Pr\u00e9parez-vous : la neige du lac et des vents violents compliqueront vos voyages ce dimanche"},"content":{"rendered":"<h2>Les effets de la neige du lac sur les d\u00e9placements<\/h2>\n<p>La neige du lac, caus\u00e9e par les vents froids soufflant sur les eaux non gel\u00e9es, peut cr\u00e9er des conditions de conduite p\u00e9rilleuses. Ce ph\u00e9nom\u00e8ne m\u00e9t\u00e9orologique se produit lorsque l&rsquo;air froid rencontre l&rsquo;eau chaude, g\u00e9n\u00e9rant ainsi des chutes de neige localis\u00e9es. Ce dimanche, les conducteurs \u00e0 Michiana doivent s&rsquo;attendre \u00e0 des routes glissantes et \u00e0 une visibilit\u00e9 r\u00e9duite.<\/p>\n<p>Le syst\u00e8me m\u00e9t\u00e9orologique qui a travers\u00e9 la r\u00e9gion a limit\u00e9 les accumulations de neige importantes, mais un l\u00e9ger saupoudrage de neige a \u00e9t\u00e9 observ\u00e9. Les pr\u00e9visions indiquent que la neige du lac s&rsquo;intensifiera en fin de matin\u00e9e, entra\u00eenant des \u00e9pisodes intermittents de chutes de neige tout au long de la journ\u00e9e. En cons\u00e9quence, il est crucial de rester vigilant et de prendre des pr\u00e9cautions suppl\u00e9mentaires lors de vos d\u00e9placements.<\/p>\n<h2>Conditions m\u00e9t\u00e9orologiques et alertes<\/h2>\n<p>Un avis de temps hivernal sera en vigueur dans toute la r\u00e9gion de Michiana de 8h \u00e0 19h ce dimanche. Les rafales de vent atteignant 35 mph pourraient remuer la neige fra\u00eeche, rendant la conduite encore plus difficile. De plus, ces vents violents contribueront \u00e0 une chute des temp\u00e9ratures ressenties, qui pourrait avoisiner les adolescents.<\/p>\n<p>Les pr\u00e9visions indiquent que la neige se poursuivra jusqu&rsquo;\u00e0 la nuit, avec des flocons possibles jusqu&rsquo;\u00e0 lundi. Cependant, la probabilit\u00e9 de nouvelles chutes de neige sera nettement r\u00e9duite par rapport au week-end pr\u00e9c\u00e9dent. Les habitants doivent donc se pr\u00e9parer \u00e0 des conditions hivernales prolong\u00e9es tout au long de la semaine.<\/p>\n<h2>Pr\u00e9parez-vous aux temp\u00e9ratures glaciales<\/h2>\n<p>Ce dimanche marquera l&rsquo;arriv\u00e9e d&rsquo;une pouss\u00e9e d&rsquo;air arctique, avec des temp\u00e9ratures maximales dans les hautes vingtaines. Les conditions de vent feront que la temp\u00e9rature ressentie sera consid\u00e9rablement plus basse, pr\u00e8s de 10\u00b0F. Les pr\u00e9visions pour le lundi annoncent un froid encore plus intense, avec des temp\u00e9ratures atteignant seulement 12\u00b0F.<\/p>\n<p>Il est conseill\u00e9 de se pr\u00e9parer \u00e0 un froid persistant, car les temp\u00e9ratures resteront dans les adolescents jusqu&rsquo;\u00e0 la fin de la semaine. Bien que les chances de neige soient r\u00e9duites, il est important de garder un \u0153il sur les pr\u00e9visions. Voici quelques conseils pour rester en s\u00e9curit\u00e9 durant cette p\u00e9riode :<\/p>\n<ul>\n<li>V\u00e9rifiez r\u00e9guli\u00e8rement les mises \u00e0 jour m\u00e9t\u00e9o.<\/li>\n<li>\u00c9quipez votre v\u00e9hicule avec des pneus d&rsquo;hiver et des kits d&rsquo;urgence.<\/li>\n<li>\u00c9vitez de conduire si les conditions sont trop dangereuses.<\/li>\n<li>Habillez-vous chaudement pour \u00e9viter l&rsquo;hypothermie.<\/li>\n<\/ul>\n<blockquote><p>\n  \u00ab La s\u00e9curit\u00e9 sur les routes doit \u00eatre la priorit\u00e9 absolue lors de conditions m\u00e9t\u00e9orologiques difficiles. \u00bb\n<\/p><\/blockquote>\n<p>Les conditions hivernales peuvent varier rapidement, et \u00eatre pr\u00e9par\u00e9 est essentiel pour naviguer ces d\u00e9fis. Prenez le temps de planifier vos trajets et d&rsquo;\u00e9valuer les conditions avant de sortir. Les d\u00e9placements ce dimanche pourraient \u00eatre compliqu\u00e9s, mais avec les bonnes pr\u00e9cautions, vous pouvez minimiser les risques. Restez inform\u00e9 et prenez soin de vous et des autres sur la route.<br \/>\n<img decoding=\"async\" width=\"1024\" height=\"576\" src=\"https:\/\/voyage-aventure.com\/blog\/wp-content\/uploads\/2025\/02\/stability-preparez-vous-la-neige-du-lac-et-des-vents-violents-compliqueront-vos-voyages-ce-dimanche-1.png\" class=\"aligncenter\" alt=\"Illustration d\u00e9taill\u00e9e sur Pr\u00e9parez-vous : la neige du lac et des vents violents compliqueront vos voyages ce dimanche\" title=\"Pr\u00e9parez-vous : la neige du lac et des vents violents compliqueront vos voyages ce dimanche\" loading=\"lazy\" \/><\/p>\n","protected":false},"excerpt":{"rendered":"","protected":false},"author":34,"featured_media":9691,"comment_status":"open","ping_status":"open","sticky":false,"template":"","format":"standard","meta":{"_acf_changed":false,"manual_indexmenow":false,"indexmenow_id_project":0,"footnotes":""},"categories":[1],"tags":[4639,3726,4713,3170,4635],"class_list":["post-9690","post","type-post","status-publish","format-standard","has-post-thumbnail","hentry","category-a-la-une","tag-aventure","tag-conditions-meteorologiques","tag-preparation","tag-securite","tag-voyage","generate-columns","tablet-grid-50","mobile-grid-100","grid-parent","grid-25"],"acf":[],"yoast_head":"<!-- This site is optimized with the Yoast SEO Premium plugin v21.3 (Yoast SEO v25.1) - https:\/\/yoast.com\/wordpress\/plugins\/seo\/ -->\n<title>Pr\u00e9parez-vous : la neige du lac et des vents violents<\/title>\n<meta name=\"description\" content=\"Les effets de la neige du lac sur les d\u00e9placements La neige du lac, caus\u00e9e par les vents froids soufflant sur les eaux non gel\u00e9es, peut cr\u00e9er des\" \/>\n<meta name=\"robots\" content=\"index, follow, max-snippet:-1, max-image-preview:large, max-video-preview:-1\" \/>\n<link rel=\"canonical\" href=\"https:\/\/voyage-aventure.com\/blog\/a-la-une\/preparez-vous-la-neige-du-lac-et-des-vents-violents-compliqueront-vos-voyages-ce-dimanche\/\" \/>\n<meta property=\"og:locale\" content=\"fr_FR\" \/>\n<meta property=\"og:type\" content=\"article\" \/>\n<meta property=\"og:title\" content=\"Pr\u00e9parez-vous : la neige du lac et des vents violents\" \/>\n<meta property=\"og:description\" content=\"Les effets de la neige du lac sur les d\u00e9placements La neige du lac, caus\u00e9e par les vents froids soufflant sur les eaux non gel\u00e9es, peut cr\u00e9er des\" \/>\n<meta property=\"og:url\" content=\"https:\/\/voyage-aventure.com\/blog\/a-la-une\/preparez-vous-la-neige-du-lac-et-des-vents-violents-compliqueront-vos-voyages-ce-dimanche\/\" \/>\n<meta property=\"og:site_name\" content=\"voyage-aventure\" \/>\n<meta property=\"og:image\" content=\"https:\/\/voyage-aventure.com\/blog\/wp-content\/uploads\/2025\/02\/stability-preparez-vous-la-neige-du-lac-et-des-vents-violents-compliqueront-vos-voyages-ce-dimanche.png\" \/>\n\t<meta property=\"og:image:width\" content=\"1024\" \/>\n\t<meta property=\"og:image:height\" content=\"576\" \/>\n\t<meta property=\"og:image:type\" content=\"image\/png\" \/>\n<meta name=\"author\" content=\"Camille Rouvray\" \/>\n<meta name=\"twitter:card\" content=\"summary_large_image\" \/>\n<script type=\"application\/ld+json\" class=\"yoast-schema-graph\">{\"@context\":\"https:\/\/schema.org\",\"@graph\":[{\"@type\":\"NewsArticle\",\"@id\":\"https:\/\/voyage-aventure.com\/blog\/a-la-une\/preparez-vous-la-neige-du-lac-et-des-vents-violents-compliqueront-vos-voyages-ce-dimanche\/#article\",\"isPartOf\":{\"@id\":\"https:\/\/voyage-aventure.com\/blog\/a-la-une\/preparez-vous-la-neige-du-lac-et-des-vents-violents-compliqueront-vos-voyages-ce-dimanche\/\"},\"author\":{\"name\":\"Camille Rouvray\",\"@id\":\"https:\/\/voyage-aventure.com\/blog\/#\/schema\/person\/3c864cdc320801e3db34b663e7e3f816\"},\"headline\":\"Pr\u00e9parez-vous : la neige du lac et des vents violents compliqueront vos voyages ce dimanche\",\"datePublished\":\"2025-02-16T23:38:25+00:00\",\"mainEntityOfPage\":{\"@id\":\"https:\/\/voyage-aventure.com\/blog\/a-la-une\/preparez-vous-la-neige-du-lac-et-des-vents-violents-compliqueront-vos-voyages-ce-dimanche\/\"},\"wordCount\":539,\"commentCount\":29,\"publisher\":{\"@id\":\"https:\/\/voyage-aventure.com\/blog\/#organization\"},\"image\":{\"@id\":\"https:\/\/voyage-aventure.com\/blog\/a-la-une\/preparez-vous-la-neige-du-lac-et-des-vents-violents-compliqueront-vos-voyages-ce-dimanche\/#primaryimage\"},\"thumbnailUrl\":\"https:\/\/voyage-aventure.com\/blog\/wp-content\/uploads\/2025\/02\/stability-preparez-vous-la-neige-du-lac-et-des-vents-violents-compliqueront-vos-voyages-ce-dimanche.png\",\"keywords\":[\"Aventure\",\"Conditions M\u00e9t\u00e9orologiques\",\"Pr\u00e9paration\",\"S\u00e9curit\u00e9\",\"Voyage\"],\"articleSection\":[\"\u00c0 la une\"],\"inLanguage\":\"fr-FR\",\"potentialAction\":[{\"@type\":\"CommentAction\",\"name\":\"Comment\",\"target\":[\"https:\/\/voyage-aventure.com\/blog\/a-la-une\/preparez-vous-la-neige-du-lac-et-des-vents-violents-compliqueront-vos-voyages-ce-dimanche\/#respond\"]}]},{\"@type\":\"WebPage\",\"@id\":\"https:\/\/voyage-aventure.com\/blog\/a-la-une\/preparez-vous-la-neige-du-lac-et-des-vents-violents-compliqueront-vos-voyages-ce-dimanche\/\",\"url\":\"https:\/\/voyage-aventure.com\/blog\/a-la-une\/preparez-vous-la-neige-du-lac-et-des-vents-violents-compliqueront-vos-voyages-ce-dimanche\/\",\"name\":\"Pr\u00e9parez-vous : la neige du lac et des vents violents\",\"isPartOf\":{\"@id\":\"https:\/\/voyage-aventure.com\/blog\/#website\"},\"primaryImageOfPage\":{\"@id\":\"https:\/\/voyage-aventure.com\/blog\/a-la-une\/preparez-vous-la-neige-du-lac-et-des-vents-violents-compliqueront-vos-voyages-ce-dimanche\/#primaryimage\"},\"image\":{\"@id\":\"https:\/\/voyage-aventure.com\/blog\/a-la-une\/preparez-vous-la-neige-du-lac-et-des-vents-violents-compliqueront-vos-voyages-ce-dimanche\/#primaryimage\"},\"thumbnailUrl\":\"https:\/\/voyage-aventure.com\/blog\/wp-content\/uploads\/2025\/02\/stability-preparez-vous-la-neige-du-lac-et-des-vents-violents-compliqueront-vos-voyages-ce-dimanche.png\",\"datePublished\":\"2025-02-16T23:38:25+00:00\",\"description\":\"Les effets de la neige du lac sur les d\u00e9placements La neige du lac, caus\u00e9e par les vents froids soufflant sur les eaux non gel\u00e9es, peut cr\u00e9er des\",\"inLanguage\":\"fr-FR\",\"potentialAction\":[{\"@type\":\"ReadAction\",\"target\":[\"https:\/\/voyage-aventure.com\/blog\/a-la-une\/preparez-vous-la-neige-du-lac-et-des-vents-violents-compliqueront-vos-voyages-ce-dimanche\/\"]}]},{\"@type\":\"ImageObject\",\"inLanguage\":\"fr-FR\",\"@id\":\"https:\/\/voyage-aventure.com\/blog\/a-la-une\/preparez-vous-la-neige-du-lac-et-des-vents-violents-compliqueront-vos-voyages-ce-dimanche\/#primaryimage\",\"url\":\"https:\/\/voyage-aventure.com\/blog\/wp-content\/uploads\/2025\/02\/stability-preparez-vous-la-neige-du-lac-et-des-vents-violents-compliqueront-vos-voyages-ce-dimanche.png\",\"contentUrl\":\"https:\/\/voyage-aventure.com\/blog\/wp-content\/uploads\/2025\/02\/stability-preparez-vous-la-neige-du-lac-et-des-vents-violents-compliqueront-vos-voyages-ce-dimanche.png\",\"width\":1024,\"height\":576},{\"@type\":\"WebSite\",\"@id\":\"https:\/\/voyage-aventure.com\/blog\/#website\",\"url\":\"https:\/\/voyage-aventure.com\/blog\/\",\"name\":\"voyage-aventure.com\",\"description\":\"Votre passeport pour l\u2019inattendu.\",\"publisher\":{\"@id\":\"https:\/\/voyage-aventure.com\/blog\/#organization\"},\"alternateName\":\"Votre passeport pour l\u2019inattendu.\",\"potentialAction\":[{\"@type\":\"SearchAction\",\"target\":{\"@type\":\"EntryPoint\",\"urlTemplate\":\"https:\/\/voyage-aventure.com\/blog\/?s={search_term_string}\"},\"query-input\":{\"@type\":\"PropertyValueSpecification\",\"valueRequired\":true,\"valueName\":\"search_term_string\"}}],\"inLanguage\":\"fr-FR\"},{\"@type\":\"Organization\",\"@id\":\"https:\/\/voyage-aventure.com\/blog\/#organization\",\"name\":\"Foretsensations.fr\",\"url\":\"https:\/\/voyage-aventure.com\/blog\/\",\"logo\":{\"@type\":\"ImageObject\",\"inLanguage\":\"fr-FR\",\"@id\":\"https:\/\/voyage-aventure.com\/blog\/#\/schema\/logo\/image\/\",\"url\":\"https:\/\/voyage-aventure.com\/blog\/wp-content\/uploads\/2024\/12\/19.png\",\"contentUrl\":\"https:\/\/voyage-aventure.com\/blog\/wp-content\/uploads\/2024\/12\/19.png\",\"width\":512,\"height\":512,\"caption\":\"Foretsensations.fr\"},\"image\":{\"@id\":\"https:\/\/voyage-aventure.com\/blog\/#\/schema\/logo\/image\/\"}},{\"@type\":\"Person\",\"@id\":\"https:\/\/voyage-aventure.com\/blog\/#\/schema\/person\/3c864cdc320801e3db34b663e7e3f816\",\"name\":\"Camille Rouvray\",\"image\":{\"@type\":\"ImageObject\",\"inLanguage\":\"fr-FR\",\"@id\":\"https:\/\/voyage-aventure.com\/blog\/#\/schema\/person\/image\/\",\"url\":\"https:\/\/voyage-aventure.com\/blog\/wp-content\/uploads\/2026\/06\/persona_camille-r-96x96.jpg\",\"contentUrl\":\"https:\/\/voyage-aventure.com\/blog\/wp-content\/uploads\/2026\/06\/persona_camille-r-96x96.jpg\",\"caption\":\"Camille Rouvray\"},\"description\":\"Je voyage et j'\u00e9cris sur le voyage depuis une douzaine d'ann\u00e9es, d'abord en tant que routarde au long cours, puis comme r\u00e9dactrice sp\u00e9cialis\u00e9e. Mon terrain de pr\u00e9dilection, ce sont les circuits organis\u00e9s et l'art de bien pr\u00e9parer un itin\u00e9raire : choix de la saison, dur\u00e9e r\u00e9aliste des \u00e9tapes, budget jour par jour, logement et transport sur place. J'aime aussi raconter les p\u00e9pites urbaines, ces adresses qu'on ne trouve pas dans les guides classiques. Avant de publier un dossier destination, je croise toujours plusieurs sources, je v\u00e9rifie les tarifs et les formalit\u00e9s d'entr\u00e9e \u00e0 jour, et je teste moi-m\u00eame quand je le peux. Mon angle reste pratique avant tout : aider le lecteur \u00e0 partir l'esprit tranquille, sans mauvaise surprise une fois sur place. Je m'attache \u00e0 distinguer le coup de c\u0153ur sinc\u00e8re du simple argument marketing.\",\"sameAs\":[\"https:\/\/camillerouvray.fr\/\"],\"url\":\"https:\/\/voyage-aventure.com\/blog\/auteur\/noname\/\"}]}<\/script>\n<!-- \/ Yoast SEO Premium plugin. -->","yoast_head_json":{"title":"Pr\u00e9parez-vous : la neige du lac et des vents violents","description":"Les effets de la neige du lac sur les d\u00e9placements La neige du lac, caus\u00e9e par les vents froids soufflant sur les eaux non gel\u00e9es, peut cr\u00e9er des","robots":{"index":"index","follow":"follow","max-snippet":"max-snippet:-1","max-image-preview":"max-image-preview:large","max-video-preview":"max-video-preview:-1"},"canonical":"https:\/\/voyage-aventure.com\/blog\/a-la-une\/preparez-vous-la-neige-du-lac-et-des-vents-violents-compliqueront-vos-voyages-ce-dimanche\/","og_locale":"fr_FR","og_type":"article","og_title":"Pr\u00e9parez-vous : la neige du lac et des vents violents","og_description":"Les effets de la neige du lac sur les d\u00e9placements La neige du lac, caus\u00e9e par les vents froids soufflant sur les eaux non gel\u00e9es, peut cr\u00e9er des","og_url":"https:\/\/voyage-aventure.com\/blog\/a-la-une\/preparez-vous-la-neige-du-lac-et-des-vents-violents-compliqueront-vos-voyages-ce-dimanche\/","og_site_name":"voyage-aventure","og_image":[{"width":1024,"height":576,"url":"https:\/\/voyage-aventure.com\/blog\/wp-content\/uploads\/2025\/02\/stability-preparez-vous-la-neige-du-lac-et-des-vents-violents-compliqueront-vos-voyages-ce-dimanche.png","type":"image\/png"}],"author":"Camille Rouvray","twitter_card":"summary_large_image","schema":{"@context":"https:\/\/schema.org","@graph":[{"@type":"NewsArticle","@id":"https:\/\/voyage-aventure.com\/blog\/a-la-une\/preparez-vous-la-neige-du-lac-et-des-vents-violents-compliqueront-vos-voyages-ce-dimanche\/#article","isPartOf":{"@id":"https:\/\/voyage-aventure.com\/blog\/a-la-une\/preparez-vous-la-neige-du-lac-et-des-vents-violents-compliqueront-vos-voyages-ce-dimanche\/"},"author":{"name":"Camille Rouvray","@id":"https:\/\/voyage-aventure.com\/blog\/#\/schema\/person\/3c864cdc320801e3db34b663e7e3f816"},"headline":"Pr\u00e9parez-vous : la neige du lac et des vents violents compliqueront vos voyages ce dimanche","datePublished":"2025-02-16T23:38:25+00:00","mainEntityOfPage":{"@id":"https:\/\/voyage-aventure.com\/blog\/a-la-une\/preparez-vous-la-neige-du-lac-et-des-vents-violents-compliqueront-vos-voyages-ce-dimanche\/"},"wordCount":539,"commentCount":29,"publisher":{"@id":"https:\/\/voyage-aventure.com\/blog\/#organization"},"image":{"@id":"https:\/\/voyage-aventure.com\/blog\/a-la-une\/preparez-vous-la-neige-du-lac-et-des-vents-violents-compliqueront-vos-voyages-ce-dimanche\/#primaryimage"},"thumbnailUrl":"https:\/\/voyage-aventure.com\/blog\/wp-content\/uploads\/2025\/02\/stability-preparez-vous-la-neige-du-lac-et-des-vents-violents-compliqueront-vos-voyages-ce-dimanche.png","keywords":["Aventure","Conditions M\u00e9t\u00e9orologiques","Pr\u00e9paration","S\u00e9curit\u00e9","Voyage"],"articleSection":["\u00c0 la une"],"inLanguage":"fr-FR","potentialAction":[{"@type":"CommentAction","name":"Comment","target":["https:\/\/voyage-aventure.com\/blog\/a-la-une\/preparez-vous-la-neige-du-lac-et-des-vents-violents-compliqueront-vos-voyages-ce-dimanche\/#respond"]}]},{"@type":"WebPage","@id":"https:\/\/voyage-aventure.com\/blog\/a-la-une\/preparez-vous-la-neige-du-lac-et-des-vents-violents-compliqueront-vos-voyages-ce-dimanche\/","url":"https:\/\/voyage-aventure.com\/blog\/a-la-une\/preparez-vous-la-neige-du-lac-et-des-vents-violents-compliqueront-vos-voyages-ce-dimanche\/","name":"Pr\u00e9parez-vous : la neige du lac et des vents violents","isPartOf":{"@id":"https:\/\/voyage-aventure.com\/blog\/#website"},"primaryImageOfPage":{"@id":"https:\/\/voyage-aventure.com\/blog\/a-la-une\/preparez-vous-la-neige-du-lac-et-des-vents-violents-compliqueront-vos-voyages-ce-dimanche\/#primaryimage"},"image":{"@id":"https:\/\/voyage-aventure.com\/blog\/a-la-une\/preparez-vous-la-neige-du-lac-et-des-vents-violents-compliqueront-vos-voyages-ce-dimanche\/#primaryimage"},"thumbnailUrl":"https:\/\/voyage-aventure.com\/blog\/wp-content\/uploads\/2025\/02\/stability-preparez-vous-la-neige-du-lac-et-des-vents-violents-compliqueront-vos-voyages-ce-dimanche.png","datePublished":"2025-02-16T23:38:25+00:00","description":"Les effets de la neige du lac sur les d\u00e9placements La neige du lac, caus\u00e9e par les vents froids soufflant sur les eaux non gel\u00e9es, peut cr\u00e9er des","inLanguage":"fr-FR","potentialAction":[{"@type":"ReadAction","target":["https:\/\/voyage-aventure.com\/blog\/a-la-une\/preparez-vous-la-neige-du-lac-et-des-vents-violents-compliqueront-vos-voyages-ce-dimanche\/"]}]},{"@type":"ImageObject","inLanguage":"fr-FR","@id":"https:\/\/voyage-aventure.com\/blog\/a-la-une\/preparez-vous-la-neige-du-lac-et-des-vents-violents-compliqueront-vos-voyages-ce-dimanche\/#primaryimage","url":"https:\/\/voyage-aventure.com\/blog\/wp-content\/uploads\/2025\/02\/stability-preparez-vous-la-neige-du-lac-et-des-vents-violents-compliqueront-vos-voyages-ce-dimanche.png","contentUrl":"https:\/\/voyage-aventure.com\/blog\/wp-content\/uploads\/2025\/02\/stability-preparez-vous-la-neige-du-lac-et-des-vents-violents-compliqueront-vos-voyages-ce-dimanche.png","width":1024,"height":576},{"@type":"WebSite","@id":"https:\/\/voyage-aventure.com\/blog\/#website","url":"https:\/\/voyage-aventure.com\/blog\/","name":"voyage-aventure.com","description":"Votre passeport pour l\u2019inattendu.","publisher":{"@id":"https:\/\/voyage-aventure.com\/blog\/#organization"},"alternateName":"Votre passeport pour l\u2019inattendu.","potentialAction":[{"@type":"SearchAction","target":{"@type":"EntryPoint","urlTemplate":"https:\/\/voyage-aventure.com\/blog\/?s={search_term_string}"},"query-input":{"@type":"PropertyValueSpecification","valueRequired":true,"valueName":"search_term_string"}}],"inLanguage":"fr-FR"},{"@type":"Organization","@id":"https:\/\/voyage-aventure.com\/blog\/#organization","name":"Foretsensations.fr","url":"https:\/\/voyage-aventure.com\/blog\/","logo":{"@type":"ImageObject","inLanguage":"fr-FR","@id":"https:\/\/voyage-aventure.com\/blog\/#\/schema\/logo\/image\/","url":"https:\/\/voyage-aventure.com\/blog\/wp-content\/uploads\/2024\/12\/19.png","contentUrl":"https:\/\/voyage-aventure.com\/blog\/wp-content\/uploads\/2024\/12\/19.png","width":512,"height":512,"caption":"Foretsensations.fr"},"image":{"@id":"https:\/\/voyage-aventure.com\/blog\/#\/schema\/logo\/image\/"}},{"@type":"Person","@id":"https:\/\/voyage-aventure.com\/blog\/#\/schema\/person\/3c864cdc320801e3db34b663e7e3f816","name":"Camille Rouvray","image":{"@type":"ImageObject","inLanguage":"fr-FR","@id":"https:\/\/voyage-aventure.com\/blog\/#\/schema\/person\/image\/","url":"https:\/\/voyage-aventure.com\/blog\/wp-content\/uploads\/2026\/06\/persona_camille-r-96x96.jpg","contentUrl":"https:\/\/voyage-aventure.com\/blog\/wp-content\/uploads\/2026\/06\/persona_camille-r-96x96.jpg","caption":"Camille Rouvray"},"description":"Je voyage et j'\u00e9cris sur le voyage depuis une douzaine d'ann\u00e9es, d'abord en tant que routarde au long cours, puis comme r\u00e9dactrice sp\u00e9cialis\u00e9e. Mon terrain de pr\u00e9dilection, ce sont les circuits organis\u00e9s et l'art de bien pr\u00e9parer un itin\u00e9raire : choix de la saison, dur\u00e9e r\u00e9aliste des \u00e9tapes, budget jour par jour, logement et transport sur place. J'aime aussi raconter les p\u00e9pites urbaines, ces adresses qu'on ne trouve pas dans les guides classiques. Avant de publier un dossier destination, je croise toujours plusieurs sources, je v\u00e9rifie les tarifs et les formalit\u00e9s d'entr\u00e9e \u00e0 jour, et je teste moi-m\u00eame quand je le peux. Mon angle reste pratique avant tout : aider le lecteur \u00e0 partir l'esprit tranquille, sans mauvaise surprise une fois sur place. Je m'attache \u00e0 distinguer le coup de c\u0153ur sinc\u00e8re du simple argument marketing.","sameAs":["https:\/\/camillerouvray.fr\/"],"url":"https:\/\/voyage-aventure.com\/blog\/auteur\/noname\/"}]}},"_links":{"self":[{"href":"https:\/\/voyage-aventure.com\/blog\/wp-json\/wp\/v2\/posts\/9690","targetHints":{"allow":["GET"]}}],"collection":[{"href":"https:\/\/voyage-aventure.com\/blog\/wp-json\/wp\/v2\/posts"}],"about":[{"href":"https:\/\/voyage-aventure.com\/blog\/wp-json\/wp\/v2\/types\/post"}],"author":[{"embeddable":true,"href":"https:\/\/voyage-aventure.com\/blog\/wp-json\/wp\/v2\/users\/34"}],"replies":[{"embeddable":true,"href":"https:\/\/voyage-aventure.com\/blog\/wp-json\/wp\/v2\/comments?post=9690"}],"version-history":[{"count":1,"href":"https:\/\/voyage-aventure.com\/blog\/wp-json\/wp\/v2\/posts\/9690\/revisions"}],"predecessor-version":[{"id":9693,"href":"https:\/\/voyage-aventure.com\/blog\/wp-json\/wp\/v2\/posts\/9690\/revisions\/9693"}],"wp:featuredmedia":[{"embeddable":true,"href":"https:\/\/voyage-aventure.com\/blog\/wp-json\/wp\/v2\/media\/9691"}],"wp:attachment":[{"href":"https:\/\/voyage-aventure.com\/blog\/wp-json\/wp\/v2\/media?parent=9690"}],"wp:term":[{"taxonomy":"category","embeddable":true,"href":"https:\/\/voyage-aventure.com\/blog\/wp-json\/wp\/v2\/categories?post=9690"},{"taxonomy":"post_tag","embeddable":true,"href":"https:\/\/voyage-aventure.com\/blog\/wp-json\/wp\/v2\/tags?post=9690"}],"curies":[{"name":"wp","href":"https:\/\/api.w.org\/{rel}","templated":true}]}}