{"id":9422,"date":"2026-06-16T16:27:23","date_gmt":"2026-06-16T14:27:23","guid":{"rendered":"https:\/\/voyage-aventure.com\/blog\/a-la-une\/preparez-vous-un-orage-perturbera-vos-voyages-ce-week-end-a-partir-de-dimanche-matin\/"},"modified":"2026-06-16T16:27:23","modified_gmt":"2026-06-16T14:27:23","slug":"preparez-vous-un-orage-perturbera-vos-voyages-ce-week-end-a-partir-de-dimanche-matin","status":"publish","type":"post","link":"https:\/\/voyage-aventure.com\/blog\/a-la-une\/preparez-vous-un-orage-perturbera-vos-voyages-ce-week-end-a-partir-de-dimanche-matin\/","title":{"rendered":"Pr\u00e9parez-vous : un orage perturbera vos voyages ce week-end \u00e0 partir de dimanche matin"},"content":{"rendered":"<link rel=\"stylesheet\" href=\"https:\/\/fonts.googleapis.com\/css2?family=Newsreader:ital,opsz,wght@0,6..72,500..700;1,6..72,500..600&#038;family=Inter:wght@400;500;600&#038;family=JetBrains+Mono:wght@500&#038;display=swap\">\n<style>\n.va-orage-wrap{font-family:\"Inter\",system-ui,sans-serif;color:#23202b;line-height:1.65;font-size:17px}\n.va-orage-wrap h2{font-family:\"Newsreader\",Georgia,serif;font-weight:700;font-size:clamp(24px,3.2vw,33px);line-height:1.2;letter-spacing:-.01em;color:#1b1822;margin:48px 0 18px;padding-top:6px}\n.va-orage-dateline{font-family:\"JetBrains Mono\",monospace;font-size:12px;letter-spacing:.08em;text-transform:uppercase;color:#5E548E;font-weight:500;display:flex;align-items:center;gap:10px;margin:0 0 14px}\n.va-orage-dateline span{height:1px;flex:1;background:linear-gradient(90deg,#5E548E33,transparent)}\n.va-orage-lead{font-family:\"Newsreader\",Georgia,serif;font-size:clamp(19px,2.4vw,22px);line-height:1.5;color:#332e3f;font-weight:500;margin:0 0 30px}\n.va-orage-essentiel{background:#f6f4fb;border:1px solid #e3def2;border-left:5px solid #5E548E;border-radius:12px;padding:24px 26px;margin:30px 0;box-shadow:0 1px 2px rgba(16,24,40,.05),0 14px 30px -20px rgba(94,84,142,.4)}\n.va-orage-essentiel .va-orage-kicker{font-family:\"JetBrains Mono\",monospace;font-size:11px;letter-spacing:.14em;text-transform:uppercase;color:#5E548E;font-weight:500;margin-bottom:14px}\n.va-orage-li{display:flex;gap:12px;align-items:flex-start;padding:9px 0;border-top:1px solid #ece7f7}\n.va-orage-li:first-of-type{border-top:none}\n.va-orage-li b{font-family:\"JetBrains Mono\",monospace;font-size:11px;letter-spacing:.06em;text-transform:uppercase;color:#5E548E;min-width:64px;padding-top:3px;font-weight:500}\n.va-orage-li span{color:#2b2734}\n.va-orage-grid{display:grid;grid-template-columns:repeat(auto-fit,minmax(240px,1fr));gap:22px;margin:28px 0}\n.va-orage-card{background:#fff;border:1px solid #eae6f3;border-top:3px solid #5E548E;border-radius:12px;padding:22px 24px;transition:.25s ease;box-shadow:0 1px 2px rgba(16,24,40,.05),0 12px 28px -18px rgba(16,24,40,.16)}\n.va-orage-card:hover{transform:translateY(-3px);box-shadow:0 4px 8px rgba(16,24,40,.07),0 18px 34px -16px rgba(94,84,142,.28);border-color:#d8d0ec}\n.va-orage-card h3{font-family:\"Newsreader\",Georgia,serif;font-size:19px;font-weight:600;color:#1b1822;margin:0 0 8px}\n.va-orage-card .va-orage-txt{font-size:15.5px;color:#3a3545;line-height:1.6}\n.va-orage-quote{font-family:\"Newsreader\",Georgia,serif;font-style:italic;font-size:clamp(20px,2.6vw,25px);line-height:1.45;color:#2a2535;border-left:4px solid #5E548E;padding:6px 0 6px 24px;margin:34px 0}\n.va-orage-quote .va-orage-cite{display:block;font-family:\"JetBrains Mono\",monospace;font-style:normal;font-size:12px;letter-spacing:.06em;text-transform:uppercase;color:#7a719c;margin-top:14px}\n.va-orage-checklist{list-style:none;padding:0;margin:22px 0}\n.va-orage-checklist li{position:relative;padding:10px 0 10px 34px;border-bottom:1px solid #efebf7;font-size:16px;color:#332e3f}\n.va-orage-checklist li:last-child{border-bottom:none}\n.va-orage-checklist li::before{content:\"\u279c\";position:absolute;left:0;top:9px;color:#5E548E;font-weight:700}\n.va-orage-retenir{background:#1b1822;color:#efeaf7;border-radius:14px;padding:28px 30px;margin:40px 0}\n.va-orage-retenir .va-orage-kicker{font-family:\"JetBrains Mono\",monospace;font-size:11px;letter-spacing:.14em;text-transform:uppercase;color:#b3a6dd;margin-bottom:16px}\n.va-orage-retenir ul{list-style:none;padding:0;margin:0}\n.va-orage-retenir li{position:relative;padding:8px 0 8px 26px;border-top:1px solid #322c40;line-height:1.55}\n.va-orage-retenir li:first-child{border-top:none}\n.va-orage-retenir li::before{content:\"\u25cf\";position:absolute;left:0;top:8px;color:#9f8fd0;font-size:11px}\n.va-orage-faq{margin:36px 0}\n.va-orage-faq details{border:1px solid #e8e3f3;border-radius:10px;padding:4px 20px;margin-bottom:12px;background:#fbfaff;transition:.2s ease}\n.va-orage-faq details[open]{border-color:#c9bee8;box-shadow:0 10px 26px -18px rgba(94,84,142,.4)}\n.va-orage-faq summary{font-family:\"Newsreader\",Georgia,serif;font-weight:600;font-size:18px;color:#221e2c;cursor:pointer;padding:14px 0;list-style:none}\n.va-orage-faq summary::-webkit-details-marker{display:none}\n.va-orage-faq summary::before{content:\"+\";color:#5E548E;font-weight:700;margin-right:12px}\n.va-orage-faq details[open] summary::before{content:\"\u2013\"}\n.va-orage-faq .va-orage-txt{padding:0 0 16px 24px;color:#3a3545;font-size:15.5px;line-height:1.6}\n.va-orage-wrap img{border-radius:12px;margin:30px 0}\n\/*RENDERFIX2*\/.va-orage-dateline span{color:#eef3f9!important}.va-orage-dateline span p,.va-orage-dateline span li,.va-orage-dateline span strong,.va-orage-dateline span em,.va-orage-dateline span a,.va-orage-dateline span span,.va-orage-dateline span b,.va-orage-dateline span td,.va-orage-dateline span th,.va-orage-dateline span h2,.va-orage-dateline span h3,.va-orage-dateline span h4{color:#eef3f9!important}.va-orage-dateline span strong,.va-orage-dateline span b{color:#ffffff!important}.va-orage-retenir{color:#eef3f9!important}.va-orage-retenir p,.va-orage-retenir li,.va-orage-retenir strong,.va-orage-retenir em,.va-orage-retenir a,.va-orage-retenir span,.va-orage-retenir b,.va-orage-retenir td,.va-orage-retenir th,.va-orage-retenir h2,.va-orage-retenir h3,.va-orage-retenir h4{color:#eef3f9!important}.va-orage-retenir strong,.va-orage-retenir b{color:#ffffff!important}<\/style>\n<div class=\"va-orage-wrap\">\n<div class=\"va-orage-dateline\">M\u00e9t\u00e9o \u00b7 S\u00e9curit\u00e9 voyageurs <span><\/span> Pr\u00e9vision \u00b7 15 f\u00e9vrier 2025<\/div>\n<div class=\"va-orage-lead\">Une temp\u00eate \u00e9tait annonc\u00e9e pour ce week-end de f\u00e9vrier 2025, \u00e0 partir du dimanche matin, avec un impact attendu sur la route et les transports en commun. Retour sur les pr\u00e9visions diffus\u00e9es \u00e0 l&rsquo;\u00e9poque et les consignes de prudence qui les accompagnaient.<\/div>\n<div class=\"va-orage-essentiel\">\n<div class=\"va-orage-kicker\">L&rsquo;essentiel<\/div>\n<div class=\"va-orage-li\"><b>Quoi<\/b><span>Une temp\u00eate avec fortes pr\u00e9cipitations et vents violents, annonc\u00e9e pour le week-end.<\/span><\/div>\n<div class=\"va-orage-li\"><b>Quand<\/b><span>\u00c0 partir du dimanche matin (week-end de f\u00e9vrier 2025).<\/span><\/div>\n<div class=\"va-orage-li\"><b>Enjeu<\/b><span>Routes rendues dangereuses et perturbations sur les transports en commun \u2014 la s\u00e9curit\u00e9 prime sur les d\u00e9placements.<\/span><\/div>\n<\/div>\n<h2>Des conditions m\u00e9t\u00e9orologiques difficiles \u00e0 l&rsquo;horizon<\/h2>\n<p>Les pr\u00e9visions m\u00e9t\u00e9orologiques annon\u00e7aient une temp\u00eate d\u00e9butant le dimanche matin, rendant les d\u00e9placements complexes pour de nombreux voyageurs. Les fortes pr\u00e9cipitations et les vents violents pouvaient transformer les routes en v\u00e9ritables pi\u00e8ges. Pour qui avait des projets de voyage ce week-end-l\u00e0, il \u00e9tait crucial de rester inform\u00e9 et d&rsquo;adapter ses plans en cons\u00e9quence.<br \/>\nLes m\u00e9t\u00e9orologues alertaient sur la possibilit\u00e9 de conditions routi\u00e8res dangereuses. La combinaison de la neige fondante et des rafales de vent risquait d&rsquo;entra\u00eener des difficult\u00e9s de visibilit\u00e9. La recommandation \u00e9tait claire : v\u00e9rifier r\u00e9guli\u00e8rement les mises \u00e0 jour des conditions m\u00e9t\u00e9o sur les sites sp\u00e9cialis\u00e9s avant de prendre la route. Pour toute situation de ce type aujourd&rsquo;hui, le r\u00e9flexe reste de consulter les services m\u00e9t\u00e9orologiques officiels pour disposer d&rsquo;une information \u00e0 jour.<br \/>\n<iframe loading=\"lazy\" title=\"UNE NOUVELLE CHANCE ou VOIE ! Vous red\u00e9couvrez des d\u00e9lices et plaisirs, gr\u00e2ce \u00e0 un esprit apais\u00e9 !\" width=\"1200\" height=\"675\" src=\"https:\/\/www.youtube.com\/embed\/hwXnQuRDBMs?feature=oembed\" frameborder=\"0\" allow=\"accelerometer; autoplay; clipboard-write; encrypted-media; gyroscope; picture-in-picture; web-share\" referrerpolicy=\"strict-origin-when-cross-origin\" allowfullscreen><\/iframe><\/p>\n<h2>Impact sur les transports en commun<\/h2>\n<p>Les perturbations ne devaient pas se limiter aux automobilistes : les transports en commun \u00e9taient eux aussi concern\u00e9s. Bus et trains pouvaient subir des retards ou des annulations en raison des conditions climatiques d\u00e9favorables. Les usagers \u00e9taient invit\u00e9s \u00e0 faire preuve de prudence et \u00e0 se pr\u00e9parer \u00e0 des modifications de leurs horaires de voyage.<\/p>\n<div class=\"va-orage-grid\">\n<div class=\"va-orage-card\">\n<h3>Sur la route<\/h3>\n<div class=\"va-orage-txt\">Visibilit\u00e9 r\u00e9duite, chauss\u00e9es glissantes li\u00e9es \u00e0 la neige fondante et rafales de vent : les automobilistes \u00e9taient les plus expos\u00e9s aux conditions annonc\u00e9es.<\/div>\n<\/div>\n<div class=\"va-orage-card\">\n<h3>Bus &amp; trains<\/h3>\n<div class=\"va-orage-txt\">Retards et annulations possibles. Le conseil donn\u00e9 \u00e9tait de contacter directement les compagnies de transport pour obtenir des informations \u00e0 jour.<\/div>\n<\/div>\n<div class=\"va-orage-card\">\n<h3>Mesures d&rsquo;urgence<\/h3>\n<div class=\"va-orage-txt\">De nombreux services publics pr\u00e9voyaient des dispositifs pour garantir la s\u00e9curit\u00e9 des passagers, dans une situation susceptible d&rsquo;\u00e9voluer rapidement.<\/div>\n<\/div>\n<\/div>\n<p>Il \u00e9tait conseill\u00e9 de contacter les compagnies de transport pour obtenir des informations \u00e0 jour. De nombreux services publics avaient pr\u00e9vu de mettre en place des mesures d&rsquo;urgence pour garantir la s\u00e9curit\u00e9 des passagers. La situation pouvant \u00e9voluer rapidement, la communication restait essentielle.<\/p>\n<h2>Pr\u00e9paration et s\u00e9curit\u00e9 des voyageurs<\/h2>\n<p>Face \u00e0 ces pr\u00e9visions, prendre des mesures de pr\u00e9caution \u00e9tait essentiel. Voici les conseils qui \u00e9taient mis en avant pour assurer sa s\u00e9curit\u00e9 lors des d\u00e9placements de ce week-end :<\/p>\n<ul class=\"va-orage-checklist\">\n<li>V\u00e9rifier r\u00e9guli\u00e8rement les mises \u00e0 jour m\u00e9t\u00e9o et les alertes de voyage.<\/li>\n<li>Pr\u00e9parer un kit d&rsquo;urgence dans son v\u00e9hicule avec des couvertures, de l&rsquo;eau et des provisions.<\/li>\n<li>S&rsquo;assurer que son v\u00e9hicule est en bon \u00e9tat et dispose de suffisamment de carburant.<\/li>\n<li>\u00c9viter de voyager si les conditions sont trop dangereuses.<\/li>\n<li>Informer un proche de son itin\u00e9raire et de son heure d&rsquo;arriv\u00e9e pr\u00e9vue.<\/li>\n<\/ul>\n<p>Les experts recommandaient de rester vigilant et de ne pas sous-estimer la puissance de la temp\u00eate, comme le rappelait un m\u00e9t\u00e9orologue :<\/p>\n<div class=\"va-orage-quote\">\u00ab\u00a0Il est toujours mieux de pr\u00e9venir que de gu\u00e9rir. Restez inform\u00e9 et pr\u00e9parez-vous \u00e0 des changements dans vos plans de voyage.\u00a0\u00bb<br \/>\n<span class=\"va-orage-cite\">\u2014 Un m\u00e9t\u00e9orologue cit\u00e9 dans les pr\u00e9visions<\/span><\/div>\n<p>Le week-end, souvent synonyme d&rsquo;\u00e9vasion et de d\u00e9tente, pouvait alors se transformer en v\u00e9ritable d\u00e9fi logistique. La s\u00e9curit\u00e9 devait primer sur les imp\u00e9ratifs de voyage : anticiper les impacts de la temp\u00eate \u00e9tait essentiel pour \u00e9viter toute situation inconfortable ou dangereuse.<br \/>\nEn fin de compte, m\u00eame si les pr\u00e9visions pouvaient sembler inqui\u00e9tantes, rester inform\u00e9 et bien pr\u00e9par\u00e9 permettait de circuler en s\u00e9curit\u00e9 durant ce week-end agit\u00e9. La s\u00e9curit\u00e9 de chacun et de ses proches restait la priorit\u00e9 dans ces circonstances climatiques extr\u00eames.<img decoding=\"async\" width=\"1024\" height=\"576\" src=\"https:\/\/voyage-aventure.com\/blog\/wp-content\/uploads\/2025\/02\/stability-preparez-vous-un-orage-perturbera-vos-voyages-ce-week-end-a-partir-de-dimanche-matin-1.png\" class=\"aligncenter\" alt=\"Illustration d\u00e9taill\u00e9e sur Pr\u00e9parez-vous : un orage perturbera vos voyages ce week-end \u00e0 partir de dimanche matin\" title=\"Pr\u00e9parez-vous : un orage perturbera vos voyages ce week-end \u00e0 partir de dimanche matin\" loading=\"lazy\" \/><\/p>\n<div class=\"va-orage-retenir\">\n<div class=\"va-orage-kicker\">Ce qu&rsquo;il faut retenir<\/div>\n<ul>\n<li>Une temp\u00eate \u00e9tait pr\u00e9vue \u00e0 partir du dimanche matin, sur ce week-end de f\u00e9vrier 2025.<\/li>\n<li>Routes potentiellement dangereuses (neige fondante, vent, visibilit\u00e9 r\u00e9duite) et transports en commun perturb\u00e9s.<\/li>\n<li>Consignes de prudence : kit d&rsquo;urgence, v\u00e9hicule v\u00e9rifi\u00e9, itin\u00e9raire communiqu\u00e9, report en cas de conditions trop s\u00e9v\u00e8res.<\/li>\n<li>Pour toute m\u00e9t\u00e9o \u00e0 venir, se fier aux services m\u00e9t\u00e9orologiques officiels et aux compagnies de transport.<\/li>\n<\/ul>\n<\/div>\n<div class=\"va-orage-faq\">\n<details>\n<summary>Quand cette temp\u00eate \u00e9tait-elle attendue ?<\/summary>\n<div class=\"va-orage-txt\">Les pr\u00e9visions annon\u00e7aient un d\u00e9but dimanche matin, sur le week-end de f\u00e9vrier 2025. Il s&rsquo;agit d&rsquo;une information de service dat\u00e9e, et non d&rsquo;une alerte en cours.<\/div>\n<\/details>\n<details>\n<summary>Quels d\u00e9placements \u00e9taient concern\u00e9s ?<\/summary>\n<div class=\"va-orage-txt\">Les d\u00e9placements en voiture comme les transports en commun (bus et trains), avec un risque de retards ou d&rsquo;annulations selon les conditions.<\/div>\n<\/details>\n<details>\n<summary>O\u00f9 trouver une information m\u00e9t\u00e9o \u00e0 jour ?<\/summary>\n<div class=\"va-orage-txt\">Aupr\u00e8s des services m\u00e9t\u00e9orologiques officiels et des compagnies de transport, qui diffusent les alertes et les mises \u00e0 jour en temps r\u00e9el.<\/div>\n<\/details>\n<\/div>\n<\/div>\n","protected":false},"excerpt":{"rendered":"","protected":false},"author":34,"featured_media":9423,"comment_status":"open","ping_status":"open","sticky":false,"template":"","format":"standard","meta":{"_acf_changed":false,"manual_indexmenow":false,"indexmenow_id_project":0,"footnotes":""},"categories":[1],"tags":[4646,3726,4713,3170,4635],"class_list":["post-9422","post","type-post","status-publish","format-standard","has-post-thumbnail","hentry","category-a-la-une","tag-assistance","tag-conditions-meteorologiques","tag-preparation","tag-securite","tag-voyage","generate-columns","tablet-grid-50","mobile-grid-100","grid-parent","grid-25"],"acf":[],"yoast_head":"<!-- This site is optimized with the Yoast SEO Premium plugin v21.3 (Yoast SEO v25.1) - https:\/\/yoast.com\/wordpress\/plugins\/seo\/ -->\n<title>Pr\u00e9parez-vous : un orage perturbera vos voyages ce week-end<\/title>\n<meta name=\"description\" content=\"M\u00e9t\u00e9o \u00b7 S\u00e9curit\u00e9 voyageurs Pr\u00e9vision \u00b7 15 f\u00e9vrier 2025 Une temp\u00eate \u00e9tait annonc\u00e9e pour ce week-end de f\u00e9vrier 2025, \u00e0 partir du dimanche matin, avec un\" \/>\n<meta name=\"robots\" content=\"index, follow, max-snippet:-1, max-image-preview:large, max-video-preview:-1\" \/>\n<link rel=\"canonical\" href=\"https:\/\/voyage-aventure.com\/blog\/a-la-une\/preparez-vous-un-orage-perturbera-vos-voyages-ce-week-end-a-partir-de-dimanche-matin\/\" \/>\n<meta property=\"og:locale\" content=\"fr_FR\" \/>\n<meta property=\"og:type\" content=\"article\" \/>\n<meta property=\"og:title\" content=\"Pr\u00e9parez-vous : un orage perturbera vos voyages ce week-end\" \/>\n<meta property=\"og:description\" content=\"M\u00e9t\u00e9o \u00b7 S\u00e9curit\u00e9 voyageurs Pr\u00e9vision \u00b7 15 f\u00e9vrier 2025 Une temp\u00eate \u00e9tait annonc\u00e9e pour ce week-end de f\u00e9vrier 2025, \u00e0 partir du dimanche matin, avec un\" \/>\n<meta property=\"og:url\" content=\"https:\/\/voyage-aventure.com\/blog\/a-la-une\/preparez-vous-un-orage-perturbera-vos-voyages-ce-week-end-a-partir-de-dimanche-matin\/\" \/>\n<meta property=\"og:site_name\" content=\"voyage-aventure\" \/>\n<meta property=\"og:image\" content=\"https:\/\/voyage-aventure.com\/blog\/wp-content\/uploads\/2025\/02\/stability-preparez-vous-un-orage-perturbera-vos-voyages-ce-week-end-a-partir-de-dimanche-matin.png\" \/>\n\t<meta property=\"og:image:width\" content=\"1024\" \/>\n\t<meta property=\"og:image:height\" content=\"576\" \/>\n\t<meta property=\"og:image:type\" content=\"image\/png\" \/>\n<meta name=\"author\" content=\"Camille Rouvray\" \/>\n<meta name=\"twitter:card\" content=\"summary_large_image\" \/>\n<script type=\"application\/ld+json\" class=\"yoast-schema-graph\">{\"@context\":\"https:\/\/schema.org\",\"@graph\":[{\"@type\":\"NewsArticle\",\"@id\":\"https:\/\/voyage-aventure.com\/blog\/a-la-une\/preparez-vous-un-orage-perturbera-vos-voyages-ce-week-end-a-partir-de-dimanche-matin\/#article\",\"isPartOf\":{\"@id\":\"https:\/\/voyage-aventure.com\/blog\/a-la-une\/preparez-vous-un-orage-perturbera-vos-voyages-ce-week-end-a-partir-de-dimanche-matin\/\"},\"author\":{\"name\":\"Camille Rouvray\",\"@id\":\"https:\/\/voyage-aventure.com\/blog\/#\/schema\/person\/3c864cdc320801e3db34b663e7e3f816\"},\"headline\":\"Pr\u00e9parez-vous : un orage perturbera vos voyages ce week-end \u00e0 partir de dimanche matin\",\"datePublished\":\"2026-06-16T14:27:23+00:00\",\"mainEntityOfPage\":{\"@id\":\"https:\/\/voyage-aventure.com\/blog\/a-la-une\/preparez-vous-un-orage-perturbera-vos-voyages-ce-week-end-a-partir-de-dimanche-matin\/\"},\"wordCount\":906,\"commentCount\":22,\"publisher\":{\"@id\":\"https:\/\/voyage-aventure.com\/blog\/#organization\"},\"image\":{\"@id\":\"https:\/\/voyage-aventure.com\/blog\/a-la-une\/preparez-vous-un-orage-perturbera-vos-voyages-ce-week-end-a-partir-de-dimanche-matin\/#primaryimage\"},\"thumbnailUrl\":\"https:\/\/voyage-aventure.com\/blog\/wp-content\/uploads\/2025\/02\/stability-preparez-vous-un-orage-perturbera-vos-voyages-ce-week-end-a-partir-de-dimanche-matin.png\",\"keywords\":[\"Assistance\",\"Conditions M\u00e9t\u00e9orologiques\",\"Pr\u00e9paration\",\"S\u00e9curit\u00e9\",\"Voyage\"],\"articleSection\":[\"\u00c0 la une\"],\"inLanguage\":\"fr-FR\",\"potentialAction\":[{\"@type\":\"CommentAction\",\"name\":\"Comment\",\"target\":[\"https:\/\/voyage-aventure.com\/blog\/a-la-une\/preparez-vous-un-orage-perturbera-vos-voyages-ce-week-end-a-partir-de-dimanche-matin\/#respond\"]}]},{\"@type\":\"WebPage\",\"@id\":\"https:\/\/voyage-aventure.com\/blog\/a-la-une\/preparez-vous-un-orage-perturbera-vos-voyages-ce-week-end-a-partir-de-dimanche-matin\/\",\"url\":\"https:\/\/voyage-aventure.com\/blog\/a-la-une\/preparez-vous-un-orage-perturbera-vos-voyages-ce-week-end-a-partir-de-dimanche-matin\/\",\"name\":\"Pr\u00e9parez-vous : un orage perturbera vos voyages ce week-end\",\"isPartOf\":{\"@id\":\"https:\/\/voyage-aventure.com\/blog\/#website\"},\"primaryImageOfPage\":{\"@id\":\"https:\/\/voyage-aventure.com\/blog\/a-la-une\/preparez-vous-un-orage-perturbera-vos-voyages-ce-week-end-a-partir-de-dimanche-matin\/#primaryimage\"},\"image\":{\"@id\":\"https:\/\/voyage-aventure.com\/blog\/a-la-une\/preparez-vous-un-orage-perturbera-vos-voyages-ce-week-end-a-partir-de-dimanche-matin\/#primaryimage\"},\"thumbnailUrl\":\"https:\/\/voyage-aventure.com\/blog\/wp-content\/uploads\/2025\/02\/stability-preparez-vous-un-orage-perturbera-vos-voyages-ce-week-end-a-partir-de-dimanche-matin.png\",\"datePublished\":\"2026-06-16T14:27:23+00:00\",\"description\":\"M\u00e9t\u00e9o \u00b7 S\u00e9curit\u00e9 voyageurs Pr\u00e9vision \u00b7 15 f\u00e9vrier 2025 Une temp\u00eate \u00e9tait annonc\u00e9e pour ce week-end de f\u00e9vrier 2025, \u00e0 partir du dimanche matin, avec un\",\"inLanguage\":\"fr-FR\",\"potentialAction\":[{\"@type\":\"ReadAction\",\"target\":[\"https:\/\/voyage-aventure.com\/blog\/a-la-une\/preparez-vous-un-orage-perturbera-vos-voyages-ce-week-end-a-partir-de-dimanche-matin\/\"]}]},{\"@type\":\"ImageObject\",\"inLanguage\":\"fr-FR\",\"@id\":\"https:\/\/voyage-aventure.com\/blog\/a-la-une\/preparez-vous-un-orage-perturbera-vos-voyages-ce-week-end-a-partir-de-dimanche-matin\/#primaryimage\",\"url\":\"https:\/\/voyage-aventure.com\/blog\/wp-content\/uploads\/2025\/02\/stability-preparez-vous-un-orage-perturbera-vos-voyages-ce-week-end-a-partir-de-dimanche-matin.png\",\"contentUrl\":\"https:\/\/voyage-aventure.com\/blog\/wp-content\/uploads\/2025\/02\/stability-preparez-vous-un-orage-perturbera-vos-voyages-ce-week-end-a-partir-de-dimanche-matin.png\",\"width\":1024,\"height\":576},{\"@type\":\"WebSite\",\"@id\":\"https:\/\/voyage-aventure.com\/blog\/#website\",\"url\":\"https:\/\/voyage-aventure.com\/blog\/\",\"name\":\"voyage-aventure.com\",\"description\":\"Votre passeport pour l\u2019inattendu.\",\"publisher\":{\"@id\":\"https:\/\/voyage-aventure.com\/blog\/#organization\"},\"alternateName\":\"Votre passeport pour l\u2019inattendu.\",\"potentialAction\":[{\"@type\":\"SearchAction\",\"target\":{\"@type\":\"EntryPoint\",\"urlTemplate\":\"https:\/\/voyage-aventure.com\/blog\/?s={search_term_string}\"},\"query-input\":{\"@type\":\"PropertyValueSpecification\",\"valueRequired\":true,\"valueName\":\"search_term_string\"}}],\"inLanguage\":\"fr-FR\"},{\"@type\":\"Organization\",\"@id\":\"https:\/\/voyage-aventure.com\/blog\/#organization\",\"name\":\"Foretsensations.fr\",\"url\":\"https:\/\/voyage-aventure.com\/blog\/\",\"logo\":{\"@type\":\"ImageObject\",\"inLanguage\":\"fr-FR\",\"@id\":\"https:\/\/voyage-aventure.com\/blog\/#\/schema\/logo\/image\/\",\"url\":\"https:\/\/voyage-aventure.com\/blog\/wp-content\/uploads\/2024\/12\/19.png\",\"contentUrl\":\"https:\/\/voyage-aventure.com\/blog\/wp-content\/uploads\/2024\/12\/19.png\",\"width\":512,\"height\":512,\"caption\":\"Foretsensations.fr\"},\"image\":{\"@id\":\"https:\/\/voyage-aventure.com\/blog\/#\/schema\/logo\/image\/\"}},{\"@type\":\"Person\",\"@id\":\"https:\/\/voyage-aventure.com\/blog\/#\/schema\/person\/3c864cdc320801e3db34b663e7e3f816\",\"name\":\"Camille Rouvray\",\"image\":{\"@type\":\"ImageObject\",\"inLanguage\":\"fr-FR\",\"@id\":\"https:\/\/voyage-aventure.com\/blog\/#\/schema\/person\/image\/\",\"url\":\"https:\/\/voyage-aventure.com\/blog\/wp-content\/uploads\/2026\/06\/persona_camille-r-96x96.jpg\",\"contentUrl\":\"https:\/\/voyage-aventure.com\/blog\/wp-content\/uploads\/2026\/06\/persona_camille-r-96x96.jpg\",\"caption\":\"Camille Rouvray\"},\"description\":\"Je voyage et j'\u00e9cris sur le voyage depuis une douzaine d'ann\u00e9es, d'abord en tant que routarde au long cours, puis comme r\u00e9dactrice sp\u00e9cialis\u00e9e. Mon terrain de pr\u00e9dilection, ce sont les circuits organis\u00e9s et l'art de bien pr\u00e9parer un itin\u00e9raire : choix de la saison, dur\u00e9e r\u00e9aliste des \u00e9tapes, budget jour par jour, logement et transport sur place. J'aime aussi raconter les p\u00e9pites urbaines, ces adresses qu'on ne trouve pas dans les guides classiques. Avant de publier un dossier destination, je croise toujours plusieurs sources, je v\u00e9rifie les tarifs et les formalit\u00e9s d'entr\u00e9e \u00e0 jour, et je teste moi-m\u00eame quand je le peux. Mon angle reste pratique avant tout : aider le lecteur \u00e0 partir l'esprit tranquille, sans mauvaise surprise une fois sur place. Je m'attache \u00e0 distinguer le coup de c\u0153ur sinc\u00e8re du simple argument marketing.\",\"sameAs\":[\"https:\/\/camillerouvray.fr\/\"],\"url\":\"https:\/\/voyage-aventure.com\/blog\/auteur\/noname\/\"}]}<\/script>\n<!-- \/ Yoast SEO Premium plugin. -->","yoast_head_json":{"title":"Pr\u00e9parez-vous : un orage perturbera vos voyages ce week-end","description":"M\u00e9t\u00e9o \u00b7 S\u00e9curit\u00e9 voyageurs Pr\u00e9vision \u00b7 15 f\u00e9vrier 2025 Une temp\u00eate \u00e9tait annonc\u00e9e pour ce week-end de f\u00e9vrier 2025, \u00e0 partir du dimanche matin, avec un","robots":{"index":"index","follow":"follow","max-snippet":"max-snippet:-1","max-image-preview":"max-image-preview:large","max-video-preview":"max-video-preview:-1"},"canonical":"https:\/\/voyage-aventure.com\/blog\/a-la-une\/preparez-vous-un-orage-perturbera-vos-voyages-ce-week-end-a-partir-de-dimanche-matin\/","og_locale":"fr_FR","og_type":"article","og_title":"Pr\u00e9parez-vous : un orage perturbera vos voyages ce week-end","og_description":"M\u00e9t\u00e9o \u00b7 S\u00e9curit\u00e9 voyageurs Pr\u00e9vision \u00b7 15 f\u00e9vrier 2025 Une temp\u00eate \u00e9tait annonc\u00e9e pour ce week-end de f\u00e9vrier 2025, \u00e0 partir du dimanche matin, avec un","og_url":"https:\/\/voyage-aventure.com\/blog\/a-la-une\/preparez-vous-un-orage-perturbera-vos-voyages-ce-week-end-a-partir-de-dimanche-matin\/","og_site_name":"voyage-aventure","og_image":[{"width":1024,"height":576,"url":"https:\/\/voyage-aventure.com\/blog\/wp-content\/uploads\/2025\/02\/stability-preparez-vous-un-orage-perturbera-vos-voyages-ce-week-end-a-partir-de-dimanche-matin.png","type":"image\/png"}],"author":"Camille Rouvray","twitter_card":"summary_large_image","schema":{"@context":"https:\/\/schema.org","@graph":[{"@type":"NewsArticle","@id":"https:\/\/voyage-aventure.com\/blog\/a-la-une\/preparez-vous-un-orage-perturbera-vos-voyages-ce-week-end-a-partir-de-dimanche-matin\/#article","isPartOf":{"@id":"https:\/\/voyage-aventure.com\/blog\/a-la-une\/preparez-vous-un-orage-perturbera-vos-voyages-ce-week-end-a-partir-de-dimanche-matin\/"},"author":{"name":"Camille Rouvray","@id":"https:\/\/voyage-aventure.com\/blog\/#\/schema\/person\/3c864cdc320801e3db34b663e7e3f816"},"headline":"Pr\u00e9parez-vous : un orage perturbera vos voyages ce week-end \u00e0 partir de dimanche matin","datePublished":"2026-06-16T14:27:23+00:00","mainEntityOfPage":{"@id":"https:\/\/voyage-aventure.com\/blog\/a-la-une\/preparez-vous-un-orage-perturbera-vos-voyages-ce-week-end-a-partir-de-dimanche-matin\/"},"wordCount":906,"commentCount":22,"publisher":{"@id":"https:\/\/voyage-aventure.com\/blog\/#organization"},"image":{"@id":"https:\/\/voyage-aventure.com\/blog\/a-la-une\/preparez-vous-un-orage-perturbera-vos-voyages-ce-week-end-a-partir-de-dimanche-matin\/#primaryimage"},"thumbnailUrl":"https:\/\/voyage-aventure.com\/blog\/wp-content\/uploads\/2025\/02\/stability-preparez-vous-un-orage-perturbera-vos-voyages-ce-week-end-a-partir-de-dimanche-matin.png","keywords":["Assistance","Conditions M\u00e9t\u00e9orologiques","Pr\u00e9paration","S\u00e9curit\u00e9","Voyage"],"articleSection":["\u00c0 la une"],"inLanguage":"fr-FR","potentialAction":[{"@type":"CommentAction","name":"Comment","target":["https:\/\/voyage-aventure.com\/blog\/a-la-une\/preparez-vous-un-orage-perturbera-vos-voyages-ce-week-end-a-partir-de-dimanche-matin\/#respond"]}]},{"@type":"WebPage","@id":"https:\/\/voyage-aventure.com\/blog\/a-la-une\/preparez-vous-un-orage-perturbera-vos-voyages-ce-week-end-a-partir-de-dimanche-matin\/","url":"https:\/\/voyage-aventure.com\/blog\/a-la-une\/preparez-vous-un-orage-perturbera-vos-voyages-ce-week-end-a-partir-de-dimanche-matin\/","name":"Pr\u00e9parez-vous : un orage perturbera vos voyages ce week-end","isPartOf":{"@id":"https:\/\/voyage-aventure.com\/blog\/#website"},"primaryImageOfPage":{"@id":"https:\/\/voyage-aventure.com\/blog\/a-la-une\/preparez-vous-un-orage-perturbera-vos-voyages-ce-week-end-a-partir-de-dimanche-matin\/#primaryimage"},"image":{"@id":"https:\/\/voyage-aventure.com\/blog\/a-la-une\/preparez-vous-un-orage-perturbera-vos-voyages-ce-week-end-a-partir-de-dimanche-matin\/#primaryimage"},"thumbnailUrl":"https:\/\/voyage-aventure.com\/blog\/wp-content\/uploads\/2025\/02\/stability-preparez-vous-un-orage-perturbera-vos-voyages-ce-week-end-a-partir-de-dimanche-matin.png","datePublished":"2026-06-16T14:27:23+00:00","description":"M\u00e9t\u00e9o \u00b7 S\u00e9curit\u00e9 voyageurs Pr\u00e9vision \u00b7 15 f\u00e9vrier 2025 Une temp\u00eate \u00e9tait annonc\u00e9e pour ce week-end de f\u00e9vrier 2025, \u00e0 partir du dimanche matin, avec un","inLanguage":"fr-FR","potentialAction":[{"@type":"ReadAction","target":["https:\/\/voyage-aventure.com\/blog\/a-la-une\/preparez-vous-un-orage-perturbera-vos-voyages-ce-week-end-a-partir-de-dimanche-matin\/"]}]},{"@type":"ImageObject","inLanguage":"fr-FR","@id":"https:\/\/voyage-aventure.com\/blog\/a-la-une\/preparez-vous-un-orage-perturbera-vos-voyages-ce-week-end-a-partir-de-dimanche-matin\/#primaryimage","url":"https:\/\/voyage-aventure.com\/blog\/wp-content\/uploads\/2025\/02\/stability-preparez-vous-un-orage-perturbera-vos-voyages-ce-week-end-a-partir-de-dimanche-matin.png","contentUrl":"https:\/\/voyage-aventure.com\/blog\/wp-content\/uploads\/2025\/02\/stability-preparez-vous-un-orage-perturbera-vos-voyages-ce-week-end-a-partir-de-dimanche-matin.png","width":1024,"height":576},{"@type":"WebSite","@id":"https:\/\/voyage-aventure.com\/blog\/#website","url":"https:\/\/voyage-aventure.com\/blog\/","name":"voyage-aventure.com","description":"Votre passeport pour l\u2019inattendu.","publisher":{"@id":"https:\/\/voyage-aventure.com\/blog\/#organization"},"alternateName":"Votre passeport pour l\u2019inattendu.","potentialAction":[{"@type":"SearchAction","target":{"@type":"EntryPoint","urlTemplate":"https:\/\/voyage-aventure.com\/blog\/?s={search_term_string}"},"query-input":{"@type":"PropertyValueSpecification","valueRequired":true,"valueName":"search_term_string"}}],"inLanguage":"fr-FR"},{"@type":"Organization","@id":"https:\/\/voyage-aventure.com\/blog\/#organization","name":"Foretsensations.fr","url":"https:\/\/voyage-aventure.com\/blog\/","logo":{"@type":"ImageObject","inLanguage":"fr-FR","@id":"https:\/\/voyage-aventure.com\/blog\/#\/schema\/logo\/image\/","url":"https:\/\/voyage-aventure.com\/blog\/wp-content\/uploads\/2024\/12\/19.png","contentUrl":"https:\/\/voyage-aventure.com\/blog\/wp-content\/uploads\/2024\/12\/19.png","width":512,"height":512,"caption":"Foretsensations.fr"},"image":{"@id":"https:\/\/voyage-aventure.com\/blog\/#\/schema\/logo\/image\/"}},{"@type":"Person","@id":"https:\/\/voyage-aventure.com\/blog\/#\/schema\/person\/3c864cdc320801e3db34b663e7e3f816","name":"Camille Rouvray","image":{"@type":"ImageObject","inLanguage":"fr-FR","@id":"https:\/\/voyage-aventure.com\/blog\/#\/schema\/person\/image\/","url":"https:\/\/voyage-aventure.com\/blog\/wp-content\/uploads\/2026\/06\/persona_camille-r-96x96.jpg","contentUrl":"https:\/\/voyage-aventure.com\/blog\/wp-content\/uploads\/2026\/06\/persona_camille-r-96x96.jpg","caption":"Camille Rouvray"},"description":"Je voyage et j'\u00e9cris sur le voyage depuis une douzaine d'ann\u00e9es, d'abord en tant que routarde au long cours, puis comme r\u00e9dactrice sp\u00e9cialis\u00e9e. Mon terrain de pr\u00e9dilection, ce sont les circuits organis\u00e9s et l'art de bien pr\u00e9parer un itin\u00e9raire : choix de la saison, dur\u00e9e r\u00e9aliste des \u00e9tapes, budget jour par jour, logement et transport sur place. J'aime aussi raconter les p\u00e9pites urbaines, ces adresses qu'on ne trouve pas dans les guides classiques. Avant de publier un dossier destination, je croise toujours plusieurs sources, je v\u00e9rifie les tarifs et les formalit\u00e9s d'entr\u00e9e \u00e0 jour, et je teste moi-m\u00eame quand je le peux. Mon angle reste pratique avant tout : aider le lecteur \u00e0 partir l'esprit tranquille, sans mauvaise surprise une fois sur place. Je m'attache \u00e0 distinguer le coup de c\u0153ur sinc\u00e8re du simple argument marketing.","sameAs":["https:\/\/camillerouvray.fr\/"],"url":"https:\/\/voyage-aventure.com\/blog\/auteur\/noname\/"}]}},"_links":{"self":[{"href":"https:\/\/voyage-aventure.com\/blog\/wp-json\/wp\/v2\/posts\/9422","targetHints":{"allow":["GET"]}}],"collection":[{"href":"https:\/\/voyage-aventure.com\/blog\/wp-json\/wp\/v2\/posts"}],"about":[{"href":"https:\/\/voyage-aventure.com\/blog\/wp-json\/wp\/v2\/types\/post"}],"author":[{"embeddable":true,"href":"https:\/\/voyage-aventure.com\/blog\/wp-json\/wp\/v2\/users\/34"}],"replies":[{"embeddable":true,"href":"https:\/\/voyage-aventure.com\/blog\/wp-json\/wp\/v2\/comments?post=9422"}],"version-history":[{"count":3,"href":"https:\/\/voyage-aventure.com\/blog\/wp-json\/wp\/v2\/posts\/9422\/revisions"}],"predecessor-version":[{"id":22522,"href":"https:\/\/voyage-aventure.com\/blog\/wp-json\/wp\/v2\/posts\/9422\/revisions\/22522"}],"wp:featuredmedia":[{"embeddable":true,"href":"https:\/\/voyage-aventure.com\/blog\/wp-json\/wp\/v2\/media\/9423"}],"wp:attachment":[{"href":"https:\/\/voyage-aventure.com\/blog\/wp-json\/wp\/v2\/media?parent=9422"}],"wp:term":[{"taxonomy":"category","embeddable":true,"href":"https:\/\/voyage-aventure.com\/blog\/wp-json\/wp\/v2\/categories?post=9422"},{"taxonomy":"post_tag","embeddable":true,"href":"https:\/\/voyage-aventure.com\/blog\/wp-json\/wp\/v2\/tags?post=9422"}],"curies":[{"name":"wp","href":"https:\/\/api.w.org\/{rel}","templated":true}]}}