{"id":9257,"date":"2026-06-16T16:26:24","date_gmt":"2026-06-16T14:26:24","guid":{"rendered":"https:\/\/voyage-aventure.com\/blog\/?p=9257"},"modified":"2026-06-16T16:26:24","modified_gmt":"2026-06-16T14:26:24","slug":"decouvrez-la-ville-ensoleillee-deurope-pour-un-sejour-a-partir-de-125e","status":"publish","type":"post","link":"https:\/\/voyage-aventure.com\/blog\/a-la-une\/decouvrez-la-ville-ensoleillee-deurope-pour-un-sejour-a-partir-de-125e\/","title":{"rendered":"D\u00e9couvrez la ville ensoleill\u00e9e d&rsquo;Europe pour un s\u00e9jour \u00e0 partir de 125\u20ac"},"content":{"rendered":"<link rel=\"stylesheet\" href=\"https:\/\/fonts.googleapis.com\/css2?family=Fraunces:opsz,wght@9..144,600..900&#038;family=Inter:wght@400;500;600&#038;family=JetBrains+Mono:wght@500&#038;display=swap\" \/>\n<style>\n.va-soleil-wrap{font-family:'Inter',system-ui,sans-serif;color:#2b2620;line-height:1.65;font-size:17px;max-width:820px;margin:0 auto}\n.va-soleil-wrap h2{font-family:'Fraunces',Georgia,serif;font-weight:800;font-size:clamp(24px,3.2vw,34px);line-height:1.15;letter-spacing:-.01em;color:#1f1a14;margin:46px 0 18px}\n.va-soleil-wrap h3{font-family:'Fraunces',Georgia,serif;font-weight:700;font-size:21px;color:#1f1a14;margin:0 0 6px}\n.va-soleil-wrap p{margin:0 0 18px}\n.va-soleil-kicker{font-family:'JetBrains Mono',monospace;font-weight:500;font-size:12px;letter-spacing:.16em;text-transform:uppercase;color:#E0A526;margin-bottom:10px}\n.va-soleil-brief{background:#fdf6e6;border-left:5px solid #E0A526;border-radius:10px;padding:24px 26px;margin:8px 0 28px;box-shadow:0 1px 2px rgba(16,24,40,.05),0 12px 28px -16px rgba(16,24,40,.18)}\n.va-soleil-brief .va-soleil-lead{font-size:18px;color:#332c20;margin-bottom:14px}\n.va-soleil-keys{list-style:none;margin:0;padding:0;display:grid;gap:8px}\n.va-soleil-keys li{padding-left:24px;position:relative;font-size:15.5px}\n.va-soleil-keys li::before{content:\"\u2600\";position:absolute;left:0;top:-1px;color:#E0A526;font-size:16px}\n.va-soleil-carnet{display:grid;grid-template-columns:repeat(auto-fit,minmax(150px,1fr));gap:18px;margin:8px 0 30px}\n.va-soleil-cell{background:#fff;border:1px solid #ece3cf;border-top:3px solid #E0A526;border-radius:10px;padding:18px 20px;transition:.25s ease}\n.va-soleil-cell:hover{transform:translateY(-3px);box-shadow:0 10px 26px -14px rgba(16,24,40,.25)}\n.va-soleil-cell .va-soleil-lbl{font-family:'JetBrains Mono',monospace;font-size:11px;letter-spacing:.12em;text-transform:uppercase;color:#9a8b66;margin-bottom:6px}\n.va-soleil-cell .va-soleil-val{font-family:'Fraunces',Georgia,serif;font-weight:700;font-size:18px;color:#1f1a14;line-height:1.3}\n.va-soleil-cards{display:grid;grid-template-columns:repeat(auto-fit,minmax(220px,1fr));gap:20px;margin:8px 0 30px}\n.va-soleil-card{background:#fff;border:1px solid #ece3cf;border-radius:12px;padding:22px 24px;transition:.25s ease;box-shadow:0 1px 2px rgba(16,24,40,.05)}\n.va-soleil-card:hover{transform:translateY(-3px);box-shadow:0 12px 30px -16px rgba(16,24,40,.22)}\n.va-soleil-card .va-soleil-txt{font-size:15.5px;color:#4a4234}\n.va-soleil-card .va-soleil-tip{font-family:'JetBrains Mono',monospace;font-size:12px;color:#b8861f;margin-top:12px}\n.va-soleil-quote{font-family:'Fraunces',Georgia,serif;font-style:italic;font-weight:600;font-size:23px;line-height:1.4;color:#2b2620;border-left:5px solid #E0A526;padding:6px 0 6px 24px;margin:30px 0}\n.va-soleil-quote .va-soleil-sign{display:block;font-family:'Inter',sans-serif;font-style:normal;font-size:14px;color:#9a8b66;margin-top:8px}\n.va-soleil-check{display:grid;grid-template-columns:repeat(auto-fit,minmax(220px,1fr));gap:14px;margin:8px 0 30px}\n.va-soleil-check .va-soleil-col{background:#fff;border:1px solid #ece3cf;border-radius:12px;padding:20px 22px}\n.va-soleil-check ul{list-style:none;margin:10px 0 0;padding:0;display:grid;gap:8px}\n.va-soleil-check li{padding-left:22px;position:relative;font-size:15px;color:#4a4234}\n.va-soleil-check li::before{content:\"\u2713\";position:absolute;left:0;color:#E0A526;font-weight:700}\n.va-soleil-retenir{background:#1f1a14;color:#f7efdd;border-radius:12px;padding:24px 28px;margin:34px 0}\n.va-soleil-retenir h2{color:#fff;margin:0 0 14px}\n.va-soleil-retenir ul{list-style:none;margin:0;padding:0;display:grid;gap:10px}\n.va-soleil-retenir li{padding-left:24px;position:relative;font-size:16px}\n.va-soleil-retenir li::before{content:\"\u2600\";position:absolute;left:0;color:#E0A526}\n.va-soleil-faq details{border:1px solid #ece3cf;border-radius:10px;padding:14px 18px;margin-bottom:12px;background:#fff;transition:.25s ease}\n.va-soleil-faq details:hover{box-shadow:0 8px 22px -14px rgba(16,24,40,.2)}\n.va-soleil-faq summary{font-family:'Fraunces',Georgia,serif;font-weight:700;font-size:17px;cursor:pointer;color:#1f1a14;list-style:none}\n.va-soleil-faq summary::marker{display:none}\n.va-soleil-faq summary::before{content:\"\u2600\";color:#E0A526}\n.va-soleil-faq .va-soleil-ans{margin-top:10px;font-size:15.5px;color:#4a4234}\n.va-soleil-wrap img{border-radius:12px;height:auto;margin:24px 0}\n\/*RENDERFIX2*\/.va-soleil-retenir{color:#eef3f9!important}.va-soleil-retenir p,.va-soleil-retenir li,.va-soleil-retenir strong,.va-soleil-retenir em,.va-soleil-retenir a,.va-soleil-retenir span,.va-soleil-retenir b,.va-soleil-retenir td,.va-soleil-retenir th,.va-soleil-retenir h2,.va-soleil-retenir h3,.va-soleil-retenir h4{color:#eef3f9!important}.va-soleil-retenir strong,.va-soleil-retenir b{color:#ffffff!important}<\/style>\n<div class=\"va-soleil-wrap\">\n<div class=\"va-soleil-kicker\">Carnet pratique \u00b7 Alicante<\/div>\n<div class=\"va-soleil-brief\">\n<div class=\"va-soleil-lead\">Alicante est souvent consid\u00e9r\u00e9e comme la ville la plus ensoleill\u00e9e d&rsquo;Europe, avec plus de 300 jours de soleil par an. \u00c0 deux heures de vol de la France, on peut y passer trois jours \u00e0 partir de 125\u20ac par personne, vols et h\u00f4tel inclus.<\/div>\n<ul class=\"va-soleil-keys\">\n<li>Plus de 300 jours de soleil par an<\/li>\n<li>Deux heures de vol depuis la France<\/li>\n<li>S\u00e9jour de 3 jours \u00e0 partir de 125\u20ac par personne, vols et h\u00f4tel inclus<\/li>\n<li>Astuce tarif : r\u00e9server les vols et l&rsquo;h\u00f4tel s\u00e9par\u00e9ment<\/li>\n<\/ul>\n<\/div>\n<div class=\"va-soleil-carnet\">\n<div class=\"va-soleil-cell\">\n<div class=\"va-soleil-lbl\">Pourquoi<\/div>\n<div class=\"va-soleil-val\">Plus de 300 jours de soleil<\/div>\n<\/div>\n<div class=\"va-soleil-cell\">\n<div class=\"va-soleil-lbl\">Dur\u00e9e<\/div>\n<div class=\"va-soleil-val\">3 jours<\/div>\n<\/div>\n<div class=\"va-soleil-cell\">\n<div class=\"va-soleil-lbl\">Budget<\/div>\n<div class=\"va-soleil-val\">D\u00e8s 125\u20ac \/ pers.<\/div>\n<\/div>\n<div class=\"va-soleil-cell\">\n<div class=\"va-soleil-lbl\">Y aller<\/div>\n<div class=\"va-soleil-val\">2h de vol<\/div>\n<\/div>\n<\/div>\n<h2>Un voyage vers le soleil d&rsquo;Alicante<\/h2>\n<p>Alicante est souvent consid\u00e9r\u00e9e comme la ville la plus ensoleill\u00e9e d&rsquo;Europe, avec plus de 300 jours de soleil par an. \u00c0 seulement deux heures de vol de la France, cette destination espagnole est id\u00e9ale pour \u00e9chapper au gris de l&rsquo;hiver. Pour un prix tr\u00e8s abordable, vous pouvez passer trois jours dans cette magnifique ville, \u00e0 partir de 125\u20ac par personne, vols et h\u00f4tel inclus.<\/p>\n<p>Pour b\u00e9n\u00e9ficier de ces tarifs attractifs, il est recommand\u00e9 de r\u00e9server les vols et l&rsquo;h\u00f4tel s\u00e9par\u00e9ment. Les voyageurs peuvent choisir parmi plusieurs options de vol en partance de diff\u00e9rentes villes fran\u00e7aises, ce qui permet de trouver la meilleure offre. Que vous voyagiez seul, en couple ou en famille, Alicante promet une exp\u00e9rience m\u00e9morable sous le soleil.<\/p>\n<p><iframe loading=\"lazy\" title=\"Visite d&#039;une villa moderne de 1 500 000 \u20ac \u00e0 Marrakech\" width=\"1200\" height=\"675\" src=\"https:\/\/www.youtube.com\/embed\/n3wtxcO_0GQ?feature=oembed\" frameborder=\"0\" allow=\"accelerometer; autoplay; clipboard-write; encrypted-media; gyroscope; picture-in-picture; web-share\" referrerpolicy=\"strict-origin-when-cross-origin\" allowfullscreen><\/iframe><\/p>\n<h2>Les atouts d&rsquo;Alicante<\/h2>\n<p>Alicante offre une multitude d&rsquo;activit\u00e9s et de sites \u00e0 d\u00e9couvrir. De ses plages dor\u00e9es \u00e0 son riche patrimoine culturel, chaque coin de la ville est une invitation \u00e0 l&rsquo;exploration. Voici les incontournables \u00e0 ne pas manquer.<\/p>\n<div class=\"va-soleil-cards\">\n<div class=\"va-soleil-card\">\n<h3>Plage de San Juan<\/h3>\n<div class=\"va-soleil-txt\">R\u00e9put\u00e9e pour son sable fin et ses eaux cristallines, la plus belle \u00e9tendue baln\u00e9aire de la ville.<\/div>\n<div class=\"va-soleil-tip\">\u2192 Id\u00e9ale pour la baignade et la d\u00e9tente<\/div>\n<\/div>\n<div class=\"va-soleil-card\">\n<h3>Centre historique<\/h3>\n<div class=\"va-soleil-txt\">Des ruelles pittoresques et des b\u00e2timents historiques \u00e0 arpenter au c\u0153ur de la vieille ville.<\/div>\n<div class=\"va-soleil-tip\">\u2192 \u00c0 d\u00e9couvrir \u00e0 pied<\/div>\n<\/div>\n<div class=\"va-soleil-card\">\n<h3>Ch\u00e2teau de Santa Barbara<\/h3>\n<div class=\"va-soleil-txt\">Perch\u00e9 sur une colline, il offre une vue imprenable sur la ville et la mer M\u00e9diterran\u00e9e.<\/div>\n<div class=\"va-soleil-tip\">\u2192 Le spot photo de la ville<\/div>\n<\/div>\n<\/div>\n<div class=\"va-soleil-quote\">\u00ab Voyager \u00e0 Alicante, c&rsquo;est s&rsquo;assurer des journ\u00e9es ensoleill\u00e9es et des souvenirs inoubliables. \u00bb<span class=\"va-soleil-sign\">\u2014 Audrey<\/span><\/div>\n<p>Alicante se distingue non seulement par son ensoleillement, mais aussi par sa gastronomie. Les restaurants de la ville proposent des plats locaux savoureux, notamment la paella et les tapas. Ne manquez pas de go\u00fbter aux sp\u00e9cialit\u00e9s de la r\u00e9gion, qui raviront vos papilles.<\/p>\n<h2>Les conseils pratiques pour votre s\u00e9jour<\/h2>\n<p>Pour profiter au maximum de votre escapade, pensez \u00e0 r\u00e9server votre h\u00e9bergement \u00e0 l&rsquo;avance, surtout en haute saison. Les h\u00f4tels comme le Travelodge Alicante Puerto sont bien situ\u00e9s et offrent des \u00e9quipements modernes. Louer une voiture est aussi judicieux pour explorer les plages et villages charmants des environs.<\/p>\n<div class=\"va-soleil-check\">\n<div class=\"va-soleil-col\">\n<h3>Bon \u00e0 savoir<\/h3>\n<ul>\n<li>Vols directs depuis Paris, Nice, Lyon, Marseille, Toulouse et Nantes<\/li>\n<li>Travelodge Alicante Puerto : 3,5\/5 sur Tripadvisor<\/li>\n<li>Restaurants et bars \u00e0 proximit\u00e9<\/li>\n<\/ul>\n<\/div>\n<div class=\"va-soleil-col\">\n<h3>C\u00f4t\u00e9 h\u00f4tel<\/h3>\n<ul>\n<li>Wi-Fi gratuit dans l&rsquo;h\u00f4tel<\/li>\n<li>Parking gratuit disponible<\/li>\n<li>R\u00e9servez t\u00f4t en haute saison<\/li>\n<\/ul>\n<\/div>\n<\/div>\n<p>En somme, un s\u00e9jour \u00e0 Alicante est une excellente option pour ceux qui recherchent un peu de chaleur et de soleil. Que vous soyez en qu\u00eate de d\u00e9tente sur la plage ou d&rsquo;aventures culturelles, cette ville a tout pour plaire.<\/p>\n<div class=\"va-soleil-retenir\">\n<h2>\u00c0 retenir<\/h2>\n<ul>\n<li>Alicante : plus de 300 jours de soleil par an, \u00e0 2h de vol de la France<\/li>\n<li>3 jours \u00e0 partir de 125\u20ac par personne, vols et h\u00f4tel inclus<\/li>\n<li>R\u00e9server vols et h\u00f4tel s\u00e9par\u00e9ment pour le meilleur tarif<\/li>\n<li>\u00c0 voir : plage de San Juan, centre historique, ch\u00e2teau de Santa Barbara<\/li>\n<\/ul>\n<\/div>\n<h2>Questions fr\u00e9quentes<\/h2>\n<div class=\"va-soleil-faq\">\n<details>\n<summary>Combien co\u00fbte un s\u00e9jour \u00e0 Alicante ?<\/summary>\n<div class=\"va-soleil-ans\">D&rsquo;apr\u00e8s cette offre, comptez \u00e0 partir de 125\u20ac par personne pour trois jours, vols et h\u00f4tel inclus. R\u00e9server les vols et l&rsquo;h\u00f4tel s\u00e9par\u00e9ment aide \u00e0 obtenir le meilleur tarif.<\/div>\n<\/details>\n<details>\n<summary>D&rsquo;o\u00f9 peut-on prendre un vol pour Alicante ?<\/summary>\n<div class=\"va-soleil-ans\">Des vols directs sont propos\u00e9s depuis Paris, Nice, Lyon, Marseille, Toulouse et Nantes. Le vol dure environ deux heures depuis la France.<\/div>\n<\/details>\n<details>\n<summary>Que faut-il voir \u00e0 Alicante ?<\/summary>\n<div class=\"va-soleil-ans\">La plage de San Juan pour son sable fin, le centre historique et ses ruelles, et le ch\u00e2teau de Santa Barbara pour la vue sur la ville et la M\u00e9diterran\u00e9e. C\u00f4t\u00e9 assiette, paella et tapas sont incontournables.<\/div>\n<\/details>\n<details>\n<summary>Quand est-il pr\u00e9f\u00e9rable de r\u00e9server ?<\/summary>\n<div class=\"va-soleil-ans\">R\u00e9servez votre h\u00e9bergement \u00e0 l&rsquo;avance, surtout en haute saison, o\u00f9 la demande est plus forte. Des h\u00f4tels bien situ\u00e9s comme le Travelodge Alicante Puerto offrent des \u00e9quipements modernes.<\/div>\n<\/details>\n<\/div>\n<p><img decoding=\"async\" width=\"1024\" height=\"576\" src=\"https:\/\/voyage-aventure.com\/blog\/wp-content\/uploads\/2025\/02\/stability-decouvrez-la-ville-ensoleillee-deurope-pour-un-sejour-a-partir-de-125e-1.png\" class=\"aligncenter\" alt=\"Illustration d\u00e9taill\u00e9e sur D\u00e9couvrez la ville ensoleill\u00e9e d&#039;Europe pour un s\u00e9jour \u00e0 partir de 125\u20ac\" title=\"D\u00e9couvrez la ville ensoleill\u00e9e d&#039;Europe pour un s\u00e9jour \u00e0 partir de 125\u20ac\" loading=\"lazy\" \/>\n<\/div>\n","protected":false},"excerpt":{"rendered":"","protected":false},"author":34,"featured_media":9258,"comment_status":"open","ping_status":"open","sticky":false,"template":"","format":"standard","meta":{"_acf_changed":false,"manual_indexmenow":false,"indexmenow_id_project":0,"footnotes":""},"categories":[1],"tags":[4527,4530,4535,4528,4526],"class_list":["post-9257","post","type-post","status-publish","format-standard","has-post-thumbnail","hentry","category-a-la-une","tag-decouverte-culturelle","tag-escapade-en-europe","tag-gastronomie-locale","tag-hebergement-abordable","tag-voyage-economique","generate-columns","tablet-grid-50","mobile-grid-100","grid-parent","grid-25"],"acf":[],"yoast_head":"<!-- This site is optimized with the Yoast SEO Premium plugin v21.3 (Yoast SEO v25.1) - https:\/\/yoast.com\/wordpress\/plugins\/seo\/ -->\n<title>D\u00e9couvrez la ville ensoleill\u00e9e d&#039;Europe pour un s\u00e9jour \u00e0<\/title>\n<meta name=\"description\" content=\"Alicante est souvent consid\u00e9r\u00e9e comme la ville la plus ensoleill\u00e9e d&#039;Europe, avec plus de 300 jours de soleil par an. \u00c0 deux heures de vol de la France\" \/>\n<meta name=\"robots\" content=\"index, follow, max-snippet:-1, max-image-preview:large, max-video-preview:-1\" \/>\n<link rel=\"canonical\" href=\"https:\/\/voyage-aventure.com\/blog\/a-la-une\/decouvrez-la-ville-ensoleillee-deurope-pour-un-sejour-a-partir-de-125e\/\" \/>\n<meta property=\"og:locale\" content=\"fr_FR\" \/>\n<meta property=\"og:type\" content=\"article\" \/>\n<meta property=\"og:title\" content=\"D\u00e9couvrez la ville ensoleill\u00e9e d&#039;Europe pour un s\u00e9jour \u00e0\" \/>\n<meta property=\"og:description\" content=\"Alicante est souvent consid\u00e9r\u00e9e comme la ville la plus ensoleill\u00e9e d&#039;Europe, avec plus de 300 jours de soleil par an. \u00c0 deux heures de vol de la France\" \/>\n<meta property=\"og:url\" content=\"https:\/\/voyage-aventure.com\/blog\/a-la-une\/decouvrez-la-ville-ensoleillee-deurope-pour-un-sejour-a-partir-de-125e\/\" \/>\n<meta property=\"og:site_name\" content=\"voyage-aventure\" \/>\n<meta property=\"og:image\" content=\"https:\/\/voyage-aventure.com\/blog\/wp-content\/uploads\/2025\/02\/stability-decouvrez-la-ville-ensoleillee-deurope-pour-un-sejour-a-partir-de-125e.png\" \/>\n\t<meta property=\"og:image:width\" content=\"1024\" \/>\n\t<meta property=\"og:image:height\" content=\"576\" \/>\n\t<meta property=\"og:image:type\" content=\"image\/png\" \/>\n<meta name=\"author\" content=\"Camille Rouvray\" \/>\n<meta name=\"twitter:card\" content=\"summary_large_image\" \/>\n<script type=\"application\/ld+json\" class=\"yoast-schema-graph\">{\"@context\":\"https:\/\/schema.org\",\"@graph\":[{\"@type\":\"NewsArticle\",\"@id\":\"https:\/\/voyage-aventure.com\/blog\/a-la-une\/decouvrez-la-ville-ensoleillee-deurope-pour-un-sejour-a-partir-de-125e\/#article\",\"isPartOf\":{\"@id\":\"https:\/\/voyage-aventure.com\/blog\/a-la-une\/decouvrez-la-ville-ensoleillee-deurope-pour-un-sejour-a-partir-de-125e\/\"},\"author\":{\"name\":\"Camille Rouvray\",\"@id\":\"https:\/\/voyage-aventure.com\/blog\/#\/schema\/person\/3c864cdc320801e3db34b663e7e3f816\"},\"headline\":\"D\u00e9couvrez la ville ensoleill\u00e9e d&rsquo;Europe pour un s\u00e9jour \u00e0 partir de 125\u20ac\",\"datePublished\":\"2026-06-16T14:26:24+00:00\",\"mainEntityOfPage\":{\"@id\":\"https:\/\/voyage-aventure.com\/blog\/a-la-une\/decouvrez-la-ville-ensoleillee-deurope-pour-un-sejour-a-partir-de-125e\/\"},\"wordCount\":807,\"commentCount\":25,\"publisher\":{\"@id\":\"https:\/\/voyage-aventure.com\/blog\/#organization\"},\"image\":{\"@id\":\"https:\/\/voyage-aventure.com\/blog\/a-la-une\/decouvrez-la-ville-ensoleillee-deurope-pour-un-sejour-a-partir-de-125e\/#primaryimage\"},\"thumbnailUrl\":\"https:\/\/voyage-aventure.com\/blog\/wp-content\/uploads\/2025\/02\/stability-decouvrez-la-ville-ensoleillee-deurope-pour-un-sejour-a-partir-de-125e.png\",\"keywords\":[\"D\u00e9couverte Culturelle\",\"Escapade en Europe\",\"Gastronomie Locale\",\"H\u00e9bergement Abordable\",\"Voyage \u00c9conomique\"],\"articleSection\":[\"\u00c0 la une\"],\"inLanguage\":\"fr-FR\",\"potentialAction\":[{\"@type\":\"CommentAction\",\"name\":\"Comment\",\"target\":[\"https:\/\/voyage-aventure.com\/blog\/a-la-une\/decouvrez-la-ville-ensoleillee-deurope-pour-un-sejour-a-partir-de-125e\/#respond\"]}]},{\"@type\":\"WebPage\",\"@id\":\"https:\/\/voyage-aventure.com\/blog\/a-la-une\/decouvrez-la-ville-ensoleillee-deurope-pour-un-sejour-a-partir-de-125e\/\",\"url\":\"https:\/\/voyage-aventure.com\/blog\/a-la-une\/decouvrez-la-ville-ensoleillee-deurope-pour-un-sejour-a-partir-de-125e\/\",\"name\":\"D\u00e9couvrez la ville ensoleill\u00e9e d'Europe pour un s\u00e9jour \u00e0\",\"isPartOf\":{\"@id\":\"https:\/\/voyage-aventure.com\/blog\/#website\"},\"primaryImageOfPage\":{\"@id\":\"https:\/\/voyage-aventure.com\/blog\/a-la-une\/decouvrez-la-ville-ensoleillee-deurope-pour-un-sejour-a-partir-de-125e\/#primaryimage\"},\"image\":{\"@id\":\"https:\/\/voyage-aventure.com\/blog\/a-la-une\/decouvrez-la-ville-ensoleillee-deurope-pour-un-sejour-a-partir-de-125e\/#primaryimage\"},\"thumbnailUrl\":\"https:\/\/voyage-aventure.com\/blog\/wp-content\/uploads\/2025\/02\/stability-decouvrez-la-ville-ensoleillee-deurope-pour-un-sejour-a-partir-de-125e.png\",\"datePublished\":\"2026-06-16T14:26:24+00:00\",\"description\":\"Alicante est souvent consid\u00e9r\u00e9e comme la ville la plus ensoleill\u00e9e d'Europe, avec plus de 300 jours de soleil par an. \u00c0 deux heures de vol de la France\",\"inLanguage\":\"fr-FR\",\"potentialAction\":[{\"@type\":\"ReadAction\",\"target\":[\"https:\/\/voyage-aventure.com\/blog\/a-la-une\/decouvrez-la-ville-ensoleillee-deurope-pour-un-sejour-a-partir-de-125e\/\"]}]},{\"@type\":\"ImageObject\",\"inLanguage\":\"fr-FR\",\"@id\":\"https:\/\/voyage-aventure.com\/blog\/a-la-une\/decouvrez-la-ville-ensoleillee-deurope-pour-un-sejour-a-partir-de-125e\/#primaryimage\",\"url\":\"https:\/\/voyage-aventure.com\/blog\/wp-content\/uploads\/2025\/02\/stability-decouvrez-la-ville-ensoleillee-deurope-pour-un-sejour-a-partir-de-125e.png\",\"contentUrl\":\"https:\/\/voyage-aventure.com\/blog\/wp-content\/uploads\/2025\/02\/stability-decouvrez-la-ville-ensoleillee-deurope-pour-un-sejour-a-partir-de-125e.png\",\"width\":1024,\"height\":576},{\"@type\":\"WebSite\",\"@id\":\"https:\/\/voyage-aventure.com\/blog\/#website\",\"url\":\"https:\/\/voyage-aventure.com\/blog\/\",\"name\":\"voyage-aventure.com\",\"description\":\"Votre passeport pour l\u2019inattendu.\",\"publisher\":{\"@id\":\"https:\/\/voyage-aventure.com\/blog\/#organization\"},\"alternateName\":\"Votre passeport pour l\u2019inattendu.\",\"potentialAction\":[{\"@type\":\"SearchAction\",\"target\":{\"@type\":\"EntryPoint\",\"urlTemplate\":\"https:\/\/voyage-aventure.com\/blog\/?s={search_term_string}\"},\"query-input\":{\"@type\":\"PropertyValueSpecification\",\"valueRequired\":true,\"valueName\":\"search_term_string\"}}],\"inLanguage\":\"fr-FR\"},{\"@type\":\"Organization\",\"@id\":\"https:\/\/voyage-aventure.com\/blog\/#organization\",\"name\":\"Foretsensations.fr\",\"url\":\"https:\/\/voyage-aventure.com\/blog\/\",\"logo\":{\"@type\":\"ImageObject\",\"inLanguage\":\"fr-FR\",\"@id\":\"https:\/\/voyage-aventure.com\/blog\/#\/schema\/logo\/image\/\",\"url\":\"https:\/\/voyage-aventure.com\/blog\/wp-content\/uploads\/2024\/12\/19.png\",\"contentUrl\":\"https:\/\/voyage-aventure.com\/blog\/wp-content\/uploads\/2024\/12\/19.png\",\"width\":512,\"height\":512,\"caption\":\"Foretsensations.fr\"},\"image\":{\"@id\":\"https:\/\/voyage-aventure.com\/blog\/#\/schema\/logo\/image\/\"}},{\"@type\":\"Person\",\"@id\":\"https:\/\/voyage-aventure.com\/blog\/#\/schema\/person\/3c864cdc320801e3db34b663e7e3f816\",\"name\":\"Camille Rouvray\",\"image\":{\"@type\":\"ImageObject\",\"inLanguage\":\"fr-FR\",\"@id\":\"https:\/\/voyage-aventure.com\/blog\/#\/schema\/person\/image\/\",\"url\":\"https:\/\/voyage-aventure.com\/blog\/wp-content\/uploads\/2026\/06\/persona_camille-r-96x96.jpg\",\"contentUrl\":\"https:\/\/voyage-aventure.com\/blog\/wp-content\/uploads\/2026\/06\/persona_camille-r-96x96.jpg\",\"caption\":\"Camille Rouvray\"},\"description\":\"Je voyage et j'\u00e9cris sur le voyage depuis une douzaine d'ann\u00e9es, d'abord en tant que routarde au long cours, puis comme r\u00e9dactrice sp\u00e9cialis\u00e9e. Mon terrain de pr\u00e9dilection, ce sont les circuits organis\u00e9s et l'art de bien pr\u00e9parer un itin\u00e9raire : choix de la saison, dur\u00e9e r\u00e9aliste des \u00e9tapes, budget jour par jour, logement et transport sur place. J'aime aussi raconter les p\u00e9pites urbaines, ces adresses qu'on ne trouve pas dans les guides classiques. Avant de publier un dossier destination, je croise toujours plusieurs sources, je v\u00e9rifie les tarifs et les formalit\u00e9s d'entr\u00e9e \u00e0 jour, et je teste moi-m\u00eame quand je le peux. Mon angle reste pratique avant tout : aider le lecteur \u00e0 partir l'esprit tranquille, sans mauvaise surprise une fois sur place. Je m'attache \u00e0 distinguer le coup de c\u0153ur sinc\u00e8re du simple argument marketing.\",\"sameAs\":[\"https:\/\/camillerouvray.fr\/\"],\"url\":\"https:\/\/voyage-aventure.com\/blog\/auteur\/noname\/\"}]}<\/script>\n<!-- \/ Yoast SEO Premium plugin. -->","yoast_head_json":{"title":"D\u00e9couvrez la ville ensoleill\u00e9e d'Europe pour un s\u00e9jour \u00e0","description":"Alicante est souvent consid\u00e9r\u00e9e comme la ville la plus ensoleill\u00e9e d'Europe, avec plus de 300 jours de soleil par an. \u00c0 deux heures de vol de la France","robots":{"index":"index","follow":"follow","max-snippet":"max-snippet:-1","max-image-preview":"max-image-preview:large","max-video-preview":"max-video-preview:-1"},"canonical":"https:\/\/voyage-aventure.com\/blog\/a-la-une\/decouvrez-la-ville-ensoleillee-deurope-pour-un-sejour-a-partir-de-125e\/","og_locale":"fr_FR","og_type":"article","og_title":"D\u00e9couvrez la ville ensoleill\u00e9e d'Europe pour un s\u00e9jour \u00e0","og_description":"Alicante est souvent consid\u00e9r\u00e9e comme la ville la plus ensoleill\u00e9e d'Europe, avec plus de 300 jours de soleil par an. \u00c0 deux heures de vol de la France","og_url":"https:\/\/voyage-aventure.com\/blog\/a-la-une\/decouvrez-la-ville-ensoleillee-deurope-pour-un-sejour-a-partir-de-125e\/","og_site_name":"voyage-aventure","og_image":[{"width":1024,"height":576,"url":"https:\/\/voyage-aventure.com\/blog\/wp-content\/uploads\/2025\/02\/stability-decouvrez-la-ville-ensoleillee-deurope-pour-un-sejour-a-partir-de-125e.png","type":"image\/png"}],"author":"Camille Rouvray","twitter_card":"summary_large_image","schema":{"@context":"https:\/\/schema.org","@graph":[{"@type":"NewsArticle","@id":"https:\/\/voyage-aventure.com\/blog\/a-la-une\/decouvrez-la-ville-ensoleillee-deurope-pour-un-sejour-a-partir-de-125e\/#article","isPartOf":{"@id":"https:\/\/voyage-aventure.com\/blog\/a-la-une\/decouvrez-la-ville-ensoleillee-deurope-pour-un-sejour-a-partir-de-125e\/"},"author":{"name":"Camille Rouvray","@id":"https:\/\/voyage-aventure.com\/blog\/#\/schema\/person\/3c864cdc320801e3db34b663e7e3f816"},"headline":"D\u00e9couvrez la ville ensoleill\u00e9e d&rsquo;Europe pour un s\u00e9jour \u00e0 partir de 125\u20ac","datePublished":"2026-06-16T14:26:24+00:00","mainEntityOfPage":{"@id":"https:\/\/voyage-aventure.com\/blog\/a-la-une\/decouvrez-la-ville-ensoleillee-deurope-pour-un-sejour-a-partir-de-125e\/"},"wordCount":807,"commentCount":25,"publisher":{"@id":"https:\/\/voyage-aventure.com\/blog\/#organization"},"image":{"@id":"https:\/\/voyage-aventure.com\/blog\/a-la-une\/decouvrez-la-ville-ensoleillee-deurope-pour-un-sejour-a-partir-de-125e\/#primaryimage"},"thumbnailUrl":"https:\/\/voyage-aventure.com\/blog\/wp-content\/uploads\/2025\/02\/stability-decouvrez-la-ville-ensoleillee-deurope-pour-un-sejour-a-partir-de-125e.png","keywords":["D\u00e9couverte Culturelle","Escapade en Europe","Gastronomie Locale","H\u00e9bergement Abordable","Voyage \u00c9conomique"],"articleSection":["\u00c0 la une"],"inLanguage":"fr-FR","potentialAction":[{"@type":"CommentAction","name":"Comment","target":["https:\/\/voyage-aventure.com\/blog\/a-la-une\/decouvrez-la-ville-ensoleillee-deurope-pour-un-sejour-a-partir-de-125e\/#respond"]}]},{"@type":"WebPage","@id":"https:\/\/voyage-aventure.com\/blog\/a-la-une\/decouvrez-la-ville-ensoleillee-deurope-pour-un-sejour-a-partir-de-125e\/","url":"https:\/\/voyage-aventure.com\/blog\/a-la-une\/decouvrez-la-ville-ensoleillee-deurope-pour-un-sejour-a-partir-de-125e\/","name":"D\u00e9couvrez la ville ensoleill\u00e9e d'Europe pour un s\u00e9jour \u00e0","isPartOf":{"@id":"https:\/\/voyage-aventure.com\/blog\/#website"},"primaryImageOfPage":{"@id":"https:\/\/voyage-aventure.com\/blog\/a-la-une\/decouvrez-la-ville-ensoleillee-deurope-pour-un-sejour-a-partir-de-125e\/#primaryimage"},"image":{"@id":"https:\/\/voyage-aventure.com\/blog\/a-la-une\/decouvrez-la-ville-ensoleillee-deurope-pour-un-sejour-a-partir-de-125e\/#primaryimage"},"thumbnailUrl":"https:\/\/voyage-aventure.com\/blog\/wp-content\/uploads\/2025\/02\/stability-decouvrez-la-ville-ensoleillee-deurope-pour-un-sejour-a-partir-de-125e.png","datePublished":"2026-06-16T14:26:24+00:00","description":"Alicante est souvent consid\u00e9r\u00e9e comme la ville la plus ensoleill\u00e9e d'Europe, avec plus de 300 jours de soleil par an. \u00c0 deux heures de vol de la France","inLanguage":"fr-FR","potentialAction":[{"@type":"ReadAction","target":["https:\/\/voyage-aventure.com\/blog\/a-la-une\/decouvrez-la-ville-ensoleillee-deurope-pour-un-sejour-a-partir-de-125e\/"]}]},{"@type":"ImageObject","inLanguage":"fr-FR","@id":"https:\/\/voyage-aventure.com\/blog\/a-la-une\/decouvrez-la-ville-ensoleillee-deurope-pour-un-sejour-a-partir-de-125e\/#primaryimage","url":"https:\/\/voyage-aventure.com\/blog\/wp-content\/uploads\/2025\/02\/stability-decouvrez-la-ville-ensoleillee-deurope-pour-un-sejour-a-partir-de-125e.png","contentUrl":"https:\/\/voyage-aventure.com\/blog\/wp-content\/uploads\/2025\/02\/stability-decouvrez-la-ville-ensoleillee-deurope-pour-un-sejour-a-partir-de-125e.png","width":1024,"height":576},{"@type":"WebSite","@id":"https:\/\/voyage-aventure.com\/blog\/#website","url":"https:\/\/voyage-aventure.com\/blog\/","name":"voyage-aventure.com","description":"Votre passeport pour l\u2019inattendu.","publisher":{"@id":"https:\/\/voyage-aventure.com\/blog\/#organization"},"alternateName":"Votre passeport pour l\u2019inattendu.","potentialAction":[{"@type":"SearchAction","target":{"@type":"EntryPoint","urlTemplate":"https:\/\/voyage-aventure.com\/blog\/?s={search_term_string}"},"query-input":{"@type":"PropertyValueSpecification","valueRequired":true,"valueName":"search_term_string"}}],"inLanguage":"fr-FR"},{"@type":"Organization","@id":"https:\/\/voyage-aventure.com\/blog\/#organization","name":"Foretsensations.fr","url":"https:\/\/voyage-aventure.com\/blog\/","logo":{"@type":"ImageObject","inLanguage":"fr-FR","@id":"https:\/\/voyage-aventure.com\/blog\/#\/schema\/logo\/image\/","url":"https:\/\/voyage-aventure.com\/blog\/wp-content\/uploads\/2024\/12\/19.png","contentUrl":"https:\/\/voyage-aventure.com\/blog\/wp-content\/uploads\/2024\/12\/19.png","width":512,"height":512,"caption":"Foretsensations.fr"},"image":{"@id":"https:\/\/voyage-aventure.com\/blog\/#\/schema\/logo\/image\/"}},{"@type":"Person","@id":"https:\/\/voyage-aventure.com\/blog\/#\/schema\/person\/3c864cdc320801e3db34b663e7e3f816","name":"Camille Rouvray","image":{"@type":"ImageObject","inLanguage":"fr-FR","@id":"https:\/\/voyage-aventure.com\/blog\/#\/schema\/person\/image\/","url":"https:\/\/voyage-aventure.com\/blog\/wp-content\/uploads\/2026\/06\/persona_camille-r-96x96.jpg","contentUrl":"https:\/\/voyage-aventure.com\/blog\/wp-content\/uploads\/2026\/06\/persona_camille-r-96x96.jpg","caption":"Camille Rouvray"},"description":"Je voyage et j'\u00e9cris sur le voyage depuis une douzaine d'ann\u00e9es, d'abord en tant que routarde au long cours, puis comme r\u00e9dactrice sp\u00e9cialis\u00e9e. Mon terrain de pr\u00e9dilection, ce sont les circuits organis\u00e9s et l'art de bien pr\u00e9parer un itin\u00e9raire : choix de la saison, dur\u00e9e r\u00e9aliste des \u00e9tapes, budget jour par jour, logement et transport sur place. J'aime aussi raconter les p\u00e9pites urbaines, ces adresses qu'on ne trouve pas dans les guides classiques. Avant de publier un dossier destination, je croise toujours plusieurs sources, je v\u00e9rifie les tarifs et les formalit\u00e9s d'entr\u00e9e \u00e0 jour, et je teste moi-m\u00eame quand je le peux. Mon angle reste pratique avant tout : aider le lecteur \u00e0 partir l'esprit tranquille, sans mauvaise surprise une fois sur place. Je m'attache \u00e0 distinguer le coup de c\u0153ur sinc\u00e8re du simple argument marketing.","sameAs":["https:\/\/camillerouvray.fr\/"],"url":"https:\/\/voyage-aventure.com\/blog\/auteur\/noname\/"}]}},"_links":{"self":[{"href":"https:\/\/voyage-aventure.com\/blog\/wp-json\/wp\/v2\/posts\/9257","targetHints":{"allow":["GET"]}}],"collection":[{"href":"https:\/\/voyage-aventure.com\/blog\/wp-json\/wp\/v2\/posts"}],"about":[{"href":"https:\/\/voyage-aventure.com\/blog\/wp-json\/wp\/v2\/types\/post"}],"author":[{"embeddable":true,"href":"https:\/\/voyage-aventure.com\/blog\/wp-json\/wp\/v2\/users\/34"}],"replies":[{"embeddable":true,"href":"https:\/\/voyage-aventure.com\/blog\/wp-json\/wp\/v2\/comments?post=9257"}],"version-history":[{"count":3,"href":"https:\/\/voyage-aventure.com\/blog\/wp-json\/wp\/v2\/posts\/9257\/revisions"}],"predecessor-version":[{"id":22516,"href":"https:\/\/voyage-aventure.com\/blog\/wp-json\/wp\/v2\/posts\/9257\/revisions\/22516"}],"wp:featuredmedia":[{"embeddable":true,"href":"https:\/\/voyage-aventure.com\/blog\/wp-json\/wp\/v2\/media\/9258"}],"wp:attachment":[{"href":"https:\/\/voyage-aventure.com\/blog\/wp-json\/wp\/v2\/media?parent=9257"}],"wp:term":[{"taxonomy":"category","embeddable":true,"href":"https:\/\/voyage-aventure.com\/blog\/wp-json\/wp\/v2\/categories?post=9257"},{"taxonomy":"post_tag","embeddable":true,"href":"https:\/\/voyage-aventure.com\/blog\/wp-json\/wp\/v2\/tags?post=9257"}],"curies":[{"name":"wp","href":"https:\/\/api.w.org\/{rel}","templated":true}]}}