{"id":9142,"date":"2025-02-17T07:07:09","date_gmt":"2025-02-17T06:07:09","guid":{"rendered":"https:\/\/voyage-aventure.com\/blog\/?p=9142"},"modified":"2025-02-14T19:53:42","modified_gmt":"2025-02-14T18:53:42","slug":"le-voyage-emouvant-de-will-ferrell-et-harper-vers-les-bafta-2025","status":"publish","type":"post","link":"https:\/\/voyage-aventure.com\/blog\/destinations-aventure\/le-voyage-emouvant-de-will-ferrell-et-harper-vers-les-bafta-2025\/","title":{"rendered":"le voyage \u00e9mouvant de will ferrell et harper vers les bafta 2025"},"content":{"rendered":"<h2>Un voyage transformateur au c\u0153ur de l&rsquo;amiti\u00e9<\/h2>\n<p>Ce film suit le parcours de Will Ferrell et de son amie Harper Steele, qui, apr\u00e8s que Harper a d\u00e9cid\u00e9 de faire son coming-out en tant que femme trans, partent ensemble pour un road trip \u00e0 travers le pays. Leur aventure, loin d&rsquo;\u00eatre simplement un voyage, se transforme en une exploration profonde de leur amiti\u00e9 et des d\u00e9fis li\u00e9s \u00e0 la transition de Harper.<\/p>\n<p>Ce film, qui a \u00e9t\u00e9 diffus\u00e9 sur Netflix en septembre 2024, illustre le soutien inconditionnel de Ferrell envers Steele. En offrant un espace s\u00e9curisant pour parler des r\u00e9alit\u00e9s de la vie des personnes trans, le duo montre que l&rsquo;amiti\u00e9 authentique peut surmonter des obstacles significatifs. Ainsi, \u00ab\u00a0Will &amp; Harper\u00a0\u00bb devient un r\u00e9cit touchant sur le changement, le respect et l&rsquo;amour.<\/p>\n<h2>Des d\u00e9fis contemporains et un message fort<\/h2>\n<p>La sortie de \u00ab\u00a0Will &amp; Harper\u00a0\u00bb co\u00efncide avec des temps difficiles pour la communaut\u00e9 trans aux \u00c9tats-Unis. Harper Steele souligne que la nouvelle administration a d\u00e9j\u00e0 mis en place plusieurs d\u00e9crets qui affectent n\u00e9gativement les droits des personnes trans. Elle esp\u00e8re que le documentaire pourra sensibiliser davantage le public et changer certaines perceptions.<img decoding=\"async\" width=\"1024\" height=\"576\" src=\"https:\/\/voyage-aventure.com\/blog\/wp-content\/uploads\/2025\/02\/stability-le-voyage-emouvant-de-will-ferrell-et-harper-vers-les-bafta-2025-1.png\" class=\"aligncenter\" alt=\"Illustration d\u00e9taill\u00e9e sur le voyage \u00e9mouvant de will ferrell et harper vers les bafta 2025\" title=\"le voyage \u00e9mouvant de will ferrell et harper vers les bafta 2025\" loading=\"lazy\" \/><\/p>\n<p>Dans un monde o\u00f9 les discours de haine semblent gagner en l\u00e9gitimit\u00e9, le film vise \u00e0 \u00eatre une lueur d&rsquo;espoir. Il invite ceux qui se sentent anim\u00e9s par la peur ou la haine \u00e0 r\u00e9fl\u00e9chir et \u00e0 d\u00e9couvrir la r\u00e9alit\u00e9 des personnes trans. \u00ab\u00a0Je ne sais pas si cela changera les esprits, mais j&rsquo;esp\u00e8re que le film fera son travail\u00a0\u00bb, d\u00e9clare Steele.<\/p>\n<h2>R\u00e9actions du public et impact du documentaire<\/h2>\n<p>Les r\u00e9actions \u00e0 \u00ab\u00a0Will &amp; Harper\u00a0\u00bb t\u00e9moignent de l&rsquo;impact \u00e9motionnel qu\u2019il a eu sur les spectateurs. Josh Greenbaum, le r\u00e9alisateur, partage une anecdote touchante d&rsquo;un homme qui l&rsquo;a approch\u00e9 lors d&rsquo;un spectacle de com\u00e9die. Cet homme, avec les larmes aux yeux, a remerci\u00e9 Greenbaum pour le film, qui a aid\u00e9 son fils trans \u00e0 se sentir compris et soutenu.<\/p>\n<p>En parall\u00e8le, Ferrell a \u00e9galement re\u00e7u des t\u00e9moignages positifs sur son r\u00f4le de soutien. Son implication et sa vuln\u00e9rabilit\u00e9 dans le film montrent qu&rsquo;il est bien plus qu&rsquo;un simple com\u00e9dien, mais un alli\u00e9 sinc\u00e8re dans la lutte pour les droits des personnes trans. Ce m\u00e9lange d&rsquo;humour et de s\u00e9rieux fait de \u00ab\u00a0Will &amp; Harper\u00a0\u00bb une \u0153uvre n\u00e9cessaire en ces temps troubl\u00e9s.<\/p>\n<ul>\n<li>La premi\u00e8re du documentaire a eu lieu au Sundance Film Festival 2024.<\/li>\n<li>Le film aborde des th\u00e8mes de transition, d&rsquo;amiti\u00e9 et de soutien.<\/li>\n<li>Des d\u00e9crets r\u00e9cents menacent les droits des personnes trans aux \u00c9tats-Unis.<\/li>\n<li>Les r\u00e9actions du public soulignent l&rsquo;importance de ce r\u00e9cit inclusif.<\/li>\n<li>Will Ferrell est reconnu non seulement pour son humour, mais aussi pour son engagement social.<\/li>\n<\/ul>\n<blockquote>\n<p>\u00ab\u00a0Je pense que ce film est important, surtout dans le climat actuel, o\u00f9 la haine semble \u00eatre l\u00e9gitim\u00e9e.\u00a0\u00bb &#8211; Harper Steele<\/p>\n<\/blockquote>\n<p>Le chemin vers les BAFTA 2025 s\u2019annonce prometteur pour \u00ab\u00a0Will &amp; Harper\u00a0\u00bb, qui est en comp\u00e9tition avec d&rsquo;autres productions marquantes. Bien que Steele et Ferrell se retrouvent souvent face \u00e0 des d\u00e9fis, leur histoire reste un t\u00e9moignage puissant du pouvoir de l&rsquo;amour et de l&rsquo;amiti\u00e9. En se rendant \u00e0 Londres pour la c\u00e9r\u00e9monie, ils porteront avec eux non seulement leurs espoirs pour le film, mais aussi un message d&rsquo;acceptation et de compr\u00e9hension qui r\u00e9sonne profond\u00e9ment dans notre soci\u00e9t\u00e9 actuelle.<\/p>\n","protected":false},"excerpt":{"rendered":"","protected":false},"author":34,"featured_media":9143,"comment_status":"open","ping_status":"open","sticky":false,"template":"","format":"standard","meta":{"_acf_changed":false,"manual_indexmenow":false,"indexmenow_id_project":0,"footnotes":""},"categories":[4520],"tags":[4614,5803,2310,5783,5804],"class_list":["post-9142","post","type-post","status-publish","format-standard","has-post-thumbnail","hentry","category-destinations-aventure","tag-amitie","tag-documentaire","tag-engagement-social","tag-inclusion","tag-voyage-transformateur","generate-columns","tablet-grid-50","mobile-grid-100","grid-parent","grid-25"],"acf":[],"yoast_head":"<!-- This site is optimized with the Yoast SEO Premium plugin v21.3 (Yoast SEO v25.1) - https:\/\/yoast.com\/wordpress\/plugins\/seo\/ -->\n<title>le voyage \u00e9mouvant de will ferrell et harper vers les bafta<\/title>\n<meta name=\"description\" content=\"Ce film suit le parcours de Will Ferrell et de son amie Harper Steele, qui, apr\u00e8s que Harper a d\u00e9cid\u00e9 de faire son coming-out en tant que femme trans\" \/>\n<meta name=\"robots\" content=\"index, follow, max-snippet:-1, max-image-preview:large, max-video-preview:-1\" \/>\n<link rel=\"canonical\" href=\"https:\/\/voyage-aventure.com\/blog\/destinations-aventure\/le-voyage-emouvant-de-will-ferrell-et-harper-vers-les-bafta-2025\/\" \/>\n<meta property=\"og:locale\" content=\"fr_FR\" \/>\n<meta property=\"og:type\" content=\"article\" \/>\n<meta property=\"og:title\" content=\"le voyage \u00e9mouvant de will ferrell et harper vers les bafta\" \/>\n<meta property=\"og:description\" content=\"Ce film suit le parcours de Will Ferrell et de son amie Harper Steele, qui, apr\u00e8s que Harper a d\u00e9cid\u00e9 de faire son coming-out en tant que femme trans\" \/>\n<meta property=\"og:url\" content=\"https:\/\/voyage-aventure.com\/blog\/destinations-aventure\/le-voyage-emouvant-de-will-ferrell-et-harper-vers-les-bafta-2025\/\" \/>\n<meta property=\"og:site_name\" content=\"voyage-aventure\" \/>\n<meta property=\"og:image\" content=\"https:\/\/voyage-aventure.com\/blog\/wp-content\/uploads\/2025\/02\/stability-le-voyage-emouvant-de-will-ferrell-et-harper-vers-les-bafta-2025.png\" \/>\n\t<meta property=\"og:image:width\" content=\"1024\" \/>\n\t<meta property=\"og:image:height\" content=\"576\" \/>\n\t<meta property=\"og:image:type\" content=\"image\/png\" \/>\n<meta name=\"author\" content=\"Camille Rouvray\" \/>\n<meta name=\"twitter:card\" content=\"summary_large_image\" \/>\n<script type=\"application\/ld+json\" class=\"yoast-schema-graph\">{\"@context\":\"https:\/\/schema.org\",\"@graph\":[{\"@type\":\"NewsArticle\",\"@id\":\"https:\/\/voyage-aventure.com\/blog\/destinations-aventure\/le-voyage-emouvant-de-will-ferrell-et-harper-vers-les-bafta-2025\/#article\",\"isPartOf\":{\"@id\":\"https:\/\/voyage-aventure.com\/blog\/destinations-aventure\/le-voyage-emouvant-de-will-ferrell-et-harper-vers-les-bafta-2025\/\"},\"author\":{\"name\":\"Camille Rouvray\",\"@id\":\"https:\/\/voyage-aventure.com\/blog\/#\/schema\/person\/3c864cdc320801e3db34b663e7e3f816\"},\"headline\":\"le voyage \u00e9mouvant de will ferrell et harper vers les bafta 2025\",\"datePublished\":\"2025-02-17T06:07:09+00:00\",\"mainEntityOfPage\":{\"@id\":\"https:\/\/voyage-aventure.com\/blog\/destinations-aventure\/le-voyage-emouvant-de-will-ferrell-et-harper-vers-les-bafta-2025\/\"},\"wordCount\":615,\"commentCount\":19,\"publisher\":{\"@id\":\"https:\/\/voyage-aventure.com\/blog\/#organization\"},\"image\":{\"@id\":\"https:\/\/voyage-aventure.com\/blog\/destinations-aventure\/le-voyage-emouvant-de-will-ferrell-et-harper-vers-les-bafta-2025\/#primaryimage\"},\"thumbnailUrl\":\"https:\/\/voyage-aventure.com\/blog\/wp-content\/uploads\/2025\/02\/stability-le-voyage-emouvant-de-will-ferrell-et-harper-vers-les-bafta-2025.png\",\"keywords\":[\"Amiti\u00e9\",\"Documentaire\",\"Engagement Social\",\"Inclusion\",\"Voyage Transformateur\"],\"articleSection\":[\"Destinations Aventure\"],\"inLanguage\":\"fr-FR\",\"potentialAction\":[{\"@type\":\"CommentAction\",\"name\":\"Comment\",\"target\":[\"https:\/\/voyage-aventure.com\/blog\/destinations-aventure\/le-voyage-emouvant-de-will-ferrell-et-harper-vers-les-bafta-2025\/#respond\"]}]},{\"@type\":\"WebPage\",\"@id\":\"https:\/\/voyage-aventure.com\/blog\/destinations-aventure\/le-voyage-emouvant-de-will-ferrell-et-harper-vers-les-bafta-2025\/\",\"url\":\"https:\/\/voyage-aventure.com\/blog\/destinations-aventure\/le-voyage-emouvant-de-will-ferrell-et-harper-vers-les-bafta-2025\/\",\"name\":\"le voyage \u00e9mouvant de will ferrell et harper vers les bafta\",\"isPartOf\":{\"@id\":\"https:\/\/voyage-aventure.com\/blog\/#website\"},\"primaryImageOfPage\":{\"@id\":\"https:\/\/voyage-aventure.com\/blog\/destinations-aventure\/le-voyage-emouvant-de-will-ferrell-et-harper-vers-les-bafta-2025\/#primaryimage\"},\"image\":{\"@id\":\"https:\/\/voyage-aventure.com\/blog\/destinations-aventure\/le-voyage-emouvant-de-will-ferrell-et-harper-vers-les-bafta-2025\/#primaryimage\"},\"thumbnailUrl\":\"https:\/\/voyage-aventure.com\/blog\/wp-content\/uploads\/2025\/02\/stability-le-voyage-emouvant-de-will-ferrell-et-harper-vers-les-bafta-2025.png\",\"datePublished\":\"2025-02-17T06:07:09+00:00\",\"description\":\"Ce film suit le parcours de Will Ferrell et de son amie Harper Steele, qui, apr\u00e8s que Harper a d\u00e9cid\u00e9 de faire son coming-out en tant que femme trans\",\"inLanguage\":\"fr-FR\",\"potentialAction\":[{\"@type\":\"ReadAction\",\"target\":[\"https:\/\/voyage-aventure.com\/blog\/destinations-aventure\/le-voyage-emouvant-de-will-ferrell-et-harper-vers-les-bafta-2025\/\"]}]},{\"@type\":\"ImageObject\",\"inLanguage\":\"fr-FR\",\"@id\":\"https:\/\/voyage-aventure.com\/blog\/destinations-aventure\/le-voyage-emouvant-de-will-ferrell-et-harper-vers-les-bafta-2025\/#primaryimage\",\"url\":\"https:\/\/voyage-aventure.com\/blog\/wp-content\/uploads\/2025\/02\/stability-le-voyage-emouvant-de-will-ferrell-et-harper-vers-les-bafta-2025.png\",\"contentUrl\":\"https:\/\/voyage-aventure.com\/blog\/wp-content\/uploads\/2025\/02\/stability-le-voyage-emouvant-de-will-ferrell-et-harper-vers-les-bafta-2025.png\",\"width\":1024,\"height\":576},{\"@type\":\"WebSite\",\"@id\":\"https:\/\/voyage-aventure.com\/blog\/#website\",\"url\":\"https:\/\/voyage-aventure.com\/blog\/\",\"name\":\"voyage-aventure.com\",\"description\":\"Votre passeport pour l\u2019inattendu.\",\"publisher\":{\"@id\":\"https:\/\/voyage-aventure.com\/blog\/#organization\"},\"alternateName\":\"Votre passeport pour l\u2019inattendu.\",\"potentialAction\":[{\"@type\":\"SearchAction\",\"target\":{\"@type\":\"EntryPoint\",\"urlTemplate\":\"https:\/\/voyage-aventure.com\/blog\/?s={search_term_string}\"},\"query-input\":{\"@type\":\"PropertyValueSpecification\",\"valueRequired\":true,\"valueName\":\"search_term_string\"}}],\"inLanguage\":\"fr-FR\"},{\"@type\":\"Organization\",\"@id\":\"https:\/\/voyage-aventure.com\/blog\/#organization\",\"name\":\"Foretsensations.fr\",\"url\":\"https:\/\/voyage-aventure.com\/blog\/\",\"logo\":{\"@type\":\"ImageObject\",\"inLanguage\":\"fr-FR\",\"@id\":\"https:\/\/voyage-aventure.com\/blog\/#\/schema\/logo\/image\/\",\"url\":\"https:\/\/voyage-aventure.com\/blog\/wp-content\/uploads\/2024\/12\/19.png\",\"contentUrl\":\"https:\/\/voyage-aventure.com\/blog\/wp-content\/uploads\/2024\/12\/19.png\",\"width\":512,\"height\":512,\"caption\":\"Foretsensations.fr\"},\"image\":{\"@id\":\"https:\/\/voyage-aventure.com\/blog\/#\/schema\/logo\/image\/\"}},{\"@type\":\"Person\",\"@id\":\"https:\/\/voyage-aventure.com\/blog\/#\/schema\/person\/3c864cdc320801e3db34b663e7e3f816\",\"name\":\"Camille Rouvray\",\"image\":{\"@type\":\"ImageObject\",\"inLanguage\":\"fr-FR\",\"@id\":\"https:\/\/voyage-aventure.com\/blog\/#\/schema\/person\/image\/\",\"url\":\"https:\/\/voyage-aventure.com\/blog\/wp-content\/uploads\/2026\/06\/persona_camille-r-96x96.jpg\",\"contentUrl\":\"https:\/\/voyage-aventure.com\/blog\/wp-content\/uploads\/2026\/06\/persona_camille-r-96x96.jpg\",\"caption\":\"Camille Rouvray\"},\"description\":\"Je voyage et j'\u00e9cris sur le voyage depuis une douzaine d'ann\u00e9es, d'abord en tant que routarde au long cours, puis comme r\u00e9dactrice sp\u00e9cialis\u00e9e. Mon terrain de pr\u00e9dilection, ce sont les circuits organis\u00e9s et l'art de bien pr\u00e9parer un itin\u00e9raire : choix de la saison, dur\u00e9e r\u00e9aliste des \u00e9tapes, budget jour par jour, logement et transport sur place. J'aime aussi raconter les p\u00e9pites urbaines, ces adresses qu'on ne trouve pas dans les guides classiques. Avant de publier un dossier destination, je croise toujours plusieurs sources, je v\u00e9rifie les tarifs et les formalit\u00e9s d'entr\u00e9e \u00e0 jour, et je teste moi-m\u00eame quand je le peux. Mon angle reste pratique avant tout : aider le lecteur \u00e0 partir l'esprit tranquille, sans mauvaise surprise une fois sur place. Je m'attache \u00e0 distinguer le coup de c\u0153ur sinc\u00e8re du simple argument marketing.\",\"sameAs\":[\"https:\/\/camillerouvray.fr\/\"],\"url\":\"https:\/\/voyage-aventure.com\/blog\/auteur\/noname\/\"}]}<\/script>\n<!-- \/ Yoast SEO Premium plugin. -->","yoast_head_json":{"title":"le voyage \u00e9mouvant de will ferrell et harper vers les bafta","description":"Ce film suit le parcours de Will Ferrell et de son amie Harper Steele, qui, apr\u00e8s que Harper a d\u00e9cid\u00e9 de faire son coming-out en tant que femme trans","robots":{"index":"index","follow":"follow","max-snippet":"max-snippet:-1","max-image-preview":"max-image-preview:large","max-video-preview":"max-video-preview:-1"},"canonical":"https:\/\/voyage-aventure.com\/blog\/destinations-aventure\/le-voyage-emouvant-de-will-ferrell-et-harper-vers-les-bafta-2025\/","og_locale":"fr_FR","og_type":"article","og_title":"le voyage \u00e9mouvant de will ferrell et harper vers les bafta","og_description":"Ce film suit le parcours de Will Ferrell et de son amie Harper Steele, qui, apr\u00e8s que Harper a d\u00e9cid\u00e9 de faire son coming-out en tant que femme trans","og_url":"https:\/\/voyage-aventure.com\/blog\/destinations-aventure\/le-voyage-emouvant-de-will-ferrell-et-harper-vers-les-bafta-2025\/","og_site_name":"voyage-aventure","og_image":[{"width":1024,"height":576,"url":"https:\/\/voyage-aventure.com\/blog\/wp-content\/uploads\/2025\/02\/stability-le-voyage-emouvant-de-will-ferrell-et-harper-vers-les-bafta-2025.png","type":"image\/png"}],"author":"Camille Rouvray","twitter_card":"summary_large_image","schema":{"@context":"https:\/\/schema.org","@graph":[{"@type":"NewsArticle","@id":"https:\/\/voyage-aventure.com\/blog\/destinations-aventure\/le-voyage-emouvant-de-will-ferrell-et-harper-vers-les-bafta-2025\/#article","isPartOf":{"@id":"https:\/\/voyage-aventure.com\/blog\/destinations-aventure\/le-voyage-emouvant-de-will-ferrell-et-harper-vers-les-bafta-2025\/"},"author":{"name":"Camille Rouvray","@id":"https:\/\/voyage-aventure.com\/blog\/#\/schema\/person\/3c864cdc320801e3db34b663e7e3f816"},"headline":"le voyage \u00e9mouvant de will ferrell et harper vers les bafta 2025","datePublished":"2025-02-17T06:07:09+00:00","mainEntityOfPage":{"@id":"https:\/\/voyage-aventure.com\/blog\/destinations-aventure\/le-voyage-emouvant-de-will-ferrell-et-harper-vers-les-bafta-2025\/"},"wordCount":615,"commentCount":19,"publisher":{"@id":"https:\/\/voyage-aventure.com\/blog\/#organization"},"image":{"@id":"https:\/\/voyage-aventure.com\/blog\/destinations-aventure\/le-voyage-emouvant-de-will-ferrell-et-harper-vers-les-bafta-2025\/#primaryimage"},"thumbnailUrl":"https:\/\/voyage-aventure.com\/blog\/wp-content\/uploads\/2025\/02\/stability-le-voyage-emouvant-de-will-ferrell-et-harper-vers-les-bafta-2025.png","keywords":["Amiti\u00e9","Documentaire","Engagement Social","Inclusion","Voyage Transformateur"],"articleSection":["Destinations Aventure"],"inLanguage":"fr-FR","potentialAction":[{"@type":"CommentAction","name":"Comment","target":["https:\/\/voyage-aventure.com\/blog\/destinations-aventure\/le-voyage-emouvant-de-will-ferrell-et-harper-vers-les-bafta-2025\/#respond"]}]},{"@type":"WebPage","@id":"https:\/\/voyage-aventure.com\/blog\/destinations-aventure\/le-voyage-emouvant-de-will-ferrell-et-harper-vers-les-bafta-2025\/","url":"https:\/\/voyage-aventure.com\/blog\/destinations-aventure\/le-voyage-emouvant-de-will-ferrell-et-harper-vers-les-bafta-2025\/","name":"le voyage \u00e9mouvant de will ferrell et harper vers les bafta","isPartOf":{"@id":"https:\/\/voyage-aventure.com\/blog\/#website"},"primaryImageOfPage":{"@id":"https:\/\/voyage-aventure.com\/blog\/destinations-aventure\/le-voyage-emouvant-de-will-ferrell-et-harper-vers-les-bafta-2025\/#primaryimage"},"image":{"@id":"https:\/\/voyage-aventure.com\/blog\/destinations-aventure\/le-voyage-emouvant-de-will-ferrell-et-harper-vers-les-bafta-2025\/#primaryimage"},"thumbnailUrl":"https:\/\/voyage-aventure.com\/blog\/wp-content\/uploads\/2025\/02\/stability-le-voyage-emouvant-de-will-ferrell-et-harper-vers-les-bafta-2025.png","datePublished":"2025-02-17T06:07:09+00:00","description":"Ce film suit le parcours de Will Ferrell et de son amie Harper Steele, qui, apr\u00e8s que Harper a d\u00e9cid\u00e9 de faire son coming-out en tant que femme trans","inLanguage":"fr-FR","potentialAction":[{"@type":"ReadAction","target":["https:\/\/voyage-aventure.com\/blog\/destinations-aventure\/le-voyage-emouvant-de-will-ferrell-et-harper-vers-les-bafta-2025\/"]}]},{"@type":"ImageObject","inLanguage":"fr-FR","@id":"https:\/\/voyage-aventure.com\/blog\/destinations-aventure\/le-voyage-emouvant-de-will-ferrell-et-harper-vers-les-bafta-2025\/#primaryimage","url":"https:\/\/voyage-aventure.com\/blog\/wp-content\/uploads\/2025\/02\/stability-le-voyage-emouvant-de-will-ferrell-et-harper-vers-les-bafta-2025.png","contentUrl":"https:\/\/voyage-aventure.com\/blog\/wp-content\/uploads\/2025\/02\/stability-le-voyage-emouvant-de-will-ferrell-et-harper-vers-les-bafta-2025.png","width":1024,"height":576},{"@type":"WebSite","@id":"https:\/\/voyage-aventure.com\/blog\/#website","url":"https:\/\/voyage-aventure.com\/blog\/","name":"voyage-aventure.com","description":"Votre passeport pour l\u2019inattendu.","publisher":{"@id":"https:\/\/voyage-aventure.com\/blog\/#organization"},"alternateName":"Votre passeport pour l\u2019inattendu.","potentialAction":[{"@type":"SearchAction","target":{"@type":"EntryPoint","urlTemplate":"https:\/\/voyage-aventure.com\/blog\/?s={search_term_string}"},"query-input":{"@type":"PropertyValueSpecification","valueRequired":true,"valueName":"search_term_string"}}],"inLanguage":"fr-FR"},{"@type":"Organization","@id":"https:\/\/voyage-aventure.com\/blog\/#organization","name":"Foretsensations.fr","url":"https:\/\/voyage-aventure.com\/blog\/","logo":{"@type":"ImageObject","inLanguage":"fr-FR","@id":"https:\/\/voyage-aventure.com\/blog\/#\/schema\/logo\/image\/","url":"https:\/\/voyage-aventure.com\/blog\/wp-content\/uploads\/2024\/12\/19.png","contentUrl":"https:\/\/voyage-aventure.com\/blog\/wp-content\/uploads\/2024\/12\/19.png","width":512,"height":512,"caption":"Foretsensations.fr"},"image":{"@id":"https:\/\/voyage-aventure.com\/blog\/#\/schema\/logo\/image\/"}},{"@type":"Person","@id":"https:\/\/voyage-aventure.com\/blog\/#\/schema\/person\/3c864cdc320801e3db34b663e7e3f816","name":"Camille Rouvray","image":{"@type":"ImageObject","inLanguage":"fr-FR","@id":"https:\/\/voyage-aventure.com\/blog\/#\/schema\/person\/image\/","url":"https:\/\/voyage-aventure.com\/blog\/wp-content\/uploads\/2026\/06\/persona_camille-r-96x96.jpg","contentUrl":"https:\/\/voyage-aventure.com\/blog\/wp-content\/uploads\/2026\/06\/persona_camille-r-96x96.jpg","caption":"Camille Rouvray"},"description":"Je voyage et j'\u00e9cris sur le voyage depuis une douzaine d'ann\u00e9es, d'abord en tant que routarde au long cours, puis comme r\u00e9dactrice sp\u00e9cialis\u00e9e. Mon terrain de pr\u00e9dilection, ce sont les circuits organis\u00e9s et l'art de bien pr\u00e9parer un itin\u00e9raire : choix de la saison, dur\u00e9e r\u00e9aliste des \u00e9tapes, budget jour par jour, logement et transport sur place. J'aime aussi raconter les p\u00e9pites urbaines, ces adresses qu'on ne trouve pas dans les guides classiques. Avant de publier un dossier destination, je croise toujours plusieurs sources, je v\u00e9rifie les tarifs et les formalit\u00e9s d'entr\u00e9e \u00e0 jour, et je teste moi-m\u00eame quand je le peux. Mon angle reste pratique avant tout : aider le lecteur \u00e0 partir l'esprit tranquille, sans mauvaise surprise une fois sur place. Je m'attache \u00e0 distinguer le coup de c\u0153ur sinc\u00e8re du simple argument marketing.","sameAs":["https:\/\/camillerouvray.fr\/"],"url":"https:\/\/voyage-aventure.com\/blog\/auteur\/noname\/"}]}},"_links":{"self":[{"href":"https:\/\/voyage-aventure.com\/blog\/wp-json\/wp\/v2\/posts\/9142","targetHints":{"allow":["GET"]}}],"collection":[{"href":"https:\/\/voyage-aventure.com\/blog\/wp-json\/wp\/v2\/posts"}],"about":[{"href":"https:\/\/voyage-aventure.com\/blog\/wp-json\/wp\/v2\/types\/post"}],"author":[{"embeddable":true,"href":"https:\/\/voyage-aventure.com\/blog\/wp-json\/wp\/v2\/users\/34"}],"replies":[{"embeddable":true,"href":"https:\/\/voyage-aventure.com\/blog\/wp-json\/wp\/v2\/comments?post=9142"}],"version-history":[{"count":2,"href":"https:\/\/voyage-aventure.com\/blog\/wp-json\/wp\/v2\/posts\/9142\/revisions"}],"predecessor-version":[{"id":9839,"href":"https:\/\/voyage-aventure.com\/blog\/wp-json\/wp\/v2\/posts\/9142\/revisions\/9839"}],"wp:featuredmedia":[{"embeddable":true,"href":"https:\/\/voyage-aventure.com\/blog\/wp-json\/wp\/v2\/media\/9143"}],"wp:attachment":[{"href":"https:\/\/voyage-aventure.com\/blog\/wp-json\/wp\/v2\/media?parent=9142"}],"wp:term":[{"taxonomy":"category","embeddable":true,"href":"https:\/\/voyage-aventure.com\/blog\/wp-json\/wp\/v2\/categories?post=9142"},{"taxonomy":"post_tag","embeddable":true,"href":"https:\/\/voyage-aventure.com\/blog\/wp-json\/wp\/v2\/tags?post=9142"}],"curies":[{"name":"wp","href":"https:\/\/api.w.org\/{rel}","templated":true}]}}