{"id":9031,"date":"2026-06-12T19:10:04","date_gmt":"2026-06-12T17:10:04","guid":{"rendered":"https:\/\/voyage-aventure.com\/blog\/?p=9031"},"modified":"2026-06-12T19:10:04","modified_gmt":"2026-06-12T17:10:04","slug":"les-acheteurs-de-voyages-anticipent-une-croissance-en-2024-et-une-dynamique-positive-pour-2025","status":"publish","type":"post","link":"https:\/\/voyage-aventure.com\/blog\/a-la-une\/les-acheteurs-de-voyages-anticipent-une-croissance-en-2024-et-une-dynamique-positive-pour-2025\/","title":{"rendered":"Les acheteurs de voyages anticipent une croissance en 2024 et une dynamique positive pour 2025"},"content":{"rendered":"<link rel=\"stylesheet\" href=\"https:\/\/fonts.googleapis.com\/css2?family=Newsreader:ital,opsz,wght@0,6..72,500..700;1,6..72,500..600&#038;family=Inter:wght@400;500;600&#038;family=JetBrains+Mono:wght@500&#038;display=swap\">\n<div class=\"van-news-wrap\" style=\"font-family:Inter,-apple-system,sans-serif;color:#22272e;line-height:1.65;max-width:760px;margin:0 auto;\">\n<style>\n.van-news-wrap{--ink:#16202b;--accent:#9a2a2a;--accent2:#1a3a5c;--paper:#f7f4ee;--line:#dcd6cb;}\n.van-news-wrap h2{font-family:Newsreader,Georgia,serif;font-weight:700;font-size:clamp(23px,3.1vw,31px);letter-spacing:-0.012em;color:var(--ink);line-height:1.18;margin:46px 0 14px;}\n.van-news-wrap p{font-size:17.5px;line-height:1.7;margin:0 0 18px;}\n.van-news-dateline{font-family:'JetBrains Mono',monospace;font-size:11.5px;letter-spacing:1.6px;text-transform:uppercase;color:var(--accent);font-weight:500;margin:0 0 14px;display:block;}\n.van-news-lead{font-family:Newsreader,Georgia,serif;font-size:21px;line-height:1.5;font-style:italic;color:#33414f;border-left:4px solid var(--accent);padding:4px 0 4px 20px;margin:0 0 30px;}\n.van-news-ess{background:var(--paper);border:1px solid var(--line);border-top:4px solid var(--accent);border-radius:8px;padding:24px 26px;margin:30px 0;box-shadow:0 1px 2px rgba(16,24,40,.05),0 14px 30px -18px rgba(16,24,40,.22);}\n.van-news-ess .van-k{font-family:'JetBrains Mono',monospace;font-size:11px;font-weight:500;text-transform:uppercase;letter-spacing:2.2px;color:var(--accent);margin-bottom:14px;}\n.van-news-row{display:flex;gap:13px;align-items:flex-start;padding:9px 0;border-bottom:1px solid var(--line);}\n.van-news-row:last-child{border-bottom:none;}\n.van-news-row .van-tag{flex:0 0 auto;font-family:'JetBrains Mono',monospace;font-size:10.5px;font-weight:500;letter-spacing:1px;text-transform:uppercase;color:#fff;background:var(--accent2);padding:3px 9px;border-radius:3px;margin-top:1px;}\n.van-news-row .van-tx{font-size:15.5px;line-height:1.55;color:#2c343d;}\n.van-news-stats{display:grid;grid-template-columns:repeat(auto-fit,minmax(150px,1fr));background:var(--ink);border-radius:8px;overflow:hidden;margin:34px 0;}\n.van-news-stats .van-st{padding:24px 16px;text-align:center;border-right:1px solid #2a3744;}\n.van-news-stats .van-st:last-child{border-right:none;}\n.van-news-stats .van-n{font-family:Newsreader,serif;font-size:38px;font-weight:700;color:#fff;letter-spacing:-0.03em;line-height:1;}\n.van-news-stats .van-n.acc{color:#e6a3a3;}\n.van-news-stats .van-l{font-size:11px;text-transform:uppercase;letter-spacing:1.4px;color:#9aa7b4;margin-top:9px;line-height:1.35;}\n.van-news-grid{display:grid;grid-template-columns:repeat(auto-fit,minmax(220px,1fr));gap:15px;margin:28px 0;}\n.van-news-card{background:#fff;border:1px solid var(--line);border-top:3px solid var(--accent2);border-radius:7px;padding:19px 20px 17px;transition:transform .25s ease,box-shadow .25s ease;}\n.van-news-card:hover{transform:translateY(-3px);box-shadow:0 12px 26px -16px rgba(16,24,40,.3);}\n.van-news-card h3{font-family:Newsreader,serif;margin:0 0 7px;font-size:18px;font-weight:600;color:var(--ink);letter-spacing:-0.01em;}\n.van-news-card .van-cx{font-size:14px;line-height:1.55;color:#4a525b;}\n.van-news-quote{font-family:Newsreader,serif;text-align:center;font-style:italic;font-size:24px;line-height:1.45;color:var(--ink);border-top:1px solid var(--ink);border-bottom:1px solid var(--ink);max-width:640px;margin:40px auto;padding:26px 18px;position:relative;}\n.van-news-quote .van-qm{position:absolute;top:-22px;left:50%;transform:translateX(-50%);background:#fff;padding:0 14px;font-size:50px;color:var(--accent);line-height:1;font-family:Newsreader,serif;}\n.van-news-keep{background:var(--paper);border:1px solid var(--line);border-radius:8px;padding:24px 26px;margin:34px 0;}\n.van-news-keep .van-k{font-family:'JetBrains Mono',monospace;font-size:11px;font-weight:500;text-transform:uppercase;letter-spacing:2.2px;color:var(--accent);margin-bottom:14px;}\n.van-news-keep ul{margin:0;padding:0;list-style:none;}\n.van-news-keep li{display:flex;gap:11px;align-items:flex-start;padding:8px 0;font-size:15.5px;line-height:1.55;color:#2c343d;border-bottom:1px solid var(--line);}\n.van-news-keep li:last-child{border-bottom:none;}\n.van-news-keep li span.van-b{flex:0 0 auto;color:var(--accent2);font-weight:700;}\n.van-news-faq{margin:36px 0;}\n.van-news-faq>h2{margin-bottom:8px;}\n.van-news-faq details{border-bottom:1px solid var(--line);}\n.van-news-faq summary{cursor:pointer;list-style:none;padding:16px 0;font-family:Newsreader,serif;font-size:18px;font-weight:600;color:var(--ink);display:flex;justify-content:space-between;gap:14px;align-items:center;}\n.van-news-faq summary::-webkit-details-marker{display:none;}\n.van-news-faq summary .van-pl{font-size:22px;font-weight:400;color:var(--accent);line-height:1;}\n.van-news-faq .van-a{padding:0 0 16px;font-size:15.5px;line-height:1.7;color:#4a525b;}\n.van-news-note{font-size:13px;line-height:1.6;color:#6a727b;font-style:italic;border-left:3px solid var(--line);padding-left:14px;margin:30px 0 0;}\n<\/style>\n<p><span class=\"van-news-dateline\">Voyages d&rsquo;affaires \u00b7 Sondage GBTA \u00b7 Janvier 2025<\/span><\/p>\n<div class=\"van-news-lead\">Les acheteurs de voyages professionnels abordent 2025 avec confiance : pr\u00e8s d&rsquo;un sur deux anticipe plus de d\u00e9placements qu&rsquo;en 2024, sur fond de reprise post-pand\u00e9mique solide \u2014 mais l&rsquo;optimisme reste temp\u00e9r\u00e9 par la flamb\u00e9e des co\u00fbts et de fortes disparit\u00e9s r\u00e9gionales.<\/div>\n<div class=\"van-news-ess\">\n<div class=\"van-k\">L&rsquo;essentiel<\/div>\n<div class=\"van-news-row\"><span class=\"van-tag\">Quoi<\/span><span class=\"van-tx\">Le dernier sondage de la Global Business Travel Association (GBTA) montre que 48 % des acheteurs de voyages s&rsquo;attendent \u00e0 davantage de d\u00e9placements en 2025, et 57 % \u00e0 des d\u00e9penses en hausse.<\/span><\/div>\n<div class=\"van-news-row\"><span class=\"van-tag\">Quand<\/span><span class=\"van-tx\">Enqu\u00eate men\u00e9e en janvier 2025 aupr\u00e8s des gestionnaires de voyages d&rsquo;affaires.<\/span><\/div>\n<div class=\"van-news-row\"><span class=\"van-tag\">Pourquoi<\/span><span class=\"van-tx\">Plus de 70 % des r\u00e9pondants ont vu leurs volumes de voyage augmenter en 2024 vs 2023 \u2014 mais 81 % redoutent la hausse des co\u00fbts, ce qui mettra les budgets sous tension.<\/span><\/div>\n<\/div>\n<h2>Un optimisme croissant pour les voyages d&rsquo;affaires<\/h2>\n<p>Le dernier sondage de la Global Business Travel Association (GBTA) r\u00e9v\u00e8le une tendance encourageante parmi les gestionnaires de voyages. En janvier 2025, 48 % des acheteurs de voyages s&rsquo;attendent \u00e0 ce que leurs organisations voyagent davantage en 2025 qu&rsquo;en 2024. Ce sentiment d&rsquo;optimisme est renforc\u00e9 par le fait que 57 % des r\u00e9pondants pr\u00e9voient des d\u00e9penses accrues pour les voyages d&rsquo;affaires.<\/p>\n<p>Cette croissance n&rsquo;est pas seulement limit\u00e9e \u00e0 un secteur ou \u00e0 une r\u00e9gion. En fait, plus de 70 % des participants ont signal\u00e9 une augmentation des volumes de voyages en 2024 par rapport \u00e0 2023. Cela montre une nette reprise post-pand\u00e9mique et un regain d&rsquo;int\u00e9r\u00eat pour les voyages professionnels, malgr\u00e9 les pr\u00e9occupations \u00e9conomiques persistantes.<\/p>\n<div class=\"van-news-stats\">\n<div class=\"van-st\">\n<div class=\"van-n\">48 %<\/div>\n<div class=\"van-l\">anticipent plus de voyages en 2025<\/div>\n<\/div>\n<div class=\"van-st\">\n<div class=\"van-n\">57 %<\/div>\n<div class=\"van-l\">pr\u00e9voient des d\u00e9penses en hausse<\/div>\n<\/div>\n<div class=\"van-st\">\n<div class=\"van-n acc\">70 %+<\/div>\n<div class=\"van-l\">de volumes en hausse en 2024 vs 2023<\/div>\n<\/div>\n<\/div>\n<p><iframe loading=\"lazy\" title=\"Vendeurs Immobilier En Panique : Les Prix Vont Encore Baisser !\" width=\"1200\" height=\"675\" src=\"https:\/\/www.youtube.com\/embed\/4IggUqP3mFI?feature=oembed\" frameborder=\"0\" allow=\"accelerometer; autoplay; clipboard-write; encrypted-media; gyroscope; picture-in-picture; web-share\" referrerpolicy=\"strict-origin-when-cross-origin\" allowfullscreen><\/iframe><\/p>\n<h2>Diff\u00e9rences r\u00e9gionales dans les pr\u00e9visions de voyage<\/h2>\n<p>Les r\u00e9sultats du sondage montrent des variations notables entre les r\u00e9gions. En Am\u00e9rique du Nord, en Am\u00e9rique latine et en Asie-Pacifique, environ 75 % des r\u00e9pondants ont constat\u00e9 une augmentation de leurs volumes de voyages en 2024. En revanche, l&rsquo;Europe a montr\u00e9 un ralentissement, avec seulement 64 % des acheteurs d\u00e9clarant une croissance dans cette r\u00e9gion.<\/p>\n<p>Les acheteurs europ\u00e9ens sont particuli\u00e8rement prudents dans leurs pr\u00e9visions pour 2025. Seuls 37 % d&rsquo;entre eux pensent que leurs entreprises voyageront davantage cette ann\u00e9e. Cette tendance pourrait \u00eatre influenc\u00e9e par une attention accrue port\u00e9e aux \u00e9missions de carbone et aux responsabilit\u00e9s environnementales qui affectent les d\u00e9cisions de voyage.<\/p>\n<div class=\"van-news-grid\">\n<div class=\"van-news-card\">\n<h3>Am\u00e9rique du Nord<\/h3>\n<div class=\"van-cx\">Environ 75 % des r\u00e9pondants ont vu leurs volumes de voyages progresser en 2024.<\/div>\n<\/div>\n<div class=\"van-news-card\">\n<h3>Am\u00e9rique latine &amp; Asie-Pacifique<\/h3>\n<div class=\"van-cx\">M\u00eame dynamique, autour de 75 % de hausse des volumes en 2024.<\/div>\n<\/div>\n<div class=\"van-news-card\">\n<h3>Europe<\/h3>\n<div class=\"van-cx\">Plus prudente : 64 % de croissance constat\u00e9e, et seulement 37 % anticipent davantage de voyages en 2025.<\/div>\n<\/div>\n<\/div>\n<h2>Les d\u00e9fis financiers et technologiques \u00e0 surmonter<\/h2>\n<p>Les pr\u00e9occupations budg\u00e9taires dominent l&rsquo;agenda des acheteurs de voyages pour 2025. En effet, 81 % d&rsquo;entre eux sont inquiets de la hausse des co\u00fbts de voyage, ce qui pourrait mettre leurs budgets \u00e0 rude \u00e9preuve. De plus, des pr\u00e9occupations \u00e9conomiques plus larges et des tensions g\u00e9opolitiques influencent \u00e9galement les d\u00e9cisions de voyage, avec 49 % des acheteurs pr\u00e9occup\u00e9s par ces enjeux.<\/p>\n<p>D&rsquo;un autre c\u00f4t\u00e9, les fournisseurs et les repr\u00e9sentants des soci\u00e9t\u00e9s de gestion des voyages (TMC) voient les choses diff\u00e9remment. Plus de la moiti\u00e9 d&rsquo;entre eux se concentrent sur l&rsquo;incertitude \u00e9conomique, tandis que 47 % mentionnent l&rsquo;importance de l&rsquo;intelligence artificielle. Ce d\u00e9calage d&rsquo;opinion souligne le besoin pour les acheteurs de mieux int\u00e9grer la technologie dans leurs programmes de voyage.<\/p>\n<div class=\"van-news-quote\"><span class=\"van-qm\">\u00ab<\/span>La gestion des voyages d&rsquo;affaires est en pleine transformation, et les entreprises doivent s&rsquo;adapter rapidement aux nouvelles r\u00e9alit\u00e9s du march\u00e9.<\/div>\n<h2>Les initiatives de changement au sein des entreprises<\/h2>\n<p>Face \u00e0 ces d\u00e9fis, de nombreux gestionnaires de voyages envisagent de changer de fournisseur de TMC. Environ 30 % des r\u00e9pondants ont indiqu\u00e9 qu&rsquo;ils allaient lancer un appel d&rsquo;offres pour un nouveau partenaire TMC, souvent en raison d&rsquo;un manque de technologie ad\u00e9quate. Une transformation majeure se profile \u00e0 l&rsquo;horizon, avec 47 % des r\u00e9pondants soit en train de mettre en \u0153uvre, soit en train d&rsquo;\u00e9valuer un nouveau TMC.<\/p>\n<p>Les changements ne s&rsquo;arr\u00eatent pas l\u00e0. Quarante et un pour cent des acheteurs pr\u00e9voient d&rsquo;\u00e9valuer leurs solutions de paiement, tandis que 31 % examineront de nouveaux outils de r\u00e9servation. Ce besoin de modernisation est particuli\u00e8rement prononc\u00e9 en Asie-Pacifique, o\u00f9 les acheteurs sont plus enclins \u00e0 int\u00e9grer des technologies innovantes dans leurs pratiques de gestion de voyages.<\/p>\n<div class=\"van-news-keep\">\n<div class=\"van-k\">\u00c0 retenir<\/div>\n<ul>\n<li><span class=\"van-b\">\u203a<\/span><span>Augmentation des voyages d&rsquo;affaires pr\u00e9vue en 2025 : 48 % des acheteurs l&rsquo;anticipent, 57 % attendent des d\u00e9penses en hausse.<\/span><\/li>\n<li><span class=\"van-b\">\u203a<\/span><span>Variations r\u00e9gionales marqu\u00e9es : ~75 % de croissance en Am\u00e9rique du Nord\/latine et Asie-Pacifique, mais seulement 64 % en Europe.<\/span><\/li>\n<li><span class=\"van-b\">\u203a<\/span><span>Pr\u00e9occupations budg\u00e9taires et \u00e9conomiques en t\u00eate des priorit\u00e9s : 81 % redoutent la hausse des co\u00fbts, 49 % les tensions g\u00e9opolitiques.<\/span><\/li>\n<li><span class=\"van-b\">\u203a<\/span><span>Transformation digitale des programmes de voyage : ~30 % vont lancer un appel d&rsquo;offres TMC, 41 % r\u00e9\u00e9valuent leurs solutions de paiement.<\/span><\/li>\n<li><span class=\"van-b\">\u203a<\/span><span>Initiatives de modernisation en hausse, surtout en Asie-Pacifique, plus encline \u00e0 adopter des technologies innovantes.<\/span><\/li>\n<\/ul>\n<\/div>\n<p>Alors que les entreprises se pr\u00e9parent pour 2025, il est crucial de rester \u00e0 l&rsquo;\u00e9coute des besoins des voyageurs et de s&rsquo;adapter \u00e0 un paysage en constante \u00e9volution. Les acheteurs de voyages doivent naviguer entre opportunit\u00e9s de croissance et d\u00e9fis financiers, tout en int\u00e9grant des solutions technologiques pour optimiser leurs programmes. L&rsquo;avenir des voyages d&rsquo;affaires semble prometteur, mais n\u00e9cessite une attention particuli\u00e8re aux d\u00e9tails et une pr\u00e9paration ad\u00e9quate.<\/p>\n<p><img decoding=\"async\" width=\"1024\" height=\"576\" src=\"https:\/\/voyage-aventure.com\/blog\/wp-content\/uploads\/2025\/02\/stability-les-acheteurs-de-voyages-anticipent-une-croissance-en-2024-et-une-dynamique-positive-pour-2025-1.png\" class=\"aligncenter\" alt=\"Illustration d\u00e9taill\u00e9e sur Les acheteurs de voyages anticipent une croissance en 2024 et une dynamique positive pour 2025\" title=\"Les acheteurs de voyages anticipent une croissance en 2024 et une dynamique positive pour 2025\" loading=\"lazy\" \/><\/p>\n<div class=\"van-news-faq van-news-wrap\">\n<h2>Questions fr\u00e9quentes<\/h2>\n<details>\n<summary><span>Que r\u00e9v\u00e8le le sondage GBTA de janvier 2025 ?<\/span><span class=\"van-pl\">+<\/span><\/summary>\n<div class=\"van-a\">Il montre un optimisme croissant : 48 % des acheteurs de voyages anticipent davantage de d\u00e9placements en 2025 qu&rsquo;en 2024, et 57 % pr\u00e9voient des d\u00e9penses en hausse. Plus de 70 % des r\u00e9pondants avaient d\u00e9j\u00e0 vu leurs volumes progresser en 2024 par rapport \u00e0 2023.<\/div>\n<\/details>\n<details>\n<summary><span>Pourquoi les acheteurs europ\u00e9ens sont-ils plus prudents ?<\/span><span class=\"van-pl\">+<\/span><\/summary>\n<div class=\"van-a\">En Europe, 64 % des acheteurs ont constat\u00e9 une croissance en 2024 (contre ~75 % ailleurs) et seuls 37 % anticipent plus de voyages en 2025. Cette prudence est notamment li\u00e9e \u00e0 une attention accrue aux \u00e9missions de carbone et aux responsabilit\u00e9s environnementales dans les d\u00e9cisions de voyage.<\/div>\n<\/details>\n<details>\n<summary><span>Quelles sont les principales inqui\u00e9tudes pour 2025 ?<\/span><span class=\"van-pl\">+<\/span><\/summary>\n<div class=\"van-a\">La hausse des co\u00fbts de voyage arrive en t\u00eate : 81 % des acheteurs s&rsquo;en inqui\u00e8tent. \u00c0 cela s&rsquo;ajoutent les pr\u00e9occupations \u00e9conomiques plus larges et les tensions g\u00e9opolitiques, cit\u00e9es par 49 % des r\u00e9pondants.<\/div>\n<\/details>\n<details>\n<summary><span>Comment les programmes de voyage \u00e9voluent-ils ?<\/span><span class=\"van-pl\">+<\/span><\/summary>\n<div class=\"van-a\">La modernisation s&rsquo;acc\u00e9l\u00e8re : environ 30 % des acheteurs pr\u00e9voient un appel d&rsquo;offres pour un nouveau partenaire TMC, 41 % vont r\u00e9\u00e9valuer leurs solutions de paiement et 31 % examineront de nouveaux outils de r\u00e9servation \u2014 une tendance particuli\u00e8rement forte en Asie-Pacifique.<\/div>\n<\/details>\n<\/div>\n<div class=\"van-news-note\">Article informatif fond\u00e9 sur les donn\u00e9es du sondage de la Global Business Travel Association (GBTA) de janvier 2025. Les chiffres et la temporalit\u00e9 sont repris du communiqu\u00e9 d&rsquo;origine.<\/div>\n<\/div>\n","protected":false},"excerpt":{"rendered":"","protected":false},"author":34,"featured_media":9032,"comment_status":"open","ping_status":"open","sticky":false,"template":"","format":"standard","meta":{"_acf_changed":false,"manual_indexmenow":false,"indexmenow_id_project":0,"footnotes":""},"categories":[1],"tags":[4646,4636,4385,4713,4526],"class_list":["post-9031","post","type-post","status-publish","format-standard","has-post-thumbnail","hentry","category-a-la-une","tag-assistance","tag-destinations","tag-pratiques-durables","tag-preparation","tag-voyage-economique","generate-columns","tablet-grid-50","mobile-grid-100","grid-parent","grid-25"],"acf":[],"yoast_head":"<!-- This site is optimized with the Yoast SEO Premium plugin v21.3 (Yoast SEO v25.1) - https:\/\/yoast.com\/wordpress\/plugins\/seo\/ -->\n<title>Les acheteurs de voyages anticipent une croissance en 2024<\/title>\n<meta name=\"description\" content=\"Les acheteurs de voyages professionnels abordent 2025 avec confiance : pr\u00e8s d&#039;un sur deux anticipe plus de d\u00e9placements qu&#039;en 2024, sur fond de reprise\" \/>\n<meta name=\"robots\" content=\"index, follow, max-snippet:-1, max-image-preview:large, max-video-preview:-1\" \/>\n<link rel=\"canonical\" href=\"https:\/\/voyage-aventure.com\/blog\/a-la-une\/les-acheteurs-de-voyages-anticipent-une-croissance-en-2024-et-une-dynamique-positive-pour-2025\/\" \/>\n<meta property=\"og:locale\" content=\"fr_FR\" \/>\n<meta property=\"og:type\" content=\"article\" \/>\n<meta property=\"og:title\" content=\"Les acheteurs de voyages anticipent une croissance en 2024\" \/>\n<meta property=\"og:description\" content=\"Les acheteurs de voyages professionnels abordent 2025 avec confiance : pr\u00e8s d&#039;un sur deux anticipe plus de d\u00e9placements qu&#039;en 2024, sur fond de reprise\" \/>\n<meta property=\"og:url\" content=\"https:\/\/voyage-aventure.com\/blog\/a-la-une\/les-acheteurs-de-voyages-anticipent-une-croissance-en-2024-et-une-dynamique-positive-pour-2025\/\" \/>\n<meta property=\"og:site_name\" content=\"voyage-aventure\" \/>\n<meta property=\"og:image\" content=\"https:\/\/voyage-aventure.com\/blog\/wp-content\/uploads\/2025\/02\/stability-les-acheteurs-de-voyages-anticipent-une-croissance-en-2024-et-une-dynamique-positive-pour-2025.png\" \/>\n\t<meta property=\"og:image:width\" content=\"1024\" \/>\n\t<meta property=\"og:image:height\" content=\"576\" \/>\n\t<meta property=\"og:image:type\" content=\"image\/png\" \/>\n<meta name=\"author\" content=\"Camille Rouvray\" \/>\n<meta name=\"twitter:card\" content=\"summary_large_image\" \/>\n<script type=\"application\/ld+json\" class=\"yoast-schema-graph\">{\"@context\":\"https:\/\/schema.org\",\"@graph\":[{\"@type\":\"NewsArticle\",\"@id\":\"https:\/\/voyage-aventure.com\/blog\/a-la-une\/les-acheteurs-de-voyages-anticipent-une-croissance-en-2024-et-une-dynamique-positive-pour-2025\/#article\",\"isPartOf\":{\"@id\":\"https:\/\/voyage-aventure.com\/blog\/a-la-une\/les-acheteurs-de-voyages-anticipent-une-croissance-en-2024-et-une-dynamique-positive-pour-2025\/\"},\"author\":{\"name\":\"Camille Rouvray\",\"@id\":\"https:\/\/voyage-aventure.com\/blog\/#\/schema\/person\/3c864cdc320801e3db34b663e7e3f816\"},\"headline\":\"Les acheteurs de voyages anticipent une croissance en 2024 et une dynamique positive pour 2025\",\"datePublished\":\"2026-06-12T17:10:04+00:00\",\"mainEntityOfPage\":{\"@id\":\"https:\/\/voyage-aventure.com\/blog\/a-la-une\/les-acheteurs-de-voyages-anticipent-une-croissance-en-2024-et-une-dynamique-positive-pour-2025\/\"},\"wordCount\":1157,\"commentCount\":20,\"publisher\":{\"@id\":\"https:\/\/voyage-aventure.com\/blog\/#organization\"},\"image\":{\"@id\":\"https:\/\/voyage-aventure.com\/blog\/a-la-une\/les-acheteurs-de-voyages-anticipent-une-croissance-en-2024-et-une-dynamique-positive-pour-2025\/#primaryimage\"},\"thumbnailUrl\":\"https:\/\/voyage-aventure.com\/blog\/wp-content\/uploads\/2025\/02\/stability-les-acheteurs-de-voyages-anticipent-une-croissance-en-2024-et-une-dynamique-positive-pour-2025.png\",\"keywords\":[\"Assistance\",\"Destinations\",\"Pratiques Durables\",\"Pr\u00e9paration\",\"Voyage \u00c9conomique\"],\"articleSection\":[\"\u00c0 la une\"],\"inLanguage\":\"fr-FR\",\"potentialAction\":[{\"@type\":\"CommentAction\",\"name\":\"Comment\",\"target\":[\"https:\/\/voyage-aventure.com\/blog\/a-la-une\/les-acheteurs-de-voyages-anticipent-une-croissance-en-2024-et-une-dynamique-positive-pour-2025\/#respond\"]}]},{\"@type\":\"WebPage\",\"@id\":\"https:\/\/voyage-aventure.com\/blog\/a-la-une\/les-acheteurs-de-voyages-anticipent-une-croissance-en-2024-et-une-dynamique-positive-pour-2025\/\",\"url\":\"https:\/\/voyage-aventure.com\/blog\/a-la-une\/les-acheteurs-de-voyages-anticipent-une-croissance-en-2024-et-une-dynamique-positive-pour-2025\/\",\"name\":\"Les acheteurs de voyages anticipent une croissance en 2024\",\"isPartOf\":{\"@id\":\"https:\/\/voyage-aventure.com\/blog\/#website\"},\"primaryImageOfPage\":{\"@id\":\"https:\/\/voyage-aventure.com\/blog\/a-la-une\/les-acheteurs-de-voyages-anticipent-une-croissance-en-2024-et-une-dynamique-positive-pour-2025\/#primaryimage\"},\"image\":{\"@id\":\"https:\/\/voyage-aventure.com\/blog\/a-la-une\/les-acheteurs-de-voyages-anticipent-une-croissance-en-2024-et-une-dynamique-positive-pour-2025\/#primaryimage\"},\"thumbnailUrl\":\"https:\/\/voyage-aventure.com\/blog\/wp-content\/uploads\/2025\/02\/stability-les-acheteurs-de-voyages-anticipent-une-croissance-en-2024-et-une-dynamique-positive-pour-2025.png\",\"datePublished\":\"2026-06-12T17:10:04+00:00\",\"description\":\"Les acheteurs de voyages professionnels abordent 2025 avec confiance : pr\u00e8s d'un sur deux anticipe plus de d\u00e9placements qu'en 2024, sur fond de reprise\",\"inLanguage\":\"fr-FR\",\"potentialAction\":[{\"@type\":\"ReadAction\",\"target\":[\"https:\/\/voyage-aventure.com\/blog\/a-la-une\/les-acheteurs-de-voyages-anticipent-une-croissance-en-2024-et-une-dynamique-positive-pour-2025\/\"]}]},{\"@type\":\"ImageObject\",\"inLanguage\":\"fr-FR\",\"@id\":\"https:\/\/voyage-aventure.com\/blog\/a-la-une\/les-acheteurs-de-voyages-anticipent-une-croissance-en-2024-et-une-dynamique-positive-pour-2025\/#primaryimage\",\"url\":\"https:\/\/voyage-aventure.com\/blog\/wp-content\/uploads\/2025\/02\/stability-les-acheteurs-de-voyages-anticipent-une-croissance-en-2024-et-une-dynamique-positive-pour-2025.png\",\"contentUrl\":\"https:\/\/voyage-aventure.com\/blog\/wp-content\/uploads\/2025\/02\/stability-les-acheteurs-de-voyages-anticipent-une-croissance-en-2024-et-une-dynamique-positive-pour-2025.png\",\"width\":1024,\"height\":576},{\"@type\":\"WebSite\",\"@id\":\"https:\/\/voyage-aventure.com\/blog\/#website\",\"url\":\"https:\/\/voyage-aventure.com\/blog\/\",\"name\":\"voyage-aventure.com\",\"description\":\"Votre passeport pour l\u2019inattendu.\",\"publisher\":{\"@id\":\"https:\/\/voyage-aventure.com\/blog\/#organization\"},\"alternateName\":\"Votre passeport pour l\u2019inattendu.\",\"potentialAction\":[{\"@type\":\"SearchAction\",\"target\":{\"@type\":\"EntryPoint\",\"urlTemplate\":\"https:\/\/voyage-aventure.com\/blog\/?s={search_term_string}\"},\"query-input\":{\"@type\":\"PropertyValueSpecification\",\"valueRequired\":true,\"valueName\":\"search_term_string\"}}],\"inLanguage\":\"fr-FR\"},{\"@type\":\"Organization\",\"@id\":\"https:\/\/voyage-aventure.com\/blog\/#organization\",\"name\":\"Foretsensations.fr\",\"url\":\"https:\/\/voyage-aventure.com\/blog\/\",\"logo\":{\"@type\":\"ImageObject\",\"inLanguage\":\"fr-FR\",\"@id\":\"https:\/\/voyage-aventure.com\/blog\/#\/schema\/logo\/image\/\",\"url\":\"https:\/\/voyage-aventure.com\/blog\/wp-content\/uploads\/2024\/12\/19.png\",\"contentUrl\":\"https:\/\/voyage-aventure.com\/blog\/wp-content\/uploads\/2024\/12\/19.png\",\"width\":512,\"height\":512,\"caption\":\"Foretsensations.fr\"},\"image\":{\"@id\":\"https:\/\/voyage-aventure.com\/blog\/#\/schema\/logo\/image\/\"}},{\"@type\":\"Person\",\"@id\":\"https:\/\/voyage-aventure.com\/blog\/#\/schema\/person\/3c864cdc320801e3db34b663e7e3f816\",\"name\":\"Camille Rouvray\",\"image\":{\"@type\":\"ImageObject\",\"inLanguage\":\"fr-FR\",\"@id\":\"https:\/\/voyage-aventure.com\/blog\/#\/schema\/person\/image\/\",\"url\":\"https:\/\/voyage-aventure.com\/blog\/wp-content\/uploads\/2026\/06\/persona_camille-r-96x96.jpg\",\"contentUrl\":\"https:\/\/voyage-aventure.com\/blog\/wp-content\/uploads\/2026\/06\/persona_camille-r-96x96.jpg\",\"caption\":\"Camille Rouvray\"},\"description\":\"Je voyage et j'\u00e9cris sur le voyage depuis une douzaine d'ann\u00e9es, d'abord en tant que routarde au long cours, puis comme r\u00e9dactrice sp\u00e9cialis\u00e9e. Mon terrain de pr\u00e9dilection, ce sont les circuits organis\u00e9s et l'art de bien pr\u00e9parer un itin\u00e9raire : choix de la saison, dur\u00e9e r\u00e9aliste des \u00e9tapes, budget jour par jour, logement et transport sur place. J'aime aussi raconter les p\u00e9pites urbaines, ces adresses qu'on ne trouve pas dans les guides classiques. Avant de publier un dossier destination, je croise toujours plusieurs sources, je v\u00e9rifie les tarifs et les formalit\u00e9s d'entr\u00e9e \u00e0 jour, et je teste moi-m\u00eame quand je le peux. Mon angle reste pratique avant tout : aider le lecteur \u00e0 partir l'esprit tranquille, sans mauvaise surprise une fois sur place. Je m'attache \u00e0 distinguer le coup de c\u0153ur sinc\u00e8re du simple argument marketing.\",\"sameAs\":[\"https:\/\/camillerouvray.fr\/\"],\"url\":\"https:\/\/voyage-aventure.com\/blog\/auteur\/noname\/\"}]}<\/script>\n<!-- \/ Yoast SEO Premium plugin. -->","yoast_head_json":{"title":"Les acheteurs de voyages anticipent une croissance en 2024","description":"Les acheteurs de voyages professionnels abordent 2025 avec confiance : pr\u00e8s d'un sur deux anticipe plus de d\u00e9placements qu'en 2024, sur fond de reprise","robots":{"index":"index","follow":"follow","max-snippet":"max-snippet:-1","max-image-preview":"max-image-preview:large","max-video-preview":"max-video-preview:-1"},"canonical":"https:\/\/voyage-aventure.com\/blog\/a-la-une\/les-acheteurs-de-voyages-anticipent-une-croissance-en-2024-et-une-dynamique-positive-pour-2025\/","og_locale":"fr_FR","og_type":"article","og_title":"Les acheteurs de voyages anticipent une croissance en 2024","og_description":"Les acheteurs de voyages professionnels abordent 2025 avec confiance : pr\u00e8s d'un sur deux anticipe plus de d\u00e9placements qu'en 2024, sur fond de reprise","og_url":"https:\/\/voyage-aventure.com\/blog\/a-la-une\/les-acheteurs-de-voyages-anticipent-une-croissance-en-2024-et-une-dynamique-positive-pour-2025\/","og_site_name":"voyage-aventure","og_image":[{"width":1024,"height":576,"url":"https:\/\/voyage-aventure.com\/blog\/wp-content\/uploads\/2025\/02\/stability-les-acheteurs-de-voyages-anticipent-une-croissance-en-2024-et-une-dynamique-positive-pour-2025.png","type":"image\/png"}],"author":"Camille Rouvray","twitter_card":"summary_large_image","schema":{"@context":"https:\/\/schema.org","@graph":[{"@type":"NewsArticle","@id":"https:\/\/voyage-aventure.com\/blog\/a-la-une\/les-acheteurs-de-voyages-anticipent-une-croissance-en-2024-et-une-dynamique-positive-pour-2025\/#article","isPartOf":{"@id":"https:\/\/voyage-aventure.com\/blog\/a-la-une\/les-acheteurs-de-voyages-anticipent-une-croissance-en-2024-et-une-dynamique-positive-pour-2025\/"},"author":{"name":"Camille Rouvray","@id":"https:\/\/voyage-aventure.com\/blog\/#\/schema\/person\/3c864cdc320801e3db34b663e7e3f816"},"headline":"Les acheteurs de voyages anticipent une croissance en 2024 et une dynamique positive pour 2025","datePublished":"2026-06-12T17:10:04+00:00","mainEntityOfPage":{"@id":"https:\/\/voyage-aventure.com\/blog\/a-la-une\/les-acheteurs-de-voyages-anticipent-une-croissance-en-2024-et-une-dynamique-positive-pour-2025\/"},"wordCount":1157,"commentCount":20,"publisher":{"@id":"https:\/\/voyage-aventure.com\/blog\/#organization"},"image":{"@id":"https:\/\/voyage-aventure.com\/blog\/a-la-une\/les-acheteurs-de-voyages-anticipent-une-croissance-en-2024-et-une-dynamique-positive-pour-2025\/#primaryimage"},"thumbnailUrl":"https:\/\/voyage-aventure.com\/blog\/wp-content\/uploads\/2025\/02\/stability-les-acheteurs-de-voyages-anticipent-une-croissance-en-2024-et-une-dynamique-positive-pour-2025.png","keywords":["Assistance","Destinations","Pratiques Durables","Pr\u00e9paration","Voyage \u00c9conomique"],"articleSection":["\u00c0 la une"],"inLanguage":"fr-FR","potentialAction":[{"@type":"CommentAction","name":"Comment","target":["https:\/\/voyage-aventure.com\/blog\/a-la-une\/les-acheteurs-de-voyages-anticipent-une-croissance-en-2024-et-une-dynamique-positive-pour-2025\/#respond"]}]},{"@type":"WebPage","@id":"https:\/\/voyage-aventure.com\/blog\/a-la-une\/les-acheteurs-de-voyages-anticipent-une-croissance-en-2024-et-une-dynamique-positive-pour-2025\/","url":"https:\/\/voyage-aventure.com\/blog\/a-la-une\/les-acheteurs-de-voyages-anticipent-une-croissance-en-2024-et-une-dynamique-positive-pour-2025\/","name":"Les acheteurs de voyages anticipent une croissance en 2024","isPartOf":{"@id":"https:\/\/voyage-aventure.com\/blog\/#website"},"primaryImageOfPage":{"@id":"https:\/\/voyage-aventure.com\/blog\/a-la-une\/les-acheteurs-de-voyages-anticipent-une-croissance-en-2024-et-une-dynamique-positive-pour-2025\/#primaryimage"},"image":{"@id":"https:\/\/voyage-aventure.com\/blog\/a-la-une\/les-acheteurs-de-voyages-anticipent-une-croissance-en-2024-et-une-dynamique-positive-pour-2025\/#primaryimage"},"thumbnailUrl":"https:\/\/voyage-aventure.com\/blog\/wp-content\/uploads\/2025\/02\/stability-les-acheteurs-de-voyages-anticipent-une-croissance-en-2024-et-une-dynamique-positive-pour-2025.png","datePublished":"2026-06-12T17:10:04+00:00","description":"Les acheteurs de voyages professionnels abordent 2025 avec confiance : pr\u00e8s d'un sur deux anticipe plus de d\u00e9placements qu'en 2024, sur fond de reprise","inLanguage":"fr-FR","potentialAction":[{"@type":"ReadAction","target":["https:\/\/voyage-aventure.com\/blog\/a-la-une\/les-acheteurs-de-voyages-anticipent-une-croissance-en-2024-et-une-dynamique-positive-pour-2025\/"]}]},{"@type":"ImageObject","inLanguage":"fr-FR","@id":"https:\/\/voyage-aventure.com\/blog\/a-la-une\/les-acheteurs-de-voyages-anticipent-une-croissance-en-2024-et-une-dynamique-positive-pour-2025\/#primaryimage","url":"https:\/\/voyage-aventure.com\/blog\/wp-content\/uploads\/2025\/02\/stability-les-acheteurs-de-voyages-anticipent-une-croissance-en-2024-et-une-dynamique-positive-pour-2025.png","contentUrl":"https:\/\/voyage-aventure.com\/blog\/wp-content\/uploads\/2025\/02\/stability-les-acheteurs-de-voyages-anticipent-une-croissance-en-2024-et-une-dynamique-positive-pour-2025.png","width":1024,"height":576},{"@type":"WebSite","@id":"https:\/\/voyage-aventure.com\/blog\/#website","url":"https:\/\/voyage-aventure.com\/blog\/","name":"voyage-aventure.com","description":"Votre passeport pour l\u2019inattendu.","publisher":{"@id":"https:\/\/voyage-aventure.com\/blog\/#organization"},"alternateName":"Votre passeport pour l\u2019inattendu.","potentialAction":[{"@type":"SearchAction","target":{"@type":"EntryPoint","urlTemplate":"https:\/\/voyage-aventure.com\/blog\/?s={search_term_string}"},"query-input":{"@type":"PropertyValueSpecification","valueRequired":true,"valueName":"search_term_string"}}],"inLanguage":"fr-FR"},{"@type":"Organization","@id":"https:\/\/voyage-aventure.com\/blog\/#organization","name":"Foretsensations.fr","url":"https:\/\/voyage-aventure.com\/blog\/","logo":{"@type":"ImageObject","inLanguage":"fr-FR","@id":"https:\/\/voyage-aventure.com\/blog\/#\/schema\/logo\/image\/","url":"https:\/\/voyage-aventure.com\/blog\/wp-content\/uploads\/2024\/12\/19.png","contentUrl":"https:\/\/voyage-aventure.com\/blog\/wp-content\/uploads\/2024\/12\/19.png","width":512,"height":512,"caption":"Foretsensations.fr"},"image":{"@id":"https:\/\/voyage-aventure.com\/blog\/#\/schema\/logo\/image\/"}},{"@type":"Person","@id":"https:\/\/voyage-aventure.com\/blog\/#\/schema\/person\/3c864cdc320801e3db34b663e7e3f816","name":"Camille Rouvray","image":{"@type":"ImageObject","inLanguage":"fr-FR","@id":"https:\/\/voyage-aventure.com\/blog\/#\/schema\/person\/image\/","url":"https:\/\/voyage-aventure.com\/blog\/wp-content\/uploads\/2026\/06\/persona_camille-r-96x96.jpg","contentUrl":"https:\/\/voyage-aventure.com\/blog\/wp-content\/uploads\/2026\/06\/persona_camille-r-96x96.jpg","caption":"Camille Rouvray"},"description":"Je voyage et j'\u00e9cris sur le voyage depuis une douzaine d'ann\u00e9es, d'abord en tant que routarde au long cours, puis comme r\u00e9dactrice sp\u00e9cialis\u00e9e. Mon terrain de pr\u00e9dilection, ce sont les circuits organis\u00e9s et l'art de bien pr\u00e9parer un itin\u00e9raire : choix de la saison, dur\u00e9e r\u00e9aliste des \u00e9tapes, budget jour par jour, logement et transport sur place. J'aime aussi raconter les p\u00e9pites urbaines, ces adresses qu'on ne trouve pas dans les guides classiques. Avant de publier un dossier destination, je croise toujours plusieurs sources, je v\u00e9rifie les tarifs et les formalit\u00e9s d'entr\u00e9e \u00e0 jour, et je teste moi-m\u00eame quand je le peux. Mon angle reste pratique avant tout : aider le lecteur \u00e0 partir l'esprit tranquille, sans mauvaise surprise une fois sur place. Je m'attache \u00e0 distinguer le coup de c\u0153ur sinc\u00e8re du simple argument marketing.","sameAs":["https:\/\/camillerouvray.fr\/"],"url":"https:\/\/voyage-aventure.com\/blog\/auteur\/noname\/"}]}},"_links":{"self":[{"href":"https:\/\/voyage-aventure.com\/blog\/wp-json\/wp\/v2\/posts\/9031","targetHints":{"allow":["GET"]}}],"collection":[{"href":"https:\/\/voyage-aventure.com\/blog\/wp-json\/wp\/v2\/posts"}],"about":[{"href":"https:\/\/voyage-aventure.com\/blog\/wp-json\/wp\/v2\/types\/post"}],"author":[{"embeddable":true,"href":"https:\/\/voyage-aventure.com\/blog\/wp-json\/wp\/v2\/users\/34"}],"replies":[{"embeddable":true,"href":"https:\/\/voyage-aventure.com\/blog\/wp-json\/wp\/v2\/comments?post=9031"}],"version-history":[{"count":2,"href":"https:\/\/voyage-aventure.com\/blog\/wp-json\/wp\/v2\/posts\/9031\/revisions"}],"predecessor-version":[{"id":22143,"href":"https:\/\/voyage-aventure.com\/blog\/wp-json\/wp\/v2\/posts\/9031\/revisions\/22143"}],"wp:featuredmedia":[{"embeddable":true,"href":"https:\/\/voyage-aventure.com\/blog\/wp-json\/wp\/v2\/media\/9032"}],"wp:attachment":[{"href":"https:\/\/voyage-aventure.com\/blog\/wp-json\/wp\/v2\/media?parent=9031"}],"wp:term":[{"taxonomy":"category","embeddable":true,"href":"https:\/\/voyage-aventure.com\/blog\/wp-json\/wp\/v2\/categories?post=9031"},{"taxonomy":"post_tag","embeddable":true,"href":"https:\/\/voyage-aventure.com\/blog\/wp-json\/wp\/v2\/tags?post=9031"}],"curies":[{"name":"wp","href":"https:\/\/api.w.org\/{rel}","templated":true}]}}