{"id":9027,"date":"2025-02-16T02:01:01","date_gmt":"2025-02-16T01:01:01","guid":{"rendered":"https:\/\/voyage-aventure.com\/blog\/?p=9027"},"modified":"2025-02-14T15:37:32","modified_gmt":"2025-02-14T14:37:32","slug":"decouvrez-minorque-lile-des-baleares-a-petits-prix-et-a-la-beaute-preservee","status":"publish","type":"post","link":"https:\/\/voyage-aventure.com\/blog\/a-la-une\/decouvrez-minorque-lile-des-baleares-a-petits-prix-et-a-la-beaute-preservee\/","title":{"rendered":"D\u00e9couvrez Minorque, l&rsquo;\u00eele des Bal\u00e9ares \u00e0 petits prix et \u00e0 la beaut\u00e9 pr\u00e9serv\u00e9e"},"content":{"rendered":"<h2>Un paradis naturel \u00e0 port\u00e9e de main<\/h2>\n<p>Minorque, cette \u00eele des Bal\u00e9ares, est souvent \u00e9clips\u00e9e par ses voisines plus c\u00e9l\u00e8bres, mais elle a tant \u00e0 offrir. Avec ses plages cristallines, ses paysages sauvages et son ambiance paisible, elle se pr\u00e9sente comme une destination id\u00e9ale pour ceux qui recherchent la tranquillit\u00e9. Les visiteurs peuvent profiter d&rsquo;une nature pr\u00e9serv\u00e9e tout en acc\u00e9dant \u00e0 des infrastructures modernes.<\/p>\n<p>La richesse de la biodiversit\u00e9 de Minorque est impressionnante. Inscrite au patrimoine mondial de l&rsquo;UNESCO, cette \u00eele abrite des r\u00e9serves naturelles et des zones prot\u00e9g\u00e9es. Les randonneurs peuvent explorer des sentiers balis\u00e9s qui les conduisent \u00e0 travers des paysages \u00e9poustouflants, des falaises surplombant la mer aux plages isol\u00e9es.<\/p>\n<h2>Une gastronomie m\u00e9diterran\u00e9enne \u00e0 savourer<\/h2>\n<p>La cuisine de Minorque est un v\u00e9ritable r\u00e9gal pour les papilles. Les plats locaux, souvent pr\u00e9par\u00e9s avec des ingr\u00e9dients frais et de saison, refl\u00e8tent l&rsquo;h\u00e9ritage m\u00e9diterran\u00e9en de l&rsquo;\u00eele. Parmi les sp\u00e9cialit\u00e9s, ne manquez pas le \u00ab\u00a0caldereta de llagosta\u00a0\u00bb, un rago\u00fbt de homard, et le fromage de Mah\u00f3n, savoureux et typique.<\/p>\n<p>Les restaurants de Minorque, qu&rsquo;ils soient en bord de mer ou dans les villages pittoresques, offrent une atmosph\u00e8re conviviale. D\u00e9guster un repas tout en admirant le coucher de soleil sur la mer M\u00e9diterran\u00e9e est une exp\u00e9rience inoubliable. Les march\u00e9s locaux, quant \u00e0 eux, permettent de d\u00e9couvrir les produits frais de l&rsquo;\u00eele et de rapporter un peu de Minorque chez soi.<\/p>\n<p><iframe loading=\"lazy\" title=\"Que voir dans les \u00eeles Bal\u00e9ares ?\" width=\"1200\" height=\"675\" src=\"https:\/\/www.youtube.com\/embed\/NtGFh1DxhWg?feature=oembed\" frameborder=\"0\" allow=\"accelerometer; autoplay; clipboard-write; encrypted-media; gyroscope; picture-in-picture; web-share\" referrerpolicy=\"strict-origin-when-cross-origin\" allowfullscreen><\/iframe><\/p>\n<h2>Des s\u00e9jours accessibles pour tous les budgets<\/h2>\n<p>Minorque se distingue par ses offres de vacances adapt\u00e9es \u00e0 tous les budgets. Que vous recherchiez un h\u00f4tel de luxe ou un appartement confortable, vous trouverez facilement une option qui correspond \u00e0 vos attentes. Avec des prix attractifs, il est possible de profiter d&rsquo;un s\u00e9jour de r\u00eave sans se ruiner.<\/p>\n<p>Les forfaits tout compris, incluant vol et h\u00e9bergement, sont particuli\u00e8rement populaires. Par exemple, il est possible de partir pour six jours \u00e0 partir de 492\u20ac par personne, avec des prestations telles que la demi-pension, des transferts a\u00e9roport et un acc\u00e8s direct \u00e0 la plage. Ces offres permettent de vivre une exp\u00e9rience compl\u00e8te sans se soucier des d\u00e9tails logistiques.<\/p>\n<blockquote><p>\n\u00ab\u00a0Minorque est un joyau cach\u00e9 des Bal\u00e9ares, une destination o\u00f9 la beaut\u00e9 naturelle rencontre l&rsquo;hospitalit\u00e9 chaleureuse.\u00a0\u00bb &#8211; Expert en voyages\n<\/p><\/blockquote>\n<h2>\u00c0 ne pas manquer \u00e0 Minorque<\/h2>\n<p>Lors de votre visite, voici quelques incontournables \u00e0 explorer :<\/p>\n<ul>\n<li>Les plages de Cala Mitjana et Cala Macarella pour leur beaut\u00e9 sauvage<\/li>\n<li>Le parc naturel de s&rsquo;Albufera des Grau, id\u00e9al pour l&rsquo;observation des oiseaux<\/li>\n<li>La ville historique de Ciutadella, avec son port pittoresque et ses ruelles charmantes<\/li>\n<li>Les vestiges pr\u00e9historiques comme les taules et les navetes<\/li>\n<li>Les march\u00e9s locaux pour go\u00fbter aux sp\u00e9cialit\u00e9s culinaires de l&rsquo;\u00eele<\/li>\n<\/ul>\n<p>Visiter Minorque, c&rsquo;est aussi s&rsquo;immerger dans sa culture locale. Les f\u00eates traditionnelles, souvent marqu\u00e9es par la musique, la danse et la gastronomie, offrent un aper\u00e7u enrichissant de la vie insulaire. Les visiteurs peuvent \u00e9galement participer \u00e0 des ateliers artisanaux pour d\u00e9couvrir les savoir-faire locaux.<\/p>\n<p>En somme, Minorque est un v\u00e9ritable tr\u00e9sor qui m\u00e9rite d&rsquo;\u00eatre d\u00e9couvert. Que ce soit pour un week-end ou des vacances prolong\u00e9es, cette \u00eele promet une exp\u00e9rience inoubliable. Son atmosph\u00e8re paisible, sa gastronomie savoureuse et ses paysages \u00e0 couper le souffle feront de votre s\u00e9jour un moment parfait de d\u00e9tente et d&rsquo;exploration. Ne manquez pas l&rsquo;occasion de visiter ce joyau des Bal\u00e9ares \u00e0 prix doux.<br \/>\n<img decoding=\"async\" width=\"1024\" height=\"576\" src=\"https:\/\/voyage-aventure.com\/blog\/wp-content\/uploads\/2025\/02\/stability-decouvrez-minorque-lile-des-baleares-a-petits-prix-et-a-la-beaute-preservee-1.png\" class=\"aligncenter\" alt=\"Illustration d\u00e9taill\u00e9e sur D\u00e9couvrez Minorque, l&#039;\u00eele des Bal\u00e9ares \u00e0 petits prix et \u00e0 la beaut\u00e9 pr\u00e9serv\u00e9e\" title=\"D\u00e9couvrez Minorque, l&#039;\u00eele des Bal\u00e9ares \u00e0 petits prix et \u00e0 la beaut\u00e9 pr\u00e9serv\u00e9e\" loading=\"lazy\" \/><\/p>\n","protected":false},"excerpt":{"rendered":"","protected":false},"author":34,"featured_media":9028,"comment_status":"open","ping_status":"open","sticky":false,"template":"","format":"standard","meta":{"_acf_changed":false,"manual_indexmenow":false,"indexmenow_id_project":0,"footnotes":""},"categories":[1],"tags":[4527,4535,4528,4769,4526],"class_list":["post-9027","post","type-post","status-publish","format-standard","has-post-thumbnail","hentry","category-a-la-une","tag-decouverte-culturelle","tag-gastronomie-locale","tag-hebergement-abordable","tag-immersion-culturelle","tag-voyage-economique","generate-columns","tablet-grid-50","mobile-grid-100","grid-parent","grid-25"],"acf":[],"yoast_head":"<!-- This site is optimized with the Yoast SEO Premium plugin v21.3 (Yoast SEO v25.1) - https:\/\/yoast.com\/wordpress\/plugins\/seo\/ -->\n<title>D\u00e9couvrez Minorque, l&#039;\u00eele des Bal\u00e9ares \u00e0 petits prix et \u00e0<\/title>\n<meta name=\"description\" content=\"Minorque, cette \u00eele des Bal\u00e9ares, est souvent \u00e9clips\u00e9e par ses voisines plus c\u00e9l\u00e8bres, mais elle a tant \u00e0 offrir. Avec ses plages cristallines, ses\" \/>\n<meta name=\"robots\" content=\"index, follow, max-snippet:-1, max-image-preview:large, max-video-preview:-1\" \/>\n<link rel=\"canonical\" href=\"https:\/\/voyage-aventure.com\/blog\/a-la-une\/decouvrez-minorque-lile-des-baleares-a-petits-prix-et-a-la-beaute-preservee\/\" \/>\n<meta property=\"og:locale\" content=\"fr_FR\" \/>\n<meta property=\"og:type\" content=\"article\" \/>\n<meta property=\"og:title\" content=\"D\u00e9couvrez Minorque, l&#039;\u00eele des Bal\u00e9ares \u00e0 petits prix et \u00e0\" \/>\n<meta property=\"og:description\" content=\"Minorque, cette \u00eele des Bal\u00e9ares, est souvent \u00e9clips\u00e9e par ses voisines plus c\u00e9l\u00e8bres, mais elle a tant \u00e0 offrir. Avec ses plages cristallines, ses\" \/>\n<meta property=\"og:url\" content=\"https:\/\/voyage-aventure.com\/blog\/a-la-une\/decouvrez-minorque-lile-des-baleares-a-petits-prix-et-a-la-beaute-preservee\/\" \/>\n<meta property=\"og:site_name\" content=\"voyage-aventure\" \/>\n<meta property=\"og:image\" content=\"https:\/\/voyage-aventure.com\/blog\/wp-content\/uploads\/2025\/02\/stability-decouvrez-minorque-lile-des-baleares-a-petits-prix-et-a-la-beaute-preservee.png\" \/>\n\t<meta property=\"og:image:width\" content=\"1024\" \/>\n\t<meta property=\"og:image:height\" content=\"576\" \/>\n\t<meta property=\"og:image:type\" content=\"image\/png\" \/>\n<meta name=\"author\" content=\"Camille Rouvray\" \/>\n<meta name=\"twitter:card\" content=\"summary_large_image\" \/>\n<script type=\"application\/ld+json\" class=\"yoast-schema-graph\">{\"@context\":\"https:\/\/schema.org\",\"@graph\":[{\"@type\":\"NewsArticle\",\"@id\":\"https:\/\/voyage-aventure.com\/blog\/a-la-une\/decouvrez-minorque-lile-des-baleares-a-petits-prix-et-a-la-beaute-preservee\/#article\",\"isPartOf\":{\"@id\":\"https:\/\/voyage-aventure.com\/blog\/a-la-une\/decouvrez-minorque-lile-des-baleares-a-petits-prix-et-a-la-beaute-preservee\/\"},\"author\":{\"name\":\"Camille Rouvray\",\"@id\":\"https:\/\/voyage-aventure.com\/blog\/#\/schema\/person\/3c864cdc320801e3db34b663e7e3f816\"},\"headline\":\"D\u00e9couvrez Minorque, l&rsquo;\u00eele des Bal\u00e9ares \u00e0 petits prix et \u00e0 la beaut\u00e9 pr\u00e9serv\u00e9e\",\"datePublished\":\"2025-02-16T01:01:01+00:00\",\"mainEntityOfPage\":{\"@id\":\"https:\/\/voyage-aventure.com\/blog\/a-la-une\/decouvrez-minorque-lile-des-baleares-a-petits-prix-et-a-la-beaute-preservee\/\"},\"wordCount\":631,\"commentCount\":24,\"publisher\":{\"@id\":\"https:\/\/voyage-aventure.com\/blog\/#organization\"},\"image\":{\"@id\":\"https:\/\/voyage-aventure.com\/blog\/a-la-une\/decouvrez-minorque-lile-des-baleares-a-petits-prix-et-a-la-beaute-preservee\/#primaryimage\"},\"thumbnailUrl\":\"https:\/\/voyage-aventure.com\/blog\/wp-content\/uploads\/2025\/02\/stability-decouvrez-minorque-lile-des-baleares-a-petits-prix-et-a-la-beaute-preservee.png\",\"keywords\":[\"D\u00e9couverte Culturelle\",\"Gastronomie Locale\",\"H\u00e9bergement Abordable\",\"Immersion Culturelle\",\"Voyage \u00c9conomique\"],\"articleSection\":[\"\u00c0 la une\"],\"inLanguage\":\"fr-FR\",\"potentialAction\":[{\"@type\":\"CommentAction\",\"name\":\"Comment\",\"target\":[\"https:\/\/voyage-aventure.com\/blog\/a-la-une\/decouvrez-minorque-lile-des-baleares-a-petits-prix-et-a-la-beaute-preservee\/#respond\"]}]},{\"@type\":\"WebPage\",\"@id\":\"https:\/\/voyage-aventure.com\/blog\/a-la-une\/decouvrez-minorque-lile-des-baleares-a-petits-prix-et-a-la-beaute-preservee\/\",\"url\":\"https:\/\/voyage-aventure.com\/blog\/a-la-une\/decouvrez-minorque-lile-des-baleares-a-petits-prix-et-a-la-beaute-preservee\/\",\"name\":\"D\u00e9couvrez Minorque, l'\u00eele des Bal\u00e9ares \u00e0 petits prix et \u00e0\",\"isPartOf\":{\"@id\":\"https:\/\/voyage-aventure.com\/blog\/#website\"},\"primaryImageOfPage\":{\"@id\":\"https:\/\/voyage-aventure.com\/blog\/a-la-une\/decouvrez-minorque-lile-des-baleares-a-petits-prix-et-a-la-beaute-preservee\/#primaryimage\"},\"image\":{\"@id\":\"https:\/\/voyage-aventure.com\/blog\/a-la-une\/decouvrez-minorque-lile-des-baleares-a-petits-prix-et-a-la-beaute-preservee\/#primaryimage\"},\"thumbnailUrl\":\"https:\/\/voyage-aventure.com\/blog\/wp-content\/uploads\/2025\/02\/stability-decouvrez-minorque-lile-des-baleares-a-petits-prix-et-a-la-beaute-preservee.png\",\"datePublished\":\"2025-02-16T01:01:01+00:00\",\"description\":\"Minorque, cette \u00eele des Bal\u00e9ares, est souvent \u00e9clips\u00e9e par ses voisines plus c\u00e9l\u00e8bres, mais elle a tant \u00e0 offrir. Avec ses plages cristallines, ses\",\"inLanguage\":\"fr-FR\",\"potentialAction\":[{\"@type\":\"ReadAction\",\"target\":[\"https:\/\/voyage-aventure.com\/blog\/a-la-une\/decouvrez-minorque-lile-des-baleares-a-petits-prix-et-a-la-beaute-preservee\/\"]}]},{\"@type\":\"ImageObject\",\"inLanguage\":\"fr-FR\",\"@id\":\"https:\/\/voyage-aventure.com\/blog\/a-la-une\/decouvrez-minorque-lile-des-baleares-a-petits-prix-et-a-la-beaute-preservee\/#primaryimage\",\"url\":\"https:\/\/voyage-aventure.com\/blog\/wp-content\/uploads\/2025\/02\/stability-decouvrez-minorque-lile-des-baleares-a-petits-prix-et-a-la-beaute-preservee.png\",\"contentUrl\":\"https:\/\/voyage-aventure.com\/blog\/wp-content\/uploads\/2025\/02\/stability-decouvrez-minorque-lile-des-baleares-a-petits-prix-et-a-la-beaute-preservee.png\",\"width\":1024,\"height\":576},{\"@type\":\"WebSite\",\"@id\":\"https:\/\/voyage-aventure.com\/blog\/#website\",\"url\":\"https:\/\/voyage-aventure.com\/blog\/\",\"name\":\"voyage-aventure.com\",\"description\":\"Votre passeport pour l\u2019inattendu.\",\"publisher\":{\"@id\":\"https:\/\/voyage-aventure.com\/blog\/#organization\"},\"alternateName\":\"Votre passeport pour l\u2019inattendu.\",\"potentialAction\":[{\"@type\":\"SearchAction\",\"target\":{\"@type\":\"EntryPoint\",\"urlTemplate\":\"https:\/\/voyage-aventure.com\/blog\/?s={search_term_string}\"},\"query-input\":{\"@type\":\"PropertyValueSpecification\",\"valueRequired\":true,\"valueName\":\"search_term_string\"}}],\"inLanguage\":\"fr-FR\"},{\"@type\":\"Organization\",\"@id\":\"https:\/\/voyage-aventure.com\/blog\/#organization\",\"name\":\"Foretsensations.fr\",\"url\":\"https:\/\/voyage-aventure.com\/blog\/\",\"logo\":{\"@type\":\"ImageObject\",\"inLanguage\":\"fr-FR\",\"@id\":\"https:\/\/voyage-aventure.com\/blog\/#\/schema\/logo\/image\/\",\"url\":\"https:\/\/voyage-aventure.com\/blog\/wp-content\/uploads\/2024\/12\/19.png\",\"contentUrl\":\"https:\/\/voyage-aventure.com\/blog\/wp-content\/uploads\/2024\/12\/19.png\",\"width\":512,\"height\":512,\"caption\":\"Foretsensations.fr\"},\"image\":{\"@id\":\"https:\/\/voyage-aventure.com\/blog\/#\/schema\/logo\/image\/\"}},{\"@type\":\"Person\",\"@id\":\"https:\/\/voyage-aventure.com\/blog\/#\/schema\/person\/3c864cdc320801e3db34b663e7e3f816\",\"name\":\"Camille Rouvray\",\"image\":{\"@type\":\"ImageObject\",\"inLanguage\":\"fr-FR\",\"@id\":\"https:\/\/voyage-aventure.com\/blog\/#\/schema\/person\/image\/\",\"url\":\"https:\/\/voyage-aventure.com\/blog\/wp-content\/uploads\/2026\/06\/persona_camille-r-96x96.jpg\",\"contentUrl\":\"https:\/\/voyage-aventure.com\/blog\/wp-content\/uploads\/2026\/06\/persona_camille-r-96x96.jpg\",\"caption\":\"Camille Rouvray\"},\"description\":\"Je voyage et j'\u00e9cris sur le voyage depuis une douzaine d'ann\u00e9es, d'abord en tant que routarde au long cours, puis comme r\u00e9dactrice sp\u00e9cialis\u00e9e. Mon terrain de pr\u00e9dilection, ce sont les circuits organis\u00e9s et l'art de bien pr\u00e9parer un itin\u00e9raire : choix de la saison, dur\u00e9e r\u00e9aliste des \u00e9tapes, budget jour par jour, logement et transport sur place. J'aime aussi raconter les p\u00e9pites urbaines, ces adresses qu'on ne trouve pas dans les guides classiques. Avant de publier un dossier destination, je croise toujours plusieurs sources, je v\u00e9rifie les tarifs et les formalit\u00e9s d'entr\u00e9e \u00e0 jour, et je teste moi-m\u00eame quand je le peux. Mon angle reste pratique avant tout : aider le lecteur \u00e0 partir l'esprit tranquille, sans mauvaise surprise une fois sur place. Je m'attache \u00e0 distinguer le coup de c\u0153ur sinc\u00e8re du simple argument marketing.\",\"sameAs\":[\"https:\/\/camillerouvray.fr\/\"],\"url\":\"https:\/\/voyage-aventure.com\/blog\/auteur\/noname\/\"}]}<\/script>\n<!-- \/ Yoast SEO Premium plugin. -->","yoast_head_json":{"title":"D\u00e9couvrez Minorque, l'\u00eele des Bal\u00e9ares \u00e0 petits prix et \u00e0","description":"Minorque, cette \u00eele des Bal\u00e9ares, est souvent \u00e9clips\u00e9e par ses voisines plus c\u00e9l\u00e8bres, mais elle a tant \u00e0 offrir. Avec ses plages cristallines, ses","robots":{"index":"index","follow":"follow","max-snippet":"max-snippet:-1","max-image-preview":"max-image-preview:large","max-video-preview":"max-video-preview:-1"},"canonical":"https:\/\/voyage-aventure.com\/blog\/a-la-une\/decouvrez-minorque-lile-des-baleares-a-petits-prix-et-a-la-beaute-preservee\/","og_locale":"fr_FR","og_type":"article","og_title":"D\u00e9couvrez Minorque, l'\u00eele des Bal\u00e9ares \u00e0 petits prix et \u00e0","og_description":"Minorque, cette \u00eele des Bal\u00e9ares, est souvent \u00e9clips\u00e9e par ses voisines plus c\u00e9l\u00e8bres, mais elle a tant \u00e0 offrir. Avec ses plages cristallines, ses","og_url":"https:\/\/voyage-aventure.com\/blog\/a-la-une\/decouvrez-minorque-lile-des-baleares-a-petits-prix-et-a-la-beaute-preservee\/","og_site_name":"voyage-aventure","og_image":[{"width":1024,"height":576,"url":"https:\/\/voyage-aventure.com\/blog\/wp-content\/uploads\/2025\/02\/stability-decouvrez-minorque-lile-des-baleares-a-petits-prix-et-a-la-beaute-preservee.png","type":"image\/png"}],"author":"Camille Rouvray","twitter_card":"summary_large_image","schema":{"@context":"https:\/\/schema.org","@graph":[{"@type":"NewsArticle","@id":"https:\/\/voyage-aventure.com\/blog\/a-la-une\/decouvrez-minorque-lile-des-baleares-a-petits-prix-et-a-la-beaute-preservee\/#article","isPartOf":{"@id":"https:\/\/voyage-aventure.com\/blog\/a-la-une\/decouvrez-minorque-lile-des-baleares-a-petits-prix-et-a-la-beaute-preservee\/"},"author":{"name":"Camille Rouvray","@id":"https:\/\/voyage-aventure.com\/blog\/#\/schema\/person\/3c864cdc320801e3db34b663e7e3f816"},"headline":"D\u00e9couvrez Minorque, l&rsquo;\u00eele des Bal\u00e9ares \u00e0 petits prix et \u00e0 la beaut\u00e9 pr\u00e9serv\u00e9e","datePublished":"2025-02-16T01:01:01+00:00","mainEntityOfPage":{"@id":"https:\/\/voyage-aventure.com\/blog\/a-la-une\/decouvrez-minorque-lile-des-baleares-a-petits-prix-et-a-la-beaute-preservee\/"},"wordCount":631,"commentCount":24,"publisher":{"@id":"https:\/\/voyage-aventure.com\/blog\/#organization"},"image":{"@id":"https:\/\/voyage-aventure.com\/blog\/a-la-une\/decouvrez-minorque-lile-des-baleares-a-petits-prix-et-a-la-beaute-preservee\/#primaryimage"},"thumbnailUrl":"https:\/\/voyage-aventure.com\/blog\/wp-content\/uploads\/2025\/02\/stability-decouvrez-minorque-lile-des-baleares-a-petits-prix-et-a-la-beaute-preservee.png","keywords":["D\u00e9couverte Culturelle","Gastronomie Locale","H\u00e9bergement Abordable","Immersion Culturelle","Voyage \u00c9conomique"],"articleSection":["\u00c0 la une"],"inLanguage":"fr-FR","potentialAction":[{"@type":"CommentAction","name":"Comment","target":["https:\/\/voyage-aventure.com\/blog\/a-la-une\/decouvrez-minorque-lile-des-baleares-a-petits-prix-et-a-la-beaute-preservee\/#respond"]}]},{"@type":"WebPage","@id":"https:\/\/voyage-aventure.com\/blog\/a-la-une\/decouvrez-minorque-lile-des-baleares-a-petits-prix-et-a-la-beaute-preservee\/","url":"https:\/\/voyage-aventure.com\/blog\/a-la-une\/decouvrez-minorque-lile-des-baleares-a-petits-prix-et-a-la-beaute-preservee\/","name":"D\u00e9couvrez Minorque, l'\u00eele des Bal\u00e9ares \u00e0 petits prix et \u00e0","isPartOf":{"@id":"https:\/\/voyage-aventure.com\/blog\/#website"},"primaryImageOfPage":{"@id":"https:\/\/voyage-aventure.com\/blog\/a-la-une\/decouvrez-minorque-lile-des-baleares-a-petits-prix-et-a-la-beaute-preservee\/#primaryimage"},"image":{"@id":"https:\/\/voyage-aventure.com\/blog\/a-la-une\/decouvrez-minorque-lile-des-baleares-a-petits-prix-et-a-la-beaute-preservee\/#primaryimage"},"thumbnailUrl":"https:\/\/voyage-aventure.com\/blog\/wp-content\/uploads\/2025\/02\/stability-decouvrez-minorque-lile-des-baleares-a-petits-prix-et-a-la-beaute-preservee.png","datePublished":"2025-02-16T01:01:01+00:00","description":"Minorque, cette \u00eele des Bal\u00e9ares, est souvent \u00e9clips\u00e9e par ses voisines plus c\u00e9l\u00e8bres, mais elle a tant \u00e0 offrir. Avec ses plages cristallines, ses","inLanguage":"fr-FR","potentialAction":[{"@type":"ReadAction","target":["https:\/\/voyage-aventure.com\/blog\/a-la-une\/decouvrez-minorque-lile-des-baleares-a-petits-prix-et-a-la-beaute-preservee\/"]}]},{"@type":"ImageObject","inLanguage":"fr-FR","@id":"https:\/\/voyage-aventure.com\/blog\/a-la-une\/decouvrez-minorque-lile-des-baleares-a-petits-prix-et-a-la-beaute-preservee\/#primaryimage","url":"https:\/\/voyage-aventure.com\/blog\/wp-content\/uploads\/2025\/02\/stability-decouvrez-minorque-lile-des-baleares-a-petits-prix-et-a-la-beaute-preservee.png","contentUrl":"https:\/\/voyage-aventure.com\/blog\/wp-content\/uploads\/2025\/02\/stability-decouvrez-minorque-lile-des-baleares-a-petits-prix-et-a-la-beaute-preservee.png","width":1024,"height":576},{"@type":"WebSite","@id":"https:\/\/voyage-aventure.com\/blog\/#website","url":"https:\/\/voyage-aventure.com\/blog\/","name":"voyage-aventure.com","description":"Votre passeport pour l\u2019inattendu.","publisher":{"@id":"https:\/\/voyage-aventure.com\/blog\/#organization"},"alternateName":"Votre passeport pour l\u2019inattendu.","potentialAction":[{"@type":"SearchAction","target":{"@type":"EntryPoint","urlTemplate":"https:\/\/voyage-aventure.com\/blog\/?s={search_term_string}"},"query-input":{"@type":"PropertyValueSpecification","valueRequired":true,"valueName":"search_term_string"}}],"inLanguage":"fr-FR"},{"@type":"Organization","@id":"https:\/\/voyage-aventure.com\/blog\/#organization","name":"Foretsensations.fr","url":"https:\/\/voyage-aventure.com\/blog\/","logo":{"@type":"ImageObject","inLanguage":"fr-FR","@id":"https:\/\/voyage-aventure.com\/blog\/#\/schema\/logo\/image\/","url":"https:\/\/voyage-aventure.com\/blog\/wp-content\/uploads\/2024\/12\/19.png","contentUrl":"https:\/\/voyage-aventure.com\/blog\/wp-content\/uploads\/2024\/12\/19.png","width":512,"height":512,"caption":"Foretsensations.fr"},"image":{"@id":"https:\/\/voyage-aventure.com\/blog\/#\/schema\/logo\/image\/"}},{"@type":"Person","@id":"https:\/\/voyage-aventure.com\/blog\/#\/schema\/person\/3c864cdc320801e3db34b663e7e3f816","name":"Camille Rouvray","image":{"@type":"ImageObject","inLanguage":"fr-FR","@id":"https:\/\/voyage-aventure.com\/blog\/#\/schema\/person\/image\/","url":"https:\/\/voyage-aventure.com\/blog\/wp-content\/uploads\/2026\/06\/persona_camille-r-96x96.jpg","contentUrl":"https:\/\/voyage-aventure.com\/blog\/wp-content\/uploads\/2026\/06\/persona_camille-r-96x96.jpg","caption":"Camille Rouvray"},"description":"Je voyage et j'\u00e9cris sur le voyage depuis une douzaine d'ann\u00e9es, d'abord en tant que routarde au long cours, puis comme r\u00e9dactrice sp\u00e9cialis\u00e9e. Mon terrain de pr\u00e9dilection, ce sont les circuits organis\u00e9s et l'art de bien pr\u00e9parer un itin\u00e9raire : choix de la saison, dur\u00e9e r\u00e9aliste des \u00e9tapes, budget jour par jour, logement et transport sur place. J'aime aussi raconter les p\u00e9pites urbaines, ces adresses qu'on ne trouve pas dans les guides classiques. Avant de publier un dossier destination, je croise toujours plusieurs sources, je v\u00e9rifie les tarifs et les formalit\u00e9s d'entr\u00e9e \u00e0 jour, et je teste moi-m\u00eame quand je le peux. Mon angle reste pratique avant tout : aider le lecteur \u00e0 partir l'esprit tranquille, sans mauvaise surprise une fois sur place. Je m'attache \u00e0 distinguer le coup de c\u0153ur sinc\u00e8re du simple argument marketing.","sameAs":["https:\/\/camillerouvray.fr\/"],"url":"https:\/\/voyage-aventure.com\/blog\/auteur\/noname\/"}]}},"_links":{"self":[{"href":"https:\/\/voyage-aventure.com\/blog\/wp-json\/wp\/v2\/posts\/9027","targetHints":{"allow":["GET"]}}],"collection":[{"href":"https:\/\/voyage-aventure.com\/blog\/wp-json\/wp\/v2\/posts"}],"about":[{"href":"https:\/\/voyage-aventure.com\/blog\/wp-json\/wp\/v2\/types\/post"}],"author":[{"embeddable":true,"href":"https:\/\/voyage-aventure.com\/blog\/wp-json\/wp\/v2\/users\/34"}],"replies":[{"embeddable":true,"href":"https:\/\/voyage-aventure.com\/blog\/wp-json\/wp\/v2\/comments?post=9027"}],"version-history":[{"count":1,"href":"https:\/\/voyage-aventure.com\/blog\/wp-json\/wp\/v2\/posts\/9027\/revisions"}],"predecessor-version":[{"id":9030,"href":"https:\/\/voyage-aventure.com\/blog\/wp-json\/wp\/v2\/posts\/9027\/revisions\/9030"}],"wp:featuredmedia":[{"embeddable":true,"href":"https:\/\/voyage-aventure.com\/blog\/wp-json\/wp\/v2\/media\/9028"}],"wp:attachment":[{"href":"https:\/\/voyage-aventure.com\/blog\/wp-json\/wp\/v2\/media?parent=9027"}],"wp:term":[{"taxonomy":"category","embeddable":true,"href":"https:\/\/voyage-aventure.com\/blog\/wp-json\/wp\/v2\/categories?post=9027"},{"taxonomy":"post_tag","embeddable":true,"href":"https:\/\/voyage-aventure.com\/blog\/wp-json\/wp\/v2\/tags?post=9027"}],"curies":[{"name":"wp","href":"https:\/\/api.w.org\/{rel}","templated":true}]}}