{"id":8994,"date":"2026-06-16T16:25:26","date_gmt":"2026-06-16T14:25:26","guid":{"rendered":"https:\/\/voyage-aventure.com\/blog\/?p=8994"},"modified":"2026-06-16T16:25:26","modified_gmt":"2026-06-16T14:25:26","slug":"preparez-vous-des-chutes-de-neige-vendredi-apres-midi-pourraient-perturber-vos-trajets","status":"publish","type":"post","link":"https:\/\/voyage-aventure.com\/blog\/a-la-une\/preparez-vous-des-chutes-de-neige-vendredi-apres-midi-pourraient-perturber-vos-trajets\/","title":{"rendered":"Pr\u00e9parez-vous : des chutes de neige vendredi apr\u00e8s-midi pourraient perturber vos trajets"},"content":{"rendered":"<link rel=\"stylesheet\" href=\"https:\/\/fonts.googleapis.com\/css2?family=Newsreader:ital,opsz,wght@0,6..72,500..700;1,6..72,500..600&#038;family=Inter:wght@400;500;600&#038;family=JetBrains+Mono:wght@500&#038;display=swap\">\n<style>\n.va-news-wrap{font-family:'Inter',-apple-system,BlinkMacSystemFont,sans-serif;color:#1d2733;line-height:1.65;font-size:17px;}\n.va-news-wrap h2{font-family:'Newsreader',Georgia,serif;font-weight:700;font-size:clamp(24px,3.2vw,33px);letter-spacing:-0.01em;color:#10202e;line-height:1.2;margin:48px 0 14px;}\n.va-news-wrap p{margin:0 0 18px;}\n.va-news-kicker{font-family:'JetBrains Mono',monospace;font-size:12px;font-weight:500;letter-spacing:2.5px;text-transform:uppercase;color:#1f6fa8;margin-bottom:10px;}\n.va-news-lead{font-family:'Newsreader',Georgia,serif;font-size:20px;line-height:1.5;color:#27384a;font-style:italic;border-left:4px solid #1f6fa8;padding:4px 0 4px 20px;margin:0 0 28px;}\n.va-news-essentiel{background:#f0f6fb;border:1px solid #d3e4f1;border-left:5px solid #1f6fa8;border-radius:0 8px 8px 0;padding:22px 26px 24px;margin:28px 0;box-shadow:0 1px 2px rgba(16,32,46,.05),0 14px 30px -20px rgba(16,32,46,.25);}\n.va-news-essentiel .va-news-h{font-family:'JetBrains Mono',monospace;font-size:11px;font-weight:500;letter-spacing:2.5px;text-transform:uppercase;color:#1f6fa8;margin-bottom:16px;}\n.va-news-essentiel ul{margin:0;padding:0;list-style:none;}\n.va-news-essentiel li{display:flex;gap:13px;align-items:flex-start;padding:9px 0;border-bottom:1px solid #dceaf4;font-size:15.5px;line-height:1.55;color:#23323f;}\n.va-news-essentiel li:last-child{border-bottom:none;}\n.va-news-essentiel li b{color:#10202e;}\n.va-news-tag{flex:0 0 auto;font-family:'JetBrains Mono',monospace;font-size:10px;font-weight:500;letter-spacing:1px;text-transform:uppercase;background:#1f6fa8;color:#fff;border-radius:4px;padding:4px 9px;margin-top:1px;}\n.va-news-grid{display:grid;grid-template-columns:repeat(auto-fit,minmax(220px,1fr));gap:14px;margin:26px 0;}\n.va-news-card{background:#fff;border:1px solid #dde6ee;border-top:3px solid #1f6fa8;border-radius:7px;padding:18px 20px 16px;transition:.25s ease;}\n.va-news-card:hover{transform:translateY(-3px);box-shadow:0 1px 2px rgba(16,32,46,.06),0 16px 32px -18px rgba(16,32,46,.28);}\n.va-news-card h3{font-family:'Newsreader',Georgia,serif;margin:0 0 7px;font-size:18px;font-weight:600;color:#10202e;}\n.va-news-card .va-news-txt{font-size:14px;line-height:1.55;color:#46566a;}\n.va-news-card .va-news-fig{font-family:'JetBrains Mono',monospace;font-size:22px;font-weight:500;color:#1f6fa8;letter-spacing:-0.02em;display:block;margin-bottom:6px;}\n.va-news-note{background:#fff8e8;border-left:4px solid #d89a1a;border-radius:0 5px 5px 0;padding:15px 19px;margin:22px 0;}\n.va-news-note .va-news-h{display:inline-block;font-family:'JetBrains Mono',monospace;color:#8a630a;font-size:11px;text-transform:uppercase;letter-spacing:1.5px;font-weight:500;margin-right:9px;}\n.va-news-note span{font-size:15px;line-height:1.55;color:#3a3a3a;}\n.va-news-check{background:#f7faf8;border:1px solid #cfe4d6;border-top:4px solid #2a7d52;border-radius:5px;padding:20px 22px;margin:26px 0;}\n.va-news-check h3{font-family:'JetBrains Mono',monospace;margin:0 0 13px;font-size:12px;font-weight:500;text-transform:uppercase;letter-spacing:1.8px;color:#1d5a3a;}\n.va-news-check ul{margin:0;padding:0;list-style:none;}\n.va-news-check li{display:flex;gap:11px;align-items:flex-start;padding:7px 0;font-size:15px;line-height:1.5;color:#23323f;border-bottom:1px solid #e3ede6;}\n.va-news-check li:last-child{border-bottom:none;}\n.va-news-check li span:first-child{color:#2a7d52;font-weight:700;flex:0 0 14px;}\n.va-news-quote{margin:38px auto;padding:26px 24px;text-align:center;border-top:1px solid #10202e;border-bottom:1px solid #10202e;max-width:660px;position:relative;}\n.va-news-quote .va-news-qm{position:absolute;top:-22px;left:50%;transform:translateX(-50%);background:#fff;padding:0 14px;font-family:'Newsreader',Georgia,serif;font-size:50px;line-height:1;color:#1f6fa8;}\n.va-news-quote blockquote{margin:0;padding:0;font-family:'Newsreader',Georgia,serif;font-size:24px;line-height:1.45;font-style:italic;color:#10202e;}\n.va-news-retenir{background:#10202e;border-radius:9px;padding:24px 28px 26px;margin:34px 0;}\n.va-news-retenir .va-news-h{font-family:'JetBrains Mono',monospace;font-size:11px;font-weight:500;letter-spacing:2.5px;text-transform:uppercase;color:#6fb4e0;margin-bottom:15px;}\n.va-news-retenir ul{margin:0;padding:0;list-style:none;display:grid;gap:9px;}\n.va-news-retenir li{display:flex;gap:12px;align-items:flex-start;font-size:15px;line-height:1.5;color:#e6eef5;}\n.va-news-retenir li span:first-child{flex:0 0 24px;width:24px;height:24px;background:#1f6fa8;color:#fff;border-radius:50%;display:inline-flex;align-items:center;justify-content:center;font-family:'JetBrains Mono',monospace;font-size:12px;font-weight:500;}\n.va-news-faq{margin:34px 0;}\n.va-news-faq h2{margin-bottom:14px;}\n.va-news-faq .va-news-acc{border-top:1px solid #d6dee7;}\n.va-news-faq details{border-bottom:1px solid #d6dee7;}\n.va-news-faq summary{cursor:pointer;padding:16px 0;font-family:'Newsreader',Georgia,serif;font-size:18px;font-weight:600;color:#10202e;list-style:none;display:flex;justify-content:space-between;align-items:center;gap:14px;}\n.va-news-faq summary::-webkit-details-marker{display:none;}\n.va-news-faq summary .va-news-plus{font-size:22px;font-weight:400;color:#1f6fa8;line-height:1;}\n.va-news-faq details[open] summary .va-news-plus{transform:rotate(45deg);}\n.va-news-faq .va-news-ans{padding:0 0 16px;font-size:15.5px;line-height:1.7;color:#46566a;}\n.va-news-wrap img{max-width:100%;height:auto;border-radius:8px;margin:26px 0;}\n@media(max-width:640px){.va-news-lead{font-size:18px;}}\n\/*RENDERFIX2*\/.va-news-tag{color:#eef3f9!important}.va-news-tag p,.va-news-tag li,.va-news-tag strong,.va-news-tag em,.va-news-tag a,.va-news-tag span,.va-news-tag b,.va-news-tag td,.va-news-tag th,.va-news-tag h2,.va-news-tag h3,.va-news-tag h4{color:#eef3f9!important}.va-news-tag strong,.va-news-tag b{color:#ffffff!important}.va-news-retenir{color:#eef3f9!important}.va-news-retenir p,.va-news-retenir li,.va-news-retenir strong,.va-news-retenir em,.va-news-retenir a,.va-news-retenir span,.va-news-retenir b,.va-news-retenir td,.va-news-retenir th,.va-news-retenir h2,.va-news-retenir h3,.va-news-retenir h4{color:#eef3f9!important}.va-news-retenir strong,.va-news-retenir b{color:#ffffff!important}.va-news-retenir li span:first-child{color:#eef3f9!important}.va-news-retenir li span:first-child p,.va-news-retenir li span:first-child li,.va-news-retenir li span:first-child strong,.va-news-retenir li span:first-child em,.va-news-retenir li span:first-child a,.va-news-retenir li span:first-child span,.va-news-retenir li span:first-child b,.va-news-retenir li span:first-child td,.va-news-retenir li span:first-child th,.va-news-retenir li span:first-child h2,.va-news-retenir li span:first-child h3,.va-news-retenir li span:first-child h4{color:#eef3f9!important}.va-news-retenir li span:first-child strong,.va-news-retenir li span:first-child b{color:#ffffff!important}<\/style>\n<div class=\"va-news-wrap\">\n<div class=\"va-news-kicker\">Alerte m\u00e9t\u00e9o \u00b7 Trajets<\/div>\n<p class=\"va-news-lead\">Des chutes de neige sont attendues d\u00e8s le vendredi apr\u00e8s-midi et menacent de perturber la circulation, notamment aux heures de pointe du soir. Voici ce que disent les pr\u00e9visions et comment adapter vos d\u00e9placements.<\/p>\n<div class=\"va-news-essentiel\">\n<div class=\"va-news-h\">L&rsquo;essentiel<\/div>\n<ul>\n<li><span class=\"va-news-tag\">Quoi<\/span><span><b>Chutes de neige<\/b> se d\u00e9veloppant vendredi apr\u00e8s-midi, avec des impacts attendus sur la circulation aux heures de pointe du soir.<\/span><\/li>\n<li><span class=\"va-news-tag\">O\u00f9<\/span><span>Accumulations les plus fortes le long de la <b>North Shore<\/b> et dans le <b>nord-ouest du Wisconsin<\/b> : <b>5 \u00e0 10 cm<\/b>, sous des maximales d&rsquo;\u00e0 peine <b>-10&nbsp;\u00b0C<\/b>.<\/span><\/li>\n<li><span class=\"va-news-tag\">Suite<\/span><span>Diminution de la neige \u00e0 partir de <b>22&nbsp;heures<\/b>, puis un <b>week-end froid et venteux<\/b> avec de nouvelles averses samedi et dimanche.<\/span><\/li>\n<\/ul>\n<\/div>\n<h2>Des conditions m\u00e9t\u00e9orologiques changeantes pr\u00e9vues<\/h2>\n<p>Le vendredi, la journ\u00e9e s&rsquo;annoncera nuageuse avec des chutes de neige qui commenceront \u00e0 se d\u00e9velopper dans l&rsquo;apr\u00e8s-midi. Ces pr\u00e9cipitations devraient engendrer des impacts sur la circulation, notamment pendant les heures de pointe du soir. \u00c0 partir de 22 heures, la neige devrait diminuer, laissant place \u00e0 quelques flocons r\u00e9siduels tout au long de la nuit.<\/p>\n<p>Les pr\u00e9visions indiquent que les accumulations de neige seront les plus importantes le long de la North Shore et dans le nord-ouest du Wisconsin, o\u00f9 on s&rsquo;attend \u00e0 des niveaux de 5 \u00e0 10 centim\u00e8tres. Les temp\u00e9ratures resteront froides, avec des maximales atteignant \u00e0 peine les -10 \u00b0C, accompagn\u00e9es de vents mod\u00e9r\u00e9s soufflant du sud \u00e0 une vitesse de 8 \u00e0 16 km\/h.<\/p>\n<div class=\"va-news-grid\">\n<div class=\"va-news-card\">\n    <span class=\"va-news-fig\">5\u201310 cm<\/span><\/p>\n<h3>North Shore &amp; Wisconsin<\/h3>\n<div class=\"va-news-txt\">Les accumulations les plus marqu\u00e9es de l&rsquo;\u00e9pisode, l\u00e0 o\u00f9 la prudence routi\u00e8re s&rsquo;impose le plus.<\/div>\n<\/p><\/div>\n<div class=\"va-news-card\">\n    <span class=\"va-news-fig\">-10 \u00b0C<\/span><\/p>\n<h3>Maximales du vendredi<\/h3>\n<div class=\"va-news-txt\">Des temp\u00e9ratures qui restent froides, accompagn\u00e9es de vents du sud de 8 \u00e0 16 km\/h.<\/div>\n<\/p><\/div>\n<div class=\"va-news-card\">\n    <span class=\"va-news-fig\">22 h<\/span><\/p>\n<h3>Accalmie attendue<\/h3>\n<div class=\"va-news-txt\">La neige devrait diminuer en soir\u00e9e, ne laissant que quelques flocons r\u00e9siduels durant la nuit.<\/div>\n<\/p><\/div>\n<\/div>\n<p><iframe loading=\"lazy\" title=\"Faits sur la neige qui vous laisseront glac\u00e9\" width=\"1200\" height=\"675\" src=\"https:\/\/www.youtube.com\/embed\/5OQZ8faJLHA?feature=oembed\" frameborder=\"0\" allow=\"accelerometer; autoplay; clipboard-write; encrypted-media; gyroscope; picture-in-picture; web-share\" referrerpolicy=\"strict-origin-when-cross-origin\" allowfullscreen><\/iframe><\/p>\n<h2>Pr\u00e9parer ses d\u00e9placements et sa s\u00e9curit\u00e9<\/h2>\n<p>Avec l&rsquo;arriv\u00e9e de ces chutes de neige, il est crucial de planifier vos d\u00e9placements en cons\u00e9quence. Les routes risquent d&rsquo;\u00eatre glissantes et la visibilit\u00e9 pourrait \u00eatre r\u00e9duite pendant les p\u00e9riodes de neige intense. Il est conseill\u00e9 d&rsquo;adapter votre vitesse et de garder une distance de s\u00e9curit\u00e9 accrue avec les autres v\u00e9hicules.<\/p>\n<div class=\"va-news-note\">\n  <span class=\"va-news-h\">\u00c0 pr\u00e9voir<\/span><br \/>\n  <span>Les heures de pointe du soir de vendredi sont les plus expos\u00e9es : anticipez votre d\u00e9part et privil\u00e9giez les axes d\u00e9gag\u00e9s si vous le pouvez.<\/span>\n<\/div>\n<p>Pour garantir votre s\u00e9curit\u00e9 ainsi que celle des autres usagers, voici quelques conseils utiles :<\/p>\n<div class=\"va-news-check\">\n<h3>\u2713 Avant de prendre la route<\/h3>\n<ul>\n<li><span>\u2713<\/span><span>V\u00e9rifiez les conditions routi\u00e8res avant de partir.<\/span><\/li>\n<li><span>\u2713<\/span><span>\u00c9quipez votre v\u00e9hicule de pneus adapt\u00e9s aux conditions hivernales.<\/span><\/li>\n<li><span>\u2713<\/span><span>Gardez une trousse d&rsquo;urgence dans votre voiture.<\/span><\/li>\n<li><span>\u2713<\/span><span>Assurez-vous que votre r\u00e9servoir de carburant est plein.<\/span><\/li>\n<li><span>\u2713<\/span><span>Informez un proche de votre itin\u00e9raire et de votre heure d&rsquo;arriv\u00e9e pr\u00e9vue.<\/span><\/li>\n<\/ul>\n<\/div>\n<h2>Un week-end sous le signe du froid<\/h2>\n<p>Le lendemain, samedi, les vents devraient se renforcer avec une direction est-nord-est, atteignant des vitesses de 16 \u00e0 24 km\/h. Cela pourrait engendrer des averses de neige suppl\u00e9mentaires, notamment le long de la North Shore et dans les Twin Ports. Les accumulations de neige seront l\u00e9g\u00e8res, ne d\u00e9passant pas 2,5 centim\u00e8tres.<\/p>\n<p>Dimanche, une nouvelle vague de froid est attendue, avec des temp\u00e9ratures qui pourraient descendre jusqu&rsquo;aux chiffres n\u00e9gatifs. Le ciel partiellement nuageux et les vents du nord-ouest \u00e0 16-32 km\/h contribueront \u00e0 une sensation de froid intense. Les conditions m\u00e9t\u00e9orologiques peuvent rendre les activit\u00e9s de plein air moins attrayantes, donc restez au chaud et pr\u00e9parez-vous \u00e0 un temps hivernal rigoureux.<\/p>\n<div class=\"va-news-quote\">\n  <span class=\"va-news-qm\" aria-hidden=\"true\">\u00ab<\/span><\/p>\n<blockquote><p>La s\u00e9curit\u00e9 est la priorit\u00e9 lors de conditions m\u00e9t\u00e9orologiques difficiles. Ne laissez pas la neige vous prendre au d\u00e9pourvu.<\/p><\/blockquote>\n<\/div>\n<p>Les prochains jours s&rsquo;annoncent donc comme un v\u00e9ritable d\u00e9fi pour les usagers de la route. Il est essentiel de suivre les mises \u00e0 jour m\u00e9t\u00e9orologiques et de rester vigilant. En prenant des pr\u00e9cautions, vous pouvez minimiser les risques et assurer votre s\u00e9curit\u00e9 durant cette p\u00e9riode de neige.<img decoding=\"async\" width=\"1024\" height=\"576\" src=\"https:\/\/voyage-aventure.com\/blog\/wp-content\/uploads\/2025\/02\/stability-preparez-vous-des-chutes-de-neige-vendredi-apres-midi-pourraient-perturber-vos-trajets-1.png\" class=\"aligncenter\" alt=\"Illustration d\u00e9taill\u00e9e sur Pr\u00e9parez-vous : des chutes de neige vendredi apr\u00e8s-midi pourraient perturber vos trajets\" title=\"Pr\u00e9parez-vous : des chutes de neige vendredi apr\u00e8s-midi pourraient perturber vos trajets\" loading=\"lazy\" \/><\/p>\n<div class=\"va-news-retenir\">\n<div class=\"va-news-h\">\u00c0 retenir<\/div>\n<ul>\n<li><span>1<\/span><span>La neige se d\u00e9veloppe vendredi apr\u00e8s-midi et perturbe surtout les heures de pointe du soir.<\/span><\/li>\n<li><span>2<\/span><span>5 \u00e0 10 cm attendus sur la North Shore et le nord-ouest du Wisconsin, sous des maximales de -10 \u00b0C.<\/span><\/li>\n<li><span>3<\/span><span>Accalmie progressive \u00e0 partir de 22 heures, avec des flocons r\u00e9siduels la nuit.<\/span><\/li>\n<li><span>4<\/span><span>Week-end froid : averses l\u00e9g\u00e8res samedi (\u2264 2,5 cm) et vague de froid dimanche.<\/span><\/li>\n<li><span>5<\/span><span>Adaptez vitesse, distances et \u00e9quipement hivernal, et suivez les mises \u00e0 jour m\u00e9t\u00e9o.<\/span><\/li>\n<\/ul>\n<\/div>\n<section class=\"va-news-faq\">\n<h2>Questions fr\u00e9quentes<\/h2>\n<div class=\"va-news-acc\">\n<details>\n<summary><span>Quand la neige doit-elle commencer et finir ?<\/span><span class=\"va-news-plus\" aria-hidden=\"true\">+<\/span><\/summary>\n<div class=\"va-news-ans\">Les chutes de neige se d\u00e9veloppent dans l&rsquo;apr\u00e8s-midi du vendredi. Elles devraient diminuer \u00e0 partir de 22 heures, laissant place \u00e0 quelques flocons r\u00e9siduels tout au long de la nuit.<\/div>\n<\/details>\n<details>\n<summary><span>Quelles zones sont les plus touch\u00e9es ?<\/span><span class=\"va-news-plus\" aria-hidden=\"true\">+<\/span><\/summary>\n<div class=\"va-news-ans\">Les accumulations seront les plus importantes le long de la North Shore et dans le nord-ouest du Wisconsin, avec des niveaux attendus de 5 \u00e0 10 centim\u00e8tres.<\/div>\n<\/details>\n<details>\n<summary><span>Comment s\u00e9curiser ses trajets pendant l&rsquo;\u00e9pisode ?<\/span><span class=\"va-news-plus\" aria-hidden=\"true\">+<\/span><\/summary>\n<div class=\"va-news-ans\">V\u00e9rifiez les conditions routi\u00e8res avant de partir, \u00e9quipez votre v\u00e9hicule de pneus hivernaux, gardez une trousse d&rsquo;urgence, faites le plein de carburant et pr\u00e9venez un proche de votre itin\u00e9raire. Adaptez votre vitesse et augmentez les distances de s\u00e9curit\u00e9.<\/div>\n<\/details>\n<details>\n<summary><span>Le froid se prolonge-t-il sur le week-end ?<\/span><span class=\"va-news-plus\" aria-hidden=\"true\">+<\/span><\/summary>\n<div class=\"va-news-ans\">Oui. Samedi, des averses l\u00e9g\u00e8res (jusqu&rsquo;\u00e0 2,5 cm) sont possibles avec des vents est-nord-est de 16 \u00e0 24 km\/h. Dimanche, une nouvelle vague de froid est attendue, avec des temp\u00e9ratures pouvant descendre sous z\u00e9ro et des vents du nord-ouest de 16 \u00e0 32 km\/h.<\/div>\n<\/details><\/div>\n<\/section>\n<\/div>\n","protected":false},"excerpt":{"rendered":"","protected":false},"author":34,"featured_media":8995,"comment_status":"open","ping_status":"open","sticky":false,"template":"","format":"standard","meta":{"_acf_changed":false,"manual_indexmenow":false,"indexmenow_id_project":0,"footnotes":""},"categories":[1],"tags":[4542,3726,4713,3170,4635],"class_list":["post-8994","post","type-post","status-publish","format-standard","has-post-thumbnail","hentry","category-a-la-une","tag-activites-de-plein-air","tag-conditions-meteorologiques","tag-preparation","tag-securite","tag-voyage","generate-columns","tablet-grid-50","mobile-grid-100","grid-parent","grid-25"],"acf":[],"yoast_head":"<!-- This site is optimized with the Yoast SEO Premium plugin v21.3 (Yoast SEO v25.1) - https:\/\/yoast.com\/wordpress\/plugins\/seo\/ -->\n<title>Pr\u00e9parez-vous : des chutes de neige vendredi apr\u00e8s-midi<\/title>\n<meta name=\"description\" content=\"Des chutes de neige sont attendues d\u00e8s le vendredi apr\u00e8s-midi et menacent de perturber la circulation, notamment aux heures de pointe du soir. Voici ce\" \/>\n<meta name=\"robots\" content=\"index, follow, max-snippet:-1, max-image-preview:large, max-video-preview:-1\" \/>\n<link rel=\"canonical\" href=\"https:\/\/voyage-aventure.com\/blog\/a-la-une\/preparez-vous-des-chutes-de-neige-vendredi-apres-midi-pourraient-perturber-vos-trajets\/\" \/>\n<meta property=\"og:locale\" content=\"fr_FR\" \/>\n<meta property=\"og:type\" content=\"article\" \/>\n<meta property=\"og:title\" content=\"Pr\u00e9parez-vous : des chutes de neige vendredi apr\u00e8s-midi\" \/>\n<meta property=\"og:description\" content=\"Des chutes de neige sont attendues d\u00e8s le vendredi apr\u00e8s-midi et menacent de perturber la circulation, notamment aux heures de pointe du soir. Voici ce\" \/>\n<meta property=\"og:url\" content=\"https:\/\/voyage-aventure.com\/blog\/a-la-une\/preparez-vous-des-chutes-de-neige-vendredi-apres-midi-pourraient-perturber-vos-trajets\/\" \/>\n<meta property=\"og:site_name\" content=\"voyage-aventure\" \/>\n<meta property=\"og:image\" content=\"https:\/\/voyage-aventure.com\/blog\/wp-content\/uploads\/2025\/02\/stability-preparez-vous-des-chutes-de-neige-vendredi-apres-midi-pourraient-perturber-vos-trajets.png\" \/>\n\t<meta property=\"og:image:width\" content=\"1024\" \/>\n\t<meta property=\"og:image:height\" content=\"576\" \/>\n\t<meta property=\"og:image:type\" content=\"image\/png\" \/>\n<meta name=\"author\" content=\"Camille Rouvray\" \/>\n<meta name=\"twitter:card\" content=\"summary_large_image\" \/>\n<script type=\"application\/ld+json\" class=\"yoast-schema-graph\">{\"@context\":\"https:\/\/schema.org\",\"@graph\":[{\"@type\":\"NewsArticle\",\"@id\":\"https:\/\/voyage-aventure.com\/blog\/a-la-une\/preparez-vous-des-chutes-de-neige-vendredi-apres-midi-pourraient-perturber-vos-trajets\/#article\",\"isPartOf\":{\"@id\":\"https:\/\/voyage-aventure.com\/blog\/a-la-une\/preparez-vous-des-chutes-de-neige-vendredi-apres-midi-pourraient-perturber-vos-trajets\/\"},\"author\":{\"name\":\"Camille Rouvray\",\"@id\":\"https:\/\/voyage-aventure.com\/blog\/#\/schema\/person\/3c864cdc320801e3db34b663e7e3f816\"},\"headline\":\"Pr\u00e9parez-vous : des chutes de neige vendredi apr\u00e8s-midi pourraient perturber vos trajets\",\"datePublished\":\"2026-06-16T14:25:26+00:00\",\"mainEntityOfPage\":{\"@id\":\"https:\/\/voyage-aventure.com\/blog\/a-la-une\/preparez-vous-des-chutes-de-neige-vendredi-apres-midi-pourraient-perturber-vos-trajets\/\"},\"wordCount\":952,\"commentCount\":23,\"publisher\":{\"@id\":\"https:\/\/voyage-aventure.com\/blog\/#organization\"},\"image\":{\"@id\":\"https:\/\/voyage-aventure.com\/blog\/a-la-une\/preparez-vous-des-chutes-de-neige-vendredi-apres-midi-pourraient-perturber-vos-trajets\/#primaryimage\"},\"thumbnailUrl\":\"https:\/\/voyage-aventure.com\/blog\/wp-content\/uploads\/2025\/02\/stability-preparez-vous-des-chutes-de-neige-vendredi-apres-midi-pourraient-perturber-vos-trajets.png\",\"keywords\":[\"Activit\u00e9s de Plein Air\",\"Conditions M\u00e9t\u00e9orologiques\",\"Pr\u00e9paration\",\"S\u00e9curit\u00e9\",\"Voyage\"],\"articleSection\":[\"\u00c0 la une\"],\"inLanguage\":\"fr-FR\",\"potentialAction\":[{\"@type\":\"CommentAction\",\"name\":\"Comment\",\"target\":[\"https:\/\/voyage-aventure.com\/blog\/a-la-une\/preparez-vous-des-chutes-de-neige-vendredi-apres-midi-pourraient-perturber-vos-trajets\/#respond\"]}]},{\"@type\":\"WebPage\",\"@id\":\"https:\/\/voyage-aventure.com\/blog\/a-la-une\/preparez-vous-des-chutes-de-neige-vendredi-apres-midi-pourraient-perturber-vos-trajets\/\",\"url\":\"https:\/\/voyage-aventure.com\/blog\/a-la-une\/preparez-vous-des-chutes-de-neige-vendredi-apres-midi-pourraient-perturber-vos-trajets\/\",\"name\":\"Pr\u00e9parez-vous : des chutes de neige vendredi apr\u00e8s-midi\",\"isPartOf\":{\"@id\":\"https:\/\/voyage-aventure.com\/blog\/#website\"},\"primaryImageOfPage\":{\"@id\":\"https:\/\/voyage-aventure.com\/blog\/a-la-une\/preparez-vous-des-chutes-de-neige-vendredi-apres-midi-pourraient-perturber-vos-trajets\/#primaryimage\"},\"image\":{\"@id\":\"https:\/\/voyage-aventure.com\/blog\/a-la-une\/preparez-vous-des-chutes-de-neige-vendredi-apres-midi-pourraient-perturber-vos-trajets\/#primaryimage\"},\"thumbnailUrl\":\"https:\/\/voyage-aventure.com\/blog\/wp-content\/uploads\/2025\/02\/stability-preparez-vous-des-chutes-de-neige-vendredi-apres-midi-pourraient-perturber-vos-trajets.png\",\"datePublished\":\"2026-06-16T14:25:26+00:00\",\"description\":\"Des chutes de neige sont attendues d\u00e8s le vendredi apr\u00e8s-midi et menacent de perturber la circulation, notamment aux heures de pointe du soir. Voici ce\",\"inLanguage\":\"fr-FR\",\"potentialAction\":[{\"@type\":\"ReadAction\",\"target\":[\"https:\/\/voyage-aventure.com\/blog\/a-la-une\/preparez-vous-des-chutes-de-neige-vendredi-apres-midi-pourraient-perturber-vos-trajets\/\"]}]},{\"@type\":\"ImageObject\",\"inLanguage\":\"fr-FR\",\"@id\":\"https:\/\/voyage-aventure.com\/blog\/a-la-une\/preparez-vous-des-chutes-de-neige-vendredi-apres-midi-pourraient-perturber-vos-trajets\/#primaryimage\",\"url\":\"https:\/\/voyage-aventure.com\/blog\/wp-content\/uploads\/2025\/02\/stability-preparez-vous-des-chutes-de-neige-vendredi-apres-midi-pourraient-perturber-vos-trajets.png\",\"contentUrl\":\"https:\/\/voyage-aventure.com\/blog\/wp-content\/uploads\/2025\/02\/stability-preparez-vous-des-chutes-de-neige-vendredi-apres-midi-pourraient-perturber-vos-trajets.png\",\"width\":1024,\"height\":576},{\"@type\":\"WebSite\",\"@id\":\"https:\/\/voyage-aventure.com\/blog\/#website\",\"url\":\"https:\/\/voyage-aventure.com\/blog\/\",\"name\":\"voyage-aventure.com\",\"description\":\"Votre passeport pour l\u2019inattendu.\",\"publisher\":{\"@id\":\"https:\/\/voyage-aventure.com\/blog\/#organization\"},\"alternateName\":\"Votre passeport pour l\u2019inattendu.\",\"potentialAction\":[{\"@type\":\"SearchAction\",\"target\":{\"@type\":\"EntryPoint\",\"urlTemplate\":\"https:\/\/voyage-aventure.com\/blog\/?s={search_term_string}\"},\"query-input\":{\"@type\":\"PropertyValueSpecification\",\"valueRequired\":true,\"valueName\":\"search_term_string\"}}],\"inLanguage\":\"fr-FR\"},{\"@type\":\"Organization\",\"@id\":\"https:\/\/voyage-aventure.com\/blog\/#organization\",\"name\":\"Foretsensations.fr\",\"url\":\"https:\/\/voyage-aventure.com\/blog\/\",\"logo\":{\"@type\":\"ImageObject\",\"inLanguage\":\"fr-FR\",\"@id\":\"https:\/\/voyage-aventure.com\/blog\/#\/schema\/logo\/image\/\",\"url\":\"https:\/\/voyage-aventure.com\/blog\/wp-content\/uploads\/2024\/12\/19.png\",\"contentUrl\":\"https:\/\/voyage-aventure.com\/blog\/wp-content\/uploads\/2024\/12\/19.png\",\"width\":512,\"height\":512,\"caption\":\"Foretsensations.fr\"},\"image\":{\"@id\":\"https:\/\/voyage-aventure.com\/blog\/#\/schema\/logo\/image\/\"}},{\"@type\":\"Person\",\"@id\":\"https:\/\/voyage-aventure.com\/blog\/#\/schema\/person\/3c864cdc320801e3db34b663e7e3f816\",\"name\":\"Camille Rouvray\",\"image\":{\"@type\":\"ImageObject\",\"inLanguage\":\"fr-FR\",\"@id\":\"https:\/\/voyage-aventure.com\/blog\/#\/schema\/person\/image\/\",\"url\":\"https:\/\/voyage-aventure.com\/blog\/wp-content\/uploads\/2026\/06\/persona_camille-r-96x96.jpg\",\"contentUrl\":\"https:\/\/voyage-aventure.com\/blog\/wp-content\/uploads\/2026\/06\/persona_camille-r-96x96.jpg\",\"caption\":\"Camille Rouvray\"},\"description\":\"Je voyage et j'\u00e9cris sur le voyage depuis une douzaine d'ann\u00e9es, d'abord en tant que routarde au long cours, puis comme r\u00e9dactrice sp\u00e9cialis\u00e9e. Mon terrain de pr\u00e9dilection, ce sont les circuits organis\u00e9s et l'art de bien pr\u00e9parer un itin\u00e9raire : choix de la saison, dur\u00e9e r\u00e9aliste des \u00e9tapes, budget jour par jour, logement et transport sur place. J'aime aussi raconter les p\u00e9pites urbaines, ces adresses qu'on ne trouve pas dans les guides classiques. Avant de publier un dossier destination, je croise toujours plusieurs sources, je v\u00e9rifie les tarifs et les formalit\u00e9s d'entr\u00e9e \u00e0 jour, et je teste moi-m\u00eame quand je le peux. Mon angle reste pratique avant tout : aider le lecteur \u00e0 partir l'esprit tranquille, sans mauvaise surprise une fois sur place. Je m'attache \u00e0 distinguer le coup de c\u0153ur sinc\u00e8re du simple argument marketing.\",\"sameAs\":[\"https:\/\/camillerouvray.fr\/\"],\"url\":\"https:\/\/voyage-aventure.com\/blog\/auteur\/noname\/\"}]}<\/script>\n<!-- \/ Yoast SEO Premium plugin. -->","yoast_head_json":{"title":"Pr\u00e9parez-vous : des chutes de neige vendredi apr\u00e8s-midi","description":"Des chutes de neige sont attendues d\u00e8s le vendredi apr\u00e8s-midi et menacent de perturber la circulation, notamment aux heures de pointe du soir. Voici ce","robots":{"index":"index","follow":"follow","max-snippet":"max-snippet:-1","max-image-preview":"max-image-preview:large","max-video-preview":"max-video-preview:-1"},"canonical":"https:\/\/voyage-aventure.com\/blog\/a-la-une\/preparez-vous-des-chutes-de-neige-vendredi-apres-midi-pourraient-perturber-vos-trajets\/","og_locale":"fr_FR","og_type":"article","og_title":"Pr\u00e9parez-vous : des chutes de neige vendredi apr\u00e8s-midi","og_description":"Des chutes de neige sont attendues d\u00e8s le vendredi apr\u00e8s-midi et menacent de perturber la circulation, notamment aux heures de pointe du soir. Voici ce","og_url":"https:\/\/voyage-aventure.com\/blog\/a-la-une\/preparez-vous-des-chutes-de-neige-vendredi-apres-midi-pourraient-perturber-vos-trajets\/","og_site_name":"voyage-aventure","og_image":[{"width":1024,"height":576,"url":"https:\/\/voyage-aventure.com\/blog\/wp-content\/uploads\/2025\/02\/stability-preparez-vous-des-chutes-de-neige-vendredi-apres-midi-pourraient-perturber-vos-trajets.png","type":"image\/png"}],"author":"Camille Rouvray","twitter_card":"summary_large_image","schema":{"@context":"https:\/\/schema.org","@graph":[{"@type":"NewsArticle","@id":"https:\/\/voyage-aventure.com\/blog\/a-la-une\/preparez-vous-des-chutes-de-neige-vendredi-apres-midi-pourraient-perturber-vos-trajets\/#article","isPartOf":{"@id":"https:\/\/voyage-aventure.com\/blog\/a-la-une\/preparez-vous-des-chutes-de-neige-vendredi-apres-midi-pourraient-perturber-vos-trajets\/"},"author":{"name":"Camille Rouvray","@id":"https:\/\/voyage-aventure.com\/blog\/#\/schema\/person\/3c864cdc320801e3db34b663e7e3f816"},"headline":"Pr\u00e9parez-vous : des chutes de neige vendredi apr\u00e8s-midi pourraient perturber vos trajets","datePublished":"2026-06-16T14:25:26+00:00","mainEntityOfPage":{"@id":"https:\/\/voyage-aventure.com\/blog\/a-la-une\/preparez-vous-des-chutes-de-neige-vendredi-apres-midi-pourraient-perturber-vos-trajets\/"},"wordCount":952,"commentCount":23,"publisher":{"@id":"https:\/\/voyage-aventure.com\/blog\/#organization"},"image":{"@id":"https:\/\/voyage-aventure.com\/blog\/a-la-une\/preparez-vous-des-chutes-de-neige-vendredi-apres-midi-pourraient-perturber-vos-trajets\/#primaryimage"},"thumbnailUrl":"https:\/\/voyage-aventure.com\/blog\/wp-content\/uploads\/2025\/02\/stability-preparez-vous-des-chutes-de-neige-vendredi-apres-midi-pourraient-perturber-vos-trajets.png","keywords":["Activit\u00e9s de Plein Air","Conditions M\u00e9t\u00e9orologiques","Pr\u00e9paration","S\u00e9curit\u00e9","Voyage"],"articleSection":["\u00c0 la une"],"inLanguage":"fr-FR","potentialAction":[{"@type":"CommentAction","name":"Comment","target":["https:\/\/voyage-aventure.com\/blog\/a-la-une\/preparez-vous-des-chutes-de-neige-vendredi-apres-midi-pourraient-perturber-vos-trajets\/#respond"]}]},{"@type":"WebPage","@id":"https:\/\/voyage-aventure.com\/blog\/a-la-une\/preparez-vous-des-chutes-de-neige-vendredi-apres-midi-pourraient-perturber-vos-trajets\/","url":"https:\/\/voyage-aventure.com\/blog\/a-la-une\/preparez-vous-des-chutes-de-neige-vendredi-apres-midi-pourraient-perturber-vos-trajets\/","name":"Pr\u00e9parez-vous : des chutes de neige vendredi apr\u00e8s-midi","isPartOf":{"@id":"https:\/\/voyage-aventure.com\/blog\/#website"},"primaryImageOfPage":{"@id":"https:\/\/voyage-aventure.com\/blog\/a-la-une\/preparez-vous-des-chutes-de-neige-vendredi-apres-midi-pourraient-perturber-vos-trajets\/#primaryimage"},"image":{"@id":"https:\/\/voyage-aventure.com\/blog\/a-la-une\/preparez-vous-des-chutes-de-neige-vendredi-apres-midi-pourraient-perturber-vos-trajets\/#primaryimage"},"thumbnailUrl":"https:\/\/voyage-aventure.com\/blog\/wp-content\/uploads\/2025\/02\/stability-preparez-vous-des-chutes-de-neige-vendredi-apres-midi-pourraient-perturber-vos-trajets.png","datePublished":"2026-06-16T14:25:26+00:00","description":"Des chutes de neige sont attendues d\u00e8s le vendredi apr\u00e8s-midi et menacent de perturber la circulation, notamment aux heures de pointe du soir. Voici ce","inLanguage":"fr-FR","potentialAction":[{"@type":"ReadAction","target":["https:\/\/voyage-aventure.com\/blog\/a-la-une\/preparez-vous-des-chutes-de-neige-vendredi-apres-midi-pourraient-perturber-vos-trajets\/"]}]},{"@type":"ImageObject","inLanguage":"fr-FR","@id":"https:\/\/voyage-aventure.com\/blog\/a-la-une\/preparez-vous-des-chutes-de-neige-vendredi-apres-midi-pourraient-perturber-vos-trajets\/#primaryimage","url":"https:\/\/voyage-aventure.com\/blog\/wp-content\/uploads\/2025\/02\/stability-preparez-vous-des-chutes-de-neige-vendredi-apres-midi-pourraient-perturber-vos-trajets.png","contentUrl":"https:\/\/voyage-aventure.com\/blog\/wp-content\/uploads\/2025\/02\/stability-preparez-vous-des-chutes-de-neige-vendredi-apres-midi-pourraient-perturber-vos-trajets.png","width":1024,"height":576},{"@type":"WebSite","@id":"https:\/\/voyage-aventure.com\/blog\/#website","url":"https:\/\/voyage-aventure.com\/blog\/","name":"voyage-aventure.com","description":"Votre passeport pour l\u2019inattendu.","publisher":{"@id":"https:\/\/voyage-aventure.com\/blog\/#organization"},"alternateName":"Votre passeport pour l\u2019inattendu.","potentialAction":[{"@type":"SearchAction","target":{"@type":"EntryPoint","urlTemplate":"https:\/\/voyage-aventure.com\/blog\/?s={search_term_string}"},"query-input":{"@type":"PropertyValueSpecification","valueRequired":true,"valueName":"search_term_string"}}],"inLanguage":"fr-FR"},{"@type":"Organization","@id":"https:\/\/voyage-aventure.com\/blog\/#organization","name":"Foretsensations.fr","url":"https:\/\/voyage-aventure.com\/blog\/","logo":{"@type":"ImageObject","inLanguage":"fr-FR","@id":"https:\/\/voyage-aventure.com\/blog\/#\/schema\/logo\/image\/","url":"https:\/\/voyage-aventure.com\/blog\/wp-content\/uploads\/2024\/12\/19.png","contentUrl":"https:\/\/voyage-aventure.com\/blog\/wp-content\/uploads\/2024\/12\/19.png","width":512,"height":512,"caption":"Foretsensations.fr"},"image":{"@id":"https:\/\/voyage-aventure.com\/blog\/#\/schema\/logo\/image\/"}},{"@type":"Person","@id":"https:\/\/voyage-aventure.com\/blog\/#\/schema\/person\/3c864cdc320801e3db34b663e7e3f816","name":"Camille Rouvray","image":{"@type":"ImageObject","inLanguage":"fr-FR","@id":"https:\/\/voyage-aventure.com\/blog\/#\/schema\/person\/image\/","url":"https:\/\/voyage-aventure.com\/blog\/wp-content\/uploads\/2026\/06\/persona_camille-r-96x96.jpg","contentUrl":"https:\/\/voyage-aventure.com\/blog\/wp-content\/uploads\/2026\/06\/persona_camille-r-96x96.jpg","caption":"Camille Rouvray"},"description":"Je voyage et j'\u00e9cris sur le voyage depuis une douzaine d'ann\u00e9es, d'abord en tant que routarde au long cours, puis comme r\u00e9dactrice sp\u00e9cialis\u00e9e. Mon terrain de pr\u00e9dilection, ce sont les circuits organis\u00e9s et l'art de bien pr\u00e9parer un itin\u00e9raire : choix de la saison, dur\u00e9e r\u00e9aliste des \u00e9tapes, budget jour par jour, logement et transport sur place. J'aime aussi raconter les p\u00e9pites urbaines, ces adresses qu'on ne trouve pas dans les guides classiques. Avant de publier un dossier destination, je croise toujours plusieurs sources, je v\u00e9rifie les tarifs et les formalit\u00e9s d'entr\u00e9e \u00e0 jour, et je teste moi-m\u00eame quand je le peux. Mon angle reste pratique avant tout : aider le lecteur \u00e0 partir l'esprit tranquille, sans mauvaise surprise une fois sur place. Je m'attache \u00e0 distinguer le coup de c\u0153ur sinc\u00e8re du simple argument marketing.","sameAs":["https:\/\/camillerouvray.fr\/"],"url":"https:\/\/voyage-aventure.com\/blog\/auteur\/noname\/"}]}},"_links":{"self":[{"href":"https:\/\/voyage-aventure.com\/blog\/wp-json\/wp\/v2\/posts\/8994","targetHints":{"allow":["GET"]}}],"collection":[{"href":"https:\/\/voyage-aventure.com\/blog\/wp-json\/wp\/v2\/posts"}],"about":[{"href":"https:\/\/voyage-aventure.com\/blog\/wp-json\/wp\/v2\/types\/post"}],"author":[{"embeddable":true,"href":"https:\/\/voyage-aventure.com\/blog\/wp-json\/wp\/v2\/users\/34"}],"replies":[{"embeddable":true,"href":"https:\/\/voyage-aventure.com\/blog\/wp-json\/wp\/v2\/comments?post=8994"}],"version-history":[{"count":3,"href":"https:\/\/voyage-aventure.com\/blog\/wp-json\/wp\/v2\/posts\/8994\/revisions"}],"predecessor-version":[{"id":22510,"href":"https:\/\/voyage-aventure.com\/blog\/wp-json\/wp\/v2\/posts\/8994\/revisions\/22510"}],"wp:featuredmedia":[{"embeddable":true,"href":"https:\/\/voyage-aventure.com\/blog\/wp-json\/wp\/v2\/media\/8995"}],"wp:attachment":[{"href":"https:\/\/voyage-aventure.com\/blog\/wp-json\/wp\/v2\/media?parent=8994"}],"wp:term":[{"taxonomy":"category","embeddable":true,"href":"https:\/\/voyage-aventure.com\/blog\/wp-json\/wp\/v2\/categories?post=8994"},{"taxonomy":"post_tag","embeddable":true,"href":"https:\/\/voyage-aventure.com\/blog\/wp-json\/wp\/v2\/tags?post=8994"}],"curies":[{"name":"wp","href":"https:\/\/api.w.org\/{rel}","templated":true}]}}