{"id":8910,"date":"2026-06-16T16:24:39","date_gmt":"2026-06-16T14:24:39","guid":{"rendered":"https:\/\/voyage-aventure.com\/blog\/?p=8910"},"modified":"2026-06-16T16:24:39","modified_gmt":"2026-06-16T14:24:39","slug":"retour-de-la-neige-cet-apres-midi-preparez-vous-a-des-impacts-sur-la-circulation","status":"publish","type":"post","link":"https:\/\/voyage-aventure.com\/blog\/a-la-une\/retour-de-la-neige-cet-apres-midi-preparez-vous-a-des-impacts-sur-la-circulation\/","title":{"rendered":"Retour de la neige cet apr\u00e8s-midi : pr\u00e9parez-vous \u00e0 des impacts sur la circulation"},"content":{"rendered":"<link rel=\"preconnect\" href=\"https:\/\/fonts.googleapis.com\"><link rel=\"preconnect\" href=\"https:\/\/fonts.gstatic.com\" crossorigin><link href=\"https:\/\/fonts.googleapis.com\/css2?family=Newsreader:ital,opsz,wght@0,6..72,500;0,6..72,600;0,6..72,700;1,6..72,500&#038;family=Inter:wght@400;500;600&#038;family=JetBrains+Mono:wght@500&#038;display=swap\" rel=\"stylesheet\">\n<style>\n.van-news{--ink:#15212b;--accent:#1f6f8b;--accent-d:#16505f;--surf:#f3f7f9;--line:#dde6ea;font-family:\"Inter\",system-ui,sans-serif;color:var(--ink);line-height:1.65;font-size:17px}\n.van-news h2{font-family:\"Newsreader\",\"Newsreader\",Georgia,serif;font-weight:700;letter-spacing:-.01em;line-height:1.18;font-size:clamp(24px,3.2vw,33px);margin:48px 0 14px}\n.van-news p{margin:0 0 18px}\n.van-news .van-dateline{font-family:\"JetBrains Mono\",ui-monospace,monospace;font-weight:500;font-size:12px;letter-spacing:.08em;text-transform:uppercase;color:var(--accent-d);margin:0 0 14px;display:flex;align-items:center;gap:10px}\n.van-news .van-dateline:before{content:\"\";width:26px;height:2px;background:var(--accent);display:inline-block}\n.van-news .van-chapo{font-family:\"Newsreader\",Georgia,serif;font-weight:500;font-size:clamp(19px,2.3vw,22px);line-height:1.45;color:#26333d;margin:0 0 30px}\n.van-news .van-ess{background:var(--surf);border-left:5px solid var(--accent);border-radius:0 12px 12px 0;padding:22px 26px;margin:0 0 34px;box-shadow:0 1px 2px rgba(16,24,40,.05),0 12px 28px -16px rgba(16,24,40,.18)}\n.van-news .van-ess .van-essh{font-family:\"JetBrains Mono\",monospace;font-weight:500;font-size:12px;letter-spacing:.1em;text-transform:uppercase;color:var(--accent-d);margin-bottom:14px}\n.van-news .van-ess ul{margin:0;padding:0;list-style:none;display:grid;gap:12px}\n.van-news .van-ess li{display:grid;grid-template-columns:108px 1fr;gap:14px;align-items:baseline}\n.van-news .van-ess .van-k{font-family:\"JetBrains Mono\",monospace;font-size:12px;font-weight:500;letter-spacing:.04em;text-transform:uppercase;color:var(--accent-d)}\n.van-news .van-ess .van-v{color:var(--ink)}\n.van-news .van-checks{list-style:none;margin:8px 0 6px;padding:0;display:grid;gap:12px}\n.van-news .van-checks li{position:relative;padding-left:34px;line-height:1.55}\n.van-news .van-checks li:before{content:\"\u2713\";position:absolute;left:0;top:-1px;width:22px;height:22px;border-radius:6px;background:var(--surf);color:var(--accent-d);font-weight:700;display:grid;place-items:center;font-size:13px;border:1px solid var(--line)}\n.van-news .van-pull{border-top:2px solid var(--accent);border-bottom:1px solid var(--line);margin:38px 0;padding:24px 0 22px}\n.van-news .van-pull .van-q{font-family:\"Newsreader\",Georgia,serif;font-style:italic;font-weight:500;font-size:clamp(21px,2.6vw,26px);line-height:1.4;color:#1c2a34}\n.van-news .van-pull .van-cite{font-family:\"JetBrains Mono\",monospace;font-size:12px;letter-spacing:.06em;text-transform:uppercase;color:var(--accent-d);margin-top:12px}\n.van-news details{border:1px solid var(--line);border-radius:10px;padding:0;margin:14px 0;overflow:hidden;transition:.25s ease;background:#fff}\n.van-news details:hover{border-color:var(--accent);transform:translateY(-2px);box-shadow:0 10px 24px -16px rgba(16,24,40,.3)}\n.van-news details summary{cursor:pointer;list-style:none;padding:16px 20px;font-family:\"Newsreader\",Georgia,serif;font-weight:600;font-size:18px;color:var(--ink);display:flex;justify-content:space-between;gap:14px;align-items:center}\n.van-news details summary::-webkit-details-marker{display:none}\n.van-news details summary:after{content:\"+\";font-family:\"JetBrains Mono\",monospace;color:var(--accent-d);font-size:20px;transition:.25s}\n.van-news details[open] summary:after{transform:rotate(45deg)}\n.van-news details .van-a{padding:0 20px 18px;color:#33424d;line-height:1.6}\n.van-news .van-note{font-size:14px;color:#5a6b75;border-top:1px solid var(--line);margin-top:40px;padding-top:18px;font-style:italic}\n@media(max-width:560px){.van-news .van-ess li{grid-template-columns:1fr;gap:3px}}\n<\/style>\n<div class=\"van-news\">\n<div class=\"van-dateline\">Bulletin m\u00e9t\u00e9o \u00b7 Vendredi 14 f\u00e9vrier 2025<\/div>\n<p class=\"van-chapo\">La neige tomb\u00e9e la nuit derni\u00e8re a rendu plusieurs routes glissantes, et de nouvelles chutes sont attendues cet apr\u00e8s-midi : les d\u00e9placements de fin de journ\u00e9e s&rsquo;annoncent compliqu\u00e9s, notamment au centre-ouest du Montana.<\/p>\n<div class=\"van-ess\">\n<div class=\"van-essh\">L&rsquo;essentiel<\/div>\n<ul>\n<li><span class=\"van-k\">Quoi<\/span><span class=\"van-v\">Retour de la neige avec routes glissantes et chutes mod\u00e9r\u00e9es attendues l&rsquo;apr\u00e8s-midi et la soir\u00e9e.<\/span><\/li>\n<li><span class=\"van-k\">Quand \u00b7 o\u00f9<\/span><span class=\"van-v\">Avis de temp\u00eate hivernale du vendredi apr\u00e8s-midi au samedi matin (Big Belt, Bridger) ; avis hivernal sur Missoula et la Bitterroot.<\/span><\/li>\n<li><span class=\"van-k\">Impact<\/span><span class=\"van-v\">Conditions de circulation difficiles : retards possibles sur les trajets de retour de ce soir.<\/span><\/li>\n<\/ul>\n<\/div>\n<h2>Retour de la neige : ce que vous devez savoir<\/h2>\n<p>La neige qui est tomb\u00e9e hier soir a rendu certaines routes glissantes, en particulier dans les vall\u00e9es et les cols. Ce matin, des conditions de circulation difficiles ont \u00e9t\u00e9 signal\u00e9es, rendant prudent tout d\u00e9placement. Au cours de l&rsquo;apr\u00e8s-midi et de la soir\u00e9e, des chutes de neige mod\u00e9r\u00e9es sont attendues, notamment au centre-ouest du Montana.<\/p>\n<p>Les pr\u00e9visions indiquent que ces chutes de neige pourraient perturber votre trajet de retour. Les automobilistes doivent \u00eatre attentifs et pr\u00eats \u00e0 faire face \u00e0 des conditions m\u00e9t\u00e9orologiques changeantes. Il est essentiel de rester inform\u00e9 des mises \u00e0 jour sur la m\u00e9t\u00e9o pour \u00e9viter les d\u00e9sagr\u00e9ments.<\/p>\n<p><iframe loading=\"lazy\" title=\"Elle \u00c9tait Coinc\u00e9e Donc Ce Policier L&#039;aide\" width=\"1200\" height=\"675\" src=\"https:\/\/www.youtube.com\/embed\/_1jo43b2wIY?feature=oembed\" frameborder=\"0\" allow=\"accelerometer; autoplay; clipboard-write; encrypted-media; gyroscope; picture-in-picture; web-share\" referrerpolicy=\"strict-origin-when-cross-origin\" allowfullscreen><\/iframe><\/p>\n<h2>Alertes de temp\u00eate hivernale en vigueur<\/h2>\n<p>Un avis de temp\u00eate hivernale est en vigueur de l&rsquo;apr\u00e8s-midi de vendredi jusqu&rsquo;au matin de samedi pour plusieurs zones, dont les montagnes Big Belt et Bridger. Les accumulations de neige devraient varier entre 4 et 8 pouces dans les basses altitudes, tandis que les montagnes pourraient recevoir jusqu&rsquo;\u00e0 11 pouces de neige. Ces chutes de neige sont susceptibles de cr\u00e9er des conditions dangereuses sur les routes.<\/p>\n<p>Parall\u00e8lement, un avis de conditions hivernales a \u00e9t\u00e9 \u00e9mis pour plusieurs r\u00e9gions, y compris les vall\u00e9es de Missoula et Bitterroot. Ces alertes indiquent une probabilit\u00e9 d&rsquo;impacts mineurs \u00e0 mod\u00e9r\u00e9s, avec des pr\u00e9cautions \u00e0 prendre pour \u00e9viter des situations ind\u00e9sirables. Les automobilistes doivent se pr\u00e9parer \u00e0 des conditions de circulation d\u00e9licates en raison de la neige pr\u00e9vue.<\/p>\n<div class=\"van-pull\">\n<div class=\"van-q\">\u00ab&nbsp;Les conditions hivernales peuvent changer rapidement, il est donc crucial de rester vigilant et inform\u00e9.&nbsp;\u00bb<\/div>\n<div class=\"van-cite\">M\u00e9t\u00e9orologue local<\/div>\n<\/div>\n<h2>Pr\u00e9parez-vous pour les d\u00e9placements en hiver<\/h2>\n<p>Avant de prendre la route, il est sage de v\u00e9rifier les conditions m\u00e9t\u00e9orologiques et de s&rsquo;assurer que votre v\u00e9hicule est pr\u00eat pour l&rsquo;hiver. Assurez-vous d&rsquo;avoir des pneus adapt\u00e9s et un kit d&rsquo;urgence \u00e0 bord en cas de besoin. Voici quelques r\u00e9flexes pratiques pour voyager en toute s\u00e9curit\u00e9 sous la neige :<\/p>\n<ul class=\"van-checks\">\n<li>V\u00e9rifiez les pr\u00e9visions m\u00e9t\u00e9orologiques et les alertes locales.<\/li>\n<li>\u00c9quipez votre v\u00e9hicule de pneus d&rsquo;hiver.<\/li>\n<li>Gardez un kit d&rsquo;urgence incluant couvertures, nourriture et eau.<\/li>\n<li>Adoptez une conduite prudente et r\u00e9duisez votre vitesse.<\/li>\n<li>Restez inform\u00e9 des fermetures de routes et des conditions de circulation.<\/li>\n<\/ul>\n<p>Les chutes de neige pr\u00e9vues pourraient provoquer des retards importants pour ceux qui rentrent chez eux ce soir. Il est important de planifier vos trajets en cons\u00e9quence et de donner la priorit\u00e9 \u00e0 votre s\u00e9curit\u00e9. N&rsquo;h\u00e9sitez pas \u00e0 ajuster vos horaires si n\u00e9cessaire pour \u00e9viter les pires conditions sur la route.<\/p>\n<p>La m\u00e9t\u00e9o hivernale exige une pr\u00e9paration ad\u00e9quate et une vigilance constante. En suivant ces conseils, vous pouvez minimiser les risques et vous assurer un trajet plus s\u00fbr malgr\u00e9 les d\u00e9fis pos\u00e9s par la neige. Restez au courant des mises \u00e0 jour et prenez les pr\u00e9cautions n\u00e9cessaires pour naviguer en toute s\u00e9curit\u00e9 \u00e0 travers les conditions hivernales.<\/p>\n<h2>Questions fr\u00e9quentes<\/h2>\n<details>\n<summary>Quelles zones sont concern\u00e9es par l&rsquo;avis de temp\u00eate hivernale&nbsp;?<\/summary>\n<div class=\"van-a\">L&rsquo;avis couvre plusieurs zones du vendredi apr\u00e8s-midi au samedi matin, dont les montagnes Big Belt et Bridger. Un avis de conditions hivernales vise par ailleurs les vall\u00e9es de Missoula et de la Bitterroot.<\/div>\n<\/details>\n<details>\n<summary>Quelles accumulations de neige sont attendues&nbsp;?<\/summary>\n<div class=\"van-a\">Entre 4 et 8 pouces dans les basses altitudes, et jusqu&rsquo;\u00e0 11 pouces sur les zones de montagne.<\/div>\n<\/details>\n<details>\n<summary>Comment limiter les risques sur la route&nbsp;?<\/summary>\n<div class=\"van-a\">\u00c9quipez le v\u00e9hicule de pneus d&rsquo;hiver, emportez un kit d&rsquo;urgence (couvertures, nourriture, eau), r\u00e9duisez votre vitesse et surveillez les fermetures de routes ainsi que les alertes locales.<\/div>\n<\/details>\n<div class=\"van-note\">Bulletin dat\u00e9 du 14 f\u00e9vrier 2025 : les conditions m\u00e9t\u00e9orologiques et les alertes mentionn\u00e9es correspondent \u00e0 cette journ\u00e9e. V\u00e9rifiez toujours les pr\u00e9visions et alertes officielles en vigueur avant tout d\u00e9placement.<\/div>\n<\/div>\n","protected":false},"excerpt":{"rendered":"","protected":false},"author":34,"featured_media":12465,"comment_status":"open","ping_status":"open","sticky":false,"template":"","format":"standard","meta":{"_acf_changed":false,"manual_indexmenow":false,"indexmenow_id_project":0,"footnotes":""},"categories":[1],"tags":[4542,3726,4713,3170,4635],"class_list":["post-8910","post","type-post","status-publish","format-standard","has-post-thumbnail","hentry","category-a-la-une","tag-activites-de-plein-air","tag-conditions-meteorologiques","tag-preparation","tag-securite","tag-voyage","generate-columns","tablet-grid-50","mobile-grid-100","grid-parent","grid-25"],"acf":[],"yoast_head":"<!-- This site is optimized with the Yoast SEO Premium plugin v21.3 (Yoast SEO v25.1) - https:\/\/yoast.com\/wordpress\/plugins\/seo\/ -->\n<title>Retour de la neige cet apr\u00e8s-midi : pr\u00e9parez-vous \u00e0 des<\/title>\n<meta name=\"description\" content=\"La neige tomb\u00e9e la nuit derni\u00e8re a rendu plusieurs routes glissantes, et de nouvelles chutes sont attendues cet apr\u00e8s-midi : les d\u00e9placements de fin de\" \/>\n<meta name=\"robots\" content=\"index, follow, max-snippet:-1, max-image-preview:large, max-video-preview:-1\" \/>\n<link rel=\"canonical\" href=\"https:\/\/voyage-aventure.com\/blog\/a-la-une\/retour-de-la-neige-cet-apres-midi-preparez-vous-a-des-impacts-sur-la-circulation\/\" \/>\n<meta property=\"og:locale\" content=\"fr_FR\" \/>\n<meta property=\"og:type\" content=\"article\" \/>\n<meta property=\"og:title\" content=\"Retour de la neige cet apr\u00e8s-midi : pr\u00e9parez-vous \u00e0 des\" \/>\n<meta property=\"og:description\" content=\"La neige tomb\u00e9e la nuit derni\u00e8re a rendu plusieurs routes glissantes, et de nouvelles chutes sont attendues cet apr\u00e8s-midi : les d\u00e9placements de fin de\" \/>\n<meta property=\"og:url\" content=\"https:\/\/voyage-aventure.com\/blog\/a-la-une\/retour-de-la-neige-cet-apres-midi-preparez-vous-a-des-impacts-sur-la-circulation\/\" \/>\n<meta property=\"og:site_name\" content=\"voyage-aventure\" \/>\n<meta property=\"og:image\" content=\"https:\/\/voyage-aventure.com\/blog\/wp-content\/uploads\/2025\/02\/sdxl-c3388aa40b631fa6adc8bebaa97c12ca.png\" \/>\n\t<meta property=\"og:image:width\" content=\"1536\" \/>\n\t<meta property=\"og:image:height\" content=\"640\" \/>\n\t<meta property=\"og:image:type\" content=\"image\/png\" \/>\n<meta name=\"author\" content=\"Camille Rouvray\" \/>\n<meta name=\"twitter:card\" content=\"summary_large_image\" \/>\n<script type=\"application\/ld+json\" class=\"yoast-schema-graph\">{\"@context\":\"https:\/\/schema.org\",\"@graph\":[{\"@type\":\"NewsArticle\",\"@id\":\"https:\/\/voyage-aventure.com\/blog\/a-la-une\/retour-de-la-neige-cet-apres-midi-preparez-vous-a-des-impacts-sur-la-circulation\/#article\",\"isPartOf\":{\"@id\":\"https:\/\/voyage-aventure.com\/blog\/a-la-une\/retour-de-la-neige-cet-apres-midi-preparez-vous-a-des-impacts-sur-la-circulation\/\"},\"author\":{\"name\":\"Camille Rouvray\",\"@id\":\"https:\/\/voyage-aventure.com\/blog\/#\/schema\/person\/3c864cdc320801e3db34b663e7e3f816\"},\"headline\":\"Retour de la neige cet apr\u00e8s-midi : pr\u00e9parez-vous \u00e0 des impacts sur la circulation\",\"datePublished\":\"2026-06-16T14:24:39+00:00\",\"mainEntityOfPage\":{\"@id\":\"https:\/\/voyage-aventure.com\/blog\/a-la-une\/retour-de-la-neige-cet-apres-midi-preparez-vous-a-des-impacts-sur-la-circulation\/\"},\"wordCount\":796,\"commentCount\":27,\"publisher\":{\"@id\":\"https:\/\/voyage-aventure.com\/blog\/#organization\"},\"image\":{\"@id\":\"https:\/\/voyage-aventure.com\/blog\/a-la-une\/retour-de-la-neige-cet-apres-midi-preparez-vous-a-des-impacts-sur-la-circulation\/#primaryimage\"},\"thumbnailUrl\":\"https:\/\/voyage-aventure.com\/blog\/wp-content\/uploads\/2025\/02\/sdxl-c3388aa40b631fa6adc8bebaa97c12ca.png\",\"keywords\":[\"Activit\u00e9s de Plein Air\",\"Conditions M\u00e9t\u00e9orologiques\",\"Pr\u00e9paration\",\"S\u00e9curit\u00e9\",\"Voyage\"],\"articleSection\":[\"\u00c0 la une\"],\"inLanguage\":\"fr-FR\",\"potentialAction\":[{\"@type\":\"CommentAction\",\"name\":\"Comment\",\"target\":[\"https:\/\/voyage-aventure.com\/blog\/a-la-une\/retour-de-la-neige-cet-apres-midi-preparez-vous-a-des-impacts-sur-la-circulation\/#respond\"]}]},{\"@type\":\"WebPage\",\"@id\":\"https:\/\/voyage-aventure.com\/blog\/a-la-une\/retour-de-la-neige-cet-apres-midi-preparez-vous-a-des-impacts-sur-la-circulation\/\",\"url\":\"https:\/\/voyage-aventure.com\/blog\/a-la-une\/retour-de-la-neige-cet-apres-midi-preparez-vous-a-des-impacts-sur-la-circulation\/\",\"name\":\"Retour de la neige cet apr\u00e8s-midi : pr\u00e9parez-vous \u00e0 des\",\"isPartOf\":{\"@id\":\"https:\/\/voyage-aventure.com\/blog\/#website\"},\"primaryImageOfPage\":{\"@id\":\"https:\/\/voyage-aventure.com\/blog\/a-la-une\/retour-de-la-neige-cet-apres-midi-preparez-vous-a-des-impacts-sur-la-circulation\/#primaryimage\"},\"image\":{\"@id\":\"https:\/\/voyage-aventure.com\/blog\/a-la-une\/retour-de-la-neige-cet-apres-midi-preparez-vous-a-des-impacts-sur-la-circulation\/#primaryimage\"},\"thumbnailUrl\":\"https:\/\/voyage-aventure.com\/blog\/wp-content\/uploads\/2025\/02\/sdxl-c3388aa40b631fa6adc8bebaa97c12ca.png\",\"datePublished\":\"2026-06-16T14:24:39+00:00\",\"description\":\"La neige tomb\u00e9e la nuit derni\u00e8re a rendu plusieurs routes glissantes, et de nouvelles chutes sont attendues cet apr\u00e8s-midi : les d\u00e9placements de fin de\",\"inLanguage\":\"fr-FR\",\"potentialAction\":[{\"@type\":\"ReadAction\",\"target\":[\"https:\/\/voyage-aventure.com\/blog\/a-la-une\/retour-de-la-neige-cet-apres-midi-preparez-vous-a-des-impacts-sur-la-circulation\/\"]}]},{\"@type\":\"ImageObject\",\"inLanguage\":\"fr-FR\",\"@id\":\"https:\/\/voyage-aventure.com\/blog\/a-la-une\/retour-de-la-neige-cet-apres-midi-preparez-vous-a-des-impacts-sur-la-circulation\/#primaryimage\",\"url\":\"https:\/\/voyage-aventure.com\/blog\/wp-content\/uploads\/2025\/02\/sdxl-c3388aa40b631fa6adc8bebaa97c12ca.png\",\"contentUrl\":\"https:\/\/voyage-aventure.com\/blog\/wp-content\/uploads\/2025\/02\/sdxl-c3388aa40b631fa6adc8bebaa97c12ca.png\",\"width\":1536,\"height\":640},{\"@type\":\"WebSite\",\"@id\":\"https:\/\/voyage-aventure.com\/blog\/#website\",\"url\":\"https:\/\/voyage-aventure.com\/blog\/\",\"name\":\"voyage-aventure.com\",\"description\":\"Votre passeport pour l\u2019inattendu.\",\"publisher\":{\"@id\":\"https:\/\/voyage-aventure.com\/blog\/#organization\"},\"alternateName\":\"Votre passeport pour l\u2019inattendu.\",\"potentialAction\":[{\"@type\":\"SearchAction\",\"target\":{\"@type\":\"EntryPoint\",\"urlTemplate\":\"https:\/\/voyage-aventure.com\/blog\/?s={search_term_string}\"},\"query-input\":{\"@type\":\"PropertyValueSpecification\",\"valueRequired\":true,\"valueName\":\"search_term_string\"}}],\"inLanguage\":\"fr-FR\"},{\"@type\":\"Organization\",\"@id\":\"https:\/\/voyage-aventure.com\/blog\/#organization\",\"name\":\"Foretsensations.fr\",\"url\":\"https:\/\/voyage-aventure.com\/blog\/\",\"logo\":{\"@type\":\"ImageObject\",\"inLanguage\":\"fr-FR\",\"@id\":\"https:\/\/voyage-aventure.com\/blog\/#\/schema\/logo\/image\/\",\"url\":\"https:\/\/voyage-aventure.com\/blog\/wp-content\/uploads\/2024\/12\/19.png\",\"contentUrl\":\"https:\/\/voyage-aventure.com\/blog\/wp-content\/uploads\/2024\/12\/19.png\",\"width\":512,\"height\":512,\"caption\":\"Foretsensations.fr\"},\"image\":{\"@id\":\"https:\/\/voyage-aventure.com\/blog\/#\/schema\/logo\/image\/\"}},{\"@type\":\"Person\",\"@id\":\"https:\/\/voyage-aventure.com\/blog\/#\/schema\/person\/3c864cdc320801e3db34b663e7e3f816\",\"name\":\"Camille Rouvray\",\"image\":{\"@type\":\"ImageObject\",\"inLanguage\":\"fr-FR\",\"@id\":\"https:\/\/voyage-aventure.com\/blog\/#\/schema\/person\/image\/\",\"url\":\"https:\/\/voyage-aventure.com\/blog\/wp-content\/uploads\/2026\/06\/persona_camille-r-96x96.jpg\",\"contentUrl\":\"https:\/\/voyage-aventure.com\/blog\/wp-content\/uploads\/2026\/06\/persona_camille-r-96x96.jpg\",\"caption\":\"Camille Rouvray\"},\"description\":\"Je voyage et j'\u00e9cris sur le voyage depuis une douzaine d'ann\u00e9es, d'abord en tant que routarde au long cours, puis comme r\u00e9dactrice sp\u00e9cialis\u00e9e. Mon terrain de pr\u00e9dilection, ce sont les circuits organis\u00e9s et l'art de bien pr\u00e9parer un itin\u00e9raire : choix de la saison, dur\u00e9e r\u00e9aliste des \u00e9tapes, budget jour par jour, logement et transport sur place. J'aime aussi raconter les p\u00e9pites urbaines, ces adresses qu'on ne trouve pas dans les guides classiques. Avant de publier un dossier destination, je croise toujours plusieurs sources, je v\u00e9rifie les tarifs et les formalit\u00e9s d'entr\u00e9e \u00e0 jour, et je teste moi-m\u00eame quand je le peux. Mon angle reste pratique avant tout : aider le lecteur \u00e0 partir l'esprit tranquille, sans mauvaise surprise une fois sur place. Je m'attache \u00e0 distinguer le coup de c\u0153ur sinc\u00e8re du simple argument marketing.\",\"sameAs\":[\"https:\/\/camillerouvray.fr\/\"],\"url\":\"https:\/\/voyage-aventure.com\/blog\/auteur\/noname\/\"}]}<\/script>\n<!-- \/ Yoast SEO Premium plugin. -->","yoast_head_json":{"title":"Retour de la neige cet apr\u00e8s-midi : pr\u00e9parez-vous \u00e0 des","description":"La neige tomb\u00e9e la nuit derni\u00e8re a rendu plusieurs routes glissantes, et de nouvelles chutes sont attendues cet apr\u00e8s-midi : les d\u00e9placements de fin de","robots":{"index":"index","follow":"follow","max-snippet":"max-snippet:-1","max-image-preview":"max-image-preview:large","max-video-preview":"max-video-preview:-1"},"canonical":"https:\/\/voyage-aventure.com\/blog\/a-la-une\/retour-de-la-neige-cet-apres-midi-preparez-vous-a-des-impacts-sur-la-circulation\/","og_locale":"fr_FR","og_type":"article","og_title":"Retour de la neige cet apr\u00e8s-midi : pr\u00e9parez-vous \u00e0 des","og_description":"La neige tomb\u00e9e la nuit derni\u00e8re a rendu plusieurs routes glissantes, et de nouvelles chutes sont attendues cet apr\u00e8s-midi : les d\u00e9placements de fin de","og_url":"https:\/\/voyage-aventure.com\/blog\/a-la-une\/retour-de-la-neige-cet-apres-midi-preparez-vous-a-des-impacts-sur-la-circulation\/","og_site_name":"voyage-aventure","og_image":[{"width":1536,"height":640,"url":"https:\/\/voyage-aventure.com\/blog\/wp-content\/uploads\/2025\/02\/sdxl-c3388aa40b631fa6adc8bebaa97c12ca.png","type":"image\/png"}],"author":"Camille Rouvray","twitter_card":"summary_large_image","schema":{"@context":"https:\/\/schema.org","@graph":[{"@type":"NewsArticle","@id":"https:\/\/voyage-aventure.com\/blog\/a-la-une\/retour-de-la-neige-cet-apres-midi-preparez-vous-a-des-impacts-sur-la-circulation\/#article","isPartOf":{"@id":"https:\/\/voyage-aventure.com\/blog\/a-la-une\/retour-de-la-neige-cet-apres-midi-preparez-vous-a-des-impacts-sur-la-circulation\/"},"author":{"name":"Camille Rouvray","@id":"https:\/\/voyage-aventure.com\/blog\/#\/schema\/person\/3c864cdc320801e3db34b663e7e3f816"},"headline":"Retour de la neige cet apr\u00e8s-midi : pr\u00e9parez-vous \u00e0 des impacts sur la circulation","datePublished":"2026-06-16T14:24:39+00:00","mainEntityOfPage":{"@id":"https:\/\/voyage-aventure.com\/blog\/a-la-une\/retour-de-la-neige-cet-apres-midi-preparez-vous-a-des-impacts-sur-la-circulation\/"},"wordCount":796,"commentCount":27,"publisher":{"@id":"https:\/\/voyage-aventure.com\/blog\/#organization"},"image":{"@id":"https:\/\/voyage-aventure.com\/blog\/a-la-une\/retour-de-la-neige-cet-apres-midi-preparez-vous-a-des-impacts-sur-la-circulation\/#primaryimage"},"thumbnailUrl":"https:\/\/voyage-aventure.com\/blog\/wp-content\/uploads\/2025\/02\/sdxl-c3388aa40b631fa6adc8bebaa97c12ca.png","keywords":["Activit\u00e9s de Plein Air","Conditions M\u00e9t\u00e9orologiques","Pr\u00e9paration","S\u00e9curit\u00e9","Voyage"],"articleSection":["\u00c0 la une"],"inLanguage":"fr-FR","potentialAction":[{"@type":"CommentAction","name":"Comment","target":["https:\/\/voyage-aventure.com\/blog\/a-la-une\/retour-de-la-neige-cet-apres-midi-preparez-vous-a-des-impacts-sur-la-circulation\/#respond"]}]},{"@type":"WebPage","@id":"https:\/\/voyage-aventure.com\/blog\/a-la-une\/retour-de-la-neige-cet-apres-midi-preparez-vous-a-des-impacts-sur-la-circulation\/","url":"https:\/\/voyage-aventure.com\/blog\/a-la-une\/retour-de-la-neige-cet-apres-midi-preparez-vous-a-des-impacts-sur-la-circulation\/","name":"Retour de la neige cet apr\u00e8s-midi : pr\u00e9parez-vous \u00e0 des","isPartOf":{"@id":"https:\/\/voyage-aventure.com\/blog\/#website"},"primaryImageOfPage":{"@id":"https:\/\/voyage-aventure.com\/blog\/a-la-une\/retour-de-la-neige-cet-apres-midi-preparez-vous-a-des-impacts-sur-la-circulation\/#primaryimage"},"image":{"@id":"https:\/\/voyage-aventure.com\/blog\/a-la-une\/retour-de-la-neige-cet-apres-midi-preparez-vous-a-des-impacts-sur-la-circulation\/#primaryimage"},"thumbnailUrl":"https:\/\/voyage-aventure.com\/blog\/wp-content\/uploads\/2025\/02\/sdxl-c3388aa40b631fa6adc8bebaa97c12ca.png","datePublished":"2026-06-16T14:24:39+00:00","description":"La neige tomb\u00e9e la nuit derni\u00e8re a rendu plusieurs routes glissantes, et de nouvelles chutes sont attendues cet apr\u00e8s-midi : les d\u00e9placements de fin de","inLanguage":"fr-FR","potentialAction":[{"@type":"ReadAction","target":["https:\/\/voyage-aventure.com\/blog\/a-la-une\/retour-de-la-neige-cet-apres-midi-preparez-vous-a-des-impacts-sur-la-circulation\/"]}]},{"@type":"ImageObject","inLanguage":"fr-FR","@id":"https:\/\/voyage-aventure.com\/blog\/a-la-une\/retour-de-la-neige-cet-apres-midi-preparez-vous-a-des-impacts-sur-la-circulation\/#primaryimage","url":"https:\/\/voyage-aventure.com\/blog\/wp-content\/uploads\/2025\/02\/sdxl-c3388aa40b631fa6adc8bebaa97c12ca.png","contentUrl":"https:\/\/voyage-aventure.com\/blog\/wp-content\/uploads\/2025\/02\/sdxl-c3388aa40b631fa6adc8bebaa97c12ca.png","width":1536,"height":640},{"@type":"WebSite","@id":"https:\/\/voyage-aventure.com\/blog\/#website","url":"https:\/\/voyage-aventure.com\/blog\/","name":"voyage-aventure.com","description":"Votre passeport pour l\u2019inattendu.","publisher":{"@id":"https:\/\/voyage-aventure.com\/blog\/#organization"},"alternateName":"Votre passeport pour l\u2019inattendu.","potentialAction":[{"@type":"SearchAction","target":{"@type":"EntryPoint","urlTemplate":"https:\/\/voyage-aventure.com\/blog\/?s={search_term_string}"},"query-input":{"@type":"PropertyValueSpecification","valueRequired":true,"valueName":"search_term_string"}}],"inLanguage":"fr-FR"},{"@type":"Organization","@id":"https:\/\/voyage-aventure.com\/blog\/#organization","name":"Foretsensations.fr","url":"https:\/\/voyage-aventure.com\/blog\/","logo":{"@type":"ImageObject","inLanguage":"fr-FR","@id":"https:\/\/voyage-aventure.com\/blog\/#\/schema\/logo\/image\/","url":"https:\/\/voyage-aventure.com\/blog\/wp-content\/uploads\/2024\/12\/19.png","contentUrl":"https:\/\/voyage-aventure.com\/blog\/wp-content\/uploads\/2024\/12\/19.png","width":512,"height":512,"caption":"Foretsensations.fr"},"image":{"@id":"https:\/\/voyage-aventure.com\/blog\/#\/schema\/logo\/image\/"}},{"@type":"Person","@id":"https:\/\/voyage-aventure.com\/blog\/#\/schema\/person\/3c864cdc320801e3db34b663e7e3f816","name":"Camille Rouvray","image":{"@type":"ImageObject","inLanguage":"fr-FR","@id":"https:\/\/voyage-aventure.com\/blog\/#\/schema\/person\/image\/","url":"https:\/\/voyage-aventure.com\/blog\/wp-content\/uploads\/2026\/06\/persona_camille-r-96x96.jpg","contentUrl":"https:\/\/voyage-aventure.com\/blog\/wp-content\/uploads\/2026\/06\/persona_camille-r-96x96.jpg","caption":"Camille Rouvray"},"description":"Je voyage et j'\u00e9cris sur le voyage depuis une douzaine d'ann\u00e9es, d'abord en tant que routarde au long cours, puis comme r\u00e9dactrice sp\u00e9cialis\u00e9e. Mon terrain de pr\u00e9dilection, ce sont les circuits organis\u00e9s et l'art de bien pr\u00e9parer un itin\u00e9raire : choix de la saison, dur\u00e9e r\u00e9aliste des \u00e9tapes, budget jour par jour, logement et transport sur place. J'aime aussi raconter les p\u00e9pites urbaines, ces adresses qu'on ne trouve pas dans les guides classiques. Avant de publier un dossier destination, je croise toujours plusieurs sources, je v\u00e9rifie les tarifs et les formalit\u00e9s d'entr\u00e9e \u00e0 jour, et je teste moi-m\u00eame quand je le peux. Mon angle reste pratique avant tout : aider le lecteur \u00e0 partir l'esprit tranquille, sans mauvaise surprise une fois sur place. Je m'attache \u00e0 distinguer le coup de c\u0153ur sinc\u00e8re du simple argument marketing.","sameAs":["https:\/\/camillerouvray.fr\/"],"url":"https:\/\/voyage-aventure.com\/blog\/auteur\/noname\/"}]}},"_links":{"self":[{"href":"https:\/\/voyage-aventure.com\/blog\/wp-json\/wp\/v2\/posts\/8910","targetHints":{"allow":["GET"]}}],"collection":[{"href":"https:\/\/voyage-aventure.com\/blog\/wp-json\/wp\/v2\/posts"}],"about":[{"href":"https:\/\/voyage-aventure.com\/blog\/wp-json\/wp\/v2\/types\/post"}],"author":[{"embeddable":true,"href":"https:\/\/voyage-aventure.com\/blog\/wp-json\/wp\/v2\/users\/34"}],"replies":[{"embeddable":true,"href":"https:\/\/voyage-aventure.com\/blog\/wp-json\/wp\/v2\/comments?post=8910"}],"version-history":[{"count":3,"href":"https:\/\/voyage-aventure.com\/blog\/wp-json\/wp\/v2\/posts\/8910\/revisions"}],"predecessor-version":[{"id":22505,"href":"https:\/\/voyage-aventure.com\/blog\/wp-json\/wp\/v2\/posts\/8910\/revisions\/22505"}],"wp:featuredmedia":[{"embeddable":true,"href":"https:\/\/voyage-aventure.com\/blog\/wp-json\/wp\/v2\/media\/12465"}],"wp:attachment":[{"href":"https:\/\/voyage-aventure.com\/blog\/wp-json\/wp\/v2\/media?parent=8910"}],"wp:term":[{"taxonomy":"category","embeddable":true,"href":"https:\/\/voyage-aventure.com\/blog\/wp-json\/wp\/v2\/categories?post=8910"},{"taxonomy":"post_tag","embeddable":true,"href":"https:\/\/voyage-aventure.com\/blog\/wp-json\/wp\/v2\/tags?post=8910"}],"curies":[{"name":"wp","href":"https:\/\/api.w.org\/{rel}","templated":true}]}}