{"id":8886,"date":"2026-06-16T16:24:28","date_gmt":"2026-06-16T14:24:28","guid":{"rendered":"https:\/\/voyage-aventure.com\/blog\/a-la-une\/la-nouvelle-directive-de-trump-un-durcissement-des-restrictions-a-limmigration\/"},"modified":"2026-06-16T16:24:28","modified_gmt":"2026-06-16T14:24:28","slug":"la-nouvelle-directive-de-trump-un-durcissement-des-restrictions-a-limmigration","status":"publish","type":"post","link":"https:\/\/voyage-aventure.com\/blog\/a-la-une\/la-nouvelle-directive-de-trump-un-durcissement-des-restrictions-a-limmigration\/","title":{"rendered":"la nouvelle directive de trump : un durcissement des restrictions \u00e0 l&rsquo;immigration"},"content":{"rendered":"<link rel=\"stylesheet\" href=\"https:\/\/fonts.googleapis.com\/css2?family=Newsreader:ital,opsz,wght@0,6..72,500..700;1,6..72,500..600&#038;family=Inter:wght@400;500;600&#038;family=JetBrains+Mono:wght@500&#038;display=swap\">\n<style>\n.va-trumpimmig-wrap{font-family:'Inter',-apple-system,BlinkMacSystemFont,'Segoe UI',sans-serif;color:#1e293b;line-height:1.7;font-size:17px;}\n.va-trumpimmig-wrap h2{font-family:'Newsreader',Georgia,serif;font-weight:700;font-size:clamp(24px,3.2vw,33px);letter-spacing:-0.01em;color:#0f172a;line-height:1.2;margin:48px 0 18px;}\n.va-trumpimmig-wrap p{font-size:17px;line-height:1.75;color:#27313f;margin:0 0 18px;}\n.va-trumpimmig-lead{font-family:'Newsreader',Georgia,serif;font-size:21px;line-height:1.55;color:#334155;font-style:italic;border-left:4px solid #475569;padding:6px 0 6px 22px;margin:8px 0 30px;}\n.va-trumpimmig-dateline{font-family:'JetBrains Mono',monospace;font-size:12px;font-weight:500;letter-spacing:1.5px;text-transform:uppercase;color:#475569;margin:0 0 14px;display:flex;align-items:center;gap:10px;}\n.va-trumpimmig-dateline span{display:inline-block;width:30px;height:1px;background:#475569;}\n.va-trumpimmig-ess{background:#f1f5f9;border:1px solid #e2e8f0;border-left:5px solid #475569;border-radius:0 8px 8px 0;padding:24px 28px;margin:28px 0 38px;box-shadow:0 1px 2px rgba(16,24,40,.05),0 12px 28px -18px rgba(16,24,40,.22);}\n.va-trumpimmig-ess .va-trumpimmig-kicker{font-family:'JetBrains Mono',monospace;font-size:11px;font-weight:500;letter-spacing:2.2px;text-transform:uppercase;color:#475569;margin-bottom:16px;}\n.va-trumpimmig-essgrid{display:grid;grid-template-columns:1fr;gap:12px;}\n.va-trumpimmig-essitem{display:flex;gap:14px;align-items:flex-start;}\n.va-trumpimmig-esstag{flex:0 0 auto;font-family:'JetBrains Mono',monospace;font-size:11px;font-weight:500;letter-spacing:1px;text-transform:uppercase;color:#fff;background:#475569;padding:4px 10px;border-radius:4px;margin-top:2px;}\n.va-trumpimmig-esstxt{font-size:15.5px;line-height:1.55;color:#27313f;}\n.va-trumpimmig-cards{display:grid;grid-template-columns:repeat(auto-fit,minmax(240px,1fr));gap:16px;margin:28px 0;}\n.va-trumpimmig-card{background:#fff;border:1px solid #e2e8f0;border-top:3px solid #475569;border-radius:8px;padding:20px 22px 18px;transition:.25s ease;box-shadow:0 1px 2px rgba(16,24,40,.04);}\n.va-trumpimmig-card:hover{transform:translateY(-3px);box-shadow:0 1px 2px rgba(16,24,40,.05),0 16px 32px -18px rgba(16,24,40,.28);border-top-color:#334155;}\n.va-trumpimmig-card h3{font-family:'Newsreader',Georgia,serif;margin:0 0 8px;font-size:18px;font-weight:600;color:#0f172a;letter-spacing:-0.01em;}\n.va-trumpimmig-card .va-trumpimmig-txt{font-size:14.5px;line-height:1.6;color:#475569;}\n.va-trumpimmig-quote{margin:40px auto;padding:30px 26px 26px;text-align:center;border-top:1px solid #475569;border-bottom:1px solid #475569;max-width:680px;position:relative;}\n.va-trumpimmig-quote .va-trumpimmig-qmark{position:absolute;top:-22px;left:50%;transform:translateX(-50%);background:#fff;padding:0 16px;font-family:'Newsreader',Georgia,serif;font-size:52px;line-height:1;color:#475569;}\n.va-trumpimmig-quote .va-trumpimmig-qtxt{font-family:'Newsreader',Georgia,serif;font-size:23px;line-height:1.5;font-style:italic;color:#0f172a;letter-spacing:-0.005em;}\n.va-trumpimmig-quote .va-trumpimmig-qcite{margin-top:14px;font-family:'JetBrains Mono',monospace;font-size:11px;text-transform:uppercase;letter-spacing:1.8px;color:#475569;}\n.va-trumpimmig-list{background:#f8fafc;border:1px solid #e2e8f0;border-radius:8px;padding:22px 26px;margin:26px 0;}\n.va-trumpimmig-list .va-trumpimmig-kicker{font-family:'JetBrains Mono',monospace;font-size:11px;font-weight:500;letter-spacing:2.2px;text-transform:uppercase;color:#475569;margin-bottom:14px;}\n.va-trumpimmig-list ul{margin:0;padding:0;list-style:none;}\n.va-trumpimmig-list li{display:flex;gap:12px;align-items:flex-start;padding:9px 0;font-size:15.5px;line-height:1.55;color:#27313f;border-bottom:1px solid #ebeff4;}\n.va-trumpimmig-list li:last-child{border-bottom:none;}\n.va-trumpimmig-list li span.va-trumpimmig-mk{color:#475569;font-weight:700;flex:0 0 16px;}\n.va-trumpimmig-retain{background:#0f172a;border-radius:10px;padding:26px 28px;margin:38px 0;}\n.va-trumpimmig-retain .va-trumpimmig-kicker{font-family:'JetBrains Mono',monospace;font-size:11px;font-weight:500;letter-spacing:2.2px;text-transform:uppercase;color:#94a3b8;margin-bottom:16px;}\n.va-trumpimmig-retain ul{margin:0;padding:0;list-style:none;display:grid;gap:11px;}\n.va-trumpimmig-retain li{display:flex;gap:12px;align-items:flex-start;font-size:15px;line-height:1.55;color:#e2e8f0;}\n.va-trumpimmig-retain li span.va-trumpimmig-mk{flex:0 0 auto;font-family:'JetBrains Mono',monospace;font-size:11px;font-weight:500;color:#0f172a;background:#94a3b8;width:22px;height:22px;border-radius:50%;display:inline-flex;align-items:center;justify-content:center;margin-top:1px;}\n.va-trumpimmig-faq{margin:36px 0 10px;}\n.va-trumpimmig-faq h2{margin-bottom:6px;}\n.va-trumpimmig-faqlist{border-top:1px solid #e2e8f0;}\n.va-trumpimmig-faq details{border-bottom:1px solid #e2e8f0;}\n.va-trumpimmig-faq summary{cursor:pointer;padding:16px 0;font-family:'Newsreader',Georgia,serif;font-size:18px;font-weight:600;color:#0f172a;list-style:none;display:flex;justify-content:space-between;align-items:center;gap:14px;}\n.va-trumpimmig-faq summary::-webkit-details-marker{display:none;}\n.va-trumpimmig-faq summary .va-trumpimmig-plus{font-size:22px;font-weight:300;color:#475569;line-height:1;}\n.va-trumpimmig-faq .va-trumpimmig-ans{padding:0 0 18px;font-size:15.5px;line-height:1.7;color:#475569;}\n.va-trumpimmig-note{font-size:13px;line-height:1.6;color:#64748b;font-style:italic;border-top:1px solid #e2e8f0;padding-top:16px;margin-top:34px;}\n.va-trumpimmig-wrap a{color:#475569;text-decoration:underline;text-underline-offset:2px;}\n\/*RENDERFIX2*\/.va-trumpimmig-dateline span{color:#eef3f9!important}.va-trumpimmig-dateline span p,.va-trumpimmig-dateline span li,.va-trumpimmig-dateline span strong,.va-trumpimmig-dateline span em,.va-trumpimmig-dateline span a,.va-trumpimmig-dateline span span,.va-trumpimmig-dateline span b,.va-trumpimmig-dateline span td,.va-trumpimmig-dateline span th,.va-trumpimmig-dateline span h2,.va-trumpimmig-dateline span h3,.va-trumpimmig-dateline span h4{color:#eef3f9!important}.va-trumpimmig-dateline span strong,.va-trumpimmig-dateline span b{color:#ffffff!important}.va-trumpimmig-esstag{color:#eef3f9!important}.va-trumpimmig-esstag p,.va-trumpimmig-esstag li,.va-trumpimmig-esstag strong,.va-trumpimmig-esstag em,.va-trumpimmig-esstag a,.va-trumpimmig-esstag span,.va-trumpimmig-esstag b,.va-trumpimmig-esstag td,.va-trumpimmig-esstag th,.va-trumpimmig-esstag h2,.va-trumpimmig-esstag h3,.va-trumpimmig-esstag h4{color:#eef3f9!important}.va-trumpimmig-esstag strong,.va-trumpimmig-esstag b{color:#ffffff!important}.va-trumpimmig-retain{color:#eef3f9!important}.va-trumpimmig-retain p,.va-trumpimmig-retain li,.va-trumpimmig-retain strong,.va-trumpimmig-retain em,.va-trumpimmig-retain a,.va-trumpimmig-retain span,.va-trumpimmig-retain b,.va-trumpimmig-retain td,.va-trumpimmig-retain th,.va-trumpimmig-retain h2,.va-trumpimmig-retain h3,.va-trumpimmig-retain h4{color:#eef3f9!important}.va-trumpimmig-retain strong,.va-trumpimmig-retain b{color:#ffffff!important}<\/style>\n<div class=\"va-trumpimmig-wrap\">\n<div class=\"va-trumpimmig-dateline\"><span><\/span>Politique migratoire \u00b7 \u00c9tats-Unis<\/div>\n<div class=\"va-trumpimmig-lead\">Un d\u00e9cret sign\u00e9 par Donald Trump \u00e9largit, selon son texte, les motifs permettant de refuser l&rsquo;entr\u00e9e d&rsquo;\u00e9trangers et d&rsquo;expulser certains r\u00e9sidents. Voici ce que pr\u00e9voit la directive et les r\u00e9actions qu&rsquo;elle suscite, sans parti pris.<\/div>\n<div class=\"va-trumpimmig-ess\">\n<div class=\"va-trumpimmig-kicker\">L&rsquo;essentiel<\/div>\n<div class=\"va-trumpimmig-essgrid\">\n<div class=\"va-trumpimmig-essitem\"><span class=\"va-trumpimmig-esstag\">Quoi<\/span><span class=\"va-trumpimmig-esstxt\">Un d\u00e9cret intitul\u00e9 \u00ab Prot\u00e9ger les \u00c9tats-Unis contre les terroristes \u00e9trangers et autres menaces \u00e0 la s\u00e9curit\u00e9 nationale \u00bb, qui \u00e9largit selon son texte les pouvoirs de refus d&rsquo;entr\u00e9e et d&rsquo;expulsion.<\/span><\/div>\n<div class=\"va-trumpimmig-essitem\"><span class=\"va-trumpimmig-esstag\">Qui<\/span><span class=\"va-trumpimmig-esstxt\">Le d\u00e9cret a \u00e9t\u00e9 sign\u00e9 par Donald Trump ; il s&rsquo;inscrit, d&rsquo;apr\u00e8s le texte, dans la continuit\u00e9 du dispositif de 2017 d\u00e9sign\u00e9 comme \u00ab Muslim Ban \u00bb.<\/span><\/div>\n<div class=\"va-trumpimmig-essitem\"><span class=\"va-trumpimmig-esstag\">Enjeu<\/span><span class=\"va-trumpimmig-esstxt\">Des organisations de d\u00e9fense des droits civiques estiment que ces mesures soul\u00e8vent des questions sur les libert\u00e9s civiles ; le gouvernement les pr\u00e9sente comme relevant de la s\u00e9curit\u00e9 nationale.<\/span><\/div>\n<\/div>\n<\/div>\n<h2>Une politique d&rsquo;exclusion renforc\u00e9e<\/h2>\n<p>Le r\u00e9cent d\u00e9cret sign\u00e9 par Donald Trump, intitul\u00e9 \u00ab Prot\u00e9ger les \u00c9tats-Unis contre les terroristes \u00e9trangers et autres menaces \u00e0 la s\u00e9curit\u00e9 nationale \u00bb, est pr\u00e9sent\u00e9 par ses d\u00e9tracteurs comme l&rsquo;amorce d&rsquo;une nouvelle phase de restrictions. D&rsquo;apr\u00e8s le texte, il s&rsquo;appuie sur le dispositif de 2017 que ses opposants d\u00e9signent comme le \u00ab Muslim Ban \u00bb et \u00e9largit les pouvoirs du gouvernement pour refuser l&rsquo;entr\u00e9e \u00e0 des \u00e9trangers en fonction, selon la directive, de crit\u00e8res li\u00e9s \u00e0 leurs croyances religieuses ou \u00e0 leurs positions politiques. Pour une partie de ses critiques, cette approche \u00e9voque des \u00e9pisodes pass\u00e9s de l&rsquo;histoire am\u00e9ricaine au cours desquels des personnes ont \u00e9t\u00e9 vis\u00e9es en raison de leur origine ou de leurs convictions.<\/p>\n<p>Selon la directive, le gouvernement pourrait \u00e9galement engager l&rsquo;expulsion de r\u00e9sidents en situation r\u00e9guli\u00e8re sur le fondement de motifs pr\u00e9sent\u00e9s comme id\u00e9ologiques. Des associations de d\u00e9fense des libert\u00e9s affirment que ce point soul\u00e8ve des inqui\u00e9tudes quant aux libert\u00e9s civiles et \u00e0 ses effets possibles sur des Am\u00e9ricains d&rsquo;origine arabe ou musulmane. Un expert cit\u00e9 dans le d\u00e9bat public d\u00e9clare ainsi :<\/p>\n<div class=\"va-trumpimmig-quote\">\n<div class=\"va-trumpimmig-qmark\" aria-hidden=\"true\">\u00ab<\/div>\n<div class=\"va-trumpimmig-qtxt\">Ces politiques nous rappellent des moments o\u00f9 la peur pr\u00e9dominait sur la raison, et o\u00f9 des communaut\u00e9s enti\u00e8res \u00e9taient stigmatis\u00e9es.<\/div>\n<div class=\"va-trumpimmig-qcite\">\u2014 Un expert cit\u00e9 dans le d\u00e9bat public<\/div>\n<\/div>\n<h2>Les implications du d\u00e9cret<\/h2>\n<p>D&rsquo;apr\u00e8s la directive, les restrictions concerneraient principalement les ressortissants de pays d\u00e9crits comme \u00ab \u00e0 haut risque \u00bb. Selon le texte, les demandes de visa feraient l&rsquo;objet d&rsquo;un contr\u00f4le administratif renforc\u00e9, ce qui, d&rsquo;apr\u00e8s ses observateurs, pourrait allonger les d\u00e9lais pour les candidats. Des personnes originaires des nations vis\u00e9es pourraient, selon les associations, \u00eatre soumises \u00e0 des v\u00e9rifications approfondies portant sur leurs liens avec leur pays d&rsquo;origine.<\/p>\n<p>Le d\u00e9cret ouvrirait par ailleurs, selon ses opposants, la voie \u00e0 des expulsions fond\u00e9es sur des opinions politiques ou des affiliations culturelles. Des juristes et des organisations estiment qu&rsquo;un tel cadre pourrait constituer un pr\u00e9c\u00e9dent et interrogent sa compatibilit\u00e9 avec les principes pluralistes mis en avant aux \u00c9tats-Unis. Le gouvernement, de son c\u00f4t\u00e9, pr\u00e9sente l&rsquo;ensemble de ces mesures comme relevant de la s\u00e9curit\u00e9 nationale. Les \u00e9l\u00e9ments ci-dessous r\u00e9sument les points soulev\u00e9s dans le d\u00e9bat :<\/p>\n<div class=\"va-trumpimmig-cards\">\n<div class=\"va-trumpimmig-card\">\n<h3>Contr\u00f4le des visas<\/h3>\n<div class=\"va-trumpimmig-txt\">Selon la directive, les demandes \u00e9manant de pays d\u00e9crits comme \u00ab \u00e0 haut risque \u00bb seraient soumises \u00e0 un examen administratif renforc\u00e9, susceptible d&rsquo;allonger les d\u00e9lais.<\/div>\n<\/div>\n<div class=\"va-trumpimmig-card\">\n<h3>V\u00e9rifications individuelles<\/h3>\n<div class=\"va-trumpimmig-txt\">D&rsquo;apr\u00e8s des associations, des personnes issues des nations vis\u00e9es pourraient faire l&rsquo;objet de questions approfondies sur leurs liens avec leur pays d&rsquo;origine.<\/div>\n<\/div>\n<div class=\"va-trumpimmig-card\">\n<h3>Expulsions \u00e9largies<\/h3>\n<div class=\"va-trumpimmig-txt\">Selon ses opposants, le texte permettrait des expulsions fond\u00e9es sur des motifs pr\u00e9sent\u00e9s comme id\u00e9ologiques, ce que des juristes d\u00e9crivent comme un pr\u00e9c\u00e9dent \u00e0 surveiller.<\/div>\n<\/div>\n<\/div>\n<p><iframe loading=\"lazy\" title=\"D\u00e9cryptage de la loi \u00abimmigration\u00bb: enjeux et cons\u00e9quences\" width=\"1200\" height=\"675\" src=\"https:\/\/www.youtube.com\/embed\/-bZ_FA1-jC8?feature=oembed\" frameborder=\"0\" allow=\"accelerometer; autoplay; clipboard-write; encrypted-media; gyroscope; picture-in-picture; web-share\" referrerpolicy=\"strict-origin-when-cross-origin\" allowfullscreen><\/iframe><\/p>\n<h2>Une r\u00e9ponse citoyenne n\u00e9cessaire<\/h2>\n<p>Face \u00e0 ces mesures, plusieurs voix appellent \u00e0 un d\u00e9bat public sur la protection des droits des diff\u00e9rentes communaut\u00e9s. Des organisations de d\u00e9fense des droits civiques d\u00e9noncent ce qu&rsquo;elles qualifient de pratiques discriminatoires et rappellent, selon elles, les risques associ\u00e9s \u00e0 la d\u00e9signation de boucs \u00e9missaires. Ces m\u00eames organisations invitent \u00e0 une mobilisation collective face \u00e0 ces orientations.<\/p>\n<p>Selon ces associations, il importe que les citoyens mesurent les effets possibles de ces politiques sur la soci\u00e9t\u00e9. Elles estiment que les libert\u00e9s d&rsquo;expression, fr\u00e9quemment mises en avant par l&rsquo;administration, peuvent \u00eatre affect\u00e9es lorsque certains groupes sont vis\u00e9s. D&rsquo;apr\u00e8s elles, les actions envisageables incluent notamment :<\/p>\n<div class=\"va-trumpimmig-list\">\n<div class=\"va-trumpimmig-kicker\">Pistes d&rsquo;action cit\u00e9es par les associations<\/div>\n<ul>\n<li><span class=\"va-trumpimmig-mk\">\u203a<\/span><span>Informer et sensibiliser les communaut\u00e9s affect\u00e9es<\/span><\/li>\n<li><span class=\"va-trumpimmig-mk\">\u203a<\/span><span>Participer \u00e0 des campagnes de plaidoyer pour les droits civiques<\/span><\/li>\n<li><span class=\"va-trumpimmig-mk\">\u203a<\/span><span>Contester les d\u00e9cisions gouvernementales en justice lorsque cela est possible<\/span><\/li>\n<\/ul>\n<\/div>\n<p>Pour les organisations cit\u00e9es, le d\u00e9bat sur l&rsquo;immigration et la s\u00e9curit\u00e9 nationale gagnerait \u00e0 int\u00e9grer les questions d&rsquo;inclusion et de respect des droits humains. Elles consid\u00e8rent que, en l&rsquo;absence de discussion, les orientations actuelles pourraient nourrir un climat d&rsquo;incertitude au sein de la soci\u00e9t\u00e9. De son c\u00f4t\u00e9, l&rsquo;administration met en avant l&rsquo;objectif de s\u00e9curit\u00e9 nationale pour justifier ces mesures.<\/p>\n<p>Selon ces m\u00eames acteurs, la protection des droits fondamentaux demeure un enjeu central du d\u00e9bat civique, et les communaut\u00e9s concern\u00e9es sont invit\u00e9es \u00e0 se rassembler pour faire valoir leurs positions. Le suivi des recours, des \u00e9ventuelles d\u00e9cisions de justice et des \u00e9volutions r\u00e9glementaires permettra de mesurer la port\u00e9e r\u00e9elle de cette directive dans les mois \u00e0 venir.<\/p>\n<div class=\"va-trumpimmig-retain\">\n<div class=\"va-trumpimmig-kicker\">\u00c0 retenir<\/div>\n<ul>\n<li><span class=\"va-trumpimmig-mk\">1<\/span><span>Un d\u00e9cret sign\u00e9 par Donald Trump \u00e9largit, selon son texte, les motifs de refus d&rsquo;entr\u00e9e et d&rsquo;expulsion.<\/span><\/li>\n<li><span class=\"va-trumpimmig-mk\">2<\/span><span>Il s&rsquo;inscrit, d&rsquo;apr\u00e8s le texte, dans la continuit\u00e9 du dispositif de 2017 d\u00e9sign\u00e9 comme \u00ab Muslim Ban \u00bb.<\/span><\/li>\n<li><span class=\"va-trumpimmig-mk\">3<\/span><span>Des associations de d\u00e9fense des droits civiques expriment des inqui\u00e9tudes sur les libert\u00e9s civiles.<\/span><\/li>\n<li><span class=\"va-trumpimmig-mk\">4<\/span><span>Le gouvernement pr\u00e9sente ces mesures comme relevant de la s\u00e9curit\u00e9 nationale.<\/span><\/li>\n<\/ul>\n<\/div>\n<div class=\"va-trumpimmig-faq\">\n<h2>Questions fr\u00e9quentes<\/h2>\n<div class=\"va-trumpimmig-faqlist\">\n<details>\n<summary><span>Que pr\u00e9voit ce d\u00e9cret selon son texte ?<\/span><span class=\"va-trumpimmig-plus\" aria-hidden=\"true\">+<\/span><\/summary>\n<div class=\"va-trumpimmig-ans\">D&rsquo;apr\u00e8s son intitul\u00e9, \u00ab Prot\u00e9ger les \u00c9tats-Unis contre les terroristes \u00e9trangers et autres menaces \u00e0 la s\u00e9curit\u00e9 nationale \u00bb, le d\u00e9cret \u00e9largit les pouvoirs du gouvernement pour refuser l&rsquo;entr\u00e9e d&rsquo;\u00e9trangers et engager l&rsquo;expulsion de certains r\u00e9sidents, selon des crit\u00e8res pr\u00e9sent\u00e9s dans le texte.<\/div>\n<\/details>\n<details>\n<summary><span>Quel lien avec le dispositif de 2017 ?<\/span><span class=\"va-trumpimmig-plus\" aria-hidden=\"true\">+<\/span><\/summary>\n<div class=\"va-trumpimmig-ans\">Selon le texte, le d\u00e9cret s&rsquo;appuie sur le dispositif de 2017 que ses opposants d\u00e9signent comme le \u00ab Muslim Ban \u00bb. Cette filiation est avanc\u00e9e par les d\u00e9tracteurs de la mesure et reste un point de d\u00e9bat.<\/div>\n<\/details>\n<details>\n<summary><span>Qui exprime des inqui\u00e9tudes \u00e0 son sujet ?<\/span><span class=\"va-trumpimmig-plus\" aria-hidden=\"true\">+<\/span><\/summary>\n<div class=\"va-trumpimmig-ans\">Des organisations de d\u00e9fense des droits civiques et des juristes estiment que ces mesures soul\u00e8vent des questions sur les libert\u00e9s civiles. Le gouvernement, de son c\u00f4t\u00e9, pr\u00e9sente le d\u00e9cret comme une r\u00e9ponse \u00e0 des enjeux de s\u00e9curit\u00e9 nationale.<\/div>\n<\/details>\n<\/div>\n<\/div>\n<div class=\"va-trumpimmig-note\">Cet article rapporte des \u00e9l\u00e9ments de d\u00e9bat public et pr\u00e9sente les positions attribu\u00e9es \u00e0 leurs sources respectives. Il ne constitue pas un avis juridique et ne remplace pas la consultation d&rsquo;un professionnel ou des textes officiels.<\/div>\n<\/div>\n","protected":false},"excerpt":{"rendered":"","protected":false},"author":34,"featured_media":12027,"comment_status":"open","ping_status":"open","sticky":false,"template":"","format":"standard","meta":{"_acf_changed":false,"manual_indexmenow":false,"indexmenow_id_project":0,"footnotes":""},"categories":[1],"tags":[5781,5782,5783,5780,3170],"class_list":["post-8886","post","type-post","status-publish","format-standard","has-post-thumbnail","hentry","category-a-la-une","tag-discrimination","tag-droits-humains","tag-inclusion","tag-libertes-civiles","tag-securite","generate-columns","tablet-grid-50","mobile-grid-100","grid-parent","grid-25"],"acf":[],"yoast_head":"<!-- This site is optimized with the Yoast SEO Premium plugin v21.3 (Yoast SEO v25.1) - https:\/\/yoast.com\/wordpress\/plugins\/seo\/ -->\n<title>la nouvelle directive de trump : un durcissement des<\/title>\n<meta name=\"description\" content=\"Un d\u00e9cret sign\u00e9 par Donald Trump \u00e9largit, selon son texte, les motifs permettant de refuser l&#039;entr\u00e9e d&#039;\u00e9trangers et d&#039;expulser certains r\u00e9sidents. Voici\" \/>\n<meta name=\"robots\" content=\"index, follow, max-snippet:-1, max-image-preview:large, max-video-preview:-1\" \/>\n<link rel=\"canonical\" href=\"https:\/\/voyage-aventure.com\/blog\/a-la-une\/la-nouvelle-directive-de-trump-un-durcissement-des-restrictions-a-limmigration\/\" \/>\n<meta property=\"og:locale\" content=\"fr_FR\" \/>\n<meta property=\"og:type\" content=\"article\" \/>\n<meta property=\"og:title\" content=\"la nouvelle directive de trump : un durcissement des\" \/>\n<meta property=\"og:description\" content=\"Un d\u00e9cret sign\u00e9 par Donald Trump \u00e9largit, selon son texte, les motifs permettant de refuser l&#039;entr\u00e9e d&#039;\u00e9trangers et d&#039;expulser certains r\u00e9sidents. Voici\" \/>\n<meta property=\"og:url\" content=\"https:\/\/voyage-aventure.com\/blog\/a-la-une\/la-nouvelle-directive-de-trump-un-durcissement-des-restrictions-a-limmigration\/\" \/>\n<meta property=\"og:site_name\" content=\"voyage-aventure\" \/>\n<meta property=\"og:image\" content=\"https:\/\/voyage-aventure.com\/blog\/wp-content\/uploads\/2025\/02\/sdxl-6c4c33eef2643a47dd378286c2d2dc50.png\" \/>\n\t<meta property=\"og:image:width\" content=\"1536\" \/>\n\t<meta property=\"og:image:height\" content=\"640\" \/>\n\t<meta property=\"og:image:type\" content=\"image\/png\" \/>\n<meta name=\"author\" content=\"Camille Rouvray\" \/>\n<meta name=\"twitter:card\" content=\"summary_large_image\" \/>\n<script type=\"application\/ld+json\" class=\"yoast-schema-graph\">{\"@context\":\"https:\/\/schema.org\",\"@graph\":[{\"@type\":\"NewsArticle\",\"@id\":\"https:\/\/voyage-aventure.com\/blog\/a-la-une\/la-nouvelle-directive-de-trump-un-durcissement-des-restrictions-a-limmigration\/#article\",\"isPartOf\":{\"@id\":\"https:\/\/voyage-aventure.com\/blog\/a-la-une\/la-nouvelle-directive-de-trump-un-durcissement-des-restrictions-a-limmigration\/\"},\"author\":{\"name\":\"Camille Rouvray\",\"@id\":\"https:\/\/voyage-aventure.com\/blog\/#\/schema\/person\/3c864cdc320801e3db34b663e7e3f816\"},\"headline\":\"la nouvelle directive de trump : un durcissement des restrictions \u00e0 l&rsquo;immigration\",\"datePublished\":\"2026-06-16T14:24:28+00:00\",\"mainEntityOfPage\":{\"@id\":\"https:\/\/voyage-aventure.com\/blog\/a-la-une\/la-nouvelle-directive-de-trump-un-durcissement-des-restrictions-a-limmigration\/\"},\"wordCount\":1231,\"commentCount\":21,\"publisher\":{\"@id\":\"https:\/\/voyage-aventure.com\/blog\/#organization\"},\"image\":{\"@id\":\"https:\/\/voyage-aventure.com\/blog\/a-la-une\/la-nouvelle-directive-de-trump-un-durcissement-des-restrictions-a-limmigration\/#primaryimage\"},\"thumbnailUrl\":\"https:\/\/voyage-aventure.com\/blog\/wp-content\/uploads\/2025\/02\/sdxl-6c4c33eef2643a47dd378286c2d2dc50.png\",\"keywords\":[\"Discrimination\",\"Droits Humains\",\"Inclusion\",\"Libert\u00e9s Civiles\",\"S\u00e9curit\u00e9\"],\"articleSection\":[\"\u00c0 la une\"],\"inLanguage\":\"fr-FR\",\"potentialAction\":[{\"@type\":\"CommentAction\",\"name\":\"Comment\",\"target\":[\"https:\/\/voyage-aventure.com\/blog\/a-la-une\/la-nouvelle-directive-de-trump-un-durcissement-des-restrictions-a-limmigration\/#respond\"]}]},{\"@type\":\"WebPage\",\"@id\":\"https:\/\/voyage-aventure.com\/blog\/a-la-une\/la-nouvelle-directive-de-trump-un-durcissement-des-restrictions-a-limmigration\/\",\"url\":\"https:\/\/voyage-aventure.com\/blog\/a-la-une\/la-nouvelle-directive-de-trump-un-durcissement-des-restrictions-a-limmigration\/\",\"name\":\"la nouvelle directive de trump : un durcissement des\",\"isPartOf\":{\"@id\":\"https:\/\/voyage-aventure.com\/blog\/#website\"},\"primaryImageOfPage\":{\"@id\":\"https:\/\/voyage-aventure.com\/blog\/a-la-une\/la-nouvelle-directive-de-trump-un-durcissement-des-restrictions-a-limmigration\/#primaryimage\"},\"image\":{\"@id\":\"https:\/\/voyage-aventure.com\/blog\/a-la-une\/la-nouvelle-directive-de-trump-un-durcissement-des-restrictions-a-limmigration\/#primaryimage\"},\"thumbnailUrl\":\"https:\/\/voyage-aventure.com\/blog\/wp-content\/uploads\/2025\/02\/sdxl-6c4c33eef2643a47dd378286c2d2dc50.png\",\"datePublished\":\"2026-06-16T14:24:28+00:00\",\"description\":\"Un d\u00e9cret sign\u00e9 par Donald Trump \u00e9largit, selon son texte, les motifs permettant de refuser l'entr\u00e9e d'\u00e9trangers et d'expulser certains r\u00e9sidents. Voici\",\"inLanguage\":\"fr-FR\",\"potentialAction\":[{\"@type\":\"ReadAction\",\"target\":[\"https:\/\/voyage-aventure.com\/blog\/a-la-une\/la-nouvelle-directive-de-trump-un-durcissement-des-restrictions-a-limmigration\/\"]}]},{\"@type\":\"ImageObject\",\"inLanguage\":\"fr-FR\",\"@id\":\"https:\/\/voyage-aventure.com\/blog\/a-la-une\/la-nouvelle-directive-de-trump-un-durcissement-des-restrictions-a-limmigration\/#primaryimage\",\"url\":\"https:\/\/voyage-aventure.com\/blog\/wp-content\/uploads\/2025\/02\/sdxl-6c4c33eef2643a47dd378286c2d2dc50.png\",\"contentUrl\":\"https:\/\/voyage-aventure.com\/blog\/wp-content\/uploads\/2025\/02\/sdxl-6c4c33eef2643a47dd378286c2d2dc50.png\",\"width\":1536,\"height\":640},{\"@type\":\"WebSite\",\"@id\":\"https:\/\/voyage-aventure.com\/blog\/#website\",\"url\":\"https:\/\/voyage-aventure.com\/blog\/\",\"name\":\"voyage-aventure.com\",\"description\":\"Votre passeport pour l\u2019inattendu.\",\"publisher\":{\"@id\":\"https:\/\/voyage-aventure.com\/blog\/#organization\"},\"alternateName\":\"Votre passeport pour l\u2019inattendu.\",\"potentialAction\":[{\"@type\":\"SearchAction\",\"target\":{\"@type\":\"EntryPoint\",\"urlTemplate\":\"https:\/\/voyage-aventure.com\/blog\/?s={search_term_string}\"},\"query-input\":{\"@type\":\"PropertyValueSpecification\",\"valueRequired\":true,\"valueName\":\"search_term_string\"}}],\"inLanguage\":\"fr-FR\"},{\"@type\":\"Organization\",\"@id\":\"https:\/\/voyage-aventure.com\/blog\/#organization\",\"name\":\"Foretsensations.fr\",\"url\":\"https:\/\/voyage-aventure.com\/blog\/\",\"logo\":{\"@type\":\"ImageObject\",\"inLanguage\":\"fr-FR\",\"@id\":\"https:\/\/voyage-aventure.com\/blog\/#\/schema\/logo\/image\/\",\"url\":\"https:\/\/voyage-aventure.com\/blog\/wp-content\/uploads\/2024\/12\/19.png\",\"contentUrl\":\"https:\/\/voyage-aventure.com\/blog\/wp-content\/uploads\/2024\/12\/19.png\",\"width\":512,\"height\":512,\"caption\":\"Foretsensations.fr\"},\"image\":{\"@id\":\"https:\/\/voyage-aventure.com\/blog\/#\/schema\/logo\/image\/\"}},{\"@type\":\"Person\",\"@id\":\"https:\/\/voyage-aventure.com\/blog\/#\/schema\/person\/3c864cdc320801e3db34b663e7e3f816\",\"name\":\"Camille Rouvray\",\"image\":{\"@type\":\"ImageObject\",\"inLanguage\":\"fr-FR\",\"@id\":\"https:\/\/voyage-aventure.com\/blog\/#\/schema\/person\/image\/\",\"url\":\"https:\/\/voyage-aventure.com\/blog\/wp-content\/uploads\/2026\/06\/persona_camille-r-96x96.jpg\",\"contentUrl\":\"https:\/\/voyage-aventure.com\/blog\/wp-content\/uploads\/2026\/06\/persona_camille-r-96x96.jpg\",\"caption\":\"Camille Rouvray\"},\"description\":\"Je voyage et j'\u00e9cris sur le voyage depuis une douzaine d'ann\u00e9es, d'abord en tant que routarde au long cours, puis comme r\u00e9dactrice sp\u00e9cialis\u00e9e. Mon terrain de pr\u00e9dilection, ce sont les circuits organis\u00e9s et l'art de bien pr\u00e9parer un itin\u00e9raire : choix de la saison, dur\u00e9e r\u00e9aliste des \u00e9tapes, budget jour par jour, logement et transport sur place. J'aime aussi raconter les p\u00e9pites urbaines, ces adresses qu'on ne trouve pas dans les guides classiques. Avant de publier un dossier destination, je croise toujours plusieurs sources, je v\u00e9rifie les tarifs et les formalit\u00e9s d'entr\u00e9e \u00e0 jour, et je teste moi-m\u00eame quand je le peux. Mon angle reste pratique avant tout : aider le lecteur \u00e0 partir l'esprit tranquille, sans mauvaise surprise une fois sur place. Je m'attache \u00e0 distinguer le coup de c\u0153ur sinc\u00e8re du simple argument marketing.\",\"sameAs\":[\"https:\/\/camillerouvray.fr\/\"],\"url\":\"https:\/\/voyage-aventure.com\/blog\/auteur\/noname\/\"}]}<\/script>\n<!-- \/ Yoast SEO Premium plugin. -->","yoast_head_json":{"title":"la nouvelle directive de trump : un durcissement des","description":"Un d\u00e9cret sign\u00e9 par Donald Trump \u00e9largit, selon son texte, les motifs permettant de refuser l'entr\u00e9e d'\u00e9trangers et d'expulser certains r\u00e9sidents. Voici","robots":{"index":"index","follow":"follow","max-snippet":"max-snippet:-1","max-image-preview":"max-image-preview:large","max-video-preview":"max-video-preview:-1"},"canonical":"https:\/\/voyage-aventure.com\/blog\/a-la-une\/la-nouvelle-directive-de-trump-un-durcissement-des-restrictions-a-limmigration\/","og_locale":"fr_FR","og_type":"article","og_title":"la nouvelle directive de trump : un durcissement des","og_description":"Un d\u00e9cret sign\u00e9 par Donald Trump \u00e9largit, selon son texte, les motifs permettant de refuser l'entr\u00e9e d'\u00e9trangers et d'expulser certains r\u00e9sidents. Voici","og_url":"https:\/\/voyage-aventure.com\/blog\/a-la-une\/la-nouvelle-directive-de-trump-un-durcissement-des-restrictions-a-limmigration\/","og_site_name":"voyage-aventure","og_image":[{"width":1536,"height":640,"url":"https:\/\/voyage-aventure.com\/blog\/wp-content\/uploads\/2025\/02\/sdxl-6c4c33eef2643a47dd378286c2d2dc50.png","type":"image\/png"}],"author":"Camille Rouvray","twitter_card":"summary_large_image","schema":{"@context":"https:\/\/schema.org","@graph":[{"@type":"NewsArticle","@id":"https:\/\/voyage-aventure.com\/blog\/a-la-une\/la-nouvelle-directive-de-trump-un-durcissement-des-restrictions-a-limmigration\/#article","isPartOf":{"@id":"https:\/\/voyage-aventure.com\/blog\/a-la-une\/la-nouvelle-directive-de-trump-un-durcissement-des-restrictions-a-limmigration\/"},"author":{"name":"Camille Rouvray","@id":"https:\/\/voyage-aventure.com\/blog\/#\/schema\/person\/3c864cdc320801e3db34b663e7e3f816"},"headline":"la nouvelle directive de trump : un durcissement des restrictions \u00e0 l&rsquo;immigration","datePublished":"2026-06-16T14:24:28+00:00","mainEntityOfPage":{"@id":"https:\/\/voyage-aventure.com\/blog\/a-la-une\/la-nouvelle-directive-de-trump-un-durcissement-des-restrictions-a-limmigration\/"},"wordCount":1231,"commentCount":21,"publisher":{"@id":"https:\/\/voyage-aventure.com\/blog\/#organization"},"image":{"@id":"https:\/\/voyage-aventure.com\/blog\/a-la-une\/la-nouvelle-directive-de-trump-un-durcissement-des-restrictions-a-limmigration\/#primaryimage"},"thumbnailUrl":"https:\/\/voyage-aventure.com\/blog\/wp-content\/uploads\/2025\/02\/sdxl-6c4c33eef2643a47dd378286c2d2dc50.png","keywords":["Discrimination","Droits Humains","Inclusion","Libert\u00e9s Civiles","S\u00e9curit\u00e9"],"articleSection":["\u00c0 la une"],"inLanguage":"fr-FR","potentialAction":[{"@type":"CommentAction","name":"Comment","target":["https:\/\/voyage-aventure.com\/blog\/a-la-une\/la-nouvelle-directive-de-trump-un-durcissement-des-restrictions-a-limmigration\/#respond"]}]},{"@type":"WebPage","@id":"https:\/\/voyage-aventure.com\/blog\/a-la-une\/la-nouvelle-directive-de-trump-un-durcissement-des-restrictions-a-limmigration\/","url":"https:\/\/voyage-aventure.com\/blog\/a-la-une\/la-nouvelle-directive-de-trump-un-durcissement-des-restrictions-a-limmigration\/","name":"la nouvelle directive de trump : un durcissement des","isPartOf":{"@id":"https:\/\/voyage-aventure.com\/blog\/#website"},"primaryImageOfPage":{"@id":"https:\/\/voyage-aventure.com\/blog\/a-la-une\/la-nouvelle-directive-de-trump-un-durcissement-des-restrictions-a-limmigration\/#primaryimage"},"image":{"@id":"https:\/\/voyage-aventure.com\/blog\/a-la-une\/la-nouvelle-directive-de-trump-un-durcissement-des-restrictions-a-limmigration\/#primaryimage"},"thumbnailUrl":"https:\/\/voyage-aventure.com\/blog\/wp-content\/uploads\/2025\/02\/sdxl-6c4c33eef2643a47dd378286c2d2dc50.png","datePublished":"2026-06-16T14:24:28+00:00","description":"Un d\u00e9cret sign\u00e9 par Donald Trump \u00e9largit, selon son texte, les motifs permettant de refuser l'entr\u00e9e d'\u00e9trangers et d'expulser certains r\u00e9sidents. Voici","inLanguage":"fr-FR","potentialAction":[{"@type":"ReadAction","target":["https:\/\/voyage-aventure.com\/blog\/a-la-une\/la-nouvelle-directive-de-trump-un-durcissement-des-restrictions-a-limmigration\/"]}]},{"@type":"ImageObject","inLanguage":"fr-FR","@id":"https:\/\/voyage-aventure.com\/blog\/a-la-une\/la-nouvelle-directive-de-trump-un-durcissement-des-restrictions-a-limmigration\/#primaryimage","url":"https:\/\/voyage-aventure.com\/blog\/wp-content\/uploads\/2025\/02\/sdxl-6c4c33eef2643a47dd378286c2d2dc50.png","contentUrl":"https:\/\/voyage-aventure.com\/blog\/wp-content\/uploads\/2025\/02\/sdxl-6c4c33eef2643a47dd378286c2d2dc50.png","width":1536,"height":640},{"@type":"WebSite","@id":"https:\/\/voyage-aventure.com\/blog\/#website","url":"https:\/\/voyage-aventure.com\/blog\/","name":"voyage-aventure.com","description":"Votre passeport pour l\u2019inattendu.","publisher":{"@id":"https:\/\/voyage-aventure.com\/blog\/#organization"},"alternateName":"Votre passeport pour l\u2019inattendu.","potentialAction":[{"@type":"SearchAction","target":{"@type":"EntryPoint","urlTemplate":"https:\/\/voyage-aventure.com\/blog\/?s={search_term_string}"},"query-input":{"@type":"PropertyValueSpecification","valueRequired":true,"valueName":"search_term_string"}}],"inLanguage":"fr-FR"},{"@type":"Organization","@id":"https:\/\/voyage-aventure.com\/blog\/#organization","name":"Foretsensations.fr","url":"https:\/\/voyage-aventure.com\/blog\/","logo":{"@type":"ImageObject","inLanguage":"fr-FR","@id":"https:\/\/voyage-aventure.com\/blog\/#\/schema\/logo\/image\/","url":"https:\/\/voyage-aventure.com\/blog\/wp-content\/uploads\/2024\/12\/19.png","contentUrl":"https:\/\/voyage-aventure.com\/blog\/wp-content\/uploads\/2024\/12\/19.png","width":512,"height":512,"caption":"Foretsensations.fr"},"image":{"@id":"https:\/\/voyage-aventure.com\/blog\/#\/schema\/logo\/image\/"}},{"@type":"Person","@id":"https:\/\/voyage-aventure.com\/blog\/#\/schema\/person\/3c864cdc320801e3db34b663e7e3f816","name":"Camille Rouvray","image":{"@type":"ImageObject","inLanguage":"fr-FR","@id":"https:\/\/voyage-aventure.com\/blog\/#\/schema\/person\/image\/","url":"https:\/\/voyage-aventure.com\/blog\/wp-content\/uploads\/2026\/06\/persona_camille-r-96x96.jpg","contentUrl":"https:\/\/voyage-aventure.com\/blog\/wp-content\/uploads\/2026\/06\/persona_camille-r-96x96.jpg","caption":"Camille Rouvray"},"description":"Je voyage et j'\u00e9cris sur le voyage depuis une douzaine d'ann\u00e9es, d'abord en tant que routarde au long cours, puis comme r\u00e9dactrice sp\u00e9cialis\u00e9e. Mon terrain de pr\u00e9dilection, ce sont les circuits organis\u00e9s et l'art de bien pr\u00e9parer un itin\u00e9raire : choix de la saison, dur\u00e9e r\u00e9aliste des \u00e9tapes, budget jour par jour, logement et transport sur place. J'aime aussi raconter les p\u00e9pites urbaines, ces adresses qu'on ne trouve pas dans les guides classiques. Avant de publier un dossier destination, je croise toujours plusieurs sources, je v\u00e9rifie les tarifs et les formalit\u00e9s d'entr\u00e9e \u00e0 jour, et je teste moi-m\u00eame quand je le peux. Mon angle reste pratique avant tout : aider le lecteur \u00e0 partir l'esprit tranquille, sans mauvaise surprise une fois sur place. Je m'attache \u00e0 distinguer le coup de c\u0153ur sinc\u00e8re du simple argument marketing.","sameAs":["https:\/\/camillerouvray.fr\/"],"url":"https:\/\/voyage-aventure.com\/blog\/auteur\/noname\/"}]}},"_links":{"self":[{"href":"https:\/\/voyage-aventure.com\/blog\/wp-json\/wp\/v2\/posts\/8886","targetHints":{"allow":["GET"]}}],"collection":[{"href":"https:\/\/voyage-aventure.com\/blog\/wp-json\/wp\/v2\/posts"}],"about":[{"href":"https:\/\/voyage-aventure.com\/blog\/wp-json\/wp\/v2\/types\/post"}],"author":[{"embeddable":true,"href":"https:\/\/voyage-aventure.com\/blog\/wp-json\/wp\/v2\/users\/34"}],"replies":[{"embeddable":true,"href":"https:\/\/voyage-aventure.com\/blog\/wp-json\/wp\/v2\/comments?post=8886"}],"version-history":[{"count":2,"href":"https:\/\/voyage-aventure.com\/blog\/wp-json\/wp\/v2\/posts\/8886\/revisions"}],"predecessor-version":[{"id":22504,"href":"https:\/\/voyage-aventure.com\/blog\/wp-json\/wp\/v2\/posts\/8886\/revisions\/22504"}],"wp:featuredmedia":[{"embeddable":true,"href":"https:\/\/voyage-aventure.com\/blog\/wp-json\/wp\/v2\/media\/12027"}],"wp:attachment":[{"href":"https:\/\/voyage-aventure.com\/blog\/wp-json\/wp\/v2\/media?parent=8886"}],"wp:term":[{"taxonomy":"category","embeddable":true,"href":"https:\/\/voyage-aventure.com\/blog\/wp-json\/wp\/v2\/categories?post=8886"},{"taxonomy":"post_tag","embeddable":true,"href":"https:\/\/voyage-aventure.com\/blog\/wp-json\/wp\/v2\/tags?post=8886"}],"curies":[{"name":"wp","href":"https:\/\/api.w.org\/{rel}","templated":true}]}}