{"id":8879,"date":"2026-06-16T16:24:19","date_gmt":"2026-06-16T14:24:19","guid":{"rendered":"https:\/\/voyage-aventure.com\/blog\/a-la-une\/la-neige-a-portland-perturbe-le-quotidien-attention-au-verglas-a-venir\/"},"modified":"2026-06-16T16:24:19","modified_gmt":"2026-06-16T14:24:19","slug":"la-neige-a-portland-perturbe-le-quotidien-attention-au-verglas-a-venir","status":"publish","type":"post","link":"https:\/\/voyage-aventure.com\/blog\/a-la-une\/la-neige-a-portland-perturbe-le-quotidien-attention-au-verglas-a-venir\/","title":{"rendered":"La neige \u00e0 Portland perturbe le quotidien : attention au verglas \u00e0 venir !"},"content":{"rendered":"<link rel=\"stylesheet\" href=\"https:\/\/fonts.googleapis.com\/css2?family=Newsreader:ital,opsz,wght@0,6..72,500..700;1,6..72,500..600&#038;family=Inter:wght@400;500;600&#038;family=JetBrains+Mono:wght@500&#038;display=swap\">\n<style>\n.va-actu-wrap{font-family:'Inter',-apple-system,sans-serif;color:#1d2433;line-height:1.65;font-size:17px;max-width:760px}\n.va-actu-wrap h2{font-family:'Newsreader',Georgia,serif;font-weight:700;font-size:clamp(24px,3.2vw,33px);line-height:1.2;letter-spacing:-.01em;color:#0f1b3d;margin:48px 0 16px}\n.va-actu-wrap p{margin:0 0 18px}\n.va-actu-dateline{font-family:'JetBrains Mono',monospace;font-size:12.5px;font-weight:500;letter-spacing:.06em;text-transform:uppercase;color:#2563b6;margin:0 0 14px;display:flex;align-items:center;gap:9px}\n.va-actu-dateline::before{content:\"\";width:26px;height:2px;background:#2563b6;display:inline-block}\n.va-actu-chapo{font-family:'Newsreader',Georgia,serif;font-size:21px;line-height:1.5;color:#34415c;margin:0 0 28px}\n.va-actu-essentiel{background:#f3f7fd;border-left:5px solid #2563b6;border-radius:10px;padding:22px 24px;margin:8px 0 34px;box-shadow:0 1px 2px rgba(16,24,40,.05),0 12px 28px -18px rgba(16,24,40,.2)}\n.va-actu-essentiel .va-actu-eyebrow{font-family:'JetBrains Mono',monospace;font-size:12px;font-weight:500;letter-spacing:.08em;text-transform:uppercase;color:#2563b6;margin-bottom:12px}\n.va-actu-list{list-style:none;margin:0;padding:0}\n.va-actu-list li{position:relative;padding:7px 0 7px 26px;border-bottom:1px solid #e3ebf6}\n.va-actu-list li:last-child{border-bottom:0}\n.va-actu-list li::before{content:\"\";position:absolute;left:4px;top:15px;width:7px;height:7px;border-radius:50%;background:#2563b6}\n.va-actu-list li strong{color:#0f1b3d}\n.va-actu-quote{font-family:'Newsreader',Georgia,serif;font-style:italic;font-size:22px;line-height:1.45;color:#0f1b3d;border-left:4px solid #2563b6;padding:6px 0 6px 22px;margin:34px 0}\n.va-actu-quote .va-actu-cite{display:block;font-family:'Inter',sans-serif;font-style:normal;font-size:14px;font-weight:500;color:#5a6781;margin-top:12px}\n.va-actu-tips{display:grid;grid-template-columns:repeat(auto-fit,minmax(220px,1fr));gap:18px;margin:24px 0}\n.va-actu-tip{background:#fff;border:1px solid #e3ebf6;border-top:3px solid #2563b6;border-radius:12px;padding:20px 22px;transition:.25s ease;box-shadow:0 1px 2px rgba(16,24,40,.04)}\n.va-actu-tip:hover{transform:translateY(-3px);box-shadow:0 14px 30px -18px rgba(16,24,40,.3);border-color:#c7d8f0}\n.va-actu-tip .va-actu-th{font-family:'Newsreader',Georgia,serif;font-weight:600;font-size:18px;color:#0f1b3d;margin-bottom:6px}\n.va-actu-tip .va-actu-txt{font-size:15px;color:#465069;line-height:1.55}\n.va-actu-retenir{background:#0f1b3d;color:#dfe8f7;border-radius:12px;padding:24px 26px;margin:40px 0}\n.va-actu-retenir .va-actu-eyebrow{color:#7fb0f0}\n.va-actu-retenir .va-actu-list li{border-color:#27375f}\n.va-actu-retenir .va-actu-list li::before{background:#7fb0f0}\n.va-actu-retenir .va-actu-list li strong{color:#fff}\n.va-actu-faq{margin:34px 0}\n.va-actu-faq details{border:1px solid #e3ebf6;border-radius:10px;padding:4px 20px;margin-bottom:12px;transition:.25s ease;background:#fff}\n.va-actu-faq details:hover{border-color:#c7d8f0;box-shadow:0 8px 22px -16px rgba(16,24,40,.3)}\n.va-actu-faq summary{font-family:'Newsreader',Georgia,serif;font-weight:600;font-size:18px;color:#0f1b3d;cursor:pointer;padding:14px 0;list-style:none}\n.va-actu-faq summary::-webkit-details-marker{display:none}\n.va-actu-faq summary::before{content:\"+\";color:#2563b6;font-weight:700;margin-right:10px}\n.va-actu-faq details[open] summary::before{content:\"\u2013\"}\n.va-actu-faq .va-actu-ans{font-size:15.5px;color:#465069;line-height:1.6;padding:0 0 16px 22px}\n\/*RENDERFIX2*\/.va-actu-dateline::before{color:#eef3f9!important}.va-actu-dateline::before p,.va-actu-dateline::before li,.va-actu-dateline::before strong,.va-actu-dateline::before em,.va-actu-dateline::before a,.va-actu-dateline::before span,.va-actu-dateline::before b,.va-actu-dateline::before td,.va-actu-dateline::before th,.va-actu-dateline::before h2,.va-actu-dateline::before h3,.va-actu-dateline::before h4{color:#eef3f9!important}.va-actu-dateline::before strong,.va-actu-dateline::before b{color:#ffffff!important}.va-actu-list li::before{color:#eef3f9!important}.va-actu-list li::before p,.va-actu-list li::before li,.va-actu-list li::before strong,.va-actu-list li::before em,.va-actu-list li::before a,.va-actu-list li::before span,.va-actu-list li::before b,.va-actu-list li::before td,.va-actu-list li::before th,.va-actu-list li::before h2,.va-actu-list li::before h3,.va-actu-list li::before h4{color:#eef3f9!important}.va-actu-list li::before strong,.va-actu-list li::before b{color:#ffffff!important}.va-actu-retenir{color:#eef3f9!important}.va-actu-retenir p,.va-actu-retenir li,.va-actu-retenir strong,.va-actu-retenir em,.va-actu-retenir a,.va-actu-retenir span,.va-actu-retenir b,.va-actu-retenir td,.va-actu-retenir th,.va-actu-retenir h2,.va-actu-retenir h3,.va-actu-retenir h4{color:#eef3f9!important}.va-actu-retenir strong,.va-actu-retenir b{color:#ffffff!important}<\/style>\n<div class=\"va-actu-wrap\">\n<div class=\"va-actu-dateline\">Portland \u00b7 M\u00e9t\u00e9o \u00b7 Hiver 2025<\/div>\n<p class=\"va-actu-chapo\">Une rare chute de neige a paralys\u00e9 Portland jeudi dernier, et les pr\u00e9visions annoncent d\u00e9sormais une pluie vergla\u00e7ante susceptible d&rsquo;aggraver la situation sur les routes et les trottoirs de la ville.<\/p>\n<div class=\"va-actu-essentiel\">\n<div class=\"va-actu-eyebrow\">L&rsquo;essentiel<\/div>\n<ul class=\"va-actu-list\">\n<li><strong>Quoi \u2014<\/strong> environ un pouce de neige \u00e0 Portland, routes glissantes, accidents, \u00e9coles et bureaux ferm\u00e9s.<\/li>\n<li><strong>Quand \u2014<\/strong> jeudi dernier, avec un risque de pluie vergla\u00e7ante annonc\u00e9 pour la nuit suivante.<\/li>\n<li><strong>Pourquoi \u00e7a compte \u2014<\/strong> jusqu&rsquo;\u00e0 un dixi\u00e8me de pouce de glace attendu et des temp\u00e9ratures autour de 31 \u00b0F qui augmentent le risque d&rsquo;accidents.<\/li>\n<\/ul>\n<\/div>\n<h2>Des chutes de neige inattendues<\/h2>\n<p>Le jeudi dernier, Portland a connu environ un pouce de neige, entra\u00eenant des cons\u00e9quences d\u00e9sastreuses pour la ville. Les routes sont devenues glissantes, provoquant de nombreux accidents de la route et rendant la circulation difficile pour les automobilistes. Les \u00e9coles ont d\u00fb fermer leurs portes, et les bureaux du gouvernement ont \u00e9galement \u00e9t\u00e9 contraints de suspendre leurs activit\u00e9s.<\/p>\n<p>Cette temp\u00eate de neige a non seulement perturb\u00e9 le transport, mais a aussi mis \u00e0 mal les infrastructures. Des milliers de foyers ont temporairement perdu l&rsquo;\u00e9lectricit\u00e9, ajoutant un stress suppl\u00e9mentaire aux r\u00e9sidents d\u00e9j\u00e0 affect\u00e9s par les conditions climatiques. Les services d&rsquo;urgence ont \u00e9t\u00e9 mobilis\u00e9s pour g\u00e9rer les incidents li\u00e9s aux routes glissantes, une t\u00e2che qui s&rsquo;est av\u00e9r\u00e9e ardue.<\/p>\n<h2>Un verglas redout\u00e9 pour la nuit<\/h2>\n<p>Les pr\u00e9visions m\u00e9t\u00e9orologiques annoncent un retour de conditions encore plus p\u00e9rilleuses avec l&rsquo;arriv\u00e9e d&rsquo;une pluie vergla\u00e7ante. Selon David Bishop, m\u00e9t\u00e9orologue au National Weather Service, cette pluie pourrait laisser jusqu&rsquo;\u00e0 un dixi\u00e8me de pouce de glace sur les routes et les trottoirs. Les temp\u00e9ratures, qui resteront autour de 31 degr\u00e9s Fahrenheit, augmentent le risque d&rsquo;accidents et de chutes.<\/p>\n<p>Les autorit\u00e9s locales recommandent aux citoyens de rester prudents et de limiter leurs d\u00e9placements si possible. Les services de d\u00e9neigement et de salage des routes sont en alerte pour pr\u00e9parer la ville \u00e0 ces nouvelles conditions climatiques. Les r\u00e9sidents sont invit\u00e9s \u00e0 se tenir inform\u00e9s des alertes m\u00e9t\u00e9orologiques et \u00e0 suivre les conseils de s\u00e9curit\u00e9.<\/p>\n<div class=\"va-actu-quote\">\n\u00ab La s\u00e9curit\u00e9 doit \u00eatre notre priorit\u00e9 absolue lorsque nous faisons face \u00e0 des conditions climatiques difficiles \u00bb<br \/>\n<span class=\"va-actu-cite\">\u2014 Un porte-parole des services d&rsquo;urgence de Portland<\/span>\n<\/div>\n<h2>Pr\u00e9parer sa maison pour l&rsquo;hiver<\/h2>\n<p>Face \u00e0 des \u00e9v\u00e9nements climatiques extr\u00eames, il est crucial de bien pr\u00e9parer son domicile. Voici quelques r\u00e9flexes concrets pour faire face \u00e0 la neige et au verglas :<\/p>\n<div class=\"va-actu-tips\">\n<div class=\"va-actu-tip\">\n<div class=\"va-actu-th\">Chauffage<\/div>\n<div class=\"va-actu-txt\">V\u00e9rifiez votre syst\u00e8me de chauffage pour assurer un confort optimal pendant l&rsquo;\u00e9pisode froid.<\/div>\n<\/div>\n<div class=\"va-actu-tip\">\n<div class=\"va-actu-th\">Provisions<\/div>\n<div class=\"va-actu-txt\">Constituez un stock de provisions alimentaires et d&rsquo;eau en cas de coupure d&rsquo;\u00e9lectricit\u00e9.<\/div>\n<\/div>\n<div class=\"va-actu-tip\">\n<div class=\"va-actu-th\">D\u00e9neigement<\/div>\n<div class=\"va-actu-txt\">\u00c9quipez-vous de mat\u00e9riel adapt\u00e9, comme une pelle et du sel de d\u00e9neigement.<\/div>\n<\/div>\n<div class=\"va-actu-tip\">\n<div class=\"va-actu-th\">Tuyaux<\/div>\n<div class=\"va-actu-txt\">Prot\u00e9gez vos tuyaux pour \u00e9viter qu&rsquo;ils ne g\u00e8lent quand les temp\u00e9ratures chutent.<\/div>\n<\/div>\n<div class=\"va-actu-tip\">\n<div class=\"va-actu-th\">Premiers secours<\/div>\n<div class=\"va-actu-txt\">Gardez une trousse de premiers secours \u00e0 port\u00e9e de main en cas d&rsquo;incident.<\/div>\n<\/div>\n<\/div>\n<p>Cette temp\u00eate de neige rappelle l&rsquo;importance de la pr\u00e9paration en p\u00e9riode hivernale. Les r\u00e9sidents doivent rester vigilants et pr\u00eats \u00e0 r\u00e9agir face \u00e0 des conditions m\u00e9t\u00e9orologiques changeantes. En s&rsquo;informant et en se pr\u00e9parant ad\u00e9quatement, chacun peut contribuer \u00e0 r\u00e9duire les risques li\u00e9s \u00e0 ces \u00e9v\u00e9nements impr\u00e9vus.<\/p>\n<div class=\"va-actu-retenir\">\n<div class=\"va-actu-eyebrow\">\u00c0 retenir<\/div>\n<ul class=\"va-actu-list\">\n<li><strong>Un pouce de neige<\/strong> a suffi \u00e0 fermer \u00e9coles et bureaux et \u00e0 priver des milliers de foyers d&rsquo;\u00e9lectricit\u00e9 \u00e0 Portland.<\/li>\n<li>La <strong>pluie vergla\u00e7ante<\/strong> attendue pour la nuit, avec jusqu&rsquo;\u00e0 un dixi\u00e8me de pouce de glace, fait craindre des conditions encore plus dangereuses.<\/li>\n<li>Avec des temp\u00e9ratures autour de <strong>31 \u00b0F<\/strong>, les autorit\u00e9s appellent \u00e0 limiter les d\u00e9placements et \u00e0 rester inform\u00e9 des alertes.<\/li>\n<\/ul>\n<\/div>\n<div class=\"va-actu-faq\">\n<details>\n<summary>Quelle quantit\u00e9 de neige est tomb\u00e9e sur Portland ?<\/summary>\n<div class=\"va-actu-ans\">Environ un pouce de neige est tomb\u00e9 jeudi dernier, ce qui a suffi \u00e0 rendre les routes glissantes, \u00e0 fermer les \u00e9coles et les bureaux du gouvernement et \u00e0 provoquer des coupures d&rsquo;\u00e9lectricit\u00e9 dans des milliers de foyers.<\/div>\n<\/details>\n<details>\n<summary>Pourquoi le verglas annonc\u00e9 inqui\u00e8te-t-il autant ?<\/summary>\n<div class=\"va-actu-ans\">Selon le m\u00e9t\u00e9orologue David Bishop, du National Weather Service, la pluie vergla\u00e7ante attendue pourrait laisser jusqu&rsquo;\u00e0 un dixi\u00e8me de pouce de glace sur les routes et les trottoirs. Avec des temp\u00e9ratures autour de 31 \u00b0F, le risque d&rsquo;accidents et de chutes augmente fortement.<\/div>\n<\/details>\n<details>\n<summary>Que recommandent les autorit\u00e9s locales ?<\/summary>\n<div class=\"va-actu-ans\">Elles invitent les habitants \u00e0 rester prudents, \u00e0 limiter leurs d\u00e9placements si possible et \u00e0 suivre les alertes m\u00e9t\u00e9orologiques. Les services de d\u00e9neigement et de salage sont en alerte pour pr\u00e9parer la ville.<\/div>\n<\/details>\n<details>\n<summary>Comment pr\u00e9parer son logement face \u00e0 la neige et au verglas ?<\/summary>\n<div class=\"va-actu-ans\">V\u00e9rifiez votre chauffage, constituez des provisions d&rsquo;eau et de nourriture en cas de coupure, \u00e9quipez-vous d&rsquo;une pelle et de sel de d\u00e9neigement, prot\u00e9gez vos tuyaux du gel et gardez une trousse de premiers secours accessible.<\/div>\n<\/details>\n<\/div>\n<\/div>\n","protected":false},"excerpt":{"rendered":"","protected":false},"author":34,"featured_media":14185,"comment_status":"open","ping_status":"open","sticky":false,"template":"","format":"standard","meta":{"_acf_changed":false,"manual_indexmenow":false,"indexmenow_id_project":0,"footnotes":""},"categories":[1],"tags":[4542,3726,3928,4713,3170],"class_list":["post-8879","post","type-post","status-publish","format-standard","has-post-thumbnail","hentry","category-a-la-une","tag-activites-de-plein-air","tag-conditions-meteorologiques","tag-detente","tag-preparation","tag-securite","generate-columns","tablet-grid-50","mobile-grid-100","grid-parent","grid-25"],"acf":[],"yoast_head":"<!-- This site is optimized with the Yoast SEO Premium plugin v21.3 (Yoast SEO v25.1) - https:\/\/yoast.com\/wordpress\/plugins\/seo\/ -->\n<title>La neige \u00e0 Portland perturbe le quotidien : attention au<\/title>\n<meta name=\"description\" content=\"Une rare chute de neige a paralys\u00e9 Portland jeudi dernier, et les pr\u00e9visions annoncent d\u00e9sormais une pluie vergla\u00e7ante susceptible d&#039;aggraver la situation\" \/>\n<meta name=\"robots\" content=\"index, follow, max-snippet:-1, max-image-preview:large, max-video-preview:-1\" \/>\n<link rel=\"canonical\" href=\"https:\/\/voyage-aventure.com\/blog\/a-la-une\/la-neige-a-portland-perturbe-le-quotidien-attention-au-verglas-a-venir\/\" \/>\n<meta property=\"og:locale\" content=\"fr_FR\" \/>\n<meta property=\"og:type\" content=\"article\" \/>\n<meta property=\"og:title\" content=\"La neige \u00e0 Portland perturbe le quotidien : attention au\" \/>\n<meta property=\"og:description\" content=\"Une rare chute de neige a paralys\u00e9 Portland jeudi dernier, et les pr\u00e9visions annoncent d\u00e9sormais une pluie vergla\u00e7ante susceptible d&#039;aggraver la situation\" \/>\n<meta property=\"og:url\" content=\"https:\/\/voyage-aventure.com\/blog\/a-la-une\/la-neige-a-portland-perturbe-le-quotidien-attention-au-verglas-a-venir\/\" \/>\n<meta property=\"og:site_name\" content=\"voyage-aventure\" \/>\n<meta property=\"og:image\" content=\"https:\/\/voyage-aventure.com\/blog\/wp-content\/uploads\/2025\/03\/sdxl-2d42d9ffe7b6669c9223aa5e1e794a10.png\" \/>\n\t<meta property=\"og:image:width\" content=\"1200\" \/>\n\t<meta property=\"og:image:height\" content=\"500\" \/>\n\t<meta property=\"og:image:type\" content=\"image\/png\" \/>\n<meta name=\"author\" content=\"Camille Rouvray\" \/>\n<meta name=\"twitter:card\" content=\"summary_large_image\" \/>\n<script type=\"application\/ld+json\" class=\"yoast-schema-graph\">{\"@context\":\"https:\/\/schema.org\",\"@graph\":[{\"@type\":\"NewsArticle\",\"@id\":\"https:\/\/voyage-aventure.com\/blog\/a-la-une\/la-neige-a-portland-perturbe-le-quotidien-attention-au-verglas-a-venir\/#article\",\"isPartOf\":{\"@id\":\"https:\/\/voyage-aventure.com\/blog\/a-la-une\/la-neige-a-portland-perturbe-le-quotidien-attention-au-verglas-a-venir\/\"},\"author\":{\"name\":\"Camille Rouvray\",\"@id\":\"https:\/\/voyage-aventure.com\/blog\/#\/schema\/person\/3c864cdc320801e3db34b663e7e3f816\"},\"headline\":\"La neige \u00e0 Portland perturbe le quotidien : attention au verglas \u00e0 venir !\",\"datePublished\":\"2026-06-16T14:24:19+00:00\",\"mainEntityOfPage\":{\"@id\":\"https:\/\/voyage-aventure.com\/blog\/a-la-une\/la-neige-a-portland-perturbe-le-quotidien-attention-au-verglas-a-venir\/\"},\"wordCount\":839,\"commentCount\":8,\"publisher\":{\"@id\":\"https:\/\/voyage-aventure.com\/blog\/#organization\"},\"image\":{\"@id\":\"https:\/\/voyage-aventure.com\/blog\/a-la-une\/la-neige-a-portland-perturbe-le-quotidien-attention-au-verglas-a-venir\/#primaryimage\"},\"thumbnailUrl\":\"https:\/\/voyage-aventure.com\/blog\/wp-content\/uploads\/2025\/03\/sdxl-2d42d9ffe7b6669c9223aa5e1e794a10.png\",\"keywords\":[\"Activit\u00e9s de Plein Air\",\"Conditions M\u00e9t\u00e9orologiques\",\"D\u00e9tente\",\"Pr\u00e9paration\",\"S\u00e9curit\u00e9\"],\"articleSection\":[\"\u00c0 la une\"],\"inLanguage\":\"fr-FR\",\"potentialAction\":[{\"@type\":\"CommentAction\",\"name\":\"Comment\",\"target\":[\"https:\/\/voyage-aventure.com\/blog\/a-la-une\/la-neige-a-portland-perturbe-le-quotidien-attention-au-verglas-a-venir\/#respond\"]}]},{\"@type\":\"WebPage\",\"@id\":\"https:\/\/voyage-aventure.com\/blog\/a-la-une\/la-neige-a-portland-perturbe-le-quotidien-attention-au-verglas-a-venir\/\",\"url\":\"https:\/\/voyage-aventure.com\/blog\/a-la-une\/la-neige-a-portland-perturbe-le-quotidien-attention-au-verglas-a-venir\/\",\"name\":\"La neige \u00e0 Portland perturbe le quotidien : attention au\",\"isPartOf\":{\"@id\":\"https:\/\/voyage-aventure.com\/blog\/#website\"},\"primaryImageOfPage\":{\"@id\":\"https:\/\/voyage-aventure.com\/blog\/a-la-une\/la-neige-a-portland-perturbe-le-quotidien-attention-au-verglas-a-venir\/#primaryimage\"},\"image\":{\"@id\":\"https:\/\/voyage-aventure.com\/blog\/a-la-une\/la-neige-a-portland-perturbe-le-quotidien-attention-au-verglas-a-venir\/#primaryimage\"},\"thumbnailUrl\":\"https:\/\/voyage-aventure.com\/blog\/wp-content\/uploads\/2025\/03\/sdxl-2d42d9ffe7b6669c9223aa5e1e794a10.png\",\"datePublished\":\"2026-06-16T14:24:19+00:00\",\"description\":\"Une rare chute de neige a paralys\u00e9 Portland jeudi dernier, et les pr\u00e9visions annoncent d\u00e9sormais une pluie vergla\u00e7ante susceptible d'aggraver la situation\",\"inLanguage\":\"fr-FR\",\"potentialAction\":[{\"@type\":\"ReadAction\",\"target\":[\"https:\/\/voyage-aventure.com\/blog\/a-la-une\/la-neige-a-portland-perturbe-le-quotidien-attention-au-verglas-a-venir\/\"]}]},{\"@type\":\"ImageObject\",\"inLanguage\":\"fr-FR\",\"@id\":\"https:\/\/voyage-aventure.com\/blog\/a-la-une\/la-neige-a-portland-perturbe-le-quotidien-attention-au-verglas-a-venir\/#primaryimage\",\"url\":\"https:\/\/voyage-aventure.com\/blog\/wp-content\/uploads\/2025\/03\/sdxl-2d42d9ffe7b6669c9223aa5e1e794a10.png\",\"contentUrl\":\"https:\/\/voyage-aventure.com\/blog\/wp-content\/uploads\/2025\/03\/sdxl-2d42d9ffe7b6669c9223aa5e1e794a10.png\",\"width\":1536,\"height\":640},{\"@type\":\"WebSite\",\"@id\":\"https:\/\/voyage-aventure.com\/blog\/#website\",\"url\":\"https:\/\/voyage-aventure.com\/blog\/\",\"name\":\"voyage-aventure.com\",\"description\":\"Votre passeport pour l\u2019inattendu.\",\"publisher\":{\"@id\":\"https:\/\/voyage-aventure.com\/blog\/#organization\"},\"alternateName\":\"Votre passeport pour l\u2019inattendu.\",\"potentialAction\":[{\"@type\":\"SearchAction\",\"target\":{\"@type\":\"EntryPoint\",\"urlTemplate\":\"https:\/\/voyage-aventure.com\/blog\/?s={search_term_string}\"},\"query-input\":{\"@type\":\"PropertyValueSpecification\",\"valueRequired\":true,\"valueName\":\"search_term_string\"}}],\"inLanguage\":\"fr-FR\"},{\"@type\":\"Organization\",\"@id\":\"https:\/\/voyage-aventure.com\/blog\/#organization\",\"name\":\"Foretsensations.fr\",\"url\":\"https:\/\/voyage-aventure.com\/blog\/\",\"logo\":{\"@type\":\"ImageObject\",\"inLanguage\":\"fr-FR\",\"@id\":\"https:\/\/voyage-aventure.com\/blog\/#\/schema\/logo\/image\/\",\"url\":\"https:\/\/voyage-aventure.com\/blog\/wp-content\/uploads\/2024\/12\/19.png\",\"contentUrl\":\"https:\/\/voyage-aventure.com\/blog\/wp-content\/uploads\/2024\/12\/19.png\",\"width\":512,\"height\":512,\"caption\":\"Foretsensations.fr\"},\"image\":{\"@id\":\"https:\/\/voyage-aventure.com\/blog\/#\/schema\/logo\/image\/\"}},{\"@type\":\"Person\",\"@id\":\"https:\/\/voyage-aventure.com\/blog\/#\/schema\/person\/3c864cdc320801e3db34b663e7e3f816\",\"name\":\"Camille Rouvray\",\"image\":{\"@type\":\"ImageObject\",\"inLanguage\":\"fr-FR\",\"@id\":\"https:\/\/voyage-aventure.com\/blog\/#\/schema\/person\/image\/\",\"url\":\"https:\/\/voyage-aventure.com\/blog\/wp-content\/uploads\/2026\/06\/persona_camille-r-96x96.jpg\",\"contentUrl\":\"https:\/\/voyage-aventure.com\/blog\/wp-content\/uploads\/2026\/06\/persona_camille-r-96x96.jpg\",\"caption\":\"Camille Rouvray\"},\"description\":\"Je voyage et j'\u00e9cris sur le voyage depuis une douzaine d'ann\u00e9es, d'abord en tant que routarde au long cours, puis comme r\u00e9dactrice sp\u00e9cialis\u00e9e. Mon terrain de pr\u00e9dilection, ce sont les circuits organis\u00e9s et l'art de bien pr\u00e9parer un itin\u00e9raire : choix de la saison, dur\u00e9e r\u00e9aliste des \u00e9tapes, budget jour par jour, logement et transport sur place. J'aime aussi raconter les p\u00e9pites urbaines, ces adresses qu'on ne trouve pas dans les guides classiques. Avant de publier un dossier destination, je croise toujours plusieurs sources, je v\u00e9rifie les tarifs et les formalit\u00e9s d'entr\u00e9e \u00e0 jour, et je teste moi-m\u00eame quand je le peux. Mon angle reste pratique avant tout : aider le lecteur \u00e0 partir l'esprit tranquille, sans mauvaise surprise une fois sur place. Je m'attache \u00e0 distinguer le coup de c\u0153ur sinc\u00e8re du simple argument marketing.\",\"sameAs\":[\"https:\/\/camillerouvray.fr\/\"],\"url\":\"https:\/\/voyage-aventure.com\/blog\/auteur\/noname\/\"}]}<\/script>\n<!-- \/ Yoast SEO Premium plugin. -->","yoast_head_json":{"title":"La neige \u00e0 Portland perturbe le quotidien : attention au","description":"Une rare chute de neige a paralys\u00e9 Portland jeudi dernier, et les pr\u00e9visions annoncent d\u00e9sormais une pluie vergla\u00e7ante susceptible d'aggraver la situation","robots":{"index":"index","follow":"follow","max-snippet":"max-snippet:-1","max-image-preview":"max-image-preview:large","max-video-preview":"max-video-preview:-1"},"canonical":"https:\/\/voyage-aventure.com\/blog\/a-la-une\/la-neige-a-portland-perturbe-le-quotidien-attention-au-verglas-a-venir\/","og_locale":"fr_FR","og_type":"article","og_title":"La neige \u00e0 Portland perturbe le quotidien : attention au","og_description":"Une rare chute de neige a paralys\u00e9 Portland jeudi dernier, et les pr\u00e9visions annoncent d\u00e9sormais une pluie vergla\u00e7ante susceptible d'aggraver la situation","og_url":"https:\/\/voyage-aventure.com\/blog\/a-la-une\/la-neige-a-portland-perturbe-le-quotidien-attention-au-verglas-a-venir\/","og_site_name":"voyage-aventure","og_image":[{"url":"https:\/\/voyage-aventure.com\/blog\/wp-content\/uploads\/2025\/03\/sdxl-2d42d9ffe7b6669c9223aa5e1e794a10.png","width":1200,"height":500,"type":"image\/png"}],"author":"Camille Rouvray","twitter_card":"summary_large_image","schema":{"@context":"https:\/\/schema.org","@graph":[{"@type":"NewsArticle","@id":"https:\/\/voyage-aventure.com\/blog\/a-la-une\/la-neige-a-portland-perturbe-le-quotidien-attention-au-verglas-a-venir\/#article","isPartOf":{"@id":"https:\/\/voyage-aventure.com\/blog\/a-la-une\/la-neige-a-portland-perturbe-le-quotidien-attention-au-verglas-a-venir\/"},"author":{"name":"Camille Rouvray","@id":"https:\/\/voyage-aventure.com\/blog\/#\/schema\/person\/3c864cdc320801e3db34b663e7e3f816"},"headline":"La neige \u00e0 Portland perturbe le quotidien : attention au verglas \u00e0 venir !","datePublished":"2026-06-16T14:24:19+00:00","mainEntityOfPage":{"@id":"https:\/\/voyage-aventure.com\/blog\/a-la-une\/la-neige-a-portland-perturbe-le-quotidien-attention-au-verglas-a-venir\/"},"wordCount":839,"commentCount":8,"publisher":{"@id":"https:\/\/voyage-aventure.com\/blog\/#organization"},"image":{"@id":"https:\/\/voyage-aventure.com\/blog\/a-la-une\/la-neige-a-portland-perturbe-le-quotidien-attention-au-verglas-a-venir\/#primaryimage"},"thumbnailUrl":"https:\/\/voyage-aventure.com\/blog\/wp-content\/uploads\/2025\/03\/sdxl-2d42d9ffe7b6669c9223aa5e1e794a10.png","keywords":["Activit\u00e9s de Plein Air","Conditions M\u00e9t\u00e9orologiques","D\u00e9tente","Pr\u00e9paration","S\u00e9curit\u00e9"],"articleSection":["\u00c0 la une"],"inLanguage":"fr-FR","potentialAction":[{"@type":"CommentAction","name":"Comment","target":["https:\/\/voyage-aventure.com\/blog\/a-la-une\/la-neige-a-portland-perturbe-le-quotidien-attention-au-verglas-a-venir\/#respond"]}]},{"@type":"WebPage","@id":"https:\/\/voyage-aventure.com\/blog\/a-la-une\/la-neige-a-portland-perturbe-le-quotidien-attention-au-verglas-a-venir\/","url":"https:\/\/voyage-aventure.com\/blog\/a-la-une\/la-neige-a-portland-perturbe-le-quotidien-attention-au-verglas-a-venir\/","name":"La neige \u00e0 Portland perturbe le quotidien : attention au","isPartOf":{"@id":"https:\/\/voyage-aventure.com\/blog\/#website"},"primaryImageOfPage":{"@id":"https:\/\/voyage-aventure.com\/blog\/a-la-une\/la-neige-a-portland-perturbe-le-quotidien-attention-au-verglas-a-venir\/#primaryimage"},"image":{"@id":"https:\/\/voyage-aventure.com\/blog\/a-la-une\/la-neige-a-portland-perturbe-le-quotidien-attention-au-verglas-a-venir\/#primaryimage"},"thumbnailUrl":"https:\/\/voyage-aventure.com\/blog\/wp-content\/uploads\/2025\/03\/sdxl-2d42d9ffe7b6669c9223aa5e1e794a10.png","datePublished":"2026-06-16T14:24:19+00:00","description":"Une rare chute de neige a paralys\u00e9 Portland jeudi dernier, et les pr\u00e9visions annoncent d\u00e9sormais une pluie vergla\u00e7ante susceptible d'aggraver la situation","inLanguage":"fr-FR","potentialAction":[{"@type":"ReadAction","target":["https:\/\/voyage-aventure.com\/blog\/a-la-une\/la-neige-a-portland-perturbe-le-quotidien-attention-au-verglas-a-venir\/"]}]},{"@type":"ImageObject","inLanguage":"fr-FR","@id":"https:\/\/voyage-aventure.com\/blog\/a-la-une\/la-neige-a-portland-perturbe-le-quotidien-attention-au-verglas-a-venir\/#primaryimage","url":"https:\/\/voyage-aventure.com\/blog\/wp-content\/uploads\/2025\/03\/sdxl-2d42d9ffe7b6669c9223aa5e1e794a10.png","contentUrl":"https:\/\/voyage-aventure.com\/blog\/wp-content\/uploads\/2025\/03\/sdxl-2d42d9ffe7b6669c9223aa5e1e794a10.png","width":1536,"height":640},{"@type":"WebSite","@id":"https:\/\/voyage-aventure.com\/blog\/#website","url":"https:\/\/voyage-aventure.com\/blog\/","name":"voyage-aventure.com","description":"Votre passeport pour l\u2019inattendu.","publisher":{"@id":"https:\/\/voyage-aventure.com\/blog\/#organization"},"alternateName":"Votre passeport pour l\u2019inattendu.","potentialAction":[{"@type":"SearchAction","target":{"@type":"EntryPoint","urlTemplate":"https:\/\/voyage-aventure.com\/blog\/?s={search_term_string}"},"query-input":{"@type":"PropertyValueSpecification","valueRequired":true,"valueName":"search_term_string"}}],"inLanguage":"fr-FR"},{"@type":"Organization","@id":"https:\/\/voyage-aventure.com\/blog\/#organization","name":"Foretsensations.fr","url":"https:\/\/voyage-aventure.com\/blog\/","logo":{"@type":"ImageObject","inLanguage":"fr-FR","@id":"https:\/\/voyage-aventure.com\/blog\/#\/schema\/logo\/image\/","url":"https:\/\/voyage-aventure.com\/blog\/wp-content\/uploads\/2024\/12\/19.png","contentUrl":"https:\/\/voyage-aventure.com\/blog\/wp-content\/uploads\/2024\/12\/19.png","width":512,"height":512,"caption":"Foretsensations.fr"},"image":{"@id":"https:\/\/voyage-aventure.com\/blog\/#\/schema\/logo\/image\/"}},{"@type":"Person","@id":"https:\/\/voyage-aventure.com\/blog\/#\/schema\/person\/3c864cdc320801e3db34b663e7e3f816","name":"Camille Rouvray","image":{"@type":"ImageObject","inLanguage":"fr-FR","@id":"https:\/\/voyage-aventure.com\/blog\/#\/schema\/person\/image\/","url":"https:\/\/voyage-aventure.com\/blog\/wp-content\/uploads\/2026\/06\/persona_camille-r-96x96.jpg","contentUrl":"https:\/\/voyage-aventure.com\/blog\/wp-content\/uploads\/2026\/06\/persona_camille-r-96x96.jpg","caption":"Camille Rouvray"},"description":"Je voyage et j'\u00e9cris sur le voyage depuis une douzaine d'ann\u00e9es, d'abord en tant que routarde au long cours, puis comme r\u00e9dactrice sp\u00e9cialis\u00e9e. Mon terrain de pr\u00e9dilection, ce sont les circuits organis\u00e9s et l'art de bien pr\u00e9parer un itin\u00e9raire : choix de la saison, dur\u00e9e r\u00e9aliste des \u00e9tapes, budget jour par jour, logement et transport sur place. J'aime aussi raconter les p\u00e9pites urbaines, ces adresses qu'on ne trouve pas dans les guides classiques. Avant de publier un dossier destination, je croise toujours plusieurs sources, je v\u00e9rifie les tarifs et les formalit\u00e9s d'entr\u00e9e \u00e0 jour, et je teste moi-m\u00eame quand je le peux. Mon angle reste pratique avant tout : aider le lecteur \u00e0 partir l'esprit tranquille, sans mauvaise surprise une fois sur place. Je m'attache \u00e0 distinguer le coup de c\u0153ur sinc\u00e8re du simple argument marketing.","sameAs":["https:\/\/camillerouvray.fr\/"],"url":"https:\/\/voyage-aventure.com\/blog\/auteur\/noname\/"}]}},"_links":{"self":[{"href":"https:\/\/voyage-aventure.com\/blog\/wp-json\/wp\/v2\/posts\/8879","targetHints":{"allow":["GET"]}}],"collection":[{"href":"https:\/\/voyage-aventure.com\/blog\/wp-json\/wp\/v2\/posts"}],"about":[{"href":"https:\/\/voyage-aventure.com\/blog\/wp-json\/wp\/v2\/types\/post"}],"author":[{"embeddable":true,"href":"https:\/\/voyage-aventure.com\/blog\/wp-json\/wp\/v2\/users\/34"}],"replies":[{"embeddable":true,"href":"https:\/\/voyage-aventure.com\/blog\/wp-json\/wp\/v2\/comments?post=8879"}],"version-history":[{"count":2,"href":"https:\/\/voyage-aventure.com\/blog\/wp-json\/wp\/v2\/posts\/8879\/revisions"}],"predecessor-version":[{"id":22503,"href":"https:\/\/voyage-aventure.com\/blog\/wp-json\/wp\/v2\/posts\/8879\/revisions\/22503"}],"wp:featuredmedia":[{"embeddable":true,"href":"https:\/\/voyage-aventure.com\/blog\/wp-json\/wp\/v2\/media\/14185"}],"wp:attachment":[{"href":"https:\/\/voyage-aventure.com\/blog\/wp-json\/wp\/v2\/media?parent=8879"}],"wp:term":[{"taxonomy":"category","embeddable":true,"href":"https:\/\/voyage-aventure.com\/blog\/wp-json\/wp\/v2\/categories?post=8879"},{"taxonomy":"post_tag","embeddable":true,"href":"https:\/\/voyage-aventure.com\/blog\/wp-json\/wp\/v2\/tags?post=8879"}],"curies":[{"name":"wp","href":"https:\/\/api.w.org\/{rel}","templated":true}]}}