{"id":8857,"date":"2025-02-14T14:56:46","date_gmt":"2025-02-14T13:56:46","guid":{"rendered":"https:\/\/voyage-aventure.com\/blog\/?p=8857"},"modified":"2025-02-14T00:31:32","modified_gmt":"2025-02-13T23:31:32","slug":"des-tempetes-hivernales-creent-des-conditions-difficiles-pour-les-deplacements-et-les-ecoles","status":"publish","type":"post","link":"https:\/\/voyage-aventure.com\/blog\/a-la-une\/des-tempetes-hivernales-creent-des-conditions-difficiles-pour-les-deplacements-et-les-ecoles\/","title":{"rendered":"Des temp\u00eates hivernales cr\u00e9ent des conditions difficiles pour les d\u00e9placements et les \u00e9coles"},"content":{"rendered":"<h2>Une temp\u00eate hivernale \u00e0 l&rsquo;horizon<\/h2>\n<p>Selon le Service national de m\u00e9t\u00e9orologie, des avis de conditions hivernales et de vents violents sont en vigueur, rendant les d\u00e9placements dangereux. Les pr\u00e9visions annoncent la possibilit\u00e9 de verglas, compliquant davantage la circulation routi\u00e8re jusqu&rsquo;\u00e0 jeudi apr\u00e8s-midi.<\/p>\n<p>Apr\u00e8s une l\u00e9g\u00e8re accalmie attendue vendredi, un Nor\u2019easter plus puissant devrait apporter jusqu&rsquo;\u00e0 un pied de neige suppl\u00e9mentaire entre samedi et dimanche. Ce retour de conditions neigeuses soul\u00e8ve des inqui\u00e9tudes, mais aussi des sentiments d&rsquo;excitation pour les amateurs de sports d&rsquo;hiver et les familles. Les habitants sont partag\u00e9s entre la prudence et la joie de voir enfin de la neige abondante.<\/p>\n<h2>La joie des enfants et des familles<\/h2>\n<p>Pour beaucoup de familles, ce manteau neigeux est une occasion r\u00eav\u00e9e. Sam Claro, un r\u00e9sident de Williston, exprime sa satisfaction face \u00e0 ce retour de l&rsquo;hiver traditionnel. \u00ab Si c&rsquo;est froid, que \u00e7a neige, laissez les enfants jouer et profitez-en tous \u00bb, d\u00e9clare-t-il tout en d\u00e9blayant les deux pouces de neige fra\u00eeche devant chez lui.<\/p>\n<p>Les enfants, comme Anna Claro, profitent pleinement de ces journ\u00e9es d&rsquo;hiver. \u00ab J&rsquo;adore toute cette neige, car je peux enfin construire des forts de neige et passer toute la journ\u00e9e dehors \u00e0 m&rsquo;amuser \u00bb, dit-elle avec enthousiasme. Les \u00e9coles de la r\u00e9gion ont connu des fermetures ou des retards, permettant \u00e0 certains de profiter d&rsquo;une journ\u00e9e de loisirs en famille.<\/p>\n<p><iframe loading=\"lazy\" title=\"Les furies de la terre : Blizzards | Documentaire Fran\u00e7ais\" width=\"1200\" height=\"675\" src=\"https:\/\/www.youtube.com\/embed\/xnaJAORrP2E?feature=oembed\" frameborder=\"0\" allow=\"accelerometer; autoplay; clipboard-write; encrypted-media; gyroscope; picture-in-picture; web-share\" referrerpolicy=\"strict-origin-when-cross-origin\" allowfullscreen><\/iframe><\/p>\n<h2>Un hiver g\u00e9n\u00e9reux et ses cons\u00e9quences<\/h2>\n<p>Avec plus d&rsquo;un pied de neige tomb\u00e9 au cours des deux derni\u00e8res semaines \u00e0 Burlington, les stations de ski et les centres r\u00e9cr\u00e9atifs sont en effervescence. Les skieurs au Catamount Outdoor Family Center profitent de conditions id\u00e9ales, d\u00e9crivant cette saison comme des \u00ab recharges gratuites \u00bb de neige. Steve Dasilva, un skieur local, se r\u00e9jouit de la qualit\u00e9 des pistes.<\/p>\n<p>\u00ab Tous ceux qui viennent ici sont heureux, l\u2019ambiance est bien meilleure. Tout le monde est excit\u00e9 d&rsquo;avoir de la neige pour le ski dans la vall\u00e9e \u00bb, explique Andrew Gewirtz du centre. La montagne Mansfield a signal\u00e9 un total impressionnant de plus de 82 pouces de neige, d\u00e9passant de pr\u00e8s de deux pieds la moyenne. Cela en fait l&rsquo;une des saisons les plus enneig\u00e9es depuis des ann\u00e9es.<\/p>\n<blockquote><p>\n    \u00ab Chaque jour, je d\u00e9neige, enfin un hiver normal \u00bb, souligne Sam Claro, repr\u00e9sentant l&rsquo;optimisme face \u00e0 cette temp\u00eate.\n<\/p><\/blockquote>\n<ul>\n<li>Pr\u00e9visions de neige abondante ce week-end<\/li>\n<li>Conditions de conduite difficiles attendues<\/li>\n<li>Fermetures d&rsquo;\u00e9coles favorisant les loisirs en plein air<\/li>\n<li>Enthousiasme des skieurs et des familles<\/li>\n<li>Une des saisons les plus enneig\u00e9es depuis longtemps<\/li>\n<\/ul>\n<p>Alors que les temp\u00eates hivernales continuent de balayer la r\u00e9gion, la communaut\u00e9 fait preuve de r\u00e9silience et d&rsquo;enthousiasme. Les habitants sont appel\u00e9s \u00e0 faire preuve de prudence sur les routes tout en profitant des joies simples que la neige apporte. Que ce soit pour s&rsquo;amuser \u00e0 l&rsquo;ext\u00e9rieur ou pour profiter des plaisirs de l&rsquo;hiver, cette saison semble prometteuse pour tous.<\/p>\n","protected":false},"excerpt":{"rendered":"","protected":false},"author":34,"featured_media":12464,"comment_status":"open","ping_status":"open","sticky":false,"template":"","format":"standard","meta":{"_acf_changed":false,"manual_indexmenow":false,"indexmenow_id_project":0,"footnotes":""},"categories":[1],"tags":[4542,3726,3928,4530,4625],"class_list":["post-8857","post","type-post","status-publish","format-standard","has-post-thumbnail","hentry","category-a-la-une","tag-activites-de-plein-air","tag-conditions-meteorologiques","tag-detente","tag-escapade-en-europe","tag-passion-du-voyage","generate-columns","tablet-grid-50","mobile-grid-100","grid-parent","grid-25"],"acf":[],"yoast_head":"<!-- This site is optimized with the Yoast SEO Premium plugin v21.3 (Yoast SEO v25.1) - https:\/\/yoast.com\/wordpress\/plugins\/seo\/ -->\n<title>Des temp\u00eates hivernales cr\u00e9ent des conditions difficiles<\/title>\n<meta name=\"description\" content=\"Selon le Service national de m\u00e9t\u00e9orologie, des avis de conditions hivernales et de vents violents sont en vigueur, rendant les d\u00e9placements dangereux. Les\" \/>\n<meta name=\"robots\" content=\"index, follow, max-snippet:-1, max-image-preview:large, max-video-preview:-1\" \/>\n<link rel=\"canonical\" href=\"https:\/\/voyage-aventure.com\/blog\/a-la-une\/des-tempetes-hivernales-creent-des-conditions-difficiles-pour-les-deplacements-et-les-ecoles\/\" \/>\n<meta property=\"og:locale\" content=\"fr_FR\" \/>\n<meta property=\"og:type\" content=\"article\" \/>\n<meta property=\"og:title\" content=\"Des temp\u00eates hivernales cr\u00e9ent des conditions difficiles\" \/>\n<meta property=\"og:description\" content=\"Selon le Service national de m\u00e9t\u00e9orologie, des avis de conditions hivernales et de vents violents sont en vigueur, rendant les d\u00e9placements dangereux. Les\" \/>\n<meta property=\"og:url\" content=\"https:\/\/voyage-aventure.com\/blog\/a-la-une\/des-tempetes-hivernales-creent-des-conditions-difficiles-pour-les-deplacements-et-les-ecoles\/\" \/>\n<meta property=\"og:site_name\" content=\"voyage-aventure\" \/>\n<meta property=\"og:image\" content=\"https:\/\/voyage-aventure.com\/blog\/wp-content\/uploads\/2025\/02\/sdxl-2659303541055ea027535a906cabc99f.png\" \/>\n\t<meta property=\"og:image:width\" content=\"1536\" \/>\n\t<meta property=\"og:image:height\" content=\"640\" \/>\n\t<meta property=\"og:image:type\" content=\"image\/png\" \/>\n<meta name=\"author\" content=\"Camille Rouvray\" \/>\n<meta name=\"twitter:card\" content=\"summary_large_image\" \/>\n<script type=\"application\/ld+json\" class=\"yoast-schema-graph\">{\"@context\":\"https:\/\/schema.org\",\"@graph\":[{\"@type\":\"NewsArticle\",\"@id\":\"https:\/\/voyage-aventure.com\/blog\/a-la-une\/des-tempetes-hivernales-creent-des-conditions-difficiles-pour-les-deplacements-et-les-ecoles\/#article\",\"isPartOf\":{\"@id\":\"https:\/\/voyage-aventure.com\/blog\/a-la-une\/des-tempetes-hivernales-creent-des-conditions-difficiles-pour-les-deplacements-et-les-ecoles\/\"},\"author\":{\"name\":\"Camille Rouvray\",\"@id\":\"https:\/\/voyage-aventure.com\/blog\/#\/schema\/person\/3c864cdc320801e3db34b663e7e3f816\"},\"headline\":\"Des temp\u00eates hivernales cr\u00e9ent des conditions difficiles pour les d\u00e9placements et les \u00e9coles\",\"datePublished\":\"2025-02-14T13:56:46+00:00\",\"mainEntityOfPage\":{\"@id\":\"https:\/\/voyage-aventure.com\/blog\/a-la-une\/des-tempetes-hivernales-creent-des-conditions-difficiles-pour-les-deplacements-et-les-ecoles\/\"},\"wordCount\":541,\"commentCount\":33,\"publisher\":{\"@id\":\"https:\/\/voyage-aventure.com\/blog\/#organization\"},\"image\":{\"@id\":\"https:\/\/voyage-aventure.com\/blog\/a-la-une\/des-tempetes-hivernales-creent-des-conditions-difficiles-pour-les-deplacements-et-les-ecoles\/#primaryimage\"},\"thumbnailUrl\":\"https:\/\/voyage-aventure.com\/blog\/wp-content\/uploads\/2025\/02\/sdxl-2659303541055ea027535a906cabc99f.png\",\"keywords\":[\"Activit\u00e9s de Plein Air\",\"Conditions M\u00e9t\u00e9orologiques\",\"D\u00e9tente\",\"Escapade en Europe\",\"Passion Du Voyage\"],\"articleSection\":[\"\u00c0 la une\"],\"inLanguage\":\"fr-FR\",\"potentialAction\":[{\"@type\":\"CommentAction\",\"name\":\"Comment\",\"target\":[\"https:\/\/voyage-aventure.com\/blog\/a-la-une\/des-tempetes-hivernales-creent-des-conditions-difficiles-pour-les-deplacements-et-les-ecoles\/#respond\"]}]},{\"@type\":\"WebPage\",\"@id\":\"https:\/\/voyage-aventure.com\/blog\/a-la-une\/des-tempetes-hivernales-creent-des-conditions-difficiles-pour-les-deplacements-et-les-ecoles\/\",\"url\":\"https:\/\/voyage-aventure.com\/blog\/a-la-une\/des-tempetes-hivernales-creent-des-conditions-difficiles-pour-les-deplacements-et-les-ecoles\/\",\"name\":\"Des temp\u00eates hivernales cr\u00e9ent des conditions difficiles\",\"isPartOf\":{\"@id\":\"https:\/\/voyage-aventure.com\/blog\/#website\"},\"primaryImageOfPage\":{\"@id\":\"https:\/\/voyage-aventure.com\/blog\/a-la-une\/des-tempetes-hivernales-creent-des-conditions-difficiles-pour-les-deplacements-et-les-ecoles\/#primaryimage\"},\"image\":{\"@id\":\"https:\/\/voyage-aventure.com\/blog\/a-la-une\/des-tempetes-hivernales-creent-des-conditions-difficiles-pour-les-deplacements-et-les-ecoles\/#primaryimage\"},\"thumbnailUrl\":\"https:\/\/voyage-aventure.com\/blog\/wp-content\/uploads\/2025\/02\/sdxl-2659303541055ea027535a906cabc99f.png\",\"datePublished\":\"2025-02-14T13:56:46+00:00\",\"description\":\"Selon le Service national de m\u00e9t\u00e9orologie, des avis de conditions hivernales et de vents violents sont en vigueur, rendant les d\u00e9placements dangereux. Les\",\"inLanguage\":\"fr-FR\",\"potentialAction\":[{\"@type\":\"ReadAction\",\"target\":[\"https:\/\/voyage-aventure.com\/blog\/a-la-une\/des-tempetes-hivernales-creent-des-conditions-difficiles-pour-les-deplacements-et-les-ecoles\/\"]}]},{\"@type\":\"ImageObject\",\"inLanguage\":\"fr-FR\",\"@id\":\"https:\/\/voyage-aventure.com\/blog\/a-la-une\/des-tempetes-hivernales-creent-des-conditions-difficiles-pour-les-deplacements-et-les-ecoles\/#primaryimage\",\"url\":\"https:\/\/voyage-aventure.com\/blog\/wp-content\/uploads\/2025\/02\/sdxl-2659303541055ea027535a906cabc99f.png\",\"contentUrl\":\"https:\/\/voyage-aventure.com\/blog\/wp-content\/uploads\/2025\/02\/sdxl-2659303541055ea027535a906cabc99f.png\",\"width\":1536,\"height\":640},{\"@type\":\"WebSite\",\"@id\":\"https:\/\/voyage-aventure.com\/blog\/#website\",\"url\":\"https:\/\/voyage-aventure.com\/blog\/\",\"name\":\"voyage-aventure.com\",\"description\":\"Votre passeport pour l\u2019inattendu.\",\"publisher\":{\"@id\":\"https:\/\/voyage-aventure.com\/blog\/#organization\"},\"alternateName\":\"Votre passeport pour l\u2019inattendu.\",\"potentialAction\":[{\"@type\":\"SearchAction\",\"target\":{\"@type\":\"EntryPoint\",\"urlTemplate\":\"https:\/\/voyage-aventure.com\/blog\/?s={search_term_string}\"},\"query-input\":{\"@type\":\"PropertyValueSpecification\",\"valueRequired\":true,\"valueName\":\"search_term_string\"}}],\"inLanguage\":\"fr-FR\"},{\"@type\":\"Organization\",\"@id\":\"https:\/\/voyage-aventure.com\/blog\/#organization\",\"name\":\"Foretsensations.fr\",\"url\":\"https:\/\/voyage-aventure.com\/blog\/\",\"logo\":{\"@type\":\"ImageObject\",\"inLanguage\":\"fr-FR\",\"@id\":\"https:\/\/voyage-aventure.com\/blog\/#\/schema\/logo\/image\/\",\"url\":\"https:\/\/voyage-aventure.com\/blog\/wp-content\/uploads\/2024\/12\/19.png\",\"contentUrl\":\"https:\/\/voyage-aventure.com\/blog\/wp-content\/uploads\/2024\/12\/19.png\",\"width\":512,\"height\":512,\"caption\":\"Foretsensations.fr\"},\"image\":{\"@id\":\"https:\/\/voyage-aventure.com\/blog\/#\/schema\/logo\/image\/\"}},{\"@type\":\"Person\",\"@id\":\"https:\/\/voyage-aventure.com\/blog\/#\/schema\/person\/3c864cdc320801e3db34b663e7e3f816\",\"name\":\"Camille Rouvray\",\"image\":{\"@type\":\"ImageObject\",\"inLanguage\":\"fr-FR\",\"@id\":\"https:\/\/voyage-aventure.com\/blog\/#\/schema\/person\/image\/\",\"url\":\"https:\/\/voyage-aventure.com\/blog\/wp-content\/uploads\/2026\/06\/persona_camille-r-96x96.jpg\",\"contentUrl\":\"https:\/\/voyage-aventure.com\/blog\/wp-content\/uploads\/2026\/06\/persona_camille-r-96x96.jpg\",\"caption\":\"Camille Rouvray\"},\"description\":\"Je voyage et j'\u00e9cris sur le voyage depuis une douzaine d'ann\u00e9es, d'abord en tant que routarde au long cours, puis comme r\u00e9dactrice sp\u00e9cialis\u00e9e. Mon terrain de pr\u00e9dilection, ce sont les circuits organis\u00e9s et l'art de bien pr\u00e9parer un itin\u00e9raire : choix de la saison, dur\u00e9e r\u00e9aliste des \u00e9tapes, budget jour par jour, logement et transport sur place. J'aime aussi raconter les p\u00e9pites urbaines, ces adresses qu'on ne trouve pas dans les guides classiques. Avant de publier un dossier destination, je croise toujours plusieurs sources, je v\u00e9rifie les tarifs et les formalit\u00e9s d'entr\u00e9e \u00e0 jour, et je teste moi-m\u00eame quand je le peux. Mon angle reste pratique avant tout : aider le lecteur \u00e0 partir l'esprit tranquille, sans mauvaise surprise une fois sur place. Je m'attache \u00e0 distinguer le coup de c\u0153ur sinc\u00e8re du simple argument marketing.\",\"sameAs\":[\"https:\/\/camillerouvray.fr\/\"],\"url\":\"https:\/\/voyage-aventure.com\/blog\/auteur\/noname\/\"}]}<\/script>\n<!-- \/ Yoast SEO Premium plugin. -->","yoast_head_json":{"title":"Des temp\u00eates hivernales cr\u00e9ent des conditions difficiles","description":"Selon le Service national de m\u00e9t\u00e9orologie, des avis de conditions hivernales et de vents violents sont en vigueur, rendant les d\u00e9placements dangereux. Les","robots":{"index":"index","follow":"follow","max-snippet":"max-snippet:-1","max-image-preview":"max-image-preview:large","max-video-preview":"max-video-preview:-1"},"canonical":"https:\/\/voyage-aventure.com\/blog\/a-la-une\/des-tempetes-hivernales-creent-des-conditions-difficiles-pour-les-deplacements-et-les-ecoles\/","og_locale":"fr_FR","og_type":"article","og_title":"Des temp\u00eates hivernales cr\u00e9ent des conditions difficiles","og_description":"Selon le Service national de m\u00e9t\u00e9orologie, des avis de conditions hivernales et de vents violents sont en vigueur, rendant les d\u00e9placements dangereux. Les","og_url":"https:\/\/voyage-aventure.com\/blog\/a-la-une\/des-tempetes-hivernales-creent-des-conditions-difficiles-pour-les-deplacements-et-les-ecoles\/","og_site_name":"voyage-aventure","og_image":[{"width":1536,"height":640,"url":"https:\/\/voyage-aventure.com\/blog\/wp-content\/uploads\/2025\/02\/sdxl-2659303541055ea027535a906cabc99f.png","type":"image\/png"}],"author":"Camille Rouvray","twitter_card":"summary_large_image","schema":{"@context":"https:\/\/schema.org","@graph":[{"@type":"NewsArticle","@id":"https:\/\/voyage-aventure.com\/blog\/a-la-une\/des-tempetes-hivernales-creent-des-conditions-difficiles-pour-les-deplacements-et-les-ecoles\/#article","isPartOf":{"@id":"https:\/\/voyage-aventure.com\/blog\/a-la-une\/des-tempetes-hivernales-creent-des-conditions-difficiles-pour-les-deplacements-et-les-ecoles\/"},"author":{"name":"Camille Rouvray","@id":"https:\/\/voyage-aventure.com\/blog\/#\/schema\/person\/3c864cdc320801e3db34b663e7e3f816"},"headline":"Des temp\u00eates hivernales cr\u00e9ent des conditions difficiles pour les d\u00e9placements et les \u00e9coles","datePublished":"2025-02-14T13:56:46+00:00","mainEntityOfPage":{"@id":"https:\/\/voyage-aventure.com\/blog\/a-la-une\/des-tempetes-hivernales-creent-des-conditions-difficiles-pour-les-deplacements-et-les-ecoles\/"},"wordCount":541,"commentCount":33,"publisher":{"@id":"https:\/\/voyage-aventure.com\/blog\/#organization"},"image":{"@id":"https:\/\/voyage-aventure.com\/blog\/a-la-une\/des-tempetes-hivernales-creent-des-conditions-difficiles-pour-les-deplacements-et-les-ecoles\/#primaryimage"},"thumbnailUrl":"https:\/\/voyage-aventure.com\/blog\/wp-content\/uploads\/2025\/02\/sdxl-2659303541055ea027535a906cabc99f.png","keywords":["Activit\u00e9s de Plein Air","Conditions M\u00e9t\u00e9orologiques","D\u00e9tente","Escapade en Europe","Passion Du Voyage"],"articleSection":["\u00c0 la une"],"inLanguage":"fr-FR","potentialAction":[{"@type":"CommentAction","name":"Comment","target":["https:\/\/voyage-aventure.com\/blog\/a-la-une\/des-tempetes-hivernales-creent-des-conditions-difficiles-pour-les-deplacements-et-les-ecoles\/#respond"]}]},{"@type":"WebPage","@id":"https:\/\/voyage-aventure.com\/blog\/a-la-une\/des-tempetes-hivernales-creent-des-conditions-difficiles-pour-les-deplacements-et-les-ecoles\/","url":"https:\/\/voyage-aventure.com\/blog\/a-la-une\/des-tempetes-hivernales-creent-des-conditions-difficiles-pour-les-deplacements-et-les-ecoles\/","name":"Des temp\u00eates hivernales cr\u00e9ent des conditions difficiles","isPartOf":{"@id":"https:\/\/voyage-aventure.com\/blog\/#website"},"primaryImageOfPage":{"@id":"https:\/\/voyage-aventure.com\/blog\/a-la-une\/des-tempetes-hivernales-creent-des-conditions-difficiles-pour-les-deplacements-et-les-ecoles\/#primaryimage"},"image":{"@id":"https:\/\/voyage-aventure.com\/blog\/a-la-une\/des-tempetes-hivernales-creent-des-conditions-difficiles-pour-les-deplacements-et-les-ecoles\/#primaryimage"},"thumbnailUrl":"https:\/\/voyage-aventure.com\/blog\/wp-content\/uploads\/2025\/02\/sdxl-2659303541055ea027535a906cabc99f.png","datePublished":"2025-02-14T13:56:46+00:00","description":"Selon le Service national de m\u00e9t\u00e9orologie, des avis de conditions hivernales et de vents violents sont en vigueur, rendant les d\u00e9placements dangereux. Les","inLanguage":"fr-FR","potentialAction":[{"@type":"ReadAction","target":["https:\/\/voyage-aventure.com\/blog\/a-la-une\/des-tempetes-hivernales-creent-des-conditions-difficiles-pour-les-deplacements-et-les-ecoles\/"]}]},{"@type":"ImageObject","inLanguage":"fr-FR","@id":"https:\/\/voyage-aventure.com\/blog\/a-la-une\/des-tempetes-hivernales-creent-des-conditions-difficiles-pour-les-deplacements-et-les-ecoles\/#primaryimage","url":"https:\/\/voyage-aventure.com\/blog\/wp-content\/uploads\/2025\/02\/sdxl-2659303541055ea027535a906cabc99f.png","contentUrl":"https:\/\/voyage-aventure.com\/blog\/wp-content\/uploads\/2025\/02\/sdxl-2659303541055ea027535a906cabc99f.png","width":1536,"height":640},{"@type":"WebSite","@id":"https:\/\/voyage-aventure.com\/blog\/#website","url":"https:\/\/voyage-aventure.com\/blog\/","name":"voyage-aventure.com","description":"Votre passeport pour l\u2019inattendu.","publisher":{"@id":"https:\/\/voyage-aventure.com\/blog\/#organization"},"alternateName":"Votre passeport pour l\u2019inattendu.","potentialAction":[{"@type":"SearchAction","target":{"@type":"EntryPoint","urlTemplate":"https:\/\/voyage-aventure.com\/blog\/?s={search_term_string}"},"query-input":{"@type":"PropertyValueSpecification","valueRequired":true,"valueName":"search_term_string"}}],"inLanguage":"fr-FR"},{"@type":"Organization","@id":"https:\/\/voyage-aventure.com\/blog\/#organization","name":"Foretsensations.fr","url":"https:\/\/voyage-aventure.com\/blog\/","logo":{"@type":"ImageObject","inLanguage":"fr-FR","@id":"https:\/\/voyage-aventure.com\/blog\/#\/schema\/logo\/image\/","url":"https:\/\/voyage-aventure.com\/blog\/wp-content\/uploads\/2024\/12\/19.png","contentUrl":"https:\/\/voyage-aventure.com\/blog\/wp-content\/uploads\/2024\/12\/19.png","width":512,"height":512,"caption":"Foretsensations.fr"},"image":{"@id":"https:\/\/voyage-aventure.com\/blog\/#\/schema\/logo\/image\/"}},{"@type":"Person","@id":"https:\/\/voyage-aventure.com\/blog\/#\/schema\/person\/3c864cdc320801e3db34b663e7e3f816","name":"Camille Rouvray","image":{"@type":"ImageObject","inLanguage":"fr-FR","@id":"https:\/\/voyage-aventure.com\/blog\/#\/schema\/person\/image\/","url":"https:\/\/voyage-aventure.com\/blog\/wp-content\/uploads\/2026\/06\/persona_camille-r-96x96.jpg","contentUrl":"https:\/\/voyage-aventure.com\/blog\/wp-content\/uploads\/2026\/06\/persona_camille-r-96x96.jpg","caption":"Camille Rouvray"},"description":"Je voyage et j'\u00e9cris sur le voyage depuis une douzaine d'ann\u00e9es, d'abord en tant que routarde au long cours, puis comme r\u00e9dactrice sp\u00e9cialis\u00e9e. Mon terrain de pr\u00e9dilection, ce sont les circuits organis\u00e9s et l'art de bien pr\u00e9parer un itin\u00e9raire : choix de la saison, dur\u00e9e r\u00e9aliste des \u00e9tapes, budget jour par jour, logement et transport sur place. J'aime aussi raconter les p\u00e9pites urbaines, ces adresses qu'on ne trouve pas dans les guides classiques. Avant de publier un dossier destination, je croise toujours plusieurs sources, je v\u00e9rifie les tarifs et les formalit\u00e9s d'entr\u00e9e \u00e0 jour, et je teste moi-m\u00eame quand je le peux. Mon angle reste pratique avant tout : aider le lecteur \u00e0 partir l'esprit tranquille, sans mauvaise surprise une fois sur place. Je m'attache \u00e0 distinguer le coup de c\u0153ur sinc\u00e8re du simple argument marketing.","sameAs":["https:\/\/camillerouvray.fr\/"],"url":"https:\/\/voyage-aventure.com\/blog\/auteur\/noname\/"}]}},"_links":{"self":[{"href":"https:\/\/voyage-aventure.com\/blog\/wp-json\/wp\/v2\/posts\/8857","targetHints":{"allow":["GET"]}}],"collection":[{"href":"https:\/\/voyage-aventure.com\/blog\/wp-json\/wp\/v2\/posts"}],"about":[{"href":"https:\/\/voyage-aventure.com\/blog\/wp-json\/wp\/v2\/types\/post"}],"author":[{"embeddable":true,"href":"https:\/\/voyage-aventure.com\/blog\/wp-json\/wp\/v2\/users\/34"}],"replies":[{"embeddable":true,"href":"https:\/\/voyage-aventure.com\/blog\/wp-json\/wp\/v2\/comments?post=8857"}],"version-history":[{"count":1,"href":"https:\/\/voyage-aventure.com\/blog\/wp-json\/wp\/v2\/posts\/8857\/revisions"}],"predecessor-version":[{"id":8989,"href":"https:\/\/voyage-aventure.com\/blog\/wp-json\/wp\/v2\/posts\/8857\/revisions\/8989"}],"wp:featuredmedia":[{"embeddable":true,"href":"https:\/\/voyage-aventure.com\/blog\/wp-json\/wp\/v2\/media\/12464"}],"wp:attachment":[{"href":"https:\/\/voyage-aventure.com\/blog\/wp-json\/wp\/v2\/media?parent=8857"}],"wp:term":[{"taxonomy":"category","embeddable":true,"href":"https:\/\/voyage-aventure.com\/blog\/wp-json\/wp\/v2\/categories?post=8857"},{"taxonomy":"post_tag","embeddable":true,"href":"https:\/\/voyage-aventure.com\/blog\/wp-json\/wp\/v2\/tags?post=8857"}],"curies":[{"name":"wp","href":"https:\/\/api.w.org\/{rel}","templated":true}]}}