{"id":8844,"date":"2025-02-14T12:39:09","date_gmt":"2025-02-14T11:39:09","guid":{"rendered":"https:\/\/voyage-aventure.com\/blog\/?p=8844"},"modified":"2025-02-14T12:39:09","modified_gmt":"2025-02-14T11:39:09","slug":"preparez-vous-pour-le-pic-de-voyages-a-laeroport-international-dalbany-pendant-la-semaine-des-presidents","status":"publish","type":"post","link":"https:\/\/voyage-aventure.com\/blog\/a-la-une\/preparez-vous-pour-le-pic-de-voyages-a-laeroport-international-dalbany-pendant-la-semaine-des-presidents\/","title":{"rendered":"Pr\u00e9parez-vous pour le pic de voyages \u00e0 l&rsquo;a\u00e9roport international d&rsquo;Albany pendant la semaine des pr\u00e9sidents"},"content":{"rendered":"<h2>Une affluence de voyageurs attendue<\/h2>\n<p>Albany International Airport se pr\u00e9pare \u00e0 un afflux massif de voyageurs \u00e0 l\u2019approche de la semaine des pr\u00e9sidents et des vacances d&rsquo;hiver scolaires. Les responsables de l&rsquo;a\u00e9roport anticipent des milliers de passagers passant par ses portes, et il est essentiel que chacun planifie son voyage en cons\u00e9quence. Sam Fresina, pr\u00e9sident du Conseil d&rsquo;administration de l&rsquo;Albany County Airport Authority, souligne l&rsquo;importance d&rsquo;une bonne pr\u00e9paration pour garantir une exp\u00e9rience agr\u00e9able aux voyageurs.<\/p>\n<p>\u00ab\u00a0Le personnel d\u00e9vou\u00e9 de l&rsquo;ALB s&rsquo;engage \u00e0 veiller \u00e0 ce que les milliers de voyageurs pr\u00e9vus cette semaine aient une exp\u00e9rience positive dans notre a\u00e9roport\u00a0\u00bb, a-t-il d\u00e9clar\u00e9. Les chiffres parlent d&rsquo;eux-m\u00eames : selon la Transportation Security Administration (TSA), plusieurs milliers de passagers sont attendus d\u00e8s le 14 f\u00e9vrier. <\/p>\n<h2>Pr\u00e9paratifs pour une exp\u00e9rience fluide<\/h2>\n<p>Dans le cadre de la pr\u00e9paration \u00e0 ce pic de voyage, il est conseill\u00e9 aux passagers d&rsquo;arriver \u00e0 l&rsquo;a\u00e9roport au moins deux heures avant leur vol. Cela leur permettra de disposer de suffisamment de temps pour le stationnement, l&rsquo;enregistrement des bagages et le passage des contr\u00f4les de s\u00e9curit\u00e9. Les voyageurs sont \u00e9galement encourag\u00e9s \u00e0 utiliser des moyens de transport alternatifs pour \u00e9viter les probl\u00e8mes de stationnement.<\/p>\n<p>Il est important de noter que l&rsquo;a\u00e9roport fait face \u00e0 des d\u00e9fis logistiques en raison de la construction en cours de l&rsquo;extension du terminal et de la r\u00e9habilitation du Concours A. Cela signifie que certaines voies d&rsquo;acc\u00e8s seront r\u00e9duites, et des vestibules seront ferm\u00e9s devant le terminal principal. Les passagers doivent donc s&rsquo;informer \u00e0 l&rsquo;avance pour \u00e9viter les d\u00e9sagr\u00e9ments.<\/p>\n<h2>Conseils pratiques pour les voyageurs<\/h2>\n<p>Pour naviguer dans cette p\u00e9riode de forte affluence, voici quelques conseils pratiques \u00e0 suivre :<\/p>\n<ul>\n<li>Arrivez au moins deux heures avant votre vol.<\/li>\n<li>Consid\u00e9rez l&rsquo;utilisation de transports en commun ou de services de covoiturage.<\/li>\n<li>Utilisez les applications mobiles des compagnies a\u00e9riennes pour un enregistrement rapide.<\/li>\n<li>\u00c9vitez le stationnement en bordure de route, utilisez le parking d&rsquo;observation si vous venez chercher un passager.<\/li>\n<li>Restez inform\u00e9 des mises \u00e0 jour concernant la construction du terminal.<\/li>\n<\/ul>\n<p>L&rsquo;a\u00e9roport international d&rsquo;Albany se pr\u00e9pare \u00e0 une semaine charg\u00e9e, et les recommandations des autorit\u00e9s a\u00e9roportuaires visent \u00e0 assurer un voyage sans heurts. La s\u00e9curit\u00e9 et le confort des passagers restent la priorit\u00e9 num\u00e9ro un, et chaque effort est mis en \u0153uvre pour r\u00e9pondre aux attentes des voyageurs. <\/p>\n<p>En fin de compte, l&rsquo;a\u00e9roport d&rsquo;Albany est d\u00e9termin\u00e9 \u00e0 offrir un service de qualit\u00e9. Les responsables s&rsquo;efforcent de r\u00e9pondre aux besoins croissants des passagers tout en maintenant des normes \u00e9lev\u00e9es de s\u00e9curit\u00e9 et de service. La semaine des pr\u00e9sidents est une p\u00e9riode cruciale, et chaque d\u00e9tail compte pour garantir un voyage r\u00e9ussi.<\/p>\n","protected":false},"excerpt":{"rendered":"","protected":false},"author":34,"featured_media":14325,"comment_status":"open","ping_status":"open","sticky":false,"template":"","format":"standard","meta":{"_acf_changed":false,"manual_indexmenow":false,"indexmenow_id_project":0,"footnotes":""},"categories":[1],"tags":[4646,4636,4713,3170,4526],"class_list":["post-8844","post","type-post","status-publish","format-standard","has-post-thumbnail","hentry","category-a-la-une","tag-assistance","tag-destinations","tag-preparation","tag-securite","tag-voyage-economique","generate-columns","tablet-grid-50","mobile-grid-100","grid-parent","grid-25"],"acf":[],"yoast_head":"<!-- This site is optimized with the Yoast SEO Premium plugin v21.3 (Yoast SEO v25.1) - https:\/\/yoast.com\/wordpress\/plugins\/seo\/ -->\n<title>Pr\u00e9parez-vous pour le pic de voyages \u00e0 l&#039;a\u00e9roport<\/title>\n<meta name=\"description\" content=\"Albany International Airport se pr\u00e9pare \u00e0 un afflux massif de voyageurs \u00e0 l\u2019approche de la semaine des pr\u00e9sidents et des vacances d&#039;hiver scolaires. Les\" \/>\n<meta name=\"robots\" content=\"index, follow, max-snippet:-1, max-image-preview:large, max-video-preview:-1\" \/>\n<link rel=\"canonical\" href=\"https:\/\/voyage-aventure.com\/blog\/a-la-une\/preparez-vous-pour-le-pic-de-voyages-a-laeroport-international-dalbany-pendant-la-semaine-des-presidents\/\" \/>\n<meta property=\"og:locale\" content=\"fr_FR\" \/>\n<meta property=\"og:type\" content=\"article\" \/>\n<meta property=\"og:title\" content=\"Pr\u00e9parez-vous pour le pic de voyages \u00e0 l&#039;a\u00e9roport\" \/>\n<meta property=\"og:description\" content=\"Albany International Airport se pr\u00e9pare \u00e0 un afflux massif de voyageurs \u00e0 l\u2019approche de la semaine des pr\u00e9sidents et des vacances d&#039;hiver scolaires. Les\" \/>\n<meta property=\"og:url\" content=\"https:\/\/voyage-aventure.com\/blog\/a-la-une\/preparez-vous-pour-le-pic-de-voyages-a-laeroport-international-dalbany-pendant-la-semaine-des-presidents\/\" \/>\n<meta property=\"og:site_name\" content=\"voyage-aventure\" \/>\n<meta property=\"og:image\" content=\"https:\/\/voyage-aventure.com\/blog\/wp-content\/uploads\/2025\/03\/sdxl-f988c60beb5f056505130ab6c4ee06fa.png\" \/>\n\t<meta property=\"og:image:width\" content=\"1200\" \/>\n\t<meta property=\"og:image:height\" content=\"500\" \/>\n\t<meta property=\"og:image:type\" content=\"image\/png\" \/>\n<meta name=\"author\" content=\"Camille Rouvray\" \/>\n<meta name=\"twitter:card\" content=\"summary_large_image\" \/>\n<script type=\"application\/ld+json\" class=\"yoast-schema-graph\">{\"@context\":\"https:\/\/schema.org\",\"@graph\":[{\"@type\":\"NewsArticle\",\"@id\":\"https:\/\/voyage-aventure.com\/blog\/a-la-une\/preparez-vous-pour-le-pic-de-voyages-a-laeroport-international-dalbany-pendant-la-semaine-des-presidents\/#article\",\"isPartOf\":{\"@id\":\"https:\/\/voyage-aventure.com\/blog\/a-la-une\/preparez-vous-pour-le-pic-de-voyages-a-laeroport-international-dalbany-pendant-la-semaine-des-presidents\/\"},\"author\":{\"name\":\"Camille Rouvray\",\"@id\":\"https:\/\/voyage-aventure.com\/blog\/#\/schema\/person\/3c864cdc320801e3db34b663e7e3f816\"},\"headline\":\"Pr\u00e9parez-vous pour le pic de voyages \u00e0 l&rsquo;a\u00e9roport international d&rsquo;Albany pendant la semaine des pr\u00e9sidents\",\"datePublished\":\"2025-02-14T11:39:09+00:00\",\"mainEntityOfPage\":{\"@id\":\"https:\/\/voyage-aventure.com\/blog\/a-la-une\/preparez-vous-pour-le-pic-de-voyages-a-laeroport-international-dalbany-pendant-la-semaine-des-presidents\/\"},\"wordCount\":509,\"commentCount\":15,\"publisher\":{\"@id\":\"https:\/\/voyage-aventure.com\/blog\/#organization\"},\"image\":{\"@id\":\"https:\/\/voyage-aventure.com\/blog\/a-la-une\/preparez-vous-pour-le-pic-de-voyages-a-laeroport-international-dalbany-pendant-la-semaine-des-presidents\/#primaryimage\"},\"thumbnailUrl\":\"https:\/\/voyage-aventure.com\/blog\/wp-content\/uploads\/2025\/03\/sdxl-f988c60beb5f056505130ab6c4ee06fa.png\",\"keywords\":[\"Assistance\",\"Destinations\",\"Pr\u00e9paration\",\"S\u00e9curit\u00e9\",\"Voyage \u00c9conomique\"],\"articleSection\":[\"\u00c0 la une\"],\"inLanguage\":\"fr-FR\",\"potentialAction\":[{\"@type\":\"CommentAction\",\"name\":\"Comment\",\"target\":[\"https:\/\/voyage-aventure.com\/blog\/a-la-une\/preparez-vous-pour-le-pic-de-voyages-a-laeroport-international-dalbany-pendant-la-semaine-des-presidents\/#respond\"]}]},{\"@type\":\"WebPage\",\"@id\":\"https:\/\/voyage-aventure.com\/blog\/a-la-une\/preparez-vous-pour-le-pic-de-voyages-a-laeroport-international-dalbany-pendant-la-semaine-des-presidents\/\",\"url\":\"https:\/\/voyage-aventure.com\/blog\/a-la-une\/preparez-vous-pour-le-pic-de-voyages-a-laeroport-international-dalbany-pendant-la-semaine-des-presidents\/\",\"name\":\"Pr\u00e9parez-vous pour le pic de voyages \u00e0 l'a\u00e9roport\",\"isPartOf\":{\"@id\":\"https:\/\/voyage-aventure.com\/blog\/#website\"},\"primaryImageOfPage\":{\"@id\":\"https:\/\/voyage-aventure.com\/blog\/a-la-une\/preparez-vous-pour-le-pic-de-voyages-a-laeroport-international-dalbany-pendant-la-semaine-des-presidents\/#primaryimage\"},\"image\":{\"@id\":\"https:\/\/voyage-aventure.com\/blog\/a-la-une\/preparez-vous-pour-le-pic-de-voyages-a-laeroport-international-dalbany-pendant-la-semaine-des-presidents\/#primaryimage\"},\"thumbnailUrl\":\"https:\/\/voyage-aventure.com\/blog\/wp-content\/uploads\/2025\/03\/sdxl-f988c60beb5f056505130ab6c4ee06fa.png\",\"datePublished\":\"2025-02-14T11:39:09+00:00\",\"description\":\"Albany International Airport se pr\u00e9pare \u00e0 un afflux massif de voyageurs \u00e0 l\u2019approche de la semaine des pr\u00e9sidents et des vacances d'hiver scolaires. Les\",\"inLanguage\":\"fr-FR\",\"potentialAction\":[{\"@type\":\"ReadAction\",\"target\":[\"https:\/\/voyage-aventure.com\/blog\/a-la-une\/preparez-vous-pour-le-pic-de-voyages-a-laeroport-international-dalbany-pendant-la-semaine-des-presidents\/\"]}]},{\"@type\":\"ImageObject\",\"inLanguage\":\"fr-FR\",\"@id\":\"https:\/\/voyage-aventure.com\/blog\/a-la-une\/preparez-vous-pour-le-pic-de-voyages-a-laeroport-international-dalbany-pendant-la-semaine-des-presidents\/#primaryimage\",\"url\":\"https:\/\/voyage-aventure.com\/blog\/wp-content\/uploads\/2025\/03\/sdxl-f988c60beb5f056505130ab6c4ee06fa.png\",\"contentUrl\":\"https:\/\/voyage-aventure.com\/blog\/wp-content\/uploads\/2025\/03\/sdxl-f988c60beb5f056505130ab6c4ee06fa.png\",\"width\":1536,\"height\":640},{\"@type\":\"WebSite\",\"@id\":\"https:\/\/voyage-aventure.com\/blog\/#website\",\"url\":\"https:\/\/voyage-aventure.com\/blog\/\",\"name\":\"voyage-aventure.com\",\"description\":\"Votre passeport pour l\u2019inattendu.\",\"publisher\":{\"@id\":\"https:\/\/voyage-aventure.com\/blog\/#organization\"},\"alternateName\":\"Votre passeport pour l\u2019inattendu.\",\"potentialAction\":[{\"@type\":\"SearchAction\",\"target\":{\"@type\":\"EntryPoint\",\"urlTemplate\":\"https:\/\/voyage-aventure.com\/blog\/?s={search_term_string}\"},\"query-input\":{\"@type\":\"PropertyValueSpecification\",\"valueRequired\":true,\"valueName\":\"search_term_string\"}}],\"inLanguage\":\"fr-FR\"},{\"@type\":\"Organization\",\"@id\":\"https:\/\/voyage-aventure.com\/blog\/#organization\",\"name\":\"Foretsensations.fr\",\"url\":\"https:\/\/voyage-aventure.com\/blog\/\",\"logo\":{\"@type\":\"ImageObject\",\"inLanguage\":\"fr-FR\",\"@id\":\"https:\/\/voyage-aventure.com\/blog\/#\/schema\/logo\/image\/\",\"url\":\"https:\/\/voyage-aventure.com\/blog\/wp-content\/uploads\/2024\/12\/19.png\",\"contentUrl\":\"https:\/\/voyage-aventure.com\/blog\/wp-content\/uploads\/2024\/12\/19.png\",\"width\":512,\"height\":512,\"caption\":\"Foretsensations.fr\"},\"image\":{\"@id\":\"https:\/\/voyage-aventure.com\/blog\/#\/schema\/logo\/image\/\"}},{\"@type\":\"Person\",\"@id\":\"https:\/\/voyage-aventure.com\/blog\/#\/schema\/person\/3c864cdc320801e3db34b663e7e3f816\",\"name\":\"Camille Rouvray\",\"image\":{\"@type\":\"ImageObject\",\"inLanguage\":\"fr-FR\",\"@id\":\"https:\/\/voyage-aventure.com\/blog\/#\/schema\/person\/image\/\",\"url\":\"https:\/\/voyage-aventure.com\/blog\/wp-content\/uploads\/2026\/06\/persona_camille-r-96x96.jpg\",\"contentUrl\":\"https:\/\/voyage-aventure.com\/blog\/wp-content\/uploads\/2026\/06\/persona_camille-r-96x96.jpg\",\"caption\":\"Camille Rouvray\"},\"description\":\"Je voyage et j'\u00e9cris sur le voyage depuis une douzaine d'ann\u00e9es, d'abord en tant que routarde au long cours, puis comme r\u00e9dactrice sp\u00e9cialis\u00e9e. Mon terrain de pr\u00e9dilection, ce sont les circuits organis\u00e9s et l'art de bien pr\u00e9parer un itin\u00e9raire : choix de la saison, dur\u00e9e r\u00e9aliste des \u00e9tapes, budget jour par jour, logement et transport sur place. J'aime aussi raconter les p\u00e9pites urbaines, ces adresses qu'on ne trouve pas dans les guides classiques. Avant de publier un dossier destination, je croise toujours plusieurs sources, je v\u00e9rifie les tarifs et les formalit\u00e9s d'entr\u00e9e \u00e0 jour, et je teste moi-m\u00eame quand je le peux. Mon angle reste pratique avant tout : aider le lecteur \u00e0 partir l'esprit tranquille, sans mauvaise surprise une fois sur place. Je m'attache \u00e0 distinguer le coup de c\u0153ur sinc\u00e8re du simple argument marketing.\",\"sameAs\":[\"https:\/\/camillerouvray.fr\/\"],\"url\":\"https:\/\/voyage-aventure.com\/blog\/auteur\/noname\/\"}]}<\/script>\n<!-- \/ Yoast SEO Premium plugin. -->","yoast_head_json":{"title":"Pr\u00e9parez-vous pour le pic de voyages \u00e0 l'a\u00e9roport","description":"Albany International Airport se pr\u00e9pare \u00e0 un afflux massif de voyageurs \u00e0 l\u2019approche de la semaine des pr\u00e9sidents et des vacances d'hiver scolaires. Les","robots":{"index":"index","follow":"follow","max-snippet":"max-snippet:-1","max-image-preview":"max-image-preview:large","max-video-preview":"max-video-preview:-1"},"canonical":"https:\/\/voyage-aventure.com\/blog\/a-la-une\/preparez-vous-pour-le-pic-de-voyages-a-laeroport-international-dalbany-pendant-la-semaine-des-presidents\/","og_locale":"fr_FR","og_type":"article","og_title":"Pr\u00e9parez-vous pour le pic de voyages \u00e0 l'a\u00e9roport","og_description":"Albany International Airport se pr\u00e9pare \u00e0 un afflux massif de voyageurs \u00e0 l\u2019approche de la semaine des pr\u00e9sidents et des vacances d'hiver scolaires. Les","og_url":"https:\/\/voyage-aventure.com\/blog\/a-la-une\/preparez-vous-pour-le-pic-de-voyages-a-laeroport-international-dalbany-pendant-la-semaine-des-presidents\/","og_site_name":"voyage-aventure","og_image":[{"url":"https:\/\/voyage-aventure.com\/blog\/wp-content\/uploads\/2025\/03\/sdxl-f988c60beb5f056505130ab6c4ee06fa.png","width":1200,"height":500,"type":"image\/png"}],"author":"Camille Rouvray","twitter_card":"summary_large_image","schema":{"@context":"https:\/\/schema.org","@graph":[{"@type":"NewsArticle","@id":"https:\/\/voyage-aventure.com\/blog\/a-la-une\/preparez-vous-pour-le-pic-de-voyages-a-laeroport-international-dalbany-pendant-la-semaine-des-presidents\/#article","isPartOf":{"@id":"https:\/\/voyage-aventure.com\/blog\/a-la-une\/preparez-vous-pour-le-pic-de-voyages-a-laeroport-international-dalbany-pendant-la-semaine-des-presidents\/"},"author":{"name":"Camille Rouvray","@id":"https:\/\/voyage-aventure.com\/blog\/#\/schema\/person\/3c864cdc320801e3db34b663e7e3f816"},"headline":"Pr\u00e9parez-vous pour le pic de voyages \u00e0 l&rsquo;a\u00e9roport international d&rsquo;Albany pendant la semaine des pr\u00e9sidents","datePublished":"2025-02-14T11:39:09+00:00","mainEntityOfPage":{"@id":"https:\/\/voyage-aventure.com\/blog\/a-la-une\/preparez-vous-pour-le-pic-de-voyages-a-laeroport-international-dalbany-pendant-la-semaine-des-presidents\/"},"wordCount":509,"commentCount":15,"publisher":{"@id":"https:\/\/voyage-aventure.com\/blog\/#organization"},"image":{"@id":"https:\/\/voyage-aventure.com\/blog\/a-la-une\/preparez-vous-pour-le-pic-de-voyages-a-laeroport-international-dalbany-pendant-la-semaine-des-presidents\/#primaryimage"},"thumbnailUrl":"https:\/\/voyage-aventure.com\/blog\/wp-content\/uploads\/2025\/03\/sdxl-f988c60beb5f056505130ab6c4ee06fa.png","keywords":["Assistance","Destinations","Pr\u00e9paration","S\u00e9curit\u00e9","Voyage \u00c9conomique"],"articleSection":["\u00c0 la une"],"inLanguage":"fr-FR","potentialAction":[{"@type":"CommentAction","name":"Comment","target":["https:\/\/voyage-aventure.com\/blog\/a-la-une\/preparez-vous-pour-le-pic-de-voyages-a-laeroport-international-dalbany-pendant-la-semaine-des-presidents\/#respond"]}]},{"@type":"WebPage","@id":"https:\/\/voyage-aventure.com\/blog\/a-la-une\/preparez-vous-pour-le-pic-de-voyages-a-laeroport-international-dalbany-pendant-la-semaine-des-presidents\/","url":"https:\/\/voyage-aventure.com\/blog\/a-la-une\/preparez-vous-pour-le-pic-de-voyages-a-laeroport-international-dalbany-pendant-la-semaine-des-presidents\/","name":"Pr\u00e9parez-vous pour le pic de voyages \u00e0 l'a\u00e9roport","isPartOf":{"@id":"https:\/\/voyage-aventure.com\/blog\/#website"},"primaryImageOfPage":{"@id":"https:\/\/voyage-aventure.com\/blog\/a-la-une\/preparez-vous-pour-le-pic-de-voyages-a-laeroport-international-dalbany-pendant-la-semaine-des-presidents\/#primaryimage"},"image":{"@id":"https:\/\/voyage-aventure.com\/blog\/a-la-une\/preparez-vous-pour-le-pic-de-voyages-a-laeroport-international-dalbany-pendant-la-semaine-des-presidents\/#primaryimage"},"thumbnailUrl":"https:\/\/voyage-aventure.com\/blog\/wp-content\/uploads\/2025\/03\/sdxl-f988c60beb5f056505130ab6c4ee06fa.png","datePublished":"2025-02-14T11:39:09+00:00","description":"Albany International Airport se pr\u00e9pare \u00e0 un afflux massif de voyageurs \u00e0 l\u2019approche de la semaine des pr\u00e9sidents et des vacances d'hiver scolaires. Les","inLanguage":"fr-FR","potentialAction":[{"@type":"ReadAction","target":["https:\/\/voyage-aventure.com\/blog\/a-la-une\/preparez-vous-pour-le-pic-de-voyages-a-laeroport-international-dalbany-pendant-la-semaine-des-presidents\/"]}]},{"@type":"ImageObject","inLanguage":"fr-FR","@id":"https:\/\/voyage-aventure.com\/blog\/a-la-une\/preparez-vous-pour-le-pic-de-voyages-a-laeroport-international-dalbany-pendant-la-semaine-des-presidents\/#primaryimage","url":"https:\/\/voyage-aventure.com\/blog\/wp-content\/uploads\/2025\/03\/sdxl-f988c60beb5f056505130ab6c4ee06fa.png","contentUrl":"https:\/\/voyage-aventure.com\/blog\/wp-content\/uploads\/2025\/03\/sdxl-f988c60beb5f056505130ab6c4ee06fa.png","width":1536,"height":640},{"@type":"WebSite","@id":"https:\/\/voyage-aventure.com\/blog\/#website","url":"https:\/\/voyage-aventure.com\/blog\/","name":"voyage-aventure.com","description":"Votre passeport pour l\u2019inattendu.","publisher":{"@id":"https:\/\/voyage-aventure.com\/blog\/#organization"},"alternateName":"Votre passeport pour l\u2019inattendu.","potentialAction":[{"@type":"SearchAction","target":{"@type":"EntryPoint","urlTemplate":"https:\/\/voyage-aventure.com\/blog\/?s={search_term_string}"},"query-input":{"@type":"PropertyValueSpecification","valueRequired":true,"valueName":"search_term_string"}}],"inLanguage":"fr-FR"},{"@type":"Organization","@id":"https:\/\/voyage-aventure.com\/blog\/#organization","name":"Foretsensations.fr","url":"https:\/\/voyage-aventure.com\/blog\/","logo":{"@type":"ImageObject","inLanguage":"fr-FR","@id":"https:\/\/voyage-aventure.com\/blog\/#\/schema\/logo\/image\/","url":"https:\/\/voyage-aventure.com\/blog\/wp-content\/uploads\/2024\/12\/19.png","contentUrl":"https:\/\/voyage-aventure.com\/blog\/wp-content\/uploads\/2024\/12\/19.png","width":512,"height":512,"caption":"Foretsensations.fr"},"image":{"@id":"https:\/\/voyage-aventure.com\/blog\/#\/schema\/logo\/image\/"}},{"@type":"Person","@id":"https:\/\/voyage-aventure.com\/blog\/#\/schema\/person\/3c864cdc320801e3db34b663e7e3f816","name":"Camille Rouvray","image":{"@type":"ImageObject","inLanguage":"fr-FR","@id":"https:\/\/voyage-aventure.com\/blog\/#\/schema\/person\/image\/","url":"https:\/\/voyage-aventure.com\/blog\/wp-content\/uploads\/2026\/06\/persona_camille-r-96x96.jpg","contentUrl":"https:\/\/voyage-aventure.com\/blog\/wp-content\/uploads\/2026\/06\/persona_camille-r-96x96.jpg","caption":"Camille Rouvray"},"description":"Je voyage et j'\u00e9cris sur le voyage depuis une douzaine d'ann\u00e9es, d'abord en tant que routarde au long cours, puis comme r\u00e9dactrice sp\u00e9cialis\u00e9e. Mon terrain de pr\u00e9dilection, ce sont les circuits organis\u00e9s et l'art de bien pr\u00e9parer un itin\u00e9raire : choix de la saison, dur\u00e9e r\u00e9aliste des \u00e9tapes, budget jour par jour, logement et transport sur place. J'aime aussi raconter les p\u00e9pites urbaines, ces adresses qu'on ne trouve pas dans les guides classiques. Avant de publier un dossier destination, je croise toujours plusieurs sources, je v\u00e9rifie les tarifs et les formalit\u00e9s d'entr\u00e9e \u00e0 jour, et je teste moi-m\u00eame quand je le peux. Mon angle reste pratique avant tout : aider le lecteur \u00e0 partir l'esprit tranquille, sans mauvaise surprise une fois sur place. Je m'attache \u00e0 distinguer le coup de c\u0153ur sinc\u00e8re du simple argument marketing.","sameAs":["https:\/\/camillerouvray.fr\/"],"url":"https:\/\/voyage-aventure.com\/blog\/auteur\/noname\/"}]}},"_links":{"self":[{"href":"https:\/\/voyage-aventure.com\/blog\/wp-json\/wp\/v2\/posts\/8844","targetHints":{"allow":["GET"]}}],"collection":[{"href":"https:\/\/voyage-aventure.com\/blog\/wp-json\/wp\/v2\/posts"}],"about":[{"href":"https:\/\/voyage-aventure.com\/blog\/wp-json\/wp\/v2\/types\/post"}],"author":[{"embeddable":true,"href":"https:\/\/voyage-aventure.com\/blog\/wp-json\/wp\/v2\/users\/34"}],"replies":[{"embeddable":true,"href":"https:\/\/voyage-aventure.com\/blog\/wp-json\/wp\/v2\/comments?post=8844"}],"version-history":[{"count":1,"href":"https:\/\/voyage-aventure.com\/blog\/wp-json\/wp\/v2\/posts\/8844\/revisions"}],"predecessor-version":[{"id":8934,"href":"https:\/\/voyage-aventure.com\/blog\/wp-json\/wp\/v2\/posts\/8844\/revisions\/8934"}],"wp:featuredmedia":[{"embeddable":true,"href":"https:\/\/voyage-aventure.com\/blog\/wp-json\/wp\/v2\/media\/14325"}],"wp:attachment":[{"href":"https:\/\/voyage-aventure.com\/blog\/wp-json\/wp\/v2\/media?parent=8844"}],"wp:term":[{"taxonomy":"category","embeddable":true,"href":"https:\/\/voyage-aventure.com\/blog\/wp-json\/wp\/v2\/categories?post=8844"},{"taxonomy":"post_tag","embeddable":true,"href":"https:\/\/voyage-aventure.com\/blog\/wp-json\/wp\/v2\/tags?post=8844"}],"curies":[{"name":"wp","href":"https:\/\/api.w.org\/{rel}","templated":true}]}}