{"id":8828,"date":"2026-06-16T16:24:10","date_gmt":"2026-06-16T14:24:10","guid":{"rendered":"https:\/\/voyage-aventure.com\/blog\/?p=8828"},"modified":"2026-06-16T16:24:10","modified_gmt":"2026-06-16T14:24:10","slug":"rio-de-janeiro-se-prepare-pour-routes-americas-2026-un-evenement-cle-pour-laviation-et-le-tourisme","status":"publish","type":"post","link":"https:\/\/voyage-aventure.com\/blog\/a-la-une\/rio-de-janeiro-se-prepare-pour-routes-americas-2026-un-evenement-cle-pour-laviation-et-le-tourisme\/","title":{"rendered":"Rio De Janeiro se pr\u00e9pare pour Routes Americas 2026 : un \u00e9v\u00e9nement cl\u00e9 pour l&rsquo;aviation et le tourisme"},"content":{"rendered":"<link rel=\"stylesheet\" href=\"https:\/\/fonts.googleapis.com\/css2?family=Newsreader:ital,opsz,wght@0,6..72,500..700;1,6..72,500..600&#038;family=Inter:wght@400;500;600&#038;family=JetBrains+Mono:wght@500&#038;display=swap\">\n<style>\n.va-rioroutes-wrap{font-family:'Inter',-apple-system,sans-serif;color:#1c2421;line-height:1.65;font-size:17px}\n.va-rioroutes-wrap h2{font-family:'Newsreader',Georgia,serif;font-weight:700;font-size:clamp(24px,3.2vw,33px);line-height:1.2;letter-spacing:-.01em;color:#15201b;margin:48px 0 16px}\n.va-rioroutes-wrap h3{font-family:'Newsreader',Georgia,serif;font-weight:600;font-size:clamp(20px,2.4vw,24px);color:#15201b;margin:28px 0 10px}\n.va-rioroutes-wrap p{margin:0 0 18px}\n.va-rioroutes-dateline{font-family:'JetBrains Mono',monospace;font-size:12.5px;font-weight:500;letter-spacing:.06em;text-transform:uppercase;color:#1E8B57;display:flex;align-items:center;gap:10px;margin:0 0 18px}\n.va-rioroutes-dateline span{height:1px;flex:1;background:linear-gradient(90deg,#1E8B57,transparent)}\n.va-rioroutes-lead{font-family:'Newsreader',Georgia,serif;font-size:clamp(19px,2.3vw,22px);line-height:1.5;color:#2a3531;font-weight:500;margin:0 0 28px}\n.va-rioroutes-brief{background:#f2faf5;border-left:5px solid #1E8B57;border-radius:4px;padding:24px 26px;margin:0 0 38px;box-shadow:0 1px 2px rgba(16,24,40,.05),0 12px 28px -16px rgba(16,24,40,.18)}\n.va-rioroutes-brief .va-rioroutes-kicker{font-family:'JetBrains Mono',monospace;font-size:12px;font-weight:500;letter-spacing:.1em;text-transform:uppercase;color:#1E8B57;margin-bottom:14px}\n.va-rioroutes-brief ul{list-style:none;margin:0;padding:0;display:grid;gap:12px}\n.va-rioroutes-brief li{display:grid;grid-template-columns:84px 1fr;gap:14px;align-items:baseline}\n.va-rioroutes-brief li .va-rioroutes-tag{font-family:'JetBrains Mono',monospace;font-size:11.5px;font-weight:500;letter-spacing:.05em;text-transform:uppercase;color:#1E8B57;padding-top:2px}\n.va-rioroutes-brief li .va-rioroutes-val{color:#23302b;font-size:16px;line-height:1.5}\n.va-rioroutes-facts{display:grid;grid-template-columns:repeat(auto-fit,minmax(220px,1fr));gap:20px;margin:30px 0 8px}\n.va-rioroutes-card{background:#fff;border:1px solid #e3ebe7;border-top:3px solid #1E8B57;border-radius:6px;padding:22px 24px;transition:.25s ease;box-shadow:0 1px 2px rgba(16,24,40,.05)}\n.va-rioroutes-card:hover{transform:translateY(-3px);box-shadow:0 1px 2px rgba(16,24,40,.05),0 16px 30px -18px rgba(16,24,40,.28);border-color:#cfe3d8}\n.va-rioroutes-card .va-rioroutes-ct{font-family:'JetBrains Mono',monospace;font-size:11.5px;font-weight:500;letter-spacing:.08em;text-transform:uppercase;color:#1E8B57;margin-bottom:8px}\n.va-rioroutes-card .va-rioroutes-cv{font-family:'Newsreader',Georgia,serif;font-size:18px;line-height:1.4;color:#1b2620;font-weight:600}\n.va-rioroutes-pull{font-family:'Newsreader',Georgia,serif;font-style:italic;font-size:clamp(21px,2.6vw,26px);line-height:1.45;color:#15201b;border-left:4px solid #1E8B57;padding:6px 0 6px 24px;margin:34px 0}\n.va-rioroutes-pull .va-rioroutes-src{display:block;font-family:'JetBrains Mono',monospace;font-style:normal;font-size:12px;letter-spacing:.05em;text-transform:uppercase;color:#5a6b63;margin-top:12px}\n.va-rioroutes-keep{background:#15201b;color:#eef5f0;border-radius:8px;padding:28px 30px;margin:42px 0;box-shadow:0 1px 2px rgba(16,24,40,.05),0 18px 34px -18px rgba(16,24,40,.5)}\n.va-rioroutes-keep .va-rioroutes-kt{font-family:'JetBrains Mono',monospace;font-size:12px;font-weight:500;letter-spacing:.12em;text-transform:uppercase;color:#5ed79b;margin-bottom:16px}\n.va-rioroutes-keep ul{list-style:none;margin:0;padding:0;display:grid;gap:13px}\n.va-rioroutes-keep li{display:grid;grid-template-columns:24px 1fr;gap:10px;align-items:start;font-size:16.5px;line-height:1.55;color:#dce8e1}\n.va-rioroutes-keep li .va-rioroutes-bul{color:#1E8B57;font-weight:700}\n.va-rioroutes-wrap details{border:1px solid #e3ebe7;border-radius:6px;padding:0;margin:0 0 12px;background:#fff;overflow:hidden}\n.va-rioroutes-wrap summary{cursor:pointer;list-style:none;padding:16px 20px;font-family:'Newsreader',Georgia,serif;font-weight:600;font-size:18px;color:#15201b;position:relative;padding-right:44px}\n.va-rioroutes-wrap summary::-webkit-details-marker{display:none}\n.va-rioroutes-wrap summary::after{content:\"+\";position:absolute;right:20px;top:50%;transform:translateY(-50%);font-family:'JetBrains Mono',monospace;color:#1E8B57;font-size:20px;font-weight:500}\n.va-rioroutes-wrap details[open] summary::after{content:\"\u2212\"}\n.va-rioroutes-wrap details .va-rioroutes-ans{padding:0 20px 18px;color:#2a3531;font-size:16px;line-height:1.6}\n@media(max-width:560px){.va-rioroutes-brief li{grid-template-columns:1fr;gap:3px}}\n\/*RENDERFIX2*\/.va-rioroutes-dateline span{color:#eef3f9!important}.va-rioroutes-dateline span p,.va-rioroutes-dateline span li,.va-rioroutes-dateline span strong,.va-rioroutes-dateline span em,.va-rioroutes-dateline span a,.va-rioroutes-dateline span span,.va-rioroutes-dateline span b,.va-rioroutes-dateline span td,.va-rioroutes-dateline span th,.va-rioroutes-dateline span h2,.va-rioroutes-dateline span h3,.va-rioroutes-dateline span h4{color:#eef3f9!important}.va-rioroutes-dateline span strong,.va-rioroutes-dateline span b{color:#ffffff!important}.va-rioroutes-keep{color:#eef3f9!important}.va-rioroutes-keep p,.va-rioroutes-keep li,.va-rioroutes-keep strong,.va-rioroutes-keep em,.va-rioroutes-keep a,.va-rioroutes-keep span,.va-rioroutes-keep b,.va-rioroutes-keep td,.va-rioroutes-keep th,.va-rioroutes-keep h2,.va-rioroutes-keep h3,.va-rioroutes-keep h4{color:#eef3f9!important}.va-rioroutes-keep strong,.va-rioroutes-keep b{color:#ffffff!important}<\/style>\n<div class=\"va-rioroutes-wrap\">\n<div class=\"va-rioroutes-dateline\">Aviation &amp; Tourisme<span><\/span>Publi\u00e9 le 13 f\u00e9vrier 2025<\/div>\n<p class=\"va-rioroutes-lead\">Rio de Janeiro s&rsquo;appr\u00eate \u00e0 accueillir Routes Americas 2026, rendez-vous de r\u00e9f\u00e9rence de la connectivit\u00e9 a\u00e9rienne sur le continent. Un \u00e9v\u00e9nement qui r\u00e9unira compagnies a\u00e9riennes, a\u00e9roports et autorit\u00e9s touristiques pour dessiner l&rsquo;avenir des liaisons a\u00e9riennes des Am\u00e9riques.<\/p>\n<div class=\"va-rioroutes-brief\">\n<div class=\"va-rioroutes-kicker\">En bref<\/div>\n<ul>\n<li><span class=\"va-rioroutes-tag\">Quoi<\/span><span class=\"va-rioroutes-val\">Routes Americas 2026, rendez-vous majeur de l&rsquo;aviation et du tourisme en Am\u00e9rique, avec la participation de plus de 90 compagnies a\u00e9riennes.<\/span><\/li>\n<li><span class=\"va-rioroutes-tag\">O\u00f9<\/span><span class=\"va-rioroutes-val\">Rio de Janeiro, Br\u00e9sil \u2014 la deuxi\u00e8me plus grande ville du pays, qui s&rsquo;appuie sur l&rsquo;a\u00e9roport international RIOgale\u00e3o.<\/span><\/li>\n<li><span class=\"va-rioroutes-tag\">Quand<\/span><span class=\"va-rioroutes-val\">Du 3 au 5 mars 2026.<\/span><\/li>\n<\/ul>\n<\/div>\n<h2>Un \u00e9v\u00e9nement essentiel pour l&rsquo;aviation en Am\u00e9rique<\/h2>\n<p>Le rendez-vous de Routes Americas 2026 \u00e0 Rio de Janeiro s&rsquo;annonce comme un \u00e9v\u00e9nement marquant pour l&rsquo;aviation et le tourisme en Am\u00e9rique. Pr\u00e9vu du 3 au 5 mars 2026, cet \u00e9v\u00e9nement rassemble des d\u00e9cideurs des compagnies a\u00e9riennes, des a\u00e9roports et des autorit\u00e9s touristiques pour discuter de l&rsquo;avenir de la connectivit\u00e9 a\u00e9rienne dans la r\u00e9gion. C&rsquo;est une occasion unique de red\u00e9finir les r\u00e9seaux a\u00e9riens et d&rsquo;encourager des partenariats strat\u00e9giques.<\/p>\n<p>Avec la participation de plus de 90 compagnies a\u00e9riennes, cet \u00e9v\u00e9nement repr\u00e9sente une plateforme incontournable pour explorer les opportunit\u00e9s de croissance. Les discussions qui auront lieu au sein de Routes Americas sont connues pour influencer plus de la moiti\u00e9 des nouveaux services a\u00e9riens \u00e0 l&rsquo;\u00e9chelle mondiale. En r\u00e9unissant des experts du secteur, Rio de Janeiro se positionne comme un leader dans le d\u00e9veloppement des liaisons a\u00e9riennes.<\/p>\n<div class=\"va-rioroutes-pull\">Les discussions de Routes Americas sont connues pour influencer plus de la moiti\u00e9 des nouveaux services a\u00e9riens \u00e0 l&rsquo;\u00e9chelle mondiale.<\/div>\n<h2>Rio de Janeiro : un carrefour strat\u00e9gique pour le tourisme<\/h2>\n<p>Rio de Janeiro, la deuxi\u00e8me plus grande ville du Br\u00e9sil, est sur le point de renforcer sa position en tant que plaque tournante du tourisme et de l&rsquo;aviation. La ville investit massivement dans ses infrastructures pour accueillir cet \u00e9v\u00e9nement prestigieux, notamment \u00e0 l&rsquo;a\u00e9roport international RIOgale\u00e3o. Ce dernier, avec ses connexions vers plus de 50 destinations, est essentiel pour le d\u00e9veloppement de la connectivit\u00e9 a\u00e9rienne au sein des Am\u00e9riques.<\/p>\n<p>En plus de ses infrastructures modernes, Rio se distingue par ses attractions embl\u00e9matiques telles que le Christ R\u00e9dempteur et la montagne du Pain de Sucre. Ces sites attirent des millions de visiteurs chaque ann\u00e9e, rendant ainsi la ville encore plus attrayante pour les professionnels du tourisme et de l&rsquo;aviation. La combinaison de ces \u00e9l\u00e9ments fait de Rio un choix parfait pour Routes Americas 2026.<\/p>\n<div class=\"va-rioroutes-facts\">\n<div class=\"va-rioroutes-card\">\n<div class=\"va-rioroutes-ct\">A\u00e9roport<\/div>\n<div class=\"va-rioroutes-cv\">RIOgale\u00e3o, connect\u00e9 \u00e0 plus de 50 destinations<\/div>\n<\/div>\n<div class=\"va-rioroutes-card\">\n<div class=\"va-rioroutes-ct\">Rep\u00e8res<\/div>\n<div class=\"va-rioroutes-cv\">Christ R\u00e9dempteur &amp; Pain de Sucre, embl\u00e8mes touristiques de la ville<\/div>\n<\/div>\n<div class=\"va-rioroutes-card\">\n<div class=\"va-rioroutes-ct\">Participation<\/div>\n<div class=\"va-rioroutes-cv\">Plus de 90 compagnies a\u00e9riennes attendues<\/div>\n<\/div>\n<\/div>\n<h2>Un tremplin pour l&rsquo;innovation et la collaboration<\/h2>\n<p>Routes Americas 2026 ne sera pas seulement un \u00e9v\u00e9nement de r\u00e9seautage, mais aussi une plateforme d&rsquo;innovation pour l&rsquo;industrie a\u00e9ronautique. Les participants auront l&rsquo;opportunit\u00e9 de discuter des d\u00e9fis actuels tels que la durabilit\u00e9 et les nouvelles technologies. Ces discussions sont cruciales pour anticiper les \u00e9volutions du secteur et r\u00e9pondre aux attentes croissantes des consommateurs.<\/p>\n<p>\u00ab\u00a0Nous sommes impatients d&rsquo;accueillir des leaders de l&rsquo;aviation qui partageront leurs id\u00e9es et leurs visions pour l&rsquo;avenir,\u00a0\u00bb a d\u00e9clar\u00e9 un repr\u00e9sentant de RIOgale\u00e3o. Ce type de collaboration est essentiel pour renforcer la connectivit\u00e9 a\u00e9rienne \u00e0 travers les Am\u00e9riques et stimuler la croissance \u00e9conomique. Les projets qui na\u00eetront de ces \u00e9changes pourraient transformer le paysage du tourisme dans la r\u00e9gion.<\/p>\n<ul>\n<li>Dates : 3 au 5 mars 2026<\/li>\n<li>Lieu : Rio de Janeiro, Br\u00e9sil<\/li>\n<li>Participants : Plus de 90 compagnies a\u00e9riennes<\/li>\n<li>Objectifs : D\u00e9velopper des r\u00e9seaux a\u00e9riens et promouvoir le tourisme<\/li>\n<li>Attractions : Christ R\u00e9dempteur, Pain de Sucre, plages de renomm\u00e9e mondiale<\/li>\n<\/ul>\n<p>Alors que l&rsquo;\u00e9v\u00e9nement approche, les pr\u00e9paratifs battent leur plein. L&rsquo;impact de Routes Americas sur la connectivit\u00e9 a\u00e9rienne de la r\u00e9gion sera significatif, et les retomb\u00e9es \u00e9conomiques pour Rio de Janeiro promettent d&rsquo;\u00eatre substantielles. Avec un engagement fort envers l&rsquo;innovation et le d\u00e9veloppement durable, Rio s&rsquo;affirme comme un acteur incontournable sur la sc\u00e8ne a\u00e9ronautique mondiale.<\/p>\n<div class=\"va-rioroutes-keep\">\n<div class=\"va-rioroutes-kt\">Ce qu&rsquo;il faut retenir<\/div>\n<ul>\n<li><span class=\"va-rioroutes-bul\">\u203a<\/span><span>Routes Americas 2026 se tient \u00e0 Rio de Janeiro du 3 au 5 mars 2026.<\/span><\/li>\n<li><span class=\"va-rioroutes-bul\">\u203a<\/span><span>Plus de 90 compagnies a\u00e9riennes y sont attendues pour \u00e9changer sur la connectivit\u00e9 a\u00e9rienne des Am\u00e9riques.<\/span><\/li>\n<li><span class=\"va-rioroutes-bul\">\u203a<\/span><span>La ville s&rsquo;appuie sur l&rsquo;a\u00e9roport RIOgale\u00e3o, reli\u00e9 \u00e0 plus de 50 destinations, et sur ses rep\u00e8res touristiques (Christ R\u00e9dempteur, Pain de Sucre).<\/span><\/li>\n<li><span class=\"va-rioroutes-bul\">\u203a<\/span><span>Durabilit\u00e9 et nouvelles technologies figureront parmi les sujets de discussion.<\/span><\/li>\n<\/ul>\n<\/div>\n<h2>Questions fr\u00e9quentes<\/h2>\n<details>\n<summary>O\u00f9 et quand se d\u00e9roule Routes Americas 2026 ?<\/summary>\n<div class=\"va-rioroutes-ans\">L&rsquo;\u00e9v\u00e9nement se tient \u00e0 Rio de Janeiro, au Br\u00e9sil, du 3 au 5 mars 2026.<\/div>\n<\/details>\n<details>\n<summary>Combien de compagnies a\u00e9riennes sont attendues ?<\/summary>\n<div class=\"va-rioroutes-ans\">Plus de 90 compagnies a\u00e9riennes sont attendues pour participer aux discussions sur l&rsquo;avenir de la connectivit\u00e9 a\u00e9rienne dans la r\u00e9gion.<\/div>\n<\/details>\n<details>\n<summary>Quel r\u00f4le joue l&rsquo;a\u00e9roport RIOgale\u00e3o ?<\/summary>\n<div class=\"va-rioroutes-ans\">L&rsquo;a\u00e9roport international RIOgale\u00e3o, qui dispose de connexions vers plus de 50 destinations, constitue un atout central pour Rio dans le d\u00e9veloppement de la connectivit\u00e9 a\u00e9rienne au sein des Am\u00e9riques.<\/div>\n<\/details>\n<\/div>\n","protected":false},"excerpt":{"rendered":"","protected":false},"author":34,"featured_media":12489,"comment_status":"open","ping_status":"open","sticky":false,"template":"","format":"standard","meta":{"_acf_changed":false,"manual_indexmenow":false,"indexmenow_id_project":0,"footnotes":""},"categories":[1],"tags":[4538,4527,4636,4530,4526],"class_list":["post-8828","post","type-post","status-publish","format-standard","has-post-thumbnail","hentry","category-a-la-une","tag-activites-variees","tag-decouverte-culturelle","tag-destinations","tag-escapade-en-europe","tag-voyage-economique","generate-columns","tablet-grid-50","mobile-grid-100","grid-parent","grid-25"],"acf":[],"yoast_head":"<!-- This site is optimized with the Yoast SEO Premium plugin v21.3 (Yoast SEO v25.1) - https:\/\/yoast.com\/wordpress\/plugins\/seo\/ -->\n<title>Rio De Janeiro se pr\u00e9pare pour Routes Americas 2026 : un<\/title>\n<meta name=\"description\" content=\"Rio de Janeiro s&#039;appr\u00eate \u00e0 accueillir Routes Americas 2026, rendez-vous de r\u00e9f\u00e9rence de la connectivit\u00e9 a\u00e9rienne sur le continent. Un \u00e9v\u00e9nement qui\" \/>\n<meta name=\"robots\" content=\"index, follow, max-snippet:-1, max-image-preview:large, max-video-preview:-1\" \/>\n<link rel=\"canonical\" href=\"https:\/\/voyage-aventure.com\/blog\/a-la-une\/rio-de-janeiro-se-prepare-pour-routes-americas-2026-un-evenement-cle-pour-laviation-et-le-tourisme\/\" \/>\n<meta property=\"og:locale\" content=\"fr_FR\" \/>\n<meta property=\"og:type\" content=\"article\" \/>\n<meta property=\"og:title\" content=\"Rio De Janeiro se pr\u00e9pare pour Routes Americas 2026 : un\" \/>\n<meta property=\"og:description\" content=\"Rio de Janeiro s&#039;appr\u00eate \u00e0 accueillir Routes Americas 2026, rendez-vous de r\u00e9f\u00e9rence de la connectivit\u00e9 a\u00e9rienne sur le continent. Un \u00e9v\u00e9nement qui\" \/>\n<meta property=\"og:url\" content=\"https:\/\/voyage-aventure.com\/blog\/a-la-une\/rio-de-janeiro-se-prepare-pour-routes-americas-2026-un-evenement-cle-pour-laviation-et-le-tourisme\/\" \/>\n<meta property=\"og:site_name\" content=\"voyage-aventure\" \/>\n<meta property=\"og:image\" content=\"https:\/\/voyage-aventure.com\/blog\/wp-content\/uploads\/2025\/02\/sdxl-1e5d6cbb4e51bcee3ddff864f148f353.png\" \/>\n\t<meta property=\"og:image:width\" content=\"1200\" \/>\n\t<meta property=\"og:image:height\" content=\"500\" \/>\n\t<meta property=\"og:image:type\" content=\"image\/png\" \/>\n<meta name=\"author\" content=\"Camille Rouvray\" \/>\n<meta name=\"twitter:card\" content=\"summary_large_image\" \/>\n<script type=\"application\/ld+json\" class=\"yoast-schema-graph\">{\"@context\":\"https:\/\/schema.org\",\"@graph\":[{\"@type\":\"NewsArticle\",\"@id\":\"https:\/\/voyage-aventure.com\/blog\/a-la-une\/rio-de-janeiro-se-prepare-pour-routes-americas-2026-un-evenement-cle-pour-laviation-et-le-tourisme\/#article\",\"isPartOf\":{\"@id\":\"https:\/\/voyage-aventure.com\/blog\/a-la-une\/rio-de-janeiro-se-prepare-pour-routes-americas-2026-un-evenement-cle-pour-laviation-et-le-tourisme\/\"},\"author\":{\"name\":\"Camille Rouvray\",\"@id\":\"https:\/\/voyage-aventure.com\/blog\/#\/schema\/person\/3c864cdc320801e3db34b663e7e3f816\"},\"headline\":\"Rio De Janeiro se pr\u00e9pare pour Routes Americas 2026 : un \u00e9v\u00e9nement cl\u00e9 pour l&rsquo;aviation et le tourisme\",\"datePublished\":\"2026-06-16T14:24:10+00:00\",\"mainEntityOfPage\":{\"@id\":\"https:\/\/voyage-aventure.com\/blog\/a-la-une\/rio-de-janeiro-se-prepare-pour-routes-americas-2026-un-evenement-cle-pour-laviation-et-le-tourisme\/\"},\"wordCount\":907,\"commentCount\":31,\"publisher\":{\"@id\":\"https:\/\/voyage-aventure.com\/blog\/#organization\"},\"image\":{\"@id\":\"https:\/\/voyage-aventure.com\/blog\/a-la-une\/rio-de-janeiro-se-prepare-pour-routes-americas-2026-un-evenement-cle-pour-laviation-et-le-tourisme\/#primaryimage\"},\"thumbnailUrl\":\"https:\/\/voyage-aventure.com\/blog\/wp-content\/uploads\/2025\/02\/sdxl-1e5d6cbb4e51bcee3ddff864f148f353.png\",\"keywords\":[\"Activit\u00e9s Vari\u00e9es\",\"D\u00e9couverte Culturelle\",\"Destinations\",\"Escapade en Europe\",\"Voyage \u00c9conomique\"],\"articleSection\":[\"\u00c0 la une\"],\"inLanguage\":\"fr-FR\",\"potentialAction\":[{\"@type\":\"CommentAction\",\"name\":\"Comment\",\"target\":[\"https:\/\/voyage-aventure.com\/blog\/a-la-une\/rio-de-janeiro-se-prepare-pour-routes-americas-2026-un-evenement-cle-pour-laviation-et-le-tourisme\/#respond\"]}]},{\"@type\":\"WebPage\",\"@id\":\"https:\/\/voyage-aventure.com\/blog\/a-la-une\/rio-de-janeiro-se-prepare-pour-routes-americas-2026-un-evenement-cle-pour-laviation-et-le-tourisme\/\",\"url\":\"https:\/\/voyage-aventure.com\/blog\/a-la-une\/rio-de-janeiro-se-prepare-pour-routes-americas-2026-un-evenement-cle-pour-laviation-et-le-tourisme\/\",\"name\":\"Rio De Janeiro se pr\u00e9pare pour Routes Americas 2026 : un\",\"isPartOf\":{\"@id\":\"https:\/\/voyage-aventure.com\/blog\/#website\"},\"primaryImageOfPage\":{\"@id\":\"https:\/\/voyage-aventure.com\/blog\/a-la-une\/rio-de-janeiro-se-prepare-pour-routes-americas-2026-un-evenement-cle-pour-laviation-et-le-tourisme\/#primaryimage\"},\"image\":{\"@id\":\"https:\/\/voyage-aventure.com\/blog\/a-la-une\/rio-de-janeiro-se-prepare-pour-routes-americas-2026-un-evenement-cle-pour-laviation-et-le-tourisme\/#primaryimage\"},\"thumbnailUrl\":\"https:\/\/voyage-aventure.com\/blog\/wp-content\/uploads\/2025\/02\/sdxl-1e5d6cbb4e51bcee3ddff864f148f353.png\",\"datePublished\":\"2026-06-16T14:24:10+00:00\",\"description\":\"Rio de Janeiro s'appr\u00eate \u00e0 accueillir Routes Americas 2026, rendez-vous de r\u00e9f\u00e9rence de la connectivit\u00e9 a\u00e9rienne sur le continent. Un \u00e9v\u00e9nement qui\",\"inLanguage\":\"fr-FR\",\"potentialAction\":[{\"@type\":\"ReadAction\",\"target\":[\"https:\/\/voyage-aventure.com\/blog\/a-la-une\/rio-de-janeiro-se-prepare-pour-routes-americas-2026-un-evenement-cle-pour-laviation-et-le-tourisme\/\"]}]},{\"@type\":\"ImageObject\",\"inLanguage\":\"fr-FR\",\"@id\":\"https:\/\/voyage-aventure.com\/blog\/a-la-une\/rio-de-janeiro-se-prepare-pour-routes-americas-2026-un-evenement-cle-pour-laviation-et-le-tourisme\/#primaryimage\",\"url\":\"https:\/\/voyage-aventure.com\/blog\/wp-content\/uploads\/2025\/02\/sdxl-1e5d6cbb4e51bcee3ddff864f148f353.png\",\"contentUrl\":\"https:\/\/voyage-aventure.com\/blog\/wp-content\/uploads\/2025\/02\/sdxl-1e5d6cbb4e51bcee3ddff864f148f353.png\",\"width\":1536,\"height\":640},{\"@type\":\"WebSite\",\"@id\":\"https:\/\/voyage-aventure.com\/blog\/#website\",\"url\":\"https:\/\/voyage-aventure.com\/blog\/\",\"name\":\"voyage-aventure.com\",\"description\":\"Votre passeport pour l\u2019inattendu.\",\"publisher\":{\"@id\":\"https:\/\/voyage-aventure.com\/blog\/#organization\"},\"alternateName\":\"Votre passeport pour l\u2019inattendu.\",\"potentialAction\":[{\"@type\":\"SearchAction\",\"target\":{\"@type\":\"EntryPoint\",\"urlTemplate\":\"https:\/\/voyage-aventure.com\/blog\/?s={search_term_string}\"},\"query-input\":{\"@type\":\"PropertyValueSpecification\",\"valueRequired\":true,\"valueName\":\"search_term_string\"}}],\"inLanguage\":\"fr-FR\"},{\"@type\":\"Organization\",\"@id\":\"https:\/\/voyage-aventure.com\/blog\/#organization\",\"name\":\"Foretsensations.fr\",\"url\":\"https:\/\/voyage-aventure.com\/blog\/\",\"logo\":{\"@type\":\"ImageObject\",\"inLanguage\":\"fr-FR\",\"@id\":\"https:\/\/voyage-aventure.com\/blog\/#\/schema\/logo\/image\/\",\"url\":\"https:\/\/voyage-aventure.com\/blog\/wp-content\/uploads\/2024\/12\/19.png\",\"contentUrl\":\"https:\/\/voyage-aventure.com\/blog\/wp-content\/uploads\/2024\/12\/19.png\",\"width\":512,\"height\":512,\"caption\":\"Foretsensations.fr\"},\"image\":{\"@id\":\"https:\/\/voyage-aventure.com\/blog\/#\/schema\/logo\/image\/\"}},{\"@type\":\"Person\",\"@id\":\"https:\/\/voyage-aventure.com\/blog\/#\/schema\/person\/3c864cdc320801e3db34b663e7e3f816\",\"name\":\"Camille Rouvray\",\"image\":{\"@type\":\"ImageObject\",\"inLanguage\":\"fr-FR\",\"@id\":\"https:\/\/voyage-aventure.com\/blog\/#\/schema\/person\/image\/\",\"url\":\"https:\/\/voyage-aventure.com\/blog\/wp-content\/uploads\/2026\/06\/persona_camille-r-96x96.jpg\",\"contentUrl\":\"https:\/\/voyage-aventure.com\/blog\/wp-content\/uploads\/2026\/06\/persona_camille-r-96x96.jpg\",\"caption\":\"Camille Rouvray\"},\"description\":\"Je voyage et j'\u00e9cris sur le voyage depuis une douzaine d'ann\u00e9es, d'abord en tant que routarde au long cours, puis comme r\u00e9dactrice sp\u00e9cialis\u00e9e. Mon terrain de pr\u00e9dilection, ce sont les circuits organis\u00e9s et l'art de bien pr\u00e9parer un itin\u00e9raire : choix de la saison, dur\u00e9e r\u00e9aliste des \u00e9tapes, budget jour par jour, logement et transport sur place. J'aime aussi raconter les p\u00e9pites urbaines, ces adresses qu'on ne trouve pas dans les guides classiques. Avant de publier un dossier destination, je croise toujours plusieurs sources, je v\u00e9rifie les tarifs et les formalit\u00e9s d'entr\u00e9e \u00e0 jour, et je teste moi-m\u00eame quand je le peux. Mon angle reste pratique avant tout : aider le lecteur \u00e0 partir l'esprit tranquille, sans mauvaise surprise une fois sur place. Je m'attache \u00e0 distinguer le coup de c\u0153ur sinc\u00e8re du simple argument marketing.\",\"sameAs\":[\"https:\/\/camillerouvray.fr\/\"],\"url\":\"https:\/\/voyage-aventure.com\/blog\/auteur\/noname\/\"}]}<\/script>\n<!-- \/ Yoast SEO Premium plugin. -->","yoast_head_json":{"title":"Rio De Janeiro se pr\u00e9pare pour Routes Americas 2026 : un","description":"Rio de Janeiro s'appr\u00eate \u00e0 accueillir Routes Americas 2026, rendez-vous de r\u00e9f\u00e9rence de la connectivit\u00e9 a\u00e9rienne sur le continent. Un \u00e9v\u00e9nement qui","robots":{"index":"index","follow":"follow","max-snippet":"max-snippet:-1","max-image-preview":"max-image-preview:large","max-video-preview":"max-video-preview:-1"},"canonical":"https:\/\/voyage-aventure.com\/blog\/a-la-une\/rio-de-janeiro-se-prepare-pour-routes-americas-2026-un-evenement-cle-pour-laviation-et-le-tourisme\/","og_locale":"fr_FR","og_type":"article","og_title":"Rio De Janeiro se pr\u00e9pare pour Routes Americas 2026 : un","og_description":"Rio de Janeiro s'appr\u00eate \u00e0 accueillir Routes Americas 2026, rendez-vous de r\u00e9f\u00e9rence de la connectivit\u00e9 a\u00e9rienne sur le continent. Un \u00e9v\u00e9nement qui","og_url":"https:\/\/voyage-aventure.com\/blog\/a-la-une\/rio-de-janeiro-se-prepare-pour-routes-americas-2026-un-evenement-cle-pour-laviation-et-le-tourisme\/","og_site_name":"voyage-aventure","og_image":[{"url":"https:\/\/voyage-aventure.com\/blog\/wp-content\/uploads\/2025\/02\/sdxl-1e5d6cbb4e51bcee3ddff864f148f353.png","width":1200,"height":500,"type":"image\/png"}],"author":"Camille Rouvray","twitter_card":"summary_large_image","schema":{"@context":"https:\/\/schema.org","@graph":[{"@type":"NewsArticle","@id":"https:\/\/voyage-aventure.com\/blog\/a-la-une\/rio-de-janeiro-se-prepare-pour-routes-americas-2026-un-evenement-cle-pour-laviation-et-le-tourisme\/#article","isPartOf":{"@id":"https:\/\/voyage-aventure.com\/blog\/a-la-une\/rio-de-janeiro-se-prepare-pour-routes-americas-2026-un-evenement-cle-pour-laviation-et-le-tourisme\/"},"author":{"name":"Camille Rouvray","@id":"https:\/\/voyage-aventure.com\/blog\/#\/schema\/person\/3c864cdc320801e3db34b663e7e3f816"},"headline":"Rio De Janeiro se pr\u00e9pare pour Routes Americas 2026 : un \u00e9v\u00e9nement cl\u00e9 pour l&rsquo;aviation et le tourisme","datePublished":"2026-06-16T14:24:10+00:00","mainEntityOfPage":{"@id":"https:\/\/voyage-aventure.com\/blog\/a-la-une\/rio-de-janeiro-se-prepare-pour-routes-americas-2026-un-evenement-cle-pour-laviation-et-le-tourisme\/"},"wordCount":907,"commentCount":31,"publisher":{"@id":"https:\/\/voyage-aventure.com\/blog\/#organization"},"image":{"@id":"https:\/\/voyage-aventure.com\/blog\/a-la-une\/rio-de-janeiro-se-prepare-pour-routes-americas-2026-un-evenement-cle-pour-laviation-et-le-tourisme\/#primaryimage"},"thumbnailUrl":"https:\/\/voyage-aventure.com\/blog\/wp-content\/uploads\/2025\/02\/sdxl-1e5d6cbb4e51bcee3ddff864f148f353.png","keywords":["Activit\u00e9s Vari\u00e9es","D\u00e9couverte Culturelle","Destinations","Escapade en Europe","Voyage \u00c9conomique"],"articleSection":["\u00c0 la une"],"inLanguage":"fr-FR","potentialAction":[{"@type":"CommentAction","name":"Comment","target":["https:\/\/voyage-aventure.com\/blog\/a-la-une\/rio-de-janeiro-se-prepare-pour-routes-americas-2026-un-evenement-cle-pour-laviation-et-le-tourisme\/#respond"]}]},{"@type":"WebPage","@id":"https:\/\/voyage-aventure.com\/blog\/a-la-une\/rio-de-janeiro-se-prepare-pour-routes-americas-2026-un-evenement-cle-pour-laviation-et-le-tourisme\/","url":"https:\/\/voyage-aventure.com\/blog\/a-la-une\/rio-de-janeiro-se-prepare-pour-routes-americas-2026-un-evenement-cle-pour-laviation-et-le-tourisme\/","name":"Rio De Janeiro se pr\u00e9pare pour Routes Americas 2026 : un","isPartOf":{"@id":"https:\/\/voyage-aventure.com\/blog\/#website"},"primaryImageOfPage":{"@id":"https:\/\/voyage-aventure.com\/blog\/a-la-une\/rio-de-janeiro-se-prepare-pour-routes-americas-2026-un-evenement-cle-pour-laviation-et-le-tourisme\/#primaryimage"},"image":{"@id":"https:\/\/voyage-aventure.com\/blog\/a-la-une\/rio-de-janeiro-se-prepare-pour-routes-americas-2026-un-evenement-cle-pour-laviation-et-le-tourisme\/#primaryimage"},"thumbnailUrl":"https:\/\/voyage-aventure.com\/blog\/wp-content\/uploads\/2025\/02\/sdxl-1e5d6cbb4e51bcee3ddff864f148f353.png","datePublished":"2026-06-16T14:24:10+00:00","description":"Rio de Janeiro s'appr\u00eate \u00e0 accueillir Routes Americas 2026, rendez-vous de r\u00e9f\u00e9rence de la connectivit\u00e9 a\u00e9rienne sur le continent. Un \u00e9v\u00e9nement qui","inLanguage":"fr-FR","potentialAction":[{"@type":"ReadAction","target":["https:\/\/voyage-aventure.com\/blog\/a-la-une\/rio-de-janeiro-se-prepare-pour-routes-americas-2026-un-evenement-cle-pour-laviation-et-le-tourisme\/"]}]},{"@type":"ImageObject","inLanguage":"fr-FR","@id":"https:\/\/voyage-aventure.com\/blog\/a-la-une\/rio-de-janeiro-se-prepare-pour-routes-americas-2026-un-evenement-cle-pour-laviation-et-le-tourisme\/#primaryimage","url":"https:\/\/voyage-aventure.com\/blog\/wp-content\/uploads\/2025\/02\/sdxl-1e5d6cbb4e51bcee3ddff864f148f353.png","contentUrl":"https:\/\/voyage-aventure.com\/blog\/wp-content\/uploads\/2025\/02\/sdxl-1e5d6cbb4e51bcee3ddff864f148f353.png","width":1536,"height":640},{"@type":"WebSite","@id":"https:\/\/voyage-aventure.com\/blog\/#website","url":"https:\/\/voyage-aventure.com\/blog\/","name":"voyage-aventure.com","description":"Votre passeport pour l\u2019inattendu.","publisher":{"@id":"https:\/\/voyage-aventure.com\/blog\/#organization"},"alternateName":"Votre passeport pour l\u2019inattendu.","potentialAction":[{"@type":"SearchAction","target":{"@type":"EntryPoint","urlTemplate":"https:\/\/voyage-aventure.com\/blog\/?s={search_term_string}"},"query-input":{"@type":"PropertyValueSpecification","valueRequired":true,"valueName":"search_term_string"}}],"inLanguage":"fr-FR"},{"@type":"Organization","@id":"https:\/\/voyage-aventure.com\/blog\/#organization","name":"Foretsensations.fr","url":"https:\/\/voyage-aventure.com\/blog\/","logo":{"@type":"ImageObject","inLanguage":"fr-FR","@id":"https:\/\/voyage-aventure.com\/blog\/#\/schema\/logo\/image\/","url":"https:\/\/voyage-aventure.com\/blog\/wp-content\/uploads\/2024\/12\/19.png","contentUrl":"https:\/\/voyage-aventure.com\/blog\/wp-content\/uploads\/2024\/12\/19.png","width":512,"height":512,"caption":"Foretsensations.fr"},"image":{"@id":"https:\/\/voyage-aventure.com\/blog\/#\/schema\/logo\/image\/"}},{"@type":"Person","@id":"https:\/\/voyage-aventure.com\/blog\/#\/schema\/person\/3c864cdc320801e3db34b663e7e3f816","name":"Camille Rouvray","image":{"@type":"ImageObject","inLanguage":"fr-FR","@id":"https:\/\/voyage-aventure.com\/blog\/#\/schema\/person\/image\/","url":"https:\/\/voyage-aventure.com\/blog\/wp-content\/uploads\/2026\/06\/persona_camille-r-96x96.jpg","contentUrl":"https:\/\/voyage-aventure.com\/blog\/wp-content\/uploads\/2026\/06\/persona_camille-r-96x96.jpg","caption":"Camille Rouvray"},"description":"Je voyage et j'\u00e9cris sur le voyage depuis une douzaine d'ann\u00e9es, d'abord en tant que routarde au long cours, puis comme r\u00e9dactrice sp\u00e9cialis\u00e9e. Mon terrain de pr\u00e9dilection, ce sont les circuits organis\u00e9s et l'art de bien pr\u00e9parer un itin\u00e9raire : choix de la saison, dur\u00e9e r\u00e9aliste des \u00e9tapes, budget jour par jour, logement et transport sur place. J'aime aussi raconter les p\u00e9pites urbaines, ces adresses qu'on ne trouve pas dans les guides classiques. Avant de publier un dossier destination, je croise toujours plusieurs sources, je v\u00e9rifie les tarifs et les formalit\u00e9s d'entr\u00e9e \u00e0 jour, et je teste moi-m\u00eame quand je le peux. Mon angle reste pratique avant tout : aider le lecteur \u00e0 partir l'esprit tranquille, sans mauvaise surprise une fois sur place. Je m'attache \u00e0 distinguer le coup de c\u0153ur sinc\u00e8re du simple argument marketing.","sameAs":["https:\/\/camillerouvray.fr\/"],"url":"https:\/\/voyage-aventure.com\/blog\/auteur\/noname\/"}]}},"_links":{"self":[{"href":"https:\/\/voyage-aventure.com\/blog\/wp-json\/wp\/v2\/posts\/8828","targetHints":{"allow":["GET"]}}],"collection":[{"href":"https:\/\/voyage-aventure.com\/blog\/wp-json\/wp\/v2\/posts"}],"about":[{"href":"https:\/\/voyage-aventure.com\/blog\/wp-json\/wp\/v2\/types\/post"}],"author":[{"embeddable":true,"href":"https:\/\/voyage-aventure.com\/blog\/wp-json\/wp\/v2\/users\/34"}],"replies":[{"embeddable":true,"href":"https:\/\/voyage-aventure.com\/blog\/wp-json\/wp\/v2\/comments?post=8828"}],"version-history":[{"count":3,"href":"https:\/\/voyage-aventure.com\/blog\/wp-json\/wp\/v2\/posts\/8828\/revisions"}],"predecessor-version":[{"id":22502,"href":"https:\/\/voyage-aventure.com\/blog\/wp-json\/wp\/v2\/posts\/8828\/revisions\/22502"}],"wp:featuredmedia":[{"embeddable":true,"href":"https:\/\/voyage-aventure.com\/blog\/wp-json\/wp\/v2\/media\/12489"}],"wp:attachment":[{"href":"https:\/\/voyage-aventure.com\/blog\/wp-json\/wp\/v2\/media?parent=8828"}],"wp:term":[{"taxonomy":"category","embeddable":true,"href":"https:\/\/voyage-aventure.com\/blog\/wp-json\/wp\/v2\/categories?post=8828"},{"taxonomy":"post_tag","embeddable":true,"href":"https:\/\/voyage-aventure.com\/blog\/wp-json\/wp\/v2\/tags?post=8828"}],"curies":[{"name":"wp","href":"https:\/\/api.w.org\/{rel}","templated":true}]}}