{"id":8767,"date":"2025-02-16T10:11:52","date_gmt":"2025-02-16T09:11:52","guid":{"rendered":"https:\/\/voyage-aventure.com\/blog\/?p=8767"},"modified":"2025-02-16T10:11:52","modified_gmt":"2025-02-16T09:11:52","slug":"hommage-a-lheritage-de-dr-elizabeth-reimschissel-une-celebration-memorable","status":"publish","type":"post","link":"https:\/\/voyage-aventure.com\/blog\/destinations-aventure\/hommage-a-lheritage-de-dr-elizabeth-reimschissel-une-celebration-memorable\/","title":{"rendered":"Hommage \u00e0 l&rsquo;h\u00e9ritage de Dr. Elizabeth Reimschissel : une c\u00e9l\u00e9bration m\u00e9morable"},"content":{"rendered":"<h2>Un parcours inspirant au service de la m\u00e9decine<\/h2>\n<p>Dans le domaine de la m\u00e9decine, certains individus laissent une empreinte ind\u00e9l\u00e9bile. Le Dr. Elizabeth Reimschissel est l&rsquo;une de ces figures embl\u00e9matiques dont le parcours a inspir\u00e9 de nombreuses g\u00e9n\u00e9rations de professionnels de la sant\u00e9. Elle a consacr\u00e9 sa vie \u00e0 l&rsquo;avancement de la m\u00e9decine, en se battant pour des pratiques innovantes et en d\u00e9fendant les droits des patients.<\/p>\n<p>Au cours de sa carri\u00e8re, le Dr. Reimschissel a \u00e9galement \u00e9t\u00e9 une mentor pour de nombreux jeunes m\u00e9decins. Son approche humaine et son d\u00e9vouement sans faille ont contribu\u00e9 \u00e0 fa\u00e7onner des carri\u00e8res et \u00e0 transformer des vies. Aujourd&rsquo;hui, sa l\u00e9gende perdure \u00e0 travers les histoires de ceux qu&rsquo;elle a touch\u00e9s.<\/p>\n<h2>Une c\u00e9l\u00e9bration qui rassemble la communaut\u00e9<\/h2>\n<p>R\u00e9cemment, une c\u00e9r\u00e9monie sp\u00e9ciale a eu lieu pour honorer l&rsquo;h\u00e9ritage du Dr. Reimschissel. Cet \u00e9v\u00e9nement a rassembl\u00e9 des coll\u00e8gues, des anciens \u00e9l\u00e8ves et des membres de la communaut\u00e9 m\u00e9dicale pour c\u00e9l\u00e9brer ses r\u00e9alisations. La salle \u00e9tait remplie de t\u00e9moignages \u00e9mouvants et d&rsquo;anecdotes qui ont permis de raviver des souvenirs pr\u00e9cieux.<\/p>\n<p>Les participants ont partag\u00e9 des r\u00e9cits sur l&rsquo;impact que le Dr. Reimschissel a eu sur leur vie professionnelle. Son influence s&rsquo;\u00e9tend bien au-del\u00e0 de sa pratique, touchant de nombreux aspects de la m\u00e9decine moderne. Comme l&rsquo;a dit l&rsquo;un des orateurs, <\/p>\n<blockquote><p>\u00ab\u00a0Le Dr. Reimschissel n&rsquo;\u00e9tait pas seulement une m\u00e9decin, elle \u00e9tait une v\u00e9ritable pionni\u00e8re dans son domaine.\u00a0\u00bb<\/p><\/blockquote>\n<h2>Un h\u00e9ritage durable pour les futures g\u00e9n\u00e9rations<\/h2>\n<p>L&rsquo;h\u00e9ritage du Dr. Reimschissel se manifeste aujourd&rsquo;hui dans les valeurs et les pratiques que les professionnels de la sant\u00e9 adoptent. Ses contributions \u00e0 la recherche m\u00e9dicale et \u00e0 l&rsquo;\u00e9ducation continuent de guider les nouvelles g\u00e9n\u00e9rations. De nombreux programmes de mentorat ont \u00e9t\u00e9 instaur\u00e9s en son honneur, visant \u00e0 perp\u00e9tuer son esprit d&rsquo;innovation et de compassion.<\/p>\n<p>Les initiatives mises en place en son nom incluent des bourses d&rsquo;\u00e9tudes et des conf\u00e9rences d\u00e9di\u00e9es \u00e0 l&rsquo;avancement de la m\u00e9decine. Ces efforts permettent de garder vivant son h\u00e9ritage, tout en inspirant les futurs leaders du domaine m\u00e9dical. Voici quelques-unes des initiatives notables :<\/p>\n<ul>\n<li>Bourses d&rsquo;\u00e9tudes pour les \u00e9tudiants en m\u00e9decine<\/li>\n<li>Conf\u00e9rences annuelles sur des sujets m\u00e9dicaux innovants<\/li>\n<li>Programmes de mentorat pour jeunes m\u00e9decins<\/li>\n<\/ul>\n<p>La c\u00e9l\u00e9bration du Dr. Elizabeth Reimschissel n&rsquo;est pas simplement un hommage \u00e0 son parcours, mais un appel \u00e0 continuer \u00e0 promouvoir ses valeurs de respect, d&rsquo;innovation et de d\u00e9vouement. Les nombreux t\u00e9moignages entendus lors de cet \u00e9v\u00e9nement nous rappellent l&rsquo;importance de c\u00e9l\u00e9brer ceux qui ont fa\u00e7onn\u00e9 notre monde de la sant\u00e9. En gardant son h\u00e9ritage vivant, nous nous engageons \u00e0 suivre ses pas et \u00e0 faire progresser la m\u00e9decine pour les g\u00e9n\u00e9rations \u00e0 venir.<\/p>\n","protected":false},"excerpt":{"rendered":"","protected":false},"author":34,"featured_media":11951,"comment_status":"open","ping_status":"open","sticky":false,"template":"","format":"standard","meta":{"_acf_changed":false,"manual_indexmenow":false,"indexmenow_id_project":0,"footnotes":""},"categories":[4520],"tags":[4538,4527,4528,4769,4625],"class_list":["post-8767","post","type-post","status-publish","format-standard","has-post-thumbnail","hentry","category-destinations-aventure","tag-activites-variees","tag-decouverte-culturelle","tag-hebergement-abordable","tag-immersion-culturelle","tag-passion-du-voyage","generate-columns","tablet-grid-50","mobile-grid-100","grid-parent","grid-25"],"acf":[],"yoast_head":"<!-- This site is optimized with the Yoast SEO Premium plugin v21.3 (Yoast SEO v25.1) - https:\/\/yoast.com\/wordpress\/plugins\/seo\/ -->\n<title>Hommage \u00e0 l&#039;h\u00e9ritage de Dr. Elizabeth Reimschissel : une<\/title>\n<meta name=\"description\" content=\"Dans le domaine de la m\u00e9decine, certains individus laissent une empreinte ind\u00e9l\u00e9bile. Le Dr. Elizabeth Reimschissel est l&#039;une de ces figures embl\u00e9matiques\" \/>\n<meta name=\"robots\" content=\"index, follow, max-snippet:-1, max-image-preview:large, max-video-preview:-1\" \/>\n<link rel=\"canonical\" href=\"https:\/\/voyage-aventure.com\/blog\/destinations-aventure\/hommage-a-lheritage-de-dr-elizabeth-reimschissel-une-celebration-memorable\/\" \/>\n<meta property=\"og:locale\" content=\"fr_FR\" \/>\n<meta property=\"og:type\" content=\"article\" \/>\n<meta property=\"og:title\" content=\"Hommage \u00e0 l&#039;h\u00e9ritage de Dr. Elizabeth Reimschissel : une\" \/>\n<meta property=\"og:description\" content=\"Dans le domaine de la m\u00e9decine, certains individus laissent une empreinte ind\u00e9l\u00e9bile. Le Dr. Elizabeth Reimschissel est l&#039;une de ces figures embl\u00e9matiques\" \/>\n<meta property=\"og:url\" content=\"https:\/\/voyage-aventure.com\/blog\/destinations-aventure\/hommage-a-lheritage-de-dr-elizabeth-reimschissel-une-celebration-memorable\/\" \/>\n<meta property=\"og:site_name\" content=\"voyage-aventure\" \/>\n<meta property=\"og:image\" content=\"https:\/\/voyage-aventure.com\/blog\/wp-content\/uploads\/2025\/02\/sdxl-2a7b07610c521ad10c052cd268683bcb.png\" \/>\n\t<meta property=\"og:image:width\" content=\"1536\" \/>\n\t<meta property=\"og:image:height\" content=\"640\" \/>\n\t<meta property=\"og:image:type\" content=\"image\/png\" \/>\n<meta name=\"author\" content=\"Camille Rouvray\" \/>\n<meta name=\"twitter:card\" content=\"summary_large_image\" \/>\n<script type=\"application\/ld+json\" class=\"yoast-schema-graph\">{\"@context\":\"https:\/\/schema.org\",\"@graph\":[{\"@type\":\"NewsArticle\",\"@id\":\"https:\/\/voyage-aventure.com\/blog\/destinations-aventure\/hommage-a-lheritage-de-dr-elizabeth-reimschissel-une-celebration-memorable\/#article\",\"isPartOf\":{\"@id\":\"https:\/\/voyage-aventure.com\/blog\/destinations-aventure\/hommage-a-lheritage-de-dr-elizabeth-reimschissel-une-celebration-memorable\/\"},\"author\":{\"name\":\"Camille Rouvray\",\"@id\":\"https:\/\/voyage-aventure.com\/blog\/#\/schema\/person\/3c864cdc320801e3db34b663e7e3f816\"},\"headline\":\"Hommage \u00e0 l&rsquo;h\u00e9ritage de Dr. Elizabeth Reimschissel : une c\u00e9l\u00e9bration m\u00e9morable\",\"datePublished\":\"2025-02-16T09:11:52+00:00\",\"mainEntityOfPage\":{\"@id\":\"https:\/\/voyage-aventure.com\/blog\/destinations-aventure\/hommage-a-lheritage-de-dr-elizabeth-reimschissel-une-celebration-memorable\/\"},\"wordCount\":517,\"commentCount\":17,\"publisher\":{\"@id\":\"https:\/\/voyage-aventure.com\/blog\/#organization\"},\"image\":{\"@id\":\"https:\/\/voyage-aventure.com\/blog\/destinations-aventure\/hommage-a-lheritage-de-dr-elizabeth-reimschissel-une-celebration-memorable\/#primaryimage\"},\"thumbnailUrl\":\"https:\/\/voyage-aventure.com\/blog\/wp-content\/uploads\/2025\/02\/sdxl-2a7b07610c521ad10c052cd268683bcb.png\",\"keywords\":[\"Activit\u00e9s Vari\u00e9es\",\"D\u00e9couverte Culturelle\",\"H\u00e9bergement Abordable\",\"Immersion Culturelle\",\"Passion Du Voyage\"],\"articleSection\":[\"Destinations Aventure\"],\"inLanguage\":\"fr-FR\",\"potentialAction\":[{\"@type\":\"CommentAction\",\"name\":\"Comment\",\"target\":[\"https:\/\/voyage-aventure.com\/blog\/destinations-aventure\/hommage-a-lheritage-de-dr-elizabeth-reimschissel-une-celebration-memorable\/#respond\"]}]},{\"@type\":\"WebPage\",\"@id\":\"https:\/\/voyage-aventure.com\/blog\/destinations-aventure\/hommage-a-lheritage-de-dr-elizabeth-reimschissel-une-celebration-memorable\/\",\"url\":\"https:\/\/voyage-aventure.com\/blog\/destinations-aventure\/hommage-a-lheritage-de-dr-elizabeth-reimschissel-une-celebration-memorable\/\",\"name\":\"Hommage \u00e0 l'h\u00e9ritage de Dr. Elizabeth Reimschissel : une\",\"isPartOf\":{\"@id\":\"https:\/\/voyage-aventure.com\/blog\/#website\"},\"primaryImageOfPage\":{\"@id\":\"https:\/\/voyage-aventure.com\/blog\/destinations-aventure\/hommage-a-lheritage-de-dr-elizabeth-reimschissel-une-celebration-memorable\/#primaryimage\"},\"image\":{\"@id\":\"https:\/\/voyage-aventure.com\/blog\/destinations-aventure\/hommage-a-lheritage-de-dr-elizabeth-reimschissel-une-celebration-memorable\/#primaryimage\"},\"thumbnailUrl\":\"https:\/\/voyage-aventure.com\/blog\/wp-content\/uploads\/2025\/02\/sdxl-2a7b07610c521ad10c052cd268683bcb.png\",\"datePublished\":\"2025-02-16T09:11:52+00:00\",\"description\":\"Dans le domaine de la m\u00e9decine, certains individus laissent une empreinte ind\u00e9l\u00e9bile. Le Dr. Elizabeth Reimschissel est l'une de ces figures embl\u00e9matiques\",\"inLanguage\":\"fr-FR\",\"potentialAction\":[{\"@type\":\"ReadAction\",\"target\":[\"https:\/\/voyage-aventure.com\/blog\/destinations-aventure\/hommage-a-lheritage-de-dr-elizabeth-reimschissel-une-celebration-memorable\/\"]}]},{\"@type\":\"ImageObject\",\"inLanguage\":\"fr-FR\",\"@id\":\"https:\/\/voyage-aventure.com\/blog\/destinations-aventure\/hommage-a-lheritage-de-dr-elizabeth-reimschissel-une-celebration-memorable\/#primaryimage\",\"url\":\"https:\/\/voyage-aventure.com\/blog\/wp-content\/uploads\/2025\/02\/sdxl-2a7b07610c521ad10c052cd268683bcb.png\",\"contentUrl\":\"https:\/\/voyage-aventure.com\/blog\/wp-content\/uploads\/2025\/02\/sdxl-2a7b07610c521ad10c052cd268683bcb.png\",\"width\":1536,\"height\":640},{\"@type\":\"WebSite\",\"@id\":\"https:\/\/voyage-aventure.com\/blog\/#website\",\"url\":\"https:\/\/voyage-aventure.com\/blog\/\",\"name\":\"voyage-aventure.com\",\"description\":\"Votre passeport pour l\u2019inattendu.\",\"publisher\":{\"@id\":\"https:\/\/voyage-aventure.com\/blog\/#organization\"},\"alternateName\":\"Votre passeport pour l\u2019inattendu.\",\"potentialAction\":[{\"@type\":\"SearchAction\",\"target\":{\"@type\":\"EntryPoint\",\"urlTemplate\":\"https:\/\/voyage-aventure.com\/blog\/?s={search_term_string}\"},\"query-input\":{\"@type\":\"PropertyValueSpecification\",\"valueRequired\":true,\"valueName\":\"search_term_string\"}}],\"inLanguage\":\"fr-FR\"},{\"@type\":\"Organization\",\"@id\":\"https:\/\/voyage-aventure.com\/blog\/#organization\",\"name\":\"Foretsensations.fr\",\"url\":\"https:\/\/voyage-aventure.com\/blog\/\",\"logo\":{\"@type\":\"ImageObject\",\"inLanguage\":\"fr-FR\",\"@id\":\"https:\/\/voyage-aventure.com\/blog\/#\/schema\/logo\/image\/\",\"url\":\"https:\/\/voyage-aventure.com\/blog\/wp-content\/uploads\/2024\/12\/19.png\",\"contentUrl\":\"https:\/\/voyage-aventure.com\/blog\/wp-content\/uploads\/2024\/12\/19.png\",\"width\":512,\"height\":512,\"caption\":\"Foretsensations.fr\"},\"image\":{\"@id\":\"https:\/\/voyage-aventure.com\/blog\/#\/schema\/logo\/image\/\"}},{\"@type\":\"Person\",\"@id\":\"https:\/\/voyage-aventure.com\/blog\/#\/schema\/person\/3c864cdc320801e3db34b663e7e3f816\",\"name\":\"Camille Rouvray\",\"image\":{\"@type\":\"ImageObject\",\"inLanguage\":\"fr-FR\",\"@id\":\"https:\/\/voyage-aventure.com\/blog\/#\/schema\/person\/image\/\",\"url\":\"https:\/\/voyage-aventure.com\/blog\/wp-content\/uploads\/2026\/06\/persona_camille-r-96x96.jpg\",\"contentUrl\":\"https:\/\/voyage-aventure.com\/blog\/wp-content\/uploads\/2026\/06\/persona_camille-r-96x96.jpg\",\"caption\":\"Camille Rouvray\"},\"description\":\"Je voyage et j'\u00e9cris sur le voyage depuis une douzaine d'ann\u00e9es, d'abord en tant que routarde au long cours, puis comme r\u00e9dactrice sp\u00e9cialis\u00e9e. Mon terrain de pr\u00e9dilection, ce sont les circuits organis\u00e9s et l'art de bien pr\u00e9parer un itin\u00e9raire : choix de la saison, dur\u00e9e r\u00e9aliste des \u00e9tapes, budget jour par jour, logement et transport sur place. J'aime aussi raconter les p\u00e9pites urbaines, ces adresses qu'on ne trouve pas dans les guides classiques. Avant de publier un dossier destination, je croise toujours plusieurs sources, je v\u00e9rifie les tarifs et les formalit\u00e9s d'entr\u00e9e \u00e0 jour, et je teste moi-m\u00eame quand je le peux. Mon angle reste pratique avant tout : aider le lecteur \u00e0 partir l'esprit tranquille, sans mauvaise surprise une fois sur place. Je m'attache \u00e0 distinguer le coup de c\u0153ur sinc\u00e8re du simple argument marketing.\",\"sameAs\":[\"https:\/\/camillerouvray.fr\/\"],\"url\":\"https:\/\/voyage-aventure.com\/blog\/auteur\/noname\/\"}]}<\/script>\n<!-- \/ Yoast SEO Premium plugin. -->","yoast_head_json":{"title":"Hommage \u00e0 l'h\u00e9ritage de Dr. Elizabeth Reimschissel : une","description":"Dans le domaine de la m\u00e9decine, certains individus laissent une empreinte ind\u00e9l\u00e9bile. Le Dr. Elizabeth Reimschissel est l'une de ces figures embl\u00e9matiques","robots":{"index":"index","follow":"follow","max-snippet":"max-snippet:-1","max-image-preview":"max-image-preview:large","max-video-preview":"max-video-preview:-1"},"canonical":"https:\/\/voyage-aventure.com\/blog\/destinations-aventure\/hommage-a-lheritage-de-dr-elizabeth-reimschissel-une-celebration-memorable\/","og_locale":"fr_FR","og_type":"article","og_title":"Hommage \u00e0 l'h\u00e9ritage de Dr. Elizabeth Reimschissel : une","og_description":"Dans le domaine de la m\u00e9decine, certains individus laissent une empreinte ind\u00e9l\u00e9bile. Le Dr. Elizabeth Reimschissel est l'une de ces figures embl\u00e9matiques","og_url":"https:\/\/voyage-aventure.com\/blog\/destinations-aventure\/hommage-a-lheritage-de-dr-elizabeth-reimschissel-une-celebration-memorable\/","og_site_name":"voyage-aventure","og_image":[{"width":1536,"height":640,"url":"https:\/\/voyage-aventure.com\/blog\/wp-content\/uploads\/2025\/02\/sdxl-2a7b07610c521ad10c052cd268683bcb.png","type":"image\/png"}],"author":"Camille Rouvray","twitter_card":"summary_large_image","schema":{"@context":"https:\/\/schema.org","@graph":[{"@type":"NewsArticle","@id":"https:\/\/voyage-aventure.com\/blog\/destinations-aventure\/hommage-a-lheritage-de-dr-elizabeth-reimschissel-une-celebration-memorable\/#article","isPartOf":{"@id":"https:\/\/voyage-aventure.com\/blog\/destinations-aventure\/hommage-a-lheritage-de-dr-elizabeth-reimschissel-une-celebration-memorable\/"},"author":{"name":"Camille Rouvray","@id":"https:\/\/voyage-aventure.com\/blog\/#\/schema\/person\/3c864cdc320801e3db34b663e7e3f816"},"headline":"Hommage \u00e0 l&rsquo;h\u00e9ritage de Dr. Elizabeth Reimschissel : une c\u00e9l\u00e9bration m\u00e9morable","datePublished":"2025-02-16T09:11:52+00:00","mainEntityOfPage":{"@id":"https:\/\/voyage-aventure.com\/blog\/destinations-aventure\/hommage-a-lheritage-de-dr-elizabeth-reimschissel-une-celebration-memorable\/"},"wordCount":517,"commentCount":17,"publisher":{"@id":"https:\/\/voyage-aventure.com\/blog\/#organization"},"image":{"@id":"https:\/\/voyage-aventure.com\/blog\/destinations-aventure\/hommage-a-lheritage-de-dr-elizabeth-reimschissel-une-celebration-memorable\/#primaryimage"},"thumbnailUrl":"https:\/\/voyage-aventure.com\/blog\/wp-content\/uploads\/2025\/02\/sdxl-2a7b07610c521ad10c052cd268683bcb.png","keywords":["Activit\u00e9s Vari\u00e9es","D\u00e9couverte Culturelle","H\u00e9bergement Abordable","Immersion Culturelle","Passion Du Voyage"],"articleSection":["Destinations Aventure"],"inLanguage":"fr-FR","potentialAction":[{"@type":"CommentAction","name":"Comment","target":["https:\/\/voyage-aventure.com\/blog\/destinations-aventure\/hommage-a-lheritage-de-dr-elizabeth-reimschissel-une-celebration-memorable\/#respond"]}]},{"@type":"WebPage","@id":"https:\/\/voyage-aventure.com\/blog\/destinations-aventure\/hommage-a-lheritage-de-dr-elizabeth-reimschissel-une-celebration-memorable\/","url":"https:\/\/voyage-aventure.com\/blog\/destinations-aventure\/hommage-a-lheritage-de-dr-elizabeth-reimschissel-une-celebration-memorable\/","name":"Hommage \u00e0 l'h\u00e9ritage de Dr. Elizabeth Reimschissel : une","isPartOf":{"@id":"https:\/\/voyage-aventure.com\/blog\/#website"},"primaryImageOfPage":{"@id":"https:\/\/voyage-aventure.com\/blog\/destinations-aventure\/hommage-a-lheritage-de-dr-elizabeth-reimschissel-une-celebration-memorable\/#primaryimage"},"image":{"@id":"https:\/\/voyage-aventure.com\/blog\/destinations-aventure\/hommage-a-lheritage-de-dr-elizabeth-reimschissel-une-celebration-memorable\/#primaryimage"},"thumbnailUrl":"https:\/\/voyage-aventure.com\/blog\/wp-content\/uploads\/2025\/02\/sdxl-2a7b07610c521ad10c052cd268683bcb.png","datePublished":"2025-02-16T09:11:52+00:00","description":"Dans le domaine de la m\u00e9decine, certains individus laissent une empreinte ind\u00e9l\u00e9bile. Le Dr. Elizabeth Reimschissel est l'une de ces figures embl\u00e9matiques","inLanguage":"fr-FR","potentialAction":[{"@type":"ReadAction","target":["https:\/\/voyage-aventure.com\/blog\/destinations-aventure\/hommage-a-lheritage-de-dr-elizabeth-reimschissel-une-celebration-memorable\/"]}]},{"@type":"ImageObject","inLanguage":"fr-FR","@id":"https:\/\/voyage-aventure.com\/blog\/destinations-aventure\/hommage-a-lheritage-de-dr-elizabeth-reimschissel-une-celebration-memorable\/#primaryimage","url":"https:\/\/voyage-aventure.com\/blog\/wp-content\/uploads\/2025\/02\/sdxl-2a7b07610c521ad10c052cd268683bcb.png","contentUrl":"https:\/\/voyage-aventure.com\/blog\/wp-content\/uploads\/2025\/02\/sdxl-2a7b07610c521ad10c052cd268683bcb.png","width":1536,"height":640},{"@type":"WebSite","@id":"https:\/\/voyage-aventure.com\/blog\/#website","url":"https:\/\/voyage-aventure.com\/blog\/","name":"voyage-aventure.com","description":"Votre passeport pour l\u2019inattendu.","publisher":{"@id":"https:\/\/voyage-aventure.com\/blog\/#organization"},"alternateName":"Votre passeport pour l\u2019inattendu.","potentialAction":[{"@type":"SearchAction","target":{"@type":"EntryPoint","urlTemplate":"https:\/\/voyage-aventure.com\/blog\/?s={search_term_string}"},"query-input":{"@type":"PropertyValueSpecification","valueRequired":true,"valueName":"search_term_string"}}],"inLanguage":"fr-FR"},{"@type":"Organization","@id":"https:\/\/voyage-aventure.com\/blog\/#organization","name":"Foretsensations.fr","url":"https:\/\/voyage-aventure.com\/blog\/","logo":{"@type":"ImageObject","inLanguage":"fr-FR","@id":"https:\/\/voyage-aventure.com\/blog\/#\/schema\/logo\/image\/","url":"https:\/\/voyage-aventure.com\/blog\/wp-content\/uploads\/2024\/12\/19.png","contentUrl":"https:\/\/voyage-aventure.com\/blog\/wp-content\/uploads\/2024\/12\/19.png","width":512,"height":512,"caption":"Foretsensations.fr"},"image":{"@id":"https:\/\/voyage-aventure.com\/blog\/#\/schema\/logo\/image\/"}},{"@type":"Person","@id":"https:\/\/voyage-aventure.com\/blog\/#\/schema\/person\/3c864cdc320801e3db34b663e7e3f816","name":"Camille Rouvray","image":{"@type":"ImageObject","inLanguage":"fr-FR","@id":"https:\/\/voyage-aventure.com\/blog\/#\/schema\/person\/image\/","url":"https:\/\/voyage-aventure.com\/blog\/wp-content\/uploads\/2026\/06\/persona_camille-r-96x96.jpg","contentUrl":"https:\/\/voyage-aventure.com\/blog\/wp-content\/uploads\/2026\/06\/persona_camille-r-96x96.jpg","caption":"Camille Rouvray"},"description":"Je voyage et j'\u00e9cris sur le voyage depuis une douzaine d'ann\u00e9es, d'abord en tant que routarde au long cours, puis comme r\u00e9dactrice sp\u00e9cialis\u00e9e. Mon terrain de pr\u00e9dilection, ce sont les circuits organis\u00e9s et l'art de bien pr\u00e9parer un itin\u00e9raire : choix de la saison, dur\u00e9e r\u00e9aliste des \u00e9tapes, budget jour par jour, logement et transport sur place. J'aime aussi raconter les p\u00e9pites urbaines, ces adresses qu'on ne trouve pas dans les guides classiques. Avant de publier un dossier destination, je croise toujours plusieurs sources, je v\u00e9rifie les tarifs et les formalit\u00e9s d'entr\u00e9e \u00e0 jour, et je teste moi-m\u00eame quand je le peux. Mon angle reste pratique avant tout : aider le lecteur \u00e0 partir l'esprit tranquille, sans mauvaise surprise une fois sur place. Je m'attache \u00e0 distinguer le coup de c\u0153ur sinc\u00e8re du simple argument marketing.","sameAs":["https:\/\/camillerouvray.fr\/"],"url":"https:\/\/voyage-aventure.com\/blog\/auteur\/noname\/"}]}},"_links":{"self":[{"href":"https:\/\/voyage-aventure.com\/blog\/wp-json\/wp\/v2\/posts\/8767","targetHints":{"allow":["GET"]}}],"collection":[{"href":"https:\/\/voyage-aventure.com\/blog\/wp-json\/wp\/v2\/posts"}],"about":[{"href":"https:\/\/voyage-aventure.com\/blog\/wp-json\/wp\/v2\/types\/post"}],"author":[{"embeddable":true,"href":"https:\/\/voyage-aventure.com\/blog\/wp-json\/wp\/v2\/users\/34"}],"replies":[{"embeddable":true,"href":"https:\/\/voyage-aventure.com\/blog\/wp-json\/wp\/v2\/comments?post=8767"}],"version-history":[{"count":1,"href":"https:\/\/voyage-aventure.com\/blog\/wp-json\/wp\/v2\/posts\/8767\/revisions"}],"predecessor-version":[{"id":9614,"href":"https:\/\/voyage-aventure.com\/blog\/wp-json\/wp\/v2\/posts\/8767\/revisions\/9614"}],"wp:featuredmedia":[{"embeddable":true,"href":"https:\/\/voyage-aventure.com\/blog\/wp-json\/wp\/v2\/media\/11951"}],"wp:attachment":[{"href":"https:\/\/voyage-aventure.com\/blog\/wp-json\/wp\/v2\/media?parent=8767"}],"wp:term":[{"taxonomy":"category","embeddable":true,"href":"https:\/\/voyage-aventure.com\/blog\/wp-json\/wp\/v2\/categories?post=8767"},{"taxonomy":"post_tag","embeddable":true,"href":"https:\/\/voyage-aventure.com\/blog\/wp-json\/wp\/v2\/tags?post=8767"}],"curies":[{"name":"wp","href":"https:\/\/api.w.org\/{rel}","templated":true}]}}