{"id":8738,"date":"2025-02-13T16:47:57","date_gmt":"2025-02-13T15:47:57","guid":{"rendered":"https:\/\/voyage-aventure.com\/blog\/?p=8738"},"modified":"2025-02-13T12:49:10","modified_gmt":"2025-02-13T11:49:10","slug":"voyager-en-belgique-limpact-des-greves-sur-les-vols-et-vos-droits","status":"publish","type":"post","link":"https:\/\/voyage-aventure.com\/blog\/a-la-une\/voyager-en-belgique-limpact-des-greves-sur-les-vols-et-vos-droits\/","title":{"rendered":"Voyager en Belgique : l&rsquo;impact des gr\u00e8ves sur les vols et vos droits"},"content":{"rendered":"<h2>Des vols annul\u00e9s : une situation pr\u00e9occupante pour les voyageurs<\/h2>\n<p>Cette situation r\u00e9sulte d&rsquo;une gr\u00e8ve nationale d\u00e9clench\u00e9e par des syndicats pour protester contre les r\u00e9formes des retraites et les conditions de travail. Des milliers de passagers europ\u00e9ens se retrouvent ainsi bloqu\u00e9s, contraints de modifier leurs projets de voyage.<\/p>\n<p>Selon les autorit\u00e9s a\u00e9roportuaires, cette gr\u00e8ve vise \u00e0 garantir la s\u00e9curit\u00e9 des passagers, mais elle entra\u00eene des d\u00e9sagr\u00e9ments consid\u00e9rables. Les a\u00e9roports belges, en particulier celui de Bruxelles, subissent de plein fouet les cons\u00e9quences de cette mobilisation. Il est conseill\u00e9 aux voyageurs de v\u00e9rifier l&rsquo;\u00e9tat de leur vol avant de se rendre \u00e0 l&rsquo;a\u00e9roport.<\/p>\n<p><iframe loading=\"lazy\" title=\"Ce Policier Pi\u00e8ge Les Voleurs !\" width=\"1200\" height=\"675\" src=\"https:\/\/www.youtube.com\/embed\/lJu_rB4nDQk?feature=oembed\" frameborder=\"0\" allow=\"accelerometer; autoplay; clipboard-write; encrypted-media; gyroscope; picture-in-picture; web-share\" referrerpolicy=\"strict-origin-when-cross-origin\" allowfullscreen><\/iframe><\/p>\n<h2>Comment v\u00e9rifier l&rsquo;annulation de votre vol ?<\/h2>\n<p>Si vous pr\u00e9voyez un voyage en Belgique dans les prochaines 48 heures, il est crucial de consulter votre compagnie a\u00e9rienne pour conna\u00eetre le statut de votre vol. Les vols en provenance de pays comme la France, l&rsquo;Allemagne, les Pays-Bas, le Royaume-Uni et les \u00c9tats-Unis sont impact\u00e9s par cette gr\u00e8ve. Les passagers concern\u00e9s recevront des notifications de leur compagnie, leur demandant de ne pas se rendre \u00e0 l&rsquo;a\u00e9roport.<\/p>\n<p>Les passagers de l&rsquo;a\u00e9roport de Charleroi sont \u00e9galement avertis que tous les vols ont \u00e9t\u00e9 annul\u00e9s en raison d&rsquo;un manque de personnel. Seules les arriv\u00e9es en provenance de l&rsquo;espace Schengen sont autoris\u00e9es. Pour ceux qui cherchent des solutions alternatives, les services de train Eurostar restent op\u00e9rationnels, bien qu&rsquo;ils risquent d&rsquo;\u00eatre plus charg\u00e9s.<\/p>\n<h2>Quelles sont les raisons de la gr\u00e8ve nationale ?<\/h2>\n<p>Les syndicats belges se sont unis pour organiser cette gr\u00e8ve massive, touchant le personnel de s\u00e9curit\u00e9 et les bagagistes des a\u00e9roports. Cette action vise \u00e0 protester contre les r\u00e9formes des retraites du gouvernement et \u00e0 r\u00e9clamer de meilleures conditions de travail. Les syndicats ont d\u00e9cid\u00e9 de continuer ces gr\u00e8ves mensuelles, chaque 13 du mois, jusqu&rsquo;\u00e0 ce que leurs revendications soient prises en compte.<\/p>\n<p>La pression exerc\u00e9e sur le gouvernement et les employeurs est importante, car le secteur de l&rsquo;aviation d\u00e9pend fortement du personnel de s\u00e9curit\u00e9. L&rsquo;objectif est de faire entendre les pr\u00e9occupations des travailleurs et d&rsquo;apporter des changements significatifs dans leurs conditions de travail. Les voyageurs devront donc \u00eatre vigilants lors de la planification de leurs voyages \u00e0 Bruxelles dans les mois \u00e0 venir.<\/p>\n<h2>Pr\u00e9voir un jour charg\u00e9 \u00e0 l&rsquo;a\u00e9roport de Bruxelles<\/h2>\n<p>Le 14 f\u00e9vrier, les a\u00e9roports de Bruxelles s&rsquo;attendent \u00e0 une journ\u00e9e particuli\u00e8rement charg\u00e9e en raison des r\u00e9organisations de vols. Les passagers qui ont pu reprogrammer leurs d\u00e9placements doivent pr\u00e9voir d&rsquo;arriver plus t\u00f4t que d&rsquo;habitude. Les autorit\u00e9s a\u00e9roportuaires recommandent d&rsquo;utiliser les outils en ligne pour rester inform\u00e9 des horaires de vol.<\/p>\n<p>Les cons\u00e9quences de cette gr\u00e8ve ne se limitent pas \u00e0 la Belgique. D&rsquo;autres a\u00e9roports europ\u00e9ens, comme Maastricht Aachen, ressentent \u00e9galement l&rsquo;impact de cette mobilisation. La situation pourrait encore \u00e9voluer, rendant la planification des voyages d&rsquo;autant plus d\u00e9licate.<\/p>\n<h2>Les droits des passagers en cas de gr\u00e8ve<\/h2>\n<p>En vertu du droit europ\u00e9en, les passagers dont le vol a \u00e9t\u00e9 annul\u00e9 ont droit \u00e0 un remboursement ou \u00e0 un vol alternatif. Si votre vol est retard\u00e9, vous pourriez \u00eatre \u00e9ligible \u00e0 des remboursements pour des d\u00e9penses impr\u00e9vues, comme la nourriture et l&rsquo;h\u00e9bergement. Il est recommand\u00e9 de contacter votre compagnie a\u00e9rienne ou votre agent de voyage pour faire valoir vos droits, bien que cela puisse prendre du temps.<\/p>\n<p>Les passagers ferroviaires en Europe ont \u00e9galement des droits en cas de retard. Si votre train accuse un retard de plus de 60 minutes, vous avez la possibilit\u00e9 de demander un remboursement int\u00e9gral. Dans certains cas, il est \u00e9galement possible de reporter votre voyage \u00e0 une date ult\u00e9rieure.<\/p>\n<blockquote><p>\n    \u00ab\u00a0Nous regrettons les d\u00e9sagr\u00e9ments caus\u00e9s par cette action syndicale.\u00a0\u00bb \u2013 Bruxelles A\u00e9roport\n<\/p><\/blockquote>\n<ul>\n<li>V\u00e9rifiez l&rsquo;\u00e9tat de votre vol avec votre compagnie a\u00e9rienne.<\/li>\n<li>Renseignez-vous sur les options de remboursement pour les d\u00e9penses impr\u00e9vues.<\/li>\n<li>Pr\u00e9parez-vous \u00e0 des journ\u00e9es charg\u00e9es dans les a\u00e9roports belges.<\/li>\n<li>Consid\u00e9rez les trains comme alternative si les vols sont annul\u00e9s.<\/li>\n<li>Restez inform\u00e9 des d\u00e9veloppements de la gr\u00e8ve et des n\u00e9gociations en cours.<\/li>\n<\/ul>\n","protected":false},"excerpt":{"rendered":"","protected":false},"author":34,"featured_media":12501,"comment_status":"open","ping_status":"open","sticky":false,"template":"","format":"standard","meta":{"_acf_changed":false,"manual_indexmenow":false,"indexmenow_id_project":0,"footnotes":""},"categories":[1],"tags":[4620,4680,4713,3170,4635],"class_list":["post-8738","post","type-post","status-publish","format-standard","has-post-thumbnail","hentry","category-a-la-une","tag-annulation-de-voyage","tag-conseils","tag-preparation","tag-securite","tag-voyage","generate-columns","tablet-grid-50","mobile-grid-100","grid-parent","grid-25"],"acf":[],"yoast_head":"<!-- This site is optimized with the Yoast SEO Premium plugin v21.3 (Yoast SEO v25.1) - https:\/\/yoast.com\/wordpress\/plugins\/seo\/ -->\n<title>Voyager en Belgique : l&#039;impact des gr\u00e8ves sur les vols et<\/title>\n<meta name=\"description\" content=\"Des vols annul\u00e9s : une situation pr\u00e9occupante pour les voyageurs Cette situation r\u00e9sulte d&#039;une gr\u00e8ve nationale d\u00e9clench\u00e9e par des syndicats pour protester\" \/>\n<meta name=\"robots\" content=\"index, follow, max-snippet:-1, max-image-preview:large, max-video-preview:-1\" \/>\n<link rel=\"canonical\" href=\"https:\/\/voyage-aventure.com\/blog\/a-la-une\/voyager-en-belgique-limpact-des-greves-sur-les-vols-et-vos-droits\/\" \/>\n<meta property=\"og:locale\" content=\"fr_FR\" \/>\n<meta property=\"og:type\" content=\"article\" \/>\n<meta property=\"og:title\" content=\"Voyager en Belgique : l&#039;impact des gr\u00e8ves sur les vols et\" \/>\n<meta property=\"og:description\" content=\"Des vols annul\u00e9s : une situation pr\u00e9occupante pour les voyageurs Cette situation r\u00e9sulte d&#039;une gr\u00e8ve nationale d\u00e9clench\u00e9e par des syndicats pour protester\" \/>\n<meta property=\"og:url\" content=\"https:\/\/voyage-aventure.com\/blog\/a-la-une\/voyager-en-belgique-limpact-des-greves-sur-les-vols-et-vos-droits\/\" \/>\n<meta property=\"og:site_name\" content=\"voyage-aventure\" \/>\n<meta property=\"og:image\" content=\"https:\/\/voyage-aventure.com\/blog\/wp-content\/uploads\/2025\/02\/sdxl-278239f5bd5c70a43878b75856429e40.png\" \/>\n\t<meta property=\"og:image:width\" content=\"1536\" \/>\n\t<meta property=\"og:image:height\" content=\"640\" \/>\n\t<meta property=\"og:image:type\" content=\"image\/png\" \/>\n<meta name=\"author\" content=\"Camille Rouvray\" \/>\n<meta name=\"twitter:card\" content=\"summary_large_image\" \/>\n<script type=\"application\/ld+json\" class=\"yoast-schema-graph\">{\"@context\":\"https:\/\/schema.org\",\"@graph\":[{\"@type\":\"NewsArticle\",\"@id\":\"https:\/\/voyage-aventure.com\/blog\/a-la-une\/voyager-en-belgique-limpact-des-greves-sur-les-vols-et-vos-droits\/#article\",\"isPartOf\":{\"@id\":\"https:\/\/voyage-aventure.com\/blog\/a-la-une\/voyager-en-belgique-limpact-des-greves-sur-les-vols-et-vos-droits\/\"},\"author\":{\"name\":\"Camille Rouvray\",\"@id\":\"https:\/\/voyage-aventure.com\/blog\/#\/schema\/person\/3c864cdc320801e3db34b663e7e3f816\"},\"headline\":\"Voyager en Belgique : l&rsquo;impact des gr\u00e8ves sur les vols et vos droits\",\"datePublished\":\"2025-02-13T15:47:57+00:00\",\"mainEntityOfPage\":{\"@id\":\"https:\/\/voyage-aventure.com\/blog\/a-la-une\/voyager-en-belgique-limpact-des-greves-sur-les-vols-et-vos-droits\/\"},\"wordCount\":753,\"commentCount\":27,\"publisher\":{\"@id\":\"https:\/\/voyage-aventure.com\/blog\/#organization\"},\"image\":{\"@id\":\"https:\/\/voyage-aventure.com\/blog\/a-la-une\/voyager-en-belgique-limpact-des-greves-sur-les-vols-et-vos-droits\/#primaryimage\"},\"thumbnailUrl\":\"https:\/\/voyage-aventure.com\/blog\/wp-content\/uploads\/2025\/02\/sdxl-278239f5bd5c70a43878b75856429e40.png\",\"keywords\":[\"Annulation de Voyage\",\"Conseils\",\"Pr\u00e9paration\",\"S\u00e9curit\u00e9\",\"Voyage\"],\"articleSection\":[\"\u00c0 la une\"],\"inLanguage\":\"fr-FR\",\"potentialAction\":[{\"@type\":\"CommentAction\",\"name\":\"Comment\",\"target\":[\"https:\/\/voyage-aventure.com\/blog\/a-la-une\/voyager-en-belgique-limpact-des-greves-sur-les-vols-et-vos-droits\/#respond\"]}]},{\"@type\":\"WebPage\",\"@id\":\"https:\/\/voyage-aventure.com\/blog\/a-la-une\/voyager-en-belgique-limpact-des-greves-sur-les-vols-et-vos-droits\/\",\"url\":\"https:\/\/voyage-aventure.com\/blog\/a-la-une\/voyager-en-belgique-limpact-des-greves-sur-les-vols-et-vos-droits\/\",\"name\":\"Voyager en Belgique : l'impact des gr\u00e8ves sur les vols et\",\"isPartOf\":{\"@id\":\"https:\/\/voyage-aventure.com\/blog\/#website\"},\"primaryImageOfPage\":{\"@id\":\"https:\/\/voyage-aventure.com\/blog\/a-la-une\/voyager-en-belgique-limpact-des-greves-sur-les-vols-et-vos-droits\/#primaryimage\"},\"image\":{\"@id\":\"https:\/\/voyage-aventure.com\/blog\/a-la-une\/voyager-en-belgique-limpact-des-greves-sur-les-vols-et-vos-droits\/#primaryimage\"},\"thumbnailUrl\":\"https:\/\/voyage-aventure.com\/blog\/wp-content\/uploads\/2025\/02\/sdxl-278239f5bd5c70a43878b75856429e40.png\",\"datePublished\":\"2025-02-13T15:47:57+00:00\",\"description\":\"Des vols annul\u00e9s : une situation pr\u00e9occupante pour les voyageurs Cette situation r\u00e9sulte d'une gr\u00e8ve nationale d\u00e9clench\u00e9e par des syndicats pour protester\",\"inLanguage\":\"fr-FR\",\"potentialAction\":[{\"@type\":\"ReadAction\",\"target\":[\"https:\/\/voyage-aventure.com\/blog\/a-la-une\/voyager-en-belgique-limpact-des-greves-sur-les-vols-et-vos-droits\/\"]}]},{\"@type\":\"ImageObject\",\"inLanguage\":\"fr-FR\",\"@id\":\"https:\/\/voyage-aventure.com\/blog\/a-la-une\/voyager-en-belgique-limpact-des-greves-sur-les-vols-et-vos-droits\/#primaryimage\",\"url\":\"https:\/\/voyage-aventure.com\/blog\/wp-content\/uploads\/2025\/02\/sdxl-278239f5bd5c70a43878b75856429e40.png\",\"contentUrl\":\"https:\/\/voyage-aventure.com\/blog\/wp-content\/uploads\/2025\/02\/sdxl-278239f5bd5c70a43878b75856429e40.png\",\"width\":1536,\"height\":640},{\"@type\":\"WebSite\",\"@id\":\"https:\/\/voyage-aventure.com\/blog\/#website\",\"url\":\"https:\/\/voyage-aventure.com\/blog\/\",\"name\":\"voyage-aventure.com\",\"description\":\"Votre passeport pour l\u2019inattendu.\",\"publisher\":{\"@id\":\"https:\/\/voyage-aventure.com\/blog\/#organization\"},\"alternateName\":\"Votre passeport pour l\u2019inattendu.\",\"potentialAction\":[{\"@type\":\"SearchAction\",\"target\":{\"@type\":\"EntryPoint\",\"urlTemplate\":\"https:\/\/voyage-aventure.com\/blog\/?s={search_term_string}\"},\"query-input\":{\"@type\":\"PropertyValueSpecification\",\"valueRequired\":true,\"valueName\":\"search_term_string\"}}],\"inLanguage\":\"fr-FR\"},{\"@type\":\"Organization\",\"@id\":\"https:\/\/voyage-aventure.com\/blog\/#organization\",\"name\":\"Foretsensations.fr\",\"url\":\"https:\/\/voyage-aventure.com\/blog\/\",\"logo\":{\"@type\":\"ImageObject\",\"inLanguage\":\"fr-FR\",\"@id\":\"https:\/\/voyage-aventure.com\/blog\/#\/schema\/logo\/image\/\",\"url\":\"https:\/\/voyage-aventure.com\/blog\/wp-content\/uploads\/2024\/12\/19.png\",\"contentUrl\":\"https:\/\/voyage-aventure.com\/blog\/wp-content\/uploads\/2024\/12\/19.png\",\"width\":512,\"height\":512,\"caption\":\"Foretsensations.fr\"},\"image\":{\"@id\":\"https:\/\/voyage-aventure.com\/blog\/#\/schema\/logo\/image\/\"}},{\"@type\":\"Person\",\"@id\":\"https:\/\/voyage-aventure.com\/blog\/#\/schema\/person\/3c864cdc320801e3db34b663e7e3f816\",\"name\":\"Camille Rouvray\",\"image\":{\"@type\":\"ImageObject\",\"inLanguage\":\"fr-FR\",\"@id\":\"https:\/\/voyage-aventure.com\/blog\/#\/schema\/person\/image\/\",\"url\":\"https:\/\/voyage-aventure.com\/blog\/wp-content\/uploads\/2026\/06\/persona_camille-r-96x96.jpg\",\"contentUrl\":\"https:\/\/voyage-aventure.com\/blog\/wp-content\/uploads\/2026\/06\/persona_camille-r-96x96.jpg\",\"caption\":\"Camille Rouvray\"},\"description\":\"Je voyage et j'\u00e9cris sur le voyage depuis une douzaine d'ann\u00e9es, d'abord en tant que routarde au long cours, puis comme r\u00e9dactrice sp\u00e9cialis\u00e9e. Mon terrain de pr\u00e9dilection, ce sont les circuits organis\u00e9s et l'art de bien pr\u00e9parer un itin\u00e9raire : choix de la saison, dur\u00e9e r\u00e9aliste des \u00e9tapes, budget jour par jour, logement et transport sur place. J'aime aussi raconter les p\u00e9pites urbaines, ces adresses qu'on ne trouve pas dans les guides classiques. Avant de publier un dossier destination, je croise toujours plusieurs sources, je v\u00e9rifie les tarifs et les formalit\u00e9s d'entr\u00e9e \u00e0 jour, et je teste moi-m\u00eame quand je le peux. Mon angle reste pratique avant tout : aider le lecteur \u00e0 partir l'esprit tranquille, sans mauvaise surprise une fois sur place. Je m'attache \u00e0 distinguer le coup de c\u0153ur sinc\u00e8re du simple argument marketing.\",\"sameAs\":[\"https:\/\/camillerouvray.fr\/\"],\"url\":\"https:\/\/voyage-aventure.com\/blog\/auteur\/noname\/\"}]}<\/script>\n<!-- \/ Yoast SEO Premium plugin. -->","yoast_head_json":{"title":"Voyager en Belgique : l'impact des gr\u00e8ves sur les vols et","description":"Des vols annul\u00e9s : une situation pr\u00e9occupante pour les voyageurs Cette situation r\u00e9sulte d'une gr\u00e8ve nationale d\u00e9clench\u00e9e par des syndicats pour protester","robots":{"index":"index","follow":"follow","max-snippet":"max-snippet:-1","max-image-preview":"max-image-preview:large","max-video-preview":"max-video-preview:-1"},"canonical":"https:\/\/voyage-aventure.com\/blog\/a-la-une\/voyager-en-belgique-limpact-des-greves-sur-les-vols-et-vos-droits\/","og_locale":"fr_FR","og_type":"article","og_title":"Voyager en Belgique : l'impact des gr\u00e8ves sur les vols et","og_description":"Des vols annul\u00e9s : une situation pr\u00e9occupante pour les voyageurs Cette situation r\u00e9sulte d'une gr\u00e8ve nationale d\u00e9clench\u00e9e par des syndicats pour protester","og_url":"https:\/\/voyage-aventure.com\/blog\/a-la-une\/voyager-en-belgique-limpact-des-greves-sur-les-vols-et-vos-droits\/","og_site_name":"voyage-aventure","og_image":[{"width":1536,"height":640,"url":"https:\/\/voyage-aventure.com\/blog\/wp-content\/uploads\/2025\/02\/sdxl-278239f5bd5c70a43878b75856429e40.png","type":"image\/png"}],"author":"Camille Rouvray","twitter_card":"summary_large_image","schema":{"@context":"https:\/\/schema.org","@graph":[{"@type":"NewsArticle","@id":"https:\/\/voyage-aventure.com\/blog\/a-la-une\/voyager-en-belgique-limpact-des-greves-sur-les-vols-et-vos-droits\/#article","isPartOf":{"@id":"https:\/\/voyage-aventure.com\/blog\/a-la-une\/voyager-en-belgique-limpact-des-greves-sur-les-vols-et-vos-droits\/"},"author":{"name":"Camille Rouvray","@id":"https:\/\/voyage-aventure.com\/blog\/#\/schema\/person\/3c864cdc320801e3db34b663e7e3f816"},"headline":"Voyager en Belgique : l&rsquo;impact des gr\u00e8ves sur les vols et vos droits","datePublished":"2025-02-13T15:47:57+00:00","mainEntityOfPage":{"@id":"https:\/\/voyage-aventure.com\/blog\/a-la-une\/voyager-en-belgique-limpact-des-greves-sur-les-vols-et-vos-droits\/"},"wordCount":753,"commentCount":27,"publisher":{"@id":"https:\/\/voyage-aventure.com\/blog\/#organization"},"image":{"@id":"https:\/\/voyage-aventure.com\/blog\/a-la-une\/voyager-en-belgique-limpact-des-greves-sur-les-vols-et-vos-droits\/#primaryimage"},"thumbnailUrl":"https:\/\/voyage-aventure.com\/blog\/wp-content\/uploads\/2025\/02\/sdxl-278239f5bd5c70a43878b75856429e40.png","keywords":["Annulation de Voyage","Conseils","Pr\u00e9paration","S\u00e9curit\u00e9","Voyage"],"articleSection":["\u00c0 la une"],"inLanguage":"fr-FR","potentialAction":[{"@type":"CommentAction","name":"Comment","target":["https:\/\/voyage-aventure.com\/blog\/a-la-une\/voyager-en-belgique-limpact-des-greves-sur-les-vols-et-vos-droits\/#respond"]}]},{"@type":"WebPage","@id":"https:\/\/voyage-aventure.com\/blog\/a-la-une\/voyager-en-belgique-limpact-des-greves-sur-les-vols-et-vos-droits\/","url":"https:\/\/voyage-aventure.com\/blog\/a-la-une\/voyager-en-belgique-limpact-des-greves-sur-les-vols-et-vos-droits\/","name":"Voyager en Belgique : l'impact des gr\u00e8ves sur les vols et","isPartOf":{"@id":"https:\/\/voyage-aventure.com\/blog\/#website"},"primaryImageOfPage":{"@id":"https:\/\/voyage-aventure.com\/blog\/a-la-une\/voyager-en-belgique-limpact-des-greves-sur-les-vols-et-vos-droits\/#primaryimage"},"image":{"@id":"https:\/\/voyage-aventure.com\/blog\/a-la-une\/voyager-en-belgique-limpact-des-greves-sur-les-vols-et-vos-droits\/#primaryimage"},"thumbnailUrl":"https:\/\/voyage-aventure.com\/blog\/wp-content\/uploads\/2025\/02\/sdxl-278239f5bd5c70a43878b75856429e40.png","datePublished":"2025-02-13T15:47:57+00:00","description":"Des vols annul\u00e9s : une situation pr\u00e9occupante pour les voyageurs Cette situation r\u00e9sulte d'une gr\u00e8ve nationale d\u00e9clench\u00e9e par des syndicats pour protester","inLanguage":"fr-FR","potentialAction":[{"@type":"ReadAction","target":["https:\/\/voyage-aventure.com\/blog\/a-la-une\/voyager-en-belgique-limpact-des-greves-sur-les-vols-et-vos-droits\/"]}]},{"@type":"ImageObject","inLanguage":"fr-FR","@id":"https:\/\/voyage-aventure.com\/blog\/a-la-une\/voyager-en-belgique-limpact-des-greves-sur-les-vols-et-vos-droits\/#primaryimage","url":"https:\/\/voyage-aventure.com\/blog\/wp-content\/uploads\/2025\/02\/sdxl-278239f5bd5c70a43878b75856429e40.png","contentUrl":"https:\/\/voyage-aventure.com\/blog\/wp-content\/uploads\/2025\/02\/sdxl-278239f5bd5c70a43878b75856429e40.png","width":1536,"height":640},{"@type":"WebSite","@id":"https:\/\/voyage-aventure.com\/blog\/#website","url":"https:\/\/voyage-aventure.com\/blog\/","name":"voyage-aventure.com","description":"Votre passeport pour l\u2019inattendu.","publisher":{"@id":"https:\/\/voyage-aventure.com\/blog\/#organization"},"alternateName":"Votre passeport pour l\u2019inattendu.","potentialAction":[{"@type":"SearchAction","target":{"@type":"EntryPoint","urlTemplate":"https:\/\/voyage-aventure.com\/blog\/?s={search_term_string}"},"query-input":{"@type":"PropertyValueSpecification","valueRequired":true,"valueName":"search_term_string"}}],"inLanguage":"fr-FR"},{"@type":"Organization","@id":"https:\/\/voyage-aventure.com\/blog\/#organization","name":"Foretsensations.fr","url":"https:\/\/voyage-aventure.com\/blog\/","logo":{"@type":"ImageObject","inLanguage":"fr-FR","@id":"https:\/\/voyage-aventure.com\/blog\/#\/schema\/logo\/image\/","url":"https:\/\/voyage-aventure.com\/blog\/wp-content\/uploads\/2024\/12\/19.png","contentUrl":"https:\/\/voyage-aventure.com\/blog\/wp-content\/uploads\/2024\/12\/19.png","width":512,"height":512,"caption":"Foretsensations.fr"},"image":{"@id":"https:\/\/voyage-aventure.com\/blog\/#\/schema\/logo\/image\/"}},{"@type":"Person","@id":"https:\/\/voyage-aventure.com\/blog\/#\/schema\/person\/3c864cdc320801e3db34b663e7e3f816","name":"Camille Rouvray","image":{"@type":"ImageObject","inLanguage":"fr-FR","@id":"https:\/\/voyage-aventure.com\/blog\/#\/schema\/person\/image\/","url":"https:\/\/voyage-aventure.com\/blog\/wp-content\/uploads\/2026\/06\/persona_camille-r-96x96.jpg","contentUrl":"https:\/\/voyage-aventure.com\/blog\/wp-content\/uploads\/2026\/06\/persona_camille-r-96x96.jpg","caption":"Camille Rouvray"},"description":"Je voyage et j'\u00e9cris sur le voyage depuis une douzaine d'ann\u00e9es, d'abord en tant que routarde au long cours, puis comme r\u00e9dactrice sp\u00e9cialis\u00e9e. Mon terrain de pr\u00e9dilection, ce sont les circuits organis\u00e9s et l'art de bien pr\u00e9parer un itin\u00e9raire : choix de la saison, dur\u00e9e r\u00e9aliste des \u00e9tapes, budget jour par jour, logement et transport sur place. J'aime aussi raconter les p\u00e9pites urbaines, ces adresses qu'on ne trouve pas dans les guides classiques. Avant de publier un dossier destination, je croise toujours plusieurs sources, je v\u00e9rifie les tarifs et les formalit\u00e9s d'entr\u00e9e \u00e0 jour, et je teste moi-m\u00eame quand je le peux. Mon angle reste pratique avant tout : aider le lecteur \u00e0 partir l'esprit tranquille, sans mauvaise surprise une fois sur place. Je m'attache \u00e0 distinguer le coup de c\u0153ur sinc\u00e8re du simple argument marketing.","sameAs":["https:\/\/camillerouvray.fr\/"],"url":"https:\/\/voyage-aventure.com\/blog\/auteur\/noname\/"}]}},"_links":{"self":[{"href":"https:\/\/voyage-aventure.com\/blog\/wp-json\/wp\/v2\/posts\/8738","targetHints":{"allow":["GET"]}}],"collection":[{"href":"https:\/\/voyage-aventure.com\/blog\/wp-json\/wp\/v2\/posts"}],"about":[{"href":"https:\/\/voyage-aventure.com\/blog\/wp-json\/wp\/v2\/types\/post"}],"author":[{"embeddable":true,"href":"https:\/\/voyage-aventure.com\/blog\/wp-json\/wp\/v2\/users\/34"}],"replies":[{"embeddable":true,"href":"https:\/\/voyage-aventure.com\/blog\/wp-json\/wp\/v2\/comments?post=8738"}],"version-history":[{"count":1,"href":"https:\/\/voyage-aventure.com\/blog\/wp-json\/wp\/v2\/posts\/8738\/revisions"}],"predecessor-version":[{"id":8780,"href":"https:\/\/voyage-aventure.com\/blog\/wp-json\/wp\/v2\/posts\/8738\/revisions\/8780"}],"wp:featuredmedia":[{"embeddable":true,"href":"https:\/\/voyage-aventure.com\/blog\/wp-json\/wp\/v2\/media\/12501"}],"wp:attachment":[{"href":"https:\/\/voyage-aventure.com\/blog\/wp-json\/wp\/v2\/media?parent=8738"}],"wp:term":[{"taxonomy":"category","embeddable":true,"href":"https:\/\/voyage-aventure.com\/blog\/wp-json\/wp\/v2\/categories?post=8738"},{"taxonomy":"post_tag","embeddable":true,"href":"https:\/\/voyage-aventure.com\/blog\/wp-json\/wp\/v2\/tags?post=8738"}],"curies":[{"name":"wp","href":"https:\/\/api.w.org\/{rel}","templated":true}]}}