{"id":8736,"date":"2025-02-14T23:12:28","date_gmt":"2025-02-14T22:12:28","guid":{"rendered":"https:\/\/voyage-aventure.com\/blog\/?p=8736"},"modified":"2025-02-14T23:12:28","modified_gmt":"2025-02-14T22:12:28","slug":"decouvrez-la-crete-un-sejour-inoubliable-a-prix-doux-pour-des-vacances-de-reve","status":"publish","type":"post","link":"https:\/\/voyage-aventure.com\/blog\/a-la-une\/decouvrez-la-crete-un-sejour-inoubliable-a-prix-doux-pour-des-vacances-de-reve\/","title":{"rendered":"D\u00e9couvrez la Cr\u00e8te : un s\u00e9jour inoubliable \u00e0 prix doux pour des vacances de r\u00eave"},"content":{"rendered":"<h2>Un s\u00e9jour de r\u00eave en Cr\u00e8te<\/h2>\n<p>La Cr\u00e8te, joyau de la M\u00e9diterran\u00e9e, offre un cadre idyllique pour des vacances inoubliables. Imaginez-vous dans un h\u00f4tel familial, \u00e0 deux pas de plages magnifiques, o\u00f9 chaque jour commence par un petit-d\u00e9jeuner copieux. Cet endroit, c&rsquo;est l&rsquo;Anna Maria Village, situ\u00e9 \u00e0 Anissaras, un havre de paix qui combine confort moderne et charme traditionnel.<\/p>\n<p>Les voyageurs peuvent s&rsquo;y ressourcer tout en profitant de diverses activit\u00e9s. En plus des deux piscines et du restaurant sur place, le cadre naturel invite \u00e0 l&rsquo;exploration des paysages \u00e9poustouflants. Pourquoi ne pas r\u00e9server un cours de cuisine cr\u00e9toise avec une famille locale pour une immersion totale dans la culture de l&rsquo;\u00eele ?<\/p>\n<h2>Les points forts de l&rsquo;Anna Maria Village<\/h2>\n<p>L&rsquo;Anna Maria Village est bien plus qu&rsquo;un simple h\u00e9bergement ; c&rsquo;est une exp\u00e9rience \u00e0 part enti\u00e8re. Avec une note de 4,5\/5 sur Tripadvisor, cet h\u00f4tel est pl\u00e9biscit\u00e9 par les familles et les couples en qu\u00eate de tranquillit\u00e9. Les \u00e9quipements incluent des piscines rafra\u00eechissantes, un parking gratuit, et un acc\u00e8s ais\u00e9 \u00e0 la plage.<\/p>\n<p>Les couples trouveront \u00e9galement leur bonheur dans ce cadre romantique. Chaque \u00e9l\u00e9ment de l&rsquo;h\u00f4tel est pens\u00e9 pour offrir confort et convivialit\u00e9, rendant chaque s\u00e9jour m\u00e9morable. Pour ceux qui souhaitent explorer, la location d&rsquo;une voiture est recommand\u00e9e pour d\u00e9couvrir les tr\u00e9sors cach\u00e9s de l&rsquo;\u00eele.<\/p>\n<p><iframe loading=\"lazy\" title=\"Venise, tout ce qu&#039;il faut savoir avant d&#039;y aller !\" width=\"1200\" height=\"675\" src=\"https:\/\/www.youtube.com\/embed\/gH3wQbWG7Hk?feature=oembed\" frameborder=\"0\" allow=\"accelerometer; autoplay; clipboard-write; encrypted-media; gyroscope; picture-in-picture; web-share\" referrerpolicy=\"strict-origin-when-cross-origin\" allowfullscreen><\/iframe><\/p>\n<h2>Informations pratiques pour votre s\u00e9jour<\/h2>\n<p>Organiser vos vacances en Cr\u00e8te n&rsquo;a jamais \u00e9t\u00e9 aussi simple. Voici quelques \u00e9l\u00e9ments pratiques \u00e0 prendre en compte avant de partir : <\/p>\n<ul>\n<li>A\u00e9roport d&rsquo;arriv\u00e9e : La Can\u00e9e, \u00e0 environ 2 heures de route de l&rsquo;h\u00f4tel.<\/li>\n<li>D\u00e9parts possibles depuis Paris, Nice, Lyon et Marseille.<\/li>\n<li>Dur\u00e9e du s\u00e9jour : une semaine, avec vols A\/R directs inclus.<\/li>\n<li>P\u00e9riode de voyage : plusieurs options disponibles tout au long de l&rsquo;ann\u00e9e.<\/li>\n<\/ul>\n<blockquote><p>\n    \u00ab\u00a0La Cr\u00e8te est un lieu o\u00f9 la beaut\u00e9 naturelle et l&rsquo;hospitalit\u00e9 se rencontrent, cr\u00e9ant des souvenirs inoubliables.\u00a0\u00bb\n<\/p><\/blockquote>\n<p>Les prix sont comp\u00e9titifs et varient en fonction des saisons. Pensez \u00e0 r\u00e9server \u00e0 l&rsquo;avance pour profiter des meilleures offres. Que vous soyez en qu\u00eate de d\u00e9tente sur la plage ou d&rsquo;aventures \u00e0 explorer, la Cr\u00e8te saura vous s\u00e9duire.<\/p>\n<p>En r\u00e9sum\u00e9, l&rsquo;Anna Maria Village repr\u00e9sente une option id\u00e9ale pour ceux qui cherchent \u00e0 allier confort et d\u00e9couverte. Avec une \u00e9quipe d\u00e9di\u00e9e \u00e0 votre bien-\u00eatre et des infrastructures de qualit\u00e9, vous vivrez un s\u00e9jour qui d\u00e9passera toutes vos attentes. Ne manquez pas cette chance de d\u00e9couvrir la magie de la Cr\u00e8te \u00e0 prix doux !<\/p>\n","protected":false},"excerpt":{"rendered":"","protected":false},"author":34,"featured_media":11985,"comment_status":"open","ping_status":"open","sticky":false,"template":"","format":"standard","meta":{"_acf_changed":false,"manual_indexmenow":false,"indexmenow_id_project":0,"footnotes":""},"categories":[1],"tags":[4538,4527,4530,4535,4528],"class_list":["post-8736","post","type-post","status-publish","format-standard","has-post-thumbnail","hentry","category-a-la-une","tag-activites-variees","tag-decouverte-culturelle","tag-escapade-en-europe","tag-gastronomie-locale","tag-hebergement-abordable","generate-columns","tablet-grid-50","mobile-grid-100","grid-parent","grid-25"],"acf":[],"yoast_head":"<!-- This site is optimized with the Yoast SEO Premium plugin v21.3 (Yoast SEO v25.1) - https:\/\/yoast.com\/wordpress\/plugins\/seo\/ -->\n<title>D\u00e9couvrez la Cr\u00e8te : un s\u00e9jour inoubliable \u00e0 prix doux pour<\/title>\n<meta name=\"description\" content=\"La Cr\u00e8te, joyau de la M\u00e9diterran\u00e9e, offre un cadre idyllique pour des vacances inoubliables. Imaginez-vous dans un h\u00f4tel familial, \u00e0 deux pas de plages\" \/>\n<meta name=\"robots\" content=\"index, follow, max-snippet:-1, max-image-preview:large, max-video-preview:-1\" \/>\n<link rel=\"canonical\" href=\"https:\/\/voyage-aventure.com\/blog\/a-la-une\/decouvrez-la-crete-un-sejour-inoubliable-a-prix-doux-pour-des-vacances-de-reve\/\" \/>\n<meta property=\"og:locale\" content=\"fr_FR\" \/>\n<meta property=\"og:type\" content=\"article\" \/>\n<meta property=\"og:title\" content=\"D\u00e9couvrez la Cr\u00e8te : un s\u00e9jour inoubliable \u00e0 prix doux pour\" \/>\n<meta property=\"og:description\" content=\"La Cr\u00e8te, joyau de la M\u00e9diterran\u00e9e, offre un cadre idyllique pour des vacances inoubliables. Imaginez-vous dans un h\u00f4tel familial, \u00e0 deux pas de plages\" \/>\n<meta property=\"og:url\" content=\"https:\/\/voyage-aventure.com\/blog\/a-la-une\/decouvrez-la-crete-un-sejour-inoubliable-a-prix-doux-pour-des-vacances-de-reve\/\" \/>\n<meta property=\"og:site_name\" content=\"voyage-aventure\" \/>\n<meta property=\"og:image\" content=\"https:\/\/voyage-aventure.com\/blog\/wp-content\/uploads\/2025\/02\/sdxl-8f088cf8cf4b0ddbdd447c61630a3857.png\" \/>\n\t<meta property=\"og:image:width\" content=\"1536\" \/>\n\t<meta property=\"og:image:height\" content=\"640\" \/>\n\t<meta property=\"og:image:type\" content=\"image\/png\" \/>\n<meta name=\"author\" content=\"Camille Rouvray\" \/>\n<meta name=\"twitter:card\" content=\"summary_large_image\" \/>\n<script type=\"application\/ld+json\" class=\"yoast-schema-graph\">{\"@context\":\"https:\/\/schema.org\",\"@graph\":[{\"@type\":\"NewsArticle\",\"@id\":\"https:\/\/voyage-aventure.com\/blog\/a-la-une\/decouvrez-la-crete-un-sejour-inoubliable-a-prix-doux-pour-des-vacances-de-reve\/#article\",\"isPartOf\":{\"@id\":\"https:\/\/voyage-aventure.com\/blog\/a-la-une\/decouvrez-la-crete-un-sejour-inoubliable-a-prix-doux-pour-des-vacances-de-reve\/\"},\"author\":{\"name\":\"Camille Rouvray\",\"@id\":\"https:\/\/voyage-aventure.com\/blog\/#\/schema\/person\/3c864cdc320801e3db34b663e7e3f816\"},\"headline\":\"D\u00e9couvrez la Cr\u00e8te : un s\u00e9jour inoubliable \u00e0 prix doux pour des vacances de r\u00eave\",\"datePublished\":\"2025-02-14T22:12:28+00:00\",\"mainEntityOfPage\":{\"@id\":\"https:\/\/voyage-aventure.com\/blog\/a-la-une\/decouvrez-la-crete-un-sejour-inoubliable-a-prix-doux-pour-des-vacances-de-reve\/\"},\"wordCount\":477,\"commentCount\":25,\"publisher\":{\"@id\":\"https:\/\/voyage-aventure.com\/blog\/#organization\"},\"image\":{\"@id\":\"https:\/\/voyage-aventure.com\/blog\/a-la-une\/decouvrez-la-crete-un-sejour-inoubliable-a-prix-doux-pour-des-vacances-de-reve\/#primaryimage\"},\"thumbnailUrl\":\"https:\/\/voyage-aventure.com\/blog\/wp-content\/uploads\/2025\/02\/sdxl-8f088cf8cf4b0ddbdd447c61630a3857.png\",\"keywords\":[\"Activit\u00e9s Vari\u00e9es\",\"D\u00e9couverte Culturelle\",\"Escapade en Europe\",\"Gastronomie Locale\",\"H\u00e9bergement Abordable\"],\"articleSection\":[\"\u00c0 la une\"],\"inLanguage\":\"fr-FR\",\"potentialAction\":[{\"@type\":\"CommentAction\",\"name\":\"Comment\",\"target\":[\"https:\/\/voyage-aventure.com\/blog\/a-la-une\/decouvrez-la-crete-un-sejour-inoubliable-a-prix-doux-pour-des-vacances-de-reve\/#respond\"]}]},{\"@type\":\"WebPage\",\"@id\":\"https:\/\/voyage-aventure.com\/blog\/a-la-une\/decouvrez-la-crete-un-sejour-inoubliable-a-prix-doux-pour-des-vacances-de-reve\/\",\"url\":\"https:\/\/voyage-aventure.com\/blog\/a-la-une\/decouvrez-la-crete-un-sejour-inoubliable-a-prix-doux-pour-des-vacances-de-reve\/\",\"name\":\"D\u00e9couvrez la Cr\u00e8te : un s\u00e9jour inoubliable \u00e0 prix doux pour\",\"isPartOf\":{\"@id\":\"https:\/\/voyage-aventure.com\/blog\/#website\"},\"primaryImageOfPage\":{\"@id\":\"https:\/\/voyage-aventure.com\/blog\/a-la-une\/decouvrez-la-crete-un-sejour-inoubliable-a-prix-doux-pour-des-vacances-de-reve\/#primaryimage\"},\"image\":{\"@id\":\"https:\/\/voyage-aventure.com\/blog\/a-la-une\/decouvrez-la-crete-un-sejour-inoubliable-a-prix-doux-pour-des-vacances-de-reve\/#primaryimage\"},\"thumbnailUrl\":\"https:\/\/voyage-aventure.com\/blog\/wp-content\/uploads\/2025\/02\/sdxl-8f088cf8cf4b0ddbdd447c61630a3857.png\",\"datePublished\":\"2025-02-14T22:12:28+00:00\",\"description\":\"La Cr\u00e8te, joyau de la M\u00e9diterran\u00e9e, offre un cadre idyllique pour des vacances inoubliables. Imaginez-vous dans un h\u00f4tel familial, \u00e0 deux pas de plages\",\"inLanguage\":\"fr-FR\",\"potentialAction\":[{\"@type\":\"ReadAction\",\"target\":[\"https:\/\/voyage-aventure.com\/blog\/a-la-une\/decouvrez-la-crete-un-sejour-inoubliable-a-prix-doux-pour-des-vacances-de-reve\/\"]}]},{\"@type\":\"ImageObject\",\"inLanguage\":\"fr-FR\",\"@id\":\"https:\/\/voyage-aventure.com\/blog\/a-la-une\/decouvrez-la-crete-un-sejour-inoubliable-a-prix-doux-pour-des-vacances-de-reve\/#primaryimage\",\"url\":\"https:\/\/voyage-aventure.com\/blog\/wp-content\/uploads\/2025\/02\/sdxl-8f088cf8cf4b0ddbdd447c61630a3857.png\",\"contentUrl\":\"https:\/\/voyage-aventure.com\/blog\/wp-content\/uploads\/2025\/02\/sdxl-8f088cf8cf4b0ddbdd447c61630a3857.png\",\"width\":1536,\"height\":640},{\"@type\":\"WebSite\",\"@id\":\"https:\/\/voyage-aventure.com\/blog\/#website\",\"url\":\"https:\/\/voyage-aventure.com\/blog\/\",\"name\":\"voyage-aventure.com\",\"description\":\"Votre passeport pour l\u2019inattendu.\",\"publisher\":{\"@id\":\"https:\/\/voyage-aventure.com\/blog\/#organization\"},\"alternateName\":\"Votre passeport pour l\u2019inattendu.\",\"potentialAction\":[{\"@type\":\"SearchAction\",\"target\":{\"@type\":\"EntryPoint\",\"urlTemplate\":\"https:\/\/voyage-aventure.com\/blog\/?s={search_term_string}\"},\"query-input\":{\"@type\":\"PropertyValueSpecification\",\"valueRequired\":true,\"valueName\":\"search_term_string\"}}],\"inLanguage\":\"fr-FR\"},{\"@type\":\"Organization\",\"@id\":\"https:\/\/voyage-aventure.com\/blog\/#organization\",\"name\":\"Foretsensations.fr\",\"url\":\"https:\/\/voyage-aventure.com\/blog\/\",\"logo\":{\"@type\":\"ImageObject\",\"inLanguage\":\"fr-FR\",\"@id\":\"https:\/\/voyage-aventure.com\/blog\/#\/schema\/logo\/image\/\",\"url\":\"https:\/\/voyage-aventure.com\/blog\/wp-content\/uploads\/2024\/12\/19.png\",\"contentUrl\":\"https:\/\/voyage-aventure.com\/blog\/wp-content\/uploads\/2024\/12\/19.png\",\"width\":512,\"height\":512,\"caption\":\"Foretsensations.fr\"},\"image\":{\"@id\":\"https:\/\/voyage-aventure.com\/blog\/#\/schema\/logo\/image\/\"}},{\"@type\":\"Person\",\"@id\":\"https:\/\/voyage-aventure.com\/blog\/#\/schema\/person\/3c864cdc320801e3db34b663e7e3f816\",\"name\":\"Camille Rouvray\",\"image\":{\"@type\":\"ImageObject\",\"inLanguage\":\"fr-FR\",\"@id\":\"https:\/\/voyage-aventure.com\/blog\/#\/schema\/person\/image\/\",\"url\":\"https:\/\/voyage-aventure.com\/blog\/wp-content\/uploads\/2026\/06\/persona_camille-r-96x96.jpg\",\"contentUrl\":\"https:\/\/voyage-aventure.com\/blog\/wp-content\/uploads\/2026\/06\/persona_camille-r-96x96.jpg\",\"caption\":\"Camille Rouvray\"},\"description\":\"Je voyage et j'\u00e9cris sur le voyage depuis une douzaine d'ann\u00e9es, d'abord en tant que routarde au long cours, puis comme r\u00e9dactrice sp\u00e9cialis\u00e9e. Mon terrain de pr\u00e9dilection, ce sont les circuits organis\u00e9s et l'art de bien pr\u00e9parer un itin\u00e9raire : choix de la saison, dur\u00e9e r\u00e9aliste des \u00e9tapes, budget jour par jour, logement et transport sur place. J'aime aussi raconter les p\u00e9pites urbaines, ces adresses qu'on ne trouve pas dans les guides classiques. Avant de publier un dossier destination, je croise toujours plusieurs sources, je v\u00e9rifie les tarifs et les formalit\u00e9s d'entr\u00e9e \u00e0 jour, et je teste moi-m\u00eame quand je le peux. Mon angle reste pratique avant tout : aider le lecteur \u00e0 partir l'esprit tranquille, sans mauvaise surprise une fois sur place. Je m'attache \u00e0 distinguer le coup de c\u0153ur sinc\u00e8re du simple argument marketing.\",\"sameAs\":[\"https:\/\/camillerouvray.fr\/\"],\"url\":\"https:\/\/voyage-aventure.com\/blog\/auteur\/noname\/\"}]}<\/script>\n<!-- \/ Yoast SEO Premium plugin. -->","yoast_head_json":{"title":"D\u00e9couvrez la Cr\u00e8te : un s\u00e9jour inoubliable \u00e0 prix doux pour","description":"La Cr\u00e8te, joyau de la M\u00e9diterran\u00e9e, offre un cadre idyllique pour des vacances inoubliables. Imaginez-vous dans un h\u00f4tel familial, \u00e0 deux pas de plages","robots":{"index":"index","follow":"follow","max-snippet":"max-snippet:-1","max-image-preview":"max-image-preview:large","max-video-preview":"max-video-preview:-1"},"canonical":"https:\/\/voyage-aventure.com\/blog\/a-la-une\/decouvrez-la-crete-un-sejour-inoubliable-a-prix-doux-pour-des-vacances-de-reve\/","og_locale":"fr_FR","og_type":"article","og_title":"D\u00e9couvrez la Cr\u00e8te : un s\u00e9jour inoubliable \u00e0 prix doux pour","og_description":"La Cr\u00e8te, joyau de la M\u00e9diterran\u00e9e, offre un cadre idyllique pour des vacances inoubliables. Imaginez-vous dans un h\u00f4tel familial, \u00e0 deux pas de plages","og_url":"https:\/\/voyage-aventure.com\/blog\/a-la-une\/decouvrez-la-crete-un-sejour-inoubliable-a-prix-doux-pour-des-vacances-de-reve\/","og_site_name":"voyage-aventure","og_image":[{"width":1536,"height":640,"url":"https:\/\/voyage-aventure.com\/blog\/wp-content\/uploads\/2025\/02\/sdxl-8f088cf8cf4b0ddbdd447c61630a3857.png","type":"image\/png"}],"author":"Camille Rouvray","twitter_card":"summary_large_image","schema":{"@context":"https:\/\/schema.org","@graph":[{"@type":"NewsArticle","@id":"https:\/\/voyage-aventure.com\/blog\/a-la-une\/decouvrez-la-crete-un-sejour-inoubliable-a-prix-doux-pour-des-vacances-de-reve\/#article","isPartOf":{"@id":"https:\/\/voyage-aventure.com\/blog\/a-la-une\/decouvrez-la-crete-un-sejour-inoubliable-a-prix-doux-pour-des-vacances-de-reve\/"},"author":{"name":"Camille Rouvray","@id":"https:\/\/voyage-aventure.com\/blog\/#\/schema\/person\/3c864cdc320801e3db34b663e7e3f816"},"headline":"D\u00e9couvrez la Cr\u00e8te : un s\u00e9jour inoubliable \u00e0 prix doux pour des vacances de r\u00eave","datePublished":"2025-02-14T22:12:28+00:00","mainEntityOfPage":{"@id":"https:\/\/voyage-aventure.com\/blog\/a-la-une\/decouvrez-la-crete-un-sejour-inoubliable-a-prix-doux-pour-des-vacances-de-reve\/"},"wordCount":477,"commentCount":25,"publisher":{"@id":"https:\/\/voyage-aventure.com\/blog\/#organization"},"image":{"@id":"https:\/\/voyage-aventure.com\/blog\/a-la-une\/decouvrez-la-crete-un-sejour-inoubliable-a-prix-doux-pour-des-vacances-de-reve\/#primaryimage"},"thumbnailUrl":"https:\/\/voyage-aventure.com\/blog\/wp-content\/uploads\/2025\/02\/sdxl-8f088cf8cf4b0ddbdd447c61630a3857.png","keywords":["Activit\u00e9s Vari\u00e9es","D\u00e9couverte Culturelle","Escapade en Europe","Gastronomie Locale","H\u00e9bergement Abordable"],"articleSection":["\u00c0 la une"],"inLanguage":"fr-FR","potentialAction":[{"@type":"CommentAction","name":"Comment","target":["https:\/\/voyage-aventure.com\/blog\/a-la-une\/decouvrez-la-crete-un-sejour-inoubliable-a-prix-doux-pour-des-vacances-de-reve\/#respond"]}]},{"@type":"WebPage","@id":"https:\/\/voyage-aventure.com\/blog\/a-la-une\/decouvrez-la-crete-un-sejour-inoubliable-a-prix-doux-pour-des-vacances-de-reve\/","url":"https:\/\/voyage-aventure.com\/blog\/a-la-une\/decouvrez-la-crete-un-sejour-inoubliable-a-prix-doux-pour-des-vacances-de-reve\/","name":"D\u00e9couvrez la Cr\u00e8te : un s\u00e9jour inoubliable \u00e0 prix doux pour","isPartOf":{"@id":"https:\/\/voyage-aventure.com\/blog\/#website"},"primaryImageOfPage":{"@id":"https:\/\/voyage-aventure.com\/blog\/a-la-une\/decouvrez-la-crete-un-sejour-inoubliable-a-prix-doux-pour-des-vacances-de-reve\/#primaryimage"},"image":{"@id":"https:\/\/voyage-aventure.com\/blog\/a-la-une\/decouvrez-la-crete-un-sejour-inoubliable-a-prix-doux-pour-des-vacances-de-reve\/#primaryimage"},"thumbnailUrl":"https:\/\/voyage-aventure.com\/blog\/wp-content\/uploads\/2025\/02\/sdxl-8f088cf8cf4b0ddbdd447c61630a3857.png","datePublished":"2025-02-14T22:12:28+00:00","description":"La Cr\u00e8te, joyau de la M\u00e9diterran\u00e9e, offre un cadre idyllique pour des vacances inoubliables. Imaginez-vous dans un h\u00f4tel familial, \u00e0 deux pas de plages","inLanguage":"fr-FR","potentialAction":[{"@type":"ReadAction","target":["https:\/\/voyage-aventure.com\/blog\/a-la-une\/decouvrez-la-crete-un-sejour-inoubliable-a-prix-doux-pour-des-vacances-de-reve\/"]}]},{"@type":"ImageObject","inLanguage":"fr-FR","@id":"https:\/\/voyage-aventure.com\/blog\/a-la-une\/decouvrez-la-crete-un-sejour-inoubliable-a-prix-doux-pour-des-vacances-de-reve\/#primaryimage","url":"https:\/\/voyage-aventure.com\/blog\/wp-content\/uploads\/2025\/02\/sdxl-8f088cf8cf4b0ddbdd447c61630a3857.png","contentUrl":"https:\/\/voyage-aventure.com\/blog\/wp-content\/uploads\/2025\/02\/sdxl-8f088cf8cf4b0ddbdd447c61630a3857.png","width":1536,"height":640},{"@type":"WebSite","@id":"https:\/\/voyage-aventure.com\/blog\/#website","url":"https:\/\/voyage-aventure.com\/blog\/","name":"voyage-aventure.com","description":"Votre passeport pour l\u2019inattendu.","publisher":{"@id":"https:\/\/voyage-aventure.com\/blog\/#organization"},"alternateName":"Votre passeport pour l\u2019inattendu.","potentialAction":[{"@type":"SearchAction","target":{"@type":"EntryPoint","urlTemplate":"https:\/\/voyage-aventure.com\/blog\/?s={search_term_string}"},"query-input":{"@type":"PropertyValueSpecification","valueRequired":true,"valueName":"search_term_string"}}],"inLanguage":"fr-FR"},{"@type":"Organization","@id":"https:\/\/voyage-aventure.com\/blog\/#organization","name":"Foretsensations.fr","url":"https:\/\/voyage-aventure.com\/blog\/","logo":{"@type":"ImageObject","inLanguage":"fr-FR","@id":"https:\/\/voyage-aventure.com\/blog\/#\/schema\/logo\/image\/","url":"https:\/\/voyage-aventure.com\/blog\/wp-content\/uploads\/2024\/12\/19.png","contentUrl":"https:\/\/voyage-aventure.com\/blog\/wp-content\/uploads\/2024\/12\/19.png","width":512,"height":512,"caption":"Foretsensations.fr"},"image":{"@id":"https:\/\/voyage-aventure.com\/blog\/#\/schema\/logo\/image\/"}},{"@type":"Person","@id":"https:\/\/voyage-aventure.com\/blog\/#\/schema\/person\/3c864cdc320801e3db34b663e7e3f816","name":"Camille Rouvray","image":{"@type":"ImageObject","inLanguage":"fr-FR","@id":"https:\/\/voyage-aventure.com\/blog\/#\/schema\/person\/image\/","url":"https:\/\/voyage-aventure.com\/blog\/wp-content\/uploads\/2026\/06\/persona_camille-r-96x96.jpg","contentUrl":"https:\/\/voyage-aventure.com\/blog\/wp-content\/uploads\/2026\/06\/persona_camille-r-96x96.jpg","caption":"Camille Rouvray"},"description":"Je voyage et j'\u00e9cris sur le voyage depuis une douzaine d'ann\u00e9es, d'abord en tant que routarde au long cours, puis comme r\u00e9dactrice sp\u00e9cialis\u00e9e. Mon terrain de pr\u00e9dilection, ce sont les circuits organis\u00e9s et l'art de bien pr\u00e9parer un itin\u00e9raire : choix de la saison, dur\u00e9e r\u00e9aliste des \u00e9tapes, budget jour par jour, logement et transport sur place. J'aime aussi raconter les p\u00e9pites urbaines, ces adresses qu'on ne trouve pas dans les guides classiques. Avant de publier un dossier destination, je croise toujours plusieurs sources, je v\u00e9rifie les tarifs et les formalit\u00e9s d'entr\u00e9e \u00e0 jour, et je teste moi-m\u00eame quand je le peux. Mon angle reste pratique avant tout : aider le lecteur \u00e0 partir l'esprit tranquille, sans mauvaise surprise une fois sur place. Je m'attache \u00e0 distinguer le coup de c\u0153ur sinc\u00e8re du simple argument marketing.","sameAs":["https:\/\/camillerouvray.fr\/"],"url":"https:\/\/voyage-aventure.com\/blog\/auteur\/noname\/"}]}},"_links":{"self":[{"href":"https:\/\/voyage-aventure.com\/blog\/wp-json\/wp\/v2\/posts\/8736","targetHints":{"allow":["GET"]}}],"collection":[{"href":"https:\/\/voyage-aventure.com\/blog\/wp-json\/wp\/v2\/posts"}],"about":[{"href":"https:\/\/voyage-aventure.com\/blog\/wp-json\/wp\/v2\/types\/post"}],"author":[{"embeddable":true,"href":"https:\/\/voyage-aventure.com\/blog\/wp-json\/wp\/v2\/users\/34"}],"replies":[{"embeddable":true,"href":"https:\/\/voyage-aventure.com\/blog\/wp-json\/wp\/v2\/comments?post=8736"}],"version-history":[{"count":1,"href":"https:\/\/voyage-aventure.com\/blog\/wp-json\/wp\/v2\/posts\/8736\/revisions"}],"predecessor-version":[{"id":9216,"href":"https:\/\/voyage-aventure.com\/blog\/wp-json\/wp\/v2\/posts\/8736\/revisions\/9216"}],"wp:featuredmedia":[{"embeddable":true,"href":"https:\/\/voyage-aventure.com\/blog\/wp-json\/wp\/v2\/media\/11985"}],"wp:attachment":[{"href":"https:\/\/voyage-aventure.com\/blog\/wp-json\/wp\/v2\/media?parent=8736"}],"wp:term":[{"taxonomy":"category","embeddable":true,"href":"https:\/\/voyage-aventure.com\/blog\/wp-json\/wp\/v2\/categories?post=8736"},{"taxonomy":"post_tag","embeddable":true,"href":"https:\/\/voyage-aventure.com\/blog\/wp-json\/wp\/v2\/tags?post=8736"}],"curies":[{"name":"wp","href":"https:\/\/api.w.org\/{rel}","templated":true}]}}