{"id":8715,"date":"2026-06-05T20:03:14","date_gmt":"2026-06-05T18:03:14","guid":{"rendered":"https:\/\/voyage-aventure.com\/blog\/?p=8715"},"modified":"2026-06-05T20:03:14","modified_gmt":"2026-06-05T18:03:14","slug":"preparez-vous-une-tempete-hivernale-majeure-menace-vos-trajets-dans-la-region","status":"publish","type":"post","link":"https:\/\/voyage-aventure.com\/blog\/a-la-une\/preparez-vous-une-tempete-hivernale-majeure-menace-vos-trajets-dans-la-region\/","title":{"rendered":"Pr\u00e9parez-vous : une temp\u00eate hivernale majeure menace vos trajets dans la r\u00e9gion"},"content":{"rendered":"<link rel=\"stylesheet\" href=\"https:\/\/fonts.googleapis.com\/css2?family=Newsreader:ital,opsz,wght@0,6..72,500;0,6..72,600;0,6..72,700;1,6..72,500&#038;family=Inter:wght@400;500;600&#038;family=JetBrains+Mono:wght@500&#038;display=swap\">\n<style>\n.va-tempete-wrap{font-family:'Inter',system-ui,sans-serif;color:#1f2a37;line-height:1.65;font-size:17px;--va-ink:#16202b;--va-slate:#3d5063;--va-accent:#2b6cb0;--va-cold:#5b7794;--va-surf:#eef3f8;--va-surf2:#f7fafc;--va-line:#d3dde7}\n.va-tempete-wrap h2{font-family:'Newsreader',Georgia,serif;font-weight:700;color:var(--va-ink);font-size:clamp(24px,3.2vw,33px);line-height:1.2;letter-spacing:-.01em;margin:48px 0 16px}\n.va-tempete-wrap h3{font-family:'Newsreader',Georgia,serif;font-weight:600;color:var(--va-ink);font-size:clamp(19px,2.2vw,22px);margin:26px 0 10px}\n.va-tempete-wrap p{margin:0 0 18px}\n.va-tempete-dateline{font-family:'JetBrains Mono',monospace;font-size:12.5px;font-weight:500;letter-spacing:.08em;text-transform:uppercase;color:var(--va-cold);display:flex;align-items:center;gap:10px;margin:0 0 18px}\n.va-tempete-dateline span{display:inline-block;width:26px;height:2px;background:var(--va-accent);border-radius:2px}\n.va-tempete-chapo{font-family:'Newsreader',Georgia,serif;font-size:clamp(19px,2.4vw,23px);font-weight:500;line-height:1.45;color:var(--va-slate);margin:0 0 30px}\n.va-tempete-ess{background:var(--va-surf);border-left:5px solid var(--va-accent);border-radius:10px;padding:22px 26px;margin:0 0 36px;box-shadow:0 1px 2px rgba(16,24,40,.05),0 14px 30px -20px rgba(16,24,40,.25)}\n.va-tempete-ess-h{font-family:'JetBrains Mono',monospace;font-size:12px;font-weight:500;letter-spacing:.12em;text-transform:uppercase;color:var(--va-accent);margin:0 0 14px}\n.va-tempete-ess-list{display:grid;gap:13px}\n.va-tempete-ess-it{display:grid;grid-template-columns:auto 1fr;gap:13px;align-items:start}\n.va-tempete-ess-k{font-family:'JetBrains Mono',monospace;font-size:11px;font-weight:500;letter-spacing:.06em;text-transform:uppercase;color:var(--va-cold);background:#fff;border:1px solid var(--va-line);border-radius:6px;padding:4px 9px;white-space:nowrap}\n.va-tempete-ess-v{font-size:15.5px;color:var(--va-ink);line-height:1.5}\n.va-tempete-grid{display:grid;grid-template-columns:repeat(auto-fit,minmax(240px,1fr));gap:20px;margin:24px 0}\n.va-tempete-card{background:#fff;border:1px solid var(--va-line);border-top:3px solid var(--va-accent);border-radius:10px;padding:22px 24px;transition:.25s ease;box-shadow:0 1px 2px rgba(16,24,40,.05)}\n.va-tempete-card:hover{transform:translateY(-3px);box-shadow:0 1px 2px rgba(16,24,40,.05),0 16px 32px -18px rgba(16,24,40,.3)}\n.va-tempete-card-h{font-family:'Newsreader',Georgia,serif;font-weight:600;font-size:19px;color:var(--va-ink);margin:0 0 9px}\n.va-tempete-card-txt{font-size:15px;color:var(--va-slate);line-height:1.55}\n.va-tempete-quote{font-family:'Newsreader',Georgia,serif;font-style:italic;font-weight:500;font-size:clamp(20px,2.6vw,25px);line-height:1.4;color:var(--va-ink);border-left:4px solid var(--va-cold);padding:6px 0 6px 24px;margin:36px 0}\n.va-tempete-retenir{background:var(--va-surf2);border:1px solid var(--va-line);border-radius:12px;padding:26px 28px;margin:44px 0}\n.va-tempete-retenir-h{font-family:'JetBrains Mono',monospace;font-size:12px;font-weight:500;letter-spacing:.12em;text-transform:uppercase;color:var(--va-accent);margin:0 0 16px;display:flex;align-items:center;gap:10px}\n.va-tempete-retenir-h span{display:inline-block;width:22px;height:2px;background:var(--va-accent);border-radius:2px}\n.va-tempete-retenir ul{margin:0;padding:0;list-style:none;display:grid;gap:12px}\n.va-tempete-retenir li{position:relative;padding-left:26px;font-size:15.5px;color:var(--va-ink);line-height:1.5}\n.va-tempete-retenir li::before{content:\"\";position:absolute;left:0;top:8px;width:8px;height:8px;border-radius:50%;background:var(--va-accent)}\n.va-tempete-note{font-size:14px;color:var(--va-cold);font-style:italic;border-top:1px solid var(--va-line);padding-top:18px;margin:36px 0 0}\n@media(max-width:560px){.va-tempete-ess-it{grid-template-columns:1fr}}\n<\/style>\n<div class=\"va-tempete-wrap\">\n<div class=\"va-tempete-dateline\"><span><\/span>Vall\u00e9e de Sacramento &amp; Sierra Nevada \u00b7 Alerte m\u00e9t\u00e9o<\/div>\n<p class=\"va-tempete-chapo\">Une temp\u00eate hivernale majeure se dirige vers la vall\u00e9e de Sacramento et la Sierra Nevada : neige \u00e0 basse altitude, pluies torrentielles et vents violents sont attendus, avec des conditions de circulation particuli\u00e8rement difficiles jeudi et vendredi. Les autorit\u00e9s appellent les conducteurs \u00e0 la prudence.<\/p>\n<div class=\"va-tempete-ess\">\n<div class=\"va-tempete-ess-h\">L&rsquo;essentiel<\/div>\n<div class=\"va-tempete-ess-list\">\n<div class=\"va-tempete-ess-it\"><span class=\"va-tempete-ess-k\">Quoi<\/span><span class=\"va-tempete-ess-v\">Temp\u00eate hivernale : neige \u00e0 basse altitude, pluies torrentielles et vents violents.<\/span><\/div>\n<div class=\"va-tempete-ess-it\"><span class=\"va-tempete-ess-k\">O\u00f9 \/ Quand<\/span><span class=\"va-tempete-ess-v\">Vall\u00e9e de Sacramento et Sierra Nevada ; pic d&rsquo;intensit\u00e9 jeudi et vendredi.<\/span><\/div>\n<div class=\"va-tempete-ess-it\"><span class=\"va-tempete-ess-k\">Pourquoi<\/span><span class=\"va-tempete-ess-v\">Visibilit\u00e9 r\u00e9duite et routes d\u00e9grad\u00e9es : les trajets dans la r\u00e9gion deviennent risqu\u00e9s.<\/span><\/div>\n<\/div>\n<\/div>\n<h2>Conditions m\u00e9t\u00e9orologiques alarmantes \u00e0 venir<\/h2>\n<p>Le Service m\u00e9t\u00e9orologique national (NWS) a \u00e9mis une alerte aux inondations pour la vall\u00e9e de Sacramento et le delta, avec des pr\u00e9cipitations attendues entre 1 et 2,5 pouces. Dans les contreforts, on pr\u00e9voit entre 2 et 5 pouces de pluie pour les altitudes de moins de 4 500 pieds. En parall\u00e8le, un avis de vent a \u00e9t\u00e9 lanc\u00e9, annon\u00e7ant des rafales pouvant atteindre 40 \u00e0 50 mph, rendant la conduite encore plus risqu\u00e9e.<\/p>\n<p>Pour la Sierra Nevada, une alerte de temp\u00eate hivernale est en vigueur pour les zones au-dessus de 4 500 pieds. Les pr\u00e9visions indiquent jusqu&rsquo;\u00e0 15 pouces de neige entre 4 500 et 6 000 pieds, tandis que des accumulations de 2 \u00e0 5 pieds sont attendues au-dessus de 6 000 pieds. Ces conditions pourraient engendrer des situations de visibilit\u00e9 r\u00e9duite, incitant ainsi \u00e0 \u00e9viter les voyages en montagne pendant cette p\u00e9riode.<\/p>\n<div class=\"va-tempete-grid\">\n<div class=\"va-tempete-card\">\n<div class=\"va-tempete-card-h\">Vall\u00e9e &amp; delta<\/div>\n<div class=\"va-tempete-card-txt\">Alerte aux inondations du NWS, 1 \u00e0 2,5 pouces de pluie, jusqu&rsquo;\u00e0 2 \u00e0 5 pouces dans les contreforts sous 4 500 pieds. Rafales de 40 \u00e0 50 mph.<\/div>\n<\/div>\n<div class=\"va-tempete-card\">\n<div class=\"va-tempete-card-h\">Sierra Nevada<\/div>\n<div class=\"va-tempete-card-txt\">Alerte de temp\u00eate hivernale au-dessus de 4 500 pieds : jusqu&rsquo;\u00e0 15 pouces de neige entre 4 500 et 6 000 pieds, et de 2 \u00e0 5 pieds au-del\u00e0 de 6 000 pieds.<\/div>\n<\/div>\n<\/div>\n<h2>Avis de prudence pour les automobilistes<\/h2>\n<p>Les automobilistes dans la vall\u00e9e doivent s&rsquo;attendre \u00e0 des conditions humides, ce qui entra\u00eenera des retards de voyage. Caltrans exhorte les conducteurs \u00e0 s&rsquo;assurer que leurs phares et essuie-glaces fonctionnent correctement et \u00e0 \u00e9viter de circuler sur des routes inond\u00e9es. Pour ceux qui se dirigent vers la Sierra, il est primordial d&rsquo;avoir un r\u00e9servoir plein ou une batterie charg\u00e9e, ainsi que des cha\u00eenes et des provisions en cas d&rsquo;urgence.<\/p>\n<p>Les essentiels \u00e0 emporter comprennent des en-cas, de l&rsquo;eau, une couverture et une lampe de poche. Les contr\u00f4les de cha\u00eenes doivent \u00e9galement \u00eatre anticip\u00e9s, car ils pourraient devenir n\u00e9cessaires en raison des conditions hivernales pr\u00e9coces. En gardant cela \u00e0 l&rsquo;esprit, les automobilistes peuvent mieux se pr\u00e9parer \u00e0 faire face aux d\u00e9fis de cette temp\u00eate.<\/p>\n<div class=\"va-tempete-quote\">\u00ab La pr\u00e9paration est la cl\u00e9 pour affronter des conditions m\u00e9t\u00e9orologiques extr\u00eames. Assurez-vous d&rsquo;\u00eatre bien \u00e9quip\u00e9 avant de prendre la route. \u00bb<\/div>\n<h2>Ressources utiles pour la s\u00e9curit\u00e9 des voyageurs<\/h2>\n<p>Avant de prendre la route, il est recommand\u00e9 de consulter QuickMap de Caltrans pour conna\u00eetre les conditions actuelles des routes et les exigences en mati\u00e8re de cha\u00eenes. L&rsquo;application QuickMap est \u00e9galement disponible sur l&rsquo;App Store et Google Play, offrant un acc\u00e8s facile aux mises \u00e0 jour en temps r\u00e9el. Les informations routi\u00e8res peuvent \u00eatre trouv\u00e9es sur le site web de Caltrans ou en appelant le service t\u00e9l\u00e9phonique automatis\u00e9 du California Highway Information Network au 1-800-427-ROAD (7623).<\/p>\n<p>Il est essentiel d&rsquo;\u00eatre inform\u00e9 et pr\u00e9par\u00e9, surtout dans des conditions m\u00e9t\u00e9orologiques difficiles. Restez vigilant et suivez les mises \u00e0 jour des autorit\u00e9s pour garantir votre s\u00e9curit\u00e9 sur la route.<\/p>\n<div class=\"va-tempete-retenir\">\n<div class=\"va-tempete-retenir-h\"><span><\/span>\u00c0 retenir avant de prendre la route<\/div>\n<ul>\n<li>V\u00e9rifiez l&rsquo;\u00e9tat de votre v\u00e9hicule avant de partir (phares, essuie-glaces, pneus, batterie).<\/li>\n<li>Emportez des provisions et des outils essentiels : en-cas, eau, couverture, lampe de poche, cha\u00eenes.<\/li>\n<li>Consultez r\u00e9guli\u00e8rement les alertes m\u00e9t\u00e9o et l&rsquo;\u00e9tat des routes avant et pendant le trajet.<\/li>\n<li>\u00c9vitez de voyager seul si possible, et reportez les d\u00e9placements en montagne non indispensables.<\/li>\n<li>Restez inform\u00e9 gr\u00e2ce aux applications et aux sites officiels de Caltrans (QuickMap).<\/li>\n<\/ul>\n<\/div>\n<div class=\"va-tempete-note\">Article d&rsquo;information : suivez en priorit\u00e9 les consignes et mises \u00e0 jour des autorit\u00e9s locales (NWS, Caltrans) pour des conditions \u00e0 jour avant tout d\u00e9placement.<\/div>\n<\/div>\n","protected":false},"excerpt":{"rendered":"","protected":false},"author":34,"featured_media":14012,"comment_status":"open","ping_status":"open","sticky":false,"template":"","format":"standard","meta":{"_acf_changed":false,"manual_indexmenow":false,"indexmenow_id_project":0,"footnotes":""},"categories":[1],"tags":[4646,3726,4713,3170,4635],"class_list":["post-8715","post","type-post","status-publish","format-standard","has-post-thumbnail","hentry","category-a-la-une","tag-assistance","tag-conditions-meteorologiques","tag-preparation","tag-securite","tag-voyage","generate-columns","tablet-grid-50","mobile-grid-100","grid-parent","grid-25"],"acf":[],"yoast_head":"<!-- This site is optimized with the Yoast SEO Premium plugin v21.3 (Yoast SEO v25.1) - https:\/\/yoast.com\/wordpress\/plugins\/seo\/ -->\n<title>Pr\u00e9parez-vous : une temp\u00eate hivernale majeure menace vos<\/title>\n<meta name=\"description\" content=\"Vall\u00e9e de Sacramento &amp; Sierra Nevada \u00b7 Alerte m\u00e9t\u00e9o Une temp\u00eate hivernale majeure se dirige vers la vall\u00e9e de Sacramento et la Sierra Nevada : neige \u00e0\" \/>\n<meta name=\"robots\" content=\"index, follow, max-snippet:-1, max-image-preview:large, max-video-preview:-1\" \/>\n<link rel=\"canonical\" href=\"https:\/\/voyage-aventure.com\/blog\/a-la-une\/preparez-vous-une-tempete-hivernale-majeure-menace-vos-trajets-dans-la-region\/\" \/>\n<meta property=\"og:locale\" content=\"fr_FR\" \/>\n<meta property=\"og:type\" content=\"article\" \/>\n<meta property=\"og:title\" content=\"Pr\u00e9parez-vous : une temp\u00eate hivernale majeure menace vos\" \/>\n<meta property=\"og:description\" content=\"Vall\u00e9e de Sacramento &amp; Sierra Nevada \u00b7 Alerte m\u00e9t\u00e9o Une temp\u00eate hivernale majeure se dirige vers la vall\u00e9e de Sacramento et la Sierra Nevada : neige \u00e0\" \/>\n<meta property=\"og:url\" content=\"https:\/\/voyage-aventure.com\/blog\/a-la-une\/preparez-vous-une-tempete-hivernale-majeure-menace-vos-trajets-dans-la-region\/\" \/>\n<meta property=\"og:site_name\" content=\"voyage-aventure\" \/>\n<meta property=\"og:image\" content=\"https:\/\/voyage-aventure.com\/blog\/wp-content\/uploads\/2025\/02\/sdxl-55451e801cc5e9fe44ff2d0d4125ad79.png\" \/>\n\t<meta property=\"og:image:width\" content=\"1536\" \/>\n\t<meta property=\"og:image:height\" content=\"640\" \/>\n\t<meta property=\"og:image:type\" content=\"image\/png\" \/>\n<meta name=\"author\" content=\"Camille Rouvray\" \/>\n<meta name=\"twitter:card\" content=\"summary_large_image\" \/>\n<script type=\"application\/ld+json\" class=\"yoast-schema-graph\">{\"@context\":\"https:\/\/schema.org\",\"@graph\":[{\"@type\":\"NewsArticle\",\"@id\":\"https:\/\/voyage-aventure.com\/blog\/a-la-une\/preparez-vous-une-tempete-hivernale-majeure-menace-vos-trajets-dans-la-region\/#article\",\"isPartOf\":{\"@id\":\"https:\/\/voyage-aventure.com\/blog\/a-la-une\/preparez-vous-une-tempete-hivernale-majeure-menace-vos-trajets-dans-la-region\/\"},\"author\":{\"name\":\"Camille Rouvray\",\"@id\":\"https:\/\/voyage-aventure.com\/blog\/#\/schema\/person\/3c864cdc320801e3db34b663e7e3f816\"},\"headline\":\"Pr\u00e9parez-vous : une temp\u00eate hivernale majeure menace vos trajets dans la r\u00e9gion\",\"datePublished\":\"2026-06-05T18:03:14+00:00\",\"mainEntityOfPage\":{\"@id\":\"https:\/\/voyage-aventure.com\/blog\/a-la-une\/preparez-vous-une-tempete-hivernale-majeure-menace-vos-trajets-dans-la-region\/\"},\"wordCount\":709,\"commentCount\":18,\"publisher\":{\"@id\":\"https:\/\/voyage-aventure.com\/blog\/#organization\"},\"image\":{\"@id\":\"https:\/\/voyage-aventure.com\/blog\/a-la-une\/preparez-vous-une-tempete-hivernale-majeure-menace-vos-trajets-dans-la-region\/#primaryimage\"},\"thumbnailUrl\":\"https:\/\/voyage-aventure.com\/blog\/wp-content\/uploads\/2025\/02\/sdxl-55451e801cc5e9fe44ff2d0d4125ad79.png\",\"keywords\":[\"Assistance\",\"Conditions M\u00e9t\u00e9orologiques\",\"Pr\u00e9paration\",\"S\u00e9curit\u00e9\",\"Voyage\"],\"articleSection\":[\"\u00c0 la une\"],\"inLanguage\":\"fr-FR\",\"potentialAction\":[{\"@type\":\"CommentAction\",\"name\":\"Comment\",\"target\":[\"https:\/\/voyage-aventure.com\/blog\/a-la-une\/preparez-vous-une-tempete-hivernale-majeure-menace-vos-trajets-dans-la-region\/#respond\"]}]},{\"@type\":\"WebPage\",\"@id\":\"https:\/\/voyage-aventure.com\/blog\/a-la-une\/preparez-vous-une-tempete-hivernale-majeure-menace-vos-trajets-dans-la-region\/\",\"url\":\"https:\/\/voyage-aventure.com\/blog\/a-la-une\/preparez-vous-une-tempete-hivernale-majeure-menace-vos-trajets-dans-la-region\/\",\"name\":\"Pr\u00e9parez-vous : une temp\u00eate hivernale majeure menace vos\",\"isPartOf\":{\"@id\":\"https:\/\/voyage-aventure.com\/blog\/#website\"},\"primaryImageOfPage\":{\"@id\":\"https:\/\/voyage-aventure.com\/blog\/a-la-une\/preparez-vous-une-tempete-hivernale-majeure-menace-vos-trajets-dans-la-region\/#primaryimage\"},\"image\":{\"@id\":\"https:\/\/voyage-aventure.com\/blog\/a-la-une\/preparez-vous-une-tempete-hivernale-majeure-menace-vos-trajets-dans-la-region\/#primaryimage\"},\"thumbnailUrl\":\"https:\/\/voyage-aventure.com\/blog\/wp-content\/uploads\/2025\/02\/sdxl-55451e801cc5e9fe44ff2d0d4125ad79.png\",\"datePublished\":\"2026-06-05T18:03:14+00:00\",\"description\":\"Vall\u00e9e de Sacramento & Sierra Nevada \u00b7 Alerte m\u00e9t\u00e9o Une temp\u00eate hivernale majeure se dirige vers la vall\u00e9e de Sacramento et la Sierra Nevada : neige \u00e0\",\"inLanguage\":\"fr-FR\",\"potentialAction\":[{\"@type\":\"ReadAction\",\"target\":[\"https:\/\/voyage-aventure.com\/blog\/a-la-une\/preparez-vous-une-tempete-hivernale-majeure-menace-vos-trajets-dans-la-region\/\"]}]},{\"@type\":\"ImageObject\",\"inLanguage\":\"fr-FR\",\"@id\":\"https:\/\/voyage-aventure.com\/blog\/a-la-une\/preparez-vous-une-tempete-hivernale-majeure-menace-vos-trajets-dans-la-region\/#primaryimage\",\"url\":\"https:\/\/voyage-aventure.com\/blog\/wp-content\/uploads\/2025\/02\/sdxl-55451e801cc5e9fe44ff2d0d4125ad79.png\",\"contentUrl\":\"https:\/\/voyage-aventure.com\/blog\/wp-content\/uploads\/2025\/02\/sdxl-55451e801cc5e9fe44ff2d0d4125ad79.png\",\"width\":1536,\"height\":640},{\"@type\":\"WebSite\",\"@id\":\"https:\/\/voyage-aventure.com\/blog\/#website\",\"url\":\"https:\/\/voyage-aventure.com\/blog\/\",\"name\":\"voyage-aventure.com\",\"description\":\"Votre passeport pour l\u2019inattendu.\",\"publisher\":{\"@id\":\"https:\/\/voyage-aventure.com\/blog\/#organization\"},\"alternateName\":\"Votre passeport pour l\u2019inattendu.\",\"potentialAction\":[{\"@type\":\"SearchAction\",\"target\":{\"@type\":\"EntryPoint\",\"urlTemplate\":\"https:\/\/voyage-aventure.com\/blog\/?s={search_term_string}\"},\"query-input\":{\"@type\":\"PropertyValueSpecification\",\"valueRequired\":true,\"valueName\":\"search_term_string\"}}],\"inLanguage\":\"fr-FR\"},{\"@type\":\"Organization\",\"@id\":\"https:\/\/voyage-aventure.com\/blog\/#organization\",\"name\":\"Foretsensations.fr\",\"url\":\"https:\/\/voyage-aventure.com\/blog\/\",\"logo\":{\"@type\":\"ImageObject\",\"inLanguage\":\"fr-FR\",\"@id\":\"https:\/\/voyage-aventure.com\/blog\/#\/schema\/logo\/image\/\",\"url\":\"https:\/\/voyage-aventure.com\/blog\/wp-content\/uploads\/2024\/12\/19.png\",\"contentUrl\":\"https:\/\/voyage-aventure.com\/blog\/wp-content\/uploads\/2024\/12\/19.png\",\"width\":512,\"height\":512,\"caption\":\"Foretsensations.fr\"},\"image\":{\"@id\":\"https:\/\/voyage-aventure.com\/blog\/#\/schema\/logo\/image\/\"}},{\"@type\":\"Person\",\"@id\":\"https:\/\/voyage-aventure.com\/blog\/#\/schema\/person\/3c864cdc320801e3db34b663e7e3f816\",\"name\":\"Camille Rouvray\",\"image\":{\"@type\":\"ImageObject\",\"inLanguage\":\"fr-FR\",\"@id\":\"https:\/\/voyage-aventure.com\/blog\/#\/schema\/person\/image\/\",\"url\":\"https:\/\/voyage-aventure.com\/blog\/wp-content\/uploads\/2026\/06\/persona_camille-r-96x96.jpg\",\"contentUrl\":\"https:\/\/voyage-aventure.com\/blog\/wp-content\/uploads\/2026\/06\/persona_camille-r-96x96.jpg\",\"caption\":\"Camille Rouvray\"},\"description\":\"Je voyage et j'\u00e9cris sur le voyage depuis une douzaine d'ann\u00e9es, d'abord en tant que routarde au long cours, puis comme r\u00e9dactrice sp\u00e9cialis\u00e9e. Mon terrain de pr\u00e9dilection, ce sont les circuits organis\u00e9s et l'art de bien pr\u00e9parer un itin\u00e9raire : choix de la saison, dur\u00e9e r\u00e9aliste des \u00e9tapes, budget jour par jour, logement et transport sur place. J'aime aussi raconter les p\u00e9pites urbaines, ces adresses qu'on ne trouve pas dans les guides classiques. Avant de publier un dossier destination, je croise toujours plusieurs sources, je v\u00e9rifie les tarifs et les formalit\u00e9s d'entr\u00e9e \u00e0 jour, et je teste moi-m\u00eame quand je le peux. Mon angle reste pratique avant tout : aider le lecteur \u00e0 partir l'esprit tranquille, sans mauvaise surprise une fois sur place. Je m'attache \u00e0 distinguer le coup de c\u0153ur sinc\u00e8re du simple argument marketing.\",\"sameAs\":[\"https:\/\/camillerouvray.fr\/\"],\"url\":\"https:\/\/voyage-aventure.com\/blog\/auteur\/noname\/\"}]}<\/script>\n<!-- \/ Yoast SEO Premium plugin. -->","yoast_head_json":{"title":"Pr\u00e9parez-vous : une temp\u00eate hivernale majeure menace vos","description":"Vall\u00e9e de Sacramento & Sierra Nevada \u00b7 Alerte m\u00e9t\u00e9o Une temp\u00eate hivernale majeure se dirige vers la vall\u00e9e de Sacramento et la Sierra Nevada : neige \u00e0","robots":{"index":"index","follow":"follow","max-snippet":"max-snippet:-1","max-image-preview":"max-image-preview:large","max-video-preview":"max-video-preview:-1"},"canonical":"https:\/\/voyage-aventure.com\/blog\/a-la-une\/preparez-vous-une-tempete-hivernale-majeure-menace-vos-trajets-dans-la-region\/","og_locale":"fr_FR","og_type":"article","og_title":"Pr\u00e9parez-vous : une temp\u00eate hivernale majeure menace vos","og_description":"Vall\u00e9e de Sacramento & Sierra Nevada \u00b7 Alerte m\u00e9t\u00e9o Une temp\u00eate hivernale majeure se dirige vers la vall\u00e9e de Sacramento et la Sierra Nevada : neige \u00e0","og_url":"https:\/\/voyage-aventure.com\/blog\/a-la-une\/preparez-vous-une-tempete-hivernale-majeure-menace-vos-trajets-dans-la-region\/","og_site_name":"voyage-aventure","og_image":[{"width":1536,"height":640,"url":"https:\/\/voyage-aventure.com\/blog\/wp-content\/uploads\/2025\/02\/sdxl-55451e801cc5e9fe44ff2d0d4125ad79.png","type":"image\/png"}],"author":"Camille Rouvray","twitter_card":"summary_large_image","schema":{"@context":"https:\/\/schema.org","@graph":[{"@type":"NewsArticle","@id":"https:\/\/voyage-aventure.com\/blog\/a-la-une\/preparez-vous-une-tempete-hivernale-majeure-menace-vos-trajets-dans-la-region\/#article","isPartOf":{"@id":"https:\/\/voyage-aventure.com\/blog\/a-la-une\/preparez-vous-une-tempete-hivernale-majeure-menace-vos-trajets-dans-la-region\/"},"author":{"name":"Camille Rouvray","@id":"https:\/\/voyage-aventure.com\/blog\/#\/schema\/person\/3c864cdc320801e3db34b663e7e3f816"},"headline":"Pr\u00e9parez-vous : une temp\u00eate hivernale majeure menace vos trajets dans la r\u00e9gion","datePublished":"2026-06-05T18:03:14+00:00","mainEntityOfPage":{"@id":"https:\/\/voyage-aventure.com\/blog\/a-la-une\/preparez-vous-une-tempete-hivernale-majeure-menace-vos-trajets-dans-la-region\/"},"wordCount":709,"commentCount":18,"publisher":{"@id":"https:\/\/voyage-aventure.com\/blog\/#organization"},"image":{"@id":"https:\/\/voyage-aventure.com\/blog\/a-la-une\/preparez-vous-une-tempete-hivernale-majeure-menace-vos-trajets-dans-la-region\/#primaryimage"},"thumbnailUrl":"https:\/\/voyage-aventure.com\/blog\/wp-content\/uploads\/2025\/02\/sdxl-55451e801cc5e9fe44ff2d0d4125ad79.png","keywords":["Assistance","Conditions M\u00e9t\u00e9orologiques","Pr\u00e9paration","S\u00e9curit\u00e9","Voyage"],"articleSection":["\u00c0 la une"],"inLanguage":"fr-FR","potentialAction":[{"@type":"CommentAction","name":"Comment","target":["https:\/\/voyage-aventure.com\/blog\/a-la-une\/preparez-vous-une-tempete-hivernale-majeure-menace-vos-trajets-dans-la-region\/#respond"]}]},{"@type":"WebPage","@id":"https:\/\/voyage-aventure.com\/blog\/a-la-une\/preparez-vous-une-tempete-hivernale-majeure-menace-vos-trajets-dans-la-region\/","url":"https:\/\/voyage-aventure.com\/blog\/a-la-une\/preparez-vous-une-tempete-hivernale-majeure-menace-vos-trajets-dans-la-region\/","name":"Pr\u00e9parez-vous : une temp\u00eate hivernale majeure menace vos","isPartOf":{"@id":"https:\/\/voyage-aventure.com\/blog\/#website"},"primaryImageOfPage":{"@id":"https:\/\/voyage-aventure.com\/blog\/a-la-une\/preparez-vous-une-tempete-hivernale-majeure-menace-vos-trajets-dans-la-region\/#primaryimage"},"image":{"@id":"https:\/\/voyage-aventure.com\/blog\/a-la-une\/preparez-vous-une-tempete-hivernale-majeure-menace-vos-trajets-dans-la-region\/#primaryimage"},"thumbnailUrl":"https:\/\/voyage-aventure.com\/blog\/wp-content\/uploads\/2025\/02\/sdxl-55451e801cc5e9fe44ff2d0d4125ad79.png","datePublished":"2026-06-05T18:03:14+00:00","description":"Vall\u00e9e de Sacramento & Sierra Nevada \u00b7 Alerte m\u00e9t\u00e9o Une temp\u00eate hivernale majeure se dirige vers la vall\u00e9e de Sacramento et la Sierra Nevada : neige \u00e0","inLanguage":"fr-FR","potentialAction":[{"@type":"ReadAction","target":["https:\/\/voyage-aventure.com\/blog\/a-la-une\/preparez-vous-une-tempete-hivernale-majeure-menace-vos-trajets-dans-la-region\/"]}]},{"@type":"ImageObject","inLanguage":"fr-FR","@id":"https:\/\/voyage-aventure.com\/blog\/a-la-une\/preparez-vous-une-tempete-hivernale-majeure-menace-vos-trajets-dans-la-region\/#primaryimage","url":"https:\/\/voyage-aventure.com\/blog\/wp-content\/uploads\/2025\/02\/sdxl-55451e801cc5e9fe44ff2d0d4125ad79.png","contentUrl":"https:\/\/voyage-aventure.com\/blog\/wp-content\/uploads\/2025\/02\/sdxl-55451e801cc5e9fe44ff2d0d4125ad79.png","width":1536,"height":640},{"@type":"WebSite","@id":"https:\/\/voyage-aventure.com\/blog\/#website","url":"https:\/\/voyage-aventure.com\/blog\/","name":"voyage-aventure.com","description":"Votre passeport pour l\u2019inattendu.","publisher":{"@id":"https:\/\/voyage-aventure.com\/blog\/#organization"},"alternateName":"Votre passeport pour l\u2019inattendu.","potentialAction":[{"@type":"SearchAction","target":{"@type":"EntryPoint","urlTemplate":"https:\/\/voyage-aventure.com\/blog\/?s={search_term_string}"},"query-input":{"@type":"PropertyValueSpecification","valueRequired":true,"valueName":"search_term_string"}}],"inLanguage":"fr-FR"},{"@type":"Organization","@id":"https:\/\/voyage-aventure.com\/blog\/#organization","name":"Foretsensations.fr","url":"https:\/\/voyage-aventure.com\/blog\/","logo":{"@type":"ImageObject","inLanguage":"fr-FR","@id":"https:\/\/voyage-aventure.com\/blog\/#\/schema\/logo\/image\/","url":"https:\/\/voyage-aventure.com\/blog\/wp-content\/uploads\/2024\/12\/19.png","contentUrl":"https:\/\/voyage-aventure.com\/blog\/wp-content\/uploads\/2024\/12\/19.png","width":512,"height":512,"caption":"Foretsensations.fr"},"image":{"@id":"https:\/\/voyage-aventure.com\/blog\/#\/schema\/logo\/image\/"}},{"@type":"Person","@id":"https:\/\/voyage-aventure.com\/blog\/#\/schema\/person\/3c864cdc320801e3db34b663e7e3f816","name":"Camille Rouvray","image":{"@type":"ImageObject","inLanguage":"fr-FR","@id":"https:\/\/voyage-aventure.com\/blog\/#\/schema\/person\/image\/","url":"https:\/\/voyage-aventure.com\/blog\/wp-content\/uploads\/2026\/06\/persona_camille-r-96x96.jpg","contentUrl":"https:\/\/voyage-aventure.com\/blog\/wp-content\/uploads\/2026\/06\/persona_camille-r-96x96.jpg","caption":"Camille Rouvray"},"description":"Je voyage et j'\u00e9cris sur le voyage depuis une douzaine d'ann\u00e9es, d'abord en tant que routarde au long cours, puis comme r\u00e9dactrice sp\u00e9cialis\u00e9e. Mon terrain de pr\u00e9dilection, ce sont les circuits organis\u00e9s et l'art de bien pr\u00e9parer un itin\u00e9raire : choix de la saison, dur\u00e9e r\u00e9aliste des \u00e9tapes, budget jour par jour, logement et transport sur place. J'aime aussi raconter les p\u00e9pites urbaines, ces adresses qu'on ne trouve pas dans les guides classiques. Avant de publier un dossier destination, je croise toujours plusieurs sources, je v\u00e9rifie les tarifs et les formalit\u00e9s d'entr\u00e9e \u00e0 jour, et je teste moi-m\u00eame quand je le peux. Mon angle reste pratique avant tout : aider le lecteur \u00e0 partir l'esprit tranquille, sans mauvaise surprise une fois sur place. Je m'attache \u00e0 distinguer le coup de c\u0153ur sinc\u00e8re du simple argument marketing.","sameAs":["https:\/\/camillerouvray.fr\/"],"url":"https:\/\/voyage-aventure.com\/blog\/auteur\/noname\/"}]}},"_links":{"self":[{"href":"https:\/\/voyage-aventure.com\/blog\/wp-json\/wp\/v2\/posts\/8715","targetHints":{"allow":["GET"]}}],"collection":[{"href":"https:\/\/voyage-aventure.com\/blog\/wp-json\/wp\/v2\/posts"}],"about":[{"href":"https:\/\/voyage-aventure.com\/blog\/wp-json\/wp\/v2\/types\/post"}],"author":[{"embeddable":true,"href":"https:\/\/voyage-aventure.com\/blog\/wp-json\/wp\/v2\/users\/34"}],"replies":[{"embeddable":true,"href":"https:\/\/voyage-aventure.com\/blog\/wp-json\/wp\/v2\/comments?post=8715"}],"version-history":[{"count":2,"href":"https:\/\/voyage-aventure.com\/blog\/wp-json\/wp\/v2\/posts\/8715\/revisions"}],"predecessor-version":[{"id":21873,"href":"https:\/\/voyage-aventure.com\/blog\/wp-json\/wp\/v2\/posts\/8715\/revisions\/21873"}],"wp:featuredmedia":[{"embeddable":true,"href":"https:\/\/voyage-aventure.com\/blog\/wp-json\/wp\/v2\/media\/14012"}],"wp:attachment":[{"href":"https:\/\/voyage-aventure.com\/blog\/wp-json\/wp\/v2\/media?parent=8715"}],"wp:term":[{"taxonomy":"category","embeddable":true,"href":"https:\/\/voyage-aventure.com\/blog\/wp-json\/wp\/v2\/categories?post=8715"},{"taxonomy":"post_tag","embeddable":true,"href":"https:\/\/voyage-aventure.com\/blog\/wp-json\/wp\/v2\/tags?post=8715"}],"curies":[{"name":"wp","href":"https:\/\/api.w.org\/{rel}","templated":true}]}}