{"id":8706,"date":"2026-06-16T16:21:19","date_gmt":"2026-06-16T14:21:19","guid":{"rendered":"https:\/\/voyage-aventure.com\/blog\/?p=8706"},"modified":"2026-06-16T16:21:19","modified_gmt":"2026-06-16T14:21:19","slug":"voyage-du-secretaire-rubio-enjeux-securitaires-en-europe-et-au-moyen-orient","status":"publish","type":"post","link":"https:\/\/voyage-aventure.com\/blog\/a-la-une\/voyage-du-secretaire-rubio-enjeux-securitaires-en-europe-et-au-moyen-orient\/","title":{"rendered":"Voyage du secr\u00e9taire Rubio : enjeux s\u00e9curitaires en Europe et au Moyen-Orient"},"content":{"rendered":"<link rel=\"stylesheet\" href=\"https:\/\/fonts.googleapis.com\/css2?family=Newsreader:ital,opsz,wght@0,6..72,500..700;1,6..72,500..600&#038;family=Inter:wght@400;500;600&#038;family=JetBrains+Mono:wght@500&#038;display=swap\">\n<style>\n.va9news-wrap{font-family:'Inter',-apple-system,BlinkMacSystemFont,'Segoe UI',sans-serif;color:#1c2128;line-height:1.65;font-size:17px;}\n.va9news-wrap h2{font-family:'Newsreader',Georgia,serif;font-weight:700;font-size:clamp(24px,3.2vw,33px);letter-spacing:-0.01em;line-height:1.18;color:#0f1620;margin:48px 0 16px;}\n.va9news-wrap h3{font-family:'Newsreader',Georgia,serif;font-weight:600;font-size:21px;color:#0f1620;margin:26px 0 10px;}\n.va9news-wrap p{margin:0 0 18px;}\n.va9news-lead{font-family:'Newsreader',Georgia,serif;font-size:21px;line-height:1.5;font-weight:500;color:#28303a;font-style:italic;margin:8px 0 26px;}\n.va9news-dateline{font-family:'JetBrains Mono',monospace;font-size:12px;letter-spacing:1.5px;text-transform:uppercase;color:#9a2f2f;font-weight:500;margin-bottom:10px;}\n.va9news-ess{background:#fbf3f3;border:1px solid #ecd4d4;border-left:5px solid #9a2f2f;border-radius:0 8px 8px 0;padding:22px 26px 24px;margin:26px 0;}\n.va9news-ess-k{font-family:'JetBrains Mono',monospace;font-size:11px;font-weight:500;text-transform:uppercase;letter-spacing:2.4px;color:#9a2f2f;margin-bottom:14px;}\n.va9news-ess ul{margin:0;padding:0;list-style:none;display:grid;gap:10px;}\n.va9news-ess li{display:flex;gap:12px;align-items:flex-start;font-size:15.5px;line-height:1.55;color:#28303a;}\n.va9news-ess li span.va9news-tag{font-family:'JetBrains Mono',monospace;flex:0 0 76px;font-size:11px;font-weight:500;text-transform:uppercase;letter-spacing:1px;color:#9a2f2f;padding-top:2px;}\n.va9news-pull{margin:40px auto;padding:26px 24px;text-align:center;border-top:1px solid #0f1620;border-bottom:1px solid #0f1620;max-width:660px;position:relative;}\n.va9news-pull .va9news-q{position:absolute;top:-22px;left:50%;transform:translateX(-50%);background:#fff;padding:0 14px;font-family:'Newsreader',serif;font-size:50px;line-height:1;color:#9a2f2f;}\n.va9news-pull blockquote{margin:0;font-family:'Newsreader',Georgia,serif;font-size:24px;line-height:1.42;font-style:italic;color:#0f1620;}\n.va9news-pull .va9news-cite{margin-top:14px;font-family:'JetBrains Mono',monospace;font-size:11px;text-transform:uppercase;letter-spacing:1.8px;color:#6a727c;font-style:normal;}\n.va9news-cards{display:grid;grid-template-columns:repeat(auto-fit,minmax(230px,1fr));gap:14px;margin:26px 0;}\n.va9news-card{background:#fff;border:1px solid #e4e7eb;border-top:3px solid #9a2f2f;border-radius:6px;padding:18px 20px;transition:.25s ease;}\n.va9news-card:hover{transform:translateY(-3px);box-shadow:0 12px 28px -16px rgba(16,24,40,.28);}\n.va9news-card h3{margin:0 0 7px;font-size:16.5px;}\n.va9news-card .va9news-txt{font-size:14px;line-height:1.55;color:#4a525c;}\n.va9news-stage{display:flex;gap:12px;align-items:flex-start;padding:14px 0;border-bottom:1px solid #e8eaed;}\n.va9news-stage:last-child{border-bottom:none;}\n.va9news-stage .va9news-when{font-family:'JetBrains Mono',monospace;flex:0 0 100px;font-size:13px;font-weight:500;color:#9a2f2f;padding-top:2px;}\n.va9news-stage .va9news-what{font-size:15.5px;line-height:1.55;color:#28303a;}\n.va9news-keep{background:#0f1620;border-radius:8px;padding:24px 26px 26px;margin:34px 0;}\n.va9news-keep-k{font-family:'JetBrains Mono',monospace;font-size:11px;font-weight:500;text-transform:uppercase;letter-spacing:2.4px;color:#e0a3a3;margin-bottom:16px;}\n.va9news-keep ul{margin:0;padding:0;list-style:none;display:grid;gap:11px;}\n.va9news-keep li{display:flex;gap:12px;align-items:flex-start;font-size:15px;line-height:1.55;color:#e8ebef;}\n.va9news-keep li span.va9news-b{color:#e0a3a3;font-weight:700;flex:0 0 14px;}\n.va9news-faq{margin:36px 0;}\n.va9news-faq>h2{margin-bottom:6px;}\n.va9news-faq-list{border-top:1px solid #dfe2e6;}\n.va9news-faq details{border-bottom:1px solid #dfe2e6;}\n.va9news-faq summary{cursor:pointer;padding:16px 0;font-family:'Newsreader',Georgia,serif;font-size:18px;font-weight:600;color:#0f1620;list-style:none;display:flex;justify-content:space-between;align-items:center;gap:14px;}\n.va9news-faq summary::-webkit-details-marker{display:none;}\n.va9news-faq summary .va9news-pm{font-size:22px;font-weight:300;color:#9a2f2f;line-height:1;}\n.va9news-faq-a{padding:0 0 16px;font-size:15px;line-height:1.7;color:#4a525c;}\n.va9news-note{background:#f6f7f8;border:1px solid #e4e7eb;border-radius:6px;padding:14px 18px;margin:30px 0 0;font-size:13.5px;line-height:1.6;color:#5a626c;}\n\/*RENDERFIX2*\/.va9news-keep{color:#eef3f9!important}.va9news-keep p,.va9news-keep li,.va9news-keep strong,.va9news-keep em,.va9news-keep a,.va9news-keep span,.va9news-keep b,.va9news-keep td,.va9news-keep th,.va9news-keep h2,.va9news-keep h3,.va9news-keep h4{color:#eef3f9!important}.va9news-keep strong,.va9news-keep b{color:#ffffff!important}<\/style>\n<div class=\"va9news-wrap\">\n<div class=\"va9news-dateline\">Munich &middot; 13 f\u00e9vrier<\/div>\n<p class=\"va9news-lead\">Le secr\u00e9taire d&rsquo;\u00c9tat am\u00e9ricain Marco Rubio encha\u00eene Conf\u00e9rence de s\u00e9curit\u00e9 de Munich, r\u00e9union du G7 et tourn\u00e9e au Moyen-Orient : une s\u00e9quence diplomatique condens\u00e9e o\u00f9 les \u00c9tats-Unis cherchent \u00e0 resserrer leurs alliances et \u00e0 peser sur la s\u00e9curit\u00e9 r\u00e9gionale.<\/p>\n<div class=\"va9news-ess\">\n<div class=\"va9news-ess-k\">L&rsquo;essentiel<\/div>\n<ul>\n<li><span class=\"va9news-tag\">Quoi<\/span><span>Marco Rubio, secr\u00e9taire d&rsquo;\u00c9tat am\u00e9ricain, participe \u00e0 la Conf\u00e9rence de s\u00e9curit\u00e9 de Munich puis effectue une tourn\u00e9e au Moyen-Orient.<\/span><\/li>\n<li><span class=\"va9news-tag\">Quand<\/span><span>Munich le 13 f\u00e9vrier, puis Isra\u00ebl, Arabie Saoudite et \u00c9mirats arabes unis du 15 au 18 f\u00e9vrier.<\/span><\/li>\n<li><span class=\"va9news-tag\">Enjeu<\/span><span>Renforcer les alliances, discuter de la lib\u00e9ration des otages d\u00e9tenus par le Hamas et avancer vers la Phase II du cessez-le-feu \u00e0 Gaza.<\/span><\/li>\n<\/ul>\n<\/div>\n<h2>Un visiteur engag\u00e9 \u00e0 Munich<\/h2>\n<p>Marco Rubio, le secr\u00e9taire d&rsquo;\u00c9tat am\u00e9ricain, se rend \u00e0 Munich le 13 f\u00e9vrier pour participer \u00e0 la Conf\u00e9rence de s\u00e9curit\u00e9 de Munich. Cet \u00e9v\u00e9nement majeur rassemble des dirigeants du monde entier pour discuter des enjeux de s\u00e9curit\u00e9 mondiale. Au cours de cette conf\u00e9rence, Rubio met en avant les priorit\u00e9s des \u00c9tats-Unis et cherche \u00e0 renforcer les alliances avec ses homologues internationaux.<\/p>\n<p>En plus de la conf\u00e9rence, Rubio participe \u00e0 la r\u00e9union des ministres des Affaires \u00e9trang\u00e8res du G7. Cette rencontre repr\u00e9sente une occasion de dialoguer sur des questions pr\u00e9sent\u00e9es comme cruciales \u2014 la s\u00e9curit\u00e9, le commerce et les droits de l&rsquo;homme. Les discussions doivent \u00e9galement porter sur la n\u00e9cessit\u00e9 d&rsquo;une coop\u00e9ration accrue entre les nations face aux d\u00e9fis globaux.<\/p>\n<div class=\"va9news-cards\">\n<div class=\"va9news-card\">\n<h3>Conf\u00e9rence de Munich<\/h3>\n<div class=\"va9news-txt\">Un rendez-vous annuel qui r\u00e9unit dirigeants et responsables de la s\u00e9curit\u00e9 pour d\u00e9battre des grands \u00e9quilibres mondiaux.<\/div>\n<\/p><\/div>\n<div class=\"va9news-card\">\n<h3>R\u00e9union du G7<\/h3>\n<div class=\"va9news-txt\">Les ministres des Affaires \u00e9trang\u00e8res abordent s\u00e9curit\u00e9, commerce et droits de l&rsquo;homme dans un format resserr\u00e9.<\/div>\n<\/p><\/div>\n<div class=\"va9news-card\">\n<h3>Priorit\u00e9s am\u00e9ricaines<\/h3>\n<div class=\"va9news-txt\">Washington met en avant le renforcement de ses alliances et une coop\u00e9ration internationale accrue.<\/div>\n<\/p><\/div>\n<\/div>\n<h2>Une mission au Moyen-Orient<\/h2>\n<p>Apr\u00e8s Munich, le secr\u00e9taire Rubio se dirige vers Isra\u00ebl, l&rsquo;Arabie Saoudite et les \u00c9mirats arabes unis du 15 au 18 f\u00e9vrier. Cette tourn\u00e9e a pour but d&rsquo;approfondir les relations avec ces pays cl\u00e9s du Moyen-Orient. Les engagements de Rubio visent \u00e0 promouvoir les int\u00e9r\u00eats am\u00e9ricains en mati\u00e8re de coop\u00e9ration r\u00e9gionale, de stabilit\u00e9 et de paix.<\/p>\n<p>L&rsquo;une des priorit\u00e9s annonc\u00e9es de ce voyage est de discuter de la lib\u00e9ration des otages retenus par le Hamas. Rubio met par ailleurs l&rsquo;accent sur l&rsquo;avancement vers la Phase II de l&rsquo;accord de cessez-le-feu \u00e0 Gaza. Ces discussions sont pr\u00e9sent\u00e9es comme essentielles pour la s\u00e9curit\u00e9 r\u00e9gionale et la protection des droits humains.<\/p>\n<div class=\"va9news-stage\" style=\"border-top:1px solid #e8eaed;margin-top:8px;\">\n<div class=\"va9news-when\">13 f\u00e9vrier<\/div>\n<div class=\"va9news-what\">Munich : Conf\u00e9rence de s\u00e9curit\u00e9 et r\u00e9union des ministres des Affaires \u00e9trang\u00e8res du G7.<\/div>\n<\/div>\n<div class=\"va9news-stage\">\n<div class=\"va9news-when\">15 \u2013 18 f\u00e9v.<\/div>\n<div class=\"va9news-what\">Tourn\u00e9e au Moyen-Orient : Isra\u00ebl, Arabie Saoudite et \u00c9mirats arabes unis.<\/div>\n<\/div>\n<p><iframe loading=\"lazy\" title=\"Isra\u00ebl: quels seront les 3 otages lib\u00e9r\u00e9s demain ?\/Trump prend des sanctions contre CPI\/Frappe Iran\" width=\"1200\" height=\"675\" src=\"https:\/\/www.youtube.com\/embed\/puauRWfCos8?feature=oembed\" frameborder=\"0\" allow=\"accelerometer; autoplay; clipboard-write; encrypted-media; gyroscope; picture-in-picture; web-share\" referrerpolicy=\"strict-origin-when-cross-origin\" allowfullscreen><\/iframe><\/p>\n<h2>Les enjeux de la s\u00e9curit\u00e9 r\u00e9gionale<\/h2>\n<p>La pr\u00e9sence de Rubio dans cette r\u00e9gion sensible est pr\u00e9sent\u00e9e comme cruciale, notamment face aux activit\u00e9s jug\u00e9es d\u00e9stabilisatrices du r\u00e9gime iranien et de ses alli\u00e9s. Les \u00c9tats-Unis cherchent \u00e0 \u00e9tablir des partenariats pour contrer ces menaces. La visite vise \u00e0 renforcer les alliances strat\u00e9giques et \u00e0 promouvoir une r\u00e9ponse collective aux d\u00e9fis s\u00e9curitaires.<\/p>\n<div class=\"va9news-pull\">\n<div class=\"va9news-q\" aria-hidden=\"true\">&laquo;<\/div>\n<blockquote><p>La s\u00e9curit\u00e9 r\u00e9gionale ne peut \u00eatre assur\u00e9e sans une coop\u00e9ration internationale forte<\/p><\/blockquote>\n<div class=\"va9news-cite\">\u2014 Tammy Bruce, porte-parole du secr\u00e9taire<\/div>\n<\/div>\n<p>Cette d\u00e9claration r\u00e9sume l&rsquo;objectif affich\u00e9 de la mission de Rubio. Selon le d\u00e9roul\u00e9 communiqu\u00e9, les discussions doivent porter sur plusieurs axes prioritaires.<\/p>\n<div class=\"va9news-cards\">\n<div class=\"va9news-card\">\n<h3>Otages<\/h3>\n<div class=\"va9news-txt\">Lib\u00e9ration des otages et traitement humanitaire des captifs.<\/div>\n<\/p><\/div>\n<div class=\"va9news-card\">\n<h3>Gaza<\/h3>\n<div class=\"va9news-txt\">Promotion de la paix et de la stabilit\u00e9, avanc\u00e9e vers la Phase II du cessez-le-feu.<\/div>\n<\/p><\/div>\n<div class=\"va9news-card\">\n<h3>Iran<\/h3>\n<div class=\"va9news-txt\">Efforts pour contrer l&rsquo;influence iranienne dans la r\u00e9gion.<\/div>\n<\/p><\/div>\n<div class=\"va9news-card\">\n<h3>Alliances<\/h3>\n<div class=\"va9news-txt\">Renforcement des alliances strat\u00e9giques au Moyen-Orient.<\/div>\n<\/p><\/div>\n<div class=\"va9news-card\">\n<h3>Droits humains<\/h3>\n<div class=\"va9news-txt\">Soutien aux droits de l&rsquo;homme et \u00e0 la gouvernance d\u00e9mocratique.<\/div>\n<\/p><\/div>\n<\/div>\n<p>La tourn\u00e9e de Marco Rubio se pr\u00e9sente comme une \u00e9tape de l&rsquo;engagement am\u00e9ricain en mati\u00e8re de s\u00e9curit\u00e9. En traversant des dossiers complexes, elle illustre la volont\u00e9 affich\u00e9e de Washington de travailler avec ses partenaires. Les r\u00e9sultats de ces discussions pourraient avoir des r\u00e9percussions sur les relations internationales et la dynamique r\u00e9gionale.<\/p>\n<div class=\"va9news-keep\">\n<div class=\"va9news-keep-k\">\u00c0 retenir<\/div>\n<ul>\n<li><span class=\"va9news-b\">&rsaquo;<\/span><span>Marco Rubio est \u00e0 Munich le 13 f\u00e9vrier pour la Conf\u00e9rence de s\u00e9curit\u00e9, suivie de la r\u00e9union du G7.<\/span><\/li>\n<li><span class=\"va9news-b\">&rsaquo;<\/span><span>Tourn\u00e9e au Moyen-Orient du 15 au 18 f\u00e9vrier : Isra\u00ebl, Arabie Saoudite et \u00c9mirats arabes unis.<\/span><\/li>\n<li><span class=\"va9news-b\">&rsaquo;<\/span><span>Dossiers cl\u00e9s : otages d\u00e9tenus par le Hamas et Phase II du cessez-le-feu \u00e0 Gaza.<\/span><\/li>\n<li><span class=\"va9news-b\">&rsaquo;<\/span><span>Objectif affich\u00e9 : renforcer les alliances et contrer l&rsquo;influence iranienne dans la r\u00e9gion.<\/span><\/li>\n<\/ul>\n<\/div>\n<div class=\"va9news-faq\">\n<h2>Questions fr\u00e9quentes<\/h2>\n<div class=\"va9news-faq-list\">\n<details>\n<summary><span>O\u00f9 se rend Marco Rubio lors de ce d\u00e9placement ?<\/span><span class=\"va9news-pm\">+<\/span><\/summary>\n<div class=\"va9news-faq-a\">\u00c0 Munich le 13 f\u00e9vrier pour la Conf\u00e9rence de s\u00e9curit\u00e9 de Munich et la r\u00e9union des ministres des Affaires \u00e9trang\u00e8res du G7, puis en Isra\u00ebl, en Arabie Saoudite et aux \u00c9mirats arabes unis du 15 au 18 f\u00e9vrier.<\/div>\n<\/details>\n<details>\n<summary><span>Quels sont les principaux dossiers de la tourn\u00e9e au Moyen-Orient ?<\/span><span class=\"va9news-pm\">+<\/span><\/summary>\n<div class=\"va9news-faq-a\">Selon le programme annonc\u00e9 : la lib\u00e9ration des otages retenus par le Hamas, l&rsquo;avancement vers la Phase II du cessez-le-feu \u00e0 Gaza, le renforcement des alliances strat\u00e9giques et les efforts pour contrer l&rsquo;influence iranienne.<\/div>\n<\/details>\n<details>\n<summary><span>Qu&rsquo;est-ce que la Conf\u00e9rence de s\u00e9curit\u00e9 de Munich ?<\/span><span class=\"va9news-pm\">+<\/span><\/summary>\n<div class=\"va9news-faq-a\">Un \u00e9v\u00e9nement r\u00e9unissant des dirigeants du monde entier pour discuter des enjeux de s\u00e9curit\u00e9 mondiale. Rubio y met en avant les priorit\u00e9s des \u00c9tats-Unis et cherche \u00e0 renforcer ses alliances internationales.<\/div>\n<\/details><\/div>\n<\/div>\n<div class=\"va9news-note\">Cet article reprend une s\u00e9quence diplomatique dat\u00e9e (f\u00e9vrier) et son programme tel qu&rsquo;annonc\u00e9. Il est informatif et ne constitue pas une analyse g\u00e9opolitique exhaustive ; pour les d\u00e9veloppements et les positions officielles, se r\u00e9f\u00e9rer aux communications des autorit\u00e9s concern\u00e9es.<\/div>\n<\/div>\n","protected":false},"excerpt":{"rendered":"","protected":false},"author":34,"featured_media":12507,"comment_status":"open","ping_status":"open","sticky":false,"template":"","format":"standard","meta":{"_acf_changed":false,"manual_indexmenow":false,"indexmenow_id_project":0,"footnotes":""},"categories":[1],"tags":[5687,5689,3591,5688,3170],"class_list":["post-8706","post","type-post","status-publish","format-standard","has-post-thumbnail","hentry","category-a-la-une","tag-cooperation-internationale","tag-droits-de-lhomme","tag-moyen-orient","tag-relations-internationales","tag-securite","generate-columns","tablet-grid-50","mobile-grid-100","grid-parent","grid-25"],"acf":[],"yoast_head":"<!-- This site is optimized with the Yoast SEO Premium plugin v21.3 (Yoast SEO v25.1) - https:\/\/yoast.com\/wordpress\/plugins\/seo\/ -->\n<title>Voyage du secr\u00e9taire Rubio : enjeux s\u00e9curitaires en Europe<\/title>\n<meta name=\"description\" content=\"Le secr\u00e9taire d&#039;\u00c9tat am\u00e9ricain Marco Rubio encha\u00eene Conf\u00e9rence de s\u00e9curit\u00e9 de Munich, r\u00e9union du G7 et tourn\u00e9e au Moyen-Orient : une s\u00e9quence diplomatique\" \/>\n<meta name=\"robots\" content=\"index, follow, max-snippet:-1, max-image-preview:large, max-video-preview:-1\" \/>\n<link rel=\"canonical\" href=\"https:\/\/voyage-aventure.com\/blog\/a-la-une\/voyage-du-secretaire-rubio-enjeux-securitaires-en-europe-et-au-moyen-orient\/\" \/>\n<meta property=\"og:locale\" content=\"fr_FR\" \/>\n<meta property=\"og:type\" content=\"article\" \/>\n<meta property=\"og:title\" content=\"Voyage du secr\u00e9taire Rubio : enjeux s\u00e9curitaires en Europe\" \/>\n<meta property=\"og:description\" content=\"Le secr\u00e9taire d&#039;\u00c9tat am\u00e9ricain Marco Rubio encha\u00eene Conf\u00e9rence de s\u00e9curit\u00e9 de Munich, r\u00e9union du G7 et tourn\u00e9e au Moyen-Orient : une s\u00e9quence diplomatique\" \/>\n<meta property=\"og:url\" content=\"https:\/\/voyage-aventure.com\/blog\/a-la-une\/voyage-du-secretaire-rubio-enjeux-securitaires-en-europe-et-au-moyen-orient\/\" \/>\n<meta property=\"og:site_name\" content=\"voyage-aventure\" \/>\n<meta property=\"og:image\" content=\"https:\/\/voyage-aventure.com\/blog\/wp-content\/uploads\/2025\/02\/sdxl-04e1ed8beffae3bdfc308c9ba2686169.png\" \/>\n\t<meta property=\"og:image:width\" content=\"1536\" \/>\n\t<meta property=\"og:image:height\" content=\"640\" \/>\n\t<meta property=\"og:image:type\" content=\"image\/png\" \/>\n<meta name=\"author\" content=\"Camille Rouvray\" \/>\n<meta name=\"twitter:card\" content=\"summary_large_image\" \/>\n<script type=\"application\/ld+json\" class=\"yoast-schema-graph\">{\"@context\":\"https:\/\/schema.org\",\"@graph\":[{\"@type\":\"NewsArticle\",\"@id\":\"https:\/\/voyage-aventure.com\/blog\/a-la-une\/voyage-du-secretaire-rubio-enjeux-securitaires-en-europe-et-au-moyen-orient\/#article\",\"isPartOf\":{\"@id\":\"https:\/\/voyage-aventure.com\/blog\/a-la-une\/voyage-du-secretaire-rubio-enjeux-securitaires-en-europe-et-au-moyen-orient\/\"},\"author\":{\"name\":\"Camille Rouvray\",\"@id\":\"https:\/\/voyage-aventure.com\/blog\/#\/schema\/person\/3c864cdc320801e3db34b663e7e3f816\"},\"headline\":\"Voyage du secr\u00e9taire Rubio : enjeux s\u00e9curitaires en Europe et au Moyen-Orient\",\"datePublished\":\"2026-06-16T14:21:19+00:00\",\"mainEntityOfPage\":{\"@id\":\"https:\/\/voyage-aventure.com\/blog\/a-la-une\/voyage-du-secretaire-rubio-enjeux-securitaires-en-europe-et-au-moyen-orient\/\"},\"wordCount\":1014,\"commentCount\":15,\"publisher\":{\"@id\":\"https:\/\/voyage-aventure.com\/blog\/#organization\"},\"image\":{\"@id\":\"https:\/\/voyage-aventure.com\/blog\/a-la-une\/voyage-du-secretaire-rubio-enjeux-securitaires-en-europe-et-au-moyen-orient\/#primaryimage\"},\"thumbnailUrl\":\"https:\/\/voyage-aventure.com\/blog\/wp-content\/uploads\/2025\/02\/sdxl-04e1ed8beffae3bdfc308c9ba2686169.png\",\"keywords\":[\"Coop\u00e9ration Internationale\",\"Droits de l'Homme\",\"Moyen-Orient\",\"Relations Internationales\",\"S\u00e9curit\u00e9\"],\"articleSection\":[\"\u00c0 la une\"],\"inLanguage\":\"fr-FR\",\"potentialAction\":[{\"@type\":\"CommentAction\",\"name\":\"Comment\",\"target\":[\"https:\/\/voyage-aventure.com\/blog\/a-la-une\/voyage-du-secretaire-rubio-enjeux-securitaires-en-europe-et-au-moyen-orient\/#respond\"]}]},{\"@type\":\"WebPage\",\"@id\":\"https:\/\/voyage-aventure.com\/blog\/a-la-une\/voyage-du-secretaire-rubio-enjeux-securitaires-en-europe-et-au-moyen-orient\/\",\"url\":\"https:\/\/voyage-aventure.com\/blog\/a-la-une\/voyage-du-secretaire-rubio-enjeux-securitaires-en-europe-et-au-moyen-orient\/\",\"name\":\"Voyage du secr\u00e9taire Rubio : enjeux s\u00e9curitaires en Europe\",\"isPartOf\":{\"@id\":\"https:\/\/voyage-aventure.com\/blog\/#website\"},\"primaryImageOfPage\":{\"@id\":\"https:\/\/voyage-aventure.com\/blog\/a-la-une\/voyage-du-secretaire-rubio-enjeux-securitaires-en-europe-et-au-moyen-orient\/#primaryimage\"},\"image\":{\"@id\":\"https:\/\/voyage-aventure.com\/blog\/a-la-une\/voyage-du-secretaire-rubio-enjeux-securitaires-en-europe-et-au-moyen-orient\/#primaryimage\"},\"thumbnailUrl\":\"https:\/\/voyage-aventure.com\/blog\/wp-content\/uploads\/2025\/02\/sdxl-04e1ed8beffae3bdfc308c9ba2686169.png\",\"datePublished\":\"2026-06-16T14:21:19+00:00\",\"description\":\"Le secr\u00e9taire d'\u00c9tat am\u00e9ricain Marco Rubio encha\u00eene Conf\u00e9rence de s\u00e9curit\u00e9 de Munich, r\u00e9union du G7 et tourn\u00e9e au Moyen-Orient : une s\u00e9quence diplomatique\",\"inLanguage\":\"fr-FR\",\"potentialAction\":[{\"@type\":\"ReadAction\",\"target\":[\"https:\/\/voyage-aventure.com\/blog\/a-la-une\/voyage-du-secretaire-rubio-enjeux-securitaires-en-europe-et-au-moyen-orient\/\"]}]},{\"@type\":\"ImageObject\",\"inLanguage\":\"fr-FR\",\"@id\":\"https:\/\/voyage-aventure.com\/blog\/a-la-une\/voyage-du-secretaire-rubio-enjeux-securitaires-en-europe-et-au-moyen-orient\/#primaryimage\",\"url\":\"https:\/\/voyage-aventure.com\/blog\/wp-content\/uploads\/2025\/02\/sdxl-04e1ed8beffae3bdfc308c9ba2686169.png\",\"contentUrl\":\"https:\/\/voyage-aventure.com\/blog\/wp-content\/uploads\/2025\/02\/sdxl-04e1ed8beffae3bdfc308c9ba2686169.png\",\"width\":1536,\"height\":640},{\"@type\":\"WebSite\",\"@id\":\"https:\/\/voyage-aventure.com\/blog\/#website\",\"url\":\"https:\/\/voyage-aventure.com\/blog\/\",\"name\":\"voyage-aventure.com\",\"description\":\"Votre passeport pour l\u2019inattendu.\",\"publisher\":{\"@id\":\"https:\/\/voyage-aventure.com\/blog\/#organization\"},\"alternateName\":\"Votre passeport pour l\u2019inattendu.\",\"potentialAction\":[{\"@type\":\"SearchAction\",\"target\":{\"@type\":\"EntryPoint\",\"urlTemplate\":\"https:\/\/voyage-aventure.com\/blog\/?s={search_term_string}\"},\"query-input\":{\"@type\":\"PropertyValueSpecification\",\"valueRequired\":true,\"valueName\":\"search_term_string\"}}],\"inLanguage\":\"fr-FR\"},{\"@type\":\"Organization\",\"@id\":\"https:\/\/voyage-aventure.com\/blog\/#organization\",\"name\":\"Foretsensations.fr\",\"url\":\"https:\/\/voyage-aventure.com\/blog\/\",\"logo\":{\"@type\":\"ImageObject\",\"inLanguage\":\"fr-FR\",\"@id\":\"https:\/\/voyage-aventure.com\/blog\/#\/schema\/logo\/image\/\",\"url\":\"https:\/\/voyage-aventure.com\/blog\/wp-content\/uploads\/2024\/12\/19.png\",\"contentUrl\":\"https:\/\/voyage-aventure.com\/blog\/wp-content\/uploads\/2024\/12\/19.png\",\"width\":512,\"height\":512,\"caption\":\"Foretsensations.fr\"},\"image\":{\"@id\":\"https:\/\/voyage-aventure.com\/blog\/#\/schema\/logo\/image\/\"}},{\"@type\":\"Person\",\"@id\":\"https:\/\/voyage-aventure.com\/blog\/#\/schema\/person\/3c864cdc320801e3db34b663e7e3f816\",\"name\":\"Camille Rouvray\",\"image\":{\"@type\":\"ImageObject\",\"inLanguage\":\"fr-FR\",\"@id\":\"https:\/\/voyage-aventure.com\/blog\/#\/schema\/person\/image\/\",\"url\":\"https:\/\/voyage-aventure.com\/blog\/wp-content\/uploads\/2026\/06\/persona_camille-r-96x96.jpg\",\"contentUrl\":\"https:\/\/voyage-aventure.com\/blog\/wp-content\/uploads\/2026\/06\/persona_camille-r-96x96.jpg\",\"caption\":\"Camille Rouvray\"},\"description\":\"Je voyage et j'\u00e9cris sur le voyage depuis une douzaine d'ann\u00e9es, d'abord en tant que routarde au long cours, puis comme r\u00e9dactrice sp\u00e9cialis\u00e9e. Mon terrain de pr\u00e9dilection, ce sont les circuits organis\u00e9s et l'art de bien pr\u00e9parer un itin\u00e9raire : choix de la saison, dur\u00e9e r\u00e9aliste des \u00e9tapes, budget jour par jour, logement et transport sur place. J'aime aussi raconter les p\u00e9pites urbaines, ces adresses qu'on ne trouve pas dans les guides classiques. Avant de publier un dossier destination, je croise toujours plusieurs sources, je v\u00e9rifie les tarifs et les formalit\u00e9s d'entr\u00e9e \u00e0 jour, et je teste moi-m\u00eame quand je le peux. Mon angle reste pratique avant tout : aider le lecteur \u00e0 partir l'esprit tranquille, sans mauvaise surprise une fois sur place. Je m'attache \u00e0 distinguer le coup de c\u0153ur sinc\u00e8re du simple argument marketing.\",\"sameAs\":[\"https:\/\/camillerouvray.fr\/\"],\"url\":\"https:\/\/voyage-aventure.com\/blog\/auteur\/noname\/\"}]}<\/script>\n<!-- \/ Yoast SEO Premium plugin. -->","yoast_head_json":{"title":"Voyage du secr\u00e9taire Rubio : enjeux s\u00e9curitaires en Europe","description":"Le secr\u00e9taire d'\u00c9tat am\u00e9ricain Marco Rubio encha\u00eene Conf\u00e9rence de s\u00e9curit\u00e9 de Munich, r\u00e9union du G7 et tourn\u00e9e au Moyen-Orient : une s\u00e9quence diplomatique","robots":{"index":"index","follow":"follow","max-snippet":"max-snippet:-1","max-image-preview":"max-image-preview:large","max-video-preview":"max-video-preview:-1"},"canonical":"https:\/\/voyage-aventure.com\/blog\/a-la-une\/voyage-du-secretaire-rubio-enjeux-securitaires-en-europe-et-au-moyen-orient\/","og_locale":"fr_FR","og_type":"article","og_title":"Voyage du secr\u00e9taire Rubio : enjeux s\u00e9curitaires en Europe","og_description":"Le secr\u00e9taire d'\u00c9tat am\u00e9ricain Marco Rubio encha\u00eene Conf\u00e9rence de s\u00e9curit\u00e9 de Munich, r\u00e9union du G7 et tourn\u00e9e au Moyen-Orient : une s\u00e9quence diplomatique","og_url":"https:\/\/voyage-aventure.com\/blog\/a-la-une\/voyage-du-secretaire-rubio-enjeux-securitaires-en-europe-et-au-moyen-orient\/","og_site_name":"voyage-aventure","og_image":[{"width":1536,"height":640,"url":"https:\/\/voyage-aventure.com\/blog\/wp-content\/uploads\/2025\/02\/sdxl-04e1ed8beffae3bdfc308c9ba2686169.png","type":"image\/png"}],"author":"Camille Rouvray","twitter_card":"summary_large_image","schema":{"@context":"https:\/\/schema.org","@graph":[{"@type":"NewsArticle","@id":"https:\/\/voyage-aventure.com\/blog\/a-la-une\/voyage-du-secretaire-rubio-enjeux-securitaires-en-europe-et-au-moyen-orient\/#article","isPartOf":{"@id":"https:\/\/voyage-aventure.com\/blog\/a-la-une\/voyage-du-secretaire-rubio-enjeux-securitaires-en-europe-et-au-moyen-orient\/"},"author":{"name":"Camille Rouvray","@id":"https:\/\/voyage-aventure.com\/blog\/#\/schema\/person\/3c864cdc320801e3db34b663e7e3f816"},"headline":"Voyage du secr\u00e9taire Rubio : enjeux s\u00e9curitaires en Europe et au Moyen-Orient","datePublished":"2026-06-16T14:21:19+00:00","mainEntityOfPage":{"@id":"https:\/\/voyage-aventure.com\/blog\/a-la-une\/voyage-du-secretaire-rubio-enjeux-securitaires-en-europe-et-au-moyen-orient\/"},"wordCount":1014,"commentCount":15,"publisher":{"@id":"https:\/\/voyage-aventure.com\/blog\/#organization"},"image":{"@id":"https:\/\/voyage-aventure.com\/blog\/a-la-une\/voyage-du-secretaire-rubio-enjeux-securitaires-en-europe-et-au-moyen-orient\/#primaryimage"},"thumbnailUrl":"https:\/\/voyage-aventure.com\/blog\/wp-content\/uploads\/2025\/02\/sdxl-04e1ed8beffae3bdfc308c9ba2686169.png","keywords":["Coop\u00e9ration Internationale","Droits de l'Homme","Moyen-Orient","Relations Internationales","S\u00e9curit\u00e9"],"articleSection":["\u00c0 la une"],"inLanguage":"fr-FR","potentialAction":[{"@type":"CommentAction","name":"Comment","target":["https:\/\/voyage-aventure.com\/blog\/a-la-une\/voyage-du-secretaire-rubio-enjeux-securitaires-en-europe-et-au-moyen-orient\/#respond"]}]},{"@type":"WebPage","@id":"https:\/\/voyage-aventure.com\/blog\/a-la-une\/voyage-du-secretaire-rubio-enjeux-securitaires-en-europe-et-au-moyen-orient\/","url":"https:\/\/voyage-aventure.com\/blog\/a-la-une\/voyage-du-secretaire-rubio-enjeux-securitaires-en-europe-et-au-moyen-orient\/","name":"Voyage du secr\u00e9taire Rubio : enjeux s\u00e9curitaires en Europe","isPartOf":{"@id":"https:\/\/voyage-aventure.com\/blog\/#website"},"primaryImageOfPage":{"@id":"https:\/\/voyage-aventure.com\/blog\/a-la-une\/voyage-du-secretaire-rubio-enjeux-securitaires-en-europe-et-au-moyen-orient\/#primaryimage"},"image":{"@id":"https:\/\/voyage-aventure.com\/blog\/a-la-une\/voyage-du-secretaire-rubio-enjeux-securitaires-en-europe-et-au-moyen-orient\/#primaryimage"},"thumbnailUrl":"https:\/\/voyage-aventure.com\/blog\/wp-content\/uploads\/2025\/02\/sdxl-04e1ed8beffae3bdfc308c9ba2686169.png","datePublished":"2026-06-16T14:21:19+00:00","description":"Le secr\u00e9taire d'\u00c9tat am\u00e9ricain Marco Rubio encha\u00eene Conf\u00e9rence de s\u00e9curit\u00e9 de Munich, r\u00e9union du G7 et tourn\u00e9e au Moyen-Orient : une s\u00e9quence diplomatique","inLanguage":"fr-FR","potentialAction":[{"@type":"ReadAction","target":["https:\/\/voyage-aventure.com\/blog\/a-la-une\/voyage-du-secretaire-rubio-enjeux-securitaires-en-europe-et-au-moyen-orient\/"]}]},{"@type":"ImageObject","inLanguage":"fr-FR","@id":"https:\/\/voyage-aventure.com\/blog\/a-la-une\/voyage-du-secretaire-rubio-enjeux-securitaires-en-europe-et-au-moyen-orient\/#primaryimage","url":"https:\/\/voyage-aventure.com\/blog\/wp-content\/uploads\/2025\/02\/sdxl-04e1ed8beffae3bdfc308c9ba2686169.png","contentUrl":"https:\/\/voyage-aventure.com\/blog\/wp-content\/uploads\/2025\/02\/sdxl-04e1ed8beffae3bdfc308c9ba2686169.png","width":1536,"height":640},{"@type":"WebSite","@id":"https:\/\/voyage-aventure.com\/blog\/#website","url":"https:\/\/voyage-aventure.com\/blog\/","name":"voyage-aventure.com","description":"Votre passeport pour l\u2019inattendu.","publisher":{"@id":"https:\/\/voyage-aventure.com\/blog\/#organization"},"alternateName":"Votre passeport pour l\u2019inattendu.","potentialAction":[{"@type":"SearchAction","target":{"@type":"EntryPoint","urlTemplate":"https:\/\/voyage-aventure.com\/blog\/?s={search_term_string}"},"query-input":{"@type":"PropertyValueSpecification","valueRequired":true,"valueName":"search_term_string"}}],"inLanguage":"fr-FR"},{"@type":"Organization","@id":"https:\/\/voyage-aventure.com\/blog\/#organization","name":"Foretsensations.fr","url":"https:\/\/voyage-aventure.com\/blog\/","logo":{"@type":"ImageObject","inLanguage":"fr-FR","@id":"https:\/\/voyage-aventure.com\/blog\/#\/schema\/logo\/image\/","url":"https:\/\/voyage-aventure.com\/blog\/wp-content\/uploads\/2024\/12\/19.png","contentUrl":"https:\/\/voyage-aventure.com\/blog\/wp-content\/uploads\/2024\/12\/19.png","width":512,"height":512,"caption":"Foretsensations.fr"},"image":{"@id":"https:\/\/voyage-aventure.com\/blog\/#\/schema\/logo\/image\/"}},{"@type":"Person","@id":"https:\/\/voyage-aventure.com\/blog\/#\/schema\/person\/3c864cdc320801e3db34b663e7e3f816","name":"Camille Rouvray","image":{"@type":"ImageObject","inLanguage":"fr-FR","@id":"https:\/\/voyage-aventure.com\/blog\/#\/schema\/person\/image\/","url":"https:\/\/voyage-aventure.com\/blog\/wp-content\/uploads\/2026\/06\/persona_camille-r-96x96.jpg","contentUrl":"https:\/\/voyage-aventure.com\/blog\/wp-content\/uploads\/2026\/06\/persona_camille-r-96x96.jpg","caption":"Camille Rouvray"},"description":"Je voyage et j'\u00e9cris sur le voyage depuis une douzaine d'ann\u00e9es, d'abord en tant que routarde au long cours, puis comme r\u00e9dactrice sp\u00e9cialis\u00e9e. Mon terrain de pr\u00e9dilection, ce sont les circuits organis\u00e9s et l'art de bien pr\u00e9parer un itin\u00e9raire : choix de la saison, dur\u00e9e r\u00e9aliste des \u00e9tapes, budget jour par jour, logement et transport sur place. J'aime aussi raconter les p\u00e9pites urbaines, ces adresses qu'on ne trouve pas dans les guides classiques. Avant de publier un dossier destination, je croise toujours plusieurs sources, je v\u00e9rifie les tarifs et les formalit\u00e9s d'entr\u00e9e \u00e0 jour, et je teste moi-m\u00eame quand je le peux. Mon angle reste pratique avant tout : aider le lecteur \u00e0 partir l'esprit tranquille, sans mauvaise surprise une fois sur place. Je m'attache \u00e0 distinguer le coup de c\u0153ur sinc\u00e8re du simple argument marketing.","sameAs":["https:\/\/camillerouvray.fr\/"],"url":"https:\/\/voyage-aventure.com\/blog\/auteur\/noname\/"}]}},"_links":{"self":[{"href":"https:\/\/voyage-aventure.com\/blog\/wp-json\/wp\/v2\/posts\/8706","targetHints":{"allow":["GET"]}}],"collection":[{"href":"https:\/\/voyage-aventure.com\/blog\/wp-json\/wp\/v2\/posts"}],"about":[{"href":"https:\/\/voyage-aventure.com\/blog\/wp-json\/wp\/v2\/types\/post"}],"author":[{"embeddable":true,"href":"https:\/\/voyage-aventure.com\/blog\/wp-json\/wp\/v2\/users\/34"}],"replies":[{"embeddable":true,"href":"https:\/\/voyage-aventure.com\/blog\/wp-json\/wp\/v2\/comments?post=8706"}],"version-history":[{"count":3,"href":"https:\/\/voyage-aventure.com\/blog\/wp-json\/wp\/v2\/posts\/8706\/revisions"}],"predecessor-version":[{"id":22484,"href":"https:\/\/voyage-aventure.com\/blog\/wp-json\/wp\/v2\/posts\/8706\/revisions\/22484"}],"wp:featuredmedia":[{"embeddable":true,"href":"https:\/\/voyage-aventure.com\/blog\/wp-json\/wp\/v2\/media\/12507"}],"wp:attachment":[{"href":"https:\/\/voyage-aventure.com\/blog\/wp-json\/wp\/v2\/media?parent=8706"}],"wp:term":[{"taxonomy":"category","embeddable":true,"href":"https:\/\/voyage-aventure.com\/blog\/wp-json\/wp\/v2\/categories?post=8706"},{"taxonomy":"post_tag","embeddable":true,"href":"https:\/\/voyage-aventure.com\/blog\/wp-json\/wp\/v2\/tags?post=8706"}],"curies":[{"name":"wp","href":"https:\/\/api.w.org\/{rel}","templated":true}]}}