{"id":8678,"date":"2025-02-16T20:46:48","date_gmt":"2025-02-16T19:46:48","guid":{"rendered":"https:\/\/voyage-aventure.com\/blog\/?p=8678"},"modified":"2025-02-16T20:46:48","modified_gmt":"2025-02-16T19:46:48","slug":"decouvrez-la-magie-scandinave-avec-emma-berggren-au-cabrillo-chamber-orchestra","status":"publish","type":"post","link":"https:\/\/voyage-aventure.com\/blog\/destinations-aventure\/decouvrez-la-magie-scandinave-avec-emma-berggren-au-cabrillo-chamber-orchestra\/","title":{"rendered":"D\u00e9couvrez la magie scandinave avec Emma Berggren au Cabrillo Chamber Orchestra"},"content":{"rendered":"<h2>Une soir\u00e9e musicale prometteuse<\/h2>\n<p>Le Cabrillo Chamber Orchestra s&rsquo;appr\u00eate \u00e0 offrir une soir\u00e9e inoubliable le 23 f\u00e9vrier 2025. Cet \u00e9v\u00e9nement, qui se d\u00e9roulera \u00e0 l&rsquo;\u00e9glise luth\u00e9rienne de l&rsquo;Incarnation \u00e0 Poway, en Californie, mettra en lumi\u00e8re la richesse de la musique scandinave. Sous la direction artistique de Gregory Lawrence, le programme inclura des \u0153uvres de compositeurs renomm\u00e9s tels que Grieg, Atterberg et Bruch.<\/p>\n<p>La performance sera marqu\u00e9e par la pr\u00e9sence de la soprano su\u00e9doise Emma Berggren. Elle interpr\u00e9tera des morceaux embl\u00e9matiques, notamment le c\u00e9l\u00e8bre \u00ab\u00a0Solveig\u2019s Sang\u00a0\u00bb de Grieg, qui promet d&rsquo;\u00e9mouvoir le public. Berggren, reconnue pour sa voix envo\u00fbtante, a su captiver de nombreux auditeurs lors de ses pr\u00e9c\u00e9dentes performances.<\/p>\n<h2>Un parcours artistique impressionnant<\/h2>\n<p>Emma Berggren a r\u00e9cemment \u00e9t\u00e9 finaliste du prestigieux concours vocal Bayreuth-Stipendium \u00e0 G\u00f6teborg. Son talent a \u00e9galement brill\u00e9 lors du programme musical d&rsquo;\u00e9t\u00e9 de Falsterbo-Skan\u00f6r, o\u00f9 elle a \u00e9t\u00e9 soliste. Sa carri\u00e8re l\u2019a conduite \u00e0 se produire avec de nombreuses compagnies, dont la Pacific Lyric Association et la California Philharmonic.<\/p>\n<p>Son exp\u00e9rience vari\u00e9e et ses collaborations avec des orchestres de renom t\u00e9moignent de son engagement envers l&rsquo;art lyrique. Cette performance avec le Cabrillo Chamber Orchestra sera une excellente opportunit\u00e9 pour elle de partager son amour de la musique scandinave avec un nouveau public.<\/p>\n<h2>Un concert \u00e0 ne pas manquer<\/h2>\n<p>Le concert d\u00e9butera \u00e0 16h, heure locale, et promet d&rsquo;\u00eatre une exp\u00e9rience enrichissante pour tous les amateurs de musique. Les \u0153uvres s\u00e9lectionn\u00e9es offriront un aper\u00e7u de la beaut\u00e9 et de la profondeur de la musique scandinave. Que vous soyez un habitu\u00e9 des concerts ou un novice, cette soir\u00e9e saura vous s\u00e9duire.<\/p>\n<blockquote><p>\n\u00ab\u00a0La musique scandinave a une magie unique qui touche l&rsquo;\u00e2me et transcende les fronti\u00e8res.\u00a0\u00bb &#8211; Emma Berggren\n<\/p><\/blockquote>\n<p>Pour ceux qui souhaitent en savoir plus sur les \u00e9v\u00e9nements \u00e0 venir, voici quelques spectacles r\u00e9cents mettant en vedette Emma Berggren :<\/p>\n<ul>\n<li>Emma Berggren &amp; Yewon Ella Yoon en vedette dans &lsquo;La Traviata&rsquo;<\/li>\n<li>La Guild Opera Company pr\u00e9sente Emma Berggren dans &lsquo;Tosca&rsquo;<\/li>\n<\/ul>\n<p>Cette performance avec le Cabrillo Chamber Orchestra s&rsquo;inscrit dans une s\u00e9rie d&rsquo;\u00e9v\u00e9nements marquants qui mettent en avant des artistes de talent. Ne manquez pas cette chance de d\u00e9couvrir la magie de la musique scandinave \u00e0 travers les yeux d&rsquo;une soprano exceptionnelle.<\/p>\n<p>Si vous \u00eates passionn\u00e9 de musique et que vous souhaitez vivre une exp\u00e9rience artistique inoubliable, r\u00e9servez d\u00e8s maintenant votre place pour cet \u00e9v\u00e9nement. Pr\u00e9parez-vous \u00e0 \u00eatre transport\u00e9 dans un voyage musical captivant qui vous laissera des souvenirs imp\u00e9rissables.<\/p>\n","protected":false},"excerpt":{"rendered":"","protected":false},"author":34,"featured_media":13303,"comment_status":"open","ping_status":"open","sticky":false,"template":"","format":"standard","meta":{"_acf_changed":false,"manual_indexmenow":false,"indexmenow_id_project":0,"footnotes":""},"categories":[4520],"tags":[5626,4527,5627,5624,5625],"class_list":["post-8678","post","type-post","status-publish","format-standard","has-post-thumbnail","hentry","category-destinations-aventure","tag-concerts","tag-decouverte-culturelle","tag-emma-berggren","tag-evenements-musicaux","tag-musique-scandinave","generate-columns","tablet-grid-50","mobile-grid-100","grid-parent","grid-25"],"acf":[],"yoast_head":"<!-- This site is optimized with the Yoast SEO Premium plugin v21.3 (Yoast SEO v25.1) - https:\/\/yoast.com\/wordpress\/plugins\/seo\/ -->\n<title>D\u00e9couvrez la magie scandinave avec Emma Berggren au<\/title>\n<meta name=\"description\" content=\"Le Cabrillo Chamber Orchestra s&#039;appr\u00eate \u00e0 offrir une soir\u00e9e inoubliable le 23 f\u00e9vrier 2025. Cet \u00e9v\u00e9nement, qui se d\u00e9roulera \u00e0 l&#039;\u00e9glise luth\u00e9rienne de\" \/>\n<meta name=\"robots\" content=\"index, follow, max-snippet:-1, max-image-preview:large, max-video-preview:-1\" \/>\n<link rel=\"canonical\" href=\"https:\/\/voyage-aventure.com\/blog\/destinations-aventure\/decouvrez-la-magie-scandinave-avec-emma-berggren-au-cabrillo-chamber-orchestra\/\" \/>\n<meta property=\"og:locale\" content=\"fr_FR\" \/>\n<meta property=\"og:type\" content=\"article\" \/>\n<meta property=\"og:title\" content=\"D\u00e9couvrez la magie scandinave avec Emma Berggren au\" \/>\n<meta property=\"og:description\" content=\"Le Cabrillo Chamber Orchestra s&#039;appr\u00eate \u00e0 offrir une soir\u00e9e inoubliable le 23 f\u00e9vrier 2025. Cet \u00e9v\u00e9nement, qui se d\u00e9roulera \u00e0 l&#039;\u00e9glise luth\u00e9rienne de\" \/>\n<meta property=\"og:url\" content=\"https:\/\/voyage-aventure.com\/blog\/destinations-aventure\/decouvrez-la-magie-scandinave-avec-emma-berggren-au-cabrillo-chamber-orchestra\/\" \/>\n<meta property=\"og:site_name\" content=\"voyage-aventure\" \/>\n<meta property=\"og:image\" content=\"https:\/\/voyage-aventure.com\/blog\/wp-content\/uploads\/2025\/02\/sdxl-a407fed1c3cf208fd7b98a6ca441f04b.png\" \/>\n\t<meta property=\"og:image:width\" content=\"1536\" \/>\n\t<meta property=\"og:image:height\" content=\"640\" \/>\n\t<meta property=\"og:image:type\" content=\"image\/png\" \/>\n<meta name=\"author\" content=\"Camille Rouvray\" \/>\n<meta name=\"twitter:card\" content=\"summary_large_image\" \/>\n<script type=\"application\/ld+json\" class=\"yoast-schema-graph\">{\"@context\":\"https:\/\/schema.org\",\"@graph\":[{\"@type\":\"NewsArticle\",\"@id\":\"https:\/\/voyage-aventure.com\/blog\/destinations-aventure\/decouvrez-la-magie-scandinave-avec-emma-berggren-au-cabrillo-chamber-orchestra\/#article\",\"isPartOf\":{\"@id\":\"https:\/\/voyage-aventure.com\/blog\/destinations-aventure\/decouvrez-la-magie-scandinave-avec-emma-berggren-au-cabrillo-chamber-orchestra\/\"},\"author\":{\"name\":\"Camille Rouvray\",\"@id\":\"https:\/\/voyage-aventure.com\/blog\/#\/schema\/person\/3c864cdc320801e3db34b663e7e3f816\"},\"headline\":\"D\u00e9couvrez la magie scandinave avec Emma Berggren au Cabrillo Chamber Orchestra\",\"datePublished\":\"2025-02-16T19:46:48+00:00\",\"mainEntityOfPage\":{\"@id\":\"https:\/\/voyage-aventure.com\/blog\/destinations-aventure\/decouvrez-la-magie-scandinave-avec-emma-berggren-au-cabrillo-chamber-orchestra\/\"},\"wordCount\":459,\"commentCount\":22,\"publisher\":{\"@id\":\"https:\/\/voyage-aventure.com\/blog\/#organization\"},\"image\":{\"@id\":\"https:\/\/voyage-aventure.com\/blog\/destinations-aventure\/decouvrez-la-magie-scandinave-avec-emma-berggren-au-cabrillo-chamber-orchestra\/#primaryimage\"},\"thumbnailUrl\":\"https:\/\/voyage-aventure.com\/blog\/wp-content\/uploads\/2025\/02\/sdxl-a407fed1c3cf208fd7b98a6ca441f04b.png\",\"keywords\":[\"Concerts\",\"D\u00e9couverte Culturelle\",\"Emma Berggren\",\"\u00c9v\u00e9nements Musicaux\",\"Musique Scandinave\"],\"articleSection\":[\"Destinations Aventure\"],\"inLanguage\":\"fr-FR\",\"potentialAction\":[{\"@type\":\"CommentAction\",\"name\":\"Comment\",\"target\":[\"https:\/\/voyage-aventure.com\/blog\/destinations-aventure\/decouvrez-la-magie-scandinave-avec-emma-berggren-au-cabrillo-chamber-orchestra\/#respond\"]}]},{\"@type\":\"WebPage\",\"@id\":\"https:\/\/voyage-aventure.com\/blog\/destinations-aventure\/decouvrez-la-magie-scandinave-avec-emma-berggren-au-cabrillo-chamber-orchestra\/\",\"url\":\"https:\/\/voyage-aventure.com\/blog\/destinations-aventure\/decouvrez-la-magie-scandinave-avec-emma-berggren-au-cabrillo-chamber-orchestra\/\",\"name\":\"D\u00e9couvrez la magie scandinave avec Emma Berggren au\",\"isPartOf\":{\"@id\":\"https:\/\/voyage-aventure.com\/blog\/#website\"},\"primaryImageOfPage\":{\"@id\":\"https:\/\/voyage-aventure.com\/blog\/destinations-aventure\/decouvrez-la-magie-scandinave-avec-emma-berggren-au-cabrillo-chamber-orchestra\/#primaryimage\"},\"image\":{\"@id\":\"https:\/\/voyage-aventure.com\/blog\/destinations-aventure\/decouvrez-la-magie-scandinave-avec-emma-berggren-au-cabrillo-chamber-orchestra\/#primaryimage\"},\"thumbnailUrl\":\"https:\/\/voyage-aventure.com\/blog\/wp-content\/uploads\/2025\/02\/sdxl-a407fed1c3cf208fd7b98a6ca441f04b.png\",\"datePublished\":\"2025-02-16T19:46:48+00:00\",\"description\":\"Le Cabrillo Chamber Orchestra s'appr\u00eate \u00e0 offrir une soir\u00e9e inoubliable le 23 f\u00e9vrier 2025. Cet \u00e9v\u00e9nement, qui se d\u00e9roulera \u00e0 l'\u00e9glise luth\u00e9rienne de\",\"inLanguage\":\"fr-FR\",\"potentialAction\":[{\"@type\":\"ReadAction\",\"target\":[\"https:\/\/voyage-aventure.com\/blog\/destinations-aventure\/decouvrez-la-magie-scandinave-avec-emma-berggren-au-cabrillo-chamber-orchestra\/\"]}]},{\"@type\":\"ImageObject\",\"inLanguage\":\"fr-FR\",\"@id\":\"https:\/\/voyage-aventure.com\/blog\/destinations-aventure\/decouvrez-la-magie-scandinave-avec-emma-berggren-au-cabrillo-chamber-orchestra\/#primaryimage\",\"url\":\"https:\/\/voyage-aventure.com\/blog\/wp-content\/uploads\/2025\/02\/sdxl-a407fed1c3cf208fd7b98a6ca441f04b.png\",\"contentUrl\":\"https:\/\/voyage-aventure.com\/blog\/wp-content\/uploads\/2025\/02\/sdxl-a407fed1c3cf208fd7b98a6ca441f04b.png\",\"width\":1536,\"height\":640},{\"@type\":\"WebSite\",\"@id\":\"https:\/\/voyage-aventure.com\/blog\/#website\",\"url\":\"https:\/\/voyage-aventure.com\/blog\/\",\"name\":\"voyage-aventure.com\",\"description\":\"Votre passeport pour l\u2019inattendu.\",\"publisher\":{\"@id\":\"https:\/\/voyage-aventure.com\/blog\/#organization\"},\"alternateName\":\"Votre passeport pour l\u2019inattendu.\",\"potentialAction\":[{\"@type\":\"SearchAction\",\"target\":{\"@type\":\"EntryPoint\",\"urlTemplate\":\"https:\/\/voyage-aventure.com\/blog\/?s={search_term_string}\"},\"query-input\":{\"@type\":\"PropertyValueSpecification\",\"valueRequired\":true,\"valueName\":\"search_term_string\"}}],\"inLanguage\":\"fr-FR\"},{\"@type\":\"Organization\",\"@id\":\"https:\/\/voyage-aventure.com\/blog\/#organization\",\"name\":\"Foretsensations.fr\",\"url\":\"https:\/\/voyage-aventure.com\/blog\/\",\"logo\":{\"@type\":\"ImageObject\",\"inLanguage\":\"fr-FR\",\"@id\":\"https:\/\/voyage-aventure.com\/blog\/#\/schema\/logo\/image\/\",\"url\":\"https:\/\/voyage-aventure.com\/blog\/wp-content\/uploads\/2024\/12\/19.png\",\"contentUrl\":\"https:\/\/voyage-aventure.com\/blog\/wp-content\/uploads\/2024\/12\/19.png\",\"width\":512,\"height\":512,\"caption\":\"Foretsensations.fr\"},\"image\":{\"@id\":\"https:\/\/voyage-aventure.com\/blog\/#\/schema\/logo\/image\/\"}},{\"@type\":\"Person\",\"@id\":\"https:\/\/voyage-aventure.com\/blog\/#\/schema\/person\/3c864cdc320801e3db34b663e7e3f816\",\"name\":\"Camille Rouvray\",\"image\":{\"@type\":\"ImageObject\",\"inLanguage\":\"fr-FR\",\"@id\":\"https:\/\/voyage-aventure.com\/blog\/#\/schema\/person\/image\/\",\"url\":\"https:\/\/voyage-aventure.com\/blog\/wp-content\/uploads\/2026\/06\/persona_camille-r-96x96.jpg\",\"contentUrl\":\"https:\/\/voyage-aventure.com\/blog\/wp-content\/uploads\/2026\/06\/persona_camille-r-96x96.jpg\",\"caption\":\"Camille Rouvray\"},\"description\":\"Je voyage et j'\u00e9cris sur le voyage depuis une douzaine d'ann\u00e9es, d'abord en tant que routarde au long cours, puis comme r\u00e9dactrice sp\u00e9cialis\u00e9e. Mon terrain de pr\u00e9dilection, ce sont les circuits organis\u00e9s et l'art de bien pr\u00e9parer un itin\u00e9raire : choix de la saison, dur\u00e9e r\u00e9aliste des \u00e9tapes, budget jour par jour, logement et transport sur place. J'aime aussi raconter les p\u00e9pites urbaines, ces adresses qu'on ne trouve pas dans les guides classiques. Avant de publier un dossier destination, je croise toujours plusieurs sources, je v\u00e9rifie les tarifs et les formalit\u00e9s d'entr\u00e9e \u00e0 jour, et je teste moi-m\u00eame quand je le peux. Mon angle reste pratique avant tout : aider le lecteur \u00e0 partir l'esprit tranquille, sans mauvaise surprise une fois sur place. Je m'attache \u00e0 distinguer le coup de c\u0153ur sinc\u00e8re du simple argument marketing.\",\"sameAs\":[\"https:\/\/camillerouvray.fr\/\"],\"url\":\"https:\/\/voyage-aventure.com\/blog\/auteur\/noname\/\"}]}<\/script>\n<!-- \/ Yoast SEO Premium plugin. -->","yoast_head_json":{"title":"D\u00e9couvrez la magie scandinave avec Emma Berggren au","description":"Le Cabrillo Chamber Orchestra s'appr\u00eate \u00e0 offrir une soir\u00e9e inoubliable le 23 f\u00e9vrier 2025. Cet \u00e9v\u00e9nement, qui se d\u00e9roulera \u00e0 l'\u00e9glise luth\u00e9rienne de","robots":{"index":"index","follow":"follow","max-snippet":"max-snippet:-1","max-image-preview":"max-image-preview:large","max-video-preview":"max-video-preview:-1"},"canonical":"https:\/\/voyage-aventure.com\/blog\/destinations-aventure\/decouvrez-la-magie-scandinave-avec-emma-berggren-au-cabrillo-chamber-orchestra\/","og_locale":"fr_FR","og_type":"article","og_title":"D\u00e9couvrez la magie scandinave avec Emma Berggren au","og_description":"Le Cabrillo Chamber Orchestra s'appr\u00eate \u00e0 offrir une soir\u00e9e inoubliable le 23 f\u00e9vrier 2025. Cet \u00e9v\u00e9nement, qui se d\u00e9roulera \u00e0 l'\u00e9glise luth\u00e9rienne de","og_url":"https:\/\/voyage-aventure.com\/blog\/destinations-aventure\/decouvrez-la-magie-scandinave-avec-emma-berggren-au-cabrillo-chamber-orchestra\/","og_site_name":"voyage-aventure","og_image":[{"width":1536,"height":640,"url":"https:\/\/voyage-aventure.com\/blog\/wp-content\/uploads\/2025\/02\/sdxl-a407fed1c3cf208fd7b98a6ca441f04b.png","type":"image\/png"}],"author":"Camille Rouvray","twitter_card":"summary_large_image","schema":{"@context":"https:\/\/schema.org","@graph":[{"@type":"NewsArticle","@id":"https:\/\/voyage-aventure.com\/blog\/destinations-aventure\/decouvrez-la-magie-scandinave-avec-emma-berggren-au-cabrillo-chamber-orchestra\/#article","isPartOf":{"@id":"https:\/\/voyage-aventure.com\/blog\/destinations-aventure\/decouvrez-la-magie-scandinave-avec-emma-berggren-au-cabrillo-chamber-orchestra\/"},"author":{"name":"Camille Rouvray","@id":"https:\/\/voyage-aventure.com\/blog\/#\/schema\/person\/3c864cdc320801e3db34b663e7e3f816"},"headline":"D\u00e9couvrez la magie scandinave avec Emma Berggren au Cabrillo Chamber Orchestra","datePublished":"2025-02-16T19:46:48+00:00","mainEntityOfPage":{"@id":"https:\/\/voyage-aventure.com\/blog\/destinations-aventure\/decouvrez-la-magie-scandinave-avec-emma-berggren-au-cabrillo-chamber-orchestra\/"},"wordCount":459,"commentCount":22,"publisher":{"@id":"https:\/\/voyage-aventure.com\/blog\/#organization"},"image":{"@id":"https:\/\/voyage-aventure.com\/blog\/destinations-aventure\/decouvrez-la-magie-scandinave-avec-emma-berggren-au-cabrillo-chamber-orchestra\/#primaryimage"},"thumbnailUrl":"https:\/\/voyage-aventure.com\/blog\/wp-content\/uploads\/2025\/02\/sdxl-a407fed1c3cf208fd7b98a6ca441f04b.png","keywords":["Concerts","D\u00e9couverte Culturelle","Emma Berggren","\u00c9v\u00e9nements Musicaux","Musique Scandinave"],"articleSection":["Destinations Aventure"],"inLanguage":"fr-FR","potentialAction":[{"@type":"CommentAction","name":"Comment","target":["https:\/\/voyage-aventure.com\/blog\/destinations-aventure\/decouvrez-la-magie-scandinave-avec-emma-berggren-au-cabrillo-chamber-orchestra\/#respond"]}]},{"@type":"WebPage","@id":"https:\/\/voyage-aventure.com\/blog\/destinations-aventure\/decouvrez-la-magie-scandinave-avec-emma-berggren-au-cabrillo-chamber-orchestra\/","url":"https:\/\/voyage-aventure.com\/blog\/destinations-aventure\/decouvrez-la-magie-scandinave-avec-emma-berggren-au-cabrillo-chamber-orchestra\/","name":"D\u00e9couvrez la magie scandinave avec Emma Berggren au","isPartOf":{"@id":"https:\/\/voyage-aventure.com\/blog\/#website"},"primaryImageOfPage":{"@id":"https:\/\/voyage-aventure.com\/blog\/destinations-aventure\/decouvrez-la-magie-scandinave-avec-emma-berggren-au-cabrillo-chamber-orchestra\/#primaryimage"},"image":{"@id":"https:\/\/voyage-aventure.com\/blog\/destinations-aventure\/decouvrez-la-magie-scandinave-avec-emma-berggren-au-cabrillo-chamber-orchestra\/#primaryimage"},"thumbnailUrl":"https:\/\/voyage-aventure.com\/blog\/wp-content\/uploads\/2025\/02\/sdxl-a407fed1c3cf208fd7b98a6ca441f04b.png","datePublished":"2025-02-16T19:46:48+00:00","description":"Le Cabrillo Chamber Orchestra s'appr\u00eate \u00e0 offrir une soir\u00e9e inoubliable le 23 f\u00e9vrier 2025. Cet \u00e9v\u00e9nement, qui se d\u00e9roulera \u00e0 l'\u00e9glise luth\u00e9rienne de","inLanguage":"fr-FR","potentialAction":[{"@type":"ReadAction","target":["https:\/\/voyage-aventure.com\/blog\/destinations-aventure\/decouvrez-la-magie-scandinave-avec-emma-berggren-au-cabrillo-chamber-orchestra\/"]}]},{"@type":"ImageObject","inLanguage":"fr-FR","@id":"https:\/\/voyage-aventure.com\/blog\/destinations-aventure\/decouvrez-la-magie-scandinave-avec-emma-berggren-au-cabrillo-chamber-orchestra\/#primaryimage","url":"https:\/\/voyage-aventure.com\/blog\/wp-content\/uploads\/2025\/02\/sdxl-a407fed1c3cf208fd7b98a6ca441f04b.png","contentUrl":"https:\/\/voyage-aventure.com\/blog\/wp-content\/uploads\/2025\/02\/sdxl-a407fed1c3cf208fd7b98a6ca441f04b.png","width":1536,"height":640},{"@type":"WebSite","@id":"https:\/\/voyage-aventure.com\/blog\/#website","url":"https:\/\/voyage-aventure.com\/blog\/","name":"voyage-aventure.com","description":"Votre passeport pour l\u2019inattendu.","publisher":{"@id":"https:\/\/voyage-aventure.com\/blog\/#organization"},"alternateName":"Votre passeport pour l\u2019inattendu.","potentialAction":[{"@type":"SearchAction","target":{"@type":"EntryPoint","urlTemplate":"https:\/\/voyage-aventure.com\/blog\/?s={search_term_string}"},"query-input":{"@type":"PropertyValueSpecification","valueRequired":true,"valueName":"search_term_string"}}],"inLanguage":"fr-FR"},{"@type":"Organization","@id":"https:\/\/voyage-aventure.com\/blog\/#organization","name":"Foretsensations.fr","url":"https:\/\/voyage-aventure.com\/blog\/","logo":{"@type":"ImageObject","inLanguage":"fr-FR","@id":"https:\/\/voyage-aventure.com\/blog\/#\/schema\/logo\/image\/","url":"https:\/\/voyage-aventure.com\/blog\/wp-content\/uploads\/2024\/12\/19.png","contentUrl":"https:\/\/voyage-aventure.com\/blog\/wp-content\/uploads\/2024\/12\/19.png","width":512,"height":512,"caption":"Foretsensations.fr"},"image":{"@id":"https:\/\/voyage-aventure.com\/blog\/#\/schema\/logo\/image\/"}},{"@type":"Person","@id":"https:\/\/voyage-aventure.com\/blog\/#\/schema\/person\/3c864cdc320801e3db34b663e7e3f816","name":"Camille Rouvray","image":{"@type":"ImageObject","inLanguage":"fr-FR","@id":"https:\/\/voyage-aventure.com\/blog\/#\/schema\/person\/image\/","url":"https:\/\/voyage-aventure.com\/blog\/wp-content\/uploads\/2026\/06\/persona_camille-r-96x96.jpg","contentUrl":"https:\/\/voyage-aventure.com\/blog\/wp-content\/uploads\/2026\/06\/persona_camille-r-96x96.jpg","caption":"Camille Rouvray"},"description":"Je voyage et j'\u00e9cris sur le voyage depuis une douzaine d'ann\u00e9es, d'abord en tant que routarde au long cours, puis comme r\u00e9dactrice sp\u00e9cialis\u00e9e. Mon terrain de pr\u00e9dilection, ce sont les circuits organis\u00e9s et l'art de bien pr\u00e9parer un itin\u00e9raire : choix de la saison, dur\u00e9e r\u00e9aliste des \u00e9tapes, budget jour par jour, logement et transport sur place. J'aime aussi raconter les p\u00e9pites urbaines, ces adresses qu'on ne trouve pas dans les guides classiques. Avant de publier un dossier destination, je croise toujours plusieurs sources, je v\u00e9rifie les tarifs et les formalit\u00e9s d'entr\u00e9e \u00e0 jour, et je teste moi-m\u00eame quand je le peux. Mon angle reste pratique avant tout : aider le lecteur \u00e0 partir l'esprit tranquille, sans mauvaise surprise une fois sur place. Je m'attache \u00e0 distinguer le coup de c\u0153ur sinc\u00e8re du simple argument marketing.","sameAs":["https:\/\/camillerouvray.fr\/"],"url":"https:\/\/voyage-aventure.com\/blog\/auteur\/noname\/"}]}},"_links":{"self":[{"href":"https:\/\/voyage-aventure.com\/blog\/wp-json\/wp\/v2\/posts\/8678","targetHints":{"allow":["GET"]}}],"collection":[{"href":"https:\/\/voyage-aventure.com\/blog\/wp-json\/wp\/v2\/posts"}],"about":[{"href":"https:\/\/voyage-aventure.com\/blog\/wp-json\/wp\/v2\/types\/post"}],"author":[{"embeddable":true,"href":"https:\/\/voyage-aventure.com\/blog\/wp-json\/wp\/v2\/users\/34"}],"replies":[{"embeddable":true,"href":"https:\/\/voyage-aventure.com\/blog\/wp-json\/wp\/v2\/comments?post=8678"}],"version-history":[{"count":1,"href":"https:\/\/voyage-aventure.com\/blog\/wp-json\/wp\/v2\/posts\/8678\/revisions"}],"predecessor-version":[{"id":9768,"href":"https:\/\/voyage-aventure.com\/blog\/wp-json\/wp\/v2\/posts\/8678\/revisions\/9768"}],"wp:featuredmedia":[{"embeddable":true,"href":"https:\/\/voyage-aventure.com\/blog\/wp-json\/wp\/v2\/media\/13303"}],"wp:attachment":[{"href":"https:\/\/voyage-aventure.com\/blog\/wp-json\/wp\/v2\/media?parent=8678"}],"wp:term":[{"taxonomy":"category","embeddable":true,"href":"https:\/\/voyage-aventure.com\/blog\/wp-json\/wp\/v2\/categories?post=8678"},{"taxonomy":"post_tag","embeddable":true,"href":"https:\/\/voyage-aventure.com\/blog\/wp-json\/wp\/v2\/tags?post=8678"}],"curies":[{"name":"wp","href":"https:\/\/api.w.org\/{rel}","templated":true}]}}