{"id":8647,"date":"2026-06-03T03:42:29","date_gmt":"2026-06-03T01:42:29","guid":{"rendered":"https:\/\/voyage-aventure.com\/blog\/?p=8647"},"modified":"2026-06-03T03:42:29","modified_gmt":"2026-06-03T01:42:29","slug":"decouvrez-en-voyage-des-le-14-fevrier-un-voyage-musical-a-ne-pas-manquer","status":"publish","type":"post","link":"https:\/\/voyage-aventure.com\/blog\/destinations-aventure\/decouvrez-en-voyage-des-le-14-fevrier-un-voyage-musical-a-ne-pas-manquer\/","title":{"rendered":"D\u00e9couvrez &lsquo;En Voyage&rsquo; d\u00e8s le 14 f\u00e9vrier : un voyage musical \u00e0 ne pas manquer"},"content":{"rendered":"<link rel=\"preconnect\" href=\"https:\/\/fonts.googleapis.com\"><link rel=\"preconnect\" href=\"https:\/\/fonts.gstatic.com\" crossorigin><link href=\"https:\/\/fonts.googleapis.com\/css2?family=Space+Grotesk:wght@500;600;700&#038;family=Inter:wght@400;500;600&#038;family=JetBrains+Mono:wght@500&#038;display=swap\" rel=\"stylesheet\">\n<style>\n.va-envoyage-root{font-family:'Inter',system-ui,sans-serif;color:#23202a;line-height:1.7;font-size:17px}\n.va-envoyage-root h2{font-family:'Space Grotesk',system-ui,sans-serif;font-weight:700;font-size:1.62em;line-height:1.18;color:#1c1824;margin:2.1em 0 .6em;letter-spacing:-.01em}\n.va-envoyage-root h3{font-family:'Space Grotesk',system-ui,sans-serif;font-weight:600;font-size:1.18em;color:#1c1824;margin:1.5em 0 .4em}\n.va-envoyage-kicker{font-family:'JetBrains Mono',monospace;font-size:.72em;font-weight:500;letter-spacing:.16em;text-transform:uppercase;color:#7C4DBC;display:block;margin-bottom:.5em}\n.va-envoyage-brief{background:linear-gradient(180deg,#f6f1fc,#f1ebfa);border:1px solid #e3d6f5;border-left:4px solid #7C4DBC;border-radius:12px;padding:26px 28px 22px;margin:30px 0}\n.va-envoyage-brief-h{font-family:'Space Grotesk',system-ui,sans-serif;font-weight:700;font-size:1.15em;color:#3d2a5c;margin-bottom:.5em}\n.va-envoyage-brief-lead{font-size:1.04em;color:#2c2536;margin-bottom:.9em}\n.va-envoyage-brief ul{margin:0;padding-left:1.2em}\n.va-envoyage-brief li{margin:.32em 0;color:#382f48}\n.va-envoyage-brief li::marker{color:#7C4DBC}\n.va-envoyage-grid{display:grid;grid-template-columns:repeat(auto-fit,minmax(230px,1fr));gap:16px;margin:30px 0}\n.va-envoyage-card{background:#fff;border:1px solid #ece6f4;border-top:3px solid #7C4DBC;border-radius:11px;padding:20px 22px;box-shadow:0 2px 10px rgba(124,77,188,.06);transition:transform .22s ease,box-shadow .22s ease}\n.va-envoyage-card:hover{transform:translateY(-3px);box-shadow:0 10px 26px rgba(124,77,188,.14)}\n.va-envoyage-card-t{font-family:'Space Grotesk',system-ui,sans-serif;font-weight:600;font-size:1.06em;color:#2a2138;margin-bottom:.3em}\n.va-envoyage-card-d{font-size:.95em;color:#4a4256;line-height:1.6}\n.va-envoyage-note{background:#fbf9ff;border:1px solid #e7ddf6;border-left:4px solid #7C4DBC;border-radius:10px;padding:18px 22px;margin:28px 0}\n.va-envoyage-note-t{font-family:'JetBrains Mono',monospace;font-size:.7em;letter-spacing:.14em;text-transform:uppercase;color:#7C4DBC;margin-bottom:.4em}\n.va-envoyage-quote{font-family:'Space Grotesk',system-ui,sans-serif;font-size:1.32em;line-height:1.4;font-weight:500;color:#2c2138;text-align:center;max-width:660px;margin:40px auto;padding:24px 20px;border-top:2px solid #7C4DBC;border-bottom:2px solid #7C4DBC}\n.va-envoyage-quote cite{display:block;font-family:'JetBrains Mono',monospace;font-size:.5em;font-weight:500;letter-spacing:.08em;font-style:normal;color:#7C4DBC;margin-top:.9em}\n.va-envoyage-faq{margin:34px 0}\n.va-envoyage-faq details{border-bottom:1px solid #e7ddf6;padding:2px 0}\n.va-envoyage-faq summary{cursor:pointer;list-style:none;padding:16px 0;font-family:'Space Grotesk',system-ui,sans-serif;font-weight:600;font-size:1.05em;color:#22192f;display:flex;justify-content:space-between;align-items:center;gap:14px}\n.va-envoyage-faq summary::-webkit-details-marker{display:none}\n.va-envoyage-faq summary::after{content:'+';font-family:'JetBrains Mono',monospace;color:#7C4DBC;font-size:1.3em;line-height:1}\n.va-envoyage-faq details[open] summary::after{content:'\u2013'}\n.va-envoyage-faq-a{padding:0 0 18px;color:#443c52;font-size:.97em}\n<\/style>\n<div class=\"va-envoyage-root\">\n<div class=\"va-envoyage-brief\">\n<span class=\"va-envoyage-kicker\">En bref<\/span><\/p>\n<div class=\"va-envoyage-brief-h\">\u00ab En Voyage \u00bb : une heure d&rsquo;\u00e9vasion musicale chaque vendredi<\/div>\n<div class=\"va-envoyage-brief-lead\">\u00ab En Voyage \u00bb est un nouveau programme musical diffus\u00e9 sur WHRO FM \u00e0 partir du 14 f\u00e9vrier, chaque vendredi \u00e0 midi. Anim\u00e9 par Jana Lee Ross, il invite les auditeurs \u00e0 un tour du monde sonore \u2014 de Paris \u00e0 Rome jusqu&rsquo;\u00e0 l&rsquo;espace \u2014 sans quitter leur fauteuil.<\/div>\n<ul>\n<li>Premi\u00e8re diffusion le 14 f\u00e9vrier \u00e0 midi sur WHRO FM<\/li>\n<li>Rendez-vous hebdomadaire, chaque vendredi \u00e0 midi<\/li>\n<li>Animatrice : Jana Lee Ross, sp\u00e9cialiste de la musique th\u00e9matique<\/li>\n<li>\u00c9coute \u00e0 la demande sur whro.org\/envoyage<\/li>\n<\/ul>\n<\/div>\n<h2>Un nouveau concept de voyage musical<\/h2>\n<p>Le programme \u00ab En Voyage \u00bb fait son apparition sur WHRO FM \u00e0 partir du 14 f\u00e9vrier, offrant aux auditeurs une \u00e9vasion hebdomadaire dans le monde de la musique. Chaque vendredi \u00e0 midi, Jana Lee Ross sera votre guide, vous emmenant \u00e0 la d\u00e9couverte de morceaux inspir\u00e9s par des destinations embl\u00e9matiques comme Paris, Rome et m\u00eame des lieux aussi \u00e9loign\u00e9s que l&rsquo;espace. Ce concept novateur promet d&rsquo;apporter une touche de fra\u00eecheur dans votre week-end en vous connectant \u00e0 des sons qui \u00e9voquent l&rsquo;\u00e9vasion.<br \/>\nJana Lee Ross, l&rsquo;animatrice du programme, a exprim\u00e9 son enthousiasme : \u00ab Je diffuse souvent des blocs de musique th\u00e9matiques tout au long de la semaine. C&rsquo;est un moyen pour moi de garder les choses int\u00e9ressantes, tant pour moi que pour les auditeurs. \u00bb Avec \u00ab En Voyage \u00bb, elle souhaite offrir une heure d\u00e9di\u00e9e \u00e0 la d\u00e9couverte musicale, permettant aux auditeurs d&rsquo;explorer un monde de m\u00e9lodies tout en restant confortablement install\u00e9s chez eux.<br \/>\n<iframe loading=\"lazy\" title=\"Focus et avant premi\u00e8re sur le 2e LP de Horroh \u00e0 para\u00eetre le 14 f\u00e9vrier 2025.\" width=\"1200\" height=\"675\" src=\"https:\/\/www.youtube.com\/embed\/udbQEH2y3Fs?feature=oembed\" frameborder=\"0\" allow=\"accelerometer; autoplay; clipboard-write; encrypted-media; gyroscope; picture-in-picture; web-share\" referrerpolicy=\"strict-origin-when-cross-origin\" allowfullscreen><\/iframe><\/p>\n<h2>Une exploration des horizons musicaux<\/h2>\n<p>Le programme est con\u00e7u pour \u00e9largir les horizons musicaux des auditeurs. Ross aspire \u00e0 ce que ses auditeurs d\u00e9couvrent de nouvelles facettes de leurs morceaux pr\u00e9f\u00e9r\u00e9s tout en se familiarisant avec des artistes moins connus. \u00ab J&rsquo;esp\u00e8re que les auditeurs apprendront des choses nouvelles sur certains de leurs anciens favoris et d\u00e9couvriront de nouveaux coups de c\u0153ur \u00bb, ajoute-t-elle.<br \/>\nAu-del\u00e0 de la simple diffusion de musique, \u00ab En Voyage \u00bb est une invitation \u00e0 la d\u00e9couverte et \u00e0 l&rsquo;enrichissement culturel. En \u00e9coutant le programme, les auditeurs pourront s&rsquo;immerger dans des sonorit\u00e9s qui racontent des histoires li\u00e9es \u00e0 des lieux fascinants, leur permettant de r\u00eaver et d&rsquo;explorer sans quitter leur domicile.<\/p>\n<h3>Ce que promet l&rsquo;\u00e9mission<\/h3>\n<div class=\"va-envoyage-grid\">\n<div class=\"va-envoyage-card\">\n<div class=\"va-envoyage-card-t\">Des destinations en musique<\/div>\n<div class=\"va-envoyage-card-d\">Un fil rouge g\u00e9ographique \u2014 Paris, Rome, l&rsquo;espace \u2014 o\u00f9 chaque morceau \u00e9voque un lieu et invite au voyage.<\/div>\n<\/div>\n<div class=\"va-envoyage-card\">\n<div class=\"va-envoyage-card-t\">Red\u00e9couvrir ses classiques<\/div>\n<div class=\"va-envoyage-card-d\">L&rsquo;occasion d&rsquo;apprendre de nouvelles choses sur des favoris d\u00e9j\u00e0 connus, sous un angle in\u00e9dit.<\/div>\n<\/div>\n<div class=\"va-envoyage-card\">\n<div class=\"va-envoyage-card-t\">D\u00e9nicher des artistes<\/div>\n<div class=\"va-envoyage-card-d\">Une mise en lumi\u00e8re de noms moins connus, pour repartir avec de nouveaux coups de c\u0153ur.<\/div>\n<\/div>\n<\/div>\n<div class=\"va-envoyage-quote\">\n\u00ab J&rsquo;esp\u00e8re que les auditeurs apprendront des choses nouvelles sur certains de leurs anciens favoris et d\u00e9couvriront de nouveaux coups de c\u0153ur. \u00bb<br \/>\n<cite>Jana Lee Ross<\/cite>\n<\/div>\n<h2>Comment \u00e9couter \u00ab En Voyage \u00bb<\/h2>\n<p>Le programme est accessible chaque vendredi \u00e0 midi sur WHRO FM, mais il est \u00e9galement disponible en \u00e9coute \u00e0 la demande sur le site web. Cela permet aux auditeurs de profiter de cette exp\u00e9rience musicale \u00e0 leur propre rythme, m\u00eame s&rsquo;ils ne peuvent pas \u00e9couter en direct. L&rsquo;\u00e9mission sera une occasion id\u00e9ale de d\u00e9buter le week-end sur une note positive et inspirante.<\/p>\n<div class=\"va-envoyage-note\">\n<div class=\"va-envoyage-note-t\">\u00c0 retenir<\/div>\n<div>Premi\u00e8re diffusion le 14 f\u00e9vrier \u00e0 midi \u00b7 rendez-vous chaque vendredi \u00e0 midi sur WHRO FM \u00b7 anim\u00e9 par Jana Lee Ross \u00b7 \u00e9coute \u00e0 la demande sur whro.org\/envoyage \u00b7 un voyage musical \u00e0 travers des destinations embl\u00e9matiques pour \u00e9largir vos connaissances et d\u00e9couvrir de nouveaux artistes.<\/div>\n<\/div>\n<p>Que vous soyez amateur de musique classique, de jazz ou de sons modernes, \u00ab En Voyage \u00bb se veut une parenth\u00e8se d&rsquo;\u00e9vasion \u00e0 glisser dans le week-end. Pr\u00e9parez vos \u00e9couteurs et laissez-vous emporter par la musique des grandes destinations, chaque vendredi \u00e0 midi sur WHRO FM.<\/p>\n<h2>Questions fr\u00e9quentes<\/h2>\n<div class=\"va-envoyage-faq\">\n<details>\n<summary>Quand est diffus\u00e9 \u00ab En Voyage \u00bb ?<\/summary>\n<div class=\"va-envoyage-faq-a\">La premi\u00e8re diffusion a lieu le 14 f\u00e9vrier \u00e0 midi, puis l&rsquo;\u00e9mission revient chaque vendredi \u00e0 midi sur WHRO FM.<\/div>\n<\/details>\n<details>\n<summary>Qui anime le programme ?<\/summary>\n<div class=\"va-envoyage-faq-a\">Jana Lee Ross, d\u00e9j\u00e0 habitu\u00e9e \u00e0 diffuser des blocs de musique th\u00e9matiques tout au long de la semaine, anime \u00ab En Voyage \u00bb.<\/div>\n<\/details>\n<details>\n<summary>Peut-on \u00e9couter l&rsquo;\u00e9mission en diff\u00e9r\u00e9 ?<\/summary>\n<div class=\"va-envoyage-faq-a\">Oui. En plus de la diffusion en direct chaque vendredi \u00e0 midi, l&rsquo;\u00e9mission est disponible en \u00e9coute \u00e0 la demande sur whro.org\/envoyage.<\/div>\n<\/details>\n<details>\n<summary>De quoi parle \u00ab En Voyage \u00bb ?<\/summary>\n<div class=\"va-envoyage-faq-a\">C&rsquo;est un voyage musical autour de destinations embl\u00e9matiques comme Paris, Rome ou l&rsquo;espace, pens\u00e9 pour \u00e9largir les horizons musicaux et faire d\u00e9couvrir des artistes moins connus.<\/div>\n<\/details>\n<\/div>\n<\/div>\n","protected":false},"excerpt":{"rendered":"","protected":false},"author":34,"featured_media":11990,"comment_status":"open","ping_status":"open","sticky":false,"template":"","format":"standard","meta":{"_acf_changed":false,"manual_indexmenow":false,"indexmenow_id_project":0,"footnotes":""},"categories":[4520],"tags":[4527,4530,4769,4625,4635],"class_list":["post-8647","post","type-post","status-publish","format-standard","has-post-thumbnail","hentry","category-destinations-aventure","tag-decouverte-culturelle","tag-escapade-en-europe","tag-immersion-culturelle","tag-passion-du-voyage","tag-voyage","generate-columns","tablet-grid-50","mobile-grid-100","grid-parent","grid-25"],"acf":[],"yoast_head":"<!-- This site is optimized with the Yoast SEO Premium plugin v21.3 (Yoast SEO v25.1) - https:\/\/yoast.com\/wordpress\/plugins\/seo\/ -->\n<title>D\u00e9couvrez &#039;En Voyage&#039; d\u00e8s le 14 f\u00e9vrier : un voyage musical<\/title>\n<meta name=\"description\" content=\"\u00ab En Voyage \u00bb : une heure d&#039;\u00e9vasion musicale chaque vendredi \u00ab En Voyage \u00bb est un nouveau programme musical diffus\u00e9 sur WHRO FM \u00e0 partir du 14 f\u00e9vrier\" \/>\n<meta name=\"robots\" content=\"index, follow, max-snippet:-1, max-image-preview:large, max-video-preview:-1\" \/>\n<link rel=\"canonical\" href=\"https:\/\/voyage-aventure.com\/blog\/destinations-aventure\/decouvrez-en-voyage-des-le-14-fevrier-un-voyage-musical-a-ne-pas-manquer\/\" \/>\n<meta property=\"og:locale\" content=\"fr_FR\" \/>\n<meta property=\"og:type\" content=\"article\" \/>\n<meta property=\"og:title\" content=\"D\u00e9couvrez &#039;En Voyage&#039; d\u00e8s le 14 f\u00e9vrier : un voyage musical\" \/>\n<meta property=\"og:description\" content=\"\u00ab En Voyage \u00bb : une heure d&#039;\u00e9vasion musicale chaque vendredi \u00ab En Voyage \u00bb est un nouveau programme musical diffus\u00e9 sur WHRO FM \u00e0 partir du 14 f\u00e9vrier\" \/>\n<meta property=\"og:url\" content=\"https:\/\/voyage-aventure.com\/blog\/destinations-aventure\/decouvrez-en-voyage-des-le-14-fevrier-un-voyage-musical-a-ne-pas-manquer\/\" \/>\n<meta property=\"og:site_name\" content=\"voyage-aventure\" \/>\n<meta property=\"og:image\" content=\"https:\/\/voyage-aventure.com\/blog\/wp-content\/uploads\/2025\/02\/sdxl-632b1caeb6321478c39e1f107a6efe65.png\" \/>\n\t<meta property=\"og:image:width\" content=\"1536\" \/>\n\t<meta property=\"og:image:height\" content=\"640\" \/>\n\t<meta property=\"og:image:type\" content=\"image\/png\" \/>\n<meta name=\"author\" content=\"Camille Rouvray\" \/>\n<meta name=\"twitter:card\" content=\"summary_large_image\" \/>\n<script type=\"application\/ld+json\" class=\"yoast-schema-graph\">{\"@context\":\"https:\/\/schema.org\",\"@graph\":[{\"@type\":\"NewsArticle\",\"@id\":\"https:\/\/voyage-aventure.com\/blog\/destinations-aventure\/decouvrez-en-voyage-des-le-14-fevrier-un-voyage-musical-a-ne-pas-manquer\/#article\",\"isPartOf\":{\"@id\":\"https:\/\/voyage-aventure.com\/blog\/destinations-aventure\/decouvrez-en-voyage-des-le-14-fevrier-un-voyage-musical-a-ne-pas-manquer\/\"},\"author\":{\"name\":\"Camille Rouvray\",\"@id\":\"https:\/\/voyage-aventure.com\/blog\/#\/schema\/person\/3c864cdc320801e3db34b663e7e3f816\"},\"headline\":\"D\u00e9couvrez &lsquo;En Voyage&rsquo; d\u00e8s le 14 f\u00e9vrier : un voyage musical \u00e0 ne pas manquer\",\"datePublished\":\"2026-06-03T01:42:29+00:00\",\"mainEntityOfPage\":{\"@id\":\"https:\/\/voyage-aventure.com\/blog\/destinations-aventure\/decouvrez-en-voyage-des-le-14-fevrier-un-voyage-musical-a-ne-pas-manquer\/\"},\"wordCount\":779,\"commentCount\":28,\"publisher\":{\"@id\":\"https:\/\/voyage-aventure.com\/blog\/#organization\"},\"image\":{\"@id\":\"https:\/\/voyage-aventure.com\/blog\/destinations-aventure\/decouvrez-en-voyage-des-le-14-fevrier-un-voyage-musical-a-ne-pas-manquer\/#primaryimage\"},\"thumbnailUrl\":\"https:\/\/voyage-aventure.com\/blog\/wp-content\/uploads\/2025\/02\/sdxl-632b1caeb6321478c39e1f107a6efe65.png\",\"keywords\":[\"D\u00e9couverte Culturelle\",\"Escapade en Europe\",\"Immersion Culturelle\",\"Passion Du Voyage\",\"Voyage\"],\"articleSection\":[\"Destinations Aventure\"],\"inLanguage\":\"fr-FR\",\"potentialAction\":[{\"@type\":\"CommentAction\",\"name\":\"Comment\",\"target\":[\"https:\/\/voyage-aventure.com\/blog\/destinations-aventure\/decouvrez-en-voyage-des-le-14-fevrier-un-voyage-musical-a-ne-pas-manquer\/#respond\"]}]},{\"@type\":\"WebPage\",\"@id\":\"https:\/\/voyage-aventure.com\/blog\/destinations-aventure\/decouvrez-en-voyage-des-le-14-fevrier-un-voyage-musical-a-ne-pas-manquer\/\",\"url\":\"https:\/\/voyage-aventure.com\/blog\/destinations-aventure\/decouvrez-en-voyage-des-le-14-fevrier-un-voyage-musical-a-ne-pas-manquer\/\",\"name\":\"D\u00e9couvrez 'En Voyage' d\u00e8s le 14 f\u00e9vrier : un voyage musical\",\"isPartOf\":{\"@id\":\"https:\/\/voyage-aventure.com\/blog\/#website\"},\"primaryImageOfPage\":{\"@id\":\"https:\/\/voyage-aventure.com\/blog\/destinations-aventure\/decouvrez-en-voyage-des-le-14-fevrier-un-voyage-musical-a-ne-pas-manquer\/#primaryimage\"},\"image\":{\"@id\":\"https:\/\/voyage-aventure.com\/blog\/destinations-aventure\/decouvrez-en-voyage-des-le-14-fevrier-un-voyage-musical-a-ne-pas-manquer\/#primaryimage\"},\"thumbnailUrl\":\"https:\/\/voyage-aventure.com\/blog\/wp-content\/uploads\/2025\/02\/sdxl-632b1caeb6321478c39e1f107a6efe65.png\",\"datePublished\":\"2026-06-03T01:42:29+00:00\",\"description\":\"\u00ab En Voyage \u00bb : une heure d'\u00e9vasion musicale chaque vendredi \u00ab En Voyage \u00bb est un nouveau programme musical diffus\u00e9 sur WHRO FM \u00e0 partir du 14 f\u00e9vrier\",\"inLanguage\":\"fr-FR\",\"potentialAction\":[{\"@type\":\"ReadAction\",\"target\":[\"https:\/\/voyage-aventure.com\/blog\/destinations-aventure\/decouvrez-en-voyage-des-le-14-fevrier-un-voyage-musical-a-ne-pas-manquer\/\"]}]},{\"@type\":\"ImageObject\",\"inLanguage\":\"fr-FR\",\"@id\":\"https:\/\/voyage-aventure.com\/blog\/destinations-aventure\/decouvrez-en-voyage-des-le-14-fevrier-un-voyage-musical-a-ne-pas-manquer\/#primaryimage\",\"url\":\"https:\/\/voyage-aventure.com\/blog\/wp-content\/uploads\/2025\/02\/sdxl-632b1caeb6321478c39e1f107a6efe65.png\",\"contentUrl\":\"https:\/\/voyage-aventure.com\/blog\/wp-content\/uploads\/2025\/02\/sdxl-632b1caeb6321478c39e1f107a6efe65.png\",\"width\":1536,\"height\":640},{\"@type\":\"WebSite\",\"@id\":\"https:\/\/voyage-aventure.com\/blog\/#website\",\"url\":\"https:\/\/voyage-aventure.com\/blog\/\",\"name\":\"voyage-aventure.com\",\"description\":\"Votre passeport pour l\u2019inattendu.\",\"publisher\":{\"@id\":\"https:\/\/voyage-aventure.com\/blog\/#organization\"},\"alternateName\":\"Votre passeport pour l\u2019inattendu.\",\"potentialAction\":[{\"@type\":\"SearchAction\",\"target\":{\"@type\":\"EntryPoint\",\"urlTemplate\":\"https:\/\/voyage-aventure.com\/blog\/?s={search_term_string}\"},\"query-input\":{\"@type\":\"PropertyValueSpecification\",\"valueRequired\":true,\"valueName\":\"search_term_string\"}}],\"inLanguage\":\"fr-FR\"},{\"@type\":\"Organization\",\"@id\":\"https:\/\/voyage-aventure.com\/blog\/#organization\",\"name\":\"Foretsensations.fr\",\"url\":\"https:\/\/voyage-aventure.com\/blog\/\",\"logo\":{\"@type\":\"ImageObject\",\"inLanguage\":\"fr-FR\",\"@id\":\"https:\/\/voyage-aventure.com\/blog\/#\/schema\/logo\/image\/\",\"url\":\"https:\/\/voyage-aventure.com\/blog\/wp-content\/uploads\/2024\/12\/19.png\",\"contentUrl\":\"https:\/\/voyage-aventure.com\/blog\/wp-content\/uploads\/2024\/12\/19.png\",\"width\":512,\"height\":512,\"caption\":\"Foretsensations.fr\"},\"image\":{\"@id\":\"https:\/\/voyage-aventure.com\/blog\/#\/schema\/logo\/image\/\"}},{\"@type\":\"Person\",\"@id\":\"https:\/\/voyage-aventure.com\/blog\/#\/schema\/person\/3c864cdc320801e3db34b663e7e3f816\",\"name\":\"Camille Rouvray\",\"image\":{\"@type\":\"ImageObject\",\"inLanguage\":\"fr-FR\",\"@id\":\"https:\/\/voyage-aventure.com\/blog\/#\/schema\/person\/image\/\",\"url\":\"https:\/\/voyage-aventure.com\/blog\/wp-content\/uploads\/2026\/06\/persona_camille-r-96x96.jpg\",\"contentUrl\":\"https:\/\/voyage-aventure.com\/blog\/wp-content\/uploads\/2026\/06\/persona_camille-r-96x96.jpg\",\"caption\":\"Camille Rouvray\"},\"description\":\"Je voyage et j'\u00e9cris sur le voyage depuis une douzaine d'ann\u00e9es, d'abord en tant que routarde au long cours, puis comme r\u00e9dactrice sp\u00e9cialis\u00e9e. Mon terrain de pr\u00e9dilection, ce sont les circuits organis\u00e9s et l'art de bien pr\u00e9parer un itin\u00e9raire : choix de la saison, dur\u00e9e r\u00e9aliste des \u00e9tapes, budget jour par jour, logement et transport sur place. J'aime aussi raconter les p\u00e9pites urbaines, ces adresses qu'on ne trouve pas dans les guides classiques. Avant de publier un dossier destination, je croise toujours plusieurs sources, je v\u00e9rifie les tarifs et les formalit\u00e9s d'entr\u00e9e \u00e0 jour, et je teste moi-m\u00eame quand je le peux. Mon angle reste pratique avant tout : aider le lecteur \u00e0 partir l'esprit tranquille, sans mauvaise surprise une fois sur place. Je m'attache \u00e0 distinguer le coup de c\u0153ur sinc\u00e8re du simple argument marketing.\",\"sameAs\":[\"https:\/\/camillerouvray.fr\/\"],\"url\":\"https:\/\/voyage-aventure.com\/blog\/auteur\/noname\/\"}]}<\/script>\n<!-- \/ Yoast SEO Premium plugin. -->","yoast_head_json":{"title":"D\u00e9couvrez 'En Voyage' d\u00e8s le 14 f\u00e9vrier : un voyage musical","description":"\u00ab En Voyage \u00bb : une heure d'\u00e9vasion musicale chaque vendredi \u00ab En Voyage \u00bb est un nouveau programme musical diffus\u00e9 sur WHRO FM \u00e0 partir du 14 f\u00e9vrier","robots":{"index":"index","follow":"follow","max-snippet":"max-snippet:-1","max-image-preview":"max-image-preview:large","max-video-preview":"max-video-preview:-1"},"canonical":"https:\/\/voyage-aventure.com\/blog\/destinations-aventure\/decouvrez-en-voyage-des-le-14-fevrier-un-voyage-musical-a-ne-pas-manquer\/","og_locale":"fr_FR","og_type":"article","og_title":"D\u00e9couvrez 'En Voyage' d\u00e8s le 14 f\u00e9vrier : un voyage musical","og_description":"\u00ab En Voyage \u00bb : une heure d'\u00e9vasion musicale chaque vendredi \u00ab En Voyage \u00bb est un nouveau programme musical diffus\u00e9 sur WHRO FM \u00e0 partir du 14 f\u00e9vrier","og_url":"https:\/\/voyage-aventure.com\/blog\/destinations-aventure\/decouvrez-en-voyage-des-le-14-fevrier-un-voyage-musical-a-ne-pas-manquer\/","og_site_name":"voyage-aventure","og_image":[{"width":1536,"height":640,"url":"https:\/\/voyage-aventure.com\/blog\/wp-content\/uploads\/2025\/02\/sdxl-632b1caeb6321478c39e1f107a6efe65.png","type":"image\/png"}],"author":"Camille Rouvray","twitter_card":"summary_large_image","schema":{"@context":"https:\/\/schema.org","@graph":[{"@type":"NewsArticle","@id":"https:\/\/voyage-aventure.com\/blog\/destinations-aventure\/decouvrez-en-voyage-des-le-14-fevrier-un-voyage-musical-a-ne-pas-manquer\/#article","isPartOf":{"@id":"https:\/\/voyage-aventure.com\/blog\/destinations-aventure\/decouvrez-en-voyage-des-le-14-fevrier-un-voyage-musical-a-ne-pas-manquer\/"},"author":{"name":"Camille Rouvray","@id":"https:\/\/voyage-aventure.com\/blog\/#\/schema\/person\/3c864cdc320801e3db34b663e7e3f816"},"headline":"D\u00e9couvrez &lsquo;En Voyage&rsquo; d\u00e8s le 14 f\u00e9vrier : un voyage musical \u00e0 ne pas manquer","datePublished":"2026-06-03T01:42:29+00:00","mainEntityOfPage":{"@id":"https:\/\/voyage-aventure.com\/blog\/destinations-aventure\/decouvrez-en-voyage-des-le-14-fevrier-un-voyage-musical-a-ne-pas-manquer\/"},"wordCount":779,"commentCount":28,"publisher":{"@id":"https:\/\/voyage-aventure.com\/blog\/#organization"},"image":{"@id":"https:\/\/voyage-aventure.com\/blog\/destinations-aventure\/decouvrez-en-voyage-des-le-14-fevrier-un-voyage-musical-a-ne-pas-manquer\/#primaryimage"},"thumbnailUrl":"https:\/\/voyage-aventure.com\/blog\/wp-content\/uploads\/2025\/02\/sdxl-632b1caeb6321478c39e1f107a6efe65.png","keywords":["D\u00e9couverte Culturelle","Escapade en Europe","Immersion Culturelle","Passion Du Voyage","Voyage"],"articleSection":["Destinations Aventure"],"inLanguage":"fr-FR","potentialAction":[{"@type":"CommentAction","name":"Comment","target":["https:\/\/voyage-aventure.com\/blog\/destinations-aventure\/decouvrez-en-voyage-des-le-14-fevrier-un-voyage-musical-a-ne-pas-manquer\/#respond"]}]},{"@type":"WebPage","@id":"https:\/\/voyage-aventure.com\/blog\/destinations-aventure\/decouvrez-en-voyage-des-le-14-fevrier-un-voyage-musical-a-ne-pas-manquer\/","url":"https:\/\/voyage-aventure.com\/blog\/destinations-aventure\/decouvrez-en-voyage-des-le-14-fevrier-un-voyage-musical-a-ne-pas-manquer\/","name":"D\u00e9couvrez 'En Voyage' d\u00e8s le 14 f\u00e9vrier : un voyage musical","isPartOf":{"@id":"https:\/\/voyage-aventure.com\/blog\/#website"},"primaryImageOfPage":{"@id":"https:\/\/voyage-aventure.com\/blog\/destinations-aventure\/decouvrez-en-voyage-des-le-14-fevrier-un-voyage-musical-a-ne-pas-manquer\/#primaryimage"},"image":{"@id":"https:\/\/voyage-aventure.com\/blog\/destinations-aventure\/decouvrez-en-voyage-des-le-14-fevrier-un-voyage-musical-a-ne-pas-manquer\/#primaryimage"},"thumbnailUrl":"https:\/\/voyage-aventure.com\/blog\/wp-content\/uploads\/2025\/02\/sdxl-632b1caeb6321478c39e1f107a6efe65.png","datePublished":"2026-06-03T01:42:29+00:00","description":"\u00ab En Voyage \u00bb : une heure d'\u00e9vasion musicale chaque vendredi \u00ab En Voyage \u00bb est un nouveau programme musical diffus\u00e9 sur WHRO FM \u00e0 partir du 14 f\u00e9vrier","inLanguage":"fr-FR","potentialAction":[{"@type":"ReadAction","target":["https:\/\/voyage-aventure.com\/blog\/destinations-aventure\/decouvrez-en-voyage-des-le-14-fevrier-un-voyage-musical-a-ne-pas-manquer\/"]}]},{"@type":"ImageObject","inLanguage":"fr-FR","@id":"https:\/\/voyage-aventure.com\/blog\/destinations-aventure\/decouvrez-en-voyage-des-le-14-fevrier-un-voyage-musical-a-ne-pas-manquer\/#primaryimage","url":"https:\/\/voyage-aventure.com\/blog\/wp-content\/uploads\/2025\/02\/sdxl-632b1caeb6321478c39e1f107a6efe65.png","contentUrl":"https:\/\/voyage-aventure.com\/blog\/wp-content\/uploads\/2025\/02\/sdxl-632b1caeb6321478c39e1f107a6efe65.png","width":1536,"height":640},{"@type":"WebSite","@id":"https:\/\/voyage-aventure.com\/blog\/#website","url":"https:\/\/voyage-aventure.com\/blog\/","name":"voyage-aventure.com","description":"Votre passeport pour l\u2019inattendu.","publisher":{"@id":"https:\/\/voyage-aventure.com\/blog\/#organization"},"alternateName":"Votre passeport pour l\u2019inattendu.","potentialAction":[{"@type":"SearchAction","target":{"@type":"EntryPoint","urlTemplate":"https:\/\/voyage-aventure.com\/blog\/?s={search_term_string}"},"query-input":{"@type":"PropertyValueSpecification","valueRequired":true,"valueName":"search_term_string"}}],"inLanguage":"fr-FR"},{"@type":"Organization","@id":"https:\/\/voyage-aventure.com\/blog\/#organization","name":"Foretsensations.fr","url":"https:\/\/voyage-aventure.com\/blog\/","logo":{"@type":"ImageObject","inLanguage":"fr-FR","@id":"https:\/\/voyage-aventure.com\/blog\/#\/schema\/logo\/image\/","url":"https:\/\/voyage-aventure.com\/blog\/wp-content\/uploads\/2024\/12\/19.png","contentUrl":"https:\/\/voyage-aventure.com\/blog\/wp-content\/uploads\/2024\/12\/19.png","width":512,"height":512,"caption":"Foretsensations.fr"},"image":{"@id":"https:\/\/voyage-aventure.com\/blog\/#\/schema\/logo\/image\/"}},{"@type":"Person","@id":"https:\/\/voyage-aventure.com\/blog\/#\/schema\/person\/3c864cdc320801e3db34b663e7e3f816","name":"Camille Rouvray","image":{"@type":"ImageObject","inLanguage":"fr-FR","@id":"https:\/\/voyage-aventure.com\/blog\/#\/schema\/person\/image\/","url":"https:\/\/voyage-aventure.com\/blog\/wp-content\/uploads\/2026\/06\/persona_camille-r-96x96.jpg","contentUrl":"https:\/\/voyage-aventure.com\/blog\/wp-content\/uploads\/2026\/06\/persona_camille-r-96x96.jpg","caption":"Camille Rouvray"},"description":"Je voyage et j'\u00e9cris sur le voyage depuis une douzaine d'ann\u00e9es, d'abord en tant que routarde au long cours, puis comme r\u00e9dactrice sp\u00e9cialis\u00e9e. Mon terrain de pr\u00e9dilection, ce sont les circuits organis\u00e9s et l'art de bien pr\u00e9parer un itin\u00e9raire : choix de la saison, dur\u00e9e r\u00e9aliste des \u00e9tapes, budget jour par jour, logement et transport sur place. J'aime aussi raconter les p\u00e9pites urbaines, ces adresses qu'on ne trouve pas dans les guides classiques. Avant de publier un dossier destination, je croise toujours plusieurs sources, je v\u00e9rifie les tarifs et les formalit\u00e9s d'entr\u00e9e \u00e0 jour, et je teste moi-m\u00eame quand je le peux. Mon angle reste pratique avant tout : aider le lecteur \u00e0 partir l'esprit tranquille, sans mauvaise surprise une fois sur place. Je m'attache \u00e0 distinguer le coup de c\u0153ur sinc\u00e8re du simple argument marketing.","sameAs":["https:\/\/camillerouvray.fr\/"],"url":"https:\/\/voyage-aventure.com\/blog\/auteur\/noname\/"}]}},"_links":{"self":[{"href":"https:\/\/voyage-aventure.com\/blog\/wp-json\/wp\/v2\/posts\/8647","targetHints":{"allow":["GET"]}}],"collection":[{"href":"https:\/\/voyage-aventure.com\/blog\/wp-json\/wp\/v2\/posts"}],"about":[{"href":"https:\/\/voyage-aventure.com\/blog\/wp-json\/wp\/v2\/types\/post"}],"author":[{"embeddable":true,"href":"https:\/\/voyage-aventure.com\/blog\/wp-json\/wp\/v2\/users\/34"}],"replies":[{"embeddable":true,"href":"https:\/\/voyage-aventure.com\/blog\/wp-json\/wp\/v2\/comments?post=8647"}],"version-history":[{"count":2,"href":"https:\/\/voyage-aventure.com\/blog\/wp-json\/wp\/v2\/posts\/8647\/revisions"}],"predecessor-version":[{"id":21575,"href":"https:\/\/voyage-aventure.com\/blog\/wp-json\/wp\/v2\/posts\/8647\/revisions\/21575"}],"wp:featuredmedia":[{"embeddable":true,"href":"https:\/\/voyage-aventure.com\/blog\/wp-json\/wp\/v2\/media\/11990"}],"wp:attachment":[{"href":"https:\/\/voyage-aventure.com\/blog\/wp-json\/wp\/v2\/media?parent=8647"}],"wp:term":[{"taxonomy":"category","embeddable":true,"href":"https:\/\/voyage-aventure.com\/blog\/wp-json\/wp\/v2\/categories?post=8647"},{"taxonomy":"post_tag","embeddable":true,"href":"https:\/\/voyage-aventure.com\/blog\/wp-json\/wp\/v2\/tags?post=8647"}],"curies":[{"name":"wp","href":"https:\/\/api.w.org\/{rel}","templated":true}]}}