{"id":8621,"date":"2026-06-16T16:18:51","date_gmt":"2026-06-16T14:18:51","guid":{"rendered":"https:\/\/voyage-aventure.com\/blog\/?p=8621"},"modified":"2026-06-16T16:18:51","modified_gmt":"2026-06-16T14:18:51","slug":"le-dernier-voyage-de-luss-john-f-kennedy-un-adieu-emouvant-a-un-symbole-naval","status":"publish","type":"post","link":"https:\/\/voyage-aventure.com\/blog\/destinations-aventure\/le-dernier-voyage-de-luss-john-f-kennedy-un-adieu-emouvant-a-un-symbole-naval\/","title":{"rendered":"le dernier voyage de l&rsquo;uss john f. kennedy : un adieu \u00e9mouvant \u00e0 un symbole naval"},"content":{"rendered":"<link rel=\"stylesheet\" href=\"https:\/\/fonts.googleapis.com\/css2?family=Newsreader:ital,opsz,wght@0,6..72,500;0,6..72,600;0,6..72,700;1,6..72,500&#038;family=Inter:wght@400;500;600&#038;family=JetBrains+Mono:wght@500&#038;display=swap\">\n<style>\n.va-actu-wrap{font-family:'Inter',-apple-system,sans-serif;color:#16242E;line-height:1.65;font-size:17px;max-width:760px;margin:0 auto}\n.va-actu-wrap h2{font-family:'Newsreader',Georgia,serif;font-weight:700;font-size:clamp(24px,3.2vw,33px);line-height:1.15;letter-spacing:-.01em;color:#0F2233;margin:48px 0 18px}\n.va-actu-wrap h3{font-family:'Newsreader',Georgia,serif;font-weight:600;font-size:clamp(19px,2.4vw,23px);color:#0F2233;margin:28px 0 12px}\n.va-actu-wrap p{margin:0 0 18px}\n.va-actu-dateline{font-family:'JetBrains Mono',monospace;font-weight:500;font-size:12.5px;letter-spacing:.06em;text-transform:uppercase;color:#2C6E8F;display:inline-block;border:1px solid #CFE0EA;border-radius:4px;padding:5px 11px;margin:0 0 22px}\n.va-actu-lead{font-family:'Newsreader',Georgia,serif;font-size:22px;line-height:1.45;color:#27414F;font-weight:500;margin:0 0 30px}\n.va-actu-ess{background:#F2F7FA;border-left:5px solid #2C6E8F;border-radius:0 10px 10px 0;padding:22px 26px;margin:0 0 34px;box-shadow:0 12px 28px -18px rgba(16,40,60,.4)}\n.va-actu-ess .va-actu-kick{font-family:'JetBrains Mono',monospace;font-size:11.5px;font-weight:500;letter-spacing:.12em;text-transform:uppercase;color:#2C6E8F;margin:0 0 12px}\n.va-actu-ess ul{margin:0;padding:0;list-style:none}\n.va-actu-ess li{position:relative;padding:0 0 0 26px;margin:0 0 12px;font-size:16.5px}\n.va-actu-ess li:last-child{margin-bottom:0}\n.va-actu-ess li:before{content:\"\";position:absolute;left:0;top:8px;width:9px;height:9px;background:#2C6E8F;border-radius:50%}\n.va-actu-ess li b{color:#0F2233}\n.va-actu-pull{font-family:'Newsreader',Georgia,serif;font-style:italic;font-weight:500;font-size:clamp(21px,2.8vw,27px);line-height:1.4;color:#0F2233;border-top:2px solid #2C6E8F;border-bottom:2px solid #2C6E8F;padding:26px 0;margin:40px 0;position:relative}\n.va-actu-pull .va-actu-cite{display:block;font-family:'Inter',sans-serif;font-style:normal;font-size:14px;font-weight:600;color:#2C6E8F;margin-top:14px}\n.va-actu-facts{display:grid;grid-template-columns:repeat(auto-fit,minmax(150px,1fr));gap:16px;margin:34px 0}\n.va-actu-fact{background:#fff;border:1px solid #DCE7EE;border-top:3px solid #2C6E8F;border-radius:10px;padding:18px 20px;transition:.25s ease;box-shadow:0 1px 2px rgba(16,40,60,.05)}\n.va-actu-fact:hover{transform:translateY(-3px);box-shadow:0 14px 30px -16px rgba(16,40,60,.35)}\n.va-actu-fact .va-actu-num{font-family:'Newsreader',Georgia,serif;font-weight:700;font-size:30px;color:#0F2233;line-height:1}\n.va-actu-fact .va-actu-lbl{font-size:13.5px;color:#52697A;margin-top:7px}\n.va-actu-keep{background:#0F2233;color:#E7F0F5;border-radius:12px;padding:26px 28px;margin:42px 0}\n.va-actu-keep .va-actu-kick{font-family:'JetBrains Mono',monospace;font-size:11.5px;font-weight:500;letter-spacing:.12em;text-transform:uppercase;color:#7FC2E0;margin:0 0 14px}\n.va-actu-keep ul{margin:0;padding:0;list-style:none}\n.va-actu-keep li{position:relative;padding:0 0 0 24px;margin:0 0 11px;font-size:16px}\n.va-actu-keep li:last-child{margin-bottom:0}\n.va-actu-keep li:before{content:\"\u2192\";position:absolute;left:0;color:#7FC2E0;font-weight:700}\n.va-actu-faq{margin:38px 0 10px}\n.va-actu-faq details{border:1px solid #DCE7EE;border-radius:10px;padding:0;margin:0 0 12px;overflow:hidden;transition:.25s ease}\n.va-actu-faq details[open]{box-shadow:0 12px 28px -18px rgba(16,40,60,.4)}\n.va-actu-faq summary{cursor:pointer;list-style:none;padding:16px 20px;font-family:'Newsreader',Georgia,serif;font-weight:600;font-size:18px;color:#0F2233;position:relative;padding-right:46px}\n.va-actu-faq summary::-webkit-details-marker{display:none}\n.va-actu-faq summary:after{content:\"+\";position:absolute;right:20px;top:13px;font-family:'JetBrains Mono',monospace;color:#2C6E8F;font-size:22px;transition:.2s}\n.va-actu-faq details[open] summary:after{transform:rotate(45deg)}\n.va-actu-faq .va-actu-ans{padding:0 20px 18px;font-size:16px;color:#34495A}\n@media(max-width:640px){.va-actu-wrap{font-size:16.5px}}\n\/*RENDERFIX2*\/.va-actu-ess li:before{color:#eef3f9!important}.va-actu-ess li:before p,.va-actu-ess li:before li,.va-actu-ess li:before strong,.va-actu-ess li:before em,.va-actu-ess li:before a,.va-actu-ess li:before span,.va-actu-ess li:before b,.va-actu-ess li:before td,.va-actu-ess li:before th,.va-actu-ess li:before h2,.va-actu-ess li:before h3,.va-actu-ess li:before h4{color:#eef3f9!important}.va-actu-ess li:before strong,.va-actu-ess li:before b{color:#ffffff!important}.va-actu-keep{color:#eef3f9!important}.va-actu-keep p,.va-actu-keep li,.va-actu-keep strong,.va-actu-keep em,.va-actu-keep a,.va-actu-keep span,.va-actu-keep b,.va-actu-keep td,.va-actu-keep th,.va-actu-keep h2,.va-actu-keep h3,.va-actu-keep h4{color:#eef3f9!important}.va-actu-keep strong,.va-actu-keep b{color:#ffffff!important}<\/style>\n<div class=\"va-actu-wrap\">\n<div class=\"va-actu-dateline\">South Padre Island \u00b7 2 f\u00e9vrier 2025<\/div>\n<p class=\"va-actu-lead\">Le porte-avions USS John F. Kennedy (CV-67) a effectu\u00e9 son dernier voyage en longeant South Padre Island, en route vers le Port de Brownsville. Habitants et passionn\u00e9s de marine se sont rassembl\u00e9s sur la c\u00f4te pour saluer une derni\u00e8re fois un navire embl\u00e9matique de l&rsquo;US Navy.<\/p>\n<div class=\"va-actu-ess\">\n<div class=\"va-actu-kick\">L&rsquo;essentiel<\/div>\n<ul>\n<li><b>Quoi \u2014<\/b> l&rsquo;ultime trajet de l&rsquo;USS John F. Kennedy (CV-67) vers sa destination finale, le Port de Brownsville.<\/li>\n<li><b>Quand &amp; o\u00f9 \u2014<\/b> le 2 f\u00e9vrier 2025, au large de South Padre Island (Texas).<\/li>\n<li><b>Pourquoi \u00e7a compte \u2014<\/b> la fin d&rsquo;une \u00e8re pour un porte-avions au service riche de pr\u00e8s de 40 ans d&rsquo;histoire navale am\u00e9ricaine.<\/li>\n<\/ul>\n<\/div>\n<h2>Un passage m\u00e9morable au large de South Padre Island<\/h2>\n<p>Le 2 f\u00e9vrier 2025, le porte-avions USS John F. Kennedy (CV-67) a effectu\u00e9 son dernier voyage en passant pr\u00e8s de South Padre Island. Les habitants et les passionn\u00e9s de la marine ont afflu\u00e9 vers la c\u00f4te pour assister \u00e0 cet \u00e9v\u00e9nement historique. Ce passage, qui marque la fin d&rsquo;une \u00e8re pour ce navire embl\u00e9matique, a suscit\u00e9 une grande \u00e9motion parmi les t\u00e9moins pr\u00e9sents.<\/p>\n<p>Les admirateurs de l&rsquo;USS JFK ont utilis\u00e9 des outils num\u00e9riques pour suivre la progression du navire jusqu&rsquo;\u00e0 son ultime destination, le Port de Brownsville. Cette anticipation a permis de cr\u00e9er un moment de partage et de m\u00e9moire au sein de la communaut\u00e9, renfor\u00e7ant le lien entre les anciens membres d&rsquo;\u00e9quipage et les habitants de la r\u00e9gion. Les r\u00e9seaux sociaux ont \u00e9t\u00e9 inond\u00e9s de t\u00e9moignages et de photos, capturant l&rsquo;essence de cet adieu maritime.<\/p>\n<p><iframe loading=\"lazy\" title=\"The Women by Kristin Hannah Read Book and Learn Speed Reading Techniques\" width=\"1200\" height=\"675\" src=\"https:\/\/www.youtube.com\/embed\/l8UevB0G2rk?feature=oembed\" frameborder=\"0\" allow=\"accelerometer; autoplay; clipboard-write; encrypted-media; gyroscope; picture-in-picture; web-share\" referrerpolicy=\"strict-origin-when-cross-origin\" allowfullscreen><\/iframe><\/p>\n<h2>Une histoire riche de service et de d\u00e9vouement<\/h2>\n<p>Commissionn\u00e9 le 7 septembre 1968, l&rsquo;USS John F. Kennedy a \u00e9t\u00e9 le premier porte-avions \u00e0 porter le nom de l&rsquo;ancien pr\u00e9sident. Au cours de sa carri\u00e8re, il a \u00e9t\u00e9 impliqu\u00e9 dans 18 d\u00e9ploiements \u00e0 travers les mers M\u00e9diterran\u00e9enne, Tyrrh\u00e9nienne et Adriatique, t\u00e9moignant de son r\u00f4le crucial pendant des p\u00e9riodes de tension g\u00e9opolitique. Sa mission principale a \u00e9t\u00e9 d&rsquo;assurer la s\u00e9curit\u00e9 maritime et de renforcer la pr\u00e9sence am\u00e9ricaine dans le monde.<\/p>\n<div class=\"va-actu-facts\">\n<div class=\"va-actu-fact\">\n<div class=\"va-actu-num\">1968<\/div>\n<div class=\"va-actu-lbl\">Commissionn\u00e9 le 7 septembre, premier porte-avions baptis\u00e9 du nom du pr\u00e9sident.<\/div>\n<\/div>\n<div class=\"va-actu-fact\">\n<div class=\"va-actu-num\">18<\/div>\n<div class=\"va-actu-lbl\">D\u00e9ploiements en M\u00e9diterran\u00e9e, mer Tyrrh\u00e9nienne et Adriatique.<\/div>\n<\/div>\n<div class=\"va-actu-fact\">\n<div class=\"va-actu-num\">2007<\/div>\n<div class=\"va-actu-lbl\">Derni\u00e8re visite \u00e0 Boston avant son retrait d\u00e9finitif du service.<\/div>\n<\/div>\n<\/div>\n<p>Apr\u00e8s les attentats du 11 septembre 2001, le JFK a \u00e9t\u00e9 d\u00e9ploy\u00e9 pour prot\u00e9ger la c\u00f4te est des \u00c9tats-Unis. Il a jou\u00e9 un r\u00f4le d\u00e9terminant lors des op\u00e9rations Anaconda et Enduring Freedom, illustrant l&rsquo;importance strat\u00e9gique du navire. En 2007, il a effectu\u00e9 sa derni\u00e8re visite \u00e0 Boston avant de quitter d\u00e9finitivement le service, laissant derri\u00e8re lui un h\u00e9ritage ind\u00e9l\u00e9bile.<\/p>\n<h2>Le t\u00e9moignage d&rsquo;un admirateur<\/h2>\n<div class=\"va-actu-pull\">\n&laquo;&nbsp;Ex-John F. Kennedy sera toujours un symbole de libert\u00e9 durable et un phare d&rsquo;espoir en p\u00e9riode difficile.&nbsp;&raquo;<br \/>\n<span class=\"va-actu-cite\">\u2014 Amiral Bill Greene<\/span>\n<\/div>\n<p>Cette citation r\u00e9sume parfaitement les sentiments partag\u00e9s par ceux qui ont servi \u00e0 bord du navire. Le JFK a non seulement repr\u00e9sent\u00e9 la puissance navale des \u00c9tats-Unis, mais il a aussi incarn\u00e9 des valeurs de bravoure et de solidarit\u00e9.<\/p>\n<p>Les autorit\u00e9s du Port de Brownsville ont pr\u00e9cis\u00e9 que chaque navire d\u00e9commissionn\u00e9 marque la fin d&rsquo;une \u00e9poque, mais aussi le d\u00e9but d&rsquo;un nouveau chapitre pour l&rsquo;innovation et l&rsquo;industrie. Ce passage du JFK \u00e0 South Padre Island a \u00e9t\u00e9 un moment de r\u00e9flexion sur l&rsquo;h\u00e9ritage que la marine am\u00e9ricaine laisse derri\u00e8re elle. Les souvenirs du navire resteront grav\u00e9s dans les c\u0153urs de ceux qui ont eu la chance de le voir naviguer.<\/p>\n<div class=\"va-actu-keep\">\n<div class=\"va-actu-kick\">\u00c0 retenir<\/div>\n<ul>\n<li>Commissionn\u00e9 en 1968, le JFK a servi pendant pr\u00e8s de 40 ans.<\/li>\n<li>18 d\u00e9ploiements \u00e0 travers les mers du monde.<\/li>\n<li>Un r\u00f4le cl\u00e9 dans la s\u00e9curit\u00e9 maritime post-11 septembre 2001.<\/li>\n<li>D\u00e9commissionn\u00e9 en 2007, il reste un symbole fort de l&rsquo;histoire navale.<\/li>\n<li>Son passage a rassembl\u00e9 la communaut\u00e9 autour d&rsquo;un \u00e9v\u00e9nement m\u00e9morable.<\/li>\n<\/ul>\n<\/div>\n<p>Le passage de l&rsquo;USS John F. Kennedy \u00e0 South Padre Island n&rsquo;est pas qu&rsquo;un simple \u00e9v\u00e9nement naval&nbsp;: c&rsquo;est une c\u00e9l\u00e9bration de l&rsquo;h\u00e9ritage militaire am\u00e9ricain et une occasion pour la communaut\u00e9 de se rassembler autour de la m\u00e9moire de ceux qui ont servi \u00e0 bord. Les anciens marins, les familles et les amis se souviendront longtemps de ce moment poignant, symbole d&rsquo;honneur et de courage.<\/p>\n<div class=\"va-actu-faq\">\n<details>\n<summary>Pourquoi l&rsquo;USS John F. Kennedy a-t-il navigu\u00e9 vers le Port de Brownsville ?<\/summary>\n<div class=\"va-actu-ans\">Brownsville, au Texas, est la destination finale du navire apr\u00e8s son d\u00e9commissionnement. Ce passage du 2 f\u00e9vrier 2025 marquait son ultime voyage avant le terme de sa carri\u00e8re au service de l&rsquo;US Navy.<\/div>\n<\/details>\n<details>\n<summary>Quand l&rsquo;USS John F. Kennedy a-t-il \u00e9t\u00e9 mis en service ?<\/summary>\n<div class=\"va-actu-ans\">Le porte-avions a \u00e9t\u00e9 commissionn\u00e9 le 7 septembre 1968. Il fut le premier navire de ce type \u00e0 porter le nom de l&rsquo;ancien pr\u00e9sident am\u00e9ricain John F. Kennedy.<\/div>\n<\/details>\n<details>\n<summary>Quel a \u00e9t\u00e9 le r\u00f4le du JFK apr\u00e8s le 11 septembre 2001 ?<\/summary>\n<div class=\"va-actu-ans\">\u00c0 la suite des attentats du 11 septembre 2001, le navire a \u00e9t\u00e9 d\u00e9ploy\u00e9 pour prot\u00e9ger la c\u00f4te est des \u00c9tats-Unis, et a particip\u00e9 aux op\u00e9rations Anaconda et Enduring Freedom.<\/div>\n<\/details>\n<details>\n<summary>Quand le navire a-t-il quitt\u00e9 le service actif ?<\/summary>\n<div class=\"va-actu-ans\">L&rsquo;USS John F. Kennedy a effectu\u00e9 sa derni\u00e8re visite \u00e0 Boston en 2007 avant d&rsquo;\u00eatre retir\u00e9 d\u00e9finitivement du service, au terme de pr\u00e8s de quatre d\u00e9cennies d&rsquo;activit\u00e9.<\/div>\n<\/details>\n<\/div>\n<\/div>\n","protected":false},"excerpt":{"rendered":"","protected":false},"author":34,"featured_media":12025,"comment_status":"open","ping_status":"open","sticky":false,"template":"","format":"standard","meta":{"_acf_changed":false,"manual_indexmenow":false,"indexmenow_id_project":0,"footnotes":""},"categories":[4520],"tags":[4527,4636,4625,4547,4635],"class_list":["post-8621","post","type-post","status-publish","format-standard","has-post-thumbnail","hentry","category-destinations-aventure","tag-decouverte-culturelle","tag-destinations","tag-passion-du-voyage","tag-plages-paradisiaques","tag-voyage","generate-columns","tablet-grid-50","mobile-grid-100","grid-parent","grid-25"],"acf":[],"yoast_head":"<!-- This site is optimized with the Yoast SEO Premium plugin v21.3 (Yoast SEO v25.1) - https:\/\/yoast.com\/wordpress\/plugins\/seo\/ -->\n<title>le dernier voyage de l&#039;uss john f. kennedy : un adieu<\/title>\n<meta name=\"description\" content=\"Le porte-avions USS John F. Kennedy (CV-67) a effectu\u00e9 son dernier voyage en longeant South Padre Island, en route vers le Port de Brownsville. Habitants\" \/>\n<meta name=\"robots\" content=\"index, follow, max-snippet:-1, max-image-preview:large, max-video-preview:-1\" \/>\n<link rel=\"canonical\" href=\"https:\/\/voyage-aventure.com\/blog\/destinations-aventure\/le-dernier-voyage-de-luss-john-f-kennedy-un-adieu-emouvant-a-un-symbole-naval\/\" \/>\n<meta property=\"og:locale\" content=\"fr_FR\" \/>\n<meta property=\"og:type\" content=\"article\" \/>\n<meta property=\"og:title\" content=\"le dernier voyage de l&#039;uss john f. kennedy : un adieu\" \/>\n<meta property=\"og:description\" content=\"Le porte-avions USS John F. Kennedy (CV-67) a effectu\u00e9 son dernier voyage en longeant South Padre Island, en route vers le Port de Brownsville. Habitants\" \/>\n<meta property=\"og:url\" content=\"https:\/\/voyage-aventure.com\/blog\/destinations-aventure\/le-dernier-voyage-de-luss-john-f-kennedy-un-adieu-emouvant-a-un-symbole-naval\/\" \/>\n<meta property=\"og:site_name\" content=\"voyage-aventure\" \/>\n<meta property=\"og:image\" content=\"https:\/\/voyage-aventure.com\/blog\/wp-content\/uploads\/2025\/02\/sdxl-4c750ce5da59a8fc5724f393bb25ba97.png\" \/>\n\t<meta property=\"og:image:width\" content=\"1536\" \/>\n\t<meta property=\"og:image:height\" content=\"640\" \/>\n\t<meta property=\"og:image:type\" content=\"image\/png\" \/>\n<meta name=\"author\" content=\"Camille Rouvray\" \/>\n<meta name=\"twitter:card\" content=\"summary_large_image\" \/>\n<script type=\"application\/ld+json\" class=\"yoast-schema-graph\">{\"@context\":\"https:\/\/schema.org\",\"@graph\":[{\"@type\":\"NewsArticle\",\"@id\":\"https:\/\/voyage-aventure.com\/blog\/destinations-aventure\/le-dernier-voyage-de-luss-john-f-kennedy-un-adieu-emouvant-a-un-symbole-naval\/#article\",\"isPartOf\":{\"@id\":\"https:\/\/voyage-aventure.com\/blog\/destinations-aventure\/le-dernier-voyage-de-luss-john-f-kennedy-un-adieu-emouvant-a-un-symbole-naval\/\"},\"author\":{\"name\":\"Camille Rouvray\",\"@id\":\"https:\/\/voyage-aventure.com\/blog\/#\/schema\/person\/3c864cdc320801e3db34b663e7e3f816\"},\"headline\":\"le dernier voyage de l&rsquo;uss john f. kennedy : un adieu \u00e9mouvant \u00e0 un symbole naval\",\"datePublished\":\"2026-06-16T14:18:51+00:00\",\"mainEntityOfPage\":{\"@id\":\"https:\/\/voyage-aventure.com\/blog\/destinations-aventure\/le-dernier-voyage-de-luss-john-f-kennedy-un-adieu-emouvant-a-un-symbole-naval\/\"},\"wordCount\":952,\"commentCount\":14,\"publisher\":{\"@id\":\"https:\/\/voyage-aventure.com\/blog\/#organization\"},\"image\":{\"@id\":\"https:\/\/voyage-aventure.com\/blog\/destinations-aventure\/le-dernier-voyage-de-luss-john-f-kennedy-un-adieu-emouvant-a-un-symbole-naval\/#primaryimage\"},\"thumbnailUrl\":\"https:\/\/voyage-aventure.com\/blog\/wp-content\/uploads\/2025\/02\/sdxl-4c750ce5da59a8fc5724f393bb25ba97.png\",\"keywords\":[\"D\u00e9couverte Culturelle\",\"Destinations\",\"Passion Du Voyage\",\"Plages Paradisiaques\",\"Voyage\"],\"articleSection\":[\"Destinations Aventure\"],\"inLanguage\":\"fr-FR\",\"potentialAction\":[{\"@type\":\"CommentAction\",\"name\":\"Comment\",\"target\":[\"https:\/\/voyage-aventure.com\/blog\/destinations-aventure\/le-dernier-voyage-de-luss-john-f-kennedy-un-adieu-emouvant-a-un-symbole-naval\/#respond\"]}]},{\"@type\":\"WebPage\",\"@id\":\"https:\/\/voyage-aventure.com\/blog\/destinations-aventure\/le-dernier-voyage-de-luss-john-f-kennedy-un-adieu-emouvant-a-un-symbole-naval\/\",\"url\":\"https:\/\/voyage-aventure.com\/blog\/destinations-aventure\/le-dernier-voyage-de-luss-john-f-kennedy-un-adieu-emouvant-a-un-symbole-naval\/\",\"name\":\"le dernier voyage de l'uss john f. kennedy : un adieu\",\"isPartOf\":{\"@id\":\"https:\/\/voyage-aventure.com\/blog\/#website\"},\"primaryImageOfPage\":{\"@id\":\"https:\/\/voyage-aventure.com\/blog\/destinations-aventure\/le-dernier-voyage-de-luss-john-f-kennedy-un-adieu-emouvant-a-un-symbole-naval\/#primaryimage\"},\"image\":{\"@id\":\"https:\/\/voyage-aventure.com\/blog\/destinations-aventure\/le-dernier-voyage-de-luss-john-f-kennedy-un-adieu-emouvant-a-un-symbole-naval\/#primaryimage\"},\"thumbnailUrl\":\"https:\/\/voyage-aventure.com\/blog\/wp-content\/uploads\/2025\/02\/sdxl-4c750ce5da59a8fc5724f393bb25ba97.png\",\"datePublished\":\"2026-06-16T14:18:51+00:00\",\"description\":\"Le porte-avions USS John F. Kennedy (CV-67) a effectu\u00e9 son dernier voyage en longeant South Padre Island, en route vers le Port de Brownsville. Habitants\",\"inLanguage\":\"fr-FR\",\"potentialAction\":[{\"@type\":\"ReadAction\",\"target\":[\"https:\/\/voyage-aventure.com\/blog\/destinations-aventure\/le-dernier-voyage-de-luss-john-f-kennedy-un-adieu-emouvant-a-un-symbole-naval\/\"]}]},{\"@type\":\"ImageObject\",\"inLanguage\":\"fr-FR\",\"@id\":\"https:\/\/voyage-aventure.com\/blog\/destinations-aventure\/le-dernier-voyage-de-luss-john-f-kennedy-un-adieu-emouvant-a-un-symbole-naval\/#primaryimage\",\"url\":\"https:\/\/voyage-aventure.com\/blog\/wp-content\/uploads\/2025\/02\/sdxl-4c750ce5da59a8fc5724f393bb25ba97.png\",\"contentUrl\":\"https:\/\/voyage-aventure.com\/blog\/wp-content\/uploads\/2025\/02\/sdxl-4c750ce5da59a8fc5724f393bb25ba97.png\",\"width\":1536,\"height\":640},{\"@type\":\"WebSite\",\"@id\":\"https:\/\/voyage-aventure.com\/blog\/#website\",\"url\":\"https:\/\/voyage-aventure.com\/blog\/\",\"name\":\"voyage-aventure.com\",\"description\":\"Votre passeport pour l\u2019inattendu.\",\"publisher\":{\"@id\":\"https:\/\/voyage-aventure.com\/blog\/#organization\"},\"alternateName\":\"Votre passeport pour l\u2019inattendu.\",\"potentialAction\":[{\"@type\":\"SearchAction\",\"target\":{\"@type\":\"EntryPoint\",\"urlTemplate\":\"https:\/\/voyage-aventure.com\/blog\/?s={search_term_string}\"},\"query-input\":{\"@type\":\"PropertyValueSpecification\",\"valueRequired\":true,\"valueName\":\"search_term_string\"}}],\"inLanguage\":\"fr-FR\"},{\"@type\":\"Organization\",\"@id\":\"https:\/\/voyage-aventure.com\/blog\/#organization\",\"name\":\"Foretsensations.fr\",\"url\":\"https:\/\/voyage-aventure.com\/blog\/\",\"logo\":{\"@type\":\"ImageObject\",\"inLanguage\":\"fr-FR\",\"@id\":\"https:\/\/voyage-aventure.com\/blog\/#\/schema\/logo\/image\/\",\"url\":\"https:\/\/voyage-aventure.com\/blog\/wp-content\/uploads\/2024\/12\/19.png\",\"contentUrl\":\"https:\/\/voyage-aventure.com\/blog\/wp-content\/uploads\/2024\/12\/19.png\",\"width\":512,\"height\":512,\"caption\":\"Foretsensations.fr\"},\"image\":{\"@id\":\"https:\/\/voyage-aventure.com\/blog\/#\/schema\/logo\/image\/\"}},{\"@type\":\"Person\",\"@id\":\"https:\/\/voyage-aventure.com\/blog\/#\/schema\/person\/3c864cdc320801e3db34b663e7e3f816\",\"name\":\"Camille Rouvray\",\"image\":{\"@type\":\"ImageObject\",\"inLanguage\":\"fr-FR\",\"@id\":\"https:\/\/voyage-aventure.com\/blog\/#\/schema\/person\/image\/\",\"url\":\"https:\/\/voyage-aventure.com\/blog\/wp-content\/uploads\/2026\/06\/persona_camille-r-96x96.jpg\",\"contentUrl\":\"https:\/\/voyage-aventure.com\/blog\/wp-content\/uploads\/2026\/06\/persona_camille-r-96x96.jpg\",\"caption\":\"Camille Rouvray\"},\"description\":\"Je voyage et j'\u00e9cris sur le voyage depuis une douzaine d'ann\u00e9es, d'abord en tant que routarde au long cours, puis comme r\u00e9dactrice sp\u00e9cialis\u00e9e. Mon terrain de pr\u00e9dilection, ce sont les circuits organis\u00e9s et l'art de bien pr\u00e9parer un itin\u00e9raire : choix de la saison, dur\u00e9e r\u00e9aliste des \u00e9tapes, budget jour par jour, logement et transport sur place. J'aime aussi raconter les p\u00e9pites urbaines, ces adresses qu'on ne trouve pas dans les guides classiques. Avant de publier un dossier destination, je croise toujours plusieurs sources, je v\u00e9rifie les tarifs et les formalit\u00e9s d'entr\u00e9e \u00e0 jour, et je teste moi-m\u00eame quand je le peux. Mon angle reste pratique avant tout : aider le lecteur \u00e0 partir l'esprit tranquille, sans mauvaise surprise une fois sur place. Je m'attache \u00e0 distinguer le coup de c\u0153ur sinc\u00e8re du simple argument marketing.\",\"sameAs\":[\"https:\/\/camillerouvray.fr\/\"],\"url\":\"https:\/\/voyage-aventure.com\/blog\/auteur\/noname\/\"}]}<\/script>\n<!-- \/ Yoast SEO Premium plugin. -->","yoast_head_json":{"title":"le dernier voyage de l'uss john f. kennedy : un adieu","description":"Le porte-avions USS John F. Kennedy (CV-67) a effectu\u00e9 son dernier voyage en longeant South Padre Island, en route vers le Port de Brownsville. Habitants","robots":{"index":"index","follow":"follow","max-snippet":"max-snippet:-1","max-image-preview":"max-image-preview:large","max-video-preview":"max-video-preview:-1"},"canonical":"https:\/\/voyage-aventure.com\/blog\/destinations-aventure\/le-dernier-voyage-de-luss-john-f-kennedy-un-adieu-emouvant-a-un-symbole-naval\/","og_locale":"fr_FR","og_type":"article","og_title":"le dernier voyage de l'uss john f. kennedy : un adieu","og_description":"Le porte-avions USS John F. Kennedy (CV-67) a effectu\u00e9 son dernier voyage en longeant South Padre Island, en route vers le Port de Brownsville. Habitants","og_url":"https:\/\/voyage-aventure.com\/blog\/destinations-aventure\/le-dernier-voyage-de-luss-john-f-kennedy-un-adieu-emouvant-a-un-symbole-naval\/","og_site_name":"voyage-aventure","og_image":[{"width":1536,"height":640,"url":"https:\/\/voyage-aventure.com\/blog\/wp-content\/uploads\/2025\/02\/sdxl-4c750ce5da59a8fc5724f393bb25ba97.png","type":"image\/png"}],"author":"Camille Rouvray","twitter_card":"summary_large_image","schema":{"@context":"https:\/\/schema.org","@graph":[{"@type":"NewsArticle","@id":"https:\/\/voyage-aventure.com\/blog\/destinations-aventure\/le-dernier-voyage-de-luss-john-f-kennedy-un-adieu-emouvant-a-un-symbole-naval\/#article","isPartOf":{"@id":"https:\/\/voyage-aventure.com\/blog\/destinations-aventure\/le-dernier-voyage-de-luss-john-f-kennedy-un-adieu-emouvant-a-un-symbole-naval\/"},"author":{"name":"Camille Rouvray","@id":"https:\/\/voyage-aventure.com\/blog\/#\/schema\/person\/3c864cdc320801e3db34b663e7e3f816"},"headline":"le dernier voyage de l&rsquo;uss john f. kennedy : un adieu \u00e9mouvant \u00e0 un symbole naval","datePublished":"2026-06-16T14:18:51+00:00","mainEntityOfPage":{"@id":"https:\/\/voyage-aventure.com\/blog\/destinations-aventure\/le-dernier-voyage-de-luss-john-f-kennedy-un-adieu-emouvant-a-un-symbole-naval\/"},"wordCount":952,"commentCount":14,"publisher":{"@id":"https:\/\/voyage-aventure.com\/blog\/#organization"},"image":{"@id":"https:\/\/voyage-aventure.com\/blog\/destinations-aventure\/le-dernier-voyage-de-luss-john-f-kennedy-un-adieu-emouvant-a-un-symbole-naval\/#primaryimage"},"thumbnailUrl":"https:\/\/voyage-aventure.com\/blog\/wp-content\/uploads\/2025\/02\/sdxl-4c750ce5da59a8fc5724f393bb25ba97.png","keywords":["D\u00e9couverte Culturelle","Destinations","Passion Du Voyage","Plages Paradisiaques","Voyage"],"articleSection":["Destinations Aventure"],"inLanguage":"fr-FR","potentialAction":[{"@type":"CommentAction","name":"Comment","target":["https:\/\/voyage-aventure.com\/blog\/destinations-aventure\/le-dernier-voyage-de-luss-john-f-kennedy-un-adieu-emouvant-a-un-symbole-naval\/#respond"]}]},{"@type":"WebPage","@id":"https:\/\/voyage-aventure.com\/blog\/destinations-aventure\/le-dernier-voyage-de-luss-john-f-kennedy-un-adieu-emouvant-a-un-symbole-naval\/","url":"https:\/\/voyage-aventure.com\/blog\/destinations-aventure\/le-dernier-voyage-de-luss-john-f-kennedy-un-adieu-emouvant-a-un-symbole-naval\/","name":"le dernier voyage de l'uss john f. kennedy : un adieu","isPartOf":{"@id":"https:\/\/voyage-aventure.com\/blog\/#website"},"primaryImageOfPage":{"@id":"https:\/\/voyage-aventure.com\/blog\/destinations-aventure\/le-dernier-voyage-de-luss-john-f-kennedy-un-adieu-emouvant-a-un-symbole-naval\/#primaryimage"},"image":{"@id":"https:\/\/voyage-aventure.com\/blog\/destinations-aventure\/le-dernier-voyage-de-luss-john-f-kennedy-un-adieu-emouvant-a-un-symbole-naval\/#primaryimage"},"thumbnailUrl":"https:\/\/voyage-aventure.com\/blog\/wp-content\/uploads\/2025\/02\/sdxl-4c750ce5da59a8fc5724f393bb25ba97.png","datePublished":"2026-06-16T14:18:51+00:00","description":"Le porte-avions USS John F. Kennedy (CV-67) a effectu\u00e9 son dernier voyage en longeant South Padre Island, en route vers le Port de Brownsville. Habitants","inLanguage":"fr-FR","potentialAction":[{"@type":"ReadAction","target":["https:\/\/voyage-aventure.com\/blog\/destinations-aventure\/le-dernier-voyage-de-luss-john-f-kennedy-un-adieu-emouvant-a-un-symbole-naval\/"]}]},{"@type":"ImageObject","inLanguage":"fr-FR","@id":"https:\/\/voyage-aventure.com\/blog\/destinations-aventure\/le-dernier-voyage-de-luss-john-f-kennedy-un-adieu-emouvant-a-un-symbole-naval\/#primaryimage","url":"https:\/\/voyage-aventure.com\/blog\/wp-content\/uploads\/2025\/02\/sdxl-4c750ce5da59a8fc5724f393bb25ba97.png","contentUrl":"https:\/\/voyage-aventure.com\/blog\/wp-content\/uploads\/2025\/02\/sdxl-4c750ce5da59a8fc5724f393bb25ba97.png","width":1536,"height":640},{"@type":"WebSite","@id":"https:\/\/voyage-aventure.com\/blog\/#website","url":"https:\/\/voyage-aventure.com\/blog\/","name":"voyage-aventure.com","description":"Votre passeport pour l\u2019inattendu.","publisher":{"@id":"https:\/\/voyage-aventure.com\/blog\/#organization"},"alternateName":"Votre passeport pour l\u2019inattendu.","potentialAction":[{"@type":"SearchAction","target":{"@type":"EntryPoint","urlTemplate":"https:\/\/voyage-aventure.com\/blog\/?s={search_term_string}"},"query-input":{"@type":"PropertyValueSpecification","valueRequired":true,"valueName":"search_term_string"}}],"inLanguage":"fr-FR"},{"@type":"Organization","@id":"https:\/\/voyage-aventure.com\/blog\/#organization","name":"Foretsensations.fr","url":"https:\/\/voyage-aventure.com\/blog\/","logo":{"@type":"ImageObject","inLanguage":"fr-FR","@id":"https:\/\/voyage-aventure.com\/blog\/#\/schema\/logo\/image\/","url":"https:\/\/voyage-aventure.com\/blog\/wp-content\/uploads\/2024\/12\/19.png","contentUrl":"https:\/\/voyage-aventure.com\/blog\/wp-content\/uploads\/2024\/12\/19.png","width":512,"height":512,"caption":"Foretsensations.fr"},"image":{"@id":"https:\/\/voyage-aventure.com\/blog\/#\/schema\/logo\/image\/"}},{"@type":"Person","@id":"https:\/\/voyage-aventure.com\/blog\/#\/schema\/person\/3c864cdc320801e3db34b663e7e3f816","name":"Camille Rouvray","image":{"@type":"ImageObject","inLanguage":"fr-FR","@id":"https:\/\/voyage-aventure.com\/blog\/#\/schema\/person\/image\/","url":"https:\/\/voyage-aventure.com\/blog\/wp-content\/uploads\/2026\/06\/persona_camille-r-96x96.jpg","contentUrl":"https:\/\/voyage-aventure.com\/blog\/wp-content\/uploads\/2026\/06\/persona_camille-r-96x96.jpg","caption":"Camille Rouvray"},"description":"Je voyage et j'\u00e9cris sur le voyage depuis une douzaine d'ann\u00e9es, d'abord en tant que routarde au long cours, puis comme r\u00e9dactrice sp\u00e9cialis\u00e9e. Mon terrain de pr\u00e9dilection, ce sont les circuits organis\u00e9s et l'art de bien pr\u00e9parer un itin\u00e9raire : choix de la saison, dur\u00e9e r\u00e9aliste des \u00e9tapes, budget jour par jour, logement et transport sur place. J'aime aussi raconter les p\u00e9pites urbaines, ces adresses qu'on ne trouve pas dans les guides classiques. Avant de publier un dossier destination, je croise toujours plusieurs sources, je v\u00e9rifie les tarifs et les formalit\u00e9s d'entr\u00e9e \u00e0 jour, et je teste moi-m\u00eame quand je le peux. Mon angle reste pratique avant tout : aider le lecteur \u00e0 partir l'esprit tranquille, sans mauvaise surprise une fois sur place. Je m'attache \u00e0 distinguer le coup de c\u0153ur sinc\u00e8re du simple argument marketing.","sameAs":["https:\/\/camillerouvray.fr\/"],"url":"https:\/\/voyage-aventure.com\/blog\/auteur\/noname\/"}]}},"_links":{"self":[{"href":"https:\/\/voyage-aventure.com\/blog\/wp-json\/wp\/v2\/posts\/8621","targetHints":{"allow":["GET"]}}],"collection":[{"href":"https:\/\/voyage-aventure.com\/blog\/wp-json\/wp\/v2\/posts"}],"about":[{"href":"https:\/\/voyage-aventure.com\/blog\/wp-json\/wp\/v2\/types\/post"}],"author":[{"embeddable":true,"href":"https:\/\/voyage-aventure.com\/blog\/wp-json\/wp\/v2\/users\/34"}],"replies":[{"embeddable":true,"href":"https:\/\/voyage-aventure.com\/blog\/wp-json\/wp\/v2\/comments?post=8621"}],"version-history":[{"count":3,"href":"https:\/\/voyage-aventure.com\/blog\/wp-json\/wp\/v2\/posts\/8621\/revisions"}],"predecessor-version":[{"id":22469,"href":"https:\/\/voyage-aventure.com\/blog\/wp-json\/wp\/v2\/posts\/8621\/revisions\/22469"}],"wp:featuredmedia":[{"embeddable":true,"href":"https:\/\/voyage-aventure.com\/blog\/wp-json\/wp\/v2\/media\/12025"}],"wp:attachment":[{"href":"https:\/\/voyage-aventure.com\/blog\/wp-json\/wp\/v2\/media?parent=8621"}],"wp:term":[{"taxonomy":"category","embeddable":true,"href":"https:\/\/voyage-aventure.com\/blog\/wp-json\/wp\/v2\/categories?post=8621"},{"taxonomy":"post_tag","embeddable":true,"href":"https:\/\/voyage-aventure.com\/blog\/wp-json\/wp\/v2\/tags?post=8621"}],"curies":[{"name":"wp","href":"https:\/\/api.w.org\/{rel}","templated":true}]}}