{"id":8574,"date":"2026-06-12T20:04:03","date_gmt":"2026-06-12T18:04:03","guid":{"rendered":"https:\/\/voyage-aventure.com\/blog\/a-la-une\/decouvrez-majorque-en-tout-inclus-levasion-parfaite-au-soleil-des-baleares\/"},"modified":"2026-06-12T20:04:03","modified_gmt":"2026-06-12T18:04:03","slug":"decouvrez-majorque-en-tout-inclus-levasion-parfaite-au-soleil-des-baleares","status":"publish","type":"post","link":"https:\/\/voyage-aventure.com\/blog\/a-la-une\/decouvrez-majorque-en-tout-inclus-levasion-parfaite-au-soleil-des-baleares\/","title":{"rendered":"D\u00e9couvrez Majorque en tout inclus : l&rsquo;\u00e9vasion parfaite au soleil des Bal\u00e9ares"},"content":{"rendered":"<link rel=\"stylesheet\" href=\"https:\/\/fonts.googleapis.com\/css2?family=Fraunces:opsz,wght@9..144,500;9..144,600;9..144,700;9..144,900&#038;family=Inter:wght@400;500;600&#038;family=JetBrains+Mono:wght@500&#038;display=swap\">\n<style>\n.maj-gl-wrap{font-family:'Inter',-apple-system,sans-serif;color:#2a2320;line-height:1.65;font-size:17px;--acc:#c2671f;--acc2:#f5e9dd;--ink:#2a2320;--sea:#0f7d8c}\n.maj-gl-wrap h2{font-family:'Fraunces',Georgia,serif;font-weight:700;font-size:clamp(24px,3.4vw,34px);line-height:1.18;letter-spacing:-.01em;color:var(--ink);margin:48px 0 18px}\n.maj-gl-wrap h3{font-family:'Fraunces',Georgia,serif;font-weight:600;font-size:clamp(19px,2.2vw,23px);color:var(--ink);margin:26px 0 10px}\n.maj-gl-wrap p{margin:0 0 18px}\n.maj-gl-kicker{font-family:'JetBrains Mono',monospace;font-size:12px;letter-spacing:.18em;text-transform:uppercase;color:var(--acc);font-weight:500;display:block;margin-bottom:8px}\n.maj-gl-lead{font-size:20px;line-height:1.55;color:#4a4038;font-family:'Fraunces',Georgia,serif;font-weight:500;margin:6px 0 30px}\n.maj-gl-carnet{background:linear-gradient(180deg,#fffaf4,var(--acc2));border:1px solid #ecd9c4;border-left:5px solid var(--acc);border-radius:14px;padding:26px 26px 12px;margin:30px 0 40px;box-shadow:0 1px 2px rgba(16,24,40,.05),0 14px 30px -18px rgba(120,60,10,.28)}\n.maj-gl-carnet .maj-gl-ct{font-family:'Fraunces',Georgia,serif;font-weight:700;font-size:21px;margin-bottom:18px;color:var(--ink)}\n.maj-gl-cgrid{display:grid;grid-template-columns:repeat(auto-fit,minmax(180px,1fr));gap:16px}\n.maj-gl-cell{background:#fff;border:1px solid #eadcc9;border-radius:10px;padding:14px 16px;transition:.25s ease}\n.maj-gl-cell:hover{transform:translateY(-3px);box-shadow:0 10px 22px -12px rgba(120,60,10,.35)}\n.maj-gl-cell .maj-gl-lab{font-family:'JetBrains Mono',monospace;font-size:11px;letter-spacing:.12em;text-transform:uppercase;color:var(--acc);display:block;margin-bottom:5px}\n.maj-gl-cell .maj-gl-val{font-weight:600;font-size:15.5px;color:var(--ink)}\n.maj-gl-pull{font-family:'Fraunces',Georgia,serif;font-style:italic;font-weight:500;font-size:clamp(22px,3vw,28px);line-height:1.4;color:var(--sea);border-left:5px solid var(--acc);padding:8px 0 8px 24px;margin:34px 0}\n.maj-gl-grid{display:grid;grid-template-columns:repeat(auto-fit,minmax(240px,1fr));gap:22px;margin:24px 0}\n.maj-gl-card{background:#fff;border:1px solid #ecdcc9;border-top:3px solid var(--acc);border-radius:12px;padding:22px 24px;transition:.25s ease;box-shadow:0 1px 2px rgba(16,24,40,.05)}\n.maj-gl-card:hover{transform:translateY(-3px);box-shadow:0 16px 32px -18px rgba(120,60,10,.32);border-color:#e0c9aa}\n.maj-gl-card .maj-gl-cn{font-family:'Fraunces',Georgia,serif;font-weight:600;font-size:19px;margin-bottom:8px;color:var(--ink)}\n.maj-gl-card .maj-gl-cd{font-size:15.5px;color:#52483f}\n.maj-gl-card .maj-gl-tip{margin-top:12px;padding-top:12px;border-top:1px dashed #e3d3bf;font-size:14px;color:var(--acc)}\n.maj-gl-card .maj-gl-tip b{font-family:'JetBrains Mono',monospace;font-size:11px;letter-spacing:.1em;text-transform:uppercase}\n.maj-gl-table{width:100%;border-collapse:collapse;margin:22px 0;border:1px solid #ecdcc9;border-radius:12px;overflow:hidden;font-size:15.5px}\n.maj-gl-table th{background:var(--acc2);font-family:'JetBrains Mono',monospace;font-size:12px;letter-spacing:.08em;text-transform:uppercase;text-align:left;padding:13px 16px;color:var(--ink)}\n.maj-gl-table td{padding:13px 16px;border-top:1px solid #f0e4d4}\n.maj-gl-table tr:nth-child(even) td{background:#fffaf4}\n.maj-gl-check{display:grid;grid-template-columns:repeat(auto-fit,minmax(260px,1fr));gap:20px;margin:24px 0}\n.maj-gl-col{background:#fff;border:1px solid #ecdcc9;border-radius:12px;padding:20px 22px;box-shadow:0 1px 2px rgba(16,24,40,.05)}\n.maj-gl-col .maj-gl-ch{font-family:'Fraunces',Georgia,serif;font-weight:600;font-size:17px;margin-bottom:12px}\n.maj-gl-col ul{margin:0;padding-left:0;list-style:none}\n.maj-gl-col li{position:relative;padding:6px 0 6px 26px;font-size:15px;border-bottom:1px solid #f4ebdf}\n.maj-gl-col li:last-child{border-bottom:0}\n.maj-gl-col li::before{position:absolute;left:0;top:6px;font-weight:700}\n.maj-gl-yes li::before{content:\"\u2713\";color:#1d9d6c}\n.maj-gl-no li::before{content:\"\u2715\";color:#c0492f}\n.maj-gl-retain{background:var(--sea);color:#fff;border-radius:14px;padding:26px 28px 14px;margin:40px 0}\n.maj-gl-retain .maj-gl-rt{font-family:'Fraunces',Georgia,serif;font-weight:700;font-size:21px;margin-bottom:14px}\n.maj-gl-retain ul{margin:0;padding-left:0;list-style:none}\n.maj-gl-retain li{position:relative;padding:7px 0 7px 24px;font-size:15.5px;border-bottom:1px solid rgba(255,255,255,.16)}\n.maj-gl-retain li:last-child{border-bottom:0}\n.maj-gl-retain li::before{content:\"\u2192\";position:absolute;left:0;color:#ffd9b0;font-weight:700}\n.maj-gl-faq{margin:30px 0}\n.maj-gl-faq details{background:#fff;border:1px solid #ecdcc9;border-left:4px solid var(--acc);border-radius:10px;padding:0;margin-bottom:12px;transition:.2s ease}\n.maj-gl-faq details[open]{box-shadow:0 12px 26px -16px rgba(120,60,10,.3)}\n.maj-gl-faq summary{cursor:pointer;list-style:none;padding:16px 20px;font-family:'Fraunces',Georgia,serif;font-weight:600;font-size:17px;color:var(--ink)}\n.maj-gl-faq summary::-webkit-details-marker{display:none}\n.maj-gl-faq summary::before{content:\"+\";color:var(--acc);font-weight:700;margin-right:10px}\n.maj-gl-faq details[open] summary::before{content:\"\u2013\"}\n.maj-gl-faq .maj-gl-fa{padding:0 20px 18px;font-size:15.5px;color:#52483f}\n.maj-gl-list{display:grid;grid-template-columns:repeat(auto-fit,minmax(220px,1fr));gap:12px;margin:22px 0;padding:0;list-style:none}\n.maj-gl-list li{background:#fff;border:1px solid #ecdcc9;border-radius:10px;padding:13px 16px;font-size:15px;position:relative;padding-left:34px}\n.maj-gl-list li::before{content:\"\u2726\";position:absolute;left:14px;color:var(--acc)}\n@media(max-width:640px){.maj-gl-wrap{font-size:16px}}\n<\/style>\n<div class=\"maj-gl-wrap\">\n<span class=\"maj-gl-kicker\">Bal\u00e9ares \u00b7 S\u00e9jour tout inclus<\/span><\/p>\n<div class=\"maj-gl-lead\">Du soleil six jours sur six, une plage \u00e0 deux pas et une formule o\u00f9 l&rsquo;on ne sort jamais le portefeuille : Majorque en tout inclus coche les cases d&rsquo;une parenth\u00e8se baln\u00e9aire sans organisation. Voici le carnet pratique pour partir l&rsquo;esprit l\u00e9ger.<\/div>\n<div class=\"maj-gl-carnet\">\n<div class=\"maj-gl-ct\">Le carnet pratique<\/div>\n<div class=\"maj-gl-cgrid\">\n<div class=\"maj-gl-cell\"><span class=\"maj-gl-lab\">Dur\u00e9e id\u00e9ale<\/span><span class=\"maj-gl-val\">6 jours sur place<\/span><\/div>\n<div class=\"maj-gl-cell\"><span class=\"maj-gl-lab\">Budget d\u00e8s<\/span><span class=\"maj-gl-val\">339 \u20ac \/ personne<\/span><\/div>\n<div class=\"maj-gl-cell\"><span class=\"maj-gl-lab\">Vols &#038; transferts<\/span><span class=\"maj-gl-val\">A\/R + a\u00e9roport inclus<\/span><\/div>\n<div class=\"maj-gl-cell\"><span class=\"maj-gl-lab\">Bon plan<\/span><span class=\"maj-gl-val\">\u22125 % &gt; 5 nuits (f\u00e9v.\u2013mars)<\/span><\/div>\n<div class=\"maj-gl-cell\"><span class=\"maj-gl-lab\">Emplacement<\/span><span class=\"maj-gl-val\">Plage de Can Pastilla<\/span><\/div>\n<div class=\"maj-gl-cell\"><span class=\"maj-gl-lab\">Avis voyageurs<\/span><span class=\"maj-gl-val\">4\/5 sur Tripadvisor<\/span><\/div>\n<\/div>\n<\/div>\n<h2>Un s\u00e9jour de r\u00eave au soleil<\/h2>\n<p>Majorque, cette \u00eele enchanteresse des Bal\u00e9ares, est une destination de choix pour ceux qui recherchent le soleil et le confort. Avec ses plages de sable fin et ses eaux turquoise, elle offre un cadre idyllique pour des vacances inoubliables. Imaginez-vous passer six jours dans un h\u00f4tel tout inclus, o\u00f9 tout est pens\u00e9 pour votre bien-\u00eatre.<\/p>\n<p>La formule tout inclus est un v\u00e9ritable atout pour profiter pleinement de votre s\u00e9jour. Vous n&rsquo;avez pas \u00e0 vous soucier des repas ou des activit\u00e9s, tout est \u00e0 port\u00e9e de main. Que vous souhaitiez vous d\u00e9tendre au spa ou vous baigner dans la piscine, chaque moment est un vrai plaisir.<\/p>\n<div class=\"maj-gl-pull\">\u00ab C&rsquo;est en voyageant que l&rsquo;on d\u00e9couvre le meilleur de soi-m\u00eame. \u00bb \u2014 Anonyme<\/div>\n<p><iframe loading=\"lazy\" title=\"TOP 10 DES DESTINATIONS PAS CH\u00c8RES EN EUROPE EN 2024\" width=\"1200\" height=\"675\" src=\"https:\/\/www.youtube.com\/embed\/q86MaMxm-Ig?feature=oembed\" frameborder=\"0\" allow=\"accelerometer; autoplay; clipboard-write; encrypted-media; gyroscope; picture-in-picture; web-share\" referrerpolicy=\"strict-origin-when-cross-origin\" allowfullscreen><\/iframe><\/p>\n<h2>Les avantages d&rsquo;un h\u00f4tel tout inclus<\/h2>\n<p>S\u00e9journer dans un h\u00f4tel tout inclus \u00e0 Majorque, c&rsquo;est l&rsquo;assurance de vivre des vacances sans stress. Vous b\u00e9n\u00e9ficiez d&rsquo;un acc\u00e8s illimit\u00e9 aux installations de l&rsquo;h\u00f4tel, telles que le sauna, le hammam et le jacuzzi. C&rsquo;est l&rsquo;occasion parfaite pour se ressourcer et se faire choyer.<\/p>\n<p>L&#8217;emplacement de l&rsquo;h\u00f4tel est \u00e9galement un facteur d\u00e9terminant. Situ\u00e9 \u00e0 proximit\u00e9 de la plage de Can Pastilla, il vous permet de profiter des joies de la mer M\u00e9diterran\u00e9e. Avec une note de 4\/5 sur Tripadvisor, cet \u00e9tablissement est pl\u00e9biscit\u00e9 par les voyageurs pour son service de qualit\u00e9 et son ambiance relaxante.<\/p>\n<div class=\"maj-gl-grid\">\n<div class=\"maj-gl-card\">\n<div class=\"maj-gl-cn\">Le bien-\u00eatre \u00e0 volont\u00e9<\/div>\n<div class=\"maj-gl-cd\">Acc\u00e8s illimit\u00e9 au spa, sauna, hammam et jacuzzi : de quoi encha\u00eener les sessions d\u00e9tente entre deux baignades.<\/div>\n<div class=\"maj-gl-tip\"><b>L&rsquo;id\u00e9e<\/b> \u00b7 gardez le spa pour les fins de journ\u00e9e, quand la plage se vide.<\/div>\n<\/div>\n<div class=\"maj-gl-card\">\n<div class=\"maj-gl-cn\">La plage \u00e0 port\u00e9e de pas<\/div>\n<div class=\"maj-gl-cd\">\u00c0 proximit\u00e9 imm\u00e9diate de la plage de Can Pastilla, l&rsquo;h\u00f4tel ouvre directement sur les eaux de la M\u00e9diterran\u00e9e.<\/div>\n<div class=\"maj-gl-tip\"><b>L&rsquo;id\u00e9e<\/b> \u00b7 les criques voisines r\u00e9compensent une courte balade c\u00f4ti\u00e8re.<\/div>\n<\/div>\n<div class=\"maj-gl-card\">\n<div class=\"maj-gl-cn\">Z\u00e9ro intendance<\/div>\n<div class=\"maj-gl-cd\">Repas, boissons et activit\u00e9s sont compris : on profite sans calculer, sans r\u00e9server, sans surprise au moment de l&rsquo;addition.<\/div>\n<div class=\"maj-gl-tip\"><b>L&rsquo;id\u00e9e<\/b> \u00b7 id\u00e9al pour un premier voyage en famille ou en couple.<\/div>\n<\/div>\n<\/div>\n<h2>Des offres adapt\u00e9es \u00e0 tous<\/h2>\n<p>Les offres de s\u00e9jours \u00e0 Majorque sont vari\u00e9es et s&rsquo;adaptent \u00e0 tous les budgets. Que vous partiez en couple, en famille ou entre amis, il existe une multitude d&rsquo;options pour r\u00e9pondre \u00e0 vos attentes. Les prix d\u00e9butent \u00e0 partir de 339\u20ac par personne, incluant les vols A\/R et les transferts a\u00e9roport.<\/p>\n<p>De plus, des r\u00e9ductions sont souvent disponibles pour les longs s\u00e9jours. Par exemple, vous pourriez b\u00e9n\u00e9ficier d&rsquo;une remise de 5% pour un s\u00e9jour de plus de cinq nuits en f\u00e9vrier et mars. Ainsi, chaque voyageur peut personnaliser son exp\u00e9rience et profiter au maximum de son s\u00e9jour.<\/p>\n<table class=\"maj-gl-table\">\n<thead>\n<tr>\n<th>Ce qui est inclus<\/th>\n<th>Le d\u00e9tail<\/th>\n<\/tr>\n<\/thead>\n<tbody>\n<tr>\n<td>Vols aller-retour<\/td>\n<td>Compris dans le prix de d\u00e9part<\/td>\n<\/tr>\n<tr>\n<td>Transferts a\u00e9roport<\/td>\n<td>Inclus jusqu&rsquo;\u00e0 l&rsquo;h\u00f4tel<\/td>\n<\/tr>\n<tr>\n<td>Pension<\/td>\n<td>Formule tout inclus (repas et activit\u00e9s)<\/td>\n<\/tr>\n<tr>\n<td>Bien-\u00eatre<\/td>\n<td>Spa, sauna, hammam, jacuzzi, piscine<\/td>\n<\/tr>\n<tr>\n<td>Remise long s\u00e9jour<\/td>\n<td>\u22125 % au-del\u00e0 de 5 nuits (f\u00e9vrier et mars)<\/td>\n<\/tr>\n<\/tbody>\n<\/table>\n<h3>Ce que propose ce s\u00e9jour<\/h3>\n<ul class=\"maj-gl-list\">\n<li>H\u00f4tel design et bien not\u00e9<\/li>\n<li>Id\u00e9al pour les couples et les familles<\/li>\n<li>Piscine et spa disponibles<\/li>\n<li>Acc\u00e8s direct \u00e0 la plage<\/li>\n<li>Formule tout inclus<\/li>\n<li>Emplacement privil\u00e9gi\u00e9<\/li>\n<\/ul>\n<p>Explorez Majorque en toute s\u00e9r\u00e9nit\u00e9, o\u00f9 chaque instant devient une occasion de savourer la vie. Que vous aimiez l&rsquo;animation des march\u00e9s locaux ou la tranquillit\u00e9 des criques isol\u00e9es, cette \u00eele a de quoi s\u00e9duire tous les types de voyageurs. Les activit\u00e9s ne manquent pas, des randonn\u00e9es dans les collines aux balades en bateau le long de la c\u00f4te.<\/p>\n<div class=\"maj-gl-check\">\n<div class=\"maj-gl-col maj-gl-yes\">\n<div class=\"maj-gl-ch\">\u00c0 faire sur place<\/div>\n<ul>\n<li>Profiter du spa aux heures creuses<\/li>\n<li>Marcher jusqu&rsquo;aux criques isol\u00e9es<\/li>\n<li>Go\u00fbter \u00e0 l&rsquo;ambiance des march\u00e9s locaux<\/li>\n<li>Tenter une balade en bateau le long de la c\u00f4te<\/li>\n<\/ul>\n<\/div>\n<div class=\"maj-gl-col maj-gl-no\">\n<div class=\"maj-gl-ch\">\u00c0 \u00e9viter<\/div>\n<ul>\n<li>Rester cantonn\u00e9 \u00e0 l&rsquo;h\u00f4tel toute la semaine<\/li>\n<li>N\u00e9gliger la cr\u00e8me solaire au bord de l&rsquo;eau<\/li>\n<li>R\u00e9server hors p\u00e9riode de remise sans comparer<\/li>\n<li>Oublier de profiter du tout inclus d\u00e9j\u00e0 pay\u00e9<\/li>\n<\/ul>\n<\/div>\n<\/div>\n<div class=\"maj-gl-retain\">\n<div class=\"maj-gl-rt\">\u00c0 retenir<\/div>\n<ul>\n<li>Six jours en formule tout inclus \u00e0 Majorque, repas et activit\u00e9s compris.<\/li>\n<li>Prix de d\u00e9part \u00e0 339 \u20ac par personne, vols A\/R et transferts a\u00e9roport inclus.<\/li>\n<li>Remise de 5 % pour un s\u00e9jour de plus de cinq nuits en f\u00e9vrier et mars.<\/li>\n<li>H\u00f4tel not\u00e9 4\/5 sur Tripadvisor, \u00e0 proximit\u00e9 de la plage de Can Pastilla.<\/li>\n<li>Spa, sauna, hammam, jacuzzi et piscine en acc\u00e8s illimit\u00e9.<\/li>\n<\/ul>\n<\/div>\n<h2>Questions fr\u00e9quentes<\/h2>\n<div class=\"maj-gl-faq\">\n<details>\n<summary>Que comprend la formule tout inclus \u00e0 Majorque ?<\/summary>\n<div class=\"maj-gl-fa\">Elle couvre les repas et les activit\u00e9s sur place, ainsi que l&rsquo;acc\u00e8s aux installations de l&rsquo;h\u00f4tel (spa, sauna, hammam, jacuzzi, piscine). Les vols aller-retour et les transferts a\u00e9roport sont \u00e9galement inclus dans le prix de d\u00e9part.<\/div>\n<\/details>\n<details>\n<summary>Combien co\u00fbte ce s\u00e9jour \u00e0 Majorque ?<\/summary>\n<div class=\"maj-gl-fa\">Les prix d\u00e9butent \u00e0 partir de 339 \u20ac par personne, vols A\/R et transferts a\u00e9roport compris. Une remise de 5 % est propos\u00e9e pour les s\u00e9jours de plus de cinq nuits en f\u00e9vrier et mars.<\/div>\n<\/details>\n<details>\n<summary>O\u00f9 se situe l&rsquo;h\u00f4tel ?<\/summary>\n<div class=\"maj-gl-fa\">L&rsquo;\u00e9tablissement se trouve \u00e0 proximit\u00e9 de la plage de Can Pastilla, donnant acc\u00e8s aux eaux de la mer M\u00e9diterran\u00e9e. Il affiche une note de 4\/5 sur Tripadvisor.<\/div>\n<\/details>\n<details>\n<summary>Ce s\u00e9jour convient-il aux familles ?<\/summary>\n<div class=\"maj-gl-fa\">Oui. Les offres s&rsquo;adaptent \u00e0 tous les budgets et profils, que l&rsquo;on parte en couple, en famille ou entre amis, avec une piscine, un spa et un acc\u00e8s direct \u00e0 la plage.<\/div>\n<\/details>\n<\/div>\n<p>N&rsquo;attendez plus pour faire de vos r\u00eaves de vacances une r\u00e9alit\u00e9. R\u00e9servez votre s\u00e9jour tout inclus \u00e0 Majorque d\u00e8s maintenant et pr\u00e9parez-vous \u00e0 vivre des moments m\u00e9morables sous le soleil des Bal\u00e9ares. Vous ne le regretterez pas, car chaque jour sera une nouvelle aventure.<\/p>\n<\/div>\n","protected":false},"excerpt":{"rendered":"","protected":false},"author":34,"featured_media":12108,"comment_status":"open","ping_status":"open","sticky":false,"template":"","format":"standard","meta":{"_acf_changed":false,"manual_indexmenow":false,"indexmenow_id_project":0,"footnotes":""},"categories":[1],"tags":[4538,4530,4528,4547,4526],"class_list":["post-8574","post","type-post","status-publish","format-standard","has-post-thumbnail","hentry","category-a-la-une","tag-activites-variees","tag-escapade-en-europe","tag-hebergement-abordable","tag-plages-paradisiaques","tag-voyage-economique","generate-columns","tablet-grid-50","mobile-grid-100","grid-parent","grid-25"],"acf":[],"yoast_head":"<!-- This site is optimized with the Yoast SEO Premium plugin v21.3 (Yoast SEO v25.1) - https:\/\/yoast.com\/wordpress\/plugins\/seo\/ -->\n<title>D\u00e9couvrez Majorque en tout inclus : l&#039;\u00e9vasion parfaite au<\/title>\n<meta name=\"description\" content=\"Du soleil six jours sur six, une plage \u00e0 deux pas et une formule o\u00f9 l&#039;on ne sort jamais le portefeuille : Majorque en tout inclus coche les cases d&#039;une\" \/>\n<meta name=\"robots\" content=\"index, follow, max-snippet:-1, max-image-preview:large, max-video-preview:-1\" \/>\n<link rel=\"canonical\" href=\"https:\/\/voyage-aventure.com\/blog\/a-la-une\/decouvrez-majorque-en-tout-inclus-levasion-parfaite-au-soleil-des-baleares\/\" \/>\n<meta property=\"og:locale\" content=\"fr_FR\" \/>\n<meta property=\"og:type\" content=\"article\" \/>\n<meta property=\"og:title\" content=\"D\u00e9couvrez Majorque en tout inclus : l&#039;\u00e9vasion parfaite au\" \/>\n<meta property=\"og:description\" content=\"Du soleil six jours sur six, une plage \u00e0 deux pas et une formule o\u00f9 l&#039;on ne sort jamais le portefeuille : Majorque en tout inclus coche les cases d&#039;une\" \/>\n<meta property=\"og:url\" content=\"https:\/\/voyage-aventure.com\/blog\/a-la-une\/decouvrez-majorque-en-tout-inclus-levasion-parfaite-au-soleil-des-baleares\/\" \/>\n<meta property=\"og:site_name\" content=\"voyage-aventure\" \/>\n<meta property=\"og:image\" content=\"https:\/\/voyage-aventure.com\/blog\/wp-content\/uploads\/2025\/02\/sdxl-2b47fb76cbed68ea139bf5fd2c9cf1fe.png\" \/>\n\t<meta property=\"og:image:width\" content=\"1200\" \/>\n\t<meta property=\"og:image:height\" content=\"500\" \/>\n\t<meta property=\"og:image:type\" content=\"image\/png\" \/>\n<meta name=\"author\" content=\"Camille Rouvray\" \/>\n<meta name=\"twitter:card\" content=\"summary_large_image\" \/>\n<script type=\"application\/ld+json\" class=\"yoast-schema-graph\">{\"@context\":\"https:\/\/schema.org\",\"@graph\":[{\"@type\":\"NewsArticle\",\"@id\":\"https:\/\/voyage-aventure.com\/blog\/a-la-une\/decouvrez-majorque-en-tout-inclus-levasion-parfaite-au-soleil-des-baleares\/#article\",\"isPartOf\":{\"@id\":\"https:\/\/voyage-aventure.com\/blog\/a-la-une\/decouvrez-majorque-en-tout-inclus-levasion-parfaite-au-soleil-des-baleares\/\"},\"author\":{\"name\":\"Camille Rouvray\",\"@id\":\"https:\/\/voyage-aventure.com\/blog\/#\/schema\/person\/3c864cdc320801e3db34b663e7e3f816\"},\"headline\":\"D\u00e9couvrez Majorque en tout inclus : l&rsquo;\u00e9vasion parfaite au soleil des Bal\u00e9ares\",\"datePublished\":\"2026-06-12T18:04:03+00:00\",\"mainEntityOfPage\":{\"@id\":\"https:\/\/voyage-aventure.com\/blog\/a-la-une\/decouvrez-majorque-en-tout-inclus-levasion-parfaite-au-soleil-des-baleares\/\"},\"wordCount\":1106,\"commentCount\":24,\"publisher\":{\"@id\":\"https:\/\/voyage-aventure.com\/blog\/#organization\"},\"image\":{\"@id\":\"https:\/\/voyage-aventure.com\/blog\/a-la-une\/decouvrez-majorque-en-tout-inclus-levasion-parfaite-au-soleil-des-baleares\/#primaryimage\"},\"thumbnailUrl\":\"https:\/\/voyage-aventure.com\/blog\/wp-content\/uploads\/2025\/02\/sdxl-2b47fb76cbed68ea139bf5fd2c9cf1fe.png\",\"keywords\":[\"Activit\u00e9s Vari\u00e9es\",\"Escapade en Europe\",\"H\u00e9bergement Abordable\",\"Plages Paradisiaques\",\"Voyage \u00c9conomique\"],\"articleSection\":[\"\u00c0 la une\"],\"inLanguage\":\"fr-FR\",\"potentialAction\":[{\"@type\":\"CommentAction\",\"name\":\"Comment\",\"target\":[\"https:\/\/voyage-aventure.com\/blog\/a-la-une\/decouvrez-majorque-en-tout-inclus-levasion-parfaite-au-soleil-des-baleares\/#respond\"]}]},{\"@type\":\"WebPage\",\"@id\":\"https:\/\/voyage-aventure.com\/blog\/a-la-une\/decouvrez-majorque-en-tout-inclus-levasion-parfaite-au-soleil-des-baleares\/\",\"url\":\"https:\/\/voyage-aventure.com\/blog\/a-la-une\/decouvrez-majorque-en-tout-inclus-levasion-parfaite-au-soleil-des-baleares\/\",\"name\":\"D\u00e9couvrez Majorque en tout inclus : l'\u00e9vasion parfaite au\",\"isPartOf\":{\"@id\":\"https:\/\/voyage-aventure.com\/blog\/#website\"},\"primaryImageOfPage\":{\"@id\":\"https:\/\/voyage-aventure.com\/blog\/a-la-une\/decouvrez-majorque-en-tout-inclus-levasion-parfaite-au-soleil-des-baleares\/#primaryimage\"},\"image\":{\"@id\":\"https:\/\/voyage-aventure.com\/blog\/a-la-une\/decouvrez-majorque-en-tout-inclus-levasion-parfaite-au-soleil-des-baleares\/#primaryimage\"},\"thumbnailUrl\":\"https:\/\/voyage-aventure.com\/blog\/wp-content\/uploads\/2025\/02\/sdxl-2b47fb76cbed68ea139bf5fd2c9cf1fe.png\",\"datePublished\":\"2026-06-12T18:04:03+00:00\",\"description\":\"Du soleil six jours sur six, une plage \u00e0 deux pas et une formule o\u00f9 l'on ne sort jamais le portefeuille : Majorque en tout inclus coche les cases d'une\",\"inLanguage\":\"fr-FR\",\"potentialAction\":[{\"@type\":\"ReadAction\",\"target\":[\"https:\/\/voyage-aventure.com\/blog\/a-la-une\/decouvrez-majorque-en-tout-inclus-levasion-parfaite-au-soleil-des-baleares\/\"]}]},{\"@type\":\"ImageObject\",\"inLanguage\":\"fr-FR\",\"@id\":\"https:\/\/voyage-aventure.com\/blog\/a-la-une\/decouvrez-majorque-en-tout-inclus-levasion-parfaite-au-soleil-des-baleares\/#primaryimage\",\"url\":\"https:\/\/voyage-aventure.com\/blog\/wp-content\/uploads\/2025\/02\/sdxl-2b47fb76cbed68ea139bf5fd2c9cf1fe.png\",\"contentUrl\":\"https:\/\/voyage-aventure.com\/blog\/wp-content\/uploads\/2025\/02\/sdxl-2b47fb76cbed68ea139bf5fd2c9cf1fe.png\",\"width\":1536,\"height\":640},{\"@type\":\"WebSite\",\"@id\":\"https:\/\/voyage-aventure.com\/blog\/#website\",\"url\":\"https:\/\/voyage-aventure.com\/blog\/\",\"name\":\"voyage-aventure.com\",\"description\":\"Votre passeport pour l\u2019inattendu.\",\"publisher\":{\"@id\":\"https:\/\/voyage-aventure.com\/blog\/#organization\"},\"alternateName\":\"Votre passeport pour l\u2019inattendu.\",\"potentialAction\":[{\"@type\":\"SearchAction\",\"target\":{\"@type\":\"EntryPoint\",\"urlTemplate\":\"https:\/\/voyage-aventure.com\/blog\/?s={search_term_string}\"},\"query-input\":{\"@type\":\"PropertyValueSpecification\",\"valueRequired\":true,\"valueName\":\"search_term_string\"}}],\"inLanguage\":\"fr-FR\"},{\"@type\":\"Organization\",\"@id\":\"https:\/\/voyage-aventure.com\/blog\/#organization\",\"name\":\"Foretsensations.fr\",\"url\":\"https:\/\/voyage-aventure.com\/blog\/\",\"logo\":{\"@type\":\"ImageObject\",\"inLanguage\":\"fr-FR\",\"@id\":\"https:\/\/voyage-aventure.com\/blog\/#\/schema\/logo\/image\/\",\"url\":\"https:\/\/voyage-aventure.com\/blog\/wp-content\/uploads\/2024\/12\/19.png\",\"contentUrl\":\"https:\/\/voyage-aventure.com\/blog\/wp-content\/uploads\/2024\/12\/19.png\",\"width\":512,\"height\":512,\"caption\":\"Foretsensations.fr\"},\"image\":{\"@id\":\"https:\/\/voyage-aventure.com\/blog\/#\/schema\/logo\/image\/\"}},{\"@type\":\"Person\",\"@id\":\"https:\/\/voyage-aventure.com\/blog\/#\/schema\/person\/3c864cdc320801e3db34b663e7e3f816\",\"name\":\"Camille Rouvray\",\"image\":{\"@type\":\"ImageObject\",\"inLanguage\":\"fr-FR\",\"@id\":\"https:\/\/voyage-aventure.com\/blog\/#\/schema\/person\/image\/\",\"url\":\"https:\/\/voyage-aventure.com\/blog\/wp-content\/uploads\/2026\/06\/persona_camille-r-96x96.jpg\",\"contentUrl\":\"https:\/\/voyage-aventure.com\/blog\/wp-content\/uploads\/2026\/06\/persona_camille-r-96x96.jpg\",\"caption\":\"Camille Rouvray\"},\"description\":\"Je voyage et j'\u00e9cris sur le voyage depuis une douzaine d'ann\u00e9es, d'abord en tant que routarde au long cours, puis comme r\u00e9dactrice sp\u00e9cialis\u00e9e. Mon terrain de pr\u00e9dilection, ce sont les circuits organis\u00e9s et l'art de bien pr\u00e9parer un itin\u00e9raire : choix de la saison, dur\u00e9e r\u00e9aliste des \u00e9tapes, budget jour par jour, logement et transport sur place. J'aime aussi raconter les p\u00e9pites urbaines, ces adresses qu'on ne trouve pas dans les guides classiques. Avant de publier un dossier destination, je croise toujours plusieurs sources, je v\u00e9rifie les tarifs et les formalit\u00e9s d'entr\u00e9e \u00e0 jour, et je teste moi-m\u00eame quand je le peux. Mon angle reste pratique avant tout : aider le lecteur \u00e0 partir l'esprit tranquille, sans mauvaise surprise une fois sur place. Je m'attache \u00e0 distinguer le coup de c\u0153ur sinc\u00e8re du simple argument marketing.\",\"sameAs\":[\"https:\/\/camillerouvray.fr\/\"],\"url\":\"https:\/\/voyage-aventure.com\/blog\/auteur\/noname\/\"}]}<\/script>\n<!-- \/ Yoast SEO Premium plugin. -->","yoast_head_json":{"title":"D\u00e9couvrez Majorque en tout inclus : l'\u00e9vasion parfaite au","description":"Du soleil six jours sur six, une plage \u00e0 deux pas et une formule o\u00f9 l'on ne sort jamais le portefeuille : Majorque en tout inclus coche les cases d'une","robots":{"index":"index","follow":"follow","max-snippet":"max-snippet:-1","max-image-preview":"max-image-preview:large","max-video-preview":"max-video-preview:-1"},"canonical":"https:\/\/voyage-aventure.com\/blog\/a-la-une\/decouvrez-majorque-en-tout-inclus-levasion-parfaite-au-soleil-des-baleares\/","og_locale":"fr_FR","og_type":"article","og_title":"D\u00e9couvrez Majorque en tout inclus : l'\u00e9vasion parfaite au","og_description":"Du soleil six jours sur six, une plage \u00e0 deux pas et une formule o\u00f9 l'on ne sort jamais le portefeuille : Majorque en tout inclus coche les cases d'une","og_url":"https:\/\/voyage-aventure.com\/blog\/a-la-une\/decouvrez-majorque-en-tout-inclus-levasion-parfaite-au-soleil-des-baleares\/","og_site_name":"voyage-aventure","og_image":[{"url":"https:\/\/voyage-aventure.com\/blog\/wp-content\/uploads\/2025\/02\/sdxl-2b47fb76cbed68ea139bf5fd2c9cf1fe.png","width":1200,"height":500,"type":"image\/png"}],"author":"Camille Rouvray","twitter_card":"summary_large_image","schema":{"@context":"https:\/\/schema.org","@graph":[{"@type":"NewsArticle","@id":"https:\/\/voyage-aventure.com\/blog\/a-la-une\/decouvrez-majorque-en-tout-inclus-levasion-parfaite-au-soleil-des-baleares\/#article","isPartOf":{"@id":"https:\/\/voyage-aventure.com\/blog\/a-la-une\/decouvrez-majorque-en-tout-inclus-levasion-parfaite-au-soleil-des-baleares\/"},"author":{"name":"Camille Rouvray","@id":"https:\/\/voyage-aventure.com\/blog\/#\/schema\/person\/3c864cdc320801e3db34b663e7e3f816"},"headline":"D\u00e9couvrez Majorque en tout inclus : l&rsquo;\u00e9vasion parfaite au soleil des Bal\u00e9ares","datePublished":"2026-06-12T18:04:03+00:00","mainEntityOfPage":{"@id":"https:\/\/voyage-aventure.com\/blog\/a-la-une\/decouvrez-majorque-en-tout-inclus-levasion-parfaite-au-soleil-des-baleares\/"},"wordCount":1106,"commentCount":24,"publisher":{"@id":"https:\/\/voyage-aventure.com\/blog\/#organization"},"image":{"@id":"https:\/\/voyage-aventure.com\/blog\/a-la-une\/decouvrez-majorque-en-tout-inclus-levasion-parfaite-au-soleil-des-baleares\/#primaryimage"},"thumbnailUrl":"https:\/\/voyage-aventure.com\/blog\/wp-content\/uploads\/2025\/02\/sdxl-2b47fb76cbed68ea139bf5fd2c9cf1fe.png","keywords":["Activit\u00e9s Vari\u00e9es","Escapade en Europe","H\u00e9bergement Abordable","Plages Paradisiaques","Voyage \u00c9conomique"],"articleSection":["\u00c0 la une"],"inLanguage":"fr-FR","potentialAction":[{"@type":"CommentAction","name":"Comment","target":["https:\/\/voyage-aventure.com\/blog\/a-la-une\/decouvrez-majorque-en-tout-inclus-levasion-parfaite-au-soleil-des-baleares\/#respond"]}]},{"@type":"WebPage","@id":"https:\/\/voyage-aventure.com\/blog\/a-la-une\/decouvrez-majorque-en-tout-inclus-levasion-parfaite-au-soleil-des-baleares\/","url":"https:\/\/voyage-aventure.com\/blog\/a-la-une\/decouvrez-majorque-en-tout-inclus-levasion-parfaite-au-soleil-des-baleares\/","name":"D\u00e9couvrez Majorque en tout inclus : l'\u00e9vasion parfaite au","isPartOf":{"@id":"https:\/\/voyage-aventure.com\/blog\/#website"},"primaryImageOfPage":{"@id":"https:\/\/voyage-aventure.com\/blog\/a-la-une\/decouvrez-majorque-en-tout-inclus-levasion-parfaite-au-soleil-des-baleares\/#primaryimage"},"image":{"@id":"https:\/\/voyage-aventure.com\/blog\/a-la-une\/decouvrez-majorque-en-tout-inclus-levasion-parfaite-au-soleil-des-baleares\/#primaryimage"},"thumbnailUrl":"https:\/\/voyage-aventure.com\/blog\/wp-content\/uploads\/2025\/02\/sdxl-2b47fb76cbed68ea139bf5fd2c9cf1fe.png","datePublished":"2026-06-12T18:04:03+00:00","description":"Du soleil six jours sur six, une plage \u00e0 deux pas et une formule o\u00f9 l'on ne sort jamais le portefeuille : Majorque en tout inclus coche les cases d'une","inLanguage":"fr-FR","potentialAction":[{"@type":"ReadAction","target":["https:\/\/voyage-aventure.com\/blog\/a-la-une\/decouvrez-majorque-en-tout-inclus-levasion-parfaite-au-soleil-des-baleares\/"]}]},{"@type":"ImageObject","inLanguage":"fr-FR","@id":"https:\/\/voyage-aventure.com\/blog\/a-la-une\/decouvrez-majorque-en-tout-inclus-levasion-parfaite-au-soleil-des-baleares\/#primaryimage","url":"https:\/\/voyage-aventure.com\/blog\/wp-content\/uploads\/2025\/02\/sdxl-2b47fb76cbed68ea139bf5fd2c9cf1fe.png","contentUrl":"https:\/\/voyage-aventure.com\/blog\/wp-content\/uploads\/2025\/02\/sdxl-2b47fb76cbed68ea139bf5fd2c9cf1fe.png","width":1536,"height":640},{"@type":"WebSite","@id":"https:\/\/voyage-aventure.com\/blog\/#website","url":"https:\/\/voyage-aventure.com\/blog\/","name":"voyage-aventure.com","description":"Votre passeport pour l\u2019inattendu.","publisher":{"@id":"https:\/\/voyage-aventure.com\/blog\/#organization"},"alternateName":"Votre passeport pour l\u2019inattendu.","potentialAction":[{"@type":"SearchAction","target":{"@type":"EntryPoint","urlTemplate":"https:\/\/voyage-aventure.com\/blog\/?s={search_term_string}"},"query-input":{"@type":"PropertyValueSpecification","valueRequired":true,"valueName":"search_term_string"}}],"inLanguage":"fr-FR"},{"@type":"Organization","@id":"https:\/\/voyage-aventure.com\/blog\/#organization","name":"Foretsensations.fr","url":"https:\/\/voyage-aventure.com\/blog\/","logo":{"@type":"ImageObject","inLanguage":"fr-FR","@id":"https:\/\/voyage-aventure.com\/blog\/#\/schema\/logo\/image\/","url":"https:\/\/voyage-aventure.com\/blog\/wp-content\/uploads\/2024\/12\/19.png","contentUrl":"https:\/\/voyage-aventure.com\/blog\/wp-content\/uploads\/2024\/12\/19.png","width":512,"height":512,"caption":"Foretsensations.fr"},"image":{"@id":"https:\/\/voyage-aventure.com\/blog\/#\/schema\/logo\/image\/"}},{"@type":"Person","@id":"https:\/\/voyage-aventure.com\/blog\/#\/schema\/person\/3c864cdc320801e3db34b663e7e3f816","name":"Camille Rouvray","image":{"@type":"ImageObject","inLanguage":"fr-FR","@id":"https:\/\/voyage-aventure.com\/blog\/#\/schema\/person\/image\/","url":"https:\/\/voyage-aventure.com\/blog\/wp-content\/uploads\/2026\/06\/persona_camille-r-96x96.jpg","contentUrl":"https:\/\/voyage-aventure.com\/blog\/wp-content\/uploads\/2026\/06\/persona_camille-r-96x96.jpg","caption":"Camille Rouvray"},"description":"Je voyage et j'\u00e9cris sur le voyage depuis une douzaine d'ann\u00e9es, d'abord en tant que routarde au long cours, puis comme r\u00e9dactrice sp\u00e9cialis\u00e9e. Mon terrain de pr\u00e9dilection, ce sont les circuits organis\u00e9s et l'art de bien pr\u00e9parer un itin\u00e9raire : choix de la saison, dur\u00e9e r\u00e9aliste des \u00e9tapes, budget jour par jour, logement et transport sur place. J'aime aussi raconter les p\u00e9pites urbaines, ces adresses qu'on ne trouve pas dans les guides classiques. Avant de publier un dossier destination, je croise toujours plusieurs sources, je v\u00e9rifie les tarifs et les formalit\u00e9s d'entr\u00e9e \u00e0 jour, et je teste moi-m\u00eame quand je le peux. Mon angle reste pratique avant tout : aider le lecteur \u00e0 partir l'esprit tranquille, sans mauvaise surprise une fois sur place. Je m'attache \u00e0 distinguer le coup de c\u0153ur sinc\u00e8re du simple argument marketing.","sameAs":["https:\/\/camillerouvray.fr\/"],"url":"https:\/\/voyage-aventure.com\/blog\/auteur\/noname\/"}]}},"_links":{"self":[{"href":"https:\/\/voyage-aventure.com\/blog\/wp-json\/wp\/v2\/posts\/8574","targetHints":{"allow":["GET"]}}],"collection":[{"href":"https:\/\/voyage-aventure.com\/blog\/wp-json\/wp\/v2\/posts"}],"about":[{"href":"https:\/\/voyage-aventure.com\/blog\/wp-json\/wp\/v2\/types\/post"}],"author":[{"embeddable":true,"href":"https:\/\/voyage-aventure.com\/blog\/wp-json\/wp\/v2\/users\/34"}],"replies":[{"embeddable":true,"href":"https:\/\/voyage-aventure.com\/blog\/wp-json\/wp\/v2\/comments?post=8574"}],"version-history":[{"count":1,"href":"https:\/\/voyage-aventure.com\/blog\/wp-json\/wp\/v2\/posts\/8574\/revisions"}],"predecessor-version":[{"id":22207,"href":"https:\/\/voyage-aventure.com\/blog\/wp-json\/wp\/v2\/posts\/8574\/revisions\/22207"}],"wp:featuredmedia":[{"embeddable":true,"href":"https:\/\/voyage-aventure.com\/blog\/wp-json\/wp\/v2\/media\/12108"}],"wp:attachment":[{"href":"https:\/\/voyage-aventure.com\/blog\/wp-json\/wp\/v2\/media?parent=8574"}],"wp:term":[{"taxonomy":"category","embeddable":true,"href":"https:\/\/voyage-aventure.com\/blog\/wp-json\/wp\/v2\/categories?post=8574"},{"taxonomy":"post_tag","embeddable":true,"href":"https:\/\/voyage-aventure.com\/blog\/wp-json\/wp\/v2\/tags?post=8574"}],"curies":[{"name":"wp","href":"https:\/\/api.w.org\/{rel}","templated":true}]}}