{"id":8549,"date":"2026-05-17T16:35:18","date_gmt":"2026-05-17T14:35:18","guid":{"rendered":"https:\/\/voyage-aventure.com\/blog\/?p=8549"},"modified":"2026-05-17T16:35:18","modified_gmt":"2026-05-17T14:35:18","slug":"decouvrez-les-acores-des-vols-directs-a-prix-abordables-pour-une-escapade-inoubliable","status":"publish","type":"post","link":"https:\/\/voyage-aventure.com\/blog\/a-la-une\/decouvrez-les-acores-des-vols-directs-a-prix-abordables-pour-une-escapade-inoubliable\/","title":{"rendered":"D\u00e9couvrez les A\u00e7ores : des vols directs \u00e0 prix abordables pour une escapade inoubliable"},"content":{"rendered":"<aside style=\"background:#f5efe7;border-left:5px solid #6a4a2a;padding:22px 28px;margin:24px 0;font-family:-apple-system,BlinkMacSystemFont,'Segoe UI',Roboto,sans-serif;\">\n<div style=\"margin:0;font-size:19px;line-height:1.55;color:#2a2a2a;font-weight:500;letter-spacing:-0.005em;\">Neuf \u00eeles volcaniques perdues \u00e0 mi-chemin entre Lisbonne et New York, des lacs de crat\u00e8re bleu turquoise, des baleines en pleine migration et une cuisine cuite par la chaleur de la terre. Les A\u00e7ores ne sont plus un secret \u2014 mais elles restent un terrain de jeu sauvage \u00e0 port\u00e9e de vol direct.<\/div>\n<\/aside>\n<h2>Les A\u00e7ores, une destination \u00e0 couper le souffle<\/h2>\n<p>Les A\u00e7ores, archipel portugais en plein Atlantique, vous promettent des paysages d&rsquo;une beaut\u00e9 exceptionnelle. Avec ses lacs de crat\u00e8res, ses falaises verdoyantes et ses sources thermales, cet endroit est un v\u00e9ritable bijou naturel \u00e0 explorer. \u00c0 seulement quatre heures de vol de la France, cette destination est id\u00e9ale pour les amateurs d&rsquo;aventure et de nature.<br \/>\nLa diversit\u00e9 des paysages offre une multitude d&rsquo;activit\u00e9s pour tous les go\u00fbts. Que vous soyez passionn\u00e9 de randonn\u00e9e, d&rsquo;observation des baleines ou de d\u00e9tente sur des plages volcaniques, les A\u00e7ores sauront vous s\u00e9duire. En outre, l&rsquo;archipel est r\u00e9put\u00e9 pour sa gastronomie unique, notamment le fameux \u00ab\u00a0Cozido das Furnas\u00a0\u00bb, un plat traditionnel cuit gr\u00e2ce \u00e0 la chaleur g\u00e9othermique des fumerolles de S\u00e3o Miguel.<\/p>\n<aside style=\"background:#fafaf7;border:1px solid #e5e5e0;border-radius:8px;padding:24px 26px 26px;margin:28px 0;font-family:-apple-system,BlinkMacSystemFont,'Segoe UI',Roboto,sans-serif;\">\n<div style=\"margin:0 0 18px 0;font-size:11px;font-weight:700;text-transform:uppercase;letter-spacing:2.2px;color:#6a4a2a;\">\u00c0 retenir<\/div>\n<div style=\"display:grid;grid-template-columns:repeat(auto-fit,minmax(240px,1fr));gap:10px;\">\n<div style=\"display:flex;gap:12px;background:#fff;border:1px solid #ebebe5;padding:12px 14px;border-radius:6px;align-items:flex-start;\"><span style=\"flex:0 0 26px;width:26px;height:26px;background:#6a4a2a;color:#fff;border-radius:50%;display:inline-flex;align-items:center;justify-content:center;font-size:12px;font-weight:700;font-family:-apple-system,sans-serif;\">1<\/span><span style=\"font-size:14px;line-height:1.5;color:#2a2a2a;\">Vols directs Paris CDG \u2194 Ponta Delgada : 4 h environ, op\u00e9r\u00e9s notamment par SATA Azores Airlines et TAP Air Portugal.<\/span><\/div>\n<div style=\"display:flex;gap:12px;background:#fff;border:1px solid #ebebe5;padding:12px 14px;border-radius:6px;align-items:flex-start;\"><span style=\"flex:0 0 26px;width:26px;height:26px;background:#6a4a2a;color:#fff;border-radius:50%;display:inline-flex;align-items:center;justify-content:center;font-size:12px;font-weight:700;font-family:-apple-system,sans-serif;\">2<\/span><span style=\"font-size:14px;line-height:1.5;color:#2a2a2a;\">Archipel de 9 \u00eeles habit\u00e9es, class\u00e9es en trois groupes (oriental, central, occidental).<\/span><\/div>\n<div style=\"display:flex;gap:12px;background:#fff;border:1px solid #ebebe5;padding:12px 14px;border-radius:6px;align-items:flex-start;\"><span style=\"flex:0 0 26px;width:26px;height:26px;background:#6a4a2a;color:#fff;border-radius:50%;display:inline-flex;align-items:center;justify-content:center;font-size:12px;font-weight:700;font-family:-apple-system,sans-serif;\">3<\/span><span style=\"font-size:14px;line-height:1.5;color:#2a2a2a;\">\u00cele d&rsquo;entr\u00e9e principale : S\u00e3o Miguel, la plus grande et la mieux connect\u00e9e par air.<\/span><\/div>\n<div style=\"display:flex;gap:12px;background:#fff;border:1px solid #ebebe5;padding:12px 14px;border-radius:6px;align-items:flex-start;\"><span style=\"flex:0 0 26px;width:26px;height:26px;background:#6a4a2a;color:#fff;border-radius:50%;display:inline-flex;align-items:center;justify-content:center;font-size:12px;font-weight:700;font-family:-apple-system,sans-serif;\">4<\/span><span style=\"font-size:14px;line-height:1.5;color:#2a2a2a;\">M\u00e9t\u00e9o changeante toute l&rsquo;ann\u00e9e : empilez les couches, comptez 4 saisons en une journ\u00e9e.<\/span><\/div>\n<div style=\"display:flex;gap:12px;background:#fff;border:1px solid #ebebe5;padding:12px 14px;border-radius:6px;align-items:flex-start;\"><span style=\"flex:0 0 26px;width:26px;height:26px;background:#6a4a2a;color:#fff;border-radius:50%;display:inline-flex;align-items:center;justify-content:center;font-size:12px;font-weight:700;font-family:-apple-system,sans-serif;\">5<\/span><span style=\"font-size:14px;line-height:1.5;color:#2a2a2a;\">Saut entre \u00eeles via vols int\u00e9rieurs SATA Air A\u00e7ores ou ferries Atl\u00e2nticoline (groupe central).<\/span><\/div>\n<\/div>\n<\/aside>\n<h2>Quelle \u00eele choisir pour ouvrir le bal ?<\/h2>\n<p>Choisir son point de chute conditionne tout le voyage. S\u00e3o Miguel rassemble \u00e0 elle seule presque toutes les images d&rsquo;\u00c9pinal de l&rsquo;archipel \u2014 Sete Cidades, Furnas, Lagoa do Fogo \u2014 et reste l&rsquo;option la plus rationnelle pour un premier s\u00e9jour. Mais Pico, Faial ou Terceira offrent une atmosph\u00e8re plus brute, moins fr\u00e9quent\u00e9e, plus authentique.<br \/>\nVoici six \u00eeles \u00e0 conna\u00eetre pour b\u00e2tir votre itin\u00e9raire, du d\u00e9butant \u00e9merveill\u00e9 au baroudeur en qu\u00eate de bout du monde.<\/p>\n<div style=\"display:grid;grid-template-columns:repeat(auto-fit,minmax(220px,1fr));gap:14px;margin:28px 0;font-family:-apple-system,BlinkMacSystemFont,'Segoe UI',Roboto,sans-serif;\">\n<article style=\"background:#fff;border:1px solid #e5e5e0;border-top:3px solid #6a4a2a;border-radius:6px;padding:18px 18px 16px;\">\n<div style=\"width:36px;height:36px;background:#f5efe7;border-radius:50%;display:inline-flex;align-items:center;justify-content:center;margin-bottom:12px;\"><span style=\"font-size:18px;color:#6a4a2a;font-weight:900;font-family:Georgia,serif;\">01<\/span><\/div>\n<h3 style=\"margin:0 0 6px 0;font-size:16px;font-weight:700;color:#1a1a1a;letter-spacing:-0.01em;\">S\u00e3o Miguel \u2014 la verte<\/h3>\n<div style=\"margin:0;font-size:13.5px;line-height:1.55;color:#4a4a4a;\">L&rsquo;\u00eele la plus grande et la plus accessible. Lagoa das Sete Cidades, vall\u00e9e volcanique de Furnas, plantations de th\u00e9 \u00e0 Gorreana \u2014 un condens\u00e9 d&rsquo;A\u00e7ores en une semaine.<\/div>\n<\/article>\n<article style=\"background:#fff;border:1px solid #e5e5e0;border-top:3px solid #6a4a2a;border-radius:6px;padding:18px 18px 16px;\">\n<div style=\"width:36px;height:36px;background:#f5efe7;border-radius:50%;display:inline-flex;align-items:center;justify-content:center;margin-bottom:12px;\"><span style=\"font-size:18px;color:#6a4a2a;font-weight:900;font-family:Georgia,serif;\">02<\/span><\/div>\n<h3 style=\"margin:0 0 6px 0;font-size:16px;font-weight:700;color:#1a1a1a;letter-spacing:-0.01em;\">Pico \u2014 la montagne<\/h3>\n<div style=\"margin:0;font-size:13.5px;line-height:1.55;color:#4a4a4a;\">2 351 m de stratovolcan, point culminant du Portugal. Vignobles en murets de lave class\u00e9s UNESCO et observation de cachalots quasi garantie l&rsquo;\u00e9t\u00e9.<\/div>\n<\/article>\n<article style=\"background:#fff;border:1px solid #e5e5e0;border-top:3px solid #6a4a2a;border-radius:6px;padding:18px 18px 16px;\">\n<div style=\"width:36px;height:36px;background:#f5efe7;border-radius:50%;display:inline-flex;align-items:center;justify-content:center;margin-bottom:12px;\"><span style=\"font-size:18px;color:#6a4a2a;font-weight:900;font-family:Georgia,serif;\">03<\/span><\/div>\n<h3 style=\"margin:0 0 6px 0;font-size:16px;font-weight:700;color:#1a1a1a;letter-spacing:-0.01em;\">Faial \u2014 la bleue<\/h3>\n<div style=\"margin:0;font-size:13.5px;line-height:1.55;color:#4a4a4a;\">Le port d&rsquo;Horta et sa marina mythique des navigateurs transatlantiques. Caldeira centrale spectaculaire et d\u00e9sert volcanique de Capelinhos.<\/div>\n<\/article>\n<article style=\"background:#fff;border:1px solid #e5e5e0;border-top:3px solid #6a4a2a;border-radius:6px;padding:18px 18px 16px;\">\n<div style=\"width:36px;height:36px;background:#f5efe7;border-radius:50%;display:inline-flex;align-items:center;justify-content:center;margin-bottom:12px;\"><span style=\"font-size:18px;color:#6a4a2a;font-weight:900;font-family:Georgia,serif;\">04<\/span><\/div>\n<h3 style=\"margin:0 0 6px 0;font-size:16px;font-weight:700;color:#1a1a1a;letter-spacing:-0.01em;\">Terceira \u2014 l&rsquo;historique<\/h3>\n<div style=\"margin:0;font-size:13.5px;line-height:1.55;color:#4a4a4a;\">Angra do Hero\u00edsmo, premi\u00e8re capitale, inscrite \u00e0 l&rsquo;UNESCO. Algar do Carv\u00e3o (descente dans une chemin\u00e9e volcanique) et tradition des touradas \u00e0 corda.<\/div>\n<\/article>\n<article style=\"background:#fff;border:1px solid #e5e5e0;border-top:3px solid #6a4a2a;border-radius:6px;padding:18px 18px 16px;\">\n<div style=\"width:36px;height:36px;background:#f5efe7;border-radius:50%;display:inline-flex;align-items:center;justify-content:center;margin-bottom:12px;\"><span style=\"font-size:18px;color:#6a4a2a;font-weight:900;font-family:Georgia,serif;\">05<\/span><\/div>\n<h3 style=\"margin:0 0 6px 0;font-size:16px;font-weight:700;color:#1a1a1a;letter-spacing:-0.01em;\">Flores \u2014 la sauvage<\/h3>\n<div style=\"margin:0;font-size:13.5px;line-height:1.55;color:#4a4a4a;\">Bout occidental de l&rsquo;Europe g\u00e9ographique. Cascades \u00e0 chaque virage, lacs encaiss\u00e9s, \u00e0 peine 4 000 habitants. R\u00e9serve de biosph\u00e8re UNESCO.<\/div>\n<\/article>\n<article style=\"background:#fff;border:1px solid #e5e5e0;border-top:3px solid #6a4a2a;border-radius:6px;padding:18px 18px 16px;\">\n<div style=\"width:36px;height:36px;background:#f5efe7;border-radius:50%;display:inline-flex;align-items:center;justify-content:center;margin-bottom:12px;\"><span style=\"font-size:18px;color:#6a4a2a;font-weight:900;font-family:Georgia,serif;\">06<\/span><\/div>\n<h3 style=\"margin:0 0 6px 0;font-size:16px;font-weight:700;color:#1a1a1a;letter-spacing:-0.01em;\">Santa Maria \u2014 la dor\u00e9e<\/h3>\n<div style=\"margin:0;font-size:13.5px;line-height:1.55;color:#4a4a4a;\">La plus ancienne et la plus chaude. Plages de sable blond (rare aux A\u00e7ores), climat sec, ambiance M\u00e9diterran\u00e9e perdue en Atlantique.<\/div>\n<\/article>\n<\/div>\n<h2>Des vols directs \u00e0 prix accessibles<\/h2>\n<p>R\u00e9cemment, plusieurs compagnies a\u00e9riennes ont propos\u00e9 des vols aller-retour directs vers les A\u00e7ores \u00e0 partir de 224 \u20ac. Ces offres sont particuli\u00e8rement attractives pendant les vacances scolaires et les ponts de mai, rendant la destination encore plus accessible. Le d\u00e9part se fait g\u00e9n\u00e9ralement depuis Paris CDG, avec un bagage cabine inclus.<br \/>\nLes prix peuvent varier selon la saison et la demande, mais il est possible de trouver des vols \u00e0 moins de 230 \u20ac. Il est conseill\u00e9 de r\u00e9server \u00e0 l&rsquo;avance pour garantir les meilleures offres et profiter pleinement de votre s\u00e9jour. Ne manquez pas cette opportunit\u00e9 d&rsquo;explorer cet archipel fascinant sans vous ruiner.<\/p>\n<aside style=\"background:#fff7e0;border-left:4px solid #d4a017;padding:14px 18px;margin:18px 0;border-radius:0 4px 4px 0;font-family:-apple-system,BlinkMacSystemFont,'Segoe UI',Roboto,sans-serif;\">\n<strong style=\"display:inline-block;color:#7a5e00;font-size:12px;text-transform:uppercase;letter-spacing:1.5px;margin-right:8px;\">&#128161; Bon \u00e0 savoir<\/strong><br \/>\n<span style=\"font-size:14.5px;line-height:1.55;color:#3a3a3a;\">La haute saison court de juin \u00e0 septembre. C&rsquo;est la fen\u00eatre la plus stable m\u00e9t\u00e9o, mais aussi la plus ch\u00e8re. Mai et octobre offrent le meilleur compromis tarif \/ climat \/ fr\u00e9quentation, avec une nature au sommet de sa luxuriance.<\/span><br \/>\n<\/aside>\n<h3>Compagnies, d\u00e9parts, escales : la carte du ciel<\/h3>\n<p>Voici un aper\u00e7u des principales options pour rallier les A\u00e7ores depuis la France. Les fr\u00e9quences varient selon les saisons \u2014 direct toute l&rsquo;ann\u00e9e depuis CDG, vols saisonniers ou avec escale via Lisbonne le reste du temps.<\/p>\n<figure style=\"margin:32px 0;font-family:-apple-system,BlinkMacSystemFont,'Segoe UI',Roboto,sans-serif;\">\n<div style=\"overflow-x:auto;border:1px solid #e5e5e0;border-radius:8px;\">\n<table style=\"width:100%;border-collapse:collapse;font-size:14px;color:#2a2a2a;min-width:560px;\">\n<thead>\n<tr style=\"background:#1a1a1a;color:#fff;\">\n<th style=\"text-align:left;padding:14px 18px;font-weight:700;font-size:12px;text-transform:uppercase;letter-spacing:1.5px;\">Compagnie<\/th>\n<th style=\"text-align:left;padding:14px 18px;font-weight:700;font-size:12px;text-transform:uppercase;letter-spacing:1.5px;\">D\u00e9part France<\/th>\n<th style=\"text-align:left;padding:14px 18px;font-weight:700;font-size:12px;text-transform:uppercase;letter-spacing:1.5px;\">Type<\/th>\n<th style=\"text-align:center;padding:14px 18px;font-weight:700;font-size:12px;text-transform:uppercase;letter-spacing:1.5px;\">Dur\u00e9e<\/th>\n<\/tr>\n<\/thead>\n<tbody>\n<tr style=\"background:#fff;border-bottom:1px solid #f0ede5;\">\n<td style=\"padding:14px 18px;font-weight:600;\">SATA Azores Airlines<\/td>\n<td style=\"padding:14px 18px;color:#4a4a4a;\">Paris CDG<\/td>\n<td style=\"padding:14px 18px;color:#4a4a4a;\">Direct vers Ponta Delgada<\/td>\n<td style=\"padding:14px 18px;text-align:center;color:#6a6a6a;\">~4 h<\/td>\n<\/tr>\n<tr style=\"background:#fafaf7;border-bottom:1px solid #f0ede5;\">\n<td style=\"padding:14px 18px;font-weight:600;\">TAP Air Portugal<\/td>\n<td style=\"padding:14px 18px;color:#4a4a4a;\">CDG \/ Orly \/ Lyon \/ Marseille \/ Nice<\/td>\n<td style=\"padding:14px 18px;color:#4a4a4a;\">Escale Lisbonne<\/td>\n<td style=\"padding:14px 18px;text-align:center;color:#6a6a6a;\">~6-8 h<\/td>\n<\/tr>\n<tr style=\"background:#fff;border-bottom:1px solid #f0ede5;\">\n<td style=\"padding:14px 18px;font-weight:600;\">Ryanair<\/td>\n<td style=\"padding:14px 18px;color:#4a4a4a;\">Beauvais \/ Marseille (saisonnier)<\/td>\n<td style=\"padding:14px 18px;color:#4a4a4a;\">Direct ou via Porto<\/td>\n<td style=\"padding:14px 18px;text-align:center;color:#6a6a6a;\">~4-7 h<\/td>\n<\/tr>\n<tr style=\"background:#fafaf7;border-bottom:1px solid #f0ede5;\">\n<td style=\"padding:14px 18px;font-weight:600;\">Transavia<\/td>\n<td style=\"padding:14px 18px;color:#4a4a4a;\">Orly (saisonnier \u00e9t\u00e9)<\/td>\n<td style=\"padding:14px 18px;color:#4a4a4a;\">Direct vers Ponta Delgada<\/td>\n<td style=\"padding:14px 18px;text-align:center;color:#6a6a6a;\">~4 h<\/td>\n<\/tr>\n<tr style=\"background:#fff;\">\n<td style=\"padding:14px 18px;font-weight:600;\">SATA Air A\u00e7ores<\/td>\n<td style=\"padding:14px 18px;color:#4a4a4a;\">Inter-\u00eeles uniquement<\/td>\n<td style=\"padding:14px 18px;color:#4a4a4a;\">Liaisons entre les 9 \u00eeles<\/td>\n<td style=\"padding:14px 18px;text-align:center;color:#6a6a6a;\">25-40 min<\/td>\n<\/tr>\n<\/tbody>\n<\/table>\n<\/div><figcaption style=\"font-size:11px;color:#7a7a7a;margin-top:8px;text-align:right;letter-spacing:0.3px;\">Fr\u00e9quences et destinations indicatives, \u00e0 v\u00e9rifier aupr\u00e8s des compagnies.<\/figcaption><\/figure>\n<aside style=\"background:#e7f0ec;border-left:4px solid #6a4a2a;padding:14px 18px;margin:18px 0;border-radius:0 4px 4px 0;font-family:-apple-system,BlinkMacSystemFont,'Segoe UI',Roboto,sans-serif;\">\n<strong style=\"display:inline-block;color:#4a3520;font-size:12px;text-transform:uppercase;letter-spacing:1.5px;margin-right:8px;\">&#10022; Astuce<\/strong><br \/>\n<span style=\"font-size:14.5px;line-height:1.55;color:#3a3a3a;\">Le SATA \u00ab\u00a0Azores Multi Pass\u00a0\u00bb permet d&rsquo;encha\u00eener plusieurs vols inter-\u00eeles \u00e0 tarif d\u00e9gressif. Bien plus \u00e9conomique qu&rsquo;acheter chaque segment s\u00e9par\u00e9ment si vous pr\u00e9voyez 3 \u00eeles ou plus.<\/span><br \/>\n<\/aside>\n<h2>Activit\u00e9s incontournables aux A\u00e7ores<\/h2>\n<p>Lors de votre s\u00e9jour, plusieurs activit\u00e9s s&rsquo;imposent pour d\u00e9couvrir la richesse de cet archipel. Entre randonn\u00e9e volcanique, observation de la m\u00e9gafaune marine et exp\u00e9riences gastronomiques uniques au monde, l&rsquo;offre est plus dense qu&rsquo;elle ne para\u00eet sur une carte.<\/p>\n<figure style=\"margin:32px 0;padding:0;font-family:-apple-system,BlinkMacSystemFont,'Segoe UI',Roboto,sans-serif;\">\n<div style=\"display:grid;grid-template-columns:repeat(auto-fit,minmax(140px,1fr));background:#1a1a1a;border-radius:6px;overflow:hidden;\">\n<div style=\"padding:22px 16px;text-align:center;border-right:1px solid #2f2f2f;\">\n<div style=\"font-size:36px;font-weight:900;color:#fff;letter-spacing:-0.04em;font-feature-settings:'tnum';line-height:1;\">~4 h<\/div>\n<div style=\"font-size:11px;text-transform:uppercase;letter-spacing:1.5px;color:#9a9a9a;margin-top:8px;\">de vol direct depuis Paris<\/div>\n<\/div>\n<div style=\"padding:22px 16px;text-align:center;border-right:1px solid #2f2f2f;\">\n<div style=\"font-size:36px;font-weight:900;color:#fff;letter-spacing:-0.04em;font-feature-settings:'tnum';line-height:1;\">9<\/div>\n<div style=\"font-size:11px;text-transform:uppercase;letter-spacing:1.5px;color:#9a9a9a;margin-top:8px;\">\u00eeles volcaniques habit\u00e9es<\/div>\n<\/div>\n<div style=\"padding:22px 16px;text-align:center;\">\n<div style=\"font-size:36px;font-weight:900;color:#c9a677;letter-spacing:-0.04em;font-feature-settings:'tnum';line-height:1;\">24+<\/div>\n<div style=\"font-size:11px;text-transform:uppercase;letter-spacing:1.5px;color:#9a9a9a;margin-top:8px;\">esp\u00e8ces de c\u00e9tac\u00e9s observ\u00e9es<\/div>\n<\/div>\n<\/div><figcaption style=\"font-size:11px;color:#7a7a7a;margin-top:8px;text-align:right;letter-spacing:0.3px;\">Donn\u00e9es indicatives sur la faune marine de l&rsquo;archipel.<\/figcaption><\/figure>\n<p>Voici quelques id\u00e9es d&rsquo;exploration qui structurent souvent les premiers s\u00e9jours sur l&rsquo;archipel.<\/p>\n<div style=\"display:grid;grid-template-columns:repeat(auto-fit,minmax(220px,1fr));gap:14px;margin:28px 0;font-family:-apple-system,BlinkMacSystemFont,'Segoe UI',Roboto,sans-serif;\">\n<article style=\"background:#fff;border:1px solid #e5e5e0;border-top:3px solid #6a4a2a;border-radius:6px;padding:18px 18px 16px;\">\n<div style=\"width:36px;height:36px;background:#f5efe7;border-radius:50%;display:inline-flex;align-items:center;justify-content:center;margin-bottom:12px;\"><span style=\"font-size:18px;color:#6a4a2a;font-weight:900;font-family:Georgia,serif;\">A<\/span><\/div>\n<h3 style=\"margin:0 0 6px 0;font-size:16px;font-weight:700;color:#1a1a1a;letter-spacing:-0.01em;\">Ascension du Mont Pico<\/h3>\n<div style=\"margin:0;font-size:13.5px;line-height:1.55;color:#4a4a4a;\">Le sommet le plus \u00e9lev\u00e9 du Portugal (2 351 m). Compter 7 \u00e0 9 h aller-retour avec guide obligatoire, d\u00e9part avant l&rsquo;aube pour le lever de soleil au-dessus des nuages.<\/div>\n<\/article>\n<article style=\"background:#fff;border:1px solid #e5e5e0;border-top:3px solid #6a4a2a;border-radius:6px;padding:18px 18px 16px;\">\n<div style=\"width:36px;height:36px;background:#f5efe7;border-radius:50%;display:inline-flex;align-items:center;justify-content:center;margin-bottom:12px;\"><span style=\"font-size:18px;color:#6a4a2a;font-weight:900;font-family:Georgia,serif;\">B<\/span><\/div>\n<h3 style=\"margin:0 0 6px 0;font-size:16px;font-weight:700;color:#1a1a1a;letter-spacing:-0.01em;\">Lacs de crat\u00e8res<\/h3>\n<div style=\"margin:0;font-size:13.5px;line-height:1.55;color:#4a4a4a;\">Lagoa das Sete Cidades (lac bleu et lac vert mythiques), Lagoa do Fogo, Lagoa das Furnas \u2014 chacun avec son point de vue panoramique miradouro.<\/div>\n<\/article>\n<article style=\"background:#fff;border:1px solid #e5e5e0;border-top:3px solid #6a4a2a;border-radius:6px;padding:18px 18px 16px;\">\n<div style=\"width:36px;height:36px;background:#f5efe7;border-radius:50%;display:inline-flex;align-items:center;justify-content:center;margin-bottom:12px;\"><span style=\"font-size:18px;color:#6a4a2a;font-weight:900;font-family:Georgia,serif;\">C<\/span><\/div>\n<h3 style=\"margin:0 0 6px 0;font-size:16px;font-weight:700;color:#1a1a1a;letter-spacing:-0.01em;\">Whale watching<\/h3>\n<div style=\"margin:0;font-size:13.5px;line-height:1.55;color:#4a4a4a;\">Avril \u00e0 octobre : cachalots r\u00e9sidents, baleines bleues et rorquals en migration. Sorties depuis Lajes do Pico et Ponta Delgada avec biologistes marins \u00e0 bord.<\/div>\n<\/article>\n<article style=\"background:#fff;border:1px solid #e5e5e0;border-top:3px solid #6a4a2a;border-radius:6px;padding:18px 18px 16px;\">\n<div style=\"width:36px;height:36px;background:#f5efe7;border-radius:50%;display:inline-flex;align-items:center;justify-content:center;margin-bottom:12px;\"><span style=\"font-size:18px;color:#6a4a2a;font-weight:900;font-family:Georgia,serif;\">D<\/span><\/div>\n<h3 style=\"margin:0 0 6px 0;font-size:16px;font-weight:700;color:#1a1a1a;letter-spacing:-0.01em;\">Piscines naturelles<\/h3>\n<div style=\"margin:0;font-size:13.5px;line-height:1.55;color:#4a4a4a;\">Bassins de lave am\u00e9nag\u00e9s et baignades en mer turquoise. Biscoitos (Terceira), Varadouro (Faial), Mosteiros (S\u00e3o Miguel) \u2014 chaque \u00eele a son spot.<\/div>\n<\/article>\n<article style=\"background:#fff;border:1px solid #e5e5e0;border-top:3px solid #6a4a2a;border-radius:6px;padding:18px 18px 16px;\">\n<div style=\"width:36px;height:36px;background:#f5efe7;border-radius:50%;display:inline-flex;align-items:center;justify-content:center;margin-bottom:12px;\"><span style=\"font-size:18px;color:#6a4a2a;font-weight:900;font-family:Georgia,serif;\">E<\/span><\/div>\n<h3 style=\"margin:0 0 6px 0;font-size:16px;font-weight:700;color:#1a1a1a;letter-spacing:-0.01em;\">Cozido das Furnas<\/h3>\n<div style=\"margin:0;font-size:13.5px;line-height:1.55;color:#4a4a4a;\">Pot-au-feu enterr\u00e9 dans le sol volcanique des fumerolles de Furnas, cuit 5 \u00e0 6 h \u00e0 la chaleur g\u00e9othermique. \u00c0 d\u00e9guster sur place dans un restaurant traditionnel.<\/div>\n<\/article>\n<article style=\"background:#fff;border:1px solid #e5e5e0;border-top:3px solid #6a4a2a;border-radius:6px;padding:18px 18px 16px;\">\n<div style=\"width:36px;height:36px;background:#f5efe7;border-radius:50%;display:inline-flex;align-items:center;justify-content:center;margin-bottom:12px;\"><span style=\"font-size:18px;color:#6a4a2a;font-weight:900;font-family:Georgia,serif;\">F<\/span><\/div>\n<h3 style=\"margin:0 0 6px 0;font-size:16px;font-weight:700;color:#1a1a1a;letter-spacing:-0.01em;\">Centres UNESCO<\/h3>\n<div style=\"margin:0;font-size:13.5px;line-height:1.55;color:#4a4a4a;\">Angra do Hero\u00edsmo (Terceira), paysage viticole de Pico, r\u00e9serve de biosph\u00e8re de Flores et Corvo \u2014 trois inscriptions au patrimoine mondial.<\/div>\n<\/article>\n<\/div>\n<p>Ces activit\u00e9s vous permettront de plonger au c\u0153ur de la culture et de la nature des A\u00e7ores. Que vous soyez en famille, entre amis ou en couple, chacun y trouvera son compte. La logique veut qu&rsquo;on se concentre sur deux \u00eeles maximum pour une semaine, trois pour dix jours.<\/p>\n<figure style=\"margin:38px auto;padding:28px 24px;text-align:center;border-top:1px solid #2a2a2a;border-bottom:1px solid #2a2a2a;max-width:640px;position:relative;font-family:Georgia,'Hoefler Text',serif;\">\n<div style=\"position:absolute;top:-20px;left:50%;transform:translateX(-50%);background:#ffffff;padding:0 14px;font-size:48px;line-height:1;color:#6a4a2a;font-family:Georgia,serif;\">&laquo;<\/div>\n<blockquote style=\"margin:0;padding:0;font-size:24px;line-height:1.45;font-style:italic;color:#1a1a1a;letter-spacing:-0.005em;\"><p>Les A\u00e7ores sont une invitation \u00e0 explorer des paysages inexplor\u00e9s et \u00e0 vivre des moments inoubliables.<\/blockquote><figcaption style=\"margin-top:14px;font-size:12px;text-transform:uppercase;letter-spacing:2px;color:#6a6a6a;font-family:-apple-system,sans-serif;font-style:normal;\">\u2014 Un voyageur enthousiaste<\/figcaption><\/figure>\n<h2>Un s\u00e9jour adapt\u00e9 \u00e0 tous les types de voyageurs<\/h2>\n<p>Que vous soyez aventurier, amoureux de la nature, ou simplement \u00e0 la recherche de d\u00e9tente, les A\u00e7ores offrent des s\u00e9jours adapt\u00e9s \u00e0 tous. Les familles appr\u00e9cieront les activit\u00e9s ludiques et les plages, tandis que les couples trouveront des paysages romantiques pour des moments de complicit\u00e9.<br \/>\nLes groupes d&rsquo;amis peuvent \u00e9galement profiter d&rsquo;une multitude d&rsquo;activit\u00e9s en plein air, comme des randonn\u00e9es ou des excursions en bateau. De plus, la gastronomie locale, avec ses sp\u00e9cialit\u00e9s \u00e0 base de poisson et de l\u00e9gumes frais, ravira les papilles de chacun.<\/p>\n<aside style=\"background:#fdecec;border-left:4px solid #c54848;padding:14px 18px;margin:18px 0;border-radius:0 4px 4px 0;font-family:-apple-system,BlinkMacSystemFont,'Segoe UI',Roboto,sans-serif;\">\n<strong style=\"display:inline-block;color:#8a2020;font-size:12px;text-transform:uppercase;letter-spacing:1.5px;margin-right:8px;\">&#9888;&#65039; Attention<\/strong><br \/>\n<span style=\"font-size:14.5px;line-height:1.55;color:#3a3a3a;\">La m\u00e9t\u00e9o atlantique est extr\u00eamement changeante : on peut traverser pluie, brouillard, soleil et vent en une demi-journ\u00e9e. Pr\u00e9voir des v\u00eatements techniques, une bonne paire de chaussures et garder un planning flexible.<\/span><br \/>\n<\/aside>\n<h3>Une \u00eele approfondie ou plusieurs en sprint ?<\/h3>\n<p>La grande question d&rsquo;itin\u00e9raire aux A\u00e7ores se r\u00e9sume \u00e0 deux philosophies. Aucune n&rsquo;est meilleure dans l&rsquo;absolu \u2014 tout d\u00e9pend de ce que vous cherchez.<\/p>\n<div style=\"display:grid;grid-template-columns:repeat(auto-fit,minmax(260px,1fr));gap:14px;margin:28px 0;font-family:-apple-system,BlinkMacSystemFont,'Segoe UI',Roboto,sans-serif;\">\n<div style=\"background:#f5efe7;border:1px solid #d8c4a8;border-radius:6px;padding:20px 22px;\">\n<div style=\"display:flex;align-items:center;gap:10px;margin-bottom:14px;padding-bottom:10px;border-bottom:1px solid #d8c4a8;\"><span style=\"width:32px;height:32px;background:#6a4a2a;color:#fff;border-radius:50%;display:inline-flex;align-items:center;justify-content:center;font-size:18px;font-weight:700;\">1<\/span><\/p>\n<h3 style=\"margin:0;font-size:16px;font-weight:700;color:#4a3520;letter-spacing:-0.01em;\">Une \u00eele, en profondeur<\/h3>\n<\/div>\n<ul style=\"margin:0;padding-left:18px;font-size:14px;line-height:1.7;color:#3a3a3a;\">\n<li>Id\u00e9al pour un premier voyage ou une semaine seulement<\/li>\n<li>Pas de logistique avion\/ferry inter-\u00eeles<\/li>\n<li>Temps de respirer, de retomber sur les bons spots<\/li>\n<li>S\u00e3o Miguel coche d\u00e9j\u00e0 presque toutes les cases<\/li>\n<\/ul>\n<\/div>\n<div style=\"background:#e7f0ec;border:1px solid #b8d0c2;border-radius:6px;padding:20px 22px;\">\n<div style=\"display:flex;align-items:center;gap:10px;margin-bottom:14px;padding-bottom:10px;border-bottom:1px solid #b8d0c2;\"><span style=\"width:32px;height:32px;background:#3a5f4f;color:#fff;border-radius:50%;display:inline-flex;align-items:center;justify-content:center;font-size:18px;font-weight:700;\">2<\/span><\/p>\n<h3 style=\"margin:0;font-size:16px;font-weight:700;color:#1d4a30;letter-spacing:-0.01em;\">Island hopping<\/h3>\n<\/div>\n<ul style=\"margin:0;padding-left:18px;font-size:14px;line-height:1.7;color:#3a3a3a;\">\n<li>Diversit\u00e9 maximale : montagne \/ vignes \/ falaises \/ patrimoine<\/li>\n<li>Vols int\u00e9rieurs courts (25-40 min) ou ferries groupe central<\/li>\n<li>Compter 10 jours minimum pour 3 \u00eeles sans courir<\/li>\n<li>SATA Multi Pass pour amortir le co\u00fbt<\/li>\n<\/ul>\n<\/div>\n<\/div>\n<p>Les A\u00e7ores constituent une destination id\u00e9ale pour s&rsquo;\u00e9vader du quotidien et se reconnecter avec la nature. Gr\u00e2ce \u00e0 des vols directs \u00e0 prix abordables, il n&rsquo;a jamais \u00e9t\u00e9 aussi facile de d\u00e9couvrir cet archipel enchanteur. N&rsquo;attendez plus pour planifier votre prochaine aventure et vivre une exp\u00e9rience m\u00e9morable en pleine nature.<\/p>\n<section style=\"margin:32px 0;font-family:-apple-system,BlinkMacSystemFont,'Segoe UI',Roboto,sans-serif;\">\n<h2 style=\"margin:0 0 18px 0;font-size:22px;font-weight:800;color:#1a1a1a;letter-spacing:-0.01em;\">Questions fr\u00e9quentes<\/h2>\n<div style=\"border-top:1px solid #d4cfc4;\">\n<details style=\"border-bottom:1px solid #d4cfc4;padding:0;\">\n<summary style=\"cursor:pointer;padding:16px 0;font-size:17px;font-weight:700;color:#1a1a1a;list-style:none;display:flex;justify-content:space-between;align-items:center;gap:14px;\"><span>Faut-il un visa pour les A\u00e7ores ?<\/span><span style=\"font-size:22px;font-weight:300;color:#6a4a2a;line-height:1;\">+<\/span><\/summary>\n<div style=\"padding:0 0 16px 0;font-size:15px;line-height:1.7;color:#4a4a4a;\">Non. Les A\u00e7ores font partie int\u00e9grante du Portugal, donc de l&rsquo;Union europ\u00e9enne et de l&rsquo;espace Schengen. Une carte nationale d&rsquo;identit\u00e9 ou un passeport en cours de validit\u00e9 suffit pour les ressortissants fran\u00e7ais.<\/div>\n<\/details>\n<details style=\"border-bottom:1px solid #d4cfc4;padding:0;\">\n<summary style=\"cursor:pointer;padding:16px 0;font-size:17px;font-weight:700;color:#1a1a1a;list-style:none;display:flex;justify-content:space-between;align-items:center;gap:14px;\"><span>Quelle monnaie utilise-t-on ?<\/span><span style=\"font-size:22px;font-weight:300;color:#6a4a2a;line-height:1;\">+<\/span><\/summary>\n<div style=\"padding:0 0 16px 0;font-size:15px;line-height:1.7;color:#4a4a4a;\">L&rsquo;euro. Pas de change \u00e0 pr\u00e9voir, paiement par carte largement accept\u00e9 dans les h\u00f4tels, restaurants et stations-service. Garder un peu de liquide pour les petits commerces de village et les fermes proposant fromages ou vins.<\/div>\n<\/details>\n<details style=\"border-bottom:1px solid #d4cfc4;padding:0;\">\n<summary style=\"cursor:pointer;padding:16px 0;font-size:17px;font-weight:700;color:#1a1a1a;list-style:none;display:flex;justify-content:space-between;align-items:center;gap:14px;\"><span>Quelle langue est parl\u00e9e sur place ?<\/span><span style=\"font-size:22px;font-weight:300;color:#6a4a2a;line-height:1;\">+<\/span><\/summary>\n<div style=\"padding:0 0 16px 0;font-size:15px;line-height:1.7;color:#4a4a4a;\">Le portugais est la langue officielle, avec un accent a\u00e7or\u00e9en particulier. L&rsquo;anglais est tr\u00e8s bien ma\u00eetris\u00e9 dans le secteur touristique (h\u00f4tels, agences de whale watching, restaurants principaux). Quelques mots de portugais sont toujours appr\u00e9ci\u00e9s dans les villages recul\u00e9s.<\/div>\n<\/details>\n<details style=\"border-bottom:1px solid #d4cfc4;padding:0;\">\n<summary style=\"cursor:pointer;padding:16px 0;font-size:17px;font-weight:700;color:#1a1a1a;list-style:none;display:flex;justify-content:space-between;align-items:center;gap:14px;\"><span>La location de voiture est-elle indispensable ?<\/span><span style=\"font-size:22px;font-weight:300;color:#6a4a2a;line-height:1;\">+<\/span><\/summary>\n<div style=\"padding:0 0 16px 0;font-size:15px;line-height:1.7;color:#4a4a4a;\">Fortement recommand\u00e9e sur la plupart des \u00eeles. Les transports en commun sont rares hors zones urbaines et les plus beaux miradouros se trouvent \u00e0 l&rsquo;\u00e9cart. Permis B suffisant, \u00e0 r\u00e9server \u00e0 l&rsquo;avance en haute saison car les flottes sont limit\u00e9es.<\/div>\n<\/details>\n<details style=\"padding:0;\">\n<summary style=\"cursor:pointer;padding:16px 0;font-size:17px;font-weight:700;color:#1a1a1a;list-style:none;display:flex;justify-content:space-between;align-items:center;gap:14px;\"><span>Quelle est la meilleure p\u00e9riode pour observer les baleines ?<\/span><span style=\"font-size:22px;font-weight:300;color:#6a4a2a;line-height:1;\">+<\/span><\/summary>\n<div style=\"padding:0 0 16px 0;font-size:15px;line-height:1.7;color:#4a4a4a;\">D&rsquo;avril \u00e0 octobre, avec un pic d&rsquo;avril \u00e0 juin pour les esp\u00e8ces migratrices (baleines bleues, rorquals communs). Les cachalots sont r\u00e9sidents toute l&rsquo;ann\u00e9e autour de Pico et Faial. Les sorties sont annul\u00e9es par mer agit\u00e9e, donc pr\u00e9voir plusieurs jours de marge dans son planning.<\/div>\n<\/details>\n<\/div>\n<\/section>\n","protected":false},"excerpt":{"rendered":"","protected":false},"author":34,"featured_media":12520,"comment_status":"open","ping_status":"open","sticky":false,"template":"","format":"standard","meta":{"_acf_changed":false,"manual_indexmenow":false,"indexmenow_id_project":0,"footnotes":""},"categories":[1],"tags":[4542,4527,4530,4535,4526],"class_list":["post-8549","post","type-post","status-publish","format-standard","has-post-thumbnail","hentry","category-a-la-une","tag-activites-de-plein-air","tag-decouverte-culturelle","tag-escapade-en-europe","tag-gastronomie-locale","tag-voyage-economique","generate-columns","tablet-grid-50","mobile-grid-100","grid-parent","grid-25"],"acf":[],"yoast_head":"<!-- This site is optimized with the Yoast SEO Premium plugin v21.3 (Yoast SEO v25.1) - https:\/\/yoast.com\/wordpress\/plugins\/seo\/ -->\n<title>D\u00e9couvrez les A\u00e7ores : des vols directs \u00e0 prix abordables<\/title>\n<meta name=\"description\" content=\"Neuf \u00eeles volcaniques perdues \u00e0 mi-chemin entre Lisbonne et New York, des lacs de crat\u00e8re bleu turquoise, des baleines en pleine migration et une cuisine\" \/>\n<meta name=\"robots\" content=\"index, follow, max-snippet:-1, max-image-preview:large, max-video-preview:-1\" \/>\n<link rel=\"canonical\" href=\"https:\/\/voyage-aventure.com\/blog\/a-la-une\/decouvrez-les-acores-des-vols-directs-a-prix-abordables-pour-une-escapade-inoubliable\/\" \/>\n<meta property=\"og:locale\" content=\"fr_FR\" \/>\n<meta property=\"og:type\" content=\"article\" \/>\n<meta property=\"og:title\" content=\"D\u00e9couvrez les A\u00e7ores : des vols directs \u00e0 prix abordables\" \/>\n<meta property=\"og:description\" content=\"Neuf \u00eeles volcaniques perdues \u00e0 mi-chemin entre Lisbonne et New York, des lacs de crat\u00e8re bleu turquoise, des baleines en pleine migration et une cuisine\" \/>\n<meta property=\"og:url\" content=\"https:\/\/voyage-aventure.com\/blog\/a-la-une\/decouvrez-les-acores-des-vols-directs-a-prix-abordables-pour-une-escapade-inoubliable\/\" \/>\n<meta property=\"og:site_name\" content=\"voyage-aventure\" \/>\n<meta property=\"og:image\" content=\"https:\/\/voyage-aventure.com\/blog\/wp-content\/uploads\/2025\/02\/sdxl-82cdc043b0d7274f11cb184ad3a8b893.png\" \/>\n\t<meta property=\"og:image:width\" content=\"1536\" \/>\n\t<meta property=\"og:image:height\" content=\"640\" \/>\n\t<meta property=\"og:image:type\" content=\"image\/png\" \/>\n<meta name=\"author\" content=\"Camille Rouvray\" \/>\n<meta name=\"twitter:card\" content=\"summary_large_image\" \/>\n<script type=\"application\/ld+json\" class=\"yoast-schema-graph\">{\"@context\":\"https:\/\/schema.org\",\"@graph\":[{\"@type\":\"NewsArticle\",\"@id\":\"https:\/\/voyage-aventure.com\/blog\/a-la-une\/decouvrez-les-acores-des-vols-directs-a-prix-abordables-pour-une-escapade-inoubliable\/#article\",\"isPartOf\":{\"@id\":\"https:\/\/voyage-aventure.com\/blog\/a-la-une\/decouvrez-les-acores-des-vols-directs-a-prix-abordables-pour-une-escapade-inoubliable\/\"},\"author\":{\"name\":\"Camille Rouvray\",\"@id\":\"https:\/\/voyage-aventure.com\/blog\/#\/schema\/person\/3c864cdc320801e3db34b663e7e3f816\"},\"headline\":\"D\u00e9couvrez les A\u00e7ores : des vols directs \u00e0 prix abordables pour une escapade inoubliable\",\"datePublished\":\"2026-05-17T14:35:18+00:00\",\"mainEntityOfPage\":{\"@id\":\"https:\/\/voyage-aventure.com\/blog\/a-la-une\/decouvrez-les-acores-des-vols-directs-a-prix-abordables-pour-une-escapade-inoubliable\/\"},\"wordCount\":1762,\"commentCount\":22,\"publisher\":{\"@id\":\"https:\/\/voyage-aventure.com\/blog\/#organization\"},\"image\":{\"@id\":\"https:\/\/voyage-aventure.com\/blog\/a-la-une\/decouvrez-les-acores-des-vols-directs-a-prix-abordables-pour-une-escapade-inoubliable\/#primaryimage\"},\"thumbnailUrl\":\"https:\/\/voyage-aventure.com\/blog\/wp-content\/uploads\/2025\/02\/sdxl-82cdc043b0d7274f11cb184ad3a8b893.png\",\"keywords\":[\"Activit\u00e9s de Plein Air\",\"D\u00e9couverte Culturelle\",\"Escapade en Europe\",\"Gastronomie Locale\",\"Voyage \u00c9conomique\"],\"articleSection\":[\"\u00c0 la une\"],\"inLanguage\":\"fr-FR\",\"potentialAction\":[{\"@type\":\"CommentAction\",\"name\":\"Comment\",\"target\":[\"https:\/\/voyage-aventure.com\/blog\/a-la-une\/decouvrez-les-acores-des-vols-directs-a-prix-abordables-pour-une-escapade-inoubliable\/#respond\"]}]},{\"@type\":\"WebPage\",\"@id\":\"https:\/\/voyage-aventure.com\/blog\/a-la-une\/decouvrez-les-acores-des-vols-directs-a-prix-abordables-pour-une-escapade-inoubliable\/\",\"url\":\"https:\/\/voyage-aventure.com\/blog\/a-la-une\/decouvrez-les-acores-des-vols-directs-a-prix-abordables-pour-une-escapade-inoubliable\/\",\"name\":\"D\u00e9couvrez les A\u00e7ores : des vols directs \u00e0 prix abordables\",\"isPartOf\":{\"@id\":\"https:\/\/voyage-aventure.com\/blog\/#website\"},\"primaryImageOfPage\":{\"@id\":\"https:\/\/voyage-aventure.com\/blog\/a-la-une\/decouvrez-les-acores-des-vols-directs-a-prix-abordables-pour-une-escapade-inoubliable\/#primaryimage\"},\"image\":{\"@id\":\"https:\/\/voyage-aventure.com\/blog\/a-la-une\/decouvrez-les-acores-des-vols-directs-a-prix-abordables-pour-une-escapade-inoubliable\/#primaryimage\"},\"thumbnailUrl\":\"https:\/\/voyage-aventure.com\/blog\/wp-content\/uploads\/2025\/02\/sdxl-82cdc043b0d7274f11cb184ad3a8b893.png\",\"datePublished\":\"2026-05-17T14:35:18+00:00\",\"description\":\"Neuf \u00eeles volcaniques perdues \u00e0 mi-chemin entre Lisbonne et New York, des lacs de crat\u00e8re bleu turquoise, des baleines en pleine migration et une cuisine\",\"inLanguage\":\"fr-FR\",\"potentialAction\":[{\"@type\":\"ReadAction\",\"target\":[\"https:\/\/voyage-aventure.com\/blog\/a-la-une\/decouvrez-les-acores-des-vols-directs-a-prix-abordables-pour-une-escapade-inoubliable\/\"]}]},{\"@type\":\"ImageObject\",\"inLanguage\":\"fr-FR\",\"@id\":\"https:\/\/voyage-aventure.com\/blog\/a-la-une\/decouvrez-les-acores-des-vols-directs-a-prix-abordables-pour-une-escapade-inoubliable\/#primaryimage\",\"url\":\"https:\/\/voyage-aventure.com\/blog\/wp-content\/uploads\/2025\/02\/sdxl-82cdc043b0d7274f11cb184ad3a8b893.png\",\"contentUrl\":\"https:\/\/voyage-aventure.com\/blog\/wp-content\/uploads\/2025\/02\/sdxl-82cdc043b0d7274f11cb184ad3a8b893.png\",\"width\":1536,\"height\":640},{\"@type\":\"WebSite\",\"@id\":\"https:\/\/voyage-aventure.com\/blog\/#website\",\"url\":\"https:\/\/voyage-aventure.com\/blog\/\",\"name\":\"voyage-aventure.com\",\"description\":\"Votre passeport pour l\u2019inattendu.\",\"publisher\":{\"@id\":\"https:\/\/voyage-aventure.com\/blog\/#organization\"},\"alternateName\":\"Votre passeport pour l\u2019inattendu.\",\"potentialAction\":[{\"@type\":\"SearchAction\",\"target\":{\"@type\":\"EntryPoint\",\"urlTemplate\":\"https:\/\/voyage-aventure.com\/blog\/?s={search_term_string}\"},\"query-input\":{\"@type\":\"PropertyValueSpecification\",\"valueRequired\":true,\"valueName\":\"search_term_string\"}}],\"inLanguage\":\"fr-FR\"},{\"@type\":\"Organization\",\"@id\":\"https:\/\/voyage-aventure.com\/blog\/#organization\",\"name\":\"Foretsensations.fr\",\"url\":\"https:\/\/voyage-aventure.com\/blog\/\",\"logo\":{\"@type\":\"ImageObject\",\"inLanguage\":\"fr-FR\",\"@id\":\"https:\/\/voyage-aventure.com\/blog\/#\/schema\/logo\/image\/\",\"url\":\"https:\/\/voyage-aventure.com\/blog\/wp-content\/uploads\/2024\/12\/19.png\",\"contentUrl\":\"https:\/\/voyage-aventure.com\/blog\/wp-content\/uploads\/2024\/12\/19.png\",\"width\":512,\"height\":512,\"caption\":\"Foretsensations.fr\"},\"image\":{\"@id\":\"https:\/\/voyage-aventure.com\/blog\/#\/schema\/logo\/image\/\"}},{\"@type\":\"Person\",\"@id\":\"https:\/\/voyage-aventure.com\/blog\/#\/schema\/person\/3c864cdc320801e3db34b663e7e3f816\",\"name\":\"Camille Rouvray\",\"image\":{\"@type\":\"ImageObject\",\"inLanguage\":\"fr-FR\",\"@id\":\"https:\/\/voyage-aventure.com\/blog\/#\/schema\/person\/image\/\",\"url\":\"https:\/\/voyage-aventure.com\/blog\/wp-content\/uploads\/2026\/06\/persona_camille-r-96x96.jpg\",\"contentUrl\":\"https:\/\/voyage-aventure.com\/blog\/wp-content\/uploads\/2026\/06\/persona_camille-r-96x96.jpg\",\"caption\":\"Camille Rouvray\"},\"description\":\"Je voyage et j'\u00e9cris sur le voyage depuis une douzaine d'ann\u00e9es, d'abord en tant que routarde au long cours, puis comme r\u00e9dactrice sp\u00e9cialis\u00e9e. Mon terrain de pr\u00e9dilection, ce sont les circuits organis\u00e9s et l'art de bien pr\u00e9parer un itin\u00e9raire : choix de la saison, dur\u00e9e r\u00e9aliste des \u00e9tapes, budget jour par jour, logement et transport sur place. J'aime aussi raconter les p\u00e9pites urbaines, ces adresses qu'on ne trouve pas dans les guides classiques. Avant de publier un dossier destination, je croise toujours plusieurs sources, je v\u00e9rifie les tarifs et les formalit\u00e9s d'entr\u00e9e \u00e0 jour, et je teste moi-m\u00eame quand je le peux. Mon angle reste pratique avant tout : aider le lecteur \u00e0 partir l'esprit tranquille, sans mauvaise surprise une fois sur place. Je m'attache \u00e0 distinguer le coup de c\u0153ur sinc\u00e8re du simple argument marketing.\",\"sameAs\":[\"https:\/\/camillerouvray.fr\/\"],\"url\":\"https:\/\/voyage-aventure.com\/blog\/auteur\/noname\/\"}]}<\/script>\n<!-- \/ Yoast SEO Premium plugin. -->","yoast_head_json":{"title":"D\u00e9couvrez les A\u00e7ores : des vols directs \u00e0 prix abordables","description":"Neuf \u00eeles volcaniques perdues \u00e0 mi-chemin entre Lisbonne et New York, des lacs de crat\u00e8re bleu turquoise, des baleines en pleine migration et une cuisine","robots":{"index":"index","follow":"follow","max-snippet":"max-snippet:-1","max-image-preview":"max-image-preview:large","max-video-preview":"max-video-preview:-1"},"canonical":"https:\/\/voyage-aventure.com\/blog\/a-la-une\/decouvrez-les-acores-des-vols-directs-a-prix-abordables-pour-une-escapade-inoubliable\/","og_locale":"fr_FR","og_type":"article","og_title":"D\u00e9couvrez les A\u00e7ores : des vols directs \u00e0 prix abordables","og_description":"Neuf \u00eeles volcaniques perdues \u00e0 mi-chemin entre Lisbonne et New York, des lacs de crat\u00e8re bleu turquoise, des baleines en pleine migration et une cuisine","og_url":"https:\/\/voyage-aventure.com\/blog\/a-la-une\/decouvrez-les-acores-des-vols-directs-a-prix-abordables-pour-une-escapade-inoubliable\/","og_site_name":"voyage-aventure","og_image":[{"width":1536,"height":640,"url":"https:\/\/voyage-aventure.com\/blog\/wp-content\/uploads\/2025\/02\/sdxl-82cdc043b0d7274f11cb184ad3a8b893.png","type":"image\/png"}],"author":"Camille Rouvray","twitter_card":"summary_large_image","schema":{"@context":"https:\/\/schema.org","@graph":[{"@type":"NewsArticle","@id":"https:\/\/voyage-aventure.com\/blog\/a-la-une\/decouvrez-les-acores-des-vols-directs-a-prix-abordables-pour-une-escapade-inoubliable\/#article","isPartOf":{"@id":"https:\/\/voyage-aventure.com\/blog\/a-la-une\/decouvrez-les-acores-des-vols-directs-a-prix-abordables-pour-une-escapade-inoubliable\/"},"author":{"name":"Camille Rouvray","@id":"https:\/\/voyage-aventure.com\/blog\/#\/schema\/person\/3c864cdc320801e3db34b663e7e3f816"},"headline":"D\u00e9couvrez les A\u00e7ores : des vols directs \u00e0 prix abordables pour une escapade inoubliable","datePublished":"2026-05-17T14:35:18+00:00","mainEntityOfPage":{"@id":"https:\/\/voyage-aventure.com\/blog\/a-la-une\/decouvrez-les-acores-des-vols-directs-a-prix-abordables-pour-une-escapade-inoubliable\/"},"wordCount":1762,"commentCount":22,"publisher":{"@id":"https:\/\/voyage-aventure.com\/blog\/#organization"},"image":{"@id":"https:\/\/voyage-aventure.com\/blog\/a-la-une\/decouvrez-les-acores-des-vols-directs-a-prix-abordables-pour-une-escapade-inoubliable\/#primaryimage"},"thumbnailUrl":"https:\/\/voyage-aventure.com\/blog\/wp-content\/uploads\/2025\/02\/sdxl-82cdc043b0d7274f11cb184ad3a8b893.png","keywords":["Activit\u00e9s de Plein Air","D\u00e9couverte Culturelle","Escapade en Europe","Gastronomie Locale","Voyage \u00c9conomique"],"articleSection":["\u00c0 la une"],"inLanguage":"fr-FR","potentialAction":[{"@type":"CommentAction","name":"Comment","target":["https:\/\/voyage-aventure.com\/blog\/a-la-une\/decouvrez-les-acores-des-vols-directs-a-prix-abordables-pour-une-escapade-inoubliable\/#respond"]}]},{"@type":"WebPage","@id":"https:\/\/voyage-aventure.com\/blog\/a-la-une\/decouvrez-les-acores-des-vols-directs-a-prix-abordables-pour-une-escapade-inoubliable\/","url":"https:\/\/voyage-aventure.com\/blog\/a-la-une\/decouvrez-les-acores-des-vols-directs-a-prix-abordables-pour-une-escapade-inoubliable\/","name":"D\u00e9couvrez les A\u00e7ores : des vols directs \u00e0 prix abordables","isPartOf":{"@id":"https:\/\/voyage-aventure.com\/blog\/#website"},"primaryImageOfPage":{"@id":"https:\/\/voyage-aventure.com\/blog\/a-la-une\/decouvrez-les-acores-des-vols-directs-a-prix-abordables-pour-une-escapade-inoubliable\/#primaryimage"},"image":{"@id":"https:\/\/voyage-aventure.com\/blog\/a-la-une\/decouvrez-les-acores-des-vols-directs-a-prix-abordables-pour-une-escapade-inoubliable\/#primaryimage"},"thumbnailUrl":"https:\/\/voyage-aventure.com\/blog\/wp-content\/uploads\/2025\/02\/sdxl-82cdc043b0d7274f11cb184ad3a8b893.png","datePublished":"2026-05-17T14:35:18+00:00","description":"Neuf \u00eeles volcaniques perdues \u00e0 mi-chemin entre Lisbonne et New York, des lacs de crat\u00e8re bleu turquoise, des baleines en pleine migration et une cuisine","inLanguage":"fr-FR","potentialAction":[{"@type":"ReadAction","target":["https:\/\/voyage-aventure.com\/blog\/a-la-une\/decouvrez-les-acores-des-vols-directs-a-prix-abordables-pour-une-escapade-inoubliable\/"]}]},{"@type":"ImageObject","inLanguage":"fr-FR","@id":"https:\/\/voyage-aventure.com\/blog\/a-la-une\/decouvrez-les-acores-des-vols-directs-a-prix-abordables-pour-une-escapade-inoubliable\/#primaryimage","url":"https:\/\/voyage-aventure.com\/blog\/wp-content\/uploads\/2025\/02\/sdxl-82cdc043b0d7274f11cb184ad3a8b893.png","contentUrl":"https:\/\/voyage-aventure.com\/blog\/wp-content\/uploads\/2025\/02\/sdxl-82cdc043b0d7274f11cb184ad3a8b893.png","width":1536,"height":640},{"@type":"WebSite","@id":"https:\/\/voyage-aventure.com\/blog\/#website","url":"https:\/\/voyage-aventure.com\/blog\/","name":"voyage-aventure.com","description":"Votre passeport pour l\u2019inattendu.","publisher":{"@id":"https:\/\/voyage-aventure.com\/blog\/#organization"},"alternateName":"Votre passeport pour l\u2019inattendu.","potentialAction":[{"@type":"SearchAction","target":{"@type":"EntryPoint","urlTemplate":"https:\/\/voyage-aventure.com\/blog\/?s={search_term_string}"},"query-input":{"@type":"PropertyValueSpecification","valueRequired":true,"valueName":"search_term_string"}}],"inLanguage":"fr-FR"},{"@type":"Organization","@id":"https:\/\/voyage-aventure.com\/blog\/#organization","name":"Foretsensations.fr","url":"https:\/\/voyage-aventure.com\/blog\/","logo":{"@type":"ImageObject","inLanguage":"fr-FR","@id":"https:\/\/voyage-aventure.com\/blog\/#\/schema\/logo\/image\/","url":"https:\/\/voyage-aventure.com\/blog\/wp-content\/uploads\/2024\/12\/19.png","contentUrl":"https:\/\/voyage-aventure.com\/blog\/wp-content\/uploads\/2024\/12\/19.png","width":512,"height":512,"caption":"Foretsensations.fr"},"image":{"@id":"https:\/\/voyage-aventure.com\/blog\/#\/schema\/logo\/image\/"}},{"@type":"Person","@id":"https:\/\/voyage-aventure.com\/blog\/#\/schema\/person\/3c864cdc320801e3db34b663e7e3f816","name":"Camille Rouvray","image":{"@type":"ImageObject","inLanguage":"fr-FR","@id":"https:\/\/voyage-aventure.com\/blog\/#\/schema\/person\/image\/","url":"https:\/\/voyage-aventure.com\/blog\/wp-content\/uploads\/2026\/06\/persona_camille-r-96x96.jpg","contentUrl":"https:\/\/voyage-aventure.com\/blog\/wp-content\/uploads\/2026\/06\/persona_camille-r-96x96.jpg","caption":"Camille Rouvray"},"description":"Je voyage et j'\u00e9cris sur le voyage depuis une douzaine d'ann\u00e9es, d'abord en tant que routarde au long cours, puis comme r\u00e9dactrice sp\u00e9cialis\u00e9e. Mon terrain de pr\u00e9dilection, ce sont les circuits organis\u00e9s et l'art de bien pr\u00e9parer un itin\u00e9raire : choix de la saison, dur\u00e9e r\u00e9aliste des \u00e9tapes, budget jour par jour, logement et transport sur place. J'aime aussi raconter les p\u00e9pites urbaines, ces adresses qu'on ne trouve pas dans les guides classiques. Avant de publier un dossier destination, je croise toujours plusieurs sources, je v\u00e9rifie les tarifs et les formalit\u00e9s d'entr\u00e9e \u00e0 jour, et je teste moi-m\u00eame quand je le peux. Mon angle reste pratique avant tout : aider le lecteur \u00e0 partir l'esprit tranquille, sans mauvaise surprise une fois sur place. Je m'attache \u00e0 distinguer le coup de c\u0153ur sinc\u00e8re du simple argument marketing.","sameAs":["https:\/\/camillerouvray.fr\/"],"url":"https:\/\/voyage-aventure.com\/blog\/auteur\/noname\/"}]}},"_links":{"self":[{"href":"https:\/\/voyage-aventure.com\/blog\/wp-json\/wp\/v2\/posts\/8549","targetHints":{"allow":["GET"]}}],"collection":[{"href":"https:\/\/voyage-aventure.com\/blog\/wp-json\/wp\/v2\/posts"}],"about":[{"href":"https:\/\/voyage-aventure.com\/blog\/wp-json\/wp\/v2\/types\/post"}],"author":[{"embeddable":true,"href":"https:\/\/voyage-aventure.com\/blog\/wp-json\/wp\/v2\/users\/34"}],"replies":[{"embeddable":true,"href":"https:\/\/voyage-aventure.com\/blog\/wp-json\/wp\/v2\/comments?post=8549"}],"version-history":[{"count":2,"href":"https:\/\/voyage-aventure.com\/blog\/wp-json\/wp\/v2\/posts\/8549\/revisions"}],"predecessor-version":[{"id":21156,"href":"https:\/\/voyage-aventure.com\/blog\/wp-json\/wp\/v2\/posts\/8549\/revisions\/21156"}],"wp:featuredmedia":[{"embeddable":true,"href":"https:\/\/voyage-aventure.com\/blog\/wp-json\/wp\/v2\/media\/12520"}],"wp:attachment":[{"href":"https:\/\/voyage-aventure.com\/blog\/wp-json\/wp\/v2\/media?parent=8549"}],"wp:term":[{"taxonomy":"category","embeddable":true,"href":"https:\/\/voyage-aventure.com\/blog\/wp-json\/wp\/v2\/categories?post=8549"},{"taxonomy":"post_tag","embeddable":true,"href":"https:\/\/voyage-aventure.com\/blog\/wp-json\/wp\/v2\/tags?post=8549"}],"curies":[{"name":"wp","href":"https:\/\/api.w.org\/{rel}","templated":true}]}}