{"id":8541,"date":"2025-02-11T12:57:55","date_gmt":"2025-02-11T11:57:55","guid":{"rendered":"https:\/\/voyage-aventure.com\/blog\/a-la-une\/reservez-un-van-pour-un-voyage-inoubliable-a-travers-leurope-et-la-france\/"},"modified":"2025-02-11T12:57:55","modified_gmt":"2025-02-11T11:57:55","slug":"reservez-un-van-pour-un-voyage-inoubliable-a-travers-leurope-et-la-france","status":"publish","type":"post","link":"https:\/\/voyage-aventure.com\/blog\/a-la-une\/reservez-un-van-pour-un-voyage-inoubliable-a-travers-leurope-et-la-france\/","title":{"rendered":"R\u00e9servez un van pour un voyage inoubliable \u00e0 travers l&rsquo;Europe et la France"},"content":{"rendered":"<h2>Vivre la libert\u00e9 des routes avec un van am\u00e9nag\u00e9<\/h2>\n<p>Partir en vacances est souvent synonyme d&rsquo;aventure et de d\u00e9couverte. Louer un van am\u00e9nag\u00e9 vous permet d&#8217;embrasser cette libert\u00e9 sans contraintes, tout en profitant du confort d&rsquo;un espace de vie sur roues. Que vous soyez en couple, entre amis ou en famille, cette option de voyage s&rsquo;adapte \u00e0 tous vos besoins.<\/p>\n<p>Avec un van, vous n&rsquo;\u00eates plus limit\u00e9s par les horaires des h\u00f4tels ou des transports publics. Vous pouvez choisir vos destinations, vous arr\u00eater o\u00f9 bon vous semble et admirer des paysages \u00e0 couper le souffle. Imaginez-vous en train de d\u00e9guster un caf\u00e9 au bord d&rsquo;un lac, ou de pr\u00e9parer un barbecue sous les \u00e9toiles, tout cela gr\u00e2ce \u00e0 votre van am\u00e9nag\u00e9.<\/p>\n<h2>Des offres exceptionnelles pour vos vacances<\/h2>\n<p>Actuellement, la soci\u00e9t\u00e9 VAN-IT propose une r\u00e9duction de 80\u20ac sur votre premi\u00e8re location de van avec le code promo VAN80. Cette offre est valable pour toute r\u00e9servation effectu\u00e9e jusqu&rsquo;au 28 f\u00e9vrier 2025, et vous permet de partir \u00e0 l&rsquo;aventure d\u00e8s le 7 f\u00e9vrier 2025. Un excellent moyen de r\u00e9duire le co\u00fbt de vos vacances tout en maximisant le plaisir.<\/p>\n<p>Les agences VAN-IT sont pr\u00e9sentes dans toute la France, vous garantissant un large choix de mod\u00e8les adapt\u00e9s \u00e0 vos besoins. Que vous souhaitiez un van compact pour un voyage en couple ou un mod\u00e8le spacieux pour une escapade en famille, vous trouverez exactement ce qu\u2019il vous faut. <\/p>\n<h2>Des destinations \u00e0 couper le souffle<\/h2>\n<p>Les possibilit\u00e9s de voyages en van sont infinies et s&rsquo;\u00e9tendent \u00e0 travers toute l&rsquo;Europe. Que vous soyez attir\u00e9 par les plages ensoleill\u00e9es d&rsquo;Espagne, les collines verdoyantes d&rsquo;Italie, ou les paysages pittoresques du Portugal, un van vous permet d&rsquo;explorer ces merveilles \u00e0 votre rythme. <\/p>\n<p>Voici quelques destinations id\u00e9ales \u00e0 envisager pour votre prochaine aventure en van :<\/p>\n<ul>\n<li>France<\/li>\n<li>Portugal<\/li>\n<li>Italie<\/li>\n<li>Espagne<\/li>\n<li>Europe en g\u00e9n\u00e9ral<\/li>\n<\/ul>\n<p>Chaque pays offre une exp\u00e9rience unique, que ce soit en visitant des sites historiques, en profitant de la gastronomie locale, ou en d\u00e9couvrant la nature sauvage. <\/p>\n<blockquote><p>\n  \u00ab\u00a0Voyager en van, c&rsquo;est plus qu&rsquo;un simple d\u00e9placement, c&rsquo;est une v\u00e9ritable aventure \u00e0 vivre.\u00a0\u00bb\n<\/p><\/blockquote>\n<p><iframe loading=\"lazy\" title=\"Enqu\u00eates de r\u00e9gion : d\u00e9sir de libert\u00e9 et camping car\" width=\"1200\" height=\"675\" src=\"https:\/\/www.youtube.com\/embed\/wpJaBmyNZoM?feature=oembed\" frameborder=\"0\" allow=\"accelerometer; autoplay; clipboard-write; encrypted-media; gyroscope; picture-in-picture; web-share\" referrerpolicy=\"strict-origin-when-cross-origin\" allowfullscreen><\/iframe><\/p>\n<h2>Pourquoi choisir un van pour vos vacances?<\/h2>\n<p>L&rsquo;une des principales raisons de choisir un van am\u00e9nag\u00e9 est le confort qu&rsquo;il offre. Avec des \u00e9quipements modernes, vous disposez de tout le n\u00e9cessaire pour vous sentir chez vous, m\u00eame loin de votre domicile. Les vans sont \u00e9quip\u00e9s de cuisines, de lits confortables et de sanitaires, transformant ainsi chaque voyage en une exp\u00e9rience agr\u00e9able.<\/p>\n<p>De plus, la flexibilit\u00e9 est un atout majeur. Vous pouvez choisir de rester \u00e0 un endroit aussi longtemps que vous le souhaitez ou de changer de destination au gr\u00e9 de vos envies. Chaque jour peut \u00eatre une nouvelle aventure, et chaque nuit, un nouveau paysage \u00e0 admirer. <\/p>\n<p>En conclusion, louer un van pour vos prochaines vacances est une excellente option pour ceux qui recherchent libert\u00e9 et confort. Avec des offres attractives, des destinations vari\u00e9es et la possibilit\u00e9 d&rsquo;explorer \u00e0 votre rythme, il n&rsquo;a jamais \u00e9t\u00e9 aussi simple de planifier des vacances m\u00e9morables. N&rsquo;attendez plus, profitez de la r\u00e9duction de 80\u20ac et partez \u00e0 la d\u00e9couverte du monde avec VAN-IT.<\/p>\n","protected":false},"excerpt":{"rendered":"","protected":false},"author":34,"featured_media":12117,"comment_status":"open","ping_status":"open","sticky":false,"template":"","format":"standard","meta":{"_acf_changed":false,"manual_indexmenow":false,"indexmenow_id_project":0,"footnotes":""},"categories":[1],"tags":[4530,4528,4625,4358,4526],"class_list":["post-8541","post","type-post","status-publish","format-standard","has-post-thumbnail","hentry","category-a-la-une","tag-escapade-en-europe","tag-hebergement-abordable","tag-passion-du-voyage","tag-techniques-naturelles","tag-voyage-economique","generate-columns","tablet-grid-50","mobile-grid-100","grid-parent","grid-25"],"acf":[],"yoast_head":"<!-- This site is optimized with the Yoast SEO Premium plugin v21.3 (Yoast SEO v25.1) - https:\/\/yoast.com\/wordpress\/plugins\/seo\/ -->\n<title>R\u00e9servez un van pour un voyage inoubliable \u00e0 travers<\/title>\n<meta name=\"description\" content=\"Partir en vacances est souvent synonyme d&#039;aventure et de d\u00e9couverte. Louer un van am\u00e9nag\u00e9 vous permet d&#039;embrasser cette libert\u00e9 sans contraintes, tout en\" \/>\n<meta name=\"robots\" content=\"index, follow, max-snippet:-1, max-image-preview:large, max-video-preview:-1\" \/>\n<link rel=\"canonical\" href=\"https:\/\/voyage-aventure.com\/blog\/a-la-une\/reservez-un-van-pour-un-voyage-inoubliable-a-travers-leurope-et-la-france\/\" \/>\n<meta property=\"og:locale\" content=\"fr_FR\" \/>\n<meta property=\"og:type\" content=\"article\" \/>\n<meta property=\"og:title\" content=\"R\u00e9servez un van pour un voyage inoubliable \u00e0 travers\" \/>\n<meta property=\"og:description\" content=\"Partir en vacances est souvent synonyme d&#039;aventure et de d\u00e9couverte. Louer un van am\u00e9nag\u00e9 vous permet d&#039;embrasser cette libert\u00e9 sans contraintes, tout en\" \/>\n<meta property=\"og:url\" content=\"https:\/\/voyage-aventure.com\/blog\/a-la-une\/reservez-un-van-pour-un-voyage-inoubliable-a-travers-leurope-et-la-france\/\" \/>\n<meta property=\"og:site_name\" content=\"voyage-aventure\" \/>\n<meta property=\"og:image\" content=\"https:\/\/voyage-aventure.com\/blog\/wp-content\/uploads\/2025\/02\/sdxl-e46807a9b15852d8893e434145bfd4e8.png\" \/>\n\t<meta property=\"og:image:width\" content=\"1536\" \/>\n\t<meta property=\"og:image:height\" content=\"640\" \/>\n\t<meta property=\"og:image:type\" content=\"image\/png\" \/>\n<meta name=\"author\" content=\"Camille Rouvray\" \/>\n<meta name=\"twitter:card\" content=\"summary_large_image\" \/>\n<script type=\"application\/ld+json\" class=\"yoast-schema-graph\">{\"@context\":\"https:\/\/schema.org\",\"@graph\":[{\"@type\":\"NewsArticle\",\"@id\":\"https:\/\/voyage-aventure.com\/blog\/a-la-une\/reservez-un-van-pour-un-voyage-inoubliable-a-travers-leurope-et-la-france\/#article\",\"isPartOf\":{\"@id\":\"https:\/\/voyage-aventure.com\/blog\/a-la-une\/reservez-un-van-pour-un-voyage-inoubliable-a-travers-leurope-et-la-france\/\"},\"author\":{\"name\":\"Camille Rouvray\",\"@id\":\"https:\/\/voyage-aventure.com\/blog\/#\/schema\/person\/3c864cdc320801e3db34b663e7e3f816\"},\"headline\":\"R\u00e9servez un van pour un voyage inoubliable \u00e0 travers l&rsquo;Europe et la France\",\"datePublished\":\"2025-02-11T11:57:55+00:00\",\"mainEntityOfPage\":{\"@id\":\"https:\/\/voyage-aventure.com\/blog\/a-la-une\/reservez-un-van-pour-un-voyage-inoubliable-a-travers-leurope-et-la-france\/\"},\"wordCount\":574,\"commentCount\":24,\"publisher\":{\"@id\":\"https:\/\/voyage-aventure.com\/blog\/#organization\"},\"image\":{\"@id\":\"https:\/\/voyage-aventure.com\/blog\/a-la-une\/reservez-un-van-pour-un-voyage-inoubliable-a-travers-leurope-et-la-france\/#primaryimage\"},\"thumbnailUrl\":\"https:\/\/voyage-aventure.com\/blog\/wp-content\/uploads\/2025\/02\/sdxl-e46807a9b15852d8893e434145bfd4e8.png\",\"keywords\":[\"Escapade en Europe\",\"H\u00e9bergement Abordable\",\"Passion Du Voyage\",\"Techniques Naturelles\",\"Voyage \u00c9conomique\"],\"articleSection\":[\"\u00c0 la une\"],\"inLanguage\":\"fr-FR\",\"potentialAction\":[{\"@type\":\"CommentAction\",\"name\":\"Comment\",\"target\":[\"https:\/\/voyage-aventure.com\/blog\/a-la-une\/reservez-un-van-pour-un-voyage-inoubliable-a-travers-leurope-et-la-france\/#respond\"]}]},{\"@type\":\"WebPage\",\"@id\":\"https:\/\/voyage-aventure.com\/blog\/a-la-une\/reservez-un-van-pour-un-voyage-inoubliable-a-travers-leurope-et-la-france\/\",\"url\":\"https:\/\/voyage-aventure.com\/blog\/a-la-une\/reservez-un-van-pour-un-voyage-inoubliable-a-travers-leurope-et-la-france\/\",\"name\":\"R\u00e9servez un van pour un voyage inoubliable \u00e0 travers\",\"isPartOf\":{\"@id\":\"https:\/\/voyage-aventure.com\/blog\/#website\"},\"primaryImageOfPage\":{\"@id\":\"https:\/\/voyage-aventure.com\/blog\/a-la-une\/reservez-un-van-pour-un-voyage-inoubliable-a-travers-leurope-et-la-france\/#primaryimage\"},\"image\":{\"@id\":\"https:\/\/voyage-aventure.com\/blog\/a-la-une\/reservez-un-van-pour-un-voyage-inoubliable-a-travers-leurope-et-la-france\/#primaryimage\"},\"thumbnailUrl\":\"https:\/\/voyage-aventure.com\/blog\/wp-content\/uploads\/2025\/02\/sdxl-e46807a9b15852d8893e434145bfd4e8.png\",\"datePublished\":\"2025-02-11T11:57:55+00:00\",\"description\":\"Partir en vacances est souvent synonyme d'aventure et de d\u00e9couverte. Louer un van am\u00e9nag\u00e9 vous permet d'embrasser cette libert\u00e9 sans contraintes, tout en\",\"inLanguage\":\"fr-FR\",\"potentialAction\":[{\"@type\":\"ReadAction\",\"target\":[\"https:\/\/voyage-aventure.com\/blog\/a-la-une\/reservez-un-van-pour-un-voyage-inoubliable-a-travers-leurope-et-la-france\/\"]}]},{\"@type\":\"ImageObject\",\"inLanguage\":\"fr-FR\",\"@id\":\"https:\/\/voyage-aventure.com\/blog\/a-la-une\/reservez-un-van-pour-un-voyage-inoubliable-a-travers-leurope-et-la-france\/#primaryimage\",\"url\":\"https:\/\/voyage-aventure.com\/blog\/wp-content\/uploads\/2025\/02\/sdxl-e46807a9b15852d8893e434145bfd4e8.png\",\"contentUrl\":\"https:\/\/voyage-aventure.com\/blog\/wp-content\/uploads\/2025\/02\/sdxl-e46807a9b15852d8893e434145bfd4e8.png\",\"width\":1536,\"height\":640},{\"@type\":\"WebSite\",\"@id\":\"https:\/\/voyage-aventure.com\/blog\/#website\",\"url\":\"https:\/\/voyage-aventure.com\/blog\/\",\"name\":\"voyage-aventure.com\",\"description\":\"Votre passeport pour l\u2019inattendu.\",\"publisher\":{\"@id\":\"https:\/\/voyage-aventure.com\/blog\/#organization\"},\"alternateName\":\"Votre passeport pour l\u2019inattendu.\",\"potentialAction\":[{\"@type\":\"SearchAction\",\"target\":{\"@type\":\"EntryPoint\",\"urlTemplate\":\"https:\/\/voyage-aventure.com\/blog\/?s={search_term_string}\"},\"query-input\":{\"@type\":\"PropertyValueSpecification\",\"valueRequired\":true,\"valueName\":\"search_term_string\"}}],\"inLanguage\":\"fr-FR\"},{\"@type\":\"Organization\",\"@id\":\"https:\/\/voyage-aventure.com\/blog\/#organization\",\"name\":\"Foretsensations.fr\",\"url\":\"https:\/\/voyage-aventure.com\/blog\/\",\"logo\":{\"@type\":\"ImageObject\",\"inLanguage\":\"fr-FR\",\"@id\":\"https:\/\/voyage-aventure.com\/blog\/#\/schema\/logo\/image\/\",\"url\":\"https:\/\/voyage-aventure.com\/blog\/wp-content\/uploads\/2024\/12\/19.png\",\"contentUrl\":\"https:\/\/voyage-aventure.com\/blog\/wp-content\/uploads\/2024\/12\/19.png\",\"width\":512,\"height\":512,\"caption\":\"Foretsensations.fr\"},\"image\":{\"@id\":\"https:\/\/voyage-aventure.com\/blog\/#\/schema\/logo\/image\/\"}},{\"@type\":\"Person\",\"@id\":\"https:\/\/voyage-aventure.com\/blog\/#\/schema\/person\/3c864cdc320801e3db34b663e7e3f816\",\"name\":\"Camille Rouvray\",\"image\":{\"@type\":\"ImageObject\",\"inLanguage\":\"fr-FR\",\"@id\":\"https:\/\/voyage-aventure.com\/blog\/#\/schema\/person\/image\/\",\"url\":\"https:\/\/voyage-aventure.com\/blog\/wp-content\/uploads\/2026\/06\/persona_camille-r-96x96.jpg\",\"contentUrl\":\"https:\/\/voyage-aventure.com\/blog\/wp-content\/uploads\/2026\/06\/persona_camille-r-96x96.jpg\",\"caption\":\"Camille Rouvray\"},\"description\":\"Je voyage et j'\u00e9cris sur le voyage depuis une douzaine d'ann\u00e9es, d'abord en tant que routarde au long cours, puis comme r\u00e9dactrice sp\u00e9cialis\u00e9e. Mon terrain de pr\u00e9dilection, ce sont les circuits organis\u00e9s et l'art de bien pr\u00e9parer un itin\u00e9raire : choix de la saison, dur\u00e9e r\u00e9aliste des \u00e9tapes, budget jour par jour, logement et transport sur place. J'aime aussi raconter les p\u00e9pites urbaines, ces adresses qu'on ne trouve pas dans les guides classiques. Avant de publier un dossier destination, je croise toujours plusieurs sources, je v\u00e9rifie les tarifs et les formalit\u00e9s d'entr\u00e9e \u00e0 jour, et je teste moi-m\u00eame quand je le peux. Mon angle reste pratique avant tout : aider le lecteur \u00e0 partir l'esprit tranquille, sans mauvaise surprise une fois sur place. Je m'attache \u00e0 distinguer le coup de c\u0153ur sinc\u00e8re du simple argument marketing.\",\"sameAs\":[\"https:\/\/camillerouvray.fr\/\"],\"url\":\"https:\/\/voyage-aventure.com\/blog\/auteur\/noname\/\"}]}<\/script>\n<!-- \/ Yoast SEO Premium plugin. -->","yoast_head_json":{"title":"R\u00e9servez un van pour un voyage inoubliable \u00e0 travers","description":"Partir en vacances est souvent synonyme d'aventure et de d\u00e9couverte. Louer un van am\u00e9nag\u00e9 vous permet d'embrasser cette libert\u00e9 sans contraintes, tout en","robots":{"index":"index","follow":"follow","max-snippet":"max-snippet:-1","max-image-preview":"max-image-preview:large","max-video-preview":"max-video-preview:-1"},"canonical":"https:\/\/voyage-aventure.com\/blog\/a-la-une\/reservez-un-van-pour-un-voyage-inoubliable-a-travers-leurope-et-la-france\/","og_locale":"fr_FR","og_type":"article","og_title":"R\u00e9servez un van pour un voyage inoubliable \u00e0 travers","og_description":"Partir en vacances est souvent synonyme d'aventure et de d\u00e9couverte. Louer un van am\u00e9nag\u00e9 vous permet d'embrasser cette libert\u00e9 sans contraintes, tout en","og_url":"https:\/\/voyage-aventure.com\/blog\/a-la-une\/reservez-un-van-pour-un-voyage-inoubliable-a-travers-leurope-et-la-france\/","og_site_name":"voyage-aventure","og_image":[{"width":1536,"height":640,"url":"https:\/\/voyage-aventure.com\/blog\/wp-content\/uploads\/2025\/02\/sdxl-e46807a9b15852d8893e434145bfd4e8.png","type":"image\/png"}],"author":"Camille Rouvray","twitter_card":"summary_large_image","schema":{"@context":"https:\/\/schema.org","@graph":[{"@type":"NewsArticle","@id":"https:\/\/voyage-aventure.com\/blog\/a-la-une\/reservez-un-van-pour-un-voyage-inoubliable-a-travers-leurope-et-la-france\/#article","isPartOf":{"@id":"https:\/\/voyage-aventure.com\/blog\/a-la-une\/reservez-un-van-pour-un-voyage-inoubliable-a-travers-leurope-et-la-france\/"},"author":{"name":"Camille Rouvray","@id":"https:\/\/voyage-aventure.com\/blog\/#\/schema\/person\/3c864cdc320801e3db34b663e7e3f816"},"headline":"R\u00e9servez un van pour un voyage inoubliable \u00e0 travers l&rsquo;Europe et la France","datePublished":"2025-02-11T11:57:55+00:00","mainEntityOfPage":{"@id":"https:\/\/voyage-aventure.com\/blog\/a-la-une\/reservez-un-van-pour-un-voyage-inoubliable-a-travers-leurope-et-la-france\/"},"wordCount":574,"commentCount":24,"publisher":{"@id":"https:\/\/voyage-aventure.com\/blog\/#organization"},"image":{"@id":"https:\/\/voyage-aventure.com\/blog\/a-la-une\/reservez-un-van-pour-un-voyage-inoubliable-a-travers-leurope-et-la-france\/#primaryimage"},"thumbnailUrl":"https:\/\/voyage-aventure.com\/blog\/wp-content\/uploads\/2025\/02\/sdxl-e46807a9b15852d8893e434145bfd4e8.png","keywords":["Escapade en Europe","H\u00e9bergement Abordable","Passion Du Voyage","Techniques Naturelles","Voyage \u00c9conomique"],"articleSection":["\u00c0 la une"],"inLanguage":"fr-FR","potentialAction":[{"@type":"CommentAction","name":"Comment","target":["https:\/\/voyage-aventure.com\/blog\/a-la-une\/reservez-un-van-pour-un-voyage-inoubliable-a-travers-leurope-et-la-france\/#respond"]}]},{"@type":"WebPage","@id":"https:\/\/voyage-aventure.com\/blog\/a-la-une\/reservez-un-van-pour-un-voyage-inoubliable-a-travers-leurope-et-la-france\/","url":"https:\/\/voyage-aventure.com\/blog\/a-la-une\/reservez-un-van-pour-un-voyage-inoubliable-a-travers-leurope-et-la-france\/","name":"R\u00e9servez un van pour un voyage inoubliable \u00e0 travers","isPartOf":{"@id":"https:\/\/voyage-aventure.com\/blog\/#website"},"primaryImageOfPage":{"@id":"https:\/\/voyage-aventure.com\/blog\/a-la-une\/reservez-un-van-pour-un-voyage-inoubliable-a-travers-leurope-et-la-france\/#primaryimage"},"image":{"@id":"https:\/\/voyage-aventure.com\/blog\/a-la-une\/reservez-un-van-pour-un-voyage-inoubliable-a-travers-leurope-et-la-france\/#primaryimage"},"thumbnailUrl":"https:\/\/voyage-aventure.com\/blog\/wp-content\/uploads\/2025\/02\/sdxl-e46807a9b15852d8893e434145bfd4e8.png","datePublished":"2025-02-11T11:57:55+00:00","description":"Partir en vacances est souvent synonyme d'aventure et de d\u00e9couverte. Louer un van am\u00e9nag\u00e9 vous permet d'embrasser cette libert\u00e9 sans contraintes, tout en","inLanguage":"fr-FR","potentialAction":[{"@type":"ReadAction","target":["https:\/\/voyage-aventure.com\/blog\/a-la-une\/reservez-un-van-pour-un-voyage-inoubliable-a-travers-leurope-et-la-france\/"]}]},{"@type":"ImageObject","inLanguage":"fr-FR","@id":"https:\/\/voyage-aventure.com\/blog\/a-la-une\/reservez-un-van-pour-un-voyage-inoubliable-a-travers-leurope-et-la-france\/#primaryimage","url":"https:\/\/voyage-aventure.com\/blog\/wp-content\/uploads\/2025\/02\/sdxl-e46807a9b15852d8893e434145bfd4e8.png","contentUrl":"https:\/\/voyage-aventure.com\/blog\/wp-content\/uploads\/2025\/02\/sdxl-e46807a9b15852d8893e434145bfd4e8.png","width":1536,"height":640},{"@type":"WebSite","@id":"https:\/\/voyage-aventure.com\/blog\/#website","url":"https:\/\/voyage-aventure.com\/blog\/","name":"voyage-aventure.com","description":"Votre passeport pour l\u2019inattendu.","publisher":{"@id":"https:\/\/voyage-aventure.com\/blog\/#organization"},"alternateName":"Votre passeport pour l\u2019inattendu.","potentialAction":[{"@type":"SearchAction","target":{"@type":"EntryPoint","urlTemplate":"https:\/\/voyage-aventure.com\/blog\/?s={search_term_string}"},"query-input":{"@type":"PropertyValueSpecification","valueRequired":true,"valueName":"search_term_string"}}],"inLanguage":"fr-FR"},{"@type":"Organization","@id":"https:\/\/voyage-aventure.com\/blog\/#organization","name":"Foretsensations.fr","url":"https:\/\/voyage-aventure.com\/blog\/","logo":{"@type":"ImageObject","inLanguage":"fr-FR","@id":"https:\/\/voyage-aventure.com\/blog\/#\/schema\/logo\/image\/","url":"https:\/\/voyage-aventure.com\/blog\/wp-content\/uploads\/2024\/12\/19.png","contentUrl":"https:\/\/voyage-aventure.com\/blog\/wp-content\/uploads\/2024\/12\/19.png","width":512,"height":512,"caption":"Foretsensations.fr"},"image":{"@id":"https:\/\/voyage-aventure.com\/blog\/#\/schema\/logo\/image\/"}},{"@type":"Person","@id":"https:\/\/voyage-aventure.com\/blog\/#\/schema\/person\/3c864cdc320801e3db34b663e7e3f816","name":"Camille Rouvray","image":{"@type":"ImageObject","inLanguage":"fr-FR","@id":"https:\/\/voyage-aventure.com\/blog\/#\/schema\/person\/image\/","url":"https:\/\/voyage-aventure.com\/blog\/wp-content\/uploads\/2026\/06\/persona_camille-r-96x96.jpg","contentUrl":"https:\/\/voyage-aventure.com\/blog\/wp-content\/uploads\/2026\/06\/persona_camille-r-96x96.jpg","caption":"Camille Rouvray"},"description":"Je voyage et j'\u00e9cris sur le voyage depuis une douzaine d'ann\u00e9es, d'abord en tant que routarde au long cours, puis comme r\u00e9dactrice sp\u00e9cialis\u00e9e. Mon terrain de pr\u00e9dilection, ce sont les circuits organis\u00e9s et l'art de bien pr\u00e9parer un itin\u00e9raire : choix de la saison, dur\u00e9e r\u00e9aliste des \u00e9tapes, budget jour par jour, logement et transport sur place. J'aime aussi raconter les p\u00e9pites urbaines, ces adresses qu'on ne trouve pas dans les guides classiques. Avant de publier un dossier destination, je croise toujours plusieurs sources, je v\u00e9rifie les tarifs et les formalit\u00e9s d'entr\u00e9e \u00e0 jour, et je teste moi-m\u00eame quand je le peux. Mon angle reste pratique avant tout : aider le lecteur \u00e0 partir l'esprit tranquille, sans mauvaise surprise une fois sur place. Je m'attache \u00e0 distinguer le coup de c\u0153ur sinc\u00e8re du simple argument marketing.","sameAs":["https:\/\/camillerouvray.fr\/"],"url":"https:\/\/voyage-aventure.com\/blog\/auteur\/noname\/"}]}},"_links":{"self":[{"href":"https:\/\/voyage-aventure.com\/blog\/wp-json\/wp\/v2\/posts\/8541","targetHints":{"allow":["GET"]}}],"collection":[{"href":"https:\/\/voyage-aventure.com\/blog\/wp-json\/wp\/v2\/posts"}],"about":[{"href":"https:\/\/voyage-aventure.com\/blog\/wp-json\/wp\/v2\/types\/post"}],"author":[{"embeddable":true,"href":"https:\/\/voyage-aventure.com\/blog\/wp-json\/wp\/v2\/users\/34"}],"replies":[{"embeddable":true,"href":"https:\/\/voyage-aventure.com\/blog\/wp-json\/wp\/v2\/comments?post=8541"}],"version-history":[{"count":0,"href":"https:\/\/voyage-aventure.com\/blog\/wp-json\/wp\/v2\/posts\/8541\/revisions"}],"wp:featuredmedia":[{"embeddable":true,"href":"https:\/\/voyage-aventure.com\/blog\/wp-json\/wp\/v2\/media\/12117"}],"wp:attachment":[{"href":"https:\/\/voyage-aventure.com\/blog\/wp-json\/wp\/v2\/media?parent=8541"}],"wp:term":[{"taxonomy":"category","embeddable":true,"href":"https:\/\/voyage-aventure.com\/blog\/wp-json\/wp\/v2\/categories?post=8541"},{"taxonomy":"post_tag","embeddable":true,"href":"https:\/\/voyage-aventure.com\/blog\/wp-json\/wp\/v2\/tags?post=8541"}],"curies":[{"name":"wp","href":"https:\/\/api.w.org\/{rel}","templated":true}]}}