{"id":8540,"date":"2026-06-16T16:17:39","date_gmt":"2026-06-16T14:17:39","guid":{"rendered":"https:\/\/voyage-aventure.com\/blog\/?p=8540"},"modified":"2026-06-16T16:17:39","modified_gmt":"2026-06-16T14:17:39","slug":"decouvrez-la-beaute-de-minorque-votre-prochaine-escapade-ensoleillee","status":"publish","type":"post","link":"https:\/\/voyage-aventure.com\/blog\/a-la-une\/decouvrez-la-beaute-de-minorque-votre-prochaine-escapade-ensoleillee\/","title":{"rendered":"D\u00e9couvrez la beaut\u00e9 de Minorque, votre prochaine escapade ensoleill\u00e9e"},"content":{"rendered":"<style>\n@import url('https:\/\/fonts.googleapis.com\/css2?family=Fraunces:opsz,wght@9..144,500;9..144,600;9..144,700;9..144,900&family=Inter:wght@400;500;600&family=JetBrains+Mono:wght@500&display=swap');\n.vam-gl-wrap{font-family:'Inter',-apple-system,sans-serif;color:#243b36;line-height:1.65;font-size:17px;max-width:840px;margin:0 auto}\n.vam-gl-wrap h2{font-family:'Fraunces',Georgia,serif;font-weight:700;font-size:clamp(24px,3.2vw,34px);line-height:1.2;letter-spacing:-.01em;color:#173a31;margin:48px 0 18px}\n.vam-gl-wrap h3{font-family:'Fraunces',Georgia,serif;font-weight:600;font-size:clamp(19px,2.2vw,23px);color:#1c4438;margin:28px 0 12px}\n.vam-gl-lead{font-size:19px;line-height:1.6;color:#3a564e;border-left:4px solid #1f9e7a;padding:4px 0 4px 20px;margin:8px 0 30px}\n.vam-gl-kicker{font-family:'JetBrains Mono',monospace;font-size:12px;letter-spacing:.16em;text-transform:uppercase;color:#1f9e7a;font-weight:500;display:block;margin-bottom:6px}\n.vam-gl-carnet{background:linear-gradient(135deg,#f3faf6,#eaf6f0);border:1px solid #cfe9dd;border-left:5px solid #1f9e7a;border-radius:14px;padding:26px;margin:30px 0;box-shadow:0 1px 2px rgba(16,24,40,.05),0 14px 30px -18px rgba(23,58,49,.28)}\n.vam-gl-carnet .vam-gl-ct{font-family:'Fraunces',serif;font-weight:700;font-size:20px;color:#173a31;margin-bottom:16px;display:flex;align-items:center;gap:8px}\n.vam-gl-cgrid{display:grid;grid-template-columns:repeat(auto-fit,minmax(180px,1fr));gap:18px}\n.vam-gl-citem{}\n.vam-gl-clab{font-family:'JetBrains Mono',monospace;font-size:11px;letter-spacing:.12em;text-transform:uppercase;color:#1f9e7a;font-weight:500;margin-bottom:4px}\n.vam-gl-cval{font-size:15.5px;color:#2b463e;font-weight:500;line-height:1.45}\n.vam-gl-quote{font-family:'Fraunces',serif;font-style:italic;font-weight:500;font-size:clamp(20px,2.6vw,26px);line-height:1.45;color:#173a31;border-top:2px solid #cfe9dd;border-bottom:2px solid #cfe9dd;padding:22px 0;margin:36px 0;text-align:center}\n.vam-gl-quote .vam-gl-att{display:block;font-family:'JetBrains Mono',monospace;font-style:normal;font-size:12px;letter-spacing:.1em;text-transform:uppercase;color:#1f9e7a;margin-top:14px}\n.vam-gl-cards{display:grid;grid-template-columns:repeat(auto-fit,minmax(240px,1fr));gap:22px;margin:26px 0}\n.vam-gl-card{background:#fff;border:1px solid #e0ece6;border-top:3px solid #1f9e7a;border-radius:12px;padding:22px;transition:.25s ease;box-shadow:0 1px 2px rgba(16,24,40,.05)}\n.vam-gl-card:hover{transform:translateY(-3px);box-shadow:0 1px 2px rgba(16,24,40,.05),0 16px 32px -18px rgba(23,58,49,.3);border-top-color:#16876a}\n.vam-gl-card .vam-gl-cn{font-family:'Fraunces',serif;font-weight:600;font-size:19px;color:#173a31;margin-bottom:8px}\n.vam-gl-card .vam-gl-cd{font-size:15.5px;color:#3a564e;line-height:1.55}\n.vam-gl-card .vam-gl-tip{margin-top:12px;font-family:'JetBrains Mono',monospace;font-size:12.5px;color:#16876a;border-top:1px dashed #d6ebe1;padding-top:10px}\n.vam-gl-tbl{width:100%;border-collapse:collapse;margin:24px 0;border-radius:12px;overflow:hidden;border:1px solid #e0ece6;font-size:15.5px}\n.vam-gl-tbl th{background:#173a31;color:#eaf6f0;font-family:'JetBrains Mono',monospace;font-size:12px;letter-spacing:.06em;text-transform:uppercase;text-align:left;padding:12px 16px;font-weight:500}\n.vam-gl-tbl td{padding:12px 16px;border-top:1px solid #e8f1ec;color:#2b463e}\n.vam-gl-tbl tr:nth-child(even) td{background:#f6fbf8}\n.vam-gl-check{display:grid;grid-template-columns:repeat(auto-fit,minmax(260px,1fr));gap:20px;margin:24px 0}\n.vam-gl-col{background:#fff;border:1px solid #e0ece6;border-radius:12px;padding:20px 22px;box-shadow:0 1px 2px rgba(16,24,40,.05)}\n.vam-gl-col .vam-gl-ch{font-family:'Fraunces',serif;font-weight:600;font-size:18px;margin-bottom:12px}\n.vam-gl-do .vam-gl-ch{color:#16876a}\n.vam-gl-no .vam-gl-ch{color:#b0573a}\n.vam-gl-col ul{margin:0;padding-left:20px}\n.vam-gl-col li{margin:7px 0;font-size:15.5px;color:#3a564e;line-height:1.5}\n.vam-gl-retenir{background:#173a31;color:#e7f3ee;border-radius:14px;padding:26px 28px;margin:36px 0;box-shadow:0 14px 30px -18px rgba(23,58,49,.5)}\n.vam-gl-retenir .vam-gl-rt{font-family:'Fraunces',serif;font-weight:700;font-size:21px;color:#fff;margin-bottom:14px}\n.vam-gl-retenir ul{margin:0;padding-left:20px}\n.vam-gl-retenir li{margin:9px 0;font-size:15.5px;line-height:1.55;color:#d3e8e0}\n.vam-gl-retenir li strong{color:#7bdcb8}\n.vam-gl-faq{margin:28px 0}\n.vam-gl-faq details{background:#fff;border:1px solid #e0ece6;border-left:4px solid #1f9e7a;border-radius:10px;padding:0;margin:12px 0;transition:.25s ease;box-shadow:0 1px 2px rgba(16,24,40,.05)}\n.vam-gl-faq details:hover{box-shadow:0 1px 2px rgba(16,24,40,.05),0 12px 26px -18px rgba(23,58,49,.28)}\n.vam-gl-faq summary{font-family:'Fraunces',serif;font-weight:600;font-size:18px;color:#173a31;padding:16px 20px;cursor:pointer;list-style:none}\n.vam-gl-faq summary::-webkit-details-marker{display:none}\n.vam-gl-faq summary::before{content:\"+\";color:#1f9e7a;font-family:'JetBrains Mono',monospace;margin-right:10px;font-weight:700}\n.vam-gl-faq details[open] summary::before{content:\"\u2013\"}\n.vam-gl-faq .vam-gl-fa{padding:0 20px 18px;font-size:15.5px;color:#3a564e;line-height:1.6}\n.vam-gl-video{margin:30px 0}\n@media(max-width:640px){.vam-gl-carnet,.vam-gl-retenir{padding:20px}}\n\/*RENDERFIX2*\/.vam-gl-tbl th{color:#eef3f9!important}.vam-gl-tbl th p,.vam-gl-tbl th li,.vam-gl-tbl th strong,.vam-gl-tbl th em,.vam-gl-tbl th a,.vam-gl-tbl th span,.vam-gl-tbl th b,.vam-gl-tbl th td,.vam-gl-tbl th th,.vam-gl-tbl th h2,.vam-gl-tbl th h3,.vam-gl-tbl th h4{color:#eef3f9!important}.vam-gl-tbl th strong,.vam-gl-tbl th b{color:#ffffff!important}.vam-gl-retenir{color:#eef3f9!important}.vam-gl-retenir p,.vam-gl-retenir li,.vam-gl-retenir strong,.vam-gl-retenir em,.vam-gl-retenir a,.vam-gl-retenir span,.vam-gl-retenir b,.vam-gl-retenir td,.vam-gl-retenir th,.vam-gl-retenir h2,.vam-gl-retenir h3,.vam-gl-retenir h4{color:#eef3f9!important}.vam-gl-retenir strong,.vam-gl-retenir b{color:#ffffff!important}<\/style>\n<div class=\"vam-gl-wrap\">\n<div class=\"vam-gl-lead\">Eaux turquoise, criques sauvages et villages blancs : Minorque est la plus discr\u00e8te des Bal\u00e9ares, et c&rsquo;est pr\u00e9cis\u00e9ment ce qui fait son charme. Voici comment pr\u00e9parer un voyage \u00e0 Minorque r\u00e9ussi, loin du tourisme de masse.<\/div>\n<div class=\"vam-gl-carnet\">\n<div class=\"vam-gl-ct\"><span aria-hidden=\"true\">\ud83e\udded<\/span> Carnet pratique de l&rsquo;\u00eele de Minorque<\/div>\n<div class=\"vam-gl-cgrid\">\n<div class=\"vam-gl-citem\">\n<div class=\"vam-gl-clab\">Meilleure p\u00e9riode<\/div>\n<div class=\"vam-gl-cval\">Printemps et \u00e9t\u00e9, pour des temp\u00e9ratures agr\u00e9ables et la baignade<\/div>\n<\/div>\n<div class=\"vam-gl-citem\">\n<div class=\"vam-gl-clab\">Dur\u00e9e id\u00e9ale<\/div>\n<div class=\"vam-gl-cval\">5 jours pour combiner criques, villages et d\u00e9tente<\/div>\n<\/div>\n<div class=\"vam-gl-citem\">\n<div class=\"vam-gl-clab\">Budget indicatif<\/div>\n<div class=\"vam-gl-cval\">S\u00e9jour 5 jours d\u00e8s 218\u20ac\/personne, vols A\/R directs inclus<\/div>\n<\/div>\n<div class=\"vam-gl-citem\">\n<div class=\"vam-gl-clab\">\u00c0 ne pas manquer<\/div>\n<div class=\"vam-gl-cval\">Ciutadella, Mah\u00f3n et les criques aux eaux turquoise<\/div>\n<\/div>\n<div class=\"vam-gl-citem\">\n<div class=\"vam-gl-clab\">Comment s&rsquo;y rendre<\/div>\n<div class=\"vam-gl-cval\">Vols directs depuis Paris, Marseille et Lyon<\/div>\n<\/div>\n<\/div>\n<\/div>\n<h2>Une escapade \u00e0 Minorque, le joyau des Bal\u00e9ares<\/h2>\n<p>Minorque est une destination qui attire de plus en plus de voyageurs en qu\u00eate d&rsquo;\u00e9vasion. Avec ses plages paradisiaques et son ambiance tranquille, l&rsquo;\u00eele repr\u00e9sente un v\u00e9ritable havre de paix. Pour une escapade de cinq jours, vous aurez l&rsquo;occasion de d\u00e9couvrir ses criques aux eaux turquoise et son patrimoine culturel riche.<\/p>\n<p>L&rsquo;\u00eele est facilement accessible gr\u00e2ce \u00e0 des vols directs depuis plusieurs grandes villes fran\u00e7aises. En choisissant un voyage \u00e0 Minorque, vous optez pour une exp\u00e9rience authentique, loin du tourisme de masse. La beaut\u00e9 pr\u00e9serv\u00e9e de ses paysages, ainsi que son atmosph\u00e8re paisible, vous promettent un s\u00e9jour inoubliable.<\/p>\n<div class=\"vam-gl-video\">\n<iframe loading=\"lazy\" title=\"Espagne : Trouvez l\u2019environnement parfait Beau quartier Vue mer Nouvelles Maisons : On visite\" width=\"1200\" height=\"900\" src=\"https:\/\/www.youtube.com\/embed\/PrsMqe9z51U?feature=oembed\" frameborder=\"0\" allow=\"accelerometer; autoplay; clipboard-write; encrypted-media; gyroscope; picture-in-picture; web-share\" referrerpolicy=\"strict-origin-when-cross-origin\" allowfullscreen><\/iframe>\n<\/div>\n<div class=\"vam-gl-quote\">\u00ab Minorque est l&rsquo;endroit r\u00eav\u00e9 pour se ressourcer et d\u00e9couvrir des paysages \u00e0 couper le souffle. \u00bb<span class=\"vam-gl-att\">\u2014 Expert en voyages<\/span><\/div>\n<h2>Un s\u00e9jour inoubliable \u00e0 prix abordable<\/h2>\n<p>Imaginez-vous en train de siroter un cocktail sur une terrasse ensoleill\u00e9e, avec la mer \u00e0 vos pieds. Pour un prix \u00e0 partir de 218\u20ac par personne, vous pouvez profiter de cinq jours dans un bel h\u00f4tel proche de la mer. Les vols aller-retour directs sont inclus, rendant votre voyage encore plus agr\u00e9able.<\/p>\n<p>Votre s\u00e9jour sur l&rsquo;\u00eele de Minorque sera agr\u00e9ment\u00e9 de moments de d\u00e9tente au bord de la piscine de l&rsquo;h\u00f4tel. Les \u00e9tablissements sont soigneusement s\u00e9lectionn\u00e9s pour vous offrir confort et qualit\u00e9. Chaque journ\u00e9e est l&rsquo;occasion de d\u00e9couvrir la gastronomie locale, riche en saveurs et en couleurs.<\/p>\n<h2>Les points forts de votre s\u00e9jour<\/h2>\n<p>Un voyage \u00e0 Minorque vous permet de profiter de nombreux avantages. Voici les \u00e9l\u00e9ments qui font de cette destination un choix id\u00e9al pour les couples comme pour les familles :<\/p>\n<div class=\"vam-gl-cards\">\n<div class=\"vam-gl-card\">\n<div class=\"vam-gl-cn\">Un h\u00f4tel bien not\u00e9<\/div>\n<div class=\"vam-gl-cd\">\u00c9tablissement \u00e0 l&rsquo;ambiance design et moderne, appr\u00e9ci\u00e9 des voyageurs.<\/div>\n<div class=\"vam-gl-tip\">Id\u00e9al couples &#038; familles<\/div>\n<\/div>\n<div class=\"vam-gl-card\">\n<div class=\"vam-gl-cn\">Piscine &#038; plage<\/div>\n<div class=\"vam-gl-cd\">Piscine ext\u00e9rieure et acc\u00e8s direct \u00e0 la plage pour alterner baignade et farniente.<\/div>\n<div class=\"vam-gl-tip\">Wifi gratuit \u00e0 l&rsquo;h\u00f4tel<\/div>\n<\/div>\n<div class=\"vam-gl-card\">\n<div class=\"vam-gl-cn\">Bien situ\u00e9<\/div>\n<div class=\"vam-gl-cd\">Localisation strat\u00e9gique pour rayonner facilement et explorer toute l&rsquo;\u00eele.<\/div>\n<div class=\"vam-gl-tip\">Location de v\u00e9los sur place<\/div>\n<\/div>\n<div class=\"vam-gl-card\">\n<div class=\"vam-gl-cn\">Acc\u00e8s facile<\/div>\n<div class=\"vam-gl-cd\">Vols directs depuis plusieurs villes fran\u00e7aises, sans escale ni perte de temps.<\/div>\n<div class=\"vam-gl-tip\">Paris \u00b7 Marseille \u00b7 Lyon<\/div>\n<\/div>\n<\/div>\n<p>Les activit\u00e9s ne manquent pas sur l&rsquo;\u00eele. Que vous souhaitiez explorer les charmants villages comme Ciutadella ou Mah\u00f3n, ou profiter de la nature en pratiquant la randonn\u00e9e, Minorque saura vous s\u00e9duire. Les plages, souvent moins fr\u00e9quent\u00e9es que celles de ses voisines, offrent un cadre parfait pour la baignade et le snorkeling.<\/p>\n<h2>Quand partir et o\u00f9 loger \u00e0 Minorque<\/h2>\n<p>Le climat de Minorque est doux et ensoleill\u00e9 une grande partie de l&rsquo;ann\u00e9e. Le tableau ci-dessous r\u00e9sume l&rsquo;ambiance de chaque saison pour vous aider \u00e0 choisir le bon moment de votre voyage \u00e0 Minorque.<\/p>\n<table class=\"vam-gl-tbl\">\n<thead>\n<tr>\n<th>Saison<\/th>\n<th>Ambiance<\/th>\n<th>Id\u00e9al pour<\/th>\n<\/tr>\n<\/thead>\n<tbody>\n<tr>\n<td>Printemps<\/td>\n<td>Temp\u00e9ratures agr\u00e9ables, \u00eele encore calme<\/td>\n<td>Randonn\u00e9e, criques sans foule<\/td>\n<\/tr>\n<tr>\n<td>\u00c9t\u00e9<\/td>\n<td>Chaleur et soleil, eau id\u00e9ale pour la baignade<\/td>\n<td>Plage, snorkeling, farniente<\/td>\n<\/tr>\n<tr>\n<td>Arri\u00e8re-saison<\/td>\n<td>Douceur et tranquillit\u00e9 retrouv\u00e9es<\/td>\n<td>D\u00e9couverte des villages au calme<\/td>\n<\/tr>\n<\/tbody>\n<\/table>\n<h3>O\u00f9 poser ses valises<\/h3>\n<p>L&rsquo;h\u00e9bergement s\u00e9lectionn\u00e9 pour ce s\u00e9jour est un h\u00f4tel proche de la mer, \u00e9valu\u00e9 8,5\/10 sur Booking. Sa localisation strat\u00e9gique en fait un excellent camp de base : piscine ext\u00e9rieure, location de v\u00e9los et connexion Internet permettent d&rsquo;alterner repos \u00e0 l&rsquo;h\u00f4tel et escapades vers les criques et villages alentour.<\/p>\n<h2>Informations pratiques pour votre voyage<\/h2>\n<p>Avant de partir, il est essentiel de bien pr\u00e9parer votre s\u00e9jour. Voici les d\u00e9tails pratiques \u00e0 garder en t\u00eate :<\/p>\n<div class=\"vam-gl-check\">\n<div class=\"vam-gl-col vam-gl-do\">\n<div class=\"vam-gl-ch\">\u00c0 retenir avant de r\u00e9server<\/div>\n<ul>\n<li>D\u00e9parts possibles depuis Paris, Marseille et Lyon<\/li>\n<li>Options de s\u00e9jour flexibles selon vos envies<\/li>\n<li>Offres sp\u00e9ciales et r\u00e9ductions selon la saison<\/li>\n<li>H\u00e9bergement \u00e9valu\u00e9 8,5\/10 sur Booking<\/li>\n<\/ul>\n<\/div>\n<div class=\"vam-gl-col vam-gl-no\">\n<div class=\"vam-gl-ch\">\u00c0 ne pas oublier<\/div>\n<ul>\n<li>V\u00e9rifier les conditions m\u00e9t\u00e9o avant le d\u00e9part<\/li>\n<li>Pr\u00e9voir de quoi profiter des criques (baignade, snorkeling)<\/li>\n<li>Penser \u00e0 r\u00e9server t\u00f4t en haute saison estivale<\/li>\n<li>Adapter sa valise \u00e0 un climat doux et ensoleill\u00e9<\/li>\n<\/ul>\n<\/div>\n<\/div>\n<p>Pr\u00e9parez vos valises en cons\u00e9quence et profitez au maximum de votre s\u00e9jour. Les temp\u00e9ratures \u00e0 Minorque sont agr\u00e9ables, surtout au printemps et en \u00e9t\u00e9, ce qui en fait une destination id\u00e9ale pour des vacances ensoleill\u00e9es. En choisissant l&rsquo;\u00eele de Minorque, vous optez pour un m\u00e9lange parfait de d\u00e9tente, d&rsquo;aventure et de d\u00e9couverte culturelle, dont les souvenirs resteront grav\u00e9s dans votre m\u00e9moire.<\/p>\n<div class=\"vam-gl-retenir\">\n<div class=\"vam-gl-rt\">\u00c0 retenir<\/div>\n<ul>\n<li><strong>Une \u00eele pr\u00e9serv\u00e9e :<\/strong> criques turquoise et ambiance tranquille, loin du tourisme de masse.<\/li>\n<li><strong>5 jours d\u00e8s 218\u20ac\/personne<\/strong>, vols A\/R directs inclus depuis Paris, Marseille ou Lyon.<\/li>\n<li><strong>H\u00f4tel proche de la mer<\/strong> not\u00e9 8,5\/10 sur Booking, avec piscine et acc\u00e8s plage.<\/li>\n<li><strong>Villages \u00e0 voir :<\/strong> Ciutadella et Mah\u00f3n, entre patrimoine et gastronomie locale.<\/li>\n<li><strong>Quand partir :<\/strong> printemps et \u00e9t\u00e9, pour la douceur du climat et la baignade.<\/li>\n<\/ul>\n<\/div>\n<h2>Questions fr\u00e9quentes sur un voyage \u00e0 Minorque<\/h2>\n<div class=\"vam-gl-faq\">\n<details>\n<summary>Quand aller \u00e0 Minorque ?<\/summary>\n<div class=\"vam-gl-fa\">Les temp\u00e9ratures sont les plus agr\u00e9ables au printemps et en \u00e9t\u00e9, ce qui en fait la p\u00e9riode id\u00e9ale pour profiter des plages et de la baignade. Le printemps offre une \u00eele encore calme, tandis que l&rsquo;\u00e9t\u00e9 est parfait pour le snorkeling et le farniente au soleil.<\/div>\n<\/details>\n<details>\n<summary>Quel est le plus bel endroit de Minorque ?<\/summary>\n<div class=\"vam-gl-fa\">Les criques aux eaux turquoise comptent parmi les plus beaux paysages de l&rsquo;\u00eele, souvent moins fr\u00e9quent\u00e9es que celles des \u00eeles voisines. C\u00f4t\u00e9 villages, Ciutadella et Mah\u00f3n s\u00e9duisent par leur charme, leur patrimoine et leur gastronomie locale.<\/div>\n<\/details>\n<details>\n<summary>Comment visiter Minorque ?<\/summary>\n<div class=\"vam-gl-fa\">L&rsquo;\u00eele se rejoint facilement gr\u00e2ce \u00e0 des vols directs depuis plusieurs villes fran\u00e7aises (Paris, Marseille, Lyon). Sur place, un h\u00f4tel bien situ\u00e9 sert de camp de base pour rayonner : on explore les criques, les villages et la nature \u00e0 pied, en randonn\u00e9e ou \u00e0 v\u00e9lo.<\/div>\n<\/details>\n<details>\n<summary>O\u00f9 loger \u00e0 Minorque ?<\/summary>\n<div class=\"vam-gl-fa\">Un h\u00f4tel proche de la mer, comme celui s\u00e9lectionn\u00e9 pour ce s\u00e9jour (not\u00e9 8,5\/10 sur Booking), constitue une base id\u00e9ale : piscine ext\u00e9rieure, acc\u00e8s plage et location de v\u00e9los permettent d&rsquo;alterner repos et d\u00e9couverte de l&rsquo;\u00eele. Une localisation strat\u00e9gique facilite l&rsquo;exploration des environs.<\/div>\n<\/details>\n<\/div>\n<\/div>\n","protected":false},"excerpt":{"rendered":"","protected":false},"author":34,"featured_media":14124,"comment_status":"open","ping_status":"open","sticky":false,"template":"","format":"standard","meta":{"_acf_changed":false,"manual_indexmenow":false,"indexmenow_id_project":0,"footnotes":""},"categories":[1],"tags":[4527,4530,4535,4528,4547],"class_list":["post-8540","post","type-post","status-publish","format-standard","has-post-thumbnail","hentry","category-a-la-une","tag-decouverte-culturelle","tag-escapade-en-europe","tag-gastronomie-locale","tag-hebergement-abordable","tag-plages-paradisiaques","generate-columns","tablet-grid-50","mobile-grid-100","grid-parent","grid-25"],"acf":[],"yoast_head":"<!-- This site is optimized with the Yoast SEO Premium plugin v21.3 (Yoast SEO v25.1) - https:\/\/yoast.com\/wordpress\/plugins\/seo\/ -->\n<title>D\u00e9couvrez la beaut\u00e9 de Minorque, votre prochaine escapade<\/title>\n<meta name=\"description\" content=\"Eaux turquoise, criques sauvages et villages blancs : Minorque est la plus discr\u00e8te des Bal\u00e9ares, et c&#039;est pr\u00e9cis\u00e9ment ce qui fait son charme. Voici\" \/>\n<meta name=\"robots\" content=\"index, follow, max-snippet:-1, max-image-preview:large, max-video-preview:-1\" \/>\n<link rel=\"canonical\" href=\"https:\/\/voyage-aventure.com\/blog\/a-la-une\/decouvrez-la-beaute-de-minorque-votre-prochaine-escapade-ensoleillee\/\" \/>\n<meta property=\"og:locale\" content=\"fr_FR\" \/>\n<meta property=\"og:type\" content=\"article\" \/>\n<meta property=\"og:title\" content=\"D\u00e9couvrez la beaut\u00e9 de Minorque, votre prochaine escapade\" \/>\n<meta property=\"og:description\" content=\"Eaux turquoise, criques sauvages et villages blancs : Minorque est la plus discr\u00e8te des Bal\u00e9ares, et c&#039;est pr\u00e9cis\u00e9ment ce qui fait son charme. Voici\" \/>\n<meta property=\"og:url\" content=\"https:\/\/voyage-aventure.com\/blog\/a-la-une\/decouvrez-la-beaute-de-minorque-votre-prochaine-escapade-ensoleillee\/\" \/>\n<meta property=\"og:site_name\" content=\"voyage-aventure\" \/>\n<meta property=\"og:image\" content=\"https:\/\/voyage-aventure.com\/blog\/wp-content\/uploads\/2025\/02\/sdxl-d78d3797176987d4182e9acb36ab4caf.png\" \/>\n\t<meta property=\"og:image:width\" content=\"1536\" \/>\n\t<meta property=\"og:image:height\" content=\"640\" \/>\n\t<meta property=\"og:image:type\" content=\"image\/png\" \/>\n<meta name=\"author\" content=\"Camille Rouvray\" \/>\n<meta name=\"twitter:card\" content=\"summary_large_image\" \/>\n<script type=\"application\/ld+json\" class=\"yoast-schema-graph\">{\"@context\":\"https:\/\/schema.org\",\"@graph\":[{\"@type\":\"NewsArticle\",\"@id\":\"https:\/\/voyage-aventure.com\/blog\/a-la-une\/decouvrez-la-beaute-de-minorque-votre-prochaine-escapade-ensoleillee\/#article\",\"isPartOf\":{\"@id\":\"https:\/\/voyage-aventure.com\/blog\/a-la-une\/decouvrez-la-beaute-de-minorque-votre-prochaine-escapade-ensoleillee\/\"},\"author\":{\"name\":\"Camille Rouvray\",\"@id\":\"https:\/\/voyage-aventure.com\/blog\/#\/schema\/person\/3c864cdc320801e3db34b663e7e3f816\"},\"headline\":\"D\u00e9couvrez la beaut\u00e9 de Minorque, votre prochaine escapade ensoleill\u00e9e\",\"datePublished\":\"2026-06-16T14:17:39+00:00\",\"mainEntityOfPage\":{\"@id\":\"https:\/\/voyage-aventure.com\/blog\/a-la-une\/decouvrez-la-beaute-de-minorque-votre-prochaine-escapade-ensoleillee\/\"},\"wordCount\":1163,\"commentCount\":23,\"publisher\":{\"@id\":\"https:\/\/voyage-aventure.com\/blog\/#organization\"},\"image\":{\"@id\":\"https:\/\/voyage-aventure.com\/blog\/a-la-une\/decouvrez-la-beaute-de-minorque-votre-prochaine-escapade-ensoleillee\/#primaryimage\"},\"thumbnailUrl\":\"https:\/\/voyage-aventure.com\/blog\/wp-content\/uploads\/2025\/02\/sdxl-d78d3797176987d4182e9acb36ab4caf.png\",\"keywords\":[\"D\u00e9couverte Culturelle\",\"Escapade en Europe\",\"Gastronomie Locale\",\"H\u00e9bergement Abordable\",\"Plages Paradisiaques\"],\"articleSection\":[\"\u00c0 la une\"],\"inLanguage\":\"fr-FR\",\"potentialAction\":[{\"@type\":\"CommentAction\",\"name\":\"Comment\",\"target\":[\"https:\/\/voyage-aventure.com\/blog\/a-la-une\/decouvrez-la-beaute-de-minorque-votre-prochaine-escapade-ensoleillee\/#respond\"]}]},{\"@type\":\"WebPage\",\"@id\":\"https:\/\/voyage-aventure.com\/blog\/a-la-une\/decouvrez-la-beaute-de-minorque-votre-prochaine-escapade-ensoleillee\/\",\"url\":\"https:\/\/voyage-aventure.com\/blog\/a-la-une\/decouvrez-la-beaute-de-minorque-votre-prochaine-escapade-ensoleillee\/\",\"name\":\"D\u00e9couvrez la beaut\u00e9 de Minorque, votre prochaine escapade\",\"isPartOf\":{\"@id\":\"https:\/\/voyage-aventure.com\/blog\/#website\"},\"primaryImageOfPage\":{\"@id\":\"https:\/\/voyage-aventure.com\/blog\/a-la-une\/decouvrez-la-beaute-de-minorque-votre-prochaine-escapade-ensoleillee\/#primaryimage\"},\"image\":{\"@id\":\"https:\/\/voyage-aventure.com\/blog\/a-la-une\/decouvrez-la-beaute-de-minorque-votre-prochaine-escapade-ensoleillee\/#primaryimage\"},\"thumbnailUrl\":\"https:\/\/voyage-aventure.com\/blog\/wp-content\/uploads\/2025\/02\/sdxl-d78d3797176987d4182e9acb36ab4caf.png\",\"datePublished\":\"2026-06-16T14:17:39+00:00\",\"description\":\"Eaux turquoise, criques sauvages et villages blancs : Minorque est la plus discr\u00e8te des Bal\u00e9ares, et c'est pr\u00e9cis\u00e9ment ce qui fait son charme. Voici\",\"inLanguage\":\"fr-FR\",\"potentialAction\":[{\"@type\":\"ReadAction\",\"target\":[\"https:\/\/voyage-aventure.com\/blog\/a-la-une\/decouvrez-la-beaute-de-minorque-votre-prochaine-escapade-ensoleillee\/\"]}]},{\"@type\":\"ImageObject\",\"inLanguage\":\"fr-FR\",\"@id\":\"https:\/\/voyage-aventure.com\/blog\/a-la-une\/decouvrez-la-beaute-de-minorque-votre-prochaine-escapade-ensoleillee\/#primaryimage\",\"url\":\"https:\/\/voyage-aventure.com\/blog\/wp-content\/uploads\/2025\/02\/sdxl-d78d3797176987d4182e9acb36ab4caf.png\",\"contentUrl\":\"https:\/\/voyage-aventure.com\/blog\/wp-content\/uploads\/2025\/02\/sdxl-d78d3797176987d4182e9acb36ab4caf.png\",\"width\":1536,\"height\":640},{\"@type\":\"WebSite\",\"@id\":\"https:\/\/voyage-aventure.com\/blog\/#website\",\"url\":\"https:\/\/voyage-aventure.com\/blog\/\",\"name\":\"voyage-aventure.com\",\"description\":\"Votre passeport pour l\u2019inattendu.\",\"publisher\":{\"@id\":\"https:\/\/voyage-aventure.com\/blog\/#organization\"},\"alternateName\":\"Votre passeport pour l\u2019inattendu.\",\"potentialAction\":[{\"@type\":\"SearchAction\",\"target\":{\"@type\":\"EntryPoint\",\"urlTemplate\":\"https:\/\/voyage-aventure.com\/blog\/?s={search_term_string}\"},\"query-input\":{\"@type\":\"PropertyValueSpecification\",\"valueRequired\":true,\"valueName\":\"search_term_string\"}}],\"inLanguage\":\"fr-FR\"},{\"@type\":\"Organization\",\"@id\":\"https:\/\/voyage-aventure.com\/blog\/#organization\",\"name\":\"Foretsensations.fr\",\"url\":\"https:\/\/voyage-aventure.com\/blog\/\",\"logo\":{\"@type\":\"ImageObject\",\"inLanguage\":\"fr-FR\",\"@id\":\"https:\/\/voyage-aventure.com\/blog\/#\/schema\/logo\/image\/\",\"url\":\"https:\/\/voyage-aventure.com\/blog\/wp-content\/uploads\/2024\/12\/19.png\",\"contentUrl\":\"https:\/\/voyage-aventure.com\/blog\/wp-content\/uploads\/2024\/12\/19.png\",\"width\":512,\"height\":512,\"caption\":\"Foretsensations.fr\"},\"image\":{\"@id\":\"https:\/\/voyage-aventure.com\/blog\/#\/schema\/logo\/image\/\"}},{\"@type\":\"Person\",\"@id\":\"https:\/\/voyage-aventure.com\/blog\/#\/schema\/person\/3c864cdc320801e3db34b663e7e3f816\",\"name\":\"Camille Rouvray\",\"image\":{\"@type\":\"ImageObject\",\"inLanguage\":\"fr-FR\",\"@id\":\"https:\/\/voyage-aventure.com\/blog\/#\/schema\/person\/image\/\",\"url\":\"https:\/\/voyage-aventure.com\/blog\/wp-content\/uploads\/2026\/06\/persona_camille-r-96x96.jpg\",\"contentUrl\":\"https:\/\/voyage-aventure.com\/blog\/wp-content\/uploads\/2026\/06\/persona_camille-r-96x96.jpg\",\"caption\":\"Camille Rouvray\"},\"description\":\"Je voyage et j'\u00e9cris sur le voyage depuis une douzaine d'ann\u00e9es, d'abord en tant que routarde au long cours, puis comme r\u00e9dactrice sp\u00e9cialis\u00e9e. Mon terrain de pr\u00e9dilection, ce sont les circuits organis\u00e9s et l'art de bien pr\u00e9parer un itin\u00e9raire : choix de la saison, dur\u00e9e r\u00e9aliste des \u00e9tapes, budget jour par jour, logement et transport sur place. J'aime aussi raconter les p\u00e9pites urbaines, ces adresses qu'on ne trouve pas dans les guides classiques. Avant de publier un dossier destination, je croise toujours plusieurs sources, je v\u00e9rifie les tarifs et les formalit\u00e9s d'entr\u00e9e \u00e0 jour, et je teste moi-m\u00eame quand je le peux. Mon angle reste pratique avant tout : aider le lecteur \u00e0 partir l'esprit tranquille, sans mauvaise surprise une fois sur place. Je m'attache \u00e0 distinguer le coup de c\u0153ur sinc\u00e8re du simple argument marketing.\",\"sameAs\":[\"https:\/\/camillerouvray.fr\/\"],\"url\":\"https:\/\/voyage-aventure.com\/blog\/auteur\/noname\/\"}]}<\/script>\n<!-- \/ Yoast SEO Premium plugin. -->","yoast_head_json":{"title":"D\u00e9couvrez la beaut\u00e9 de Minorque, votre prochaine escapade","description":"Eaux turquoise, criques sauvages et villages blancs : Minorque est la plus discr\u00e8te des Bal\u00e9ares, et c'est pr\u00e9cis\u00e9ment ce qui fait son charme. Voici","robots":{"index":"index","follow":"follow","max-snippet":"max-snippet:-1","max-image-preview":"max-image-preview:large","max-video-preview":"max-video-preview:-1"},"canonical":"https:\/\/voyage-aventure.com\/blog\/a-la-une\/decouvrez-la-beaute-de-minorque-votre-prochaine-escapade-ensoleillee\/","og_locale":"fr_FR","og_type":"article","og_title":"D\u00e9couvrez la beaut\u00e9 de Minorque, votre prochaine escapade","og_description":"Eaux turquoise, criques sauvages et villages blancs : Minorque est la plus discr\u00e8te des Bal\u00e9ares, et c'est pr\u00e9cis\u00e9ment ce qui fait son charme. Voici","og_url":"https:\/\/voyage-aventure.com\/blog\/a-la-une\/decouvrez-la-beaute-de-minorque-votre-prochaine-escapade-ensoleillee\/","og_site_name":"voyage-aventure","og_image":[{"width":1536,"height":640,"url":"https:\/\/voyage-aventure.com\/blog\/wp-content\/uploads\/2025\/02\/sdxl-d78d3797176987d4182e9acb36ab4caf.png","type":"image\/png"}],"author":"Camille Rouvray","twitter_card":"summary_large_image","schema":{"@context":"https:\/\/schema.org","@graph":[{"@type":"NewsArticle","@id":"https:\/\/voyage-aventure.com\/blog\/a-la-une\/decouvrez-la-beaute-de-minorque-votre-prochaine-escapade-ensoleillee\/#article","isPartOf":{"@id":"https:\/\/voyage-aventure.com\/blog\/a-la-une\/decouvrez-la-beaute-de-minorque-votre-prochaine-escapade-ensoleillee\/"},"author":{"name":"Camille Rouvray","@id":"https:\/\/voyage-aventure.com\/blog\/#\/schema\/person\/3c864cdc320801e3db34b663e7e3f816"},"headline":"D\u00e9couvrez la beaut\u00e9 de Minorque, votre prochaine escapade ensoleill\u00e9e","datePublished":"2026-06-16T14:17:39+00:00","mainEntityOfPage":{"@id":"https:\/\/voyage-aventure.com\/blog\/a-la-une\/decouvrez-la-beaute-de-minorque-votre-prochaine-escapade-ensoleillee\/"},"wordCount":1163,"commentCount":23,"publisher":{"@id":"https:\/\/voyage-aventure.com\/blog\/#organization"},"image":{"@id":"https:\/\/voyage-aventure.com\/blog\/a-la-une\/decouvrez-la-beaute-de-minorque-votre-prochaine-escapade-ensoleillee\/#primaryimage"},"thumbnailUrl":"https:\/\/voyage-aventure.com\/blog\/wp-content\/uploads\/2025\/02\/sdxl-d78d3797176987d4182e9acb36ab4caf.png","keywords":["D\u00e9couverte Culturelle","Escapade en Europe","Gastronomie Locale","H\u00e9bergement Abordable","Plages Paradisiaques"],"articleSection":["\u00c0 la une"],"inLanguage":"fr-FR","potentialAction":[{"@type":"CommentAction","name":"Comment","target":["https:\/\/voyage-aventure.com\/blog\/a-la-une\/decouvrez-la-beaute-de-minorque-votre-prochaine-escapade-ensoleillee\/#respond"]}]},{"@type":"WebPage","@id":"https:\/\/voyage-aventure.com\/blog\/a-la-une\/decouvrez-la-beaute-de-minorque-votre-prochaine-escapade-ensoleillee\/","url":"https:\/\/voyage-aventure.com\/blog\/a-la-une\/decouvrez-la-beaute-de-minorque-votre-prochaine-escapade-ensoleillee\/","name":"D\u00e9couvrez la beaut\u00e9 de Minorque, votre prochaine escapade","isPartOf":{"@id":"https:\/\/voyage-aventure.com\/blog\/#website"},"primaryImageOfPage":{"@id":"https:\/\/voyage-aventure.com\/blog\/a-la-une\/decouvrez-la-beaute-de-minorque-votre-prochaine-escapade-ensoleillee\/#primaryimage"},"image":{"@id":"https:\/\/voyage-aventure.com\/blog\/a-la-une\/decouvrez-la-beaute-de-minorque-votre-prochaine-escapade-ensoleillee\/#primaryimage"},"thumbnailUrl":"https:\/\/voyage-aventure.com\/blog\/wp-content\/uploads\/2025\/02\/sdxl-d78d3797176987d4182e9acb36ab4caf.png","datePublished":"2026-06-16T14:17:39+00:00","description":"Eaux turquoise, criques sauvages et villages blancs : Minorque est la plus discr\u00e8te des Bal\u00e9ares, et c'est pr\u00e9cis\u00e9ment ce qui fait son charme. Voici","inLanguage":"fr-FR","potentialAction":[{"@type":"ReadAction","target":["https:\/\/voyage-aventure.com\/blog\/a-la-une\/decouvrez-la-beaute-de-minorque-votre-prochaine-escapade-ensoleillee\/"]}]},{"@type":"ImageObject","inLanguage":"fr-FR","@id":"https:\/\/voyage-aventure.com\/blog\/a-la-une\/decouvrez-la-beaute-de-minorque-votre-prochaine-escapade-ensoleillee\/#primaryimage","url":"https:\/\/voyage-aventure.com\/blog\/wp-content\/uploads\/2025\/02\/sdxl-d78d3797176987d4182e9acb36ab4caf.png","contentUrl":"https:\/\/voyage-aventure.com\/blog\/wp-content\/uploads\/2025\/02\/sdxl-d78d3797176987d4182e9acb36ab4caf.png","width":1536,"height":640},{"@type":"WebSite","@id":"https:\/\/voyage-aventure.com\/blog\/#website","url":"https:\/\/voyage-aventure.com\/blog\/","name":"voyage-aventure.com","description":"Votre passeport pour l\u2019inattendu.","publisher":{"@id":"https:\/\/voyage-aventure.com\/blog\/#organization"},"alternateName":"Votre passeport pour l\u2019inattendu.","potentialAction":[{"@type":"SearchAction","target":{"@type":"EntryPoint","urlTemplate":"https:\/\/voyage-aventure.com\/blog\/?s={search_term_string}"},"query-input":{"@type":"PropertyValueSpecification","valueRequired":true,"valueName":"search_term_string"}}],"inLanguage":"fr-FR"},{"@type":"Organization","@id":"https:\/\/voyage-aventure.com\/blog\/#organization","name":"Foretsensations.fr","url":"https:\/\/voyage-aventure.com\/blog\/","logo":{"@type":"ImageObject","inLanguage":"fr-FR","@id":"https:\/\/voyage-aventure.com\/blog\/#\/schema\/logo\/image\/","url":"https:\/\/voyage-aventure.com\/blog\/wp-content\/uploads\/2024\/12\/19.png","contentUrl":"https:\/\/voyage-aventure.com\/blog\/wp-content\/uploads\/2024\/12\/19.png","width":512,"height":512,"caption":"Foretsensations.fr"},"image":{"@id":"https:\/\/voyage-aventure.com\/blog\/#\/schema\/logo\/image\/"}},{"@type":"Person","@id":"https:\/\/voyage-aventure.com\/blog\/#\/schema\/person\/3c864cdc320801e3db34b663e7e3f816","name":"Camille Rouvray","image":{"@type":"ImageObject","inLanguage":"fr-FR","@id":"https:\/\/voyage-aventure.com\/blog\/#\/schema\/person\/image\/","url":"https:\/\/voyage-aventure.com\/blog\/wp-content\/uploads\/2026\/06\/persona_camille-r-96x96.jpg","contentUrl":"https:\/\/voyage-aventure.com\/blog\/wp-content\/uploads\/2026\/06\/persona_camille-r-96x96.jpg","caption":"Camille Rouvray"},"description":"Je voyage et j'\u00e9cris sur le voyage depuis une douzaine d'ann\u00e9es, d'abord en tant que routarde au long cours, puis comme r\u00e9dactrice sp\u00e9cialis\u00e9e. Mon terrain de pr\u00e9dilection, ce sont les circuits organis\u00e9s et l'art de bien pr\u00e9parer un itin\u00e9raire : choix de la saison, dur\u00e9e r\u00e9aliste des \u00e9tapes, budget jour par jour, logement et transport sur place. J'aime aussi raconter les p\u00e9pites urbaines, ces adresses qu'on ne trouve pas dans les guides classiques. Avant de publier un dossier destination, je croise toujours plusieurs sources, je v\u00e9rifie les tarifs et les formalit\u00e9s d'entr\u00e9e \u00e0 jour, et je teste moi-m\u00eame quand je le peux. Mon angle reste pratique avant tout : aider le lecteur \u00e0 partir l'esprit tranquille, sans mauvaise surprise une fois sur place. Je m'attache \u00e0 distinguer le coup de c\u0153ur sinc\u00e8re du simple argument marketing.","sameAs":["https:\/\/camillerouvray.fr\/"],"url":"https:\/\/voyage-aventure.com\/blog\/auteur\/noname\/"}]}},"_links":{"self":[{"href":"https:\/\/voyage-aventure.com\/blog\/wp-json\/wp\/v2\/posts\/8540","targetHints":{"allow":["GET"]}}],"collection":[{"href":"https:\/\/voyage-aventure.com\/blog\/wp-json\/wp\/v2\/posts"}],"about":[{"href":"https:\/\/voyage-aventure.com\/blog\/wp-json\/wp\/v2\/types\/post"}],"author":[{"embeddable":true,"href":"https:\/\/voyage-aventure.com\/blog\/wp-json\/wp\/v2\/users\/34"}],"replies":[{"embeddable":true,"href":"https:\/\/voyage-aventure.com\/blog\/wp-json\/wp\/v2\/comments?post=8540"}],"version-history":[{"count":3,"href":"https:\/\/voyage-aventure.com\/blog\/wp-json\/wp\/v2\/posts\/8540\/revisions"}],"predecessor-version":[{"id":22462,"href":"https:\/\/voyage-aventure.com\/blog\/wp-json\/wp\/v2\/posts\/8540\/revisions\/22462"}],"wp:featuredmedia":[{"embeddable":true,"href":"https:\/\/voyage-aventure.com\/blog\/wp-json\/wp\/v2\/media\/14124"}],"wp:attachment":[{"href":"https:\/\/voyage-aventure.com\/blog\/wp-json\/wp\/v2\/media?parent=8540"}],"wp:term":[{"taxonomy":"category","embeddable":true,"href":"https:\/\/voyage-aventure.com\/blog\/wp-json\/wp\/v2\/categories?post=8540"},{"taxonomy":"post_tag","embeddable":true,"href":"https:\/\/voyage-aventure.com\/blog\/wp-json\/wp\/v2\/tags?post=8540"}],"curies":[{"name":"wp","href":"https:\/\/api.w.org\/{rel}","templated":true}]}}