{"id":8489,"date":"2026-06-16T16:16:14","date_gmt":"2026-06-16T14:16:14","guid":{"rendered":"https:\/\/voyage-aventure.com\/blog\/?p=8489"},"modified":"2026-06-16T16:16:14","modified_gmt":"2026-06-16T14:16:14","slug":"voyages-organises-en-bus-dans-le-pas-de-calais-une-aventure-accessible","status":"publish","type":"post","link":"https:\/\/voyage-aventure.com\/blog\/a-la-une\/voyages-organises-en-bus-dans-le-pas-de-calais-une-aventure-accessible\/","title":{"rendered":"Voyages organis\u00e9s en bus dans le Pas-de-Calais : une aventure accessible"},"content":{"rendered":"<link rel=\"preconnect\" href=\"https:\/\/fonts.googleapis.com\"><link rel=\"preconnect\" href=\"https:\/\/fonts.gstatic.com\" crossorigin><link href=\"https:\/\/fonts.googleapis.com\/css2?family=Fraunces:opsz,wght@9..144,500;9..144,600;9..144,700;9..144,900&#038;family=Inter:wght@400;500;600;700&#038;family=JetBrains+Mono:wght@500;600&#038;display=swap\" rel=\"stylesheet\">\n<style>\n.va-bus-wrap{font-family:'Inter',system-ui,sans-serif;color:#23303d;line-height:1.72;font-size:1.04rem}\n.va-bus-wrap h2{font-family:'Fraunces',Georgia,serif;font-weight:700;font-size:1.74rem;line-height:1.2;color:#1c2a38;margin:2.6rem 0 1rem;letter-spacing:-.01em}\n.va-bus-wrap h3{font-family:'Fraunces',Georgia,serif;font-weight:600;font-size:1.28rem;color:#1c2a38;margin:1.8rem 0 .7rem}\n.va-bus-wrap p{margin:0 0 1.1rem}\n.va-bus-kicker{font-family:'JetBrains Mono',monospace;font-weight:600;font-size:.74rem;letter-spacing:.18em;text-transform:uppercase;color:#2E5C8A;display:block;margin-bottom:.5rem}\n.va-bus-answer{background:#eef4fb;border-left:5px solid #2E5C8A;border-radius:0 12px 12px 0;padding:1.5rem 1.7rem;margin:1.4rem 0 2rem;box-shadow:0 8px 26px -18px rgba(46,92,138,.6)}\n.va-bus-answer .va-bus-lead{font-size:1.12rem;font-weight:600;color:#1c2a38;margin-bottom:.9rem}\n.va-bus-carnet{display:grid;grid-template-columns:repeat(auto-fit,minmax(168px,1fr));gap:.9rem;margin:1.6rem 0 2rem}\n.va-bus-cell{background:#fff;border:1px solid #dde6ef;border-top:3px solid #2E5C8A;border-radius:11px;padding:1rem 1.05rem;transition:transform .2s ease,box-shadow .2s ease}\n.va-bus-cell:hover{transform:translateY(-3px);box-shadow:0 14px 30px -18px rgba(46,92,138,.55)}\n.va-bus-cell .va-bus-k{font-family:'JetBrains Mono',monospace;font-size:.68rem;letter-spacing:.12em;text-transform:uppercase;color:#2E5C8A;display:block;margin-bottom:.35rem}\n.va-bus-cell .va-bus-v{font-weight:600;font-size:1.02rem;color:#1c2a38}\n.va-bus-grid{display:grid;grid-template-columns:repeat(auto-fit,minmax(230px,1fr));gap:1.1rem;margin:1.6rem 0}\n.va-bus-card{background:#fff;border:1px solid #dde6ef;border-radius:13px;padding:1.3rem 1.4rem;box-shadow:0 6px 22px -16px rgba(28,42,56,.5);transition:transform .2s ease,box-shadow .2s ease}\n.va-bus-card:hover{transform:translateY(-3px);box-shadow:0 16px 34px -18px rgba(46,92,138,.5)}\n.va-bus-card .va-bus-ct{font-family:'Fraunces',serif;font-weight:700;font-size:1.22rem;color:#1c2a38;display:block;margin-bottom:.45rem}\n.va-bus-card .va-bus-act{font-family:'JetBrains Mono',monospace;font-size:.72rem;letter-spacing:.04em;color:#2E5C8A;display:block;margin-top:.7rem;padding-top:.6rem;border-top:1px dashed #cad8e6}\n.va-bus-quote{font-family:'Fraunces',serif;font-style:italic;font-weight:500;font-size:1.4rem;line-height:1.45;color:#2E5C8A;border-left:4px solid #2E5C8A;padding:.3rem 0 .3rem 1.3rem;margin:2rem 0}\n.va-bus-wrap ul{margin:0 0 1.3rem;padding-left:1.25rem}\n.va-bus-wrap ul li{margin-bottom:.6rem}\n.va-bus-table{width:100%;border-collapse:collapse;margin:1.4rem 0 2rem;font-size:.96rem}\n.va-bus-table th{background:#2E5C8A;color:#fff;font-family:'JetBrains Mono',monospace;font-size:.74rem;letter-spacing:.08em;text-transform:uppercase;text-align:left;padding:.7rem .9rem}\n.va-bus-table td{padding:.7rem .9rem;border-bottom:1px solid #e2eaf2;vertical-align:top}\n.va-bus-table tr:nth-child(even) td{background:#f6f9fc}\n.va-bus-retenir{background:#1c2a38;color:#eef4fb;border-radius:14px;padding:1.5rem 1.7rem;margin:2.2rem 0}\n.va-bus-retenir .va-bus-rt{font-family:'Fraunces',serif;font-weight:600;font-size:1.18rem;color:#fff;display:block;margin-bottom:.8rem}\n.va-bus-retenir ul{padding-left:1.2rem;margin:0}\n.va-bus-retenir ul li{margin-bottom:.55rem}\n.va-bus-faq{margin:1.6rem 0 1rem}\n.va-bus-faq details{background:#fff;border:1px solid #dde6ef;border-left:4px solid #2E5C8A;border-radius:10px;padding:.95rem 1.2rem;margin-bottom:.75rem;transition:box-shadow .2s ease}\n.va-bus-faq details[open]{box-shadow:0 12px 28px -18px rgba(46,92,138,.55)}\n.va-bus-faq summary{font-family:'Fraunces',serif;font-weight:600;font-size:1.06rem;color:#1c2a38;cursor:pointer;list-style:none}\n.va-bus-faq summary::-webkit-details-marker{display:none}\n.va-bus-faq summary::before{content:'+';color:#2E5C8A;font-family:'JetBrains Mono',monospace;font-weight:600;margin-right:.6rem}\n.va-bus-faq details[open] summary::before{content:'\u2013'}\n.va-bus-faq .va-bus-ans{margin-top:.7rem;color:#3a4a5a;line-height:1.7}\n.va-bus-video{margin:1.6rem 0 2rem}\n\/*RENDERFIX2*\/.va-bus-table th{color:#eef3f9!important}.va-bus-table th p,.va-bus-table th li,.va-bus-table th strong,.va-bus-table th em,.va-bus-table th a,.va-bus-table th span,.va-bus-table th b,.va-bus-table th td,.va-bus-table th th,.va-bus-table th h2,.va-bus-table th h3,.va-bus-table th h4{color:#eef3f9!important}.va-bus-table th strong,.va-bus-table th b{color:#ffffff!important}.va-bus-retenir{color:#eef3f9!important}.va-bus-retenir p,.va-bus-retenir li,.va-bus-retenir strong,.va-bus-retenir em,.va-bus-retenir a,.va-bus-retenir span,.va-bus-retenir b,.va-bus-retenir td,.va-bus-retenir th,.va-bus-retenir h2,.va-bus-retenir h3,.va-bus-retenir h4{color:#eef3f9!important}.va-bus-retenir strong,.va-bus-retenir b{color:#ffffff!important}<\/style>\n<div class=\"va-bus-wrap\">\n<span class=\"va-bus-kicker\">Carnet pratique \u00b7 Pas-de-Calais<\/span><\/p>\n<div class=\"va-bus-answer\">\n<div class=\"va-bus-lead\">Un voyage organis\u00e9 en bus dans le Pas-de-Calais, c&rsquo;est une formule cl\u00e9 en main : un autocar confortable, un guide local et un programme d\u00e9j\u00e0 ficel\u00e9 pour d\u00e9couvrir la r\u00e9gion sans souci de logistique.<\/div>\n<div class=\"va-bus-carnet\">\n<div class=\"va-bus-cell\"><span class=\"va-bus-k\">Format<\/span><span class=\"va-bus-v\">Circuit accompagn\u00e9 en autocar<\/span><\/div>\n<div class=\"va-bus-cell\"><span class=\"va-bus-k\">Id\u00e9al pour<\/span><span class=\"va-bus-v\">Familles, amis, seniors<\/span><\/div>\n<div class=\"va-bus-cell\"><span class=\"va-bus-k\">Budget indicatif<\/span><span class=\"va-bus-v\">50 \u00e0 150 \u20ac \/ personne<\/span><\/div>\n<div class=\"va-bus-cell\"><span class=\"va-bus-k\">Trois \u00e9tapes phares<\/span><span class=\"va-bus-v\">Arras \u00b7 Le Touquet \u00b7 Vimy<\/span><\/div>\n<\/div>\n<\/div>\n<h2>D\u00e9couvrir le Pas-de-Calais gr\u00e2ce aux voyages en bus<\/h2>\n<p>Quoi de mieux pour explorer cette r\u00e9gion qu&rsquo;un voyage organis\u00e9 en bus ? Ces escapades offrent une solution pratique et \u00e9conomique pour d\u00e9couvrir les tr\u00e9sors cach\u00e9s du Pas-de-Calais tout en profitant d&rsquo;une exp\u00e9rience conviviale. Imaginez-vous parcourir les routes pittoresques au fil d&rsquo;un circuit accompagn\u00e9, en vous laissant guider par des experts locaux passionn\u00e9s. La formule en autocar s\u00e9duit autant le temps d&rsquo;une journ\u00e9e que pour un week-end organis\u00e9 en bus, sans avoir \u00e0 conduire ni \u00e0 improviser le moindre itin\u00e9raire.<\/p>\n<div class=\"va-bus-quote\">\u00ab Voyager, c&rsquo;est d\u00e9couvrir non seulement de nouveaux paysages mais aussi de nouvelles cultures et de nouvelles personnes. \u00bb<\/div>\n<div class=\"va-bus-video\">\n<iframe loading=\"lazy\" title=\"#226 Comment partir \u00e0 l&#039;aventure en France avec Ferdinand Martinet\" width=\"1200\" height=\"675\" src=\"https:\/\/www.youtube.com\/embed\/K1yv995aOsA?feature=oembed\" frameborder=\"0\" allow=\"accelerometer; autoplay; clipboard-write; encrypted-media; gyroscope; picture-in-picture; web-share\" referrerpolicy=\"strict-origin-when-cross-origin\" allowfullscreen><\/iframe>\n<\/div>\n<h2>Les avantages des voyages organis\u00e9s en bus<\/h2>\n<p>Opter pour un voyage en bus dans le Pas-de-Calais pr\u00e9sente plusieurs atouts ind\u00e9niables. Avant de comparer les programmes, voici les points qui font tout l&rsquo;int\u00e9r\u00eat de la formule :<\/p>\n<blockquote class=\"wp-embedded-content\" data-secret=\"BF0eLzjRXQ\"><p><a href=\"https:\/\/voyage-aventure.com\/blog\/a-la-une\/profitez-des-escapades-romantiques-a-ibiza-a-des-prix-incroyables\/\">Profitez des escapades romantiques \u00e0 Ibiza \u00e0 des prix incroyables<\/a><\/p><\/blockquote>\n<p><iframe loading=\"lazy\" class=\"wp-embedded-content\" sandbox=\"allow-scripts\" security=\"restricted\" style=\"position: absolute; visibility: hidden;\" title=\"\u00ab\u00a0Profitez des escapades romantiques \u00e0 Ibiza \u00e0 des prix incroyables\u00a0\u00bb &#8212; voyage-aventure\" src=\"https:\/\/voyage-aventure.com\/blog\/a-la-une\/profitez-des-escapades-romantiques-a-ibiza-a-des-prix-incroyables\/embed\/#?secret=v5zT77LLCJ#?secret=BF0eLzjRXQ\" data-secret=\"BF0eLzjRXQ\" width=\"600\" height=\"338\" frameborder=\"0\" marginwidth=\"0\" marginheight=\"0\" scrolling=\"no\"><\/iframe><\/p>\n<ul>\n<li><strong>\u00c9conomie de temps et d&rsquo;argent :<\/strong> les circuits organis\u00e9s incluent souvent des visites \u00e0 des prix n\u00e9goci\u00e9s, ce qui permet d&rsquo;\u00e9conomiser sur les frais d&rsquo;entr\u00e9e.<\/li>\n<li><strong>Confort et s\u00e9curit\u00e9 :<\/strong> voyager en groupe dans un bus confortable r\u00e9duit le stress du transport. De plus, les conducteurs exp\u00e9riment\u00e9s assurent une s\u00e9curit\u00e9 optimale sur les routes.<\/li>\n<li><strong>D\u00e9couverte enrichissante :<\/strong> les guides partagent des anecdotes fascinantes et des informations historiques, rendant chaque visite m\u00e9morable.<\/li>\n<\/ul>\n<h2>Les destinations incontournables du Pas-de-Calais<\/h2>\n<p>Le Pas-de-Calais regorge de sites embl\u00e9matiques \u00e0 explorer. Voici une s\u00e9lection des lieux \u00e0 ne pas manquer lors de votre voyage, que vous optiez pour une sortie \u00e0 la journ\u00e9e ou un s\u00e9jour plus complet :<\/p>\n<div class=\"va-bus-grid\">\n<div class=\"va-bus-card\"><span class=\"va-bus-ct\">Arras<\/span><span>Capitale historique avec ses magnifiques places.<\/span><span class=\"va-bus-act\">Visites de mus\u00e9es \u00b7 promenades dans le centre-ville<\/span><\/div>\n<div class=\"va-bus-card\"><span class=\"va-bus-ct\">Le Touquet-Paris-Plage<\/span><span>Station baln\u00e9aire c\u00e9l\u00e8bre pour ses plages de sable fin.<\/span><span class=\"va-bus-act\">Activit\u00e9s nautiques \u00b7 shopping \u00b7 gastronomie<\/span><\/div>\n<div class=\"va-bus-card\"><span class=\"va-bus-ct\">Vimy<\/span><span>Site m\u00e9morial d\u00e9di\u00e9 aux soldats canadiens de la Premi\u00e8re Guerre mondiale.<\/span><span class=\"va-bus-act\">Visite du m\u00e9morial \u00b7 randonn\u00e9es dans les environs<\/span><\/div>\n<\/div>\n<table class=\"va-bus-table\">\n<tr>\n<th>Site<\/th>\n<th>Description<\/th>\n<th>Activit\u00e9s<\/th>\n<\/tr>\n<tr>\n<td>Arras<\/td>\n<td>Capitale historique avec ses magnifiques places.<\/td>\n<td>Visites de mus\u00e9es, promenades dans le centre-ville.<\/td>\n<\/tr>\n<tr>\n<td>Le Touquet-Paris-Plage<\/td>\n<td>Station baln\u00e9aire c\u00e9l\u00e8bre pour ses plages de sable fin.<\/td>\n<td>Activit\u00e9s nautiques, shopping et gastronomie.<\/td>\n<\/tr>\n<tr>\n<td>Vimy<\/td>\n<td>Site m\u00e9morial d\u00e9di\u00e9 aux soldats canadiens de la Premi\u00e8re Guerre mondiale.<\/td>\n<td>Visite du m\u00e9morial, randonn\u00e9es dans les environs.<\/td>\n<\/tr>\n<\/table>\n<h2>Comment bien choisir son voyage organis\u00e9 en bus ?<\/h2>\n<p>Pour profiter pleinement de votre exp\u00e9rience, voici quelques conseils pour choisir le voyage organis\u00e9 en autocar qui vous convient :<\/p>\n<blockquote class=\"wp-embedded-content\" data-secret=\"8xLL1DMGyS\"><p><a href=\"https:\/\/voyage-aventure.com\/blog\/a-la-une\/decouvrez-porto-les-vols-directs-a-prix-mini-pour-une-escapade-inoubliable\/\">D\u00e9couvrez Porto : les vols directs \u00e0 prix mini pour une escapade inoubliable<\/a><\/p><\/blockquote>\n<p><iframe loading=\"lazy\" class=\"wp-embedded-content\" sandbox=\"allow-scripts\" security=\"restricted\" style=\"position: absolute; visibility: hidden;\" title=\"\u00ab\u00a0D\u00e9couvrez Porto : les vols directs \u00e0 prix mini pour une escapade inoubliable\u00a0\u00bb &#8212; voyage-aventure\" src=\"https:\/\/voyage-aventure.com\/blog\/a-la-une\/decouvrez-porto-les-vols-directs-a-prix-mini-pour-une-escapade-inoubliable\/embed\/#?secret=2nCoUUM1Ud#?secret=8xLL1DMGyS\" data-secret=\"8xLL1DMGyS\" width=\"600\" height=\"338\" frameborder=\"0\" marginwidth=\"0\" marginheight=\"0\" scrolling=\"no\"><\/iframe><\/p>\n<ul>\n<li><strong>D\u00e9finir ses attentes :<\/strong> r\u00e9fl\u00e9chissez au type de visites que vous souhaitez (culturelles, gastronomiques, historiques).<\/li>\n<li><strong>Comparer les offres :<\/strong> prenez le temps de comparer les agences de voyage. Les prix, les itin\u00e9raires et les services peuvent varier d&rsquo;un voyagiste \u00e0 l&rsquo;autre.<\/li>\n<li><strong>Lire les avis :<\/strong> consultez les avis des voyageurs pr\u00e9c\u00e9dents pour \u00e9valuer la qualit\u00e9 des services propos\u00e9s.<\/li>\n<\/ul>\n<div class=\"va-bus-retenir\">\n<span class=\"va-bus-rt\">\u00c0 retenir<\/span><\/p>\n<ul>\n<li>Le voyage organis\u00e9 en bus combine transport confortable, guide local et programme pr\u00eat \u00e0 l&#8217;emploi.<\/li>\n<li>Les trois \u00e9tapes phares \u00e0 retenir dans le Pas-de-Calais : Arras, Le Touquet-Paris-Plage et le m\u00e9morial de Vimy.<\/li>\n<li>Comptez g\u00e9n\u00e9ralement entre 50 et 150 \u20ac par personne selon la dur\u00e9e et le programme.<\/li>\n<li>Avant de r\u00e9server : clarifiez vos attentes, comparez les offres et lisez les avis.<\/li>\n<\/ul>\n<\/div>\n<h3>FAQ<\/h3>\n<div class=\"va-bus-faq\">\n<details>\n<summary>Qu&rsquo;est-ce qu&rsquo;un voyage organis\u00e9 en autocar ?<\/summary>\n<div class=\"va-bus-ans\">C&rsquo;est un s\u00e9jour ou une sortie o\u00f9 le transport, l&rsquo;itin\u00e9raire et bien souvent les visites sont organis\u00e9s \u00e0 l&rsquo;avance : vous montez \u00e0 bord d&rsquo;un autocar confortable et un programme vous guide d&rsquo;un site \u00e0 l&rsquo;autre, sans avoir \u00e0 g\u00e9rer la conduite ni la logistique.<\/div>\n<\/details>\n<details>\n<summary>C&rsquo;est quoi un circuit accompagn\u00e9 ?<\/summary>\n<div class=\"va-bus-ans\">Un circuit accompagn\u00e9 r\u00e9unit un groupe autour d&rsquo;un guide qui m\u00e8ne la visite et partage anecdotes et rep\u00e8res historiques tout au long du parcours. Dans le Pas-de-Calais, cela permet de profiter de commentaires sur des sites comme Arras ou le m\u00e9morial de Vimy.<\/div>\n<\/details>\n<details>\n<summary>\u00c0 qui s&rsquo;adressent les voyages en bus ?<\/summary>\n<div class=\"va-bus-ans\">Ces voyages s&rsquo;adressent aussi bien aux familles qu&rsquo;aux groupes d&rsquo;amis ou aux seniors. La formule conviviale et le rythme encadr\u00e9 conviennent \u00e0 tous ceux qui pr\u00e9f\u00e8rent voyager sans se soucier du transport.<\/div>\n<\/details>\n<details>\n<summary>Quels sont les tarifs des voyages organis\u00e9s en bus dans le Pas-de-Calais ?<\/summary>\n<div class=\"va-bus-ans\">Les prix varient g\u00e9n\u00e9ralement entre 50 et 150 euros par personne, selon la dur\u00e9e et le programme des visites.<\/div>\n<\/details>\n<details>\n<summary>Est-il possible de personnaliser le voyage ?<\/summary>\n<div class=\"va-bus-ans\">Oui, de nombreuses agences permettent de personnaliser les itin\u00e9raires selon vos envies.<\/div>\n<\/details>\n<details>\n<summary>Y a-t-il des visites guid\u00e9es incluses ?<\/summary>\n<div class=\"va-bus-ans\">La plupart des voyages organis\u00e9s incluent des visites guid\u00e9es, enrichies de commentaires sur les sites visit\u00e9s.<\/div>\n<\/details>\n<\/div>\n<p>Que vous soyez passionn\u00e9 d&rsquo;histoire, amateur de paysages marins ou simplement en qu\u00eate d&rsquo;une escapade conviviale, le Pas-de-Calais a tant \u00e0 offrir. Les voyages organis\u00e9s en bus vous permettent de d\u00e9couvrir cette r\u00e9gion de mani\u00e8re accessible et agr\u00e9able. N&rsquo;h\u00e9sitez plus, embarquez pour une aventure m\u00e9morable !<\/p>\n<\/div>\n","protected":false},"excerpt":{"rendered":"","protected":false},"author":34,"featured_media":19879,"comment_status":"open","ping_status":"open","sticky":false,"template":"","format":"standard","meta":{"_acf_changed":false,"manual_indexmenow":false,"indexmenow_id_project":0,"footnotes":""},"categories":[1],"tags":[5619,3747,5041,4593,5617,5618],"class_list":["post-8489","post","type-post","status-publish","format-standard","has-post-thumbnail","hentry","category-a-la-une","tag-bus","tag-confort","tag-decouverte","tag-economie","tag-pas-de-calais","tag-voyagesorganises","generate-columns","tablet-grid-50","mobile-grid-100","grid-parent","grid-25"],"acf":[],"yoast_head":"<!-- This site is optimized with the Yoast SEO Premium plugin v21.3 (Yoast SEO v25.1) - https:\/\/yoast.com\/wordpress\/plugins\/seo\/ -->\n<title>Voyages organis\u00e9s en bus dans le Pas-de-Calais : une<\/title>\n<meta name=\"description\" content=\"Un voyage organis\u00e9 en bus dans le Pas-de-Calais, c&#039;est une formule cl\u00e9 en main : un autocar confortable, un guide local et un programme d\u00e9j\u00e0 ficel\u00e9 pour\" \/>\n<meta name=\"robots\" content=\"index, follow, max-snippet:-1, max-image-preview:large, max-video-preview:-1\" \/>\n<link rel=\"canonical\" href=\"https:\/\/voyage-aventure.com\/blog\/a-la-une\/voyages-organises-en-bus-dans-le-pas-de-calais-une-aventure-accessible\/\" \/>\n<meta property=\"og:locale\" content=\"fr_FR\" \/>\n<meta property=\"og:type\" content=\"article\" \/>\n<meta property=\"og:title\" content=\"Voyages organis\u00e9s en bus dans le Pas-de-Calais : une\" \/>\n<meta property=\"og:description\" content=\"Un voyage organis\u00e9 en bus dans le Pas-de-Calais, c&#039;est une formule cl\u00e9 en main : un autocar confortable, un guide local et un programme d\u00e9j\u00e0 ficel\u00e9 pour\" \/>\n<meta property=\"og:url\" content=\"https:\/\/voyage-aventure.com\/blog\/a-la-une\/voyages-organises-en-bus-dans-le-pas-de-calais-une-aventure-accessible\/\" \/>\n<meta property=\"og:site_name\" content=\"voyage-aventure\" \/>\n<meta property=\"og:image\" content=\"https:\/\/voyage-aventure.com\/blog\/wp-content\/uploads\/2025\/05\/sdxl-31cc6b12c0d39fcba798f774cdf47294-scaled.png\" \/>\n\t<meta property=\"og:image:width\" content=\"1200\" \/>\n\t<meta property=\"og:image:height\" content=\"500\" \/>\n\t<meta property=\"og:image:type\" content=\"image\/png\" \/>\n<meta name=\"author\" content=\"Camille Rouvray\" \/>\n<meta name=\"twitter:card\" content=\"summary_large_image\" \/>\n<script type=\"application\/ld+json\" class=\"yoast-schema-graph\">{\"@context\":\"https:\/\/schema.org\",\"@graph\":[{\"@type\":\"NewsArticle\",\"@id\":\"https:\/\/voyage-aventure.com\/blog\/a-la-une\/voyages-organises-en-bus-dans-le-pas-de-calais-une-aventure-accessible\/#article\",\"isPartOf\":{\"@id\":\"https:\/\/voyage-aventure.com\/blog\/a-la-une\/voyages-organises-en-bus-dans-le-pas-de-calais-une-aventure-accessible\/\"},\"author\":{\"name\":\"Camille Rouvray\",\"@id\":\"https:\/\/voyage-aventure.com\/blog\/#\/schema\/person\/3c864cdc320801e3db34b663e7e3f816\"},\"headline\":\"Voyages organis\u00e9s en bus dans le Pas-de-Calais : une aventure accessible\",\"datePublished\":\"2026-06-16T14:16:14+00:00\",\"mainEntityOfPage\":{\"@id\":\"https:\/\/voyage-aventure.com\/blog\/a-la-une\/voyages-organises-en-bus-dans-le-pas-de-calais-une-aventure-accessible\/\"},\"wordCount\":935,\"commentCount\":14,\"publisher\":{\"@id\":\"https:\/\/voyage-aventure.com\/blog\/#organization\"},\"image\":{\"@id\":\"https:\/\/voyage-aventure.com\/blog\/a-la-une\/voyages-organises-en-bus-dans-le-pas-de-calais-une-aventure-accessible\/#primaryimage\"},\"thumbnailUrl\":\"https:\/\/voyage-aventure.com\/blog\/wp-content\/uploads\/2025\/05\/sdxl-31cc6b12c0d39fcba798f774cdf47294-scaled.png\",\"keywords\":[\"Bus\",\"Confort\",\"D\u00e9couverte\",\"\u00c9conomie\",\"Pas-de-Calais\",\"VoyagesOrganis\u00e9s\"],\"articleSection\":[\"\u00c0 la une\"],\"inLanguage\":\"fr-FR\",\"potentialAction\":[{\"@type\":\"CommentAction\",\"name\":\"Comment\",\"target\":[\"https:\/\/voyage-aventure.com\/blog\/a-la-une\/voyages-organises-en-bus-dans-le-pas-de-calais-une-aventure-accessible\/#respond\"]}]},{\"@type\":\"WebPage\",\"@id\":\"https:\/\/voyage-aventure.com\/blog\/a-la-une\/voyages-organises-en-bus-dans-le-pas-de-calais-une-aventure-accessible\/\",\"url\":\"https:\/\/voyage-aventure.com\/blog\/a-la-une\/voyages-organises-en-bus-dans-le-pas-de-calais-une-aventure-accessible\/\",\"name\":\"Voyages organis\u00e9s en bus dans le Pas-de-Calais : une\",\"isPartOf\":{\"@id\":\"https:\/\/voyage-aventure.com\/blog\/#website\"},\"primaryImageOfPage\":{\"@id\":\"https:\/\/voyage-aventure.com\/blog\/a-la-une\/voyages-organises-en-bus-dans-le-pas-de-calais-une-aventure-accessible\/#primaryimage\"},\"image\":{\"@id\":\"https:\/\/voyage-aventure.com\/blog\/a-la-une\/voyages-organises-en-bus-dans-le-pas-de-calais-une-aventure-accessible\/#primaryimage\"},\"thumbnailUrl\":\"https:\/\/voyage-aventure.com\/blog\/wp-content\/uploads\/2025\/05\/sdxl-31cc6b12c0d39fcba798f774cdf47294-scaled.png\",\"datePublished\":\"2026-06-16T14:16:14+00:00\",\"description\":\"Un voyage organis\u00e9 en bus dans le Pas-de-Calais, c'est une formule cl\u00e9 en main : un autocar confortable, un guide local et un programme d\u00e9j\u00e0 ficel\u00e9 pour\",\"inLanguage\":\"fr-FR\",\"potentialAction\":[{\"@type\":\"ReadAction\",\"target\":[\"https:\/\/voyage-aventure.com\/blog\/a-la-une\/voyages-organises-en-bus-dans-le-pas-de-calais-une-aventure-accessible\/\"]}]},{\"@type\":\"ImageObject\",\"inLanguage\":\"fr-FR\",\"@id\":\"https:\/\/voyage-aventure.com\/blog\/a-la-une\/voyages-organises-en-bus-dans-le-pas-de-calais-une-aventure-accessible\/#primaryimage\",\"url\":\"https:\/\/voyage-aventure.com\/blog\/wp-content\/uploads\/2025\/05\/sdxl-31cc6b12c0d39fcba798f774cdf47294-scaled.png\",\"contentUrl\":\"https:\/\/voyage-aventure.com\/blog\/wp-content\/uploads\/2025\/05\/sdxl-31cc6b12c0d39fcba798f774cdf47294-scaled.png\",\"width\":1200,\"height\":500},{\"@type\":\"WebSite\",\"@id\":\"https:\/\/voyage-aventure.com\/blog\/#website\",\"url\":\"https:\/\/voyage-aventure.com\/blog\/\",\"name\":\"voyage-aventure.com\",\"description\":\"Votre passeport pour l\u2019inattendu.\",\"publisher\":{\"@id\":\"https:\/\/voyage-aventure.com\/blog\/#organization\"},\"alternateName\":\"Votre passeport pour l\u2019inattendu.\",\"potentialAction\":[{\"@type\":\"SearchAction\",\"target\":{\"@type\":\"EntryPoint\",\"urlTemplate\":\"https:\/\/voyage-aventure.com\/blog\/?s={search_term_string}\"},\"query-input\":{\"@type\":\"PropertyValueSpecification\",\"valueRequired\":true,\"valueName\":\"search_term_string\"}}],\"inLanguage\":\"fr-FR\"},{\"@type\":\"Organization\",\"@id\":\"https:\/\/voyage-aventure.com\/blog\/#organization\",\"name\":\"Foretsensations.fr\",\"url\":\"https:\/\/voyage-aventure.com\/blog\/\",\"logo\":{\"@type\":\"ImageObject\",\"inLanguage\":\"fr-FR\",\"@id\":\"https:\/\/voyage-aventure.com\/blog\/#\/schema\/logo\/image\/\",\"url\":\"https:\/\/voyage-aventure.com\/blog\/wp-content\/uploads\/2024\/12\/19.png\",\"contentUrl\":\"https:\/\/voyage-aventure.com\/blog\/wp-content\/uploads\/2024\/12\/19.png\",\"width\":512,\"height\":512,\"caption\":\"Foretsensations.fr\"},\"image\":{\"@id\":\"https:\/\/voyage-aventure.com\/blog\/#\/schema\/logo\/image\/\"}},{\"@type\":\"Person\",\"@id\":\"https:\/\/voyage-aventure.com\/blog\/#\/schema\/person\/3c864cdc320801e3db34b663e7e3f816\",\"name\":\"Camille Rouvray\",\"image\":{\"@type\":\"ImageObject\",\"inLanguage\":\"fr-FR\",\"@id\":\"https:\/\/voyage-aventure.com\/blog\/#\/schema\/person\/image\/\",\"url\":\"https:\/\/voyage-aventure.com\/blog\/wp-content\/uploads\/2026\/06\/persona_camille-r-96x96.jpg\",\"contentUrl\":\"https:\/\/voyage-aventure.com\/blog\/wp-content\/uploads\/2026\/06\/persona_camille-r-96x96.jpg\",\"caption\":\"Camille Rouvray\"},\"description\":\"Je voyage et j'\u00e9cris sur le voyage depuis une douzaine d'ann\u00e9es, d'abord en tant que routarde au long cours, puis comme r\u00e9dactrice sp\u00e9cialis\u00e9e. Mon terrain de pr\u00e9dilection, ce sont les circuits organis\u00e9s et l'art de bien pr\u00e9parer un itin\u00e9raire : choix de la saison, dur\u00e9e r\u00e9aliste des \u00e9tapes, budget jour par jour, logement et transport sur place. J'aime aussi raconter les p\u00e9pites urbaines, ces adresses qu'on ne trouve pas dans les guides classiques. Avant de publier un dossier destination, je croise toujours plusieurs sources, je v\u00e9rifie les tarifs et les formalit\u00e9s d'entr\u00e9e \u00e0 jour, et je teste moi-m\u00eame quand je le peux. Mon angle reste pratique avant tout : aider le lecteur \u00e0 partir l'esprit tranquille, sans mauvaise surprise une fois sur place. Je m'attache \u00e0 distinguer le coup de c\u0153ur sinc\u00e8re du simple argument marketing.\",\"sameAs\":[\"https:\/\/camillerouvray.fr\/\"],\"url\":\"https:\/\/voyage-aventure.com\/blog\/auteur\/noname\/\"}]}<\/script>\n<!-- \/ Yoast SEO Premium plugin. -->","yoast_head_json":{"title":"Voyages organis\u00e9s en bus dans le Pas-de-Calais : une","description":"Un voyage organis\u00e9 en bus dans le Pas-de-Calais, c'est une formule cl\u00e9 en main : un autocar confortable, un guide local et un programme d\u00e9j\u00e0 ficel\u00e9 pour","robots":{"index":"index","follow":"follow","max-snippet":"max-snippet:-1","max-image-preview":"max-image-preview:large","max-video-preview":"max-video-preview:-1"},"canonical":"https:\/\/voyage-aventure.com\/blog\/a-la-une\/voyages-organises-en-bus-dans-le-pas-de-calais-une-aventure-accessible\/","og_locale":"fr_FR","og_type":"article","og_title":"Voyages organis\u00e9s en bus dans le Pas-de-Calais : une","og_description":"Un voyage organis\u00e9 en bus dans le Pas-de-Calais, c'est une formule cl\u00e9 en main : un autocar confortable, un guide local et un programme d\u00e9j\u00e0 ficel\u00e9 pour","og_url":"https:\/\/voyage-aventure.com\/blog\/a-la-une\/voyages-organises-en-bus-dans-le-pas-de-calais-une-aventure-accessible\/","og_site_name":"voyage-aventure","og_image":[{"width":1200,"height":500,"url":"https:\/\/voyage-aventure.com\/blog\/wp-content\/uploads\/2025\/05\/sdxl-31cc6b12c0d39fcba798f774cdf47294-scaled.png","type":"image\/png"}],"author":"Camille Rouvray","twitter_card":"summary_large_image","schema":{"@context":"https:\/\/schema.org","@graph":[{"@type":"NewsArticle","@id":"https:\/\/voyage-aventure.com\/blog\/a-la-une\/voyages-organises-en-bus-dans-le-pas-de-calais-une-aventure-accessible\/#article","isPartOf":{"@id":"https:\/\/voyage-aventure.com\/blog\/a-la-une\/voyages-organises-en-bus-dans-le-pas-de-calais-une-aventure-accessible\/"},"author":{"name":"Camille Rouvray","@id":"https:\/\/voyage-aventure.com\/blog\/#\/schema\/person\/3c864cdc320801e3db34b663e7e3f816"},"headline":"Voyages organis\u00e9s en bus dans le Pas-de-Calais : une aventure accessible","datePublished":"2026-06-16T14:16:14+00:00","mainEntityOfPage":{"@id":"https:\/\/voyage-aventure.com\/blog\/a-la-une\/voyages-organises-en-bus-dans-le-pas-de-calais-une-aventure-accessible\/"},"wordCount":935,"commentCount":14,"publisher":{"@id":"https:\/\/voyage-aventure.com\/blog\/#organization"},"image":{"@id":"https:\/\/voyage-aventure.com\/blog\/a-la-une\/voyages-organises-en-bus-dans-le-pas-de-calais-une-aventure-accessible\/#primaryimage"},"thumbnailUrl":"https:\/\/voyage-aventure.com\/blog\/wp-content\/uploads\/2025\/05\/sdxl-31cc6b12c0d39fcba798f774cdf47294-scaled.png","keywords":["Bus","Confort","D\u00e9couverte","\u00c9conomie","Pas-de-Calais","VoyagesOrganis\u00e9s"],"articleSection":["\u00c0 la une"],"inLanguage":"fr-FR","potentialAction":[{"@type":"CommentAction","name":"Comment","target":["https:\/\/voyage-aventure.com\/blog\/a-la-une\/voyages-organises-en-bus-dans-le-pas-de-calais-une-aventure-accessible\/#respond"]}]},{"@type":"WebPage","@id":"https:\/\/voyage-aventure.com\/blog\/a-la-une\/voyages-organises-en-bus-dans-le-pas-de-calais-une-aventure-accessible\/","url":"https:\/\/voyage-aventure.com\/blog\/a-la-une\/voyages-organises-en-bus-dans-le-pas-de-calais-une-aventure-accessible\/","name":"Voyages organis\u00e9s en bus dans le Pas-de-Calais : une","isPartOf":{"@id":"https:\/\/voyage-aventure.com\/blog\/#website"},"primaryImageOfPage":{"@id":"https:\/\/voyage-aventure.com\/blog\/a-la-une\/voyages-organises-en-bus-dans-le-pas-de-calais-une-aventure-accessible\/#primaryimage"},"image":{"@id":"https:\/\/voyage-aventure.com\/blog\/a-la-une\/voyages-organises-en-bus-dans-le-pas-de-calais-une-aventure-accessible\/#primaryimage"},"thumbnailUrl":"https:\/\/voyage-aventure.com\/blog\/wp-content\/uploads\/2025\/05\/sdxl-31cc6b12c0d39fcba798f774cdf47294-scaled.png","datePublished":"2026-06-16T14:16:14+00:00","description":"Un voyage organis\u00e9 en bus dans le Pas-de-Calais, c'est une formule cl\u00e9 en main : un autocar confortable, un guide local et un programme d\u00e9j\u00e0 ficel\u00e9 pour","inLanguage":"fr-FR","potentialAction":[{"@type":"ReadAction","target":["https:\/\/voyage-aventure.com\/blog\/a-la-une\/voyages-organises-en-bus-dans-le-pas-de-calais-une-aventure-accessible\/"]}]},{"@type":"ImageObject","inLanguage":"fr-FR","@id":"https:\/\/voyage-aventure.com\/blog\/a-la-une\/voyages-organises-en-bus-dans-le-pas-de-calais-une-aventure-accessible\/#primaryimage","url":"https:\/\/voyage-aventure.com\/blog\/wp-content\/uploads\/2025\/05\/sdxl-31cc6b12c0d39fcba798f774cdf47294-scaled.png","contentUrl":"https:\/\/voyage-aventure.com\/blog\/wp-content\/uploads\/2025\/05\/sdxl-31cc6b12c0d39fcba798f774cdf47294-scaled.png","width":1200,"height":500},{"@type":"WebSite","@id":"https:\/\/voyage-aventure.com\/blog\/#website","url":"https:\/\/voyage-aventure.com\/blog\/","name":"voyage-aventure.com","description":"Votre passeport pour l\u2019inattendu.","publisher":{"@id":"https:\/\/voyage-aventure.com\/blog\/#organization"},"alternateName":"Votre passeport pour l\u2019inattendu.","potentialAction":[{"@type":"SearchAction","target":{"@type":"EntryPoint","urlTemplate":"https:\/\/voyage-aventure.com\/blog\/?s={search_term_string}"},"query-input":{"@type":"PropertyValueSpecification","valueRequired":true,"valueName":"search_term_string"}}],"inLanguage":"fr-FR"},{"@type":"Organization","@id":"https:\/\/voyage-aventure.com\/blog\/#organization","name":"Foretsensations.fr","url":"https:\/\/voyage-aventure.com\/blog\/","logo":{"@type":"ImageObject","inLanguage":"fr-FR","@id":"https:\/\/voyage-aventure.com\/blog\/#\/schema\/logo\/image\/","url":"https:\/\/voyage-aventure.com\/blog\/wp-content\/uploads\/2024\/12\/19.png","contentUrl":"https:\/\/voyage-aventure.com\/blog\/wp-content\/uploads\/2024\/12\/19.png","width":512,"height":512,"caption":"Foretsensations.fr"},"image":{"@id":"https:\/\/voyage-aventure.com\/blog\/#\/schema\/logo\/image\/"}},{"@type":"Person","@id":"https:\/\/voyage-aventure.com\/blog\/#\/schema\/person\/3c864cdc320801e3db34b663e7e3f816","name":"Camille Rouvray","image":{"@type":"ImageObject","inLanguage":"fr-FR","@id":"https:\/\/voyage-aventure.com\/blog\/#\/schema\/person\/image\/","url":"https:\/\/voyage-aventure.com\/blog\/wp-content\/uploads\/2026\/06\/persona_camille-r-96x96.jpg","contentUrl":"https:\/\/voyage-aventure.com\/blog\/wp-content\/uploads\/2026\/06\/persona_camille-r-96x96.jpg","caption":"Camille Rouvray"},"description":"Je voyage et j'\u00e9cris sur le voyage depuis une douzaine d'ann\u00e9es, d'abord en tant que routarde au long cours, puis comme r\u00e9dactrice sp\u00e9cialis\u00e9e. Mon terrain de pr\u00e9dilection, ce sont les circuits organis\u00e9s et l'art de bien pr\u00e9parer un itin\u00e9raire : choix de la saison, dur\u00e9e r\u00e9aliste des \u00e9tapes, budget jour par jour, logement et transport sur place. J'aime aussi raconter les p\u00e9pites urbaines, ces adresses qu'on ne trouve pas dans les guides classiques. Avant de publier un dossier destination, je croise toujours plusieurs sources, je v\u00e9rifie les tarifs et les formalit\u00e9s d'entr\u00e9e \u00e0 jour, et je teste moi-m\u00eame quand je le peux. Mon angle reste pratique avant tout : aider le lecteur \u00e0 partir l'esprit tranquille, sans mauvaise surprise une fois sur place. Je m'attache \u00e0 distinguer le coup de c\u0153ur sinc\u00e8re du simple argument marketing.","sameAs":["https:\/\/camillerouvray.fr\/"],"url":"https:\/\/voyage-aventure.com\/blog\/auteur\/noname\/"}]}},"_links":{"self":[{"href":"https:\/\/voyage-aventure.com\/blog\/wp-json\/wp\/v2\/posts\/8489","targetHints":{"allow":["GET"]}}],"collection":[{"href":"https:\/\/voyage-aventure.com\/blog\/wp-json\/wp\/v2\/posts"}],"about":[{"href":"https:\/\/voyage-aventure.com\/blog\/wp-json\/wp\/v2\/types\/post"}],"author":[{"embeddable":true,"href":"https:\/\/voyage-aventure.com\/blog\/wp-json\/wp\/v2\/users\/34"}],"replies":[{"embeddable":true,"href":"https:\/\/voyage-aventure.com\/blog\/wp-json\/wp\/v2\/comments?post=8489"}],"version-history":[{"count":3,"href":"https:\/\/voyage-aventure.com\/blog\/wp-json\/wp\/v2\/posts\/8489\/revisions"}],"predecessor-version":[{"id":22454,"href":"https:\/\/voyage-aventure.com\/blog\/wp-json\/wp\/v2\/posts\/8489\/revisions\/22454"}],"wp:featuredmedia":[{"embeddable":true,"href":"https:\/\/voyage-aventure.com\/blog\/wp-json\/wp\/v2\/media\/19879"}],"wp:attachment":[{"href":"https:\/\/voyage-aventure.com\/blog\/wp-json\/wp\/v2\/media?parent=8489"}],"wp:term":[{"taxonomy":"category","embeddable":true,"href":"https:\/\/voyage-aventure.com\/blog\/wp-json\/wp\/v2\/categories?post=8489"},{"taxonomy":"post_tag","embeddable":true,"href":"https:\/\/voyage-aventure.com\/blog\/wp-json\/wp\/v2\/tags?post=8489"}],"curies":[{"name":"wp","href":"https:\/\/api.w.org\/{rel}","templated":true}]}}