{"id":8393,"date":"2025-03-04T19:49:00","date_gmt":"2025-03-04T18:49:00","guid":{"rendered":"https:\/\/voyage-aventure.com\/blog\/?p=8393"},"modified":"2025-02-11T04:20:15","modified_gmt":"2025-02-11T03:20:15","slug":"le-prix-de-the-balm-voyage-2-tout-ce-que-vous-devez-savoir","status":"publish","type":"post","link":"https:\/\/voyage-aventure.com\/blog\/a-la-une\/le-prix-de-the-balm-voyage-2-tout-ce-que-vous-devez-savoir\/","title":{"rendered":"Le prix de The Balm Voyage 2 : tout ce que vous devez savoir"},"content":{"rendered":"<h2>Introduction captivante<\/h2>\n<p><strong>The Balm Voyage 2<\/strong> pourrait bien \u00eatre la solution id\u00e9ale. Ce produit, tr\u00e8s pris\u00e9 pour sa polyvalence, attire l&rsquo;attention des amateurs de beaut\u00e9. Mais quel est son prix ? Dans cet article, nous explorerons ce qui rend ce produit si sp\u00e9cial et comment il se positionne sur le march\u00e9.<\/p>\n<h2>Qu&rsquo;est-ce que The Balm Voyage 2 ?<\/h2>\n<p><strong>The Balm Voyage 2<\/strong> est une palette de maquillage con\u00e7ue pour les personnes en d\u00e9placement. Elle offre une multitude de teintes qui permettent de cr\u00e9er diff\u00e9rents looks, allant du maquillage naturel au plus sophistiqu\u00e9. Cette palette comprend des fards \u00e0 paupi\u00e8res, des blushs et des illuminateurs, le tout dans un format compact et \u00e9l\u00e9gant.<\/p>\n<blockquote class=\"wp-embedded-content\" data-secret=\"UF5WTN4pUl\"><p><a href=\"https:\/\/voyage-aventure.com\/blog\/a-la-une\/comment-analyser-un-recit-de-voyage-guide-complet-et-astuces-pratiques\/\">Comment analyser un r\u00e9cit de voyage : guide complet et astuces pratiques<\/a><\/p><\/blockquote>\n<p><iframe loading=\"lazy\" class=\"wp-embedded-content\" sandbox=\"allow-scripts\" security=\"restricted\" style=\"position: absolute; visibility: hidden;\" title=\"\u00ab\u00a0Comment analyser un r\u00e9cit de voyage : guide complet et astuces pratiques\u00a0\u00bb &#8212; voyage-aventure\" src=\"https:\/\/voyage-aventure.com\/blog\/a-la-une\/comment-analyser-un-recit-de-voyage-guide-complet-et-astuces-pratiques\/embed\/#?secret=Xe4eEML3IA#?secret=UF5WTN4pUl\" data-secret=\"UF5WTN4pUl\" width=\"600\" height=\"338\" frameborder=\"0\" marginwidth=\"0\" marginheight=\"0\" scrolling=\"no\"><\/iframe><\/p>\n<p>La palette se distingue par sa qualit\u00e9, avec des formules riches en pigments qui assurent une tenue longue dur\u00e9e. De plus, elle est fabriqu\u00e9e avec des ingr\u00e9dients de qualit\u00e9, ce qui en fait un choix s\u00fbr pour tous les types de peau.<\/p>\n<h2>Le prix de The Balm Voyage 2<\/h2>\n<p>Le prix de <strong>The Balm Voyage 2<\/strong> varie en fonction des revendeurs. En g\u00e9n\u00e9ral, il se situe autour de <strong>45 \u00e0 55 euros<\/strong>. Ce tarif en fait un produit accessible pour la qualit\u00e9 qu&rsquo;il propose. La palette est souvent disponible \u00e0 des prix promotionnels sur des sites de beaut\u00e9 ou lors de ventes sp\u00e9ciales, ce qui peut permettre d&rsquo;\u00e9conomiser davantage.<\/p>\n<blockquote class=\"wp-embedded-content\" data-secret=\"5PGUrjg1ZB\"><p><a href=\"https:\/\/voyage-aventure.com\/blog\/a-la-une\/les-accessoires-de-voyage-indispensables-pour-un-sejour-au-vietnam\/\">Les accessoires de voyage indispensables pour un s\u00e9jour au Vietnam<\/a><\/p><\/blockquote>\n<p><iframe loading=\"lazy\" class=\"wp-embedded-content\" sandbox=\"allow-scripts\" security=\"restricted\" style=\"position: absolute; visibility: hidden;\" title=\"\u00ab\u00a0Les accessoires de voyage indispensables pour un s\u00e9jour au Vietnam\u00a0\u00bb &#8212; voyage-aventure\" src=\"https:\/\/voyage-aventure.com\/blog\/a-la-une\/les-accessoires-de-voyage-indispensables-pour-un-sejour-au-vietnam\/embed\/#?secret=996N4LCmIR#?secret=5PGUrjg1ZB\" data-secret=\"5PGUrjg1ZB\" width=\"600\" height=\"338\" frameborder=\"0\" marginwidth=\"0\" marginheight=\"0\" scrolling=\"no\"><\/iframe><\/p>\n<table>\n<tr>\n<th>Revendeur<\/th>\n<th>Prix approximatif<\/th>\n<th>Disponibilit\u00e9<\/th>\n<\/tr>\n<tr>\n<td>Sephora<\/td>\n<td>49,90 \u20ac<\/td>\n<td>En stock<\/td>\n<\/tr>\n<tr>\n<td>Amazon<\/td>\n<td>45,00 \u20ac<\/td>\n<td>En stock<\/td>\n<\/tr>\n<tr>\n<td>Feelunique<\/td>\n<td>55,00 \u20ac<\/td>\n<td>Rupture de stock<\/td>\n<\/tr>\n<\/table>\n<h2>Pourquoi choisir The Balm Voyage 2 ?<\/h2>\n<p>Choisir <strong>The Balm Voyage 2<\/strong> c&rsquo;est opter pour la praticit\u00e9 sans sacrifier la qualit\u00e9. Voici quelques raisons qui pourraient vous convaincre :<\/p>\n<ul>\n<li><strong>Polyvalence :<\/strong> Cette palette permet de r\u00e9aliser une multitude de looks avec un seul produit.<\/li>\n<li><strong>Facilit\u00e9 de transport :<\/strong> Son format compact est id\u00e9al pour les voyages.<\/li>\n<li><strong>Ingr\u00e9dients de qualit\u00e9 :<\/strong> Les formules sont con\u00e7ues pour durer et respecter la peau.<\/li>\n<\/ul>\n<p>En investissant dans cette palette, vous obtenez un produit qui r\u00e9pond \u00e0 divers besoins, que ce soit pour un usage quotidien ou pour des occasions sp\u00e9ciales.<\/p>\n<h2>FAQ :<\/h2>\n<blockquote>\n<ul>\n<li><strong>O\u00f9 acheter The Balm Voyage 2 ?<\/strong>Vous pouvez le trouver sur des sites comme Sephora, Amazon, ou Feelunique.<\/li>\n<li><strong>Est-ce que ce produit convient \u00e0 tous les types de peau ?<\/strong>Oui, il est formul\u00e9 pour convenir \u00e0 tous les types de peau.<\/li>\n<li><strong>Combien de temps dure la palette ?<\/strong>Avec une utilisation normale, elle peut durer plusieurs mois.<\/li>\n<li><strong>Y a-t-il des promotions fr\u00e9quentes ?<\/strong>Oui, surveillez les soldes et promotions sur les sites de vente.<\/li>\n<\/ul>\n<\/blockquote>\n<h2>Conclusion<\/h2>\n<p>The Balm Voyage 2 est bien plus qu&rsquo;une simple palette de maquillage. C&rsquo;est un outil pratique et polyvalent qui s&rsquo;adapte \u00e0 votre style de vie. Avec un prix abordable, il m\u00e9rite d&rsquo;\u00eatre consid\u00e9r\u00e9 comme un essentiel dans votre trousse de maquillage. N&rsquo;attendez plus pour d\u00e9couvrir ses nombreuses possibilit\u00e9s et mettre en valeur votre beaut\u00e9 naturelle.<\/p>\n","protected":false},"excerpt":{"rendered":"","protected":false},"author":34,"featured_media":14258,"comment_status":"open","ping_status":"open","sticky":false,"template":"","format":"standard","meta":{"_acf_changed":false,"manual_indexmenow":false,"indexmenow_id_project":0,"footnotes":""},"categories":[1],"tags":[5381,5380,5378,5379,2426,5377],"class_list":["post-8393","post","type-post","status-publish","format-standard","has-post-thumbnail","hentry","category-a-la-une","tag-facilite-de-transport","tag-ingredients-de-qualite","tag-palette-de-maquillage","tag-polyvalence","tag-prix-abordable","tag-the-balm-voyage-2","generate-columns","tablet-grid-50","mobile-grid-100","grid-parent","grid-25"],"acf":[],"yoast_head":"<!-- This site is optimized with the Yoast SEO Premium plugin v21.3 (Yoast SEO v25.1) - https:\/\/yoast.com\/wordpress\/plugins\/seo\/ -->\n<title>Le prix de The Balm Voyage 2 : tout ce que vous devez savoir<\/title>\n<meta name=\"description\" content=\"The Balm Voyage 2 pourrait bien \u00eatre la solution id\u00e9ale. Ce produit, tr\u00e8s pris\u00e9 pour sa polyvalence, attire l&#039;attention des amateurs de beaut\u00e9. Mais quel\" \/>\n<meta name=\"robots\" content=\"index, follow, max-snippet:-1, max-image-preview:large, max-video-preview:-1\" \/>\n<link rel=\"canonical\" href=\"https:\/\/voyage-aventure.com\/blog\/a-la-une\/le-prix-de-the-balm-voyage-2-tout-ce-que-vous-devez-savoir\/\" \/>\n<meta property=\"og:locale\" content=\"fr_FR\" \/>\n<meta property=\"og:type\" content=\"article\" \/>\n<meta property=\"og:title\" content=\"Le prix de The Balm Voyage 2 : tout ce que vous devez savoir\" \/>\n<meta property=\"og:description\" content=\"The Balm Voyage 2 pourrait bien \u00eatre la solution id\u00e9ale. Ce produit, tr\u00e8s pris\u00e9 pour sa polyvalence, attire l&#039;attention des amateurs de beaut\u00e9. Mais quel\" \/>\n<meta property=\"og:url\" content=\"https:\/\/voyage-aventure.com\/blog\/a-la-une\/le-prix-de-the-balm-voyage-2-tout-ce-que-vous-devez-savoir\/\" \/>\n<meta property=\"og:site_name\" content=\"voyage-aventure\" \/>\n<meta property=\"og:image\" content=\"https:\/\/voyage-aventure.com\/blog\/wp-content\/uploads\/2025\/03\/sdxl-d8809af178a3906435755b95fa2ab4a5.png\" \/>\n\t<meta property=\"og:image:width\" content=\"1536\" \/>\n\t<meta property=\"og:image:height\" content=\"640\" \/>\n\t<meta property=\"og:image:type\" content=\"image\/png\" \/>\n<meta name=\"author\" content=\"Camille Rouvray\" \/>\n<meta name=\"twitter:card\" content=\"summary_large_image\" \/>\n<script type=\"application\/ld+json\" class=\"yoast-schema-graph\">{\"@context\":\"https:\/\/schema.org\",\"@graph\":[{\"@type\":\"NewsArticle\",\"@id\":\"https:\/\/voyage-aventure.com\/blog\/a-la-une\/le-prix-de-the-balm-voyage-2-tout-ce-que-vous-devez-savoir\/#article\",\"isPartOf\":{\"@id\":\"https:\/\/voyage-aventure.com\/blog\/a-la-une\/le-prix-de-the-balm-voyage-2-tout-ce-que-vous-devez-savoir\/\"},\"author\":{\"name\":\"Camille Rouvray\",\"@id\":\"https:\/\/voyage-aventure.com\/blog\/#\/schema\/person\/3c864cdc320801e3db34b663e7e3f816\"},\"headline\":\"Le prix de The Balm Voyage 2 : tout ce que vous devez savoir\",\"datePublished\":\"2025-03-04T18:49:00+00:00\",\"mainEntityOfPage\":{\"@id\":\"https:\/\/voyage-aventure.com\/blog\/a-la-une\/le-prix-de-the-balm-voyage-2-tout-ce-que-vous-devez-savoir\/\"},\"wordCount\":496,\"commentCount\":25,\"publisher\":{\"@id\":\"https:\/\/voyage-aventure.com\/blog\/#organization\"},\"image\":{\"@id\":\"https:\/\/voyage-aventure.com\/blog\/a-la-une\/le-prix-de-the-balm-voyage-2-tout-ce-que-vous-devez-savoir\/#primaryimage\"},\"thumbnailUrl\":\"https:\/\/voyage-aventure.com\/blog\/wp-content\/uploads\/2025\/03\/sdxl-d8809af178a3906435755b95fa2ab4a5.png\",\"keywords\":[\"Facilit\u00e9 de Transport\",\"Ingr\u00e9dients de Qualit\u00e9\",\"Palette de Maquillage\",\"Polyvalence\",\"Prix Abordable\",\"The Balm Voyage 2\"],\"articleSection\":[\"\u00c0 la une\"],\"inLanguage\":\"fr-FR\",\"potentialAction\":[{\"@type\":\"CommentAction\",\"name\":\"Comment\",\"target\":[\"https:\/\/voyage-aventure.com\/blog\/a-la-une\/le-prix-de-the-balm-voyage-2-tout-ce-que-vous-devez-savoir\/#respond\"]}]},{\"@type\":\"WebPage\",\"@id\":\"https:\/\/voyage-aventure.com\/blog\/a-la-une\/le-prix-de-the-balm-voyage-2-tout-ce-que-vous-devez-savoir\/\",\"url\":\"https:\/\/voyage-aventure.com\/blog\/a-la-une\/le-prix-de-the-balm-voyage-2-tout-ce-que-vous-devez-savoir\/\",\"name\":\"Le prix de The Balm Voyage 2 : tout ce que vous devez savoir\",\"isPartOf\":{\"@id\":\"https:\/\/voyage-aventure.com\/blog\/#website\"},\"primaryImageOfPage\":{\"@id\":\"https:\/\/voyage-aventure.com\/blog\/a-la-une\/le-prix-de-the-balm-voyage-2-tout-ce-que-vous-devez-savoir\/#primaryimage\"},\"image\":{\"@id\":\"https:\/\/voyage-aventure.com\/blog\/a-la-une\/le-prix-de-the-balm-voyage-2-tout-ce-que-vous-devez-savoir\/#primaryimage\"},\"thumbnailUrl\":\"https:\/\/voyage-aventure.com\/blog\/wp-content\/uploads\/2025\/03\/sdxl-d8809af178a3906435755b95fa2ab4a5.png\",\"datePublished\":\"2025-03-04T18:49:00+00:00\",\"description\":\"The Balm Voyage 2 pourrait bien \u00eatre la solution id\u00e9ale. Ce produit, tr\u00e8s pris\u00e9 pour sa polyvalence, attire l'attention des amateurs de beaut\u00e9. Mais quel\",\"inLanguage\":\"fr-FR\",\"potentialAction\":[{\"@type\":\"ReadAction\",\"target\":[\"https:\/\/voyage-aventure.com\/blog\/a-la-une\/le-prix-de-the-balm-voyage-2-tout-ce-que-vous-devez-savoir\/\"]}]},{\"@type\":\"ImageObject\",\"inLanguage\":\"fr-FR\",\"@id\":\"https:\/\/voyage-aventure.com\/blog\/a-la-une\/le-prix-de-the-balm-voyage-2-tout-ce-que-vous-devez-savoir\/#primaryimage\",\"url\":\"https:\/\/voyage-aventure.com\/blog\/wp-content\/uploads\/2025\/03\/sdxl-d8809af178a3906435755b95fa2ab4a5.png\",\"contentUrl\":\"https:\/\/voyage-aventure.com\/blog\/wp-content\/uploads\/2025\/03\/sdxl-d8809af178a3906435755b95fa2ab4a5.png\",\"width\":1536,\"height\":640},{\"@type\":\"WebSite\",\"@id\":\"https:\/\/voyage-aventure.com\/blog\/#website\",\"url\":\"https:\/\/voyage-aventure.com\/blog\/\",\"name\":\"voyage-aventure.com\",\"description\":\"Votre passeport pour l\u2019inattendu.\",\"publisher\":{\"@id\":\"https:\/\/voyage-aventure.com\/blog\/#organization\"},\"alternateName\":\"Votre passeport pour l\u2019inattendu.\",\"potentialAction\":[{\"@type\":\"SearchAction\",\"target\":{\"@type\":\"EntryPoint\",\"urlTemplate\":\"https:\/\/voyage-aventure.com\/blog\/?s={search_term_string}\"},\"query-input\":{\"@type\":\"PropertyValueSpecification\",\"valueRequired\":true,\"valueName\":\"search_term_string\"}}],\"inLanguage\":\"fr-FR\"},{\"@type\":\"Organization\",\"@id\":\"https:\/\/voyage-aventure.com\/blog\/#organization\",\"name\":\"Foretsensations.fr\",\"url\":\"https:\/\/voyage-aventure.com\/blog\/\",\"logo\":{\"@type\":\"ImageObject\",\"inLanguage\":\"fr-FR\",\"@id\":\"https:\/\/voyage-aventure.com\/blog\/#\/schema\/logo\/image\/\",\"url\":\"https:\/\/voyage-aventure.com\/blog\/wp-content\/uploads\/2024\/12\/19.png\",\"contentUrl\":\"https:\/\/voyage-aventure.com\/blog\/wp-content\/uploads\/2024\/12\/19.png\",\"width\":512,\"height\":512,\"caption\":\"Foretsensations.fr\"},\"image\":{\"@id\":\"https:\/\/voyage-aventure.com\/blog\/#\/schema\/logo\/image\/\"}},{\"@type\":\"Person\",\"@id\":\"https:\/\/voyage-aventure.com\/blog\/#\/schema\/person\/3c864cdc320801e3db34b663e7e3f816\",\"name\":\"Camille Rouvray\",\"image\":{\"@type\":\"ImageObject\",\"inLanguage\":\"fr-FR\",\"@id\":\"https:\/\/voyage-aventure.com\/blog\/#\/schema\/person\/image\/\",\"url\":\"https:\/\/voyage-aventure.com\/blog\/wp-content\/uploads\/2026\/06\/persona_camille-r-96x96.jpg\",\"contentUrl\":\"https:\/\/voyage-aventure.com\/blog\/wp-content\/uploads\/2026\/06\/persona_camille-r-96x96.jpg\",\"caption\":\"Camille Rouvray\"},\"description\":\"Je voyage et j'\u00e9cris sur le voyage depuis une douzaine d'ann\u00e9es, d'abord en tant que routarde au long cours, puis comme r\u00e9dactrice sp\u00e9cialis\u00e9e. Mon terrain de pr\u00e9dilection, ce sont les circuits organis\u00e9s et l'art de bien pr\u00e9parer un itin\u00e9raire : choix de la saison, dur\u00e9e r\u00e9aliste des \u00e9tapes, budget jour par jour, logement et transport sur place. J'aime aussi raconter les p\u00e9pites urbaines, ces adresses qu'on ne trouve pas dans les guides classiques. Avant de publier un dossier destination, je croise toujours plusieurs sources, je v\u00e9rifie les tarifs et les formalit\u00e9s d'entr\u00e9e \u00e0 jour, et je teste moi-m\u00eame quand je le peux. Mon angle reste pratique avant tout : aider le lecteur \u00e0 partir l'esprit tranquille, sans mauvaise surprise une fois sur place. Je m'attache \u00e0 distinguer le coup de c\u0153ur sinc\u00e8re du simple argument marketing.\",\"sameAs\":[\"https:\/\/camillerouvray.fr\/\"],\"url\":\"https:\/\/voyage-aventure.com\/blog\/auteur\/noname\/\"}]}<\/script>\n<!-- \/ Yoast SEO Premium plugin. -->","yoast_head_json":{"title":"Le prix de The Balm Voyage 2 : tout ce que vous devez savoir","description":"The Balm Voyage 2 pourrait bien \u00eatre la solution id\u00e9ale. Ce produit, tr\u00e8s pris\u00e9 pour sa polyvalence, attire l'attention des amateurs de beaut\u00e9. Mais quel","robots":{"index":"index","follow":"follow","max-snippet":"max-snippet:-1","max-image-preview":"max-image-preview:large","max-video-preview":"max-video-preview:-1"},"canonical":"https:\/\/voyage-aventure.com\/blog\/a-la-une\/le-prix-de-the-balm-voyage-2-tout-ce-que-vous-devez-savoir\/","og_locale":"fr_FR","og_type":"article","og_title":"Le prix de The Balm Voyage 2 : tout ce que vous devez savoir","og_description":"The Balm Voyage 2 pourrait bien \u00eatre la solution id\u00e9ale. Ce produit, tr\u00e8s pris\u00e9 pour sa polyvalence, attire l'attention des amateurs de beaut\u00e9. Mais quel","og_url":"https:\/\/voyage-aventure.com\/blog\/a-la-une\/le-prix-de-the-balm-voyage-2-tout-ce-que-vous-devez-savoir\/","og_site_name":"voyage-aventure","og_image":[{"width":1536,"height":640,"url":"https:\/\/voyage-aventure.com\/blog\/wp-content\/uploads\/2025\/03\/sdxl-d8809af178a3906435755b95fa2ab4a5.png","type":"image\/png"}],"author":"Camille Rouvray","twitter_card":"summary_large_image","schema":{"@context":"https:\/\/schema.org","@graph":[{"@type":"NewsArticle","@id":"https:\/\/voyage-aventure.com\/blog\/a-la-une\/le-prix-de-the-balm-voyage-2-tout-ce-que-vous-devez-savoir\/#article","isPartOf":{"@id":"https:\/\/voyage-aventure.com\/blog\/a-la-une\/le-prix-de-the-balm-voyage-2-tout-ce-que-vous-devez-savoir\/"},"author":{"name":"Camille Rouvray","@id":"https:\/\/voyage-aventure.com\/blog\/#\/schema\/person\/3c864cdc320801e3db34b663e7e3f816"},"headline":"Le prix de The Balm Voyage 2 : tout ce que vous devez savoir","datePublished":"2025-03-04T18:49:00+00:00","mainEntityOfPage":{"@id":"https:\/\/voyage-aventure.com\/blog\/a-la-une\/le-prix-de-the-balm-voyage-2-tout-ce-que-vous-devez-savoir\/"},"wordCount":496,"commentCount":25,"publisher":{"@id":"https:\/\/voyage-aventure.com\/blog\/#organization"},"image":{"@id":"https:\/\/voyage-aventure.com\/blog\/a-la-une\/le-prix-de-the-balm-voyage-2-tout-ce-que-vous-devez-savoir\/#primaryimage"},"thumbnailUrl":"https:\/\/voyage-aventure.com\/blog\/wp-content\/uploads\/2025\/03\/sdxl-d8809af178a3906435755b95fa2ab4a5.png","keywords":["Facilit\u00e9 de Transport","Ingr\u00e9dients de Qualit\u00e9","Palette de Maquillage","Polyvalence","Prix Abordable","The Balm Voyage 2"],"articleSection":["\u00c0 la une"],"inLanguage":"fr-FR","potentialAction":[{"@type":"CommentAction","name":"Comment","target":["https:\/\/voyage-aventure.com\/blog\/a-la-une\/le-prix-de-the-balm-voyage-2-tout-ce-que-vous-devez-savoir\/#respond"]}]},{"@type":"WebPage","@id":"https:\/\/voyage-aventure.com\/blog\/a-la-une\/le-prix-de-the-balm-voyage-2-tout-ce-que-vous-devez-savoir\/","url":"https:\/\/voyage-aventure.com\/blog\/a-la-une\/le-prix-de-the-balm-voyage-2-tout-ce-que-vous-devez-savoir\/","name":"Le prix de The Balm Voyage 2 : tout ce que vous devez savoir","isPartOf":{"@id":"https:\/\/voyage-aventure.com\/blog\/#website"},"primaryImageOfPage":{"@id":"https:\/\/voyage-aventure.com\/blog\/a-la-une\/le-prix-de-the-balm-voyage-2-tout-ce-que-vous-devez-savoir\/#primaryimage"},"image":{"@id":"https:\/\/voyage-aventure.com\/blog\/a-la-une\/le-prix-de-the-balm-voyage-2-tout-ce-que-vous-devez-savoir\/#primaryimage"},"thumbnailUrl":"https:\/\/voyage-aventure.com\/blog\/wp-content\/uploads\/2025\/03\/sdxl-d8809af178a3906435755b95fa2ab4a5.png","datePublished":"2025-03-04T18:49:00+00:00","description":"The Balm Voyage 2 pourrait bien \u00eatre la solution id\u00e9ale. Ce produit, tr\u00e8s pris\u00e9 pour sa polyvalence, attire l'attention des amateurs de beaut\u00e9. Mais quel","inLanguage":"fr-FR","potentialAction":[{"@type":"ReadAction","target":["https:\/\/voyage-aventure.com\/blog\/a-la-une\/le-prix-de-the-balm-voyage-2-tout-ce-que-vous-devez-savoir\/"]}]},{"@type":"ImageObject","inLanguage":"fr-FR","@id":"https:\/\/voyage-aventure.com\/blog\/a-la-une\/le-prix-de-the-balm-voyage-2-tout-ce-que-vous-devez-savoir\/#primaryimage","url":"https:\/\/voyage-aventure.com\/blog\/wp-content\/uploads\/2025\/03\/sdxl-d8809af178a3906435755b95fa2ab4a5.png","contentUrl":"https:\/\/voyage-aventure.com\/blog\/wp-content\/uploads\/2025\/03\/sdxl-d8809af178a3906435755b95fa2ab4a5.png","width":1536,"height":640},{"@type":"WebSite","@id":"https:\/\/voyage-aventure.com\/blog\/#website","url":"https:\/\/voyage-aventure.com\/blog\/","name":"voyage-aventure.com","description":"Votre passeport pour l\u2019inattendu.","publisher":{"@id":"https:\/\/voyage-aventure.com\/blog\/#organization"},"alternateName":"Votre passeport pour l\u2019inattendu.","potentialAction":[{"@type":"SearchAction","target":{"@type":"EntryPoint","urlTemplate":"https:\/\/voyage-aventure.com\/blog\/?s={search_term_string}"},"query-input":{"@type":"PropertyValueSpecification","valueRequired":true,"valueName":"search_term_string"}}],"inLanguage":"fr-FR"},{"@type":"Organization","@id":"https:\/\/voyage-aventure.com\/blog\/#organization","name":"Foretsensations.fr","url":"https:\/\/voyage-aventure.com\/blog\/","logo":{"@type":"ImageObject","inLanguage":"fr-FR","@id":"https:\/\/voyage-aventure.com\/blog\/#\/schema\/logo\/image\/","url":"https:\/\/voyage-aventure.com\/blog\/wp-content\/uploads\/2024\/12\/19.png","contentUrl":"https:\/\/voyage-aventure.com\/blog\/wp-content\/uploads\/2024\/12\/19.png","width":512,"height":512,"caption":"Foretsensations.fr"},"image":{"@id":"https:\/\/voyage-aventure.com\/blog\/#\/schema\/logo\/image\/"}},{"@type":"Person","@id":"https:\/\/voyage-aventure.com\/blog\/#\/schema\/person\/3c864cdc320801e3db34b663e7e3f816","name":"Camille Rouvray","image":{"@type":"ImageObject","inLanguage":"fr-FR","@id":"https:\/\/voyage-aventure.com\/blog\/#\/schema\/person\/image\/","url":"https:\/\/voyage-aventure.com\/blog\/wp-content\/uploads\/2026\/06\/persona_camille-r-96x96.jpg","contentUrl":"https:\/\/voyage-aventure.com\/blog\/wp-content\/uploads\/2026\/06\/persona_camille-r-96x96.jpg","caption":"Camille Rouvray"},"description":"Je voyage et j'\u00e9cris sur le voyage depuis une douzaine d'ann\u00e9es, d'abord en tant que routarde au long cours, puis comme r\u00e9dactrice sp\u00e9cialis\u00e9e. Mon terrain de pr\u00e9dilection, ce sont les circuits organis\u00e9s et l'art de bien pr\u00e9parer un itin\u00e9raire : choix de la saison, dur\u00e9e r\u00e9aliste des \u00e9tapes, budget jour par jour, logement et transport sur place. J'aime aussi raconter les p\u00e9pites urbaines, ces adresses qu'on ne trouve pas dans les guides classiques. Avant de publier un dossier destination, je croise toujours plusieurs sources, je v\u00e9rifie les tarifs et les formalit\u00e9s d'entr\u00e9e \u00e0 jour, et je teste moi-m\u00eame quand je le peux. Mon angle reste pratique avant tout : aider le lecteur \u00e0 partir l'esprit tranquille, sans mauvaise surprise une fois sur place. Je m'attache \u00e0 distinguer le coup de c\u0153ur sinc\u00e8re du simple argument marketing.","sameAs":["https:\/\/camillerouvray.fr\/"],"url":"https:\/\/voyage-aventure.com\/blog\/auteur\/noname\/"}]}},"_links":{"self":[{"href":"https:\/\/voyage-aventure.com\/blog\/wp-json\/wp\/v2\/posts\/8393","targetHints":{"allow":["GET"]}}],"collection":[{"href":"https:\/\/voyage-aventure.com\/blog\/wp-json\/wp\/v2\/posts"}],"about":[{"href":"https:\/\/voyage-aventure.com\/blog\/wp-json\/wp\/v2\/types\/post"}],"author":[{"embeddable":true,"href":"https:\/\/voyage-aventure.com\/blog\/wp-json\/wp\/v2\/users\/34"}],"replies":[{"embeddable":true,"href":"https:\/\/voyage-aventure.com\/blog\/wp-json\/wp\/v2\/comments?post=8393"}],"version-history":[{"count":1,"href":"https:\/\/voyage-aventure.com\/blog\/wp-json\/wp\/v2\/posts\/8393\/revisions"}],"predecessor-version":[{"id":14253,"href":"https:\/\/voyage-aventure.com\/blog\/wp-json\/wp\/v2\/posts\/8393\/revisions\/14253"}],"wp:featuredmedia":[{"embeddable":true,"href":"https:\/\/voyage-aventure.com\/blog\/wp-json\/wp\/v2\/media\/14258"}],"wp:attachment":[{"href":"https:\/\/voyage-aventure.com\/blog\/wp-json\/wp\/v2\/media?parent=8393"}],"wp:term":[{"taxonomy":"category","embeddable":true,"href":"https:\/\/voyage-aventure.com\/blog\/wp-json\/wp\/v2\/categories?post=8393"},{"taxonomy":"post_tag","embeddable":true,"href":"https:\/\/voyage-aventure.com\/blog\/wp-json\/wp\/v2\/tags?post=8393"}],"curies":[{"name":"wp","href":"https:\/\/api.w.org\/{rel}","templated":true}]}}