{"id":8374,"date":"2026-06-16T16:11:36","date_gmt":"2026-06-16T14:11:36","guid":{"rendered":"https:\/\/voyage-aventure.com\/blog\/?p=8374"},"modified":"2026-06-16T16:11:36","modified_gmt":"2026-06-16T14:11:36","slug":"poesie-et-voyage-une-exploration-emotionnelle-a-travers-les-vers","status":"publish","type":"post","link":"https:\/\/voyage-aventure.com\/blog\/a-la-une\/poesie-et-voyage-une-exploration-emotionnelle-a-travers-les-vers\/","title":{"rendered":"Po\u00e9sie et Voyage : Une Exploration \u00c9motionnelle \u00e0 Travers les Vers"},"content":{"rendered":"<link rel=\"stylesheet\" href=\"https:\/\/fonts.googleapis.com\/css2?family=Space+Grotesk:wght@500;600;700&#038;family=Inter:wght@400;500;600&#038;family=JetBrains+Mono:wght@500&#038;display=swap\">\n<style>\n.va-gen-wrap{font-family:'Inter',-apple-system,sans-serif;color:#2a2723;line-height:1.68;font-size:17px;max-width:760px;margin:0 auto}\n.va-gen-wrap h2{font-family:'Space Grotesk','Inter',sans-serif;font-weight:700;font-size:clamp(24px,3.2vw,33px);line-height:1.2;letter-spacing:-.01em;color:#1d1a16;margin:48px 0 18px}\n.va-gen-wrap h3{font-family:'Space Grotesk','Inter',sans-serif;font-weight:600;font-size:clamp(19px,2.4vw,23px);color:#1d1a16;margin:34px 0 14px}\n.va-gen-wrap p{margin:0 0 18px}\n.va-gen-kicker{font-family:'JetBrains Mono',monospace;font-size:12px;font-weight:500;letter-spacing:.16em;text-transform:uppercase;color:#b06a3b;margin:0 0 10px}\n.va-gen-lead{font-size:20px;line-height:1.55;color:#3a352f}\n.va-gen-answer{background:#fbf3ec;border-left:5px solid #b06a3b;border-radius:0 12px 12px 0;padding:22px 26px;margin:26px 0 32px;box-shadow:0 1px 2px rgba(40,30,20,.05),0 14px 30px -20px rgba(40,30,20,.25)}\n.va-gen-answer .va-gen-atitle{font-family:'Space Grotesk',sans-serif;font-weight:700;font-size:18px;color:#1d1a16;margin-bottom:8px}\n.va-gen-answer .va-gen-txt{color:#3a352f}\n.va-gen-grid{display:grid;grid-template-columns:repeat(auto-fit,minmax(220px,1fr));gap:22px;margin:30px 0}\n.va-gen-card{background:#fff;border:1px solid #ece4da;border-top:3px solid #b06a3b;border-radius:12px;padding:24px;transition:.25s ease;box-shadow:0 1px 2px rgba(40,30,20,.05),0 12px 28px -18px rgba(40,30,20,.2)}\n.va-gen-card:hover{transform:translateY(-3px);box-shadow:0 1px 2px rgba(40,30,20,.06),0 20px 36px -18px rgba(40,30,20,.3);border-top-color:#8f4f26}\n.va-gen-card .va-gen-cnum{font-family:'JetBrains Mono',monospace;font-size:12px;color:#b06a3b;letter-spacing:.1em;margin-bottom:8px}\n.va-gen-card .va-gen-ctitle{font-family:'Space Grotesk',sans-serif;font-weight:600;font-size:18px;color:#1d1a16;margin-bottom:8px}\n.va-gen-card .va-gen-txt{font-size:15.5px;color:#4a443c;line-height:1.6}\n.va-gen-quote{font-family:'Space Grotesk',sans-serif;font-weight:500;font-size:clamp(20px,2.8vw,26px);line-height:1.4;color:#1d1a16;border-left:4px solid #b06a3b;padding:6px 0 6px 24px;margin:36px 0;font-style:italic}\n.va-gen-table-wrap{border-radius:12px;overflow:hidden;border:1px solid #ece4da;margin:28px 0;box-shadow:0 12px 28px -20px rgba(40,30,20,.25)}\n.va-gen-table-wrap table{width:100%;border-collapse:collapse;font-size:15.5px}\n.va-gen-table-wrap th{background:#1d1a16;color:#f7efe6;font-family:'Space Grotesk',sans-serif;font-weight:600;text-align:left;padding:13px 16px;font-size:14px;letter-spacing:.02em}\n.va-gen-table-wrap td{padding:12px 16px;border-top:1px solid #ece4da;color:#3a352f}\n.va-gen-table-wrap tr:nth-child(even) td{background:#fbf6f0}\n.va-gen-tips{list-style:none;padding:0;margin:22px 0}\n.va-gen-tips li{position:relative;padding:12px 0 12px 34px;border-bottom:1px solid #f0e9e0;font-size:16px;color:#3a352f}\n.va-gen-tips li:last-child{border-bottom:0}\n.va-gen-tips li::before{content:\"\u2726\";position:absolute;left:6px;top:11px;color:#b06a3b;font-size:16px}\n.va-gen-tips li strong{color:#1d1a16}\n.va-gen-faq{margin:28px 0}\n.va-gen-faq details{background:#fff;border:1px solid #ece4da;border-radius:10px;margin-bottom:12px;padding:0 20px;transition:.2s ease}\n.va-gen-faq details[open]{border-color:#d8b89c;box-shadow:0 12px 28px -20px rgba(40,30,20,.3)}\n.va-gen-faq summary{font-family:'Space Grotesk',sans-serif;font-weight:600;font-size:16.5px;color:#1d1a16;cursor:pointer;padding:16px 0;list-style:none}\n.va-gen-faq summary::-webkit-details-marker{display:none}\n.va-gen-faq summary::before{content:\"+\";color:#b06a3b;font-weight:700;margin-right:12px;font-size:19px}\n.va-gen-faq details[open] summary::before{content:\"\u2013\"}\n.va-gen-faq .va-gen-fa{padding:0 0 18px;color:#4a443c;font-size:15.5px;line-height:1.6}\n\/*RENDERFIX2*\/.va-gen-table-wrap th{color:#eef3f9!important}.va-gen-table-wrap th p,.va-gen-table-wrap th li,.va-gen-table-wrap th strong,.va-gen-table-wrap th em,.va-gen-table-wrap th a,.va-gen-table-wrap th span,.va-gen-table-wrap th b,.va-gen-table-wrap th td,.va-gen-table-wrap th th,.va-gen-table-wrap th h2,.va-gen-table-wrap th h3,.va-gen-table-wrap th h4{color:#eef3f9!important}.va-gen-table-wrap th strong,.va-gen-table-wrap th b{color:#ffffff!important}<\/style>\n<div class=\"va-gen-wrap\">\n<div class=\"va-gen-kicker\">\u00c9motions \u00b7 Litt\u00e9rature \u00b7 Voyage<\/div>\n<p class=\"va-gen-lead\">La po\u00e9sie et le voyage partagent une m\u00eame promesse : ouvrir les sens, d\u00e9placer le regard et transformer celui qui s&rsquo;y abandonne. L&rsquo;une se d\u00e9ploie dans les mots, l&rsquo;autre dans les paysages \u2014 mais tous deux racontent l&rsquo;\u00e9vasion.<\/p>\n<div class=\"va-gen-answer\">\n<div class=\"va-gen-atitle\">\u00c0 retenir<\/div>\n<div class=\"va-gen-txt\">Le voyage nourrit la po\u00e9sie en offrant aux po\u00e8tes de nouveaux horizons, des cultures et des \u00e9motions \u00e0 transcrire. En retour, les mots fa\u00e7onnent notre perception des lieux : une plage devient r\u00eave, un march\u00e9 devient une symphonie de sens. Int\u00e9grer l&rsquo;\u00e9criture po\u00e9tique \u00e0 ses voyages, en notant ses impressions et en explorant la po\u00e9sie locale, transforme chaque d\u00e9placement en une exploration \u00e9motionnelle plus profonde.<\/div>\n<\/div>\n<h2>Introduction<\/h2>\n<p>Chacune de ces pratiques invite \u00e0 la d\u00e9couverte, \u00e0 la r\u00e9flexion et \u00e0 l&rsquo;\u00e9vasion. Que ce soit \u00e0 travers les mots d&rsquo;un po\u00e8me ou les paysages d&rsquo;un pays lointain, ces deux univers se nourrissent mutuellement. Mais en quoi la po\u00e9sie enrichit-elle notre exp\u00e9rience de voyage ? Cet article se penche sur ce lien fascinant.<\/p>\n<h2>Le voyage comme inspiration po\u00e9tique<\/h2>\n<p>Les po\u00e8tes, de Baudelaire \u00e0 Kavafis, ont souvent trouv\u00e9 leur muse dans le voyage. La d\u00e9couverte de nouveaux horizons, de cultures diff\u00e9rentes et de paysages vari\u00e9s stimule leur cr\u00e9ativit\u00e9. Par exemple, dans \u00ab Les Fleurs du mal \u00bb, Baudelaire \u00e9voque le voyage comme un moyen d&rsquo;\u00e9vasion et de transformation personnelle.<\/p>\n<blockquote class=\"wp-embedded-content\" data-secret=\"zCakbrdCsh\"><p><a href=\"https:\/\/voyage-aventure.com\/blog\/a-la-une\/decouvrez-la-capitale-europeenne-la-plus-abordable-et-ses-tresors-caches\/\">D\u00e9couvrez la capitale europ\u00e9enne la plus abordable et ses tr\u00e9sors cach\u00e9s<\/a><\/p><\/blockquote>\n<p><iframe loading=\"lazy\" class=\"wp-embedded-content\" sandbox=\"allow-scripts\" security=\"restricted\" style=\"position: absolute; visibility: hidden;\" title=\"\u00ab\u00a0D\u00e9couvrez la capitale europ\u00e9enne la plus abordable et ses tr\u00e9sors cach\u00e9s\u00a0\u00bb &#8212; voyage-aventure\" src=\"https:\/\/voyage-aventure.com\/blog\/a-la-une\/decouvrez-la-capitale-europeenne-la-plus-abordable-et-ses-tresors-caches\/embed\/#?secret=8jbI2hKdrS#?secret=zCakbrdCsh\" data-secret=\"zCakbrdCsh\" width=\"600\" height=\"338\" frameborder=\"0\" marginwidth=\"0\" marginheight=\"0\" scrolling=\"no\"><\/iframe><\/p>\n<p>Voyager, c&rsquo;est aussi se confronter \u00e0 l&rsquo;inconnu. Cette confrontation g\u00e9n\u00e8re des \u00e9motions puissantes. En effet, chaque destination offre une palette de sensations et d&rsquo;impressions qui peuvent se traduire en mots. Comment ces exp\u00e9riences se manifestent-elles dans l&rsquo;\u00e9criture po\u00e9tique ? Les paysages c\u00f4tiers, les montagnes majestueuses ou les ruelles anim\u00e9es des villes deviennent des personnages \u00e0 part enti\u00e8re dans les vers des po\u00e8tes.<\/p>\n<div class=\"va-gen-quote\">Chaque destination offre une palette de sensations et d&rsquo;impressions qui peuvent se traduire en mots \u2014 et les paysages travers\u00e9s deviennent des personnages \u00e0 part enti\u00e8re dans les vers des po\u00e8tes.<\/div>\n<h2>L&rsquo;impact des mots sur notre perception du monde<\/h2>\n<p>Les mots ont le pouvoir de fa\u00e7onner notre perception. Une description po\u00e9tique d&rsquo;un lieu peut transformer notre mani\u00e8re de le vivre. Par exemple, une simple plage peut devenir un espace de r\u00eave lorsqu&rsquo;elle est d\u00e9crite avec lyrisme. Ce pouvoir d&rsquo;\u00e9vocation rend la po\u00e9sie essentielle dans le cadre d&rsquo;un voyage.<\/p>\n<blockquote class=\"wp-embedded-content\" data-secret=\"O0ECOf5Odb\"><p><a href=\"https:\/\/voyage-aventure.com\/blog\/a-la-une\/les-accessoires-de-voyage-indispensables-pour-un-sejour-au-vietnam\/\">Les accessoires de voyage indispensables pour un s\u00e9jour au Vietnam<\/a><\/p><\/blockquote>\n<p><iframe loading=\"lazy\" class=\"wp-embedded-content\" sandbox=\"allow-scripts\" security=\"restricted\" style=\"position: absolute; visibility: hidden;\" title=\"\u00ab\u00a0Les accessoires de voyage indispensables pour un s\u00e9jour au Vietnam\u00a0\u00bb &#8212; voyage-aventure\" src=\"https:\/\/voyage-aventure.com\/blog\/a-la-une\/les-accessoires-de-voyage-indispensables-pour-un-sejour-au-vietnam\/embed\/#?secret=dXUF1nAmYj#?secret=O0ECOf5Odb\" data-secret=\"O0ECOf5Odb\" width=\"600\" height=\"338\" frameborder=\"0\" marginwidth=\"0\" marginheight=\"0\" scrolling=\"no\"><\/iframe><\/p>\n<p>Les po\u00e8tes nous invitent \u00e0 voir au-del\u00e0 du visible. Ils nous encouragent \u00e0 ressentir et \u00e0 explorer des \u00e9motions souvent n\u00e9glig\u00e9es dans notre quotidien. Un po\u00e8me sur un march\u00e9 local peut transmettre l&rsquo;odeur des \u00e9pices, le bruit des rires et la chaleur du soleil, rendant l&rsquo;exp\u00e9rience de voyage encore plus immersive.<\/p>\n<h2>Cr\u00e9er un lien entre po\u00e9sie et voyage<\/h2>\n<p>Pour ceux qui souhaitent int\u00e9grer la po\u00e9sie dans leur voyage, voici quelques pistes concr\u00e8tes pour transformer l&rsquo;observation en \u00e9criture.<\/p>\n<div class=\"va-gen-grid\">\n<div class=\"va-gen-card\">\n<div class=\"va-gen-cnum\">01<\/div>\n<div class=\"va-gen-ctitle\">\u00c9crire chaque jour<\/div>\n<div class=\"va-gen-txt\">Prenez quelques minutes chaque jour pour coucher vos pens\u00e9es sur le papier. Ce rituel vous aide \u00e0 capturer l&rsquo;essence de votre aventure, avant que le souvenir ne s&rsquo;efface.<\/div>\n<\/div>\n<div class=\"va-gen-card\">\n<div class=\"va-gen-cnum\">02<\/div>\n<div class=\"va-gen-ctitle\">Lire des po\u00e8mes locaux<\/div>\n<div class=\"va-gen-txt\">Avant de partir, explorez la po\u00e9sie de la destination. Cette lecture enrichit votre compr\u00e9hension culturelle et donne une r\u00e9sonance nouvelle aux lieux travers\u00e9s.<\/div>\n<\/div>\n<div class=\"va-gen-card\">\n<div class=\"va-gen-cnum\">03<\/div>\n<div class=\"va-gen-ctitle\">Utiliser les sens<\/div>\n<div class=\"va-gen-txt\">Lorsque vous \u00e9crivez, concentrez-vous sur vos sens. Que voyez-vous ? Que sentez-vous ? Ces d\u00e9tails rendent vos \u00e9crits plus vibrants et plus fid\u00e8les \u00e0 l&rsquo;instant v\u00e9cu.<\/div>\n<\/div>\n<\/div>\n<h2>Tableau r\u00e9capitulatif : Po\u00e8tes c\u00e9l\u00e8bres et leurs voyages<\/h2>\n<div class=\"va-gen-table-wrap\">\n<table>\n<tr>\n<th>Po\u00e8te<\/th>\n<th>Destination<\/th>\n<th>\u0152uvre inspir\u00e9e<\/th>\n<\/tr>\n<tr>\n<td>Charles Baudelaire<\/td>\n<td>Paris<\/td>\n<td>Les Fleurs du mal<\/td>\n<\/tr>\n<tr>\n<td>Constantin Cavafis<\/td>\n<td>Alexandrie<\/td>\n<td>Dans la ville<\/td>\n<\/tr>\n<tr>\n<td>Paul Verlaine<\/td>\n<td>Belgique<\/td>\n<td>Romances sans paroles<\/td>\n<\/tr>\n<\/table>\n<\/div>\n<h2>Conclusion : La po\u00e9sie comme guide de voyage<\/h2>\n<p>La po\u00e9sie, \u00e0 travers ses mots, r\u00e9v\u00e8le les myst\u00e8res du monde et enrichit notre exp\u00e9rience de voyage. Elle nous pousse \u00e0 voir au-del\u00e0 du tangible, \u00e0 ressentir et \u00e0 vivre pleinement chaque instant. En int\u00e9grant la po\u00e9sie dans nos aventures, nous cr\u00e9ons un lien profond avec les lieux visit\u00e9s, transformant chaque voyage en un po\u00e8me inachev\u00e9.<\/p>\n<h3>FAQ<\/h3>\n<div class=\"va-gen-faq\">\n<details>\n<summary>Quelle est l&rsquo;importance de la po\u00e9sie dans le voyage ?<\/summary>\n<div class=\"va-gen-fa\">Elle permet de capturer et d&rsquo;intensifier les \u00e9motions li\u00e9es \u00e0 l&rsquo;exp\u00e9rience de voyage, en donnant une forme durable aux impressions fugaces.<\/div>\n<\/details>\n<details>\n<summary>Comment \u00e9crire des po\u00e8mes pendant un voyage ?<\/summary>\n<div class=\"va-gen-fa\">Prendre des notes r\u00e9guli\u00e8res sur vos impressions et vos \u00e9motions peut aider \u00e0 cr\u00e9er des po\u00e8mes inspir\u00e9s, fid\u00e8les \u00e0 l&rsquo;instant et au lieu.<\/div>\n<\/details>\n<details>\n<summary>Quels po\u00e8tes c\u00e9l\u00e8bres ont voyag\u00e9 ?<\/summary>\n<div class=\"va-gen-fa\">Des po\u00e8tes comme Baudelaire et Cavafis se sont inspir\u00e9s de leurs voyages pour \u00e9crire des \u0153uvres m\u00e9morables.<\/div>\n<\/details>\n<details>\n<summary>La po\u00e9sie peut-elle enrichir ma perception des lieux ?<\/summary>\n<div class=\"va-gen-fa\">Oui, elle offre une nouvelle perspective et une sensibilit\u00e9 accrue envers les lieux que vous visitez.<\/div>\n<\/details>\n<\/div>\n<\/div>\n","protected":false},"excerpt":{"rendered":"","protected":false},"author":34,"featured_media":14218,"comment_status":"open","ping_status":"open","sticky":false,"template":"","format":"standard","meta":{"_acf_changed":false,"manual_indexmenow":false,"indexmenow_id_project":0,"footnotes":""},"categories":[1],"tags":[4196,4814,3800,4891,4839,4635],"class_list":["post-8374","post","type-post","status-publish","format-standard","has-post-thumbnail","hentry","category-a-la-une","tag-cultures","tag-ecriture","tag-emotions","tag-inspiration","tag-poesie","tag-voyage","generate-columns","tablet-grid-50","mobile-grid-100","grid-parent","grid-25"],"acf":[],"yoast_head":"<!-- This site is optimized with the Yoast SEO Premium plugin v21.3 (Yoast SEO v25.1) - https:\/\/yoast.com\/wordpress\/plugins\/seo\/ -->\n<title>Po\u00e9sie et Voyage : Une Exploration \u00c9motionnelle \u00e0 Travers<\/title>\n<meta name=\"description\" content=\"La po\u00e9sie et le voyage partagent une m\u00eame promesse : ouvrir les sens, d\u00e9placer le regard et transformer celui qui s&#039;y abandonne. L&#039;une se d\u00e9ploie dans les\" \/>\n<meta name=\"robots\" content=\"index, follow, max-snippet:-1, max-image-preview:large, max-video-preview:-1\" \/>\n<link rel=\"canonical\" href=\"https:\/\/voyage-aventure.com\/blog\/a-la-une\/poesie-et-voyage-une-exploration-emotionnelle-a-travers-les-vers\/\" \/>\n<meta property=\"og:locale\" content=\"fr_FR\" \/>\n<meta property=\"og:type\" content=\"article\" \/>\n<meta property=\"og:title\" content=\"Po\u00e9sie et Voyage : Une Exploration \u00c9motionnelle \u00e0 Travers\" \/>\n<meta property=\"og:description\" content=\"La po\u00e9sie et le voyage partagent une m\u00eame promesse : ouvrir les sens, d\u00e9placer le regard et transformer celui qui s&#039;y abandonne. L&#039;une se d\u00e9ploie dans les\" \/>\n<meta property=\"og:url\" content=\"https:\/\/voyage-aventure.com\/blog\/a-la-une\/poesie-et-voyage-une-exploration-emotionnelle-a-travers-les-vers\/\" \/>\n<meta property=\"og:site_name\" content=\"voyage-aventure\" \/>\n<meta property=\"og:image\" content=\"https:\/\/voyage-aventure.com\/blog\/wp-content\/uploads\/2025\/03\/sdxl-68ed1acede8ac15311b939752f63008e.png\" \/>\n\t<meta property=\"og:image:width\" content=\"1536\" \/>\n\t<meta property=\"og:image:height\" content=\"640\" \/>\n\t<meta property=\"og:image:type\" content=\"image\/png\" \/>\n<meta name=\"author\" content=\"Camille Rouvray\" \/>\n<meta name=\"twitter:card\" content=\"summary_large_image\" \/>\n<script type=\"application\/ld+json\" class=\"yoast-schema-graph\">{\"@context\":\"https:\/\/schema.org\",\"@graph\":[{\"@type\":\"NewsArticle\",\"@id\":\"https:\/\/voyage-aventure.com\/blog\/a-la-une\/poesie-et-voyage-une-exploration-emotionnelle-a-travers-les-vers\/#article\",\"isPartOf\":{\"@id\":\"https:\/\/voyage-aventure.com\/blog\/a-la-une\/poesie-et-voyage-une-exploration-emotionnelle-a-travers-les-vers\/\"},\"author\":{\"name\":\"Camille Rouvray\",\"@id\":\"https:\/\/voyage-aventure.com\/blog\/#\/schema\/person\/3c864cdc320801e3db34b663e7e3f816\"},\"headline\":\"Po\u00e9sie et Voyage : Une Exploration \u00c9motionnelle \u00e0 Travers les Vers\",\"datePublished\":\"2026-06-16T14:11:36+00:00\",\"mainEntityOfPage\":{\"@id\":\"https:\/\/voyage-aventure.com\/blog\/a-la-une\/poesie-et-voyage-une-exploration-emotionnelle-a-travers-les-vers\/\"},\"wordCount\":844,\"commentCount\":18,\"publisher\":{\"@id\":\"https:\/\/voyage-aventure.com\/blog\/#organization\"},\"image\":{\"@id\":\"https:\/\/voyage-aventure.com\/blog\/a-la-une\/poesie-et-voyage-une-exploration-emotionnelle-a-travers-les-vers\/#primaryimage\"},\"thumbnailUrl\":\"https:\/\/voyage-aventure.com\/blog\/wp-content\/uploads\/2025\/03\/sdxl-68ed1acede8ac15311b939752f63008e.png\",\"keywords\":[\"Cultures\",\"\u00c9criture\",\"\u00c9motions\",\"Inspiration\",\"Po\u00e9sie\",\"Voyage\"],\"articleSection\":[\"\u00c0 la une\"],\"inLanguage\":\"fr-FR\",\"potentialAction\":[{\"@type\":\"CommentAction\",\"name\":\"Comment\",\"target\":[\"https:\/\/voyage-aventure.com\/blog\/a-la-une\/poesie-et-voyage-une-exploration-emotionnelle-a-travers-les-vers\/#respond\"]}]},{\"@type\":\"WebPage\",\"@id\":\"https:\/\/voyage-aventure.com\/blog\/a-la-une\/poesie-et-voyage-une-exploration-emotionnelle-a-travers-les-vers\/\",\"url\":\"https:\/\/voyage-aventure.com\/blog\/a-la-une\/poesie-et-voyage-une-exploration-emotionnelle-a-travers-les-vers\/\",\"name\":\"Po\u00e9sie et Voyage : Une Exploration \u00c9motionnelle \u00e0 Travers\",\"isPartOf\":{\"@id\":\"https:\/\/voyage-aventure.com\/blog\/#website\"},\"primaryImageOfPage\":{\"@id\":\"https:\/\/voyage-aventure.com\/blog\/a-la-une\/poesie-et-voyage-une-exploration-emotionnelle-a-travers-les-vers\/#primaryimage\"},\"image\":{\"@id\":\"https:\/\/voyage-aventure.com\/blog\/a-la-une\/poesie-et-voyage-une-exploration-emotionnelle-a-travers-les-vers\/#primaryimage\"},\"thumbnailUrl\":\"https:\/\/voyage-aventure.com\/blog\/wp-content\/uploads\/2025\/03\/sdxl-68ed1acede8ac15311b939752f63008e.png\",\"datePublished\":\"2026-06-16T14:11:36+00:00\",\"description\":\"La po\u00e9sie et le voyage partagent une m\u00eame promesse : ouvrir les sens, d\u00e9placer le regard et transformer celui qui s'y abandonne. L'une se d\u00e9ploie dans les\",\"inLanguage\":\"fr-FR\",\"potentialAction\":[{\"@type\":\"ReadAction\",\"target\":[\"https:\/\/voyage-aventure.com\/blog\/a-la-une\/poesie-et-voyage-une-exploration-emotionnelle-a-travers-les-vers\/\"]}]},{\"@type\":\"ImageObject\",\"inLanguage\":\"fr-FR\",\"@id\":\"https:\/\/voyage-aventure.com\/blog\/a-la-une\/poesie-et-voyage-une-exploration-emotionnelle-a-travers-les-vers\/#primaryimage\",\"url\":\"https:\/\/voyage-aventure.com\/blog\/wp-content\/uploads\/2025\/03\/sdxl-68ed1acede8ac15311b939752f63008e.png\",\"contentUrl\":\"https:\/\/voyage-aventure.com\/blog\/wp-content\/uploads\/2025\/03\/sdxl-68ed1acede8ac15311b939752f63008e.png\",\"width\":1536,\"height\":640},{\"@type\":\"WebSite\",\"@id\":\"https:\/\/voyage-aventure.com\/blog\/#website\",\"url\":\"https:\/\/voyage-aventure.com\/blog\/\",\"name\":\"voyage-aventure.com\",\"description\":\"Votre passeport pour l\u2019inattendu.\",\"publisher\":{\"@id\":\"https:\/\/voyage-aventure.com\/blog\/#organization\"},\"alternateName\":\"Votre passeport pour l\u2019inattendu.\",\"potentialAction\":[{\"@type\":\"SearchAction\",\"target\":{\"@type\":\"EntryPoint\",\"urlTemplate\":\"https:\/\/voyage-aventure.com\/blog\/?s={search_term_string}\"},\"query-input\":{\"@type\":\"PropertyValueSpecification\",\"valueRequired\":true,\"valueName\":\"search_term_string\"}}],\"inLanguage\":\"fr-FR\"},{\"@type\":\"Organization\",\"@id\":\"https:\/\/voyage-aventure.com\/blog\/#organization\",\"name\":\"Foretsensations.fr\",\"url\":\"https:\/\/voyage-aventure.com\/blog\/\",\"logo\":{\"@type\":\"ImageObject\",\"inLanguage\":\"fr-FR\",\"@id\":\"https:\/\/voyage-aventure.com\/blog\/#\/schema\/logo\/image\/\",\"url\":\"https:\/\/voyage-aventure.com\/blog\/wp-content\/uploads\/2024\/12\/19.png\",\"contentUrl\":\"https:\/\/voyage-aventure.com\/blog\/wp-content\/uploads\/2024\/12\/19.png\",\"width\":512,\"height\":512,\"caption\":\"Foretsensations.fr\"},\"image\":{\"@id\":\"https:\/\/voyage-aventure.com\/blog\/#\/schema\/logo\/image\/\"}},{\"@type\":\"Person\",\"@id\":\"https:\/\/voyage-aventure.com\/blog\/#\/schema\/person\/3c864cdc320801e3db34b663e7e3f816\",\"name\":\"Camille Rouvray\",\"image\":{\"@type\":\"ImageObject\",\"inLanguage\":\"fr-FR\",\"@id\":\"https:\/\/voyage-aventure.com\/blog\/#\/schema\/person\/image\/\",\"url\":\"https:\/\/voyage-aventure.com\/blog\/wp-content\/uploads\/2026\/06\/persona_camille-r-96x96.jpg\",\"contentUrl\":\"https:\/\/voyage-aventure.com\/blog\/wp-content\/uploads\/2026\/06\/persona_camille-r-96x96.jpg\",\"caption\":\"Camille Rouvray\"},\"description\":\"Je voyage et j'\u00e9cris sur le voyage depuis une douzaine d'ann\u00e9es, d'abord en tant que routarde au long cours, puis comme r\u00e9dactrice sp\u00e9cialis\u00e9e. Mon terrain de pr\u00e9dilection, ce sont les circuits organis\u00e9s et l'art de bien pr\u00e9parer un itin\u00e9raire : choix de la saison, dur\u00e9e r\u00e9aliste des \u00e9tapes, budget jour par jour, logement et transport sur place. J'aime aussi raconter les p\u00e9pites urbaines, ces adresses qu'on ne trouve pas dans les guides classiques. Avant de publier un dossier destination, je croise toujours plusieurs sources, je v\u00e9rifie les tarifs et les formalit\u00e9s d'entr\u00e9e \u00e0 jour, et je teste moi-m\u00eame quand je le peux. Mon angle reste pratique avant tout : aider le lecteur \u00e0 partir l'esprit tranquille, sans mauvaise surprise une fois sur place. Je m'attache \u00e0 distinguer le coup de c\u0153ur sinc\u00e8re du simple argument marketing.\",\"sameAs\":[\"https:\/\/camillerouvray.fr\/\"],\"url\":\"https:\/\/voyage-aventure.com\/blog\/auteur\/noname\/\"}]}<\/script>\n<!-- \/ Yoast SEO Premium plugin. -->","yoast_head_json":{"title":"Po\u00e9sie et Voyage : Une Exploration \u00c9motionnelle \u00e0 Travers","description":"La po\u00e9sie et le voyage partagent une m\u00eame promesse : ouvrir les sens, d\u00e9placer le regard et transformer celui qui s'y abandonne. L'une se d\u00e9ploie dans les","robots":{"index":"index","follow":"follow","max-snippet":"max-snippet:-1","max-image-preview":"max-image-preview:large","max-video-preview":"max-video-preview:-1"},"canonical":"https:\/\/voyage-aventure.com\/blog\/a-la-une\/poesie-et-voyage-une-exploration-emotionnelle-a-travers-les-vers\/","og_locale":"fr_FR","og_type":"article","og_title":"Po\u00e9sie et Voyage : Une Exploration \u00c9motionnelle \u00e0 Travers","og_description":"La po\u00e9sie et le voyage partagent une m\u00eame promesse : ouvrir les sens, d\u00e9placer le regard et transformer celui qui s'y abandonne. L'une se d\u00e9ploie dans les","og_url":"https:\/\/voyage-aventure.com\/blog\/a-la-une\/poesie-et-voyage-une-exploration-emotionnelle-a-travers-les-vers\/","og_site_name":"voyage-aventure","og_image":[{"width":1536,"height":640,"url":"https:\/\/voyage-aventure.com\/blog\/wp-content\/uploads\/2025\/03\/sdxl-68ed1acede8ac15311b939752f63008e.png","type":"image\/png"}],"author":"Camille Rouvray","twitter_card":"summary_large_image","schema":{"@context":"https:\/\/schema.org","@graph":[{"@type":"NewsArticle","@id":"https:\/\/voyage-aventure.com\/blog\/a-la-une\/poesie-et-voyage-une-exploration-emotionnelle-a-travers-les-vers\/#article","isPartOf":{"@id":"https:\/\/voyage-aventure.com\/blog\/a-la-une\/poesie-et-voyage-une-exploration-emotionnelle-a-travers-les-vers\/"},"author":{"name":"Camille Rouvray","@id":"https:\/\/voyage-aventure.com\/blog\/#\/schema\/person\/3c864cdc320801e3db34b663e7e3f816"},"headline":"Po\u00e9sie et Voyage : Une Exploration \u00c9motionnelle \u00e0 Travers les Vers","datePublished":"2026-06-16T14:11:36+00:00","mainEntityOfPage":{"@id":"https:\/\/voyage-aventure.com\/blog\/a-la-une\/poesie-et-voyage-une-exploration-emotionnelle-a-travers-les-vers\/"},"wordCount":844,"commentCount":18,"publisher":{"@id":"https:\/\/voyage-aventure.com\/blog\/#organization"},"image":{"@id":"https:\/\/voyage-aventure.com\/blog\/a-la-une\/poesie-et-voyage-une-exploration-emotionnelle-a-travers-les-vers\/#primaryimage"},"thumbnailUrl":"https:\/\/voyage-aventure.com\/blog\/wp-content\/uploads\/2025\/03\/sdxl-68ed1acede8ac15311b939752f63008e.png","keywords":["Cultures","\u00c9criture","\u00c9motions","Inspiration","Po\u00e9sie","Voyage"],"articleSection":["\u00c0 la une"],"inLanguage":"fr-FR","potentialAction":[{"@type":"CommentAction","name":"Comment","target":["https:\/\/voyage-aventure.com\/blog\/a-la-une\/poesie-et-voyage-une-exploration-emotionnelle-a-travers-les-vers\/#respond"]}]},{"@type":"WebPage","@id":"https:\/\/voyage-aventure.com\/blog\/a-la-une\/poesie-et-voyage-une-exploration-emotionnelle-a-travers-les-vers\/","url":"https:\/\/voyage-aventure.com\/blog\/a-la-une\/poesie-et-voyage-une-exploration-emotionnelle-a-travers-les-vers\/","name":"Po\u00e9sie et Voyage : Une Exploration \u00c9motionnelle \u00e0 Travers","isPartOf":{"@id":"https:\/\/voyage-aventure.com\/blog\/#website"},"primaryImageOfPage":{"@id":"https:\/\/voyage-aventure.com\/blog\/a-la-une\/poesie-et-voyage-une-exploration-emotionnelle-a-travers-les-vers\/#primaryimage"},"image":{"@id":"https:\/\/voyage-aventure.com\/blog\/a-la-une\/poesie-et-voyage-une-exploration-emotionnelle-a-travers-les-vers\/#primaryimage"},"thumbnailUrl":"https:\/\/voyage-aventure.com\/blog\/wp-content\/uploads\/2025\/03\/sdxl-68ed1acede8ac15311b939752f63008e.png","datePublished":"2026-06-16T14:11:36+00:00","description":"La po\u00e9sie et le voyage partagent une m\u00eame promesse : ouvrir les sens, d\u00e9placer le regard et transformer celui qui s'y abandonne. L'une se d\u00e9ploie dans les","inLanguage":"fr-FR","potentialAction":[{"@type":"ReadAction","target":["https:\/\/voyage-aventure.com\/blog\/a-la-une\/poesie-et-voyage-une-exploration-emotionnelle-a-travers-les-vers\/"]}]},{"@type":"ImageObject","inLanguage":"fr-FR","@id":"https:\/\/voyage-aventure.com\/blog\/a-la-une\/poesie-et-voyage-une-exploration-emotionnelle-a-travers-les-vers\/#primaryimage","url":"https:\/\/voyage-aventure.com\/blog\/wp-content\/uploads\/2025\/03\/sdxl-68ed1acede8ac15311b939752f63008e.png","contentUrl":"https:\/\/voyage-aventure.com\/blog\/wp-content\/uploads\/2025\/03\/sdxl-68ed1acede8ac15311b939752f63008e.png","width":1536,"height":640},{"@type":"WebSite","@id":"https:\/\/voyage-aventure.com\/blog\/#website","url":"https:\/\/voyage-aventure.com\/blog\/","name":"voyage-aventure.com","description":"Votre passeport pour l\u2019inattendu.","publisher":{"@id":"https:\/\/voyage-aventure.com\/blog\/#organization"},"alternateName":"Votre passeport pour l\u2019inattendu.","potentialAction":[{"@type":"SearchAction","target":{"@type":"EntryPoint","urlTemplate":"https:\/\/voyage-aventure.com\/blog\/?s={search_term_string}"},"query-input":{"@type":"PropertyValueSpecification","valueRequired":true,"valueName":"search_term_string"}}],"inLanguage":"fr-FR"},{"@type":"Organization","@id":"https:\/\/voyage-aventure.com\/blog\/#organization","name":"Foretsensations.fr","url":"https:\/\/voyage-aventure.com\/blog\/","logo":{"@type":"ImageObject","inLanguage":"fr-FR","@id":"https:\/\/voyage-aventure.com\/blog\/#\/schema\/logo\/image\/","url":"https:\/\/voyage-aventure.com\/blog\/wp-content\/uploads\/2024\/12\/19.png","contentUrl":"https:\/\/voyage-aventure.com\/blog\/wp-content\/uploads\/2024\/12\/19.png","width":512,"height":512,"caption":"Foretsensations.fr"},"image":{"@id":"https:\/\/voyage-aventure.com\/blog\/#\/schema\/logo\/image\/"}},{"@type":"Person","@id":"https:\/\/voyage-aventure.com\/blog\/#\/schema\/person\/3c864cdc320801e3db34b663e7e3f816","name":"Camille Rouvray","image":{"@type":"ImageObject","inLanguage":"fr-FR","@id":"https:\/\/voyage-aventure.com\/blog\/#\/schema\/person\/image\/","url":"https:\/\/voyage-aventure.com\/blog\/wp-content\/uploads\/2026\/06\/persona_camille-r-96x96.jpg","contentUrl":"https:\/\/voyage-aventure.com\/blog\/wp-content\/uploads\/2026\/06\/persona_camille-r-96x96.jpg","caption":"Camille Rouvray"},"description":"Je voyage et j'\u00e9cris sur le voyage depuis une douzaine d'ann\u00e9es, d'abord en tant que routarde au long cours, puis comme r\u00e9dactrice sp\u00e9cialis\u00e9e. Mon terrain de pr\u00e9dilection, ce sont les circuits organis\u00e9s et l'art de bien pr\u00e9parer un itin\u00e9raire : choix de la saison, dur\u00e9e r\u00e9aliste des \u00e9tapes, budget jour par jour, logement et transport sur place. J'aime aussi raconter les p\u00e9pites urbaines, ces adresses qu'on ne trouve pas dans les guides classiques. Avant de publier un dossier destination, je croise toujours plusieurs sources, je v\u00e9rifie les tarifs et les formalit\u00e9s d'entr\u00e9e \u00e0 jour, et je teste moi-m\u00eame quand je le peux. Mon angle reste pratique avant tout : aider le lecteur \u00e0 partir l'esprit tranquille, sans mauvaise surprise une fois sur place. Je m'attache \u00e0 distinguer le coup de c\u0153ur sinc\u00e8re du simple argument marketing.","sameAs":["https:\/\/camillerouvray.fr\/"],"url":"https:\/\/voyage-aventure.com\/blog\/auteur\/noname\/"}]}},"_links":{"self":[{"href":"https:\/\/voyage-aventure.com\/blog\/wp-json\/wp\/v2\/posts\/8374","targetHints":{"allow":["GET"]}}],"collection":[{"href":"https:\/\/voyage-aventure.com\/blog\/wp-json\/wp\/v2\/posts"}],"about":[{"href":"https:\/\/voyage-aventure.com\/blog\/wp-json\/wp\/v2\/types\/post"}],"author":[{"embeddable":true,"href":"https:\/\/voyage-aventure.com\/blog\/wp-json\/wp\/v2\/users\/34"}],"replies":[{"embeddable":true,"href":"https:\/\/voyage-aventure.com\/blog\/wp-json\/wp\/v2\/comments?post=8374"}],"version-history":[{"count":3,"href":"https:\/\/voyage-aventure.com\/blog\/wp-json\/wp\/v2\/posts\/8374\/revisions"}],"predecessor-version":[{"id":22425,"href":"https:\/\/voyage-aventure.com\/blog\/wp-json\/wp\/v2\/posts\/8374\/revisions\/22425"}],"wp:featuredmedia":[{"embeddable":true,"href":"https:\/\/voyage-aventure.com\/blog\/wp-json\/wp\/v2\/media\/14218"}],"wp:attachment":[{"href":"https:\/\/voyage-aventure.com\/blog\/wp-json\/wp\/v2\/media?parent=8374"}],"wp:term":[{"taxonomy":"category","embeddable":true,"href":"https:\/\/voyage-aventure.com\/blog\/wp-json\/wp\/v2\/categories?post=8374"},{"taxonomy":"post_tag","embeddable":true,"href":"https:\/\/voyage-aventure.com\/blog\/wp-json\/wp\/v2\/tags?post=8374"}],"curies":[{"name":"wp","href":"https:\/\/api.w.org\/{rel}","templated":true}]}}