{"id":8343,"date":"2026-06-12T22:23:02","date_gmt":"2026-06-12T20:23:02","guid":{"rendered":"https:\/\/voyage-aventure.com\/blog\/?p=8343"},"modified":"2026-06-12T22:23:02","modified_gmt":"2026-06-12T20:23:02","slug":"les-voyages-a-pied-de-rousseau-une-exploration-de-la-nature-et-de-soi","status":"publish","type":"post","link":"https:\/\/voyage-aventure.com\/blog\/a-la-une\/les-voyages-a-pied-de-rousseau-une-exploration-de-la-nature-et-de-soi\/","title":{"rendered":"Les voyages \u00e0 pied de Rousseau : une exploration de la nature et de soi"},"content":{"rendered":"<link rel=\"stylesheet\" href=\"https:\/\/fonts.googleapis.com\/css2?family=Space+Grotesk:wght@500;600;700&#038;family=Inter:wght@400;500;600&#038;family=JetBrains+Mono:wght@500&#038;display=swap\">\n<style>\n.vab-ib-wrap{--ink:#241c12;--accent:#7a5a2e;--accent-soft:#b89154;--sand:#f6f1e8;--sand2:#efe7d8;--line:#e3d8c4;font-family:'Inter',system-ui,sans-serif;color:var(--ink);line-height:1.68;font-size:17.5px;max-width:760px;margin:0 auto}\n.vab-ib-wrap h2{font-family:'Space Grotesk',system-ui,sans-serif;font-weight:700;font-size:clamp(24px,3.2vw,33px);letter-spacing:-.015em;line-height:1.18;margin:52px 0 18px;color:var(--ink)}\n.vab-ib-wrap h3{font-family:'Space Grotesk',system-ui,sans-serif;font-weight:600;font-size:clamp(19px,2.2vw,22px);margin:30px 0 12px;color:var(--ink)}\n.vab-ib-wrap p{margin:0 0 18px}\n.vab-ib-kicker{font-family:'JetBrains Mono',monospace;font-weight:500;font-size:13px;letter-spacing:.16em;text-transform:uppercase;color:var(--accent);display:block;margin-bottom:10px}\n.vab-ib-lead{font-size:20px;line-height:1.6;color:#3a2f20;margin:0 0 30px}\n.vab-ib-brief{background:var(--sand);border-left:5px solid var(--accent);border-radius:0 14px 14px 0;padding:24px 26px;margin:0 0 40px;box-shadow:0 1px 2px rgba(36,28,18,.05),0 14px 30px -18px rgba(36,28,18,.28)}\n.vab-ib-brief .vab-ib-bt{font-family:'Space Grotesk',sans-serif;font-weight:700;font-size:14px;letter-spacing:.14em;text-transform:uppercase;color:var(--accent);margin-bottom:10px}\n.vab-ib-brief .vab-ib-ans{font-size:18px;line-height:1.62;margin-bottom:14px}\n.vab-ib-brief ul{margin:0;padding-left:20px}\n.vab-ib-brief li{margin:6px 0}\n.vab-ib-grid{display:grid;grid-template-columns:repeat(auto-fit,minmax(220px,1fr));gap:20px;margin:26px 0 10px}\n.vab-ib-card{background:#fff;border:1px solid var(--line);border-top:3px solid var(--accent);border-radius:12px;padding:22px 22px;transition:.25s ease;box-shadow:0 1px 2px rgba(36,28,18,.04)}\n.vab-ib-card:hover{transform:translateY(-3px);box-shadow:0 1px 2px rgba(36,28,18,.05),0 16px 32px -18px rgba(36,28,18,.3);border-top-color:var(--accent-soft)}\n.vab-ib-card .vab-ib-ct{font-family:'Space Grotesk',sans-serif;font-weight:600;font-size:18px;margin-bottom:8px;color:var(--ink)}\n.vab-ib-card .vab-ib-cx{font-size:15.5px;line-height:1.58;color:#4a3d2b}\n.vab-ib-quote{font-family:'Space Grotesk',sans-serif;font-weight:600;font-size:clamp(22px,3vw,28px);line-height:1.32;color:var(--ink);border-left:4px solid var(--accent);padding:6px 0 6px 24px;margin:34px 0;position:relative}\n.vab-ib-quote .vab-ib-qa{display:block;font-family:'JetBrains Mono',monospace;font-weight:500;font-size:13px;letter-spacing:.08em;color:var(--accent);text-transform:uppercase;margin-top:12px}\n.vab-ib-tablewrap{border:1px solid var(--line);border-radius:14px;overflow:hidden;margin:24px 0;box-shadow:0 10px 26px -20px rgba(36,28,18,.4)}\n.vab-ib-table{width:100%;border-collapse:collapse;font-size:15.5px}\n.vab-ib-table th{background:var(--accent);color:#fff;font-family:'Space Grotesk',sans-serif;font-weight:600;text-align:left;padding:13px 16px;letter-spacing:.01em}\n.vab-ib-table td{padding:13px 16px;border-top:1px solid var(--line);vertical-align:top;color:#3a2f20}\n.vab-ib-table tr:nth-child(even) td{background:var(--sand)}\n.vab-ib-retenir{background:linear-gradient(180deg,var(--sand) 0%,var(--sand2) 100%);border:1px solid var(--line);border-radius:16px;padding:26px 28px;margin:46px 0 36px}\n.vab-ib-retenir .vab-ib-rt{font-family:'Space Grotesk',sans-serif;font-weight:700;font-size:19px;margin-bottom:14px;color:var(--ink)}\n.vab-ib-retenir ul{margin:0;padding-left:22px}\n.vab-ib-retenir li{margin:9px 0;font-size:16.5px}\n.vab-ib-faq{margin:30px 0}\n.vab-ib-faq details{border:1px solid var(--line);border-radius:11px;padding:0;margin:12px 0;background:#fff;overflow:hidden;transition:.2s ease}\n.vab-ib-faq details[open]{border-color:var(--accent-soft);box-shadow:0 12px 28px -20px rgba(36,28,18,.4)}\n.vab-ib-faq summary{cursor:pointer;font-family:'Space Grotesk',sans-serif;font-weight:600;font-size:17px;padding:16px 20px;list-style:none;position:relative;color:var(--ink)}\n.vab-ib-faq summary::-webkit-details-marker{display:none}\n.vab-ib-faq summary::after{content:\"+\";position:absolute;right:20px;top:14px;font-size:22px;color:var(--accent);transition:.2s}\n.vab-ib-faq details[open] summary::after{content:\"\u2013\"}\n.vab-ib-faq .vab-ib-fa{padding:0 20px 18px;font-size:16px;line-height:1.62;color:#4a3d2b}\n.vab-ib-links{display:block;margin:8px 0 26px}\n@media(max-width:640px){.vab-ib-wrap{font-size:17px}}\n<\/style>\n<div class=\"vab-ib-wrap\">\n<span class=\"vab-ib-kicker\">Marche &amp; pens\u00e9e<\/span><\/p>\n<p class=\"vab-ib-lead\">Pour Jean-Jacques Rousseau, marcher n&rsquo;\u00e9tait pas se d\u00e9placer : c&rsquo;\u00e9tait penser. Ses longues travers\u00e9es \u00e0 pied, racont\u00e9es dans ses \u00e9crits, dessinent une v\u00e9ritable philosophie du chemin, o\u00f9 chaque pas rapproche de la nature \u2014 et de soi-m\u00eame.<\/p>\n<div class=\"vab-ib-brief\">\n<div class=\"vab-ib-bt\">En bref<\/div>\n<div class=\"vab-ib-ans\">Rousseau marchait \u00e0 pied parce que la marche \u00e9tait pour lui une forme de pens\u00e9e et de libert\u00e9 : loin des villes, qu&rsquo;il jugeait corruptrices, il y cherchait son authenticit\u00e9, le contact direct avec la nature et un espace de m\u00e9ditation. Ses voyages p\u00e9destres ne sont pas de simples d\u00e9placements, mais des qu\u00eates spirituelles qui ont nourri toute son \u0153uvre.<\/div>\n<ul>\n<li><strong>Le moteur :<\/strong> fuir la soci\u00e9t\u00e9 pour retrouver l&rsquo;homme \u00ab naturellement bon \u00bb.<\/li>\n<li><strong>Le d\u00e9cor :<\/strong> les chemins de France \u2014 Alpes, vall\u00e9e du Rh\u00f4ne, for\u00eats et rivi\u00e8res.<\/li>\n<li><strong>Le fruit :<\/strong> ses id\u00e9es sur l&rsquo;\u00e9ducation, le contrat social et le retour \u00e0 la nature.<\/li>\n<\/ul>\n<\/div>\n<h2>Introduction : un voyage au c\u0153ur de la nature<\/h2>\n<p>Ses voyages \u00e0 pied, souvent d\u00e9crits dans ses \u00e9crits, ne sont pas seulement des d\u00e9placements g\u00e9ographiques, mais aussi des qu\u00eates spirituelles. Que cherchait-il en parcourant les chemins de France ? Qu&rsquo;est-ce qui le poussait \u00e0 abandonner la soci\u00e9t\u00e9 pour se plonger dans un monde naturel, \u00e0 la recherche de r\u00e9ponses sur lui-m\u00eame et sur l&rsquo;humanit\u00e9 ?<\/p>\n<p>Comprendre la marche chez Rousseau, c&rsquo;est saisir qu&rsquo;elle est ins\u00e9parable de sa pens\u00e9e : le mouvement du corps accompagne celui des id\u00e9es. On ne lit pas vraiment le philosophe sans imaginer l&rsquo;homme en chemin, carnet en t\u00eate, attentif au moindre paysage.<\/p>\n<h2>Les motivations de Rousseau pour voyager \u00e0 pied<\/h2>\n<p>Pour Rousseau, marcher n&rsquo;est pas un simple acte physique. C&rsquo;est une mani\u00e8re de se reconnecter avec son \u00eatre profond. Il croyait que la soci\u00e9t\u00e9 corrompait l&rsquo;homme, et c&rsquo;est en s&rsquo;\u00e9loignant des villes qu&rsquo;il esp\u00e9rait retrouver son authenticit\u00e9.<\/p>\n<div class=\"vab-ib-links\">\n<blockquote class=\"wp-embedded-content\" data-secret=\"j8KwcHBR02\"><p><a href=\"https:\/\/voyage-aventure.com\/blog\/a-la-une\/des-vols-directs-a-prix-incroyable-pour-decouvrir-la-jordanie-sans-attendre\/\">Des vols directs \u00e0 prix incroyable pour d\u00e9couvrir la Jordanie sans attendre !<\/a><\/p><\/blockquote>\n<p><iframe loading=\"lazy\" class=\"wp-embedded-content\" sandbox=\"allow-scripts\" security=\"restricted\" style=\"position: absolute; visibility: hidden;\" title=\"\u00ab\u00a0Des vols directs \u00e0 prix incroyable pour d\u00e9couvrir la Jordanie sans attendre !\u00a0\u00bb &#8212; voyage-aventure\" src=\"https:\/\/voyage-aventure.com\/blog\/a-la-une\/des-vols-directs-a-prix-incroyable-pour-decouvrir-la-jordanie-sans-attendre\/embed\/#?secret=AdhLl4TSkB#?secret=j8KwcHBR02\" data-secret=\"j8KwcHBR02\" width=\"600\" height=\"338\" frameborder=\"0\" marginwidth=\"0\" marginheight=\"0\" scrolling=\"no\"><\/iframe>\n<\/div>\n<div class=\"vab-ib-grid\">\n<div class=\"vab-ib-card\">\n<div class=\"vab-ib-ct\">Recherche de solitude<\/div>\n<div class=\"vab-ib-cx\">Rousseau valorisait les moments pass\u00e9s seul, loin des influences ext\u00e9rieures, comme une condition de la libert\u00e9 int\u00e9rieure.<\/div>\n<\/div>\n<div class=\"vab-ib-card\">\n<div class=\"vab-ib-ct\">R\u00e9flexion personnelle<\/div>\n<div class=\"vab-ib-cx\">La marche lui offrait un espace pour m\u00e9diter sur ses id\u00e9es et ses \u00e9motions, au rythme r\u00e9gulier du pas.<\/div>\n<\/div>\n<div class=\"vab-ib-card\">\n<div class=\"vab-ib-ct\">Connexion avec la nature<\/div>\n<div class=\"vab-ib-cx\">La beaut\u00e9 des paysages le nourrissait spirituellement et intellectuellement, et devenait mati\u00e8re \u00e0 pens\u00e9e.<\/div>\n<\/div>\n<\/div>\n<h2>Les exp\u00e9riences marquantes de Rousseau en voyage<\/h2>\n<p>Les r\u00e9cits de Rousseau r\u00e9v\u00e8lent une multitude d&rsquo;exp\u00e9riences enrichissantes. Lors de ses promenades, il a d\u00e9couvert des paysages \u00e0 couper le souffle, mais aussi des rencontres inoubliables qui ont nourri sa pens\u00e9e.<\/p>\n<div class=\"vab-ib-quote\">\n\u00ab La nature me parle et je l&rsquo;\u00e9coute. \u00bb<br \/>\n<span class=\"vab-ib-qa\">\u2014 L&rsquo;esprit de sa marche<\/span>\n<\/div>\n<p>Cette citation r\u00e9sume parfaitement son approche de la marche. Il ne s&rsquo;agissait pas simplement de parcourir des kilom\u00e8tres, mais d&#8217;embrasser chaque moment. Rousseau a souvent \u00e9crit sur les \u00e9motions ressenties face \u00e0 la beaut\u00e9 des montagnes, des rivi\u00e8res et des for\u00eats.<\/p>\n<div class=\"vab-ib-links\">\n<blockquote class=\"wp-embedded-content\" data-secret=\"b8CWETNmUk\"><p><a href=\"https:\/\/voyage-aventure.com\/blog\/a-la-une\/decouvrez-les-meilleures-astuces-pour-un-voyage-reussi-avec-aca-voyage\/\">D\u00e9couvrez les meilleures astuces pour un voyage r\u00e9ussi avec Aca Voyage<\/a><\/p><\/blockquote>\n<p><iframe loading=\"lazy\" class=\"wp-embedded-content\" sandbox=\"allow-scripts\" security=\"restricted\" style=\"position: absolute; visibility: hidden;\" title=\"\u00ab\u00a0D\u00e9couvrez les meilleures astuces pour un voyage r\u00e9ussi avec Aca Voyage\u00a0\u00bb &#8212; voyage-aventure\" src=\"https:\/\/voyage-aventure.com\/blog\/a-la-une\/decouvrez-les-meilleures-astuces-pour-un-voyage-reussi-avec-aca-voyage\/embed\/#?secret=L2nxANV4cV#?secret=b8CWETNmUk\" data-secret=\"b8CWETNmUk\" width=\"600\" height=\"338\" frameborder=\"0\" marginwidth=\"0\" marginheight=\"0\" scrolling=\"no\"><\/iframe>\n<\/div>\n<h2>Impact de ses voyages sur sa philosophie<\/h2>\n<p>Les voyages \u00e0 pied de Rousseau ont influenc\u00e9 ses id\u00e9es sur l&rsquo;\u00e9ducation et la soci\u00e9t\u00e9. Dans ses \u0153uvres, il explore la notion de l&rsquo;homme naturellement bon, corrompu par la civilisation. Ses promenades l&rsquo;ont conduit \u00e0 formuler des concepts encore actuels.<\/p>\n<div class=\"vab-ib-tablewrap\">\n<table class=\"vab-ib-table\">\n<tr>\n<th>Concept<\/th>\n<th>Description<\/th>\n<th>Impact<\/th>\n<\/tr>\n<tr>\n<td>\u00c9ducation naturelle<\/td>\n<td>Apprentissage par l&rsquo;exp\u00e9rience et la nature<\/td>\n<td>Influence sur l&rsquo;\u00e9ducation moderne<\/td>\n<\/tr>\n<tr>\n<td>Contrat social<\/td>\n<td>Id\u00e9e que la soci\u00e9t\u00e9 doit \u00eatre fond\u00e9e sur l&rsquo;\u00e9galit\u00e9<\/td>\n<td>Base de la d\u00e9mocratie contemporaine<\/td>\n<\/tr>\n<tr>\n<td>Retour \u00e0 la nature<\/td>\n<td>Rechercher la simplicit\u00e9 et l&rsquo;authenticit\u00e9<\/td>\n<td>Philosophie \u00e9cologiste actuelle<\/td>\n<\/tr>\n<\/table>\n<\/div>\n<h2>Conclusion : un h\u00e9ritage toujours vivant<\/h2>\n<p>Rousseau nous rappelle l&rsquo;importance de renouer avec la nature et de r\u00e9fl\u00e9chir \u00e0 notre place dans le monde. Ses voyages \u00e0 pied, loin d&rsquo;\u00eatre de simples promenades, repr\u00e9sentent une qu\u00eate de sens. En nous inspirant de sa philosophie, nous pouvons explorer le potentiel de la marche, non seulement comme un acte physique, mais aussi comme un moyen de d\u00e9couverte personnelle.<\/p>\n<div class=\"vab-ib-retenir\">\n<div class=\"vab-ib-rt\">\u00c0 retenir<\/div>\n<ul>\n<li>Chez Rousseau, marcher est une forme de pens\u00e9e : le corps en mouvement lib\u00e8re l&rsquo;esprit.<\/li>\n<li>Il s&rsquo;\u00e9loignait des villes, jug\u00e9es corruptrices, pour retrouver l&rsquo;authenticit\u00e9 au contact de la nature.<\/li>\n<li>Ses promenades ont nourri ses grands concepts : \u00e9ducation naturelle, contrat social, retour \u00e0 la nature.<\/li>\n<li>Son h\u00e9ritage reste vivant dans la philosophie \u00e9cologiste et l&rsquo;art de la marche m\u00e9ditative d&rsquo;aujourd&rsquo;hui.<\/li>\n<\/ul>\n<\/div>\n<h2>FAQ<\/h2>\n<div class=\"vab-ib-faq\">\n<details>\n<summary>Quels sont les principaux lieux visit\u00e9s par Rousseau lors de ses voyages ?<\/summary>\n<div class=\"vab-ib-fa\">Rousseau a parcouru plusieurs r\u00e9gions de France, notamment les Alpes et la vall\u00e9e du Rh\u00f4ne.<\/div>\n<\/details>\n<details>\n<summary>Quelle est l&rsquo;importance de la nature dans la pens\u00e9e de Rousseau ?<\/summary>\n<div class=\"vab-ib-fa\">Pour Rousseau, la nature est un espace de v\u00e9rit\u00e9, loin des corruptions de la soci\u00e9t\u00e9.<\/div>\n<\/details>\n<details>\n<summary>Comment Rousseau a-t-il influenc\u00e9 la philosophie moderne ?<\/summary>\n<div class=\"vab-ib-fa\">Ses id\u00e9es sur l&rsquo;\u00e9ducation et la soci\u00e9t\u00e9 ont inspir\u00e9 de nombreux penseurs et mouvements sociaux.<\/div>\n<\/details>\n<details>\n<summary>Quels sont les impacts de ses voyages sur sa sant\u00e9 mentale ?<\/summary>\n<div class=\"vab-ib-fa\">La marche \u00e9tait pour lui une forme de th\u00e9rapie, lui permettant de g\u00e9rer ses \u00e9motions complexes.<\/div>\n<\/details>\n<\/div>\n<\/div>\n","protected":false},"excerpt":{"rendered":"","protected":false},"author":34,"featured_media":14265,"comment_status":"open","ping_status":"open","sticky":false,"template":"","format":"standard","meta":{"_acf_changed":false,"manual_indexmenow":false,"indexmenow_id_project":0,"footnotes":""},"categories":[1],"tags":[4857,3664,3663,5257,5256,4635],"class_list":["post-8343","post","type-post","status-publish","format-standard","has-post-thumbnail","hentry","category-a-la-une","tag-authenticite","tag-education","tag-nature","tag-reflexion","tag-rousseau","tag-voyage","generate-columns","tablet-grid-50","mobile-grid-100","grid-parent","grid-25"],"acf":[],"yoast_head":"<!-- This site is optimized with the Yoast SEO Premium plugin v21.3 (Yoast SEO v25.1) - https:\/\/yoast.com\/wordpress\/plugins\/seo\/ -->\n<title>Les voyages \u00e0 pied de Rousseau : une exploration de la<\/title>\n<meta name=\"description\" content=\"Pour Jean-Jacques Rousseau, marcher n&#039;\u00e9tait pas se d\u00e9placer : c&#039;\u00e9tait penser. Ses longues travers\u00e9es \u00e0 pied, racont\u00e9es dans ses \u00e9crits, dessinent une\" \/>\n<meta name=\"robots\" content=\"index, follow, max-snippet:-1, max-image-preview:large, max-video-preview:-1\" \/>\n<link rel=\"canonical\" href=\"https:\/\/voyage-aventure.com\/blog\/a-la-une\/les-voyages-a-pied-de-rousseau-une-exploration-de-la-nature-et-de-soi\/\" \/>\n<meta property=\"og:locale\" content=\"fr_FR\" \/>\n<meta property=\"og:type\" content=\"article\" \/>\n<meta property=\"og:title\" content=\"Les voyages \u00e0 pied de Rousseau : une exploration de la\" \/>\n<meta property=\"og:description\" content=\"Pour Jean-Jacques Rousseau, marcher n&#039;\u00e9tait pas se d\u00e9placer : c&#039;\u00e9tait penser. Ses longues travers\u00e9es \u00e0 pied, racont\u00e9es dans ses \u00e9crits, dessinent une\" \/>\n<meta property=\"og:url\" content=\"https:\/\/voyage-aventure.com\/blog\/a-la-une\/les-voyages-a-pied-de-rousseau-une-exploration-de-la-nature-et-de-soi\/\" \/>\n<meta property=\"og:site_name\" content=\"voyage-aventure\" \/>\n<meta property=\"og:image\" content=\"https:\/\/voyage-aventure.com\/blog\/wp-content\/uploads\/2025\/03\/sdxl-d9aef17e5d895bf4bf8e2991ea438622.png\" \/>\n\t<meta property=\"og:image:width\" content=\"1200\" \/>\n\t<meta property=\"og:image:height\" content=\"500\" \/>\n\t<meta property=\"og:image:type\" content=\"image\/png\" \/>\n<meta name=\"author\" content=\"Camille Rouvray\" \/>\n<meta name=\"twitter:card\" content=\"summary_large_image\" \/>\n<script type=\"application\/ld+json\" class=\"yoast-schema-graph\">{\"@context\":\"https:\/\/schema.org\",\"@graph\":[{\"@type\":\"NewsArticle\",\"@id\":\"https:\/\/voyage-aventure.com\/blog\/a-la-une\/les-voyages-a-pied-de-rousseau-une-exploration-de-la-nature-et-de-soi\/#article\",\"isPartOf\":{\"@id\":\"https:\/\/voyage-aventure.com\/blog\/a-la-une\/les-voyages-a-pied-de-rousseau-une-exploration-de-la-nature-et-de-soi\/\"},\"author\":{\"name\":\"Camille Rouvray\",\"@id\":\"https:\/\/voyage-aventure.com\/blog\/#\/schema\/person\/3c864cdc320801e3db34b663e7e3f816\"},\"headline\":\"Les voyages \u00e0 pied de Rousseau : une exploration de la nature et de soi\",\"datePublished\":\"2026-06-12T20:23:02+00:00\",\"mainEntityOfPage\":{\"@id\":\"https:\/\/voyage-aventure.com\/blog\/a-la-une\/les-voyages-a-pied-de-rousseau-une-exploration-de-la-nature-et-de-soi\/\"},\"wordCount\":880,\"commentCount\":25,\"publisher\":{\"@id\":\"https:\/\/voyage-aventure.com\/blog\/#organization\"},\"image\":{\"@id\":\"https:\/\/voyage-aventure.com\/blog\/a-la-une\/les-voyages-a-pied-de-rousseau-une-exploration-de-la-nature-et-de-soi\/#primaryimage\"},\"thumbnailUrl\":\"https:\/\/voyage-aventure.com\/blog\/wp-content\/uploads\/2025\/03\/sdxl-d9aef17e5d895bf4bf8e2991ea438622.png\",\"keywords\":[\"Authenticit\u00e9\",\"\u00c9ducation\",\"Nature\",\"R\u00e9flexion\",\"Rousseau\",\"Voyage\"],\"articleSection\":[\"\u00c0 la une\"],\"inLanguage\":\"fr-FR\",\"potentialAction\":[{\"@type\":\"CommentAction\",\"name\":\"Comment\",\"target\":[\"https:\/\/voyage-aventure.com\/blog\/a-la-une\/les-voyages-a-pied-de-rousseau-une-exploration-de-la-nature-et-de-soi\/#respond\"]}]},{\"@type\":\"WebPage\",\"@id\":\"https:\/\/voyage-aventure.com\/blog\/a-la-une\/les-voyages-a-pied-de-rousseau-une-exploration-de-la-nature-et-de-soi\/\",\"url\":\"https:\/\/voyage-aventure.com\/blog\/a-la-une\/les-voyages-a-pied-de-rousseau-une-exploration-de-la-nature-et-de-soi\/\",\"name\":\"Les voyages \u00e0 pied de Rousseau : une exploration de la\",\"isPartOf\":{\"@id\":\"https:\/\/voyage-aventure.com\/blog\/#website\"},\"primaryImageOfPage\":{\"@id\":\"https:\/\/voyage-aventure.com\/blog\/a-la-une\/les-voyages-a-pied-de-rousseau-une-exploration-de-la-nature-et-de-soi\/#primaryimage\"},\"image\":{\"@id\":\"https:\/\/voyage-aventure.com\/blog\/a-la-une\/les-voyages-a-pied-de-rousseau-une-exploration-de-la-nature-et-de-soi\/#primaryimage\"},\"thumbnailUrl\":\"https:\/\/voyage-aventure.com\/blog\/wp-content\/uploads\/2025\/03\/sdxl-d9aef17e5d895bf4bf8e2991ea438622.png\",\"datePublished\":\"2026-06-12T20:23:02+00:00\",\"description\":\"Pour Jean-Jacques Rousseau, marcher n'\u00e9tait pas se d\u00e9placer : c'\u00e9tait penser. Ses longues travers\u00e9es \u00e0 pied, racont\u00e9es dans ses \u00e9crits, dessinent une\",\"inLanguage\":\"fr-FR\",\"potentialAction\":[{\"@type\":\"ReadAction\",\"target\":[\"https:\/\/voyage-aventure.com\/blog\/a-la-une\/les-voyages-a-pied-de-rousseau-une-exploration-de-la-nature-et-de-soi\/\"]}]},{\"@type\":\"ImageObject\",\"inLanguage\":\"fr-FR\",\"@id\":\"https:\/\/voyage-aventure.com\/blog\/a-la-une\/les-voyages-a-pied-de-rousseau-une-exploration-de-la-nature-et-de-soi\/#primaryimage\",\"url\":\"https:\/\/voyage-aventure.com\/blog\/wp-content\/uploads\/2025\/03\/sdxl-d9aef17e5d895bf4bf8e2991ea438622.png\",\"contentUrl\":\"https:\/\/voyage-aventure.com\/blog\/wp-content\/uploads\/2025\/03\/sdxl-d9aef17e5d895bf4bf8e2991ea438622.png\",\"width\":1536,\"height\":640},{\"@type\":\"WebSite\",\"@id\":\"https:\/\/voyage-aventure.com\/blog\/#website\",\"url\":\"https:\/\/voyage-aventure.com\/blog\/\",\"name\":\"voyage-aventure.com\",\"description\":\"Votre passeport pour l\u2019inattendu.\",\"publisher\":{\"@id\":\"https:\/\/voyage-aventure.com\/blog\/#organization\"},\"alternateName\":\"Votre passeport pour l\u2019inattendu.\",\"potentialAction\":[{\"@type\":\"SearchAction\",\"target\":{\"@type\":\"EntryPoint\",\"urlTemplate\":\"https:\/\/voyage-aventure.com\/blog\/?s={search_term_string}\"},\"query-input\":{\"@type\":\"PropertyValueSpecification\",\"valueRequired\":true,\"valueName\":\"search_term_string\"}}],\"inLanguage\":\"fr-FR\"},{\"@type\":\"Organization\",\"@id\":\"https:\/\/voyage-aventure.com\/blog\/#organization\",\"name\":\"Foretsensations.fr\",\"url\":\"https:\/\/voyage-aventure.com\/blog\/\",\"logo\":{\"@type\":\"ImageObject\",\"inLanguage\":\"fr-FR\",\"@id\":\"https:\/\/voyage-aventure.com\/blog\/#\/schema\/logo\/image\/\",\"url\":\"https:\/\/voyage-aventure.com\/blog\/wp-content\/uploads\/2024\/12\/19.png\",\"contentUrl\":\"https:\/\/voyage-aventure.com\/blog\/wp-content\/uploads\/2024\/12\/19.png\",\"width\":512,\"height\":512,\"caption\":\"Foretsensations.fr\"},\"image\":{\"@id\":\"https:\/\/voyage-aventure.com\/blog\/#\/schema\/logo\/image\/\"}},{\"@type\":\"Person\",\"@id\":\"https:\/\/voyage-aventure.com\/blog\/#\/schema\/person\/3c864cdc320801e3db34b663e7e3f816\",\"name\":\"Camille Rouvray\",\"image\":{\"@type\":\"ImageObject\",\"inLanguage\":\"fr-FR\",\"@id\":\"https:\/\/voyage-aventure.com\/blog\/#\/schema\/person\/image\/\",\"url\":\"https:\/\/voyage-aventure.com\/blog\/wp-content\/uploads\/2026\/06\/persona_camille-r-96x96.jpg\",\"contentUrl\":\"https:\/\/voyage-aventure.com\/blog\/wp-content\/uploads\/2026\/06\/persona_camille-r-96x96.jpg\",\"caption\":\"Camille Rouvray\"},\"description\":\"Je voyage et j'\u00e9cris sur le voyage depuis une douzaine d'ann\u00e9es, d'abord en tant que routarde au long cours, puis comme r\u00e9dactrice sp\u00e9cialis\u00e9e. Mon terrain de pr\u00e9dilection, ce sont les circuits organis\u00e9s et l'art de bien pr\u00e9parer un itin\u00e9raire : choix de la saison, dur\u00e9e r\u00e9aliste des \u00e9tapes, budget jour par jour, logement et transport sur place. J'aime aussi raconter les p\u00e9pites urbaines, ces adresses qu'on ne trouve pas dans les guides classiques. Avant de publier un dossier destination, je croise toujours plusieurs sources, je v\u00e9rifie les tarifs et les formalit\u00e9s d'entr\u00e9e \u00e0 jour, et je teste moi-m\u00eame quand je le peux. Mon angle reste pratique avant tout : aider le lecteur \u00e0 partir l'esprit tranquille, sans mauvaise surprise une fois sur place. Je m'attache \u00e0 distinguer le coup de c\u0153ur sinc\u00e8re du simple argument marketing.\",\"sameAs\":[\"https:\/\/camillerouvray.fr\/\"],\"url\":\"https:\/\/voyage-aventure.com\/blog\/auteur\/noname\/\"}]}<\/script>\n<!-- \/ Yoast SEO Premium plugin. -->","yoast_head_json":{"title":"Les voyages \u00e0 pied de Rousseau : une exploration de la","description":"Pour Jean-Jacques Rousseau, marcher n'\u00e9tait pas se d\u00e9placer : c'\u00e9tait penser. Ses longues travers\u00e9es \u00e0 pied, racont\u00e9es dans ses \u00e9crits, dessinent une","robots":{"index":"index","follow":"follow","max-snippet":"max-snippet:-1","max-image-preview":"max-image-preview:large","max-video-preview":"max-video-preview:-1"},"canonical":"https:\/\/voyage-aventure.com\/blog\/a-la-une\/les-voyages-a-pied-de-rousseau-une-exploration-de-la-nature-et-de-soi\/","og_locale":"fr_FR","og_type":"article","og_title":"Les voyages \u00e0 pied de Rousseau : une exploration de la","og_description":"Pour Jean-Jacques Rousseau, marcher n'\u00e9tait pas se d\u00e9placer : c'\u00e9tait penser. Ses longues travers\u00e9es \u00e0 pied, racont\u00e9es dans ses \u00e9crits, dessinent une","og_url":"https:\/\/voyage-aventure.com\/blog\/a-la-une\/les-voyages-a-pied-de-rousseau-une-exploration-de-la-nature-et-de-soi\/","og_site_name":"voyage-aventure","og_image":[{"url":"https:\/\/voyage-aventure.com\/blog\/wp-content\/uploads\/2025\/03\/sdxl-d9aef17e5d895bf4bf8e2991ea438622.png","width":1200,"height":500,"type":"image\/png"}],"author":"Camille Rouvray","twitter_card":"summary_large_image","schema":{"@context":"https:\/\/schema.org","@graph":[{"@type":"NewsArticle","@id":"https:\/\/voyage-aventure.com\/blog\/a-la-une\/les-voyages-a-pied-de-rousseau-une-exploration-de-la-nature-et-de-soi\/#article","isPartOf":{"@id":"https:\/\/voyage-aventure.com\/blog\/a-la-une\/les-voyages-a-pied-de-rousseau-une-exploration-de-la-nature-et-de-soi\/"},"author":{"name":"Camille Rouvray","@id":"https:\/\/voyage-aventure.com\/blog\/#\/schema\/person\/3c864cdc320801e3db34b663e7e3f816"},"headline":"Les voyages \u00e0 pied de Rousseau : une exploration de la nature et de soi","datePublished":"2026-06-12T20:23:02+00:00","mainEntityOfPage":{"@id":"https:\/\/voyage-aventure.com\/blog\/a-la-une\/les-voyages-a-pied-de-rousseau-une-exploration-de-la-nature-et-de-soi\/"},"wordCount":880,"commentCount":25,"publisher":{"@id":"https:\/\/voyage-aventure.com\/blog\/#organization"},"image":{"@id":"https:\/\/voyage-aventure.com\/blog\/a-la-une\/les-voyages-a-pied-de-rousseau-une-exploration-de-la-nature-et-de-soi\/#primaryimage"},"thumbnailUrl":"https:\/\/voyage-aventure.com\/blog\/wp-content\/uploads\/2025\/03\/sdxl-d9aef17e5d895bf4bf8e2991ea438622.png","keywords":["Authenticit\u00e9","\u00c9ducation","Nature","R\u00e9flexion","Rousseau","Voyage"],"articleSection":["\u00c0 la une"],"inLanguage":"fr-FR","potentialAction":[{"@type":"CommentAction","name":"Comment","target":["https:\/\/voyage-aventure.com\/blog\/a-la-une\/les-voyages-a-pied-de-rousseau-une-exploration-de-la-nature-et-de-soi\/#respond"]}]},{"@type":"WebPage","@id":"https:\/\/voyage-aventure.com\/blog\/a-la-une\/les-voyages-a-pied-de-rousseau-une-exploration-de-la-nature-et-de-soi\/","url":"https:\/\/voyage-aventure.com\/blog\/a-la-une\/les-voyages-a-pied-de-rousseau-une-exploration-de-la-nature-et-de-soi\/","name":"Les voyages \u00e0 pied de Rousseau : une exploration de la","isPartOf":{"@id":"https:\/\/voyage-aventure.com\/blog\/#website"},"primaryImageOfPage":{"@id":"https:\/\/voyage-aventure.com\/blog\/a-la-une\/les-voyages-a-pied-de-rousseau-une-exploration-de-la-nature-et-de-soi\/#primaryimage"},"image":{"@id":"https:\/\/voyage-aventure.com\/blog\/a-la-une\/les-voyages-a-pied-de-rousseau-une-exploration-de-la-nature-et-de-soi\/#primaryimage"},"thumbnailUrl":"https:\/\/voyage-aventure.com\/blog\/wp-content\/uploads\/2025\/03\/sdxl-d9aef17e5d895bf4bf8e2991ea438622.png","datePublished":"2026-06-12T20:23:02+00:00","description":"Pour Jean-Jacques Rousseau, marcher n'\u00e9tait pas se d\u00e9placer : c'\u00e9tait penser. Ses longues travers\u00e9es \u00e0 pied, racont\u00e9es dans ses \u00e9crits, dessinent une","inLanguage":"fr-FR","potentialAction":[{"@type":"ReadAction","target":["https:\/\/voyage-aventure.com\/blog\/a-la-une\/les-voyages-a-pied-de-rousseau-une-exploration-de-la-nature-et-de-soi\/"]}]},{"@type":"ImageObject","inLanguage":"fr-FR","@id":"https:\/\/voyage-aventure.com\/blog\/a-la-une\/les-voyages-a-pied-de-rousseau-une-exploration-de-la-nature-et-de-soi\/#primaryimage","url":"https:\/\/voyage-aventure.com\/blog\/wp-content\/uploads\/2025\/03\/sdxl-d9aef17e5d895bf4bf8e2991ea438622.png","contentUrl":"https:\/\/voyage-aventure.com\/blog\/wp-content\/uploads\/2025\/03\/sdxl-d9aef17e5d895bf4bf8e2991ea438622.png","width":1536,"height":640},{"@type":"WebSite","@id":"https:\/\/voyage-aventure.com\/blog\/#website","url":"https:\/\/voyage-aventure.com\/blog\/","name":"voyage-aventure.com","description":"Votre passeport pour l\u2019inattendu.","publisher":{"@id":"https:\/\/voyage-aventure.com\/blog\/#organization"},"alternateName":"Votre passeport pour l\u2019inattendu.","potentialAction":[{"@type":"SearchAction","target":{"@type":"EntryPoint","urlTemplate":"https:\/\/voyage-aventure.com\/blog\/?s={search_term_string}"},"query-input":{"@type":"PropertyValueSpecification","valueRequired":true,"valueName":"search_term_string"}}],"inLanguage":"fr-FR"},{"@type":"Organization","@id":"https:\/\/voyage-aventure.com\/blog\/#organization","name":"Foretsensations.fr","url":"https:\/\/voyage-aventure.com\/blog\/","logo":{"@type":"ImageObject","inLanguage":"fr-FR","@id":"https:\/\/voyage-aventure.com\/blog\/#\/schema\/logo\/image\/","url":"https:\/\/voyage-aventure.com\/blog\/wp-content\/uploads\/2024\/12\/19.png","contentUrl":"https:\/\/voyage-aventure.com\/blog\/wp-content\/uploads\/2024\/12\/19.png","width":512,"height":512,"caption":"Foretsensations.fr"},"image":{"@id":"https:\/\/voyage-aventure.com\/blog\/#\/schema\/logo\/image\/"}},{"@type":"Person","@id":"https:\/\/voyage-aventure.com\/blog\/#\/schema\/person\/3c864cdc320801e3db34b663e7e3f816","name":"Camille Rouvray","image":{"@type":"ImageObject","inLanguage":"fr-FR","@id":"https:\/\/voyage-aventure.com\/blog\/#\/schema\/person\/image\/","url":"https:\/\/voyage-aventure.com\/blog\/wp-content\/uploads\/2026\/06\/persona_camille-r-96x96.jpg","contentUrl":"https:\/\/voyage-aventure.com\/blog\/wp-content\/uploads\/2026\/06\/persona_camille-r-96x96.jpg","caption":"Camille Rouvray"},"description":"Je voyage et j'\u00e9cris sur le voyage depuis une douzaine d'ann\u00e9es, d'abord en tant que routarde au long cours, puis comme r\u00e9dactrice sp\u00e9cialis\u00e9e. Mon terrain de pr\u00e9dilection, ce sont les circuits organis\u00e9s et l'art de bien pr\u00e9parer un itin\u00e9raire : choix de la saison, dur\u00e9e r\u00e9aliste des \u00e9tapes, budget jour par jour, logement et transport sur place. J'aime aussi raconter les p\u00e9pites urbaines, ces adresses qu'on ne trouve pas dans les guides classiques. Avant de publier un dossier destination, je croise toujours plusieurs sources, je v\u00e9rifie les tarifs et les formalit\u00e9s d'entr\u00e9e \u00e0 jour, et je teste moi-m\u00eame quand je le peux. Mon angle reste pratique avant tout : aider le lecteur \u00e0 partir l'esprit tranquille, sans mauvaise surprise une fois sur place. Je m'attache \u00e0 distinguer le coup de c\u0153ur sinc\u00e8re du simple argument marketing.","sameAs":["https:\/\/camillerouvray.fr\/"],"url":"https:\/\/voyage-aventure.com\/blog\/auteur\/noname\/"}]}},"_links":{"self":[{"href":"https:\/\/voyage-aventure.com\/blog\/wp-json\/wp\/v2\/posts\/8343","targetHints":{"allow":["GET"]}}],"collection":[{"href":"https:\/\/voyage-aventure.com\/blog\/wp-json\/wp\/v2\/posts"}],"about":[{"href":"https:\/\/voyage-aventure.com\/blog\/wp-json\/wp\/v2\/types\/post"}],"author":[{"embeddable":true,"href":"https:\/\/voyage-aventure.com\/blog\/wp-json\/wp\/v2\/users\/34"}],"replies":[{"embeddable":true,"href":"https:\/\/voyage-aventure.com\/blog\/wp-json\/wp\/v2\/comments?post=8343"}],"version-history":[{"count":2,"href":"https:\/\/voyage-aventure.com\/blog\/wp-json\/wp\/v2\/posts\/8343\/revisions"}],"predecessor-version":[{"id":22344,"href":"https:\/\/voyage-aventure.com\/blog\/wp-json\/wp\/v2\/posts\/8343\/revisions\/22344"}],"wp:featuredmedia":[{"embeddable":true,"href":"https:\/\/voyage-aventure.com\/blog\/wp-json\/wp\/v2\/media\/14265"}],"wp:attachment":[{"href":"https:\/\/voyage-aventure.com\/blog\/wp-json\/wp\/v2\/media?parent=8343"}],"wp:term":[{"taxonomy":"category","embeddable":true,"href":"https:\/\/voyage-aventure.com\/blog\/wp-json\/wp\/v2\/categories?post=8343"},{"taxonomy":"post_tag","embeddable":true,"href":"https:\/\/voyage-aventure.com\/blog\/wp-json\/wp\/v2\/tags?post=8343"}],"curies":[{"name":"wp","href":"https:\/\/api.w.org\/{rel}","templated":true}]}}