{"id":8338,"date":"2026-05-19T19:49:19","date_gmt":"2026-05-19T17:49:19","guid":{"rendered":"https:\/\/voyage-aventure.com\/blog\/?p=8338"},"modified":"2026-05-19T19:49:19","modified_gmt":"2026-05-19T17:49:19","slug":"le-voyage-des-sens-a-desvres-une-experience-inoubliable","status":"publish","type":"post","link":"https:\/\/voyage-aventure.com\/blog\/a-la-une\/le-voyage-des-sens-a-desvres-une-experience-inoubliable\/","title":{"rendered":"Le voyage des sens \u00e0 Desvres : une exp\u00e9rience inoubliable"},"content":{"rendered":"<aside style=\"background:#f6efe6;border-left:5px solid #6a4a2a;padding:22px 28px;margin:24px 0;font-family:-apple-system,BlinkMacSystemFont,'Segoe UI',Roboto,sans-serif;\">\n<div style=\"margin:0;font-size:19px;line-height:1.55;color:#2a2a2a;font-weight:500;letter-spacing:-0.005em;\">\n    \u00c0 Desvres, la promesse d&rsquo;un voyage ne tient pas dans une carte postale. Elle se go\u00fbte dans une tarte au maroilles encore ti\u00e8de, se devine dans l&rsquo;odeur d&rsquo;argile mouill\u00e9e des ateliers de fa\u00efence, se laisse traverser par le chant d&rsquo;une rivi\u00e8re. Cinq sens, un seul terroir.\n  <\/div>\n<\/aside>\n<h2>Une immersion sensorielle dans le Pas-de-Calais<\/h2>\n<p>Coinc\u00e9e entre la mer d&rsquo;Opale et les premiers reliefs du Boulonnais, Desvres ne se visite pas comme une ville-mus\u00e9e. Elle se traverse comme une partition \u00e0 cinq voix : la table, le geste artisanal, la nature, la m\u00e9moire des fours \u00e0 fa\u00efence, et ce silence si particulier qui s\u00e9pare deux clochers de campagne. C&rsquo;est ce dosage qui transforme une simple escapade en exp\u00e9rience qu&rsquo;on n&rsquo;oublie pas.<\/p>\n<p>Comment cette petite commune du Pas-de-Calais parvient-elle \u00e0 \u00e9veiller autant de sensations en si peu de kilom\u00e8tres ? La r\u00e9ponse se construit par couches : d&rsquo;abord les saveurs du terroir, puis les odeurs des champs et de la terre cuite, enfin les sons qui ponctuent les saisons. Aucune attraction spectaculaire, mais une accumulation d&rsquo;instants justes \u2014 et c&rsquo;est pr\u00e9cis\u00e9ment ce qui fait la diff\u00e9rence.<\/p>\n<aside style=\"background:#fafaf7;border:1px solid #e5e5e0;border-radius:8px;padding:24px 26px 26px;margin:28px 0;font-family:-apple-system,BlinkMacSystemFont,'Segoe UI',Roboto,sans-serif;\">\n<div style=\"margin:0 0 18px 0;font-size:11px;font-weight:700;text-transform:uppercase;letter-spacing:2.2px;color:#6a4a2a;\">\u00c0 retenir<\/div>\n<div style=\"display:grid;grid-template-columns:repeat(auto-fit,minmax(240px,1fr));gap:10px;\">\n<div style=\"display:flex;gap:12px;background:#fff;border:1px solid #ebebe5;padding:12px 14px;border-radius:6px;align-items:flex-start;\">\n      <span style=\"flex:0 0 26px;width:26px;height:26px;background:#6a4a2a;color:#fff;border-radius:50%;display:inline-flex;align-items:center;justify-content:center;font-size:12px;font-weight:700;font-family:-apple-system,sans-serif;\">1<\/span><br \/>\n      <span style=\"font-size:14px;line-height:1.5;color:#2a2a2a;\">Desvres r\u00e9veille les cinq sens : table, odeurs v\u00e9g\u00e9tales, terre d&rsquo;argile, sons de nature, regard sur le patrimoine.<\/span>\n    <\/div>\n<div style=\"display:flex;gap:12px;background:#fff;border:1px solid #ebebe5;padding:12px 14px;border-radius:6px;align-items:flex-start;\">\n      <span style=\"flex:0 0 26px;width:26px;height:26px;background:#6a4a2a;color:#fff;border-radius:50%;display:inline-flex;align-items:center;justify-content:center;font-size:12px;font-weight:700;font-family:-apple-system,sans-serif;\">2<\/span><br \/>\n      <span style=\"font-size:14px;line-height:1.5;color:#2a2a2a;\">March\u00e9 du samedi matin : passage oblig\u00e9 pour produits du terroir, confitures et fromages.<\/span>\n    <\/div>\n<div style=\"display:flex;gap:12px;background:#fff;border:1px solid #ebebe5;padding:12px 14px;border-radius:6px;align-items:flex-start;\">\n      <span style=\"flex:0 0 26px;width:26px;height:26px;background:#6a4a2a;color:#fff;border-radius:50%;display:inline-flex;align-items:center;justify-content:center;font-size:12px;font-weight:700;font-family:-apple-system,sans-serif;\">3<\/span><br \/>\n      <span style=\"font-size:14px;line-height:1.5;color:#2a2a2a;\">Tarte au maroilles, flamiche, welsh : la cuisine reste profond\u00e9ment r\u00e9gionale et g\u00e9n\u00e9reuse.<\/span>\n    <\/div>\n<div style=\"display:flex;gap:12px;background:#fff;border:1px solid #ebebe5;padding:12px 14px;border-radius:6px;align-items:flex-start;\">\n      <span style=\"flex:0 0 26px;width:26px;height:26px;background:#6a4a2a;color:#fff;border-radius:50%;display:inline-flex;align-items:center;justify-content:center;font-size:12px;font-weight:700;font-family:-apple-system,sans-serif;\">4<\/span><br \/>\n      <span style=\"font-size:14px;line-height:1.5;color:#2a2a2a;\">La fa\u00efence est le fil rouge du territoire : ateliers vivants et savoir-faire transmis depuis le XVIII\u1d49 si\u00e8cle.<\/span>\n    <\/div>\n<div style=\"display:flex;gap:12px;background:#fff;border:1px solid #ebebe5;padding:12px 14px;border-radius:6px;align-items:flex-start;\">\n      <span style=\"flex:0 0 26px;width:26px;height:26px;background:#6a4a2a;color:#fff;border-radius:50%;display:inline-flex;align-items:center;justify-content:center;font-size:12px;font-weight:700;font-family:-apple-system,sans-serif;\">5<\/span><br \/>\n      <span style=\"font-size:14px;line-height:1.5;color:#2a2a2a;\">Printemps et \u00e9t\u00e9 restent les fen\u00eatres id\u00e9ales pour combiner balades, concerts et march\u00e9s artisanaux.<\/span>\n    <\/div>\n<\/p><\/div>\n<\/aside>\n<h2>Les saveurs de Desvres : entre gastronomie et authenticit\u00e9<\/h2>\n<p>La gastronomie \u00e0 Desvres constitue un v\u00e9ritable atout. Les producteurs locaux, passionn\u00e9s par leur m\u00e9tier, proposent des produits du terroir qui \u00e9merveillent les papilles. De la fameuse tarte au maroilles aux confitures artisanales, chaque bouch\u00e9e raconte une histoire. Les march\u00e9s locaux, comme celui du samedi matin, offrent une occasion id\u00e9ale de d\u00e9couvrir une gamme vari\u00e9e de d\u00e9lices.<\/p>\n<p>Les restaurants de la r\u00e9gion, souvent tenus par des chefs talentueux, mettent en avant les sp\u00e9cialit\u00e9s locales. Ces \u00e9tablissements cherchent \u00e0 offrir une cuisine authentique et savoureuse, permettant aux visiteurs de savourer des plats pr\u00e9par\u00e9s avec des ingr\u00e9dients frais et de qualit\u00e9. Le rythme y est lent, le menu court, la cave r\u00e9gionale \u2014 et c&rsquo;est tr\u00e8s bien ainsi.<\/p>\n<aside style=\"background:#fff7e0;border-left:4px solid #d4a017;padding:14px 18px;margin:18px 0;border-radius:0 4px 4px 0;font-family:-apple-system,BlinkMacSystemFont,'Segoe UI',Roboto,sans-serif;\">\n  <strong style=\"display:inline-block;color:#7a5e00;font-size:12px;text-transform:uppercase;letter-spacing:1.5px;margin-right:8px;\">&#128161; Bon \u00e0 savoir<\/strong><br \/>\n  <span style=\"font-size:14.5px;line-height:1.55;color:#3a3a3a;\">Le march\u00e9 hebdomadaire de Desvres se tient le samedi matin sur la Grand&rsquo;Place. Comptez 1h30 \u00e0 2h pour en faire le tour sans courir, et arrivez avant 10h pour profiter du choix sur les fromages et les fruits de saison.<\/span><br \/>\n<\/aside>\n<p>Pour qui veut prolonger le voyage du go\u00fbt au-del\u00e0 d&rsquo;une simple d\u00e9gustation, plusieurs ressources existent pour pr\u00e9parer son itin\u00e9raire culinaire. Les guides locaux et certains carnets de voyage en ligne livrent des astuces pr\u00e9cieuses pour ne rien manquer des escales gourmandes du Boulonnais, \u00e0 l&rsquo;image de cet aper\u00e7u sign\u00e9 <a href=\"https:\/\/voyage-aventure.com\/blog\/a-la-une\/decouvrez-les-meilleures-astuces-pour-un-voyage-reussi-avec-aca-voyage\/\">les meilleures astuces pour un voyage r\u00e9ussi avec ACA Voyage<\/a>, utile pour caler les bons r\u00e9flexes avant de partir.<\/p>\n<figure style=\"margin:32px 0;font-family:-apple-system,BlinkMacSystemFont,'Segoe UI',Roboto,sans-serif;\">\n<div style=\"overflow-x:auto;border:1px solid #e5e5e0;border-radius:8px;\">\n<table style=\"width:100%;border-collapse:collapse;font-size:14px;color:#2a2a2a;min-width:500px;\">\n<thead>\n<tr style=\"background:#1a1a1a;color:#fff;\">\n<th style=\"text-align:left;padding:14px 18px;font-weight:700;font-size:12px;text-transform:uppercase;letter-spacing:1.5px;\">Sp\u00e9cialit\u00e9<\/th>\n<th style=\"text-align:left;padding:14px 18px;font-weight:700;font-size:12px;text-transform:uppercase;letter-spacing:1.5px;\">O\u00f9 la go\u00fbter<\/th>\n<th style=\"text-align:center;padding:14px 18px;font-weight:700;font-size:12px;text-transform:uppercase;letter-spacing:1.5px;\">Saison id\u00e9ale<\/th>\n<\/tr>\n<\/thead>\n<tbody>\n<tr style=\"background:#fff;border-bottom:1px solid #f0ede5;\">\n<td style=\"padding:14px 18px;font-weight:600;\">Tarte au maroilles<\/td>\n<td style=\"padding:14px 18px;color:#4a4a4a;\">Bistrots de centre-ville, fermes-auberges<\/td>\n<td style=\"padding:14px 18px;text-align:center;color:#6a6a6a;\">Toute l&rsquo;ann\u00e9e<\/td>\n<\/tr>\n<tr style=\"background:#fafaf7;border-bottom:1px solid #f0ede5;\">\n<td style=\"padding:14px 18px;font-weight:600;\">Confitures artisanales<\/td>\n<td style=\"padding:14px 18px;color:#4a4a4a;\">March\u00e9 du samedi, producteurs locaux<\/td>\n<td style=\"padding:14px 18px;text-align:center;color:#6a6a6a;\">\u00c9t\u00e9 &amp; automne<\/td>\n<\/tr>\n<tr style=\"background:#fff;border-bottom:1px solid #f0ede5;\">\n<td style=\"padding:14px 18px;font-weight:600;\">Flamiche \/ welsh<\/td>\n<td style=\"padding:14px 18px;color:#4a4a4a;\">Estaminets traditionnels<\/td>\n<td style=\"padding:14px 18px;text-align:center;color:#6a6a6a;\">Automne &amp; hiver<\/td>\n<\/tr>\n<tr style=\"background:#fafaf7;border-bottom:1px solid #f0ede5;\">\n<td style=\"padding:14px 18px;font-weight:600;\">Fromages du Boulonnais<\/td>\n<td style=\"padding:14px 18px;color:#4a4a4a;\">Cr\u00e9meries, march\u00e9s fermiers<\/td>\n<td style=\"padding:14px 18px;text-align:center;color:#6a6a6a;\">Toute l&rsquo;ann\u00e9e<\/td>\n<\/tr>\n<tr style=\"background:#fff;\">\n<td style=\"padding:14px 18px;font-weight:600;\">Bi\u00e8res artisanales locales<\/td>\n<td style=\"padding:14px 18px;color:#4a4a4a;\">Brasseries du Pas-de-Calais<\/td>\n<td style=\"padding:14px 18px;text-align:center;color:#6a6a6a;\">Toute l&rsquo;ann\u00e9e<\/td>\n<\/tr>\n<\/tbody>\n<\/table><\/div><figcaption style=\"font-size:11px;color:#7a7a7a;margin-top:8px;text-align:right;letter-spacing:0.3px;\">Indicatif \u2014 v\u00e9rifier la disponibilit\u00e9 aupr\u00e8s des producteurs.<\/figcaption><\/figure>\n<h2>Les senteurs et les sons : une balade sensorielle<\/h2>\n<p>Au-del\u00e0 des saveurs, Desvres enchante \u00e9galement par ses odeurs. Les balades dans les champs, les jardins et le long des rivi\u00e8res permettent de sentir les fragrances des fleurs et des herbes sauvages. Cette immersion olfactive se prolonge dans les fermes et les ateliers artisanaux, o\u00f9 les artisans travaillent des mati\u00e8res premi\u00e8res, comme l&rsquo;argile, pour cr\u00e9er des \u0153uvres uniques.<\/p>\n<p>Les sons de la nature compl\u00e8tent cette exp\u00e9rience. Le chant des oiseaux, le murmure des rivi\u00e8res et le souffle du vent dans les arbres cr\u00e9ent une harmonie apaisante. Les \u00e9v\u00e9nements culturels, comme les concerts en plein air, ajoutent une dimension festive, rendant chaque visite encore plus m\u00e9morable.<\/p>\n<div style=\"display:grid;grid-template-columns:repeat(auto-fit,minmax(220px,1fr));gap:14px;margin:28px 0;font-family:-apple-system,BlinkMacSystemFont,'Segoe UI',Roboto,sans-serif;\">\n<article style=\"background:#fff;border:1px solid #e5e5e0;border-top:3px solid #6a4a2a;border-radius:6px;padding:18px 18px 16px;\">\n<div style=\"width:36px;height:36px;background:#f6efe6;border-radius:50%;display:inline-flex;align-items:center;justify-content:center;margin-bottom:12px;\">\n      <span style=\"font-size:18px;color:#6a4a2a;font-weight:900;font-family:Georgia,serif;\">01<\/span>\n    <\/div>\n<h3 style=\"margin:0 0 6px 0;font-size:16px;font-weight:700;color:#1a1a1a;letter-spacing:-0.01em;\">Balades champ\u00eatres<\/h3>\n<div style=\"margin:0;font-size:13.5px;line-height:1.55;color:#4a4a4a;\">Chemins de campagne autour du Boulonnais : prairies, haies bocag\u00e8res, parfums de foin et de bruy\u00e8re selon les saisons.<\/div>\n<\/article>\n<article style=\"background:#fff;border:1px solid #e5e5e0;border-top:3px solid #6a4a2a;border-radius:6px;padding:18px 18px 16px;\">\n<div style=\"width:36px;height:36px;background:#f6efe6;border-radius:50%;display:inline-flex;align-items:center;justify-content:center;margin-bottom:12px;\">\n      <span style=\"font-size:18px;color:#6a4a2a;font-weight:900;font-family:Georgia,serif;\">02<\/span>\n    <\/div>\n<h3 style=\"margin:0 0 6px 0;font-size:16px;font-weight:700;color:#1a1a1a;letter-spacing:-0.01em;\">Ateliers de fa\u00efence<\/h3>\n<div style=\"margin:0;font-size:13.5px;line-height:1.55;color:#4a4a4a;\">L&rsquo;argile humide, le four chaud, le geste pr\u00e9cis du d\u00e9corateur : trois si\u00e8cles de savoir-faire toujours en activit\u00e9.<\/div>\n<\/article>\n<article style=\"background:#fff;border:1px solid #e5e5e0;border-top:3px solid #6a4a2a;border-radius:6px;padding:18px 18px 16px;\">\n<div style=\"width:36px;height:36px;background:#f6efe6;border-radius:50%;display:inline-flex;align-items:center;justify-content:center;margin-bottom:12px;\">\n      <span style=\"font-size:18px;color:#6a4a2a;font-weight:900;font-family:Georgia,serif;\">03<\/span>\n    <\/div>\n<h3 style=\"margin:0 0 6px 0;font-size:16px;font-weight:700;color:#1a1a1a;letter-spacing:-0.01em;\">March\u00e9s du terroir<\/h3>\n<div style=\"margin:0;font-size:13.5px;line-height:1.55;color:#4a4a4a;\">Voix des marchands, odeur du fromage affin\u00e9, couleur des confitures align\u00e9es : un th\u00e9\u00e2tre sensoriel chaque week-end.<\/div>\n<\/article>\n<article style=\"background:#fff;border:1px solid #e5e5e0;border-top:3px solid #6a4a2a;border-radius:6px;padding:18px 18px 16px;\">\n<div style=\"width:36px;height:36px;background:#f6efe6;border-radius:50%;display:inline-flex;align-items:center;justify-content:center;margin-bottom:12px;\">\n      <span style=\"font-size:18px;color:#6a4a2a;font-weight:900;font-family:Georgia,serif;\">04<\/span>\n    <\/div>\n<h3 style=\"margin:0 0 6px 0;font-size:16px;font-weight:700;color:#1a1a1a;letter-spacing:-0.01em;\">Concerts en plein air<\/h3>\n<div style=\"margin:0;font-size:13.5px;line-height:1.55;color:#4a4a4a;\">Animations estivales, f\u00eates de village : la bande-son du Boulonnais sous les charmes et les ch\u00e2taigniers.<\/div>\n<\/article>\n<\/div>\n<figure style=\"margin:38px auto;padding:28px 24px;text-align:center;border-top:1px solid #2a2a2a;border-bottom:1px solid #2a2a2a;max-width:640px;position:relative;font-family:Georgia,'Hoefler Text',serif;\">\n<div style=\"position:absolute;top:-20px;left:50%;transform:translateX(-50%);background:#ffffff;padding:0 14px;font-size:48px;line-height:1;color:#6a4a2a;font-family:Georgia,serif;\">&laquo;<\/div>\n<blockquote style=\"margin:0;padding:0;font-size:24px;line-height:1.45;font-style:italic;color:#1a1a1a;letter-spacing:-0.005em;\"><p>\n    Chaque fois que je viens \u00e0 Desvres, je d\u00e9couvre quelque chose de nouveau.<br \/>\n  <\/blockquote><figcaption style=\"margin-top:14px;font-size:12px;text-transform:uppercase;letter-spacing:2px;color:#6a6a6a;font-family:-apple-system,sans-serif;font-style:normal;\">\u2014 Un habitant du Boulonnais<\/figcaption><\/figure>\n<h2>La fa\u00efence de Desvres : un voyage par le geste<\/h2>\n<p>Impossible d&rsquo;\u00e9voquer Desvres sans citer la fa\u00efence qui a fait sa r\u00e9putation depuis le XVIII\u1d49 si\u00e8cle. La terre argileuse du Boulonnais, naturellement riche et plastique, a donn\u00e9 naissance \u00e0 toute une \u00e9cole d&rsquo;art c\u00e9ramique : motifs floraux, sc\u00e8nes mythologiques, services de table d\u00e9cor\u00e9s \u00e0 la main. Aujourd&rsquo;hui encore, plusieurs ateliers perp\u00e9tuent le geste, ouvrent leurs portes aux visiteurs et exposent dans des mus\u00e9es sp\u00e9cialis\u00e9s du territoire.<\/p>\n<p>Observer un tourneur centrer son p\u00e2ton d&rsquo;argile, un \u00e9mailleur tremper une pi\u00e8ce dans son bain laiteux ou un d\u00e9corateur tracer un filet bleu \u00e0 main lev\u00e9e, c&rsquo;est aussi un voyage sensoriel \u00e0 part enti\u00e8re. Le toucher rejoint l&rsquo;\u0153il, l&rsquo;oreille per\u00e7oit le crissement du tour, et la m\u00e9moire du visiteur s&rsquo;impr\u00e8gne d&rsquo;un savoir-faire que peu de r\u00e9gions fran\u00e7aises ont su pr\u00e9server \u00e0 ce niveau.<\/p>\n<aside style=\"background:#e7f5ec;border-left:4px solid #6a4a2a;padding:14px 18px;margin:18px 0;border-radius:0 4px 4px 0;font-family:-apple-system,BlinkMacSystemFont,'Segoe UI',Roboto,sans-serif;\">\n  <strong style=\"display:inline-block;color:#5a3a1f;font-size:12px;text-transform:uppercase;letter-spacing:1.5px;margin-right:8px;\">&#10022; Astuce<\/strong><br \/>\n  <span style=\"font-size:14.5px;line-height:1.55;color:#3a3a3a;\">Beaucoup d&rsquo;ateliers proposent des visites guid\u00e9es sur r\u00e9servation, parfois avec d\u00e9monstration de tournage ou de d\u00e9cor \u00e0 la main. T\u00e9l\u00e9phoner la veille permet d&rsquo;\u00e9viter les jours ferm\u00e9s et d&rsquo;obtenir, parfois, un cr\u00e9neau priv\u00e9.<\/span><br \/>\n<\/aside>\n<h2>Saisons, \u00e9v\u00e9nements et rythmes de visite<\/h2>\n<p>Le voyage des sens \u00e0 Desvres ne se vit pas de la m\u00eame fa\u00e7on en juin qu&rsquo;en novembre. Le printemps offre les premi\u00e8res floraisons, les march\u00e9s s&rsquo;\u00e9toffent, les concerts en plein air reviennent. L&rsquo;\u00e9t\u00e9 prolonge l&rsquo;exp\u00e9rience avec les f\u00eates locales et les ducasses du Boulonnais. L&rsquo;automne pose une lumi\u00e8re dor\u00e9e sur les chaumes et fait basculer la table vers les gibiers, les soupes et les p\u00e2tisseries plus rustiques. L&rsquo;hiver, plus discret, valorise les estaminets chauff\u00e9s et la rencontre avec les artisans dans leurs ateliers ferm\u00e9s au vent.<\/p>\n<div style=\"display:grid;grid-template-columns:repeat(auto-fit,minmax(260px,1fr));gap:14px;margin:28px 0;font-family:-apple-system,BlinkMacSystemFont,'Segoe UI',Roboto,sans-serif;\">\n<div style=\"background:#fafaf7;border:1px solid #c4dfcd;border-top:4px solid #6a4a2a;border-radius:4px;padding:20px 22px;\">\n<h3 style=\"margin:0 0 14px 0;font-size:13px;font-weight:700;text-transform:uppercase;letter-spacing:1.8px;color:#5a3a1f;\">&#10003; \u00c0 faire<\/h3>\n<ul style=\"margin:0;padding:0;list-style:none;\">\n<li style=\"display:flex;gap:10px;align-items:flex-start;padding:6px 0;font-size:14px;line-height:1.5;color:#2a2a2a;border-bottom:1px solid #ebebe5;\"><span style=\"color:#6a4a2a;font-weight:700;flex:0 0 14px;\">&#10003;<\/span><span>R\u00e9server une visite d&rsquo;atelier de fa\u00efence en amont<\/span><\/li>\n<li style=\"display:flex;gap:10px;align-items:flex-start;padding:6px 0;font-size:14px;line-height:1.5;color:#2a2a2a;border-bottom:1px solid #ebebe5;\"><span style=\"color:#6a4a2a;font-weight:700;flex:0 0 14px;\">&#10003;<\/span><span>Caler son week-end sur le march\u00e9 du samedi<\/span><\/li>\n<li style=\"display:flex;gap:10px;align-items:flex-start;padding:6px 0;font-size:14px;line-height:1.5;color:#2a2a2a;border-bottom:1px solid #ebebe5;\"><span style=\"color:#6a4a2a;font-weight:700;flex:0 0 14px;\">&#10003;<\/span><span>Pr\u00e9voir de bonnes chaussures pour les chemins ruraux<\/span><\/li>\n<li style=\"display:flex;gap:10px;align-items:flex-start;padding:6px 0;font-size:14px;line-height:1.5;color:#2a2a2a;\"><span style=\"color:#6a4a2a;font-weight:700;flex:0 0 14px;\">&#10003;<\/span><span>Mixer un d\u00e9jeuner \u00e0 table d&rsquo;h\u00f4te et un d\u00eener en estaminet<\/span><\/li>\n<\/ul><\/div>\n<div style=\"background:#fafaf7;border:1px solid #f3cccc;border-top:4px solid #c54848;border-radius:4px;padding:20px 22px;\">\n<h3 style=\"margin:0 0 14px 0;font-size:13px;font-weight:700;text-transform:uppercase;letter-spacing:1.8px;color:#8a2020;\">&#10005; \u00c0 \u00e9viter<\/h3>\n<ul style=\"margin:0;padding:0;list-style:none;\">\n<li style=\"display:flex;gap:10px;align-items:flex-start;padding:6px 0;font-size:14px;line-height:1.5;color:#2a2a2a;border-bottom:1px solid #ebebe5;\"><span style=\"color:#c54848;font-weight:700;flex:0 0 14px;\">&#10005;<\/span><span>Arriver un lundi sans avoir v\u00e9rifi\u00e9 les fermetures<\/span><\/li>\n<li style=\"display:flex;gap:10px;align-items:flex-start;padding:6px 0;font-size:14px;line-height:1.5;color:#2a2a2a;border-bottom:1px solid #ebebe5;\"><span style=\"color:#c54848;font-weight:700;flex:0 0 14px;\">&#10005;<\/span><span>Vouloir tout faire en une journ\u00e9e express<\/span><\/li>\n<li style=\"display:flex;gap:10px;align-items:flex-start;padding:6px 0;font-size:14px;line-height:1.5;color:#2a2a2a;border-bottom:1px solid #ebebe5;\"><span style=\"color:#c54848;font-weight:700;flex:0 0 14px;\">&#10005;<\/span><span>N\u00e9gliger les villages alentour qui compl\u00e8tent l&rsquo;exp\u00e9rience<\/span><\/li>\n<li style=\"display:flex;gap:10px;align-items:flex-start;padding:6px 0;font-size:14px;line-height:1.5;color:#2a2a2a;\"><span style=\"color:#c54848;font-weight:700;flex:0 0 14px;\">&#10005;<\/span><span>Acheter des fa\u00efences sans v\u00e9rifier l&rsquo;origine artisanale<\/span><\/li>\n<\/ul><\/div>\n<\/div>\n<aside style=\"background:#fdecec;border-left:4px solid #c54848;padding:14px 18px;margin:18px 0;border-radius:0 4px 4px 0;font-family:-apple-system,BlinkMacSystemFont,'Segoe UI',Roboto,sans-serif;\">\n  <strong style=\"display:inline-block;color:#8a2020;font-size:12px;text-transform:uppercase;letter-spacing:1.5px;margin-right:8px;\">&#9888;&#65039; Attention<\/strong><br \/>\n  <span style=\"font-size:14.5px;line-height:1.55;color:#3a3a3a;\">Les horaires des ateliers d&rsquo;artisans changent souvent selon la saison et les commandes en cours. Mieux vaut un coup de fil de confirmation que de se retrouver devant une porte close apr\u00e8s une heure de route.<\/span><br \/>\n<\/aside>\n<h2>Avant \/ apr\u00e8s : pr\u00e9parer pour mieux ressentir<\/h2>\n<p>L&rsquo;erreur classique du voyageur press\u00e9, c&rsquo;est d&rsquo;arriver \u00e0 Desvres comme on coche une case sur une liste. Quelques minutes au march\u00e9, un d\u00e9jeuner rapide, une photo devant la mairie, et on repart. \u00c0 ce rythme, on rate l&rsquo;essentiel : les ateliers ferm\u00e9s ce jour-l\u00e0, les chemins de balade qu&rsquo;on n&rsquo;a pas pris, la conversation avec le producteur qu&rsquo;on n&rsquo;a pas eu le temps d&rsquo;amorcer.<\/p>\n<div style=\"display:grid;grid-template-columns:repeat(auto-fit,minmax(260px,1fr));gap:14px;margin:28px 0;font-family:-apple-system,BlinkMacSystemFont,'Segoe UI',Roboto,sans-serif;\">\n<div style=\"background:#fdecec;border:1px solid #f3cccc;border-radius:6px;padding:20px 22px;\">\n<div style=\"display:flex;align-items:center;gap:10px;margin-bottom:14px;padding-bottom:10px;border-bottom:1px solid #f3cccc;\">\n      <span style=\"width:32px;height:32px;background:#c54848;color:#fff;border-radius:50%;display:inline-flex;align-items:center;justify-content:center;font-size:18px;font-weight:700;\">&#10005;<\/span><\/p>\n<h3 style=\"margin:0;font-size:16px;font-weight:700;color:#8a2020;letter-spacing:-0.01em;\">Visite exp\u00e9ditive<\/h3>\n<\/p><\/div>\n<ul style=\"margin:0;padding-left:18px;font-size:14px;line-height:1.7;color:#3a3a3a;\">\n<li>Arriv\u00e9e tardive un dimanche apr\u00e8s-midi<\/li>\n<li>Une seule heure sur le march\u00e9, en coup de vent<\/li>\n<li>Aucune r\u00e9servation d&rsquo;atelier ni de restaurant<\/li>\n<li>Repas sandwich aval\u00e9 sur un parking<\/li>\n<\/ul><\/div>\n<div style=\"background:#f6efe6;border:1px solid #d9c4a6;border-radius:6px;padding:20px 22px;\">\n<div style=\"display:flex;align-items:center;gap:10px;margin-bottom:14px;padding-bottom:10px;border-bottom:1px solid #d9c4a6;\">\n      <span style=\"width:32px;height:32px;background:#6a4a2a;color:#fff;border-radius:50%;display:inline-flex;align-items:center;justify-content:center;font-size:18px;font-weight:700;\">&#10003;<\/span><\/p>\n<h3 style=\"margin:0;font-size:16px;font-weight:700;color:#5a3a1f;letter-spacing:-0.01em;\">Voyage lent<\/h3>\n<\/p><\/div>\n<ul style=\"margin:0;padding-left:18px;font-size:14px;line-height:1.7;color:#3a3a3a;\">\n<li>Week-end complet, arriv\u00e9e le vendredi soir<\/li>\n<li>March\u00e9 du samedi matin sans pr\u00e9cipitation<\/li>\n<li>Atelier de fa\u00efence r\u00e9serv\u00e9, balade l&rsquo;apr\u00e8s-midi<\/li>\n<li>D\u00eener en estaminet, conversation avec les h\u00f4tes<\/li>\n<\/ul><\/div>\n<\/div>\n<p>Pour qui veut continuer \u00e0 enrichir sa culture du voyage et de l&rsquo;immersion sensorielle, certaines lectures compl\u00e8tent parfaitement une escapade \u00e0 Desvres : carnets de voyage, r\u00e9cits litt\u00e9raires et explorations imaginaires. Un bel exemple d&rsquo;ouvrage \u00e9vocateur est par exemple pr\u00e9sent\u00e9 dans cet article sur <a href=\"https:\/\/voyage-aventure.com\/blog\/a-la-une\/decouvrez-labecedaire-du-livre-voyage-a-pitchipoi-un-voyage-inoubliable\/\">l&rsquo;ab\u00e9c\u00e9daire du livre Voyage \u00e0 Pitchipoi, un voyage inoubliable<\/a>, qui ouvre une autre porte vers le voyage int\u00e9rieur.<\/p>\n<h2>Comment relier Desvres \u00e0 un itin\u00e9raire plus large<\/h2>\n<p>G\u00e9ographiquement, Desvres se trouve \u00e0 mi-chemin entre Boulogne-sur-Mer et Saint-Omer, \u00e0 proximit\u00e9 imm\u00e9diate de la C\u00f4te d&rsquo;Opale, du Parc naturel r\u00e9gional des Caps et Marais d&rsquo;Opale et des marais audomarois. Cette position en fait une \u00e9tape id\u00e9ale pour qui souhaite construire un s\u00e9jour coh\u00e9rent autour des sens : un jour \u00e0 Desvres pour l&rsquo;artisanat et le terroir, une journ\u00e9e littorale pour le grand air et les produits de la mer, une autre dans les marais pour la lumi\u00e8re et le silence.<\/p>\n<p>Le tout sans d\u00e9paysement brutal : ici, les paysages s&rsquo;encha\u00eenent en douceur, comme une suite de chapitres d&rsquo;un m\u00eame livre. C&rsquo;est cette continuit\u00e9 qui transforme un simple week-end en v\u00e9ritable parenth\u00e8se, o\u00f9 l&rsquo;on ressort plus calme, mieux nourri et avec une poign\u00e9e de souvenirs concrets \u2014 un sachet de farine d&rsquo;un moulin local, une petite pi\u00e8ce de fa\u00efence, un pot de confiture achet\u00e9 au march\u00e9 du samedi.<\/p>\n<aside style=\"background:#fff7e0;border-left:4px solid #d4a017;padding:14px 18px;margin:18px 0;border-radius:0 4px 4px 0;font-family:-apple-system,BlinkMacSystemFont,'Segoe UI',Roboto,sans-serif;\">\n  <strong style=\"display:inline-block;color:#7a5e00;font-size:12px;text-transform:uppercase;letter-spacing:1.5px;margin-right:8px;\">&#128161; Bon \u00e0 savoir<\/strong><br \/>\n  <span style=\"font-size:14.5px;line-height:1.55;color:#3a3a3a;\">Beaucoup d&rsquo;offices de tourisme du Boulonnais proposent des circuits combin\u00e9s fa\u00efence + terroir + littoral sur deux jours. Une bonne option pour les visiteurs venus de loin qui veulent maximiser leur temps sans perdre l&rsquo;esprit de la fl\u00e2nerie.<\/span><br \/>\n<\/aside>\n<h2>Une invitation \u00e0 l&rsquo;\u00e9veil des sens<\/h2>\n<p>Le voyage des sens \u00e0 Desvres se pr\u00e9sente comme une invitation \u00e0 d\u00e9couvrir un territoire authentique. Les visiteurs peuvent s&rsquo;immerger dans une exp\u00e9rience riche et vari\u00e9e, o\u00f9 chaque sens est sollicit\u00e9. Que vous soyez amateur de gastronomie, passionn\u00e9 de nature ou curieux de culture, Desvres saura vous s\u00e9duire.<\/p>\n<p>Les t\u00e9moignages des visiteurs soulignent combien ce voyage est m\u00e9morable. Cette ville offre une multitude de facettes \u00e0 explorer, garantissant une exp\u00e9rience inoubliable, \u00e0 condition de lui accorder le temps qu&rsquo;elle m\u00e9rite. En r\u00e9sum\u00e9, le voyage des sens \u00e0 Desvres incarne une aventure in\u00e9dite, m\u00ealant gastronomie, nature et culture : chaque visite promet une d\u00e9couverte fascinante, o\u00f9 les saveurs, les odeurs et les sons s&rsquo;entrelacent pour cr\u00e9er des souvenirs durables.<\/p>\n<section style=\"margin:32px 0;font-family:-apple-system,BlinkMacSystemFont,'Segoe UI',Roboto,sans-serif;\">\n<h2 style=\"margin:0 0 18px 0;font-size:22px;font-weight:800;color:#1a1a1a;letter-spacing:-0.01em;\">Questions fr\u00e9quentes<\/h2>\n<div style=\"border-top:1px solid #d4cfc4;\">\n<details style=\"border-bottom:1px solid #d4cfc4;padding:0;\">\n<summary style=\"cursor:pointer;padding:16px 0;font-size:17px;font-weight:700;color:#1a1a1a;list-style:none;display:flex;justify-content:space-between;align-items:center;gap:14px;\">\n        <span>Quels sont les plats typiques \u00e0 d\u00e9guster \u00e0 Desvres ?<\/span><br \/>\n        <span style=\"font-size:22px;font-weight:300;color:#6a4a2a;line-height:1;\">+<\/span><br \/>\n      <\/summary>\n<div style=\"padding:0 0 16px 0;font-size:15px;line-height:1.7;color:#4a4a4a;\">Les sp\u00e9cialit\u00e9s incluent la tarte au maroilles, la flamiche, le welsh, les fromages du Boulonnais et de nombreuses confitures et produits artisanaux \u00e0 d\u00e9couvrir sur les march\u00e9s et chez les producteurs locaux.<\/div>\n<\/details>\n<details style=\"border-bottom:1px solid #d4cfc4;padding:0;\">\n<summary style=\"cursor:pointer;padding:16px 0;font-size:17px;font-weight:700;color:#1a1a1a;list-style:none;display:flex;justify-content:space-between;align-items:center;gap:14px;\">\n        <span>Quelle est la meilleure p\u00e9riode pour visiter Desvres ?<\/span><br \/>\n        <span style=\"font-size:22px;font-weight:300;color:#6a4a2a;line-height:1;\">+<\/span><br \/>\n      <\/summary>\n<div style=\"padding:0 0 16px 0;font-size:15px;line-height:1.7;color:#4a4a4a;\">Le printemps et l&rsquo;\u00e9t\u00e9 sont les saisons id\u00e9ales pour profiter pleinement des balades, des march\u00e9s et des animations en plein air. L&rsquo;automne reste une tr\u00e8s bonne option pour la lumi\u00e8re, la table et un rythme plus tranquille.<\/div>\n<\/details>\n<details style=\"border-bottom:1px solid #d4cfc4;padding:0;\">\n<summary style=\"cursor:pointer;padding:16px 0;font-size:17px;font-weight:700;color:#1a1a1a;list-style:none;display:flex;justify-content:space-between;align-items:center;gap:14px;\">\n        <span>Y a-t-il des \u00e9v\u00e9nements culturels \u00e0 Desvres ?<\/span><br \/>\n        <span style=\"font-size:22px;font-weight:300;color:#6a4a2a;line-height:1;\">+<\/span><br \/>\n      <\/summary>\n<div style=\"padding:0 0 16px 0;font-size:15px;line-height:1.7;color:#4a4a4a;\">Oui, des concerts en plein air, des march\u00e9s artisanaux et des animations saisonni\u00e8res rythment r\u00e9guli\u00e8rement la vie locale. Les ateliers de fa\u00efence proposent \u00e9galement des moments portes ouvertes plusieurs fois dans l&rsquo;ann\u00e9e.<\/div>\n<\/details>\n<details style=\"border-bottom:1px solid #d4cfc4;padding:0;\">\n<summary style=\"cursor:pointer;padding:16px 0;font-size:17px;font-weight:700;color:#1a1a1a;list-style:none;display:flex;justify-content:space-between;align-items:center;gap:14px;\">\n        <span>Comment se d\u00e9placer \u00e0 Desvres et dans les environs ?<\/span><br \/>\n        <span style=\"font-size:22px;font-weight:300;color:#6a4a2a;line-height:1;\">+<\/span><br \/>\n      <\/summary>\n<div style=\"padding:0 0 16px 0;font-size:15px;line-height:1.7;color:#4a4a4a;\">Le centre-ville se d\u00e9couvre facilement \u00e0 pied. Pour explorer les environs, les pistes cyclables et les petites routes de campagne sont id\u00e9ales en v\u00e9lo ou en voiture, avec de nombreux villages et hameaux \u00e0 d\u00e9couvrir au fil du parcours.<\/div>\n<\/details>\n<details style=\"padding:0;\">\n<summary style=\"cursor:pointer;padding:16px 0;font-size:17px;font-weight:700;color:#1a1a1a;list-style:none;display:flex;justify-content:space-between;align-items:center;gap:14px;\">\n        <span>Peut-on visiter des ateliers de fa\u00efence \u00e0 Desvres ?<\/span><br \/>\n        <span style=\"font-size:22px;font-weight:300;color:#6a4a2a;line-height:1;\">+<\/span><br \/>\n      <\/summary>\n<div style=\"padding:0 0 16px 0;font-size:15px;line-height:1.7;color:#4a4a4a;\">Oui, plusieurs ateliers et lieux d\u00e9di\u00e9s \u00e0 la fa\u00efence proposent des visites, d\u00e9monstrations et expositions. Il est conseill\u00e9 de v\u00e9rifier les horaires en saison basse et de r\u00e9server pour les visites guid\u00e9es plus compl\u00e8tes.<\/div>\n<\/details><\/div>\n<\/section>\n","protected":false},"excerpt":{"rendered":"","protected":false},"author":34,"featured_media":14099,"comment_status":"open","ping_status":"open","sticky":false,"template":"","format":"standard","meta":{"_acf_changed":false,"manual_indexmenow":false,"indexmenow_id_project":0,"footnotes":""},"categories":[1],"tags":[5246,4221,4655,2205,4766,3222],"class_list":["post-8338","post","type-post","status-publish","format-standard","has-post-thumbnail","hentry","category-a-la-une","tag-balades","tag-culture","tag-evenements","tag-gastronomie","tag-immersion","tag-saveurs","generate-columns","tablet-grid-50","mobile-grid-100","grid-parent","grid-25"],"acf":[],"yoast_head":"<!-- This site is optimized with the Yoast SEO Premium plugin v21.3 (Yoast SEO v25.1) - https:\/\/yoast.com\/wordpress\/plugins\/seo\/ -->\n<title>Le voyage des sens \u00e0 Desvres : une exp\u00e9rience inoubliable<\/title>\n<meta name=\"description\" content=\"\u00c0 Desvres, la promesse d&#039;un voyage ne tient pas dans une carte postale. Elle se go\u00fbte dans une tarte au maroilles encore ti\u00e8de, se devine dans l&#039;odeur\" \/>\n<meta name=\"robots\" content=\"index, follow, max-snippet:-1, max-image-preview:large, max-video-preview:-1\" \/>\n<link rel=\"canonical\" href=\"https:\/\/voyage-aventure.com\/blog\/a-la-une\/le-voyage-des-sens-a-desvres-une-experience-inoubliable\/\" \/>\n<meta property=\"og:locale\" content=\"fr_FR\" \/>\n<meta property=\"og:type\" content=\"article\" \/>\n<meta property=\"og:title\" content=\"Le voyage des sens \u00e0 Desvres : une exp\u00e9rience inoubliable\" \/>\n<meta property=\"og:description\" content=\"\u00c0 Desvres, la promesse d&#039;un voyage ne tient pas dans une carte postale. Elle se go\u00fbte dans une tarte au maroilles encore ti\u00e8de, se devine dans l&#039;odeur\" \/>\n<meta property=\"og:url\" content=\"https:\/\/voyage-aventure.com\/blog\/a-la-une\/le-voyage-des-sens-a-desvres-une-experience-inoubliable\/\" \/>\n<meta property=\"og:site_name\" content=\"voyage-aventure\" \/>\n<meta property=\"og:image\" content=\"https:\/\/voyage-aventure.com\/blog\/wp-content\/uploads\/2025\/02\/sdxl-efb801163d78c8193a26985d718af9d0.png\" \/>\n\t<meta property=\"og:image:width\" content=\"1200\" \/>\n\t<meta property=\"og:image:height\" content=\"500\" \/>\n\t<meta property=\"og:image:type\" content=\"image\/png\" \/>\n<meta name=\"author\" content=\"Camille Rouvray\" \/>\n<meta name=\"twitter:card\" content=\"summary_large_image\" \/>\n<script type=\"application\/ld+json\" class=\"yoast-schema-graph\">{\"@context\":\"https:\/\/schema.org\",\"@graph\":[{\"@type\":\"NewsArticle\",\"@id\":\"https:\/\/voyage-aventure.com\/blog\/a-la-une\/le-voyage-des-sens-a-desvres-une-experience-inoubliable\/#article\",\"isPartOf\":{\"@id\":\"https:\/\/voyage-aventure.com\/blog\/a-la-une\/le-voyage-des-sens-a-desvres-une-experience-inoubliable\/\"},\"author\":{\"name\":\"Camille Rouvray\",\"@id\":\"https:\/\/voyage-aventure.com\/blog\/#\/schema\/person\/3c864cdc320801e3db34b663e7e3f816\"},\"headline\":\"Le voyage des sens \u00e0 Desvres : une exp\u00e9rience inoubliable\",\"datePublished\":\"2026-05-19T17:49:19+00:00\",\"mainEntityOfPage\":{\"@id\":\"https:\/\/voyage-aventure.com\/blog\/a-la-une\/le-voyage-des-sens-a-desvres-une-experience-inoubliable\/\"},\"wordCount\":2109,\"commentCount\":20,\"publisher\":{\"@id\":\"https:\/\/voyage-aventure.com\/blog\/#organization\"},\"image\":{\"@id\":\"https:\/\/voyage-aventure.com\/blog\/a-la-une\/le-voyage-des-sens-a-desvres-une-experience-inoubliable\/#primaryimage\"},\"thumbnailUrl\":\"https:\/\/voyage-aventure.com\/blog\/wp-content\/uploads\/2025\/02\/sdxl-efb801163d78c8193a26985d718af9d0.png\",\"keywords\":[\"Balades\",\"Culture\",\"\u00c9v\u00e9nements\",\"Gastronomie\",\"Immersion\",\"Saveurs\"],\"articleSection\":[\"\u00c0 la une\"],\"inLanguage\":\"fr-FR\",\"potentialAction\":[{\"@type\":\"CommentAction\",\"name\":\"Comment\",\"target\":[\"https:\/\/voyage-aventure.com\/blog\/a-la-une\/le-voyage-des-sens-a-desvres-une-experience-inoubliable\/#respond\"]}]},{\"@type\":\"WebPage\",\"@id\":\"https:\/\/voyage-aventure.com\/blog\/a-la-une\/le-voyage-des-sens-a-desvres-une-experience-inoubliable\/\",\"url\":\"https:\/\/voyage-aventure.com\/blog\/a-la-une\/le-voyage-des-sens-a-desvres-une-experience-inoubliable\/\",\"name\":\"Le voyage des sens \u00e0 Desvres : une exp\u00e9rience inoubliable\",\"isPartOf\":{\"@id\":\"https:\/\/voyage-aventure.com\/blog\/#website\"},\"primaryImageOfPage\":{\"@id\":\"https:\/\/voyage-aventure.com\/blog\/a-la-une\/le-voyage-des-sens-a-desvres-une-experience-inoubliable\/#primaryimage\"},\"image\":{\"@id\":\"https:\/\/voyage-aventure.com\/blog\/a-la-une\/le-voyage-des-sens-a-desvres-une-experience-inoubliable\/#primaryimage\"},\"thumbnailUrl\":\"https:\/\/voyage-aventure.com\/blog\/wp-content\/uploads\/2025\/02\/sdxl-efb801163d78c8193a26985d718af9d0.png\",\"datePublished\":\"2026-05-19T17:49:19+00:00\",\"description\":\"\u00c0 Desvres, la promesse d'un voyage ne tient pas dans une carte postale. Elle se go\u00fbte dans une tarte au maroilles encore ti\u00e8de, se devine dans l'odeur\",\"inLanguage\":\"fr-FR\",\"potentialAction\":[{\"@type\":\"ReadAction\",\"target\":[\"https:\/\/voyage-aventure.com\/blog\/a-la-une\/le-voyage-des-sens-a-desvres-une-experience-inoubliable\/\"]}]},{\"@type\":\"ImageObject\",\"inLanguage\":\"fr-FR\",\"@id\":\"https:\/\/voyage-aventure.com\/blog\/a-la-une\/le-voyage-des-sens-a-desvres-une-experience-inoubliable\/#primaryimage\",\"url\":\"https:\/\/voyage-aventure.com\/blog\/wp-content\/uploads\/2025\/02\/sdxl-efb801163d78c8193a26985d718af9d0.png\",\"contentUrl\":\"https:\/\/voyage-aventure.com\/blog\/wp-content\/uploads\/2025\/02\/sdxl-efb801163d78c8193a26985d718af9d0.png\",\"width\":1536,\"height\":640},{\"@type\":\"WebSite\",\"@id\":\"https:\/\/voyage-aventure.com\/blog\/#website\",\"url\":\"https:\/\/voyage-aventure.com\/blog\/\",\"name\":\"voyage-aventure.com\",\"description\":\"Votre passeport pour l\u2019inattendu.\",\"publisher\":{\"@id\":\"https:\/\/voyage-aventure.com\/blog\/#organization\"},\"alternateName\":\"Votre passeport pour l\u2019inattendu.\",\"potentialAction\":[{\"@type\":\"SearchAction\",\"target\":{\"@type\":\"EntryPoint\",\"urlTemplate\":\"https:\/\/voyage-aventure.com\/blog\/?s={search_term_string}\"},\"query-input\":{\"@type\":\"PropertyValueSpecification\",\"valueRequired\":true,\"valueName\":\"search_term_string\"}}],\"inLanguage\":\"fr-FR\"},{\"@type\":\"Organization\",\"@id\":\"https:\/\/voyage-aventure.com\/blog\/#organization\",\"name\":\"Foretsensations.fr\",\"url\":\"https:\/\/voyage-aventure.com\/blog\/\",\"logo\":{\"@type\":\"ImageObject\",\"inLanguage\":\"fr-FR\",\"@id\":\"https:\/\/voyage-aventure.com\/blog\/#\/schema\/logo\/image\/\",\"url\":\"https:\/\/voyage-aventure.com\/blog\/wp-content\/uploads\/2024\/12\/19.png\",\"contentUrl\":\"https:\/\/voyage-aventure.com\/blog\/wp-content\/uploads\/2024\/12\/19.png\",\"width\":512,\"height\":512,\"caption\":\"Foretsensations.fr\"},\"image\":{\"@id\":\"https:\/\/voyage-aventure.com\/blog\/#\/schema\/logo\/image\/\"}},{\"@type\":\"Person\",\"@id\":\"https:\/\/voyage-aventure.com\/blog\/#\/schema\/person\/3c864cdc320801e3db34b663e7e3f816\",\"name\":\"Camille Rouvray\",\"image\":{\"@type\":\"ImageObject\",\"inLanguage\":\"fr-FR\",\"@id\":\"https:\/\/voyage-aventure.com\/blog\/#\/schema\/person\/image\/\",\"url\":\"https:\/\/voyage-aventure.com\/blog\/wp-content\/uploads\/2026\/06\/persona_camille-r-96x96.jpg\",\"contentUrl\":\"https:\/\/voyage-aventure.com\/blog\/wp-content\/uploads\/2026\/06\/persona_camille-r-96x96.jpg\",\"caption\":\"Camille Rouvray\"},\"description\":\"Je voyage et j'\u00e9cris sur le voyage depuis une douzaine d'ann\u00e9es, d'abord en tant que routarde au long cours, puis comme r\u00e9dactrice sp\u00e9cialis\u00e9e. Mon terrain de pr\u00e9dilection, ce sont les circuits organis\u00e9s et l'art de bien pr\u00e9parer un itin\u00e9raire : choix de la saison, dur\u00e9e r\u00e9aliste des \u00e9tapes, budget jour par jour, logement et transport sur place. J'aime aussi raconter les p\u00e9pites urbaines, ces adresses qu'on ne trouve pas dans les guides classiques. Avant de publier un dossier destination, je croise toujours plusieurs sources, je v\u00e9rifie les tarifs et les formalit\u00e9s d'entr\u00e9e \u00e0 jour, et je teste moi-m\u00eame quand je le peux. Mon angle reste pratique avant tout : aider le lecteur \u00e0 partir l'esprit tranquille, sans mauvaise surprise une fois sur place. Je m'attache \u00e0 distinguer le coup de c\u0153ur sinc\u00e8re du simple argument marketing.\",\"sameAs\":[\"https:\/\/camillerouvray.fr\/\"],\"url\":\"https:\/\/voyage-aventure.com\/blog\/auteur\/noname\/\"}]}<\/script>\n<!-- \/ Yoast SEO Premium plugin. -->","yoast_head_json":{"title":"Le voyage des sens \u00e0 Desvres : une exp\u00e9rience inoubliable","description":"\u00c0 Desvres, la promesse d'un voyage ne tient pas dans une carte postale. Elle se go\u00fbte dans une tarte au maroilles encore ti\u00e8de, se devine dans l'odeur","robots":{"index":"index","follow":"follow","max-snippet":"max-snippet:-1","max-image-preview":"max-image-preview:large","max-video-preview":"max-video-preview:-1"},"canonical":"https:\/\/voyage-aventure.com\/blog\/a-la-une\/le-voyage-des-sens-a-desvres-une-experience-inoubliable\/","og_locale":"fr_FR","og_type":"article","og_title":"Le voyage des sens \u00e0 Desvres : une exp\u00e9rience inoubliable","og_description":"\u00c0 Desvres, la promesse d'un voyage ne tient pas dans une carte postale. Elle se go\u00fbte dans une tarte au maroilles encore ti\u00e8de, se devine dans l'odeur","og_url":"https:\/\/voyage-aventure.com\/blog\/a-la-une\/le-voyage-des-sens-a-desvres-une-experience-inoubliable\/","og_site_name":"voyage-aventure","og_image":[{"url":"https:\/\/voyage-aventure.com\/blog\/wp-content\/uploads\/2025\/02\/sdxl-efb801163d78c8193a26985d718af9d0.png","width":1200,"height":500,"type":"image\/png"}],"author":"Camille Rouvray","twitter_card":"summary_large_image","schema":{"@context":"https:\/\/schema.org","@graph":[{"@type":"NewsArticle","@id":"https:\/\/voyage-aventure.com\/blog\/a-la-une\/le-voyage-des-sens-a-desvres-une-experience-inoubliable\/#article","isPartOf":{"@id":"https:\/\/voyage-aventure.com\/blog\/a-la-une\/le-voyage-des-sens-a-desvres-une-experience-inoubliable\/"},"author":{"name":"Camille Rouvray","@id":"https:\/\/voyage-aventure.com\/blog\/#\/schema\/person\/3c864cdc320801e3db34b663e7e3f816"},"headline":"Le voyage des sens \u00e0 Desvres : une exp\u00e9rience inoubliable","datePublished":"2026-05-19T17:49:19+00:00","mainEntityOfPage":{"@id":"https:\/\/voyage-aventure.com\/blog\/a-la-une\/le-voyage-des-sens-a-desvres-une-experience-inoubliable\/"},"wordCount":2109,"commentCount":20,"publisher":{"@id":"https:\/\/voyage-aventure.com\/blog\/#organization"},"image":{"@id":"https:\/\/voyage-aventure.com\/blog\/a-la-une\/le-voyage-des-sens-a-desvres-une-experience-inoubliable\/#primaryimage"},"thumbnailUrl":"https:\/\/voyage-aventure.com\/blog\/wp-content\/uploads\/2025\/02\/sdxl-efb801163d78c8193a26985d718af9d0.png","keywords":["Balades","Culture","\u00c9v\u00e9nements","Gastronomie","Immersion","Saveurs"],"articleSection":["\u00c0 la une"],"inLanguage":"fr-FR","potentialAction":[{"@type":"CommentAction","name":"Comment","target":["https:\/\/voyage-aventure.com\/blog\/a-la-une\/le-voyage-des-sens-a-desvres-une-experience-inoubliable\/#respond"]}]},{"@type":"WebPage","@id":"https:\/\/voyage-aventure.com\/blog\/a-la-une\/le-voyage-des-sens-a-desvres-une-experience-inoubliable\/","url":"https:\/\/voyage-aventure.com\/blog\/a-la-une\/le-voyage-des-sens-a-desvres-une-experience-inoubliable\/","name":"Le voyage des sens \u00e0 Desvres : une exp\u00e9rience inoubliable","isPartOf":{"@id":"https:\/\/voyage-aventure.com\/blog\/#website"},"primaryImageOfPage":{"@id":"https:\/\/voyage-aventure.com\/blog\/a-la-une\/le-voyage-des-sens-a-desvres-une-experience-inoubliable\/#primaryimage"},"image":{"@id":"https:\/\/voyage-aventure.com\/blog\/a-la-une\/le-voyage-des-sens-a-desvres-une-experience-inoubliable\/#primaryimage"},"thumbnailUrl":"https:\/\/voyage-aventure.com\/blog\/wp-content\/uploads\/2025\/02\/sdxl-efb801163d78c8193a26985d718af9d0.png","datePublished":"2026-05-19T17:49:19+00:00","description":"\u00c0 Desvres, la promesse d'un voyage ne tient pas dans une carte postale. Elle se go\u00fbte dans une tarte au maroilles encore ti\u00e8de, se devine dans l'odeur","inLanguage":"fr-FR","potentialAction":[{"@type":"ReadAction","target":["https:\/\/voyage-aventure.com\/blog\/a-la-une\/le-voyage-des-sens-a-desvres-une-experience-inoubliable\/"]}]},{"@type":"ImageObject","inLanguage":"fr-FR","@id":"https:\/\/voyage-aventure.com\/blog\/a-la-une\/le-voyage-des-sens-a-desvres-une-experience-inoubliable\/#primaryimage","url":"https:\/\/voyage-aventure.com\/blog\/wp-content\/uploads\/2025\/02\/sdxl-efb801163d78c8193a26985d718af9d0.png","contentUrl":"https:\/\/voyage-aventure.com\/blog\/wp-content\/uploads\/2025\/02\/sdxl-efb801163d78c8193a26985d718af9d0.png","width":1536,"height":640},{"@type":"WebSite","@id":"https:\/\/voyage-aventure.com\/blog\/#website","url":"https:\/\/voyage-aventure.com\/blog\/","name":"voyage-aventure.com","description":"Votre passeport pour l\u2019inattendu.","publisher":{"@id":"https:\/\/voyage-aventure.com\/blog\/#organization"},"alternateName":"Votre passeport pour l\u2019inattendu.","potentialAction":[{"@type":"SearchAction","target":{"@type":"EntryPoint","urlTemplate":"https:\/\/voyage-aventure.com\/blog\/?s={search_term_string}"},"query-input":{"@type":"PropertyValueSpecification","valueRequired":true,"valueName":"search_term_string"}}],"inLanguage":"fr-FR"},{"@type":"Organization","@id":"https:\/\/voyage-aventure.com\/blog\/#organization","name":"Foretsensations.fr","url":"https:\/\/voyage-aventure.com\/blog\/","logo":{"@type":"ImageObject","inLanguage":"fr-FR","@id":"https:\/\/voyage-aventure.com\/blog\/#\/schema\/logo\/image\/","url":"https:\/\/voyage-aventure.com\/blog\/wp-content\/uploads\/2024\/12\/19.png","contentUrl":"https:\/\/voyage-aventure.com\/blog\/wp-content\/uploads\/2024\/12\/19.png","width":512,"height":512,"caption":"Foretsensations.fr"},"image":{"@id":"https:\/\/voyage-aventure.com\/blog\/#\/schema\/logo\/image\/"}},{"@type":"Person","@id":"https:\/\/voyage-aventure.com\/blog\/#\/schema\/person\/3c864cdc320801e3db34b663e7e3f816","name":"Camille Rouvray","image":{"@type":"ImageObject","inLanguage":"fr-FR","@id":"https:\/\/voyage-aventure.com\/blog\/#\/schema\/person\/image\/","url":"https:\/\/voyage-aventure.com\/blog\/wp-content\/uploads\/2026\/06\/persona_camille-r-96x96.jpg","contentUrl":"https:\/\/voyage-aventure.com\/blog\/wp-content\/uploads\/2026\/06\/persona_camille-r-96x96.jpg","caption":"Camille Rouvray"},"description":"Je voyage et j'\u00e9cris sur le voyage depuis une douzaine d'ann\u00e9es, d'abord en tant que routarde au long cours, puis comme r\u00e9dactrice sp\u00e9cialis\u00e9e. Mon terrain de pr\u00e9dilection, ce sont les circuits organis\u00e9s et l'art de bien pr\u00e9parer un itin\u00e9raire : choix de la saison, dur\u00e9e r\u00e9aliste des \u00e9tapes, budget jour par jour, logement et transport sur place. J'aime aussi raconter les p\u00e9pites urbaines, ces adresses qu'on ne trouve pas dans les guides classiques. Avant de publier un dossier destination, je croise toujours plusieurs sources, je v\u00e9rifie les tarifs et les formalit\u00e9s d'entr\u00e9e \u00e0 jour, et je teste moi-m\u00eame quand je le peux. Mon angle reste pratique avant tout : aider le lecteur \u00e0 partir l'esprit tranquille, sans mauvaise surprise une fois sur place. Je m'attache \u00e0 distinguer le coup de c\u0153ur sinc\u00e8re du simple argument marketing.","sameAs":["https:\/\/camillerouvray.fr\/"],"url":"https:\/\/voyage-aventure.com\/blog\/auteur\/noname\/"}]}},"_links":{"self":[{"href":"https:\/\/voyage-aventure.com\/blog\/wp-json\/wp\/v2\/posts\/8338","targetHints":{"allow":["GET"]}}],"collection":[{"href":"https:\/\/voyage-aventure.com\/blog\/wp-json\/wp\/v2\/posts"}],"about":[{"href":"https:\/\/voyage-aventure.com\/blog\/wp-json\/wp\/v2\/types\/post"}],"author":[{"embeddable":true,"href":"https:\/\/voyage-aventure.com\/blog\/wp-json\/wp\/v2\/users\/34"}],"replies":[{"embeddable":true,"href":"https:\/\/voyage-aventure.com\/blog\/wp-json\/wp\/v2\/comments?post=8338"}],"version-history":[{"count":2,"href":"https:\/\/voyage-aventure.com\/blog\/wp-json\/wp\/v2\/posts\/8338\/revisions"}],"predecessor-version":[{"id":21237,"href":"https:\/\/voyage-aventure.com\/blog\/wp-json\/wp\/v2\/posts\/8338\/revisions\/21237"}],"wp:featuredmedia":[{"embeddable":true,"href":"https:\/\/voyage-aventure.com\/blog\/wp-json\/wp\/v2\/media\/14099"}],"wp:attachment":[{"href":"https:\/\/voyage-aventure.com\/blog\/wp-json\/wp\/v2\/media?parent=8338"}],"wp:term":[{"taxonomy":"category","embeddable":true,"href":"https:\/\/voyage-aventure.com\/blog\/wp-json\/wp\/v2\/categories?post=8338"},{"taxonomy":"post_tag","embeddable":true,"href":"https:\/\/voyage-aventure.com\/blog\/wp-json\/wp\/v2\/tags?post=8338"}],"curies":[{"name":"wp","href":"https:\/\/api.w.org\/{rel}","templated":true}]}}