{"id":8275,"date":"2026-05-19T20:14:51","date_gmt":"2026-05-19T18:14:51","guid":{"rendered":"https:\/\/voyage-aventure.com\/blog\/?p=8275"},"modified":"2026-05-19T20:14:51","modified_gmt":"2026-05-19T18:14:51","slug":"les-visites-incontournables-a-la-bernerie-en-retz-decouvrez-ce-joyau-de-la-loire-atlantique","status":"publish","type":"post","link":"https:\/\/voyage-aventure.com\/blog\/a-la-une\/les-visites-incontournables-a-la-bernerie-en-retz-decouvrez-ce-joyau-de-la-loire-atlantique\/","title":{"rendered":"Les visites incontournables \u00e0 la Bernerie-en-Retz : D\u00e9couvrez ce joyau de la Loire-Atlantique"},"content":{"rendered":"<aside style=\"background:#f1f5f1;border-left:5px solid #6a4a2a;padding:22px 28px;margin:24px 0;font-family:-apple-system,BlinkMacSystemFont,'Segoe UI',Roboto,sans-serif;\">\n<div style=\"margin:0;font-size:19px;line-height:1.55;color:#2a2a2a;font-weight:500;letter-spacing:-0.005em;\">\n    Entre l&rsquo;Atlantique et le Pays de Retz, La Bernerie cultive une atmosph\u00e8re baln\u00e9aire d&rsquo;arri\u00e8re-pays : sable fin, ports de p\u00eache, march\u00e9s bavards et sentiers c\u00f4tiers. Voici l&rsquo;itin\u00e9raire que les habitu\u00e9s gardent jalousement pour eux.\n  <\/div>\n<\/aside>\n<h2>Introduction<\/h2>\n<div style=\"font-size:16px;line-height:1.75;color:#2a2a2a;margin:18px 0;\"><strong>Que peut-on faire dans cette charmante commune<\/strong> ? Entre plages, patrimoine et activit\u00e9s de plein air, la Bernerie-en-Retz offre un \u00e9ventail d&rsquo;exp\u00e9riences uniques. Plongeons ensemble dans les visites \u00e0 ne pas manquer lors de votre s\u00e9jour, en alternant moments contemplatifs sur le littoral et d\u00e9couvertes plus confidentielles dans les terres.<\/div>\n<div style=\"font-size:16px;line-height:1.75;color:#2a2a2a;margin:18px 0;\">Situ\u00e9e \u00e0 quelques kilom\u00e8tres de Pornic, \u00e0 l&rsquo;or\u00e9e du Pays de Retz, la commune cultive une identit\u00e9 \u00e0 part : ni station baln\u00e9aire bruyante, ni village endormi. On y vient pour la lumi\u00e8re, le sable, les conversations sur les quais \u2014 et on y revient pour les petits sentiers, les hu\u00eetres locales et le rythme tranquille qui s&rsquo;installe d\u00e8s qu&rsquo;on a pos\u00e9 ses valises.<\/div>\n<aside style=\"background:#fafaf7;border:1px solid #e5e5e0;border-radius:8px;padding:24px 26px 26px;margin:28px 0;font-family:-apple-system,BlinkMacSystemFont,'Segoe UI',Roboto,sans-serif;\">\n<div style=\"margin:0 0 18px 0;font-size:11px;font-weight:700;text-transform:uppercase;letter-spacing:2.2px;color:#6a4a2a;\">\u00c0 retenir<\/div>\n<div style=\"display:grid;grid-template-columns:repeat(auto-fit,minmax(240px,1fr));gap:10px;\">\n<div style=\"display:flex;gap:12px;background:#fff;border:1px solid #ebebe5;padding:12px 14px;border-radius:6px;align-items:flex-start;\">\n      <span style=\"flex:0 0 26px;width:26px;height:26px;background:#6a4a2a;color:#fff;border-radius:50%;display:inline-flex;align-items:center;justify-content:center;font-size:12px;font-weight:700;font-family:-apple-system,sans-serif;\">1<\/span><br \/>\n      <span style=\"font-size:14px;line-height:1.5;color:#2a2a2a;\">Plage principale au sable fin, parfaite pour les familles et les activit\u00e9s nautiques.<\/span>\n    <\/div>\n<div style=\"display:flex;gap:12px;background:#fff;border:1px solid #ebebe5;padding:12px 14px;border-radius:6px;align-items:flex-start;\">\n      <span style=\"flex:0 0 26px;width:26px;height:26px;background:#6a4a2a;color:#fff;border-radius:50%;display:inline-flex;align-items:center;justify-content:center;font-size:12px;font-weight:700;font-family:-apple-system,sans-serif;\">2<\/span><br \/>\n      <span style=\"font-size:14px;line-height:1.5;color:#2a2a2a;\">Plage de la Garenne pour les amateurs de calme et d&rsquo;authenticit\u00e9.<\/span>\n    <\/div>\n<div style=\"display:flex;gap:12px;background:#fff;border:1px solid #ebebe5;padding:12px 14px;border-radius:6px;align-items:flex-start;\">\n      <span style=\"flex:0 0 26px;width:26px;height:26px;background:#6a4a2a;color:#fff;border-radius:50%;display:inline-flex;align-items:center;justify-content:center;font-size:12px;font-weight:700;font-family:-apple-system,sans-serif;\">3<\/span><br \/>\n      <span style=\"font-size:14px;line-height:1.5;color:#2a2a2a;\">\u00c9glise Saint-Hilaire, joyau n\u00e9o-gothique du XIXe avec vitraux color\u00e9s.<\/span>\n    <\/div>\n<div style=\"display:flex;gap:12px;background:#fff;border:1px solid #ebebe5;padding:12px 14px;border-radius:6px;align-items:flex-start;\">\n      <span style=\"flex:0 0 26px;width:26px;height:26px;background:#6a4a2a;color:#fff;border-radius:50%;display:inline-flex;align-items:center;justify-content:center;font-size:12px;font-weight:700;font-family:-apple-system,sans-serif;\">4<\/span><br \/>\n      <span style=\"font-size:14px;line-height:1.5;color:#2a2a2a;\">Sentier des Douaniers pour des vues imprenables sur l&rsquo;oc\u00e9an.<\/span>\n    <\/div>\n<div style=\"display:flex;gap:12px;background:#fff;border:1px solid #ebebe5;padding:12px 14px;border-radius:6px;align-items:flex-start;\">\n      <span style=\"flex:0 0 26px;width:26px;height:26px;background:#6a4a2a;color:#fff;border-radius:50%;display:inline-flex;align-items:center;justify-content:center;font-size:12px;font-weight:700;font-family:-apple-system,sans-serif;\">5<\/span><br \/>\n      <span style=\"font-size:14px;line-height:1.5;color:#2a2a2a;\">March\u00e9s locaux pour les produits frais et sp\u00e9cialit\u00e9s de la r\u00e9gion.<\/span>\n    <\/div>\n<div style=\"display:flex;gap:12px;background:#fff;border:1px solid #ebebe5;padding:12px 14px;border-radius:6px;align-items:flex-start;\">\n      <span style=\"flex:0 0 26px;width:26px;height:26px;background:#6a4a2a;color:#fff;border-radius:50%;display:inline-flex;align-items:center;justify-content:center;font-size:12px;font-weight:700;font-family:-apple-system,sans-serif;\">6<\/span><br \/>\n      <span style=\"font-size:14px;line-height:1.5;color:#2a2a2a;\">P\u00e9riode id\u00e9ale : juin \u00e0 septembre pour un climat agr\u00e9able.<\/span>\n    <\/div>\n<\/p><\/div>\n<\/aside>\n<h2>Les plages de la Bernerie-en-Retz<\/h2>\n<p>La plage principale de la Bernerie est sans conteste un lieu de d\u00e9tente pris\u00e9. Avec son sable fin et ses eaux claires, elle constitue l&rsquo;endroit id\u00e9al pour passer une journ\u00e9e en famille ou entre amis. Les activit\u00e9s nautiques, telles que le paddle et la planche \u00e0 voile, sont tr\u00e8s populaires, permettant \u00e0 chacun de se divertir tout en profitant du cadre naturel.<\/p>\n<p>L&rsquo;orientation plein ouest offre des couchers de soleil spectaculaires, particuli\u00e8rement entre fin juin et d\u00e9but septembre. La pente douce et la qualit\u00e9 du sable rendent la baignade accessible aux plus jeunes, tandis que les zones surveill\u00e9es en haute saison s\u00e9curisent les heures de pleine affluence. C&rsquo;est cette combinaison rare \u2014 confort, s\u00e9curit\u00e9 et beaut\u00e9 \u2014 qui explique la fid\u00e9lit\u00e9 de g\u00e9n\u00e9rations de vacanciers.<\/p>\n<aside style=\"background:#fff7e0;border-left:4px solid #d4a017;padding:14px 18px;margin:18px 0;border-radius:0 4px 4px 0;font-family:-apple-system,BlinkMacSystemFont,'Segoe UI',Roboto,sans-serif;\">\n  <strong style=\"display:inline-block;color:#7a5e00;font-size:12px;text-transform:uppercase;letter-spacing:1.5px;margin-right:8px;\">\ud83d\udca1 Bon \u00e0 savoir<\/strong><br \/>\n  <span style=\"font-size:14.5px;line-height:1.55;color:#3a3a3a;\">\u00c0 mar\u00e9e basse, l&rsquo;estran r\u00e9v\u00e8le de larges \u00e9tendues de roche et de sable propices \u00e0 la p\u00eache \u00e0 pied : palourdes, coques et bigorneaux y abondent \u2014 pensez \u00e0 consulter les horaires de mar\u00e9e locaux avant de partir.<\/span><br \/>\n<\/aside>\n<blockquote class=\"wp-embedded-content\" data-secret=\"12hulSy8Bj\"><p><a href=\"https:\/\/voyage-aventure.com\/blog\/a-la-une\/guide-pratique-pour-annuler-un-voyage-sur-expedia-etapes-et-conseils\/\">Guide pratique pour annuler un voyage sur Expedia : \u00e9tapes et conseils<\/a><\/p><\/blockquote>\n<p><iframe loading=\"lazy\" class=\"wp-embedded-content\" sandbox=\"allow-scripts\" security=\"restricted\" style=\"position: absolute; visibility: hidden;\" title=\"\u00ab\u00a0Guide pratique pour annuler un voyage sur Expedia : \u00e9tapes et conseils\u00a0\u00bb &#8212; voyage-aventure\" src=\"https:\/\/voyage-aventure.com\/blog\/a-la-une\/guide-pratique-pour-annuler-un-voyage-sur-expedia-etapes-et-conseils\/embed\/#?secret=WS4y5tcQCd#?secret=12hulSy8Bj\" data-secret=\"12hulSy8Bj\" width=\"600\" height=\"338\" frameborder=\"0\" marginwidth=\"0\" marginheight=\"0\" scrolling=\"no\"><\/iframe><\/p>\n<p>\u00c0 proximit\u00e9, vous pouvez \u00e9galement d\u00e9couvrir des plages plus sauvages, telles que la plage de la Garenne, qui s\u00e9duisent par leur authenticit\u00e9. Ces espaces naturels offrent une v\u00e9ritable \u00e9vasion pour les amateurs de nature et de tranquillit\u00e9.<\/p>\n<p>Loin de l&rsquo;agitation de la plage centrale, ces criques discr\u00e8tes plaisent particuli\u00e8rement aux promeneurs matinaux et aux photographes en qu\u00eate de lumi\u00e8re rasante. Les rochers tapiss\u00e9s d&rsquo;algues, les flaques r\u00e9siduelles et les odeurs d&rsquo;iode composent un tableau atlantique brut, parfait pour s&rsquo;extraire un moment de la routine estivale.<\/p>\n<figure style=\"margin:32px 0;padding:0;font-family:-apple-system,BlinkMacSystemFont,'Segoe UI',Roboto,sans-serif;\">\n<div style=\"display:grid;grid-template-columns:repeat(auto-fit,minmax(140px,1fr));background:#1a1a1a;border-radius:6px;overflow:hidden;\">\n<div style=\"padding:22px 16px;text-align:center;border-right:1px solid #2f2f2f;\">\n<div style=\"font-size:36px;font-weight:900;color:#fff;letter-spacing:-0.04em;font-feature-settings:'tnum';line-height:1;\">7&nbsp;km<\/div>\n<div style=\"font-size:11px;text-transform:uppercase;letter-spacing:1.5px;color:#9a9a9a;margin-top:8px;\">de littoral<\/div>\n<\/p><\/div>\n<div style=\"padding:22px 16px;text-align:center;border-right:1px solid #2f2f2f;\">\n<div style=\"font-size:36px;font-weight:900;color:#fff;letter-spacing:-0.04em;font-feature-settings:'tnum';line-height:1;\">3<\/div>\n<div style=\"font-size:11px;text-transform:uppercase;letter-spacing:1.5px;color:#9a9a9a;margin-top:8px;\">plages principales<\/div>\n<\/p><\/div>\n<div style=\"padding:22px 16px;text-align:center;\">\n<div style=\"font-size:36px;font-weight:900;color:#c4a47c;letter-spacing:-0.04em;font-feature-settings:'tnum';line-height:1;\">XIXe<\/div>\n<div style=\"font-size:11px;text-transform:uppercase;letter-spacing:1.5px;color:#9a9a9a;margin-top:8px;\">si\u00e8cle d&rsquo;apog\u00e9e<\/div>\n<\/p><\/div>\n<\/p><\/div><figcaption style=\"font-size:11px;color:#7a7a7a;margin-top:8px;text-align:right;letter-spacing:0.3px;\">Donn\u00e9es indicatives \u2014 pensez \u00e0 confirmer en office de tourisme.<\/figcaption><\/figure>\n<h2>Le patrimoine et les sites historiques<\/h2>\n<p>La Bernerie-en-Retz ne se limite pas \u00e0 ses plages. Le patrimoine architectural de la commune m\u00e9rite \u00e9galement une attention particuli\u00e8re. Ne manquez pas l&rsquo;\u00e9glise Saint-Hilaire, un \u00e9difice du XIXe si\u00e8cle qui se distingue par ses vitraux color\u00e9s et son style n\u00e9o-gothique. Cette \u00e9glise constitue un v\u00e9ritable t\u00e9moin de l&rsquo;histoire locale.<\/p>\n<p>Pour les passionn\u00e9s d&rsquo;histoire, le vieux port de la Bernerie vous plongera dans l&rsquo;atmosph\u00e8re d&rsquo;antan des activit\u00e9s maritimes. Promenez-vous le long des quais et admirez les maisons de p\u00eacheurs typiques, vestiges d&rsquo;un pass\u00e9 maritime riche et vivant.<\/p>\n<blockquote class=\"wp-embedded-content\" data-secret=\"fjgcsIiqj5\"><p><a href=\"https:\/\/voyage-aventure.com\/blog\/a-la-une\/decouvrez-la-magie-de-la-cote-amalfitaine-a-petit-prix-pour-un-road-trip-inoubliable\/\">D\u00e9couvrez la magie de la c\u00f4te Amalfitaine \u00e0 petit prix pour un road trip inoubliable<\/a><\/p><\/blockquote>\n<p><iframe loading=\"lazy\" class=\"wp-embedded-content\" sandbox=\"allow-scripts\" security=\"restricted\" style=\"position: absolute; visibility: hidden;\" title=\"\u00ab\u00a0D\u00e9couvrez la magie de la c\u00f4te Amalfitaine \u00e0 petit prix pour un road trip inoubliable\u00a0\u00bb &#8212; voyage-aventure\" src=\"https:\/\/voyage-aventure.com\/blog\/a-la-une\/decouvrez-la-magie-de-la-cote-amalfitaine-a-petit-prix-pour-un-road-trip-inoubliable\/embed\/#?secret=aPxriGesVB#?secret=fjgcsIiqj5\" data-secret=\"fjgcsIiqj5\" width=\"600\" height=\"338\" frameborder=\"0\" marginwidth=\"0\" marginheight=\"0\" scrolling=\"no\"><\/iframe><\/p>\n<h3>Les d\u00e9tails \u00e0 observer sur place<\/h3>\n<div style=\"display:grid;grid-template-columns:repeat(auto-fit,minmax(220px,1fr));gap:14px;margin:28px 0;font-family:-apple-system,BlinkMacSystemFont,'Segoe UI',Roboto,sans-serif;\">\n<article style=\"background:#fff;border:1px solid #e5e5e0;border-top:3px solid #6a4a2a;border-radius:6px;padding:18px 18px 16px;\">\n<div style=\"width:36px;height:36px;background:#f1f5f1;border-radius:50%;display:inline-flex;align-items:center;justify-content:center;margin-bottom:12px;\">\n      <span style=\"font-size:18px;color:#6a4a2a;font-weight:900;font-family:Georgia,serif;\">01<\/span>\n    <\/div>\n<h3 style=\"margin:0 0 6px 0;font-size:16px;font-weight:700;color:#1a1a1a;letter-spacing:-0.01em;\">Vitraux de l&rsquo;\u00e9glise<\/h3>\n<div style=\"margin:0;font-size:13.5px;line-height:1.55;color:#4a4a4a;\">\u00c0 observer en fin de matin\u00e9e, lorsque la lumi\u00e8re du soleil traverse les motifs color\u00e9s et illumine la nef principale.<\/div>\n<\/article>\n<article style=\"background:#fff;border:1px solid #e5e5e0;border-top:3px solid #6a4a2a;border-radius:6px;padding:18px 18px 16px;\">\n<div style=\"width:36px;height:36px;background:#f1f5f1;border-radius:50%;display:inline-flex;align-items:center;justify-content:center;margin-bottom:12px;\">\n      <span style=\"font-size:18px;color:#6a4a2a;font-weight:900;font-family:Georgia,serif;\">02<\/span>\n    <\/div>\n<h3 style=\"margin:0 0 6px 0;font-size:16px;font-weight:700;color:#1a1a1a;letter-spacing:-0.01em;\">Maisons de p\u00eacheurs<\/h3>\n<div style=\"margin:0;font-size:13.5px;line-height:1.55;color:#4a4a4a;\">Volets color\u00e9s, fa\u00e7ades chaul\u00e9es et toits bas : le style architectural du Pays de Retz se lit dans les moindres d\u00e9tails.<\/div>\n<\/article>\n<article style=\"background:#fff;border:1px solid #e5e5e0;border-top:3px solid #6a4a2a;border-radius:6px;padding:18px 18px 16px;\">\n<div style=\"width:36px;height:36px;background:#f1f5f1;border-radius:50%;display:inline-flex;align-items:center;justify-content:center;margin-bottom:12px;\">\n      <span style=\"font-size:18px;color:#6a4a2a;font-weight:900;font-family:Georgia,serif;\">03<\/span>\n    <\/div>\n<h3 style=\"margin:0 0 6px 0;font-size:16px;font-weight:700;color:#1a1a1a;letter-spacing:-0.01em;\">Quais du vieux port<\/h3>\n<div style=\"margin:0;font-size:13.5px;line-height:1.55;color:#4a4a4a;\">Promenade id\u00e9ale \u00e0 la tomb\u00e9e du jour, lorsque les bateaux rentrent et que la lumi\u00e8re dore les coques en bois.<\/div>\n<\/article>\n<article style=\"background:#fff;border:1px solid #e5e5e0;border-top:3px solid #6a4a2a;border-radius:6px;padding:18px 18px 16px;\">\n<div style=\"width:36px;height:36px;background:#f1f5f1;border-radius:50%;display:inline-flex;align-items:center;justify-content:center;margin-bottom:12px;\">\n      <span style=\"font-size:18px;color:#6a4a2a;font-weight:900;font-family:Georgia,serif;\">04<\/span>\n    <\/div>\n<h3 style=\"margin:0 0 6px 0;font-size:16px;font-weight:700;color:#1a1a1a;letter-spacing:-0.01em;\">Calvaires et croix<\/h3>\n<div style=\"margin:0;font-size:13.5px;line-height:1.55;color:#4a4a4a;\">Diss\u00e9min\u00e9s dans le bourg et sur les chemins, ils racontent la ferveur religieuse et les marqueurs paysagers d&rsquo;autrefois.<\/div>\n<\/article>\n<\/div>\n<figure style=\"margin:38px auto;padding:28px 24px;text-align:center;border-top:1px solid #2a2a2a;border-bottom:1px solid #2a2a2a;max-width:640px;position:relative;font-family:Georgia,'Hoefler Text',serif;\">\n<div style=\"position:absolute;top:-20px;left:50%;transform:translateX(-50%);background:#ffffff;padding:0 14px;font-size:48px;line-height:1;color:#6a4a2a;font-family:Georgia,serif;\">\u00ab<\/div>\n<blockquote style=\"margin:0;padding:0;font-size:24px;line-height:1.45;font-style:italic;color:#1a1a1a;letter-spacing:-0.005em;\"><p>\n    Sur cette portion de c\u00f4te, le temps semble avoir trouv\u00e9 son juste rythme : celui des mar\u00e9es, des saisons et des conversations sur les quais.<br \/>\n  <\/blockquote><figcaption style=\"margin-top:14px;font-size:12px;text-transform:uppercase;letter-spacing:2px;color:#6a6a6a;font-family:-apple-system,sans-serif;font-style:normal;\">\u2014 Carnet de voyage, Pays de Retz<\/figcaption><\/figure>\n<h2>Les activit\u00e9s de plein air<\/h2>\n<p>Pour les amateurs de randonn\u00e9e, le sentier des Douaniers, qui longe la c\u00f4te, offre des vues imprenables sur l&rsquo;oc\u00e9an et les falaises environnantes. Ce parcours balis\u00e9 permet de d\u00e9couvrir la flore locale tout en se d\u00e9lectant des paysages marins. Les sentiers sont accessibles \u00e0 tous, rendant cette activit\u00e9 id\u00e9ale pour les familles.<\/p>\n<p>Les march\u00e9s locaux, souvent anim\u00e9s, sont \u00e9galement des incontournables. Vous y trouverez des produits frais, locaux et artisanaux. C&rsquo;est une excellente occasion de go\u00fbter aux sp\u00e9cialit\u00e9s de la r\u00e9gion, comme les fruits de mer ou le sel de Gu\u00e9rande.<\/p>\n<aside style=\"background:#e7f5ec;border-left:4px solid #6a4a2a;padding:14px 18px;margin:18px 0;border-radius:0 4px 4px 0;font-family:-apple-system,BlinkMacSystemFont,'Segoe UI',Roboto,sans-serif;\">\n  <strong style=\"display:inline-block;color:#4a3520;font-size:12px;text-transform:uppercase;letter-spacing:1.5px;margin-right:8px;\">\u2726 Astuce<\/strong><br \/>\n  <span style=\"font-size:14.5px;line-height:1.55;color:#3a3a3a;\">Arrivez sur le march\u00e9 d\u00e8s l&rsquo;ouverture (vers 8h30) : les meilleures pi\u00e8ces \u2014 poissons de petite p\u00eache, hu\u00eetres et premiers fruits de la saison \u2014 partent rapidement, et les producteurs ont alors le temps de raconter leur m\u00e9tier.<\/span><br \/>\n<\/aside>\n<h3>Activit\u00e9s selon le profil de s\u00e9jour<\/h3>\n<div style=\"display:grid;grid-template-columns:repeat(auto-fit,minmax(260px,1fr));gap:14px;margin:28px 0;font-family:-apple-system,BlinkMacSystemFont,'Segoe UI',Roboto,sans-serif;\">\n<div style=\"background:#fdecec;border:1px solid #f3cccc;border-radius:6px;padding:20px 22px;\">\n<div style=\"display:flex;align-items:center;gap:10px;margin-bottom:14px;padding-bottom:10px;border-bottom:1px solid #f3cccc;\">\n      <span style=\"width:32px;height:32px;background:#c54848;color:#fff;border-radius:50%;display:inline-flex;align-items:center;justify-content:center;font-size:18px;font-weight:700;\">\u2715<\/span><\/p>\n<h3 style=\"margin:0;font-size:16px;font-weight:700;color:#8a2020;letter-spacing:-0.01em;\">\u00c0 \u00e9viter en haute saison<\/h3>\n<\/p><\/div>\n<ul style=\"margin:0;padding-left:18px;font-size:14px;line-height:1.7;color:#3a3a3a;\">\n<li>Arriver sur la plage principale entre 12h et 15h<\/li>\n<li>Stationner en centre-bourg sans pr\u00e9voir d&rsquo;alternative<\/li>\n<li>R\u00e9server son restaurant le jour m\u00eame en juillet-ao\u00fbt<\/li>\n<\/ul><\/div>\n<div style=\"background:#e7f5ec;border:1px solid #c4dfcd;border-radius:6px;padding:20px 22px;\">\n<div style=\"display:flex;align-items:center;gap:10px;margin-bottom:14px;padding-bottom:10px;border-bottom:1px solid #c4dfcd;\">\n      <span style=\"width:32px;height:32px;background:#6a4a2a;color:#fff;border-radius:50%;display:inline-flex;align-items:center;justify-content:center;font-size:18px;font-weight:700;\">\u2713<\/span><\/p>\n<h3 style=\"margin:0;font-size:16px;font-weight:700;color:#4a3520;letter-spacing:-0.01em;\">\u00c0 privil\u00e9gier sur place<\/h3>\n<\/p><\/div>\n<ul style=\"margin:0;padding-left:18px;font-size:14px;line-height:1.7;color:#3a3a3a;\">\n<li>Sentier des Douaniers t\u00f4t le matin pour la lumi\u00e8re<\/li>\n<li>March\u00e9 au lever du jour pour les meilleures pi\u00e8ces<\/li>\n<li>Plage de la Garenne hors week-ends pour le calme<\/li>\n<\/ul><\/div>\n<\/div>\n<aside style=\"background:#fdecec;border-left:4px solid #c54848;padding:14px 18px;margin:18px 0;border-radius:0 4px 4px 0;font-family:-apple-system,BlinkMacSystemFont,'Segoe UI',Roboto,sans-serif;\">\n  <strong style=\"display:inline-block;color:#8a2020;font-size:12px;text-transform:uppercase;letter-spacing:1.5px;margin-right:8px;\">\u26a0\ufe0f Attention<\/strong><br \/>\n  <span style=\"font-size:14.5px;line-height:1.55;color:#3a3a3a;\">Sur le sentier des Douaniers, certaines portions longent des falaises sans rambardes : restez sur le trac\u00e9 balis\u00e9, surveillez les enfants et \u00e9vitez la c\u00f4te par temps de pluie \u2014 la roche schisteuse devient rapidement glissante.<\/span><br \/>\n<\/aside>\n<h2>Tableau r\u00e9capitulatif des visites<\/h2>\n<figure style=\"margin:32px 0;font-family:-apple-system,BlinkMacSystemFont,'Segoe UI',Roboto,sans-serif;\">\n<div style=\"overflow-x:auto;border:1px solid #e5e5e0;border-radius:8px;\">\n<table style=\"width:100%;border-collapse:collapse;font-size:14px;color:#2a2a2a;min-width:500px;\">\n<thead>\n<tr style=\"background:#1a1a1a;color:#fff;\">\n<th style=\"text-align:left;padding:14px 18px;font-weight:700;font-size:12px;text-transform:uppercase;letter-spacing:1.5px;\">Visite<\/th>\n<th style=\"text-align:left;padding:14px 18px;font-weight:700;font-size:12px;text-transform:uppercase;letter-spacing:1.5px;\">Type<\/th>\n<th style=\"text-align:left;padding:14px 18px;font-weight:700;font-size:12px;text-transform:uppercase;letter-spacing:1.5px;\">Caract\u00e9ristiques<\/th>\n<th style=\"text-align:center;padding:14px 18px;font-weight:700;font-size:12px;text-transform:uppercase;letter-spacing:1.5px;\">Meilleur moment<\/th>\n<\/tr>\n<\/thead>\n<tbody>\n<tr style=\"background:#fff;border-bottom:1px solid #f0ede5;\">\n<td style=\"padding:14px 18px;font-weight:600;\">Plage principale<\/td>\n<td style=\"padding:14px 18px;color:#4a4a4a;\">Loisir<\/td>\n<td style=\"padding:14px 18px;color:#4a4a4a;\">Sable fin, activit\u00e9s nautiques<\/td>\n<td style=\"padding:14px 18px;text-align:center;color:#6a6a6a;\">Matin \/ fin d&rsquo;apr\u00e8s-midi<\/td>\n<\/tr>\n<tr style=\"background:#fafaf7;border-bottom:1px solid #f0ede5;\">\n<td style=\"padding:14px 18px;font-weight:600;\">Plage de la Garenne<\/td>\n<td style=\"padding:14px 18px;color:#4a4a4a;\">Nature<\/td>\n<td style=\"padding:14px 18px;color:#4a4a4a;\">Espace sauvage, tranquillit\u00e9<\/td>\n<td style=\"padding:14px 18px;text-align:center;color:#6a6a6a;\">Hors week-end<\/td>\n<\/tr>\n<tr style=\"background:#fff;border-bottom:1px solid #f0ede5;\">\n<td style=\"padding:14px 18px;font-weight:600;\">\u00c9glise Saint-Hilaire<\/td>\n<td style=\"padding:14px 18px;color:#4a4a4a;\">Patrimoine<\/td>\n<td style=\"padding:14px 18px;color:#4a4a4a;\">Style n\u00e9o-gothique, vitraux color\u00e9s<\/td>\n<td style=\"padding:14px 18px;text-align:center;color:#6a6a6a;\">Fin de matin\u00e9e<\/td>\n<\/tr>\n<tr style=\"background:#fafaf7;border-bottom:1px solid #f0ede5;\">\n<td style=\"padding:14px 18px;font-weight:600;\">Vieux port<\/td>\n<td style=\"padding:14px 18px;color:#4a4a4a;\">Patrimoine<\/td>\n<td style=\"padding:14px 18px;color:#4a4a4a;\">Maisons de p\u00eacheurs, quais<\/td>\n<td style=\"padding:14px 18px;text-align:center;color:#6a6a6a;\">Coucher du soleil<\/td>\n<\/tr>\n<tr style=\"background:#fff;border-bottom:1px solid #f0ede5;\">\n<td style=\"padding:14px 18px;font-weight:600;\">Sentier des Douaniers<\/td>\n<td style=\"padding:14px 18px;color:#4a4a4a;\">Randonn\u00e9e<\/td>\n<td style=\"padding:14px 18px;color:#4a4a4a;\">Vues sur l&rsquo;oc\u00e9an, balis\u00e9<\/td>\n<td style=\"padding:14px 18px;text-align:center;color:#6a6a6a;\">T\u00f4t le matin<\/td>\n<\/tr>\n<tr style=\"background:#fafaf7;\">\n<td style=\"padding:14px 18px;font-weight:600;\">March\u00e9s locaux<\/td>\n<td style=\"padding:14px 18px;color:#4a4a4a;\">Gastronomie<\/td>\n<td style=\"padding:14px 18px;color:#4a4a4a;\">Produits frais, artisanat<\/td>\n<td style=\"padding:14px 18px;text-align:center;color:#6a6a6a;\">Ouverture (8h30)<\/td>\n<\/tr>\n<\/tbody>\n<\/table><\/div>\n<\/figure>\n<h2>Quand venir : saisons et mar\u00e9es<\/h2>\n<p>La Bernerie-en-Retz se laisse d\u00e9couvrir toute l&rsquo;ann\u00e9e, mais chaque saison y a son temp\u00e9rament. L&rsquo;\u00e9t\u00e9 reste \u00e9videmment le moment phare, avec ses plages anim\u00e9es, ses festivit\u00e9s estivales et son ambiance baln\u00e9aire pleinement d\u00e9ploy\u00e9e. Pour autant, le printemps et l&rsquo;arri\u00e8re-saison r\u00e9servent souvent les exp\u00e9riences les plus marquantes : moins de monde, des couleurs plus douces et des prix d&rsquo;h\u00e9bergement plus accessibles.<\/p>\n<p>Les mar\u00e9es rythment toute la vie locale. Conna\u00eetre leurs horaires conditionne autant la pratique de la p\u00eache \u00e0 pied que les balades sur l&rsquo;estran ou les baignades. Un coup d&rsquo;\u0153il au calendrier des mar\u00e9es avant de planifier sa journ\u00e9e \u00e9vite bien des d\u00e9ceptions \u2014 et r\u00e9v\u00e8le parfois des passages c\u00f4tiers que personne ne soup\u00e7onnait \u00e0 mar\u00e9e haute.<\/p>\n<aside style=\"background:#fff7e0;border-left:4px solid #d4a017;padding:14px 18px;margin:18px 0;border-radius:0 4px 4px 0;font-family:-apple-system,BlinkMacSystemFont,'Segoe UI',Roboto,sans-serif;\">\n  <strong style=\"display:inline-block;color:#7a5e00;font-size:12px;text-transform:uppercase;letter-spacing:1.5px;margin-right:8px;\">\ud83d\udca1 Bon \u00e0 savoir<\/strong><br \/>\n  <span style=\"font-size:14.5px;line-height:1.55;color:#3a3a3a;\">Les grandes mar\u00e9es (coefficients sup\u00e9rieurs \u00e0 100) sont des moments forts : la mer se retire spectaculairement, d\u00e9voilant des paysages d&rsquo;estran in\u00e9dits. Renseignez-vous aupr\u00e8s de l&rsquo;office de tourisme pour les dates exactes.<\/span><br \/>\n<\/aside>\n<h3>Sur place : conseils pratiques<\/h3>\n<div style=\"display:grid;grid-template-columns:repeat(auto-fit,minmax(260px,1fr));gap:14px;margin:28px 0;font-family:-apple-system,BlinkMacSystemFont,'Segoe UI',Roboto,sans-serif;\">\n<div style=\"background:#fafaf7;border:1px solid #c4dfcd;border-top:4px solid #6a4a2a;border-radius:4px;padding:20px 22px;\">\n<h3 style=\"margin:0 0 14px 0;font-size:13px;font-weight:700;text-transform:uppercase;letter-spacing:1.8px;color:#4a3520;\">\u2713 \u00c0 faire<\/h3>\n<ul style=\"margin:0;padding:0;list-style:none;\">\n<li style=\"display:flex;gap:10px;align-items:flex-start;padding:6px 0;font-size:14px;line-height:1.5;color:#2a2a2a;border-bottom:1px solid #ebebe5;\"><span style=\"color:#6a4a2a;font-weight:700;flex:0 0 14px;\">\u2713<\/span><span>Consulter les horaires de mar\u00e9e chaque matin<\/span><\/li>\n<li style=\"display:flex;gap:10px;align-items:flex-start;padding:6px 0;font-size:14px;line-height:1.5;color:#2a2a2a;border-bottom:1px solid #ebebe5;\"><span style=\"color:#6a4a2a;font-weight:700;flex:0 0 14px;\">\u2713<\/span><span>Pr\u00e9voir des chaussures ferm\u00e9es pour le sentier des Douaniers<\/span><\/li>\n<li style=\"display:flex;gap:10px;align-items:flex-start;padding:6px 0;font-size:14px;line-height:1.5;color:#2a2a2a;border-bottom:1px solid #ebebe5;\"><span style=\"color:#6a4a2a;font-weight:700;flex:0 0 14px;\">\u2713<\/span><span>Go\u00fbter aux hu\u00eetres et fruits de mer locaux<\/span><\/li>\n<li style=\"display:flex;gap:10px;align-items:flex-start;padding:6px 0;font-size:14px;line-height:1.5;color:#2a2a2a;\"><span style=\"color:#6a4a2a;font-weight:700;flex:0 0 14px;\">\u2713<\/span><span>R\u00e9server h\u00e9bergement et restaurants \u00e0 l&rsquo;avance en \u00e9t\u00e9<\/span><\/li>\n<\/ul><\/div>\n<div style=\"background:#fafaf7;border:1px solid #f3cccc;border-top:4px solid #c54848;border-radius:4px;padding:20px 22px;\">\n<h3 style=\"margin:0 0 14px 0;font-size:13px;font-weight:700;text-transform:uppercase;letter-spacing:1.8px;color:#8a2020;\">\u2715 \u00c0 \u00e9viter<\/h3>\n<ul style=\"margin:0;padding:0;list-style:none;\">\n<li style=\"display:flex;gap:10px;align-items:flex-start;padding:6px 0;font-size:14px;line-height:1.5;color:#2a2a2a;border-bottom:1px solid #ebebe5;\"><span style=\"color:#c54848;font-weight:700;flex:0 0 14px;\">\u2715<\/span><span>S&rsquo;aventurer sur l&rsquo;estran sans conna\u00eetre la mar\u00e9e montante<\/span><\/li>\n<li style=\"display:flex;gap:10px;align-items:flex-start;padding:6px 0;font-size:14px;line-height:1.5;color:#2a2a2a;border-bottom:1px solid #ebebe5;\"><span style=\"color:#c54848;font-weight:700;flex:0 0 14px;\">\u2715<\/span><span>Marcher sur les falaises par temps de pluie<\/span><\/li>\n<li style=\"display:flex;gap:10px;align-items:flex-start;padding:6px 0;font-size:14px;line-height:1.5;color:#2a2a2a;border-bottom:1px solid #ebebe5;\"><span style=\"color:#c54848;font-weight:700;flex:0 0 14px;\">\u2715<\/span><span>Cueillir sans conna\u00eetre les quotas de p\u00eache \u00e0 pied<\/span><\/li>\n<li style=\"display:flex;gap:10px;align-items:flex-start;padding:6px 0;font-size:14px;line-height:1.5;color:#2a2a2a;\"><span style=\"color:#c54848;font-weight:700;flex:0 0 14px;\">\u2715<\/span><span>Sous-estimer le soleil et le vent m\u00eame par temps couvert<\/span><\/li>\n<\/ul><\/div>\n<\/div>\n<h2>Conclusion<\/h2>\n<p>La Bernerie-en-Retz est un v\u00e9ritable tr\u00e9sor \u00e0 explorer. Entre ses plages accueillantes, son patrimoine riche et ses nombreuses activit\u00e9s, chaque visiteur trouve son bonheur. Que vous soyez passionn\u00e9 de nature, d&rsquo;histoire ou simplement en qu\u00eate de d\u00e9tente, cette commune saura vous s\u00e9duire. N&rsquo;attendez plus pour d\u00e9couvrir ce charmant coin de la Loire-Atlantique !<\/p>\n<section style=\"margin:32px 0;font-family:-apple-system,BlinkMacSystemFont,'Segoe UI',Roboto,sans-serif;\">\n<h2 style=\"margin:0 0 18px 0;font-size:22px;font-weight:800;color:#1a1a1a;letter-spacing:-0.01em;\">Questions fr\u00e9quentes<\/h2>\n<div style=\"border-top:1px solid #d4cfc4;\">\n<details style=\"border-bottom:1px solid #d4cfc4;padding:0;\">\n<summary style=\"cursor:pointer;padding:16px 0;font-size:17px;font-weight:700;color:#1a1a1a;list-style:none;display:flex;justify-content:space-between;align-items:center;gap:14px;\">\n        <span>Quelle est la meilleure p\u00e9riode pour visiter la Bernerie-en-Retz ?<\/span><br \/>\n        <span style=\"font-size:22px;font-weight:300;color:#6a4a2a;line-height:1;\">+<\/span><br \/>\n      <\/summary>\n<div style=\"padding:0 0 16px 0;font-size:15px;line-height:1.7;color:#4a4a4a;\">Les mois de juin \u00e0 septembre offrent un climat agr\u00e9able pour profiter des plages. Mai et d\u00e9but octobre conviennent particuli\u00e8rement \u00e0 ceux qui recherchent la douceur sans la foule estivale.<\/div>\n<\/details>\n<details style=\"border-bottom:1px solid #d4cfc4;padding:0;\">\n<summary style=\"cursor:pointer;padding:16px 0;font-size:17px;font-weight:700;color:#1a1a1a;list-style:none;display:flex;justify-content:space-between;align-items:center;gap:14px;\">\n        <span>Quelles activit\u00e9s nautiques sont disponibles ?<\/span><br \/>\n        <span style=\"font-size:22px;font-weight:300;color:#6a4a2a;line-height:1;\">+<\/span><br \/>\n      <\/summary>\n<div style=\"padding:0 0 16px 0;font-size:15px;line-height:1.7;color:#4a4a4a;\">Vous pouvez pratiquer le paddle, la planche \u00e0 voile et la baignade. Plusieurs prestataires locaux proposent \u00e9galement des sorties accompagn\u00e9es en saison estivale.<\/div>\n<\/details>\n<details style=\"border-bottom:1px solid #d4cfc4;padding:0;\">\n<summary style=\"cursor:pointer;padding:16px 0;font-size:17px;font-weight:700;color:#1a1a1a;list-style:none;display:flex;justify-content:space-between;align-items:center;gap:14px;\">\n        <span>Y a-t-il des march\u00e9s locaux ?<\/span><br \/>\n        <span style=\"font-size:22px;font-weight:300;color:#6a4a2a;line-height:1;\">+<\/span><br \/>\n      <\/summary>\n<div style=\"padding:0 0 16px 0;font-size:15px;line-height:1.7;color:#4a4a4a;\">Oui, les march\u00e9s ont lieu r\u00e9guli\u00e8rement, proposant des produits locaux frais : poissons, fruits de mer, fruits et l\u00e9gumes de saison, ainsi que de l&rsquo;artisanat r\u00e9gional.<\/div>\n<\/details>\n<details style=\"border-bottom:1px solid #d4cfc4;padding:0;\">\n<summary style=\"cursor:pointer;padding:16px 0;font-size:17px;font-weight:700;color:#1a1a1a;list-style:none;display:flex;justify-content:space-between;align-items:center;gap:14px;\">\n        <span>La Bernerie-en-Retz est-elle adapt\u00e9e aux familles ?<\/span><br \/>\n        <span style=\"font-size:22px;font-weight:300;color:#6a4a2a;line-height:1;\">+<\/span><br \/>\n      <\/summary>\n<div style=\"padding:0 0 16px 0;font-size:15px;line-height:1.7;color:#4a4a4a;\">Absolument, de nombreuses activit\u00e9s et plages s\u00e9curis\u00e9es conviennent aux enfants. La pente douce des plages, les zones surveill\u00e9es et les nombreux loisirs nautiques en font une destination id\u00e9ale en famille.<\/div>\n<\/details>\n<details style=\"border-bottom:1px solid #d4cfc4;padding:0;\">\n<summary style=\"cursor:pointer;padding:16px 0;font-size:17px;font-weight:700;color:#1a1a1a;list-style:none;display:flex;justify-content:space-between;align-items:center;gap:14px;\">\n        <span>Comment se rendre \u00e0 la Bernerie-en-Retz ?<\/span><br \/>\n        <span style=\"font-size:22px;font-weight:300;color:#6a4a2a;line-height:1;\">+<\/span><br \/>\n      <\/summary>\n<div style=\"padding:0 0 16px 0;font-size:15px;line-height:1.7;color:#4a4a4a;\">La commune est accessible en voiture depuis Nantes par la D751, et par train via la gare TER de Pornic situ\u00e9e \u00e0 proximit\u00e9. Plusieurs lignes de bus locales desservent ensuite le bourg en saison.<\/div>\n<\/details><\/div>\n<\/section>\n","protected":false},"excerpt":{"rendered":"","protected":false},"author":34,"featured_media":14290,"comment_status":"open","ping_status":"open","sticky":false,"template":"","format":"standard","meta":{"_acf_changed":false,"manual_indexmenow":false,"indexmenow_id_project":0,"footnotes":""},"categories":[1],"tags":[4537,5083,5084,4863,4715,4734],"class_list":["post-8275","post","type-post","status-publish","format-standard","has-post-thumbnail","hentry","category-a-la-une","tag-activites-nautiques","tag-bernerie-en-retz","tag-marches-locaux","tag-patrimoine","tag-plages","tag-randonnee","generate-columns","tablet-grid-50","mobile-grid-100","grid-parent","grid-25"],"acf":[],"yoast_head":"<!-- This site is optimized with the Yoast SEO Premium plugin v21.3 (Yoast SEO v25.1) - https:\/\/yoast.com\/wordpress\/plugins\/seo\/ -->\n<title>Les visites incontournables \u00e0 la Bernerie-en-Retz<\/title>\n<meta name=\"description\" content=\"Entre l&#039;Atlantique et le Pays de Retz, La Bernerie cultive une atmosph\u00e8re baln\u00e9aire d&#039;arri\u00e8re-pays : sable fin, ports de p\u00eache, march\u00e9s bavards et\" \/>\n<meta name=\"robots\" content=\"index, follow, max-snippet:-1, max-image-preview:large, max-video-preview:-1\" \/>\n<link rel=\"canonical\" href=\"https:\/\/voyage-aventure.com\/blog\/a-la-une\/les-visites-incontournables-a-la-bernerie-en-retz-decouvrez-ce-joyau-de-la-loire-atlantique\/\" \/>\n<meta property=\"og:locale\" content=\"fr_FR\" \/>\n<meta property=\"og:type\" content=\"article\" \/>\n<meta property=\"og:title\" content=\"Les visites incontournables \u00e0 la Bernerie-en-Retz\" \/>\n<meta property=\"og:description\" content=\"Entre l&#039;Atlantique et le Pays de Retz, La Bernerie cultive une atmosph\u00e8re baln\u00e9aire d&#039;arri\u00e8re-pays : sable fin, ports de p\u00eache, march\u00e9s bavards et\" \/>\n<meta property=\"og:url\" content=\"https:\/\/voyage-aventure.com\/blog\/a-la-une\/les-visites-incontournables-a-la-bernerie-en-retz-decouvrez-ce-joyau-de-la-loire-atlantique\/\" \/>\n<meta property=\"og:site_name\" content=\"voyage-aventure\" \/>\n<meta property=\"og:image\" content=\"https:\/\/voyage-aventure.com\/blog\/wp-content\/uploads\/2025\/03\/sdxl-1d6c95c8d79605b512b4791e37701fad.png\" \/>\n\t<meta property=\"og:image:width\" content=\"1200\" \/>\n\t<meta property=\"og:image:height\" content=\"500\" \/>\n\t<meta property=\"og:image:type\" content=\"image\/png\" \/>\n<meta name=\"author\" content=\"Camille Rouvray\" \/>\n<meta name=\"twitter:card\" content=\"summary_large_image\" \/>\n<script type=\"application\/ld+json\" class=\"yoast-schema-graph\">{\"@context\":\"https:\/\/schema.org\",\"@graph\":[{\"@type\":\"NewsArticle\",\"@id\":\"https:\/\/voyage-aventure.com\/blog\/a-la-une\/les-visites-incontournables-a-la-bernerie-en-retz-decouvrez-ce-joyau-de-la-loire-atlantique\/#article\",\"isPartOf\":{\"@id\":\"https:\/\/voyage-aventure.com\/blog\/a-la-une\/les-visites-incontournables-a-la-bernerie-en-retz-decouvrez-ce-joyau-de-la-loire-atlantique\/\"},\"author\":{\"name\":\"Camille Rouvray\",\"@id\":\"https:\/\/voyage-aventure.com\/blog\/#\/schema\/person\/3c864cdc320801e3db34b663e7e3f816\"},\"headline\":\"Les visites incontournables \u00e0 la Bernerie-en-Retz : D\u00e9couvrez ce joyau de la Loire-Atlantique\",\"datePublished\":\"2026-05-19T18:14:51+00:00\",\"mainEntityOfPage\":{\"@id\":\"https:\/\/voyage-aventure.com\/blog\/a-la-une\/les-visites-incontournables-a-la-bernerie-en-retz-decouvrez-ce-joyau-de-la-loire-atlantique\/\"},\"wordCount\":1686,\"commentCount\":20,\"publisher\":{\"@id\":\"https:\/\/voyage-aventure.com\/blog\/#organization\"},\"image\":{\"@id\":\"https:\/\/voyage-aventure.com\/blog\/a-la-une\/les-visites-incontournables-a-la-bernerie-en-retz-decouvrez-ce-joyau-de-la-loire-atlantique\/#primaryimage\"},\"thumbnailUrl\":\"https:\/\/voyage-aventure.com\/blog\/wp-content\/uploads\/2025\/03\/sdxl-1d6c95c8d79605b512b4791e37701fad.png\",\"keywords\":[\"Activit\u00e9s Nautiques\",\"Bernerie-en-Retz\",\"March\u00e9s Locaux\",\"Patrimoine\",\"Plages\",\"Randonn\u00e9e\"],\"articleSection\":[\"\u00c0 la une\"],\"inLanguage\":\"fr-FR\",\"potentialAction\":[{\"@type\":\"CommentAction\",\"name\":\"Comment\",\"target\":[\"https:\/\/voyage-aventure.com\/blog\/a-la-une\/les-visites-incontournables-a-la-bernerie-en-retz-decouvrez-ce-joyau-de-la-loire-atlantique\/#respond\"]}]},{\"@type\":\"WebPage\",\"@id\":\"https:\/\/voyage-aventure.com\/blog\/a-la-une\/les-visites-incontournables-a-la-bernerie-en-retz-decouvrez-ce-joyau-de-la-loire-atlantique\/\",\"url\":\"https:\/\/voyage-aventure.com\/blog\/a-la-une\/les-visites-incontournables-a-la-bernerie-en-retz-decouvrez-ce-joyau-de-la-loire-atlantique\/\",\"name\":\"Les visites incontournables \u00e0 la Bernerie-en-Retz\",\"isPartOf\":{\"@id\":\"https:\/\/voyage-aventure.com\/blog\/#website\"},\"primaryImageOfPage\":{\"@id\":\"https:\/\/voyage-aventure.com\/blog\/a-la-une\/les-visites-incontournables-a-la-bernerie-en-retz-decouvrez-ce-joyau-de-la-loire-atlantique\/#primaryimage\"},\"image\":{\"@id\":\"https:\/\/voyage-aventure.com\/blog\/a-la-une\/les-visites-incontournables-a-la-bernerie-en-retz-decouvrez-ce-joyau-de-la-loire-atlantique\/#primaryimage\"},\"thumbnailUrl\":\"https:\/\/voyage-aventure.com\/blog\/wp-content\/uploads\/2025\/03\/sdxl-1d6c95c8d79605b512b4791e37701fad.png\",\"datePublished\":\"2026-05-19T18:14:51+00:00\",\"description\":\"Entre l'Atlantique et le Pays de Retz, La Bernerie cultive une atmosph\u00e8re baln\u00e9aire d'arri\u00e8re-pays : sable fin, ports de p\u00eache, march\u00e9s bavards et\",\"inLanguage\":\"fr-FR\",\"potentialAction\":[{\"@type\":\"ReadAction\",\"target\":[\"https:\/\/voyage-aventure.com\/blog\/a-la-une\/les-visites-incontournables-a-la-bernerie-en-retz-decouvrez-ce-joyau-de-la-loire-atlantique\/\"]}]},{\"@type\":\"ImageObject\",\"inLanguage\":\"fr-FR\",\"@id\":\"https:\/\/voyage-aventure.com\/blog\/a-la-une\/les-visites-incontournables-a-la-bernerie-en-retz-decouvrez-ce-joyau-de-la-loire-atlantique\/#primaryimage\",\"url\":\"https:\/\/voyage-aventure.com\/blog\/wp-content\/uploads\/2025\/03\/sdxl-1d6c95c8d79605b512b4791e37701fad.png\",\"contentUrl\":\"https:\/\/voyage-aventure.com\/blog\/wp-content\/uploads\/2025\/03\/sdxl-1d6c95c8d79605b512b4791e37701fad.png\",\"width\":1536,\"height\":640},{\"@type\":\"WebSite\",\"@id\":\"https:\/\/voyage-aventure.com\/blog\/#website\",\"url\":\"https:\/\/voyage-aventure.com\/blog\/\",\"name\":\"voyage-aventure.com\",\"description\":\"Votre passeport pour l\u2019inattendu.\",\"publisher\":{\"@id\":\"https:\/\/voyage-aventure.com\/blog\/#organization\"},\"alternateName\":\"Votre passeport pour l\u2019inattendu.\",\"potentialAction\":[{\"@type\":\"SearchAction\",\"target\":{\"@type\":\"EntryPoint\",\"urlTemplate\":\"https:\/\/voyage-aventure.com\/blog\/?s={search_term_string}\"},\"query-input\":{\"@type\":\"PropertyValueSpecification\",\"valueRequired\":true,\"valueName\":\"search_term_string\"}}],\"inLanguage\":\"fr-FR\"},{\"@type\":\"Organization\",\"@id\":\"https:\/\/voyage-aventure.com\/blog\/#organization\",\"name\":\"Foretsensations.fr\",\"url\":\"https:\/\/voyage-aventure.com\/blog\/\",\"logo\":{\"@type\":\"ImageObject\",\"inLanguage\":\"fr-FR\",\"@id\":\"https:\/\/voyage-aventure.com\/blog\/#\/schema\/logo\/image\/\",\"url\":\"https:\/\/voyage-aventure.com\/blog\/wp-content\/uploads\/2024\/12\/19.png\",\"contentUrl\":\"https:\/\/voyage-aventure.com\/blog\/wp-content\/uploads\/2024\/12\/19.png\",\"width\":512,\"height\":512,\"caption\":\"Foretsensations.fr\"},\"image\":{\"@id\":\"https:\/\/voyage-aventure.com\/blog\/#\/schema\/logo\/image\/\"}},{\"@type\":\"Person\",\"@id\":\"https:\/\/voyage-aventure.com\/blog\/#\/schema\/person\/3c864cdc320801e3db34b663e7e3f816\",\"name\":\"Camille Rouvray\",\"image\":{\"@type\":\"ImageObject\",\"inLanguage\":\"fr-FR\",\"@id\":\"https:\/\/voyage-aventure.com\/blog\/#\/schema\/person\/image\/\",\"url\":\"https:\/\/voyage-aventure.com\/blog\/wp-content\/uploads\/2026\/06\/persona_camille-r-96x96.jpg\",\"contentUrl\":\"https:\/\/voyage-aventure.com\/blog\/wp-content\/uploads\/2026\/06\/persona_camille-r-96x96.jpg\",\"caption\":\"Camille Rouvray\"},\"description\":\"Je voyage et j'\u00e9cris sur le voyage depuis une douzaine d'ann\u00e9es, d'abord en tant que routarde au long cours, puis comme r\u00e9dactrice sp\u00e9cialis\u00e9e. Mon terrain de pr\u00e9dilection, ce sont les circuits organis\u00e9s et l'art de bien pr\u00e9parer un itin\u00e9raire : choix de la saison, dur\u00e9e r\u00e9aliste des \u00e9tapes, budget jour par jour, logement et transport sur place. J'aime aussi raconter les p\u00e9pites urbaines, ces adresses qu'on ne trouve pas dans les guides classiques. Avant de publier un dossier destination, je croise toujours plusieurs sources, je v\u00e9rifie les tarifs et les formalit\u00e9s d'entr\u00e9e \u00e0 jour, et je teste moi-m\u00eame quand je le peux. Mon angle reste pratique avant tout : aider le lecteur \u00e0 partir l'esprit tranquille, sans mauvaise surprise une fois sur place. Je m'attache \u00e0 distinguer le coup de c\u0153ur sinc\u00e8re du simple argument marketing.\",\"sameAs\":[\"https:\/\/camillerouvray.fr\/\"],\"url\":\"https:\/\/voyage-aventure.com\/blog\/auteur\/noname\/\"}]}<\/script>\n<!-- \/ Yoast SEO Premium plugin. -->","yoast_head_json":{"title":"Les visites incontournables \u00e0 la Bernerie-en-Retz","description":"Entre l'Atlantique et le Pays de Retz, La Bernerie cultive une atmosph\u00e8re baln\u00e9aire d'arri\u00e8re-pays : sable fin, ports de p\u00eache, march\u00e9s bavards et","robots":{"index":"index","follow":"follow","max-snippet":"max-snippet:-1","max-image-preview":"max-image-preview:large","max-video-preview":"max-video-preview:-1"},"canonical":"https:\/\/voyage-aventure.com\/blog\/a-la-une\/les-visites-incontournables-a-la-bernerie-en-retz-decouvrez-ce-joyau-de-la-loire-atlantique\/","og_locale":"fr_FR","og_type":"article","og_title":"Les visites incontournables \u00e0 la Bernerie-en-Retz","og_description":"Entre l'Atlantique et le Pays de Retz, La Bernerie cultive une atmosph\u00e8re baln\u00e9aire d'arri\u00e8re-pays : sable fin, ports de p\u00eache, march\u00e9s bavards et","og_url":"https:\/\/voyage-aventure.com\/blog\/a-la-une\/les-visites-incontournables-a-la-bernerie-en-retz-decouvrez-ce-joyau-de-la-loire-atlantique\/","og_site_name":"voyage-aventure","og_image":[{"url":"https:\/\/voyage-aventure.com\/blog\/wp-content\/uploads\/2025\/03\/sdxl-1d6c95c8d79605b512b4791e37701fad.png","width":1200,"height":500,"type":"image\/png"}],"author":"Camille Rouvray","twitter_card":"summary_large_image","schema":{"@context":"https:\/\/schema.org","@graph":[{"@type":"NewsArticle","@id":"https:\/\/voyage-aventure.com\/blog\/a-la-une\/les-visites-incontournables-a-la-bernerie-en-retz-decouvrez-ce-joyau-de-la-loire-atlantique\/#article","isPartOf":{"@id":"https:\/\/voyage-aventure.com\/blog\/a-la-une\/les-visites-incontournables-a-la-bernerie-en-retz-decouvrez-ce-joyau-de-la-loire-atlantique\/"},"author":{"name":"Camille Rouvray","@id":"https:\/\/voyage-aventure.com\/blog\/#\/schema\/person\/3c864cdc320801e3db34b663e7e3f816"},"headline":"Les visites incontournables \u00e0 la Bernerie-en-Retz : D\u00e9couvrez ce joyau de la Loire-Atlantique","datePublished":"2026-05-19T18:14:51+00:00","mainEntityOfPage":{"@id":"https:\/\/voyage-aventure.com\/blog\/a-la-une\/les-visites-incontournables-a-la-bernerie-en-retz-decouvrez-ce-joyau-de-la-loire-atlantique\/"},"wordCount":1686,"commentCount":20,"publisher":{"@id":"https:\/\/voyage-aventure.com\/blog\/#organization"},"image":{"@id":"https:\/\/voyage-aventure.com\/blog\/a-la-une\/les-visites-incontournables-a-la-bernerie-en-retz-decouvrez-ce-joyau-de-la-loire-atlantique\/#primaryimage"},"thumbnailUrl":"https:\/\/voyage-aventure.com\/blog\/wp-content\/uploads\/2025\/03\/sdxl-1d6c95c8d79605b512b4791e37701fad.png","keywords":["Activit\u00e9s Nautiques","Bernerie-en-Retz","March\u00e9s Locaux","Patrimoine","Plages","Randonn\u00e9e"],"articleSection":["\u00c0 la une"],"inLanguage":"fr-FR","potentialAction":[{"@type":"CommentAction","name":"Comment","target":["https:\/\/voyage-aventure.com\/blog\/a-la-une\/les-visites-incontournables-a-la-bernerie-en-retz-decouvrez-ce-joyau-de-la-loire-atlantique\/#respond"]}]},{"@type":"WebPage","@id":"https:\/\/voyage-aventure.com\/blog\/a-la-une\/les-visites-incontournables-a-la-bernerie-en-retz-decouvrez-ce-joyau-de-la-loire-atlantique\/","url":"https:\/\/voyage-aventure.com\/blog\/a-la-une\/les-visites-incontournables-a-la-bernerie-en-retz-decouvrez-ce-joyau-de-la-loire-atlantique\/","name":"Les visites incontournables \u00e0 la Bernerie-en-Retz","isPartOf":{"@id":"https:\/\/voyage-aventure.com\/blog\/#website"},"primaryImageOfPage":{"@id":"https:\/\/voyage-aventure.com\/blog\/a-la-une\/les-visites-incontournables-a-la-bernerie-en-retz-decouvrez-ce-joyau-de-la-loire-atlantique\/#primaryimage"},"image":{"@id":"https:\/\/voyage-aventure.com\/blog\/a-la-une\/les-visites-incontournables-a-la-bernerie-en-retz-decouvrez-ce-joyau-de-la-loire-atlantique\/#primaryimage"},"thumbnailUrl":"https:\/\/voyage-aventure.com\/blog\/wp-content\/uploads\/2025\/03\/sdxl-1d6c95c8d79605b512b4791e37701fad.png","datePublished":"2026-05-19T18:14:51+00:00","description":"Entre l'Atlantique et le Pays de Retz, La Bernerie cultive une atmosph\u00e8re baln\u00e9aire d'arri\u00e8re-pays : sable fin, ports de p\u00eache, march\u00e9s bavards et","inLanguage":"fr-FR","potentialAction":[{"@type":"ReadAction","target":["https:\/\/voyage-aventure.com\/blog\/a-la-une\/les-visites-incontournables-a-la-bernerie-en-retz-decouvrez-ce-joyau-de-la-loire-atlantique\/"]}]},{"@type":"ImageObject","inLanguage":"fr-FR","@id":"https:\/\/voyage-aventure.com\/blog\/a-la-une\/les-visites-incontournables-a-la-bernerie-en-retz-decouvrez-ce-joyau-de-la-loire-atlantique\/#primaryimage","url":"https:\/\/voyage-aventure.com\/blog\/wp-content\/uploads\/2025\/03\/sdxl-1d6c95c8d79605b512b4791e37701fad.png","contentUrl":"https:\/\/voyage-aventure.com\/blog\/wp-content\/uploads\/2025\/03\/sdxl-1d6c95c8d79605b512b4791e37701fad.png","width":1536,"height":640},{"@type":"WebSite","@id":"https:\/\/voyage-aventure.com\/blog\/#website","url":"https:\/\/voyage-aventure.com\/blog\/","name":"voyage-aventure.com","description":"Votre passeport pour l\u2019inattendu.","publisher":{"@id":"https:\/\/voyage-aventure.com\/blog\/#organization"},"alternateName":"Votre passeport pour l\u2019inattendu.","potentialAction":[{"@type":"SearchAction","target":{"@type":"EntryPoint","urlTemplate":"https:\/\/voyage-aventure.com\/blog\/?s={search_term_string}"},"query-input":{"@type":"PropertyValueSpecification","valueRequired":true,"valueName":"search_term_string"}}],"inLanguage":"fr-FR"},{"@type":"Organization","@id":"https:\/\/voyage-aventure.com\/blog\/#organization","name":"Foretsensations.fr","url":"https:\/\/voyage-aventure.com\/blog\/","logo":{"@type":"ImageObject","inLanguage":"fr-FR","@id":"https:\/\/voyage-aventure.com\/blog\/#\/schema\/logo\/image\/","url":"https:\/\/voyage-aventure.com\/blog\/wp-content\/uploads\/2024\/12\/19.png","contentUrl":"https:\/\/voyage-aventure.com\/blog\/wp-content\/uploads\/2024\/12\/19.png","width":512,"height":512,"caption":"Foretsensations.fr"},"image":{"@id":"https:\/\/voyage-aventure.com\/blog\/#\/schema\/logo\/image\/"}},{"@type":"Person","@id":"https:\/\/voyage-aventure.com\/blog\/#\/schema\/person\/3c864cdc320801e3db34b663e7e3f816","name":"Camille Rouvray","image":{"@type":"ImageObject","inLanguage":"fr-FR","@id":"https:\/\/voyage-aventure.com\/blog\/#\/schema\/person\/image\/","url":"https:\/\/voyage-aventure.com\/blog\/wp-content\/uploads\/2026\/06\/persona_camille-r-96x96.jpg","contentUrl":"https:\/\/voyage-aventure.com\/blog\/wp-content\/uploads\/2026\/06\/persona_camille-r-96x96.jpg","caption":"Camille Rouvray"},"description":"Je voyage et j'\u00e9cris sur le voyage depuis une douzaine d'ann\u00e9es, d'abord en tant que routarde au long cours, puis comme r\u00e9dactrice sp\u00e9cialis\u00e9e. Mon terrain de pr\u00e9dilection, ce sont les circuits organis\u00e9s et l'art de bien pr\u00e9parer un itin\u00e9raire : choix de la saison, dur\u00e9e r\u00e9aliste des \u00e9tapes, budget jour par jour, logement et transport sur place. J'aime aussi raconter les p\u00e9pites urbaines, ces adresses qu'on ne trouve pas dans les guides classiques. Avant de publier un dossier destination, je croise toujours plusieurs sources, je v\u00e9rifie les tarifs et les formalit\u00e9s d'entr\u00e9e \u00e0 jour, et je teste moi-m\u00eame quand je le peux. Mon angle reste pratique avant tout : aider le lecteur \u00e0 partir l'esprit tranquille, sans mauvaise surprise une fois sur place. Je m'attache \u00e0 distinguer le coup de c\u0153ur sinc\u00e8re du simple argument marketing.","sameAs":["https:\/\/camillerouvray.fr\/"],"url":"https:\/\/voyage-aventure.com\/blog\/auteur\/noname\/"}]}},"_links":{"self":[{"href":"https:\/\/voyage-aventure.com\/blog\/wp-json\/wp\/v2\/posts\/8275","targetHints":{"allow":["GET"]}}],"collection":[{"href":"https:\/\/voyage-aventure.com\/blog\/wp-json\/wp\/v2\/posts"}],"about":[{"href":"https:\/\/voyage-aventure.com\/blog\/wp-json\/wp\/v2\/types\/post"}],"author":[{"embeddable":true,"href":"https:\/\/voyage-aventure.com\/blog\/wp-json\/wp\/v2\/users\/34"}],"replies":[{"embeddable":true,"href":"https:\/\/voyage-aventure.com\/blog\/wp-json\/wp\/v2\/comments?post=8275"}],"version-history":[{"count":2,"href":"https:\/\/voyage-aventure.com\/blog\/wp-json\/wp\/v2\/posts\/8275\/revisions"}],"predecessor-version":[{"id":21238,"href":"https:\/\/voyage-aventure.com\/blog\/wp-json\/wp\/v2\/posts\/8275\/revisions\/21238"}],"wp:featuredmedia":[{"embeddable":true,"href":"https:\/\/voyage-aventure.com\/blog\/wp-json\/wp\/v2\/media\/14290"}],"wp:attachment":[{"href":"https:\/\/voyage-aventure.com\/blog\/wp-json\/wp\/v2\/media?parent=8275"}],"wp:term":[{"taxonomy":"category","embeddable":true,"href":"https:\/\/voyage-aventure.com\/blog\/wp-json\/wp\/v2\/categories?post=8275"},{"taxonomy":"post_tag","embeddable":true,"href":"https:\/\/voyage-aventure.com\/blog\/wp-json\/wp\/v2\/tags?post=8275"}],"curies":[{"name":"wp","href":"https:\/\/api.w.org\/{rel}","templated":true}]}}