{"id":8109,"date":"2026-06-16T15:59:29","date_gmt":"2026-06-16T13:59:29","guid":{"rendered":"https:\/\/voyage-aventure.com\/blog\/?p=8109"},"modified":"2026-06-16T15:59:29","modified_gmt":"2026-06-16T13:59:29","slug":"decouvrez-porto-les-vols-directs-a-prix-mini-pour-une-escapade-inoubliable","status":"publish","type":"post","link":"https:\/\/voyage-aventure.com\/blog\/a-la-une\/decouvrez-porto-les-vols-directs-a-prix-mini-pour-une-escapade-inoubliable\/","title":{"rendered":"D\u00e9couvrez Porto : les vols directs \u00e0 prix mini pour une escapade inoubliable"},"content":{"rendered":"<link rel=\"stylesheet\" href=\"https:\/\/fonts.googleapis.com\/css2?family=Fraunces:opsz,wght@9..144,500;9..144,600;9..144,700;9..144,900&#038;family=Inter:wght@400;500;600;700&#038;family=JetBrains+Mono:wght@500&#038;display=swap\">\n<style>\n.prt-gl-wrap{font-family:'Inter',-apple-system,BlinkMacSystemFont,sans-serif;color:#2b2420;line-height:1.65;font-size:17px;}\n.prt-gl-wrap h2{font-family:'Fraunces','Inter',serif;font-weight:700;font-size:clamp(25px,3.4vw,35px);letter-spacing:-0.015em;color:#1f1a16;margin:52px 0 14px;line-height:1.15;}\n.prt-gl-wrap h3{font-family:'Fraunces','Inter',serif;font-weight:600;font-size:19px;color:#1f1a16;margin:0 0 6px;letter-spacing:-0.01em;}\n.prt-gl-wrap p{margin:0 0 18px;}\n.prt-gl-kicker{font-family:'JetBrains Mono',monospace;font-size:11px;font-weight:500;text-transform:uppercase;letter-spacing:3px;color:#c2643a;display:block;margin-bottom:6px;}\n.prt-gl-lead{font-size:20px;line-height:1.55;color:#3a322c;font-weight:500;margin:8px 0 26px;letter-spacing:-0.005em;}\n.prt-gl-carnet{background:#fbf5ef;border:1px solid #ecdccd;border-left:5px solid #c2643a;border-radius:8px;padding:24px 26px 26px;margin:28px 0;}\n.prt-gl-carnet-t{font-family:'JetBrains Mono',monospace;font-size:11px;font-weight:500;text-transform:uppercase;letter-spacing:2.4px;color:#c2643a;margin-bottom:16px;}\n.prt-gl-carnet-grid{display:grid;grid-template-columns:repeat(auto-fit,minmax(190px,1fr));gap:12px;}\n.prt-gl-cell{background:#fff;border:1px solid #ecdccd;border-radius:6px;padding:13px 15px;}\n.prt-gl-cell-k{font-size:11px;text-transform:uppercase;letter-spacing:1.6px;color:#9a7f6a;margin-bottom:4px;font-weight:600;}\n.prt-gl-cell-v{font-size:15px;line-height:1.45;color:#2b2420;font-weight:500;}\n.prt-gl-grid{display:grid;grid-template-columns:repeat(auto-fit,minmax(230px,1fr));gap:16px;margin:26px 0;}\n.prt-gl-card{background:#fff;border:1px solid #ecdccd;border-top:3px solid #1a6e7e;border-radius:8px;padding:20px 20px 18px;transition:transform .25s ease,box-shadow .25s ease,border-color .25s ease;}\n.prt-gl-card:hover{transform:translateY(-3px);box-shadow:0 1px 2px rgba(31,26,22,.05),0 14px 30px -16px rgba(31,26,22,.28);border-top-color:#c2643a;}\n.prt-gl-num{display:inline-flex;align-items:center;justify-content:center;width:34px;height:34px;background:#eef4f5;color:#1a6e7e;border-radius:50%;font-family:'Fraunces',serif;font-weight:900;font-size:16px;margin-bottom:12px;}\n.prt-gl-card-txt{font-size:14px;line-height:1.55;color:#4a4039;margin-top:4px;}\n.prt-gl-tip{font-family:'JetBrains Mono',monospace;font-size:11px;letter-spacing:.4px;color:#c2643a;margin-top:10px;display:block;}\n.prt-gl-table-wrap{overflow-x:auto;border:1px solid #ecdccd;border-radius:8px;margin:26px 0;}\n.prt-gl-table{width:100%;border-collapse:collapse;font-size:14.5px;color:#2b2420;min-width:480px;}\n.prt-gl-table thead tr{background:#1f1a16;color:#fff;}\n.prt-gl-table th{text-align:left;padding:13px 18px;font-size:11px;text-transform:uppercase;letter-spacing:1.6px;font-weight:700;}\n.prt-gl-table td{padding:13px 18px;border-bottom:1px solid #f0e7dd;}\n.prt-gl-table tbody tr:nth-child(even){background:#fbf5ef;}\n.prt-gl-table tbody tr:last-child td{border-bottom:none;}\n.prt-gl-quote{margin:40px auto;padding:30px 24px 28px;text-align:center;border-top:1px solid #1f1a16;border-bottom:1px solid #1f1a16;max-width:660px;position:relative;}\n.prt-gl-quote-mark{position:absolute;top:-22px;left:50%;transform:translateX(-50%);background:#fff;padding:0 14px;font-family:'Fraunces',serif;font-size:50px;line-height:1;color:#c2643a;}\n.prt-gl-quote blockquote{margin:0;padding:0;font-family:'Fraunces',serif;font-style:italic;font-size:clamp(21px,2.8vw,26px);line-height:1.42;color:#1f1a16;font-weight:500;}\n.prt-gl-note{background:#eef4f5;border-left:4px solid #1a6e7e;padding:15px 19px;margin:22px 0;border-radius:0 6px 6px 0;}\n.prt-gl-note-t{font-family:'JetBrains Mono',monospace;display:inline-block;color:#13525e;font-size:11px;text-transform:uppercase;letter-spacing:1.6px;margin-right:8px;font-weight:500;}\n.prt-gl-note-x{font-size:14.5px;line-height:1.55;color:#33403f;}\n.prt-gl-check{display:grid;grid-template-columns:repeat(auto-fit,minmax(255px,1fr));gap:16px;margin:26px 0;}\n.prt-gl-col{background:#fbf5ef;border:1px solid #ecdccd;border-radius:6px;padding:19px 21px;}\n.prt-gl-col.do{border-top:4px solid #1a6e7e;}\n.prt-gl-col.dont{border-top:4px solid #c2643a;}\n.prt-gl-col-t{font-family:'JetBrains Mono',monospace;font-size:12px;font-weight:500;text-transform:uppercase;letter-spacing:1.8px;margin:0 0 12px;}\n.prt-gl-col.do .prt-gl-col-t{color:#13525e;}\n.prt-gl-col.dont .prt-gl-col-t{color:#a44a26;}\n.prt-gl-col ul{margin:0;padding:0;list-style:none;}\n.prt-gl-col li{display:flex;gap:10px;align-items:flex-start;padding:7px 0;font-size:14.5px;line-height:1.5;color:#2b2420;border-bottom:1px solid #ecdccd;}\n.prt-gl-col li:last-child{border-bottom:none;}\n.prt-gl-col li .mk{flex:0 0 14px;font-weight:700;}\n.prt-gl-col.do .mk{color:#1a6e7e;}\n.prt-gl-col.dont .mk{color:#c2643a;}\n.prt-gl-retenir{background:#1f1a16;border-radius:10px;padding:26px 28px 28px;margin:40px 0;}\n.prt-gl-retenir-t{font-family:'JetBrains Mono',monospace;font-size:11px;font-weight:500;text-transform:uppercase;letter-spacing:2.4px;color:#e89668;margin-bottom:16px;}\n.prt-gl-retenir-grid{display:grid;grid-template-columns:repeat(auto-fit,minmax(240px,1fr));gap:10px;}\n.prt-gl-ritem{display:flex;gap:12px;align-items:flex-start;background:#2a231d;border:1px solid #3a312a;border-radius:6px;padding:12px 14px;}\n.prt-gl-ritem .rn{flex:0 0 26px;width:26px;height:26px;background:#c2643a;color:#fff;border-radius:50%;display:inline-flex;align-items:center;justify-content:center;font-size:12px;font-weight:700;font-family:'Inter',sans-serif;}\n.prt-gl-ritem .rt{font-size:14px;line-height:1.5;color:#ece3da;}\n.prt-gl-faq{margin:40px 0 10px;}\n.prt-gl-faq>div{border-top:1px solid #e3d4c5;}\n.prt-gl-faq details{border-bottom:1px solid #e3d4c5;}\n.prt-gl-faq summary{cursor:pointer;padding:17px 0;font-family:'Fraunces',serif;font-size:18px;font-weight:600;color:#1f1a16;list-style:none;display:flex;justify-content:space-between;align-items:center;gap:14px;}\n.prt-gl-faq summary::-webkit-details-marker{display:none;}\n.prt-gl-faq summary .pl{font-family:'Inter',sans-serif;font-size:24px;font-weight:300;color:#c2643a;line-height:1;}\n.prt-gl-faq .ans{padding:0 0 17px;font-size:15px;line-height:1.7;color:#4a4039;}\n\/*RENDERFIX2*\/.prt-gl-table thead tr{color:#eef3f9!important}.prt-gl-table thead tr p,.prt-gl-table thead tr li,.prt-gl-table thead tr strong,.prt-gl-table thead tr em,.prt-gl-table thead tr a,.prt-gl-table thead tr span,.prt-gl-table thead tr b,.prt-gl-table thead tr td,.prt-gl-table thead tr th,.prt-gl-table thead tr h2,.prt-gl-table thead tr h3,.prt-gl-table thead tr h4{color:#eef3f9!important}.prt-gl-table thead tr strong,.prt-gl-table thead tr b{color:#ffffff!important}.prt-gl-retenir{color:#eef3f9!important}.prt-gl-retenir p,.prt-gl-retenir li,.prt-gl-retenir strong,.prt-gl-retenir em,.prt-gl-retenir a,.prt-gl-retenir span,.prt-gl-retenir b,.prt-gl-retenir td,.prt-gl-retenir th,.prt-gl-retenir h2,.prt-gl-retenir h3,.prt-gl-retenir h4{color:#eef3f9!important}.prt-gl-retenir strong,.prt-gl-retenir b{color:#ffffff!important}.prt-gl-ritem{color:#eef3f9!important}.prt-gl-ritem p,.prt-gl-ritem li,.prt-gl-ritem strong,.prt-gl-ritem em,.prt-gl-ritem a,.prt-gl-ritem span,.prt-gl-ritem b,.prt-gl-ritem td,.prt-gl-ritem th,.prt-gl-ritem h2,.prt-gl-ritem h3,.prt-gl-ritem h4{color:#eef3f9!important}.prt-gl-ritem strong,.prt-gl-ritem b{color:#ffffff!important}<\/style>\n<div class=\"prt-gl-wrap\">\n<span class=\"prt-gl-kicker\">Carnet de voyage \u00b7 Portugal<\/span><\/p>\n<div class=\"prt-gl-lead\">Ruelles pav\u00e9es, azulejos bleus et verres de porto face au Douro : Porto se savoure le temps d&rsquo;un week-end, et l&rsquo;acc\u00e8s n&rsquo;a jamais \u00e9t\u00e9 aussi simple depuis la France. Voici tout ce qu&rsquo;il faut savoir pour organiser votre escapade.<\/div>\n<div class=\"prt-gl-carnet\">\n<div class=\"prt-gl-carnet-t\">Le carnet pratique<\/div>\n<div class=\"prt-gl-carnet-grid\">\n<div class=\"prt-gl-cell\">\n<div class=\"prt-gl-cell-k\">Quand partir<\/div>\n<div class=\"prt-gl-cell-v\">Id\u00e9al au printemps et \u00e0 l&rsquo;automne, plus doux et moins fr\u00e9quent\u00e9s<\/div>\n<\/div>\n<div class=\"prt-gl-cell\">\n<div class=\"prt-gl-cell-k\">Dur\u00e9e id\u00e9ale<\/div>\n<div class=\"prt-gl-cell-v\">Un long week-end (2 \u00e0 3 jours) suffit pour l&rsquo;essentiel<\/div>\n<\/div>\n<div class=\"prt-gl-cell\">\n<div class=\"prt-gl-cell-k\">Y aller<\/div>\n<div class=\"prt-gl-cell-v\">Vols directs depuis Paris, Bordeaux, Toulouse, Marseille, Nantes \u2014 d\u00e8s 47&nbsp;\u20ac l&rsquo;aller-retour<\/div>\n<\/div>\n<div class=\"prt-gl-cell\">\n<div class=\"prt-gl-cell-k\">3 incontournables<\/div>\n<div class=\"prt-gl-cell-v\">Ribeira \u00b7 Ponte Dom Lu\u00eds I \u00b7 les caves \u00e0 vin de Porto<\/div>\n<\/div><\/div>\n<\/div>\n<h2>Pourquoi choisir Porto pour votre prochaine escapade ?<\/h2>\n<p>Porto, avec son charme envo\u00fbtant et ses paysages \u00e0 couper le souffle, est une destination qui attire chaque ann\u00e9e des milliers de voyageurs. Cette ville portugaise, riche en histoire et en culture, offre une exp\u00e9rience unique gr\u00e2ce \u00e0 ses b\u00e2timents historiques, ses ruelles pav\u00e9es et sa gastronomie renomm\u00e9e. Que vous soyez amateur de vins, passionn\u00e9 d&rsquo;art ou tout simplement en qu\u00eate de d\u00e9tente, Porto saura r\u00e9pondre \u00e0 toutes vos attentes.<\/p>\n<p>\u00c0 partir de seulement 47&nbsp;\u20ac pour un vol aller-retour, il n&rsquo;a jamais \u00e9t\u00e9 aussi facile de d\u00e9couvrir cette perle du Portugal. Ce tarif correspondait \u00e0 une offre rep\u00e9r\u00e9e sur des vols directs au d\u00e9part de plusieurs villes fran\u00e7aises : les prix r\u00e9els varient selon la saison et la date de r\u00e9servation, mais l&rsquo;id\u00e9e reste la m\u00eame \u2014 Porto se rejoint vite et sans se ruiner. Envolez-vous depuis l&rsquo;une des grandes villes fran\u00e7aises et laissez-vous charmer par les azulejos color\u00e9s et l&rsquo;ambiance chaleureuse de ses habitants. Pour ceux qui h\u00e9sitent encore, il est temps de faire vos valises et de partir \u00e0 l&rsquo;aventure.<\/p>\n<h2>Que faire \u00e0 Porto : les incontournables \u00e0 ne pas manquer<\/h2>\n<p>Porto regorge de sites incontournables qui m\u00e9ritent d&rsquo;\u00eatre visit\u00e9s lors de votre s\u00e9jour. Commencez par le quartier historique de Ribeira, class\u00e9 au patrimoine mondial de l&rsquo;UNESCO. Vous pourrez fl\u00e2ner le long des quais du fleuve Douro, admirer les maisons color\u00e9es et d\u00e9guster un verre de vin de Porto dans l&rsquo;un des nombreux bars anim\u00e9s. Ne manquez pas de traverser le c\u00e9l\u00e8bre Ponte Dom Lu\u00eds I, un pont embl\u00e9matique qui offre une vue panoramique sur la ville.<\/p>\n<div class=\"prt-gl-grid\">\n<div class=\"prt-gl-card\">\n    <span class=\"prt-gl-num\">01<\/span><\/p>\n<h3>Le quartier de la Ribeira<\/h3>\n<div class=\"prt-gl-card-txt\">Class\u00e9 \u00e0 l&rsquo;UNESCO, ce d\u00e9dale de ruelles et de maisons color\u00e9es descend jusqu&rsquo;aux quais du Douro. Le c\u0153ur battant de Porto.<\/div>\n<p>    <span class=\"prt-gl-tip\">Tip \u00b7 verre de porto en terrasse au coucher du soleil<\/span>\n  <\/div>\n<div class=\"prt-gl-card\">\n    <span class=\"prt-gl-num\">02<\/span><\/p>\n<h3>Le Ponte Dom Lu\u00eds I<\/h3>\n<div class=\"prt-gl-card-txt\">Pont \u00e0 deux \u00e9tages embl\u00e9matique de la ville. Le tablier sup\u00e9rieur offre une vue panoramique sur le fleuve et les toits.<\/div>\n<p>    <span class=\"prt-gl-tip\">Tip \u00b7 travers\u00e9e \u00e0 pied gratuite et spectaculaire<\/span>\n  <\/div>\n<div class=\"prt-gl-card\">\n    <span class=\"prt-gl-num\">03<\/span><\/p>\n<h3>La cath\u00e9drale de Porto<\/h3>\n<div class=\"prt-gl-card-txt\">Avec son architecture imposante, la S\u00e9 est un must pour qui veut plonger dans l&rsquo;histoire et la culture du lieu.<\/div>\n<p>    <span class=\"prt-gl-tip\">Tip \u00b7 belle vue sur la vieille ville depuis le parvis<\/span>\n  <\/div>\n<div class=\"prt-gl-card\">\n    <span class=\"prt-gl-num\">04<\/span><\/p>\n<h3>Le Palais de la Bourse<\/h3>\n<div class=\"prt-gl-card-txt\">Chef-d&rsquo;\u0153uvre du XIXe si\u00e8cle, ce monument compl\u00e8te l&rsquo;aper\u00e7u des tr\u00e9sors architecturaux que Porto a \u00e0 offrir.<\/div>\n<p>    <span class=\"prt-gl-tip\">Tip \u00b7 ne ratez pas le salon arabe \u00e0 l&rsquo;int\u00e9rieur<\/span>\n  <\/div>\n<\/div>\n<div class=\"prt-gl-note\">\n  <span class=\"prt-gl-note-t\">Gratuit<\/span><br \/>\n  <span class=\"prt-gl-note-x\">Une bonne partie de Porto se visite sans d\u00e9penser : fl\u00e2ner dans la Ribeira, traverser le Ponte Dom Lu\u00eds I, longer les quais du Douro et admirer les azulejos des fa\u00e7ades ne co\u00fbte rien \u2014 de quoi remplir une journ\u00e9e enti\u00e8re.<\/span>\n<\/div>\n<h2>Des vols directs pour tous les budgets<\/h2>\n<p>Les compagnies a\u00e9riennes proposent des vols directs vers Porto depuis plusieurs grandes villes fran\u00e7aises, facilitant ainsi l&rsquo;acc\u00e8s \u00e0 cette destination pris\u00e9e. Que vous partiez de Paris, Marseille, Bordeaux ou Toulouse, vous trouverez des options adapt\u00e9es \u00e0 votre budget et \u00e0 vos dates de voyage. Voici un aper\u00e7u des villes de d\u00e9part les plus populaires pour rejoindre Porto :<\/p>\n<ul>\n<li>Paris<\/li>\n<li>Bordeaux<\/li>\n<li>Toulouse<\/li>\n<li>Marseille<\/li>\n<li>Nantes<\/li>\n<\/ul>\n<p>Les prix peuvent varier en fonction de la saison et de la demande, mais il est possible de d\u00e9nicher des offres int\u00e9ressantes tout au long de l&rsquo;ann\u00e9e. R\u00e9server \u00e0 l&rsquo;avance et viser le milieu de semaine reste la meilleure fa\u00e7on de profiter de ces tarifs imbattables sans attendre.<\/p>\n<div class=\"prt-gl-quote\">\n  <span class=\"prt-gl-quote-mark\">\u00ab<\/span><\/p>\n<blockquote><p>Porto est une ville qui sait allier tradition et modernit\u00e9, offrant \u00e0 chaque visiteur une exp\u00e9rience unique.<\/p><\/blockquote>\n<\/div>\n<h2>Quand partir \u00e0 Porto ?<\/h2>\n<p>Porto se visite toute l&rsquo;ann\u00e9e, mais l&rsquo;ambiance change nettement d&rsquo;une saison \u00e0 l&rsquo;autre. Le climat oc\u00e9anique de la ville reste doux, avec des \u00e9t\u00e9s temp\u00e9r\u00e9s par l&rsquo;Atlantique et des hivers pluvieux mais rarement froids. Voici comment choisir votre p\u00e9riode selon ce que vous recherchez :<\/p>\n<div class=\"prt-gl-table-wrap\">\n<table class=\"prt-gl-table\">\n<thead>\n<tr>\n<th>Saison<\/th>\n<th>Ambiance<\/th>\n<th>\u00c0 savoir<\/th>\n<\/tr>\n<\/thead>\n<tbody>\n<tr>\n<td>Printemps<\/td>\n<td>Douce et fleurie<\/td>\n<td>Id\u00e9al pour fl\u00e2ner, affluence mod\u00e9r\u00e9e<\/td>\n<\/tr>\n<tr>\n<td>\u00c9t\u00e9<\/td>\n<td>Anim\u00e9e et festive<\/td>\n<td>Plus de monde, terrasses pleines<\/td>\n<\/tr>\n<tr>\n<td>Automne<\/td>\n<td>Lumineuse et calme<\/td>\n<td>Vendanges du Douro, tarifs plus doux<\/td>\n<\/tr>\n<tr>\n<td>Hiver<\/td>\n<td>Intime et tranquille<\/td>\n<td>Pluvieux, mais peu de touristes<\/td>\n<\/tr>\n<\/tbody>\n<\/table>\n<\/div>\n<h2>O\u00f9 manger et conseils pour profiter pleinement de votre voyage<\/h2>\n<p>Pour profiter au maximum de votre s\u00e9jour \u00e0 Porto, pensez \u00e0 r\u00e9server vos activit\u00e9s et visites \u00e0 l&rsquo;avance. Parmi les exp\u00e9riences \u00e0 ne pas manquer, les visites de caves \u00e0 vin sont incontournables pour les amateurs de vin. Vous y d\u00e9couvrirez l&rsquo;histoire et les secrets de la production du c\u00e9l\u00e8bre vin de Porto, avec la possibilit\u00e9 de d\u00e9guster plusieurs vari\u00e9t\u00e9s.<\/p>\n<p>C\u00f4t\u00e9 table, n&rsquo;oubliez pas de go\u00fbter \u00e0 la gastronomie locale, notamment le fameux bacalhau \u00e0 br\u00e1s et les past\u00e9is de nata en dessert. En vous promenant dans les rues de Porto, vous trouverez de nombreux restaurants et caf\u00e9s o\u00f9 savourer ces d\u00e9lices. Prenez le temps de vous impr\u00e9gner de l&rsquo;atmosph\u00e8re vibrante de la ville, surtout dans le quartier anim\u00e9 des Galerias de Paris.<\/p>\n<div class=\"prt-gl-check\">\n<div class=\"prt-gl-col do\">\n<div class=\"prt-gl-col-t\">\u00c0 faire<\/div>\n<ul>\n<li><span class=\"mk\">\u2713<\/span><span>R\u00e9server visites et caves \u00e0 vin \u00e0 l&rsquo;avance<\/span><\/li>\n<li><span class=\"mk\">\u2713<\/span><span>Go\u00fbter le bacalhau \u00e0 br\u00e1s et les past\u00e9is de nata<\/span><\/li>\n<li><span class=\"mk\">\u2713<\/span><span>Traverser le Ponte Dom Lu\u00eds I \u00e0 pied<\/span><\/li>\n<li><span class=\"mk\">\u2713<\/span><span>Sortir le soir dans le quartier des Galerias de Paris<\/span><\/li>\n<\/ul><\/div>\n<div class=\"prt-gl-col dont\">\n<div class=\"prt-gl-col-t\">\u00c0 \u00e9viter<\/div>\n<ul>\n<li><span class=\"mk\">\u2715<\/span><span>Tout caser sur une seule journ\u00e9e<\/span><\/li>\n<li><span class=\"mk\">\u2715<\/span><span>R\u00e9server son vol \u00e0 la derni\u00e8re minute<\/span><\/li>\n<li><span class=\"mk\">\u2715<\/span><span>N\u00e9gliger les chaussures confortables (rues pav\u00e9es et pentues)<\/span><\/li>\n<li><span class=\"mk\">\u2715<\/span><span>Repartir sans avoir long\u00e9 les quais du Douro<\/span><\/li>\n<\/ul><\/div>\n<\/div>\n<p>Porto vous attend avec ses merveilles et ses tr\u00e9sors \u00e0 chaque coin de rue. Pr\u00e9parez votre vol et offrez-vous une exp\u00e9rience inoubliable dans cette ville fascinante du Portugal.<\/p>\n<div class=\"prt-gl-retenir\">\n<div class=\"prt-gl-retenir-t\">\u00c0 retenir<\/div>\n<div class=\"prt-gl-retenir-grid\">\n<div class=\"prt-gl-ritem\"><span class=\"rn\">1<\/span><span class=\"rt\">Un long week-end de 2 \u00e0 3 jours suffit pour d\u00e9couvrir l&rsquo;essentiel de Porto.<\/span><\/div>\n<div class=\"prt-gl-ritem\"><span class=\"rn\">2<\/span><span class=\"rt\">Vols directs depuis Paris, Bordeaux, Toulouse, Marseille et Nantes, d\u00e8s 47&nbsp;\u20ac l&rsquo;aller-retour selon les offres.<\/span><\/div>\n<div class=\"prt-gl-ritem\"><span class=\"rn\">3<\/span><span class=\"rt\">Ribeira, Ponte Dom Lu\u00eds I et caves \u00e0 vin forment le trio \u00e0 ne pas manquer.<\/span><\/div>\n<div class=\"prt-gl-ritem\"><span class=\"rn\">4<\/span><span class=\"rt\">Beaucoup de visites sont gratuites : quais, ponts, ruelles et fa\u00e7ades d&rsquo;azulejos.<\/span><\/div>\n<div class=\"prt-gl-ritem\"><span class=\"rn\">5<\/span><span class=\"rt\">Printemps et automne offrent le meilleur \u00e9quilibre m\u00e9t\u00e9o \/ affluence.<\/span><\/div>\n<\/p><\/div>\n<\/div>\n<section class=\"prt-gl-faq\">\n<h2>Questions fr\u00e9quentes sur Porto<\/h2>\n<div>\n<details>\n<summary><span>Que faire \u00e0 Porto ?<\/span><span class=\"pl\">+<\/span><\/summary>\n<div class=\"ans\">Les essentiels sont le quartier historique de la Ribeira class\u00e9 \u00e0 l&rsquo;UNESCO, la travers\u00e9e du Ponte Dom Lu\u00eds I, la cath\u00e9drale (S\u00e9), le Palais de la Bourse et la visite des caves \u00e0 vin de Porto. Comptez un long week-end pour en profiter sans courir.<\/div>\n<\/details>\n<details>\n<summary><span>Que faire \u00e0 Porto gratuitement ?<\/span><span class=\"pl\">+<\/span><\/summary>\n<div class=\"ans\">Fl\u00e2ner dans la Ribeira, longer les quais du Douro, traverser \u00e0 pied le Ponte Dom Lu\u00eds I et admirer les fa\u00e7ades d&rsquo;azulejos ne co\u00fbtent rien. Une grande partie du charme de Porto se d\u00e9couvre simplement en marchant dans ses ruelles.<\/div>\n<\/details>\n<details>\n<summary><span>O\u00f9 manger \u00e0 Porto ?<\/span><span class=\"pl\">+<\/span><\/summary>\n<div class=\"ans\">On trouve de nombreux restaurants et caf\u00e9s dans toute la ville, notamment dans le quartier anim\u00e9 des Galerias de Paris. Les sp\u00e9cialit\u00e9s \u00e0 go\u00fbter sur place sont le bacalhau \u00e0 br\u00e1s et, en dessert, les past\u00e9is de nata.<\/div>\n<\/details>\n<details>\n<summary><span>Comment se rendre \u00e0 Porto depuis la France ?<\/span><span class=\"pl\">+<\/span><\/summary>\n<div class=\"ans\">Des vols directs relient Porto depuis Paris, Bordeaux, Toulouse, Marseille et Nantes. Les tarifs varient selon la saison et la date de r\u00e9servation \u2014 des offres d\u00e8s 47&nbsp;\u20ac l&rsquo;aller-retour ont d\u00e9j\u00e0 \u00e9t\u00e9 rep\u00e9r\u00e9es en r\u00e9servant \u00e0 l&rsquo;avance.<\/div>\n<\/details><\/div>\n<\/section>\n<\/div>\n","protected":false},"excerpt":{"rendered":"","protected":false},"author":34,"featured_media":12529,"comment_status":"open","ping_status":"open","sticky":false,"template":"","format":"standard","meta":{"_acf_changed":false,"manual_indexmenow":false,"indexmenow_id_project":0,"footnotes":""},"categories":[1],"tags":[4527,4530,4535,4528,4526],"class_list":["post-8109","post","type-post","status-publish","format-standard","has-post-thumbnail","hentry","category-a-la-une","tag-decouverte-culturelle","tag-escapade-en-europe","tag-gastronomie-locale","tag-hebergement-abordable","tag-voyage-economique","generate-columns","tablet-grid-50","mobile-grid-100","grid-parent","grid-25"],"acf":[],"yoast_head":"<!-- This site is optimized with the Yoast SEO Premium plugin v21.3 (Yoast SEO v25.1) - https:\/\/yoast.com\/wordpress\/plugins\/seo\/ -->\n<title>D\u00e9couvrez Porto : les vols directs \u00e0 prix mini pour une<\/title>\n<meta name=\"description\" content=\"Ruelles pav\u00e9es, azulejos bleus et verres de porto face au Douro : Porto se savoure le temps d&#039;un week-end, et l&#039;acc\u00e8s n&#039;a jamais \u00e9t\u00e9 aussi simple depuis\" \/>\n<meta name=\"robots\" content=\"index, follow, max-snippet:-1, max-image-preview:large, max-video-preview:-1\" \/>\n<link rel=\"canonical\" href=\"https:\/\/voyage-aventure.com\/blog\/a-la-une\/decouvrez-porto-les-vols-directs-a-prix-mini-pour-une-escapade-inoubliable\/\" \/>\n<meta property=\"og:locale\" content=\"fr_FR\" \/>\n<meta property=\"og:type\" content=\"article\" \/>\n<meta property=\"og:title\" content=\"D\u00e9couvrez Porto : les vols directs \u00e0 prix mini pour une\" \/>\n<meta property=\"og:description\" content=\"Ruelles pav\u00e9es, azulejos bleus et verres de porto face au Douro : Porto se savoure le temps d&#039;un week-end, et l&#039;acc\u00e8s n&#039;a jamais \u00e9t\u00e9 aussi simple depuis\" \/>\n<meta property=\"og:url\" content=\"https:\/\/voyage-aventure.com\/blog\/a-la-une\/decouvrez-porto-les-vols-directs-a-prix-mini-pour-une-escapade-inoubliable\/\" \/>\n<meta property=\"og:site_name\" content=\"voyage-aventure\" \/>\n<meta property=\"og:image\" content=\"https:\/\/voyage-aventure.com\/blog\/wp-content\/uploads\/2025\/02\/sdxl-54104f85392a8007bb24278caeab78ea.png\" \/>\n\t<meta property=\"og:image:width\" content=\"1536\" \/>\n\t<meta property=\"og:image:height\" content=\"640\" \/>\n\t<meta property=\"og:image:type\" content=\"image\/png\" \/>\n<meta name=\"author\" content=\"Camille Rouvray\" \/>\n<meta name=\"twitter:card\" content=\"summary_large_image\" \/>\n<script type=\"application\/ld+json\" class=\"yoast-schema-graph\">{\"@context\":\"https:\/\/schema.org\",\"@graph\":[{\"@type\":\"NewsArticle\",\"@id\":\"https:\/\/voyage-aventure.com\/blog\/a-la-une\/decouvrez-porto-les-vols-directs-a-prix-mini-pour-une-escapade-inoubliable\/#article\",\"isPartOf\":{\"@id\":\"https:\/\/voyage-aventure.com\/blog\/a-la-une\/decouvrez-porto-les-vols-directs-a-prix-mini-pour-une-escapade-inoubliable\/\"},\"author\":{\"name\":\"Camille Rouvray\",\"@id\":\"https:\/\/voyage-aventure.com\/blog\/#\/schema\/person\/3c864cdc320801e3db34b663e7e3f816\"},\"headline\":\"D\u00e9couvrez Porto : les vols directs \u00e0 prix mini pour une escapade inoubliable\",\"datePublished\":\"2026-06-16T13:59:29+00:00\",\"mainEntityOfPage\":{\"@id\":\"https:\/\/voyage-aventure.com\/blog\/a-la-une\/decouvrez-porto-les-vols-directs-a-prix-mini-pour-une-escapade-inoubliable\/\"},\"wordCount\":1376,\"commentCount\":22,\"publisher\":{\"@id\":\"https:\/\/voyage-aventure.com\/blog\/#organization\"},\"image\":{\"@id\":\"https:\/\/voyage-aventure.com\/blog\/a-la-une\/decouvrez-porto-les-vols-directs-a-prix-mini-pour-une-escapade-inoubliable\/#primaryimage\"},\"thumbnailUrl\":\"https:\/\/voyage-aventure.com\/blog\/wp-content\/uploads\/2025\/02\/sdxl-54104f85392a8007bb24278caeab78ea.png\",\"keywords\":[\"D\u00e9couverte Culturelle\",\"Escapade en Europe\",\"Gastronomie Locale\",\"H\u00e9bergement Abordable\",\"Voyage \u00c9conomique\"],\"articleSection\":[\"\u00c0 la une\"],\"inLanguage\":\"fr-FR\",\"potentialAction\":[{\"@type\":\"CommentAction\",\"name\":\"Comment\",\"target\":[\"https:\/\/voyage-aventure.com\/blog\/a-la-une\/decouvrez-porto-les-vols-directs-a-prix-mini-pour-une-escapade-inoubliable\/#respond\"]}]},{\"@type\":\"WebPage\",\"@id\":\"https:\/\/voyage-aventure.com\/blog\/a-la-une\/decouvrez-porto-les-vols-directs-a-prix-mini-pour-une-escapade-inoubliable\/\",\"url\":\"https:\/\/voyage-aventure.com\/blog\/a-la-une\/decouvrez-porto-les-vols-directs-a-prix-mini-pour-une-escapade-inoubliable\/\",\"name\":\"D\u00e9couvrez Porto : les vols directs \u00e0 prix mini pour une\",\"isPartOf\":{\"@id\":\"https:\/\/voyage-aventure.com\/blog\/#website\"},\"primaryImageOfPage\":{\"@id\":\"https:\/\/voyage-aventure.com\/blog\/a-la-une\/decouvrez-porto-les-vols-directs-a-prix-mini-pour-une-escapade-inoubliable\/#primaryimage\"},\"image\":{\"@id\":\"https:\/\/voyage-aventure.com\/blog\/a-la-une\/decouvrez-porto-les-vols-directs-a-prix-mini-pour-une-escapade-inoubliable\/#primaryimage\"},\"thumbnailUrl\":\"https:\/\/voyage-aventure.com\/blog\/wp-content\/uploads\/2025\/02\/sdxl-54104f85392a8007bb24278caeab78ea.png\",\"datePublished\":\"2026-06-16T13:59:29+00:00\",\"description\":\"Ruelles pav\u00e9es, azulejos bleus et verres de porto face au Douro : Porto se savoure le temps d'un week-end, et l'acc\u00e8s n'a jamais \u00e9t\u00e9 aussi simple depuis\",\"inLanguage\":\"fr-FR\",\"potentialAction\":[{\"@type\":\"ReadAction\",\"target\":[\"https:\/\/voyage-aventure.com\/blog\/a-la-une\/decouvrez-porto-les-vols-directs-a-prix-mini-pour-une-escapade-inoubliable\/\"]}]},{\"@type\":\"ImageObject\",\"inLanguage\":\"fr-FR\",\"@id\":\"https:\/\/voyage-aventure.com\/blog\/a-la-une\/decouvrez-porto-les-vols-directs-a-prix-mini-pour-une-escapade-inoubliable\/#primaryimage\",\"url\":\"https:\/\/voyage-aventure.com\/blog\/wp-content\/uploads\/2025\/02\/sdxl-54104f85392a8007bb24278caeab78ea.png\",\"contentUrl\":\"https:\/\/voyage-aventure.com\/blog\/wp-content\/uploads\/2025\/02\/sdxl-54104f85392a8007bb24278caeab78ea.png\",\"width\":1536,\"height\":640},{\"@type\":\"WebSite\",\"@id\":\"https:\/\/voyage-aventure.com\/blog\/#website\",\"url\":\"https:\/\/voyage-aventure.com\/blog\/\",\"name\":\"voyage-aventure.com\",\"description\":\"Votre passeport pour l\u2019inattendu.\",\"publisher\":{\"@id\":\"https:\/\/voyage-aventure.com\/blog\/#organization\"},\"alternateName\":\"Votre passeport pour l\u2019inattendu.\",\"potentialAction\":[{\"@type\":\"SearchAction\",\"target\":{\"@type\":\"EntryPoint\",\"urlTemplate\":\"https:\/\/voyage-aventure.com\/blog\/?s={search_term_string}\"},\"query-input\":{\"@type\":\"PropertyValueSpecification\",\"valueRequired\":true,\"valueName\":\"search_term_string\"}}],\"inLanguage\":\"fr-FR\"},{\"@type\":\"Organization\",\"@id\":\"https:\/\/voyage-aventure.com\/blog\/#organization\",\"name\":\"Foretsensations.fr\",\"url\":\"https:\/\/voyage-aventure.com\/blog\/\",\"logo\":{\"@type\":\"ImageObject\",\"inLanguage\":\"fr-FR\",\"@id\":\"https:\/\/voyage-aventure.com\/blog\/#\/schema\/logo\/image\/\",\"url\":\"https:\/\/voyage-aventure.com\/blog\/wp-content\/uploads\/2024\/12\/19.png\",\"contentUrl\":\"https:\/\/voyage-aventure.com\/blog\/wp-content\/uploads\/2024\/12\/19.png\",\"width\":512,\"height\":512,\"caption\":\"Foretsensations.fr\"},\"image\":{\"@id\":\"https:\/\/voyage-aventure.com\/blog\/#\/schema\/logo\/image\/\"}},{\"@type\":\"Person\",\"@id\":\"https:\/\/voyage-aventure.com\/blog\/#\/schema\/person\/3c864cdc320801e3db34b663e7e3f816\",\"name\":\"Camille Rouvray\",\"image\":{\"@type\":\"ImageObject\",\"inLanguage\":\"fr-FR\",\"@id\":\"https:\/\/voyage-aventure.com\/blog\/#\/schema\/person\/image\/\",\"url\":\"https:\/\/voyage-aventure.com\/blog\/wp-content\/uploads\/2026\/06\/persona_camille-r-96x96.jpg\",\"contentUrl\":\"https:\/\/voyage-aventure.com\/blog\/wp-content\/uploads\/2026\/06\/persona_camille-r-96x96.jpg\",\"caption\":\"Camille Rouvray\"},\"description\":\"Je voyage et j'\u00e9cris sur le voyage depuis une douzaine d'ann\u00e9es, d'abord en tant que routarde au long cours, puis comme r\u00e9dactrice sp\u00e9cialis\u00e9e. Mon terrain de pr\u00e9dilection, ce sont les circuits organis\u00e9s et l'art de bien pr\u00e9parer un itin\u00e9raire : choix de la saison, dur\u00e9e r\u00e9aliste des \u00e9tapes, budget jour par jour, logement et transport sur place. J'aime aussi raconter les p\u00e9pites urbaines, ces adresses qu'on ne trouve pas dans les guides classiques. Avant de publier un dossier destination, je croise toujours plusieurs sources, je v\u00e9rifie les tarifs et les formalit\u00e9s d'entr\u00e9e \u00e0 jour, et je teste moi-m\u00eame quand je le peux. Mon angle reste pratique avant tout : aider le lecteur \u00e0 partir l'esprit tranquille, sans mauvaise surprise une fois sur place. Je m'attache \u00e0 distinguer le coup de c\u0153ur sinc\u00e8re du simple argument marketing.\",\"sameAs\":[\"https:\/\/camillerouvray.fr\/\"],\"url\":\"https:\/\/voyage-aventure.com\/blog\/auteur\/noname\/\"}]}<\/script>\n<!-- \/ Yoast SEO Premium plugin. -->","yoast_head_json":{"title":"D\u00e9couvrez Porto : les vols directs \u00e0 prix mini pour une","description":"Ruelles pav\u00e9es, azulejos bleus et verres de porto face au Douro : Porto se savoure le temps d'un week-end, et l'acc\u00e8s n'a jamais \u00e9t\u00e9 aussi simple depuis","robots":{"index":"index","follow":"follow","max-snippet":"max-snippet:-1","max-image-preview":"max-image-preview:large","max-video-preview":"max-video-preview:-1"},"canonical":"https:\/\/voyage-aventure.com\/blog\/a-la-une\/decouvrez-porto-les-vols-directs-a-prix-mini-pour-une-escapade-inoubliable\/","og_locale":"fr_FR","og_type":"article","og_title":"D\u00e9couvrez Porto : les vols directs \u00e0 prix mini pour une","og_description":"Ruelles pav\u00e9es, azulejos bleus et verres de porto face au Douro : Porto se savoure le temps d'un week-end, et l'acc\u00e8s n'a jamais \u00e9t\u00e9 aussi simple depuis","og_url":"https:\/\/voyage-aventure.com\/blog\/a-la-une\/decouvrez-porto-les-vols-directs-a-prix-mini-pour-une-escapade-inoubliable\/","og_site_name":"voyage-aventure","og_image":[{"width":1536,"height":640,"url":"https:\/\/voyage-aventure.com\/blog\/wp-content\/uploads\/2025\/02\/sdxl-54104f85392a8007bb24278caeab78ea.png","type":"image\/png"}],"author":"Camille Rouvray","twitter_card":"summary_large_image","schema":{"@context":"https:\/\/schema.org","@graph":[{"@type":"NewsArticle","@id":"https:\/\/voyage-aventure.com\/blog\/a-la-une\/decouvrez-porto-les-vols-directs-a-prix-mini-pour-une-escapade-inoubliable\/#article","isPartOf":{"@id":"https:\/\/voyage-aventure.com\/blog\/a-la-une\/decouvrez-porto-les-vols-directs-a-prix-mini-pour-une-escapade-inoubliable\/"},"author":{"name":"Camille Rouvray","@id":"https:\/\/voyage-aventure.com\/blog\/#\/schema\/person\/3c864cdc320801e3db34b663e7e3f816"},"headline":"D\u00e9couvrez Porto : les vols directs \u00e0 prix mini pour une escapade inoubliable","datePublished":"2026-06-16T13:59:29+00:00","mainEntityOfPage":{"@id":"https:\/\/voyage-aventure.com\/blog\/a-la-une\/decouvrez-porto-les-vols-directs-a-prix-mini-pour-une-escapade-inoubliable\/"},"wordCount":1376,"commentCount":22,"publisher":{"@id":"https:\/\/voyage-aventure.com\/blog\/#organization"},"image":{"@id":"https:\/\/voyage-aventure.com\/blog\/a-la-une\/decouvrez-porto-les-vols-directs-a-prix-mini-pour-une-escapade-inoubliable\/#primaryimage"},"thumbnailUrl":"https:\/\/voyage-aventure.com\/blog\/wp-content\/uploads\/2025\/02\/sdxl-54104f85392a8007bb24278caeab78ea.png","keywords":["D\u00e9couverte Culturelle","Escapade en Europe","Gastronomie Locale","H\u00e9bergement Abordable","Voyage \u00c9conomique"],"articleSection":["\u00c0 la une"],"inLanguage":"fr-FR","potentialAction":[{"@type":"CommentAction","name":"Comment","target":["https:\/\/voyage-aventure.com\/blog\/a-la-une\/decouvrez-porto-les-vols-directs-a-prix-mini-pour-une-escapade-inoubliable\/#respond"]}]},{"@type":"WebPage","@id":"https:\/\/voyage-aventure.com\/blog\/a-la-une\/decouvrez-porto-les-vols-directs-a-prix-mini-pour-une-escapade-inoubliable\/","url":"https:\/\/voyage-aventure.com\/blog\/a-la-une\/decouvrez-porto-les-vols-directs-a-prix-mini-pour-une-escapade-inoubliable\/","name":"D\u00e9couvrez Porto : les vols directs \u00e0 prix mini pour une","isPartOf":{"@id":"https:\/\/voyage-aventure.com\/blog\/#website"},"primaryImageOfPage":{"@id":"https:\/\/voyage-aventure.com\/blog\/a-la-une\/decouvrez-porto-les-vols-directs-a-prix-mini-pour-une-escapade-inoubliable\/#primaryimage"},"image":{"@id":"https:\/\/voyage-aventure.com\/blog\/a-la-une\/decouvrez-porto-les-vols-directs-a-prix-mini-pour-une-escapade-inoubliable\/#primaryimage"},"thumbnailUrl":"https:\/\/voyage-aventure.com\/blog\/wp-content\/uploads\/2025\/02\/sdxl-54104f85392a8007bb24278caeab78ea.png","datePublished":"2026-06-16T13:59:29+00:00","description":"Ruelles pav\u00e9es, azulejos bleus et verres de porto face au Douro : Porto se savoure le temps d'un week-end, et l'acc\u00e8s n'a jamais \u00e9t\u00e9 aussi simple depuis","inLanguage":"fr-FR","potentialAction":[{"@type":"ReadAction","target":["https:\/\/voyage-aventure.com\/blog\/a-la-une\/decouvrez-porto-les-vols-directs-a-prix-mini-pour-une-escapade-inoubliable\/"]}]},{"@type":"ImageObject","inLanguage":"fr-FR","@id":"https:\/\/voyage-aventure.com\/blog\/a-la-une\/decouvrez-porto-les-vols-directs-a-prix-mini-pour-une-escapade-inoubliable\/#primaryimage","url":"https:\/\/voyage-aventure.com\/blog\/wp-content\/uploads\/2025\/02\/sdxl-54104f85392a8007bb24278caeab78ea.png","contentUrl":"https:\/\/voyage-aventure.com\/blog\/wp-content\/uploads\/2025\/02\/sdxl-54104f85392a8007bb24278caeab78ea.png","width":1536,"height":640},{"@type":"WebSite","@id":"https:\/\/voyage-aventure.com\/blog\/#website","url":"https:\/\/voyage-aventure.com\/blog\/","name":"voyage-aventure.com","description":"Votre passeport pour l\u2019inattendu.","publisher":{"@id":"https:\/\/voyage-aventure.com\/blog\/#organization"},"alternateName":"Votre passeport pour l\u2019inattendu.","potentialAction":[{"@type":"SearchAction","target":{"@type":"EntryPoint","urlTemplate":"https:\/\/voyage-aventure.com\/blog\/?s={search_term_string}"},"query-input":{"@type":"PropertyValueSpecification","valueRequired":true,"valueName":"search_term_string"}}],"inLanguage":"fr-FR"},{"@type":"Organization","@id":"https:\/\/voyage-aventure.com\/blog\/#organization","name":"Foretsensations.fr","url":"https:\/\/voyage-aventure.com\/blog\/","logo":{"@type":"ImageObject","inLanguage":"fr-FR","@id":"https:\/\/voyage-aventure.com\/blog\/#\/schema\/logo\/image\/","url":"https:\/\/voyage-aventure.com\/blog\/wp-content\/uploads\/2024\/12\/19.png","contentUrl":"https:\/\/voyage-aventure.com\/blog\/wp-content\/uploads\/2024\/12\/19.png","width":512,"height":512,"caption":"Foretsensations.fr"},"image":{"@id":"https:\/\/voyage-aventure.com\/blog\/#\/schema\/logo\/image\/"}},{"@type":"Person","@id":"https:\/\/voyage-aventure.com\/blog\/#\/schema\/person\/3c864cdc320801e3db34b663e7e3f816","name":"Camille Rouvray","image":{"@type":"ImageObject","inLanguage":"fr-FR","@id":"https:\/\/voyage-aventure.com\/blog\/#\/schema\/person\/image\/","url":"https:\/\/voyage-aventure.com\/blog\/wp-content\/uploads\/2026\/06\/persona_camille-r-96x96.jpg","contentUrl":"https:\/\/voyage-aventure.com\/blog\/wp-content\/uploads\/2026\/06\/persona_camille-r-96x96.jpg","caption":"Camille Rouvray"},"description":"Je voyage et j'\u00e9cris sur le voyage depuis une douzaine d'ann\u00e9es, d'abord en tant que routarde au long cours, puis comme r\u00e9dactrice sp\u00e9cialis\u00e9e. Mon terrain de pr\u00e9dilection, ce sont les circuits organis\u00e9s et l'art de bien pr\u00e9parer un itin\u00e9raire : choix de la saison, dur\u00e9e r\u00e9aliste des \u00e9tapes, budget jour par jour, logement et transport sur place. J'aime aussi raconter les p\u00e9pites urbaines, ces adresses qu'on ne trouve pas dans les guides classiques. Avant de publier un dossier destination, je croise toujours plusieurs sources, je v\u00e9rifie les tarifs et les formalit\u00e9s d'entr\u00e9e \u00e0 jour, et je teste moi-m\u00eame quand je le peux. Mon angle reste pratique avant tout : aider le lecteur \u00e0 partir l'esprit tranquille, sans mauvaise surprise une fois sur place. Je m'attache \u00e0 distinguer le coup de c\u0153ur sinc\u00e8re du simple argument marketing.","sameAs":["https:\/\/camillerouvray.fr\/"],"url":"https:\/\/voyage-aventure.com\/blog\/auteur\/noname\/"}]}},"_links":{"self":[{"href":"https:\/\/voyage-aventure.com\/blog\/wp-json\/wp\/v2\/posts\/8109","targetHints":{"allow":["GET"]}}],"collection":[{"href":"https:\/\/voyage-aventure.com\/blog\/wp-json\/wp\/v2\/posts"}],"about":[{"href":"https:\/\/voyage-aventure.com\/blog\/wp-json\/wp\/v2\/types\/post"}],"author":[{"embeddable":true,"href":"https:\/\/voyage-aventure.com\/blog\/wp-json\/wp\/v2\/users\/34"}],"replies":[{"embeddable":true,"href":"https:\/\/voyage-aventure.com\/blog\/wp-json\/wp\/v2\/comments?post=8109"}],"version-history":[{"count":3,"href":"https:\/\/voyage-aventure.com\/blog\/wp-json\/wp\/v2\/posts\/8109\/revisions"}],"predecessor-version":[{"id":22351,"href":"https:\/\/voyage-aventure.com\/blog\/wp-json\/wp\/v2\/posts\/8109\/revisions\/22351"}],"wp:featuredmedia":[{"embeddable":true,"href":"https:\/\/voyage-aventure.com\/blog\/wp-json\/wp\/v2\/media\/12529"}],"wp:attachment":[{"href":"https:\/\/voyage-aventure.com\/blog\/wp-json\/wp\/v2\/media?parent=8109"}],"wp:term":[{"taxonomy":"category","embeddable":true,"href":"https:\/\/voyage-aventure.com\/blog\/wp-json\/wp\/v2\/categories?post=8109"},{"taxonomy":"post_tag","embeddable":true,"href":"https:\/\/voyage-aventure.com\/blog\/wp-json\/wp\/v2\/tags?post=8109"}],"curies":[{"name":"wp","href":"https:\/\/api.w.org\/{rel}","templated":true}]}}