{"id":8104,"date":"2026-06-16T15:59:19","date_gmt":"2026-06-16T13:59:19","guid":{"rendered":"https:\/\/voyage-aventure.com\/blog\/?p=8104"},"modified":"2026-06-16T15:59:19","modified_gmt":"2026-06-16T13:59:19","slug":"tenerife-au-printemps-un-voyage-entre-plages-ensoleillees-et-decouvertes-inoubliables","status":"publish","type":"post","link":"https:\/\/voyage-aventure.com\/blog\/a-la-une\/tenerife-au-printemps-un-voyage-entre-plages-ensoleillees-et-decouvertes-inoubliables\/","title":{"rendered":"Tenerife au printemps : un voyage entre plages ensoleill\u00e9es et d\u00e9couvertes inoubliables"},"content":{"rendered":"<link rel=\"stylesheet\" href=\"https:\/\/fonts.googleapis.com\/css2?family=Fraunces:opsz,wght@9..144,500;9..144,600;9..144,800;9..144,900&#038;family=Inter:wght@400;500;600&#038;family=JetBrains+Mono:wght@500&#038;display=swap\">\n<style>\n.vav-guidelieu-wrap{font-family:'Inter',-apple-system,BlinkMacSystemFont,sans-serif;color:#2b2420;line-height:1.65;font-size:17px;}\n.vav-guidelieu-wrap h2{font-family:'Fraunces','Georgia',serif;font-weight:800;font-size:clamp(25px,3.4vw,35px);letter-spacing:-.01em;line-height:1.2;color:#1f2a26;margin:50px 0 18px;}\n.vav-guidelieu-wrap h3{font-family:'Fraunces','Georgia',serif;font-weight:700;font-size:clamp(19px,2.2vw,23px);color:#1f2a26;margin:0 0 8px;}\n.vav-guidelieu-wrap p{margin:0 0 18px;}\n.vav-guidelieu-kicker{font-family:'JetBrains Mono',monospace;font-size:12.5px;font-weight:500;letter-spacing:.16em;text-transform:uppercase;color:#1f8a6d;display:block;margin-bottom:6px;}\n.vav-guidelieu-lead{font-size:20px;line-height:1.55;color:#3a322c;font-weight:500;margin:0 0 30px;border-left:4px solid #1f8a6d;padding-left:20px;}\n.vav-guidelieu-answer{background:#f1f8f4;border:1px solid #d4e8dd;border-left:5px solid #1f8a6d;border-radius:10px;padding:24px 26px;margin:30px 0;box-shadow:0 1px 2px rgba(16,24,40,.05),0 12px 28px -18px rgba(31,138,109,.35);}\n.vav-guidelieu-answer .vav-guidelieu-kicker{margin-bottom:14px;}\n.vav-guidelieu-cgrid{display:grid;grid-template-columns:repeat(auto-fit,minmax(155px,1fr));gap:16px;}\n.vav-guidelieu-cell{background:#fff;border:1px solid #e4e0d8;border-top:3px solid #1f8a6d;border-radius:9px;padding:16px 18px;transition:transform .25s ease,box-shadow .25s ease;}\n.vav-guidelieu-cell:hover{transform:translateY(-3px);box-shadow:0 14px 30px -18px rgba(31,138,109,.45);}\n.vav-guidelieu-clbl{font-family:'JetBrains Mono',monospace;font-size:11px;letter-spacing:.1em;text-transform:uppercase;color:#8a7d6f;display:block;margin-bottom:5px;}\n.vav-guidelieu-cval{font-family:'Fraunces',serif;font-weight:600;font-size:17px;color:#26312c;line-height:1.35;}\n.vav-guidelieu-pull{font-family:'Fraunces','Georgia',serif;font-weight:600;font-style:italic;font-size:clamp(21px,2.8vw,27px);line-height:1.4;color:#1f8a6d;border:none;margin:34px 0;padding:0 0 0 26px;position:relative;}\n.vav-guidelieu-pull span[aria-hidden]{position:absolute;left:-4px;top:-10px;font-size:46px;color:#c8e0d4;font-family:'Fraunces',serif;}\n.vav-guidelieu-cards{display:grid;grid-template-columns:repeat(auto-fit,minmax(230px,1fr));gap:20px;margin:28px 0;}\n.vav-guidelieu-card{background:#fff;border:1px solid #e4e0d8;border-radius:12px;padding:22px 24px;transition:transform .25s ease,box-shadow .25s ease;box-shadow:0 1px 2px rgba(16,24,40,.05),0 12px 28px -20px rgba(16,24,40,.18);}\n.vav-guidelieu-card:hover{transform:translateY(-3px);box-shadow:0 18px 36px -18px rgba(31,138,109,.4);}\n.vav-guidelieu-card .vav-guidelieu-kicker{font-size:11px;}\n.vav-guidelieu-txt{margin-top:6px;color:#4a423b;}\n.vav-guidelieu-tip{margin-top:12px;font-size:14.5px;color:#1f8a6d;font-weight:500;}\n.vav-guidelieu-table{margin:28px 0;border:1px solid #e4e0d8;border-radius:12px;overflow:hidden;}\n.vav-guidelieu-table table{width:100%;border-collapse:collapse;font-size:15.5px;}\n.vav-guidelieu-table th{background:#1f2a26;color:#f3efe8;font-family:'JetBrains Mono',monospace;font-size:12px;letter-spacing:.08em;text-transform:uppercase;text-align:left;padding:13px 16px;}\n.vav-guidelieu-table td{padding:13px 16px;border-top:1px solid #ece8e0;color:#3a322c;}\n.vav-guidelieu-table tbody tr:nth-child(even){background:#faf8f4;}\n.vav-guidelieu-table td:first-child{font-weight:600;color:#1f2a26;}\n.vav-guidelieu-list{margin:22px 0;padding:0;list-style:none;}\n.vav-guidelieu-list li{position:relative;padding:8px 0 8px 30px;border-bottom:1px solid #ece8e0;color:#3a322c;}\n.vav-guidelieu-list li::before{content:\"\u2726\";position:absolute;left:4px;top:8px;color:#1f8a6d;}\n.vav-guidelieu-retenir{background:#fafaf6;border:1px solid #e4e0d8;border-radius:12px;padding:24px 26px;margin:40px 0;}\n.vav-guidelieu-retenir .vav-guidelieu-kicker{margin-bottom:14px;}\n.vav-guidelieu-faq{margin:24px 0 10px;}\n.vav-guidelieu-faq details{border:1px solid #e4e0d8;border-radius:10px;margin-bottom:12px;padding:0;background:#fff;transition:box-shadow .25s ease;}\n.vav-guidelieu-faq details[open]{box-shadow:0 12px 28px -20px rgba(31,138,109,.4);}\n.vav-guidelieu-faq summary{cursor:pointer;list-style:none;padding:16px 20px;font-family:'Fraunces',serif;font-weight:600;font-size:18px;color:#1f2a26;position:relative;}\n.vav-guidelieu-faq summary::-webkit-details-marker{display:none;}\n.vav-guidelieu-faq summary::after{content:\"+\";position:absolute;right:20px;top:14px;color:#1f8a6d;font-size:22px;font-family:'JetBrains Mono',monospace;}\n.vav-guidelieu-faq details[open] summary::after{content:\"\u2013\";}\n.vav-guidelieu-faq .vav-guidelieu-fans{padding:0 20px 18px;color:#4a423b;}\n@media(max-width:640px){.vav-guidelieu-wrap{font-size:16px;}}\n\/*RENDERFIX2*\/.vav-guidelieu-table th{color:#eef3f9!important}.vav-guidelieu-table th p,.vav-guidelieu-table th li,.vav-guidelieu-table th strong,.vav-guidelieu-table th em,.vav-guidelieu-table th a,.vav-guidelieu-table th span,.vav-guidelieu-table th b,.vav-guidelieu-table th td,.vav-guidelieu-table th th,.vav-guidelieu-table th h2,.vav-guidelieu-table th h3,.vav-guidelieu-table th h4{color:#eef3f9!important}.vav-guidelieu-table th strong,.vav-guidelieu-table th b{color:#ffffff!important}<\/style>\n<div class=\"vav-guidelieu-wrap\">\n<p class=\"vav-guidelieu-lead\">Au printemps, Tenerife se r\u00e9veille : les pentes du Teide verdissent, les plages de sable dor\u00e9 retrouvent le soleil et l&rsquo;air reste doux du matin au soir. La plus grande des Canaries condense en une \u00eele volcans, oc\u00e9an et villages de caract\u00e8re \u2014 l&rsquo;\u00e9vasion id\u00e9ale pour fuir la grisaille sans partir au bout du monde.<\/p>\n<div class=\"vav-guidelieu-answer\">\n<span class=\"vav-guidelieu-kicker\">Le carnet pratique<\/span><\/p>\n<div class=\"vav-guidelieu-cgrid\">\n<div class=\"vav-guidelieu-cell\"><span class=\"vav-guidelieu-clbl\">Meilleure p\u00e9riode<\/span><span class=\"vav-guidelieu-cval\">Le printemps, doux et ensoleill\u00e9<\/span><\/div>\n<div class=\"vav-guidelieu-cell\"><span class=\"vav-guidelieu-clbl\">Dur\u00e9e id\u00e9ale<\/span><span class=\"vav-guidelieu-cval\">Une semaine pour varier les plaisirs<\/span><\/div>\n<div class=\"vav-guidelieu-cell\"><span class=\"vav-guidelieu-clbl\">Le must<\/span><span class=\"vav-guidelieu-cval\">Le parc national du Teide<\/span><\/div>\n<div class=\"vav-guidelieu-cell\"><span class=\"vav-guidelieu-clbl\">\u00c0 table<\/span><span class=\"vav-guidelieu-cval\">Papas arrugadas &#038; sauce mojo<\/span><\/div>\n<div class=\"vav-guidelieu-cell\"><span class=\"vav-guidelieu-clbl\">Ambiance<\/span><span class=\"vav-guidelieu-cval\">Randonn\u00e9e, plages, villages<\/span><\/div>\n<\/div>\n<\/div>\n<p>\u00cele la plus vaste de l&rsquo;archipel des Canaries, Tenerife joue sur tous les tableaux : sommets volcaniques, fonds marins poissonneux, c\u00f4tes baign\u00e9es de soleil et patrimoine canarien vivant. Le printemps en r\u00e9v\u00e8le la facette la plus douce, quand la nature s&rsquo;\u00e9veille et que les temp\u00e9ratures cl\u00e9mentes invitent \u00e0 explorer du lever au coucher du soleil.<\/p>\n<blockquote class=\"vav-guidelieu-pull\"><p><span aria-hidden=\"true\">\u00ab<\/span> Une v\u00e9ritable parenth\u00e8se enchant\u00e9e au c\u0153ur de l&rsquo;Atlantique, o\u00f9 l&rsquo;on s&rsquo;\u00e9merveille \u00e0 chaque instant.<\/p><\/blockquote>\n<h2>Des paysages \u00e0 couper le souffle<\/h2>\n<p>Tenerife, cette \u00eele enchanteresse des Canaries, offre une vari\u00e9t\u00e9 de paysages qui \u00e9merveillent \u00e0 chaque coin de rue. Au printemps, la nature s&rsquo;\u00e9veille, r\u00e9v\u00e9lant des montagnes majestueuses, des vall\u00e9es verdoyantes et des plages de sable dor\u00e9. Le parc national du Teide, avec son volcan embl\u00e9matique, est un incontournable pour les amateurs de randonn\u00e9e et de panoramas.<\/p>\n<p>Les sentiers volcaniques invitent les randonneurs \u00e0 explorer des terrains diversifi\u00e9s, o\u00f9 la flore et la faune locales s&rsquo;\u00e9panouissent. Les vues imprenables sur l&rsquo;oc\u00e9an Atlantique, ainsi que sur les \u00eeles voisines, font de chaque ascension une exp\u00e9rience m\u00e9morable. Que vous soyez sportif ou simplement en qu\u00eate de tranquillit\u00e9, Tenerife saura vous s\u00e9duire.<\/p>\n<div class=\"vav-guidelieu-cards\">\n<div class=\"vav-guidelieu-card\">\n<span class=\"vav-guidelieu-kicker\">Le sommet<\/span><\/p>\n<h3>Le parc national du Teide<\/h3>\n<div class=\"vav-guidelieu-txt\">Le volcan embl\u00e9matique de l&rsquo;\u00eele et ses sentiers volcaniques, terrain de jeu des randonneurs et des amateurs de grands panoramas.<\/div>\n<div class=\"vav-guidelieu-tip\">\u21b3 Panoramas sur l&rsquo;Atlantique et les \u00eeles voisines<\/div>\n<\/div>\n<div class=\"vav-guidelieu-card\">\n<span class=\"vav-guidelieu-kicker\">Le littoral<\/span><\/p>\n<h3>Plages de sable dor\u00e9<\/h3>\n<div class=\"vav-guidelieu-txt\">Au printemps, les c\u00f4tes ensoleill\u00e9es se pr\u00eatent aux promenades comme \u00e0 la baignade, loin de l&rsquo;affluence estivale.<\/div>\n<div class=\"vav-guidelieu-tip\">\u21b3 Id\u00e9al pour des journ\u00e9es sans h\u00e2te<\/div>\n<\/div>\n<div class=\"vav-guidelieu-card\">\n<span class=\"vav-guidelieu-kicker\">Les villages<\/span><\/p>\n<h3>Garachico &#038; La Orotava<\/h3>\n<div class=\"vav-guidelieu-txt\">Deux charmants villages o\u00f9 fl\u00e2ner entre ruelles, maisons traditionnelles et atmosph\u00e8re canarienne authentique.<\/div>\n<div class=\"vav-guidelieu-tip\">\u21b3 \u00c0 combiner avec une balade c\u00f4ti\u00e8re<\/div>\n<\/div>\n<\/div>\n<h2>Activit\u00e9s pour tous les go\u00fbts<\/h2>\n<p>Le printemps est la saison id\u00e9ale pour profiter d&rsquo;activit\u00e9s vari\u00e9es sur l&rsquo;\u00eele. Les f\u00e9rus de sensations fortes peuvent s&rsquo;essayer \u00e0 la plong\u00e9e sous-marine pour d\u00e9couvrir la richesse des fonds marins. Pour ceux qui pr\u00e9f\u00e8rent les loisirs plus tranquilles, des promenades le long des c\u00f4tes ou dans les charmants villages de Garachico et La Orotava s&rsquo;offrent \u00e0 vous.<\/p>\n<p>Les excursions en bateau sont \u00e9galement tr\u00e8s pris\u00e9es, permettant d&rsquo;observer des dauphins et des baleines dans leur habitat naturel. Ces moments de communion avec la nature vous laisseront des souvenirs inoubliables. L&rsquo;\u00eele regorge de surprises, et chaque journ\u00e9e peut \u00eatre d\u00e9di\u00e9e \u00e0 de nouvelles d\u00e9couvertes.<\/p>\n<h3>Quand partir : le printemps en bref<\/h3>\n<div class=\"vav-guidelieu-table\">\n<table>\n<thead>\n<tr>\n<th>Au printemps<\/th>\n<th>Ce que vous trouverez<\/th>\n<\/tr>\n<\/thead>\n<tbody>\n<tr>\n<td>Climat<\/td>\n<td>Temp\u00e9ratures cl\u00e9mentes, ensoleillement constant<\/td>\n<\/tr>\n<tr>\n<td>Nature<\/td>\n<td>Vall\u00e9es verdoyantes, flore et faune en \u00e9veil<\/td>\n<\/tr>\n<tr>\n<td>Ambiance<\/td>\n<td>Douce et propice \u00e0 la d\u00e9couverte sans h\u00e2te<\/td>\n<\/tr>\n<tr>\n<td>Activit\u00e9s<\/td>\n<td>Randonn\u00e9e, plong\u00e9e, excursions en mer<\/td>\n<\/tr>\n<\/tbody>\n<\/table>\n<\/div>\n<h2>Gastronomie locale \u00e0 savourer<\/h2>\n<p>La gastronomie de Tenerife est un m\u00e9lange savoureux de traditions espagnoles et de sp\u00e9cialit\u00e9s locales. Ne manquez pas de go\u00fbter aux c\u00e9l\u00e8bres papas arrugadas, des pommes de terre rid\u00e9es servies avec une sauce mojo piquante. Ces plats sont le reflet de la culture canarienne, riche et vari\u00e9e.<\/p>\n<p>Les march\u00e9s locaux, comme celui de Santa Cruz, vous permettront de d\u00e9couvrir des produits frais et des sp\u00e9cialit\u00e9s artisanales. Entre fruits exotiques, poissons grill\u00e9s et douceurs sucr\u00e9es, le palais sera combl\u00e9. Comme le dit un vieux proverbe canarien : <\/p>\n<blockquote><p>\u00ab Manger est un acte de bonheur partag\u00e9 \u00bb.<\/p><\/blockquote>\n<ul class=\"vav-guidelieu-list\">\n<li>Papas arrugadas avec mojo<\/li>\n<li>Poissons frais grill\u00e9s<\/li>\n<li>Fruits tropicaux<\/li>\n<li>G\u00e2teaux traditionnels canariens<\/li>\n<li>Vins locaux des Canaries<\/li>\n<\/ul>\n<p>Que vous soyez un \u00e9picurien ou un simple curieux, Tenerife saura satisfaire vos envies culinaires tout en vous offrant un cadre magnifique pour d\u00e9guster chaque plat.<\/p>\n<p>Le printemps \u00e0 Tenerife ne se r\u00e9sume pas seulement \u00e0 la beaut\u00e9 de ses paysages, mais englobe \u00e9galement la richesse de sa culture, ses traditions et sa cuisine. En choisissant cette destination, vous vous offrez une v\u00e9ritable parenth\u00e8se enchant\u00e9e au c\u0153ur de l&rsquo;Atlantique. Les temp\u00e9ratures cl\u00e9mentes et l&rsquo;ensoleillement constant en font un lieu id\u00e9al pour \u00e9chapper \u00e0 la routine quotidienne, vous invitant \u00e0 la d\u00e9couverte et \u00e0 l&rsquo;\u00e9merveillement \u00e0 chaque instant.<\/p>\n<div class=\"vav-guidelieu-retenir\">\n<span class=\"vav-guidelieu-kicker\">\u00c0 retenir<\/span><\/p>\n<ul class=\"vav-guidelieu-list\">\n<li>Le printemps offre un climat doux et ensoleill\u00e9, id\u00e9al pour explorer l&rsquo;\u00eele sans la chaleur de l&rsquo;\u00e9t\u00e9.<\/li>\n<li>Le parc national du Teide et ses sentiers volcaniques sont l&rsquo;incontournable des randonneurs.<\/li>\n<li>Entre plong\u00e9e, excursions en mer et villages comme Garachico et La Orotava, les activit\u00e9s varient pour tous les go\u00fbts.<\/li>\n<li>La cuisine canarienne \u2014 papas arrugadas, mojo, poissons grill\u00e9s \u2014 prolonge le voyage \u00e0 table.<\/li>\n<\/ul>\n<\/div>\n<h2>Questions fr\u00e9quentes<\/h2>\n<div class=\"vav-guidelieu-faq\">\n<details>\n<summary>Quand partir \u00e0 Tenerife au printemps ?<\/summary>\n<div class=\"vav-guidelieu-fans\">Le printemps est l&rsquo;une des meilleures saisons : les temp\u00e9ratures sont cl\u00e9mentes et l&rsquo;ensoleillement constant, ce qui en fait un moment id\u00e9al pour randonner, profiter des plages et d\u00e9couvrir l&rsquo;\u00eele sans la chaleur de l&rsquo;\u00e9t\u00e9.<\/div>\n<\/details>\n<details>\n<summary>Que faire \u00e0 Tenerife au printemps ?<\/summary>\n<div class=\"vav-guidelieu-fans\">La randonn\u00e9e dans le parc national du Teide, la plong\u00e9e sous-marine, les excursions en bateau pour observer dauphins et baleines, ainsi que les promenades dans les villages de Garachico et La Orotava figurent parmi les activit\u00e9s phares.<\/div>\n<\/details>\n<details>\n<summary>Pourquoi le Teide est-il incontournable ?<\/summary>\n<div class=\"vav-guidelieu-fans\">Le parc national du Teide abrite le volcan embl\u00e9matique de l&rsquo;\u00eele. Ses sentiers volcaniques offrent des terrains vari\u00e9s et des vues imprenables sur l&rsquo;oc\u00e9an Atlantique et les \u00eeles voisines, faisant de chaque ascension une exp\u00e9rience m\u00e9morable.<\/div>\n<\/details>\n<details>\n<summary>Quelles sp\u00e9cialit\u00e9s go\u00fbter \u00e0 Tenerife ?<\/summary>\n<div class=\"vav-guidelieu-fans\">Les papas arrugadas servies avec une sauce mojo piquante sont la sp\u00e9cialit\u00e9 embl\u00e9matique. \u00c0 d\u00e9couvrir aussi sur les march\u00e9s locaux comme celui de Santa Cruz : poissons grill\u00e9s, fruits tropicaux, g\u00e2teaux traditionnels et vins des Canaries.<\/div>\n<\/details>\n<\/div>\n<\/div>\n","protected":false},"excerpt":{"rendered":"","protected":false},"author":34,"featured_media":12525,"comment_status":"open","ping_status":"open","sticky":false,"template":"","format":"standard","meta":{"_acf_changed":false,"manual_indexmenow":false,"indexmenow_id_project":0,"footnotes":""},"categories":[1],"tags":[4527,4530,4528,4385,4526],"class_list":["post-8104","post","type-post","status-publish","format-standard","has-post-thumbnail","hentry","category-a-la-une","tag-decouverte-culturelle","tag-escapade-en-europe","tag-hebergement-abordable","tag-pratiques-durables","tag-voyage-economique","generate-columns","tablet-grid-50","mobile-grid-100","grid-parent","grid-25"],"acf":[],"yoast_head":"<!-- This site is optimized with the Yoast SEO Premium plugin v21.3 (Yoast SEO v25.1) - https:\/\/yoast.com\/wordpress\/plugins\/seo\/ -->\n<title>Tenerife au printemps : un voyage entre plages ensoleill\u00e9es<\/title>\n<meta name=\"description\" content=\"Au printemps, Tenerife se r\u00e9veille : les pentes du Teide verdissent, les plages de sable dor\u00e9 retrouvent le soleil et l&#039;air reste doux du matin au soir\" \/>\n<meta name=\"robots\" content=\"index, follow, max-snippet:-1, max-image-preview:large, max-video-preview:-1\" \/>\n<link rel=\"canonical\" href=\"https:\/\/voyage-aventure.com\/blog\/a-la-une\/tenerife-au-printemps-un-voyage-entre-plages-ensoleillees-et-decouvertes-inoubliables\/\" \/>\n<meta property=\"og:locale\" content=\"fr_FR\" \/>\n<meta property=\"og:type\" content=\"article\" \/>\n<meta property=\"og:title\" content=\"Tenerife au printemps : un voyage entre plages ensoleill\u00e9es\" \/>\n<meta property=\"og:description\" content=\"Au printemps, Tenerife se r\u00e9veille : les pentes du Teide verdissent, les plages de sable dor\u00e9 retrouvent le soleil et l&#039;air reste doux du matin au soir\" \/>\n<meta property=\"og:url\" content=\"https:\/\/voyage-aventure.com\/blog\/a-la-une\/tenerife-au-printemps-un-voyage-entre-plages-ensoleillees-et-decouvertes-inoubliables\/\" \/>\n<meta property=\"og:site_name\" content=\"voyage-aventure\" \/>\n<meta property=\"og:image\" content=\"https:\/\/voyage-aventure.com\/blog\/wp-content\/uploads\/2025\/02\/sdxl-1e18c5a96dc596ec6e5902c9149186f2.png\" \/>\n\t<meta property=\"og:image:width\" content=\"1536\" \/>\n\t<meta property=\"og:image:height\" content=\"640\" \/>\n\t<meta property=\"og:image:type\" content=\"image\/png\" \/>\n<meta name=\"author\" content=\"Camille Rouvray\" \/>\n<meta name=\"twitter:card\" content=\"summary_large_image\" \/>\n<script type=\"application\/ld+json\" class=\"yoast-schema-graph\">{\"@context\":\"https:\/\/schema.org\",\"@graph\":[{\"@type\":\"NewsArticle\",\"@id\":\"https:\/\/voyage-aventure.com\/blog\/a-la-une\/tenerife-au-printemps-un-voyage-entre-plages-ensoleillees-et-decouvertes-inoubliables\/#article\",\"isPartOf\":{\"@id\":\"https:\/\/voyage-aventure.com\/blog\/a-la-une\/tenerife-au-printemps-un-voyage-entre-plages-ensoleillees-et-decouvertes-inoubliables\/\"},\"author\":{\"name\":\"Camille Rouvray\",\"@id\":\"https:\/\/voyage-aventure.com\/blog\/#\/schema\/person\/3c864cdc320801e3db34b663e7e3f816\"},\"headline\":\"Tenerife au printemps : un voyage entre plages ensoleill\u00e9es et d\u00e9couvertes inoubliables\",\"datePublished\":\"2026-06-16T13:59:19+00:00\",\"mainEntityOfPage\":{\"@id\":\"https:\/\/voyage-aventure.com\/blog\/a-la-une\/tenerife-au-printemps-un-voyage-entre-plages-ensoleillees-et-decouvertes-inoubliables\/\"},\"wordCount\":1081,\"commentCount\":20,\"publisher\":{\"@id\":\"https:\/\/voyage-aventure.com\/blog\/#organization\"},\"image\":{\"@id\":\"https:\/\/voyage-aventure.com\/blog\/a-la-une\/tenerife-au-printemps-un-voyage-entre-plages-ensoleillees-et-decouvertes-inoubliables\/#primaryimage\"},\"thumbnailUrl\":\"https:\/\/voyage-aventure.com\/blog\/wp-content\/uploads\/2025\/02\/sdxl-1e18c5a96dc596ec6e5902c9149186f2.png\",\"keywords\":[\"D\u00e9couverte Culturelle\",\"Escapade en Europe\",\"H\u00e9bergement Abordable\",\"Pratiques Durables\",\"Voyage \u00c9conomique\"],\"articleSection\":[\"\u00c0 la une\"],\"inLanguage\":\"fr-FR\",\"potentialAction\":[{\"@type\":\"CommentAction\",\"name\":\"Comment\",\"target\":[\"https:\/\/voyage-aventure.com\/blog\/a-la-une\/tenerife-au-printemps-un-voyage-entre-plages-ensoleillees-et-decouvertes-inoubliables\/#respond\"]}]},{\"@type\":\"WebPage\",\"@id\":\"https:\/\/voyage-aventure.com\/blog\/a-la-une\/tenerife-au-printemps-un-voyage-entre-plages-ensoleillees-et-decouvertes-inoubliables\/\",\"url\":\"https:\/\/voyage-aventure.com\/blog\/a-la-une\/tenerife-au-printemps-un-voyage-entre-plages-ensoleillees-et-decouvertes-inoubliables\/\",\"name\":\"Tenerife au printemps : un voyage entre plages ensoleill\u00e9es\",\"isPartOf\":{\"@id\":\"https:\/\/voyage-aventure.com\/blog\/#website\"},\"primaryImageOfPage\":{\"@id\":\"https:\/\/voyage-aventure.com\/blog\/a-la-une\/tenerife-au-printemps-un-voyage-entre-plages-ensoleillees-et-decouvertes-inoubliables\/#primaryimage\"},\"image\":{\"@id\":\"https:\/\/voyage-aventure.com\/blog\/a-la-une\/tenerife-au-printemps-un-voyage-entre-plages-ensoleillees-et-decouvertes-inoubliables\/#primaryimage\"},\"thumbnailUrl\":\"https:\/\/voyage-aventure.com\/blog\/wp-content\/uploads\/2025\/02\/sdxl-1e18c5a96dc596ec6e5902c9149186f2.png\",\"datePublished\":\"2026-06-16T13:59:19+00:00\",\"description\":\"Au printemps, Tenerife se r\u00e9veille : les pentes du Teide verdissent, les plages de sable dor\u00e9 retrouvent le soleil et l'air reste doux du matin au soir\",\"inLanguage\":\"fr-FR\",\"potentialAction\":[{\"@type\":\"ReadAction\",\"target\":[\"https:\/\/voyage-aventure.com\/blog\/a-la-une\/tenerife-au-printemps-un-voyage-entre-plages-ensoleillees-et-decouvertes-inoubliables\/\"]}]},{\"@type\":\"ImageObject\",\"inLanguage\":\"fr-FR\",\"@id\":\"https:\/\/voyage-aventure.com\/blog\/a-la-une\/tenerife-au-printemps-un-voyage-entre-plages-ensoleillees-et-decouvertes-inoubliables\/#primaryimage\",\"url\":\"https:\/\/voyage-aventure.com\/blog\/wp-content\/uploads\/2025\/02\/sdxl-1e18c5a96dc596ec6e5902c9149186f2.png\",\"contentUrl\":\"https:\/\/voyage-aventure.com\/blog\/wp-content\/uploads\/2025\/02\/sdxl-1e18c5a96dc596ec6e5902c9149186f2.png\",\"width\":1536,\"height\":640},{\"@type\":\"WebSite\",\"@id\":\"https:\/\/voyage-aventure.com\/blog\/#website\",\"url\":\"https:\/\/voyage-aventure.com\/blog\/\",\"name\":\"voyage-aventure.com\",\"description\":\"Votre passeport pour l\u2019inattendu.\",\"publisher\":{\"@id\":\"https:\/\/voyage-aventure.com\/blog\/#organization\"},\"alternateName\":\"Votre passeport pour l\u2019inattendu.\",\"potentialAction\":[{\"@type\":\"SearchAction\",\"target\":{\"@type\":\"EntryPoint\",\"urlTemplate\":\"https:\/\/voyage-aventure.com\/blog\/?s={search_term_string}\"},\"query-input\":{\"@type\":\"PropertyValueSpecification\",\"valueRequired\":true,\"valueName\":\"search_term_string\"}}],\"inLanguage\":\"fr-FR\"},{\"@type\":\"Organization\",\"@id\":\"https:\/\/voyage-aventure.com\/blog\/#organization\",\"name\":\"Foretsensations.fr\",\"url\":\"https:\/\/voyage-aventure.com\/blog\/\",\"logo\":{\"@type\":\"ImageObject\",\"inLanguage\":\"fr-FR\",\"@id\":\"https:\/\/voyage-aventure.com\/blog\/#\/schema\/logo\/image\/\",\"url\":\"https:\/\/voyage-aventure.com\/blog\/wp-content\/uploads\/2024\/12\/19.png\",\"contentUrl\":\"https:\/\/voyage-aventure.com\/blog\/wp-content\/uploads\/2024\/12\/19.png\",\"width\":512,\"height\":512,\"caption\":\"Foretsensations.fr\"},\"image\":{\"@id\":\"https:\/\/voyage-aventure.com\/blog\/#\/schema\/logo\/image\/\"}},{\"@type\":\"Person\",\"@id\":\"https:\/\/voyage-aventure.com\/blog\/#\/schema\/person\/3c864cdc320801e3db34b663e7e3f816\",\"name\":\"Camille Rouvray\",\"image\":{\"@type\":\"ImageObject\",\"inLanguage\":\"fr-FR\",\"@id\":\"https:\/\/voyage-aventure.com\/blog\/#\/schema\/person\/image\/\",\"url\":\"https:\/\/voyage-aventure.com\/blog\/wp-content\/uploads\/2026\/06\/persona_camille-r-96x96.jpg\",\"contentUrl\":\"https:\/\/voyage-aventure.com\/blog\/wp-content\/uploads\/2026\/06\/persona_camille-r-96x96.jpg\",\"caption\":\"Camille Rouvray\"},\"description\":\"Je voyage et j'\u00e9cris sur le voyage depuis une douzaine d'ann\u00e9es, d'abord en tant que routarde au long cours, puis comme r\u00e9dactrice sp\u00e9cialis\u00e9e. Mon terrain de pr\u00e9dilection, ce sont les circuits organis\u00e9s et l'art de bien pr\u00e9parer un itin\u00e9raire : choix de la saison, dur\u00e9e r\u00e9aliste des \u00e9tapes, budget jour par jour, logement et transport sur place. J'aime aussi raconter les p\u00e9pites urbaines, ces adresses qu'on ne trouve pas dans les guides classiques. Avant de publier un dossier destination, je croise toujours plusieurs sources, je v\u00e9rifie les tarifs et les formalit\u00e9s d'entr\u00e9e \u00e0 jour, et je teste moi-m\u00eame quand je le peux. Mon angle reste pratique avant tout : aider le lecteur \u00e0 partir l'esprit tranquille, sans mauvaise surprise une fois sur place. Je m'attache \u00e0 distinguer le coup de c\u0153ur sinc\u00e8re du simple argument marketing.\",\"sameAs\":[\"https:\/\/camillerouvray.fr\/\"],\"url\":\"https:\/\/voyage-aventure.com\/blog\/auteur\/noname\/\"}]}<\/script>\n<!-- \/ Yoast SEO Premium plugin. -->","yoast_head_json":{"title":"Tenerife au printemps : un voyage entre plages ensoleill\u00e9es","description":"Au printemps, Tenerife se r\u00e9veille : les pentes du Teide verdissent, les plages de sable dor\u00e9 retrouvent le soleil et l'air reste doux du matin au soir","robots":{"index":"index","follow":"follow","max-snippet":"max-snippet:-1","max-image-preview":"max-image-preview:large","max-video-preview":"max-video-preview:-1"},"canonical":"https:\/\/voyage-aventure.com\/blog\/a-la-une\/tenerife-au-printemps-un-voyage-entre-plages-ensoleillees-et-decouvertes-inoubliables\/","og_locale":"fr_FR","og_type":"article","og_title":"Tenerife au printemps : un voyage entre plages ensoleill\u00e9es","og_description":"Au printemps, Tenerife se r\u00e9veille : les pentes du Teide verdissent, les plages de sable dor\u00e9 retrouvent le soleil et l'air reste doux du matin au soir","og_url":"https:\/\/voyage-aventure.com\/blog\/a-la-une\/tenerife-au-printemps-un-voyage-entre-plages-ensoleillees-et-decouvertes-inoubliables\/","og_site_name":"voyage-aventure","og_image":[{"width":1536,"height":640,"url":"https:\/\/voyage-aventure.com\/blog\/wp-content\/uploads\/2025\/02\/sdxl-1e18c5a96dc596ec6e5902c9149186f2.png","type":"image\/png"}],"author":"Camille Rouvray","twitter_card":"summary_large_image","schema":{"@context":"https:\/\/schema.org","@graph":[{"@type":"NewsArticle","@id":"https:\/\/voyage-aventure.com\/blog\/a-la-une\/tenerife-au-printemps-un-voyage-entre-plages-ensoleillees-et-decouvertes-inoubliables\/#article","isPartOf":{"@id":"https:\/\/voyage-aventure.com\/blog\/a-la-une\/tenerife-au-printemps-un-voyage-entre-plages-ensoleillees-et-decouvertes-inoubliables\/"},"author":{"name":"Camille Rouvray","@id":"https:\/\/voyage-aventure.com\/blog\/#\/schema\/person\/3c864cdc320801e3db34b663e7e3f816"},"headline":"Tenerife au printemps : un voyage entre plages ensoleill\u00e9es et d\u00e9couvertes inoubliables","datePublished":"2026-06-16T13:59:19+00:00","mainEntityOfPage":{"@id":"https:\/\/voyage-aventure.com\/blog\/a-la-une\/tenerife-au-printemps-un-voyage-entre-plages-ensoleillees-et-decouvertes-inoubliables\/"},"wordCount":1081,"commentCount":20,"publisher":{"@id":"https:\/\/voyage-aventure.com\/blog\/#organization"},"image":{"@id":"https:\/\/voyage-aventure.com\/blog\/a-la-une\/tenerife-au-printemps-un-voyage-entre-plages-ensoleillees-et-decouvertes-inoubliables\/#primaryimage"},"thumbnailUrl":"https:\/\/voyage-aventure.com\/blog\/wp-content\/uploads\/2025\/02\/sdxl-1e18c5a96dc596ec6e5902c9149186f2.png","keywords":["D\u00e9couverte Culturelle","Escapade en Europe","H\u00e9bergement Abordable","Pratiques Durables","Voyage \u00c9conomique"],"articleSection":["\u00c0 la une"],"inLanguage":"fr-FR","potentialAction":[{"@type":"CommentAction","name":"Comment","target":["https:\/\/voyage-aventure.com\/blog\/a-la-une\/tenerife-au-printemps-un-voyage-entre-plages-ensoleillees-et-decouvertes-inoubliables\/#respond"]}]},{"@type":"WebPage","@id":"https:\/\/voyage-aventure.com\/blog\/a-la-une\/tenerife-au-printemps-un-voyage-entre-plages-ensoleillees-et-decouvertes-inoubliables\/","url":"https:\/\/voyage-aventure.com\/blog\/a-la-une\/tenerife-au-printemps-un-voyage-entre-plages-ensoleillees-et-decouvertes-inoubliables\/","name":"Tenerife au printemps : un voyage entre plages ensoleill\u00e9es","isPartOf":{"@id":"https:\/\/voyage-aventure.com\/blog\/#website"},"primaryImageOfPage":{"@id":"https:\/\/voyage-aventure.com\/blog\/a-la-une\/tenerife-au-printemps-un-voyage-entre-plages-ensoleillees-et-decouvertes-inoubliables\/#primaryimage"},"image":{"@id":"https:\/\/voyage-aventure.com\/blog\/a-la-une\/tenerife-au-printemps-un-voyage-entre-plages-ensoleillees-et-decouvertes-inoubliables\/#primaryimage"},"thumbnailUrl":"https:\/\/voyage-aventure.com\/blog\/wp-content\/uploads\/2025\/02\/sdxl-1e18c5a96dc596ec6e5902c9149186f2.png","datePublished":"2026-06-16T13:59:19+00:00","description":"Au printemps, Tenerife se r\u00e9veille : les pentes du Teide verdissent, les plages de sable dor\u00e9 retrouvent le soleil et l'air reste doux du matin au soir","inLanguage":"fr-FR","potentialAction":[{"@type":"ReadAction","target":["https:\/\/voyage-aventure.com\/blog\/a-la-une\/tenerife-au-printemps-un-voyage-entre-plages-ensoleillees-et-decouvertes-inoubliables\/"]}]},{"@type":"ImageObject","inLanguage":"fr-FR","@id":"https:\/\/voyage-aventure.com\/blog\/a-la-une\/tenerife-au-printemps-un-voyage-entre-plages-ensoleillees-et-decouvertes-inoubliables\/#primaryimage","url":"https:\/\/voyage-aventure.com\/blog\/wp-content\/uploads\/2025\/02\/sdxl-1e18c5a96dc596ec6e5902c9149186f2.png","contentUrl":"https:\/\/voyage-aventure.com\/blog\/wp-content\/uploads\/2025\/02\/sdxl-1e18c5a96dc596ec6e5902c9149186f2.png","width":1536,"height":640},{"@type":"WebSite","@id":"https:\/\/voyage-aventure.com\/blog\/#website","url":"https:\/\/voyage-aventure.com\/blog\/","name":"voyage-aventure.com","description":"Votre passeport pour l\u2019inattendu.","publisher":{"@id":"https:\/\/voyage-aventure.com\/blog\/#organization"},"alternateName":"Votre passeport pour l\u2019inattendu.","potentialAction":[{"@type":"SearchAction","target":{"@type":"EntryPoint","urlTemplate":"https:\/\/voyage-aventure.com\/blog\/?s={search_term_string}"},"query-input":{"@type":"PropertyValueSpecification","valueRequired":true,"valueName":"search_term_string"}}],"inLanguage":"fr-FR"},{"@type":"Organization","@id":"https:\/\/voyage-aventure.com\/blog\/#organization","name":"Foretsensations.fr","url":"https:\/\/voyage-aventure.com\/blog\/","logo":{"@type":"ImageObject","inLanguage":"fr-FR","@id":"https:\/\/voyage-aventure.com\/blog\/#\/schema\/logo\/image\/","url":"https:\/\/voyage-aventure.com\/blog\/wp-content\/uploads\/2024\/12\/19.png","contentUrl":"https:\/\/voyage-aventure.com\/blog\/wp-content\/uploads\/2024\/12\/19.png","width":512,"height":512,"caption":"Foretsensations.fr"},"image":{"@id":"https:\/\/voyage-aventure.com\/blog\/#\/schema\/logo\/image\/"}},{"@type":"Person","@id":"https:\/\/voyage-aventure.com\/blog\/#\/schema\/person\/3c864cdc320801e3db34b663e7e3f816","name":"Camille Rouvray","image":{"@type":"ImageObject","inLanguage":"fr-FR","@id":"https:\/\/voyage-aventure.com\/blog\/#\/schema\/person\/image\/","url":"https:\/\/voyage-aventure.com\/blog\/wp-content\/uploads\/2026\/06\/persona_camille-r-96x96.jpg","contentUrl":"https:\/\/voyage-aventure.com\/blog\/wp-content\/uploads\/2026\/06\/persona_camille-r-96x96.jpg","caption":"Camille Rouvray"},"description":"Je voyage et j'\u00e9cris sur le voyage depuis une douzaine d'ann\u00e9es, d'abord en tant que routarde au long cours, puis comme r\u00e9dactrice sp\u00e9cialis\u00e9e. Mon terrain de pr\u00e9dilection, ce sont les circuits organis\u00e9s et l'art de bien pr\u00e9parer un itin\u00e9raire : choix de la saison, dur\u00e9e r\u00e9aliste des \u00e9tapes, budget jour par jour, logement et transport sur place. J'aime aussi raconter les p\u00e9pites urbaines, ces adresses qu'on ne trouve pas dans les guides classiques. Avant de publier un dossier destination, je croise toujours plusieurs sources, je v\u00e9rifie les tarifs et les formalit\u00e9s d'entr\u00e9e \u00e0 jour, et je teste moi-m\u00eame quand je le peux. Mon angle reste pratique avant tout : aider le lecteur \u00e0 partir l'esprit tranquille, sans mauvaise surprise une fois sur place. Je m'attache \u00e0 distinguer le coup de c\u0153ur sinc\u00e8re du simple argument marketing.","sameAs":["https:\/\/camillerouvray.fr\/"],"url":"https:\/\/voyage-aventure.com\/blog\/auteur\/noname\/"}]}},"_links":{"self":[{"href":"https:\/\/voyage-aventure.com\/blog\/wp-json\/wp\/v2\/posts\/8104","targetHints":{"allow":["GET"]}}],"collection":[{"href":"https:\/\/voyage-aventure.com\/blog\/wp-json\/wp\/v2\/posts"}],"about":[{"href":"https:\/\/voyage-aventure.com\/blog\/wp-json\/wp\/v2\/types\/post"}],"author":[{"embeddable":true,"href":"https:\/\/voyage-aventure.com\/blog\/wp-json\/wp\/v2\/users\/34"}],"replies":[{"embeddable":true,"href":"https:\/\/voyage-aventure.com\/blog\/wp-json\/wp\/v2\/comments?post=8104"}],"version-history":[{"count":3,"href":"https:\/\/voyage-aventure.com\/blog\/wp-json\/wp\/v2\/posts\/8104\/revisions"}],"predecessor-version":[{"id":22350,"href":"https:\/\/voyage-aventure.com\/blog\/wp-json\/wp\/v2\/posts\/8104\/revisions\/22350"}],"wp:featuredmedia":[{"embeddable":true,"href":"https:\/\/voyage-aventure.com\/blog\/wp-json\/wp\/v2\/media\/12525"}],"wp:attachment":[{"href":"https:\/\/voyage-aventure.com\/blog\/wp-json\/wp\/v2\/media?parent=8104"}],"wp:term":[{"taxonomy":"category","embeddable":true,"href":"https:\/\/voyage-aventure.com\/blog\/wp-json\/wp\/v2\/categories?post=8104"},{"taxonomy":"post_tag","embeddable":true,"href":"https:\/\/voyage-aventure.com\/blog\/wp-json\/wp\/v2\/tags?post=8104"}],"curies":[{"name":"wp","href":"https:\/\/api.w.org\/{rel}","templated":true}]}}