{"id":21085,"date":"2025-07-08T01:15:06","date_gmt":"2025-07-07T23:15:06","guid":{"rendered":"https:\/\/voyage-aventure.com\/blog\/?p=21085"},"modified":"2025-07-07T10:50:17","modified_gmt":"2025-07-07T08:50:17","slug":"ryanair-elargit-son-bagage-cabine-gratuit-une-nouvelle-ere-pour-les-voyageurs","status":"publish","type":"post","link":"https:\/\/voyage-aventure.com\/blog\/a-la-une\/ryanair-elargit-son-bagage-cabine-gratuit-une-nouvelle-ere-pour-les-voyageurs\/","title":{"rendered":"ryanair \u00e9largit son bagage cabine gratuit : une nouvelle \u00e8re pour les voyageurs"},"content":{"rendered":"<h2>Une annonce attendue par les voyageurs<\/h2>\n<p>Ryanair, la compagnie a\u00e9rienne low-cost embl\u00e9matique d&rsquo;Europe, a r\u00e9cemment annonc\u00e9 une augmentation significative de la taille de son bagage cabine gratuit. Actuellement, les passagers peuvent emporter un \u00ab personal bag \u00bb de dimensions 40 x 25 x 20 cm, soit un volume de 20 litres. Avec cette nouvelle mesure, cette taille passera \u00e0 40 x 30 x 20 cm, ce qui permettra aux voyageurs de profiter d&rsquo;un volume de 24 litres.<\/p>\n<p>Cette \u00e9volution intervient dans un contexte o\u00f9 de nombreuses compagnies a\u00e9riennes s&rsquo;efforcent d&rsquo;harmoniser leurs r\u00e8gles concernant les bagages. En effet, Ryanair semble r\u00e9pondre \u00e0 une demande croissante des passagers pour une exp\u00e9rience de voyage plus fluide et moins sujette \u00e0 des frais suppl\u00e9mentaires. Un porte-parole de la compagnie a confirm\u00e9 que cette modification sera mise en place dans les semaines \u00e0 venir, \u00e0 mesure que les a\u00e9roports s&rsquo;adapteront \u00e0 ces nouvelles mesures.<\/p>\n<p><iframe loading=\"lazy\" title=\"Air Alg\u00e9rie envisage de proposer des billets sans bagages\" width=\"1200\" height=\"675\" src=\"https:\/\/www.youtube.com\/embed\/2b9MqiVk6tw?feature=oembed\" frameborder=\"0\" allow=\"accelerometer; autoplay; clipboard-write; encrypted-media; gyroscope; picture-in-picture; web-share\" referrerpolicy=\"strict-origin-when-cross-origin\" allowfullscreen><\/iframe><\/p>\n<h2>Une harmonisation n\u00e9cessaire pour les passagers<\/h2>\n<p>Le changement de Ryanair se produit dans un cadre plus large d&rsquo;harmonisation des normes de bagages \u00e0 travers l&rsquo;Europe. Le 2 juillet, l&rsquo;association Airlines for Europe (A4E) a annonc\u00e9 un accord entre plusieurs compagnies a\u00e9riennes pour \u00e9tablir des dimensions minimales communes pour les bagages cabines. Ces nouvelles dimensions, fix\u00e9es \u00e0 40 x 30 x 15 cm, visent \u00e0 simplifier la vie des passagers et \u00e0 r\u00e9duire les co\u00fbts cach\u00e9s li\u00e9s aux bagages.<\/p>\n<p>Cette standardisation est une r\u00e9ponse directe aux frustrations des voyageurs qui se plaignent souvent de la diversit\u00e9 des r\u00e8gles entre compagnies. En adoptant des normes similaires, Ryanair et d&rsquo;autres transporteurs esp\u00e8rent am\u00e9liorer l&rsquo;exp\u00e9rience client et rendre le processus de voyage plus agr\u00e9able. Bien que chaque compagnie conserve la libert\u00e9 d&rsquo;imposer ses propres r\u00e8gles, cette initiative devrait contribuer \u00e0 une plus grande transparence dans le secteur.<\/p>\n<h2>Les implications pour les voyageurs<\/h2>\n<p>Pour les passagers, cette annonce est une bonne nouvelle qui pourrait transformer leur exp\u00e9rience de voyage. Avec une capacit\u00e9 de bagage accrue, ils pourront emporter davantage d&rsquo;effets personnels sans avoir \u00e0 se soucier des frais suppl\u00e9mentaires pour un bagage en soute. Ce changement pourrait \u00e9galement inciter les voyageurs \u00e0 opter pour des s\u00e9jours plus longs, sachant qu&rsquo;ils peuvent emporter plus de v\u00eatements et d&rsquo;articles essentiels.<\/p>\n<p>Il est important de noter que la nouvelle norme minimale de 40 x 30 x 15 cm entr\u00e9e en vigueur d&rsquo;ici la fin de l&rsquo;\u00e9t\u00e9 2025 ne s&rsquo;applique pas seulement \u00e0 Ryanair, mais \u00e0 l&rsquo;ensemble des membres de l&rsquo;A4E. Voici quelques \u00e9l\u00e9ments \u00e0 retenir concernant cette nouvelle mesure :<\/p>\n<ul>\n<li>Augmentation de la taille de bagage cabine gratuite chez Ryanair.<\/li>\n<li>Normes minimales de bagages harmonis\u00e9es pour les compagnies a\u00e9riennes europ\u00e9ennes.<\/li>\n<li>Objectif de r\u00e9duire les frais cach\u00e9s pour les passagers.<\/li>\n<li>Possibilit\u00e9 pour chaque compagnie de d\u00e9finir ses propres r\u00e8gles au-del\u00e0 des normes minimales.<\/li>\n<\/ul>\n<blockquote><p>\n\u00ab\u00a0Cette nouvelle mesure vise \u00e0 uniformiser les r\u00e8gles entre transporteurs et \u00e0 faciliter l\u2019exp\u00e9rience des passagers voyageant avec peu de bagages.\u00a0\u00bb &#8211; Airlines for Europe (A4E)\n<\/p><\/blockquote>\n<p>Avec cette annonce, Ryanair se positionne comme un acteur qui prend en compte les besoins de ses clients, tout en s&rsquo;effor\u00e7ant de rester comp\u00e9titif dans un march\u00e9 de plus en plus exigeant. Les passagers peuvent donc s&rsquo;attendre \u00e0 une exp\u00e9rience de voyage am\u00e9lior\u00e9e, marqu\u00e9e par une plus grande flexibilit\u00e9 en mati\u00e8re de bagages. La compagnie semble pr\u00eate \u00e0 embrasser les changements n\u00e9cessaires pour \u00e9voluer dans un secteur en constante transformation.<img decoding=\"async\" width=\"1024\" height=\"576\" src=\"https:\/\/voyage-aventure.com\/blog\/wp-content\/uploads\/2025\/07\/stability-ryanair-elargit-son-bagage-cabine-gratuit-une-nouvelle-ere-pour-les-voyageurs-1.png\" class=\"aligncenter\" alt=\"Illustration d\u00e9taill\u00e9e sur ryanair \u00e9largit son bagage cabine gratuit : une nouvelle \u00e8re pour les voyageurs\" title=\"ryanair \u00e9largit son bagage cabine gratuit : une nouvelle \u00e8re pour les voyageurs\" loading=\"lazy\" \/><\/p>\n","protected":false},"excerpt":{"rendered":"","protected":false},"author":34,"featured_media":21086,"comment_status":"open","ping_status":"open","sticky":false,"template":"","format":"standard","meta":{"_acf_changed":false,"manual_indexmenow":false,"indexmenow_id_project":0,"footnotes":""},"categories":[1],"tags":[4538,4528,4565,4526,5218],"class_list":["post-21085","post","type-post","status-publish","format-standard","has-post-thumbnail","hentry","category-a-la-une","tag-activites-variees","tag-hebergement-abordable","tag-tarifs-competitifs","tag-voyage-economique","tag-voyage-organise","generate-columns","tablet-grid-50","mobile-grid-100","grid-parent","grid-25"],"acf":[],"yoast_head":"<!-- This site is optimized with the Yoast SEO Premium plugin v21.3 (Yoast SEO v25.1) - https:\/\/yoast.com\/wordpress\/plugins\/seo\/ -->\n<title>ryanair \u00e9largit son bagage cabine gratuit : une nouvelle<\/title>\n<meta name=\"description\" content=\"Ryanair, la compagnie a\u00e9rienne low-cost embl\u00e9matique d&#039;Europe, a r\u00e9cemment annonc\u00e9 une augmentation significative de la taille de son bagage cabine\" \/>\n<meta name=\"robots\" content=\"index, follow, max-snippet:-1, max-image-preview:large, max-video-preview:-1\" \/>\n<link rel=\"canonical\" href=\"https:\/\/voyage-aventure.com\/blog\/a-la-une\/ryanair-elargit-son-bagage-cabine-gratuit-une-nouvelle-ere-pour-les-voyageurs\/\" \/>\n<meta property=\"og:locale\" content=\"fr_FR\" \/>\n<meta property=\"og:type\" content=\"article\" \/>\n<meta property=\"og:title\" content=\"ryanair \u00e9largit son bagage cabine gratuit : une nouvelle\" \/>\n<meta property=\"og:description\" content=\"Ryanair, la compagnie a\u00e9rienne low-cost embl\u00e9matique d&#039;Europe, a r\u00e9cemment annonc\u00e9 une augmentation significative de la taille de son bagage cabine\" \/>\n<meta property=\"og:url\" content=\"https:\/\/voyage-aventure.com\/blog\/a-la-une\/ryanair-elargit-son-bagage-cabine-gratuit-une-nouvelle-ere-pour-les-voyageurs\/\" \/>\n<meta property=\"og:site_name\" content=\"voyage-aventure\" \/>\n<meta property=\"og:image\" content=\"https:\/\/voyage-aventure.com\/blog\/wp-content\/uploads\/2025\/07\/stability-ryanair-elargit-son-bagage-cabine-gratuit-une-nouvelle-ere-pour-les-voyageurs.png\" \/>\n\t<meta property=\"og:image:width\" content=\"1024\" \/>\n\t<meta property=\"og:image:height\" content=\"576\" \/>\n\t<meta property=\"og:image:type\" content=\"image\/png\" \/>\n<meta name=\"author\" content=\"Camille Rouvray\" \/>\n<meta name=\"twitter:card\" content=\"summary_large_image\" \/>\n<script type=\"application\/ld+json\" class=\"yoast-schema-graph\">{\"@context\":\"https:\/\/schema.org\",\"@graph\":[{\"@type\":\"NewsArticle\",\"@id\":\"https:\/\/voyage-aventure.com\/blog\/a-la-une\/ryanair-elargit-son-bagage-cabine-gratuit-une-nouvelle-ere-pour-les-voyageurs\/#article\",\"isPartOf\":{\"@id\":\"https:\/\/voyage-aventure.com\/blog\/a-la-une\/ryanair-elargit-son-bagage-cabine-gratuit-une-nouvelle-ere-pour-les-voyageurs\/\"},\"author\":{\"name\":\"Camille Rouvray\",\"@id\":\"https:\/\/voyage-aventure.com\/blog\/#\/schema\/person\/3c864cdc320801e3db34b663e7e3f816\"},\"headline\":\"ryanair \u00e9largit son bagage cabine gratuit : une nouvelle \u00e8re pour les voyageurs\",\"datePublished\":\"2025-07-07T23:15:06+00:00\",\"mainEntityOfPage\":{\"@id\":\"https:\/\/voyage-aventure.com\/blog\/a-la-une\/ryanair-elargit-son-bagage-cabine-gratuit-une-nouvelle-ere-pour-les-voyageurs\/\"},\"wordCount\":600,\"commentCount\":24,\"publisher\":{\"@id\":\"https:\/\/voyage-aventure.com\/blog\/#organization\"},\"image\":{\"@id\":\"https:\/\/voyage-aventure.com\/blog\/a-la-une\/ryanair-elargit-son-bagage-cabine-gratuit-une-nouvelle-ere-pour-les-voyageurs\/#primaryimage\"},\"thumbnailUrl\":\"https:\/\/voyage-aventure.com\/blog\/wp-content\/uploads\/2025\/07\/stability-ryanair-elargit-son-bagage-cabine-gratuit-une-nouvelle-ere-pour-les-voyageurs.png\",\"keywords\":[\"Activit\u00e9s Vari\u00e9es\",\"H\u00e9bergement Abordable\",\"Tarifs Comp\u00e9titifs\",\"Voyage \u00c9conomique\",\"Voyage Organis\u00e9\"],\"articleSection\":[\"\u00c0 la une\"],\"inLanguage\":\"fr-FR\",\"potentialAction\":[{\"@type\":\"CommentAction\",\"name\":\"Comment\",\"target\":[\"https:\/\/voyage-aventure.com\/blog\/a-la-une\/ryanair-elargit-son-bagage-cabine-gratuit-une-nouvelle-ere-pour-les-voyageurs\/#respond\"]}]},{\"@type\":\"WebPage\",\"@id\":\"https:\/\/voyage-aventure.com\/blog\/a-la-une\/ryanair-elargit-son-bagage-cabine-gratuit-une-nouvelle-ere-pour-les-voyageurs\/\",\"url\":\"https:\/\/voyage-aventure.com\/blog\/a-la-une\/ryanair-elargit-son-bagage-cabine-gratuit-une-nouvelle-ere-pour-les-voyageurs\/\",\"name\":\"ryanair \u00e9largit son bagage cabine gratuit : une nouvelle\",\"isPartOf\":{\"@id\":\"https:\/\/voyage-aventure.com\/blog\/#website\"},\"primaryImageOfPage\":{\"@id\":\"https:\/\/voyage-aventure.com\/blog\/a-la-une\/ryanair-elargit-son-bagage-cabine-gratuit-une-nouvelle-ere-pour-les-voyageurs\/#primaryimage\"},\"image\":{\"@id\":\"https:\/\/voyage-aventure.com\/blog\/a-la-une\/ryanair-elargit-son-bagage-cabine-gratuit-une-nouvelle-ere-pour-les-voyageurs\/#primaryimage\"},\"thumbnailUrl\":\"https:\/\/voyage-aventure.com\/blog\/wp-content\/uploads\/2025\/07\/stability-ryanair-elargit-son-bagage-cabine-gratuit-une-nouvelle-ere-pour-les-voyageurs.png\",\"datePublished\":\"2025-07-07T23:15:06+00:00\",\"description\":\"Ryanair, la compagnie a\u00e9rienne low-cost embl\u00e9matique d'Europe, a r\u00e9cemment annonc\u00e9 une augmentation significative de la taille de son bagage cabine\",\"inLanguage\":\"fr-FR\",\"potentialAction\":[{\"@type\":\"ReadAction\",\"target\":[\"https:\/\/voyage-aventure.com\/blog\/a-la-une\/ryanair-elargit-son-bagage-cabine-gratuit-une-nouvelle-ere-pour-les-voyageurs\/\"]}]},{\"@type\":\"ImageObject\",\"inLanguage\":\"fr-FR\",\"@id\":\"https:\/\/voyage-aventure.com\/blog\/a-la-une\/ryanair-elargit-son-bagage-cabine-gratuit-une-nouvelle-ere-pour-les-voyageurs\/#primaryimage\",\"url\":\"https:\/\/voyage-aventure.com\/blog\/wp-content\/uploads\/2025\/07\/stability-ryanair-elargit-son-bagage-cabine-gratuit-une-nouvelle-ere-pour-les-voyageurs.png\",\"contentUrl\":\"https:\/\/voyage-aventure.com\/blog\/wp-content\/uploads\/2025\/07\/stability-ryanair-elargit-son-bagage-cabine-gratuit-une-nouvelle-ere-pour-les-voyageurs.png\",\"width\":1024,\"height\":576},{\"@type\":\"WebSite\",\"@id\":\"https:\/\/voyage-aventure.com\/blog\/#website\",\"url\":\"https:\/\/voyage-aventure.com\/blog\/\",\"name\":\"voyage-aventure.com\",\"description\":\"Votre passeport pour l\u2019inattendu.\",\"publisher\":{\"@id\":\"https:\/\/voyage-aventure.com\/blog\/#organization\"},\"alternateName\":\"Votre passeport pour l\u2019inattendu.\",\"potentialAction\":[{\"@type\":\"SearchAction\",\"target\":{\"@type\":\"EntryPoint\",\"urlTemplate\":\"https:\/\/voyage-aventure.com\/blog\/?s={search_term_string}\"},\"query-input\":{\"@type\":\"PropertyValueSpecification\",\"valueRequired\":true,\"valueName\":\"search_term_string\"}}],\"inLanguage\":\"fr-FR\"},{\"@type\":\"Organization\",\"@id\":\"https:\/\/voyage-aventure.com\/blog\/#organization\",\"name\":\"Foretsensations.fr\",\"url\":\"https:\/\/voyage-aventure.com\/blog\/\",\"logo\":{\"@type\":\"ImageObject\",\"inLanguage\":\"fr-FR\",\"@id\":\"https:\/\/voyage-aventure.com\/blog\/#\/schema\/logo\/image\/\",\"url\":\"https:\/\/voyage-aventure.com\/blog\/wp-content\/uploads\/2024\/12\/19.png\",\"contentUrl\":\"https:\/\/voyage-aventure.com\/blog\/wp-content\/uploads\/2024\/12\/19.png\",\"width\":512,\"height\":512,\"caption\":\"Foretsensations.fr\"},\"image\":{\"@id\":\"https:\/\/voyage-aventure.com\/blog\/#\/schema\/logo\/image\/\"}},{\"@type\":\"Person\",\"@id\":\"https:\/\/voyage-aventure.com\/blog\/#\/schema\/person\/3c864cdc320801e3db34b663e7e3f816\",\"name\":\"Camille Rouvray\",\"image\":{\"@type\":\"ImageObject\",\"inLanguage\":\"fr-FR\",\"@id\":\"https:\/\/voyage-aventure.com\/blog\/#\/schema\/person\/image\/\",\"url\":\"https:\/\/voyage-aventure.com\/blog\/wp-content\/uploads\/2026\/06\/persona_camille-r-96x96.jpg\",\"contentUrl\":\"https:\/\/voyage-aventure.com\/blog\/wp-content\/uploads\/2026\/06\/persona_camille-r-96x96.jpg\",\"caption\":\"Camille Rouvray\"},\"description\":\"Je voyage et j'\u00e9cris sur le voyage depuis une douzaine d'ann\u00e9es, d'abord en tant que routarde au long cours, puis comme r\u00e9dactrice sp\u00e9cialis\u00e9e. Mon terrain de pr\u00e9dilection, ce sont les circuits organis\u00e9s et l'art de bien pr\u00e9parer un itin\u00e9raire : choix de la saison, dur\u00e9e r\u00e9aliste des \u00e9tapes, budget jour par jour, logement et transport sur place. J'aime aussi raconter les p\u00e9pites urbaines, ces adresses qu'on ne trouve pas dans les guides classiques. Avant de publier un dossier destination, je croise toujours plusieurs sources, je v\u00e9rifie les tarifs et les formalit\u00e9s d'entr\u00e9e \u00e0 jour, et je teste moi-m\u00eame quand je le peux. Mon angle reste pratique avant tout : aider le lecteur \u00e0 partir l'esprit tranquille, sans mauvaise surprise une fois sur place. Je m'attache \u00e0 distinguer le coup de c\u0153ur sinc\u00e8re du simple argument marketing.\",\"sameAs\":[\"https:\/\/camillerouvray.fr\/\"],\"url\":\"https:\/\/voyage-aventure.com\/blog\/auteur\/noname\/\"}]}<\/script>\n<!-- \/ Yoast SEO Premium plugin. -->","yoast_head_json":{"title":"ryanair \u00e9largit son bagage cabine gratuit : une nouvelle","description":"Ryanair, la compagnie a\u00e9rienne low-cost embl\u00e9matique d'Europe, a r\u00e9cemment annonc\u00e9 une augmentation significative de la taille de son bagage cabine","robots":{"index":"index","follow":"follow","max-snippet":"max-snippet:-1","max-image-preview":"max-image-preview:large","max-video-preview":"max-video-preview:-1"},"canonical":"https:\/\/voyage-aventure.com\/blog\/a-la-une\/ryanair-elargit-son-bagage-cabine-gratuit-une-nouvelle-ere-pour-les-voyageurs\/","og_locale":"fr_FR","og_type":"article","og_title":"ryanair \u00e9largit son bagage cabine gratuit : une nouvelle","og_description":"Ryanair, la compagnie a\u00e9rienne low-cost embl\u00e9matique d'Europe, a r\u00e9cemment annonc\u00e9 une augmentation significative de la taille de son bagage cabine","og_url":"https:\/\/voyage-aventure.com\/blog\/a-la-une\/ryanair-elargit-son-bagage-cabine-gratuit-une-nouvelle-ere-pour-les-voyageurs\/","og_site_name":"voyage-aventure","og_image":[{"width":1024,"height":576,"url":"https:\/\/voyage-aventure.com\/blog\/wp-content\/uploads\/2025\/07\/stability-ryanair-elargit-son-bagage-cabine-gratuit-une-nouvelle-ere-pour-les-voyageurs.png","type":"image\/png"}],"author":"Camille Rouvray","twitter_card":"summary_large_image","schema":{"@context":"https:\/\/schema.org","@graph":[{"@type":"NewsArticle","@id":"https:\/\/voyage-aventure.com\/blog\/a-la-une\/ryanair-elargit-son-bagage-cabine-gratuit-une-nouvelle-ere-pour-les-voyageurs\/#article","isPartOf":{"@id":"https:\/\/voyage-aventure.com\/blog\/a-la-une\/ryanair-elargit-son-bagage-cabine-gratuit-une-nouvelle-ere-pour-les-voyageurs\/"},"author":{"name":"Camille Rouvray","@id":"https:\/\/voyage-aventure.com\/blog\/#\/schema\/person\/3c864cdc320801e3db34b663e7e3f816"},"headline":"ryanair \u00e9largit son bagage cabine gratuit : une nouvelle \u00e8re pour les voyageurs","datePublished":"2025-07-07T23:15:06+00:00","mainEntityOfPage":{"@id":"https:\/\/voyage-aventure.com\/blog\/a-la-une\/ryanair-elargit-son-bagage-cabine-gratuit-une-nouvelle-ere-pour-les-voyageurs\/"},"wordCount":600,"commentCount":24,"publisher":{"@id":"https:\/\/voyage-aventure.com\/blog\/#organization"},"image":{"@id":"https:\/\/voyage-aventure.com\/blog\/a-la-une\/ryanair-elargit-son-bagage-cabine-gratuit-une-nouvelle-ere-pour-les-voyageurs\/#primaryimage"},"thumbnailUrl":"https:\/\/voyage-aventure.com\/blog\/wp-content\/uploads\/2025\/07\/stability-ryanair-elargit-son-bagage-cabine-gratuit-une-nouvelle-ere-pour-les-voyageurs.png","keywords":["Activit\u00e9s Vari\u00e9es","H\u00e9bergement Abordable","Tarifs Comp\u00e9titifs","Voyage \u00c9conomique","Voyage Organis\u00e9"],"articleSection":["\u00c0 la une"],"inLanguage":"fr-FR","potentialAction":[{"@type":"CommentAction","name":"Comment","target":["https:\/\/voyage-aventure.com\/blog\/a-la-une\/ryanair-elargit-son-bagage-cabine-gratuit-une-nouvelle-ere-pour-les-voyageurs\/#respond"]}]},{"@type":"WebPage","@id":"https:\/\/voyage-aventure.com\/blog\/a-la-une\/ryanair-elargit-son-bagage-cabine-gratuit-une-nouvelle-ere-pour-les-voyageurs\/","url":"https:\/\/voyage-aventure.com\/blog\/a-la-une\/ryanair-elargit-son-bagage-cabine-gratuit-une-nouvelle-ere-pour-les-voyageurs\/","name":"ryanair \u00e9largit son bagage cabine gratuit : une nouvelle","isPartOf":{"@id":"https:\/\/voyage-aventure.com\/blog\/#website"},"primaryImageOfPage":{"@id":"https:\/\/voyage-aventure.com\/blog\/a-la-une\/ryanair-elargit-son-bagage-cabine-gratuit-une-nouvelle-ere-pour-les-voyageurs\/#primaryimage"},"image":{"@id":"https:\/\/voyage-aventure.com\/blog\/a-la-une\/ryanair-elargit-son-bagage-cabine-gratuit-une-nouvelle-ere-pour-les-voyageurs\/#primaryimage"},"thumbnailUrl":"https:\/\/voyage-aventure.com\/blog\/wp-content\/uploads\/2025\/07\/stability-ryanair-elargit-son-bagage-cabine-gratuit-une-nouvelle-ere-pour-les-voyageurs.png","datePublished":"2025-07-07T23:15:06+00:00","description":"Ryanair, la compagnie a\u00e9rienne low-cost embl\u00e9matique d'Europe, a r\u00e9cemment annonc\u00e9 une augmentation significative de la taille de son bagage cabine","inLanguage":"fr-FR","potentialAction":[{"@type":"ReadAction","target":["https:\/\/voyage-aventure.com\/blog\/a-la-une\/ryanair-elargit-son-bagage-cabine-gratuit-une-nouvelle-ere-pour-les-voyageurs\/"]}]},{"@type":"ImageObject","inLanguage":"fr-FR","@id":"https:\/\/voyage-aventure.com\/blog\/a-la-une\/ryanair-elargit-son-bagage-cabine-gratuit-une-nouvelle-ere-pour-les-voyageurs\/#primaryimage","url":"https:\/\/voyage-aventure.com\/blog\/wp-content\/uploads\/2025\/07\/stability-ryanair-elargit-son-bagage-cabine-gratuit-une-nouvelle-ere-pour-les-voyageurs.png","contentUrl":"https:\/\/voyage-aventure.com\/blog\/wp-content\/uploads\/2025\/07\/stability-ryanair-elargit-son-bagage-cabine-gratuit-une-nouvelle-ere-pour-les-voyageurs.png","width":1024,"height":576},{"@type":"WebSite","@id":"https:\/\/voyage-aventure.com\/blog\/#website","url":"https:\/\/voyage-aventure.com\/blog\/","name":"voyage-aventure.com","description":"Votre passeport pour l\u2019inattendu.","publisher":{"@id":"https:\/\/voyage-aventure.com\/blog\/#organization"},"alternateName":"Votre passeport pour l\u2019inattendu.","potentialAction":[{"@type":"SearchAction","target":{"@type":"EntryPoint","urlTemplate":"https:\/\/voyage-aventure.com\/blog\/?s={search_term_string}"},"query-input":{"@type":"PropertyValueSpecification","valueRequired":true,"valueName":"search_term_string"}}],"inLanguage":"fr-FR"},{"@type":"Organization","@id":"https:\/\/voyage-aventure.com\/blog\/#organization","name":"Foretsensations.fr","url":"https:\/\/voyage-aventure.com\/blog\/","logo":{"@type":"ImageObject","inLanguage":"fr-FR","@id":"https:\/\/voyage-aventure.com\/blog\/#\/schema\/logo\/image\/","url":"https:\/\/voyage-aventure.com\/blog\/wp-content\/uploads\/2024\/12\/19.png","contentUrl":"https:\/\/voyage-aventure.com\/blog\/wp-content\/uploads\/2024\/12\/19.png","width":512,"height":512,"caption":"Foretsensations.fr"},"image":{"@id":"https:\/\/voyage-aventure.com\/blog\/#\/schema\/logo\/image\/"}},{"@type":"Person","@id":"https:\/\/voyage-aventure.com\/blog\/#\/schema\/person\/3c864cdc320801e3db34b663e7e3f816","name":"Camille Rouvray","image":{"@type":"ImageObject","inLanguage":"fr-FR","@id":"https:\/\/voyage-aventure.com\/blog\/#\/schema\/person\/image\/","url":"https:\/\/voyage-aventure.com\/blog\/wp-content\/uploads\/2026\/06\/persona_camille-r-96x96.jpg","contentUrl":"https:\/\/voyage-aventure.com\/blog\/wp-content\/uploads\/2026\/06\/persona_camille-r-96x96.jpg","caption":"Camille Rouvray"},"description":"Je voyage et j'\u00e9cris sur le voyage depuis une douzaine d'ann\u00e9es, d'abord en tant que routarde au long cours, puis comme r\u00e9dactrice sp\u00e9cialis\u00e9e. Mon terrain de pr\u00e9dilection, ce sont les circuits organis\u00e9s et l'art de bien pr\u00e9parer un itin\u00e9raire : choix de la saison, dur\u00e9e r\u00e9aliste des \u00e9tapes, budget jour par jour, logement et transport sur place. J'aime aussi raconter les p\u00e9pites urbaines, ces adresses qu'on ne trouve pas dans les guides classiques. Avant de publier un dossier destination, je croise toujours plusieurs sources, je v\u00e9rifie les tarifs et les formalit\u00e9s d'entr\u00e9e \u00e0 jour, et je teste moi-m\u00eame quand je le peux. Mon angle reste pratique avant tout : aider le lecteur \u00e0 partir l'esprit tranquille, sans mauvaise surprise une fois sur place. Je m'attache \u00e0 distinguer le coup de c\u0153ur sinc\u00e8re du simple argument marketing.","sameAs":["https:\/\/camillerouvray.fr\/"],"url":"https:\/\/voyage-aventure.com\/blog\/auteur\/noname\/"}]}},"_links":{"self":[{"href":"https:\/\/voyage-aventure.com\/blog\/wp-json\/wp\/v2\/posts\/21085","targetHints":{"allow":["GET"]}}],"collection":[{"href":"https:\/\/voyage-aventure.com\/blog\/wp-json\/wp\/v2\/posts"}],"about":[{"href":"https:\/\/voyage-aventure.com\/blog\/wp-json\/wp\/v2\/types\/post"}],"author":[{"embeddable":true,"href":"https:\/\/voyage-aventure.com\/blog\/wp-json\/wp\/v2\/users\/34"}],"replies":[{"embeddable":true,"href":"https:\/\/voyage-aventure.com\/blog\/wp-json\/wp\/v2\/comments?post=21085"}],"version-history":[{"count":1,"href":"https:\/\/voyage-aventure.com\/blog\/wp-json\/wp\/v2\/posts\/21085\/revisions"}],"predecessor-version":[{"id":21088,"href":"https:\/\/voyage-aventure.com\/blog\/wp-json\/wp\/v2\/posts\/21085\/revisions\/21088"}],"wp:featuredmedia":[{"embeddable":true,"href":"https:\/\/voyage-aventure.com\/blog\/wp-json\/wp\/v2\/media\/21086"}],"wp:attachment":[{"href":"https:\/\/voyage-aventure.com\/blog\/wp-json\/wp\/v2\/media?parent=21085"}],"wp:term":[{"taxonomy":"category","embeddable":true,"href":"https:\/\/voyage-aventure.com\/blog\/wp-json\/wp\/v2\/categories?post=21085"},{"taxonomy":"post_tag","embeddable":true,"href":"https:\/\/voyage-aventure.com\/blog\/wp-json\/wp\/v2\/tags?post=21085"}],"curies":[{"name":"wp","href":"https:\/\/api.w.org\/{rel}","templated":true}]}}