{"id":20937,"date":"2026-06-16T18:21:32","date_gmt":"2026-06-16T16:21:32","guid":{"rendered":"https:\/\/voyage-aventure.com\/blog\/?p=20937"},"modified":"2026-06-16T18:21:32","modified_gmt":"2026-06-16T16:21:32","slug":"la-vie-a-medellin-experiences-de-travailleurs-itinerants","status":"publish","type":"post","link":"https:\/\/voyage-aventure.com\/blog\/a-la-une\/la-vie-a-medellin-experiences-de-travailleurs-itinerants\/","title":{"rendered":"La Vie \u00e0 Medell\u00edn : Exp\u00e9riences de Travailleurs Itin\u00e9rants"},"content":{"rendered":"<link rel=\"stylesheet\" href=\"https:\/\/fonts.googleapis.com\/css2?family=Fraunces:opsz,wght@9..144,500;9..144,600;9..144,700;9..144,900&#038;family=Inter:wght@400;500;600;700&#038;family=JetBrains+Mono:wght@500;600&#038;display=swap\">\n<style>\n.va-medellin-wrap{font-family:'Inter',system-ui,sans-serif;color:#2b2520;line-height:1.65;font-size:17px;}\n.va-medellin-wrap h2{font-family:'Fraunces','Georgia',serif;font-weight:700;font-size:clamp(25px,3.4vw,35px);line-height:1.18;letter-spacing:-0.01em;color:#1c1812;margin:52px 0 16px;}\n.va-medellin-wrap h3{font-family:'Fraunces','Georgia',serif;font-weight:600;font-size:clamp(19px,2.2vw,23px);color:#1c1812;margin:28px 0 10px;letter-spacing:-0.005em;}\n.va-medellin-wrap p{margin:0 0 18px;}\n.va-medellin-wrap a{color:#1f7a5c;text-decoration:underline;text-underline-offset:2px;text-decoration-thickness:1.5px;}\n.va-medellin-kicker{font-family:'JetBrains Mono',monospace;font-size:12px;font-weight:600;letter-spacing:2.4px;text-transform:uppercase;color:#c2562e;}\n.va-medellin-lead{font-size:20px;line-height:1.55;color:#3a332b;font-weight:500;margin:18px 0 26px;}\n.va-medellin-answer{background:linear-gradient(180deg,#f4f9f1,#eef6ea);border-left:5px solid #1f7a5c;border-radius:0 12px 12px 0;padding:24px 28px;margin:26px 0;box-shadow:0 1px 2px rgba(16,24,40,.05),0 14px 30px -18px rgba(16,40,28,.28);}\n.va-medellin-answer-t{font-family:'JetBrains Mono',monospace;font-size:12px;font-weight:600;letter-spacing:2.2px;text-transform:uppercase;color:#1f7a5c;margin-bottom:10px;}\n.va-medellin-answer-txt{font-size:17.5px;line-height:1.6;color:#2b2520;}\n.va-medellin-carnet{display:grid;grid-template-columns:repeat(auto-fit,minmax(180px,1fr));gap:12px;margin:26px 0;}\n.va-medellin-carnet-i{background:#fff;border:1px solid #ece5da;border-top:3px solid #c2562e;border-radius:10px;padding:16px 18px;transition:.25s ease;box-shadow:0 1px 2px rgba(16,24,40,.04);}\n.va-medellin-carnet-i:hover{transform:translateY(-3px);box-shadow:0 1px 2px rgba(16,24,40,.05),0 14px 28px -16px rgba(16,24,40,.22);}\n.va-medellin-carnet-l{font-family:'JetBrains Mono',monospace;font-size:11px;font-weight:600;letter-spacing:1.6px;text-transform:uppercase;color:#9a8c7a;margin-bottom:6px;}\n.va-medellin-carnet-v{font-size:15.5px;font-weight:600;color:#1c1812;line-height:1.45;}\n.va-medellin-grid{display:grid;grid-template-columns:repeat(auto-fit,minmax(230px,1fr));gap:16px;margin:28px 0;}\n.va-medellin-card{background:#fff;border:1px solid #ece5da;border-top:3px solid #1f7a5c;border-radius:10px;padding:20px 20px 18px;transition:.25s ease;box-shadow:0 1px 2px rgba(16,24,40,.04);}\n.va-medellin-card:hover{transform:translateY(-3px);box-shadow:0 1px 2px rgba(16,24,40,.05),0 16px 30px -16px rgba(16,40,28,.24);}\n.va-medellin-card-n{width:34px;height:34px;background:#eef6ea;border-radius:50%;display:inline-flex;align-items:center;justify-content:center;font-family:'Fraunces',serif;font-size:16px;font-weight:900;color:#1f7a5c;margin-bottom:12px;}\n.va-medellin-card h3{margin:0 0 6px;font-size:17px;}\n.va-medellin-card-txt{font-size:14.5px;line-height:1.55;color:#5a5145;}\n.va-medellin-card-tip{margin-top:10px;font-family:'JetBrains Mono',monospace;font-size:11.5px;letter-spacing:.4px;color:#c2562e;}\n.va-medellin-tablewrap{overflow-x:auto;border:1px solid #ece5da;border-radius:12px;margin:26px 0;}\n.va-medellin-table{width:100%;border-collapse:collapse;font-size:14.5px;min-width:420px;}\n.va-medellin-table thead tr{background:#1c1812;color:#fff;}\n.va-medellin-table th{text-align:left;padding:13px 18px;font-family:'JetBrains Mono',monospace;font-size:11.5px;font-weight:600;letter-spacing:1.4px;text-transform:uppercase;}\n.va-medellin-table td{padding:13px 18px;color:#3a332b;}\n.va-medellin-table tbody tr:nth-child(odd){background:#fbf8f3;}\n.va-medellin-table tbody tr:nth-child(even){background:#fff;}\n.va-medellin-table tbody tr td:first-child{font-weight:600;color:#1c1812;}\n.va-medellin-src{font-family:'JetBrains Mono',monospace;font-size:11.5px;color:#9a8c7a;margin:-12px 0 22px;letter-spacing:.3px;}\n.va-medellin-quote{margin:40px auto;padding:26px 24px;text-align:center;border-top:1px solid #1c1812;border-bottom:1px solid #1c1812;max-width:660px;position:relative;}\n.va-medellin-quote-m{position:absolute;top:-22px;left:50%;transform:translateX(-50%);background:#fdfbf7;padding:0 14px;font-family:'Fraunces',serif;font-size:52px;line-height:1;color:#c2562e;}\n.va-medellin-quote-b{font-family:'Fraunces','Georgia',serif;font-size:clamp(21px,2.8vw,26px);line-height:1.4;font-style:italic;color:#1c1812;}\n.va-medellin-quote-c{margin-top:12px;font-family:'JetBrains Mono',monospace;font-size:12px;letter-spacing:1.6px;text-transform:uppercase;color:#8a7d6c;}\n.va-medellin-note{border-left:4px solid #c2562e;background:#fdf1ea;border-radius:0 6px 6px 0;padding:16px 20px;margin:24px 0;}\n.va-medellin-note-t{font-family:'JetBrains Mono',monospace;font-size:11.5px;font-weight:600;letter-spacing:1.6px;text-transform:uppercase;color:#a84417;margin-bottom:6px;}\n.va-medellin-note-x{font-size:14.5px;line-height:1.6;color:#3a332b;}\n.va-medellin-cols{display:grid;grid-template-columns:repeat(auto-fit,minmax(250px,1fr));gap:16px;margin:28px 0;}\n.va-medellin-col{border-radius:10px;padding:20px 22px;border:1px solid #ece5da;}\n.va-medellin-col-up{background:#f4f9f1;border-top:4px solid #1f7a5c;}\n.va-medellin-col-down{background:#fdf3ee;border-top:4px solid #c2562e;}\n.va-medellin-col h3{margin:0 0 12px;font-size:14px;font-family:'JetBrains Mono',monospace;font-weight:600;letter-spacing:1.6px;text-transform:uppercase;}\n.va-medellin-col-up h3{color:#15604a;}\n.va-medellin-col-down h3{color:#a84417;}\n.va-medellin-col ul{margin:0;padding:0;list-style:none;}\n.va-medellin-col li{display:flex;gap:10px;align-items:flex-start;padding:7px 0;font-size:14.5px;line-height:1.5;color:#2b2520;border-bottom:1px solid #ece5da;}\n.va-medellin-col li:last-child{border-bottom:none;}\n.va-medellin-col-up li span{color:#1f7a5c;font-weight:700;flex:0 0 14px;}\n.va-medellin-col-down li span{color:#c2562e;font-weight:700;flex:0 0 14px;}\n.va-medellin-retenir{background:#1c1812;border-radius:14px;padding:26px 28px 28px;margin:40px 0;}\n.va-medellin-retenir-t{font-family:'JetBrains Mono',monospace;font-size:12px;font-weight:600;letter-spacing:2.2px;text-transform:uppercase;color:#e6a17a;margin-bottom:16px;}\n.va-medellin-retenir-g{display:grid;grid-template-columns:repeat(auto-fit,minmax(240px,1fr));gap:10px;}\n.va-medellin-retenir-i{display:flex;gap:12px;background:#26211a;border-radius:8px;padding:13px 15px;align-items:flex-start;}\n.va-medellin-retenir-i span{flex:0 0 26px;width:26px;height:26px;background:#1f7a5c;color:#fff;border-radius:50%;display:inline-flex;align-items:center;justify-content:center;font-family:'JetBrains Mono',monospace;font-size:12px;font-weight:600;}\n.va-medellin-retenir-i div{font-size:14px;line-height:1.5;color:#ece5da;}\n.va-medellin-faq{margin:36px 0;}\n.va-medellin-faq h2{margin-bottom:8px;}\n.va-medellin-faq-list{border-top:1px solid #e2dacd;}\n.va-medellin-faq details{border-bottom:1px solid #e2dacd;}\n.va-medellin-faq summary{cursor:pointer;padding:17px 0;font-family:'Fraunces',serif;font-size:18px;font-weight:600;color:#1c1812;list-style:none;display:flex;justify-content:space-between;align-items:center;gap:14px;}\n.va-medellin-faq summary::-webkit-details-marker{display:none;}\n.va-medellin-faq summary span{font-size:24px;font-weight:300;color:#1f7a5c;line-height:1;}\n.va-medellin-faq-a{padding:0 0 18px;font-size:15.5px;line-height:1.7;color:#4a4239;}\n.va-medellin-disc{font-size:13px;line-height:1.6;color:#8a7d6c;font-style:italic;border-top:1px solid #e2dacd;padding-top:18px;margin-top:34px;}\n\/*RENDERFIX2*\/.va-medellin-table thead tr{color:#eef3f9!important}.va-medellin-table thead tr p,.va-medellin-table thead tr li,.va-medellin-table thead tr strong,.va-medellin-table thead tr em,.va-medellin-table thead tr a,.va-medellin-table thead tr span,.va-medellin-table thead tr b,.va-medellin-table thead tr td,.va-medellin-table thead tr th,.va-medellin-table thead tr h2,.va-medellin-table thead tr h3,.va-medellin-table thead tr h4{color:#eef3f9!important}.va-medellin-table thead tr strong,.va-medellin-table thead tr b{color:#ffffff!important}.va-medellin-retenir{color:#eef3f9!important}.va-medellin-retenir p,.va-medellin-retenir li,.va-medellin-retenir strong,.va-medellin-retenir em,.va-medellin-retenir a,.va-medellin-retenir span,.va-medellin-retenir b,.va-medellin-retenir td,.va-medellin-retenir th,.va-medellin-retenir h2,.va-medellin-retenir h3,.va-medellin-retenir h4{color:#eef3f9!important}.va-medellin-retenir strong,.va-medellin-retenir b{color:#ffffff!important}.va-medellin-retenir-i{color:#eef3f9!important}.va-medellin-retenir-i p,.va-medellin-retenir-i li,.va-medellin-retenir-i strong,.va-medellin-retenir-i em,.va-medellin-retenir-i a,.va-medellin-retenir-i span,.va-medellin-retenir-i b,.va-medellin-retenir-i td,.va-medellin-retenir-i th,.va-medellin-retenir-i h2,.va-medellin-retenir-i h3,.va-medellin-retenir-i h4{color:#eef3f9!important}.va-medellin-retenir-i strong,.va-medellin-retenir-i b{color:#ffffff!important}.va-medellin-retenir-i span{color:#eef3f9!important}.va-medellin-retenir-i span p,.va-medellin-retenir-i span li,.va-medellin-retenir-i span strong,.va-medellin-retenir-i span em,.va-medellin-retenir-i span a,.va-medellin-retenir-i span span,.va-medellin-retenir-i span b,.va-medellin-retenir-i span td,.va-medellin-retenir-i span th,.va-medellin-retenir-i span h2,.va-medellin-retenir-i span h3,.va-medellin-retenir-i span h4{color:#eef3f9!important}.va-medellin-retenir-i span strong,.va-medellin-retenir-i span b{color:#ffffff!important}<\/style>\n<div class=\"va-medellin-wrap\">\n<span class=\"va-medellin-kicker\">Vivre \u00e0 Medell\u00edn \u00b7 Travailleurs itin\u00e9rants<\/span><\/p>\n<div class=\"va-medellin-lead\">Depuis quelques ann\u00e9es, cette m\u00e9tropole dynamique s&rsquo;est impos\u00e9e comme un point de ralliement pour celles et ceux qui misent sur le <strong>t\u00e9l\u00e9travail en Colombie<\/strong>. Port\u00e9e par un co\u00fbt de la vie accessible, un climat exceptionnel et une culture locale foisonnante, la ville s\u00e9duit une g\u00e9n\u00e9ration de travailleurs flexibles d\u00e9sireux de s&rsquo;installer dans un cadre stimulant et chaleureux.<\/div>\n<div class=\"va-medellin-answer\">\n<div class=\"va-medellin-answer-t\">L&rsquo;essentiel en bref<\/div>\n<div class=\"va-medellin-answer-txt\"><strong>Vivre \u00e0 Medell\u00edn<\/strong> attire un nombre croissant de <strong>digital nomads colombiens<\/strong> et de travailleurs itin\u00e9rants : climat doux toute l&rsquo;ann\u00e9e (autour de 22\u00b0C), co\u00fbt de la vie mod\u00e9r\u00e9, infrastructure moderne et \u00e9cosyst\u00e8me de coworking en pleine expansion. C&rsquo;est d&rsquo;abord une ville de qualit\u00e9 de vie pour travailler \u00e0 distance \u2014 \u00e0 condition de bien choisir son quartier et de rester attentif \u00e0 la pression immobili\u00e8re comme aux questions de s\u00e9curit\u00e9, qui varient selon les zones.<\/div>\n<\/div>\n<p>D&rsquo;apr\u00e8s les derni\u00e8res statistiques, Medell\u00edn compte chaque ann\u00e9e de plus en plus de <strong>digital nomads en Colombia<\/strong>, dont une grande partie sont originaires du pays. Nous allons partager, \u00e0 travers des t\u00e9moignages authentiques, les motivations, conseils pratiques, d\u00e9fis et avantages concrets de ces travailleurs mobiles colombiens.<\/p>\n<div class=\"va-medellin-carnet\">\n<div class=\"va-medellin-carnet-i\">\n<div class=\"va-medellin-carnet-l\">Climat<\/div>\n<div class=\"va-medellin-carnet-v\">Doux toute l&rsquo;ann\u00e9e, autour de 22\u00b0C<\/div>\n<\/div>\n<div class=\"va-medellin-carnet-i\">\n<div class=\"va-medellin-carnet-l\">Surnom<\/div>\n<div class=\"va-medellin-carnet-v\">La ville de la saison \u00e9ternelle<\/div>\n<\/div>\n<div class=\"va-medellin-carnet-i\">\n<div class=\"va-medellin-carnet-l\">Quartiers phares<\/div>\n<div class=\"va-medellin-carnet-v\">El Poblado &amp; Laureles<\/div>\n<\/div>\n<div class=\"va-medellin-carnet-i\">\n<div class=\"va-medellin-carnet-l\">Profil<\/div>\n<div class=\"va-medellin-carnet-v\">Digital nomads &amp; travailleurs distants<\/div>\n<\/div>\n<div class=\"va-medellin-carnet-i\">\n<div class=\"va-medellin-carnet-l\">Mobilit\u00e9<\/div>\n<div class=\"va-medellin-carnet-v\">M\u00e9tro, bus, t\u00e9l\u00e9ph\u00e9rique<\/div>\n<\/div>\n<\/div>\n<h2>Le Choix de Medell\u00edn : Un Environnement Propice<\/h2>\n<p>Medell\u00edn, souvent surnomm\u00e9e la <strong>ville de la saison \u00e9ternelle<\/strong>, b\u00e9n\u00e9ficie d&rsquo;un climat agr\u00e9able toute l&rsquo;ann\u00e9e, autour de 22\u00b0C, ce qui en fait un haut lieu du <strong>t\u00e9l\u00e9travail en Colombie<\/strong>. Ce confort climatique est pl\u00e9biscit\u00e9 par les nomades digitaux, notamment colombiens, qui recherchent une qualit\u00e9 de vie stable pour travailler \u00e0 distance. Mais au-del\u00e0 de la m\u00e9t\u00e9o, Medell\u00edn offre une infrastructure moderne : r\u00e9seau de <strong>Wi-Fi stable<\/strong>, transports en commun efficaces et quartiers pens\u00e9s pour la mobilit\u00e9.<\/p>\n<div class=\"va-medellin-grid\">\n<div class=\"va-medellin-card\">\n<div class=\"va-medellin-card-n\">01<\/div>\n<h3>El Poblado<\/h3>\n<div class=\"va-medellin-card-txt\">Quartier pris\u00e9 et s\u00e9curis\u00e9, id\u00e9al pour les digital nomads recherchant confort et vie nocturne.<\/div>\n<div class=\"va-medellin-card-tip\">\u2192 Ambiance cosmopolite<\/div>\n<\/div>\n<div class=\"va-medellin-card\">\n<div class=\"va-medellin-card-n\">02<\/div>\n<h3>Laureles<\/h3>\n<div class=\"va-medellin-card-txt\">Ambiance plus locale et authentique, caf\u00e9s de quartier et espaces de vie partag\u00e9e.<\/div>\n<div class=\"va-medellin-card-tip\">\u2192 Plus familial<\/div>\n<\/div>\n<div class=\"va-medellin-card\">\n<div class=\"va-medellin-card-n\">03<\/div>\n<h3>Espaces verts<\/h3>\n<div class=\"va-medellin-card-txt\">Acc\u00e8s rapide \u00e0 la nature et nombreux parcs d\u00e9di\u00e9s au sport au c\u0153ur de la ville.<\/div>\n<div class=\"va-medellin-card-tip\">\u2192 Respirer en ville<\/div>\n<\/div>\n<div class=\"va-medellin-card\">\n<div class=\"va-medellin-card-n\">04<\/div>\n<h3>T\u00e9l\u00e9ph\u00e9rique<\/h3>\n<div class=\"va-medellin-card-txt\">Le d\u00e9ploiement du t\u00e9l\u00e9ph\u00e9rique facilite l&rsquo;acc\u00e8s \u00e0 de nouveaux quartiers urbains et naturels.<\/div>\n<div class=\"va-medellin-card-tip\">\u2192 Mobilit\u00e9 \u00e9tendue<\/div>\n<\/div>\n<\/div>\n<div class=\"va-medellin-quote\">\n<div class=\"va-medellin-quote-m\">\u00ab<\/div>\n<div class=\"va-medellin-quote-b\">Je n&rsquo;aurais pas pu imaginer une ville combinant aussi bien modernit\u00e9 et traditions. Ici, tout invite \u00e0 la productivit\u00e9\u2026 et \u00e0 la d\u00e9couverte !<\/div>\n<div class=\"va-medellin-quote-c\">\u2014 Camilo, d\u00e9veloppeur freelance \u00e0 Laureles<\/div>\n<\/div>\n<h2>Premiers pas \u00e0 Medell\u00edn : D\u00e9marches et Installation<\/h2>\n<p>Pour les <strong>digital nomads colombiens<\/strong>, s&rsquo;installer \u00e0 Medell\u00edn requiert certaines d\u00e9marches, diff\u00e9rentes de celles des expatri\u00e9s. La majorit\u00e9 des travailleurs locaux n&rsquo;a pas besoin de visa sp\u00e9cifique, mais ceux ayant une activit\u00e9 internationale peuvent s&rsquo;orienter vers le <strong>visa nomade digital<\/strong> colombien, r\u00e9cemment mis en place. Ce visa facilite l&rsquo;acc\u00e8s aux espaces de <strong>coworking \u00e0 Medell\u00edn<\/strong> et rassure les entreprises \u00e9trang\u00e8res.<\/p>\n<div class=\"va-medellin-grid\">\n<div class=\"va-medellin-card\">\n<div class=\"va-medellin-card-n\">01<\/div>\n<h3>R\u00e9sidents nationaux<\/h3>\n<div class=\"va-medellin-card-txt\">Proc\u00e9dures administratives simplifi\u00e9es pour les travailleurs colombiens d\u00e9j\u00e0 sur le territoire.<\/div>\n<\/div>\n<div class=\"va-medellin-card\">\n<div class=\"va-medellin-card-n\">02<\/div>\n<h3>Compte bancaire<\/h3>\n<div class=\"va-medellin-card-txt\">Ouverture facilit\u00e9e pour les Colombiens, avec acc\u00e8s direct \u00e0 la s\u00e9curit\u00e9 sociale locale.<\/div>\n<\/div>\n<div class=\"va-medellin-card\">\n<div class=\"va-medellin-card-n\">03<\/div>\n<h3>Visa digital nomad<\/h3>\n<div class=\"va-medellin-card-txt\">Permet de travailler pour des employeurs \u00e9trangers tout en restant r\u00e9sident colombien, mais impose certains plafonds de revenus.<\/div>\n<\/div>\n<\/div>\n<div class=\"va-medellin-quote\">\n<div class=\"va-medellin-quote-m\">\u00ab<\/div>\n<div class=\"va-medellin-quote-b\">Les d\u00e9marches sont rapides pour ceux qui connaissent d\u00e9j\u00e0 la l\u00e9gislation. Je conseille de bien s&rsquo;informer sur les limites du visa digital nomad.<\/div>\n<div class=\"va-medellin-quote-c\">\u2014 Ana, graphiste, r\u00e9gion de Bucaramanga<\/div>\n<\/div>\n<h2>Un Cadre de Vie Id\u00e9al pour les Travailleurs Distants<\/h2>\n<p>En mati\u00e8re de <strong>qualit\u00e9 de vie<\/strong>, Medell\u00edn se distingue par ses nombreux espaces de vie partag\u00e9e. Caf\u00e9s, salons de th\u00e9, et surtout <strong>coworking \u00e0 Medell\u00edn<\/strong> fleurissent dans tous les quartiers attractifs. Ces lieux favorisent la concentration et les \u00e9changes entre travailleurs distants.<\/p>\n<h3>O\u00f9 s&rsquo;installer pour travailler<\/h3>\n<div class=\"va-medellin-grid\">\n<div class=\"va-medellin-card\">\n<div class=\"va-medellin-card-n\">01<\/div>\n<h3>Caf\u00e9s coworking<\/h3>\n<div class=\"va-medellin-card-txt\">Un large choix comme Pergamino, Caf\u00e9 Velvet ou Caf\u00e9 Revoluci\u00f3n, propices au travail.<\/div>\n<\/div>\n<div class=\"va-medellin-card\">\n<div class=\"va-medellin-card-n\">02<\/div>\n<h3>Espaces \u00e9quip\u00e9s<\/h3>\n<div class=\"va-medellin-card-txt\">Wifi rapide, salles de r\u00e9union et \u00e9v\u00e8nements communautaires r\u00e9guliers.<\/div>\n<\/div>\n<div class=\"va-medellin-card\">\n<div class=\"va-medellin-card-n\">03<\/div>\n<h3>Communaut\u00e9 mixte<\/h3>\n<div class=\"va-medellin-card-txt\">Int\u00e9gration rapide via la communaut\u00e9 d&rsquo;expatri\u00e9s mais aussi des r\u00e9seaux 100% colombiens.<\/div>\n<\/div>\n<\/div>\n<p>La sc\u00e8ne sociale est port\u00e9e par une <strong>culture colombienne<\/strong> tr\u00e8s ouverte : <em>\u00ab\u00a0C&rsquo;est facile de nouer des contacts ici, on ne se sent jamais isol\u00e9\u00a0\u00bb<\/em>, assure Juan, UX designer originaire de Cali. Le co\u00fbt de la vie reste un atout essentiel, particuli\u00e8rement pour les travailleurs locaux :<\/p>\n<div class=\"va-medellin-tablewrap\">\n<table class=\"va-medellin-table\">\n<thead>\n<tr>\n<th>D\u00e9pense mensuelle<\/th>\n<th>\u00c0 Medell\u00edn (2025)<\/th>\n<th>\u00c0 Paris (2025)<\/th>\n<\/tr>\n<\/thead>\n<tbody>\n<tr>\n<td>Loyer T2 centre-ville<\/td>\n<td>776 \u20ac<\/td>\n<td>1 362 \u20ac<\/td>\n<\/tr>\n<tr>\n<td>Repas au restaurant<\/td>\n<td>5,6 \u20ac<\/td>\n<td>15 \u20ac<\/td>\n<\/tr>\n<tr>\n<td>Essence (1L)<\/td>\n<td>0,90 \u20ac<\/td>\n<td>1,89 \u20ac<\/td>\n<\/tr>\n<tr>\n<td>Abonnement transport<\/td>\n<td>32 \u20ac<\/td>\n<td>84 \u20ac<\/td>\n<\/tr>\n<\/tbody>\n<\/table>\n<\/div>\n<div class=\"va-medellin-src\">Source : Numbeo, Combien-coute.net, 2025<\/div>\n<p>R\u00e9sultat : le co\u00fbt de la vie \u00e0 Medell\u00edn est <strong>37% moins \u00e9lev\u00e9<\/strong> qu&rsquo;en France et <strong>49% moins cher<\/strong> que dans la plupart des m\u00e9tropoles europ\u00e9ennes.<\/p>\n<h2>Le Quotidien d&rsquo;un Digital Nomad Colombien \u00e0 Medell\u00edn<\/h2>\n<p>Le <strong>quotidien<\/strong> des digital nomads colombiens \u00e0 Medell\u00edn varie selon leur quartier de r\u00e9sidence, leur profession et leur origine r\u00e9gionale. Certains privil\u00e9gient <strong>Laureles<\/strong>, quartier authentique et familial, tandis que d&rsquo;autres optent pour El Poblado et son ambiance cosmopolite. L&rsquo;acc\u00e8s \u00e0 la nature constitue un point fort : balades en montagne, weekends \u00e0 Guatap\u00e9, ou activit\u00e9s sportives dans les multiples parcs de la ville.<\/p>\n<div class=\"va-medellin-carnet\">\n<div class=\"va-medellin-carnet-i\">\n<div class=\"va-medellin-carnet-l\">Transports<\/div>\n<div class=\"va-medellin-carnet-v\">M\u00e9tro, bus, t\u00e9l\u00e9ph\u00e9rique fiables<\/div>\n<\/div>\n<div class=\"va-medellin-carnet-i\">\n<div class=\"va-medellin-carnet-l\">S\u00e9curit\u00e9<\/div>\n<div class=\"va-medellin-carnet-v\">En nette am\u00e9lioration, variable selon les zones<\/div>\n<\/div>\n<div class=\"va-medellin-carnet-i\">\n<div class=\"va-medellin-carnet-l\">Nourriture<\/div>\n<div class=\"va-medellin-carnet-v\">Locale, vari\u00e9e, abordable et qualitative<\/div>\n<\/div>\n<div class=\"va-medellin-carnet-i\">\n<div class=\"va-medellin-carnet-l\">Vie culturelle<\/div>\n<div class=\"va-medellin-carnet-v\">Festivals, concerts, mus\u00e9es<\/div>\n<\/div>\n<\/div>\n<p><em>\u00ab\u00a0Le rythme de vie est plus d\u00e9tendu qu&rsquo;\u00e0 Bogot\u00e1. On travaille s\u00e9rieusement, mais on trouve toujours le temps de sortir et de profiter de la ville\u00a0\u00bb<\/em>, confie Luisa, community manager de Medell\u00edn. Toutefois, certains \u00e9voquent les d\u00e9fis de la <strong>gentrification \u00e0 Medell\u00edn<\/strong> et la pression immobili\u00e8re croissante sur les loyers.<\/p>\n<h2>Travailler \u00e0 Distance \u00e0 Medell\u00edn : Espaces, R\u00e9seaux et Opportunit\u00e9s<\/h2>\n<p>Medell\u00edn est reconnue pour la qualit\u00e9 de ses <strong>bureaux de t\u00e9l\u00e9travail<\/strong>, ses <strong>espaces de coworking<\/strong> vari\u00e9s et son \u00e9cosyst\u00e8me entrepreneur local en pleine expansion. Que ce soit dans les quartiers d&rsquo;expats ou les zones plus locales, il existe des lieux adapt\u00e9s \u00e0 chaque profil professionnel :<\/p>\n<div class=\"va-medellin-grid\">\n<div class=\"va-medellin-card\">\n<div class=\"va-medellin-card-n\">01<\/div>\n<h3>Coworkings populaires<\/h3>\n<div class=\"va-medellin-card-txt\">Selina, Atomhouse, WeWork ou Circular Coworking comptent parmi les adresses pris\u00e9es des digital nomads colombiens.<\/div>\n<\/div>\n<div class=\"va-medellin-card\">\n<div class=\"va-medellin-card-n\">02<\/div>\n<h3>Caf\u00e9s \u00e9quip\u00e9s<\/h3>\n<div class=\"va-medellin-card-txt\">De nombreux caf\u00e9s coworking \u00e0 Medell\u00edn offrent prises \u00e9lectriques et Wifi rapide.<\/div>\n<\/div>\n<div class=\"va-medellin-card\">\n<div class=\"va-medellin-card-n\">03<\/div>\n<h3>Communaut\u00e9s en ligne<\/h3>\n<div class=\"va-medellin-card-txt\">Groupes actifs sur WhatsApp, Telegram et Facebook pour le networking.<\/div>\n<\/div>\n<div class=\"va-medellin-card\">\n<div class=\"va-medellin-card-n\">04<\/div>\n<h3>\u00c9v\u00e9nements pro<\/h3>\n<div class=\"va-medellin-card-txt\">Rencontres professionnelles et ateliers organis\u00e9s r\u00e9guli\u00e8rement.<\/div>\n<\/div>\n<\/div>\n<p><em>\u00ab\u00a0Le partage d&rsquo;exp\u00e9riences entre locaux et expats est un vrai plus. On s&rsquo;entraide, que ce soit pour trouver un client, un logement ou un m\u00e9decin anglophone\u00a0\u00bb<\/em>, t\u00e9moigne Daniel, freelance en marketing digital. Pour ceux qui souhaitent approfondir leur installation \u00e0 Medell\u00edn et acc\u00e9der \u00e0 des ressources d\u00e9di\u00e9es, le site <a href=\"https:\/\/digitalnomadfam.fr\/\" target=\"_blank\" rel=\"noopener\">Digital Nomad Fam<\/a> propose conseils, guides et retours d&rsquo;exp\u00e9rience de digital nomads ayant v\u00e9cu ou travaillant sur place.<\/p>\n<h2>Int\u00e9gration et Vie Sociale : Entre Colombiens, Expats et Digital Nomads<\/h2>\n<p>La <strong>communaut\u00e9 d&rsquo;expatri\u00e9s<\/strong> et de digital nomads \u00e0 Medell\u00edn est en pleine croissance, favorisant la cohabitation entre profils internationaux et locaux. L&rsquo;int\u00e9gration passe souvent par des activit\u00e9s partag\u00e9es : \u00e9v\u00e9nements culturels, afterworks, ateliers de langue et projets entrepreneuriaux.<\/p>\n<div class=\"va-medellin-grid\">\n<div class=\"va-medellin-card\">\n<div class=\"va-medellin-card-n\">01<\/div>\n<h3>Lieux de rencontre<\/h3>\n<div class=\"va-medellin-card-txt\">Rencontres r\u00e9guli\u00e8res entre digital nomads colombiens et expatri\u00e9s dans des lieux phares comme Selina ou Coffice.<\/div>\n<\/div>\n<div class=\"va-medellin-card\">\n<div class=\"va-medellin-card-n\">02<\/div>\n<h3>\u00c9v\u00e9nements sp\u00e9ciaux<\/h3>\n<div class=\"va-medellin-card-txt\">Festivals en Colombie, soir\u00e9es networking et journ\u00e9es sportives rythment l&rsquo;ann\u00e9e.<\/div>\n<\/div>\n<div class=\"va-medellin-card\">\n<div class=\"va-medellin-card-n\">03<\/div>\n<h3>Gastronomie locale<\/h3>\n<div class=\"va-medellin-card-txt\">De nombreux caf\u00e9s et restaurants mettent en avant la culture colombienne et la cuisine du pays.<\/div>\n<\/div>\n<\/div>\n<p><em>\u00ab\u00a0\u00c0 Medell\u00edn, il est facile de rencontrer du monde. La barri\u00e8re de la langue est moindre pour les Colombiens, mais l&rsquo;accueil reste tr\u00e8s chaleureux m\u00eame pour ceux venus de plus loin\u00a0\u00bb<\/em>, note Santiago, UX designer originaire de la c\u00f4te cara\u00efbe. Certains soulignent n\u00e9anmoins la n\u00e9cessit\u00e9, pour la communaut\u00e9 locale, de pr\u00e9server l&rsquo;authenticit\u00e9 des quartiers face \u00e0 la pression touristique.<\/p>\n<h2>Avantages et D\u00e9fis Rencontr\u00e9s par les Digital Nomads Colombiens<\/h2>\n<p>Les <strong>avantages<\/strong> \u00e0 vivre \u00e0 Medell\u00edn sont nombreux : co\u00fbt de la vie faible, richesse de l&rsquo;offre de coworking, vie culturelle intense, accueil des Colombiens, diversit\u00e9 des opportunit\u00e9s professionnelles. Les d\u00e9fis majeurs identifi\u00e9s rel\u00e8vent principalement des questions de gentrification, d&rsquo;acc\u00e8s au logement dans certains quartiers pris\u00e9s, ou de stabilit\u00e9 de la connexion internet selon la zone.<\/p>\n<div class=\"va-medellin-cols\">\n<div class=\"va-medellin-col va-medellin-col-up\">\n<h3>\u2713 Avantages<\/h3>\n<ul>\n<li><span>\u2713<\/span><span>Co\u00fbt de la vie comp\u00e9titif<\/span><\/li>\n<li><span>\u2713<\/span><span>Acc\u00e8s rapide \u00e0 des espaces de coworking<\/span><\/li>\n<li><span>\u2713<\/span><span>Communaut\u00e9 locale et internationale tr\u00e8s active<\/span><\/li>\n<li><span>\u2713<\/span><span>Climat agr\u00e9able toute l&rsquo;ann\u00e9e<\/span><\/li>\n<li><span>\u2713<\/span><span>Acc\u00e8s aux loisirs et \u00e0 la nature<\/span><\/li>\n<\/ul><\/div>\n<div class=\"va-medellin-col va-medellin-col-down\">\n<h3>\u2715 D\u00e9fis<\/h3>\n<ul>\n<li><span>\u2715<\/span><span>Gentrification et hausse des loyers<\/span><\/li>\n<li><span>\u2715<\/span><span>Qualit\u00e9 du wifi variable d&rsquo;un quartier \u00e0 l&rsquo;autre<\/span><\/li>\n<li><span>\u2715<\/span><span>Pression touristique sur certains espaces de vie<\/span><\/li>\n<li><span>\u2715<\/span><span>S\u00e9curit\u00e9 encore perfectible dans certaines zones p\u00e9riph\u00e9riques<\/span><\/li>\n<li><span>\u2715<\/span><span>\u00c9quilibre \u00e0 trouver entre vie pro et vie perso<\/span><\/li>\n<\/ul><\/div>\n<\/div>\n<p><em>\u00ab\u00a0La vie est plus simple ici, mais il faut rester vigilant sur le choix du quartier et sur l&rsquo;\u00e9volution du march\u00e9 immobilier\u00a0\u00bb<\/em>, r\u00e9sume Mateo, consultant originaire du Santander.<\/p>\n<h2>Conseils Pratiques pour R\u00e9ussir Son Installation<\/h2>\n<p>Pour r\u00e9ussir votre installation et votre <strong>t\u00e9l\u00e9travail \u00e0 Medell\u00edn<\/strong>, l&rsquo;organisation est cl\u00e9. Nous recommandons de :<\/p>\n<div class=\"va-medellin-grid\">\n<div class=\"va-medellin-card\">\n<div class=\"va-medellin-card-n\">01<\/div>\n<h3>R\u00e9seauter en amont<\/h3>\n<div class=\"va-medellin-card-txt\">Prendre contact avec des groupes de digital nomads colombiens (WhatsApp, Telegram, forums sp\u00e9cialis\u00e9s) avant d&rsquo;arriver.<\/div>\n<\/div>\n<div class=\"va-medellin-card\">\n<div class=\"va-medellin-card-n\">02<\/div>\n<h3>Tester les quartiers<\/h3>\n<div class=\"va-medellin-card-txt\">Essayer diff\u00e9rents quartiers avant de signer un bail long terme.<\/div>\n<\/div>\n<div class=\"va-medellin-card\">\n<div class=\"va-medellin-card-n\">03<\/div>\n<h3>Bien se situer<\/h3>\n<div class=\"va-medellin-card-txt\">Privil\u00e9gier les logements proches des transports et des espaces de coworking.<\/div>\n<\/div>\n<div class=\"va-medellin-card\">\n<div class=\"va-medellin-card-n\">04<\/div>\n<h3>Backup internet<\/h3>\n<div class=\"va-medellin-card-txt\">Pr\u00e9voir une solution de secours (cl\u00e9 4G, coworking avec fibre optique) pour la connexion.<\/div>\n<\/div>\n<div class=\"va-medellin-card\">\n<div class=\"va-medellin-card-n\">05<\/div>\n<h3>Budget admin<\/h3>\n<div class=\"va-medellin-card-txt\">Anticiper d\u00e9marches, assurances et ouvertures de comptes dans votre budget.<\/div>\n<\/div>\n<div class=\"va-medellin-card\">\n<div class=\"va-medellin-card-n\">06<\/div>\n<h3>S&rsquo;int\u00e9grer vite<\/h3>\n<div class=\"va-medellin-card-txt\">Participer aux \u00e9v\u00e9nements locaux et s&rsquo;appuyer sur les ressources d\u00e9di\u00e9es comme <a href=\"https:\/\/digitalnomadfam.fr\/\" target=\"_blank\" rel=\"noopener\">Digital Nomad Fam<\/a>.<\/div>\n<\/div>\n<\/div>\n<p><em>\u00ab\u00a0Je recommande de venir quelques semaines en rep\u00e9rage, de rencontrer la communaut\u00e9 et de ne pas h\u00e9siter \u00e0 demander conseil : l&rsquo;entraide est omnipr\u00e9sente\u00a0\u00bb<\/em>, partage Paola, entrepreneure digitale de Medell\u00edn.<\/p>\n<h2>Conclusion<\/h2>\n<p><strong>Vivre \u00e0 Medell\u00edn<\/strong> offre une exp\u00e9rience incomparable pour les <strong>digital nomads colombiens<\/strong> : modernit\u00e9, convivialit\u00e9 et rapports humains authentiques sont au rendez-vous. Si la ville s\u00e9duit par son climat, sa richesse culturelle et sa sc\u00e8ne entrepreneuriale dynamique, elle n&rsquo;est pas exempte de d\u00e9fis \u2014 notamment la gentrification et la tension sur le logement dans les quartiers branch\u00e9s. Nous recommandons \u00e0 chacun d&rsquo;\u00e9tudier en d\u00e9tail le contexte local, de s&rsquo;appuyer sur la <strong>communaut\u00e9 de digital nomads<\/strong> active, et de choisir son quartier en fonction de son style de vie. Pour aller plus loin et pr\u00e9parer sereinement votre installation, de nombreuses ressources comme <a href=\"https:\/\/digitalnomadfam.fr\/\" target=\"_blank\" rel=\"noopener\">Digital Nomad Fam<\/a> permettent d&rsquo;acc\u00e9der \u00e0 des conseils actualis\u00e9s et \u00e0 des retours d&rsquo;exp\u00e9rience de qualit\u00e9.<\/p>\n<p>En r\u00e9sum\u00e9, Medell\u00edn s&rsquo;impose aujourd&rsquo;hui comme une ville de r\u00e9f\u00e9rence pour les digital nomads colombiens : un \u00e9cosyst\u00e8me en pleine croissance, une qualit\u00e9 de vie remarquable et une v\u00e9ritable ouverture sur le monde digital, dans le respect de ses racines.<\/p>\n<div class=\"va-medellin-retenir\">\n<div class=\"va-medellin-retenir-t\">\u00c0 retenir<\/div>\n<div class=\"va-medellin-retenir-g\">\n<div class=\"va-medellin-retenir-i\"><span>1<\/span><\/p>\n<div>Climat doux toute l&rsquo;ann\u00e9e (\u224822\u00b0C) et co\u00fbt de la vie mod\u00e9r\u00e9 : les deux atouts qui font de Medell\u00edn une base de t\u00e9l\u00e9travail.<\/div>\n<\/div>\n<div class=\"va-medellin-retenir-i\"><span>2<\/span><\/p>\n<div>El Poblado pour le confort cosmopolite, Laureles pour l&rsquo;ambiance locale : le quartier conditionne l&rsquo;exp\u00e9rience.<\/div>\n<\/div>\n<div class=\"va-medellin-retenir-i\"><span>3<\/span><\/p>\n<div>Coworkings, caf\u00e9s \u00e9quip\u00e9s et communaut\u00e9s en ligne facilitent l&rsquo;int\u00e9gration des travailleurs itin\u00e9rants.<\/div>\n<\/div>\n<div class=\"va-medellin-retenir-i\"><span>4<\/span><\/p>\n<div>Gentrification, wifi in\u00e9gal et s\u00e9curit\u00e9 variable selon les zones : \u00e0 anticiper avant de s&rsquo;installer.<\/div>\n<\/div>\n<div class=\"va-medellin-retenir-i\"><span>5<\/span><\/p>\n<div>Venir en rep\u00e9rage, tester plusieurs quartiers et s&rsquo;appuyer sur la communaut\u00e9 avant tout bail long terme.<\/div>\n<\/div><\/div>\n<\/div>\n<div class=\"va-medellin-faq\">\n<h2>Questions fr\u00e9quentes<\/h2>\n<div class=\"va-medellin-faq-list\">\n<details>\n<summary><span style=\"font-family:inherit\">Pourquoi vivre en Colombie, et \u00e0 Medell\u00edn en particulier ?<\/span><span>+<\/span><\/summary>\n<div class=\"va-medellin-faq-a\">Medell\u00edn combine un climat doux toute l&rsquo;ann\u00e9e (autour de 22\u00b0C), un co\u00fbt de la vie plus mod\u00e9r\u00e9 qu&rsquo;en Europe, une infrastructure moderne et une vie culturelle riche. Pour les travailleurs itin\u00e9rants et digital nomads, c&rsquo;est surtout la qualit\u00e9 de vie et la dynamique communautaire de coworking qui attirent \u2014 locaux comme expatri\u00e9s.<\/div>\n<\/details>\n<details>\n<summary><span style=\"font-family:inherit\">Medell\u00edn est-elle s\u00fbre pour s&rsquo;y installer ?<\/span><span>+<\/span><\/summary>\n<div class=\"va-medellin-faq-a\">La s\u00e9curit\u00e9 s&rsquo;est nettement am\u00e9lior\u00e9e, et les quartiers pris\u00e9s des digital nomads comme El Poblado sont parmi les plus s\u00fbrs. Elle reste toutefois variable selon les zones, certains secteurs p\u00e9riph\u00e9riques demeurant plus sensibles. Le niveau de risque \u00e9volue dans le temps : avant un s\u00e9jour longue dur\u00e9e, v\u00e9rifiez les recommandations officielles \u00e0 jour (minist\u00e8re des Affaires \u00e9trang\u00e8res de votre pays, sources locales).<\/div>\n<\/details>\n<details>\n<summary><span style=\"font-family:inherit\">Quels quartiers choisir pour t\u00e9l\u00e9travailler \u00e0 Medell\u00edn ?<\/span><span>+<\/span><\/summary>\n<div class=\"va-medellin-faq-a\">El Poblado est appr\u00e9ci\u00e9 pour son confort, sa s\u00e9curit\u00e9 et sa vie nocturne cosmopolite ; Laureles offre une ambiance plus locale et familiale, avec ses caf\u00e9s de quartier. Le mieux reste de tester plusieurs quartiers quelques semaines avant de signer un bail long terme.<\/div>\n<\/details>\n<details>\n<summary><span style=\"font-family:inherit\">Faut-il un visa pour travailler \u00e0 distance depuis Medell\u00edn ?<\/span><span>+<\/span><\/summary>\n<div class=\"va-medellin-faq-a\">La plupart des travailleurs colombiens n&rsquo;ont pas besoin de visa sp\u00e9cifique. Pour une activit\u00e9 internationale, la Colombie a mis en place un visa nomade digital qui permet de travailler pour des employeurs \u00e9trangers tout en restant r\u00e9sident, sous certaines conditions de revenus. Les r\u00e8gles \u00e9voluant r\u00e9guli\u00e8rement, v\u00e9rifiez les modalit\u00e9s exactes aupr\u00e8s des autorit\u00e9s colombiennes avant tout projet.<\/div>\n<\/details>\n<details>\n<summary><span style=\"font-family:inherit\">O\u00f9 trouver un coworking ou un caf\u00e9 pour travailler ?<\/span><span>+<\/span><\/summary>\n<div class=\"va-medellin-faq-a\">Les coworkings comme Selina, Atomhouse, WeWork ou Circular Coworking sont populaires, tout comme les caf\u00e9s coworking \u00e9quip\u00e9s (Pergamino, Caf\u00e9 Velvet, Caf\u00e9 Revoluci\u00f3n). Les communaut\u00e9s WhatsApp, Telegram et Facebook locales aident aussi \u00e0 d\u00e9nicher les bonnes adresses et les \u00e9v\u00e9nements de networking.<\/div>\n<\/details><\/div>\n<\/div>\n<div class=\"va-medellin-disc\">Cet article est informatif et refl\u00e8te des t\u00e9moignages et donn\u00e9es de 2025. Les conditions de s\u00e9curit\u00e9, de visa et de co\u00fbt de la vie peuvent \u00e9voluer : avant un s\u00e9jour longue dur\u00e9e, v\u00e9rifiez toujours les informations aupr\u00e8s des sources officielles (autorit\u00e9s colombiennes, minist\u00e8re des Affaires \u00e9trang\u00e8res).<\/div>\n<\/div>\n","protected":false},"excerpt":{"rendered":"","protected":false},"author":34,"featured_media":21122,"comment_status":"open","ping_status":"open","sticky":false,"template":"","format":"standard","meta":{"_acf_changed":false,"manual_indexmenow":false,"indexmenow_id_project":0,"footnotes":""},"categories":[1],"tags":[],"class_list":["post-20937","post","type-post","status-publish","format-standard","has-post-thumbnail","hentry","category-a-la-une","generate-columns","tablet-grid-50","mobile-grid-100","grid-parent","grid-25"],"acf":[],"yoast_head":"<!-- This site is optimized with the Yoast SEO Premium plugin v21.3 (Yoast SEO v25.1) - https:\/\/yoast.com\/wordpress\/plugins\/seo\/ -->\n<title>La Vie \u00e0 Medell\u00edn : Exp\u00e9riences de Travailleurs Itin\u00e9rants<\/title>\n<meta name=\"description\" content=\"Depuis quelques ann\u00e9es, cette m\u00e9tropole dynamique s&#039;est impos\u00e9e comme un point de ralliement pour celles et ceux qui misent sur le t\u00e9l\u00e9travail en\" \/>\n<meta name=\"robots\" content=\"index, follow, max-snippet:-1, max-image-preview:large, max-video-preview:-1\" \/>\n<link rel=\"canonical\" href=\"https:\/\/voyage-aventure.com\/blog\/a-la-une\/la-vie-a-medellin-experiences-de-travailleurs-itinerants\/\" \/>\n<meta property=\"og:locale\" content=\"fr_FR\" \/>\n<meta property=\"og:type\" content=\"article\" \/>\n<meta property=\"og:title\" content=\"La Vie \u00e0 Medell\u00edn : Exp\u00e9riences de Travailleurs Itin\u00e9rants\" \/>\n<meta property=\"og:description\" content=\"Depuis quelques ann\u00e9es, cette m\u00e9tropole dynamique s&#039;est impos\u00e9e comme un point de ralliement pour celles et ceux qui misent sur le t\u00e9l\u00e9travail en\" \/>\n<meta property=\"og:url\" content=\"https:\/\/voyage-aventure.com\/blog\/a-la-une\/la-vie-a-medellin-experiences-de-travailleurs-itinerants\/\" \/>\n<meta property=\"og:site_name\" content=\"voyage-aventure\" \/>\n<meta property=\"og:image\" content=\"https:\/\/voyage-aventure.com\/blog\/wp-content\/uploads\/2025\/07\/sdxl-1376fe6eaf82e28ff49d17b919df3efc-scaled.png\" \/>\n\t<meta property=\"og:image:width\" content=\"1200\" \/>\n\t<meta property=\"og:image:height\" content=\"500\" \/>\n\t<meta property=\"og:image:type\" content=\"image\/png\" \/>\n<meta name=\"author\" content=\"Camille Rouvray\" \/>\n<meta name=\"twitter:card\" content=\"summary_large_image\" \/>\n<script type=\"application\/ld+json\" class=\"yoast-schema-graph\">{\"@context\":\"https:\/\/schema.org\",\"@graph\":[{\"@type\":\"NewsArticle\",\"@id\":\"https:\/\/voyage-aventure.com\/blog\/a-la-une\/la-vie-a-medellin-experiences-de-travailleurs-itinerants\/#article\",\"isPartOf\":{\"@id\":\"https:\/\/voyage-aventure.com\/blog\/a-la-une\/la-vie-a-medellin-experiences-de-travailleurs-itinerants\/\"},\"author\":{\"name\":\"Camille Rouvray\",\"@id\":\"https:\/\/voyage-aventure.com\/blog\/#\/schema\/person\/3c864cdc320801e3db34b663e7e3f816\"},\"headline\":\"La Vie \u00e0 Medell\u00edn : Exp\u00e9riences de Travailleurs Itin\u00e9rants\",\"datePublished\":\"2026-06-16T16:21:32+00:00\",\"mainEntityOfPage\":{\"@id\":\"https:\/\/voyage-aventure.com\/blog\/a-la-une\/la-vie-a-medellin-experiences-de-travailleurs-itinerants\/\"},\"wordCount\":2404,\"commentCount\":0,\"publisher\":{\"@id\":\"https:\/\/voyage-aventure.com\/blog\/#organization\"},\"image\":{\"@id\":\"https:\/\/voyage-aventure.com\/blog\/a-la-une\/la-vie-a-medellin-experiences-de-travailleurs-itinerants\/#primaryimage\"},\"thumbnailUrl\":\"https:\/\/voyage-aventure.com\/blog\/wp-content\/uploads\/2025\/07\/sdxl-1376fe6eaf82e28ff49d17b919df3efc-scaled.png\",\"articleSection\":[\"\u00c0 la une\"],\"inLanguage\":\"fr-FR\",\"potentialAction\":[{\"@type\":\"CommentAction\",\"name\":\"Comment\",\"target\":[\"https:\/\/voyage-aventure.com\/blog\/a-la-une\/la-vie-a-medellin-experiences-de-travailleurs-itinerants\/#respond\"]}]},{\"@type\":\"WebPage\",\"@id\":\"https:\/\/voyage-aventure.com\/blog\/a-la-une\/la-vie-a-medellin-experiences-de-travailleurs-itinerants\/\",\"url\":\"https:\/\/voyage-aventure.com\/blog\/a-la-une\/la-vie-a-medellin-experiences-de-travailleurs-itinerants\/\",\"name\":\"La Vie \u00e0 Medell\u00edn : Exp\u00e9riences de Travailleurs Itin\u00e9rants\",\"isPartOf\":{\"@id\":\"https:\/\/voyage-aventure.com\/blog\/#website\"},\"primaryImageOfPage\":{\"@id\":\"https:\/\/voyage-aventure.com\/blog\/a-la-une\/la-vie-a-medellin-experiences-de-travailleurs-itinerants\/#primaryimage\"},\"image\":{\"@id\":\"https:\/\/voyage-aventure.com\/blog\/a-la-une\/la-vie-a-medellin-experiences-de-travailleurs-itinerants\/#primaryimage\"},\"thumbnailUrl\":\"https:\/\/voyage-aventure.com\/blog\/wp-content\/uploads\/2025\/07\/sdxl-1376fe6eaf82e28ff49d17b919df3efc-scaled.png\",\"datePublished\":\"2026-06-16T16:21:32+00:00\",\"description\":\"Depuis quelques ann\u00e9es, cette m\u00e9tropole dynamique s'est impos\u00e9e comme un point de ralliement pour celles et ceux qui misent sur le t\u00e9l\u00e9travail en\",\"inLanguage\":\"fr-FR\",\"potentialAction\":[{\"@type\":\"ReadAction\",\"target\":[\"https:\/\/voyage-aventure.com\/blog\/a-la-une\/la-vie-a-medellin-experiences-de-travailleurs-itinerants\/\"]}]},{\"@type\":\"ImageObject\",\"inLanguage\":\"fr-FR\",\"@id\":\"https:\/\/voyage-aventure.com\/blog\/a-la-une\/la-vie-a-medellin-experiences-de-travailleurs-itinerants\/#primaryimage\",\"url\":\"https:\/\/voyage-aventure.com\/blog\/wp-content\/uploads\/2025\/07\/sdxl-1376fe6eaf82e28ff49d17b919df3efc-scaled.png\",\"contentUrl\":\"https:\/\/voyage-aventure.com\/blog\/wp-content\/uploads\/2025\/07\/sdxl-1376fe6eaf82e28ff49d17b919df3efc-scaled.png\",\"width\":1200,\"height\":500},{\"@type\":\"WebSite\",\"@id\":\"https:\/\/voyage-aventure.com\/blog\/#website\",\"url\":\"https:\/\/voyage-aventure.com\/blog\/\",\"name\":\"voyage-aventure.com\",\"description\":\"Votre passeport pour l\u2019inattendu.\",\"publisher\":{\"@id\":\"https:\/\/voyage-aventure.com\/blog\/#organization\"},\"alternateName\":\"Votre passeport pour l\u2019inattendu.\",\"potentialAction\":[{\"@type\":\"SearchAction\",\"target\":{\"@type\":\"EntryPoint\",\"urlTemplate\":\"https:\/\/voyage-aventure.com\/blog\/?s={search_term_string}\"},\"query-input\":{\"@type\":\"PropertyValueSpecification\",\"valueRequired\":true,\"valueName\":\"search_term_string\"}}],\"inLanguage\":\"fr-FR\"},{\"@type\":\"Organization\",\"@id\":\"https:\/\/voyage-aventure.com\/blog\/#organization\",\"name\":\"Foretsensations.fr\",\"url\":\"https:\/\/voyage-aventure.com\/blog\/\",\"logo\":{\"@type\":\"ImageObject\",\"inLanguage\":\"fr-FR\",\"@id\":\"https:\/\/voyage-aventure.com\/blog\/#\/schema\/logo\/image\/\",\"url\":\"https:\/\/voyage-aventure.com\/blog\/wp-content\/uploads\/2024\/12\/19.png\",\"contentUrl\":\"https:\/\/voyage-aventure.com\/blog\/wp-content\/uploads\/2024\/12\/19.png\",\"width\":512,\"height\":512,\"caption\":\"Foretsensations.fr\"},\"image\":{\"@id\":\"https:\/\/voyage-aventure.com\/blog\/#\/schema\/logo\/image\/\"}},{\"@type\":\"Person\",\"@id\":\"https:\/\/voyage-aventure.com\/blog\/#\/schema\/person\/3c864cdc320801e3db34b663e7e3f816\",\"name\":\"Camille Rouvray\",\"image\":{\"@type\":\"ImageObject\",\"inLanguage\":\"fr-FR\",\"@id\":\"https:\/\/voyage-aventure.com\/blog\/#\/schema\/person\/image\/\",\"url\":\"https:\/\/voyage-aventure.com\/blog\/wp-content\/uploads\/2026\/06\/persona_camille-r-96x96.jpg\",\"contentUrl\":\"https:\/\/voyage-aventure.com\/blog\/wp-content\/uploads\/2026\/06\/persona_camille-r-96x96.jpg\",\"caption\":\"Camille Rouvray\"},\"description\":\"Je voyage et j'\u00e9cris sur le voyage depuis une douzaine d'ann\u00e9es, d'abord en tant que routarde au long cours, puis comme r\u00e9dactrice sp\u00e9cialis\u00e9e. Mon terrain de pr\u00e9dilection, ce sont les circuits organis\u00e9s et l'art de bien pr\u00e9parer un itin\u00e9raire : choix de la saison, dur\u00e9e r\u00e9aliste des \u00e9tapes, budget jour par jour, logement et transport sur place. J'aime aussi raconter les p\u00e9pites urbaines, ces adresses qu'on ne trouve pas dans les guides classiques. Avant de publier un dossier destination, je croise toujours plusieurs sources, je v\u00e9rifie les tarifs et les formalit\u00e9s d'entr\u00e9e \u00e0 jour, et je teste moi-m\u00eame quand je le peux. Mon angle reste pratique avant tout : aider le lecteur \u00e0 partir l'esprit tranquille, sans mauvaise surprise une fois sur place. Je m'attache \u00e0 distinguer le coup de c\u0153ur sinc\u00e8re du simple argument marketing.\",\"sameAs\":[\"https:\/\/camillerouvray.fr\/\"],\"url\":\"https:\/\/voyage-aventure.com\/blog\/auteur\/noname\/\"}]}<\/script>\n<!-- \/ Yoast SEO Premium plugin. -->","yoast_head_json":{"title":"La Vie \u00e0 Medell\u00edn : Exp\u00e9riences de Travailleurs Itin\u00e9rants","description":"Depuis quelques ann\u00e9es, cette m\u00e9tropole dynamique s'est impos\u00e9e comme un point de ralliement pour celles et ceux qui misent sur le t\u00e9l\u00e9travail en","robots":{"index":"index","follow":"follow","max-snippet":"max-snippet:-1","max-image-preview":"max-image-preview:large","max-video-preview":"max-video-preview:-1"},"canonical":"https:\/\/voyage-aventure.com\/blog\/a-la-une\/la-vie-a-medellin-experiences-de-travailleurs-itinerants\/","og_locale":"fr_FR","og_type":"article","og_title":"La Vie \u00e0 Medell\u00edn : Exp\u00e9riences de Travailleurs Itin\u00e9rants","og_description":"Depuis quelques ann\u00e9es, cette m\u00e9tropole dynamique s'est impos\u00e9e comme un point de ralliement pour celles et ceux qui misent sur le t\u00e9l\u00e9travail en","og_url":"https:\/\/voyage-aventure.com\/blog\/a-la-une\/la-vie-a-medellin-experiences-de-travailleurs-itinerants\/","og_site_name":"voyage-aventure","og_image":[{"width":1200,"height":500,"url":"https:\/\/voyage-aventure.com\/blog\/wp-content\/uploads\/2025\/07\/sdxl-1376fe6eaf82e28ff49d17b919df3efc-scaled.png","type":"image\/png"}],"author":"Camille Rouvray","twitter_card":"summary_large_image","schema":{"@context":"https:\/\/schema.org","@graph":[{"@type":"NewsArticle","@id":"https:\/\/voyage-aventure.com\/blog\/a-la-une\/la-vie-a-medellin-experiences-de-travailleurs-itinerants\/#article","isPartOf":{"@id":"https:\/\/voyage-aventure.com\/blog\/a-la-une\/la-vie-a-medellin-experiences-de-travailleurs-itinerants\/"},"author":{"name":"Camille Rouvray","@id":"https:\/\/voyage-aventure.com\/blog\/#\/schema\/person\/3c864cdc320801e3db34b663e7e3f816"},"headline":"La Vie \u00e0 Medell\u00edn : Exp\u00e9riences de Travailleurs Itin\u00e9rants","datePublished":"2026-06-16T16:21:32+00:00","mainEntityOfPage":{"@id":"https:\/\/voyage-aventure.com\/blog\/a-la-une\/la-vie-a-medellin-experiences-de-travailleurs-itinerants\/"},"wordCount":2404,"commentCount":0,"publisher":{"@id":"https:\/\/voyage-aventure.com\/blog\/#organization"},"image":{"@id":"https:\/\/voyage-aventure.com\/blog\/a-la-une\/la-vie-a-medellin-experiences-de-travailleurs-itinerants\/#primaryimage"},"thumbnailUrl":"https:\/\/voyage-aventure.com\/blog\/wp-content\/uploads\/2025\/07\/sdxl-1376fe6eaf82e28ff49d17b919df3efc-scaled.png","articleSection":["\u00c0 la une"],"inLanguage":"fr-FR","potentialAction":[{"@type":"CommentAction","name":"Comment","target":["https:\/\/voyage-aventure.com\/blog\/a-la-une\/la-vie-a-medellin-experiences-de-travailleurs-itinerants\/#respond"]}]},{"@type":"WebPage","@id":"https:\/\/voyage-aventure.com\/blog\/a-la-une\/la-vie-a-medellin-experiences-de-travailleurs-itinerants\/","url":"https:\/\/voyage-aventure.com\/blog\/a-la-une\/la-vie-a-medellin-experiences-de-travailleurs-itinerants\/","name":"La Vie \u00e0 Medell\u00edn : Exp\u00e9riences de Travailleurs Itin\u00e9rants","isPartOf":{"@id":"https:\/\/voyage-aventure.com\/blog\/#website"},"primaryImageOfPage":{"@id":"https:\/\/voyage-aventure.com\/blog\/a-la-une\/la-vie-a-medellin-experiences-de-travailleurs-itinerants\/#primaryimage"},"image":{"@id":"https:\/\/voyage-aventure.com\/blog\/a-la-une\/la-vie-a-medellin-experiences-de-travailleurs-itinerants\/#primaryimage"},"thumbnailUrl":"https:\/\/voyage-aventure.com\/blog\/wp-content\/uploads\/2025\/07\/sdxl-1376fe6eaf82e28ff49d17b919df3efc-scaled.png","datePublished":"2026-06-16T16:21:32+00:00","description":"Depuis quelques ann\u00e9es, cette m\u00e9tropole dynamique s'est impos\u00e9e comme un point de ralliement pour celles et ceux qui misent sur le t\u00e9l\u00e9travail en","inLanguage":"fr-FR","potentialAction":[{"@type":"ReadAction","target":["https:\/\/voyage-aventure.com\/blog\/a-la-une\/la-vie-a-medellin-experiences-de-travailleurs-itinerants\/"]}]},{"@type":"ImageObject","inLanguage":"fr-FR","@id":"https:\/\/voyage-aventure.com\/blog\/a-la-une\/la-vie-a-medellin-experiences-de-travailleurs-itinerants\/#primaryimage","url":"https:\/\/voyage-aventure.com\/blog\/wp-content\/uploads\/2025\/07\/sdxl-1376fe6eaf82e28ff49d17b919df3efc-scaled.png","contentUrl":"https:\/\/voyage-aventure.com\/blog\/wp-content\/uploads\/2025\/07\/sdxl-1376fe6eaf82e28ff49d17b919df3efc-scaled.png","width":1200,"height":500},{"@type":"WebSite","@id":"https:\/\/voyage-aventure.com\/blog\/#website","url":"https:\/\/voyage-aventure.com\/blog\/","name":"voyage-aventure.com","description":"Votre passeport pour l\u2019inattendu.","publisher":{"@id":"https:\/\/voyage-aventure.com\/blog\/#organization"},"alternateName":"Votre passeport pour l\u2019inattendu.","potentialAction":[{"@type":"SearchAction","target":{"@type":"EntryPoint","urlTemplate":"https:\/\/voyage-aventure.com\/blog\/?s={search_term_string}"},"query-input":{"@type":"PropertyValueSpecification","valueRequired":true,"valueName":"search_term_string"}}],"inLanguage":"fr-FR"},{"@type":"Organization","@id":"https:\/\/voyage-aventure.com\/blog\/#organization","name":"Foretsensations.fr","url":"https:\/\/voyage-aventure.com\/blog\/","logo":{"@type":"ImageObject","inLanguage":"fr-FR","@id":"https:\/\/voyage-aventure.com\/blog\/#\/schema\/logo\/image\/","url":"https:\/\/voyage-aventure.com\/blog\/wp-content\/uploads\/2024\/12\/19.png","contentUrl":"https:\/\/voyage-aventure.com\/blog\/wp-content\/uploads\/2024\/12\/19.png","width":512,"height":512,"caption":"Foretsensations.fr"},"image":{"@id":"https:\/\/voyage-aventure.com\/blog\/#\/schema\/logo\/image\/"}},{"@type":"Person","@id":"https:\/\/voyage-aventure.com\/blog\/#\/schema\/person\/3c864cdc320801e3db34b663e7e3f816","name":"Camille Rouvray","image":{"@type":"ImageObject","inLanguage":"fr-FR","@id":"https:\/\/voyage-aventure.com\/blog\/#\/schema\/person\/image\/","url":"https:\/\/voyage-aventure.com\/blog\/wp-content\/uploads\/2026\/06\/persona_camille-r-96x96.jpg","contentUrl":"https:\/\/voyage-aventure.com\/blog\/wp-content\/uploads\/2026\/06\/persona_camille-r-96x96.jpg","caption":"Camille Rouvray"},"description":"Je voyage et j'\u00e9cris sur le voyage depuis une douzaine d'ann\u00e9es, d'abord en tant que routarde au long cours, puis comme r\u00e9dactrice sp\u00e9cialis\u00e9e. Mon terrain de pr\u00e9dilection, ce sont les circuits organis\u00e9s et l'art de bien pr\u00e9parer un itin\u00e9raire : choix de la saison, dur\u00e9e r\u00e9aliste des \u00e9tapes, budget jour par jour, logement et transport sur place. J'aime aussi raconter les p\u00e9pites urbaines, ces adresses qu'on ne trouve pas dans les guides classiques. Avant de publier un dossier destination, je croise toujours plusieurs sources, je v\u00e9rifie les tarifs et les formalit\u00e9s d'entr\u00e9e \u00e0 jour, et je teste moi-m\u00eame quand je le peux. Mon angle reste pratique avant tout : aider le lecteur \u00e0 partir l'esprit tranquille, sans mauvaise surprise une fois sur place. Je m'attache \u00e0 distinguer le coup de c\u0153ur sinc\u00e8re du simple argument marketing.","sameAs":["https:\/\/camillerouvray.fr\/"],"url":"https:\/\/voyage-aventure.com\/blog\/auteur\/noname\/"}]}},"_links":{"self":[{"href":"https:\/\/voyage-aventure.com\/blog\/wp-json\/wp\/v2\/posts\/20937","targetHints":{"allow":["GET"]}}],"collection":[{"href":"https:\/\/voyage-aventure.com\/blog\/wp-json\/wp\/v2\/posts"}],"about":[{"href":"https:\/\/voyage-aventure.com\/blog\/wp-json\/wp\/v2\/types\/post"}],"author":[{"embeddable":true,"href":"https:\/\/voyage-aventure.com\/blog\/wp-json\/wp\/v2\/users\/34"}],"replies":[{"embeddable":true,"href":"https:\/\/voyage-aventure.com\/blog\/wp-json\/wp\/v2\/comments?post=20937"}],"version-history":[{"count":3,"href":"https:\/\/voyage-aventure.com\/blog\/wp-json\/wp\/v2\/posts\/20937\/revisions"}],"predecessor-version":[{"id":23220,"href":"https:\/\/voyage-aventure.com\/blog\/wp-json\/wp\/v2\/posts\/20937\/revisions\/23220"}],"wp:featuredmedia":[{"embeddable":true,"href":"https:\/\/voyage-aventure.com\/blog\/wp-json\/wp\/v2\/media\/21122"}],"wp:attachment":[{"href":"https:\/\/voyage-aventure.com\/blog\/wp-json\/wp\/v2\/media?parent=20937"}],"wp:term":[{"taxonomy":"category","embeddable":true,"href":"https:\/\/voyage-aventure.com\/blog\/wp-json\/wp\/v2\/categories?post=20937"},{"taxonomy":"post_tag","embeddable":true,"href":"https:\/\/voyage-aventure.com\/blog\/wp-json\/wp\/v2\/tags?post=20937"}],"curies":[{"name":"wp","href":"https:\/\/api.w.org\/{rel}","templated":true}]}}