{"id":20914,"date":"2026-06-16T18:20:21","date_gmt":"2026-06-16T16:20:21","guid":{"rendered":"https:\/\/voyage-aventure.com\/blog\/a-la-une\/quatre-jours-magiques-a-santorin-litineraire-incontournable-pour-explorer-la-perle-des-cyclades\/"},"modified":"2026-06-16T18:20:21","modified_gmt":"2026-06-16T16:20:21","slug":"quatre-jours-magiques-a-santorin-litineraire-incontournable-pour-explorer-la-perle-des-cyclades","status":"publish","type":"post","link":"https:\/\/voyage-aventure.com\/blog\/a-la-une\/quatre-jours-magiques-a-santorin-litineraire-incontournable-pour-explorer-la-perle-des-cyclades\/","title":{"rendered":"Quatre jours magiques \u00e0 Santorin : l\u2019itin\u00e9raire incontournable pour explorer la perle des Cyclades"},"content":{"rendered":"<link rel=\"stylesheet\" href=\"https:\/\/fonts.googleapis.com\/css2?family=Fraunces:opsz,wght@9..144,500;9..144,600;9..144,700;9..144,900&#038;family=Inter:wght@400;500;600;700&#038;family=JetBrains+Mono:wght@500;600&#038;display=swap\">\n<style>\n.va-gl-wrap{font-family:'Inter',-apple-system,sans-serif;color:#2c2a26;line-height:1.65;font-size:17px;max-width:880px;margin:0 auto;}\n.va-gl-wrap h1{font-family:'Fraunces',Georgia,serif;font-weight:900;font-size:clamp(30px,4.4vw,46px);line-height:1.08;letter-spacing:-0.02em;color:#1c2a2e;margin:0 0 18px;}\n.va-gl-wrap h2{font-family:'Fraunces',Georgia,serif;font-weight:700;font-size:clamp(24px,3.2vw,34px);line-height:1.15;letter-spacing:-0.015em;color:#1c2a2e;margin:50px 0 18px;}\n.va-gl-wrap h3{font-family:'Fraunces',Georgia,serif;font-weight:600;font-size:clamp(19px,2.2vw,23px);color:#1c2a2e;margin:28px 0 12px;}\n.va-gl-wrap p{margin:0 0 18px;}\n.va-gl-wrap ul{margin:0 0 18px;padding-left:0;list-style:none;}\n.va-gl-wrap ul li{position:relative;padding-left:26px;margin-bottom:12px;}\n.va-gl-wrap ul li::before{content:\"\";position:absolute;left:6px;top:11px;width:7px;height:7px;background:#c9622e;border-radius:50%;}\n.va-gl-wrap strong{color:#16323a;}\n.va-gl-lead{font-family:'Inter',sans-serif;font-size:20px;line-height:1.55;color:#4a4742;font-weight:500;margin:0 0 32px;}\n.va-gl-kicker{font-family:'JetBrains Mono',monospace;font-size:12px;font-weight:600;letter-spacing:3px;text-transform:uppercase;color:#c9622e;display:block;margin-bottom:10px;}\n\/* carnet pratique *\/\n.va-gl-carnet{background:linear-gradient(180deg,#fbf6ef,#f6efe4);border:1px solid #e6dccd;border-left:5px solid #c9622e;border-radius:14px;padding:26px 28px;margin:0 0 40px;box-shadow:0 1px 2px rgba(16,24,40,.05),0 14px 30px -18px rgba(28,42,46,.28);}\n.va-gl-carnet-h{font-family:'Fraunces',serif;font-weight:700;font-size:21px;color:#1c2a2e;margin-bottom:18px;}\n.va-gl-carnet-grid{display:grid;grid-template-columns:repeat(auto-fit,minmax(160px,1fr));gap:18px;}\n.va-gl-carnet-it{}\n.va-gl-carnet-lab{font-family:'JetBrains Mono',monospace;font-size:11px;letter-spacing:1.5px;text-transform:uppercase;color:#9a7a52;display:block;margin-bottom:5px;}\n.va-gl-carnet-val{font-size:16px;color:#2c2a26;line-height:1.45;}\n\/* grille cards *\/\n.va-gl-grid{display:grid;grid-template-columns:repeat(auto-fit,minmax(240px,1fr));gap:22px;margin:24px 0 8px;}\n.va-gl-card{background:#fff;border:1px solid #e9e2d6;border-top:3px solid #c9622e;border-radius:12px;padding:22px 24px;transition:.25s ease;box-shadow:0 1px 2px rgba(16,24,40,.05),0 10px 24px -18px rgba(28,42,46,.22);}\n.va-gl-card:hover{transform:translateY(-3px);box-shadow:0 1px 2px rgba(16,24,40,.05),0 18px 34px -16px rgba(28,42,46,.32);}\n.va-gl-card-t{font-family:'Fraunces',serif;font-weight:600;font-size:19px;color:#1c2a2e;margin-bottom:8px;}\n.va-gl-card-txt{font-size:15.5px;color:#4a4742;line-height:1.55;}\n.va-gl-tip{display:block;margin-top:12px;font-size:13.5px;color:#16323a;font-family:'JetBrains Mono',monospace;line-height:1.45;}\n.va-gl-tip span{color:#c9622e;font-weight:600;}\n\/* tableau *\/\n.va-gl-tbl-wrap{border:1px solid #e6dccd;border-radius:12px;overflow:hidden;margin:24px 0;box-shadow:0 10px 26px -20px rgba(28,42,46,.3);}\n.va-gl-tbl{width:100%;border-collapse:collapse;font-size:15.5px;}\n.va-gl-tbl th{background:#1c2a2e;color:#f6efe4;font-family:'JetBrains Mono',monospace;font-size:12px;letter-spacing:1px;text-transform:uppercase;text-align:left;padding:13px 16px;font-weight:600;}\n.va-gl-tbl td{padding:13px 16px;border-top:1px solid #ece5d8;color:#3a3833;vertical-align:top;}\n.va-gl-tbl tr:nth-child(even) td{background:#faf6ef;}\n\/* timeline *\/\n.va-gl-tl{margin:24px 0;border-left:2px solid #e3d9c9;padding-left:0;}\n.va-gl-tl-it{position:relative;padding:0 0 24px 30px;}\n.va-gl-tl-it::before{content:\"\";position:absolute;left:-7px;top:4px;width:12px;height:12px;border-radius:50%;background:#c9622e;border:2px solid #fbf6ef;}\n.va-gl-tl-day{font-family:'JetBrains Mono',monospace;font-size:12px;letter-spacing:2px;text-transform:uppercase;color:#c9622e;font-weight:600;display:block;margin-bottom:5px;}\n.va-gl-tl-t{font-family:'Fraunces',serif;font-weight:600;font-size:18px;color:#1c2a2e;margin-bottom:5px;}\n.va-gl-tl-txt{font-size:15.5px;color:#4a4742;line-height:1.55;}\n\/* checklist *\/\n.va-gl-check{display:grid;grid-template-columns:1fr 1fr;gap:20px;margin:24px 0;}\n.va-gl-ck{border-radius:12px;padding:20px 22px;border:1px solid #e9e2d6;}\n.va-gl-ck.go{background:#f1f7f1;border-color:#cfe3cf;}\n.va-gl-ck.no{background:#fbf2ee;border-color:#eed7cc;}\n.va-gl-ck-h{font-family:'Fraunces',serif;font-weight:600;font-size:17px;margin-bottom:12px;}\n.va-gl-ck.go .va-gl-ck-h{color:#2a6e3f;}\n.va-gl-ck.no .va-gl-ck-h{color:#b14a2c;}\n.va-gl-ck ul li::before{display:none;}\n.va-gl-ck ul li{padding-left:24px;font-size:15px;color:#3a3833;}\n.va-gl-ck.go ul li::after,.va-gl-ck.no ul li::after{position:absolute;left:0;top:0;font-family:'JetBrains Mono',monospace;font-weight:600;}\n.va-gl-ck.go ul li::after{content:\"+\";color:#2a6e3f;}\n.va-gl-ck.no ul li::after{content:\"\u2212\";color:#b14a2c;}\n\/* pull quote *\/\n.va-gl-pq{font-family:'Fraunces',serif;font-weight:500;font-style:italic;font-size:clamp(22px,3vw,28px);line-height:1.35;color:#1c2a2e;border-left:4px solid #c9622e;padding:6px 0 6px 24px;margin:36px 0;}\n\/* \u00e0 retenir *\/\n.va-gl-retenir{background:#1c2a2e;color:#eee5d6;border-radius:14px;padding:28px 30px;margin:46px 0 36px;}\n.va-gl-retenir .va-gl-carnet-h{color:#fff;}\n.va-gl-retenir ul li{color:#dcd2c2;}\n.va-gl-retenir ul li::before{background:#e08a4f;}\n\/* faq *\/\n.va-gl-faq{margin:36px 0;}\n.va-gl-faq details{border:1px solid #e6dccd;border-radius:11px;padding:0;margin-bottom:12px;background:#fff;overflow:hidden;transition:.2s ease;}\n.va-gl-faq details[open]{border-color:#c9622e;box-shadow:0 12px 26px -20px rgba(28,42,46,.3);}\n.va-gl-faq summary{cursor:pointer;padding:17px 22px;font-family:'Fraunces',serif;font-weight:600;font-size:17.5px;color:#1c2a2e;list-style:none;position:relative;padding-right:46px;}\n.va-gl-faq summary::-webkit-details-marker{display:none;}\n.va-gl-faq summary::after{content:\"+\";position:absolute;right:20px;top:14px;font-family:'JetBrains Mono',monospace;font-size:22px;color:#c9622e;transition:.2s;}\n.va-gl-faq details[open] summary::after{transform:rotate(45deg);}\n.va-gl-faq-a{padding:0 22px 18px;font-size:15.5px;color:#4a4742;line-height:1.6;}\n@media(max-width:640px){.va-gl-check{grid-template-columns:1fr;}}\n\/*RENDERFIX2*\/.va-gl-tbl th{color:#eef3f9!important}.va-gl-tbl th p,.va-gl-tbl th li,.va-gl-tbl th strong,.va-gl-tbl th em,.va-gl-tbl th a,.va-gl-tbl th span,.va-gl-tbl th b,.va-gl-tbl th td,.va-gl-tbl th th,.va-gl-tbl th h2,.va-gl-tbl th h3,.va-gl-tbl th h4{color:#eef3f9!important}.va-gl-tbl th strong,.va-gl-tbl th b{color:#ffffff!important}\/* \u00e0 retenir *\/\n.va-gl-retenir{color:#eef3f9!important}\/* \u00e0 retenir *\/\n.va-gl-retenir p,\/* \u00e0 retenir *\/\n.va-gl-retenir li,\/* \u00e0 retenir *\/\n.va-gl-retenir strong,\/* \u00e0 retenir *\/\n.va-gl-retenir em,\/* \u00e0 retenir *\/\n.va-gl-retenir a,\/* \u00e0 retenir *\/\n.va-gl-retenir span,\/* \u00e0 retenir *\/\n.va-gl-retenir b,\/* \u00e0 retenir *\/\n.va-gl-retenir td,\/* \u00e0 retenir *\/\n.va-gl-retenir th,\/* \u00e0 retenir *\/\n.va-gl-retenir h2,\/* \u00e0 retenir *\/\n.va-gl-retenir h3,\/* \u00e0 retenir *\/\n.va-gl-retenir h4{color:#eef3f9!important}\/* \u00e0 retenir *\/\n.va-gl-retenir strong,\/* \u00e0 retenir *\/\n.va-gl-retenir b{color:#ffffff!important}<\/style>\n<div class=\"va-gl-wrap\">\n<h1>Quatre jours magiques \u00e0 Santorin : l\u2019itin\u00e9raire incontournable pour explorer la perle des Cyclades<\/h1>\n<p class=\"va-gl-lead\">Caldeira en feu au cr\u00e9puscule, villages blancs suspendus au-dessus de la mer \u00c9g\u00e9e, sentiers min\u00e9raux et tables de terroir volcanique : voici comment organiser quatre jours \u00e0 Santorin pour saisir l\u2019\u00e2me des Cyclades, des incontournables d\u2019Oia aux villages secrets de l\u2019arri\u00e8re-pays.<\/p>\n<div class=\"va-gl-carnet\">\n<div class=\"va-gl-carnet-h\">Le carnet pratique de votre s\u00e9jour<\/div>\n<div class=\"va-gl-carnet-grid\">\n<div class=\"va-gl-carnet-it\"><span class=\"va-gl-carnet-lab\">Dur\u00e9e id\u00e9ale<\/span><span class=\"va-gl-carnet-val\">Quatre jours pleins, de quoi alterner villages, randonn\u00e9e, mer et patrimoine sans courir.<\/span><\/div>\n<div class=\"va-gl-carnet-it\"><span class=\"va-gl-carnet-lab\">Meilleur moment<\/span><span class=\"va-gl-carnet-val\">T\u00f4t le matin et en fin d\u2019apr\u00e8s-midi pour la lumi\u00e8re dor\u00e9e et fuir l\u2019affluence.<\/span><\/div>\n<div class=\"va-gl-carnet-it\"><span class=\"va-gl-carnet-lab\">Incontournables<\/span><span class=\"va-gl-carnet-val\">Oia &amp; Fira, la rando Fira\u2013Oia, le coucher de soleil sur la caldeira.<\/span><\/div>\n<div class=\"va-gl-carnet-it\"><span class=\"va-gl-carnet-lab\">Hors des sentiers<\/span><span class=\"va-gl-carnet-val\">Pyrgos, Megalochori, Emporio et les plages volcaniques du sud.<\/span><\/div>\n<div class=\"va-gl-carnet-it\"><span class=\"va-gl-carnet-lab\">\u00c0 ne pas manquer<\/span><span class=\"va-gl-carnet-val\">Le site arch\u00e9ologique d\u2019Akrotiri et une excursion en mer vers la caldeira.<\/span><\/div>\n<\/div>\n<\/div>\n<p>Quatre jours suffisent pour embrasser la diversit\u00e9 de Santorin, \u00e0 condition de bien r\u00e9partir les temps forts. L\u2019\u00eele ne se r\u00e9sume pas \u00e0 ses cartes postales d\u2019Oia : entre randonn\u00e9es de cr\u00eate, villages pr\u00e9serv\u00e9s, plages color\u00e9es, vignobles volcaniques et vestiges minoens, chaque journ\u00e9e peut r\u00e9v\u00e9ler une facette diff\u00e9rente de la perle des Cyclades. Ce guide reprend les exp\u00e9riences essentielles, dans un ordre qui m\u00e9nage la lumi\u00e8re, la marche et les moments de contemplation.<\/p>\n<p class=\"va-gl-pq\">Visiter Oia au lever du soleil ou en toute fin d\u2019apr\u00e8s-midi d\u00e9cuple la magie des lieux : la densit\u00e9 des visiteurs s\u2019efface, et l\u2019\u00eele d\u00e9voile son \u00e2me.<\/p>\n<h2>Immersion dans les villages embl\u00e9matiques de Santorin<\/h2>\n<p><strong>Oia<\/strong> et <strong>Fira<\/strong> incarnent le c\u0153ur battant de l\u2019\u00eele, perch\u00e9s en surplomb de la caldeira, parmi des falaises abruptes et des panoramas spectaculaires. Arpenter <strong>les ruelles d\u2019Oia<\/strong> offre une succession de vues mythiques o\u00f9 se c\u00f4toient <strong>maisons blanchies \u00e0 la chaux<\/strong>, d\u00f4mes bleus \u00e9tincelants et escaliers plongeant vers la mer \u00c9g\u00e9e. <strong>Fira<\/strong>, plus anim\u00e9e, se d\u00e9couvre d\u00e8s l\u2019aube pour profiter de l\u2019atmosph\u00e8re locale et capturer la lumi\u00e8re dor\u00e9e sans l\u2019affluence.<\/p>\n<div class=\"va-gl-grid\">\n<div class=\"va-gl-card\">\n<div class=\"va-gl-card-t\">Fira au r\u00e9veil<\/div>\n<div class=\"va-gl-card-txt\">Une balade matinale pour \u00e9viter les pics de fr\u00e9quentation, tout en savourant une p\u00e2tisserie locale face \u00e0 la mer.<\/div>\n<p><span class=\"va-gl-tip\"><span>Astuce :<\/span> arriver avant l\u2019ouverture des terrasses.<\/span><\/div>\n<div class=\"va-gl-card\">\n<div class=\"va-gl-card-t\">Les ruelles d\u2019Oia<\/div>\n<div class=\"va-gl-card-txt\">Explorer la Main Street puis s\u2019\u00e9garer dans les petites ruelles transversales o\u00f9 les points de vue d\u00e9voilent l\u2019\u00e2me de la cit\u00e9.<\/div>\n<p><span class=\"va-gl-tip\"><span>Astuce :<\/span> les transversales offrent les vues les plus calmes.<\/span><\/div>\n<div class=\"va-gl-card\">\n<div class=\"va-gl-card-t\">La coupole bleue<\/div>\n<div class=\"va-gl-card-txt\">Photographier le fameux coupole bleu de l\u2019\u00e9glise Panagia et observer les nuances de lumi\u00e8re sur les fa\u00e7ades immacul\u00e9es.<\/div>\n<p><span class=\"va-gl-tip\"><span>Astuce :<\/span> la lumi\u00e8re change d\u2019heure en heure.<\/span><\/div>\n<\/div>\n<p>Ces deux villages concentrent un patrimoine visuel et architectural exceptionnel. Il est avis\u00e9 de visiter Oia au lever du soleil ou en toute fin d\u2019apr\u00e8s-midi pour \u00e9viter la densit\u00e9 des visiteurs ; la magie des lieux s\u2019en trouve d\u00e9cupl\u00e9e.<\/p>\n<h2>Exploration des panoramas volcaniques et randonn\u00e9es de cr\u00eate<\/h2>\n<p>La randonn\u00e9e reliant <strong>Fira \u00e0 Oia<\/strong> constitue une exp\u00e9rience incontournable, r\u00e9v\u00e9lant une <u>Santorin sauvage et min\u00e9rale<\/u>. Ce sentier d\u2019environ 10 kilom\u00e8tres, accessible \u00e0 tout marcheur en bonne condition, offre des points de vue sensationnels sur la caldeira, avec un d\u00e9cor alternant pentes arides, chapelles solitaires et falaises escarp\u00e9es.<\/p>\n<ul>\n<li>D\u00e9part conseill\u00e9 depuis Fira t\u00f4t le matin pour b\u00e9n\u00e9ficier d\u2019une lumi\u00e8re douce et \u00e9viter la chaleur estivale.<\/li>\n<li>Arr\u00eats recommand\u00e9s \u00e0 Firostefani et Imerovigli pour admirer des panoramas \u00e0 couper le souffle sur la caldeira et les \u00eelots volcaniques.<\/li>\n<li>Moment fort du parcours : la halte \u00e0 Skaros Rock, promontoire basaltique embl\u00e9matique, parfait pour une pause contemplative.<\/li>\n<\/ul>\n<p>Cette marche permet d\u2019appr\u00e9hender l\u2019\u00eele sous un angle authentique, loin de l\u2019agitation urbaine, et de saisir l\u2019essence g\u00e9ologique qui fa\u00e7onne l\u2019identit\u00e9 unique de Santorin.<\/p>\n<h2>D\u00e9couverte de villages traditionnels et de l\u2019arri\u00e8re-pays<\/h2>\n<p>Loin des circuits principaux, les villages de l\u2019arri\u00e8re-pays invitent \u00e0 une plong\u00e9e dans une <strong>Santorin pr\u00e9serv\u00e9e<\/strong>. <strong>Pyrgos<\/strong>, dominant l\u2019\u00eele du haut de sa colline, s\u00e9duit par son d\u00e9dale de ruelles \u00e9troites, son atmosph\u00e8re paisible et ses points de vue panoramiques. <strong>Megalochori<\/strong> et <strong>Emporio<\/strong> d\u00e9voilent quant \u00e0 eux une architecture cycladique authentique et un quotidien insulaire loin du tumulte touristique.<\/p>\n<div class=\"va-gl-grid\">\n<div class=\"va-gl-card\">\n<div class=\"va-gl-card-t\">Pyrgos<\/div>\n<div class=\"va-gl-card-txt\">Monter jusqu\u2019au kastro v\u00e9nitien pour un panorama exceptionnel et s\u2019arr\u00eater dans les caf\u00e9s traditionnels autour de la place centrale.<\/div>\n<\/div>\n<div class=\"va-gl-card\">\n<div class=\"va-gl-card-t\">Megalochori<\/div>\n<div class=\"va-gl-card-txt\">D\u00e9couvrir des domaines vinicoles familiaux et savourer des sp\u00e9cialit\u00e9s locales dans des tavernes \u00e0 l\u2019\u00e9cart de l\u2019agitation.<\/div>\n<\/div>\n<div class=\"va-gl-card\">\n<div class=\"va-gl-card-t\">Emporio<\/div>\n<div class=\"va-gl-card-txt\">Admirer les moulins \u00e0 vent historiques et la Tour de Goulas, vestige m\u00e9di\u00e9val remarquable.<\/div>\n<\/div>\n<\/div>\n<p>Ces villages valent vraiment le d\u00e9tour pour leur atmosph\u00e8re singuli\u00e8re et leur capacit\u00e9 \u00e0 offrir un retour sur le Santorin d\u2019antan, propice \u00e0 l\u2019\u00e9vasion et \u00e0 la rencontre des habitants.<\/p>\n<h2>Exp\u00e9rience baln\u00e9aire sur les plages color\u00e9es de Santorin<\/h2>\n<p>Le sud de l\u2019\u00eele offre des plages aux couleurs saisissantes, t\u00e9moins de la vigueur volcanique pass\u00e9e. <strong>Red Beach<\/strong>, adoss\u00e9e \u00e0 une falaise rouge\u00e2tre, frappe par son aspect spectaculaire, tandis que <strong>White Beach<\/strong>, accessible uniquement en bateau depuis Akrotiri, d\u00e9voile un \u00e9crin de sable clair cern\u00e9 de hautes falaises blanches.<\/p>\n<ul>\n<li>\u00c0 Red Beach, explorer les formations rocheuses uniques et profiter d\u2019une baignade devant un paysage min\u00e9ral rare.<\/li>\n<li>Rallier White Beach via une excursion nautique, pour savourer un moment de tranquillit\u00e9 absolue dans un d\u00e9cor intimiste.<\/li>\n<li>S\u2019aventurer vers la <strong>plage de Perissa<\/strong> et sa longue \u00e9tendue de sable noir, id\u00e9ale pour alterner baignade et sports nautiques.<\/li>\n<\/ul>\n<p>Cette diversit\u00e9 littorale garantit une exp\u00e9rience baln\u00e9aire enrichissante, o\u00f9 l\u2019esth\u00e9tisme des lieux rivalise avec la qualit\u00e9 des eaux cristallines.<\/p>\n<h2>Excursions en mer et exploration de la caldeira<\/h2>\n<p>Prendre le large \u00e0 bord d\u2019un <strong>catamaran<\/strong> ou d\u2019une embarcation traditionnelle multiplie les d\u00e9couvertes. <strong>Les \u00eelots volcaniques de Nea Kameni et Palea Kameni<\/strong> constituent des \u00e9tapes phares o\u00f9 l\u2019on observe une g\u00e9ologie encore active.<\/p>\n<ul>\n<li>Participer \u00e0 une croisi\u00e8re incluant baignade dans les sources chaudes sulfureuses de Palea Kameni, reconnues pour leurs propri\u00e9t\u00e9s bienfaisantes.<\/li>\n<li>Contourner l\u2019\u00eele en admirant, depuis la mer, les villages suspendus et les falaises multicolores, pour saisir la singularit\u00e9 du relief de Santorin.<\/li>\n<li>Vivre le coucher du soleil sur la caldeira \u00e0 bord, un spectacle atmosph\u00e9rique souvent cit\u00e9 parmi les plus beaux au monde.<\/li>\n<\/ul>\n<p>L\u2019excursion en mer constitue une perspective unique pour embrasser d\u2019un regard l\u2019histoire volcanique, la puissance des \u00e9l\u00e9ments et la beaut\u00e9 changeante des paysages insulaires.<\/p>\n<h2>D\u00e9gustations et richesses gastronomiques de Santorin<\/h2>\n<p>La gastronomie \u00e0 Santorin s\u2019exprime avec \u00e9clat dans ses <strong>tavernes authentiques<\/strong> et ses vignobles. <u>Le terroir volcanique<\/u> conf\u00e8re aux produits une identit\u00e9 singuli\u00e8re, perceptible dans la <strong>fava<\/strong> (pur\u00e9e de pois cass\u00e9s), les <strong>tomatokeftedes<\/strong> (beignets de tomates locales) ou les vins blancs aux ar\u00f4mes min\u00e9raux, issus d\u2019assyrtiko.<\/p>\n<ul>\n<li>D\u00e9guster les <strong>vins volcaniques<\/strong> \u00e9labor\u00e9s \u00e0 Megalochori, comme ceux du domaine Gavalas, r\u00e9put\u00e9 pour ses cuv\u00e9es fines et rac\u00e9es.<\/li>\n<li>Tester la cuisine m\u00e9diterran\u00e9enne chez Selene \u00e0 Pyrgos, r\u00e9f\u00e9rence gastronomique valorisant les produits du terroir.<\/li>\n<li>Explorer les march\u00e9s locaux pour d\u00e9couvrir les <strong>c\u00e2pres de Santorin<\/strong>, les fromages frais et le miel du cru.<\/li>\n<\/ul>\n<p>La richesse culinaire de l\u2019\u00eele se d\u00e9couvre dans la simplicit\u00e9 des adresses de village comme dans les \u00e9tablissements gastronomiques, faisant du repas un moment de partage et de d\u00e9couverte.<\/p>\n<h2>Patrimoine arch\u00e9ologique et histoire ancienne<\/h2>\n<p>La visite du <strong>site arch\u00e9ologique d\u2019Akrotiri<\/strong> plonge dans les origines de Santorin, r\u00e9v\u00e9lant une cit\u00e9 prosp\u00e8re engloutie lors de la grande \u00e9ruption minoenne. Les vestiges parfaitement conserv\u00e9s (habitations \u00e0 \u00e9tages, fresques polychromes et objets quotidiens exhum\u00e9s) illustrent la vitalit\u00e9 artistique et commerciale de cette civilisation disparue.<\/p>\n<ul>\n<li>Explorer les fouilles couvertes d\u2019Akrotiri, un site majeur comparable \u00e0 Pomp\u00e9i, pour observer les fresques et objets de la vie quotidienne de l\u2019\u00e9poque minoenne.<\/li>\n<li>Visiter le <strong>Mus\u00e9e de la Pr\u00e9histoire de Th\u00e9ra<\/strong> \u00e0 Fira, qui compl\u00e8te la d\u00e9couverte par des collections d\u2019objets et r\u00e9cits sur l\u2019histoire mill\u00e9naire de l\u2019\u00eele.<\/li>\n<li>Prolonger avec une halte \u00e0 l\u2019ancienne Th\u00e9ra, accessible depuis Kamari, pour admirer les ruines gr\u00e9co-romaines perch\u00e9es sur un \u00e9peron rocheux.<\/li>\n<\/ul>\n<p>Ces sites t\u00e9moignent du r\u00f4le strat\u00e9gique de Santorin dans l\u2019Antiquit\u00e9 et confirment l\u2019attrait de l\u2019\u00eele pour les passionn\u00e9s d\u2019histoire et d\u2019arch\u00e9ologie.<\/p>\n<h2>Moments suspendus : admirer le coucher du soleil depuis des lieux secrets<\/h2>\n<p>Le spectacle du soleil plongeant dans la caldeira reste une exp\u00e9rience inoubliable, particuli\u00e8rement pris\u00e9e \u00e0 Oia. Toutefois, certains spots permettent de savourer l\u2019instant dans une ambiance plus confidentielle.<\/p>\n<ul>\n<li>Se poster au <strong>port d\u2019Ammoudi<\/strong>, en contrebas d\u2019Oia, pour une vision directe sur la caldeira teint\u00e9e de reflets dor\u00e9s.<\/li>\n<li>Grimper \u00e0 <strong>Imerovigli<\/strong>, village perch\u00e9, o\u00f9 les terrasses offrent une vue d\u00e9gag\u00e9e avec un calme appr\u00e9ciable en fin de journ\u00e9e.<\/li>\n<li>Opter pour les sentiers de randonn\u00e9e au nord ou au sud de l\u2019\u00eele, loin des foules, pour vivre un moment suspendu face \u00e0 l\u2019immensit\u00e9 de la mer \u00c9g\u00e9e.<\/li>\n<\/ul>\n<p>Choisir un lieu moins fr\u00e9quent\u00e9 permet de savourer pleinement le cr\u00e9puscule, de s\u2019impr\u00e9gner du silence et de l\u2019intensit\u00e9 des couleurs sans l\u2019agitation.<\/p>\n<h2>Quand partir \u00e0 Santorin<\/h2>\n<p>La lumi\u00e8re, l\u2019affluence et la chaleur varient fortement au fil des saisons. Ce rep\u00e8re aide \u00e0 caler vos quatre jours au meilleur moment selon ce que vous recherchez.<\/p>\n<div class=\"va-gl-tbl-wrap\">\n<table class=\"va-gl-tbl\">\n<thead>\n<tr>\n<th>Saison<\/th>\n<th>Affluence<\/th>\n<th>Ambiance<\/th>\n<\/tr>\n<\/thead>\n<tbody>\n<tr>\n<td>Printemps<\/td>\n<td>Mod\u00e9r\u00e9e<\/td>\n<td>Lumi\u00e8re douce, villages calmes, id\u00e9al pour la randonn\u00e9e Fira\u2013Oia.<\/td>\n<\/tr>\n<tr>\n<td>\u00c9t\u00e9<\/td>\n<td>Forte<\/td>\n<td>Chaleur marqu\u00e9e, couchers de soleil pris\u00e9s ; privil\u00e9gier l\u2019aube et le soir.<\/td>\n<\/tr>\n<tr>\n<td>Automne<\/td>\n<td>Mod\u00e9r\u00e9e<\/td>\n<td>Mer encore chaude, atmosph\u00e8re sereine, belle lumi\u00e8re sur la caldeira.<\/td>\n<\/tr>\n<\/tbody>\n<\/table>\n<\/div>\n<h2>Itin\u00e9raire sugg\u00e9r\u00e9 sur quatre jours<\/h2>\n<p>Voici une r\u00e9partition possible des temps forts, pens\u00e9e pour alterner villages, marche, mer et patrimoine tout en gardant la meilleure lumi\u00e8re pour les villages et les couchers de soleil.<\/p>\n<div class=\"va-gl-tl\">\n<div class=\"va-gl-tl-it\"><span class=\"va-gl-tl-day\">Jour 1<\/span><\/p>\n<div class=\"va-gl-tl-t\">Oia &amp; Fira<\/div>\n<div class=\"va-gl-tl-txt\">Fira au r\u00e9veil, ruelles d\u2019Oia et coupole bleue de Panagia, puis coucher de soleil depuis le port d\u2019Ammoudi.<\/div>\n<\/div>\n<div class=\"va-gl-tl-it\"><span class=\"va-gl-tl-day\">Jour 2<\/span><\/p>\n<div class=\"va-gl-tl-t\">Randonn\u00e9e de cr\u00eate<\/div>\n<div class=\"va-gl-tl-txt\">Sentier Fira\u2013Oia (environ 10 km) avec arr\u00eats \u00e0 Firostefani, Imerovigli et Skaros Rock.<\/div>\n<\/div>\n<div class=\"va-gl-tl-it\"><span class=\"va-gl-tl-day\">Jour 3<\/span><\/p>\n<div class=\"va-gl-tl-t\">Arri\u00e8re-pays &amp; plages<\/div>\n<div class=\"va-gl-tl-txt\">Pyrgos, Megalochori et Emporio le matin, plages volcaniques (Red Beach, Perissa) l\u2019apr\u00e8s-midi.<\/div>\n<\/div>\n<div class=\"va-gl-tl-it\"><span class=\"va-gl-tl-day\">Jour 4<\/span><\/p>\n<div class=\"va-gl-tl-t\">Mer &amp; patrimoine<\/div>\n<div class=\"va-gl-tl-txt\">Excursion vers Nea Kameni et Palea Kameni, puis site arch\u00e9ologique d\u2019Akrotiri et Mus\u00e9e de la Pr\u00e9histoire de Th\u00e9ra.<\/div>\n<\/div>\n<\/div>\n<h2>Conseils pratiques : \u00e0 faire et \u00e0 \u00e9viter<\/h2>\n<div class=\"va-gl-check\">\n<div class=\"va-gl-ck go\">\n<div class=\"va-gl-ck-h\">\u00c0 faire<\/div>\n<ul>\n<li>Visiter Oia et Fira \u00e0 l\u2019aube ou en fin de journ\u00e9e.<\/li>\n<li>Partir t\u00f4t pour la randonn\u00e9e Fira\u2013Oia, \u00e0 la fra\u00eeche.<\/li>\n<li>R\u00e9server une excursion en mer vers la caldeira.<\/li>\n<li>Go\u00fbter les vins d\u2019assyrtiko et la fava du terroir volcanique.<\/li>\n<\/ul>\n<\/div>\n<div class=\"va-gl-ck no\">\n<div class=\"va-gl-ck-h\">\u00c0 \u00e9viter<\/div>\n<ul>\n<li>Concentrer Oia uniquement au pic de midi.<\/li>\n<li>N\u00e9gliger l\u2019arri\u00e8re-pays au profit des seuls villages-vedettes.<\/li>\n<li>Sous-estimer la chaleur estivale en pleine marche.<\/li>\n<li>R\u00e9server le coucher de soleil au seul belv\u00e9d\u00e8re bond\u00e9 d\u2019Oia.<\/li>\n<\/ul>\n<\/div>\n<\/div>\n<div class=\"va-gl-retenir\">\n<div class=\"va-gl-carnet-h\">\u00c0 retenir<\/div>\n<ul>\n<li>Quatre jours suffisent pour combiner villages embl\u00e9matiques, randonn\u00e9e, plages, mer et patrimoine.<\/li>\n<li>La lumi\u00e8re du matin et de la fin d\u2019apr\u00e8s-midi transforme l\u2019exp\u00e9rience \u00e0 Oia comme \u00e0 Fira.<\/li>\n<li>L\u2019arri\u00e8re-pays (Pyrgos, Megalochori, Emporio) offre une Santorin pr\u00e9serv\u00e9e et authentique.<\/li>\n<li>Akrotiri et l\u2019excursion vers la caldeira ancrent le s\u00e9jour dans l\u2019histoire volcanique de l\u2019\u00eele.<\/li>\n<li>Les spots confidentiels (Ammoudi, Imerovigli, sentiers) subliment le coucher de soleil.<\/li>\n<\/ul>\n<\/div>\n<div class=\"va-gl-faq\">\n<details>\n<summary>Quatre jours suffisent-ils pour visiter Santorin ?<\/summary>\n<div class=\"va-gl-faq-a\">Oui : quatre jours pleins permettent d\u2019alterner villages embl\u00e9matiques, randonn\u00e9e de cr\u00eate, plages volcaniques, excursion en mer et patrimoine d\u2019Akrotiri sans courir, \u00e0 condition de r\u00e9partir les temps forts en jouant sur la lumi\u00e8re du matin et du soir.<\/div>\n<\/details>\n<details>\n<summary>Quel est le meilleur moment de la journ\u00e9e pour visiter Oia ?<\/summary>\n<div class=\"va-gl-faq-a\">Le lever du soleil et la toute fin d\u2019apr\u00e8s-midi : la lumi\u00e8re y est dor\u00e9e et l\u2019affluence bien moindre, ce qui d\u00e9cuple la magie des ruelles et des panoramas sur la caldeira.<\/div>\n<\/details>\n<details>\n<summary>La randonn\u00e9e de Fira \u00e0 Oia est-elle accessible \u00e0 tous ?<\/summary>\n<div class=\"va-gl-faq-a\">Le sentier d\u2019environ 10 kilom\u00e8tres est accessible \u00e0 tout marcheur en bonne condition. Mieux vaut partir t\u00f4t depuis Fira pour profiter d\u2019une lumi\u00e8re douce et \u00e9viter la chaleur estivale, avec des arr\u00eats possibles \u00e0 Firostefani, Imerovigli et Skaros Rock.<\/div>\n<\/details>\n<details>\n<summary>O\u00f9 admirer le coucher de soleil loin de la foule ?<\/summary>\n<div class=\"va-gl-faq-a\">Au port d\u2019Ammoudi en contrebas d\u2019Oia, depuis les terrasses d\u2019Imerovigli, ou encore sur les sentiers de randonn\u00e9e au nord et au sud de l\u2019\u00eele, qui offrent des moments suspendus face \u00e0 la mer \u00c9g\u00e9e sans l\u2019agitation des belv\u00e9d\u00e8res les plus pris\u00e9s.<\/div>\n<\/details>\n<details>\n<summary>Que voir au-del\u00e0 des villages les plus c\u00e9l\u00e8bres ?<\/summary>\n<div class=\"va-gl-faq-a\">L\u2019arri\u00e8re-pays avec Pyrgos, Megalochori et Emporio, les plages volcaniques du sud (Red Beach, White Beach, Perissa), une excursion en mer vers Nea Kameni et Palea Kameni, ainsi que le site arch\u00e9ologique d\u2019Akrotiri et le Mus\u00e9e de la Pr\u00e9histoire de Th\u00e9ra.<\/div>\n<\/details>\n<\/div>\n<\/div>\n","protected":false},"excerpt":{"rendered":"","protected":false},"author":34,"featured_media":21032,"comment_status":"open","ping_status":"open","sticky":false,"template":"","format":"standard","meta":{"_acf_changed":false,"manual_indexmenow":false,"indexmenow_id_project":0,"footnotes":""},"categories":[1],"tags":[5088,4906,5087],"class_list":["post-20914","post","type-post","status-publish","format-standard","has-post-thumbnail","hentry","category-a-la-une","tag-cyclades","tag-itineraire","tag-santorin","generate-columns","tablet-grid-50","mobile-grid-100","grid-parent","grid-25"],"acf":[],"yoast_head":"<!-- This site is optimized with the Yoast SEO Premium plugin v21.3 (Yoast SEO v25.1) - https:\/\/yoast.com\/wordpress\/plugins\/seo\/ -->\n<title>Quatre jours magiques \u00e0 Santorin : l\u2019itin\u00e9raire<\/title>\n<meta name=\"description\" content=\"Quatre jours magiques \u00e0 Santorin : l\u2019itin\u00e9raire incontournable pour explorer la perle des Cyclades Caldeira en feu au cr\u00e9puscule, villages blancs\" \/>\n<meta name=\"robots\" content=\"index, follow, max-snippet:-1, max-image-preview:large, max-video-preview:-1\" \/>\n<link rel=\"canonical\" href=\"https:\/\/voyage-aventure.com\/blog\/a-la-une\/quatre-jours-magiques-a-santorin-litineraire-incontournable-pour-explorer-la-perle-des-cyclades\/\" \/>\n<meta property=\"og:locale\" content=\"fr_FR\" \/>\n<meta property=\"og:type\" content=\"article\" \/>\n<meta property=\"og:title\" content=\"Quatre jours magiques \u00e0 Santorin : l\u2019itin\u00e9raire\" \/>\n<meta property=\"og:description\" content=\"Quatre jours magiques \u00e0 Santorin : l\u2019itin\u00e9raire incontournable pour explorer la perle des Cyclades Caldeira en feu au cr\u00e9puscule, villages blancs\" \/>\n<meta property=\"og:url\" content=\"https:\/\/voyage-aventure.com\/blog\/a-la-une\/quatre-jours-magiques-a-santorin-litineraire-incontournable-pour-explorer-la-perle-des-cyclades\/\" \/>\n<meta property=\"og:site_name\" content=\"voyage-aventure\" \/>\n<meta property=\"og:image\" content=\"https:\/\/voyage-aventure.com\/blog\/wp-content\/uploads\/2025\/07\/sdxl-3fbca5df251d8a1fe30e07eee8f1f04b-scaled.png\" \/>\n\t<meta property=\"og:image:width\" content=\"1200\" \/>\n\t<meta property=\"og:image:height\" content=\"500\" \/>\n\t<meta property=\"og:image:type\" content=\"image\/png\" \/>\n<meta name=\"author\" content=\"Camille Rouvray\" \/>\n<meta name=\"twitter:card\" content=\"summary_large_image\" \/>\n<script type=\"application\/ld+json\" class=\"yoast-schema-graph\">{\"@context\":\"https:\/\/schema.org\",\"@graph\":[{\"@type\":\"NewsArticle\",\"@id\":\"https:\/\/voyage-aventure.com\/blog\/a-la-une\/quatre-jours-magiques-a-santorin-litineraire-incontournable-pour-explorer-la-perle-des-cyclades\/#article\",\"isPartOf\":{\"@id\":\"https:\/\/voyage-aventure.com\/blog\/a-la-une\/quatre-jours-magiques-a-santorin-litineraire-incontournable-pour-explorer-la-perle-des-cyclades\/\"},\"author\":{\"name\":\"Camille Rouvray\",\"@id\":\"https:\/\/voyage-aventure.com\/blog\/#\/schema\/person\/3c864cdc320801e3db34b663e7e3f816\"},\"headline\":\"Quatre jours magiques \u00e0 Santorin : l\u2019itin\u00e9raire incontournable pour explorer la perle des Cyclades\",\"datePublished\":\"2026-06-16T16:20:21+00:00\",\"mainEntityOfPage\":{\"@id\":\"https:\/\/voyage-aventure.com\/blog\/a-la-une\/quatre-jours-magiques-a-santorin-litineraire-incontournable-pour-explorer-la-perle-des-cyclades\/\"},\"wordCount\":2258,\"commentCount\":0,\"publisher\":{\"@id\":\"https:\/\/voyage-aventure.com\/blog\/#organization\"},\"image\":{\"@id\":\"https:\/\/voyage-aventure.com\/blog\/a-la-une\/quatre-jours-magiques-a-santorin-litineraire-incontournable-pour-explorer-la-perle-des-cyclades\/#primaryimage\"},\"thumbnailUrl\":\"https:\/\/voyage-aventure.com\/blog\/wp-content\/uploads\/2025\/07\/sdxl-3fbca5df251d8a1fe30e07eee8f1f04b-scaled.png\",\"keywords\":[\"Cyclades\",\"Itin\u00e9raire\",\"Santorin\"],\"articleSection\":[\"\u00c0 la une\"],\"inLanguage\":\"fr-FR\",\"potentialAction\":[{\"@type\":\"CommentAction\",\"name\":\"Comment\",\"target\":[\"https:\/\/voyage-aventure.com\/blog\/a-la-une\/quatre-jours-magiques-a-santorin-litineraire-incontournable-pour-explorer-la-perle-des-cyclades\/#respond\"]}]},{\"@type\":\"WebPage\",\"@id\":\"https:\/\/voyage-aventure.com\/blog\/a-la-une\/quatre-jours-magiques-a-santorin-litineraire-incontournable-pour-explorer-la-perle-des-cyclades\/\",\"url\":\"https:\/\/voyage-aventure.com\/blog\/a-la-une\/quatre-jours-magiques-a-santorin-litineraire-incontournable-pour-explorer-la-perle-des-cyclades\/\",\"name\":\"Quatre jours magiques \u00e0 Santorin : l\u2019itin\u00e9raire\",\"isPartOf\":{\"@id\":\"https:\/\/voyage-aventure.com\/blog\/#website\"},\"primaryImageOfPage\":{\"@id\":\"https:\/\/voyage-aventure.com\/blog\/a-la-une\/quatre-jours-magiques-a-santorin-litineraire-incontournable-pour-explorer-la-perle-des-cyclades\/#primaryimage\"},\"image\":{\"@id\":\"https:\/\/voyage-aventure.com\/blog\/a-la-une\/quatre-jours-magiques-a-santorin-litineraire-incontournable-pour-explorer-la-perle-des-cyclades\/#primaryimage\"},\"thumbnailUrl\":\"https:\/\/voyage-aventure.com\/blog\/wp-content\/uploads\/2025\/07\/sdxl-3fbca5df251d8a1fe30e07eee8f1f04b-scaled.png\",\"datePublished\":\"2026-06-16T16:20:21+00:00\",\"description\":\"Quatre jours magiques \u00e0 Santorin : l\u2019itin\u00e9raire incontournable pour explorer la perle des Cyclades Caldeira en feu au cr\u00e9puscule, villages blancs\",\"inLanguage\":\"fr-FR\",\"potentialAction\":[{\"@type\":\"ReadAction\",\"target\":[\"https:\/\/voyage-aventure.com\/blog\/a-la-une\/quatre-jours-magiques-a-santorin-litineraire-incontournable-pour-explorer-la-perle-des-cyclades\/\"]}]},{\"@type\":\"ImageObject\",\"inLanguage\":\"fr-FR\",\"@id\":\"https:\/\/voyage-aventure.com\/blog\/a-la-une\/quatre-jours-magiques-a-santorin-litineraire-incontournable-pour-explorer-la-perle-des-cyclades\/#primaryimage\",\"url\":\"https:\/\/voyage-aventure.com\/blog\/wp-content\/uploads\/2025\/07\/sdxl-3fbca5df251d8a1fe30e07eee8f1f04b-scaled.png\",\"contentUrl\":\"https:\/\/voyage-aventure.com\/blog\/wp-content\/uploads\/2025\/07\/sdxl-3fbca5df251d8a1fe30e07eee8f1f04b-scaled.png\",\"width\":1200,\"height\":500},{\"@type\":\"WebSite\",\"@id\":\"https:\/\/voyage-aventure.com\/blog\/#website\",\"url\":\"https:\/\/voyage-aventure.com\/blog\/\",\"name\":\"voyage-aventure.com\",\"description\":\"Votre passeport pour l\u2019inattendu.\",\"publisher\":{\"@id\":\"https:\/\/voyage-aventure.com\/blog\/#organization\"},\"alternateName\":\"Votre passeport pour l\u2019inattendu.\",\"potentialAction\":[{\"@type\":\"SearchAction\",\"target\":{\"@type\":\"EntryPoint\",\"urlTemplate\":\"https:\/\/voyage-aventure.com\/blog\/?s={search_term_string}\"},\"query-input\":{\"@type\":\"PropertyValueSpecification\",\"valueRequired\":true,\"valueName\":\"search_term_string\"}}],\"inLanguage\":\"fr-FR\"},{\"@type\":\"Organization\",\"@id\":\"https:\/\/voyage-aventure.com\/blog\/#organization\",\"name\":\"Foretsensations.fr\",\"url\":\"https:\/\/voyage-aventure.com\/blog\/\",\"logo\":{\"@type\":\"ImageObject\",\"inLanguage\":\"fr-FR\",\"@id\":\"https:\/\/voyage-aventure.com\/blog\/#\/schema\/logo\/image\/\",\"url\":\"https:\/\/voyage-aventure.com\/blog\/wp-content\/uploads\/2024\/12\/19.png\",\"contentUrl\":\"https:\/\/voyage-aventure.com\/blog\/wp-content\/uploads\/2024\/12\/19.png\",\"width\":512,\"height\":512,\"caption\":\"Foretsensations.fr\"},\"image\":{\"@id\":\"https:\/\/voyage-aventure.com\/blog\/#\/schema\/logo\/image\/\"}},{\"@type\":\"Person\",\"@id\":\"https:\/\/voyage-aventure.com\/blog\/#\/schema\/person\/3c864cdc320801e3db34b663e7e3f816\",\"name\":\"Camille Rouvray\",\"image\":{\"@type\":\"ImageObject\",\"inLanguage\":\"fr-FR\",\"@id\":\"https:\/\/voyage-aventure.com\/blog\/#\/schema\/person\/image\/\",\"url\":\"https:\/\/voyage-aventure.com\/blog\/wp-content\/uploads\/2026\/06\/persona_camille-r-96x96.jpg\",\"contentUrl\":\"https:\/\/voyage-aventure.com\/blog\/wp-content\/uploads\/2026\/06\/persona_camille-r-96x96.jpg\",\"caption\":\"Camille Rouvray\"},\"description\":\"Je voyage et j'\u00e9cris sur le voyage depuis une douzaine d'ann\u00e9es, d'abord en tant que routarde au long cours, puis comme r\u00e9dactrice sp\u00e9cialis\u00e9e. Mon terrain de pr\u00e9dilection, ce sont les circuits organis\u00e9s et l'art de bien pr\u00e9parer un itin\u00e9raire : choix de la saison, dur\u00e9e r\u00e9aliste des \u00e9tapes, budget jour par jour, logement et transport sur place. J'aime aussi raconter les p\u00e9pites urbaines, ces adresses qu'on ne trouve pas dans les guides classiques. Avant de publier un dossier destination, je croise toujours plusieurs sources, je v\u00e9rifie les tarifs et les formalit\u00e9s d'entr\u00e9e \u00e0 jour, et je teste moi-m\u00eame quand je le peux. Mon angle reste pratique avant tout : aider le lecteur \u00e0 partir l'esprit tranquille, sans mauvaise surprise une fois sur place. Je m'attache \u00e0 distinguer le coup de c\u0153ur sinc\u00e8re du simple argument marketing.\",\"sameAs\":[\"https:\/\/camillerouvray.fr\/\"],\"url\":\"https:\/\/voyage-aventure.com\/blog\/auteur\/noname\/\"}]}<\/script>\n<!-- \/ Yoast SEO Premium plugin. -->","yoast_head_json":{"title":"Quatre jours magiques \u00e0 Santorin : l\u2019itin\u00e9raire","description":"Quatre jours magiques \u00e0 Santorin : l\u2019itin\u00e9raire incontournable pour explorer la perle des Cyclades Caldeira en feu au cr\u00e9puscule, villages blancs","robots":{"index":"index","follow":"follow","max-snippet":"max-snippet:-1","max-image-preview":"max-image-preview:large","max-video-preview":"max-video-preview:-1"},"canonical":"https:\/\/voyage-aventure.com\/blog\/a-la-une\/quatre-jours-magiques-a-santorin-litineraire-incontournable-pour-explorer-la-perle-des-cyclades\/","og_locale":"fr_FR","og_type":"article","og_title":"Quatre jours magiques \u00e0 Santorin : l\u2019itin\u00e9raire","og_description":"Quatre jours magiques \u00e0 Santorin : l\u2019itin\u00e9raire incontournable pour explorer la perle des Cyclades Caldeira en feu au cr\u00e9puscule, villages blancs","og_url":"https:\/\/voyage-aventure.com\/blog\/a-la-une\/quatre-jours-magiques-a-santorin-litineraire-incontournable-pour-explorer-la-perle-des-cyclades\/","og_site_name":"voyage-aventure","og_image":[{"width":1200,"height":500,"url":"https:\/\/voyage-aventure.com\/blog\/wp-content\/uploads\/2025\/07\/sdxl-3fbca5df251d8a1fe30e07eee8f1f04b-scaled.png","type":"image\/png"}],"author":"Camille Rouvray","twitter_card":"summary_large_image","schema":{"@context":"https:\/\/schema.org","@graph":[{"@type":"NewsArticle","@id":"https:\/\/voyage-aventure.com\/blog\/a-la-une\/quatre-jours-magiques-a-santorin-litineraire-incontournable-pour-explorer-la-perle-des-cyclades\/#article","isPartOf":{"@id":"https:\/\/voyage-aventure.com\/blog\/a-la-une\/quatre-jours-magiques-a-santorin-litineraire-incontournable-pour-explorer-la-perle-des-cyclades\/"},"author":{"name":"Camille Rouvray","@id":"https:\/\/voyage-aventure.com\/blog\/#\/schema\/person\/3c864cdc320801e3db34b663e7e3f816"},"headline":"Quatre jours magiques \u00e0 Santorin : l\u2019itin\u00e9raire incontournable pour explorer la perle des Cyclades","datePublished":"2026-06-16T16:20:21+00:00","mainEntityOfPage":{"@id":"https:\/\/voyage-aventure.com\/blog\/a-la-une\/quatre-jours-magiques-a-santorin-litineraire-incontournable-pour-explorer-la-perle-des-cyclades\/"},"wordCount":2258,"commentCount":0,"publisher":{"@id":"https:\/\/voyage-aventure.com\/blog\/#organization"},"image":{"@id":"https:\/\/voyage-aventure.com\/blog\/a-la-une\/quatre-jours-magiques-a-santorin-litineraire-incontournable-pour-explorer-la-perle-des-cyclades\/#primaryimage"},"thumbnailUrl":"https:\/\/voyage-aventure.com\/blog\/wp-content\/uploads\/2025\/07\/sdxl-3fbca5df251d8a1fe30e07eee8f1f04b-scaled.png","keywords":["Cyclades","Itin\u00e9raire","Santorin"],"articleSection":["\u00c0 la une"],"inLanguage":"fr-FR","potentialAction":[{"@type":"CommentAction","name":"Comment","target":["https:\/\/voyage-aventure.com\/blog\/a-la-une\/quatre-jours-magiques-a-santorin-litineraire-incontournable-pour-explorer-la-perle-des-cyclades\/#respond"]}]},{"@type":"WebPage","@id":"https:\/\/voyage-aventure.com\/blog\/a-la-une\/quatre-jours-magiques-a-santorin-litineraire-incontournable-pour-explorer-la-perle-des-cyclades\/","url":"https:\/\/voyage-aventure.com\/blog\/a-la-une\/quatre-jours-magiques-a-santorin-litineraire-incontournable-pour-explorer-la-perle-des-cyclades\/","name":"Quatre jours magiques \u00e0 Santorin : l\u2019itin\u00e9raire","isPartOf":{"@id":"https:\/\/voyage-aventure.com\/blog\/#website"},"primaryImageOfPage":{"@id":"https:\/\/voyage-aventure.com\/blog\/a-la-une\/quatre-jours-magiques-a-santorin-litineraire-incontournable-pour-explorer-la-perle-des-cyclades\/#primaryimage"},"image":{"@id":"https:\/\/voyage-aventure.com\/blog\/a-la-une\/quatre-jours-magiques-a-santorin-litineraire-incontournable-pour-explorer-la-perle-des-cyclades\/#primaryimage"},"thumbnailUrl":"https:\/\/voyage-aventure.com\/blog\/wp-content\/uploads\/2025\/07\/sdxl-3fbca5df251d8a1fe30e07eee8f1f04b-scaled.png","datePublished":"2026-06-16T16:20:21+00:00","description":"Quatre jours magiques \u00e0 Santorin : l\u2019itin\u00e9raire incontournable pour explorer la perle des Cyclades Caldeira en feu au cr\u00e9puscule, villages blancs","inLanguage":"fr-FR","potentialAction":[{"@type":"ReadAction","target":["https:\/\/voyage-aventure.com\/blog\/a-la-une\/quatre-jours-magiques-a-santorin-litineraire-incontournable-pour-explorer-la-perle-des-cyclades\/"]}]},{"@type":"ImageObject","inLanguage":"fr-FR","@id":"https:\/\/voyage-aventure.com\/blog\/a-la-une\/quatre-jours-magiques-a-santorin-litineraire-incontournable-pour-explorer-la-perle-des-cyclades\/#primaryimage","url":"https:\/\/voyage-aventure.com\/blog\/wp-content\/uploads\/2025\/07\/sdxl-3fbca5df251d8a1fe30e07eee8f1f04b-scaled.png","contentUrl":"https:\/\/voyage-aventure.com\/blog\/wp-content\/uploads\/2025\/07\/sdxl-3fbca5df251d8a1fe30e07eee8f1f04b-scaled.png","width":1200,"height":500},{"@type":"WebSite","@id":"https:\/\/voyage-aventure.com\/blog\/#website","url":"https:\/\/voyage-aventure.com\/blog\/","name":"voyage-aventure.com","description":"Votre passeport pour l\u2019inattendu.","publisher":{"@id":"https:\/\/voyage-aventure.com\/blog\/#organization"},"alternateName":"Votre passeport pour l\u2019inattendu.","potentialAction":[{"@type":"SearchAction","target":{"@type":"EntryPoint","urlTemplate":"https:\/\/voyage-aventure.com\/blog\/?s={search_term_string}"},"query-input":{"@type":"PropertyValueSpecification","valueRequired":true,"valueName":"search_term_string"}}],"inLanguage":"fr-FR"},{"@type":"Organization","@id":"https:\/\/voyage-aventure.com\/blog\/#organization","name":"Foretsensations.fr","url":"https:\/\/voyage-aventure.com\/blog\/","logo":{"@type":"ImageObject","inLanguage":"fr-FR","@id":"https:\/\/voyage-aventure.com\/blog\/#\/schema\/logo\/image\/","url":"https:\/\/voyage-aventure.com\/blog\/wp-content\/uploads\/2024\/12\/19.png","contentUrl":"https:\/\/voyage-aventure.com\/blog\/wp-content\/uploads\/2024\/12\/19.png","width":512,"height":512,"caption":"Foretsensations.fr"},"image":{"@id":"https:\/\/voyage-aventure.com\/blog\/#\/schema\/logo\/image\/"}},{"@type":"Person","@id":"https:\/\/voyage-aventure.com\/blog\/#\/schema\/person\/3c864cdc320801e3db34b663e7e3f816","name":"Camille Rouvray","image":{"@type":"ImageObject","inLanguage":"fr-FR","@id":"https:\/\/voyage-aventure.com\/blog\/#\/schema\/person\/image\/","url":"https:\/\/voyage-aventure.com\/blog\/wp-content\/uploads\/2026\/06\/persona_camille-r-96x96.jpg","contentUrl":"https:\/\/voyage-aventure.com\/blog\/wp-content\/uploads\/2026\/06\/persona_camille-r-96x96.jpg","caption":"Camille Rouvray"},"description":"Je voyage et j'\u00e9cris sur le voyage depuis une douzaine d'ann\u00e9es, d'abord en tant que routarde au long cours, puis comme r\u00e9dactrice sp\u00e9cialis\u00e9e. Mon terrain de pr\u00e9dilection, ce sont les circuits organis\u00e9s et l'art de bien pr\u00e9parer un itin\u00e9raire : choix de la saison, dur\u00e9e r\u00e9aliste des \u00e9tapes, budget jour par jour, logement et transport sur place. J'aime aussi raconter les p\u00e9pites urbaines, ces adresses qu'on ne trouve pas dans les guides classiques. Avant de publier un dossier destination, je croise toujours plusieurs sources, je v\u00e9rifie les tarifs et les formalit\u00e9s d'entr\u00e9e \u00e0 jour, et je teste moi-m\u00eame quand je le peux. Mon angle reste pratique avant tout : aider le lecteur \u00e0 partir l'esprit tranquille, sans mauvaise surprise une fois sur place. Je m'attache \u00e0 distinguer le coup de c\u0153ur sinc\u00e8re du simple argument marketing.","sameAs":["https:\/\/camillerouvray.fr\/"],"url":"https:\/\/voyage-aventure.com\/blog\/auteur\/noname\/"}]}},"_links":{"self":[{"href":"https:\/\/voyage-aventure.com\/blog\/wp-json\/wp\/v2\/posts\/20914","targetHints":{"allow":["GET"]}}],"collection":[{"href":"https:\/\/voyage-aventure.com\/blog\/wp-json\/wp\/v2\/posts"}],"about":[{"href":"https:\/\/voyage-aventure.com\/blog\/wp-json\/wp\/v2\/types\/post"}],"author":[{"embeddable":true,"href":"https:\/\/voyage-aventure.com\/blog\/wp-json\/wp\/v2\/users\/34"}],"replies":[{"embeddable":true,"href":"https:\/\/voyage-aventure.com\/blog\/wp-json\/wp\/v2\/comments?post=20914"}],"version-history":[{"count":2,"href":"https:\/\/voyage-aventure.com\/blog\/wp-json\/wp\/v2\/posts\/20914\/revisions"}],"predecessor-version":[{"id":23213,"href":"https:\/\/voyage-aventure.com\/blog\/wp-json\/wp\/v2\/posts\/20914\/revisions\/23213"}],"wp:featuredmedia":[{"embeddable":true,"href":"https:\/\/voyage-aventure.com\/blog\/wp-json\/wp\/v2\/media\/21032"}],"wp:attachment":[{"href":"https:\/\/voyage-aventure.com\/blog\/wp-json\/wp\/v2\/media?parent=20914"}],"wp:term":[{"taxonomy":"category","embeddable":true,"href":"https:\/\/voyage-aventure.com\/blog\/wp-json\/wp\/v2\/categories?post=20914"},{"taxonomy":"post_tag","embeddable":true,"href":"https:\/\/voyage-aventure.com\/blog\/wp-json\/wp\/v2\/tags?post=20914"}],"curies":[{"name":"wp","href":"https:\/\/api.w.org\/{rel}","templated":true}]}}