{"id":20910,"date":"2025-06-14T02:45:52","date_gmt":"2025-06-14T00:45:52","guid":{"rendered":"https:\/\/voyage-aventure.com\/blog\/a-la-une\/cheval-en-demi-pension-combien-coute-reellement-ce-partage-equin\/"},"modified":"2025-06-14T02:45:52","modified_gmt":"2025-06-14T00:45:52","slug":"cheval-en-demi-pension-combien-coute-reellement-ce-partage-equin","status":"publish","type":"post","link":"https:\/\/voyage-aventure.com\/blog\/a-la-une\/cheval-en-demi-pension-combien-coute-reellement-ce-partage-equin\/","title":{"rendered":"Cheval en demi-pension : combien co\u00fbte r\u00e9ellement ce partage \u00e9quin ?"},"content":{"rendered":"<h1>Cheval en demi-pension : combien co\u00fbte r\u00e9ellement ce partage \u00e9quin ?<\/h1>\n<h2>Fourchettes de prix selon le lieu et la formule<\/h2>\n<p>\n    Le tarif d\u2019une <strong>demi-pension cheval<\/strong> en France \u00e9volue sensiblement suivant la <strong>localisation<\/strong> et le <strong>contexte d\u2019accueil<\/strong>. Les cavaliers bas\u00e9s en <u>zone rurale<\/u> b\u00e9n\u00e9ficient souvent de montants plus contenus, avec des contributions mensuelles oscillant entre <strong>50 \u20ac et 150 \u20ac<\/strong>. \u00c0 l\u2019oppos\u00e9, dans les agglom\u00e9rations ou les p\u00e9riph\u00e9ries urbaines actives, ce montant grimpe couramment vers <strong>200 \u20ac par mois<\/strong>, en raison de la raret\u00e9 des installations et de la demande soutenue.\n  <\/p>\n<p>\n    Certaines formules, particuli\u00e8rement en <strong>\u00e9curie priv\u00e9e<\/strong> ou pour les chevaux de propri\u00e9taire hors club, affichent des tarifs sup\u00e9rieurs. Le co\u00fbt moyen constat\u00e9 en 2025 pour une demi-pension sur un cheval de bon niveau s\u2019\u00e9tablit g\u00e9n\u00e9ralement entre <strong>150 \u20ac et 300 \u20ac par mois<\/strong>. Pour les chevaux de comp\u00e9tition, la note peut ais\u00e9ment d\u00e9passer les <strong>300 \u20ac \u00e0 500 \u20ac mensuels<\/strong>, notamment pour des sujets valoris\u00e9s avec des prestations compl\u00e9mentaires (coaching, sorties en concours). \u00c0 titre d\u2019exemple concret, la demi-pension d\u2019un cheval Selle Fran\u00e7ais de 12 ans, bien valoris\u00e9, se n\u00e9gocie r\u00e9guli\u00e8rement autour de <strong>120 \u20ac \u00e0 250 \u20ac<\/strong> selon la r\u00e9gion et l\u2019infrastructure qui l\u2019accueille.\n  <\/p>\n<ul>\n<li><strong>Zone rurale :<\/strong> 50 \u20ac \u00e0 150 \u20ac\/mois (ex. Normandie, Loire-Atlantique pour des chevaux au pr\u00e9 sans prestations haut de gamme)<\/li>\n<li><strong>Zone urbaine\/p\u00e9riurbaine :<\/strong> 180 \u20ac \u00e0 300 \u20ac\/mois (ex. aux environs de Bordeaux, Lyon, Lille)<\/li>\n<li><strong>Demi-pension comp\u00e9tition :<\/strong> 300 \u20ac \u00e0 500 \u20ac (et parfois plus, surtout en r\u00e9gion parisienne ou PACA)<\/li>\n<\/ul>\n<h2>Ce qui est inclus dans le prix d\u2019une demi-pension cheval<\/h2>\n<p>\n    La souscription \u00e0 une <strong>demi-pension<\/strong> s\u2019accompagne d\u2019un ensemble de prestations, variables selon l\u2019offre. En r\u00e8gle g\u00e9n\u00e9rale, la contribution mensuelle comprend la prise en charge d\u2019une part de l\u2019<strong>entretien quotidien de l\u2019animal<\/strong>\u00a0: son alimentation, l\u2019acc\u00e8s aux infrastructures de l\u2019\u00e9curie, et l\u2019utilisation du mat\u00e9riel de base (selle, filet, brosses). Les <strong>soins courants<\/strong> (curage des sabots, pansage, surveillance), ainsi qu\u2019une fraction des frais de <strong>mar\u00e9chalerie<\/strong> sont souvent int\u00e9gr\u00e9s dans la formule.\n  <\/p>\n<p>\n    Certains accords incluent sp\u00e9cifiquement la participation \u00e0 l\u2019ensemble des <strong>frais de pension<\/strong>, mais la gestion des d\u00e9penses annexes d\u00e9pend parfois d\u2019une n\u00e9gociation pr\u00e9cise\u00a0: la participation \u00e0 la vaccination, les vermifuges saisonniers, ou encore l\u2019acc\u00e8s \u00e0 des prestations additionnelles comme les <strong>cours encadr\u00e9s<\/strong> et les <strong>engagements en concours<\/strong>, peuvent faire l\u2019objet d\u2019un suppl\u00e9ment ou d\u2019une facturation distincte.\n  <\/p>\n<ul>\n<li><strong>Entretien hebdomadaire du cheval<\/strong> (nourriture, h\u00e9bergement, soins de base)<\/li>\n<li><strong>Acc\u00e8s aux infrastructures<\/strong>\u00a0: carri\u00e8res, man\u00e8ges, selleries s\u00e9curis\u00e9es<\/li>\n<li><strong>Mat\u00e9riel de base fourni<\/strong> (selle, bride, licol, longe selon l\u2019accord)<\/li>\n<li><strong>Soins quotidiens<\/strong> et veille sanitaire syst\u00e9matis\u00e9s<\/li>\n<li>Participation \u00e9ventuelle aux <strong>frais de mar\u00e9chalerie<\/strong> et d\u2019entretien du pied<\/li>\n<li>Options possibles\u00a0: <strong>cours collectifs, sorties concours, soins v\u00e9t\u00e9rinaires sp\u00e9cifiques<\/strong><\/li>\n<\/ul>\n<h2>Facteurs qui font varier les tarifs de demi-pension<\/h2>\n<p>\n    L\u2019analyse du <strong>co\u00fbt d\u2019une demi-pension<\/strong> met en lumi\u00e8re des facteurs de variation tr\u00e8s marqu\u00e9s, qui modulent la facture finale du demi-pensionnaire. Le premier crit\u00e8re reste <u>la localisation g\u00e9ographique<\/u>\u00a0: en \u00cele-de-France ou sur la C\u00f4te d\u2019Azur, la pression immobili\u00e8re et la demande expliquent des prix nettement sup\u00e9rieurs \u00e0 ceux observ\u00e9s dans le Massif central ou la Charente.\n  <\/p>\n<p>\n    \u00c0 cette disparit\u00e9 s\u2019ajoute la <strong>qualit\u00e9 de l\u2019infrastructure<\/strong>\u00a0: pension en box avec sorties quotidiennes, acc\u00e8s aux pr\u00e9s en saison, man\u00e8ge couvert, et niveau d\u2019\u00e9quipement g\u00e9n\u00e9ral jouent un r\u00f4le d\u00e9terminant. Le <strong>niveau d\u2019entra\u00eenement du cheval<\/strong>, sa valeur en comp\u00e9tition, ou la sp\u00e9cialisation recherch\u00e9e (saut d\u2019obstacles, dressage, CCE) entra\u00eenent des \u00e9carts de prix significatifs, tout comme le <strong>nombre de jours d\u2019usage par semaine autoris\u00e9<\/strong> pour le demi-pensionnaire.\n  <\/p>\n<ul>\n<li><strong>Emplacement g\u00e9ographique<\/strong>\u00a0: zones urbaines plus ch\u00e8res<\/li>\n<li><strong>Type d\u2019h\u00e9bergement<\/strong>\u00a0: box individuel, paddock collectif, formule pr\u00e9<\/li>\n<li><strong>Niveau sportif ou loisir<\/strong>\u00a0: cheval de comp\u00e9tition ou cheval de balade<\/li>\n<li><strong>Partage des frais de sant\u00e9<\/strong>\u00a0: mar\u00e9chalerie, v\u00e9t\u00e9rinaire, ost\u00e9opathe<\/li>\n<li><strong>Flexibilit\u00e9 de l\u2019acc\u00e8s<\/strong>\u00a0: nombre de jours d\u2019utilisation, horaires<\/li>\n<li><strong>Prestations optionnelles<\/strong> (coaching, stage)<\/li>\n<\/ul>\n<h2>R\u00e8gles de partage des frais et responsabilit\u00e9s<\/h2>\n<p>\n    La <strong>r\u00e9partition des charges financi\u00e8res<\/strong> dans une demi-pension ne s\u2019\u00e9tablit pas n\u00e9cessairement \u00e0 parts \u00e9gales. Beaucoup de propri\u00e9taires optent pour un <u>calcul proportionnel<\/u>, adapt\u00e9 \u00e0 la fr\u00e9quence de pr\u00e9sence du demi-pensionnaire ou aux responsabilit\u00e9s partag\u00e9es. Cette cl\u00e9 de r\u00e9partition concerne, outre la pension pure, les soins sp\u00e9cialis\u00e9s\u00a0: ferrures orthop\u00e9diques, compl\u00e9ments alimentaires, interventions v\u00e9t\u00e9rinaires impr\u00e9vues, voire renouvellement du mat\u00e9riel us\u00e9.\n  <\/p>\n<p>\n    Il n\u2019est pas rare que le contrat de demi-pension pr\u00e9cise la gestion des impr\u00e9vus, notamment les accidents ou blessures survenus pendant les s\u00e9ances du demi-pensionnaire. Certains propri\u00e9taires exigent une franchise ou une participation ponctuelle, ce qui peut majorer sensiblement les frais en cas de souci de sant\u00e9. L\u2019assurance sp\u00e9cifique ou la responsabilit\u00e9 civile adapt\u00e9e sont parfois exig\u00e9es d\u00e8s la signature.\n  <\/p>\n<ul>\n<li><strong>Participation variable selon le type de frais<\/strong> (aliments, soins, \u00e9quipement)<\/li>\n<li><strong>Cl\u00e9 de r\u00e9partition<\/strong> adapt\u00e9e (temps pass\u00e9, utilisation, responsabilit\u00e9)<\/li>\n<li><strong>Gestion des impr\u00e9vus<\/strong>\u00a0: franchise, partage, ou assurance sp\u00e9cifique obligatoire<\/li>\n<li><strong>Formalisation par contrat \u00e9crit avec clauses pr\u00e9cises<\/strong><\/li>\n<\/ul>\n<h2>Comparaison entre demi-pension en club et avec un propri\u00e9taire<\/h2>\n<p>\n    Il existe une nette diff\u00e9rence entre la <strong>demi-pension en centre \u00e9questre<\/strong> et celle conclue directement avec un particulier. En club, la formule offre un <u>encadrement professionnel<\/u>, un suivi r\u00e9gulier et des tarifs souvent plus accessibles (de 100 \u20ac \u00e0 200 \u20ac mensuels, mat\u00e9riel et acc\u00e8s inclus), mais l\u2019autonomie du demi-pensionnaire sur le cheval reste limit\u00e9e par la politique de l\u2019\u00e9tablissement.\n  <\/p>\n<p>\n    \u00c0 l\u2019oppos\u00e9, souscrire une demi-pension avec un <strong>propri\u00e9taire priv\u00e9<\/strong> augmente la contribution financi\u00e8re mais accorde davantage de libert\u00e9, \u00e0 la fois dans l\u2019organisation des s\u00e9ances et la gestion quotidienne du cheval. La relation s\u2019en trouve plus personnalis\u00e9e et responsabilisante, avec la possibilit\u00e9 de participer \u00e0 l\u2019entretien global du cheval, d\u2019adapter l\u2019emploi du temps et d\u2019explorer des disciplines particuli\u00e8res, voire d\u2019initier des sorties en comp\u00e9tition. Chez un propri\u00e9taire, la fourchette de prix observ\u00e9e s\u2019\u00e9tend couramment de 150 \u20ac \u00e0 350 \u20ac, parfois plus pour les chevaux valoris\u00e9s.\n  <\/p>\n<ul>\n<li><strong>Centre \u00e9questre<\/strong>\u00a0: tarif plus bas, cadre structurant, moins d\u2019autonomie<\/li>\n<li><strong>Propri\u00e9taire priv\u00e9<\/strong>\u00a0: co\u00fbt sup\u00e9rieur, libert\u00e9 accrue, implication plus forte<\/li>\n<li>Exemple\u00a0: <u>Demi-pension sur poney en club autour de Nantes, 110 \u20ac par mois\u00a0; DP sur cheval de loisir chez particulier \u00e0 Toulouse, 180 \u20ac ; DP sur cheval d\u2019obstacle en \u00cele-de-France, 350 \u20ac en propri\u00e9taire<\/u><\/li>\n<\/ul>\n<h2>Budget \u00e0 pr\u00e9voir au-del\u00e0 du tarif mensuel affich\u00e9<\/h2>\n<p>\n    Il ne suffit pas de s\u2019en tenir \u00e0 la <strong>mensualit\u00e9<\/strong> pour \u00e9valuer toute l\u2019ampleur de l\u2019engagement financier. Le demi-pensionnaire devra anticiper un ensemble de <strong>frais ponctuels<\/strong> li\u00e9s \u00e0 sa pratique\u00a0: achat de mat\u00e9riel adapt\u00e9 (bombe, bottes techniques, gants certifi\u00e9s), participation \u00e0 des stages th\u00e9matiques ou concours, renouvellement de textile ou d\u2019\u00e9quipements de s\u00e9curit\u00e9, part sur les visites v\u00e9t\u00e9rinaires d\u2019urgence ou de routine, prise en charge de certains m\u00e9dicaments ou compl\u00e9ments.\n  <\/p>\n<p>\n    Beaucoup d\u2019\u00e9curies et de propri\u00e9taires exigent la souscription \u00e0 une <strong>assurance responsabilit\u00e9 civile<\/strong> d\u00e9di\u00e9e, couvrant les dommages potentiellement caus\u00e9s par le cheval durant l\u2019usage du demi-pensionnaire. Ces frais, peu visibles lors de la n\u00e9gociation, constituent pourtant des postes de d\u00e9pense non n\u00e9gligeables dans la dur\u00e9e.\n  <\/p>\n<ul>\n<li><strong>\u00c9quipements personnels<\/strong> (casque homologu\u00e9, gilet de protection, v\u00eatements techniques)<\/li>\n<li><strong>Frais annexes<\/strong> pour stages, encadrement priv\u00e9 ou comp\u00e9titions locales<\/li>\n<li><strong>Participation \u00e0 certains soins ou renouvellement du mat\u00e9riel<\/strong><\/li>\n<li><strong>Assurance RC adapt\u00e9e<\/strong> (option exig\u00e9e dans 85\u00a0% des contrats en 2025)<\/li>\n<\/ul>\n<h2>Conseils pour n\u00e9gocier sa demi-pension et \u00e9viter les mauvaises surprises<\/h2>\n<p>\n    Nous recommandons de <strong>pr\u00e9ciser d\u00e8s le d\u00e9part<\/strong> avec le propri\u00e9taire ou le centre \u00e9questre l\u2019ensemble des clauses financi\u00e8res et organisationnelles. Une transparence totale sur ce qui est inclus, ce qui ne l\u2019est pas, le calendrier de paiement, la r\u00e9partition des charges extraordinaires et la personne responsable en cas de litige, limite consid\u00e9rablement les d\u00e9convenues.\n  <\/p>\n<p>\n    Chaque contrat devrait comporter la <strong>liste exhaustive des prestations comprises<\/strong>, le mode de r\u00e8glement des suppl\u00e9ments, le d\u00e9tail des assurances attendues, ainsi que la gestion des absences ou indisponibilit\u00e9s du cheval. Cela \u00e9vite toute confusion lorsqu\u2019une blessure, un d\u00e9placement ou un changement de programme interviennent.\n  <\/p>\n<ul>\n<li><strong>R\u00e9diger un contrat pr\u00e9cis<\/strong> (jours d\u2019utilisation, responsabilit\u00e9s, frais annexes)<\/li>\n<li><strong>V\u00e9rifier la couverture d\u2019assurance<\/strong> et exiger une copie de l\u2019attestation<\/li>\n<li><strong>Anticiper les p\u00e9riodes creuses<\/strong> (vacances scolaires, intemp\u00e9ries) et leur impact sur le planning<\/li>\n<li><strong>Solliciter un \u00e9tat des lieux du mat\u00e9riel fourni<\/strong> pour clarifier la responsabilit\u00e9 en cas de casse<\/li>\n<\/ul>\n<h2>Mon avis sur la rentabilit\u00e9 de la demi-pension \u00e9quine<\/h2>\n<p>\n    \u00c0 l\u2019analyse, la formule de la <strong>demi-pension cheval<\/strong> en France demeure tr\u00e8s int\u00e9ressante pour les cavaliers souhaitant s\u2019investir durablement sans supporter l\u2019enti\u00e8ret\u00e9 des contraintes de l\u2019achat et de l\u2019entretien. Ce mod\u00e8le permet de b\u00e9n\u00e9ficier de la relation privil\u00e9gi\u00e9e qu\u2019offre un cheval attitr\u00e9, tout en contr\u00f4lant son budget et en adaptant la d\u00e9pense \u00e0 ses ambitions sportives. L\u2019int\u00e9r\u00eat \u00e9conomique est manifeste, notamment en r\u00e9gion rurale et sur des chevaux de loisir. Pour les comp\u00e9titeurs ou les amateurs de haut niveau, le co\u00fbt s\u2019aligne assez rapidement sur une pension propri\u00e9taire, mais l\u2019investissement en \u00e9motions et en progression technique le justifie, \u00e0 condition de bien baliser l\u2019accord initial.\n  <\/p>\n<p>\n    En r\u00e9sum\u00e9, s\u2019engager en demi-pension suppose une vigilance accrue sur les conditions contractuelles, la clart\u00e9 des responsabilit\u00e9s et la pr\u00e9vision d\u2019un budget r\u00e9aliste au-del\u00e0 de la seule mensualit\u00e9. Si la relation avec le propri\u00e9taire est de confiance et le contrat pr\u00e9cis, la demi-pension peut se r\u00e9v\u00e9ler \u00eatre la formule la plus \u00e9quilibr\u00e9e pour vivre pleinement sa passion \u00e9questre.\n  <\/p>\n","protected":false},"excerpt":{"rendered":"","protected":false},"author":34,"featured_media":21067,"comment_status":"open","ping_status":"open","sticky":false,"template":"","format":"standard","meta":{"_acf_changed":false,"manual_indexmenow":false,"indexmenow_id_project":0,"footnotes":""},"categories":[1],"tags":[6440,6441,6439],"class_list":["post-20910","post","type-post","status-publish","format-standard","has-post-thumbnail","hentry","category-a-la-une","tag-cheval","tag-cout","tag-demi-pension","generate-columns","tablet-grid-50","mobile-grid-100","grid-parent","grid-25"],"acf":[],"yoast_head":"<!-- This site is optimized with the Yoast SEO Premium plugin v21.3 (Yoast SEO v25.1) - https:\/\/yoast.com\/wordpress\/plugins\/seo\/ -->\n<title>Cheval en demi-pension : combien co\u00fbte r\u00e9ellement ce<\/title>\n<meta name=\"description\" content=\"Cheval en demi-pension : combien co\u00fbte r\u00e9ellement ce partage \u00e9quin ? Fourchettes de prix selon le lieu et la formule\" \/>\n<meta name=\"robots\" content=\"index, follow, max-snippet:-1, max-image-preview:large, max-video-preview:-1\" \/>\n<link rel=\"canonical\" href=\"https:\/\/voyage-aventure.com\/blog\/a-la-une\/cheval-en-demi-pension-combien-coute-reellement-ce-partage-equin\/\" \/>\n<meta property=\"og:locale\" content=\"fr_FR\" \/>\n<meta property=\"og:type\" content=\"article\" \/>\n<meta property=\"og:title\" content=\"Cheval en demi-pension : combien co\u00fbte r\u00e9ellement ce\" \/>\n<meta property=\"og:description\" content=\"Cheval en demi-pension : combien co\u00fbte r\u00e9ellement ce partage \u00e9quin ? Fourchettes de prix selon le lieu et la formule\" \/>\n<meta property=\"og:url\" content=\"https:\/\/voyage-aventure.com\/blog\/a-la-une\/cheval-en-demi-pension-combien-coute-reellement-ce-partage-equin\/\" \/>\n<meta property=\"og:site_name\" content=\"voyage-aventure\" \/>\n<meta property=\"og:image\" content=\"https:\/\/voyage-aventure.com\/blog\/wp-content\/uploads\/2025\/07\/sdxl-1e971db4ec43877b4ec323bf73bba2be-scaled.png\" \/>\n\t<meta property=\"og:image:width\" content=\"1200\" \/>\n\t<meta property=\"og:image:height\" content=\"500\" \/>\n\t<meta property=\"og:image:type\" content=\"image\/png\" \/>\n<meta name=\"author\" content=\"Camille Rouvray\" \/>\n<meta name=\"twitter:card\" content=\"summary_large_image\" \/>\n<script type=\"application\/ld+json\" class=\"yoast-schema-graph\">{\"@context\":\"https:\/\/schema.org\",\"@graph\":[{\"@type\":\"NewsArticle\",\"@id\":\"https:\/\/voyage-aventure.com\/blog\/a-la-une\/cheval-en-demi-pension-combien-coute-reellement-ce-partage-equin\/#article\",\"isPartOf\":{\"@id\":\"https:\/\/voyage-aventure.com\/blog\/a-la-une\/cheval-en-demi-pension-combien-coute-reellement-ce-partage-equin\/\"},\"author\":{\"name\":\"Camille Rouvray\",\"@id\":\"https:\/\/voyage-aventure.com\/blog\/#\/schema\/person\/3c864cdc320801e3db34b663e7e3f816\"},\"headline\":\"Cheval en demi-pension : combien co\u00fbte r\u00e9ellement ce partage \u00e9quin ?\",\"datePublished\":\"2025-06-14T00:45:52+00:00\",\"mainEntityOfPage\":{\"@id\":\"https:\/\/voyage-aventure.com\/blog\/a-la-une\/cheval-en-demi-pension-combien-coute-reellement-ce-partage-equin\/\"},\"wordCount\":1682,\"commentCount\":0,\"publisher\":{\"@id\":\"https:\/\/voyage-aventure.com\/blog\/#organization\"},\"image\":{\"@id\":\"https:\/\/voyage-aventure.com\/blog\/a-la-une\/cheval-en-demi-pension-combien-coute-reellement-ce-partage-equin\/#primaryimage\"},\"thumbnailUrl\":\"https:\/\/voyage-aventure.com\/blog\/wp-content\/uploads\/2025\/07\/sdxl-1e971db4ec43877b4ec323bf73bba2be-scaled.png\",\"keywords\":[\"cheval\",\"cout\",\"demi pension\"],\"articleSection\":[\"\u00c0 la une\"],\"inLanguage\":\"fr-FR\",\"potentialAction\":[{\"@type\":\"CommentAction\",\"name\":\"Comment\",\"target\":[\"https:\/\/voyage-aventure.com\/blog\/a-la-une\/cheval-en-demi-pension-combien-coute-reellement-ce-partage-equin\/#respond\"]}]},{\"@type\":\"WebPage\",\"@id\":\"https:\/\/voyage-aventure.com\/blog\/a-la-une\/cheval-en-demi-pension-combien-coute-reellement-ce-partage-equin\/\",\"url\":\"https:\/\/voyage-aventure.com\/blog\/a-la-une\/cheval-en-demi-pension-combien-coute-reellement-ce-partage-equin\/\",\"name\":\"Cheval en demi-pension : combien co\u00fbte r\u00e9ellement ce\",\"isPartOf\":{\"@id\":\"https:\/\/voyage-aventure.com\/blog\/#website\"},\"primaryImageOfPage\":{\"@id\":\"https:\/\/voyage-aventure.com\/blog\/a-la-une\/cheval-en-demi-pension-combien-coute-reellement-ce-partage-equin\/#primaryimage\"},\"image\":{\"@id\":\"https:\/\/voyage-aventure.com\/blog\/a-la-une\/cheval-en-demi-pension-combien-coute-reellement-ce-partage-equin\/#primaryimage\"},\"thumbnailUrl\":\"https:\/\/voyage-aventure.com\/blog\/wp-content\/uploads\/2025\/07\/sdxl-1e971db4ec43877b4ec323bf73bba2be-scaled.png\",\"datePublished\":\"2025-06-14T00:45:52+00:00\",\"description\":\"Cheval en demi-pension : combien co\u00fbte r\u00e9ellement ce partage \u00e9quin ? Fourchettes de prix selon le lieu et la formule\",\"inLanguage\":\"fr-FR\",\"potentialAction\":[{\"@type\":\"ReadAction\",\"target\":[\"https:\/\/voyage-aventure.com\/blog\/a-la-une\/cheval-en-demi-pension-combien-coute-reellement-ce-partage-equin\/\"]}]},{\"@type\":\"ImageObject\",\"inLanguage\":\"fr-FR\",\"@id\":\"https:\/\/voyage-aventure.com\/blog\/a-la-une\/cheval-en-demi-pension-combien-coute-reellement-ce-partage-equin\/#primaryimage\",\"url\":\"https:\/\/voyage-aventure.com\/blog\/wp-content\/uploads\/2025\/07\/sdxl-1e971db4ec43877b4ec323bf73bba2be-scaled.png\",\"contentUrl\":\"https:\/\/voyage-aventure.com\/blog\/wp-content\/uploads\/2025\/07\/sdxl-1e971db4ec43877b4ec323bf73bba2be-scaled.png\",\"width\":1200,\"height\":500},{\"@type\":\"WebSite\",\"@id\":\"https:\/\/voyage-aventure.com\/blog\/#website\",\"url\":\"https:\/\/voyage-aventure.com\/blog\/\",\"name\":\"voyage-aventure.com\",\"description\":\"Votre passeport pour l\u2019inattendu.\",\"publisher\":{\"@id\":\"https:\/\/voyage-aventure.com\/blog\/#organization\"},\"alternateName\":\"Votre passeport pour l\u2019inattendu.\",\"potentialAction\":[{\"@type\":\"SearchAction\",\"target\":{\"@type\":\"EntryPoint\",\"urlTemplate\":\"https:\/\/voyage-aventure.com\/blog\/?s={search_term_string}\"},\"query-input\":{\"@type\":\"PropertyValueSpecification\",\"valueRequired\":true,\"valueName\":\"search_term_string\"}}],\"inLanguage\":\"fr-FR\"},{\"@type\":\"Organization\",\"@id\":\"https:\/\/voyage-aventure.com\/blog\/#organization\",\"name\":\"Foretsensations.fr\",\"url\":\"https:\/\/voyage-aventure.com\/blog\/\",\"logo\":{\"@type\":\"ImageObject\",\"inLanguage\":\"fr-FR\",\"@id\":\"https:\/\/voyage-aventure.com\/blog\/#\/schema\/logo\/image\/\",\"url\":\"https:\/\/voyage-aventure.com\/blog\/wp-content\/uploads\/2024\/12\/19.png\",\"contentUrl\":\"https:\/\/voyage-aventure.com\/blog\/wp-content\/uploads\/2024\/12\/19.png\",\"width\":512,\"height\":512,\"caption\":\"Foretsensations.fr\"},\"image\":{\"@id\":\"https:\/\/voyage-aventure.com\/blog\/#\/schema\/logo\/image\/\"}},{\"@type\":\"Person\",\"@id\":\"https:\/\/voyage-aventure.com\/blog\/#\/schema\/person\/3c864cdc320801e3db34b663e7e3f816\",\"name\":\"Camille Rouvray\",\"image\":{\"@type\":\"ImageObject\",\"inLanguage\":\"fr-FR\",\"@id\":\"https:\/\/voyage-aventure.com\/blog\/#\/schema\/person\/image\/\",\"url\":\"https:\/\/voyage-aventure.com\/blog\/wp-content\/uploads\/2026\/06\/persona_camille-r-96x96.jpg\",\"contentUrl\":\"https:\/\/voyage-aventure.com\/blog\/wp-content\/uploads\/2026\/06\/persona_camille-r-96x96.jpg\",\"caption\":\"Camille Rouvray\"},\"description\":\"Je voyage et j'\u00e9cris sur le voyage depuis une douzaine d'ann\u00e9es, d'abord en tant que routarde au long cours, puis comme r\u00e9dactrice sp\u00e9cialis\u00e9e. Mon terrain de pr\u00e9dilection, ce sont les circuits organis\u00e9s et l'art de bien pr\u00e9parer un itin\u00e9raire : choix de la saison, dur\u00e9e r\u00e9aliste des \u00e9tapes, budget jour par jour, logement et transport sur place. J'aime aussi raconter les p\u00e9pites urbaines, ces adresses qu'on ne trouve pas dans les guides classiques. Avant de publier un dossier destination, je croise toujours plusieurs sources, je v\u00e9rifie les tarifs et les formalit\u00e9s d'entr\u00e9e \u00e0 jour, et je teste moi-m\u00eame quand je le peux. Mon angle reste pratique avant tout : aider le lecteur \u00e0 partir l'esprit tranquille, sans mauvaise surprise une fois sur place. Je m'attache \u00e0 distinguer le coup de c\u0153ur sinc\u00e8re du simple argument marketing.\",\"sameAs\":[\"https:\/\/camillerouvray.fr\/\"],\"url\":\"https:\/\/voyage-aventure.com\/blog\/auteur\/noname\/\"}]}<\/script>\n<!-- \/ Yoast SEO Premium plugin. -->","yoast_head_json":{"title":"Cheval en demi-pension : combien co\u00fbte r\u00e9ellement ce","description":"Cheval en demi-pension : combien co\u00fbte r\u00e9ellement ce partage \u00e9quin ? Fourchettes de prix selon le lieu et la formule","robots":{"index":"index","follow":"follow","max-snippet":"max-snippet:-1","max-image-preview":"max-image-preview:large","max-video-preview":"max-video-preview:-1"},"canonical":"https:\/\/voyage-aventure.com\/blog\/a-la-une\/cheval-en-demi-pension-combien-coute-reellement-ce-partage-equin\/","og_locale":"fr_FR","og_type":"article","og_title":"Cheval en demi-pension : combien co\u00fbte r\u00e9ellement ce","og_description":"Cheval en demi-pension : combien co\u00fbte r\u00e9ellement ce partage \u00e9quin ? Fourchettes de prix selon le lieu et la formule","og_url":"https:\/\/voyage-aventure.com\/blog\/a-la-une\/cheval-en-demi-pension-combien-coute-reellement-ce-partage-equin\/","og_site_name":"voyage-aventure","og_image":[{"width":1200,"height":500,"url":"https:\/\/voyage-aventure.com\/blog\/wp-content\/uploads\/2025\/07\/sdxl-1e971db4ec43877b4ec323bf73bba2be-scaled.png","type":"image\/png"}],"author":"Camille Rouvray","twitter_card":"summary_large_image","schema":{"@context":"https:\/\/schema.org","@graph":[{"@type":"NewsArticle","@id":"https:\/\/voyage-aventure.com\/blog\/a-la-une\/cheval-en-demi-pension-combien-coute-reellement-ce-partage-equin\/#article","isPartOf":{"@id":"https:\/\/voyage-aventure.com\/blog\/a-la-une\/cheval-en-demi-pension-combien-coute-reellement-ce-partage-equin\/"},"author":{"name":"Camille Rouvray","@id":"https:\/\/voyage-aventure.com\/blog\/#\/schema\/person\/3c864cdc320801e3db34b663e7e3f816"},"headline":"Cheval en demi-pension : combien co\u00fbte r\u00e9ellement ce partage \u00e9quin ?","datePublished":"2025-06-14T00:45:52+00:00","mainEntityOfPage":{"@id":"https:\/\/voyage-aventure.com\/blog\/a-la-une\/cheval-en-demi-pension-combien-coute-reellement-ce-partage-equin\/"},"wordCount":1682,"commentCount":0,"publisher":{"@id":"https:\/\/voyage-aventure.com\/blog\/#organization"},"image":{"@id":"https:\/\/voyage-aventure.com\/blog\/a-la-une\/cheval-en-demi-pension-combien-coute-reellement-ce-partage-equin\/#primaryimage"},"thumbnailUrl":"https:\/\/voyage-aventure.com\/blog\/wp-content\/uploads\/2025\/07\/sdxl-1e971db4ec43877b4ec323bf73bba2be-scaled.png","keywords":["cheval","cout","demi pension"],"articleSection":["\u00c0 la une"],"inLanguage":"fr-FR","potentialAction":[{"@type":"CommentAction","name":"Comment","target":["https:\/\/voyage-aventure.com\/blog\/a-la-une\/cheval-en-demi-pension-combien-coute-reellement-ce-partage-equin\/#respond"]}]},{"@type":"WebPage","@id":"https:\/\/voyage-aventure.com\/blog\/a-la-une\/cheval-en-demi-pension-combien-coute-reellement-ce-partage-equin\/","url":"https:\/\/voyage-aventure.com\/blog\/a-la-une\/cheval-en-demi-pension-combien-coute-reellement-ce-partage-equin\/","name":"Cheval en demi-pension : combien co\u00fbte r\u00e9ellement ce","isPartOf":{"@id":"https:\/\/voyage-aventure.com\/blog\/#website"},"primaryImageOfPage":{"@id":"https:\/\/voyage-aventure.com\/blog\/a-la-une\/cheval-en-demi-pension-combien-coute-reellement-ce-partage-equin\/#primaryimage"},"image":{"@id":"https:\/\/voyage-aventure.com\/blog\/a-la-une\/cheval-en-demi-pension-combien-coute-reellement-ce-partage-equin\/#primaryimage"},"thumbnailUrl":"https:\/\/voyage-aventure.com\/blog\/wp-content\/uploads\/2025\/07\/sdxl-1e971db4ec43877b4ec323bf73bba2be-scaled.png","datePublished":"2025-06-14T00:45:52+00:00","description":"Cheval en demi-pension : combien co\u00fbte r\u00e9ellement ce partage \u00e9quin ? Fourchettes de prix selon le lieu et la formule","inLanguage":"fr-FR","potentialAction":[{"@type":"ReadAction","target":["https:\/\/voyage-aventure.com\/blog\/a-la-une\/cheval-en-demi-pension-combien-coute-reellement-ce-partage-equin\/"]}]},{"@type":"ImageObject","inLanguage":"fr-FR","@id":"https:\/\/voyage-aventure.com\/blog\/a-la-une\/cheval-en-demi-pension-combien-coute-reellement-ce-partage-equin\/#primaryimage","url":"https:\/\/voyage-aventure.com\/blog\/wp-content\/uploads\/2025\/07\/sdxl-1e971db4ec43877b4ec323bf73bba2be-scaled.png","contentUrl":"https:\/\/voyage-aventure.com\/blog\/wp-content\/uploads\/2025\/07\/sdxl-1e971db4ec43877b4ec323bf73bba2be-scaled.png","width":1200,"height":500},{"@type":"WebSite","@id":"https:\/\/voyage-aventure.com\/blog\/#website","url":"https:\/\/voyage-aventure.com\/blog\/","name":"voyage-aventure.com","description":"Votre passeport pour l\u2019inattendu.","publisher":{"@id":"https:\/\/voyage-aventure.com\/blog\/#organization"},"alternateName":"Votre passeport pour l\u2019inattendu.","potentialAction":[{"@type":"SearchAction","target":{"@type":"EntryPoint","urlTemplate":"https:\/\/voyage-aventure.com\/blog\/?s={search_term_string}"},"query-input":{"@type":"PropertyValueSpecification","valueRequired":true,"valueName":"search_term_string"}}],"inLanguage":"fr-FR"},{"@type":"Organization","@id":"https:\/\/voyage-aventure.com\/blog\/#organization","name":"Foretsensations.fr","url":"https:\/\/voyage-aventure.com\/blog\/","logo":{"@type":"ImageObject","inLanguage":"fr-FR","@id":"https:\/\/voyage-aventure.com\/blog\/#\/schema\/logo\/image\/","url":"https:\/\/voyage-aventure.com\/blog\/wp-content\/uploads\/2024\/12\/19.png","contentUrl":"https:\/\/voyage-aventure.com\/blog\/wp-content\/uploads\/2024\/12\/19.png","width":512,"height":512,"caption":"Foretsensations.fr"},"image":{"@id":"https:\/\/voyage-aventure.com\/blog\/#\/schema\/logo\/image\/"}},{"@type":"Person","@id":"https:\/\/voyage-aventure.com\/blog\/#\/schema\/person\/3c864cdc320801e3db34b663e7e3f816","name":"Camille Rouvray","image":{"@type":"ImageObject","inLanguage":"fr-FR","@id":"https:\/\/voyage-aventure.com\/blog\/#\/schema\/person\/image\/","url":"https:\/\/voyage-aventure.com\/blog\/wp-content\/uploads\/2026\/06\/persona_camille-r-96x96.jpg","contentUrl":"https:\/\/voyage-aventure.com\/blog\/wp-content\/uploads\/2026\/06\/persona_camille-r-96x96.jpg","caption":"Camille Rouvray"},"description":"Je voyage et j'\u00e9cris sur le voyage depuis une douzaine d'ann\u00e9es, d'abord en tant que routarde au long cours, puis comme r\u00e9dactrice sp\u00e9cialis\u00e9e. Mon terrain de pr\u00e9dilection, ce sont les circuits organis\u00e9s et l'art de bien pr\u00e9parer un itin\u00e9raire : choix de la saison, dur\u00e9e r\u00e9aliste des \u00e9tapes, budget jour par jour, logement et transport sur place. J'aime aussi raconter les p\u00e9pites urbaines, ces adresses qu'on ne trouve pas dans les guides classiques. Avant de publier un dossier destination, je croise toujours plusieurs sources, je v\u00e9rifie les tarifs et les formalit\u00e9s d'entr\u00e9e \u00e0 jour, et je teste moi-m\u00eame quand je le peux. Mon angle reste pratique avant tout : aider le lecteur \u00e0 partir l'esprit tranquille, sans mauvaise surprise une fois sur place. Je m'attache \u00e0 distinguer le coup de c\u0153ur sinc\u00e8re du simple argument marketing.","sameAs":["https:\/\/camillerouvray.fr\/"],"url":"https:\/\/voyage-aventure.com\/blog\/auteur\/noname\/"}]}},"_links":{"self":[{"href":"https:\/\/voyage-aventure.com\/blog\/wp-json\/wp\/v2\/posts\/20910","targetHints":{"allow":["GET"]}}],"collection":[{"href":"https:\/\/voyage-aventure.com\/blog\/wp-json\/wp\/v2\/posts"}],"about":[{"href":"https:\/\/voyage-aventure.com\/blog\/wp-json\/wp\/v2\/types\/post"}],"author":[{"embeddable":true,"href":"https:\/\/voyage-aventure.com\/blog\/wp-json\/wp\/v2\/users\/34"}],"replies":[{"embeddable":true,"href":"https:\/\/voyage-aventure.com\/blog\/wp-json\/wp\/v2\/comments?post=20910"}],"version-history":[{"count":0,"href":"https:\/\/voyage-aventure.com\/blog\/wp-json\/wp\/v2\/posts\/20910\/revisions"}],"wp:featuredmedia":[{"embeddable":true,"href":"https:\/\/voyage-aventure.com\/blog\/wp-json\/wp\/v2\/media\/21067"}],"wp:attachment":[{"href":"https:\/\/voyage-aventure.com\/blog\/wp-json\/wp\/v2\/media?parent=20910"}],"wp:term":[{"taxonomy":"category","embeddable":true,"href":"https:\/\/voyage-aventure.com\/blog\/wp-json\/wp\/v2\/categories?post=20910"},{"taxonomy":"post_tag","embeddable":true,"href":"https:\/\/voyage-aventure.com\/blog\/wp-json\/wp\/v2\/tags?post=20910"}],"curies":[{"name":"wp","href":"https:\/\/api.w.org\/{rel}","templated":true}]}}