{"id":20909,"date":"2025-06-14T02:45:19","date_gmt":"2025-06-14T00:45:19","guid":{"rendered":"https:\/\/voyage-aventure.com\/blog\/a-la-une\/calendrier-detaille-des-vacances-en-espagne-tout-savoir-pour-prevoir-votre-sejour\/"},"modified":"2025-06-14T02:45:19","modified_gmt":"2025-06-14T00:45:19","slug":"calendrier-detaille-des-vacances-en-espagne-tout-savoir-pour-prevoir-votre-sejour","status":"publish","type":"post","link":"https:\/\/voyage-aventure.com\/blog\/a-la-une\/calendrier-detaille-des-vacances-en-espagne-tout-savoir-pour-prevoir-votre-sejour\/","title":{"rendered":"Calendrier d\u00e9taill\u00e9 des vacances en Espagne : tout savoir pour pr\u00e9voir votre s\u00e9jour"},"content":{"rendered":"<h1>Calendrier d\u00e9taill\u00e9 des vacances en Espagne : tout savoir pour pr\u00e9voir votre s\u00e9jour<\/h1>\n<h2>Diff\u00e9rences r\u00e9gionales : pourquoi les dates des cong\u00e9s \u00e9voluent en Espagne<\/h2>\n<p>\n    <u>L\u2019Espagne se distingue par une organisation d\u00e9centralis\u00e9e de son syst\u00e8me scolaire<\/u>. Chaque <strong>communaut\u00e9 autonome<\/strong> fixe librement ses dates de vacances, contrairement \u00e0 la France ou \u00e0 l\u2019Italie o\u00f9 le calendrier national pr\u00e9vaut. Cette autonomie r\u00e9gionale permet d\u2019adapter le planning scolaire local aux r\u00e9alit\u00e9s climatiques, culturelles ou sociales propres \u00e0 chaque territoire, mais g\u00e9n\u00e8re une <strong>variabilit\u00e9 significative<\/strong> des p\u00e9riodes de cong\u00e9s.\n  <\/p>\n<ul>\n<li>\u00c0 <strong>Madrid<\/strong>, les vacances d\u2019\u00e9t\u00e9 d\u00e9butent g\u00e9n\u00e9ralement autour du 20 juin, tandis qu\u2019\u00e0 <strong>Barcelone<\/strong> ou en <strong>Andalousie<\/strong>, elles peuvent s\u2019\u00e9tendre jusqu\u2019\u00e0 mi-septembre.<\/li>\n<li>La <strong>Catalogne<\/strong> adapte ses dates de la <u>Semana Santa<\/u> en fonction de certaines f\u00eates locales, alors que la <strong>Galice<\/strong> privil\u00e9gie d\u2019autres jours en lien avec des c\u00e9l\u00e9brations traditionnelles.<\/li>\n<li>Aux <strong>\u00celes Bal\u00e9ares<\/strong> ou aux <strong>Canaries<\/strong>, le calendrier peut inclure des jours f\u00e9ri\u00e9s insulaires sp\u00e9cifiques, influen\u00e7ant la dur\u00e9e et la structure des vacances scolaires.<\/li>\n<\/ul>\n<p>\n    <u>Cet \u00e9clatement du calendrier<\/u> a un impact concret sur la gestion des flux touristiques et la disponibilit\u00e9 des h\u00e9bergements. Une p\u00e9riode de forte affluence \u00e0 S\u00e9ville n\u2019induit pas forc\u00e9ment un pic \u00e0 Bilbao ou Valence, ce qui modifie l\u2019exp\u00e9rience du visiteur. Pour planifier efficacement, consulter les dates sp\u00e9cifiques \u00e0 votre r\u00e9gion de destination demeure imp\u00e9ratif.\n  <\/p>\n<h2>Les grandes p\u00e9riodes des vacances scolaires espagnoles<\/h2>\n<p>\n    Le <strong>calendrier scolaire espagnol<\/strong> s\u2019organise principalement autour de quatre grandes p\u00e9riodes, chacune riche en traditions et en enjeux logistiques pour les voyageurs.\n  <\/p>\n<ul>\n<li><strong>Vacances de No\u00ebl<\/strong> : Elles d\u00e9butent selon les r\u00e9gions autour du 20 d\u00e9cembre et se prolongent jusqu&rsquo;au 6 ou 7 janvier, int\u00e9grant l\u2019importance de l\u2019\u00c9piphanie (Rois Mages). En 2024-2025, par exemple, <u>Madrid et l\u2019Andalousie pr\u00e9voient la reprise des cours le 7 janvier<\/u>.<\/li>\n<li><strong>Vacances de Carnaval<\/strong> : Ces cong\u00e9s, centr\u00e9s sur la p\u00e9riode de la mi-f\u00e9vrier \u00e0 d\u00e9but mars, font l\u2019objet d\u2019une grande vari\u00e9t\u00e9 de dates selon les r\u00e9gions. \u00c0 Madrid, le Carnaval de 2025 sera c\u00e9l\u00e9br\u00e9 du 28 f\u00e9vrier au 3 mars.<\/li>\n<li><strong>Vacances de P\u00e2ques (Semana Santa)<\/strong> : Rep\u00e8re incontournable de la vie culturelle espagnole, elles oscillent entre fin mars et mi-avril, avec un fort ancrage des processions et festivit\u00e9s religieuses. \u00c0 S\u00e9ville, la Semaine Sainte attire chaque ann\u00e9e des milliers de visiteurs du monde entier durant cette p\u00e9riode.<\/li>\n<li><strong>Vacances d\u2019\u00e9t\u00e9<\/strong> : Principale coupure de l\u2019ann\u00e9e scolaire, elles s\u2019\u00e9tendent de la mi-juin \u00e0 la mi-septembre selon le niveau d\u2019enseignement et la r\u00e9gion. \u00c0 Malaga, les \u00e9l\u00e8ves sont lib\u00e9r\u00e9s d\u00e8s le 20 juin, tandis que dans certaines zones rurales de Castille-et-Le\u00f3n, la reprise n\u2019a lieu qu\u2019en seconde quinzaine de septembre.<\/li>\n<\/ul>\n<p>\n    S\u2019ajoutent \u00e0 ces grandes p\u00e9riodes quelques journ\u00e9es de pause pour des <strong>f\u00eates patronales<\/strong> ou r\u00e9gionales, qui peuvent ponctuer l\u2019ann\u00e9e scolaire.\n  <\/p>\n<h2>Jours f\u00e9ri\u00e9s nationaux et particularit\u00e9s locales<\/h2>\n<p>\n    Le <strong>calendrier espagnol<\/strong> est rythm\u00e9 par de nombreux <strong>jours f\u00e9ri\u00e9s nationaux<\/strong> et une infinit\u00e9 de f\u00eates propres \u00e0 chaque communaut\u00e9 autonome, province ou ville. Ces moments particuliers modifient l\u2019intensit\u00e9 de l\u2019activit\u00e9 touristique, les horaires des services municipaux et l\u2019organisation des transports.\n  <\/p>\n<ul>\n<li><u>Le 6 janvier<\/u> (\u00c9piphanie\/Rois Mages), c\u00e9l\u00e9br\u00e9 dans tout le pays, donne lieu \u00e0 des parades embl\u00e9matiques comme la <strong>Cabalgata de Reyes<\/strong> \u00e0 Barcelone ou Madrid.<\/li>\n<li><u>Le 12 octobre<\/u> (F\u00eate nationale, Jour de l\u2019Hispanit\u00e9) marque la m\u00e9moire collective espagnole via des d\u00e9fil\u00e9s, mus\u00e9es gratuits et c\u00e9l\u00e9brations dans les capitales provinciales.<\/li>\n<li><u>Le 1er novembre<\/u> (Toussaint) et <u>le 6 d\u00e9cembre<\/u> (Jour de la Constitution) entra\u00eenent souvent des week-ends prolong\u00e9s ou <strong>puentes<\/strong>, propices aux escapades citadines ou rurales.<\/li>\n<li>Des dates typiques locales s\u2019ajoutent, comme la <strong>San Isidro<\/strong> \u00e0 Madrid (15 mai), la <strong>San Ferm\u00edn<\/strong> \u00e0 Pampelune (6 au 14 juillet), ou encore les <strong>Fallas<\/strong> \u00e0 Valence (15 au 19 mars).<\/li>\n<\/ul>\n<p>\n    <u>L\u2019absence d\u2019unit\u00e9 nationale<\/u> pour certaines f\u00eates cr\u00e9e une mosa\u00efque de jours ch\u00f4m\u00e9s qui modifient les flux de voyageurs et la disponibilit\u00e9 des services. Il est judicieux de consulter l\u2019agenda local de la r\u00e9gion vis\u00e9e avant de r\u00e9server.\n  <\/p>\n<h2>Vacances d\u2019\u00e9t\u00e9 en Espagne\u202f: particularit\u00e9s et conseils pour les voyageurs<\/h2>\n<p>\n    Les <strong>vacances d\u2019\u00e9t\u00e9<\/strong> constituent la p\u00e9riode la plus longue et la plus attendue pour les familles espagnoles. De la <strong>mi-juin \u00e0 mi-septembre<\/strong>, la dynamique du pays change radicalement : migration interne vers les zones c\u00f4ti\u00e8res, hausse notable de la fr\u00e9quentation dans les stations baln\u00e9aires, organisation de festivals populaires sur tout le territoire.\n  <\/p>\n<ul>\n<li>\u00c0 <strong>Cadix<\/strong>, d\u00e8s la sortie des classes \u00e0 la troisi\u00e8me semaine de juin, les plages se remplissent et les h\u00e9bergements affichent vite complet.<\/li>\n<li>Dans la <strong>Costa Brava<\/strong>, la saison touristique bat son plein jusqu\u2019\u00e0 la mi-septembre, gr\u00e2ce aux temp\u00e9ratures cl\u00e9mentes et \u00e0 la multiplication des f\u00eates locales comme la <strong>F\u00eate de la Mer<\/strong> \u00e0 Blanes ou le <strong>Festival de musique de Cadaqu\u00e9s<\/strong>.<\/li>\n<li>En <strong>Navarre<\/strong>, la fameuse <u>San Ferm\u00edn<\/u> draine une affluence internationale, n\u00e9cessitant une anticipation des r\u00e9servations et une vigilante gestion logistique.<\/li>\n<\/ul>\n<p>\n    Pour profiter pleinement de l\u2019\u00e9t\u00e9 espagnol, mieux vaut r\u00e9server ses h\u00e9bergements d\u00e8s le printemps, planifier ses activit\u00e9s \u00e0 l\u2019avance, et rester attentif aux jours f\u00e9ri\u00e9s locaux qui peuvent limiter l\u2019acc\u00e8s \u00e0 certains sites ou services. L\u2019explosion des prix en haute saison incite \u00e0 cibler les r\u00e9gions moins touristiques comme les Asturies ou la Galice, alliant douceur de vivre, patrimoine pr\u00e9serv\u00e9 et festivit\u00e9s familiales.\n  <\/p>\n<h2>Vacances scolaires en Espagne et calendrier familial : comment optimiser votre s\u00e9jour<\/h2>\n<p>\n    Tirer parti du <strong>calendrier scolaire espagnol<\/strong> pour planifier son s\u00e9jour ouvre la voie \u00e0 une exp\u00e9rience plus sereine et personnalis\u00e9e. En \u00e9vitant les pics d\u2019affluence des grandes vacances ou en ciblant les intersaisons, on acc\u00e8de \u00e0 des prix plus comp\u00e9titifs, une meilleure disponibilit\u00e9 des h\u00e9bergements et des conditions id\u00e9ales pour explorer le pays loin des foules.\n  <\/p>\n<ul>\n<li>Un s\u00e9jour en <strong>Catalogne<\/strong> en mai, durant la tr\u00eave entre deux p\u00e9riodes de vacances scolaires, donne acc\u00e8s \u00e0 des monuments moins fr\u00e9quent\u00e9s, des plages paisibles et une gastronomie locale \u00e0 l\u2019honneur lors de f\u00eates printani\u00e8res.<\/li>\n<li>Les familles fran\u00e7aises profitent souvent du d\u00e9calage entre le calendrier hexagonal et espagnol pour prolonger le plaisir des vacances. Un <u>voyage \u00e0 Salamanque fin ao\u00fbt<\/u> permet de visiter la vieille ville sans la cohue estivale qui la caract\u00e9rise en juillet.<\/li>\n<li>Les amateurs de culture appr\u00e9cieront programmer leur venue en phase avec les f\u00eates r\u00e9gionales, comme la <strong>Romer\u00eda del Roc\u00edo<\/strong> en Andalousie, ou assister aux <strong>processions de la Semana Santa<\/strong> \u00e0 S\u00e9ville ou Valladolid.<\/li>\n<\/ul>\n<p>\n    Pour optimiser l\u2019exp\u00e9rience, consulter les sites officiels r\u00e9gionaux, v\u00e9rifier les dates exactes de cong\u00e9s scolaires et anticiper les r\u00e9servations lors des p\u00e9riodes festives s\u2019imposent comme un r\u00e9flexe de tout voyageur inform\u00e9. Ce choix strat\u00e9gique am\u00e9liore l\u2019accueil dans les \u00e9tablissements touristiques, offre une immersion plus authentique et influe positivement sur la qualit\u00e9 globale du s\u00e9jour.\n  <\/p>\n<h2>Tableau comparatif des dates de vacances selon les r\u00e9gions principales en 2025<\/h2>\n<table border=\"1\" cellpadding=\"5\" cellspacing=\"0\">\n<thead>\n<tr>\n<th><strong>R\u00e9gion<\/strong><\/th>\n<th><strong>Vacances de No\u00ebl<\/strong><\/th>\n<th><strong>Vacances de Carnaval<\/strong><\/th>\n<th><strong>Vacances de P\u00e2ques<\/strong><\/th>\n<th><strong>Vacances d\u2019\u00c9t\u00e9<\/strong><\/th>\n<\/tr>\n<\/thead>\n<tbody>\n<tr>\n<td>Madrid<\/td>\n<td>23\/12\/2024 &#8211; 7\/01\/2025<\/td>\n<td>28\/02\/2025 &#8211; 3\/03\/2025<\/td>\n<td>11\/04\/2025 &#8211; 21\/04\/2025<\/td>\n<td>20\/06\/2025 &#8211; d\u00e9but\/mi-septembre<\/td>\n<\/tr>\n<tr>\n<td>Andalousie<\/td>\n<td>23\/12\/2024 &#8211; 6\/01\/2025<\/td>\n<td>Dates variables selon la province<\/td>\n<td>14\/04\/2025 &#8211; 20\/04\/2025<\/td>\n<td>24\/06\/2025 &#8211; 8\/09\/2025 (provisoire)<\/td>\n<\/tr>\n<tr>\n<td>Catalogne<\/td>\n<td>Environ 21\/12\/2024 &#8211; 7\/01\/2025<\/td>\n<td>Dates variables selon la ville<\/td>\n<td>Sem. Sainte selon calendrier lunaire<\/td>\n<td>Mi-juin &#8211; mi-septembre<\/td>\n<\/tr>\n<tr>\n<td>Valence<\/td>\n<td>19\/12\/2024 &#8211; 7\/01\/2025<\/td>\n<td>Dates variables, Fallas du 15 au 19\/03<\/td>\n<td>Fin mars &#8211; mi-avril<\/td>\n<td>Mi-juin &#8211; mi-septembre<\/td>\n<\/tr>\n<\/tbody>\n<\/table>\n<p>\n    Ces donn\u00e9es, issues des calendriers scolaires officiels 2025, soulignent l\u2019importance de v\u00e9rifier l\u2019agenda de la r\u00e9gion cibl\u00e9e pour \u00e9viter toute mauvaise surprise lors de la r\u00e9servation.\n  <\/p>\n<h2>Conseils d\u2019expert pour anticiper et r\u00e9ussir son voyage en Espagne<\/h2>\n<p>\n    Pour que vos vacances en Espagne soient pleinement r\u00e9ussies, exploiter les particularit\u00e9s du calendrier local se r\u00e9v\u00e8le un atout strat\u00e9gique. Les pics d\u2019affluence, caus\u00e9s par le chevauchement des cong\u00e9s dans plusieurs r\u00e9gions, n\u00e9cessitent une vraie anticipation pour garantir la disponibilit\u00e9 des h\u00e9bergements, billetteries de monuments et activit\u00e9s culturelles.\n  <\/p>\n<ul>\n<li><span style=\"font-weight:bold; text-decoration: underline;\">R\u00e9server en avance<\/span> d\u00e8s le mois de f\u00e9vrier pour les s\u00e9jours estivaux dans les zones c\u00f4ti\u00e8res, les \u00eeles ou les grandes villes.<\/li>\n<li>Planifier ses d\u00e9placements autour des <strong>jours f\u00e9ri\u00e9s nationaux<\/strong> et locaux afin de profiter des festivit\u00e9s sans subir les fermetures d\u2019\u00e9tablissements publics.<\/li>\n<li>S\u2019orienter vers des r\u00e9gions moins touristiques au c\u0153ur de l\u2019\u00e9t\u00e9, comme la <strong>Galice<\/strong>, les <strong>Pyr\u00e9n\u00e9es aragonaises<\/strong> ou le <strong>nord de la Castille<\/strong>, pour concilier d\u00e9couverte et tranquillit\u00e9.<\/li>\n<li>Inclure dans son programme les \u00e9v\u00e9nements locaux majeurs : <strong>Feria de Abril \u00e0 S\u00e9ville<\/strong>, <strong>F\u00e9rias de Malaga<\/strong>, <strong>Festival international de Benic\u00e0ssim<\/strong>, <strong>Tomatina \u00e0 Bu\u00f1ol<\/strong>, etc.<\/li>\n<\/ul>\n<p>\n    Notre avis\u202f: Prendre appui sur les calendriers actifs des communaut\u00e9s autonomes et rester attentif aux f\u00eates locales permet de sortir des sentiers battus, de d\u00e9couvrir l\u2019Espagne profonde et de vivre une exp\u00e9rience immersive, loin du tourisme de masse. Les familles et groupes d\u2019amis y trouvent l\u2019opportunit\u00e9 d\u2019enrichir leur s\u00e9jour en harmonisant visites, gastronomie et culture vivante.\n  <\/p>\n<h2>Conclusion\u202f: B\u00e9n\u00e9fices d\u2019une organisation avis\u00e9e des vacances en Espagne<\/h2>\n<p>\n    Prendre en compte le <strong>calendrier espagnol des vacances et jours f\u00e9ri\u00e9s<\/strong> demeure un levier incontournable pour r\u00e9ussir son voyage. Cela permet non seulement d\u2019anticiper les flux touristiques, de b\u00e9n\u00e9ficier d\u2019une offre optimale en termes d\u2019h\u00e9bergement et de services, mais aussi de s\u2019immerger dans les meilleures traditions culturelles du pays. Les diff\u00e9rences r\u00e9gionales, la profusion de f\u00eates locales et la richesse du patrimoine espagnol offrent \u00e0 chaque s\u00e9jour un caract\u00e8re unique. Miser sur la connaissance des dates cl\u00e9s, c\u2019est maximiser chaque instant du voyage, vivre des exp\u00e9riences authentiques et savourer toute la diversit\u00e9 de l\u2019Espagne.\n  <\/p>\n","protected":false},"excerpt":{"rendered":"","protected":false},"author":34,"featured_media":21068,"comment_status":"open","ping_status":"open","sticky":false,"template":"","format":"standard","meta":{"_acf_changed":false,"manual_indexmenow":false,"indexmenow_id_project":0,"footnotes":""},"categories":[1],"tags":[6437,6438,6436],"class_list":["post-20909","post","type-post","status-publish","format-standard","has-post-thumbnail","hentry","category-a-la-une","tag-calendrier-2025","tag-sjour-planning","tag-vacances-espagne","generate-columns","tablet-grid-50","mobile-grid-100","grid-parent","grid-25"],"acf":[],"yoast_head":"<!-- This site is optimized with the Yoast SEO Premium plugin v21.3 (Yoast SEO v25.1) - https:\/\/yoast.com\/wordpress\/plugins\/seo\/ -->\n<title>Calendrier d\u00e9taill\u00e9 des vacances en Espagne : tout savoir<\/title>\n<meta name=\"description\" content=\"Calendrier d\u00e9taill\u00e9 des vacances en Espagne : tout savoir pour pr\u00e9voir votre s\u00e9jour Diff\u00e9rences r\u00e9gionales : pourquoi les dates des cong\u00e9s \u00e9voluent en\" \/>\n<meta name=\"robots\" content=\"index, follow, max-snippet:-1, max-image-preview:large, max-video-preview:-1\" \/>\n<link rel=\"canonical\" href=\"https:\/\/voyage-aventure.com\/blog\/a-la-une\/calendrier-detaille-des-vacances-en-espagne-tout-savoir-pour-prevoir-votre-sejour\/\" \/>\n<meta property=\"og:locale\" content=\"fr_FR\" \/>\n<meta property=\"og:type\" content=\"article\" \/>\n<meta property=\"og:title\" content=\"Calendrier d\u00e9taill\u00e9 des vacances en Espagne : tout savoir\" \/>\n<meta property=\"og:description\" content=\"Calendrier d\u00e9taill\u00e9 des vacances en Espagne : tout savoir pour pr\u00e9voir votre s\u00e9jour Diff\u00e9rences r\u00e9gionales : pourquoi les dates des cong\u00e9s \u00e9voluent en\" \/>\n<meta property=\"og:url\" content=\"https:\/\/voyage-aventure.com\/blog\/a-la-une\/calendrier-detaille-des-vacances-en-espagne-tout-savoir-pour-prevoir-votre-sejour\/\" \/>\n<meta property=\"og:site_name\" content=\"voyage-aventure\" \/>\n<meta property=\"og:image\" content=\"https:\/\/voyage-aventure.com\/blog\/wp-content\/uploads\/2025\/07\/sdxl-8d2293a82db37d8c0239bf00f2144ae8-scaled.png\" \/>\n\t<meta property=\"og:image:width\" content=\"1200\" \/>\n\t<meta property=\"og:image:height\" content=\"500\" \/>\n\t<meta property=\"og:image:type\" content=\"image\/png\" \/>\n<meta name=\"author\" content=\"Camille Rouvray\" \/>\n<meta name=\"twitter:card\" content=\"summary_large_image\" \/>\n<script type=\"application\/ld+json\" class=\"yoast-schema-graph\">{\"@context\":\"https:\/\/schema.org\",\"@graph\":[{\"@type\":\"NewsArticle\",\"@id\":\"https:\/\/voyage-aventure.com\/blog\/a-la-une\/calendrier-detaille-des-vacances-en-espagne-tout-savoir-pour-prevoir-votre-sejour\/#article\",\"isPartOf\":{\"@id\":\"https:\/\/voyage-aventure.com\/blog\/a-la-une\/calendrier-detaille-des-vacances-en-espagne-tout-savoir-pour-prevoir-votre-sejour\/\"},\"author\":{\"name\":\"Camille Rouvray\",\"@id\":\"https:\/\/voyage-aventure.com\/blog\/#\/schema\/person\/3c864cdc320801e3db34b663e7e3f816\"},\"headline\":\"Calendrier d\u00e9taill\u00e9 des vacances en Espagne : tout savoir pour pr\u00e9voir votre s\u00e9jour\",\"datePublished\":\"2025-06-14T00:45:19+00:00\",\"mainEntityOfPage\":{\"@id\":\"https:\/\/voyage-aventure.com\/blog\/a-la-une\/calendrier-detaille-des-vacances-en-espagne-tout-savoir-pour-prevoir-votre-sejour\/\"},\"wordCount\":1719,\"commentCount\":0,\"publisher\":{\"@id\":\"https:\/\/voyage-aventure.com\/blog\/#organization\"},\"image\":{\"@id\":\"https:\/\/voyage-aventure.com\/blog\/a-la-une\/calendrier-detaille-des-vacances-en-espagne-tout-savoir-pour-prevoir-votre-sejour\/#primaryimage\"},\"thumbnailUrl\":\"https:\/\/voyage-aventure.com\/blog\/wp-content\/uploads\/2025\/07\/sdxl-8d2293a82db37d8c0239bf00f2144ae8-scaled.png\",\"keywords\":[\"calendrier 2025\",\"sjour planning\",\"vacances espagne\"],\"articleSection\":[\"\u00c0 la une\"],\"inLanguage\":\"fr-FR\",\"potentialAction\":[{\"@type\":\"CommentAction\",\"name\":\"Comment\",\"target\":[\"https:\/\/voyage-aventure.com\/blog\/a-la-une\/calendrier-detaille-des-vacances-en-espagne-tout-savoir-pour-prevoir-votre-sejour\/#respond\"]}]},{\"@type\":\"WebPage\",\"@id\":\"https:\/\/voyage-aventure.com\/blog\/a-la-une\/calendrier-detaille-des-vacances-en-espagne-tout-savoir-pour-prevoir-votre-sejour\/\",\"url\":\"https:\/\/voyage-aventure.com\/blog\/a-la-une\/calendrier-detaille-des-vacances-en-espagne-tout-savoir-pour-prevoir-votre-sejour\/\",\"name\":\"Calendrier d\u00e9taill\u00e9 des vacances en Espagne : tout savoir\",\"isPartOf\":{\"@id\":\"https:\/\/voyage-aventure.com\/blog\/#website\"},\"primaryImageOfPage\":{\"@id\":\"https:\/\/voyage-aventure.com\/blog\/a-la-une\/calendrier-detaille-des-vacances-en-espagne-tout-savoir-pour-prevoir-votre-sejour\/#primaryimage\"},\"image\":{\"@id\":\"https:\/\/voyage-aventure.com\/blog\/a-la-une\/calendrier-detaille-des-vacances-en-espagne-tout-savoir-pour-prevoir-votre-sejour\/#primaryimage\"},\"thumbnailUrl\":\"https:\/\/voyage-aventure.com\/blog\/wp-content\/uploads\/2025\/07\/sdxl-8d2293a82db37d8c0239bf00f2144ae8-scaled.png\",\"datePublished\":\"2025-06-14T00:45:19+00:00\",\"description\":\"Calendrier d\u00e9taill\u00e9 des vacances en Espagne : tout savoir pour pr\u00e9voir votre s\u00e9jour Diff\u00e9rences r\u00e9gionales : pourquoi les dates des cong\u00e9s \u00e9voluent en\",\"inLanguage\":\"fr-FR\",\"potentialAction\":[{\"@type\":\"ReadAction\",\"target\":[\"https:\/\/voyage-aventure.com\/blog\/a-la-une\/calendrier-detaille-des-vacances-en-espagne-tout-savoir-pour-prevoir-votre-sejour\/\"]}]},{\"@type\":\"ImageObject\",\"inLanguage\":\"fr-FR\",\"@id\":\"https:\/\/voyage-aventure.com\/blog\/a-la-une\/calendrier-detaille-des-vacances-en-espagne-tout-savoir-pour-prevoir-votre-sejour\/#primaryimage\",\"url\":\"https:\/\/voyage-aventure.com\/blog\/wp-content\/uploads\/2025\/07\/sdxl-8d2293a82db37d8c0239bf00f2144ae8-scaled.png\",\"contentUrl\":\"https:\/\/voyage-aventure.com\/blog\/wp-content\/uploads\/2025\/07\/sdxl-8d2293a82db37d8c0239bf00f2144ae8-scaled.png\",\"width\":1200,\"height\":500},{\"@type\":\"WebSite\",\"@id\":\"https:\/\/voyage-aventure.com\/blog\/#website\",\"url\":\"https:\/\/voyage-aventure.com\/blog\/\",\"name\":\"voyage-aventure.com\",\"description\":\"Votre passeport pour l\u2019inattendu.\",\"publisher\":{\"@id\":\"https:\/\/voyage-aventure.com\/blog\/#organization\"},\"alternateName\":\"Votre passeport pour l\u2019inattendu.\",\"potentialAction\":[{\"@type\":\"SearchAction\",\"target\":{\"@type\":\"EntryPoint\",\"urlTemplate\":\"https:\/\/voyage-aventure.com\/blog\/?s={search_term_string}\"},\"query-input\":{\"@type\":\"PropertyValueSpecification\",\"valueRequired\":true,\"valueName\":\"search_term_string\"}}],\"inLanguage\":\"fr-FR\"},{\"@type\":\"Organization\",\"@id\":\"https:\/\/voyage-aventure.com\/blog\/#organization\",\"name\":\"Foretsensations.fr\",\"url\":\"https:\/\/voyage-aventure.com\/blog\/\",\"logo\":{\"@type\":\"ImageObject\",\"inLanguage\":\"fr-FR\",\"@id\":\"https:\/\/voyage-aventure.com\/blog\/#\/schema\/logo\/image\/\",\"url\":\"https:\/\/voyage-aventure.com\/blog\/wp-content\/uploads\/2024\/12\/19.png\",\"contentUrl\":\"https:\/\/voyage-aventure.com\/blog\/wp-content\/uploads\/2024\/12\/19.png\",\"width\":512,\"height\":512,\"caption\":\"Foretsensations.fr\"},\"image\":{\"@id\":\"https:\/\/voyage-aventure.com\/blog\/#\/schema\/logo\/image\/\"}},{\"@type\":\"Person\",\"@id\":\"https:\/\/voyage-aventure.com\/blog\/#\/schema\/person\/3c864cdc320801e3db34b663e7e3f816\",\"name\":\"Camille Rouvray\",\"image\":{\"@type\":\"ImageObject\",\"inLanguage\":\"fr-FR\",\"@id\":\"https:\/\/voyage-aventure.com\/blog\/#\/schema\/person\/image\/\",\"url\":\"https:\/\/voyage-aventure.com\/blog\/wp-content\/uploads\/2026\/06\/persona_camille-r-96x96.jpg\",\"contentUrl\":\"https:\/\/voyage-aventure.com\/blog\/wp-content\/uploads\/2026\/06\/persona_camille-r-96x96.jpg\",\"caption\":\"Camille Rouvray\"},\"description\":\"Je voyage et j'\u00e9cris sur le voyage depuis une douzaine d'ann\u00e9es, d'abord en tant que routarde au long cours, puis comme r\u00e9dactrice sp\u00e9cialis\u00e9e. Mon terrain de pr\u00e9dilection, ce sont les circuits organis\u00e9s et l'art de bien pr\u00e9parer un itin\u00e9raire : choix de la saison, dur\u00e9e r\u00e9aliste des \u00e9tapes, budget jour par jour, logement et transport sur place. J'aime aussi raconter les p\u00e9pites urbaines, ces adresses qu'on ne trouve pas dans les guides classiques. Avant de publier un dossier destination, je croise toujours plusieurs sources, je v\u00e9rifie les tarifs et les formalit\u00e9s d'entr\u00e9e \u00e0 jour, et je teste moi-m\u00eame quand je le peux. Mon angle reste pratique avant tout : aider le lecteur \u00e0 partir l'esprit tranquille, sans mauvaise surprise une fois sur place. Je m'attache \u00e0 distinguer le coup de c\u0153ur sinc\u00e8re du simple argument marketing.\",\"sameAs\":[\"https:\/\/camillerouvray.fr\/\"],\"url\":\"https:\/\/voyage-aventure.com\/blog\/auteur\/noname\/\"}]}<\/script>\n<!-- \/ Yoast SEO Premium plugin. -->","yoast_head_json":{"title":"Calendrier d\u00e9taill\u00e9 des vacances en Espagne : tout savoir","description":"Calendrier d\u00e9taill\u00e9 des vacances en Espagne : tout savoir pour pr\u00e9voir votre s\u00e9jour Diff\u00e9rences r\u00e9gionales : pourquoi les dates des cong\u00e9s \u00e9voluent en","robots":{"index":"index","follow":"follow","max-snippet":"max-snippet:-1","max-image-preview":"max-image-preview:large","max-video-preview":"max-video-preview:-1"},"canonical":"https:\/\/voyage-aventure.com\/blog\/a-la-une\/calendrier-detaille-des-vacances-en-espagne-tout-savoir-pour-prevoir-votre-sejour\/","og_locale":"fr_FR","og_type":"article","og_title":"Calendrier d\u00e9taill\u00e9 des vacances en Espagne : tout savoir","og_description":"Calendrier d\u00e9taill\u00e9 des vacances en Espagne : tout savoir pour pr\u00e9voir votre s\u00e9jour Diff\u00e9rences r\u00e9gionales : pourquoi les dates des cong\u00e9s \u00e9voluent en","og_url":"https:\/\/voyage-aventure.com\/blog\/a-la-une\/calendrier-detaille-des-vacances-en-espagne-tout-savoir-pour-prevoir-votre-sejour\/","og_site_name":"voyage-aventure","og_image":[{"width":1200,"height":500,"url":"https:\/\/voyage-aventure.com\/blog\/wp-content\/uploads\/2025\/07\/sdxl-8d2293a82db37d8c0239bf00f2144ae8-scaled.png","type":"image\/png"}],"author":"Camille Rouvray","twitter_card":"summary_large_image","schema":{"@context":"https:\/\/schema.org","@graph":[{"@type":"NewsArticle","@id":"https:\/\/voyage-aventure.com\/blog\/a-la-une\/calendrier-detaille-des-vacances-en-espagne-tout-savoir-pour-prevoir-votre-sejour\/#article","isPartOf":{"@id":"https:\/\/voyage-aventure.com\/blog\/a-la-une\/calendrier-detaille-des-vacances-en-espagne-tout-savoir-pour-prevoir-votre-sejour\/"},"author":{"name":"Camille Rouvray","@id":"https:\/\/voyage-aventure.com\/blog\/#\/schema\/person\/3c864cdc320801e3db34b663e7e3f816"},"headline":"Calendrier d\u00e9taill\u00e9 des vacances en Espagne : tout savoir pour pr\u00e9voir votre s\u00e9jour","datePublished":"2025-06-14T00:45:19+00:00","mainEntityOfPage":{"@id":"https:\/\/voyage-aventure.com\/blog\/a-la-une\/calendrier-detaille-des-vacances-en-espagne-tout-savoir-pour-prevoir-votre-sejour\/"},"wordCount":1719,"commentCount":0,"publisher":{"@id":"https:\/\/voyage-aventure.com\/blog\/#organization"},"image":{"@id":"https:\/\/voyage-aventure.com\/blog\/a-la-une\/calendrier-detaille-des-vacances-en-espagne-tout-savoir-pour-prevoir-votre-sejour\/#primaryimage"},"thumbnailUrl":"https:\/\/voyage-aventure.com\/blog\/wp-content\/uploads\/2025\/07\/sdxl-8d2293a82db37d8c0239bf00f2144ae8-scaled.png","keywords":["calendrier 2025","sjour planning","vacances espagne"],"articleSection":["\u00c0 la une"],"inLanguage":"fr-FR","potentialAction":[{"@type":"CommentAction","name":"Comment","target":["https:\/\/voyage-aventure.com\/blog\/a-la-une\/calendrier-detaille-des-vacances-en-espagne-tout-savoir-pour-prevoir-votre-sejour\/#respond"]}]},{"@type":"WebPage","@id":"https:\/\/voyage-aventure.com\/blog\/a-la-une\/calendrier-detaille-des-vacances-en-espagne-tout-savoir-pour-prevoir-votre-sejour\/","url":"https:\/\/voyage-aventure.com\/blog\/a-la-une\/calendrier-detaille-des-vacances-en-espagne-tout-savoir-pour-prevoir-votre-sejour\/","name":"Calendrier d\u00e9taill\u00e9 des vacances en Espagne : tout savoir","isPartOf":{"@id":"https:\/\/voyage-aventure.com\/blog\/#website"},"primaryImageOfPage":{"@id":"https:\/\/voyage-aventure.com\/blog\/a-la-une\/calendrier-detaille-des-vacances-en-espagne-tout-savoir-pour-prevoir-votre-sejour\/#primaryimage"},"image":{"@id":"https:\/\/voyage-aventure.com\/blog\/a-la-une\/calendrier-detaille-des-vacances-en-espagne-tout-savoir-pour-prevoir-votre-sejour\/#primaryimage"},"thumbnailUrl":"https:\/\/voyage-aventure.com\/blog\/wp-content\/uploads\/2025\/07\/sdxl-8d2293a82db37d8c0239bf00f2144ae8-scaled.png","datePublished":"2025-06-14T00:45:19+00:00","description":"Calendrier d\u00e9taill\u00e9 des vacances en Espagne : tout savoir pour pr\u00e9voir votre s\u00e9jour Diff\u00e9rences r\u00e9gionales : pourquoi les dates des cong\u00e9s \u00e9voluent en","inLanguage":"fr-FR","potentialAction":[{"@type":"ReadAction","target":["https:\/\/voyage-aventure.com\/blog\/a-la-une\/calendrier-detaille-des-vacances-en-espagne-tout-savoir-pour-prevoir-votre-sejour\/"]}]},{"@type":"ImageObject","inLanguage":"fr-FR","@id":"https:\/\/voyage-aventure.com\/blog\/a-la-une\/calendrier-detaille-des-vacances-en-espagne-tout-savoir-pour-prevoir-votre-sejour\/#primaryimage","url":"https:\/\/voyage-aventure.com\/blog\/wp-content\/uploads\/2025\/07\/sdxl-8d2293a82db37d8c0239bf00f2144ae8-scaled.png","contentUrl":"https:\/\/voyage-aventure.com\/blog\/wp-content\/uploads\/2025\/07\/sdxl-8d2293a82db37d8c0239bf00f2144ae8-scaled.png","width":1200,"height":500},{"@type":"WebSite","@id":"https:\/\/voyage-aventure.com\/blog\/#website","url":"https:\/\/voyage-aventure.com\/blog\/","name":"voyage-aventure.com","description":"Votre passeport pour l\u2019inattendu.","publisher":{"@id":"https:\/\/voyage-aventure.com\/blog\/#organization"},"alternateName":"Votre passeport pour l\u2019inattendu.","potentialAction":[{"@type":"SearchAction","target":{"@type":"EntryPoint","urlTemplate":"https:\/\/voyage-aventure.com\/blog\/?s={search_term_string}"},"query-input":{"@type":"PropertyValueSpecification","valueRequired":true,"valueName":"search_term_string"}}],"inLanguage":"fr-FR"},{"@type":"Organization","@id":"https:\/\/voyage-aventure.com\/blog\/#organization","name":"Foretsensations.fr","url":"https:\/\/voyage-aventure.com\/blog\/","logo":{"@type":"ImageObject","inLanguage":"fr-FR","@id":"https:\/\/voyage-aventure.com\/blog\/#\/schema\/logo\/image\/","url":"https:\/\/voyage-aventure.com\/blog\/wp-content\/uploads\/2024\/12\/19.png","contentUrl":"https:\/\/voyage-aventure.com\/blog\/wp-content\/uploads\/2024\/12\/19.png","width":512,"height":512,"caption":"Foretsensations.fr"},"image":{"@id":"https:\/\/voyage-aventure.com\/blog\/#\/schema\/logo\/image\/"}},{"@type":"Person","@id":"https:\/\/voyage-aventure.com\/blog\/#\/schema\/person\/3c864cdc320801e3db34b663e7e3f816","name":"Camille Rouvray","image":{"@type":"ImageObject","inLanguage":"fr-FR","@id":"https:\/\/voyage-aventure.com\/blog\/#\/schema\/person\/image\/","url":"https:\/\/voyage-aventure.com\/blog\/wp-content\/uploads\/2026\/06\/persona_camille-r-96x96.jpg","contentUrl":"https:\/\/voyage-aventure.com\/blog\/wp-content\/uploads\/2026\/06\/persona_camille-r-96x96.jpg","caption":"Camille Rouvray"},"description":"Je voyage et j'\u00e9cris sur le voyage depuis une douzaine d'ann\u00e9es, d'abord en tant que routarde au long cours, puis comme r\u00e9dactrice sp\u00e9cialis\u00e9e. Mon terrain de pr\u00e9dilection, ce sont les circuits organis\u00e9s et l'art de bien pr\u00e9parer un itin\u00e9raire : choix de la saison, dur\u00e9e r\u00e9aliste des \u00e9tapes, budget jour par jour, logement et transport sur place. J'aime aussi raconter les p\u00e9pites urbaines, ces adresses qu'on ne trouve pas dans les guides classiques. Avant de publier un dossier destination, je croise toujours plusieurs sources, je v\u00e9rifie les tarifs et les formalit\u00e9s d'entr\u00e9e \u00e0 jour, et je teste moi-m\u00eame quand je le peux. Mon angle reste pratique avant tout : aider le lecteur \u00e0 partir l'esprit tranquille, sans mauvaise surprise une fois sur place. Je m'attache \u00e0 distinguer le coup de c\u0153ur sinc\u00e8re du simple argument marketing.","sameAs":["https:\/\/camillerouvray.fr\/"],"url":"https:\/\/voyage-aventure.com\/blog\/auteur\/noname\/"}]}},"_links":{"self":[{"href":"https:\/\/voyage-aventure.com\/blog\/wp-json\/wp\/v2\/posts\/20909","targetHints":{"allow":["GET"]}}],"collection":[{"href":"https:\/\/voyage-aventure.com\/blog\/wp-json\/wp\/v2\/posts"}],"about":[{"href":"https:\/\/voyage-aventure.com\/blog\/wp-json\/wp\/v2\/types\/post"}],"author":[{"embeddable":true,"href":"https:\/\/voyage-aventure.com\/blog\/wp-json\/wp\/v2\/users\/34"}],"replies":[{"embeddable":true,"href":"https:\/\/voyage-aventure.com\/blog\/wp-json\/wp\/v2\/comments?post=20909"}],"version-history":[{"count":0,"href":"https:\/\/voyage-aventure.com\/blog\/wp-json\/wp\/v2\/posts\/20909\/revisions"}],"wp:featuredmedia":[{"embeddable":true,"href":"https:\/\/voyage-aventure.com\/blog\/wp-json\/wp\/v2\/media\/21068"}],"wp:attachment":[{"href":"https:\/\/voyage-aventure.com\/blog\/wp-json\/wp\/v2\/media?parent=20909"}],"wp:term":[{"taxonomy":"category","embeddable":true,"href":"https:\/\/voyage-aventure.com\/blog\/wp-json\/wp\/v2\/categories?post=20909"},{"taxonomy":"post_tag","embeddable":true,"href":"https:\/\/voyage-aventure.com\/blog\/wp-json\/wp\/v2\/tags?post=20909"}],"curies":[{"name":"wp","href":"https:\/\/api.w.org\/{rel}","templated":true}]}}