{"id":20897,"date":"2026-06-16T18:19:58","date_gmt":"2026-06-16T16:19:58","guid":{"rendered":"https:\/\/voyage-aventure.com\/blog\/a-la-une\/10-jours-exceptionnels-en-martinique-itineraire-entre-nature-culture-et-plages-de-reve\/"},"modified":"2026-06-16T18:19:58","modified_gmt":"2026-06-16T16:19:58","slug":"10-jours-exceptionnels-en-martinique-itineraire-entre-nature-culture-et-plages-de-reve","status":"publish","type":"post","link":"https:\/\/voyage-aventure.com\/blog\/a-la-une\/10-jours-exceptionnels-en-martinique-itineraire-entre-nature-culture-et-plages-de-reve\/","title":{"rendered":"10 jours exceptionnels en Martinique : itin\u00e9raire entre nature, culture et plages de r\u00eave"},"content":{"rendered":"<link rel=\"stylesheet\" href=\"https:\/\/fonts.googleapis.com\/css2?family=Fraunces:opsz,wght@9..144,500;9..144,600;9..144,700;9..144,900&#038;family=Inter:wght@400;500;600;700&#038;family=JetBrains+Mono:wght@500;600&#038;display=swap\">\n<style>\n.va-guide-wrap{font-family:'Inter',-apple-system,BlinkMacSystemFont,sans-serif;color:#1d2b29;line-height:1.65;font-size:17px;max-width:860px;margin:0 auto;}\n.va-guide-wrap h2{font-family:'Fraunces','Georgia',serif;font-weight:700;font-size:clamp(25px,3.4vw,35px);line-height:1.18;letter-spacing:-0.015em;color:#102b2a;margin:54px 0 18px;}\n.va-guide-wrap h3{font-family:'Fraunces','Georgia',serif;font-weight:600;font-size:clamp(20px,2.4vw,24px);color:#0f6a64;margin:30px 0 12px;}\n.va-guide-wrap p{margin:0 0 18px;}\n.va-guide-wrap > ul{margin:0 0 22px;padding-left:22px;}\n.va-guide-wrap > ul li{margin-bottom:8px;}\n.va-guide-kicker{display:inline-block;font-family:'JetBrains Mono',monospace;font-size:12px;font-weight:600;letter-spacing:2.5px;text-transform:uppercase;color:#0f8a82;background:#e3f5f2;padding:6px 13px;border-radius:30px;margin-bottom:14px;}\n.va-guide-lead{font-size:20px;line-height:1.55;color:#2c3f3d;font-weight:500;margin:14px 0 30px;border-left:4px solid #15a99f;padding-left:20px;}\n.va-guide-carnet{background:linear-gradient(135deg,#f3faf8 0%,#eaf6f3 100%);border:1px solid #cbe7e2;border-left:5px solid #15a99f;border-radius:14px;padding:26px 28px;margin:0 0 40px;box-shadow:0 1px 2px rgba(16,43,42,.05),0 16px 34px -22px rgba(16,43,42,.30);}\n.va-guide-carnet .va-guide-ct{font-family:'Fraunces',serif;font-weight:700;font-size:21px;color:#102b2a;margin-bottom:18px;display:flex;align-items:center;gap:10px;}\n.va-guide-carnet .va-guide-ct span{font-size:24px;}\n.va-guide-cgrid{display:grid;grid-template-columns:repeat(auto-fit,minmax(160px,1fr));gap:16px;}\n.va-guide-cell{background:#fff;border:1px solid #d7ece8;border-radius:10px;padding:15px 16px;}\n.va-guide-cell .va-guide-lbl{font-family:'JetBrains Mono',monospace;font-size:11px;font-weight:600;letter-spacing:1.5px;text-transform:uppercase;color:#0f8a82;margin-bottom:6px;}\n.va-guide-cell .va-guide-val{font-size:15.5px;font-weight:600;color:#1d2b29;line-height:1.45;}\n.va-guide-pull{font-family:'Fraunces',serif;font-style:italic;font-weight:600;font-size:clamp(22px,3vw,28px);line-height:1.4;color:#0f6a64;border-top:2px solid #cbe7e2;border-bottom:2px solid #cbe7e2;padding:24px 0;margin:34px 0;text-align:center;}\n.va-guide-cards{display:grid;grid-template-columns:repeat(auto-fit,minmax(230px,1fr));gap:20px;margin:24px 0 30px;}\n.va-guide-card{background:#fff;border:1px solid #dce9e6;border-top:3px solid #15a99f;border-radius:12px;padding:22px 22px;transition:.25s ease;box-shadow:0 1px 2px rgba(16,43,42,.05),0 14px 30px -20px rgba(16,43,42,.22);}\n.va-guide-card:hover{transform:translateY(-3px);box-shadow:0 1px 2px rgba(16,43,42,.06),0 22px 40px -20px rgba(16,43,42,.32);border-top-color:#0f8a82;}\n.va-guide-card .va-guide-cn{font-family:'Fraunces',serif;font-weight:700;font-size:19px;color:#102b2a;margin-bottom:9px;}\n.va-guide-card .va-guide-cwhy{font-size:15px;color:#3a4d4a;line-height:1.55;margin-bottom:12px;}\n.va-guide-card .va-guide-tip{font-size:13.5px;color:#0f6a64;background:#eef8f6;border-radius:8px;padding:9px 12px;line-height:1.5;}\n.va-guide-card .va-guide-tip b{font-family:'JetBrains Mono',monospace;font-size:11px;letter-spacing:1px;text-transform:uppercase;color:#0f8a82;display:block;margin-bottom:3px;}\n.va-guide-tbl{width:100%;border-collapse:collapse;margin:18px 0 30px;border-radius:12px;overflow:hidden;box-shadow:0 1px 2px rgba(16,43,42,.05),0 14px 30px -22px rgba(16,43,42,.22);font-size:15px;}\n.va-guide-tbl th{background:#102b2a;color:#eafaf7;font-family:'JetBrains Mono',monospace;font-size:12px;font-weight:600;letter-spacing:1px;text-transform:uppercase;text-align:left;padding:13px 16px;}\n.va-guide-tbl td{padding:13px 16px;border-bottom:1px solid #e4efec;color:#273936;}\n.va-guide-tbl tr:nth-child(even) td{background:#f6fbfa;}\n.va-guide-tbl tr:last-child td{border-bottom:none;}\n.va-guide-check{display:grid;grid-template-columns:repeat(auto-fit,minmax(250px,1fr));gap:18px;margin:22px 0 30px;}\n.va-guide-col{border-radius:12px;padding:20px 22px;border:1px solid #dce9e6;}\n.va-guide-col.va-do{background:#eef8f4;border-left:4px solid #15a99f;}\n.va-guide-col.va-avoid{background:#fbf2ee;border-left:4px solid #cf6b3f;}\n.va-guide-col .va-guide-ch{font-family:'JetBrains Mono',monospace;font-size:12px;font-weight:600;letter-spacing:1.5px;text-transform:uppercase;margin-bottom:12px;}\n.va-do .va-guide-ch{color:#0f8a82;}\n.va-avoid .va-guide-ch{color:#cf6b3f;}\n.va-guide-col ul{margin:0;padding-left:20px;}\n.va-guide-col li{margin-bottom:8px;font-size:15px;line-height:1.5;color:#273936;}\n.va-guide-retain{background:#102b2a;color:#dff5f1;border-radius:14px;padding:28px 30px;margin:44px 0 36px;box-shadow:0 18px 40px -24px rgba(16,43,42,.55);}\n.va-guide-retain .va-guide-rt{font-family:'Fraunces',serif;font-weight:700;font-size:23px;color:#fff;margin-bottom:16px;display:flex;align-items:center;gap:10px;}\n.va-guide-retain ul{margin:0;padding-left:22px;}\n.va-guide-retain li{margin-bottom:10px;font-size:15.5px;line-height:1.55;color:#cfeee9;}\n.va-guide-retain li b{color:#5fe0d2;}\n.va-guide-faq{margin:30px 0 10px;}\n.va-guide-faq .va-guide-fh{font-family:'Fraunces',serif;font-weight:700;font-size:clamp(23px,3vw,30px);color:#102b2a;margin:0 0 20px;}\n.va-guide-faq details{background:#fff;border:1px solid #dce9e6;border-left:3px solid #15a99f;border-radius:10px;padding:0;margin-bottom:12px;transition:.2s ease;box-shadow:0 1px 2px rgba(16,43,42,.04);}\n.va-guide-faq details[open]{border-left-color:#0f8a82;box-shadow:0 12px 28px -22px rgba(16,43,42,.3);}\n.va-guide-faq summary{cursor:pointer;list-style:none;padding:17px 22px;font-family:'Inter',sans-serif;font-weight:600;font-size:16.5px;color:#102b2a;display:flex;justify-content:space-between;gap:14px;align-items:center;}\n.va-guide-faq summary::-webkit-details-marker{display:none;}\n.va-guide-faq summary::after{content:\"+\";font-family:'JetBrains Mono',monospace;color:#0f8a82;font-size:22px;font-weight:600;flex:none;}\n.va-guide-faq details[open] summary::after{content:\"\u2212\";}\n.va-guide-faq .va-guide-fa{padding:0 22px 18px;font-size:15.5px;line-height:1.6;color:#3a4d4a;}\n@media(max-width:600px){.va-guide-wrap{font-size:16px;}.va-guide-lead{font-size:18px;}}\n\/*RENDERFIX2*\/.va-guide-tbl th{color:#eef3f9!important}.va-guide-tbl th p,.va-guide-tbl th li,.va-guide-tbl th strong,.va-guide-tbl th em,.va-guide-tbl th a,.va-guide-tbl th span,.va-guide-tbl th b,.va-guide-tbl th td,.va-guide-tbl th th,.va-guide-tbl th h2,.va-guide-tbl th h3,.va-guide-tbl th h4{color:#eef3f9!important}.va-guide-tbl th strong,.va-guide-tbl th b{color:#ffffff!important}.va-guide-retain{color:#eef3f9!important}.va-guide-retain p,.va-guide-retain li,.va-guide-retain strong,.va-guide-retain em,.va-guide-retain a,.va-guide-retain span,.va-guide-retain b,.va-guide-retain td,.va-guide-retain th,.va-guide-retain h2,.va-guide-retain h3,.va-guide-retain h4{color:#eef3f9!important}.va-guide-retain strong,.va-guide-retain b{color:#ffffff!important}<\/style>\n<div class=\"va-guide-wrap\">\n<span class=\"va-guide-kicker\">Carnet de voyage \u00b7 Antilles<\/span><\/p>\n<p class=\"va-guide-lead\">Dix jours en Martinique, c&rsquo;est l&rsquo;\u00e9quilibre parfait entre volcans, for\u00eats tropicales, plages de carte postale et culture cr\u00e9ole. Voici un itin\u00e9raire complet, du march\u00e9 de Fort-de-France aux villages de p\u00eacheurs du nord, pour ne rien manquer de l&rsquo;\u00eele aux fleurs.<\/p>\n<div class=\"va-guide-carnet\">\n<div class=\"va-guide-ct\"><span>\ud83c\udf34<\/span> Carnet pratique<\/div>\n<div class=\"va-guide-cgrid\">\n<div class=\"va-guide-cell\">\n<div class=\"va-guide-lbl\">Quand partir<\/div>\n<div class=\"va-guide-val\">De d\u00e9cembre \u00e0 avril, pour une m\u00e9t\u00e9o cl\u00e9mente<\/div>\n<\/div>\n<div class=\"va-guide-cell\">\n<div class=\"va-guide-lbl\">Dur\u00e9e id\u00e9ale<\/div>\n<div class=\"va-guide-val\">10 jours, nord et sud altern\u00e9s<\/div>\n<\/div>\n<div class=\"va-guide-cell\">\n<div class=\"va-guide-lbl\">Se d\u00e9placer<\/div>\n<div class=\"va-guide-val\">Location de voiture indispensable<\/div>\n<\/div>\n<div class=\"va-guide-cell\">\n<div class=\"va-guide-lbl\">3 incontournables<\/div>\n<div class=\"va-guide-val\">Montagne Pel\u00e9e \u00b7 Les Salines \u00b7 distilleries de rhum<\/div>\n<\/div>\n<div class=\"va-guide-cell\">\n<div class=\"va-guide-lbl\">Ambiance<\/div>\n<div class=\"va-guide-val\">Nature, m\u00e9moire historique, douceur de vivre cr\u00e9ole<\/div>\n<\/div><\/div>\n<\/div>\n<h2>Premiers pas \u00e0 Fort-de-France : immersion urbaine et patrimoine cr\u00e9ole<\/h2>\n<p>Fort-de-France, capitale dynamique, s\u00e9duit d\u00e8s l\u2019arriv\u00e9e par sa <strong>vitalit\u00e9<\/strong> et la profusion de couleurs de ses march\u00e9s traditionnels. Fl\u00e2ner sous la halle du <strong>Grand March\u00e9<\/strong> d\u00e9voile une mosa\u00efque de saveurs : fruits exotiques fra\u00eechement cueillis, parfums d\u2019\u00e9pices envo\u00fbtants, et objets d\u2019artisanat local. Nous prenons le temps d\u2019arpenter les \u00e9tals o\u00f9 l\u2019on retrouve la fameuse <strong>vanille de Martinique<\/strong>, le <strong>piment v\u00e9g\u00e9tarien<\/strong> et les tissus madras ray\u00e9s, symboles du patrimoine textile antillais.<\/p>\n<p>Le patrimoine architectural s\u2019impose lors de la visite de la <strong>Biblioth\u00e8que Sch\u0153lcher<\/strong>, b\u00e2timent m\u00e9tallique con\u00e7u \u00e0 Paris et achemin\u00e9 pi\u00e8ce par pi\u00e8ce \u00e0 la fin du XIXe si\u00e8cle. Sa structure unique, associant influences haussmanniennes et cr\u00e9oles, abrite des milliers d\u2019ouvrages historiques. \u00c0 proximit\u00e9, la <strong>cath\u00e9drale Saint-Louis<\/strong> \u2013 construite en pierre et fer pour r\u00e9sister aux s\u00e9ismes et cyclones \u2013 domine la ville de sa haute fl\u00e8che. Pour une pause en fin de journ\u00e9e, rien n\u2019\u00e9gale une balade le long du <u>front de mer<\/u>, jusqu\u2019\u00e0 la <strong>plage de la Fran\u00e7aise<\/strong>, o\u00f9 le coucher de soleil embrase la baie et offre un spectacle naturel inoubliable.<\/p>\n<div class=\"va-guide-cards\">\n<div class=\"va-guide-card\">\n<div class=\"va-guide-cn\">Grand March\u00e9<\/div>\n<div class=\"va-guide-cwhy\">Diversit\u00e9 des produits locaux \u00e0 d\u00e9couvrir : \u00e9pices, vanille, madras et artisanat antillais.<\/div>\n<div class=\"va-guide-tip\"><b>Le conseil<\/b>Arrivez t\u00f4t le matin pour les \u00e9tals les plus fournis.<\/div>\n<\/div>\n<div class=\"va-guide-card\">\n<div class=\"va-guide-cn\">Biblioth\u00e8que Sch\u0153lcher<\/div>\n<div class=\"va-guide-cwhy\">Prouesse architecturale m\u00e9tallique du XIXe si\u00e8cle et centre historique de la ville.<\/div>\n<div class=\"va-guide-tip\"><b>Le conseil<\/b>Une halte culturelle \u00e0 coupler avec la cath\u00e9drale Saint-Louis voisine.<\/div>\n<\/div>\n<div class=\"va-guide-card\">\n<div class=\"va-guide-cn\">Plage de la Fran\u00e7aise<\/div>\n<div class=\"va-guide-cwhy\">Le point de vue recommand\u00e9 pour un premier soir sur l\u2019\u00eele, face \u00e0 la baie.<\/div>\n<div class=\"va-guide-tip\"><b>Le conseil<\/b>Id\u00e9ale au coucher du soleil pour embraser la baie.<\/div>\n<\/div>\n<\/div>\n<h2>Jardin de Balata et for\u00eats du nord : la nature luxuriante \u00e0 port\u00e9e de main<\/h2>\n<p>\u00c0 quelques kilom\u00e8tres au nord de Fort-de-France, le <strong>Jardin de Balata<\/strong> offre une immersion dans la <u>biodiversit\u00e9 tropicale<\/u>. Ce parc botanique, cr\u00e9\u00e9 par Jean-Philippe Thoze, r\u00e9unit plus de 3000 esp\u00e8ces de plantes, dont des orchid\u00e9es rares, foug\u00e8res arborescentes et palmiers majestueux. Le parcours sur les passerelles suspendues procure une perspective fascinante sur la canop\u00e9e, id\u00e9ale pour photographier colibris et iguanes.<\/p>\n<p>Poursuivons l\u2019exploration avec une marche dans la <strong>for\u00eat humide du nord<\/strong>, r\u00e9gion r\u00e9put\u00e9e pour ses sentiers et cascades. Le site du <strong>Saut du Gendarme<\/strong>, cascade embl\u00e9matique de plus de 10 m\u00e8tres de haut, attire marcheurs et amateurs de baignades sauvages. Les plus aventureux pousseront jusqu\u2019\u00e0 l\u2019<strong>Anse Couleuvre<\/strong>, plage de sable noir discr\u00e8te, accessible apr\u00e8s une randonn\u00e9e \u00e0 travers la for\u00eat tropicale, o\u00f9 la faune et la flore offrent un spectacle permanent.<\/p>\n<div class=\"va-guide-cards\">\n<div class=\"va-guide-card\">\n<div class=\"va-guide-cn\">Jardin de Balata<\/div>\n<div class=\"va-guide-cwhy\">Parcours botanique sur passerelles suspendues, plus de 3000 esp\u00e8ces tropicales.<\/div>\n<div class=\"va-guide-tip\"><b>Le conseil<\/b>Parfait pour photographier colibris et iguanes au c\u0153ur de la canop\u00e9e.<\/div>\n<\/div>\n<div class=\"va-guide-card\">\n<div class=\"va-guide-cn\">Saut du Gendarme<\/div>\n<div class=\"va-guide-cwhy\">Chute d\u2019eau spectaculaire de plus de 10 m\u00e8tres, id\u00e9ale pour une baignade rafra\u00eechissante.<\/div>\n<div class=\"va-guide-tip\"><b>Le conseil<\/b>Acc\u00e8s facile, \u00e0 combiner avec une balade en for\u00eat humide.<\/div>\n<\/div>\n<div class=\"va-guide-card\">\n<div class=\"va-guide-cn\">Anse Couleuvre<\/div>\n<div class=\"va-guide-cwhy\">Plage sauvage de sable noir entour\u00e9e de v\u00e9g\u00e9tation luxuriante.<\/div>\n<div class=\"va-guide-tip\"><b>Le conseil<\/b>Comptez une randonn\u00e9e \u00e0 travers la for\u00eat tropicale pour y acc\u00e9der.<\/div>\n<\/div>\n<\/div>\n<h2>Ascension de la montagne Pel\u00e9e : sur les traces du volcan mythique<\/h2>\n<p>Symbole incontest\u00e9 de la Martinique, la <strong>montagne Pel\u00e9e<\/strong> attire les randonneurs gr\u00e2ce \u00e0 ses panoramas spectaculaires et son histoire. Le volcan, dont l\u2019\u00e9ruption en 1902 a boulevers\u00e9 l\u2019\u00eele et d\u00e9truit la ville de Saint-Pierre, est aujourd\u2019hui un site de trekking r\u00e9put\u00e9 aux Antilles. L\u2019ascension d\u00e9marre g\u00e9n\u00e9ralement depuis le bourg du <strong>Morne-Rouge<\/strong> ou Grand Rivi\u00e8re ; trois principaux sentiers \u2013 dont le <strong>Chemin des Dames<\/strong> \u2013 permettent d\u2019atteindre le sommet \u00e0 1397 m\u00e8tres.<\/p>\n<p>Le parcours traverse plusieurs \u00e9tages de v\u00e9g\u00e9tation : d\u2019abord la zone de savane, puis la for\u00eat d\u2019altitude, enfin les paysages lunaires du crat\u00e8re. Au sommet, la vue s&rsquo;\u00e9tend jusqu\u2019aux \u00eeles voisines par temps clair, et la brume ajoute un suppl\u00e9ment de myst\u00e8re \u00e0 la randonn\u00e9e. Sur le flanc du volcan, les traces de l\u2019\u00e9ruption sont toujours visibles, conf\u00e9rant au lieu une atmosph\u00e8re unique que l\u2019on ne retrouve nulle part ailleurs dans les Cara\u00efbes.<\/p>\n<p class=\"va-guide-pull\">\u00ab Au sommet \u00e0 1397 m\u00e8tres, la vue s&rsquo;\u00e9tend jusqu\u2019aux \u00eeles voisines, et la brume ajoute un suppl\u00e9ment de myst\u00e8re \u00e0 la randonn\u00e9e. \u00bb<\/p>\n<ul>\n<li><strong>Montagne Pel\u00e9e<\/strong> : site volcanique majeur, point culminant de l\u2019\u00eele<\/li>\n<li><strong>Chemin des Dames<\/strong> : sentier balis\u00e9 pour randonneurs aguerris<\/li>\n<li>Vestiges de l\u2019\u00e9ruption de 1902, t\u00e9moignages historiques \u00e0 d\u00e9couvrir<\/li>\n<\/ul>\n<h2>Saint-Pierre et m\u00e9moire vivante : ruines, mus\u00e9es et atmosph\u00e8re unique<\/h2>\n<p>En redescendant vers la c\u00f4te, la ville de <strong>Saint-Pierre<\/strong> illustre la capacit\u00e9 de la Martinique \u00e0 rena\u00eetre apr\u00e8s les catastrophes. Consid\u00e9r\u00e9e comme la \u201cpetite Paris des Antilles\u201d jusqu\u2019\u00e0 l\u2019\u00e9ruption d\u00e9vastatrice de 1902, elle conserve de nombreux vestiges d\u2019un pass\u00e9 prestigieux. Parcourir ses ruelles pav\u00e9es r\u00e9v\u00e8le les anciennes fa\u00e7ades, le th\u00e9\u00e2tre en ruines, et la prison o\u00f9 un survivant de l\u2019\u00e9ruption, Cyparis, a trouv\u00e9 refuge.<\/p>\n<p>Plusieurs mus\u00e9es retracent l\u2019histoire de la catastrophe, notamment le <strong>Mus\u00e9e Volcanologique Franck Perret<\/strong>, qui expose objets, photographies et r\u00e9cits de la vie d\u2019avant et d\u2019apr\u00e8s l\u2019\u00e9ruption. Marcher sur le front de mer offre un panorama sur la baie, autrefois centre commercial anim\u00e9, aujourd\u2019hui paisible et charg\u00e9 de m\u00e9moire. Nous recommandons de s\u2019arr\u00eater dans une rhumerie locale pour go\u00fbter \u00e0 l\u2019ambiance conviviale propre \u00e0 la ville.<\/p>\n<div class=\"va-guide-cards\">\n<div class=\"va-guide-card\">\n<div class=\"va-guide-cn\">Ruines du th\u00e9\u00e2tre<\/div>\n<div class=\"va-guide-cwhy\">T\u00e9moignage frappant de l\u2019histoire coloniale et de la \u00ab petite Paris des Antilles \u00bb.<\/div>\n<div class=\"va-guide-tip\"><b>Le conseil<\/b>\u00c0 parcourir \u00e0 pied dans les ruelles pav\u00e9es de la ville.<\/div>\n<\/div>\n<div class=\"va-guide-card\">\n<div class=\"va-guide-cn\">Mus\u00e9e Volcanologique<\/div>\n<div class=\"va-guide-cwhy\">Centre d\u2019interpr\u00e9tation sur l\u2019\u00e9ruption de 1902, objets et r\u00e9cits d\u2019\u00e9poque.<\/div>\n<div class=\"va-guide-tip\"><b>Le conseil<\/b>Le passage cl\u00e9 pour comprendre le drame de Saint-Pierre.<\/div>\n<\/div>\n<div class=\"va-guide-card\">\n<div class=\"va-guide-cn\">Prison de Cyparis<\/div>\n<div class=\"va-guide-cwhy\">Le refuge d\u2019un survivant de l\u2019\u00e9ruption, pour saisir le drame humain du volcan.<\/div>\n<div class=\"va-guide-tip\"><b>Le conseil<\/b>\u00c0 coupler avec une pause dans une rhumerie locale.<\/div>\n<\/div>\n<\/div>\n<h2>Plages du sud : d\u00e9tente sur les anses paradisiaques<\/h2>\n<p>Le sud de la Martinique concentre les plages les plus r\u00e9put\u00e9es pour leur beaut\u00e9 et leur diversit\u00e9. \u00c0 commencer par <strong>Les Salines<\/strong>, immense croissant de sable blanc bord\u00e9 de cocotiers, situ\u00e9 \u00e0 proximit\u00e9 de Sainte-Anne, o\u00f9 l\u2019eau turquoise invite \u00e0 la baignade. Ce site figure parmi les plus photographi\u00e9s de la Cara\u00efbe.<\/p>\n<p>Direction l\u2019<strong>Anse Dufour<\/strong> et l\u2019<strong>Anse Noire<\/strong>, deux criques s\u00e9par\u00e9es par une petite pointe rocheuse. La premi\u00e8re se distingue par ses fonds marins poissonneux, parfaits pour le snorkeling, tandis que la seconde surprend par la couleur sombre de son sable volcanique, rare dans la r\u00e9gion. La <strong>Grande Anse du Diamant<\/strong>, quant \u00e0 elle, s\u00e9duit les surfeurs et amateurs de longues balades avec sa plage de 3 km face au c\u00e9l\u00e8bre Rocher du Diamant.<\/p>\n<div class=\"va-guide-cards\">\n<div class=\"va-guide-card\">\n<div class=\"va-guide-cn\">Les Salines<\/div>\n<div class=\"va-guide-cwhy\">Plage embl\u00e9matique de sable blanc bord\u00e9e de cocotiers, id\u00e9ale pour les familles.<\/div>\n<div class=\"va-guide-tip\"><b>Le conseil<\/b>L\u2019une des plus photographi\u00e9es de la Cara\u00efbe, \u00e0 voir au calme t\u00f4t le matin.<\/div>\n<\/div>\n<div class=\"va-guide-card\">\n<div class=\"va-guide-cn\">Anse Dufour<\/div>\n<div class=\"va-guide-cwhy\">Fonds marins poissonneux parfaits pour le snorkeling et l\u2019observation des tortues.<\/div>\n<div class=\"va-guide-tip\"><b>Le conseil<\/b>Voisine de l\u2019Anse Noire et son rare sable volcanique sombre.<\/div>\n<\/div>\n<div class=\"va-guide-card\">\n<div class=\"va-guide-cn\">Grande Anse du Diamant<\/div>\n<div class=\"va-guide-cwhy\">Plage de 3 km face au Rocher du Diamant, pris\u00e9e des surfeurs et marcheurs.<\/div>\n<div class=\"va-guide-tip\"><b>Le conseil<\/b>Id\u00e9ale pour de longues balades et le panorama sur le Rocher.<\/div>\n<\/div>\n<\/div>\n<h2>D\u00e9couverte de la presqu\u2019\u00eele de la Caravelle : entre mangrove et pointes sauvages<\/h2>\n<p>La <strong>presqu\u2019\u00eele de la Caravelle<\/strong>, sur la c\u00f4te Atlantique, repr\u00e9sente un incontournable pour les amateurs de randonn\u00e9es et d\u2019\u00e9cosyst\u00e8mes pr\u00e9serv\u00e9s. Cette zone class\u00e9e r\u00e9serve naturelle \u00e9tonne par la diversit\u00e9 de ses paysages : savanes s\u00e8ches, mangroves, falaises battues par l\u2019oc\u00e9an et petites criques cach\u00e9es. L\u2019itin\u00e9raire vedette, celui du <strong>phare de la Caravelle<\/strong>, conduit \u00e0 un belv\u00e9d\u00e8re imprenable sur la baie du Galion et l\u2019oc\u00e9an Atlantique.<\/p>\n<p>Au c\u0153ur de la presqu\u2019\u00eele, le village paisible de <strong>Tartane<\/strong> vit au rythme des p\u00eacheurs. C\u2019est l\u2019occasion d\u2019assister au retour des yoles, petites embarcations traditionnelles martiniquaises, et de d\u00e9couvrir les plages de la Baie du Tr\u00e9sor, parfois d\u00e9sertes. Les chemins c\u00f4tiers permettent d\u2019observer h\u00e9rons, crabes violonistes et une flore exceptionnelle adapt\u00e9e \u00e0 la salinit\u00e9.<\/p>\n<ul>\n<li><strong>Phare de la Caravelle<\/strong> : randonn\u00e9e panoramique, vue spectaculaire<\/li>\n<li><strong>Baie du Tr\u00e9sor<\/strong> : baignades et criques secr\u00e8tes<\/li>\n<li><strong>Mangrove<\/strong> : \u00e9cosyst\u00e8me unique \u00e0 explorer \u00e0 pied ou en kayak<\/li>\n<\/ul>\n<h2>Exp\u00e9rience cr\u00e9ole \u00e0 Sainte-Anne : march\u00e9s, gastronomie et traditions<\/h2>\n<p>\u00c0 Sainte-Anne, la culture martiniquaise se r\u00e9v\u00e8le pleinement \u00e0 travers ses march\u00e9s anim\u00e9s et sa gastronomie typique. Le <strong>march\u00e9 couvert de Sainte-Anne<\/strong> propose chaque jour une vari\u00e9t\u00e9 de fruits frais \u2013 goyave, corossol, prune de cyth\u00e8re \u2013 et une s\u00e9lection de <strong>rhums arrang\u00e9s<\/strong> \u00e0 base de vanille, cannelle et \u00e9corces locales. Les \u00e9choppes de cuisine de rue servent des accras croustillants, du poulet boucan\u00e9 et des sorbets coco, \u00e0 savourer face \u00e0 la mer.<\/p>\n<p>Voyager \u00e0 Sainte-Anne, c\u2019est aussi d\u00e9couvrir les coutumes rurales du sud, o\u00f9 les f\u00eates traditionnelles rythment l\u2019ann\u00e9e. Les villages alentour tels que <strong>Le Marin<\/strong> ou <strong>Rivi\u00e8re-Pilote<\/strong> accueillent r\u00e9guli\u00e8rement des manifestations culturelles o\u00f9 la <strong>musique b\u00e8l\u00e8<\/strong>, les danses et la fabrication de madras perdurent, v\u00e9ritables symboles de la fiert\u00e9 cr\u00e9ole.<\/p>\n<ul>\n<li><strong>March\u00e9 de Sainte-Anne<\/strong> : produits frais, rhums arrang\u00e9s, souvenirs textiles<\/li>\n<li><strong>Sp\u00e9cialit\u00e9s culinaires<\/strong> : accras, poulet boucan\u00e9, sorbet coco<\/li>\n<li><strong>Arts et f\u00eates cr\u00e9oles<\/strong> : danses b\u00e8l\u00e8, expositions de madras<\/li>\n<\/ul>\n<h2>Visites de distilleries et secrets du rhum martiniquais<\/h2>\n<p>Impossible de s\u2019immerger en Martinique sans explorer l\u2019univers du <strong>rhum agricole AOC<\/strong>, produit d\u2019excellence reconnu mondialement. De <strong>la distillerie Depaz \u00e0 Saint-Pierre<\/strong> \u00e0 <strong>la maison Cl\u00e9ment au Fran\u00e7ois<\/strong>, chaque visite r\u00e9v\u00e8le des m\u00e9thodes traditionnelles, de la coupe de la canne au vieillissement en f\u00fbts de ch\u00eane. Le guide nous explique les particularit\u00e9s g\u00e9ographiques de l\u2019\u00eele qui conf\u00e8rent au rhum sa palette aromatique unique.<\/p>\n<p>Les sessions de d\u00e9gustation permettent d\u2019appr\u00e9cier les diff\u00e9rences entre un rhum blanc, parfait pour le ti-punch, et un rhum vieux, pris\u00e9 pour sa complexit\u00e9. La plupart des distilleries int\u00e8grent des mus\u00e9es, jardins d\u2019\u00e9pices et d\u2019anciens outils agricoles, offrant une perspective compl\u00e8te sur ce pan du <u>patrimoine martiniquais<\/u>. Certains ateliers permettent m\u00eame de composer sa propre bouteille, souvenir authentique et personnalis\u00e9.<\/p>\n<div class=\"va-guide-cards\">\n<div class=\"va-guide-card\">\n<div class=\"va-guide-cn\">Distillerie Depaz<\/div>\n<div class=\"va-guide-cwhy\">Visite guid\u00e9e et production artisanale, avec panorama sur la montagne Pel\u00e9e.<\/div>\n<div class=\"va-guide-tip\"><b>Le conseil<\/b>\u00c0 combiner avec la visite de Saint-Pierre toute proche.<\/div>\n<\/div>\n<div class=\"va-guide-card\">\n<div class=\"va-guide-cn\">Habitation Cl\u00e9ment<\/div>\n<div class=\"va-guide-cwhy\">Mus\u00e9e, jardins d\u2019\u00e9pices et architecture cr\u00e9ole au Fran\u00e7ois.<\/div>\n<div class=\"va-guide-tip\"><b>Le conseil<\/b>Pr\u00e9voyez du temps pour fl\u00e2ner dans les jardins et le parc.<\/div>\n<\/div>\n<div class=\"va-guide-card\">\n<div class=\"va-guide-cn\">D\u00e9gustation<\/div>\n<div class=\"va-guide-cwhy\">Initiation aux rhums vieux, blancs et arrang\u00e9s : du ti-punch au vieillissement.<\/div>\n<div class=\"va-guide-tip\"><b>Le conseil<\/b>Certains ateliers permettent de composer sa propre bouteille.<\/div>\n<\/div>\n<\/div>\n<h2>Exploration sous-marine et activit\u00e9s nautiques sur la c\u00f4te cara\u00efbe<\/h2>\n<p>Les eaux chaudes et limpides de la c\u00f4te cara\u00efbe invitent \u00e0 une multitude d\u2019activit\u00e9s nautiques. Les clubs de plong\u00e9e, r\u00e9partis de <strong>Case-Pilote<\/strong> \u00e0 <strong>Grande Anse d\u2019Arlet<\/strong>, proposent des bapt\u00eames dans des fonds coralliens o\u00f9 \u00e9voluent poissons-papillons, tortues imbriqu\u00e9es et barracudas. Les spots comme l\u2019\u00e9pave du Nahoon ou la grotte aux Mur\u00e8nes s\u00e9duisent les plongeurs confirm\u00e9s \u00e0 la recherche d\u2019exp\u00e9riences uniques.<\/p>\n<p>En surface, <strong>kayak<\/strong>, <strong>paddle<\/strong> et <strong>balade en yole<\/strong> repr\u00e9sentent d\u2019autres fa\u00e7ons de d\u00e9couvrir la c\u00f4te et ses criques inaccessibles depuis la terre. Au large d\u2019<strong>Anse Dufour<\/strong> ou de <strong>l\u2019Anse Noire<\/strong>, il n\u2019est pas rare d\u2019observer des dauphins et, de janvier \u00e0 avril, des baleines \u00e0 bosse lors de migrations. Le snorkeling au pied du Rocher du Diamant figure parmi les exp\u00e9riences phares de l\u2019\u00eele, tant pour la richesse de la faune que pour la clart\u00e9 de l\u2019eau.<\/p>\n<ul>\n<li><strong>Clubs de plong\u00e9e<\/strong> : exploration d\u2019\u00e9paves, grottes, jardins coralliens<\/li>\n<li><strong>Kite surf, kayak et paddle<\/strong> : activit\u00e9s adapt\u00e9es \u00e0 tous niveaux<\/li>\n<li><strong>Observation de la faune marine<\/strong> : tortues, dauphins, baleines selon la saison<\/li>\n<\/ul>\n<h2>Journ\u00e9e slow dans les villages de p\u00eacheurs : traditions et douceur de vivre<\/h2>\n<p>Pour conclure cet itin\u00e9raire, une escale dans les <strong>villages de p\u00eacheurs<\/strong> permet de saisir l&rsquo;\u00e2me authentique de la Martinique. Au <strong>Carbet<\/strong>, petit port du nord, les restaurants de plage servent des assiettes de langoustes grill\u00e9es ou de lambis fra\u00eechement p\u00each\u00e9s. Le march\u00e9 local, modeste mais anim\u00e9, invite \u00e0 go\u00fbter aux sp\u00e9cialit\u00e9s marines du jour accompagn\u00e9es de bananes plantain frites.<\/p>\n<p>\u00c0 <strong>Grand Rivi\u00e8re<\/strong>, perch\u00e9 au pied des falaises, la vie s\u2019\u00e9coule paisiblement : les bateaux de p\u00eache color\u00e9s rentrent au port en fin de matin\u00e9e, la population partage volontiers histoires et recettes ancestrales. S\u2019impr\u00e9gner de cette atmosph\u00e8re, loin de l\u2019agitation touristique, c\u2019est d\u00e9couvrir la <u>Martinique la plus authentique<\/u>. Nous recommandons de prendre le temps d\u2019\u00e9changer avec les p\u00eacheurs, souvent ravis de raconter la p\u00eache traditionnelle \u00e0 la senne ou en yole ronde.<\/p>\n<ul>\n<li><strong>Le Carbet<\/strong> : d\u00e9gustation de poissons, langoustes, sp\u00e9cialit\u00e9s locales<\/li>\n<li><strong>Grand Rivi\u00e8re<\/strong> : ambiance de village, panorama sur les falaises, p\u00eache traditionnelle<\/li>\n<li><strong>March\u00e9s c\u00f4tiers<\/strong> : s\u00e9lection de produits de la mer et recettes familiales<\/li>\n<\/ul>\n<h2>Conseils pratiques et avis sur un s\u00e9jour de 10 jours en Martinique<\/h2>\n<p>Explorer la Martinique en dix jours offre un \u00e9quilibre pr\u00e9cieux entre aventures nature, d\u00e9couvertes culturelles et d\u00e9tente baln\u00e9aire. Le r\u00e9seau routier, bien entretenu, permet d\u2019acc\u00e9der facilement \u00e0 la majorit\u00e9 des sites majeurs, m\u00eame si certaines routes du nord r\u00e9clament vigilance en raison de l\u2019humidit\u00e9 et des virages serr\u00e9s.<\/p>\n<p>Nous sugg\u00e9rons de louer un v\u00e9hicule pour profiter au maximum de la diversit\u00e9 des paysages, et d\u2019alterner h\u00e9bergements entre nord et sud afin de limiter les temps de trajet. L\u2019accueil martiniquais s\u00e9duit tant par la chaleur des habitants que par la g\u00e9n\u00e9rosit\u00e9 des \u00e9changes. Ce p\u00e9riple laisse une impression durable : l\u2019\u00eele ne se livre jamais totalement en un seul voyage, chaque s\u00e9jour r\u00e9v\u00e9lant de nouveaux tr\u00e9sors cach\u00e9s, saveurs ou traditions \u00e0 d\u00e9couvrir.<\/p>\n<div class=\"va-guide-check\">\n<div class=\"va-guide-col va-do\">\n<div class=\"va-guide-ch\">\u00c0 faire<\/div>\n<ul>\n<li>Louer un v\u00e9hicule autonome, indispensable pour explorer l\u2019\u00eele librement<\/li>\n<li>Alterner h\u00e9bergements nord et sud pour optimiser les visites<\/li>\n<li>R\u00e9server son s\u00e9jour entre d\u00e9cembre et avril pour la m\u00e9t\u00e9o cl\u00e9mente<\/li>\n<li>Tenter le snorkeling \u00e0 l\u2019Anse Dufour et le coucher de soleil \u00e0 Fort-de-France<\/li>\n<\/ul><\/div>\n<div class=\"va-guide-col va-avoid\">\n<div class=\"va-guide-ch\">\u00c0 anticiper<\/div>\n<ul>\n<li>Les routes du nord, humides et aux virages serr\u00e9s, demandent de la vigilance<\/li>\n<li>Sous-estimer les temps de trajet entre c\u00f4tes Cara\u00efbe et Atlantique<\/li>\n<li>Vouloir tout voir en un seul voyage : l\u2019\u00eele se red\u00e9couvre \u00e0 chaque s\u00e9jour<\/li>\n<li>Oublier la randonn\u00e9e de la montagne Pel\u00e9e, r\u00e9serv\u00e9e aux marcheurs aguerris<\/li>\n<\/ul><\/div>\n<\/div>\n<div class=\"va-guide-retain\">\n<div class=\"va-guide-rt\">\ud83e\udded \u00c0 retenir<\/div>\n<ul>\n<li><b>Dix jours suffisent<\/b> pour combiner volcan, for\u00eats, plages du sud et culture cr\u00e9ole sans courir.<\/li>\n<li><b>Alternez nord et sud<\/b> en logeant des deux c\u00f4t\u00e9s : vous limitez les trajets et gagnez du temps sur place.<\/li>\n<li><b>La voiture est incontournable<\/b> pour rejoindre librement Balata, Saint-Pierre, la Caravelle ou Les Salines.<\/li>\n<li><b>De d\u00e9cembre \u00e0 avril<\/b>, la m\u00e9t\u00e9o est la plus cl\u00e9mente \u2014 et c&rsquo;est aussi la saison des baleines (janvier \u00e0 avril).<\/li>\n<li><b>Prenez le temps<\/b> du slow travel dans les villages de p\u00eacheurs pour saisir la Martinique authentique.<\/li>\n<\/ul>\n<\/div>\n<div class=\"va-guide-faq\">\n<div class=\"va-guide-fh\">Questions fr\u00e9quentes<\/div>\n<details>\n<summary>Combien de jours faut-il pour visiter la Martinique ?<\/summary>\n<div class=\"va-guide-fa\">Dix jours offrent un bon \u00e9quilibre entre nature, culture et plages. Ce format permet de couvrir aussi bien le nord (montagne Pel\u00e9e, Saint-Pierre, for\u00eats) que le sud (Les Salines, anses du Diamant) sans multiplier les longs trajets.<\/div>\n<\/details>\n<details>\n<summary>Quelle est la meilleure p\u00e9riode pour partir en Martinique ?<\/summary>\n<div class=\"va-guide-fa\">La p\u00e9riode de d\u00e9cembre \u00e0 avril est conseill\u00e9e pour profiter d&rsquo;une m\u00e9t\u00e9o cl\u00e9mente. C&rsquo;est aussi, de janvier \u00e0 avril, la saison o\u00f9 l&rsquo;on peut observer les baleines \u00e0 bosse au large de la c\u00f4te cara\u00efbe.<\/div>\n<\/details>\n<details>\n<summary>Faut-il louer une voiture en Martinique ?<\/summary>\n<div class=\"va-guide-fa\">Oui, la location d&rsquo;un v\u00e9hicule est vivement recommand\u00e9e pour explorer l&rsquo;\u00eele librement et acc\u00e9der \u00e0 la majorit\u00e9 des sites. Le r\u00e9seau routier est bien entretenu, mais certaines routes du nord r\u00e9clament de la vigilance en raison de l&rsquo;humidit\u00e9 et des virages serr\u00e9s.<\/div>\n<\/details>\n<details>\n<summary>Quels sont les incontournables d&rsquo;un s\u00e9jour en Martinique ?<\/summary>\n<div class=\"va-guide-fa\">L&rsquo;ascension de la montagne Pel\u00e9e, la plage des Salines, le Jardin de Balata, la m\u00e9moire de Saint-Pierre, la presqu&rsquo;\u00eele de la Caravelle et les visites de distilleries de rhum agricole AOC figurent parmi les exp\u00e9riences phares \u00e0 ne pas manquer.<\/div>\n<\/details>\n<details>\n<summary>Peut-on observer des baleines en Martinique ?<\/summary>\n<div class=\"va-guide-fa\">Oui. De janvier \u00e0 avril, il est possible d&rsquo;observer des baleines \u00e0 bosse lors de leurs migrations au large de la c\u00f4te cara\u00efbe. Tout au long de l&rsquo;ann\u00e9e, dauphins et tortues marines sont \u00e9galement fr\u00e9quemment visibles, notamment vers l&rsquo;Anse Dufour et l&rsquo;Anse Noire.<\/div>\n<\/details>\n<\/div>\n<\/div>\n","protected":false},"excerpt":{"rendered":"","protected":false},"author":34,"featured_media":21121,"comment_status":"open","ping_status":"open","sticky":false,"template":"","format":"standard","meta":{"_acf_changed":false,"manual_indexmenow":false,"indexmenow_id_project":0,"footnotes":""},"categories":[1],"tags":[4906,6426,4715],"class_list":["post-20897","post","type-post","status-publish","format-standard","has-post-thumbnail","hentry","category-a-la-une","tag-itineraire","tag-martinique","tag-plages","generate-columns","tablet-grid-50","mobile-grid-100","grid-parent","grid-25"],"acf":[],"yoast_head":"<!-- This site is optimized with the Yoast SEO Premium plugin v21.3 (Yoast SEO v25.1) - https:\/\/yoast.com\/wordpress\/plugins\/seo\/ -->\n<title>10 jours exceptionnels en Martinique : itin\u00e9raire entre<\/title>\n<meta name=\"description\" content=\"Dix jours en Martinique, c&#039;est l&#039;\u00e9quilibre parfait entre volcans, for\u00eats tropicales, plages de carte postale et culture cr\u00e9ole. Voici un itin\u00e9raire\" \/>\n<meta name=\"robots\" content=\"index, follow, max-snippet:-1, max-image-preview:large, max-video-preview:-1\" \/>\n<link rel=\"canonical\" href=\"https:\/\/voyage-aventure.com\/blog\/a-la-une\/10-jours-exceptionnels-en-martinique-itineraire-entre-nature-culture-et-plages-de-reve\/\" \/>\n<meta property=\"og:locale\" content=\"fr_FR\" \/>\n<meta property=\"og:type\" content=\"article\" \/>\n<meta property=\"og:title\" content=\"10 jours exceptionnels en Martinique : itin\u00e9raire entre\" \/>\n<meta property=\"og:description\" content=\"Dix jours en Martinique, c&#039;est l&#039;\u00e9quilibre parfait entre volcans, for\u00eats tropicales, plages de carte postale et culture cr\u00e9ole. Voici un itin\u00e9raire\" \/>\n<meta property=\"og:url\" content=\"https:\/\/voyage-aventure.com\/blog\/a-la-une\/10-jours-exceptionnels-en-martinique-itineraire-entre-nature-culture-et-plages-de-reve\/\" \/>\n<meta property=\"og:site_name\" content=\"voyage-aventure\" \/>\n<meta property=\"og:image\" content=\"https:\/\/voyage-aventure.com\/blog\/wp-content\/uploads\/2025\/07\/sdxl-9635439cdfd151a4a82b3789ffc821a0-scaled.png\" \/>\n\t<meta property=\"og:image:width\" content=\"1200\" \/>\n\t<meta property=\"og:image:height\" content=\"500\" \/>\n\t<meta property=\"og:image:type\" content=\"image\/png\" \/>\n<meta name=\"author\" content=\"Camille Rouvray\" \/>\n<meta name=\"twitter:card\" content=\"summary_large_image\" \/>\n<script type=\"application\/ld+json\" class=\"yoast-schema-graph\">{\"@context\":\"https:\/\/schema.org\",\"@graph\":[{\"@type\":\"NewsArticle\",\"@id\":\"https:\/\/voyage-aventure.com\/blog\/a-la-une\/10-jours-exceptionnels-en-martinique-itineraire-entre-nature-culture-et-plages-de-reve\/#article\",\"isPartOf\":{\"@id\":\"https:\/\/voyage-aventure.com\/blog\/a-la-une\/10-jours-exceptionnels-en-martinique-itineraire-entre-nature-culture-et-plages-de-reve\/\"},\"author\":{\"name\":\"Camille Rouvray\",\"@id\":\"https:\/\/voyage-aventure.com\/blog\/#\/schema\/person\/3c864cdc320801e3db34b663e7e3f816\"},\"headline\":\"10 jours exceptionnels en Martinique : itin\u00e9raire entre nature, culture et plages de r\u00eave\",\"datePublished\":\"2026-06-16T16:19:58+00:00\",\"mainEntityOfPage\":{\"@id\":\"https:\/\/voyage-aventure.com\/blog\/a-la-une\/10-jours-exceptionnels-en-martinique-itineraire-entre-nature-culture-et-plages-de-reve\/\"},\"wordCount\":3004,\"commentCount\":0,\"publisher\":{\"@id\":\"https:\/\/voyage-aventure.com\/blog\/#organization\"},\"image\":{\"@id\":\"https:\/\/voyage-aventure.com\/blog\/a-la-une\/10-jours-exceptionnels-en-martinique-itineraire-entre-nature-culture-et-plages-de-reve\/#primaryimage\"},\"thumbnailUrl\":\"https:\/\/voyage-aventure.com\/blog\/wp-content\/uploads\/2025\/07\/sdxl-9635439cdfd151a4a82b3789ffc821a0-scaled.png\",\"keywords\":[\"Itin\u00e9raire\",\"martinique\",\"Plages\"],\"articleSection\":[\"\u00c0 la une\"],\"inLanguage\":\"fr-FR\",\"potentialAction\":[{\"@type\":\"CommentAction\",\"name\":\"Comment\",\"target\":[\"https:\/\/voyage-aventure.com\/blog\/a-la-une\/10-jours-exceptionnels-en-martinique-itineraire-entre-nature-culture-et-plages-de-reve\/#respond\"]}]},{\"@type\":\"WebPage\",\"@id\":\"https:\/\/voyage-aventure.com\/blog\/a-la-une\/10-jours-exceptionnels-en-martinique-itineraire-entre-nature-culture-et-plages-de-reve\/\",\"url\":\"https:\/\/voyage-aventure.com\/blog\/a-la-une\/10-jours-exceptionnels-en-martinique-itineraire-entre-nature-culture-et-plages-de-reve\/\",\"name\":\"10 jours exceptionnels en Martinique : itin\u00e9raire entre\",\"isPartOf\":{\"@id\":\"https:\/\/voyage-aventure.com\/blog\/#website\"},\"primaryImageOfPage\":{\"@id\":\"https:\/\/voyage-aventure.com\/blog\/a-la-une\/10-jours-exceptionnels-en-martinique-itineraire-entre-nature-culture-et-plages-de-reve\/#primaryimage\"},\"image\":{\"@id\":\"https:\/\/voyage-aventure.com\/blog\/a-la-une\/10-jours-exceptionnels-en-martinique-itineraire-entre-nature-culture-et-plages-de-reve\/#primaryimage\"},\"thumbnailUrl\":\"https:\/\/voyage-aventure.com\/blog\/wp-content\/uploads\/2025\/07\/sdxl-9635439cdfd151a4a82b3789ffc821a0-scaled.png\",\"datePublished\":\"2026-06-16T16:19:58+00:00\",\"description\":\"Dix jours en Martinique, c'est l'\u00e9quilibre parfait entre volcans, for\u00eats tropicales, plages de carte postale et culture cr\u00e9ole. Voici un itin\u00e9raire\",\"inLanguage\":\"fr-FR\",\"potentialAction\":[{\"@type\":\"ReadAction\",\"target\":[\"https:\/\/voyage-aventure.com\/blog\/a-la-une\/10-jours-exceptionnels-en-martinique-itineraire-entre-nature-culture-et-plages-de-reve\/\"]}]},{\"@type\":\"ImageObject\",\"inLanguage\":\"fr-FR\",\"@id\":\"https:\/\/voyage-aventure.com\/blog\/a-la-une\/10-jours-exceptionnels-en-martinique-itineraire-entre-nature-culture-et-plages-de-reve\/#primaryimage\",\"url\":\"https:\/\/voyage-aventure.com\/blog\/wp-content\/uploads\/2025\/07\/sdxl-9635439cdfd151a4a82b3789ffc821a0-scaled.png\",\"contentUrl\":\"https:\/\/voyage-aventure.com\/blog\/wp-content\/uploads\/2025\/07\/sdxl-9635439cdfd151a4a82b3789ffc821a0-scaled.png\",\"width\":1200,\"height\":500},{\"@type\":\"WebSite\",\"@id\":\"https:\/\/voyage-aventure.com\/blog\/#website\",\"url\":\"https:\/\/voyage-aventure.com\/blog\/\",\"name\":\"voyage-aventure.com\",\"description\":\"Votre passeport pour l\u2019inattendu.\",\"publisher\":{\"@id\":\"https:\/\/voyage-aventure.com\/blog\/#organization\"},\"alternateName\":\"Votre passeport pour l\u2019inattendu.\",\"potentialAction\":[{\"@type\":\"SearchAction\",\"target\":{\"@type\":\"EntryPoint\",\"urlTemplate\":\"https:\/\/voyage-aventure.com\/blog\/?s={search_term_string}\"},\"query-input\":{\"@type\":\"PropertyValueSpecification\",\"valueRequired\":true,\"valueName\":\"search_term_string\"}}],\"inLanguage\":\"fr-FR\"},{\"@type\":\"Organization\",\"@id\":\"https:\/\/voyage-aventure.com\/blog\/#organization\",\"name\":\"Foretsensations.fr\",\"url\":\"https:\/\/voyage-aventure.com\/blog\/\",\"logo\":{\"@type\":\"ImageObject\",\"inLanguage\":\"fr-FR\",\"@id\":\"https:\/\/voyage-aventure.com\/blog\/#\/schema\/logo\/image\/\",\"url\":\"https:\/\/voyage-aventure.com\/blog\/wp-content\/uploads\/2024\/12\/19.png\",\"contentUrl\":\"https:\/\/voyage-aventure.com\/blog\/wp-content\/uploads\/2024\/12\/19.png\",\"width\":512,\"height\":512,\"caption\":\"Foretsensations.fr\"},\"image\":{\"@id\":\"https:\/\/voyage-aventure.com\/blog\/#\/schema\/logo\/image\/\"}},{\"@type\":\"Person\",\"@id\":\"https:\/\/voyage-aventure.com\/blog\/#\/schema\/person\/3c864cdc320801e3db34b663e7e3f816\",\"name\":\"Camille Rouvray\",\"image\":{\"@type\":\"ImageObject\",\"inLanguage\":\"fr-FR\",\"@id\":\"https:\/\/voyage-aventure.com\/blog\/#\/schema\/person\/image\/\",\"url\":\"https:\/\/voyage-aventure.com\/blog\/wp-content\/uploads\/2026\/06\/persona_camille-r-96x96.jpg\",\"contentUrl\":\"https:\/\/voyage-aventure.com\/blog\/wp-content\/uploads\/2026\/06\/persona_camille-r-96x96.jpg\",\"caption\":\"Camille Rouvray\"},\"description\":\"Je voyage et j'\u00e9cris sur le voyage depuis une douzaine d'ann\u00e9es, d'abord en tant que routarde au long cours, puis comme r\u00e9dactrice sp\u00e9cialis\u00e9e. Mon terrain de pr\u00e9dilection, ce sont les circuits organis\u00e9s et l'art de bien pr\u00e9parer un itin\u00e9raire : choix de la saison, dur\u00e9e r\u00e9aliste des \u00e9tapes, budget jour par jour, logement et transport sur place. J'aime aussi raconter les p\u00e9pites urbaines, ces adresses qu'on ne trouve pas dans les guides classiques. Avant de publier un dossier destination, je croise toujours plusieurs sources, je v\u00e9rifie les tarifs et les formalit\u00e9s d'entr\u00e9e \u00e0 jour, et je teste moi-m\u00eame quand je le peux. Mon angle reste pratique avant tout : aider le lecteur \u00e0 partir l'esprit tranquille, sans mauvaise surprise une fois sur place. Je m'attache \u00e0 distinguer le coup de c\u0153ur sinc\u00e8re du simple argument marketing.\",\"sameAs\":[\"https:\/\/camillerouvray.fr\/\"],\"url\":\"https:\/\/voyage-aventure.com\/blog\/auteur\/noname\/\"}]}<\/script>\n<!-- \/ Yoast SEO Premium plugin. -->","yoast_head_json":{"title":"10 jours exceptionnels en Martinique : itin\u00e9raire entre","description":"Dix jours en Martinique, c'est l'\u00e9quilibre parfait entre volcans, for\u00eats tropicales, plages de carte postale et culture cr\u00e9ole. Voici un itin\u00e9raire","robots":{"index":"index","follow":"follow","max-snippet":"max-snippet:-1","max-image-preview":"max-image-preview:large","max-video-preview":"max-video-preview:-1"},"canonical":"https:\/\/voyage-aventure.com\/blog\/a-la-une\/10-jours-exceptionnels-en-martinique-itineraire-entre-nature-culture-et-plages-de-reve\/","og_locale":"fr_FR","og_type":"article","og_title":"10 jours exceptionnels en Martinique : itin\u00e9raire entre","og_description":"Dix jours en Martinique, c'est l'\u00e9quilibre parfait entre volcans, for\u00eats tropicales, plages de carte postale et culture cr\u00e9ole. Voici un itin\u00e9raire","og_url":"https:\/\/voyage-aventure.com\/blog\/a-la-une\/10-jours-exceptionnels-en-martinique-itineraire-entre-nature-culture-et-plages-de-reve\/","og_site_name":"voyage-aventure","og_image":[{"width":1200,"height":500,"url":"https:\/\/voyage-aventure.com\/blog\/wp-content\/uploads\/2025\/07\/sdxl-9635439cdfd151a4a82b3789ffc821a0-scaled.png","type":"image\/png"}],"author":"Camille Rouvray","twitter_card":"summary_large_image","schema":{"@context":"https:\/\/schema.org","@graph":[{"@type":"NewsArticle","@id":"https:\/\/voyage-aventure.com\/blog\/a-la-une\/10-jours-exceptionnels-en-martinique-itineraire-entre-nature-culture-et-plages-de-reve\/#article","isPartOf":{"@id":"https:\/\/voyage-aventure.com\/blog\/a-la-une\/10-jours-exceptionnels-en-martinique-itineraire-entre-nature-culture-et-plages-de-reve\/"},"author":{"name":"Camille Rouvray","@id":"https:\/\/voyage-aventure.com\/blog\/#\/schema\/person\/3c864cdc320801e3db34b663e7e3f816"},"headline":"10 jours exceptionnels en Martinique : itin\u00e9raire entre nature, culture et plages de r\u00eave","datePublished":"2026-06-16T16:19:58+00:00","mainEntityOfPage":{"@id":"https:\/\/voyage-aventure.com\/blog\/a-la-une\/10-jours-exceptionnels-en-martinique-itineraire-entre-nature-culture-et-plages-de-reve\/"},"wordCount":3004,"commentCount":0,"publisher":{"@id":"https:\/\/voyage-aventure.com\/blog\/#organization"},"image":{"@id":"https:\/\/voyage-aventure.com\/blog\/a-la-une\/10-jours-exceptionnels-en-martinique-itineraire-entre-nature-culture-et-plages-de-reve\/#primaryimage"},"thumbnailUrl":"https:\/\/voyage-aventure.com\/blog\/wp-content\/uploads\/2025\/07\/sdxl-9635439cdfd151a4a82b3789ffc821a0-scaled.png","keywords":["Itin\u00e9raire","martinique","Plages"],"articleSection":["\u00c0 la une"],"inLanguage":"fr-FR","potentialAction":[{"@type":"CommentAction","name":"Comment","target":["https:\/\/voyage-aventure.com\/blog\/a-la-une\/10-jours-exceptionnels-en-martinique-itineraire-entre-nature-culture-et-plages-de-reve\/#respond"]}]},{"@type":"WebPage","@id":"https:\/\/voyage-aventure.com\/blog\/a-la-une\/10-jours-exceptionnels-en-martinique-itineraire-entre-nature-culture-et-plages-de-reve\/","url":"https:\/\/voyage-aventure.com\/blog\/a-la-une\/10-jours-exceptionnels-en-martinique-itineraire-entre-nature-culture-et-plages-de-reve\/","name":"10 jours exceptionnels en Martinique : itin\u00e9raire entre","isPartOf":{"@id":"https:\/\/voyage-aventure.com\/blog\/#website"},"primaryImageOfPage":{"@id":"https:\/\/voyage-aventure.com\/blog\/a-la-une\/10-jours-exceptionnels-en-martinique-itineraire-entre-nature-culture-et-plages-de-reve\/#primaryimage"},"image":{"@id":"https:\/\/voyage-aventure.com\/blog\/a-la-une\/10-jours-exceptionnels-en-martinique-itineraire-entre-nature-culture-et-plages-de-reve\/#primaryimage"},"thumbnailUrl":"https:\/\/voyage-aventure.com\/blog\/wp-content\/uploads\/2025\/07\/sdxl-9635439cdfd151a4a82b3789ffc821a0-scaled.png","datePublished":"2026-06-16T16:19:58+00:00","description":"Dix jours en Martinique, c'est l'\u00e9quilibre parfait entre volcans, for\u00eats tropicales, plages de carte postale et culture cr\u00e9ole. Voici un itin\u00e9raire","inLanguage":"fr-FR","potentialAction":[{"@type":"ReadAction","target":["https:\/\/voyage-aventure.com\/blog\/a-la-une\/10-jours-exceptionnels-en-martinique-itineraire-entre-nature-culture-et-plages-de-reve\/"]}]},{"@type":"ImageObject","inLanguage":"fr-FR","@id":"https:\/\/voyage-aventure.com\/blog\/a-la-une\/10-jours-exceptionnels-en-martinique-itineraire-entre-nature-culture-et-plages-de-reve\/#primaryimage","url":"https:\/\/voyage-aventure.com\/blog\/wp-content\/uploads\/2025\/07\/sdxl-9635439cdfd151a4a82b3789ffc821a0-scaled.png","contentUrl":"https:\/\/voyage-aventure.com\/blog\/wp-content\/uploads\/2025\/07\/sdxl-9635439cdfd151a4a82b3789ffc821a0-scaled.png","width":1200,"height":500},{"@type":"WebSite","@id":"https:\/\/voyage-aventure.com\/blog\/#website","url":"https:\/\/voyage-aventure.com\/blog\/","name":"voyage-aventure.com","description":"Votre passeport pour l\u2019inattendu.","publisher":{"@id":"https:\/\/voyage-aventure.com\/blog\/#organization"},"alternateName":"Votre passeport pour l\u2019inattendu.","potentialAction":[{"@type":"SearchAction","target":{"@type":"EntryPoint","urlTemplate":"https:\/\/voyage-aventure.com\/blog\/?s={search_term_string}"},"query-input":{"@type":"PropertyValueSpecification","valueRequired":true,"valueName":"search_term_string"}}],"inLanguage":"fr-FR"},{"@type":"Organization","@id":"https:\/\/voyage-aventure.com\/blog\/#organization","name":"Foretsensations.fr","url":"https:\/\/voyage-aventure.com\/blog\/","logo":{"@type":"ImageObject","inLanguage":"fr-FR","@id":"https:\/\/voyage-aventure.com\/blog\/#\/schema\/logo\/image\/","url":"https:\/\/voyage-aventure.com\/blog\/wp-content\/uploads\/2024\/12\/19.png","contentUrl":"https:\/\/voyage-aventure.com\/blog\/wp-content\/uploads\/2024\/12\/19.png","width":512,"height":512,"caption":"Foretsensations.fr"},"image":{"@id":"https:\/\/voyage-aventure.com\/blog\/#\/schema\/logo\/image\/"}},{"@type":"Person","@id":"https:\/\/voyage-aventure.com\/blog\/#\/schema\/person\/3c864cdc320801e3db34b663e7e3f816","name":"Camille Rouvray","image":{"@type":"ImageObject","inLanguage":"fr-FR","@id":"https:\/\/voyage-aventure.com\/blog\/#\/schema\/person\/image\/","url":"https:\/\/voyage-aventure.com\/blog\/wp-content\/uploads\/2026\/06\/persona_camille-r-96x96.jpg","contentUrl":"https:\/\/voyage-aventure.com\/blog\/wp-content\/uploads\/2026\/06\/persona_camille-r-96x96.jpg","caption":"Camille Rouvray"},"description":"Je voyage et j'\u00e9cris sur le voyage depuis une douzaine d'ann\u00e9es, d'abord en tant que routarde au long cours, puis comme r\u00e9dactrice sp\u00e9cialis\u00e9e. Mon terrain de pr\u00e9dilection, ce sont les circuits organis\u00e9s et l'art de bien pr\u00e9parer un itin\u00e9raire : choix de la saison, dur\u00e9e r\u00e9aliste des \u00e9tapes, budget jour par jour, logement et transport sur place. J'aime aussi raconter les p\u00e9pites urbaines, ces adresses qu'on ne trouve pas dans les guides classiques. Avant de publier un dossier destination, je croise toujours plusieurs sources, je v\u00e9rifie les tarifs et les formalit\u00e9s d'entr\u00e9e \u00e0 jour, et je teste moi-m\u00eame quand je le peux. Mon angle reste pratique avant tout : aider le lecteur \u00e0 partir l'esprit tranquille, sans mauvaise surprise une fois sur place. Je m'attache \u00e0 distinguer le coup de c\u0153ur sinc\u00e8re du simple argument marketing.","sameAs":["https:\/\/camillerouvray.fr\/"],"url":"https:\/\/voyage-aventure.com\/blog\/auteur\/noname\/"}]}},"_links":{"self":[{"href":"https:\/\/voyage-aventure.com\/blog\/wp-json\/wp\/v2\/posts\/20897","targetHints":{"allow":["GET"]}}],"collection":[{"href":"https:\/\/voyage-aventure.com\/blog\/wp-json\/wp\/v2\/posts"}],"about":[{"href":"https:\/\/voyage-aventure.com\/blog\/wp-json\/wp\/v2\/types\/post"}],"author":[{"embeddable":true,"href":"https:\/\/voyage-aventure.com\/blog\/wp-json\/wp\/v2\/users\/34"}],"replies":[{"embeddable":true,"href":"https:\/\/voyage-aventure.com\/blog\/wp-json\/wp\/v2\/comments?post=20897"}],"version-history":[{"count":2,"href":"https:\/\/voyage-aventure.com\/blog\/wp-json\/wp\/v2\/posts\/20897\/revisions"}],"predecessor-version":[{"id":23211,"href":"https:\/\/voyage-aventure.com\/blog\/wp-json\/wp\/v2\/posts\/20897\/revisions\/23211"}],"wp:featuredmedia":[{"embeddable":true,"href":"https:\/\/voyage-aventure.com\/blog\/wp-json\/wp\/v2\/media\/21121"}],"wp:attachment":[{"href":"https:\/\/voyage-aventure.com\/blog\/wp-json\/wp\/v2\/media?parent=20897"}],"wp:term":[{"taxonomy":"category","embeddable":true,"href":"https:\/\/voyage-aventure.com\/blog\/wp-json\/wp\/v2\/categories?post=20897"},{"taxonomy":"post_tag","embeddable":true,"href":"https:\/\/voyage-aventure.com\/blog\/wp-json\/wp\/v2\/tags?post=20897"}],"curies":[{"name":"wp","href":"https:\/\/api.w.org\/{rel}","templated":true}]}}