{"id":20858,"date":"2026-06-05T22:04:25","date_gmt":"2026-06-05T20:04:25","guid":{"rendered":"https:\/\/voyage-aventure.com\/blog\/?p=20858"},"modified":"2026-06-05T22:04:25","modified_gmt":"2026-06-05T20:04:25","slug":"des-vacances-de-reve-en-crete-sejour-4-tout-inclus-a-moins-de-300e","status":"publish","type":"post","link":"https:\/\/voyage-aventure.com\/blog\/a-la-une\/des-vacances-de-reve-en-crete-sejour-4-tout-inclus-a-moins-de-300e\/","title":{"rendered":"des vacances de r\u00eave en cr\u00e8te : s\u00e9jour 4* tout inclus \u00e0 moins de 300\u20ac"},"content":{"rendered":"<link rel=\"stylesheet\" href=\"https:\/\/fonts.googleapis.com\/css2?family=Fraunces:opsz,wght@9..144,500;9..144,600;9..144,700;9..144,900&#038;family=Inter:wght@400;500;600&#038;family=JetBrains+Mono:wght@500&#038;display=swap\" \/>\n<style>\n.va-creteti-wrap{--myrte:#1f6b54;--myrte-d:#16513f;--mer:#1d7a9c;--sable:#e9dcc3;--sable-l:#f7f1e4;--ink:#1c2a26;--muted:#5b6b64;font-family:\"Inter\",system-ui,sans-serif;color:var(--ink);line-height:1.65;font-size:17px}\n.va-creteti-wrap h2{font-family:\"Fraunces\",Georgia,serif;font-weight:700;font-size:clamp(25px,3.4vw,35px);line-height:1.12;letter-spacing:-.01em;color:var(--myrte-d);margin:52px 0 18px}\n.va-creteti-wrap h3{font-family:\"Fraunces\",Georgia,serif;font-weight:600;font-size:clamp(20px,2.3vw,24px);color:var(--ink);margin:26px 0 10px}\n.va-creteti-wrap p{margin:0 0 18px}\n.va-creteti-kicker{font-family:\"JetBrains Mono\",monospace;font-weight:500;font-size:12.5px;letter-spacing:.16em;text-transform:uppercase;color:var(--mer)}\n.va-creteti-card{background:var(--sable-l);border:1px solid #e3d8bf;border-top:3px solid var(--myrte);border-radius:13px;padding:24px;box-shadow:0 1px 2px rgba(16,24,40,.05),0 14px 30px -18px rgba(16,24,40,.2);transition:.25s ease}\n.va-creteti-card:hover{transform:translateY(-3px);box-shadow:0 1px 2px rgba(16,24,40,.06),0 20px 36px -16px rgba(16,24,40,.26)}\n.va-creteti-answer{background:linear-gradient(180deg,#f1f7f3,#eef3ed);border:1px solid #d6e6dc;border-left:5px solid var(--myrte);border-radius:13px;padding:24px 26px;margin:26px 0 38px}\n.va-creteti-answer .va-creteti-kicker{color:var(--myrte)}\n.va-creteti-grid{display:grid;grid-template-columns:repeat(auto-fit,minmax(220px,1fr));gap:14px;margin:14px 0}\n.va-creteti-li{display:flex;gap:10px;align-items:baseline;margin:9px 0}\n.va-creteti-li span[aria-hidden]{color:var(--mer);font-weight:700;flex:none}\n.va-creteti-label{font-family:\"JetBrains Mono\",monospace;font-size:11.5px;letter-spacing:.1em;text-transform:uppercase;color:var(--myrte);display:block;margin-bottom:5px}\n.va-creteti-val{font-weight:600;font-size:16px}\n.va-creteti-cards{display:grid;grid-template-columns:repeat(auto-fit,minmax(250px,1fr));gap:20px;margin:22px 0}\n.va-creteti-txt{color:var(--muted);font-size:15.5px;line-height:1.6}\n.va-creteti-quote{font-family:\"Fraunces\",Georgia,serif;font-style:italic;font-size:clamp(20px,2.6vw,27px);line-height:1.4;color:var(--myrte-d);border-left:4px solid var(--mer);padding:6px 0 6px 22px;margin:30px 0}\n.va-creteti-quote span{display:block;font-style:normal;font-family:\"JetBrains Mono\",monospace;font-size:12.5px;letter-spacing:.08em;color:var(--muted);margin-top:12px;text-transform:uppercase}\n.va-creteti-table{width:100%;border-collapse:collapse;border-radius:12px;overflow:hidden;border:1px solid #e3d8bf;margin:18px 0;font-size:15.5px}\n.va-creteti-table th{background:var(--myrte);color:#fff;text-align:left;padding:12px 15px;font-family:\"JetBrains Mono\",monospace;font-weight:500;font-size:12.5px;letter-spacing:.06em;text-transform:uppercase}\n.va-creteti-table td{padding:12px 15px;border-top:1px solid #ece3cf}\n.va-creteti-table tr:nth-child(even) td{background:var(--sable-l)}\n.va-creteti-keep{background:var(--sable-l);border:1px dashed #cdbf9e;border-radius:13px;padding:22px 24px;margin:30px 0}\n.va-creteti-keep .va-creteti-li span[aria-hidden]{color:var(--myrte)}\n.va-creteti-faq{margin:14px 0;border:1px solid #e3d8bf;border-radius:11px;overflow:hidden}\n.va-creteti-faq details{border-top:1px solid #ece3cf}\n.va-creteti-faq details:first-child{border-top:none}\n.va-creteti-faq summary{cursor:pointer;padding:16px 20px;font-family:\"Fraunces\",Georgia,serif;font-weight:600;font-size:17.5px;color:var(--myrte-d);list-style:none;position:relative;background:#fff}\n.va-creteti-faq summary::-webkit-details-marker{display:none}\n.va-creteti-faq summary::after{content:\"+\";position:absolute;right:20px;color:var(--mer);font-family:\"JetBrains Mono\",monospace;font-size:22px;line-height:1}\n.va-creteti-faq details[open] summary::after{content:\"\u2013\"}\n.va-creteti-faq .va-creteti-ans{padding:0 20px 18px;color:var(--muted);font-size:15.5px;line-height:1.62}\n.va-creteti-wrap img{border-radius:13px;margin:24px 0}\n<\/style>\n<div class=\"va-creteti-wrap\">\n<div class=\"va-creteti-answer\">\n<div class=\"va-creteti-kicker\">Carnet de voyage \u00b7 Cr\u00e8te<\/div>\n<div class=\"va-creteti-grid\">\n<div><span class=\"va-creteti-label\">O\u00f9<\/span><span class=\"va-creteti-val\">Hersonissos, c\u00f4te nord<\/span><\/div>\n<div><span class=\"va-creteti-label\">Le s\u00e9jour<\/span><span class=\"va-creteti-val\">5 jours en 4* tout inclus<\/span><\/div>\n<div><span class=\"va-creteti-label\">Budget<\/span><span class=\"va-creteti-val\">moins de 300 \u20ac<\/span><\/div>\n<div><span class=\"va-creteti-label\">\u00c0 voir<\/span><span class=\"va-creteti-val\">Knossos \u00b7 gorges de Samaria<\/span><\/div>\n<\/div>\n<div class=\"va-creteti-txt\">L&rsquo;id\u00e9e tient en une phrase : se poser au bord de la mer \u00c9g\u00e9e, dans un h\u00f4tel confortable o\u00f9 tout est compris, sans plomber son budget vacances. La Cr\u00e8te, plus grande \u00eele de Gr\u00e8ce, coche toutes les cases pour une escapade ensoleill\u00e9e \u00e0 petit prix.<\/div>\n<\/div>\n<h2>Un s\u00e9jour inoubliable au c\u0153ur de la cr\u00e8te<\/h2>\n<p>Le r\u00eave de nombreux voyageurs est de s&rsquo;\u00e9vader vers des destinations paradisiaques sans exploser leur budget. Imaginez-vous sur une plage de sable fin, sirotant un cocktail sous un soleil radieux, le tout pour moins de 300 euros. C&rsquo;est exactement ce que propose un s\u00e9jour de cinq jours en Cr\u00e8te, dans un h\u00f4tel 4* avec formule tout inclus.<\/p>\n<p>Situ\u00e9 \u00e0 Hersonissos, le <strong>Sergios 4*<\/strong> vous attend pour une escapade relaxante et enrichissante. \u00c0 seulement quelques pas des plages, cet h\u00f4tel combine \u00e0 la perfection confort et accessibilit\u00e9. La formule tout inclus vous permet de profiter d&rsquo;un buffet international le matin et de sp\u00e9cialit\u00e9s grecques le soir, tout en vous offrant un cadre convivial et chaleureux.<\/p>\n<div class=\"va-creteti-quote\">Voyager en Cr\u00e8te, c&rsquo;est d\u00e9couvrir une \u00eele riche en histoire et en saveurs.<br \/>\n<span>\u2014 Un voyageur passionn\u00e9<\/span><\/div>\n<h2>Les atouts de l\u2019h\u00f4tel<\/h2>\n<p>L&rsquo;h\u00f4tel Sergios est particuli\u00e8rement bien not\u00e9 par les voyageurs, ce qui t\u00e9moigne de la qualit\u00e9 de ses services. Avec une note de <strong>4,1 sur 5 sur Tripadvisor<\/strong>, il est reconnu pour son ambiance agr\u00e9able et son personnel accueillant. De plus, les \u00e9quipements modernes, comme la piscine ext\u00e9rieure et le bar, ajoutent une touche de luxe \u00e0 votre s\u00e9jour.<\/p>\n<p>En choisissant cet h\u00f4tel, vous b\u00e9n\u00e9ficiez aussi d&rsquo;une connexion Wi-Fi gratuite, id\u00e9ale pour partager vos souvenirs en temps r\u00e9el. Que vous soyez en couple ou en famille, cet \u00e9tablissement est parfait pour tous ceux qui recherchent un s\u00e9jour agr\u00e9able et accessible.<\/p>\n<div class=\"va-creteti-cards\">\n<div class=\"va-creteti-card\">\n<div class=\"va-creteti-kicker\">Confort<\/div>\n<h3>Une note qui rassure<\/h3>\n<div class=\"va-creteti-txt\">4,1\/5 sur Tripadvisor : une ambiance salu\u00e9e par les voyageurs et un personnel reconnu pour son accueil chaleureux.<\/div>\n<\/div>\n<div class=\"va-creteti-card\">\n<div class=\"va-creteti-kicker\">\u00c9quipements<\/div>\n<h3>Piscine, bar &amp; Wi-Fi<\/h3>\n<div class=\"va-creteti-txt\">Une piscine ext\u00e9rieure, un bar et une connexion Wi-Fi gratuite pour partager vos souvenirs en temps r\u00e9el.<\/div>\n<\/div>\n<div class=\"va-creteti-card\">\n<div class=\"va-creteti-kicker\">Emplacement<\/div>\n<h3>\u00c0 deux pas des plages<\/h3>\n<div class=\"va-creteti-txt\">\u00c0 Hersonissos, sur la c\u00f4te nord, l&rsquo;h\u00f4tel m\u00eale accessibilit\u00e9 et proximit\u00e9 imm\u00e9diate de la mer.<\/div>\n<\/div>\n<\/div>\n<p><iframe loading=\"lazy\" title=\"Les 10 destinations PAS CH\u00c8RES \u00e0 visiter en EUROPE en 2025 !\" width=\"1200\" height=\"675\" src=\"https:\/\/www.youtube.com\/embed\/T7ku9EquCH8?feature=oembed\" frameborder=\"0\" allow=\"accelerometer; autoplay; clipboard-write; encrypted-media; gyroscope; picture-in-picture; web-share\" referrerpolicy=\"strict-origin-when-cross-origin\" allowfullscreen><\/iframe><\/p>\n<h2>Les activit\u00e9s \u00e0 d\u00e9couvrir en cr\u00e8te<\/h2>\n<p>La Cr\u00e8te regorge de tr\u00e9sors \u00e0 explorer. Entre ses plages de r\u00eave et ses sites arch\u00e9ologiques, vous aurez l&#8217;embarras du choix. Ne manquez pas de visiter le <strong>palais de Knossos<\/strong>, c\u00e9l\u00e8bre pour son histoire et sa mythologie fascinantes.<\/p>\n<p>Pour les amateurs de nature, les <strong>gorges de Samaria<\/strong> offrent des randonn\u00e9es inoubliables. Vous pourrez \u00e9galement profiter des march\u00e9s locaux pour d\u00e9couvrir la gastronomie cr\u00e9toise, o\u00f9 l&rsquo;huile d&rsquo;olive et les fromages locaux sont \u00e0 l&rsquo;honneur.<\/p>\n<h3>O\u00f9 poser ses valises sur l&rsquo;\u00eele ?<\/h3>\n<p>Le s\u00e9jour d\u00e9crit ici fait d&rsquo;<strong>Hersonissos<\/strong> son camp de base, sur la c\u00f4te nord, pr\u00e8s d&rsquo;H\u00e9raklion et donc du palais de Knossos. C&rsquo;est un point de d\u00e9part pratique : on rayonne facilement entre sites antiques, criques et arri\u00e8re-pays. Pour la randonn\u00e9e, le sud-ouest et ses gorges de Samaria valent l&rsquo;excursion \u00e0 la journ\u00e9e.<\/p>\n<div class=\"va-creteti-cards\">\n<div class=\"va-creteti-card\">\n<div class=\"va-creteti-kicker\">Histoire<\/div>\n<h3>Le palais de Knossos<\/h3>\n<div class=\"va-creteti-txt\">Le site arch\u00e9ologique le plus c\u00e9l\u00e8bre de l&rsquo;\u00eele, berceau de la civilisation minoenne et de sa mythologie.<\/div>\n<\/div>\n<div class=\"va-creteti-card\">\n<div class=\"va-creteti-kicker\">Nature<\/div>\n<h3>Les gorges de Samaria<\/h3>\n<div class=\"va-creteti-txt\">Une randonn\u00e9e inoubliable au c\u0153ur d&rsquo;un canyon spectaculaire, pour les marcheurs en qu\u00eate de grand air.<\/div>\n<\/div>\n<div class=\"va-creteti-card\">\n<div class=\"va-creteti-kicker\">Saveurs<\/div>\n<h3>Les march\u00e9s locaux<\/h3>\n<div class=\"va-creteti-txt\">Huile d&rsquo;olive, fromages, produits du terroir : la gastronomie cr\u00e9toise se d\u00e9couvre d&rsquo;abord \u00e0 l&rsquo;\u00e9tal.<\/div>\n<\/div>\n<\/div>\n<h2>Les informations pratiques \u00e0 retenir<\/h2>\n<p>Un s\u00e9jour en Cr\u00e8te est \u00e0 la port\u00e9e de tous, avec des d\u00e9parts depuis de nombreuses villes comme Paris, Lyon ou Marseille. Voici quelques d\u00e9tails importants \u00e0 noter :<\/p>\n<table class=\"va-creteti-table\">\n<thead>\n<tr>\n<th>Crit\u00e8re<\/th>\n<th>Ce que propose le s\u00e9jour<\/th>\n<\/tr>\n<\/thead>\n<tbody>\n<tr>\n<td>Dur\u00e9e<\/td>\n<td>De 3 \u00e0 21 nuits, dates flexibles<\/td>\n<\/tr>\n<tr>\n<td>Formule<\/td>\n<td>Tout inclus : repas, boissons et activit\u00e9s<\/td>\n<\/tr>\n<tr>\n<td>Petits plus<\/td>\n<td>Corbeille de fruits \u00e0 l&rsquo;arriv\u00e9e<\/td>\n<\/tr>\n<tr>\n<td>D\u00e9parts<\/td>\n<td>Paris, Lyon, Marseille et d&rsquo;autres villes<\/td>\n<\/tr>\n<tr>\n<td>En solo ou en groupe<\/td>\n<td>Selon vos envies<\/td>\n<\/tr>\n<\/tbody>\n<\/table>\n<p>N&rsquo;attendez pas trop longtemps pour r\u00e9server votre s\u00e9jour, car ces offres \u00e0 prix r\u00e9duit sont souvent limit\u00e9es dans le temps. Vous pourrez aussi choisir de partir en solo ou en groupe, selon vos envies.<\/p>\n<h3>Quand partir en Cr\u00e8te ?<\/h3>\n<p>L&rsquo;\u00eele profite d&rsquo;un climat m\u00e9diterran\u00e9en g\u00e9n\u00e9reux. Pour un s\u00e9jour baln\u00e9aire confortable sans la foule de l&rsquo;\u00e9t\u00e9, les ailes de saison restent les valeurs s\u00fbres.<\/p>\n<table class=\"va-creteti-table\">\n<thead>\n<tr>\n<th>P\u00e9riode<\/th>\n<th>Ambiance<\/th>\n<\/tr>\n<\/thead>\n<tbody>\n<tr>\n<td>Printemps<\/td>\n<td>Doux et fleuri, id\u00e9al pour les randonn\u00e9es et les sites<\/td>\n<\/tr>\n<tr>\n<td>\u00c9t\u00e9<\/td>\n<td>Chaud et anim\u00e9, plein soleil sur les plages<\/td>\n<\/tr>\n<tr>\n<td>D\u00e9but d&rsquo;automne<\/td>\n<td>Mer encore chaude, lumi\u00e8re douce, moins de monde<\/td>\n<\/tr>\n<\/tbody>\n<\/table>\n<div class=\"va-creteti-keep\">\n<div class=\"va-creteti-kicker\">\u00c0 retenir<\/div>\n<div class=\"va-creteti-li\"><span aria-hidden=\"true\">\u2726<\/span><\/p>\n<div>Un s\u00e9jour de 5 jours en 4* tout inclus \u00e0 Hersonissos, pour <strong>moins de 300 \u20ac<\/strong>.<\/div>\n<\/div>\n<div class=\"va-creteti-li\"><span aria-hidden=\"true\">\u2726<\/span><\/p>\n<div>L&rsquo;h\u00f4tel <strong>Sergios 4*<\/strong>, not\u00e9 4,1\/5 sur Tripadvisor, \u00e0 deux pas des plages.<\/div>\n<\/div>\n<div class=\"va-creteti-li\"><span aria-hidden=\"true\">\u2726<\/span><\/p>\n<div>Tout inclus : repas, boissons, activit\u00e9s, et une corbeille de fruits \u00e0 l&rsquo;arriv\u00e9e.<\/div>\n<\/div>\n<div class=\"va-creteti-li\"><span aria-hidden=\"true\">\u2726<\/span><\/p>\n<div>\u00c0 voir : <strong>Knossos<\/strong> pour l&rsquo;histoire, les <strong>gorges de Samaria<\/strong> pour la nature.<\/div>\n<\/div>\n<div class=\"va-creteti-li\"><span aria-hidden=\"true\">\u2726<\/span><\/p>\n<div>D\u00e9parts depuis Paris, Lyon, Marseille ; dur\u00e9e de 3 \u00e0 21 nuits.<\/div>\n<\/div>\n<\/div>\n<div class=\"va-creteti-faq\">\n<details>\n<summary>O\u00f9 partir en Cr\u00e8te pour un premier s\u00e9jour ?<\/summary>\n<div class=\"va-creteti-ans\">La c\u00f4te nord, autour d&rsquo;Hersonissos, est un excellent point de chute : on y profite des plages tout en restant proche du palais de Knossos. Pour la nature, les gorges de Samaria, au sud-ouest, se visitent en excursion.<\/div>\n<\/details>\n<details>\n<summary>Quelle est la meilleure p\u00e9riode pour partir en Cr\u00e8te ?<\/summary>\n<div class=\"va-creteti-ans\">Le climat m\u00e9diterran\u00e9en rend l&rsquo;\u00eele agr\u00e9able une bonne partie de l&rsquo;ann\u00e9e. Le printemps et le d\u00e9but d&rsquo;automne offrent une belle douceur et moins d&rsquo;affluence que l&rsquo;\u00e9t\u00e9, qui reste la saison la plus chaude et la plus anim\u00e9e pour les plages.<\/div>\n<\/details>\n<details>\n<summary>Que comprend un s\u00e9jour tout inclus comme celui-ci ?<\/summary>\n<div class=\"va-creteti-ans\">La formule tout inclus couvre les repas (buffet international le matin, sp\u00e9cialit\u00e9s grecques le soir), les boissons et les activit\u00e9s, avec en prime une corbeille de fruits \u00e0 l&rsquo;arriv\u00e9e. Les dates sont flexibles, de 3 \u00e0 21 nuits.<\/div>\n<\/details>\n<details>\n<summary>Depuis quelles villes peut-on partir ?<\/summary>\n<div class=\"va-creteti-ans\">Des d\u00e9parts sont propos\u00e9s depuis de nombreuses villes fran\u00e7aises, dont Paris, Lyon et Marseille. Vous pouvez voyager en solo ou en groupe selon vos envies.<\/div>\n<\/details>\n<\/div>\n<p>En somme, un voyage en Cr\u00e8te offre une belle opportunit\u00e9 de se ressourcer sans se soucier des d\u00e9penses. La beaut\u00e9 de l&rsquo;\u00eele, la chaleur de son accueil et la qualit\u00e9 de ses services font de cet endroit une destination de choix pour tous les voyageurs. Prenez le temps de pr\u00e9parer votre valise, l&rsquo;\u00e9vasion vous attend !<\/p>\n<\/div>\n<p><img decoding=\"async\" width=\"1024\" height=\"576\" src=\"https:\/\/voyage-aventure.com\/blog\/wp-content\/uploads\/2025\/06\/stability-des-vacances-de-reve-en-crete-sejour-4-tout-inclus-a-moins-de-300e-1.png\" class=\"aligncenter\" alt=\"Illustration d\u00e9taill\u00e9e sur des vacances de r\u00eave en cr\u00e8te : s\u00e9jour 4* tout inclus \u00e0 moins de 300\u20ac\" title=\"des vacances de r\u00eave en cr\u00e8te : s\u00e9jour 4* tout inclus \u00e0 moins de 300\u20ac\" loading=\"lazy\" \/><\/p>\n","protected":false},"excerpt":{"rendered":"","protected":false},"author":34,"featured_media":20859,"comment_status":"open","ping_status":"open","sticky":false,"template":"","format":"standard","meta":{"_acf_changed":false,"manual_indexmenow":false,"indexmenow_id_project":0,"footnotes":""},"categories":[1],"tags":[4538,4530,4535,4528,4526],"class_list":["post-20858","post","type-post","status-publish","format-standard","has-post-thumbnail","hentry","category-a-la-une","tag-activites-variees","tag-escapade-en-europe","tag-gastronomie-locale","tag-hebergement-abordable","tag-voyage-economique","generate-columns","tablet-grid-50","mobile-grid-100","grid-parent","grid-25"],"acf":[],"yoast_head":"<!-- This site is optimized with the Yoast SEO Premium plugin v21.3 (Yoast SEO v25.1) - https:\/\/yoast.com\/wordpress\/plugins\/seo\/ -->\n<title>des vacances de r\u00eave en cr\u00e8te : s\u00e9jour 4* tout inclus \u00e0<\/title>\n<meta name=\"description\" content=\"L&#039;id\u00e9e tient en une phrase : se poser au bord de la mer \u00c9g\u00e9e, dans un h\u00f4tel confortable o\u00f9 tout est compris, sans plomber son budget vacances. La Cr\u00e8te\" \/>\n<meta name=\"robots\" content=\"index, follow, max-snippet:-1, max-image-preview:large, max-video-preview:-1\" \/>\n<link rel=\"canonical\" href=\"https:\/\/voyage-aventure.com\/blog\/a-la-une\/des-vacances-de-reve-en-crete-sejour-4-tout-inclus-a-moins-de-300e\/\" \/>\n<meta property=\"og:locale\" content=\"fr_FR\" \/>\n<meta property=\"og:type\" content=\"article\" \/>\n<meta property=\"og:title\" content=\"des vacances de r\u00eave en cr\u00e8te : s\u00e9jour 4* tout inclus \u00e0\" \/>\n<meta property=\"og:description\" content=\"L&#039;id\u00e9e tient en une phrase : se poser au bord de la mer \u00c9g\u00e9e, dans un h\u00f4tel confortable o\u00f9 tout est compris, sans plomber son budget vacances. La Cr\u00e8te\" \/>\n<meta property=\"og:url\" content=\"https:\/\/voyage-aventure.com\/blog\/a-la-une\/des-vacances-de-reve-en-crete-sejour-4-tout-inclus-a-moins-de-300e\/\" \/>\n<meta property=\"og:site_name\" content=\"voyage-aventure\" \/>\n<meta property=\"og:image\" content=\"https:\/\/voyage-aventure.com\/blog\/wp-content\/uploads\/2025\/06\/stability-des-vacances-de-reve-en-crete-sejour-4-tout-inclus-a-moins-de-300e.png\" \/>\n\t<meta property=\"og:image:width\" content=\"1024\" \/>\n\t<meta property=\"og:image:height\" content=\"576\" \/>\n\t<meta property=\"og:image:type\" content=\"image\/png\" \/>\n<meta name=\"author\" content=\"Camille Rouvray\" \/>\n<meta name=\"twitter:card\" content=\"summary_large_image\" \/>\n<script type=\"application\/ld+json\" class=\"yoast-schema-graph\">{\"@context\":\"https:\/\/schema.org\",\"@graph\":[{\"@type\":\"NewsArticle\",\"@id\":\"https:\/\/voyage-aventure.com\/blog\/a-la-une\/des-vacances-de-reve-en-crete-sejour-4-tout-inclus-a-moins-de-300e\/#article\",\"isPartOf\":{\"@id\":\"https:\/\/voyage-aventure.com\/blog\/a-la-une\/des-vacances-de-reve-en-crete-sejour-4-tout-inclus-a-moins-de-300e\/\"},\"author\":{\"name\":\"Camille Rouvray\",\"@id\":\"https:\/\/voyage-aventure.com\/blog\/#\/schema\/person\/3c864cdc320801e3db34b663e7e3f816\"},\"headline\":\"des vacances de r\u00eave en cr\u00e8te : s\u00e9jour 4* tout inclus \u00e0 moins de 300\u20ac\",\"datePublished\":\"2026-06-05T20:04:25+00:00\",\"mainEntityOfPage\":{\"@id\":\"https:\/\/voyage-aventure.com\/blog\/a-la-une\/des-vacances-de-reve-en-crete-sejour-4-tout-inclus-a-moins-de-300e\/\"},\"wordCount\":1177,\"commentCount\":0,\"publisher\":{\"@id\":\"https:\/\/voyage-aventure.com\/blog\/#organization\"},\"image\":{\"@id\":\"https:\/\/voyage-aventure.com\/blog\/a-la-une\/des-vacances-de-reve-en-crete-sejour-4-tout-inclus-a-moins-de-300e\/#primaryimage\"},\"thumbnailUrl\":\"https:\/\/voyage-aventure.com\/blog\/wp-content\/uploads\/2025\/06\/stability-des-vacances-de-reve-en-crete-sejour-4-tout-inclus-a-moins-de-300e.png\",\"keywords\":[\"Activit\u00e9s Vari\u00e9es\",\"Escapade en Europe\",\"Gastronomie Locale\",\"H\u00e9bergement Abordable\",\"Voyage \u00c9conomique\"],\"articleSection\":[\"\u00c0 la une\"],\"inLanguage\":\"fr-FR\",\"potentialAction\":[{\"@type\":\"CommentAction\",\"name\":\"Comment\",\"target\":[\"https:\/\/voyage-aventure.com\/blog\/a-la-une\/des-vacances-de-reve-en-crete-sejour-4-tout-inclus-a-moins-de-300e\/#respond\"]}]},{\"@type\":\"WebPage\",\"@id\":\"https:\/\/voyage-aventure.com\/blog\/a-la-une\/des-vacances-de-reve-en-crete-sejour-4-tout-inclus-a-moins-de-300e\/\",\"url\":\"https:\/\/voyage-aventure.com\/blog\/a-la-une\/des-vacances-de-reve-en-crete-sejour-4-tout-inclus-a-moins-de-300e\/\",\"name\":\"des vacances de r\u00eave en cr\u00e8te : s\u00e9jour 4* tout inclus \u00e0\",\"isPartOf\":{\"@id\":\"https:\/\/voyage-aventure.com\/blog\/#website\"},\"primaryImageOfPage\":{\"@id\":\"https:\/\/voyage-aventure.com\/blog\/a-la-une\/des-vacances-de-reve-en-crete-sejour-4-tout-inclus-a-moins-de-300e\/#primaryimage\"},\"image\":{\"@id\":\"https:\/\/voyage-aventure.com\/blog\/a-la-une\/des-vacances-de-reve-en-crete-sejour-4-tout-inclus-a-moins-de-300e\/#primaryimage\"},\"thumbnailUrl\":\"https:\/\/voyage-aventure.com\/blog\/wp-content\/uploads\/2025\/06\/stability-des-vacances-de-reve-en-crete-sejour-4-tout-inclus-a-moins-de-300e.png\",\"datePublished\":\"2026-06-05T20:04:25+00:00\",\"description\":\"L'id\u00e9e tient en une phrase : se poser au bord de la mer \u00c9g\u00e9e, dans un h\u00f4tel confortable o\u00f9 tout est compris, sans plomber son budget vacances. La Cr\u00e8te\",\"inLanguage\":\"fr-FR\",\"potentialAction\":[{\"@type\":\"ReadAction\",\"target\":[\"https:\/\/voyage-aventure.com\/blog\/a-la-une\/des-vacances-de-reve-en-crete-sejour-4-tout-inclus-a-moins-de-300e\/\"]}]},{\"@type\":\"ImageObject\",\"inLanguage\":\"fr-FR\",\"@id\":\"https:\/\/voyage-aventure.com\/blog\/a-la-une\/des-vacances-de-reve-en-crete-sejour-4-tout-inclus-a-moins-de-300e\/#primaryimage\",\"url\":\"https:\/\/voyage-aventure.com\/blog\/wp-content\/uploads\/2025\/06\/stability-des-vacances-de-reve-en-crete-sejour-4-tout-inclus-a-moins-de-300e.png\",\"contentUrl\":\"https:\/\/voyage-aventure.com\/blog\/wp-content\/uploads\/2025\/06\/stability-des-vacances-de-reve-en-crete-sejour-4-tout-inclus-a-moins-de-300e.png\",\"width\":1024,\"height\":576},{\"@type\":\"WebSite\",\"@id\":\"https:\/\/voyage-aventure.com\/blog\/#website\",\"url\":\"https:\/\/voyage-aventure.com\/blog\/\",\"name\":\"voyage-aventure.com\",\"description\":\"Votre passeport pour l\u2019inattendu.\",\"publisher\":{\"@id\":\"https:\/\/voyage-aventure.com\/blog\/#organization\"},\"alternateName\":\"Votre passeport pour l\u2019inattendu.\",\"potentialAction\":[{\"@type\":\"SearchAction\",\"target\":{\"@type\":\"EntryPoint\",\"urlTemplate\":\"https:\/\/voyage-aventure.com\/blog\/?s={search_term_string}\"},\"query-input\":{\"@type\":\"PropertyValueSpecification\",\"valueRequired\":true,\"valueName\":\"search_term_string\"}}],\"inLanguage\":\"fr-FR\"},{\"@type\":\"Organization\",\"@id\":\"https:\/\/voyage-aventure.com\/blog\/#organization\",\"name\":\"Foretsensations.fr\",\"url\":\"https:\/\/voyage-aventure.com\/blog\/\",\"logo\":{\"@type\":\"ImageObject\",\"inLanguage\":\"fr-FR\",\"@id\":\"https:\/\/voyage-aventure.com\/blog\/#\/schema\/logo\/image\/\",\"url\":\"https:\/\/voyage-aventure.com\/blog\/wp-content\/uploads\/2024\/12\/19.png\",\"contentUrl\":\"https:\/\/voyage-aventure.com\/blog\/wp-content\/uploads\/2024\/12\/19.png\",\"width\":512,\"height\":512,\"caption\":\"Foretsensations.fr\"},\"image\":{\"@id\":\"https:\/\/voyage-aventure.com\/blog\/#\/schema\/logo\/image\/\"}},{\"@type\":\"Person\",\"@id\":\"https:\/\/voyage-aventure.com\/blog\/#\/schema\/person\/3c864cdc320801e3db34b663e7e3f816\",\"name\":\"Camille Rouvray\",\"image\":{\"@type\":\"ImageObject\",\"inLanguage\":\"fr-FR\",\"@id\":\"https:\/\/voyage-aventure.com\/blog\/#\/schema\/person\/image\/\",\"url\":\"https:\/\/voyage-aventure.com\/blog\/wp-content\/uploads\/2026\/06\/persona_camille-r-96x96.jpg\",\"contentUrl\":\"https:\/\/voyage-aventure.com\/blog\/wp-content\/uploads\/2026\/06\/persona_camille-r-96x96.jpg\",\"caption\":\"Camille Rouvray\"},\"description\":\"Je voyage et j'\u00e9cris sur le voyage depuis une douzaine d'ann\u00e9es, d'abord en tant que routarde au long cours, puis comme r\u00e9dactrice sp\u00e9cialis\u00e9e. Mon terrain de pr\u00e9dilection, ce sont les circuits organis\u00e9s et l'art de bien pr\u00e9parer un itin\u00e9raire : choix de la saison, dur\u00e9e r\u00e9aliste des \u00e9tapes, budget jour par jour, logement et transport sur place. J'aime aussi raconter les p\u00e9pites urbaines, ces adresses qu'on ne trouve pas dans les guides classiques. Avant de publier un dossier destination, je croise toujours plusieurs sources, je v\u00e9rifie les tarifs et les formalit\u00e9s d'entr\u00e9e \u00e0 jour, et je teste moi-m\u00eame quand je le peux. Mon angle reste pratique avant tout : aider le lecteur \u00e0 partir l'esprit tranquille, sans mauvaise surprise une fois sur place. Je m'attache \u00e0 distinguer le coup de c\u0153ur sinc\u00e8re du simple argument marketing.\",\"sameAs\":[\"https:\/\/camillerouvray.fr\/\"],\"url\":\"https:\/\/voyage-aventure.com\/blog\/auteur\/noname\/\"}]}<\/script>\n<!-- \/ Yoast SEO Premium plugin. -->","yoast_head_json":{"title":"des vacances de r\u00eave en cr\u00e8te : s\u00e9jour 4* tout inclus \u00e0","description":"L'id\u00e9e tient en une phrase : se poser au bord de la mer \u00c9g\u00e9e, dans un h\u00f4tel confortable o\u00f9 tout est compris, sans plomber son budget vacances. La Cr\u00e8te","robots":{"index":"index","follow":"follow","max-snippet":"max-snippet:-1","max-image-preview":"max-image-preview:large","max-video-preview":"max-video-preview:-1"},"canonical":"https:\/\/voyage-aventure.com\/blog\/a-la-une\/des-vacances-de-reve-en-crete-sejour-4-tout-inclus-a-moins-de-300e\/","og_locale":"fr_FR","og_type":"article","og_title":"des vacances de r\u00eave en cr\u00e8te : s\u00e9jour 4* tout inclus \u00e0","og_description":"L'id\u00e9e tient en une phrase : se poser au bord de la mer \u00c9g\u00e9e, dans un h\u00f4tel confortable o\u00f9 tout est compris, sans plomber son budget vacances. La Cr\u00e8te","og_url":"https:\/\/voyage-aventure.com\/blog\/a-la-une\/des-vacances-de-reve-en-crete-sejour-4-tout-inclus-a-moins-de-300e\/","og_site_name":"voyage-aventure","og_image":[{"width":1024,"height":576,"url":"https:\/\/voyage-aventure.com\/blog\/wp-content\/uploads\/2025\/06\/stability-des-vacances-de-reve-en-crete-sejour-4-tout-inclus-a-moins-de-300e.png","type":"image\/png"}],"author":"Camille Rouvray","twitter_card":"summary_large_image","schema":{"@context":"https:\/\/schema.org","@graph":[{"@type":"NewsArticle","@id":"https:\/\/voyage-aventure.com\/blog\/a-la-une\/des-vacances-de-reve-en-crete-sejour-4-tout-inclus-a-moins-de-300e\/#article","isPartOf":{"@id":"https:\/\/voyage-aventure.com\/blog\/a-la-une\/des-vacances-de-reve-en-crete-sejour-4-tout-inclus-a-moins-de-300e\/"},"author":{"name":"Camille Rouvray","@id":"https:\/\/voyage-aventure.com\/blog\/#\/schema\/person\/3c864cdc320801e3db34b663e7e3f816"},"headline":"des vacances de r\u00eave en cr\u00e8te : s\u00e9jour 4* tout inclus \u00e0 moins de 300\u20ac","datePublished":"2026-06-05T20:04:25+00:00","mainEntityOfPage":{"@id":"https:\/\/voyage-aventure.com\/blog\/a-la-une\/des-vacances-de-reve-en-crete-sejour-4-tout-inclus-a-moins-de-300e\/"},"wordCount":1177,"commentCount":0,"publisher":{"@id":"https:\/\/voyage-aventure.com\/blog\/#organization"},"image":{"@id":"https:\/\/voyage-aventure.com\/blog\/a-la-une\/des-vacances-de-reve-en-crete-sejour-4-tout-inclus-a-moins-de-300e\/#primaryimage"},"thumbnailUrl":"https:\/\/voyage-aventure.com\/blog\/wp-content\/uploads\/2025\/06\/stability-des-vacances-de-reve-en-crete-sejour-4-tout-inclus-a-moins-de-300e.png","keywords":["Activit\u00e9s Vari\u00e9es","Escapade en Europe","Gastronomie Locale","H\u00e9bergement Abordable","Voyage \u00c9conomique"],"articleSection":["\u00c0 la une"],"inLanguage":"fr-FR","potentialAction":[{"@type":"CommentAction","name":"Comment","target":["https:\/\/voyage-aventure.com\/blog\/a-la-une\/des-vacances-de-reve-en-crete-sejour-4-tout-inclus-a-moins-de-300e\/#respond"]}]},{"@type":"WebPage","@id":"https:\/\/voyage-aventure.com\/blog\/a-la-une\/des-vacances-de-reve-en-crete-sejour-4-tout-inclus-a-moins-de-300e\/","url":"https:\/\/voyage-aventure.com\/blog\/a-la-une\/des-vacances-de-reve-en-crete-sejour-4-tout-inclus-a-moins-de-300e\/","name":"des vacances de r\u00eave en cr\u00e8te : s\u00e9jour 4* tout inclus \u00e0","isPartOf":{"@id":"https:\/\/voyage-aventure.com\/blog\/#website"},"primaryImageOfPage":{"@id":"https:\/\/voyage-aventure.com\/blog\/a-la-une\/des-vacances-de-reve-en-crete-sejour-4-tout-inclus-a-moins-de-300e\/#primaryimage"},"image":{"@id":"https:\/\/voyage-aventure.com\/blog\/a-la-une\/des-vacances-de-reve-en-crete-sejour-4-tout-inclus-a-moins-de-300e\/#primaryimage"},"thumbnailUrl":"https:\/\/voyage-aventure.com\/blog\/wp-content\/uploads\/2025\/06\/stability-des-vacances-de-reve-en-crete-sejour-4-tout-inclus-a-moins-de-300e.png","datePublished":"2026-06-05T20:04:25+00:00","description":"L'id\u00e9e tient en une phrase : se poser au bord de la mer \u00c9g\u00e9e, dans un h\u00f4tel confortable o\u00f9 tout est compris, sans plomber son budget vacances. La Cr\u00e8te","inLanguage":"fr-FR","potentialAction":[{"@type":"ReadAction","target":["https:\/\/voyage-aventure.com\/blog\/a-la-une\/des-vacances-de-reve-en-crete-sejour-4-tout-inclus-a-moins-de-300e\/"]}]},{"@type":"ImageObject","inLanguage":"fr-FR","@id":"https:\/\/voyage-aventure.com\/blog\/a-la-une\/des-vacances-de-reve-en-crete-sejour-4-tout-inclus-a-moins-de-300e\/#primaryimage","url":"https:\/\/voyage-aventure.com\/blog\/wp-content\/uploads\/2025\/06\/stability-des-vacances-de-reve-en-crete-sejour-4-tout-inclus-a-moins-de-300e.png","contentUrl":"https:\/\/voyage-aventure.com\/blog\/wp-content\/uploads\/2025\/06\/stability-des-vacances-de-reve-en-crete-sejour-4-tout-inclus-a-moins-de-300e.png","width":1024,"height":576},{"@type":"WebSite","@id":"https:\/\/voyage-aventure.com\/blog\/#website","url":"https:\/\/voyage-aventure.com\/blog\/","name":"voyage-aventure.com","description":"Votre passeport pour l\u2019inattendu.","publisher":{"@id":"https:\/\/voyage-aventure.com\/blog\/#organization"},"alternateName":"Votre passeport pour l\u2019inattendu.","potentialAction":[{"@type":"SearchAction","target":{"@type":"EntryPoint","urlTemplate":"https:\/\/voyage-aventure.com\/blog\/?s={search_term_string}"},"query-input":{"@type":"PropertyValueSpecification","valueRequired":true,"valueName":"search_term_string"}}],"inLanguage":"fr-FR"},{"@type":"Organization","@id":"https:\/\/voyage-aventure.com\/blog\/#organization","name":"Foretsensations.fr","url":"https:\/\/voyage-aventure.com\/blog\/","logo":{"@type":"ImageObject","inLanguage":"fr-FR","@id":"https:\/\/voyage-aventure.com\/blog\/#\/schema\/logo\/image\/","url":"https:\/\/voyage-aventure.com\/blog\/wp-content\/uploads\/2024\/12\/19.png","contentUrl":"https:\/\/voyage-aventure.com\/blog\/wp-content\/uploads\/2024\/12\/19.png","width":512,"height":512,"caption":"Foretsensations.fr"},"image":{"@id":"https:\/\/voyage-aventure.com\/blog\/#\/schema\/logo\/image\/"}},{"@type":"Person","@id":"https:\/\/voyage-aventure.com\/blog\/#\/schema\/person\/3c864cdc320801e3db34b663e7e3f816","name":"Camille Rouvray","image":{"@type":"ImageObject","inLanguage":"fr-FR","@id":"https:\/\/voyage-aventure.com\/blog\/#\/schema\/person\/image\/","url":"https:\/\/voyage-aventure.com\/blog\/wp-content\/uploads\/2026\/06\/persona_camille-r-96x96.jpg","contentUrl":"https:\/\/voyage-aventure.com\/blog\/wp-content\/uploads\/2026\/06\/persona_camille-r-96x96.jpg","caption":"Camille Rouvray"},"description":"Je voyage et j'\u00e9cris sur le voyage depuis une douzaine d'ann\u00e9es, d'abord en tant que routarde au long cours, puis comme r\u00e9dactrice sp\u00e9cialis\u00e9e. Mon terrain de pr\u00e9dilection, ce sont les circuits organis\u00e9s et l'art de bien pr\u00e9parer un itin\u00e9raire : choix de la saison, dur\u00e9e r\u00e9aliste des \u00e9tapes, budget jour par jour, logement et transport sur place. J'aime aussi raconter les p\u00e9pites urbaines, ces adresses qu'on ne trouve pas dans les guides classiques. Avant de publier un dossier destination, je croise toujours plusieurs sources, je v\u00e9rifie les tarifs et les formalit\u00e9s d'entr\u00e9e \u00e0 jour, et je teste moi-m\u00eame quand je le peux. Mon angle reste pratique avant tout : aider le lecteur \u00e0 partir l'esprit tranquille, sans mauvaise surprise une fois sur place. Je m'attache \u00e0 distinguer le coup de c\u0153ur sinc\u00e8re du simple argument marketing.","sameAs":["https:\/\/camillerouvray.fr\/"],"url":"https:\/\/voyage-aventure.com\/blog\/auteur\/noname\/"}]}},"_links":{"self":[{"href":"https:\/\/voyage-aventure.com\/blog\/wp-json\/wp\/v2\/posts\/20858","targetHints":{"allow":["GET"]}}],"collection":[{"href":"https:\/\/voyage-aventure.com\/blog\/wp-json\/wp\/v2\/posts"}],"about":[{"href":"https:\/\/voyage-aventure.com\/blog\/wp-json\/wp\/v2\/types\/post"}],"author":[{"embeddable":true,"href":"https:\/\/voyage-aventure.com\/blog\/wp-json\/wp\/v2\/users\/34"}],"replies":[{"embeddable":true,"href":"https:\/\/voyage-aventure.com\/blog\/wp-json\/wp\/v2\/comments?post=20858"}],"version-history":[{"count":2,"href":"https:\/\/voyage-aventure.com\/blog\/wp-json\/wp\/v2\/posts\/20858\/revisions"}],"predecessor-version":[{"id":21930,"href":"https:\/\/voyage-aventure.com\/blog\/wp-json\/wp\/v2\/posts\/20858\/revisions\/21930"}],"wp:featuredmedia":[{"embeddable":true,"href":"https:\/\/voyage-aventure.com\/blog\/wp-json\/wp\/v2\/media\/20859"}],"wp:attachment":[{"href":"https:\/\/voyage-aventure.com\/blog\/wp-json\/wp\/v2\/media?parent=20858"}],"wp:term":[{"taxonomy":"category","embeddable":true,"href":"https:\/\/voyage-aventure.com\/blog\/wp-json\/wp\/v2\/categories?post=20858"},{"taxonomy":"post_tag","embeddable":true,"href":"https:\/\/voyage-aventure.com\/blog\/wp-json\/wp\/v2\/tags?post=20858"}],"curies":[{"name":"wp","href":"https:\/\/api.w.org\/{rel}","templated":true}]}}