{"id":20789,"date":"2025-05-27T14:51:03","date_gmt":"2025-05-27T12:51:03","guid":{"rendered":"https:\/\/voyage-aventure.com\/blog\/?p=20789"},"modified":"2025-05-27T14:51:03","modified_gmt":"2025-05-27T12:51:03","slug":"profitez-de-juillet-a-fond-des-vacances-sur-mesure-pour-vous-epanouir","status":"publish","type":"post","link":"https:\/\/voyage-aventure.com\/blog\/a-la-une\/profitez-de-juillet-a-fond-des-vacances-sur-mesure-pour-vous-epanouir\/","title":{"rendered":"Profitez de juillet \u00e0 fond : des vacances sur mesure pour vous \u00e9panouir"},"content":{"rendered":"<h2>Des vacances inoubliables \u00e0 port\u00e9e de main<\/h2>\n<p>Pour beaucoup, juillet est synonyme de libert\u00e9 et de d\u00e9tente. C&rsquo;est le moment id\u00e9al pour faire une pause bien m\u00e9rit\u00e9e et profiter de l&rsquo;\u00e9t\u00e9. Que vous souhaitiez vous \u00e9vader \u00e0 la mer ou \u00e0 la montagne, il existe une multitude d&rsquo;options pour satisfaire vos envies.<\/p>\n<p>Les offres de vacances abondent, et il est possible de b\u00e9n\u00e9ficier de r\u00e9ductions int\u00e9ressantes. Par exemple, des clubs comme Belambra proposent jusqu&rsquo;\u00e0 150\u20ac de remise pour des s\u00e9jours en demi-pension ou pension compl\u00e8te. C&rsquo;est l&rsquo;occasion r\u00eav\u00e9e de planifier des vacances en famille, tout en ma\u00eetrisant son budget.<\/p>\n<p><iframe loading=\"lazy\" title=\"L\u2019ICEBERG des POSTS REDDIT les plus PERTURBANTS - COMPLET\" width=\"1200\" height=\"675\" src=\"https:\/\/www.youtube.com\/embed\/i03waMaByxs?feature=oembed\" frameborder=\"0\" allow=\"accelerometer; autoplay; clipboard-write; encrypted-media; gyroscope; picture-in-picture; web-share\" referrerpolicy=\"strict-origin-when-cross-origin\" allowfullscreen><\/iframe><\/p>\n<h2>Choisissez votre destination parfaite<\/h2>\n<p>La France regorge de destinations attrayantes pour passer un \u00e9t\u00e9 m\u00e9morable. Que vous soyez attir\u00e9 par les plages ensoleill\u00e9es de la C\u00f4te d&rsquo;Azur ou par l&rsquo;air frais des montagnes, les choix sont nombreux. Chaque r\u00e9gion offre des activit\u00e9s uniques et des paysages \u00e0 couper le souffle.<\/p>\n<p>En optant pour un s\u00e9jour dans un club, vous avez acc\u00e8s \u00e0 des animations pour les enfants et les adolescents. Cela permet aux parents de se d\u00e9tendre tout en sachant que leurs enfants s&rsquo;amusent en toute s\u00e9curit\u00e9. Les clubs sont \u00e9galement adapt\u00e9s aux tout-petits, permettant aux familles de profiter pleinement de leurs vacances.<\/p>\n<h2>Maximisez votre exp\u00e9rience de vacances<\/h2>\n<p>Pour profiter de vos vacances sans stress, il est essentiel de bien planifier votre s\u00e9jour. Pensez \u00e0 r\u00e9server \u00e0 l&rsquo;avance pour b\u00e9n\u00e9ficier des meilleures offres. La flexibilit\u00e9 de paiement, comme le r\u00e8glement en plusieurs fois, peut aussi all\u00e9ger votre budget.<\/p>\n<p>N&rsquo;oubliez pas de v\u00e9rifier les avis des voyageurs sur les h\u00f4tels et les clubs. Cela vous aidera \u00e0 choisir l&rsquo;endroit id\u00e9al pour vos vacances. Une bonne pr\u00e9paration vous permettra de profiter pleinement de chaque moment, sans vous soucier des d\u00e9tails logistiques.<\/p>\n<blockquote><p>\n\u00ab\u00a0En juillet, fais ce qu&rsquo;il te pla\u00eet\u00a0\u00bb \u2013 Profitez de chaque instant de votre \u00e9t\u00e9 !\n<\/p><\/blockquote>\n<ul>\n<li>R\u00e9ductions jusqu&rsquo;\u00e0 150\u20ac sur des s\u00e9jours<\/li>\n<li>Destination France : mer ou montagne<\/li>\n<li>Clubs adapt\u00e9s pour toute la famille<\/li>\n<li>Animations pour enfants et adolescents<\/li>\n<li>Paiement flexible en plusieurs fois<\/li>\n<\/ul>\n<p>Juillet est le mois parfait pour s&rsquo;\u00e9vader, et les clubs Belambra en France offrent des opportunit\u00e9s all\u00e9chantes. Que vous soyez en qu\u00eate d&rsquo;aventure ou de d\u00e9tente, ces s\u00e9jours vous permettent de vivre une exp\u00e9rience enrichissante. Avec des options vari\u00e9es et des activit\u00e9s pour tous les \u00e2ges, il est temps de faire vos valises et de partir \u00e0 l&rsquo;aventure. N&rsquo;attendez plus pour r\u00e9server votre s\u00e9jour et r\u00e9aliser vos r\u00eaves d&rsquo;\u00e9t\u00e9 !<\/p>\n","protected":false},"excerpt":{"rendered":"","protected":false},"author":34,"featured_media":20835,"comment_status":"open","ping_status":"open","sticky":false,"template":"","format":"standard","meta":{"_acf_changed":false,"manual_indexmenow":false,"indexmenow_id_project":0,"footnotes":""},"categories":[1],"tags":[4538,4452,4530,4528,5834],"class_list":["post-20789","post","type-post","status-publish","format-standard","has-post-thumbnail","hentry","category-a-la-une","tag-activites-variees","tag-economies","tag-escapade-en-europe","tag-hebergement-abordable","tag-voyage-en-famille","generate-columns","tablet-grid-50","mobile-grid-100","grid-parent","grid-25"],"acf":[],"yoast_head":"<!-- This site is optimized with the Yoast SEO Premium plugin v21.3 (Yoast SEO v25.1) - https:\/\/yoast.com\/wordpress\/plugins\/seo\/ -->\n<title>Profitez de juillet \u00e0 fond : des vacances sur mesure pour<\/title>\n<meta name=\"description\" content=\"Pour beaucoup, juillet est synonyme de libert\u00e9 et de d\u00e9tente. C&#039;est le moment id\u00e9al pour faire une pause bien m\u00e9rit\u00e9e et profiter de l&#039;\u00e9t\u00e9. Que vous\" \/>\n<meta name=\"robots\" content=\"index, follow, max-snippet:-1, max-image-preview:large, max-video-preview:-1\" \/>\n<link rel=\"canonical\" href=\"https:\/\/voyage-aventure.com\/blog\/a-la-une\/profitez-de-juillet-a-fond-des-vacances-sur-mesure-pour-vous-epanouir\/\" \/>\n<meta property=\"og:locale\" content=\"fr_FR\" \/>\n<meta property=\"og:type\" content=\"article\" \/>\n<meta property=\"og:title\" content=\"Profitez de juillet \u00e0 fond : des vacances sur mesure pour\" \/>\n<meta property=\"og:description\" content=\"Pour beaucoup, juillet est synonyme de libert\u00e9 et de d\u00e9tente. C&#039;est le moment id\u00e9al pour faire une pause bien m\u00e9rit\u00e9e et profiter de l&#039;\u00e9t\u00e9. Que vous\" \/>\n<meta property=\"og:url\" content=\"https:\/\/voyage-aventure.com\/blog\/a-la-une\/profitez-de-juillet-a-fond-des-vacances-sur-mesure-pour-vous-epanouir\/\" \/>\n<meta property=\"og:site_name\" content=\"voyage-aventure\" \/>\n<meta property=\"og:image\" content=\"https:\/\/voyage-aventure.com\/blog\/wp-content\/uploads\/2025\/06\/sdxl-7812d5678d899674a4eca00d9e11f2dd-scaled.png\" \/>\n\t<meta property=\"og:image:width\" content=\"1200\" \/>\n\t<meta property=\"og:image:height\" content=\"500\" \/>\n\t<meta property=\"og:image:type\" content=\"image\/png\" \/>\n<meta name=\"author\" content=\"Camille Rouvray\" \/>\n<meta name=\"twitter:card\" content=\"summary_large_image\" \/>\n<script type=\"application\/ld+json\" class=\"yoast-schema-graph\">{\"@context\":\"https:\/\/schema.org\",\"@graph\":[{\"@type\":\"NewsArticle\",\"@id\":\"https:\/\/voyage-aventure.com\/blog\/a-la-une\/profitez-de-juillet-a-fond-des-vacances-sur-mesure-pour-vous-epanouir\/#article\",\"isPartOf\":{\"@id\":\"https:\/\/voyage-aventure.com\/blog\/a-la-une\/profitez-de-juillet-a-fond-des-vacances-sur-mesure-pour-vous-epanouir\/\"},\"author\":{\"name\":\"Camille Rouvray\",\"@id\":\"https:\/\/voyage-aventure.com\/blog\/#\/schema\/person\/3c864cdc320801e3db34b663e7e3f816\"},\"headline\":\"Profitez de juillet \u00e0 fond : des vacances sur mesure pour vous \u00e9panouir\",\"datePublished\":\"2025-05-27T12:51:03+00:00\",\"mainEntityOfPage\":{\"@id\":\"https:\/\/voyage-aventure.com\/blog\/a-la-une\/profitez-de-juillet-a-fond-des-vacances-sur-mesure-pour-vous-epanouir\/\"},\"wordCount\":472,\"commentCount\":27,\"publisher\":{\"@id\":\"https:\/\/voyage-aventure.com\/blog\/#organization\"},\"image\":{\"@id\":\"https:\/\/voyage-aventure.com\/blog\/a-la-une\/profitez-de-juillet-a-fond-des-vacances-sur-mesure-pour-vous-epanouir\/#primaryimage\"},\"thumbnailUrl\":\"https:\/\/voyage-aventure.com\/blog\/wp-content\/uploads\/2025\/06\/sdxl-7812d5678d899674a4eca00d9e11f2dd-scaled.png\",\"keywords\":[\"Activit\u00e9s Vari\u00e9es\",\"\u00c9conomies\",\"Escapade en Europe\",\"H\u00e9bergement Abordable\",\"Voyage en famille\"],\"articleSection\":[\"\u00c0 la une\"],\"inLanguage\":\"fr-FR\",\"potentialAction\":[{\"@type\":\"CommentAction\",\"name\":\"Comment\",\"target\":[\"https:\/\/voyage-aventure.com\/blog\/a-la-une\/profitez-de-juillet-a-fond-des-vacances-sur-mesure-pour-vous-epanouir\/#respond\"]}]},{\"@type\":\"WebPage\",\"@id\":\"https:\/\/voyage-aventure.com\/blog\/a-la-une\/profitez-de-juillet-a-fond-des-vacances-sur-mesure-pour-vous-epanouir\/\",\"url\":\"https:\/\/voyage-aventure.com\/blog\/a-la-une\/profitez-de-juillet-a-fond-des-vacances-sur-mesure-pour-vous-epanouir\/\",\"name\":\"Profitez de juillet \u00e0 fond : des vacances sur mesure pour\",\"isPartOf\":{\"@id\":\"https:\/\/voyage-aventure.com\/blog\/#website\"},\"primaryImageOfPage\":{\"@id\":\"https:\/\/voyage-aventure.com\/blog\/a-la-une\/profitez-de-juillet-a-fond-des-vacances-sur-mesure-pour-vous-epanouir\/#primaryimage\"},\"image\":{\"@id\":\"https:\/\/voyage-aventure.com\/blog\/a-la-une\/profitez-de-juillet-a-fond-des-vacances-sur-mesure-pour-vous-epanouir\/#primaryimage\"},\"thumbnailUrl\":\"https:\/\/voyage-aventure.com\/blog\/wp-content\/uploads\/2025\/06\/sdxl-7812d5678d899674a4eca00d9e11f2dd-scaled.png\",\"datePublished\":\"2025-05-27T12:51:03+00:00\",\"description\":\"Pour beaucoup, juillet est synonyme de libert\u00e9 et de d\u00e9tente. C'est le moment id\u00e9al pour faire une pause bien m\u00e9rit\u00e9e et profiter de l'\u00e9t\u00e9. Que vous\",\"inLanguage\":\"fr-FR\",\"potentialAction\":[{\"@type\":\"ReadAction\",\"target\":[\"https:\/\/voyage-aventure.com\/blog\/a-la-une\/profitez-de-juillet-a-fond-des-vacances-sur-mesure-pour-vous-epanouir\/\"]}]},{\"@type\":\"ImageObject\",\"inLanguage\":\"fr-FR\",\"@id\":\"https:\/\/voyage-aventure.com\/blog\/a-la-une\/profitez-de-juillet-a-fond-des-vacances-sur-mesure-pour-vous-epanouir\/#primaryimage\",\"url\":\"https:\/\/voyage-aventure.com\/blog\/wp-content\/uploads\/2025\/06\/sdxl-7812d5678d899674a4eca00d9e11f2dd-scaled.png\",\"contentUrl\":\"https:\/\/voyage-aventure.com\/blog\/wp-content\/uploads\/2025\/06\/sdxl-7812d5678d899674a4eca00d9e11f2dd-scaled.png\",\"width\":1200,\"height\":500},{\"@type\":\"WebSite\",\"@id\":\"https:\/\/voyage-aventure.com\/blog\/#website\",\"url\":\"https:\/\/voyage-aventure.com\/blog\/\",\"name\":\"voyage-aventure.com\",\"description\":\"Votre passeport pour l\u2019inattendu.\",\"publisher\":{\"@id\":\"https:\/\/voyage-aventure.com\/blog\/#organization\"},\"alternateName\":\"Votre passeport pour l\u2019inattendu.\",\"potentialAction\":[{\"@type\":\"SearchAction\",\"target\":{\"@type\":\"EntryPoint\",\"urlTemplate\":\"https:\/\/voyage-aventure.com\/blog\/?s={search_term_string}\"},\"query-input\":{\"@type\":\"PropertyValueSpecification\",\"valueRequired\":true,\"valueName\":\"search_term_string\"}}],\"inLanguage\":\"fr-FR\"},{\"@type\":\"Organization\",\"@id\":\"https:\/\/voyage-aventure.com\/blog\/#organization\",\"name\":\"Foretsensations.fr\",\"url\":\"https:\/\/voyage-aventure.com\/blog\/\",\"logo\":{\"@type\":\"ImageObject\",\"inLanguage\":\"fr-FR\",\"@id\":\"https:\/\/voyage-aventure.com\/blog\/#\/schema\/logo\/image\/\",\"url\":\"https:\/\/voyage-aventure.com\/blog\/wp-content\/uploads\/2024\/12\/19.png\",\"contentUrl\":\"https:\/\/voyage-aventure.com\/blog\/wp-content\/uploads\/2024\/12\/19.png\",\"width\":512,\"height\":512,\"caption\":\"Foretsensations.fr\"},\"image\":{\"@id\":\"https:\/\/voyage-aventure.com\/blog\/#\/schema\/logo\/image\/\"}},{\"@type\":\"Person\",\"@id\":\"https:\/\/voyage-aventure.com\/blog\/#\/schema\/person\/3c864cdc320801e3db34b663e7e3f816\",\"name\":\"Camille Rouvray\",\"image\":{\"@type\":\"ImageObject\",\"inLanguage\":\"fr-FR\",\"@id\":\"https:\/\/voyage-aventure.com\/blog\/#\/schema\/person\/image\/\",\"url\":\"https:\/\/voyage-aventure.com\/blog\/wp-content\/uploads\/2026\/06\/persona_camille-r-96x96.jpg\",\"contentUrl\":\"https:\/\/voyage-aventure.com\/blog\/wp-content\/uploads\/2026\/06\/persona_camille-r-96x96.jpg\",\"caption\":\"Camille Rouvray\"},\"description\":\"Je voyage et j'\u00e9cris sur le voyage depuis une douzaine d'ann\u00e9es, d'abord en tant que routarde au long cours, puis comme r\u00e9dactrice sp\u00e9cialis\u00e9e. Mon terrain de pr\u00e9dilection, ce sont les circuits organis\u00e9s et l'art de bien pr\u00e9parer un itin\u00e9raire : choix de la saison, dur\u00e9e r\u00e9aliste des \u00e9tapes, budget jour par jour, logement et transport sur place. J'aime aussi raconter les p\u00e9pites urbaines, ces adresses qu'on ne trouve pas dans les guides classiques. Avant de publier un dossier destination, je croise toujours plusieurs sources, je v\u00e9rifie les tarifs et les formalit\u00e9s d'entr\u00e9e \u00e0 jour, et je teste moi-m\u00eame quand je le peux. Mon angle reste pratique avant tout : aider le lecteur \u00e0 partir l'esprit tranquille, sans mauvaise surprise une fois sur place. Je m'attache \u00e0 distinguer le coup de c\u0153ur sinc\u00e8re du simple argument marketing.\",\"sameAs\":[\"https:\/\/camillerouvray.fr\/\"],\"url\":\"https:\/\/voyage-aventure.com\/blog\/auteur\/noname\/\"}]}<\/script>\n<!-- \/ Yoast SEO Premium plugin. -->","yoast_head_json":{"title":"Profitez de juillet \u00e0 fond : des vacances sur mesure pour","description":"Pour beaucoup, juillet est synonyme de libert\u00e9 et de d\u00e9tente. C'est le moment id\u00e9al pour faire une pause bien m\u00e9rit\u00e9e et profiter de l'\u00e9t\u00e9. Que vous","robots":{"index":"index","follow":"follow","max-snippet":"max-snippet:-1","max-image-preview":"max-image-preview:large","max-video-preview":"max-video-preview:-1"},"canonical":"https:\/\/voyage-aventure.com\/blog\/a-la-une\/profitez-de-juillet-a-fond-des-vacances-sur-mesure-pour-vous-epanouir\/","og_locale":"fr_FR","og_type":"article","og_title":"Profitez de juillet \u00e0 fond : des vacances sur mesure pour","og_description":"Pour beaucoup, juillet est synonyme de libert\u00e9 et de d\u00e9tente. C'est le moment id\u00e9al pour faire une pause bien m\u00e9rit\u00e9e et profiter de l'\u00e9t\u00e9. Que vous","og_url":"https:\/\/voyage-aventure.com\/blog\/a-la-une\/profitez-de-juillet-a-fond-des-vacances-sur-mesure-pour-vous-epanouir\/","og_site_name":"voyage-aventure","og_image":[{"width":1200,"height":500,"url":"https:\/\/voyage-aventure.com\/blog\/wp-content\/uploads\/2025\/06\/sdxl-7812d5678d899674a4eca00d9e11f2dd-scaled.png","type":"image\/png"}],"author":"Camille Rouvray","twitter_card":"summary_large_image","schema":{"@context":"https:\/\/schema.org","@graph":[{"@type":"NewsArticle","@id":"https:\/\/voyage-aventure.com\/blog\/a-la-une\/profitez-de-juillet-a-fond-des-vacances-sur-mesure-pour-vous-epanouir\/#article","isPartOf":{"@id":"https:\/\/voyage-aventure.com\/blog\/a-la-une\/profitez-de-juillet-a-fond-des-vacances-sur-mesure-pour-vous-epanouir\/"},"author":{"name":"Camille Rouvray","@id":"https:\/\/voyage-aventure.com\/blog\/#\/schema\/person\/3c864cdc320801e3db34b663e7e3f816"},"headline":"Profitez de juillet \u00e0 fond : des vacances sur mesure pour vous \u00e9panouir","datePublished":"2025-05-27T12:51:03+00:00","mainEntityOfPage":{"@id":"https:\/\/voyage-aventure.com\/blog\/a-la-une\/profitez-de-juillet-a-fond-des-vacances-sur-mesure-pour-vous-epanouir\/"},"wordCount":472,"commentCount":27,"publisher":{"@id":"https:\/\/voyage-aventure.com\/blog\/#organization"},"image":{"@id":"https:\/\/voyage-aventure.com\/blog\/a-la-une\/profitez-de-juillet-a-fond-des-vacances-sur-mesure-pour-vous-epanouir\/#primaryimage"},"thumbnailUrl":"https:\/\/voyage-aventure.com\/blog\/wp-content\/uploads\/2025\/06\/sdxl-7812d5678d899674a4eca00d9e11f2dd-scaled.png","keywords":["Activit\u00e9s Vari\u00e9es","\u00c9conomies","Escapade en Europe","H\u00e9bergement Abordable","Voyage en famille"],"articleSection":["\u00c0 la une"],"inLanguage":"fr-FR","potentialAction":[{"@type":"CommentAction","name":"Comment","target":["https:\/\/voyage-aventure.com\/blog\/a-la-une\/profitez-de-juillet-a-fond-des-vacances-sur-mesure-pour-vous-epanouir\/#respond"]}]},{"@type":"WebPage","@id":"https:\/\/voyage-aventure.com\/blog\/a-la-une\/profitez-de-juillet-a-fond-des-vacances-sur-mesure-pour-vous-epanouir\/","url":"https:\/\/voyage-aventure.com\/blog\/a-la-une\/profitez-de-juillet-a-fond-des-vacances-sur-mesure-pour-vous-epanouir\/","name":"Profitez de juillet \u00e0 fond : des vacances sur mesure pour","isPartOf":{"@id":"https:\/\/voyage-aventure.com\/blog\/#website"},"primaryImageOfPage":{"@id":"https:\/\/voyage-aventure.com\/blog\/a-la-une\/profitez-de-juillet-a-fond-des-vacances-sur-mesure-pour-vous-epanouir\/#primaryimage"},"image":{"@id":"https:\/\/voyage-aventure.com\/blog\/a-la-une\/profitez-de-juillet-a-fond-des-vacances-sur-mesure-pour-vous-epanouir\/#primaryimage"},"thumbnailUrl":"https:\/\/voyage-aventure.com\/blog\/wp-content\/uploads\/2025\/06\/sdxl-7812d5678d899674a4eca00d9e11f2dd-scaled.png","datePublished":"2025-05-27T12:51:03+00:00","description":"Pour beaucoup, juillet est synonyme de libert\u00e9 et de d\u00e9tente. C'est le moment id\u00e9al pour faire une pause bien m\u00e9rit\u00e9e et profiter de l'\u00e9t\u00e9. Que vous","inLanguage":"fr-FR","potentialAction":[{"@type":"ReadAction","target":["https:\/\/voyage-aventure.com\/blog\/a-la-une\/profitez-de-juillet-a-fond-des-vacances-sur-mesure-pour-vous-epanouir\/"]}]},{"@type":"ImageObject","inLanguage":"fr-FR","@id":"https:\/\/voyage-aventure.com\/blog\/a-la-une\/profitez-de-juillet-a-fond-des-vacances-sur-mesure-pour-vous-epanouir\/#primaryimage","url":"https:\/\/voyage-aventure.com\/blog\/wp-content\/uploads\/2025\/06\/sdxl-7812d5678d899674a4eca00d9e11f2dd-scaled.png","contentUrl":"https:\/\/voyage-aventure.com\/blog\/wp-content\/uploads\/2025\/06\/sdxl-7812d5678d899674a4eca00d9e11f2dd-scaled.png","width":1200,"height":500},{"@type":"WebSite","@id":"https:\/\/voyage-aventure.com\/blog\/#website","url":"https:\/\/voyage-aventure.com\/blog\/","name":"voyage-aventure.com","description":"Votre passeport pour l\u2019inattendu.","publisher":{"@id":"https:\/\/voyage-aventure.com\/blog\/#organization"},"alternateName":"Votre passeport pour l\u2019inattendu.","potentialAction":[{"@type":"SearchAction","target":{"@type":"EntryPoint","urlTemplate":"https:\/\/voyage-aventure.com\/blog\/?s={search_term_string}"},"query-input":{"@type":"PropertyValueSpecification","valueRequired":true,"valueName":"search_term_string"}}],"inLanguage":"fr-FR"},{"@type":"Organization","@id":"https:\/\/voyage-aventure.com\/blog\/#organization","name":"Foretsensations.fr","url":"https:\/\/voyage-aventure.com\/blog\/","logo":{"@type":"ImageObject","inLanguage":"fr-FR","@id":"https:\/\/voyage-aventure.com\/blog\/#\/schema\/logo\/image\/","url":"https:\/\/voyage-aventure.com\/blog\/wp-content\/uploads\/2024\/12\/19.png","contentUrl":"https:\/\/voyage-aventure.com\/blog\/wp-content\/uploads\/2024\/12\/19.png","width":512,"height":512,"caption":"Foretsensations.fr"},"image":{"@id":"https:\/\/voyage-aventure.com\/blog\/#\/schema\/logo\/image\/"}},{"@type":"Person","@id":"https:\/\/voyage-aventure.com\/blog\/#\/schema\/person\/3c864cdc320801e3db34b663e7e3f816","name":"Camille Rouvray","image":{"@type":"ImageObject","inLanguage":"fr-FR","@id":"https:\/\/voyage-aventure.com\/blog\/#\/schema\/person\/image\/","url":"https:\/\/voyage-aventure.com\/blog\/wp-content\/uploads\/2026\/06\/persona_camille-r-96x96.jpg","contentUrl":"https:\/\/voyage-aventure.com\/blog\/wp-content\/uploads\/2026\/06\/persona_camille-r-96x96.jpg","caption":"Camille Rouvray"},"description":"Je voyage et j'\u00e9cris sur le voyage depuis une douzaine d'ann\u00e9es, d'abord en tant que routarde au long cours, puis comme r\u00e9dactrice sp\u00e9cialis\u00e9e. Mon terrain de pr\u00e9dilection, ce sont les circuits organis\u00e9s et l'art de bien pr\u00e9parer un itin\u00e9raire : choix de la saison, dur\u00e9e r\u00e9aliste des \u00e9tapes, budget jour par jour, logement et transport sur place. J'aime aussi raconter les p\u00e9pites urbaines, ces adresses qu'on ne trouve pas dans les guides classiques. Avant de publier un dossier destination, je croise toujours plusieurs sources, je v\u00e9rifie les tarifs et les formalit\u00e9s d'entr\u00e9e \u00e0 jour, et je teste moi-m\u00eame quand je le peux. Mon angle reste pratique avant tout : aider le lecteur \u00e0 partir l'esprit tranquille, sans mauvaise surprise une fois sur place. Je m'attache \u00e0 distinguer le coup de c\u0153ur sinc\u00e8re du simple argument marketing.","sameAs":["https:\/\/camillerouvray.fr\/"],"url":"https:\/\/voyage-aventure.com\/blog\/auteur\/noname\/"}]}},"_links":{"self":[{"href":"https:\/\/voyage-aventure.com\/blog\/wp-json\/wp\/v2\/posts\/20789","targetHints":{"allow":["GET"]}}],"collection":[{"href":"https:\/\/voyage-aventure.com\/blog\/wp-json\/wp\/v2\/posts"}],"about":[{"href":"https:\/\/voyage-aventure.com\/blog\/wp-json\/wp\/v2\/types\/post"}],"author":[{"embeddable":true,"href":"https:\/\/voyage-aventure.com\/blog\/wp-json\/wp\/v2\/users\/34"}],"replies":[{"embeddable":true,"href":"https:\/\/voyage-aventure.com\/blog\/wp-json\/wp\/v2\/comments?post=20789"}],"version-history":[{"count":1,"href":"https:\/\/voyage-aventure.com\/blog\/wp-json\/wp\/v2\/posts\/20789\/revisions"}],"predecessor-version":[{"id":20811,"href":"https:\/\/voyage-aventure.com\/blog\/wp-json\/wp\/v2\/posts\/20789\/revisions\/20811"}],"wp:featuredmedia":[{"embeddable":true,"href":"https:\/\/voyage-aventure.com\/blog\/wp-json\/wp\/v2\/media\/20835"}],"wp:attachment":[{"href":"https:\/\/voyage-aventure.com\/blog\/wp-json\/wp\/v2\/media?parent=20789"}],"wp:term":[{"taxonomy":"category","embeddable":true,"href":"https:\/\/voyage-aventure.com\/blog\/wp-json\/wp\/v2\/categories?post=20789"},{"taxonomy":"post_tag","embeddable":true,"href":"https:\/\/voyage-aventure.com\/blog\/wp-json\/wp\/v2\/tags?post=20789"}],"curies":[{"name":"wp","href":"https:\/\/api.w.org\/{rel}","templated":true}]}}