{"id":20186,"date":"2025-05-07T17:41:28","date_gmt":"2025-05-07T15:41:28","guid":{"rendered":"https:\/\/voyage-aventure.com\/blog\/?p=20186"},"modified":"2025-05-07T17:41:28","modified_gmt":"2025-05-07T15:41:28","slug":"decouvrez-majorque-un-sejour-4%e2%ad%90%ef%b8%8f-avec-plage-et-detente-au-rendez-vous","status":"publish","type":"post","link":"https:\/\/voyage-aventure.com\/blog\/a-la-une\/decouvrez-majorque-un-sejour-4%e2%ad%90%ef%b8%8f-avec-plage-et-detente-au-rendez-vous\/","title":{"rendered":"D\u00e9couvrez Majorque : un s\u00e9jour 4\u2b50\ufe0f avec plage et d\u00e9tente au rendez-vous"},"content":{"rendered":"<h2>Un s\u00e9jour idyllique \u00e0 Majorque<\/h2>\n<p>Majorque, perle des Bal\u00e9ares, s\u00e9duit par ses plages de sable fin et ses eaux turquoise. Imaginez-vous, install\u00e9 sur une chaise longue, un cocktail \u00e0 la main, profitant du doux soleil espagnol. Cet \u00e9t\u00e9, offrez-vous un s\u00e9jour inoubliable dans un h\u00f4tel 4 \u00e9toiles avec acc\u00e8s direct \u00e0 la plage de Sa Coma.<\/p>\n<p>Cet \u00e9tablissement, tr\u00e8s appr\u00e9ci\u00e9 des voyageurs, propose un cadre idyllique pour des vacances en couple ou en famille. Avec ses deux piscines ext\u00e9rieures et ses restaurants raffin\u00e9s, chaque instant pass\u00e9 sur place est une promesse de d\u00e9tente et de plaisir. <\/p>\n<h2>Les atouts de l&rsquo;h\u00f4tel THB Sa Coma Platja<\/h2>\n<p>L&rsquo;h\u00f4tel THB Sa Coma Platja est r\u00e9put\u00e9 pour son rapport qualit\u00e9\/prix exceptionnel. Situ\u00e9 \u00e0 l&rsquo;est de l&rsquo;\u00eele, il permet de d\u00e9couvrir facilement des sites embl\u00e9matiques tels que Porto Cristo et la baie d&rsquo;Alcudia. Les avis des visiteurs soulignent la propret\u00e9 et le service attentionn\u00e9, des \u00e9l\u00e9ments essentiels pour un s\u00e9jour r\u00e9ussi.<\/p>\n<p>En plus de sa localisation privil\u00e9gi\u00e9e, cet h\u00f4tel propose divers \u00e9quipements pour garantir votre confort. Deux piscines ext\u00e9rieures, un acc\u00e8s direct \u00e0 la plage et des espaces de restauration font partie des nombreux atouts offerts. <\/p>\n<h2>Pourquoi choisir Majorque pour vos vacances ?<\/h2>\n<p>Majorque ne se limite pas \u00e0 ses plages splendides. C&rsquo;est une destination riche en culture et en gastronomie, o\u00f9 il est possible d&rsquo;explorer des villages pittoresques et de d\u00e9guster des plats typiques. Les march\u00e9s locaux regorgent de produits frais, parfaits pour une immersion totale dans la culture espagnole.<\/p>\n<p>De plus, l&rsquo;\u00eele offre une multitude d&rsquo;activit\u00e9s pour tous les go\u00fbts. Que vous soyez amateur de randonn\u00e9e, passionn\u00e9 de sports nautiques ou adepte de la vie nocturne, Majorque a tout pour plaire. Voici quelques points d&rsquo;int\u00e9r\u00eat \u00e0 ne pas manquer :<\/p>\n<ul>\n<li>Visite de la cath\u00e9drale de Palma<\/li>\n<li>Exploration des grottes du Drach<\/li>\n<li>D\u00e9gustation de la cuisine locale dans les restaurants typiques<\/li>\n<li>Randonn\u00e9es dans la Serra de Tramuntana<\/li>\n<li>Excursions en bateau vers des criques isol\u00e9es<\/li>\n<\/ul>\n<blockquote><p>\n\u00ab Majorque est une destination qui allie parfaitement d\u00e9tente et d\u00e9couverte, id\u00e9ale pour tous les types de voyageurs. \u00bb\n<\/p><\/blockquote>\n<p>Votre s\u00e9jour \u00e0 Majorque sera agr\u00e9ment\u00e9 par des moments de convivialit\u00e9 et d&rsquo;\u00e9changes. Profitez de la culture locale en vous m\u00ealant aux habitants, en d\u00e9couvrant leurs traditions et en partageant des repas typiques. <\/p>\n<p>Dans cet h\u00f4tel, tout est mis en \u0153uvre pour vous faire vivre des vacances m\u00e9morables. Des soir\u00e9es \u00e0 th\u00e8me aux activit\u00e9s familiales, chaque jour est une nouvelle opportunit\u00e9 de cr\u00e9er des souvenirs. <\/p>\n<p>En somme, Majorque est la destination id\u00e9ale pour un s\u00e9jour de r\u00eave. Avec son cadre enchanteur, son h\u00e9bergement de qualit\u00e9 et ses multiples activit\u00e9s, vous serez combl\u00e9 par cette exp\u00e9rience unique. Que vous soyez en qu\u00eate de repos ou d\u2019aventures, Majorque vous attend.<\/p>\n","protected":false},"excerpt":{"rendered":"","protected":false},"author":34,"featured_media":20196,"comment_status":"open","ping_status":"open","sticky":false,"template":"","format":"standard","meta":{"_acf_changed":false,"manual_indexmenow":false,"indexmenow_id_project":0,"footnotes":""},"categories":[1],"tags":[4538,4527,4530,4535,4528],"class_list":["post-20186","post","type-post","status-publish","format-standard","has-post-thumbnail","hentry","category-a-la-une","tag-activites-variees","tag-decouverte-culturelle","tag-escapade-en-europe","tag-gastronomie-locale","tag-hebergement-abordable","generate-columns","tablet-grid-50","mobile-grid-100","grid-parent","grid-25"],"acf":[],"yoast_head":"<!-- This site is optimized with the Yoast SEO Premium plugin v21.3 (Yoast SEO v25.1) - https:\/\/yoast.com\/wordpress\/plugins\/seo\/ -->\n<title>D\u00e9couvrez Majorque : un s\u00e9jour 4\u2b50\ufe0f avec plage et d\u00e9tente au<\/title>\n<meta name=\"description\" content=\"Majorque, perle des Bal\u00e9ares, s\u00e9duit par ses plages de sable fin et ses eaux turquoise. Imaginez-vous, install\u00e9 sur une chaise longue, un cocktail \u00e0 la\" \/>\n<meta name=\"robots\" content=\"index, follow, max-snippet:-1, max-image-preview:large, max-video-preview:-1\" \/>\n<link rel=\"canonical\" href=\"https:\/\/voyage-aventure.com\/blog\/a-la-une\/decouvrez-majorque-un-sejour-4\u2b50\ufe0f-avec-plage-et-detente-au-rendez-vous\/\" \/>\n<meta property=\"og:locale\" content=\"fr_FR\" \/>\n<meta property=\"og:type\" content=\"article\" \/>\n<meta property=\"og:title\" content=\"D\u00e9couvrez Majorque : un s\u00e9jour 4\u2b50\ufe0f avec plage et d\u00e9tente au\" \/>\n<meta property=\"og:description\" content=\"Majorque, perle des Bal\u00e9ares, s\u00e9duit par ses plages de sable fin et ses eaux turquoise. Imaginez-vous, install\u00e9 sur une chaise longue, un cocktail \u00e0 la\" \/>\n<meta property=\"og:url\" content=\"https:\/\/voyage-aventure.com\/blog\/a-la-une\/decouvrez-majorque-un-sejour-4\u2b50\ufe0f-avec-plage-et-detente-au-rendez-vous\/\" \/>\n<meta property=\"og:site_name\" content=\"voyage-aventure\" \/>\n<meta property=\"og:image\" content=\"https:\/\/voyage-aventure.com\/blog\/wp-content\/uploads\/2025\/05\/sdxl-12b90c2c8720bd95f354c90a42df5bcf-scaled.png\" \/>\n\t<meta property=\"og:image:width\" content=\"1200\" \/>\n\t<meta property=\"og:image:height\" content=\"500\" \/>\n\t<meta property=\"og:image:type\" content=\"image\/png\" \/>\n<meta name=\"author\" content=\"Camille Rouvray\" \/>\n<meta name=\"twitter:card\" content=\"summary_large_image\" \/>\n<script type=\"application\/ld+json\" class=\"yoast-schema-graph\">{\"@context\":\"https:\/\/schema.org\",\"@graph\":[{\"@type\":\"NewsArticle\",\"@id\":\"https:\/\/voyage-aventure.com\/blog\/a-la-une\/decouvrez-majorque-un-sejour-4%e2%ad%90%ef%b8%8f-avec-plage-et-detente-au-rendez-vous\/#article\",\"isPartOf\":{\"@id\":\"https:\/\/voyage-aventure.com\/blog\/a-la-une\/decouvrez-majorque-un-sejour-4%e2%ad%90%ef%b8%8f-avec-plage-et-detente-au-rendez-vous\/\"},\"author\":{\"name\":\"Camille Rouvray\",\"@id\":\"https:\/\/voyage-aventure.com\/blog\/#\/schema\/person\/3c864cdc320801e3db34b663e7e3f816\"},\"headline\":\"D\u00e9couvrez Majorque : un s\u00e9jour 4\u2b50\ufe0f avec plage et d\u00e9tente au rendez-vous\",\"datePublished\":\"2025-05-07T15:41:28+00:00\",\"mainEntityOfPage\":{\"@id\":\"https:\/\/voyage-aventure.com\/blog\/a-la-une\/decouvrez-majorque-un-sejour-4%e2%ad%90%ef%b8%8f-avec-plage-et-detente-au-rendez-vous\/\"},\"wordCount\":513,\"commentCount\":25,\"publisher\":{\"@id\":\"https:\/\/voyage-aventure.com\/blog\/#organization\"},\"image\":{\"@id\":\"https:\/\/voyage-aventure.com\/blog\/a-la-une\/decouvrez-majorque-un-sejour-4%e2%ad%90%ef%b8%8f-avec-plage-et-detente-au-rendez-vous\/#primaryimage\"},\"thumbnailUrl\":\"https:\/\/voyage-aventure.com\/blog\/wp-content\/uploads\/2025\/05\/sdxl-12b90c2c8720bd95f354c90a42df5bcf-scaled.png\",\"keywords\":[\"Activit\u00e9s Vari\u00e9es\",\"D\u00e9couverte Culturelle\",\"Escapade en Europe\",\"Gastronomie Locale\",\"H\u00e9bergement Abordable\"],\"articleSection\":[\"\u00c0 la une\"],\"inLanguage\":\"fr-FR\",\"potentialAction\":[{\"@type\":\"CommentAction\",\"name\":\"Comment\",\"target\":[\"https:\/\/voyage-aventure.com\/blog\/a-la-une\/decouvrez-majorque-un-sejour-4%e2%ad%90%ef%b8%8f-avec-plage-et-detente-au-rendez-vous\/#respond\"]}]},{\"@type\":\"WebPage\",\"@id\":\"https:\/\/voyage-aventure.com\/blog\/a-la-une\/decouvrez-majorque-un-sejour-4%e2%ad%90%ef%b8%8f-avec-plage-et-detente-au-rendez-vous\/\",\"url\":\"https:\/\/voyage-aventure.com\/blog\/a-la-une\/decouvrez-majorque-un-sejour-4%e2%ad%90%ef%b8%8f-avec-plage-et-detente-au-rendez-vous\/\",\"name\":\"D\u00e9couvrez Majorque : un s\u00e9jour 4\u2b50\ufe0f avec plage et d\u00e9tente au\",\"isPartOf\":{\"@id\":\"https:\/\/voyage-aventure.com\/blog\/#website\"},\"primaryImageOfPage\":{\"@id\":\"https:\/\/voyage-aventure.com\/blog\/a-la-une\/decouvrez-majorque-un-sejour-4%e2%ad%90%ef%b8%8f-avec-plage-et-detente-au-rendez-vous\/#primaryimage\"},\"image\":{\"@id\":\"https:\/\/voyage-aventure.com\/blog\/a-la-une\/decouvrez-majorque-un-sejour-4%e2%ad%90%ef%b8%8f-avec-plage-et-detente-au-rendez-vous\/#primaryimage\"},\"thumbnailUrl\":\"https:\/\/voyage-aventure.com\/blog\/wp-content\/uploads\/2025\/05\/sdxl-12b90c2c8720bd95f354c90a42df5bcf-scaled.png\",\"datePublished\":\"2025-05-07T15:41:28+00:00\",\"description\":\"Majorque, perle des Bal\u00e9ares, s\u00e9duit par ses plages de sable fin et ses eaux turquoise. Imaginez-vous, install\u00e9 sur une chaise longue, un cocktail \u00e0 la\",\"inLanguage\":\"fr-FR\",\"potentialAction\":[{\"@type\":\"ReadAction\",\"target\":[\"https:\/\/voyage-aventure.com\/blog\/a-la-une\/decouvrez-majorque-un-sejour-4%e2%ad%90%ef%b8%8f-avec-plage-et-detente-au-rendez-vous\/\"]}]},{\"@type\":\"ImageObject\",\"inLanguage\":\"fr-FR\",\"@id\":\"https:\/\/voyage-aventure.com\/blog\/a-la-une\/decouvrez-majorque-un-sejour-4%e2%ad%90%ef%b8%8f-avec-plage-et-detente-au-rendez-vous\/#primaryimage\",\"url\":\"https:\/\/voyage-aventure.com\/blog\/wp-content\/uploads\/2025\/05\/sdxl-12b90c2c8720bd95f354c90a42df5bcf-scaled.png\",\"contentUrl\":\"https:\/\/voyage-aventure.com\/blog\/wp-content\/uploads\/2025\/05\/sdxl-12b90c2c8720bd95f354c90a42df5bcf-scaled.png\",\"width\":1200,\"height\":500},{\"@type\":\"WebSite\",\"@id\":\"https:\/\/voyage-aventure.com\/blog\/#website\",\"url\":\"https:\/\/voyage-aventure.com\/blog\/\",\"name\":\"voyage-aventure.com\",\"description\":\"Votre passeport pour l\u2019inattendu.\",\"publisher\":{\"@id\":\"https:\/\/voyage-aventure.com\/blog\/#organization\"},\"alternateName\":\"Votre passeport pour l\u2019inattendu.\",\"potentialAction\":[{\"@type\":\"SearchAction\",\"target\":{\"@type\":\"EntryPoint\",\"urlTemplate\":\"https:\/\/voyage-aventure.com\/blog\/?s={search_term_string}\"},\"query-input\":{\"@type\":\"PropertyValueSpecification\",\"valueRequired\":true,\"valueName\":\"search_term_string\"}}],\"inLanguage\":\"fr-FR\"},{\"@type\":\"Organization\",\"@id\":\"https:\/\/voyage-aventure.com\/blog\/#organization\",\"name\":\"Foretsensations.fr\",\"url\":\"https:\/\/voyage-aventure.com\/blog\/\",\"logo\":{\"@type\":\"ImageObject\",\"inLanguage\":\"fr-FR\",\"@id\":\"https:\/\/voyage-aventure.com\/blog\/#\/schema\/logo\/image\/\",\"url\":\"https:\/\/voyage-aventure.com\/blog\/wp-content\/uploads\/2024\/12\/19.png\",\"contentUrl\":\"https:\/\/voyage-aventure.com\/blog\/wp-content\/uploads\/2024\/12\/19.png\",\"width\":512,\"height\":512,\"caption\":\"Foretsensations.fr\"},\"image\":{\"@id\":\"https:\/\/voyage-aventure.com\/blog\/#\/schema\/logo\/image\/\"}},{\"@type\":\"Person\",\"@id\":\"https:\/\/voyage-aventure.com\/blog\/#\/schema\/person\/3c864cdc320801e3db34b663e7e3f816\",\"name\":\"Camille Rouvray\",\"image\":{\"@type\":\"ImageObject\",\"inLanguage\":\"fr-FR\",\"@id\":\"https:\/\/voyage-aventure.com\/blog\/#\/schema\/person\/image\/\",\"url\":\"https:\/\/voyage-aventure.com\/blog\/wp-content\/uploads\/2026\/06\/persona_camille-r-96x96.jpg\",\"contentUrl\":\"https:\/\/voyage-aventure.com\/blog\/wp-content\/uploads\/2026\/06\/persona_camille-r-96x96.jpg\",\"caption\":\"Camille Rouvray\"},\"description\":\"Je voyage et j'\u00e9cris sur le voyage depuis une douzaine d'ann\u00e9es, d'abord en tant que routarde au long cours, puis comme r\u00e9dactrice sp\u00e9cialis\u00e9e. Mon terrain de pr\u00e9dilection, ce sont les circuits organis\u00e9s et l'art de bien pr\u00e9parer un itin\u00e9raire : choix de la saison, dur\u00e9e r\u00e9aliste des \u00e9tapes, budget jour par jour, logement et transport sur place. J'aime aussi raconter les p\u00e9pites urbaines, ces adresses qu'on ne trouve pas dans les guides classiques. Avant de publier un dossier destination, je croise toujours plusieurs sources, je v\u00e9rifie les tarifs et les formalit\u00e9s d'entr\u00e9e \u00e0 jour, et je teste moi-m\u00eame quand je le peux. Mon angle reste pratique avant tout : aider le lecteur \u00e0 partir l'esprit tranquille, sans mauvaise surprise une fois sur place. Je m'attache \u00e0 distinguer le coup de c\u0153ur sinc\u00e8re du simple argument marketing.\",\"sameAs\":[\"https:\/\/camillerouvray.fr\/\"],\"url\":\"https:\/\/voyage-aventure.com\/blog\/auteur\/noname\/\"}]}<\/script>\n<!-- \/ Yoast SEO Premium plugin. -->","yoast_head_json":{"title":"D\u00e9couvrez Majorque : un s\u00e9jour 4\u2b50\ufe0f avec plage et d\u00e9tente au","description":"Majorque, perle des Bal\u00e9ares, s\u00e9duit par ses plages de sable fin et ses eaux turquoise. Imaginez-vous, install\u00e9 sur une chaise longue, un cocktail \u00e0 la","robots":{"index":"index","follow":"follow","max-snippet":"max-snippet:-1","max-image-preview":"max-image-preview:large","max-video-preview":"max-video-preview:-1"},"canonical":"https:\/\/voyage-aventure.com\/blog\/a-la-une\/decouvrez-majorque-un-sejour-4\u2b50\ufe0f-avec-plage-et-detente-au-rendez-vous\/","og_locale":"fr_FR","og_type":"article","og_title":"D\u00e9couvrez Majorque : un s\u00e9jour 4\u2b50\ufe0f avec plage et d\u00e9tente au","og_description":"Majorque, perle des Bal\u00e9ares, s\u00e9duit par ses plages de sable fin et ses eaux turquoise. Imaginez-vous, install\u00e9 sur une chaise longue, un cocktail \u00e0 la","og_url":"https:\/\/voyage-aventure.com\/blog\/a-la-une\/decouvrez-majorque-un-sejour-4\u2b50\ufe0f-avec-plage-et-detente-au-rendez-vous\/","og_site_name":"voyage-aventure","og_image":[{"width":1200,"height":500,"url":"https:\/\/voyage-aventure.com\/blog\/wp-content\/uploads\/2025\/05\/sdxl-12b90c2c8720bd95f354c90a42df5bcf-scaled.png","type":"image\/png"}],"author":"Camille Rouvray","twitter_card":"summary_large_image","schema":{"@context":"https:\/\/schema.org","@graph":[{"@type":"NewsArticle","@id":"https:\/\/voyage-aventure.com\/blog\/a-la-une\/decouvrez-majorque-un-sejour-4%e2%ad%90%ef%b8%8f-avec-plage-et-detente-au-rendez-vous\/#article","isPartOf":{"@id":"https:\/\/voyage-aventure.com\/blog\/a-la-une\/decouvrez-majorque-un-sejour-4%e2%ad%90%ef%b8%8f-avec-plage-et-detente-au-rendez-vous\/"},"author":{"name":"Camille Rouvray","@id":"https:\/\/voyage-aventure.com\/blog\/#\/schema\/person\/3c864cdc320801e3db34b663e7e3f816"},"headline":"D\u00e9couvrez Majorque : un s\u00e9jour 4\u2b50\ufe0f avec plage et d\u00e9tente au rendez-vous","datePublished":"2025-05-07T15:41:28+00:00","mainEntityOfPage":{"@id":"https:\/\/voyage-aventure.com\/blog\/a-la-une\/decouvrez-majorque-un-sejour-4%e2%ad%90%ef%b8%8f-avec-plage-et-detente-au-rendez-vous\/"},"wordCount":513,"commentCount":25,"publisher":{"@id":"https:\/\/voyage-aventure.com\/blog\/#organization"},"image":{"@id":"https:\/\/voyage-aventure.com\/blog\/a-la-une\/decouvrez-majorque-un-sejour-4%e2%ad%90%ef%b8%8f-avec-plage-et-detente-au-rendez-vous\/#primaryimage"},"thumbnailUrl":"https:\/\/voyage-aventure.com\/blog\/wp-content\/uploads\/2025\/05\/sdxl-12b90c2c8720bd95f354c90a42df5bcf-scaled.png","keywords":["Activit\u00e9s Vari\u00e9es","D\u00e9couverte Culturelle","Escapade en Europe","Gastronomie Locale","H\u00e9bergement Abordable"],"articleSection":["\u00c0 la une"],"inLanguage":"fr-FR","potentialAction":[{"@type":"CommentAction","name":"Comment","target":["https:\/\/voyage-aventure.com\/blog\/a-la-une\/decouvrez-majorque-un-sejour-4%e2%ad%90%ef%b8%8f-avec-plage-et-detente-au-rendez-vous\/#respond"]}]},{"@type":"WebPage","@id":"https:\/\/voyage-aventure.com\/blog\/a-la-une\/decouvrez-majorque-un-sejour-4%e2%ad%90%ef%b8%8f-avec-plage-et-detente-au-rendez-vous\/","url":"https:\/\/voyage-aventure.com\/blog\/a-la-une\/decouvrez-majorque-un-sejour-4%e2%ad%90%ef%b8%8f-avec-plage-et-detente-au-rendez-vous\/","name":"D\u00e9couvrez Majorque : un s\u00e9jour 4\u2b50\ufe0f avec plage et d\u00e9tente au","isPartOf":{"@id":"https:\/\/voyage-aventure.com\/blog\/#website"},"primaryImageOfPage":{"@id":"https:\/\/voyage-aventure.com\/blog\/a-la-une\/decouvrez-majorque-un-sejour-4%e2%ad%90%ef%b8%8f-avec-plage-et-detente-au-rendez-vous\/#primaryimage"},"image":{"@id":"https:\/\/voyage-aventure.com\/blog\/a-la-une\/decouvrez-majorque-un-sejour-4%e2%ad%90%ef%b8%8f-avec-plage-et-detente-au-rendez-vous\/#primaryimage"},"thumbnailUrl":"https:\/\/voyage-aventure.com\/blog\/wp-content\/uploads\/2025\/05\/sdxl-12b90c2c8720bd95f354c90a42df5bcf-scaled.png","datePublished":"2025-05-07T15:41:28+00:00","description":"Majorque, perle des Bal\u00e9ares, s\u00e9duit par ses plages de sable fin et ses eaux turquoise. Imaginez-vous, install\u00e9 sur une chaise longue, un cocktail \u00e0 la","inLanguage":"fr-FR","potentialAction":[{"@type":"ReadAction","target":["https:\/\/voyage-aventure.com\/blog\/a-la-une\/decouvrez-majorque-un-sejour-4%e2%ad%90%ef%b8%8f-avec-plage-et-detente-au-rendez-vous\/"]}]},{"@type":"ImageObject","inLanguage":"fr-FR","@id":"https:\/\/voyage-aventure.com\/blog\/a-la-une\/decouvrez-majorque-un-sejour-4%e2%ad%90%ef%b8%8f-avec-plage-et-detente-au-rendez-vous\/#primaryimage","url":"https:\/\/voyage-aventure.com\/blog\/wp-content\/uploads\/2025\/05\/sdxl-12b90c2c8720bd95f354c90a42df5bcf-scaled.png","contentUrl":"https:\/\/voyage-aventure.com\/blog\/wp-content\/uploads\/2025\/05\/sdxl-12b90c2c8720bd95f354c90a42df5bcf-scaled.png","width":1200,"height":500},{"@type":"WebSite","@id":"https:\/\/voyage-aventure.com\/blog\/#website","url":"https:\/\/voyage-aventure.com\/blog\/","name":"voyage-aventure.com","description":"Votre passeport pour l\u2019inattendu.","publisher":{"@id":"https:\/\/voyage-aventure.com\/blog\/#organization"},"alternateName":"Votre passeport pour l\u2019inattendu.","potentialAction":[{"@type":"SearchAction","target":{"@type":"EntryPoint","urlTemplate":"https:\/\/voyage-aventure.com\/blog\/?s={search_term_string}"},"query-input":{"@type":"PropertyValueSpecification","valueRequired":true,"valueName":"search_term_string"}}],"inLanguage":"fr-FR"},{"@type":"Organization","@id":"https:\/\/voyage-aventure.com\/blog\/#organization","name":"Foretsensations.fr","url":"https:\/\/voyage-aventure.com\/blog\/","logo":{"@type":"ImageObject","inLanguage":"fr-FR","@id":"https:\/\/voyage-aventure.com\/blog\/#\/schema\/logo\/image\/","url":"https:\/\/voyage-aventure.com\/blog\/wp-content\/uploads\/2024\/12\/19.png","contentUrl":"https:\/\/voyage-aventure.com\/blog\/wp-content\/uploads\/2024\/12\/19.png","width":512,"height":512,"caption":"Foretsensations.fr"},"image":{"@id":"https:\/\/voyage-aventure.com\/blog\/#\/schema\/logo\/image\/"}},{"@type":"Person","@id":"https:\/\/voyage-aventure.com\/blog\/#\/schema\/person\/3c864cdc320801e3db34b663e7e3f816","name":"Camille Rouvray","image":{"@type":"ImageObject","inLanguage":"fr-FR","@id":"https:\/\/voyage-aventure.com\/blog\/#\/schema\/person\/image\/","url":"https:\/\/voyage-aventure.com\/blog\/wp-content\/uploads\/2026\/06\/persona_camille-r-96x96.jpg","contentUrl":"https:\/\/voyage-aventure.com\/blog\/wp-content\/uploads\/2026\/06\/persona_camille-r-96x96.jpg","caption":"Camille Rouvray"},"description":"Je voyage et j'\u00e9cris sur le voyage depuis une douzaine d'ann\u00e9es, d'abord en tant que routarde au long cours, puis comme r\u00e9dactrice sp\u00e9cialis\u00e9e. Mon terrain de pr\u00e9dilection, ce sont les circuits organis\u00e9s et l'art de bien pr\u00e9parer un itin\u00e9raire : choix de la saison, dur\u00e9e r\u00e9aliste des \u00e9tapes, budget jour par jour, logement et transport sur place. J'aime aussi raconter les p\u00e9pites urbaines, ces adresses qu'on ne trouve pas dans les guides classiques. Avant de publier un dossier destination, je croise toujours plusieurs sources, je v\u00e9rifie les tarifs et les formalit\u00e9s d'entr\u00e9e \u00e0 jour, et je teste moi-m\u00eame quand je le peux. Mon angle reste pratique avant tout : aider le lecteur \u00e0 partir l'esprit tranquille, sans mauvaise surprise une fois sur place. Je m'attache \u00e0 distinguer le coup de c\u0153ur sinc\u00e8re du simple argument marketing.","sameAs":["https:\/\/camillerouvray.fr\/"],"url":"https:\/\/voyage-aventure.com\/blog\/auteur\/noname\/"}]}},"_links":{"self":[{"href":"https:\/\/voyage-aventure.com\/blog\/wp-json\/wp\/v2\/posts\/20186","targetHints":{"allow":["GET"]}}],"collection":[{"href":"https:\/\/voyage-aventure.com\/blog\/wp-json\/wp\/v2\/posts"}],"about":[{"href":"https:\/\/voyage-aventure.com\/blog\/wp-json\/wp\/v2\/types\/post"}],"author":[{"embeddable":true,"href":"https:\/\/voyage-aventure.com\/blog\/wp-json\/wp\/v2\/users\/34"}],"replies":[{"embeddable":true,"href":"https:\/\/voyage-aventure.com\/blog\/wp-json\/wp\/v2\/comments?post=20186"}],"version-history":[{"count":1,"href":"https:\/\/voyage-aventure.com\/blog\/wp-json\/wp\/v2\/posts\/20186\/revisions"}],"predecessor-version":[{"id":20187,"href":"https:\/\/voyage-aventure.com\/blog\/wp-json\/wp\/v2\/posts\/20186\/revisions\/20187"}],"wp:featuredmedia":[{"embeddable":true,"href":"https:\/\/voyage-aventure.com\/blog\/wp-json\/wp\/v2\/media\/20196"}],"wp:attachment":[{"href":"https:\/\/voyage-aventure.com\/blog\/wp-json\/wp\/v2\/media?parent=20186"}],"wp:term":[{"taxonomy":"category","embeddable":true,"href":"https:\/\/voyage-aventure.com\/blog\/wp-json\/wp\/v2\/categories?post=20186"},{"taxonomy":"post_tag","embeddable":true,"href":"https:\/\/voyage-aventure.com\/blog\/wp-json\/wp\/v2\/tags?post=20186"}],"curies":[{"name":"wp","href":"https:\/\/api.w.org\/{rel}","templated":true}]}}