{"id":19984,"date":"2025-05-06T13:50:47","date_gmt":"2025-05-06T11:50:47","guid":{"rendered":"https:\/\/voyage-aventure.com\/blog\/a-la-une\/partez-a-ibiza-pour-des-vacances-tout-inclus-a-prix-mini-et-soleil-garanti\/"},"modified":"2025-05-06T13:50:47","modified_gmt":"2025-05-06T11:50:47","slug":"partez-a-ibiza-pour-des-vacances-tout-inclus-a-prix-mini-et-soleil-garanti","status":"publish","type":"post","link":"https:\/\/voyage-aventure.com\/blog\/a-la-une\/partez-a-ibiza-pour-des-vacances-tout-inclus-a-prix-mini-et-soleil-garanti\/","title":{"rendered":"Partez \u00e0 Ibiza pour des vacances tout inclus \u00e0 prix mini et soleil garanti !"},"content":{"rendered":"<h2>D\u00e9couvrez Ibiza, l&rsquo;\u00eele du bonheur<\/h2>\n<p>Ibiza, c\u00e9l\u00e8bre pour ses plages paradisiaques et son ambiance festive, offre un cadre enchanteur pour des vacances inoubliables. Avec ses criques turquoise et ses paysages \u00e0 couper le souffle, cette \u00eele des Bal\u00e9ares attire des voyageurs du monde entier, d\u00e9sireux de se ressourcer et de profiter du soleil. Que vous soyez en couple, en famille ou entre amis, Ibiza a tout pour plaire.<\/p>\n<p>En optant pour un s\u00e9jour tout inclus, vous n&rsquo;aurez pas \u00e0 vous soucier des petits tracas du quotidien. Imaginez-vous dans un h\u00f4tel 3 \u00e9toiles, \u00e0 quelques pas de la plage, o\u00f9 les buffets savoureux et les activit\u00e9s ludiques rythment votre s\u00e9jour. Pour moins de 400\u20ac par personne, vous pouvez vivre cette exp\u00e9rience unique et recharger vos batteries au soleil.<\/p>\n<p><iframe loading=\"lazy\" title=\"\ud83d\udd0d The Draycott Murder Mystery \ud83d\udd75\ufe0f\u200d\u2642\ufe0f | A Classic Detective Thriller by Molly Thynne \ud83c\udfad\" width=\"1200\" height=\"675\" src=\"https:\/\/www.youtube.com\/embed\/uCzj8WrEw0M?feature=oembed\" frameborder=\"0\" allow=\"accelerometer; autoplay; clipboard-write; encrypted-media; gyroscope; picture-in-picture; web-share\" referrerpolicy=\"strict-origin-when-cross-origin\" allowfullscreen><\/iframe><\/p>\n<h2>Les avantages d\u2019un s\u00e9jour tout inclus<\/h2>\n<p>Le concept tout inclus pr\u00e9sente de nombreux atouts pour les vacanciers. Tout d&rsquo;abord, il vous permet de profiter d&rsquo;un large \u00e9ventail de services sans avoir \u00e0 vous pr\u00e9occuper de votre budget au quotidien. Que ce soit pour les repas, les boissons ou les animations, tout est compris, vous permettant de vous concentrer sur votre d\u00e9tente et votre plaisir.<\/p>\n<p>De plus, les s\u00e9jours tout inclus sont souvent plus \u00e9conomiques que les formules traditionnelles. En r\u00e9servant \u00e0 l&rsquo;avance, vous pouvez b\u00e9n\u00e9ficier d&rsquo;offres int\u00e9ressantes, incluant les vols et les transferts. Cela vous donne la libert\u00e9 d&rsquo;explorer les diff\u00e9rentes facettes d&rsquo;Ibiza sans contraintes financi\u00e8res.<\/p>\n<h2>Activit\u00e9s et d\u00e9couvertes \u00e0 Ibiza<\/h2>\n<p>Ibiza ne se r\u00e9sume pas seulement \u00e0 ses plages et \u00e0 sa vie nocturne. L&rsquo;\u00eele regorge d&rsquo;activit\u00e9s pour tous les go\u00fbts. Vous pouvez vous adonner \u00e0 des sports nautiques, d\u00e9couvrir des villages pittoresques ou encore d\u00e9guster des tapas dans des restaurants locaux. Les march\u00e9s artisanaux sont \u00e9galement une excellente fa\u00e7on de s&rsquo;immerger dans la culture ibizienne.<\/p>\n<p>Pour ceux qui souhaitent explorer davantage, une excursion vers les \u00eeles voisines est \u00e0 ne pas manquer. La beaut\u00e9 naturelle de Formentera, avec ses plages idylliques, offre une escapade parfaite. En fin de journ\u00e9e, savourez un coucher de soleil spectaculaire au bord de la mer, une exp\u00e9rience qui restera grav\u00e9e dans votre m\u00e9moire.<\/p>\n<blockquote><p>\n    \u00ab Les vacances \u00e0 Ibiza sont un m\u00e9lange parfait de d\u00e9tente, de d\u00e9couvertes et de moments inoubliables entre amis. \u00bb\n<\/p><\/blockquote>\n<ul>\n<li>H\u00f4tel Occidental Ibiza 3*<\/li>\n<li>Formule tout inclus avec repas et boissons<\/li>\n<li>Piscines adapt\u00e9es \u00e0 tous les \u00e2ges<\/li>\n<li>Animations vari\u00e9es tout au long de la journ\u00e9e<\/li>\n<li>Proximit\u00e9 de la plage<\/li>\n<li>Facilit\u00e9s de paiement adapt\u00e9es \u00e0 tous les budgets<\/li>\n<li>Wifi gratuit pour rester connect\u00e9<\/li>\n<li>Climatisation et confort moderne<\/li>\n<\/ul>\n<p>Les vacances \u00e0 Ibiza repr\u00e9sentent une occasion parfaite pour se d\u00e9connecter du quotidien tout en profitant d&rsquo;un cadre idyllique. Que vous soyez amateur de farniente ou en qu\u00eate d&rsquo;aventure, l&rsquo;\u00eele a de quoi satisfaire toutes vos envies. Alors, n&rsquo;attendez plus pour r\u00e9server votre s\u00e9jour et vivre des moments m\u00e9morables sous le soleil ibizien.<\/p>\n","protected":false},"excerpt":{"rendered":"","protected":false},"author":34,"featured_media":20202,"comment_status":"open","ping_status":"open","sticky":false,"template":"","format":"standard","meta":{"_acf_changed":false,"manual_indexmenow":false,"indexmenow_id_project":0,"footnotes":""},"categories":[1],"tags":[4537,4530,4535,4528,4526],"class_list":["post-19984","post","type-post","status-publish","format-standard","has-post-thumbnail","hentry","category-a-la-une","tag-activites-nautiques","tag-escapade-en-europe","tag-gastronomie-locale","tag-hebergement-abordable","tag-voyage-economique","generate-columns","tablet-grid-50","mobile-grid-100","grid-parent","grid-25"],"acf":[],"yoast_head":"<!-- This site is optimized with the Yoast SEO Premium plugin v21.3 (Yoast SEO v25.1) - https:\/\/yoast.com\/wordpress\/plugins\/seo\/ -->\n<title>Partez \u00e0 Ibiza pour des vacances tout inclus \u00e0 prix mini et<\/title>\n<meta name=\"description\" content=\"Ibiza, c\u00e9l\u00e8bre pour ses plages paradisiaques et son ambiance festive, offre un cadre enchanteur pour des vacances inoubliables. Avec ses criques turquoise\" \/>\n<meta name=\"robots\" content=\"index, follow, max-snippet:-1, max-image-preview:large, max-video-preview:-1\" \/>\n<link rel=\"canonical\" href=\"https:\/\/voyage-aventure.com\/blog\/a-la-une\/partez-a-ibiza-pour-des-vacances-tout-inclus-a-prix-mini-et-soleil-garanti\/\" \/>\n<meta property=\"og:locale\" content=\"fr_FR\" \/>\n<meta property=\"og:type\" content=\"article\" \/>\n<meta property=\"og:title\" content=\"Partez \u00e0 Ibiza pour des vacances tout inclus \u00e0 prix mini et\" \/>\n<meta property=\"og:description\" content=\"Ibiza, c\u00e9l\u00e8bre pour ses plages paradisiaques et son ambiance festive, offre un cadre enchanteur pour des vacances inoubliables. Avec ses criques turquoise\" \/>\n<meta property=\"og:url\" content=\"https:\/\/voyage-aventure.com\/blog\/a-la-une\/partez-a-ibiza-pour-des-vacances-tout-inclus-a-prix-mini-et-soleil-garanti\/\" \/>\n<meta property=\"og:site_name\" content=\"voyage-aventure\" \/>\n<meta property=\"og:image\" content=\"https:\/\/voyage-aventure.com\/blog\/wp-content\/uploads\/2025\/05\/sdxl-94d1122a1561e0db78b96e9b073922a1-scaled.png\" \/>\n\t<meta property=\"og:image:width\" content=\"1200\" \/>\n\t<meta property=\"og:image:height\" content=\"500\" \/>\n\t<meta property=\"og:image:type\" content=\"image\/png\" \/>\n<meta name=\"author\" content=\"Camille Rouvray\" \/>\n<meta name=\"twitter:card\" content=\"summary_large_image\" \/>\n<script type=\"application\/ld+json\" class=\"yoast-schema-graph\">{\"@context\":\"https:\/\/schema.org\",\"@graph\":[{\"@type\":\"NewsArticle\",\"@id\":\"https:\/\/voyage-aventure.com\/blog\/a-la-une\/partez-a-ibiza-pour-des-vacances-tout-inclus-a-prix-mini-et-soleil-garanti\/#article\",\"isPartOf\":{\"@id\":\"https:\/\/voyage-aventure.com\/blog\/a-la-une\/partez-a-ibiza-pour-des-vacances-tout-inclus-a-prix-mini-et-soleil-garanti\/\"},\"author\":{\"name\":\"Camille Rouvray\",\"@id\":\"https:\/\/voyage-aventure.com\/blog\/#\/schema\/person\/3c864cdc320801e3db34b663e7e3f816\"},\"headline\":\"Partez \u00e0 Ibiza pour des vacances tout inclus \u00e0 prix mini et soleil garanti !\",\"datePublished\":\"2025-05-06T11:50:47+00:00\",\"mainEntityOfPage\":{\"@id\":\"https:\/\/voyage-aventure.com\/blog\/a-la-une\/partez-a-ibiza-pour-des-vacances-tout-inclus-a-prix-mini-et-soleil-garanti\/\"},\"wordCount\":530,\"commentCount\":22,\"publisher\":{\"@id\":\"https:\/\/voyage-aventure.com\/blog\/#organization\"},\"image\":{\"@id\":\"https:\/\/voyage-aventure.com\/blog\/a-la-une\/partez-a-ibiza-pour-des-vacances-tout-inclus-a-prix-mini-et-soleil-garanti\/#primaryimage\"},\"thumbnailUrl\":\"https:\/\/voyage-aventure.com\/blog\/wp-content\/uploads\/2025\/05\/sdxl-94d1122a1561e0db78b96e9b073922a1-scaled.png\",\"keywords\":[\"Activit\u00e9s Nautiques\",\"Escapade en Europe\",\"Gastronomie Locale\",\"H\u00e9bergement Abordable\",\"Voyage \u00c9conomique\"],\"articleSection\":[\"\u00c0 la une\"],\"inLanguage\":\"fr-FR\",\"potentialAction\":[{\"@type\":\"CommentAction\",\"name\":\"Comment\",\"target\":[\"https:\/\/voyage-aventure.com\/blog\/a-la-une\/partez-a-ibiza-pour-des-vacances-tout-inclus-a-prix-mini-et-soleil-garanti\/#respond\"]}]},{\"@type\":\"WebPage\",\"@id\":\"https:\/\/voyage-aventure.com\/blog\/a-la-une\/partez-a-ibiza-pour-des-vacances-tout-inclus-a-prix-mini-et-soleil-garanti\/\",\"url\":\"https:\/\/voyage-aventure.com\/blog\/a-la-une\/partez-a-ibiza-pour-des-vacances-tout-inclus-a-prix-mini-et-soleil-garanti\/\",\"name\":\"Partez \u00e0 Ibiza pour des vacances tout inclus \u00e0 prix mini et\",\"isPartOf\":{\"@id\":\"https:\/\/voyage-aventure.com\/blog\/#website\"},\"primaryImageOfPage\":{\"@id\":\"https:\/\/voyage-aventure.com\/blog\/a-la-une\/partez-a-ibiza-pour-des-vacances-tout-inclus-a-prix-mini-et-soleil-garanti\/#primaryimage\"},\"image\":{\"@id\":\"https:\/\/voyage-aventure.com\/blog\/a-la-une\/partez-a-ibiza-pour-des-vacances-tout-inclus-a-prix-mini-et-soleil-garanti\/#primaryimage\"},\"thumbnailUrl\":\"https:\/\/voyage-aventure.com\/blog\/wp-content\/uploads\/2025\/05\/sdxl-94d1122a1561e0db78b96e9b073922a1-scaled.png\",\"datePublished\":\"2025-05-06T11:50:47+00:00\",\"description\":\"Ibiza, c\u00e9l\u00e8bre pour ses plages paradisiaques et son ambiance festive, offre un cadre enchanteur pour des vacances inoubliables. Avec ses criques turquoise\",\"inLanguage\":\"fr-FR\",\"potentialAction\":[{\"@type\":\"ReadAction\",\"target\":[\"https:\/\/voyage-aventure.com\/blog\/a-la-une\/partez-a-ibiza-pour-des-vacances-tout-inclus-a-prix-mini-et-soleil-garanti\/\"]}]},{\"@type\":\"ImageObject\",\"inLanguage\":\"fr-FR\",\"@id\":\"https:\/\/voyage-aventure.com\/blog\/a-la-une\/partez-a-ibiza-pour-des-vacances-tout-inclus-a-prix-mini-et-soleil-garanti\/#primaryimage\",\"url\":\"https:\/\/voyage-aventure.com\/blog\/wp-content\/uploads\/2025\/05\/sdxl-94d1122a1561e0db78b96e9b073922a1-scaled.png\",\"contentUrl\":\"https:\/\/voyage-aventure.com\/blog\/wp-content\/uploads\/2025\/05\/sdxl-94d1122a1561e0db78b96e9b073922a1-scaled.png\",\"width\":1200,\"height\":500},{\"@type\":\"WebSite\",\"@id\":\"https:\/\/voyage-aventure.com\/blog\/#website\",\"url\":\"https:\/\/voyage-aventure.com\/blog\/\",\"name\":\"voyage-aventure.com\",\"description\":\"Votre passeport pour l\u2019inattendu.\",\"publisher\":{\"@id\":\"https:\/\/voyage-aventure.com\/blog\/#organization\"},\"alternateName\":\"Votre passeport pour l\u2019inattendu.\",\"potentialAction\":[{\"@type\":\"SearchAction\",\"target\":{\"@type\":\"EntryPoint\",\"urlTemplate\":\"https:\/\/voyage-aventure.com\/blog\/?s={search_term_string}\"},\"query-input\":{\"@type\":\"PropertyValueSpecification\",\"valueRequired\":true,\"valueName\":\"search_term_string\"}}],\"inLanguage\":\"fr-FR\"},{\"@type\":\"Organization\",\"@id\":\"https:\/\/voyage-aventure.com\/blog\/#organization\",\"name\":\"Foretsensations.fr\",\"url\":\"https:\/\/voyage-aventure.com\/blog\/\",\"logo\":{\"@type\":\"ImageObject\",\"inLanguage\":\"fr-FR\",\"@id\":\"https:\/\/voyage-aventure.com\/blog\/#\/schema\/logo\/image\/\",\"url\":\"https:\/\/voyage-aventure.com\/blog\/wp-content\/uploads\/2024\/12\/19.png\",\"contentUrl\":\"https:\/\/voyage-aventure.com\/blog\/wp-content\/uploads\/2024\/12\/19.png\",\"width\":512,\"height\":512,\"caption\":\"Foretsensations.fr\"},\"image\":{\"@id\":\"https:\/\/voyage-aventure.com\/blog\/#\/schema\/logo\/image\/\"}},{\"@type\":\"Person\",\"@id\":\"https:\/\/voyage-aventure.com\/blog\/#\/schema\/person\/3c864cdc320801e3db34b663e7e3f816\",\"name\":\"Camille Rouvray\",\"image\":{\"@type\":\"ImageObject\",\"inLanguage\":\"fr-FR\",\"@id\":\"https:\/\/voyage-aventure.com\/blog\/#\/schema\/person\/image\/\",\"url\":\"https:\/\/voyage-aventure.com\/blog\/wp-content\/uploads\/2026\/06\/persona_camille-r-96x96.jpg\",\"contentUrl\":\"https:\/\/voyage-aventure.com\/blog\/wp-content\/uploads\/2026\/06\/persona_camille-r-96x96.jpg\",\"caption\":\"Camille Rouvray\"},\"description\":\"Je voyage et j'\u00e9cris sur le voyage depuis une douzaine d'ann\u00e9es, d'abord en tant que routarde au long cours, puis comme r\u00e9dactrice sp\u00e9cialis\u00e9e. Mon terrain de pr\u00e9dilection, ce sont les circuits organis\u00e9s et l'art de bien pr\u00e9parer un itin\u00e9raire : choix de la saison, dur\u00e9e r\u00e9aliste des \u00e9tapes, budget jour par jour, logement et transport sur place. J'aime aussi raconter les p\u00e9pites urbaines, ces adresses qu'on ne trouve pas dans les guides classiques. Avant de publier un dossier destination, je croise toujours plusieurs sources, je v\u00e9rifie les tarifs et les formalit\u00e9s d'entr\u00e9e \u00e0 jour, et je teste moi-m\u00eame quand je le peux. Mon angle reste pratique avant tout : aider le lecteur \u00e0 partir l'esprit tranquille, sans mauvaise surprise une fois sur place. Je m'attache \u00e0 distinguer le coup de c\u0153ur sinc\u00e8re du simple argument marketing.\",\"sameAs\":[\"https:\/\/camillerouvray.fr\/\"],\"url\":\"https:\/\/voyage-aventure.com\/blog\/auteur\/noname\/\"}]}<\/script>\n<!-- \/ Yoast SEO Premium plugin. -->","yoast_head_json":{"title":"Partez \u00e0 Ibiza pour des vacances tout inclus \u00e0 prix mini et","description":"Ibiza, c\u00e9l\u00e8bre pour ses plages paradisiaques et son ambiance festive, offre un cadre enchanteur pour des vacances inoubliables. Avec ses criques turquoise","robots":{"index":"index","follow":"follow","max-snippet":"max-snippet:-1","max-image-preview":"max-image-preview:large","max-video-preview":"max-video-preview:-1"},"canonical":"https:\/\/voyage-aventure.com\/blog\/a-la-une\/partez-a-ibiza-pour-des-vacances-tout-inclus-a-prix-mini-et-soleil-garanti\/","og_locale":"fr_FR","og_type":"article","og_title":"Partez \u00e0 Ibiza pour des vacances tout inclus \u00e0 prix mini et","og_description":"Ibiza, c\u00e9l\u00e8bre pour ses plages paradisiaques et son ambiance festive, offre un cadre enchanteur pour des vacances inoubliables. Avec ses criques turquoise","og_url":"https:\/\/voyage-aventure.com\/blog\/a-la-une\/partez-a-ibiza-pour-des-vacances-tout-inclus-a-prix-mini-et-soleil-garanti\/","og_site_name":"voyage-aventure","og_image":[{"width":1200,"height":500,"url":"https:\/\/voyage-aventure.com\/blog\/wp-content\/uploads\/2025\/05\/sdxl-94d1122a1561e0db78b96e9b073922a1-scaled.png","type":"image\/png"}],"author":"Camille Rouvray","twitter_card":"summary_large_image","schema":{"@context":"https:\/\/schema.org","@graph":[{"@type":"NewsArticle","@id":"https:\/\/voyage-aventure.com\/blog\/a-la-une\/partez-a-ibiza-pour-des-vacances-tout-inclus-a-prix-mini-et-soleil-garanti\/#article","isPartOf":{"@id":"https:\/\/voyage-aventure.com\/blog\/a-la-une\/partez-a-ibiza-pour-des-vacances-tout-inclus-a-prix-mini-et-soleil-garanti\/"},"author":{"name":"Camille Rouvray","@id":"https:\/\/voyage-aventure.com\/blog\/#\/schema\/person\/3c864cdc320801e3db34b663e7e3f816"},"headline":"Partez \u00e0 Ibiza pour des vacances tout inclus \u00e0 prix mini et soleil garanti !","datePublished":"2025-05-06T11:50:47+00:00","mainEntityOfPage":{"@id":"https:\/\/voyage-aventure.com\/blog\/a-la-une\/partez-a-ibiza-pour-des-vacances-tout-inclus-a-prix-mini-et-soleil-garanti\/"},"wordCount":530,"commentCount":22,"publisher":{"@id":"https:\/\/voyage-aventure.com\/blog\/#organization"},"image":{"@id":"https:\/\/voyage-aventure.com\/blog\/a-la-une\/partez-a-ibiza-pour-des-vacances-tout-inclus-a-prix-mini-et-soleil-garanti\/#primaryimage"},"thumbnailUrl":"https:\/\/voyage-aventure.com\/blog\/wp-content\/uploads\/2025\/05\/sdxl-94d1122a1561e0db78b96e9b073922a1-scaled.png","keywords":["Activit\u00e9s Nautiques","Escapade en Europe","Gastronomie Locale","H\u00e9bergement Abordable","Voyage \u00c9conomique"],"articleSection":["\u00c0 la une"],"inLanguage":"fr-FR","potentialAction":[{"@type":"CommentAction","name":"Comment","target":["https:\/\/voyage-aventure.com\/blog\/a-la-une\/partez-a-ibiza-pour-des-vacances-tout-inclus-a-prix-mini-et-soleil-garanti\/#respond"]}]},{"@type":"WebPage","@id":"https:\/\/voyage-aventure.com\/blog\/a-la-une\/partez-a-ibiza-pour-des-vacances-tout-inclus-a-prix-mini-et-soleil-garanti\/","url":"https:\/\/voyage-aventure.com\/blog\/a-la-une\/partez-a-ibiza-pour-des-vacances-tout-inclus-a-prix-mini-et-soleil-garanti\/","name":"Partez \u00e0 Ibiza pour des vacances tout inclus \u00e0 prix mini et","isPartOf":{"@id":"https:\/\/voyage-aventure.com\/blog\/#website"},"primaryImageOfPage":{"@id":"https:\/\/voyage-aventure.com\/blog\/a-la-une\/partez-a-ibiza-pour-des-vacances-tout-inclus-a-prix-mini-et-soleil-garanti\/#primaryimage"},"image":{"@id":"https:\/\/voyage-aventure.com\/blog\/a-la-une\/partez-a-ibiza-pour-des-vacances-tout-inclus-a-prix-mini-et-soleil-garanti\/#primaryimage"},"thumbnailUrl":"https:\/\/voyage-aventure.com\/blog\/wp-content\/uploads\/2025\/05\/sdxl-94d1122a1561e0db78b96e9b073922a1-scaled.png","datePublished":"2025-05-06T11:50:47+00:00","description":"Ibiza, c\u00e9l\u00e8bre pour ses plages paradisiaques et son ambiance festive, offre un cadre enchanteur pour des vacances inoubliables. Avec ses criques turquoise","inLanguage":"fr-FR","potentialAction":[{"@type":"ReadAction","target":["https:\/\/voyage-aventure.com\/blog\/a-la-une\/partez-a-ibiza-pour-des-vacances-tout-inclus-a-prix-mini-et-soleil-garanti\/"]}]},{"@type":"ImageObject","inLanguage":"fr-FR","@id":"https:\/\/voyage-aventure.com\/blog\/a-la-une\/partez-a-ibiza-pour-des-vacances-tout-inclus-a-prix-mini-et-soleil-garanti\/#primaryimage","url":"https:\/\/voyage-aventure.com\/blog\/wp-content\/uploads\/2025\/05\/sdxl-94d1122a1561e0db78b96e9b073922a1-scaled.png","contentUrl":"https:\/\/voyage-aventure.com\/blog\/wp-content\/uploads\/2025\/05\/sdxl-94d1122a1561e0db78b96e9b073922a1-scaled.png","width":1200,"height":500},{"@type":"WebSite","@id":"https:\/\/voyage-aventure.com\/blog\/#website","url":"https:\/\/voyage-aventure.com\/blog\/","name":"voyage-aventure.com","description":"Votre passeport pour l\u2019inattendu.","publisher":{"@id":"https:\/\/voyage-aventure.com\/blog\/#organization"},"alternateName":"Votre passeport pour l\u2019inattendu.","potentialAction":[{"@type":"SearchAction","target":{"@type":"EntryPoint","urlTemplate":"https:\/\/voyage-aventure.com\/blog\/?s={search_term_string}"},"query-input":{"@type":"PropertyValueSpecification","valueRequired":true,"valueName":"search_term_string"}}],"inLanguage":"fr-FR"},{"@type":"Organization","@id":"https:\/\/voyage-aventure.com\/blog\/#organization","name":"Foretsensations.fr","url":"https:\/\/voyage-aventure.com\/blog\/","logo":{"@type":"ImageObject","inLanguage":"fr-FR","@id":"https:\/\/voyage-aventure.com\/blog\/#\/schema\/logo\/image\/","url":"https:\/\/voyage-aventure.com\/blog\/wp-content\/uploads\/2024\/12\/19.png","contentUrl":"https:\/\/voyage-aventure.com\/blog\/wp-content\/uploads\/2024\/12\/19.png","width":512,"height":512,"caption":"Foretsensations.fr"},"image":{"@id":"https:\/\/voyage-aventure.com\/blog\/#\/schema\/logo\/image\/"}},{"@type":"Person","@id":"https:\/\/voyage-aventure.com\/blog\/#\/schema\/person\/3c864cdc320801e3db34b663e7e3f816","name":"Camille Rouvray","image":{"@type":"ImageObject","inLanguage":"fr-FR","@id":"https:\/\/voyage-aventure.com\/blog\/#\/schema\/person\/image\/","url":"https:\/\/voyage-aventure.com\/blog\/wp-content\/uploads\/2026\/06\/persona_camille-r-96x96.jpg","contentUrl":"https:\/\/voyage-aventure.com\/blog\/wp-content\/uploads\/2026\/06\/persona_camille-r-96x96.jpg","caption":"Camille Rouvray"},"description":"Je voyage et j'\u00e9cris sur le voyage depuis une douzaine d'ann\u00e9es, d'abord en tant que routarde au long cours, puis comme r\u00e9dactrice sp\u00e9cialis\u00e9e. Mon terrain de pr\u00e9dilection, ce sont les circuits organis\u00e9s et l'art de bien pr\u00e9parer un itin\u00e9raire : choix de la saison, dur\u00e9e r\u00e9aliste des \u00e9tapes, budget jour par jour, logement et transport sur place. J'aime aussi raconter les p\u00e9pites urbaines, ces adresses qu'on ne trouve pas dans les guides classiques. Avant de publier un dossier destination, je croise toujours plusieurs sources, je v\u00e9rifie les tarifs et les formalit\u00e9s d'entr\u00e9e \u00e0 jour, et je teste moi-m\u00eame quand je le peux. Mon angle reste pratique avant tout : aider le lecteur \u00e0 partir l'esprit tranquille, sans mauvaise surprise une fois sur place. Je m'attache \u00e0 distinguer le coup de c\u0153ur sinc\u00e8re du simple argument marketing.","sameAs":["https:\/\/camillerouvray.fr\/"],"url":"https:\/\/voyage-aventure.com\/blog\/auteur\/noname\/"}]}},"_links":{"self":[{"href":"https:\/\/voyage-aventure.com\/blog\/wp-json\/wp\/v2\/posts\/19984","targetHints":{"allow":["GET"]}}],"collection":[{"href":"https:\/\/voyage-aventure.com\/blog\/wp-json\/wp\/v2\/posts"}],"about":[{"href":"https:\/\/voyage-aventure.com\/blog\/wp-json\/wp\/v2\/types\/post"}],"author":[{"embeddable":true,"href":"https:\/\/voyage-aventure.com\/blog\/wp-json\/wp\/v2\/users\/34"}],"replies":[{"embeddable":true,"href":"https:\/\/voyage-aventure.com\/blog\/wp-json\/wp\/v2\/comments?post=19984"}],"version-history":[{"count":0,"href":"https:\/\/voyage-aventure.com\/blog\/wp-json\/wp\/v2\/posts\/19984\/revisions"}],"wp:featuredmedia":[{"embeddable":true,"href":"https:\/\/voyage-aventure.com\/blog\/wp-json\/wp\/v2\/media\/20202"}],"wp:attachment":[{"href":"https:\/\/voyage-aventure.com\/blog\/wp-json\/wp\/v2\/media?parent=19984"}],"wp:term":[{"taxonomy":"category","embeddable":true,"href":"https:\/\/voyage-aventure.com\/blog\/wp-json\/wp\/v2\/categories?post=19984"},{"taxonomy":"post_tag","embeddable":true,"href":"https:\/\/voyage-aventure.com\/blog\/wp-json\/wp\/v2\/tags?post=19984"}],"curies":[{"name":"wp","href":"https:\/\/api.w.org\/{rel}","templated":true}]}}